{"id":164383,"date":"2020-10-05T16:18:35","date_gmt":"2020-10-05T14:18:35","guid":{"rendered":"https:\/\/www.radiopiu.net\/wordpress\/?p=164383"},"modified":"2020-10-05T16:18:35","modified_gmt":"2020-10-05T14:18:35","slug":"scarso-organico-negli-ospedali-bellunesi-la-lega-invita-il-sindaco-di-belluno-a-farsi-da-portavoce-dei-problemi","status":"publish","type":"post","link":"https:\/\/www.radiopiu.net\/wordpress\/scarso-organico-negli-ospedali-bellunesi-la-lega-invita-il-sindaco-di-belluno-a-farsi-da-portavoce-dei-problemi\/","title":{"rendered":"SCARSO ORGANICO NEGLI OSPEDALI BELLUNESI: LA LEGA INVITA IL SINDACO DI BELLUNO A FARSI DA PORTAVOCE DEI PROBLEMI"},"content":{"rendered":"<p><strong><a class=\"dt-pswp-item\" href=\"https:\/\/www.radiopiu.net\/wordpress\/wp-content\/uploads\/2015\/10\/Entrata-Agordo-300x225.jpg\" data-dt-img-description=\"\" data-large_image_width=\"300\" data-large_image_height=\"225\"><img loading=\"lazy\" decoding=\"async\" class=\" wp-image-11952 alignleft\" src=\"https:\/\/www.radiopiu.net\/wordpress\/wp-content\/uploads\/2015\/10\/Entrata-Agordo-300x225-300x225.jpg\" alt=\"\" width=\"355\" height=\"266\" \/><\/a>BELLUNO<\/strong> La Lega Citt\u00e0 di Belluno con i rappresentanti Paolo Luciani e Luciano Da Pian, dopo l&#8217;ultimo consiglio comunale, entrano in merito alla questione dello scarso organico negli ospedali della provincia. &#8220;<em>In generale viene lamentata la perdurante e crescente difficolt\u00e0 a ricoprire l&#8217;organico medico di tutto l&#8217;ospedale di Belluno e degli ospedali nodi di rete di Agordo e Pieve di Cadore. Chiediamo: dov&#8217;\u00e8 la novit\u00e0? Il tema \u00e8 ben noto negli effetti e nelle cause, tant&#8217;\u00e8 che il problema \u00e8 stato pi\u00f9 volte sollevato sin dal 2016 (carenza di ginecologi a Pieve) e la Regione Veneto ha infatti inserito possibili rimedi sia nella piattaforma di negoziato per l&#8217;autonomia regionale sia nella proposta di patto della salute condiviso dalla Conferenza delle regioni<\/em>&#8221; dicono Luciani e Da Pian. &#8220;<em>Chiediamo al Sindaco di farsi portavoce presso il governo affinch\u00e9 aumenti il numero di specialisti attraverso l&#8217;incremento del numero di accessi alle Scuole di specialit\u00e0, drammaticamente ridotto dai Governi degli ultimi 8 anni e solo a seguito dell&#8217;emergenza Covid 19 incrementato quest&#8217;anno e autorizzi una contrattazione regionale nella sanit\u00e0 e un riconoscimento economico per i medici che venissero a lavorare in territori disagiati, la montagna in primo luogo<\/em>&#8221; Ricordano inoltre che l&#8217;Ulss Dolomiti ha esperito tutti gli strumenti disponibili per assumere personale medico di molte specialit\u00e0, reiterando pi\u00f9 e pi\u00f9 volte bandi ed avvisi di ricerca, con esiti molto spesso insoddisfacenti. Pediatria, ginecologia, medici dell&#8217;urgenza-emergenza in primo luogo, per poi allargare le difficolt\u00e0 a oculistica, dermatologia, neurologia. Questi i reparti che segnalano con carenze i rappresentanti della Lega. &#8220;<em>Riteniamo doveroso ricordare che l&#8217;attivazione della UOC di chirurgia vascolare \u00e8 stata avviata con la delibera di indizione della procedura di selezione del Direttore il 24 settembre scorso, che sono state richieste le autorizzazioni ad assumere la conseguente \u00e9quipe di chirurghi vascolari, che la convenzione per la gestione della Neurochirurgia con l&#8217;Ulss 2 Marca Trevigiana \u00e8 attiva e la possibilit\u00e0 di estendere il range del servizio dipende dalla disponibilit\u00e0 di neurochirurghi nella UOC trevigiana. Quando il loro organico sar\u00e0 potenziato rispetto alla situazione attuale sar\u00e0 possibile incrementare l&#8217;offerta presso l&#8217;Hub bellunese comprendendo anche la neurochirurgia di urgenza e non solo il programmato &#8211; continuano Luciano e Da Pian &#8211; che la lamentata &#8220;riduzione di eccellenze e fughe di professionisti&#8221; dipende da una dinamica normale ed \u00e8 accentuata dalla ripresa delle assunzioni da parte delle regioni fino a poco tempo orsono in commissariamento ovvero da scelte riconducibili a motivazioni personali e pensionamenti, che i casi lamentati quali la partenza di un valido oculista specializzato in interventi di patologia pediatrica sono gi\u00e0 stati chiaramente motivati dall&#8217;interessato e non hanno a che fare con i motivi prospettati ed analoghe motivazioni personali sono alla base della scelta del primario di cardiologia, che la ventilata &#8220;strategia aziendale&#8221; incapace di vedere e valorizzare le competenze presenti in azienda non ha certo fondamento se non nella visione personale e del tutto soggettiva di alcuni operatori<\/em>&#8220;.<a class=\"dt-pswp-item\" href=\"https:\/\/www.radiopiu.net\/wordpress\/wp-content\/uploads\/2016\/01\/Ospedale_San_Martino_Belluno_2014.jpg\" data-dt-img-description=\"\" data-large_image_width=\"699\" data-large_image_height=\"376\"><img loading=\"lazy\" decoding=\"async\" class=\" wp-image-15416 alignright\" src=\"https:\/\/www.radiopiu.net\/wordpress\/wp-content\/uploads\/2016\/01\/Ospedale_San_Martino_Belluno_2014-300x161.jpg\" alt=\"\" width=\"440\" height=\"236\" \/><\/a> La Lega Citt\u00e0 di Belluno invita dunque il Sindaco Jacopo Massaro, nel suo ruolo di presidente della conferenza dei sindaci, che si adoperasse affinch\u00e9 le energie politiche dell&#8217;area montana si focalizzassero sempre pi\u00f9 per creare situazioni ambientali locali favorevoli per la permanenza di medici e personale sanitario. &#8220;<em>Su questi temi la Lega c&#8217;\u00e8 nella convinzione che la nostra sanit\u00e0 comunque \u00e8 d&#8217;eccellenza e che solo con una sempre pi\u00f9 stretta collaborazione con la Regione Veneto, e non nel perseguire sterili polemiche, si potranno trovare quelle risposte utili ad essere sempre pi\u00f9 vicini ai bisogni della nostra comunit\u00e0<\/em>&#8221; concludono Luciani e Da Pian<\/p>\n","protected":false},"excerpt":{"rendered":"<p>BELLUNO La Lega Citt\u00e0 di Belluno con i rappresentanti Paolo Luciani e Luciano Da Pian, dopo l&#8217;ultimo consiglio comunale, entrano in merito alla questione dello scarso organico negli ospedali della provincia. &#8220;In generale viene lamentata la perdurante e crescente difficolt\u00e0 a ricoprire l&#8217;organico medico di tutto l&#8217;ospedale di Belluno e degli ospedali nodi di rete&hellip;<\/p>\n","protected":false},"author":4,"featured_media":0,"comment_status":"closed","ping_status":"closed","sticky":false,"template":"","format":"standard","meta":{"_monsterinsights_skip_tracking":false,"_monsterinsights_sitenote_active":false,"_monsterinsights_sitenote_note":"","_monsterinsights_sitenote_category":0,"footnotes":""},"categories":[49],"tags":[],"class_list":["post-164383","post","type-post","status-publish","format-standard","hentry","category-news-18","category-49","description-off"],"img_url":false,"_links":{"self":[{"href":"https:\/\/www.radiopiu.net\/wordpress\/wp-json\/wp\/v2\/posts\/164383","targetHints":{"allow":["GET"]}}],"collection":[{"href":"https:\/\/www.radiopiu.net\/wordpress\/wp-json\/wp\/v2\/posts"}],"about":[{"href":"https:\/\/www.radiopiu.net\/wordpress\/wp-json\/wp\/v2\/types\/post"}],"author":[{"embeddable":true,"href":"https:\/\/www.radiopiu.net\/wordpress\/wp-json\/wp\/v2\/users\/4"}],"replies":[{"embeddable":true,"href":"https:\/\/www.radiopiu.net\/wordpress\/wp-json\/wp\/v2\/comments?post=164383"}],"version-history":[{"count":0,"href":"https:\/\/www.radiopiu.net\/wordpress\/wp-json\/wp\/v2\/posts\/164383\/revisions"}],"wp:attachment":[{"href":"https:\/\/www.radiopiu.net\/wordpress\/wp-json\/wp\/v2\/media?parent=164383"}],"wp:term":[{"taxonomy":"category","embeddable":true,"href":"https:\/\/www.radiopiu.net\/wordpress\/wp-json\/wp\/v2\/categories?post=164383"},{"taxonomy":"post_tag","embeddable":true,"href":"https:\/\/www.radiopiu.net\/wordpress\/wp-json\/wp\/v2\/tags?post=164383"}],"curies":[{"name":"wp","href":"https:\/\/api.w.org\/{rel}","templated":true}]}}