{"id":164461,"date":"2020-10-06T05:17:51","date_gmt":"2020-10-06T03:17:51","guid":{"rendered":"https:\/\/www.radiopiu.net\/wordpress\/?p=164461"},"modified":"2020-10-06T05:33:31","modified_gmt":"2020-10-06T03:33:31","slug":"covid-a-belluno-un-decesso-isolato-un-militare-23-persone-in-ospedale-in-un-giorno-32-positivi-6-in-comelico-4-in-casa-di-riposo","status":"publish","type":"post","link":"https:\/\/www.radiopiu.net\/wordpress\/covid-a-belluno-un-decesso-isolato-un-militare-23-persone-in-ospedale-in-un-giorno-32-positivi-6-in-comelico-4-in-casa-di-riposo\/","title":{"rendered":"COVID A BELLUNO: UN DECESSO,  ISOLATO UN MILITARE, 23 PERSONE IN OSPEDALE IN UN GIORNO 32 POSITIVI, 6 IN COMELICO, 4 IN CASA DI RIPOSO"},"content":{"rendered":"<p><span style=\"color: #ff0000;\">INFETTO IL CAPORAL MAGGIORE\u00a0 DELLA CASERMA SALSA &#8211; SETTIMO ALPINI-\u00a0 20 MILITARI IN QUARANTENA, OGGI TAMPONE PER TUTTI.\u00a0 18 I POSITIVI NELLA RESIDENZA PER ANZIANI DI CORTINA D&#8217;AMPEZZO. A BELLUNO 115ESIMO DECESSO PER COVID, MUORE STORICO COMMERCIANTE DI SANTO STEFANO DI CADORE, IERI AVREBBE COMPIUTO 74 ANNI. AL SAN MARTINO RADDOPPIA IL NUMERO DEI RICOVERI. 875 I BELLUNESI IN ISOLAMENTO (COME A PRIMAVERA), 242 SECONDO AZIENDA ZERO IL NUMERO DEI CONTAGIATI.<\/span><\/p>\n<blockquote>\n<h3>COVID A BELLUNO: UN DECESSO, ISOLATO UN MILITARE, 23 PERSONE IN OSPEDALE,\u00a0 IN UN GIORNO 32 POSITIVI 6 IN COMELICO E 4 IN CASA DI RIPOSO<\/h3>\n<\/blockquote>\n<p align=\"JUSTIFY\"><strong><a class=\"dt-pswp-item\" href=\"https:\/\/www.radiopiu.net\/wordpress\/wp-content\/uploads\/2020\/09\/corona-aggiornamenti-copia.jpg\" data-dt-img-description=\"\" data-large_image_width=\"626\" data-large_image_height=\"417\"><img loading=\"lazy\" decoding=\"async\" class=\"size-medium wp-image-158956 alignleft\" src=\"https:\/\/www.radiopiu.net\/wordpress\/wp-content\/uploads\/2020\/09\/corona-aggiornamenti-copia-300x200.jpg\" alt=\"\" width=\"300\" height=\"200\" srcset=\"https:\/\/www.radiopiu.net\/wordpress\/wp-content\/uploads\/2020\/09\/corona-aggiornamenti-copia-300x200.jpg 300w, https:\/\/www.radiopiu.net\/wordpress\/wp-content\/uploads\/2020\/09\/corona-aggiornamenti-copia.jpg 626w\" sizes=\"auto, (max-width: 300px) 100vw, 300px\" \/><\/a>BELLUNO<\/strong> La curva dei contagi sale ancora, 32 nuove positivit\u00e0 di cui 6 riferite al focolaio che interessa i comuni del Comelico e 4\u00a0 in\u00a0 casa di riposo a Cortina,\u00a0 per la gran parte di stratta come nei giorni scorsi di maturazione di positivit\u00e0 in soggetti gi\u00e0 sottoposti a quarantena in quanto contatti di caso. A seguito di una positivit\u00e0 riscontrata in un militare di una caserma del nostro territorio, il soggetto \u00e8 stato isolato come da protocollo. I contatti stretti dello stesso saranno oggi sottoposti a tampone. Le persone attualmente ricoverate in Malattie Infettive al San Martino di Belluno sono 23.<\/p>\n<p align=\"JUSTIFY\"><span style=\"font-size: medium;\"><b>Decesso<\/b> Domenica sera \u00e8 morto Alberto Pomar\u00e8, <\/span><span style=\"font-family: Times New Roman, serif;\"><span style=\"font-size: medium;\"><span style=\"font-family: Calibri, serif;\">\u00a0paziente COVID positivo di\u00a0 74 anni, era ricoverato al San Martino Belluno e residente in Ulss Dolomiti \u00e8 deceduto. Le cause ultime del decesso saranno definite, come da protocollo, dall\u2019Istituto Superiore di Sanit\u00e0.<\/span><\/span><\/span><\/p>\n","protected":false},"excerpt":{"rendered":"<p>INFETTO IL CAPORAL MAGGIORE\u00a0 DELLA CASERMA SALSA &#8211; SETTIMO ALPINI-\u00a0 20 MILITARI IN QUARANTENA, OGGI TAMPONE PER TUTTI.\u00a0 18 I POSITIVI NELLA RESIDENZA PER ANZIANI DI CORTINA D&#8217;AMPEZZO. A BELLUNO 115ESIMO DECESSO PER COVID, MUORE STORICO COMMERCIANTE DI SANTO STEFANO DI CADORE, IERI AVREBBE COMPIUTO 74 ANNI. AL SAN MARTINO RADDOPPIA IL NUMERO DEI RICOVERI.&hellip;<\/p>\n","protected":false},"author":4,"featured_media":121260,"comment_status":"closed","ping_status":"closed","sticky":false,"template":"","format":"standard","meta":{"_monsterinsights_skip_tracking":false,"_monsterinsights_sitenote_active":false,"_monsterinsights_sitenote_note":"","_monsterinsights_sitenote_category":0,"footnotes":""},"categories":[51,49],"tags":[],"class_list":["post-164461","post","type-post","status-publish","format-standard","has-post-thumbnail","hentry","category-evidenza-top","category-news-18","category-51","category-49","description-off"],"img_url":"https:\/\/www.radiopiu.net\/wordpress\/wp-content\/uploads\/2020\/03\/covid-ulss.jpg","_links":{"self":[{"href":"https:\/\/www.radiopiu.net\/wordpress\/wp-json\/wp\/v2\/posts\/164461","targetHints":{"allow":["GET"]}}],"collection":[{"href":"https:\/\/www.radiopiu.net\/wordpress\/wp-json\/wp\/v2\/posts"}],"about":[{"href":"https:\/\/www.radiopiu.net\/wordpress\/wp-json\/wp\/v2\/types\/post"}],"author":[{"embeddable":true,"href":"https:\/\/www.radiopiu.net\/wordpress\/wp-json\/wp\/v2\/users\/4"}],"replies":[{"embeddable":true,"href":"https:\/\/www.radiopiu.net\/wordpress\/wp-json\/wp\/v2\/comments?post=164461"}],"version-history":[{"count":0,"href":"https:\/\/www.radiopiu.net\/wordpress\/wp-json\/wp\/v2\/posts\/164461\/revisions"}],"wp:featuredmedia":[{"embeddable":true,"href":"https:\/\/www.radiopiu.net\/wordpress\/wp-json\/wp\/v2\/media\/121260"}],"wp:attachment":[{"href":"https:\/\/www.radiopiu.net\/wordpress\/wp-json\/wp\/v2\/media?parent=164461"}],"wp:term":[{"taxonomy":"category","embeddable":true,"href":"https:\/\/www.radiopiu.net\/wordpress\/wp-json\/wp\/v2\/categories?post=164461"},{"taxonomy":"post_tag","embeddable":true,"href":"https:\/\/www.radiopiu.net\/wordpress\/wp-json\/wp\/v2\/tags?post=164461"}],"curies":[{"name":"wp","href":"https:\/\/api.w.org\/{rel}","templated":true}]}}