{"id":164563,"date":"2020-10-06T11:32:09","date_gmt":"2020-10-06T09:32:09","guid":{"rendered":"https:\/\/www.radiopiu.net\/wordpress\/?p=164563"},"modified":"2020-10-06T11:34:15","modified_gmt":"2020-10-06T09:34:15","slug":"le-nuove-tendenze-del-turismo-dormire-nel-vecchio-aereo","status":"publish","type":"post","link":"https:\/\/www.radiopiu.net\/wordpress\/le-nuove-tendenze-del-turismo-dormire-nel-vecchio-aereo\/","title":{"rendered":"LE NUOVE TENDENZE DEL TURISMO, DORMIRE NEL VECCHIO AEREO"},"content":{"rendered":"<p><strong><a class=\"dt-pswp-item\" href=\"https:\/\/www.radiopiu.net\/wordpress\/wp-content\/uploads\/2020\/10\/vintage-aircraft-2384667_960_720.jpg\" data-dt-img-description=\"\" data-large_image_width=\"960\" data-large_image_height=\"640\"><img loading=\"lazy\" decoding=\"async\" class=\"size-medium wp-image-164564 alignleft\" src=\"https:\/\/www.radiopiu.net\/wordpress\/wp-content\/uploads\/2020\/10\/vintage-aircraft-2384667_960_720-300x200.jpg\" alt=\"\" width=\"300\" height=\"200\" srcset=\"https:\/\/www.radiopiu.net\/wordpress\/wp-content\/uploads\/2020\/10\/vintage-aircraft-2384667_960_720-300x200.jpg 300w, https:\/\/www.radiopiu.net\/wordpress\/wp-content\/uploads\/2020\/10\/vintage-aircraft-2384667_960_720-768x512.jpg 768w, https:\/\/www.radiopiu.net\/wordpress\/wp-content\/uploads\/2020\/10\/vintage-aircraft-2384667_960_720.jpg 960w\" sizes=\"auto, (max-width: 300px) 100vw, 300px\" \/><\/a>BELLUNO<\/strong> Originale proposta di Belluno Alpina per rilanciare la ricettivit\u00e0 del comprensorio: dormire all&#8217;interno di mezzi di trasporto dismessi e trasformati in strutture ricettive: una moda che sta sempre pi\u00f9 prendendo piede, anche a Belluno dove \u00e8 presente un tradizionale London Bus a due piani trasformato in alloggio di lusso, e che l&#8217;associazione Belluno Alpina vorrebbe portare anche nel comprensorio Quantin-Nevegal-Ronce-Valmorel.<br \/>\n<em>\u201cSiamo in contatto con un&#8217;azienda che sta cercando 2000 metri di terreno dove poter alloggiare un vecchio aereo storico della compagnia postale francese, un Fokker 27 del 1968, che verrebbe trasformato in una struttura ricettiva con due camere\u201d, spiega il vicepresidente Rodolfo De Min. \u201cSi tratterebbe di un recupero ecologico, visto che il mezzo verrebbe semplicemente poggiato sul terreno e troverebbe una nuova vita come parte del sistema turistico cosiddetto \u201cesperienziale\u201d che grande successo sta trovando in questi tempi soprattutto tra i turisti stranieri\u201d. <\/em>Il mezzo \u00e8 gi\u00e0 disponibile e pronto per il trasporto, che sar\u00e0 a carico dell&#8217;azienda, come il posizionamento e la gestione. Attorno all&#8217;aereo troverebbero poi spazio aiuole, alberi e un parco giochi per le famiglie ospitate, riducendo cos\u00ec anche l&#8217;impatto ambientale e visivo; l&#8217;azienda che sta portando avanti la proposta, e che gi\u00e0 gestisce quattro location extra-alberghiere in tutta Italia, stima un&#8217;occupazione della struttura tra i 250 e i 300 giorni all&#8217;anno per un totale di 800\/1000 visitatori.<br \/>\n<em>\u201cSi tratterebbe di un&#8217;offerta a costo zero e totalmente nuova per il nostro territorio e per il territorio italiano: simili proposta si trovano in Svezia, in Olanda e addirittura in Costa Rica\u201d, conclude De Min. \u201c\u00c8 un&#8217;occasione unica e credo che tutti quelli che vogliono rilanciare la ricettivit\u00e0 e l&#8217;economia del nostro comprensorio dovrebbero impegnarsi per portare a casa questa proposta che ci permetterebbe di attirare questo nuovo tipo di turismo, moderno ed internazionale\u201d.<\/em><\/p>\n<p><span style=\"color: #ff0000;\">FOTO ARCHIVIO PIXABAY_RADIO PIU<\/span><\/p>\n","protected":false},"excerpt":{"rendered":"<p>BELLUNO Originale proposta di Belluno Alpina per rilanciare la ricettivit\u00e0 del comprensorio: dormire all&#8217;interno di mezzi di trasporto dismessi e trasformati in strutture ricettive: una moda che sta sempre pi\u00f9 prendendo piede, anche a Belluno dove \u00e8 presente un tradizionale London Bus a due piani trasformato in alloggio di lusso, e che l&#8217;associazione Belluno Alpina&hellip;<\/p>\n","protected":false},"author":4,"featured_media":164564,"comment_status":"closed","ping_status":"closed","sticky":false,"template":"","format":"standard","meta":{"_monsterinsights_skip_tracking":false,"_monsterinsights_sitenote_active":false,"_monsterinsights_sitenote_note":"","_monsterinsights_sitenote_category":0,"footnotes":""},"categories":[51,49],"tags":[],"class_list":["post-164563","post","type-post","status-publish","format-standard","has-post-thumbnail","hentry","category-evidenza-top","category-news-18","category-51","category-49","description-off"],"img_url":"https:\/\/www.radiopiu.net\/wordpress\/wp-content\/uploads\/2020\/10\/vintage-aircraft-2384667_960_720.jpg","_links":{"self":[{"href":"https:\/\/www.radiopiu.net\/wordpress\/wp-json\/wp\/v2\/posts\/164563","targetHints":{"allow":["GET"]}}],"collection":[{"href":"https:\/\/www.radiopiu.net\/wordpress\/wp-json\/wp\/v2\/posts"}],"about":[{"href":"https:\/\/www.radiopiu.net\/wordpress\/wp-json\/wp\/v2\/types\/post"}],"author":[{"embeddable":true,"href":"https:\/\/www.radiopiu.net\/wordpress\/wp-json\/wp\/v2\/users\/4"}],"replies":[{"embeddable":true,"href":"https:\/\/www.radiopiu.net\/wordpress\/wp-json\/wp\/v2\/comments?post=164563"}],"version-history":[{"count":0,"href":"https:\/\/www.radiopiu.net\/wordpress\/wp-json\/wp\/v2\/posts\/164563\/revisions"}],"wp:featuredmedia":[{"embeddable":true,"href":"https:\/\/www.radiopiu.net\/wordpress\/wp-json\/wp\/v2\/media\/164564"}],"wp:attachment":[{"href":"https:\/\/www.radiopiu.net\/wordpress\/wp-json\/wp\/v2\/media?parent=164563"}],"wp:term":[{"taxonomy":"category","embeddable":true,"href":"https:\/\/www.radiopiu.net\/wordpress\/wp-json\/wp\/v2\/categories?post=164563"},{"taxonomy":"post_tag","embeddable":true,"href":"https:\/\/www.radiopiu.net\/wordpress\/wp-json\/wp\/v2\/tags?post=164563"}],"curies":[{"name":"wp","href":"https:\/\/api.w.org\/{rel}","templated":true}]}}