{"id":164586,"date":"2020-10-06T14:28:20","date_gmt":"2020-10-06T12:28:20","guid":{"rendered":"https:\/\/www.radiopiu.net\/wordpress\/?p=164586"},"modified":"2020-10-06T14:28:20","modified_gmt":"2020-10-06T12:28:20","slug":"cisl-veneto-cinzia-bonan-nella-segreteria-regionale","status":"publish","type":"post","link":"https:\/\/www.radiopiu.net\/wordpress\/cisl-veneto-cinzia-bonan-nella-segreteria-regionale\/","title":{"rendered":"CISL VENETO, CINZIA BONAN NELLA SEGRETERIA REGIONALE\u00a0"},"content":{"rendered":"<blockquote>\n<h3><\/h3>\n<\/blockquote>\n<p><strong><a class=\"dt-pswp-item\" href=\"https:\/\/www.radiopiu.net\/wordpress\/wp-content\/uploads\/2018\/09\/cinzia-bonan-cisl-treviso1_large.jpg\" data-dt-img-description=\"\" data-large_image_width=\"300\" data-large_image_height=\"239\"><img loading=\"lazy\" decoding=\"async\" class=\"wp-image-59770 alignleft\" src=\"https:\/\/www.radiopiu.net\/wordpress\/wp-content\/uploads\/2018\/09\/cinzia-bonan-cisl-treviso1_large-300x239.jpg\" alt=\"\" width=\"154\" height=\"123\" \/><\/a>BELLUNO<\/strong> Il Consiglio generale della Cisl del Veneto ha eletto Cinzia Bonan quale componente la Segreteria regionale in sostituzione di Anna Orsini. La sua candidatura \u00e8 stata presentata dal Segretario generale Gianfranco Refosco dopo una ampia consultazione. Classe 66, originaria di Casale sul Sile (TV), Cinzia Bonan nei primi anni \u201880 comincia a lavorare nel settore turistico. L\u2019incontro con il sindacato avviene, nel 1993, da responsabile della azienda che gestisce la ristorazione collettiva dell\u2019Ospedale Ca&#8217; Foncello di Treviso, dove viene eletta rappresentante sindacale dei lavoratori.\u00a0 Nel 1999 \u00e8 operatrice sindacale a tempo pieno per la Fisascat, federazione del commercio e turismo di Treviso, di cui sar\u00e0 anche responsabile della formazione e, successivamente, componente di Segreteria. Nel 2008 \u00e8 eletta nella Segreteria della Unione territoriale di Treviso e poi, nel 2013, della neo unificata Cisl interprovinciale di Belluno Treviso. Nel 2017 ne diventa segretaria generale, carica che ha ricoperto fino ad oggi.<\/p>\n","protected":false},"excerpt":{"rendered":"<p>BELLUNO Il Consiglio generale della Cisl del Veneto ha eletto Cinzia Bonan quale componente la Segreteria regionale in sostituzione di Anna Orsini. La sua candidatura \u00e8 stata presentata dal Segretario generale Gianfranco Refosco dopo una ampia consultazione. Classe 66, originaria di Casale sul Sile (TV), Cinzia Bonan nei primi anni \u201880 comincia a lavorare nel&hellip;<\/p>\n","protected":false},"author":4,"featured_media":59770,"comment_status":"closed","ping_status":"closed","sticky":false,"template":"","format":"standard","meta":{"_monsterinsights_skip_tracking":false,"_monsterinsights_sitenote_active":false,"_monsterinsights_sitenote_note":"","_monsterinsights_sitenote_category":0,"footnotes":""},"categories":[49],"tags":[],"class_list":["post-164586","post","type-post","status-publish","format-standard","has-post-thumbnail","hentry","category-news-18","category-49","description-off"],"img_url":"https:\/\/www.radiopiu.net\/wordpress\/wp-content\/uploads\/2018\/09\/cinzia-bonan-cisl-treviso1_large.jpg","_links":{"self":[{"href":"https:\/\/www.radiopiu.net\/wordpress\/wp-json\/wp\/v2\/posts\/164586","targetHints":{"allow":["GET"]}}],"collection":[{"href":"https:\/\/www.radiopiu.net\/wordpress\/wp-json\/wp\/v2\/posts"}],"about":[{"href":"https:\/\/www.radiopiu.net\/wordpress\/wp-json\/wp\/v2\/types\/post"}],"author":[{"embeddable":true,"href":"https:\/\/www.radiopiu.net\/wordpress\/wp-json\/wp\/v2\/users\/4"}],"replies":[{"embeddable":true,"href":"https:\/\/www.radiopiu.net\/wordpress\/wp-json\/wp\/v2\/comments?post=164586"}],"version-history":[{"count":0,"href":"https:\/\/www.radiopiu.net\/wordpress\/wp-json\/wp\/v2\/posts\/164586\/revisions"}],"wp:featuredmedia":[{"embeddable":true,"href":"https:\/\/www.radiopiu.net\/wordpress\/wp-json\/wp\/v2\/media\/59770"}],"wp:attachment":[{"href":"https:\/\/www.radiopiu.net\/wordpress\/wp-json\/wp\/v2\/media?parent=164586"}],"wp:term":[{"taxonomy":"category","embeddable":true,"href":"https:\/\/www.radiopiu.net\/wordpress\/wp-json\/wp\/v2\/categories?post=164586"},{"taxonomy":"post_tag","embeddable":true,"href":"https:\/\/www.radiopiu.net\/wordpress\/wp-json\/wp\/v2\/tags?post=164586"}],"curies":[{"name":"wp","href":"https:\/\/api.w.org\/{rel}","templated":true}]}}