{"id":164604,"date":"2020-10-06T15:59:51","date_gmt":"2020-10-06T13:59:51","guid":{"rendered":"https:\/\/www.radiopiu.net\/wordpress\/?p=164604"},"modified":"2020-10-06T15:59:51","modified_gmt":"2020-10-06T13:59:51","slug":"belluno-in-vigore-lordinanza-antismog-deroga-anche-per-chi-assiste-persone-in-isolamento-covid","status":"publish","type":"post","link":"https:\/\/www.radiopiu.net\/wordpress\/belluno-in-vigore-lordinanza-antismog-deroga-anche-per-chi-assiste-persone-in-isolamento-covid\/","title":{"rendered":"BELLUNO: IN VIGORE L&#8217;ORDINANZA ANTISMOG. DEROGA ANCHE PER CHI ASSISTE PERSONE IN ISOLAMENTO COVID"},"content":{"rendered":"<p><strong><a class=\"dt-pswp-item\" href=\"https:\/\/www.radiopiu.net\/wordpress\/wp-content\/uploads\/2020\/10\/Mappa-corridoi-scaled.jpg\" data-dt-img-description=\"\" data-large_image_width=\"2560\" data-large_image_height=\"1798\"><img loading=\"lazy\" decoding=\"async\" class=\"size-medium wp-image-164609 alignleft\" src=\"https:\/\/www.radiopiu.net\/wordpress\/wp-content\/uploads\/2020\/10\/Mappa-corridoi-300x211.jpg\" alt=\"\" width=\"300\" height=\"211\" srcset=\"https:\/\/www.radiopiu.net\/wordpress\/wp-content\/uploads\/2020\/10\/Mappa-corridoi-300x211.jpg 300w, https:\/\/www.radiopiu.net\/wordpress\/wp-content\/uploads\/2020\/10\/Mappa-corridoi-1024x719.jpg 1024w, https:\/\/www.radiopiu.net\/wordpress\/wp-content\/uploads\/2020\/10\/Mappa-corridoi-768x539.jpg 768w, https:\/\/www.radiopiu.net\/wordpress\/wp-content\/uploads\/2020\/10\/Mappa-corridoi-1536x1079.jpg 1536w, https:\/\/www.radiopiu.net\/wordpress\/wp-content\/uploads\/2020\/10\/Mappa-corridoi-2048x1438.jpg 2048w\" sizes=\"auto, (max-width: 300px) 100vw, 300px\" \/><\/a>BELLUNO\u00a0<\/strong>Torna in vigore l&#8217;ordinanza \u201cantismog\u201d in rispetto dell\u2019accordo tra Ministero dell\u2019Ambiente e le regioni del bacino padano, fino a sabato 31 dicembre per quanto riguarda il traffico veicolare e fino a mercoled\u00ec 31 marzo 2021 per l&#8217;utilizzo delle stufe.\u00a0<strong>Traffico veicolare:\u00a0<\/strong>Nessuna modifica per quanto riguarda le categorie: le limitazioni con livello di \u201callerta verde\u201d \u2013 equivalente a \u201cnessuna allerta\u201d &#8211; riguardano i veicoli Euro 0 e 1 a benzina, quelli diesel fino\u00a0 ad Euro 3 e motocicli e ciclomotori immatricolati prima del primo gennaio 2000; dopo quattro giorni di superamento del limite di PM10, scatter\u00e0 il livello di \u201callerta arancione\u201d, con il blocco anche degli Euro 4 diesel privati, mentre con il decimo giorno di superamento si salir\u00e0 al livello di \u201callerta rossa\u201d, con lo stop \u2013 tra le 8.30 e le 12.30 &#8211; anche per i veicoli commerciali Euro 4 diesel.\u00a0Le limitazioni per l&#8217;allerta verde sono in vigore dal luned\u00ec al venerd\u00ec dalle 8.30 alle 18.30, mentre in caso di allerta arancio sono estese con identico orario anche al sabato e alla domenica. Solo in caso di allerta rossa, le restrizioni saranno prolungate anche nelle giornate dal 21 al 31 dicembre.\u00a0Invariata la zona interessata dall&#8217;ordinanza, cos\u00ec come i \u201ccorridoi di libera circolazione\u201d che consentiranno agli automobilisti del capoluogo e da fuori comune di attraversare la citt\u00e0 e di raggiungere i parcheggi pubblici o la stazione ferroviaria senza infrangere i divieti.\u00a0<strong>Deroghe:\u00a0<\/strong>Sono previste diverse deroghe per tipo di veicolo, di utilizzatore, per scopo del viaggio e per diversi altri aspetti.\u00a0Novit\u00e0 di quest&#8217;anno \u00e8 la deroga per i veicoli condotti da chi effettua assistenza ai soggetti in isolamento domiciliare fiduciario per il\u00a0Covid-19; confermate poi le deroghe degli scorsi anni, come quella per i veicoli che trasportano bambini e ragazzi agli istituti scolastici (dagli asili nido alla scuola secondaria di primo grado) mezz&#8217;ora prima e dopo gli orari di inizio e fine lezione, e quella per i veicoli di potenza pari o inferiore agli 80 kW condotti da persone con almeno 70 anni.\u00a0<strong>Fuochi e stufe:\u00a0<\/strong>Confermate invece per l&#8217;intero periodo ottobre 2020-marzo 2021 le limitazioni per l&#8217;uso delle stufe, per l&#8217;accensione di fuochi all&#8217;aperto e per lo spargimento liquami.\u00a0Con allerta verde, scatta il divieto di combustione all&#8217;aperto di materiale vegetale; la temperatura media delle abitazioni potr\u00e0 essere di 19 gradi (con tolleranza di 2 gradi), mentre nelle attivit\u00e0 artigianali e industriali di 17 (sempre con tolleranza 2 gradi). \u00c8 vietato l&#8217;utilizzo di stufe con classe di prestazione inferiore alle 3 stelle.\u00a0In caso di allerta arancio, scatter\u00e0 anche il divieto di spargimento liquami e verranno anche vietati fal\u00f2, barbecue e fuochi d&#8217;artificio; saranno possibili deroghe \u2013 ad esempio per fal\u00f2 tradizionali \u2013 solo dietro preventiva comunicazione al Sindaco.\u00a0Con l&#8217;allerta rossa, i \u201cgeneratori di calore a biomassa\u201d potranno essere utilizzati solo se di classe non inferiore alle 4 stelle.<\/p>\n<h3>L&#8217;ASSESSORE ALL&#8217;AMBIENTE DEL COMUNE DI BELLUNO ALBERTO SIMIELE<\/h3>\n<audio class=\"wp-audio-shortcode\" id=\"audio-164604-1\" preload=\"none\" style=\"width: 100%;\" controls=\"controls\"><source type=\"audio\/mpeg\" src=\"https:\/\/www.radiopiu.net\/wordpress\/wp-content\/uploads\/2020\/10\/Simiele-Ordinanza-antismog-inverno-2020.mp3?_=1\" \/><a href=\"https:\/\/www.radiopiu.net\/wordpress\/wp-content\/uploads\/2020\/10\/Simiele-Ordinanza-antismog-inverno-2020.mp3\">https:\/\/www.radiopiu.net\/wordpress\/wp-content\/uploads\/2020\/10\/Simiele-Ordinanza-antismog-inverno-2020.mp3<\/a><\/audio>\n","protected":false},"excerpt":{"rendered":"<p>BELLUNO\u00a0Torna in vigore l&#8217;ordinanza \u201cantismog\u201d in rispetto dell\u2019accordo tra Ministero dell\u2019Ambiente e le regioni del bacino padano, fino a sabato 31 dicembre per quanto riguarda il traffico veicolare e fino a mercoled\u00ec 31 marzo 2021 per l&#8217;utilizzo delle stufe.\u00a0Traffico veicolare:\u00a0Nessuna modifica per quanto riguarda le categorie: le limitazioni con livello di \u201callerta verde\u201d \u2013 equivalente&hellip;<\/p>\n","protected":false},"author":4,"featured_media":164611,"comment_status":"closed","ping_status":"closed","sticky":false,"template":"","format":"standard","meta":{"_monsterinsights_skip_tracking":false,"_monsterinsights_sitenote_active":false,"_monsterinsights_sitenote_note":"","_monsterinsights_sitenote_category":0,"footnotes":""},"categories":[49],"tags":[],"class_list":["post-164604","post","type-post","status-publish","format-standard","has-post-thumbnail","hentry","category-news-18","category-49","description-off"],"img_url":"https:\/\/www.radiopiu.net\/wordpress\/wp-content\/uploads\/2020\/10\/SCARICO-AUTO.jpg","_links":{"self":[{"href":"https:\/\/www.radiopiu.net\/wordpress\/wp-json\/wp\/v2\/posts\/164604","targetHints":{"allow":["GET"]}}],"collection":[{"href":"https:\/\/www.radiopiu.net\/wordpress\/wp-json\/wp\/v2\/posts"}],"about":[{"href":"https:\/\/www.radiopiu.net\/wordpress\/wp-json\/wp\/v2\/types\/post"}],"author":[{"embeddable":true,"href":"https:\/\/www.radiopiu.net\/wordpress\/wp-json\/wp\/v2\/users\/4"}],"replies":[{"embeddable":true,"href":"https:\/\/www.radiopiu.net\/wordpress\/wp-json\/wp\/v2\/comments?post=164604"}],"version-history":[{"count":0,"href":"https:\/\/www.radiopiu.net\/wordpress\/wp-json\/wp\/v2\/posts\/164604\/revisions"}],"wp:featuredmedia":[{"embeddable":true,"href":"https:\/\/www.radiopiu.net\/wordpress\/wp-json\/wp\/v2\/media\/164611"}],"wp:attachment":[{"href":"https:\/\/www.radiopiu.net\/wordpress\/wp-json\/wp\/v2\/media?parent=164604"}],"wp:term":[{"taxonomy":"category","embeddable":true,"href":"https:\/\/www.radiopiu.net\/wordpress\/wp-json\/wp\/v2\/categories?post=164604"},{"taxonomy":"post_tag","embeddable":true,"href":"https:\/\/www.radiopiu.net\/wordpress\/wp-json\/wp\/v2\/tags?post=164604"}],"curies":[{"name":"wp","href":"https:\/\/api.w.org\/{rel}","templated":true}]}}