{"id":164615,"date":"2020-10-06T23:59:56","date_gmt":"2020-10-06T21:59:56","guid":{"rendered":"https:\/\/www.radiopiu.net\/wordpress\/?p=164615"},"modified":"2020-10-06T16:32:56","modified_gmt":"2020-10-06T14:32:56","slug":"dopo-il-mondiale-kart-a-lonato-del-garda-marco-tormen-si-prende-un-periodo-di-pausa","status":"publish","type":"post","link":"https:\/\/www.radiopiu.net\/wordpress\/dopo-il-mondiale-kart-a-lonato-del-garda-marco-tormen-si-prende-un-periodo-di-pausa\/","title":{"rendered":"DOPO IL MONDIALE KART A LONATO DEL GARDA, MARCO TORMEN SI PRENDE UN PERIODO DI PAUSA"},"content":{"rendered":"<p><strong><a class=\"dt-pswp-item\" href=\"https:\/\/www.radiopiu.net\/wordpress\/wp-content\/uploads\/2020\/10\/MARCO-TORMEN-MONDIALE-2020.jpg\" data-dt-img-description=\"\" data-large_image_width=\"1440\" data-large_image_height=\"1440\"><img loading=\"lazy\" decoding=\"async\" class=\"size-medium wp-image-164635 alignleft\" src=\"https:\/\/www.radiopiu.net\/wordpress\/wp-content\/uploads\/2020\/10\/MARCO-TORMEN-MONDIALE-2020-300x300.jpg\" alt=\"\" width=\"300\" height=\"300\" srcset=\"https:\/\/www.radiopiu.net\/wordpress\/wp-content\/uploads\/2020\/10\/MARCO-TORMEN-MONDIALE-2020-300x300.jpg 300w, https:\/\/www.radiopiu.net\/wordpress\/wp-content\/uploads\/2020\/10\/MARCO-TORMEN-MONDIALE-2020-1024x1024.jpg 1024w, https:\/\/www.radiopiu.net\/wordpress\/wp-content\/uploads\/2020\/10\/MARCO-TORMEN-MONDIALE-2020-150x150.jpg 150w, https:\/\/www.radiopiu.net\/wordpress\/wp-content\/uploads\/2020\/10\/MARCO-TORMEN-MONDIALE-2020-768x768.jpg 768w, https:\/\/www.radiopiu.net\/wordpress\/wp-content\/uploads\/2020\/10\/MARCO-TORMEN-MONDIALE-2020.jpg 1440w\" sizes=\"auto, (max-width: 300px) 100vw, 300px\" \/><\/a>VOLTAGO<\/strong> Il Mondiale FIA di Kart a Lonato Del Garda \u00e8 andato bene per il pilota di Voltago Marco Tormen. Il ragazzo Agordino si \u00e8 fatto valere nello scorso fine settimana. Dopo un sabato caratterizzato da un tempo perturbato, domenica \u00e8 riuscito a qualificarsi per la finalissima partendo dalla ventiduesima posizione in griglia. Una gara che ha visto Marco guadagnare posizione su posizione fino a concludere al dodicesimo posto assoluto e primo tra i piloti privati. Ora il meritato riposo con relativa riflessione sul da faresi nel 2021. Valutando naturalmente anche le proposte che arrivano dai vari team.<\/p>\n<p><em>(foto dal profilo Facebook ufficiale di Marco Tormen)<\/em><\/p>\n<p><strong>\u00a0<\/strong><\/p>\n<p><strong>\u00a0<\/strong><\/p>\n<p><strong>\u00a0<\/strong><\/p>\n<p><strong>MARCO TORMEN AL TERMINE DELLA GARA DI DOMENICA<\/strong><\/p>\n<audio class=\"wp-audio-shortcode\" id=\"audio-164615-1\" preload=\"none\" style=\"width: 100%;\" controls=\"controls\"><source type=\"audio\/mpeg\" src=\"https:\/\/www.radiopiu.net\/wordpress\/wp-content\/uploads\/2020\/10\/MARCO-TORMEN.mp3?_=1\" \/><a href=\"https:\/\/www.radiopiu.net\/wordpress\/wp-content\/uploads\/2020\/10\/MARCO-TORMEN.mp3\">https:\/\/www.radiopiu.net\/wordpress\/wp-content\/uploads\/2020\/10\/MARCO-TORMEN.mp3<\/a><\/audio>\n<p>&nbsp;<\/p>\n","protected":false},"excerpt":{"rendered":"<p>VOLTAGO Il Mondiale FIA di Kart a Lonato Del Garda \u00e8 andato bene per il pilota di Voltago Marco Tormen. Il ragazzo Agordino si \u00e8 fatto valere nello scorso fine settimana. Dopo un sabato caratterizzato da un tempo perturbato, domenica \u00e8 riuscito a qualificarsi per la finalissima partendo dalla ventiduesima posizione in griglia. Una gara&hellip;<\/p>\n","protected":false},"author":4,"featured_media":164635,"comment_status":"closed","ping_status":"closed","sticky":false,"template":"","format":"standard","meta":{"_monsterinsights_skip_tracking":false,"_monsterinsights_sitenote_active":false,"_monsterinsights_sitenote_note":"","_monsterinsights_sitenote_category":0,"footnotes":""},"categories":[49],"tags":[],"class_list":["post-164615","post","type-post","status-publish","format-standard","has-post-thumbnail","hentry","category-news-18","category-49","description-off"],"img_url":"https:\/\/www.radiopiu.net\/wordpress\/wp-content\/uploads\/2020\/10\/MARCO-TORMEN-MONDIALE-2020.jpg","_links":{"self":[{"href":"https:\/\/www.radiopiu.net\/wordpress\/wp-json\/wp\/v2\/posts\/164615","targetHints":{"allow":["GET"]}}],"collection":[{"href":"https:\/\/www.radiopiu.net\/wordpress\/wp-json\/wp\/v2\/posts"}],"about":[{"href":"https:\/\/www.radiopiu.net\/wordpress\/wp-json\/wp\/v2\/types\/post"}],"author":[{"embeddable":true,"href":"https:\/\/www.radiopiu.net\/wordpress\/wp-json\/wp\/v2\/users\/4"}],"replies":[{"embeddable":true,"href":"https:\/\/www.radiopiu.net\/wordpress\/wp-json\/wp\/v2\/comments?post=164615"}],"version-history":[{"count":0,"href":"https:\/\/www.radiopiu.net\/wordpress\/wp-json\/wp\/v2\/posts\/164615\/revisions"}],"wp:featuredmedia":[{"embeddable":true,"href":"https:\/\/www.radiopiu.net\/wordpress\/wp-json\/wp\/v2\/media\/164635"}],"wp:attachment":[{"href":"https:\/\/www.radiopiu.net\/wordpress\/wp-json\/wp\/v2\/media?parent=164615"}],"wp:term":[{"taxonomy":"category","embeddable":true,"href":"https:\/\/www.radiopiu.net\/wordpress\/wp-json\/wp\/v2\/categories?post=164615"},{"taxonomy":"post_tag","embeddable":true,"href":"https:\/\/www.radiopiu.net\/wordpress\/wp-json\/wp\/v2\/tags?post=164615"}],"curies":[{"name":"wp","href":"https:\/\/api.w.org\/{rel}","templated":true}]}}