{"id":164620,"date":"2020-10-06T23:59:37","date_gmt":"2020-10-06T21:59:37","guid":{"rendered":"https:\/\/www.radiopiu.net\/wordpress\/?p=164620"},"modified":"2020-10-06T16:27:37","modified_gmt":"2020-10-06T14:27:37","slug":"visone-parrocchiale-ed-altre-11-chiese-di-renato-bona","status":"publish","type":"post","link":"https:\/\/www.radiopiu.net\/wordpress\/visone-parrocchiale-ed-altre-11-chiese-di-renato-bona\/","title":{"rendered":"VISONE \u00a0PARROCCHIALE ED ALTRE 11 CHIESE! di RENATO BONA"},"content":{"rendered":"<div id=\"u_0_m\" class=\"_li\">\n<div id=\"pagelet_dock\" data-referrer=\"pagelet_dock\" data-veid=\"vc_19\">\n<div id=\"u_0_6l\" class=\"_48gf fbDockWrapper fbDockWrapperRight\">\n<div class=\"fbDock clearfix\">\n<div class=\"clearfix nubContainer rNubContainer\">\n<div id=\"ChatTabsPagelet\" data-referrer=\"ChatTabsPagelet\">\n<div id=\"u_0_6f\">\n<div class=\"fbNubGroup clearfix _56oy _20fw _3__- _4ml1 _3hx-\">\n<div id=\"u_0_6g\" class=\"fbNubGroup clearfix\">\n<div class=\"_59v1\">\n<div class=\"_5qi9 _5qib _5qic\">\n<div class=\" _3_9e _s0f _50mz _50m_ _4-0b fbNub _50-v focusedTab hoveredTab opened _27_3 fantaTabMain-user:100001526120073\" data-ft=\"{&quot;tn&quot;:&quot;+M&quot;}\">\n<div class=\"fbNubFlyout fbDockChatTabFlyout uiContextualLayerParent\" role=\"complementary\">\n<div class=\"fbNubFlyoutOuter\">\n<div class=\" _6vu5 _6z9d fbNubFlyoutInner _6vu1\">\n<div id=\"js_2b\" class=\"_1ia _2sz2\">\n<div class=\"_1i6a\">\n<div class=\"_4po3 _4po4\">\n<div class=\"_4po5\">\n<div class=\"_4po8\">\n<div class=\"_4po9\">\n<div>\n<div>\n<div class=\"_4tdt _ua1\">\n<div class=\"_ua2\">\n<div class=\"_4tdv\">\n<div class=\"_5wd4 _1nc7\">\n<div class=\"._1dlq _h8t\">\n<div class=\"_5wd9 direction_ltr clearfix\">\n<div class=\"_1e-x _n4o\">\n<div class=\"_3_bl\">\n<div class=\"_5w1r _3_om _5wdf\">\n<div class=\"_4gx_\">\n<div class=\"_1aa6\">\n<div><span class=\"_5yl5\"><strong>BELLUNO<\/strong> Supposto miracolo del 26 maggio 1876 con una bimba di 8 anni di Zopp\u00e8 di Cadore guarita dalla poliomielite Sono undici a Visome, frazione del Comune di Belluno, oltre alla parrocchiale della Beata Vergine di Caravaggio, le chiese prese in considerazione da Vincenzo Caputo nel suo libro \u201cBelluno. Uno sguardo a centoquindici chiese\u201d realizzato nel novembre del 2012 ad iniziativa dell\u2019Ibrsc, Istituto bellunese di ricerche sociali e culturali diretto dal prof. don Sergio Sacco, e stampato dalla bellunese tipografia Piave. Per cenni architettonici, Caputo si \u00e8 avvalso della preziosa collaborazione di Roberto Reolon. La parrocchiale (dal 1950) occupa lo spazio dove esisteva la chiesa intitolata a Sant\u2019Andrea, citata nel 1394 e quindi demolita. All\u2019interno dipinti murali di Girolamo Moech (1792-1857) raffigurano la vita della Madonna; presenti anche opere di: Antonio Gabrieli, secolo XVIII, Antonio Cesa, XVI, Angelo Majer (1865-11913), Michele Saponaro (1946), Ludovico Sergnano, XVIII. Viene precisato che \u201cDopo la costruzione della chiesa nel 1830, il vescovo di Belluno concesse all\u2019arciprete di Castion, sotto la cui giurisdizione si trovava Visome, di benedirla e di dedicarla alla Madonna di Caravaggio. Gi\u00e0 nel 1824 le autorit\u00e0 di Belluno decisero di dichiarare il 26 maggio, ricorrenza della Beata Vergine, giorno di festa per l\u2019intera citt\u00e0\u201d. Una curiosit\u00e0: \u201cDopo che circolavano voci su miracoli e grazie particolari concesse dalla Madonna ai fedeli che frequentavano numerosi la chiesa, provenienti da diversi luoghi e non solo dalla Valbelluna, il 26 maggio 1876 avvenne un fatto clamoroso: una bambina di Zopp\u00e8 di Cadore, di 8 anni, Maria Maddalena Bortot, poliomielitica ed incapace di camminare, dopo aver assistito alla messa torn\u00f2 guarita a casa, facendo tutto il viaggio a piedi. Dopo alcuni anni si fece suora con il nome di suor Iolanda e mor\u00ec a Verona nel 1904\u201d. Nulla si sa a proposito di eventuali pratiche per il riconoscimento ufficiale del miracolo! A sua volta Reolon precisa fra l\u2019altro che la chiesa di Visome \u00e8 \u201cmonumentale edificio neoclassico con la facciata principale racchiusa da due torri maestose, cilindriche, di differente altezza: quella di sinistra pi\u00f9 alta per effetto della cella campanaria composta da 5 larghe feritoie e con balaustra a cuspide conica, quella di destra tronca all\u2019imposta del tetto, \u00e8 merlata\u2026\u201d. San Carlo Borromeo a Rivamaor: chiesetta in bellissima localit\u00e0 rurale, gi\u00e0 facente parte della villa Pagani poi De Lago e Nora (quest\u2019ultima la don\u00f2 alla Parrocchia nel 1989). L\u2019origine \u00e8 documentata solo dal 1637 quando il nobile Agostino Pagani la restaur\u00f2 ma verosimilmente \u00e8 pi\u00f9 antica. Era dedicata al Santo Nome di Ges\u00f9 e poi prese l\u2019attuale denominazione. All\u2019intero un crocifisso in legno di Val Gardena, statua della Madonna e quadro di San Carlo Borromeo proveniente dalla parrocchiale di Castion. Queste opere vi furono collocate in occasione della ristrutturazione con benedizione il 3 novembre 1991, vigilia della ricorrenza del Santo, ad opera del vescovo Maffeo Ducoli, assistito dal segretario, l\u2019attuale rettore del Seminario Gregoriano mons. Giorgio Lise che nella foto vediamo anche con l\u2019autore del libro, Vincenzo Caputo. Chiesa di San Pellegrino nella localit\u00e0 omonima. Privata, fu edificata ad inizio del \u2018500 da Giuseppe Sacello. La vicina villa e la vasta propriet\u00e0 terriera passarono alla famiglia Buzzati-Traverso nel 1811. All\u2019interno un altare con pala di Pompeo Frigimelica (1602-1669) raffigurante la Vergine con Bambino e Santi fra i quali Pellegrino. Nove lunette raffigurano la vita del Santo titolare; sono di autore ottocentesco ignoto. Nella chiesa erano conservate le ceneri dello scrittore Dino Buzzati (1906-1972). Cos\u00ec Reolon: \u201cOriginale ed unica nel suo genere\u2026 costituisce un pregevole riferimento alla periferia della citt\u00e0 per chi proviene da Feltre per la Sinistra Piave\u2026 Le straordinarie caratteristiche di questo edificio, con la sua colorazione di rosso veneziano, sono le varie e differenti prospettive che offre\u201d. Chiesa di san Giuseppe a Le Volpere-Piai. Anche questa \u00e8 privata, ora di propriet\u00e0 Angelini, fa parte della Villa Coraulo edificata fra il 1687 ed il 1703 in un luogo rimasto ancora solitario. Sull\u2019altare una pala raffigura san Giuseppe che presenta il Bambino a Dio Padre, mentre la Madonna intercede per il donatore, il nobile Giuseppe Coraulo (opera del XVIII secolo). Chiesa di san Benedetto nella frazione Cor; accanto al luogo dove sorgeva un castello, forse bizantino, ora scomparso, una chiesetta esisteva nel 1197 poco distante dall\u2019attuale, citata nel 1394; pi\u00f9 volte rifatta, l\u2019aspetto attuale risale al 1892. La pala d\u2019altare presenta san Benedetto fra i santi Giovanni Battista ed Agnese. Chiesa di san Martino di Tours a Castoi. E\u2019 citata in un testamento del 1329; l\u2019aspetto attuale risale al \u2018600. All\u2019interno l\u2019altare maggiore ha una tela con il Santo Patrono, opera di Pietro Cortellezzi (1953); l\u2019altare laterale custodisce una statua della Vergine con Bambino, di Osvaldo Moroder (1960) mentre il paliotto \u00e8 opera recente della pittrice bellunese Brunetta Cornaviera. Per Reolon, questa chiesetta frazionale presenta \u201cun insolito orientamento dell\u2019altare a sud e l\u2019ingresso principale a nord, nella piccola piazzetta che funge da sagrato\u201d. Chiesa di san Carlo Borromeo a Crede, splendida, solitaria e pianeggiante localit\u00e0 bellunese; la chiesa del \u2018600 fa parte di una villa realizzata dal vescovo Giulio Berlendis (1653-1693); restaurata ed ampliata nel 1893. Sull\u2019altare una tela del pittore Giovanni Fossa del 1684 con la Sacra Conversazione con Santi e ritratto del vescovo Berlendis. Ed eccoci alla Chiesa di san Giuseppe Artigiano, a Piandelmonte. E\u2019 stata costruita nel 1958. Sul campanile, in sostituzione delle campane vi era una statua di san Michele arcangelo realizzata da Gino Casanova nel 1959, attualmente collocata all\u2019interno. E\u2019 stata parrocchiale dal 1959 al 1986). Sull\u2019altare una tavola della Cornaviera propone san Giuseppe artigiano. Proveniente dalla chiesa di Tassei una Madonna in trono fra i santi Gottardo e Sebastiano, di ignoto del XVI secolo. Chiesa di san Michele arcangelo a Tassei. Venne costruita tra il 1820 e il 1823, restaurata ed ampliata dopo il terremoto del 1873. Il campanile \u00e8 del 1927. Un dipinto forse del XVI secolo che raffigura la Madonna in trono fra i santi Gottardo e Sebastiano, \u00e8 stato spostato nella chiesa di Piandelmonte, sostituito da una raffigurazione della Madonna con Bimbo, san Gottardo e san Michele. Chiesa di Santa Libera a Tassei-Sambuga. In zona boschiva alle pendici del col Visentin risale al XVIII-XIX secolo, \u00e8 stata restaurata verso la fine del 1800 (Luigi De Barba). Un tempo era riferimento devozionale delle puerpere. In luogo della pala d\u2019altare una statua di santa Libera. Chiesa della Beata Vergine a Ronce. Cappella provvisoria sopra una teleferica, presenta un vano absidale a strapiombo sulla valle sottostante. Prima messa celebrata nel 1956. All\u2019esterno un bassorilievo della Madonna con Ges\u00f9 Bambino, opera di Gino Casanova (1960 circa); sull\u2019altare statua lignea della Madonna del Divino amore, con Bimbo; dipinti raffiguranti Angeli e ancora Madonna con Bimbo. Infine Chiesa di santa Lucia a Cet. Esisteva gi\u00e0 nel 1394; il campanile \u00e8 del 1637. Interno con il trittico del \u2018400, di particolare rilievo, opera di Matteo Cesa, con Madonna, santa Lucia e san Sebastiano; un medaglione dipinto ad olio con la Santa \u00e8 stato realizzato da Antonio Gabrieli (1694-1788); una scultura lignea del \u2018600 presenta Cristo morto ed \u00e8 attribuita all\u2019altarista Auregne mentre la pala che raffigurava la Vergine con Bimbo in gloria e due santi titolari Pietro Alcantara e Santa Teresa d\u2019Avila venne trafugata anni addietro. La Via Crucis \u00e8 del pittore Pietro Cortellezzi. <\/span><\/div>\n<div>\n\n\t\t\t<style type='text\/css'>\n\t\t\t\t#gallery-1 {\n\t\t\t\t\tmargin: auto;\n\t\t\t\t}\n\t\t\t\t#gallery-1 .gallery-item {\n\t\t\t\t\tfloat: left;\n\t\t\t\t\tmargin-top: 10px;\n\t\t\t\t\ttext-align: center;\n\t\t\t\t\twidth: 20%;\n\t\t\t\t}\n\t\t\t\t#gallery-1 img {\n\t\t\t\t\tborder: 2px solid #cfcfcf;\n\t\t\t\t}\n\t\t\t\t#gallery-1 .gallery-caption {\n\t\t\t\t\tmargin-left: 0;\n\t\t\t\t}\n\t\t\t\t\/* see gallery_shortcode() in wp-includes\/media.php *\/\n\t\t\t<\/style>\n\t\t<div id='gallery-1' class='dt-gallery-container gallery galleryid-164620 gallery-columns-5 gallery-size-thumbnail'><dl class='gallery-item'>\n\t\t\t\t<dt class='gallery-icon portrait'>\n\t\t\t\t\t<a class=\"rollover\" href='https:\/\/www.radiopiu.net\/wordpress\/visone-parrocchiale-ed-altre-11-chiese-di-renato-bona\/120911677_829005457908597_2747004681375076115_n2\/'><img loading=\"lazy\" decoding=\"async\" width=\"150\" height=\"150\" src=\"https:\/\/www.radiopiu.net\/wordpress\/wp-content\/uploads\/2020\/10\/120911677_829005457908597_2747004681375076115_n2-150x150.jpg\" class=\"attachment-thumbnail size-thumbnail\" alt=\"\" \/><\/a>\n\t\t\t\t<\/dt><\/dl><dl class='gallery-item'>\n\t\t\t\t<dt class='gallery-icon portrait'>\n\t\t\t\t\t<a class=\"rollover\" href='https:\/\/www.radiopiu.net\/wordpress\/visone-parrocchiale-ed-altre-11-chiese-di-renato-bona\/120923179_1271095003223219_843375118496475594_n1\/'><img loading=\"lazy\" decoding=\"async\" width=\"150\" height=\"150\" src=\"https:\/\/www.radiopiu.net\/wordpress\/wp-content\/uploads\/2020\/10\/120923179_1271095003223219_843375118496475594_n1-150x150.jpg\" class=\"attachment-thumbnail size-thumbnail\" alt=\"\" \/><\/a>\n\t\t\t\t<\/dt><\/dl><dl class='gallery-item'>\n\t\t\t\t<dt class='gallery-icon portrait'>\n\t\t\t\t\t<a class=\"rollover\" href='https:\/\/www.radiopiu.net\/wordpress\/visone-parrocchiale-ed-altre-11-chiese-di-renato-bona\/120959569_2455969881370550_227291338031983704_n1\/'><img loading=\"lazy\" decoding=\"async\" width=\"150\" height=\"150\" src=\"https:\/\/www.radiopiu.net\/wordpress\/wp-content\/uploads\/2020\/10\/120959569_2455969881370550_227291338031983704_n1-150x150.jpg\" class=\"attachment-thumbnail size-thumbnail\" alt=\"\" \/><\/a>\n\t\t\t\t<\/dt><\/dl><dl class='gallery-item'>\n\t\t\t\t<dt class='gallery-icon portrait'>\n\t\t\t\t\t<a class=\"rollover\" href='https:\/\/www.radiopiu.net\/wordpress\/visone-parrocchiale-ed-altre-11-chiese-di-renato-bona\/120929249_257759598905091_645089208934470697_n1\/'><img loading=\"lazy\" decoding=\"async\" width=\"150\" height=\"150\" src=\"https:\/\/www.radiopiu.net\/wordpress\/wp-content\/uploads\/2020\/10\/120929249_257759598905091_645089208934470697_n1-150x150.jpg\" class=\"attachment-thumbnail size-thumbnail\" alt=\"\" \/><\/a>\n\t\t\t\t<\/dt><\/dl><dl class='gallery-item'>\n\t\t\t\t<dt class='gallery-icon portrait'>\n\t\t\t\t\t<a class=\"rollover\" href='https:\/\/www.radiopiu.net\/wordpress\/visone-parrocchiale-ed-altre-11-chiese-di-renato-bona\/120934899_334288471192309_8347057148381980923_n1\/'><img loading=\"lazy\" decoding=\"async\" width=\"150\" height=\"150\" src=\"https:\/\/www.radiopiu.net\/wordpress\/wp-content\/uploads\/2020\/10\/120934899_334288471192309_8347057148381980923_n1-150x150.jpg\" class=\"attachment-thumbnail size-thumbnail\" alt=\"\" \/><\/a>\n\t\t\t\t<\/dt><\/dl><br style=\"clear: both\" \/><dl class='gallery-item'>\n\t\t\t\t<dt class='gallery-icon portrait'>\n\t\t\t\t\t<a class=\"rollover\" href='https:\/\/www.radiopiu.net\/wordpress\/visone-parrocchiale-ed-altre-11-chiese-di-renato-bona\/120926700_356743088804231_9091864717665678074_n1\/'><img loading=\"lazy\" decoding=\"async\" width=\"150\" height=\"150\" src=\"https:\/\/www.radiopiu.net\/wordpress\/wp-content\/uploads\/2020\/10\/120926700_356743088804231_9091864717665678074_n1-150x150.jpg\" class=\"attachment-thumbnail size-thumbnail\" alt=\"\" \/><\/a>\n\t\t\t\t<\/dt><\/dl><dl class='gallery-item'>\n\t\t\t\t<dt class='gallery-icon portrait'>\n\t\t\t\t\t<a class=\"rollover\" href='https:\/\/www.radiopiu.net\/wordpress\/visone-parrocchiale-ed-altre-11-chiese-di-renato-bona\/120925112_356900378766181_5910019340721136056_n1\/'><img loading=\"lazy\" decoding=\"async\" width=\"150\" height=\"150\" src=\"https:\/\/www.radiopiu.net\/wordpress\/wp-content\/uploads\/2020\/10\/120925112_356900378766181_5910019340721136056_n1-150x150.jpg\" class=\"attachment-thumbnail size-thumbnail\" alt=\"\" \/><\/a>\n\t\t\t\t<\/dt><\/dl><dl class='gallery-item'>\n\t\t\t\t<dt class='gallery-icon portrait'>\n\t\t\t\t\t<a class=\"rollover\" href='https:\/\/www.radiopiu.net\/wordpress\/visone-parrocchiale-ed-altre-11-chiese-di-renato-bona\/120924083_369313687542933_1595167204116236275_n1\/'><img loading=\"lazy\" decoding=\"async\" width=\"150\" height=\"150\" src=\"https:\/\/www.radiopiu.net\/wordpress\/wp-content\/uploads\/2020\/10\/120924083_369313687542933_1595167204116236275_n1-150x150.jpg\" class=\"attachment-thumbnail size-thumbnail\" alt=\"\" \/><\/a>\n\t\t\t\t<\/dt><\/dl><dl class='gallery-item'>\n\t\t\t\t<dt class='gallery-icon portrait'>\n\t\t\t\t\t<a class=\"rollover\" href='https:\/\/www.radiopiu.net\/wordpress\/visone-parrocchiale-ed-altre-11-chiese-di-renato-bona\/120910887_369919294127088_7590324876914394168_n2\/'><img loading=\"lazy\" decoding=\"async\" width=\"150\" height=\"150\" src=\"https:\/\/www.radiopiu.net\/wordpress\/wp-content\/uploads\/2020\/10\/120910887_369919294127088_7590324876914394168_n2-150x150.jpg\" class=\"attachment-thumbnail size-thumbnail\" alt=\"\" \/><\/a>\n\t\t\t\t<\/dt><\/dl><dl class='gallery-item'>\n\t\t\t\t<dt class='gallery-icon portrait'>\n\t\t\t\t\t<a class=\"rollover\" href='https:\/\/www.radiopiu.net\/wordpress\/visone-parrocchiale-ed-altre-11-chiese-di-renato-bona\/120953157_377415970302974_7180447008490488534_n1\/'><img loading=\"lazy\" decoding=\"async\" width=\"150\" height=\"150\" src=\"https:\/\/www.radiopiu.net\/wordpress\/wp-content\/uploads\/2020\/10\/120953157_377415970302974_7180447008490488534_n1-150x150.jpg\" class=\"attachment-thumbnail size-thumbnail\" alt=\"\" \/><\/a>\n\t\t\t\t<\/dt><\/dl><br style=\"clear: both\" \/><dl class='gallery-item'>\n\t\t\t\t<dt class='gallery-icon portrait'>\n\t\t\t\t\t<a class=\"rollover\" href='https:\/\/www.radiopiu.net\/wordpress\/visone-parrocchiale-ed-altre-11-chiese-di-renato-bona\/120997979_398545684472956_6681998941358297988_n1\/'><img loading=\"lazy\" decoding=\"async\" width=\"150\" height=\"150\" src=\"https:\/\/www.radiopiu.net\/wordpress\/wp-content\/uploads\/2020\/10\/120997979_398545684472956_6681998941358297988_n1-150x150.jpg\" class=\"attachment-thumbnail size-thumbnail\" alt=\"\" \/><\/a>\n\t\t\t\t<\/dt><\/dl><dl class='gallery-item'>\n\t\t\t\t<dt class='gallery-icon portrait'>\n\t\t\t\t\t<a class=\"rollover\" href='https:\/\/www.radiopiu.net\/wordpress\/visone-parrocchiale-ed-altre-11-chiese-di-renato-bona\/120970632_530895397761645_3069551712921756553_n1\/'><img loading=\"lazy\" decoding=\"async\" width=\"150\" height=\"150\" src=\"https:\/\/www.radiopiu.net\/wordpress\/wp-content\/uploads\/2020\/10\/120970632_530895397761645_3069551712921756553_n1-150x150.jpg\" class=\"attachment-thumbnail size-thumbnail\" alt=\"\" \/><\/a>\n\t\t\t\t<\/dt><\/dl><dl class='gallery-item'>\n\t\t\t\t<dt class='gallery-icon portrait'>\n\t\t\t\t\t<a class=\"rollover\" href='https:\/\/www.radiopiu.net\/wordpress\/visone-parrocchiale-ed-altre-11-chiese-di-renato-bona\/120955251_776588219800781_3874765240275438542_n1\/'><img loading=\"lazy\" decoding=\"async\" width=\"150\" height=\"150\" src=\"https:\/\/www.radiopiu.net\/wordpress\/wp-content\/uploads\/2020\/10\/120955251_776588219800781_3874765240275438542_n1-150x150.jpg\" class=\"attachment-thumbnail size-thumbnail\" alt=\"\" \/><\/a>\n\t\t\t\t<\/dt><\/dl>\n\t\t\t\t<br style='clear: both' \/>\n\t\t\t<\/div>\n\n<\/div>\n<div><\/div>\n<div><\/div>\n<div><span class=\"_5yl5\">NELLE FOTO (riproduzioni dal libro dell\u2019Ibrsc): la parrocchiale di Visome; la chiesa di san Carlo Borromeo; il vescovo Maffeo Ducoli dopo la benedizione di questo edificio sacro: al centro mons. Giorgio Lise, a destra l\u2019autore del volume Vincenzo Caputo; di seguito le chiese di san Pellegrino, di san Giuseppe a Le Volpere-Piai, di san Benedetto a Cor, di san Martino di Tours a Castoi, di San Carlo Borromeo a Crede, di san Giuseppe artigiano a Piandelmonte, di san Michele arcangelo e Gottardo a Tassei, di santa Libera a Tassei-Sambuga, della Beata Vergine a Ronce, di santa Lucia a Cet.<\/span><\/div>\n<\/div>\n<\/div>\n<\/div>\n<\/div>\n<\/div>\n<\/div>\n<\/div>\n<\/div>\n<\/div>\n<\/div>\n<\/div>\n<\/div>\n<\/div>\n<\/div>\n<\/div>\n<\/div>\n<\/div>\n<\/div>\n<\/div>\n<\/div>\n<\/div>\n<\/div>\n<\/div>\n<\/div>\n<\/div>\n<\/div>\n<\/div>\n<\/div>\n<\/div>\n<\/div>\n<\/div>\n<\/div>\n<\/div>\n<\/div>\n","protected":false},"excerpt":{"rendered":"<p>BELLUNO Supposto miracolo del 26 maggio 1876 con una bimba di 8 anni di Zopp\u00e8 di Cadore guarita dalla poliomielite Sono undici a Visome, frazione del Comune di Belluno, oltre alla parrocchiale della Beata Vergine di Caravaggio, le chiese prese in considerazione da Vincenzo Caputo nel suo libro \u201cBelluno. Uno sguardo a centoquindici chiese\u201d realizzato&hellip;<\/p>\n","protected":false},"author":4,"featured_media":164622,"comment_status":"closed","ping_status":"closed","sticky":false,"template":"","format":"standard","meta":{"_monsterinsights_skip_tracking":false,"_monsterinsights_sitenote_active":false,"_monsterinsights_sitenote_note":"","_monsterinsights_sitenote_category":0,"footnotes":""},"categories":[49],"tags":[],"class_list":["post-164620","post","type-post","status-publish","format-standard","has-post-thumbnail","hentry","category-news-18","category-49","description-off"],"img_url":"https:\/\/www.radiopiu.net\/wordpress\/wp-content\/uploads\/2020\/10\/120923179_1271095003223219_843375118496475594_n1.jpg","_links":{"self":[{"href":"https:\/\/www.radiopiu.net\/wordpress\/wp-json\/wp\/v2\/posts\/164620","targetHints":{"allow":["GET"]}}],"collection":[{"href":"https:\/\/www.radiopiu.net\/wordpress\/wp-json\/wp\/v2\/posts"}],"about":[{"href":"https:\/\/www.radiopiu.net\/wordpress\/wp-json\/wp\/v2\/types\/post"}],"author":[{"embeddable":true,"href":"https:\/\/www.radiopiu.net\/wordpress\/wp-json\/wp\/v2\/users\/4"}],"replies":[{"embeddable":true,"href":"https:\/\/www.radiopiu.net\/wordpress\/wp-json\/wp\/v2\/comments?post=164620"}],"version-history":[{"count":0,"href":"https:\/\/www.radiopiu.net\/wordpress\/wp-json\/wp\/v2\/posts\/164620\/revisions"}],"wp:featuredmedia":[{"embeddable":true,"href":"https:\/\/www.radiopiu.net\/wordpress\/wp-json\/wp\/v2\/media\/164622"}],"wp:attachment":[{"href":"https:\/\/www.radiopiu.net\/wordpress\/wp-json\/wp\/v2\/media?parent=164620"}],"wp:term":[{"taxonomy":"category","embeddable":true,"href":"https:\/\/www.radiopiu.net\/wordpress\/wp-json\/wp\/v2\/categories?post=164620"},{"taxonomy":"post_tag","embeddable":true,"href":"https:\/\/www.radiopiu.net\/wordpress\/wp-json\/wp\/v2\/tags?post=164620"}],"curies":[{"name":"wp","href":"https:\/\/api.w.org\/{rel}","templated":true}]}}