{"id":164652,"date":"2020-10-07T05:46:57","date_gmt":"2020-10-07T03:46:57","guid":{"rendered":"https:\/\/www.radiopiu.net\/wordpress\/?p=164652"},"modified":"2020-10-07T05:56:45","modified_gmt":"2020-10-07T03:56:45","slug":"20-nuovi-positivi-in-ulss-1-di-cui-10-dal-cadore-e-4-da-case-di-riposo-27-le-persone-ricoverate-al-san-martino","status":"publish","type":"post","link":"https:\/\/www.radiopiu.net\/wordpress\/20-nuovi-positivi-in-ulss-1-di-cui-10-dal-cadore-e-4-da-case-di-riposo-27-le-persone-ricoverate-al-san-martino\/","title":{"rendered":"20 NUOVI POSITIVI IN ULSS 1 DI CUI 10 DAL CADORE E 4 DA CASE DI RIPOSO. 27 LE PERSONE RICOVERATE AL SAN MARTINO"},"content":{"rendered":"<p><strong><a class=\"dt-pswp-item\" href=\"https:\/\/www.radiopiu.net\/wordpress\/wp-content\/uploads\/2020\/09\/corona-aggiornamenti-copia.jpg\" data-dt-img-description=\"\" data-large_image_width=\"626\" data-large_image_height=\"417\"><img loading=\"lazy\" decoding=\"async\" class=\"size-medium wp-image-158956 alignleft\" src=\"https:\/\/www.radiopiu.net\/wordpress\/wp-content\/uploads\/2020\/09\/corona-aggiornamenti-copia-300x200.jpg\" alt=\"\" width=\"300\" height=\"200\" srcset=\"https:\/\/www.radiopiu.net\/wordpress\/wp-content\/uploads\/2020\/09\/corona-aggiornamenti-copia-300x200.jpg 300w, https:\/\/www.radiopiu.net\/wordpress\/wp-content\/uploads\/2020\/09\/corona-aggiornamenti-copia.jpg 626w\" sizes=\"auto, (max-width: 300px) 100vw, 300px\" \/><\/a>BELLUNO\u00a0<\/strong>Nelle ultime 24 ore sono emerse 20 nuove positivit\u00e0 di cui 10 riferite a Comuni del Cadore e 4 a centri di servizio. Si tratta come nei giorni scorsi di maturazione di positivit\u00e0 in soggetti gi\u00e0 sottoposti a quarantena in quanto contatti di caso.\u00a0Le persone attualmente ricoverate in Malattie Infettive al San Martino di Belluno sono 27.\u00a0Da domani in tutti i drive-in tamponi per soggetti sintomatici frequentanti la scuola saranno utilizzati i test antigenici rapidi. Si ricordano sedi e orari:\u00a0Belluno \u2013 Via Meassa Sagrogna &#8211; tutti i giorni &#8211; dalle 8.30 alle 12.30.\u00a0Feltre \u2013 Borgo Ruga, 34 (accesso da via Panoramica) &#8211; tutti i giorni &#8211; dalle 8.30 alle 12.30.\u00a0Caprile \u2013 Piazzale parco giochi &#8211; luned\u00ec, mercoled\u00ec, venerd\u00ec \u2013 dalle 17.00 alle 19.00\u00a0Tai di Cadore- Piazzale Dolomiti &#8211; marted\u00ec, gioved\u00ec, sabato \u2013 dalle 17.00 alle 19.00.\u00a0Da mercoled\u00ec 7 ottobre 2020 il drive-in tamponi rapidi operativo a Feltre in via Borgo Ruga, 34 (accesso da via panoramica) sar\u00e0 disponibile anche per i residenti della Valle del Primiero e del Vanoi.<\/p>\n<p>&nbsp;<\/p>\n<p><strong><a class=\"dt-pswp-item\" href=\"https:\/\/www.radiopiu.net\/wordpress\/wp-content\/uploads\/2020\/10\/2f64cf11-a3ce-4554-8a46-b7de765dc5e8.jpg\" data-dt-img-description=\"\" data-large_image_width=\"930\" data-large_image_height=\"2016\"><img loading=\"lazy\" decoding=\"async\" class=\"size-medium wp-image-164659 alignright\" src=\"https:\/\/www.radiopiu.net\/wordpress\/wp-content\/uploads\/2020\/10\/2f64cf11-a3ce-4554-8a46-b7de765dc5e8-138x300.jpg\" alt=\"\" width=\"138\" height=\"300\" srcset=\"https:\/\/www.radiopiu.net\/wordpress\/wp-content\/uploads\/2020\/10\/2f64cf11-a3ce-4554-8a46-b7de765dc5e8-138x300.jpg 138w, https:\/\/www.radiopiu.net\/wordpress\/wp-content\/uploads\/2020\/10\/2f64cf11-a3ce-4554-8a46-b7de765dc5e8-472x1024.jpg 472w, https:\/\/www.radiopiu.net\/wordpress\/wp-content\/uploads\/2020\/10\/2f64cf11-a3ce-4554-8a46-b7de765dc5e8-768x1665.jpg 768w, https:\/\/www.radiopiu.net\/wordpress\/wp-content\/uploads\/2020\/10\/2f64cf11-a3ce-4554-8a46-b7de765dc5e8-709x1536.jpg 709w, https:\/\/www.radiopiu.net\/wordpress\/wp-content\/uploads\/2020\/10\/2f64cf11-a3ce-4554-8a46-b7de765dc5e8.jpg 930w\" sizes=\"auto, (max-width: 138px) 100vw, 138px\" \/><\/a>INTANTO A CAPRILE L&#8217;ACCESSO AL DRIVE-IN PER IL TAMPONE SI FA ANCHE IN BICICLETTA<\/strong><\/p>\n","protected":false},"excerpt":{"rendered":"<p>BELLUNO\u00a0Nelle ultime 24 ore sono emerse 20 nuove positivit\u00e0 di cui 10 riferite a Comuni del Cadore e 4 a centri di servizio. Si tratta come nei giorni scorsi di maturazione di positivit\u00e0 in soggetti gi\u00e0 sottoposti a quarantena in quanto contatti di caso.\u00a0Le persone attualmente ricoverate in Malattie Infettive al San Martino di Belluno&hellip;<\/p>\n","protected":false},"author":4,"featured_media":158956,"comment_status":"closed","ping_status":"closed","sticky":false,"template":"","format":"standard","meta":{"_monsterinsights_skip_tracking":false,"_monsterinsights_sitenote_active":false,"_monsterinsights_sitenote_note":"","_monsterinsights_sitenote_category":0,"footnotes":""},"categories":[51,49],"tags":[],"class_list":["post-164652","post","type-post","status-publish","format-standard","has-post-thumbnail","hentry","category-evidenza-top","category-news-18","category-51","category-49","description-off"],"img_url":"https:\/\/www.radiopiu.net\/wordpress\/wp-content\/uploads\/2020\/09\/corona-aggiornamenti-copia.jpg","_links":{"self":[{"href":"https:\/\/www.radiopiu.net\/wordpress\/wp-json\/wp\/v2\/posts\/164652","targetHints":{"allow":["GET"]}}],"collection":[{"href":"https:\/\/www.radiopiu.net\/wordpress\/wp-json\/wp\/v2\/posts"}],"about":[{"href":"https:\/\/www.radiopiu.net\/wordpress\/wp-json\/wp\/v2\/types\/post"}],"author":[{"embeddable":true,"href":"https:\/\/www.radiopiu.net\/wordpress\/wp-json\/wp\/v2\/users\/4"}],"replies":[{"embeddable":true,"href":"https:\/\/www.radiopiu.net\/wordpress\/wp-json\/wp\/v2\/comments?post=164652"}],"version-history":[{"count":0,"href":"https:\/\/www.radiopiu.net\/wordpress\/wp-json\/wp\/v2\/posts\/164652\/revisions"}],"wp:featuredmedia":[{"embeddable":true,"href":"https:\/\/www.radiopiu.net\/wordpress\/wp-json\/wp\/v2\/media\/158956"}],"wp:attachment":[{"href":"https:\/\/www.radiopiu.net\/wordpress\/wp-json\/wp\/v2\/media?parent=164652"}],"wp:term":[{"taxonomy":"category","embeddable":true,"href":"https:\/\/www.radiopiu.net\/wordpress\/wp-json\/wp\/v2\/categories?post=164652"},{"taxonomy":"post_tag","embeddable":true,"href":"https:\/\/www.radiopiu.net\/wordpress\/wp-json\/wp\/v2\/tags?post=164652"}],"curies":[{"name":"wp","href":"https:\/\/api.w.org\/{rel}","templated":true}]}}