{"id":164655,"date":"2020-10-07T05:44:56","date_gmt":"2020-10-07T03:44:56","guid":{"rendered":"https:\/\/www.radiopiu.net\/wordpress\/?p=164655"},"modified":"2020-10-07T05:57:44","modified_gmt":"2020-10-07T03:57:44","slug":"lega-cittadina-contro-la-mozione-sanita-la-replica-del-sindaco-jacopo-massaro","status":"publish","type":"post","link":"https:\/\/www.radiopiu.net\/wordpress\/lega-cittadina-contro-la-mozione-sanita-la-replica-del-sindaco-jacopo-massaro\/","title":{"rendered":"LEGA CITTADINA CONTRO LA MOZIONE SANIT\u00c0 LA REPLICA DEL SINDACO JACOPO MASSARO"},"content":{"rendered":"<p><strong><a class=\"dt-pswp-item\" href=\"https:\/\/www.radiopiu.net\/wordpress\/wp-content\/uploads\/2019\/09\/Challenge-Day-InLab-2.jpg\" data-dt-img-description=\"\" data-large_image_width=\"5184\" data-large_image_height=\"3456\"><img loading=\"lazy\" decoding=\"async\" class=\"size-medium wp-image-97942 alignleft\" src=\"https:\/\/www.radiopiu.net\/wordpress\/wp-content\/uploads\/2019\/09\/Challenge-Day-InLab-2-300x200.jpg\" alt=\"\" width=\"300\" height=\"200\" srcset=\"https:\/\/www.radiopiu.net\/wordpress\/wp-content\/uploads\/2019\/09\/Challenge-Day-InLab-2-300x200.jpg 300w, https:\/\/www.radiopiu.net\/wordpress\/wp-content\/uploads\/2019\/09\/Challenge-Day-InLab-2-768x512.jpg 768w, https:\/\/www.radiopiu.net\/wordpress\/wp-content\/uploads\/2019\/09\/Challenge-Day-InLab-2-1024x683.jpg 1024w\" sizes=\"auto, (max-width: 300px) 100vw, 300px\" \/><\/a>BELLUNO\u00a0<\/strong>\u00ab<em>Excusatio non petita, accusatio manifesta<\/em>\u00bb: replica cos\u00ec il Sindaco di Belluno, Jacopo Massaro, alle critiche mosse dalla sezione cittadina della Lega alla mozione sui temi della sanit\u00e0 bellunese approvata nel corso dell&#8217;ultimo consiglio comunale.\u00a0\u00ab<em>Mi stupisce che sia bastata una semplice mozione a difesa dell&#8217;ospedale di Belluno, che penso sia un bene di tutti, per far scattare questa difesa d&#8217;ufficio della Regione Veneto e della Direzione Generale dell&#8217;Ulss Dolomiti da parte della Lega del capoluogo. &#8211; spiega Massaro \u2013 Anzi, mi sarei aspettato una partecipazione da parte loro, visto che sono interlocutori diretti e favoriti nel confronto con il partito che governa la nostra regione<\/em>\u00bb.\u00a0Per Massaro, \u00ab<em>la Lega cerca di scaricare i problemi verso l&#8217;esterno, come la questione delle assunzioni. L&#8217;impoverimento di molti servizi \u00e8 dovuto a scelte politiche o gestionali precise, come la riduzione dei posti letto nei reparti dei nostri ospedali, situazione di cui nella veste di sindaco sono stato testimone diretto, a fronte di un ampliamento dei posti nelle strutture private, circostanza che rafforza e velocizza un processo di privatizzazione della sanit\u00e0 veneta che \u00e8 un&#8217;eccellenza pubblica<\/em>\u00bb.\u00a0\u00ab<em>Grida vendetta poi che a lamentarsi della carenza di medici specialisti sia lo stesso partito che da anni guida la Regione e che una decina di anni fa sedeva nella maggioranza del consiglio comunale del capoluogo che con voto bipartisan aveva approvato una mozione che invitava la Regione Veneto a porre in Conferenza Stato-Regioni il tema del numero dei posti di specializzazione, sull&#8217;esempio di quanto aveva fatto poco prima la Regione Emilia-Romagna che chiese ed ottenne un incremento dei posti a fronte delle necessit\u00e0 del territorio<\/em>\u00bb, ricorda il sindaco.\u00a0\u00ab<em>Se davvero fosse un problema statale, poi, non possiamo dimenticare come la Lega sia stata al governo del paese per diversi anni nel passato, recente e non, ed \u00e8 quindi poco corretto addossare le colpe solo all&#8217;attuale esecutivo. &#8211; conclude Massaro \u2013 La Regione si assuma le responsabilit\u00e0 per questo oggettivo depauperamento dei servizi sanitari: non siamo pi\u00f9 in campagna elettorale, Lega e Regione diano la loro disponibilit\u00e0 al confronto sui gravi problemi dell&#8217;Ospedale San Martino. Tra l&#8217;altro, nel confronto avuto ieri con parte dei gruppi di minoranza in consiglio comunale, alcuni di loro mi hanno evidenziato come la questione dell&#8217;impoverimento dell&#8217;ospedale cittadino sia una delle tre priorit\u00e0 sulle quali intervenire con urgenza, a dimostrazione che non si tratta di battaglie ideologiche e politiche, ma di tutela della salute e della sicurezza di tutti i cittadini<\/em>\u00bb.<\/p>\n<p><strong>L&#8217;ARTICOLO SULLA MOZIONE DELLA LEGA CITT\u00c0 DI BELLUNO<\/strong><\/p>\n<blockquote class=\"wp-embedded-content\" data-secret=\"2MmFm8FojK\"><p><a href=\"https:\/\/www.radiopiu.net\/wordpress\/scarso-organico-negli-ospedali-bellunesi-la-lega-invita-il-sindaco-di-belluno-a-farsi-da-portavoce-dei-problemi\/\">SCARSO ORGANICO NEGLI OSPEDALI BELLUNESI: LA LEGA INVITA IL SINDACO DI BELLUNO A FARSI DA PORTAVOCE DEI PROBLEMI<\/a><\/p><\/blockquote>\n<p><iframe loading=\"lazy\" class=\"wp-embedded-content\" sandbox=\"allow-scripts\" security=\"restricted\" style=\"position: absolute; clip: rect(1px, 1px, 1px, 1px);\" title=\"&#8220;SCARSO ORGANICO NEGLI OSPEDALI BELLUNESI: LA LEGA INVITA IL SINDACO DI BELLUNO A FARSI DA PORTAVOCE DEI PROBLEMI&#8221; &#8212; Radio Pi\u00f9\" src=\"https:\/\/www.radiopiu.net\/wordpress\/scarso-organico-negli-ospedali-bellunesi-la-lega-invita-il-sindaco-di-belluno-a-farsi-da-portavoce-dei-problemi\/embed\/#?secret=2MmFm8FojK\" data-secret=\"2MmFm8FojK\" width=\"600\" height=\"338\" frameborder=\"0\" marginwidth=\"0\" marginheight=\"0\" scrolling=\"no\"><\/iframe><\/p>\n","protected":false},"excerpt":{"rendered":"<p>BELLUNO\u00a0\u00abExcusatio non petita, accusatio manifesta\u00bb: replica cos\u00ec il Sindaco di Belluno, Jacopo Massaro, alle critiche mosse dalla sezione cittadina della Lega alla mozione sui temi della sanit\u00e0 bellunese approvata nel corso dell&#8217;ultimo consiglio comunale.\u00a0\u00abMi stupisce che sia bastata una semplice mozione a difesa dell&#8217;ospedale di Belluno, che penso sia un bene di tutti, per far&hellip;<\/p>\n","protected":false},"author":4,"featured_media":97942,"comment_status":"closed","ping_status":"closed","sticky":false,"template":"","format":"standard","meta":{"_monsterinsights_skip_tracking":false,"_monsterinsights_sitenote_active":false,"_monsterinsights_sitenote_note":"","_monsterinsights_sitenote_category":0,"footnotes":""},"categories":[51,49],"tags":[],"class_list":["post-164655","post","type-post","status-publish","format-standard","has-post-thumbnail","hentry","category-evidenza-top","category-news-18","category-51","category-49","description-off"],"img_url":"https:\/\/www.radiopiu.net\/wordpress\/wp-content\/uploads\/2019\/09\/Challenge-Day-InLab-2.jpg","_links":{"self":[{"href":"https:\/\/www.radiopiu.net\/wordpress\/wp-json\/wp\/v2\/posts\/164655","targetHints":{"allow":["GET"]}}],"collection":[{"href":"https:\/\/www.radiopiu.net\/wordpress\/wp-json\/wp\/v2\/posts"}],"about":[{"href":"https:\/\/www.radiopiu.net\/wordpress\/wp-json\/wp\/v2\/types\/post"}],"author":[{"embeddable":true,"href":"https:\/\/www.radiopiu.net\/wordpress\/wp-json\/wp\/v2\/users\/4"}],"replies":[{"embeddable":true,"href":"https:\/\/www.radiopiu.net\/wordpress\/wp-json\/wp\/v2\/comments?post=164655"}],"version-history":[{"count":0,"href":"https:\/\/www.radiopiu.net\/wordpress\/wp-json\/wp\/v2\/posts\/164655\/revisions"}],"wp:featuredmedia":[{"embeddable":true,"href":"https:\/\/www.radiopiu.net\/wordpress\/wp-json\/wp\/v2\/media\/97942"}],"wp:attachment":[{"href":"https:\/\/www.radiopiu.net\/wordpress\/wp-json\/wp\/v2\/media?parent=164655"}],"wp:term":[{"taxonomy":"category","embeddable":true,"href":"https:\/\/www.radiopiu.net\/wordpress\/wp-json\/wp\/v2\/categories?post=164655"},{"taxonomy":"post_tag","embeddable":true,"href":"https:\/\/www.radiopiu.net\/wordpress\/wp-json\/wp\/v2\/tags?post=164655"}],"curies":[{"name":"wp","href":"https:\/\/api.w.org\/{rel}","templated":true}]}}