{"id":164691,"date":"2020-10-06T18:46:36","date_gmt":"2020-10-06T16:46:36","guid":{"rendered":"https:\/\/www.radiopiu.net\/wordpress\/?p=164691"},"modified":"2020-10-06T18:46:36","modified_gmt":"2020-10-06T16:46:36","slug":"tornano-le-giornate-fai-dautunno-conferenze-e-visite-alla-scoperta-di-palazzo-rosso-e-palazzo-piloni-con-i-volontari-fai","status":"publish","type":"post","link":"https:\/\/www.radiopiu.net\/wordpress\/tornano-le-giornate-fai-dautunno-conferenze-e-visite-alla-scoperta-di-palazzo-rosso-e-palazzo-piloni-con-i-volontari-fai\/","title":{"rendered":"TORNANO LE GIORNATE FAI D\u2019AUTUNNO. CONFERENZE E VISITE ALLA SCOPERTA DI PALAZZO ROSSO E PALAZZO PILONI CON I VOLONTARI FAI"},"content":{"rendered":"<p><strong><a class=\"dt-pswp-item\" href=\"https:\/\/www.radiopiu.net\/wordpress\/wp-content\/uploads\/2019\/02\/palazzo_piloni_belluno.jpg\" data-dt-img-description=\"\" data-large_image_width=\"1000\" data-large_image_height=\"667\"><img loading=\"lazy\" decoding=\"async\" class=\"size-medium wp-image-77618 alignleft\" src=\"https:\/\/www.radiopiu.net\/wordpress\/wp-content\/uploads\/2019\/02\/palazzo_piloni_belluno-300x200.jpg\" alt=\"\" width=\"300\" height=\"200\" srcset=\"https:\/\/www.radiopiu.net\/wordpress\/wp-content\/uploads\/2019\/02\/palazzo_piloni_belluno-300x200.jpg 300w, https:\/\/www.radiopiu.net\/wordpress\/wp-content\/uploads\/2019\/02\/palazzo_piloni_belluno-768x512.jpg 768w, https:\/\/www.radiopiu.net\/wordpress\/wp-content\/uploads\/2019\/02\/palazzo_piloni_belluno.jpg 1000w\" sizes=\"auto, (max-width: 300px) 100vw, 300px\" \/><\/a>BELLUNO <\/strong>Dopo il successo delle Giornate all\u2019aperto dello scorso giugno, torna il tradizionale appuntamento delle Giornate d\u2019Autunno che il Fondo Ambiente Italiano organizza per promuovere la valorizzazione, la tutela e il recupero del ricco patrimonio d\u2019arte e natura del nostro territorio nazionale. Il Fai propone un evento su prenotazione consigliata\u00a0per la prima volta in due weekend e non in uno (il 17-18 e il 24-25 ottobre), per fare in modo che quanta pi\u00f9 gente possa godere della bellezza e dell\u2019offerta culturale. \u00c8 fortemente consigliato prenotare la visita sul sito <a href=\"https:\/\/www.giornatefai.it\/\">www.giornatefai.it<\/a>, scegliere il giorno e l\u2019orario preferiti tra quelli disponibili e versare online il contributo in favore del Fai. Le prenotazioni saranno ad esaurimento posti per ogni slot di visita. Per partecipare alle visite non esiste un vero e proprio biglietto di accesso; al momento della prenotazione verr\u00e0 richiesto il versamento di un contributo libero a partire da 3 \u20ac che andr\u00e0 a sostenere le attivit\u00e0 volte a preservare il patrimonio di arte e natura che la Fondazione continua a valorizzare, recuperare e rendere fruibile a tutti.\u00a0La delegazione bellunese del Fai e il Gruppo Giovani apriranno al pubblico i due palazzi storici di Belluno che all\u2019indomani dell\u2019unit\u00e0 d\u2019Italia, nella fase di riorganizzazione politica e giuridica del neonato Stato, sono stati scelti quali sedi del potere locale: il 17-18 ottobre l\u2019ottocentesco Palazzo del Municipio, costruito dall\u2019architetto Giuseppe Segusini in stile neogotico veneziano, con la possibilit\u00e0 di vedere i due grandi affreschi dipinti da Giovanni De Min nel 1839 nella sala consigliare, dedicati a due episodi della storia medievale della citt\u00e0; il week end successivo (24-25 ottobre) il cinquecentesco Palazzo Piloni, sede dell\u2019amministrazione provinciale, che conserva le opere d\u2019arte realizzate dal cugino di Tiziano, Cesare Vecellio: il ciclo di affreschi con le quattro stagioni e la serie dei ritratti di illustri membri del casato nel salone al primo piano.\u00a0Le visite si svolgeranno il sabato e la domenica con orario continuato dalle 9 alle 18: i turni di visita saranno ogni 20 minuti in gruppi con numero limitato di persone; per questo solo chi avr\u00e0 prenotato avr\u00e0 la garanzia di poter accedere. La durata della visita sar\u00e0 di circa 40 minuti. Durante le visite sar\u00e0 necessario rispettare tutte le norme di sicurezza, a partire dal distanziamento sociale per evitare di creare assembramenti. \u00c8 obbligatorio indossare la propria mascherina durante l\u2019intera durata della visita, disinfettare le mani con gli appositi gel situati all\u2019ingresso del percorso e attenersi in generale alle indicazioni date dal personale volontario.In preparazione dell\u2019evento, come \u201clancio\u201d e approfondimento culturale, la delegazione Fai propone al pubblico due conferenze, che si terranno il 9 e il 15 ottobre nella Sala Barchessa di Palazzo Doglioni-Dal Mas di Belluno alle ore 17.30.\u00a0Nel primo incontro Giuliano Dal Mas, appassionato di montagna, cultura, arte e storia locale, presenter\u00e0 il profilo del pittore Giovanni De Min (1786-1859), il grande frescante dell\u2019Ottocento bellunese al quale ha dedicato due monografie. Seguir\u00e0 un intervento dello storico Jacopo De Pasquale sui soggetti degli affreschi del De Min nella sala consigliare del Municipio di Belluno.Nel secondo incontro l\u2019obiettivo sar\u00e0 puntato sulla nobile famiglia Piloni, una delle pi\u00f9 prestigiose della citt\u00e0: il loro palazzo, in pieno centro a Belluno, era il fulcro di un vero e proprio \u201cquartiere Piloni\u201d, che comprendeva anche parte di via S. Lucano e via Mezzaterra. Il maggiore esponente, Odorico, \u00e8 stato un grande collezionista d\u2019antichit\u00e0 e bibliofilo e commission\u00f2 al pittore Cesare Vecellio numerose opere d\u2019arte, tra cui la decorazione dei tagli di alcuni libri della sua biblioteca. Relatori saranno Marco Perale, assessore alla cultura del comune di Belluno e storico, e Giorgio Reolon, storico dell\u2019arte.<\/p>\n","protected":false},"excerpt":{"rendered":"<p>BELLUNO Dopo il successo delle Giornate all\u2019aperto dello scorso giugno, torna il tradizionale appuntamento delle Giornate d\u2019Autunno che il Fondo Ambiente Italiano organizza per promuovere la valorizzazione, la tutela e il recupero del ricco patrimonio d\u2019arte e natura del nostro territorio nazionale. Il Fai propone un evento su prenotazione consigliata\u00a0per la prima volta in due&hellip;<\/p>\n","protected":false},"author":4,"featured_media":77618,"comment_status":"closed","ping_status":"closed","sticky":false,"template":"","format":"standard","meta":{"_monsterinsights_skip_tracking":false,"_monsterinsights_sitenote_active":false,"_monsterinsights_sitenote_note":"","_monsterinsights_sitenote_category":0,"footnotes":""},"categories":[49],"tags":[],"class_list":["post-164691","post","type-post","status-publish","format-standard","has-post-thumbnail","hentry","category-news-18","category-49","description-off"],"img_url":"https:\/\/www.radiopiu.net\/wordpress\/wp-content\/uploads\/2019\/02\/palazzo_piloni_belluno.jpg","_links":{"self":[{"href":"https:\/\/www.radiopiu.net\/wordpress\/wp-json\/wp\/v2\/posts\/164691","targetHints":{"allow":["GET"]}}],"collection":[{"href":"https:\/\/www.radiopiu.net\/wordpress\/wp-json\/wp\/v2\/posts"}],"about":[{"href":"https:\/\/www.radiopiu.net\/wordpress\/wp-json\/wp\/v2\/types\/post"}],"author":[{"embeddable":true,"href":"https:\/\/www.radiopiu.net\/wordpress\/wp-json\/wp\/v2\/users\/4"}],"replies":[{"embeddable":true,"href":"https:\/\/www.radiopiu.net\/wordpress\/wp-json\/wp\/v2\/comments?post=164691"}],"version-history":[{"count":0,"href":"https:\/\/www.radiopiu.net\/wordpress\/wp-json\/wp\/v2\/posts\/164691\/revisions"}],"wp:featuredmedia":[{"embeddable":true,"href":"https:\/\/www.radiopiu.net\/wordpress\/wp-json\/wp\/v2\/media\/77618"}],"wp:attachment":[{"href":"https:\/\/www.radiopiu.net\/wordpress\/wp-json\/wp\/v2\/media?parent=164691"}],"wp:term":[{"taxonomy":"category","embeddable":true,"href":"https:\/\/www.radiopiu.net\/wordpress\/wp-json\/wp\/v2\/categories?post=164691"},{"taxonomy":"post_tag","embeddable":true,"href":"https:\/\/www.radiopiu.net\/wordpress\/wp-json\/wp\/v2\/tags?post=164691"}],"curies":[{"name":"wp","href":"https:\/\/api.w.org\/{rel}","templated":true}]}}