{"id":164787,"date":"2020-10-08T05:57:42","date_gmt":"2020-10-08T03:57:42","guid":{"rendered":"https:\/\/www.radiopiu.net\/wordpress\/?p=164787"},"modified":"2020-10-08T06:08:35","modified_gmt":"2020-10-08T04:08:35","slug":"covid-19-conferenza-stampa-di-luca-zaia","status":"publish","type":"post","link":"https:\/\/www.radiopiu.net\/wordpress\/covid-19-conferenza-stampa-di-luca-zaia\/","title":{"rendered":"COVID 19: SOLO IL 3% DEGLI INFETTI SI PRESENTA CON SINTOMI.  CONFERENZA STAMPA DI LUCA ZAIA Da lunedi metteremo in condizione le 300 case di riposo di testare tutti i visitatori con il test rapido.\u00a0"},"content":{"rendered":"<p><strong>VENEZIA<\/strong><\/p>\n<p><strong>I NUMERI 2.006.928 TAMPONI 1.430.000 TEST RAPIDI 29.418 POSITVI (+375)\u00a0 4750 ATTUALMENTE POSITIVI 10417 PERSONE IN ISOLAMENTO RICOVERATI 290 (12% RISPETTO A MARCO) 25 IN TERAPIA INTENSIVA (16 POSITIVI, 9 NEGATIVI) 2200 DECESSI 4171 DIMESSI 45% DEGLI ISOLATI SONO POSITIVI 3,26% DI SINTOMATICI SUI POSITIVI<\/strong><\/p>\n<blockquote>\n<h3>LEGGI LA CONFERENZA STAMPA DI LUCA ZAIA<\/h3>\n<\/blockquote>\n<p><span style=\"color: #ff0000;\">Per Zaia situazione di pre-allerta<\/span><\/p>\n<p><em>A marzo un contagiato su 3 aveva sintomi ora il dato \u00e8 di molto\u00a0 inferiore, in terapia intensiva dal 50% dei ricoverati oggi siamo al 7%. Da lunedi test rapido per tutti i visitatori delle Residenze per Anziani. Ad oggi non c&#8217;e&#8217; emergenza sanitaria ospedaliera<\/em><\/p>\n<p>Il virus c&#8217;e&#8217; e circola ma con effetti ad oggi che la quasi totalit\u00e0 dei contagiati non ha sintomi nel 95% dei casi. Casistica spiegata da un&#8217;elaborazione statistica mese per mese. La percentuale dei pazienti ricoverati dispetto agli attuali: a marzo 31,8% oggi il 6,6% un dato che va sempre in calando. Percentuale invece in terapia intensiva rispetto ai positivi dall&#8217; 11% di febbraio allo 0,5% di oggi. Et\u00e0 media in terapia intensiva sostanzialmente invariata attorno ai 67 anni con una forchetta di 10 anni, prima la forchetta era di pi\u00f9 e meno 12. In terapia intensiva dal 50% dei ricoverati oggi al 7. E&#8217; un virus che non da emergenza sanitaria pur non dovendolo trascurare. Stiamo lavorando sulla diagnostica incentivando l&#8217;ingresso nelle scuole.<span style=\"color: #ff0000;\"><strong> Da lunedi metteremo in condizione le 300 case di riposo di testare tutti i visitatori con il test rapido.\u00a0<\/strong><span style=\"color: #000000;\">Siamo molto preoccupati per le case di riposo, testiamo tutto il personale e ospiti ogni 20 giorni e daremo una stretta con il testing a tutti i visitatori. Stiamo lavorando ad un tampone usa e getta in autosomministrazione\u00a0 pronto in 15 giorni, mutuandolo\u00a0 da altre esperienze internazionali. Partir\u00e0 a breve una campagna vaccinale anti-influenza, \u00a0prima alle fasce a rischio. Sul tavolo con Roma ci sono le nostre prerogative, bene la\u00a0 regia romana, ma\u00a0 i malati li abbiamo\u00a0 sul territorio da gestire con le nostre risorse. Sugli orari di apertura dei locali pubblici: &#8220;chiudere prima significa applicare un mini lockdown\u00a0 che i provvedimenti vengano presi sulla base di una serie di parametri, allineando i tamponi al numero degli abitanti&#8221;. <\/span><\/span><span style=\"color: #ff0000;\"><span style=\"color: #000000;\">Prevenzione: abbiamo aperto il covid center di Jesolo. Siamo candidati come Regione per le agenzie bio medicali, il dossier \u00e8 gi\u00e0 ultimato ci stiamo lavorando da pi\u00f9 di due mesi, c&#8217;\u00e8 la possibilit\u00e0 di candidarsi come sede perch\u00e9 si \u00e8 creata l&#8217;opportunit\u00e0 di entrare in una gara e offrirsi come sede, noi abbiamo i numeri nell&#8217;ambito bio-medicale che \u00e8 il nostro mondo.<\/span><\/span><\/p>\n<p>https:\/\/www.facebook.com\/zaiaufficiale\/videos\/1408305032692282\/<\/p>\n<p>&nbsp;<\/p>\n","protected":false},"excerpt":{"rendered":"<p>VENEZIA I NUMERI 2.006.928 TAMPONI 1.430.000 TEST RAPIDI 29.418 POSITVI (+375)\u00a0 4750 ATTUALMENTE POSITIVI 10417 PERSONE IN ISOLAMENTO RICOVERATI 290 (12% RISPETTO A MARCO) 25 IN TERAPIA INTENSIVA (16 POSITIVI, 9 NEGATIVI) 2200 DECESSI 4171 DIMESSI 45% DEGLI ISOLATI SONO POSITIVI 3,26% DI SINTOMATICI SUI POSITIVI LEGGI LA CONFERENZA STAMPA DI LUCA ZAIA Per Zaia&hellip;<\/p>\n","protected":false},"author":4,"featured_media":142371,"comment_status":"closed","ping_status":"closed","sticky":false,"template":"","format":"standard","meta":{"_monsterinsights_skip_tracking":false,"_monsterinsights_sitenote_active":false,"_monsterinsights_sitenote_note":"","_monsterinsights_sitenote_category":0,"footnotes":""},"categories":[51,49],"tags":[],"class_list":["post-164787","post","type-post","status-publish","format-standard","has-post-thumbnail","hentry","category-evidenza-top","category-news-18","category-51","category-49","description-off"],"img_url":"https:\/\/www.radiopiu.net\/wordpress\/wp-content\/uploads\/2020\/06\/zaia.jpg","_links":{"self":[{"href":"https:\/\/www.radiopiu.net\/wordpress\/wp-json\/wp\/v2\/posts\/164787","targetHints":{"allow":["GET"]}}],"collection":[{"href":"https:\/\/www.radiopiu.net\/wordpress\/wp-json\/wp\/v2\/posts"}],"about":[{"href":"https:\/\/www.radiopiu.net\/wordpress\/wp-json\/wp\/v2\/types\/post"}],"author":[{"embeddable":true,"href":"https:\/\/www.radiopiu.net\/wordpress\/wp-json\/wp\/v2\/users\/4"}],"replies":[{"embeddable":true,"href":"https:\/\/www.radiopiu.net\/wordpress\/wp-json\/wp\/v2\/comments?post=164787"}],"version-history":[{"count":0,"href":"https:\/\/www.radiopiu.net\/wordpress\/wp-json\/wp\/v2\/posts\/164787\/revisions"}],"wp:featuredmedia":[{"embeddable":true,"href":"https:\/\/www.radiopiu.net\/wordpress\/wp-json\/wp\/v2\/media\/142371"}],"wp:attachment":[{"href":"https:\/\/www.radiopiu.net\/wordpress\/wp-json\/wp\/v2\/media?parent=164787"}],"wp:term":[{"taxonomy":"category","embeddable":true,"href":"https:\/\/www.radiopiu.net\/wordpress\/wp-json\/wp\/v2\/categories?post=164787"},{"taxonomy":"post_tag","embeddable":true,"href":"https:\/\/www.radiopiu.net\/wordpress\/wp-json\/wp\/v2\/tags?post=164787"}],"curies":[{"name":"wp","href":"https:\/\/api.w.org\/{rel}","templated":true}]}}