{"id":164801,"date":"2020-10-08T05:56:25","date_gmt":"2020-10-08T03:56:25","guid":{"rendered":"https:\/\/www.radiopiu.net\/wordpress\/?p=164801"},"modified":"2020-10-08T06:08:48","modified_gmt":"2020-10-08T04:08:48","slug":"le-percentuali-della-pandemia-ieri-ed-oggi","status":"publish","type":"post","link":"https:\/\/www.radiopiu.net\/wordpress\/le-percentuali-della-pandemia-ieri-ed-oggi\/","title":{"rendered":"LE PERCENTUALI DELLA PANDEMIA IERI ED OGGI"},"content":{"rendered":"<blockquote>\n<h3>La percentuale di TI su ricoverati si \u00e8 ridotta al 7,6%; i ricoverati in TI sono diminuiti.\u00a0 L\u2019et\u00e0 media dei pazienti in TI si \u00e8 lievemente ridotta ed \u00e8 inferiore a quella della fase 1 La durata media della degenza rimane su livelli pi\u00f9 bassi della fase 1<\/h3>\n<\/blockquote>\n<a href=\"https:\/\/www.radiopiu.net\/wordpress\/wp-content\/uploads\/2020\/10\/STAT-TI-7OTT.pdf\" class=\"pdfemb-viewer\" style=\"\" data-width=\"max\" data-height=\"max\" data-toolbar=\"top\" data-toolbar-fixed=\"on\">STAT TI 7OTT<\/a>\n","protected":false},"excerpt":{"rendered":"<p>La percentuale di TI su ricoverati si \u00e8 ridotta al 7,6%; i ricoverati in TI sono diminuiti.\u00a0 L\u2019et\u00e0 media dei pazienti in TI si \u00e8 lievemente ridotta ed \u00e8 inferiore a quella della fase 1 La durata media della degenza rimane su livelli pi\u00f9 bassi della fase 1<\/p>\n","protected":false},"author":4,"featured_media":145704,"comment_status":"closed","ping_status":"closed","sticky":false,"template":"","format":"standard","meta":{"_monsterinsights_skip_tracking":false,"_monsterinsights_sitenote_active":false,"_monsterinsights_sitenote_note":"","_monsterinsights_sitenote_category":0,"footnotes":""},"categories":[51,49],"tags":[],"class_list":["post-164801","post","type-post","status-publish","format-standard","has-post-thumbnail","hentry","category-evidenza-top","category-news-18","category-51","category-49","description-off"],"img_url":"https:\/\/www.radiopiu.net\/wordpress\/wp-content\/uploads\/2020\/06\/covid-ss.jpg","_links":{"self":[{"href":"https:\/\/www.radiopiu.net\/wordpress\/wp-json\/wp\/v2\/posts\/164801","targetHints":{"allow":["GET"]}}],"collection":[{"href":"https:\/\/www.radiopiu.net\/wordpress\/wp-json\/wp\/v2\/posts"}],"about":[{"href":"https:\/\/www.radiopiu.net\/wordpress\/wp-json\/wp\/v2\/types\/post"}],"author":[{"embeddable":true,"href":"https:\/\/www.radiopiu.net\/wordpress\/wp-json\/wp\/v2\/users\/4"}],"replies":[{"embeddable":true,"href":"https:\/\/www.radiopiu.net\/wordpress\/wp-json\/wp\/v2\/comments?post=164801"}],"version-history":[{"count":0,"href":"https:\/\/www.radiopiu.net\/wordpress\/wp-json\/wp\/v2\/posts\/164801\/revisions"}],"wp:featuredmedia":[{"embeddable":true,"href":"https:\/\/www.radiopiu.net\/wordpress\/wp-json\/wp\/v2\/media\/145704"}],"wp:attachment":[{"href":"https:\/\/www.radiopiu.net\/wordpress\/wp-json\/wp\/v2\/media?parent=164801"}],"wp:term":[{"taxonomy":"category","embeddable":true,"href":"https:\/\/www.radiopiu.net\/wordpress\/wp-json\/wp\/v2\/categories?post=164801"},{"taxonomy":"post_tag","embeddable":true,"href":"https:\/\/www.radiopiu.net\/wordpress\/wp-json\/wp\/v2\/tags?post=164801"}],"curies":[{"name":"wp","href":"https:\/\/api.w.org\/{rel}","templated":true}]}}