{"id":164809,"date":"2020-10-08T05:54:47","date_gmt":"2020-10-08T03:54:47","guid":{"rendered":"https:\/\/www.radiopiu.net\/wordpress\/?p=164809"},"modified":"2020-10-08T06:11:22","modified_gmt":"2020-10-08T04:11:22","slug":"https-wp-me-p63lo7-gsd","status":"publish","type":"post","link":"https:\/\/www.radiopiu.net\/wordpress\/https-wp-me-p63lo7-gsd\/","title":{"rendered":"CATERINA, DALL&#8217;ADA ALLA BSMT DI BOLOGNA, QUANDO LA PASSIONE INSEGUE ED ABBRACCIA IL SOGNO"},"content":{"rendered":"<div><strong><a class=\"dt-pswp-item\" href=\"https:\/\/www.radiopiu.net\/wordpress\/wp-content\/uploads\/2020\/10\/35671781_2103210863054476_8570878543662153728_o-e1602076359714.jpg\" data-dt-img-description=\"\" data-large_image_width=\"960\" data-large_image_height=\"955\"><img loading=\"lazy\" decoding=\"async\" class=\" wp-image-164812 alignleft\" src=\"https:\/\/www.radiopiu.net\/wordpress\/wp-content\/uploads\/2020\/10\/35671781_2103210863054476_8570878543662153728_o-e1602076359714-300x298.jpg\" alt=\"\" width=\"217\" height=\"216\" srcset=\"https:\/\/www.radiopiu.net\/wordpress\/wp-content\/uploads\/2020\/10\/35671781_2103210863054476_8570878543662153728_o-e1602076359714-300x298.jpg 300w, https:\/\/www.radiopiu.net\/wordpress\/wp-content\/uploads\/2020\/10\/35671781_2103210863054476_8570878543662153728_o-e1602076359714-150x150.jpg 150w, https:\/\/www.radiopiu.net\/wordpress\/wp-content\/uploads\/2020\/10\/35671781_2103210863054476_8570878543662153728_o-e1602076359714-768x764.jpg 768w, https:\/\/www.radiopiu.net\/wordpress\/wp-content\/uploads\/2020\/10\/35671781_2103210863054476_8570878543662153728_o-e1602076359714.jpg 960w\" sizes=\"auto, (max-width: 217px) 100vw, 217px\" \/><\/a>AGORDO<\/strong> Parlavamo proprio ieri di Elena, la ragazza bellunese\u00a0 accolta alla prestigiosa BSMT di Bologna, quella che vi raccontiamo oggi \u00e8 invece la storia di Caterina di Agordo che con Elena condivide l&#8217;appartamento a Bologna e dallo scorso lunedi lo stesso percorso accademico. Forse qualcuno era anche presente nel dicembre dello scorso anno quando durante una serata organizzata da <em>Singingpower<\/em> presso il Bar Garibaldi, Elena e Caterina hanno incantato duettando &#8220;Shallow&#8221;.<\/div>\n<div>Caterina Zasso ha 22 anni diplomata in Scienze Umane al Liceo Renier di Belluno,\u00a0 laureanda in Beni Culturali indirizzo musica e spettacolo all&#8217;Universit\u00e0 di Trento, tra poco discuter\u00e0 la tesi. Nonostante il grande impegno nello studio, Caterina ha continuato a cullare il sogno con quella forza che alla fine ti permette di accalappiarlo. Oggi infatti la talentuosa ragazza di Agordo ha la possibilit\u00e0 di\u00a0 recitare, cantare e ballare. Lo scorso lunedi ha varcato la soglia della BSMT bolognese dopo l&#8217;ammissione ad aprile, per meriti grazie al suo impegno nel periodo di lockdown, le audizioni on-line infatti gli hanno permesso di accedere alla nuova esperienza.<\/div>\n<div style=\"text-align: center;\"><strong>DALL&#8217;ASSOCIAZIONE DANZA AGORDINA AI MUSICAL A TRENTO<\/strong><\/div>\n<div>\n<p><a class=\"dt-pswp-item\" href=\"https:\/\/www.radiopiu.net\/wordpress\/wp-content\/uploads\/2020\/10\/10153781_697483376960572_1903292386_n-e1602076720844.jpg\" data-dt-img-description=\"\" data-large_image_width=\"596\" data-large_image_height=\"596\"><img loading=\"lazy\" decoding=\"async\" class=\"wp-image-164821 alignleft\" src=\"https:\/\/www.radiopiu.net\/wordpress\/wp-content\/uploads\/2020\/10\/10153781_697483376960572_1903292386_n-e1602076720844-300x300.jpg\" alt=\"\" width=\"160\" height=\"160\" srcset=\"https:\/\/www.radiopiu.net\/wordpress\/wp-content\/uploads\/2020\/10\/10153781_697483376960572_1903292386_n-e1602076720844-300x300.jpg 300w, https:\/\/www.radiopiu.net\/wordpress\/wp-content\/uploads\/2020\/10\/10153781_697483376960572_1903292386_n-e1602076720844-150x150.jpg 150w, https:\/\/www.radiopiu.net\/wordpress\/wp-content\/uploads\/2020\/10\/10153781_697483376960572_1903292386_n-e1602076720844.jpg 596w\" sizes=\"auto, (max-width: 160px) 100vw, 160px\" \/><\/a>Caterina Zasso fin da bambina ha\u00a0 dimostrato interesse e passione per la musica, il canto, il ballo e la recitazione. Ha iniziato a ballare con l&#8217;Associazione Danza Agordina e dai 9 anni ha frequentato le scuole di musica per imparare a suonare il pianoforte, all&#8217;Accademia Rossini del maestro Ernesto Bellus e al Music Institute di Sedico,<em> &#8220;Realt\u00e0 importanti che permettono di imparare e coltivare le passioni vicino a casa&#8221; <\/em>ammette Caterina. A Trento ha seguito un corso di Musical e di Tip Tap presso Estro scuola di Teatro e Cinema, inoltre\u00a0 un corso di teatro presso Bottega delle Arti &#8211; Emit Flesti. Queste impegnative esperienze l&#8217;hanno ripagata permettendogli di superare le selezioni ed entrare nella compagnia amatoriale Giovane Compagnia TTM di Trento. Il risultato migliore in\u00a0<em> Suorpresa &#8211; un santo variet\u00e0<\/em>\u00a0dal Musical <em>Off Nunsense<\/em> con Caterina nella parte di Sorella Uberta. Spettacolo proposto ad Agordo il 10 agosto 2019 nell&#8217;ambito della rassegna EstaTeatro organizzata da Ad Agordo Proloco. La <a class=\"dt-pswp-item\" href=\"https:\/\/www.radiopiu.net\/wordpress\/wp-content\/uploads\/2020\/10\/e93631ea-b37a-412f-b4e9-cfbf79f731f3.jpg\" data-dt-img-description=\"\" data-large_image_width=\"1440\" data-large_image_height=\"720\"><img loading=\"lazy\" decoding=\"async\" class=\"size-medium wp-image-164819 alignright\" src=\"https:\/\/www.radiopiu.net\/wordpress\/wp-content\/uploads\/2020\/10\/e93631ea-b37a-412f-b4e9-cfbf79f731f3-300x150.jpg\" alt=\"\" width=\"300\" height=\"150\" srcset=\"https:\/\/www.radiopiu.net\/wordpress\/wp-content\/uploads\/2020\/10\/e93631ea-b37a-412f-b4e9-cfbf79f731f3-300x150.jpg 300w, https:\/\/www.radiopiu.net\/wordpress\/wp-content\/uploads\/2020\/10\/e93631ea-b37a-412f-b4e9-cfbf79f731f3-1024x512.jpg 1024w, https:\/\/www.radiopiu.net\/wordpress\/wp-content\/uploads\/2020\/10\/e93631ea-b37a-412f-b4e9-cfbf79f731f3-768x384.jpg 768w, https:\/\/www.radiopiu.net\/wordpress\/wp-content\/uploads\/2020\/10\/e93631ea-b37a-412f-b4e9-cfbf79f731f3.jpg 1440w\" sizes=\"auto, (max-width: 300px) 100vw, 300px\" \/><\/a>compagnia trentina con\u00a0 &#8220;Suorpresa&#8221; ha partecipato\u00a0 al concorso nazionale <em>Into The Musical<\/em> a Firenze meritando\u00a0 il premio di miglior regia in assoluto di tutte le categorie. Un premio assegnato alla regista Martina Lazzari\u00a0 <em>&#8220;A lei &#8211;<\/em> dice Caterina <em>&#8211; sar\u00f2 sempre grata\u00a0 per tutto quello che mi ha insegnato&#8221;. <\/em>Tra le ulteriori\u00a0 e concrete soddisfazioni una borsa di studio per l&#8217;intera Compagnia e un premio\u00a0 &#8220;Riflettori Su&#8221; per\u00a0 Caterina, ovvero\u00a0 una Borsa di Studio personale come miglior cantante solista con il brano scelto per il concorso.<em><em> &#8220;Con la borsa di studio &#8211; conclude Caterina &#8211;\u00a0 ho partecipato\u00a0 ad una MasterClass di Musical con il Maestro Simon Lee e Christine Grimaldi\u00a0 nel dicembre 2019&#8221;\u00a0 (foto dalla pagina facebook\u00a0 \u00a0di <strong><span style=\"color: #0000ff;\">CATERINA ZASSO<\/span><\/strong> by Giulio Dallatorre)<\/em><\/em><\/p>\n<\/div>\n<p>&nbsp;<\/p>\n<p>&nbsp;<\/p>\n<div>\n<div class=\"_63tb\">\n<div class=\"_5wpt\"><\/div>\n<\/div>\n<\/div>\n<p><iframe loading=\"lazy\" title=\"Million Reasons - Lady Gaga (cover by CAnTastoriE)\" width=\"1200\" height=\"675\" src=\"https:\/\/www.youtube.com\/embed\/kuqmyNDhL84?feature=oembed\" frameborder=\"0\" allow=\"accelerometer; autoplay; clipboard-write; encrypted-media; gyroscope; picture-in-picture\" allowfullscreen><\/iframe><\/p>\n<p>&nbsp;<\/p>\n<p>&nbsp;<\/p>\n<p><iframe loading=\"lazy\" title=\"Sober - Demi Lovato (Cover By CAnTastoriE)\" width=\"1200\" height=\"900\" src=\"https:\/\/www.youtube.com\/embed\/9Hm-g1vpPMY?feature=oembed\" frameborder=\"0\" allow=\"accelerometer; autoplay; clipboard-write; encrypted-media; gyroscope; picture-in-picture\" allowfullscreen><\/iframe><\/p>\n<div><\/div>\n<div><a class=\"dt-pswp-item\" href=\"https:\/\/www.radiopiu.net\/wordpress\/wp-content\/uploads\/2020\/10\/inaugurazione-bsmt-center-for-the-performing-arts.jpg\" data-dt-img-description=\"\" data-large_image_width=\"1181\" data-large_image_height=\"550\"><img loading=\"lazy\" decoding=\"async\" class=\"size-medium wp-image-164544 alignleft\" src=\"https:\/\/www.radiopiu.net\/wordpress\/wp-content\/uploads\/2020\/10\/inaugurazione-bsmt-center-for-the-performing-arts-300x140.jpg\" alt=\"\" width=\"300\" height=\"140\" srcset=\"https:\/\/www.radiopiu.net\/wordpress\/wp-content\/uploads\/2020\/10\/inaugurazione-bsmt-center-for-the-performing-arts-300x140.jpg 300w, https:\/\/www.radiopiu.net\/wordpress\/wp-content\/uploads\/2020\/10\/inaugurazione-bsmt-center-for-the-performing-arts-1024x477.jpg 1024w, https:\/\/www.radiopiu.net\/wordpress\/wp-content\/uploads\/2020\/10\/inaugurazione-bsmt-center-for-the-performing-arts-768x358.jpg 768w, https:\/\/www.radiopiu.net\/wordpress\/wp-content\/uploads\/2020\/10\/inaugurazione-bsmt-center-for-the-performing-arts.jpg 1181w\" sizes=\"auto, (max-width: 300px) 100vw, 300px\" \/><\/a>Il BSMT Center for the Perfoming Arts \u00e8 una delle migliori strutture di formazione del settore in Italia. Inaugurato nel 2017, \u00e8 stato accreditato dalla Regione Emilia Romagna come polo di formazione culturale a livello europeo, entrando cos\u00ec a far parte del gruppo di istituzioni riconosciute a livello nazionale aventi diritto ad accedere ai fondi stanziati dalla Comunit\u00e0 Europea (Fondo Sociale Europeo). A questo riconoscimento si aggiunge quello ottenuto nel corso del 2018 dal Ministero per i Beni e le Attivit\u00e0 Culturali che ha attribuito all\u2019Accademia un contributo per le attivit\u00e0 svolte a servizio della cultura, rientrando cos\u00ec come prima scuola di Musical Theater tra gli enti che beneficiano del Fondo Unico per lo spettacolo (FUS).<\/div>\n<div><\/div>\n","protected":false},"excerpt":{"rendered":"<p>AGORDO Parlavamo proprio ieri di Elena, la ragazza bellunese\u00a0 accolta alla prestigiosa BSMT di Bologna, quella che vi raccontiamo oggi \u00e8 invece la storia di Caterina di Agordo che con Elena condivide l&#8217;appartamento a Bologna e dallo scorso lunedi lo stesso percorso accademico. Forse qualcuno era anche presente nel dicembre dello scorso anno quando durante&hellip;<\/p>\n","protected":false},"author":4,"featured_media":164819,"comment_status":"closed","ping_status":"closed","sticky":false,"template":"","format":"standard","meta":{"_monsterinsights_skip_tracking":false,"_monsterinsights_sitenote_active":false,"_monsterinsights_sitenote_note":"","_monsterinsights_sitenote_category":0,"footnotes":""},"categories":[1,51,104,49],"tags":[],"class_list":["post-164809","post","type-post","status-publish","format-standard","has-post-thumbnail","hentry","category-senza-categoria","category-evidenza-top","category-evidenza_3","category-news-18","category-1","category-51","category-104","category-49","description-off"],"img_url":"https:\/\/www.radiopiu.net\/wordpress\/wp-content\/uploads\/2020\/10\/e93631ea-b37a-412f-b4e9-cfbf79f731f3.jpg","_links":{"self":[{"href":"https:\/\/www.radiopiu.net\/wordpress\/wp-json\/wp\/v2\/posts\/164809","targetHints":{"allow":["GET"]}}],"collection":[{"href":"https:\/\/www.radiopiu.net\/wordpress\/wp-json\/wp\/v2\/posts"}],"about":[{"href":"https:\/\/www.radiopiu.net\/wordpress\/wp-json\/wp\/v2\/types\/post"}],"author":[{"embeddable":true,"href":"https:\/\/www.radiopiu.net\/wordpress\/wp-json\/wp\/v2\/users\/4"}],"replies":[{"embeddable":true,"href":"https:\/\/www.radiopiu.net\/wordpress\/wp-json\/wp\/v2\/comments?post=164809"}],"version-history":[{"count":0,"href":"https:\/\/www.radiopiu.net\/wordpress\/wp-json\/wp\/v2\/posts\/164809\/revisions"}],"wp:featuredmedia":[{"embeddable":true,"href":"https:\/\/www.radiopiu.net\/wordpress\/wp-json\/wp\/v2\/media\/164819"}],"wp:attachment":[{"href":"https:\/\/www.radiopiu.net\/wordpress\/wp-json\/wp\/v2\/media?parent=164809"}],"wp:term":[{"taxonomy":"category","embeddable":true,"href":"https:\/\/www.radiopiu.net\/wordpress\/wp-json\/wp\/v2\/categories?post=164809"},{"taxonomy":"post_tag","embeddable":true,"href":"https:\/\/www.radiopiu.net\/wordpress\/wp-json\/wp\/v2\/tags?post=164809"}],"curies":[{"name":"wp","href":"https:\/\/api.w.org\/{rel}","templated":true}]}}