{"id":164820,"date":"2020-10-08T05:58:13","date_gmt":"2020-10-08T03:58:13","guid":{"rendered":"https:\/\/www.radiopiu.net\/wordpress\/?p=164820"},"modified":"2020-10-08T06:26:18","modified_gmt":"2020-10-08T04:26:18","slug":"messaggi-anti-covid-sugli-autobus-dolomitibus-spinge-sulla-sicurezza-e-sensibilizza-gli-studenti","status":"publish","type":"post","link":"https:\/\/www.radiopiu.net\/wordpress\/messaggi-anti-covid-sugli-autobus-dolomitibus-spinge-sulla-sicurezza-e-sensibilizza-gli-studenti\/","title":{"rendered":"MESSAGGI ANTI-COVID SUGLI AUTOBUS: DOLOMITIBUS SPINGE SULLA SICUREZZA E SENSIBILIZZA GLI STUDENTI"},"content":{"rendered":"<p><strong><a class=\"dt-pswp-item\" href=\"https:\/\/www.radiopiu.net\/wordpress\/wp-content\/uploads\/2020\/06\/80c303ed-9a2e-49f0-8b20-3dd5e061bbf3.jpg\" data-dt-img-description=\"\" data-large_image_width=\"1280\" data-large_image_height=\"960\"><img loading=\"lazy\" decoding=\"async\" class=\"size-medium wp-image-145520 alignleft\" src=\"https:\/\/www.radiopiu.net\/wordpress\/wp-content\/uploads\/2020\/06\/80c303ed-9a2e-49f0-8b20-3dd5e061bbf3-300x225.jpg\" alt=\"\" width=\"300\" height=\"225\" srcset=\"https:\/\/www.radiopiu.net\/wordpress\/wp-content\/uploads\/2020\/06\/80c303ed-9a2e-49f0-8b20-3dd5e061bbf3-300x225.jpg 300w, https:\/\/www.radiopiu.net\/wordpress\/wp-content\/uploads\/2020\/06\/80c303ed-9a2e-49f0-8b20-3dd5e061bbf3-1024x768.jpg 1024w, https:\/\/www.radiopiu.net\/wordpress\/wp-content\/uploads\/2020\/06\/80c303ed-9a2e-49f0-8b20-3dd5e061bbf3-768x576.jpg 768w, https:\/\/www.radiopiu.net\/wordpress\/wp-content\/uploads\/2020\/06\/80c303ed-9a2e-49f0-8b20-3dd5e061bbf3.jpg 1280w\" sizes=\"auto, (max-width: 300px) 100vw, 300px\" \/><\/a>BELLUNO\u00a0<\/strong>Dolomitibus spinge al massimo sulla sicurezza dei passeggeri. E chiede la collaborazione degli studenti. In epoca Covid, l\u2019azienda di trasporto pubblico sensibilizza l\u2019utenza al rispetto delle misure anti-contagio. Nei prossimi giorni infatti i monitor di servizio a bordo degli autobus urbani, oltre ai consueti avvisi di informazione, trasmetteranno anche nuovi messaggi ideati appositamente per invitare i ragazzi al senso di responsabilit\u00e0. \u00abRitroviamoci sul bus in sicurezza\u00bb e \u00abIl trasporto sicuro dipende anche da te!\u00bb saranno gli slogan principali della nuova campagna, tutta orientata a spiegare soprattutto agli studenti i comportamenti base da tenere sui mezzi pubblici (mascherina sempre indossata correttamente, porta d\u2019ingresso a salire, porta d\u2019uscita a scendere, e le altre linee guida). Con l\u2019occasione, sar\u00e0 sottolineata con particolare attenzione anche la capienza all\u2019interno dei pullman, che oggi per legge non pu\u00f2 superare l\u201980%, evidenziata da appositi adesivi che indicano il numero di posti in piedi e a sedere disponibili in base alle disposizioni vigenti (e fatta rispettare dai conducenti).\u00a0\u00ab<em>Si tratta di un sistema facile e smart per ribadire il concetto della sicurezza dei mezzi pubblici &#8211; spiega il consigliere provinciale delegato ai trasporti, Dario Scopel -. Sicurezza che passa inevitabilmente anche attraverso la responsabilit\u00e0 dei passeggeri. Se tutti indossano correttamente la mascherina e adoperano comportamenti in linea con le norme anti-contagio, i pullman sono il mezzo pi\u00f9 sicuro e pi\u00f9 sostenibile per i propri spostamenti. Dolomitibus sta anche valutando la possibilit\u00e0 di estendere la tecnologia presente sugli autobus urbani per veicolare questi messaggi, che permettono al viaggio di svolgersi in sicurezza e tranquillit\u00e0. Apprezziamo lo sforzo dell\u2019azienda nel cercare di contenere e limitare i disagi dei passeggeri, nella consapevolezza che qualche disguido c\u2019\u00e8 stato nelle prime settimane di scuola<\/em>\u00bb.\u00a0Il riferimento \u00e8 ad alcune lamentele arrivate a Dolomitibus e alla Provincia, relative soprattutto a mancate coincidenze di alcune corse. L\u2019azienda di trasporto pubblico ha raccolto tutte le segnalazioni, tracciando i movimenti degli autobus al secondo, grazie a un sistema di monitoraggio installato su tutti i mezzi. \u00ab<em>Nei casi di mancata coincidenza, con passeggeri rimasti alla fermata, \u00e8 stato disposto anche l\u2019invio di un mezzo per raccogliere gli utenti &#8211; fa sapere Dolomitibus -. Quanto alla segnalazione della corsa Caprile-Agordo del 5 ottobre, secondo cui sono stati lasciati a terra alcuni studenti a Cencenighe, \u00e8 necessario evidenziare che l\u2019autista non ha visto nessuno alla fermata, e cos\u00ec anche il conducente della corsa Falcade-Agordo, transitato due minuti prima nei pressi della stessa fermata. Lo stesso autore della segnalazione ammette che a causa della pioggia si \u00e8 dovuto riparare nella rientranza coperta di una pasticceria adiacente. Tutto \u00e8 perfettibile, ma il disguido non \u00e8 da imputare alla mancanza di professionalit\u00e0 del personale<\/em>\u00bb.<\/p>\n","protected":false},"excerpt":{"rendered":"<p>BELLUNO\u00a0Dolomitibus spinge al massimo sulla sicurezza dei passeggeri. E chiede la collaborazione degli studenti. In epoca Covid, l\u2019azienda di trasporto pubblico sensibilizza l\u2019utenza al rispetto delle misure anti-contagio. Nei prossimi giorni infatti i monitor di servizio a bordo degli autobus urbani, oltre ai consueti avvisi di informazione, trasmetteranno anche nuovi messaggi ideati appositamente per invitare&hellip;<\/p>\n","protected":false},"author":4,"featured_media":145520,"comment_status":"closed","ping_status":"closed","sticky":false,"template":"","format":"standard","meta":{"_monsterinsights_skip_tracking":false,"_monsterinsights_sitenote_active":false,"_monsterinsights_sitenote_note":"","_monsterinsights_sitenote_category":0,"footnotes":""},"categories":[49],"tags":[],"class_list":["post-164820","post","type-post","status-publish","format-standard","has-post-thumbnail","hentry","category-news-18","category-49","description-off"],"img_url":"https:\/\/www.radiopiu.net\/wordpress\/wp-content\/uploads\/2020\/06\/80c303ed-9a2e-49f0-8b20-3dd5e061bbf3.jpg","_links":{"self":[{"href":"https:\/\/www.radiopiu.net\/wordpress\/wp-json\/wp\/v2\/posts\/164820","targetHints":{"allow":["GET"]}}],"collection":[{"href":"https:\/\/www.radiopiu.net\/wordpress\/wp-json\/wp\/v2\/posts"}],"about":[{"href":"https:\/\/www.radiopiu.net\/wordpress\/wp-json\/wp\/v2\/types\/post"}],"author":[{"embeddable":true,"href":"https:\/\/www.radiopiu.net\/wordpress\/wp-json\/wp\/v2\/users\/4"}],"replies":[{"embeddable":true,"href":"https:\/\/www.radiopiu.net\/wordpress\/wp-json\/wp\/v2\/comments?post=164820"}],"version-history":[{"count":0,"href":"https:\/\/www.radiopiu.net\/wordpress\/wp-json\/wp\/v2\/posts\/164820\/revisions"}],"wp:featuredmedia":[{"embeddable":true,"href":"https:\/\/www.radiopiu.net\/wordpress\/wp-json\/wp\/v2\/media\/145520"}],"wp:attachment":[{"href":"https:\/\/www.radiopiu.net\/wordpress\/wp-json\/wp\/v2\/media?parent=164820"}],"wp:term":[{"taxonomy":"category","embeddable":true,"href":"https:\/\/www.radiopiu.net\/wordpress\/wp-json\/wp\/v2\/categories?post=164820"},{"taxonomy":"post_tag","embeddable":true,"href":"https:\/\/www.radiopiu.net\/wordpress\/wp-json\/wp\/v2\/tags?post=164820"}],"curies":[{"name":"wp","href":"https:\/\/api.w.org\/{rel}","templated":true}]}}