{"id":164840,"date":"2020-10-07T23:59:13","date_gmt":"2020-10-07T21:59:13","guid":{"rendered":"https:\/\/www.radiopiu.net\/wordpress\/?p=164840"},"modified":"2020-10-08T06:13:12","modified_gmt":"2020-10-08T04:13:12","slug":"riva-de-na-olta-paes-de-conze-e-de-canop-la-storia-in-un-libro-di-vergani-e-laveder","status":"publish","type":"post","link":"https:\/\/www.radiopiu.net\/wordpress\/riva-de-na-olta-paes-de-conze-e-de-canop-la-storia-in-un-libro-di-vergani-e-laveder\/","title":{"rendered":"\u00a0RIVA DE NA \u00d2LTA: PA\u00c8S DE CONZE E DE CAN\u00d2P LA STORIA IN UN LIBRO DI VERGANI E LAVEDER"},"content":{"rendered":"<div id=\"u_0_j\" class=\"_li\">\n<div id=\"pagelet_dock\" data-referrer=\"pagelet_dock\" data-veid=\"vc_17\">\n<div id=\"u_0_43\" class=\"_48gf fbDockWrapper fbDockWrapperRight\">\n<div class=\"fbDock clearfix\">\n<div class=\"clearfix nubContainer rNubContainer\">\n<div id=\"ChatTabsPagelet\" data-referrer=\"ChatTabsPagelet\">\n<div id=\"u_0_3x\">\n<div class=\"fbNubGroup clearfix _56oy _20fw _3__- _4ml1 _3hx-\">\n<div id=\"u_0_3y\" class=\"fbNubGroup clearfix\">\n<div class=\"_59v1\">\n<div class=\"_5qi9 _5qib _5qic\">\n<div class=\" _3_9e _s0f _50mz _50m_ fbNub _50-v focusedTab hoveredTab opened _27_3 fantaTabMain-user:100001526120073\" data-ft=\"{&quot;tn&quot;:&quot;+M&quot;}\">\n<div class=\"fbNubFlyout fbDockChatTabFlyout uiContextualLayerParent\" role=\"complementary\">\n<div class=\"fbNubFlyoutOuter\">\n<div class=\" _6vu5 _6z9d fbNubFlyoutInner _6vu1\">\n<div id=\"js_y\" class=\"_1ia _2sz2\">\n<div class=\"_1i6a\">\n<div class=\"_4po3 _4po4\">\n<div class=\"_4po5\">\n<div class=\"_4po8\">\n<div class=\"_4po9\">\n<div>\n<div>\n<div class=\"_4tdt _ua1\">\n<div class=\"_ua2\">\n<div class=\"_4tdv\">\n<div class=\"_5wd4 _1nc7\">\n<div class=\"._1dlq _h8t\">\n<div class=\"_5wd9 direction_ltr clearfix\">\n<div class=\"_1e-x _n4o\">\n<div class=\"_3_bl\">\n<div class=\"_5w1r _3_om _5wdf\">\n<div class=\"_4gx_\">\n<div class=\"_1aa6\">\n<div><strong>di RENATO BONA\u00a0<\/strong><\/div>\n<div><span class=\"_5yl5\">Stampato nel 1983 da Nuovi Sentieri Editori con 66 belle fotografie del periodo 1888-1950 Nella mia biblioteca custodisco gelosamente un bellissimo libro: \u201cRiva de na \u00f2lta: pa\u00e9s de c\u00f2nze e de can\u00f2p\u201d, testo Raffaello Vergani e riproduzioni fotografiche dell\u2019amico Giuliano Laveder, stampato nel 1983 da Litografia Antiga di Crocetta del Montello per Nuovi Sentieri editore di Bepi Pellegrinon, a cura dell\u2019Amministrazione comunale di Rivamonte Agordino con il contributo della Parrocchia locale e dell\u2019Azienda autonoma soggiorno e turismo \u201cConca Agordina\u201d in occasione della mostra fotografica \u201cRiva de na \u00f2lta\u201d allestita nell\u2019estate del 1983. Va ricordato che le fotografie del volume sono state fornite per la maggior parte dalla gente del paese, altre provengono dall\u2019archivio di Loris Santomaso (che ha curato l\u2019ordinazione fotografica e didascalica) e altre ancora da Bepi Pellegrinon, Rinaldo Andrich ed Adelio Da Ronch. La presentazione del libro fu del sindaco Domenico Del Din il quale mise in evidenza che \u201c\u2026 il linguaggio impiegato \u00e8 quello delle immagini, una forma espressiva fresca ed immediata che evoca una moltitudine di ricordi negli anziani e stimola alla ricerca e al confronto le nuove generazioni\u201d. Secondo Del Din \u201c\u2026 l\u2019opera \u00e8 un\u2019autentica galleria di quadri che riproducono con fedelt\u00e0, buon gusto ed arte un arco di tempo che abbraccia un secolo, circa, di storia del nostro comune. Si tratta di villaggi rustici, di comitive allegre e vivaci rese caratteristiche dai ricercati costumi dell\u2019epoca, di suggestivi paesaggi incorniciati dalle nostre immutabili \u2018crode\u2019, di feste cariche di spirito religioso e folkloristico, di scenette agricole e pastorali, di operosi seggiolai ambulanti, di serve e minatori\u201d che svolgevano \u201ci mestieri che rappresentavano la forza economica trainante di Riva fino a qualche decennio fa\u2026 l\u2019agricoltura e l\u2019allevamento, poi, costituivano un necessario aiuto per l\u2019integrazione del modesto bilancio familiare, spesso sul limite della pura sopravvivenza\u201d. Oggi &#8211; concludeva il Sindaco \u2013tutto \u00e8 mutato: le miniere dell\u2019Imperina dopo sei secoli di sfruttamento sono state chiuse, i seggiolai hanno riposto definitivamente nelle soffitte i ferri del mestiere, il lavoro della serva emigrante non \u00e8 pi\u00f9 praticato\u2026 Tanta gente se n\u2019\u00e8 andata in cerca di un posto di lavoro rispondente alle nuove esigenze di vita. Ecco quindi che quest\u2019opera rappresenta un nobile sforzo di recupero culturale di testimonianze passate, ormai degne di entrare nella storia\u2026 La conoscenza del passato \u00e8 un indispensabile strumento per programmare in modo equilibrato il futuro\u2026\u201d. A Raffaello Vergani (che \u00e8 stato insignito della cittadinanza onoraria di Rivamonte Agordino \u2013 ndr.) il compito di illustrare sinteticamente la storia (sulla quale torneremo anche per proporre altre immagini \u2013 ndr.): sotto il titolo \u201cDa Riva d\u2019Agordo a Rivamonte Agordino\u201d scrive fra l\u2019altro che: \u201c\u2026 In passato Riva d\u2019Agordo &#8211; cos\u00ec si chiamava fino al 1867, quando ne fu mutata la denominazione per facilitare il recapito della posta &#8211; \u00e8 stato per circa tre secoli un paese omogeneo, stabile e coerente, sul piano economico, sociale e demografico. In senso relativo, s\u2019intende: le crisi non mancano mai, nella storia di una comunit\u00e0. Ma nell\u2019insieme il paese, come si dice \u2018ha tenuto\u2019 per un lungo periodo. I tre secoli di cui parliamo si svolgono, grosso modo, dal 1600 al 1900: i maschi in et\u00e0 lavorativa, allora, erano quasi tutti minatori e operai metallurgici\u2026\u201d. Ed eccoci a Giuliano Laveder il quale precisa che \u201cUna innata passione per la fotografie ed un profondo attaccamento al mio paese e alla sua tradizione, sono i primi e soli responsabili delle immagini di questa pubblicazione e di tutte le altre presentate in occasione della mostra su Riva di una volta\u201d e auspica \u201cAl di l\u00e0 di ogni possibile apprezzamento sul risultato \u2018tecnico\u2019: vorrei che fosse colto il messaggio di vita che costituisce il nodo unitario di tutte queste fotografie: la vita dei nostri vecchi, dei can\u00f2p e dei c\u00f2nze, in particolare della nostra comunit\u00e0 cos\u00ec\u2019 ricca di storia, di tradizioni, di umanit\u00e0 e di cultura, il modo di essere di Riva quando la civilt\u00e0 dei consumi era ben di l\u00e0 da venire\u201d. E\u2019 in questo modo &#8211; afferma &#8211; che ho voluto testimoniare il sincero amore per il mio paese e la sua gente\u2026\u201d. <\/span><\/div>\n<div>\n\n\t\t\t<style type='text\/css'>\n\t\t\t\t#gallery-1 {\n\t\t\t\t\tmargin: auto;\n\t\t\t\t}\n\t\t\t\t#gallery-1 .gallery-item {\n\t\t\t\t\tfloat: left;\n\t\t\t\t\tmargin-top: 10px;\n\t\t\t\t\ttext-align: center;\n\t\t\t\t\twidth: 25%;\n\t\t\t\t}\n\t\t\t\t#gallery-1 img {\n\t\t\t\t\tborder: 2px solid #cfcfcf;\n\t\t\t\t}\n\t\t\t\t#gallery-1 .gallery-caption {\n\t\t\t\t\tmargin-left: 0;\n\t\t\t\t}\n\t\t\t\t\/* see gallery_shortcode() in wp-includes\/media.php *\/\n\t\t\t<\/style>\n\t\t<div id='gallery-1' class='dt-gallery-container gallery galleryid-164840 gallery-columns-4 gallery-size-thumbnail'><dl class='gallery-item'>\n\t\t\t\t<dt class='gallery-icon landscape'>\n\t\t\t\t\t<a class=\"rollover rollover-zoom dt-pswp-item\" title=\"121025843_371758550867986_9074257056832483000_n[2]\" data-dt-img-description=\"\" data-large_image_width=\"960\" data-large_image_height=\"932\"href='https:\/\/www.radiopiu.net\/wordpress\/wp-content\/uploads\/2020\/10\/121025843_371758550867986_9074257056832483000_n2.jpg'><img loading=\"lazy\" decoding=\"async\" width=\"150\" height=\"150\" src=\"https:\/\/www.radiopiu.net\/wordpress\/wp-content\/uploads\/2020\/10\/121025843_371758550867986_9074257056832483000_n2-150x150.jpg\" class=\"attachment-thumbnail size-thumbnail\" alt=\"\" \/><\/a>\n\t\t\t\t<\/dt><\/dl><dl class='gallery-item'>\n\t\t\t\t<dt class='gallery-icon portrait'>\n\t\t\t\t\t<a class=\"rollover rollover-zoom dt-pswp-item\" title=\"121031685_2840069822887469_900518833543077995_n[1]\" data-dt-img-description=\"\" data-large_image_width=\"197\" data-large_image_height=\"255\"href='https:\/\/www.radiopiu.net\/wordpress\/wp-content\/uploads\/2020\/10\/121031685_2840069822887469_900518833543077995_n1.jpg'><img loading=\"lazy\" decoding=\"async\" width=\"150\" height=\"150\" src=\"https:\/\/www.radiopiu.net\/wordpress\/wp-content\/uploads\/2020\/10\/121031685_2840069822887469_900518833543077995_n1-150x150.jpg\" class=\"attachment-thumbnail size-thumbnail\" alt=\"\" \/><\/a>\n\t\t\t\t<\/dt><\/dl><dl class='gallery-item'>\n\t\t\t\t<dt class='gallery-icon portrait'>\n\t\t\t\t\t<a class=\"rollover rollover-zoom dt-pswp-item\" title=\"121055574_414680809560824_3618435018069619085_n[1]\" data-dt-img-description=\"\" data-large_image_width=\"699\" data-large_image_height=\"800\"href='https:\/\/www.radiopiu.net\/wordpress\/wp-content\/uploads\/2020\/10\/121055574_414680809560824_3618435018069619085_n1.jpg'><img loading=\"lazy\" decoding=\"async\" width=\"150\" height=\"150\" src=\"https:\/\/www.radiopiu.net\/wordpress\/wp-content\/uploads\/2020\/10\/121055574_414680809560824_3618435018069619085_n1-150x150.jpg\" class=\"attachment-thumbnail size-thumbnail\" alt=\"\" \/><\/a>\n\t\t\t\t<\/dt><\/dl><dl class='gallery-item'>\n\t\t\t\t<dt class='gallery-icon landscape'>\n\t\t\t\t\t<a class=\"rollover rollover-zoom dt-pswp-item\" title=\"121026260_2756992601240194_1134084220103638757_n[1]\" data-dt-img-description=\"\" data-large_image_width=\"960\" data-large_image_height=\"643\"href='https:\/\/www.radiopiu.net\/wordpress\/wp-content\/uploads\/2020\/10\/121026260_2756992601240194_1134084220103638757_n1.jpg'><img loading=\"lazy\" decoding=\"async\" width=\"150\" height=\"150\" src=\"https:\/\/www.radiopiu.net\/wordpress\/wp-content\/uploads\/2020\/10\/121026260_2756992601240194_1134084220103638757_n1-150x150.jpg\" class=\"attachment-thumbnail size-thumbnail\" alt=\"\" \/><\/a>\n\t\t\t\t<\/dt><\/dl><br style=\"clear: both\" \/><dl class='gallery-item'>\n\t\t\t\t<dt class='gallery-icon landscape'>\n\t\t\t\t\t<a class=\"rollover rollover-zoom dt-pswp-item\" title=\"121057626_2791988481013152_2136076517976741344_n[2]\" data-dt-img-description=\"\" data-large_image_width=\"960\" data-large_image_height=\"524\"href='https:\/\/www.radiopiu.net\/wordpress\/wp-content\/uploads\/2020\/10\/121057626_2791988481013152_2136076517976741344_n2.jpg'><img loading=\"lazy\" decoding=\"async\" width=\"150\" height=\"150\" src=\"https:\/\/www.radiopiu.net\/wordpress\/wp-content\/uploads\/2020\/10\/121057626_2791988481013152_2136076517976741344_n2-150x150.jpg\" class=\"attachment-thumbnail size-thumbnail\" alt=\"\" \/><\/a>\n\t\t\t\t<\/dt><\/dl><dl class='gallery-item'>\n\t\t\t\t<dt class='gallery-icon portrait'>\n\t\t\t\t\t<a class=\"rollover rollover-zoom dt-pswp-item\" title=\"121012053_328638868228765_8160001024539737359_n[1]\" data-dt-img-description=\"\" data-large_image_width=\"694\" data-large_image_height=\"960\"href='https:\/\/www.radiopiu.net\/wordpress\/wp-content\/uploads\/2020\/10\/121012053_328638868228765_8160001024539737359_n1.jpg'><img loading=\"lazy\" decoding=\"async\" width=\"150\" height=\"150\" src=\"https:\/\/www.radiopiu.net\/wordpress\/wp-content\/uploads\/2020\/10\/121012053_328638868228765_8160001024539737359_n1-150x150.jpg\" class=\"attachment-thumbnail size-thumbnail\" alt=\"\" \/><\/a>\n\t\t\t\t<\/dt><\/dl><dl class='gallery-item'>\n\t\t\t\t<dt class='gallery-icon landscape'>\n\t\t\t\t\t<a class=\"rollover rollover-zoom dt-pswp-item\" title=\"121029539_338633647250519_3442142788427202288_n[1]\" data-dt-img-description=\"\" data-large_image_width=\"960\" data-large_image_height=\"662\"href='https:\/\/www.radiopiu.net\/wordpress\/wp-content\/uploads\/2020\/10\/121029539_338633647250519_3442142788427202288_n1.jpg'><img loading=\"lazy\" decoding=\"async\" width=\"150\" height=\"150\" src=\"https:\/\/www.radiopiu.net\/wordpress\/wp-content\/uploads\/2020\/10\/121029539_338633647250519_3442142788427202288_n1-150x150.jpg\" class=\"attachment-thumbnail size-thumbnail\" alt=\"\" \/><\/a>\n\t\t\t\t<\/dt><\/dl><dl class='gallery-item'>\n\t\t\t\t<dt class='gallery-icon landscape'>\n\t\t\t\t\t<a class=\"rollover rollover-zoom dt-pswp-item\" title=\"121036777_340850487125213_2463638016418630571_n[1]\" data-dt-img-description=\"\" data-large_image_width=\"960\" data-large_image_height=\"666\"href='https:\/\/www.radiopiu.net\/wordpress\/wp-content\/uploads\/2020\/10\/121036777_340850487125213_2463638016418630571_n1.jpg'><img loading=\"lazy\" decoding=\"async\" width=\"150\" height=\"150\" src=\"https:\/\/www.radiopiu.net\/wordpress\/wp-content\/uploads\/2020\/10\/121036777_340850487125213_2463638016418630571_n1-150x150.jpg\" class=\"attachment-thumbnail size-thumbnail\" alt=\"\" \/><\/a>\n\t\t\t\t<\/dt><\/dl><br style=\"clear: both\" \/><dl class='gallery-item'>\n\t\t\t\t<dt class='gallery-icon landscape'>\n\t\t\t\t\t<a class=\"rollover rollover-zoom dt-pswp-item\" title=\"121024517_346528573282696_7372001970356520054_n[2]\" data-dt-img-description=\"\" data-large_image_width=\"960\" data-large_image_height=\"685\"href='https:\/\/www.radiopiu.net\/wordpress\/wp-content\/uploads\/2020\/10\/121024517_346528573282696_7372001970356520054_n2.jpg'><img loading=\"lazy\" decoding=\"async\" width=\"150\" height=\"150\" src=\"https:\/\/www.radiopiu.net\/wordpress\/wp-content\/uploads\/2020\/10\/121024517_346528573282696_7372001970356520054_n2-150x150.jpg\" class=\"attachment-thumbnail size-thumbnail\" alt=\"\" \/><\/a>\n\t\t\t\t<\/dt><\/dl><dl class='gallery-item'>\n\t\t\t\t<dt class='gallery-icon landscape'>\n\t\t\t\t\t<a class=\"rollover rollover-zoom dt-pswp-item\" title=\"121035225_366701577789455_7119112019303041794_n[1]\" data-dt-img-description=\"\" data-large_image_width=\"960\" data-large_image_height=\"651\"href='https:\/\/www.radiopiu.net\/wordpress\/wp-content\/uploads\/2020\/10\/121035225_366701577789455_7119112019303041794_n1.jpg'><img loading=\"lazy\" decoding=\"async\" width=\"150\" height=\"150\" src=\"https:\/\/www.radiopiu.net\/wordpress\/wp-content\/uploads\/2020\/10\/121035225_366701577789455_7119112019303041794_n1-150x150.jpg\" class=\"attachment-thumbnail size-thumbnail\" alt=\"\" \/><\/a>\n\t\t\t\t<\/dt><\/dl><dl class='gallery-item'>\n\t\t\t\t<dt class='gallery-icon portrait'>\n\t\t\t\t\t<a class=\"rollover rollover-zoom dt-pswp-item\" title=\"121039458_675231560061909_5282114981348525509_n[1]\" data-dt-img-description=\"\" data-large_image_width=\"704\" data-large_image_height=\"960\"href='https:\/\/www.radiopiu.net\/wordpress\/wp-content\/uploads\/2020\/10\/121039458_675231560061909_5282114981348525509_n1.jpg'><img loading=\"lazy\" decoding=\"async\" width=\"150\" height=\"150\" src=\"https:\/\/www.radiopiu.net\/wordpress\/wp-content\/uploads\/2020\/10\/121039458_675231560061909_5282114981348525509_n1-150x150.jpg\" class=\"attachment-thumbnail size-thumbnail\" alt=\"\" \/><\/a>\n\t\t\t\t<\/dt><\/dl><dl class='gallery-item'>\n\t\t\t\t<dt class='gallery-icon landscape'>\n\t\t\t\t\t<a class=\"rollover rollover-zoom dt-pswp-item\" title=\"121021080_957241861434716_8841109640988544506_n[1]\" data-dt-img-description=\"\" data-large_image_width=\"960\" data-large_image_height=\"658\"href='https:\/\/www.radiopiu.net\/wordpress\/wp-content\/uploads\/2020\/10\/121021080_957241861434716_8841109640988544506_n1.jpg'><img loading=\"lazy\" decoding=\"async\" width=\"150\" height=\"150\" src=\"https:\/\/www.radiopiu.net\/wordpress\/wp-content\/uploads\/2020\/10\/121021080_957241861434716_8841109640988544506_n1-150x150.jpg\" class=\"attachment-thumbnail size-thumbnail\" alt=\"\" \/><\/a>\n\t\t\t\t<\/dt><\/dl><br style=\"clear: both\" \/><dl class='gallery-item'>\n\t\t\t\t<dt class='gallery-icon landscape'>\n\t\t\t\t\t<a class=\"rollover rollover-zoom dt-pswp-item\" title=\"121053711_1009228596248728_5099562929853692826_n[1]\" data-dt-img-description=\"\" data-large_image_width=\"960\" data-large_image_height=\"595\"href='https:\/\/www.radiopiu.net\/wordpress\/wp-content\/uploads\/2020\/10\/121053711_1009228596248728_5099562929853692826_n1.jpg'><img loading=\"lazy\" decoding=\"async\" width=\"150\" height=\"150\" src=\"https:\/\/www.radiopiu.net\/wordpress\/wp-content\/uploads\/2020\/10\/121053711_1009228596248728_5099562929853692826_n1-150x150.jpg\" class=\"attachment-thumbnail size-thumbnail\" alt=\"\" \/><\/a>\n\t\t\t\t<\/dt><\/dl><dl class='gallery-item'>\n\t\t\t\t<dt class='gallery-icon landscape'>\n\t\t\t\t\t<a class=\"rollover rollover-zoom dt-pswp-item\" title=\"121058971_2615892758627720_7519889277197181378_n[1]\" data-dt-img-description=\"\" data-large_image_width=\"960\" data-large_image_height=\"653\"href='https:\/\/www.radiopiu.net\/wordpress\/wp-content\/uploads\/2020\/10\/121058971_2615892758627720_7519889277197181378_n1.jpg'><img loading=\"lazy\" decoding=\"async\" width=\"150\" height=\"150\" src=\"https:\/\/www.radiopiu.net\/wordpress\/wp-content\/uploads\/2020\/10\/121058971_2615892758627720_7519889277197181378_n1-150x150.jpg\" class=\"attachment-thumbnail size-thumbnail\" alt=\"\" \/><\/a>\n\t\t\t\t<\/dt><\/dl>\n\t\t\t\t<br style='clear: both' \/>\n\t\t\t<\/div>\n\n<\/div>\n<div><\/div>\n<div><span class=\"_5yl5\">NELLE FOTO (Corriere delle Alpi e riproduzioni dal libro su Rivamonte Agordino di una volta): copertina della pubblicazione; Giuliano Laveder; Raffaello Vergani; di Riva si parla gi\u00e0 nel 1200 ma la ferrovia arriver\u00e0 nel 1925\u2026; Ponte Alto: tre ponti di legno che hanno resistito a lungo\u2026; finch\u00e9 il progresso ha portato il calcestruzzo; anche una passerella per raggiungere Riva!; Zenich istantanea di gruppo presso la casa Sommariva, presente anche el M\u00e8nco (fabbro); Le Miotte nel 1900 dove il dottor G. Feruglio cens\u00ec 177 abitanti; tre signore in posa \u201cdr\u00eco la cesa\u201d; l\u2019immagine del Piatti \u00e8 d\u2019inizio secolo quando Rosson sfiorava le 200 persone; Villagrande, la frazione capoluogo; T\u00f2s ovvero: la periferia che conta perch\u00e9 il 19 settembre 1909 avr\u00e0 la scuola; da Postr\u00e0n ai pie de l\u2019Amar\u00f2l si gode la vista pi\u00f9 bella del paese.<\/span><\/div>\n<\/div>\n<\/div>\n<\/div>\n<\/div>\n<\/div>\n<\/div>\n<\/div>\n<\/div>\n<\/div>\n<\/div>\n<\/div>\n<\/div>\n<\/div>\n<\/div>\n<\/div>\n<\/div>\n<\/div>\n<\/div>\n<\/div>\n<\/div>\n<\/div>\n<\/div>\n<\/div>\n<\/div>\n<\/div>\n<\/div>\n<\/div>\n<\/div>\n<\/div>\n<\/div>\n<\/div>\n<\/div>\n<\/div>\n<\/div>\n","protected":false},"excerpt":{"rendered":"<p>di RENATO BONA\u00a0 Stampato nel 1983 da Nuovi Sentieri Editori con 66 belle fotografie del periodo 1888-1950 Nella mia biblioteca custodisco gelosamente un bellissimo libro: \u201cRiva de na \u00f2lta: pa\u00e9s de c\u00f2nze e de can\u00f2p\u201d, testo Raffaello Vergani e riproduzioni fotografiche dell\u2019amico Giuliano Laveder, stampato nel 1983 da Litografia Antiga di Crocetta del Montello per&hellip;<\/p>\n","protected":false},"author":4,"featured_media":164845,"comment_status":"closed","ping_status":"closed","sticky":false,"template":"","format":"standard","meta":{"_monsterinsights_skip_tracking":false,"_monsterinsights_sitenote_active":false,"_monsterinsights_sitenote_note":"","_monsterinsights_sitenote_category":0,"footnotes":""},"categories":[1,51,104,49],"tags":[],"class_list":["post-164840","post","type-post","status-publish","format-standard","has-post-thumbnail","hentry","category-senza-categoria","category-evidenza-top","category-evidenza_3","category-news-18","category-1","category-51","category-104","category-49","description-off"],"img_url":"https:\/\/www.radiopiu.net\/wordpress\/wp-content\/uploads\/2020\/10\/121025843_371758550867986_9074257056832483000_n2.jpg","_links":{"self":[{"href":"https:\/\/www.radiopiu.net\/wordpress\/wp-json\/wp\/v2\/posts\/164840","targetHints":{"allow":["GET"]}}],"collection":[{"href":"https:\/\/www.radiopiu.net\/wordpress\/wp-json\/wp\/v2\/posts"}],"about":[{"href":"https:\/\/www.radiopiu.net\/wordpress\/wp-json\/wp\/v2\/types\/post"}],"author":[{"embeddable":true,"href":"https:\/\/www.radiopiu.net\/wordpress\/wp-json\/wp\/v2\/users\/4"}],"replies":[{"embeddable":true,"href":"https:\/\/www.radiopiu.net\/wordpress\/wp-json\/wp\/v2\/comments?post=164840"}],"version-history":[{"count":0,"href":"https:\/\/www.radiopiu.net\/wordpress\/wp-json\/wp\/v2\/posts\/164840\/revisions"}],"wp:featuredmedia":[{"embeddable":true,"href":"https:\/\/www.radiopiu.net\/wordpress\/wp-json\/wp\/v2\/media\/164845"}],"wp:attachment":[{"href":"https:\/\/www.radiopiu.net\/wordpress\/wp-json\/wp\/v2\/media?parent=164840"}],"wp:term":[{"taxonomy":"category","embeddable":true,"href":"https:\/\/www.radiopiu.net\/wordpress\/wp-json\/wp\/v2\/categories?post=164840"},{"taxonomy":"post_tag","embeddable":true,"href":"https:\/\/www.radiopiu.net\/wordpress\/wp-json\/wp\/v2\/tags?post=164840"}],"curies":[{"name":"wp","href":"https:\/\/api.w.org\/{rel}","templated":true}]}}