{"id":164864,"date":"2020-10-07T16:39:12","date_gmt":"2020-10-07T14:39:12","guid":{"rendered":"https:\/\/www.radiopiu.net\/wordpress\/?p=164864"},"modified":"2020-10-07T16:39:12","modified_gmt":"2020-10-07T14:39:12","slug":"el-forner-della-serenissima-su-runners","status":"publish","type":"post","link":"https:\/\/www.radiopiu.net\/wordpress\/el-forner-della-serenissima-su-runners\/","title":{"rendered":"EL FORNER DELLA SERENISSIMA SU &#8220;RUNNERS&#8221;"},"content":{"rendered":"\n\t\t\t<style type='text\/css'>\n\t\t\t\t#gallery-1 {\n\t\t\t\t\tmargin: auto;\n\t\t\t\t}\n\t\t\t\t#gallery-1 .gallery-item {\n\t\t\t\t\tfloat: left;\n\t\t\t\t\tmargin-top: 10px;\n\t\t\t\t\ttext-align: center;\n\t\t\t\t\twidth: 25%;\n\t\t\t\t}\n\t\t\t\t#gallery-1 img {\n\t\t\t\t\tborder: 2px solid #cfcfcf;\n\t\t\t\t}\n\t\t\t\t#gallery-1 .gallery-caption {\n\t\t\t\t\tmargin-left: 0;\n\t\t\t\t}\n\t\t\t\t\/* see gallery_shortcode() in wp-includes\/media.php *\/\n\t\t\t<\/style>\n\t\t<div id='gallery-1' class='dt-gallery-container gallery galleryid-164864 gallery-columns-4 gallery-size-thumbnail'><dl class='gallery-item'>\n\t\t\t\t<dt class='gallery-icon portrait'>\n\t\t\t\t\t<a class=\"rollover rollover-zoom dt-pswp-item\" title=\"397884c3-e20c-4ee8-b628-e8201874e8fe\" data-dt-img-description=\"\" data-large_image_width=\"727\" data-large_image_height=\"984\"href='https:\/\/www.radiopiu.net\/wordpress\/wp-content\/uploads\/2020\/10\/397884c3-e20c-4ee8-b628-e8201874e8fe.jpg'><img loading=\"lazy\" decoding=\"async\" width=\"150\" height=\"150\" src=\"https:\/\/www.radiopiu.net\/wordpress\/wp-content\/uploads\/2020\/10\/397884c3-e20c-4ee8-b628-e8201874e8fe-150x150.jpg\" class=\"attachment-thumbnail size-thumbnail\" alt=\"\" \/><\/a>\n\t\t\t\t<\/dt><\/dl><dl class='gallery-item'>\n\t\t\t\t<dt class='gallery-icon portrait'>\n\t\t\t\t\t<a class=\"rollover rollover-zoom dt-pswp-item\" title=\"e6e89e40-d542-491c-bbfa-5316ac008d21\" data-dt-img-description=\"\" data-large_image_width=\"732\" data-large_image_height=\"969\"href='https:\/\/www.radiopiu.net\/wordpress\/wp-content\/uploads\/2020\/10\/e6e89e40-d542-491c-bbfa-5316ac008d21.jpg'><img loading=\"lazy\" decoding=\"async\" width=\"150\" height=\"150\" src=\"https:\/\/www.radiopiu.net\/wordpress\/wp-content\/uploads\/2020\/10\/e6e89e40-d542-491c-bbfa-5316ac008d21-150x150.jpg\" class=\"attachment-thumbnail size-thumbnail\" alt=\"\" \/><\/a>\n\t\t\t\t<\/dt><\/dl><dl class='gallery-item'>\n\t\t\t\t<dt class='gallery-icon portrait'>\n\t\t\t\t\t<a class=\"rollover rollover-zoom dt-pswp-item\" title=\"46926a0a-1876-4c66-874c-7c7fa6fcccc7\" data-dt-img-description=\"\" data-large_image_width=\"748\" data-large_image_height=\"993\"href='https:\/\/www.radiopiu.net\/wordpress\/wp-content\/uploads\/2020\/10\/46926a0a-1876-4c66-874c-7c7fa6fcccc7.jpg'><img loading=\"lazy\" decoding=\"async\" width=\"150\" height=\"150\" src=\"https:\/\/www.radiopiu.net\/wordpress\/wp-content\/uploads\/2020\/10\/46926a0a-1876-4c66-874c-7c7fa6fcccc7-150x150.jpg\" class=\"attachment-thumbnail size-thumbnail\" alt=\"\" \/><\/a>\n\t\t\t\t<\/dt><\/dl><dl class='gallery-item'>\n\t\t\t\t<dt class='gallery-icon portrait'>\n\t\t\t\t\t<a class=\"rollover rollover-zoom dt-pswp-item\" title=\"9bf51d93-7d05-4a93-920c-dcc496d8b6d1\" data-dt-img-description=\"\" data-large_image_width=\"711\" data-large_image_height=\"1024\"href='https:\/\/www.radiopiu.net\/wordpress\/wp-content\/uploads\/2020\/10\/9bf51d93-7d05-4a93-920c-dcc496d8b6d1.jpg'><img loading=\"lazy\" decoding=\"async\" width=\"150\" height=\"150\" src=\"https:\/\/www.radiopiu.net\/wordpress\/wp-content\/uploads\/2020\/10\/9bf51d93-7d05-4a93-920c-dcc496d8b6d1-150x150.jpg\" class=\"attachment-thumbnail size-thumbnail\" alt=\"\" \/><\/a>\n\t\t\t\t<\/dt><\/dl><br style=\"clear: both\" \/>\n\t\t\t<\/div>\n\n<blockquote><p><em>William Da Roit per la nota rivista in edicola e on line \u00e8 il fornaio della Serenissima, Alberto Rosa lo racconta tra i protagonisti delle grandi avventure. Perch\u00e9 la Venezia-Marmolada in 43 ore un&#8217;avventura lo \u00e8 stata per William e amici, noi l&#8217;abbiamo raccontata con l&#8217;emozione e l&#8217;entusiasmo che ci contraddistingue e a leggerla oggi ci da lo stesso effetto.<\/em><\/p><\/blockquote>\n<p>&nbsp;<\/p>\n","protected":false},"excerpt":{"rendered":"<p>William Da Roit per la nota rivista in edicola e on line \u00e8 il fornaio della Serenissima, Alberto Rosa lo racconta tra i protagonisti delle grandi avventure. Perch\u00e9 la Venezia-Marmolada in 43 ore un&#8217;avventura lo \u00e8 stata per William e amici, noi l&#8217;abbiamo raccontata con l&#8217;emozione e l&#8217;entusiasmo che ci contraddistingue e a leggerla oggi&hellip;<\/p>\n","protected":false},"author":4,"featured_media":160194,"comment_status":"closed","ping_status":"closed","sticky":false,"template":"","format":"standard","meta":{"_monsterinsights_skip_tracking":false,"_monsterinsights_sitenote_active":false,"_monsterinsights_sitenote_note":"","_monsterinsights_sitenote_category":0,"footnotes":""},"categories":[49],"tags":[],"class_list":["post-164864","post","type-post","status-publish","format-standard","has-post-thumbnail","hentry","category-news-18","category-49","description-off"],"img_url":"https:\/\/www.radiopiu.net\/wordpress\/wp-content\/uploads\/2020\/09\/119141608_2416692311969404_8739094750786965486_n.jpg","_links":{"self":[{"href":"https:\/\/www.radiopiu.net\/wordpress\/wp-json\/wp\/v2\/posts\/164864","targetHints":{"allow":["GET"]}}],"collection":[{"href":"https:\/\/www.radiopiu.net\/wordpress\/wp-json\/wp\/v2\/posts"}],"about":[{"href":"https:\/\/www.radiopiu.net\/wordpress\/wp-json\/wp\/v2\/types\/post"}],"author":[{"embeddable":true,"href":"https:\/\/www.radiopiu.net\/wordpress\/wp-json\/wp\/v2\/users\/4"}],"replies":[{"embeddable":true,"href":"https:\/\/www.radiopiu.net\/wordpress\/wp-json\/wp\/v2\/comments?post=164864"}],"version-history":[{"count":0,"href":"https:\/\/www.radiopiu.net\/wordpress\/wp-json\/wp\/v2\/posts\/164864\/revisions"}],"wp:featuredmedia":[{"embeddable":true,"href":"https:\/\/www.radiopiu.net\/wordpress\/wp-json\/wp\/v2\/media\/160194"}],"wp:attachment":[{"href":"https:\/\/www.radiopiu.net\/wordpress\/wp-json\/wp\/v2\/media?parent=164864"}],"wp:term":[{"taxonomy":"category","embeddable":true,"href":"https:\/\/www.radiopiu.net\/wordpress\/wp-json\/wp\/v2\/categories?post=164864"},{"taxonomy":"post_tag","embeddable":true,"href":"https:\/\/www.radiopiu.net\/wordpress\/wp-json\/wp\/v2\/tags?post=164864"}],"curies":[{"name":"wp","href":"https:\/\/api.w.org\/{rel}","templated":true}]}}