{"id":164876,"date":"2020-10-08T05:58:44","date_gmt":"2020-10-08T03:58:44","guid":{"rendered":"https:\/\/www.radiopiu.net\/wordpress\/?p=164876"},"modified":"2020-10-08T06:24:22","modified_gmt":"2020-10-08T04:24:22","slug":"dalla-prefettura-saranno-intensificati-i-controlli-delle-forze-di-polizia","status":"publish","type":"post","link":"https:\/\/www.radiopiu.net\/wordpress\/dalla-prefettura-saranno-intensificati-i-controlli-delle-forze-di-polizia\/","title":{"rendered":"DALLA PREFETTURA: SARANNO INTENSIFICATI I CONTROLLI DELLE FORZE DI POLIZIA"},"content":{"rendered":"<p>&nbsp;<\/p>\n<blockquote><p><em>Dall\u2019analisi dell\u2019attivit\u00e0 di screening effettuata dal Dipartimento di Prevenzione \u00e8 emerso come le principali cause del contagio risiedano nel mancato utilizzo della mascherina e negli assembramenti che talvolta si verificano all\u2019esterno degli edifici scolastici o degli esercizi di somministrazione di alimenti e bevande.<\/em><\/p><\/blockquote>\n<p><strong><a class=\"dt-pswp-item\" href=\"https:\/\/www.radiopiu.net\/wordpress\/wp-content\/uploads\/2020\/04\/PREFETTURA-BELLUNO.jpeg\" data-dt-img-description=\"\" data-large_image_width=\"384\" data-large_image_height=\"384\"><img loading=\"lazy\" decoding=\"async\" class=\" wp-image-133575 alignleft\" src=\"https:\/\/www.radiopiu.net\/wordpress\/wp-content\/uploads\/2020\/04\/PREFETTURA-BELLUNO-300x300.jpeg\" alt=\"\" width=\"206\" height=\"206\" srcset=\"https:\/\/www.radiopiu.net\/wordpress\/wp-content\/uploads\/2020\/04\/PREFETTURA-BELLUNO-300x300.jpeg 300w, https:\/\/www.radiopiu.net\/wordpress\/wp-content\/uploads\/2020\/04\/PREFETTURA-BELLUNO-150x150.jpeg 150w, https:\/\/www.radiopiu.net\/wordpress\/wp-content\/uploads\/2020\/04\/PREFETTURA-BELLUNO.jpeg 384w\" sizes=\"auto, (max-width: 206px) 100vw, 206px\" \/><\/a>BELLUNO<\/strong> Punto Covid\u00a0 in Prefettura perch\u00e9 il focolaio del Comelico e i contagi in casa di riposo a Cortina preoccupano, tra il Cadore e il Comelico 107 persone sono risultate positive e 227 in isolamento domiciliare. Punto di partenza il resoconto provinciale: 239 persone positive al Covid-\u00a0 756 soggetti in isolamento fiduciario domiciliare 23 pazienti positivi ricoverati in area non critica\u00a0 (Ospedale di Belluno) 115 decessi dal 21 febbraio. Alla luce di questi numeri \u00e8 stata condivisa l\u2019esigenza di lanciare, con lo sforzo sinergico di tutte le Istituzioni coinvolte, una campagna di sensibilizzazione della popolazione sull\u2019assoluta necessit\u00e0 di rispettare le poche e semplici regole per contenere la diffusione del virus: Utilizzo della mascherina. Mantenere la distanza interpersonale di almeno un metro.\u00a0 Igienizzare frequentemente le mani. Non solo prevenzione ma anche pugno di ferro: saranno intensificati i controlli delle Forze di Polizia che riguarderanno soprattutto i contesti territoriali pi\u00f9 interessati dal contagio e tutte quelle realt\u00e0 sociali nelle quali maggiormente si riscontrano comportamenti non in linea con le vigenti disposizioni.<\/p>\n<p>Altro aspetto esaminato durante la riunione del Comitato, perch\u00e9 possibile causa di incontrollati assembramenti, \u00e8 quello afferente alla presenza del pubblico durante le manifestazioni sportive, il Prefetto ha gi\u00e0 diramato un\u2019apposita circolare ai Sindaci richiamando la loro attenzione sull\u2019esigenza di avviare ogni utile iniziativa volta all\u2019adeguamento degli impianti sportivi (siano essi all\u2019aperto o al chiuso) alle nuove disposizioni, con particolare riferimento alla riorganizzazione degli spazi interni delle strutture .<\/p>\n<p>&nbsp;<\/p>\n<p>&nbsp;<\/p>\n<p>&nbsp;<\/p>\n","protected":false},"excerpt":{"rendered":"<p>&nbsp; Dall\u2019analisi dell\u2019attivit\u00e0 di screening effettuata dal Dipartimento di Prevenzione \u00e8 emerso come le principali cause del contagio risiedano nel mancato utilizzo della mascherina e negli assembramenti che talvolta si verificano all\u2019esterno degli edifici scolastici o degli esercizi di somministrazione di alimenti e bevande. BELLUNO Punto Covid\u00a0 in Prefettura perch\u00e9 il focolaio del Comelico e&hellip;<\/p>\n","protected":false},"author":4,"featured_media":75517,"comment_status":"closed","ping_status":"closed","sticky":false,"template":"","format":"standard","meta":{"_monsterinsights_skip_tracking":false,"_monsterinsights_sitenote_active":false,"_monsterinsights_sitenote_note":"","_monsterinsights_sitenote_category":0,"footnotes":""},"categories":[51,49],"tags":[],"class_list":["post-164876","post","type-post","status-publish","format-standard","has-post-thumbnail","hentry","category-evidenza-top","category-news-18","category-51","category-49","description-off"],"img_url":"https:\/\/www.radiopiu.net\/wordpress\/wp-content\/uploads\/2019\/02\/prefettura-2.jpeg","_links":{"self":[{"href":"https:\/\/www.radiopiu.net\/wordpress\/wp-json\/wp\/v2\/posts\/164876","targetHints":{"allow":["GET"]}}],"collection":[{"href":"https:\/\/www.radiopiu.net\/wordpress\/wp-json\/wp\/v2\/posts"}],"about":[{"href":"https:\/\/www.radiopiu.net\/wordpress\/wp-json\/wp\/v2\/types\/post"}],"author":[{"embeddable":true,"href":"https:\/\/www.radiopiu.net\/wordpress\/wp-json\/wp\/v2\/users\/4"}],"replies":[{"embeddable":true,"href":"https:\/\/www.radiopiu.net\/wordpress\/wp-json\/wp\/v2\/comments?post=164876"}],"version-history":[{"count":0,"href":"https:\/\/www.radiopiu.net\/wordpress\/wp-json\/wp\/v2\/posts\/164876\/revisions"}],"wp:featuredmedia":[{"embeddable":true,"href":"https:\/\/www.radiopiu.net\/wordpress\/wp-json\/wp\/v2\/media\/75517"}],"wp:attachment":[{"href":"https:\/\/www.radiopiu.net\/wordpress\/wp-json\/wp\/v2\/media?parent=164876"}],"wp:term":[{"taxonomy":"category","embeddable":true,"href":"https:\/\/www.radiopiu.net\/wordpress\/wp-json\/wp\/v2\/categories?post=164876"},{"taxonomy":"post_tag","embeddable":true,"href":"https:\/\/www.radiopiu.net\/wordpress\/wp-json\/wp\/v2\/tags?post=164876"}],"curies":[{"name":"wp","href":"https:\/\/api.w.org\/{rel}","templated":true}]}}