{"id":164921,"date":"2020-10-08T05:55:37","date_gmt":"2020-10-08T03:55:37","guid":{"rendered":"https:\/\/www.radiopiu.net\/wordpress\/?p=164921"},"modified":"2020-10-08T06:10:40","modified_gmt":"2020-10-08T04:10:40","slug":"al-teaz-la-presentazione-della-rinascita-dei-serrai","status":"publish","type":"post","link":"https:\/\/www.radiopiu.net\/wordpress\/al-teaz-la-presentazione-della-rinascita-dei-serrai\/","title":{"rendered":"AL TEAZ LA PRESENTAZIONE DELLA RINASCITA DEI SERRAI"},"content":{"rendered":"<p><strong><img loading=\"lazy\" decoding=\"async\" class=\"alignleft\" src=\"https:\/\/www.radiopiu.net\/wordpress\/wp-content\/uploads\/2020\/07\/1091-2020-LavoriSerrai2020_3.jpg\" width=\"229\" height=\"171\" \/>ROCCA PIETORE<\/strong> Il Comune in collaborazione con\u00a0 il Soggetto Attuatore Veneto Acque, \u00e8 pronto per presentare\u00a0 ufficialmente il progetto di ripristino dei Serrai di Sottoguda. C&#8217;\u00e8 attesa e non solo nel territorio rocchesano circa la rinascita dell&#8217;importante sito distrutto dalla tempesta Vaia nell&#8217;ottobre 2018. La presentazione del progetto si terr\u00e0 nella sala comunale del Teaz. Considerate le normative Covid, sar\u00e0\u00a0 inevitabile il contingentamento con inviti e\u00a0 prenotazioni, con precedenza ad amministratori comunali, tecnici, soggetti direttamente interessati ed operatori turistici della zona di Sottoguda. Se eventualmente ci sar\u00e0 disponibilit\u00e0 ulteriore di posti, si proceder\u00e0 di conseguenza.\u00a0 Radio Pi\u00f9 si sta organizzando\u00a0 per proporre la\u00a0 diretta Facebook e successiva repliche per dare modo a tutti gli interessati di seguire l&#8217;evento. Nei prossimi giorni i dettagli organizzativi.<\/p>\n","protected":false},"excerpt":{"rendered":"<p>ROCCA PIETORE Il Comune in collaborazione con\u00a0 il Soggetto Attuatore Veneto Acque, \u00e8 pronto per presentare\u00a0 ufficialmente il progetto di ripristino dei Serrai di Sottoguda. C&#8217;\u00e8 attesa e non solo nel territorio rocchesano circa la rinascita dell&#8217;importante sito distrutto dalla tempesta Vaia nell&#8217;ottobre 2018. La presentazione del progetto si terr\u00e0 nella sala comunale del Teaz.&hellip;<\/p>\n","protected":false},"author":4,"featured_media":152016,"comment_status":"closed","ping_status":"closed","sticky":false,"template":"","format":"standard","meta":{"_monsterinsights_skip_tracking":false,"_monsterinsights_sitenote_active":false,"_monsterinsights_sitenote_note":"","_monsterinsights_sitenote_category":0,"footnotes":""},"categories":[51,49],"tags":[],"class_list":["post-164921","post","type-post","status-publish","format-standard","has-post-thumbnail","hentry","category-evidenza-top","category-news-18","category-51","category-49","description-off"],"img_url":"https:\/\/www.radiopiu.net\/wordpress\/wp-content\/uploads\/2020\/07\/1091-2020-LavoriSerrai2020_3.jpg","_links":{"self":[{"href":"https:\/\/www.radiopiu.net\/wordpress\/wp-json\/wp\/v2\/posts\/164921","targetHints":{"allow":["GET"]}}],"collection":[{"href":"https:\/\/www.radiopiu.net\/wordpress\/wp-json\/wp\/v2\/posts"}],"about":[{"href":"https:\/\/www.radiopiu.net\/wordpress\/wp-json\/wp\/v2\/types\/post"}],"author":[{"embeddable":true,"href":"https:\/\/www.radiopiu.net\/wordpress\/wp-json\/wp\/v2\/users\/4"}],"replies":[{"embeddable":true,"href":"https:\/\/www.radiopiu.net\/wordpress\/wp-json\/wp\/v2\/comments?post=164921"}],"version-history":[{"count":0,"href":"https:\/\/www.radiopiu.net\/wordpress\/wp-json\/wp\/v2\/posts\/164921\/revisions"}],"wp:featuredmedia":[{"embeddable":true,"href":"https:\/\/www.radiopiu.net\/wordpress\/wp-json\/wp\/v2\/media\/152016"}],"wp:attachment":[{"href":"https:\/\/www.radiopiu.net\/wordpress\/wp-json\/wp\/v2\/media?parent=164921"}],"wp:term":[{"taxonomy":"category","embeddable":true,"href":"https:\/\/www.radiopiu.net\/wordpress\/wp-json\/wp\/v2\/categories?post=164921"},{"taxonomy":"post_tag","embeddable":true,"href":"https:\/\/www.radiopiu.net\/wordpress\/wp-json\/wp\/v2\/tags?post=164921"}],"curies":[{"name":"wp","href":"https:\/\/api.w.org\/{rel}","templated":true}]}}