{"id":164942,"date":"2020-10-08T12:15:06","date_gmt":"2020-10-08T10:15:06","guid":{"rendered":"https:\/\/www.radiopiu.net\/wordpress\/?p=164942"},"modified":"2020-10-08T12:19:58","modified_gmt":"2020-10-08T10:19:58","slug":"di-nuovo-paura-in-via-insurrezione-la-citta-sinterroga","status":"publish","type":"post","link":"https:\/\/www.radiopiu.net\/wordpress\/di-nuovo-paura-in-via-insurrezione-la-citta-sinterroga\/","title":{"rendered":"DI NUOVO PAURA IN VIA INSURREZIONE, LA CITTA&#8217; S&#8217;INTERROGA"},"content":{"rendered":"<p><strong><a class=\"dt-pswp-item\" href=\"https:\/\/www.radiopiu.net\/wordpress\/wp-content\/uploads\/2020\/10\/b2923513-18ed-4ba0-af67-d80b03f1bd96.jpg\" data-dt-img-description=\"\" data-large_image_width=\"720\" data-large_image_height=\"1440\"><img loading=\"lazy\" decoding=\"async\" class=\" wp-image-164943 alignleft\" src=\"https:\/\/www.radiopiu.net\/wordpress\/wp-content\/uploads\/2020\/10\/b2923513-18ed-4ba0-af67-d80b03f1bd96-150x300.jpg\" alt=\"\" width=\"120\" height=\"240\" srcset=\"https:\/\/www.radiopiu.net\/wordpress\/wp-content\/uploads\/2020\/10\/b2923513-18ed-4ba0-af67-d80b03f1bd96-150x300.jpg 150w, https:\/\/www.radiopiu.net\/wordpress\/wp-content\/uploads\/2020\/10\/b2923513-18ed-4ba0-af67-d80b03f1bd96-512x1024.jpg 512w, https:\/\/www.radiopiu.net\/wordpress\/wp-content\/uploads\/2020\/10\/b2923513-18ed-4ba0-af67-d80b03f1bd96.jpg 720w\" sizes=\"auto, (max-width: 120px) 100vw, 120px\" \/><\/a>AGORDO<\/strong> Un video \u00e8 ormai diventato virale, una rissa in pieno giorno in via Insurrezione nei pressi del condominio La Corte, difronte alla fermata della Dolomitibus. Purtroppo non \u00e8 una novit\u00e0, quella zona \u00e8 pi\u00f9 volte stata segnalata per il ritrovo dei giovani balzati spesso sugli spalti delle cronache, come ieri\u00a0 pomeriggio quando sono volate pedate, ceffoni, urla e anche bottigliate in testa. Una rissa immortalata da un video sul quale indagano i Carabinieri. Ne \u00e8 a conoscenza anche il sindaco di Agordo Roberto Chissal\u00e8<em> &#8220;Stiamo facendo tutto perch\u00e9 ci\u00f2 non accada pi\u00f9 &#8211; dice il primo cittadino &#8211; gli episodi sono noti, anche alle forze dell&#8217;ordine&#8221;<\/em>. Il video mette in evidenza tanta violenza, dalle urla &#8220;ammazzalo, ammazzalo&#8221; gli strattoni, i pugni ma anche la presenza di una cane pitbull privo di museruola. Agordo tra l&#8217;altro non ha dimenticato l&#8217;uccisione di un cane &#8220;Kaos&#8221; nell&#8217;aprile del 2019 con un giovane finito all&#8217;ospedale e altri chiamati a rispondere in Tribunale dopo la denuncia.<\/p>\n<p><strong>IL SINDACO ROBERTO CHISSALE&#8217;<\/strong><\/p>\n<audio class=\"wp-audio-shortcode\" id=\"audio-164942-1\" preload=\"none\" style=\"width: 100%;\" controls=\"controls\"><source type=\"audio\/mpeg\" src=\"https:\/\/www.radiopiu.net\/wordpress\/wp-content\/uploads\/2020\/10\/CHISSA.mp3?_=1\" \/><a href=\"https:\/\/www.radiopiu.net\/wordpress\/wp-content\/uploads\/2020\/10\/CHISSA.mp3\">https:\/\/www.radiopiu.net\/wordpress\/wp-content\/uploads\/2020\/10\/CHISSA.mp3<\/a><\/audio>\n<p>&nbsp;<\/p>\n<p>&nbsp;<\/p>\n<p>&nbsp;<\/p>\n","protected":false},"excerpt":{"rendered":"<p>AGORDO Un video \u00e8 ormai diventato virale, una rissa in pieno giorno in via Insurrezione nei pressi del condominio La Corte, difronte alla fermata della Dolomitibus. Purtroppo non \u00e8 una novit\u00e0, quella zona \u00e8 pi\u00f9 volte stata segnalata per il ritrovo dei giovani balzati spesso sugli spalti delle cronache, come ieri\u00a0 pomeriggio quando sono volate&hellip;<\/p>\n","protected":false},"author":4,"featured_media":164943,"comment_status":"closed","ping_status":"closed","sticky":false,"template":"","format":"standard","meta":{"_monsterinsights_skip_tracking":false,"_monsterinsights_sitenote_active":false,"_monsterinsights_sitenote_note":"","_monsterinsights_sitenote_category":0,"footnotes":""},"categories":[51,49],"tags":[],"class_list":["post-164942","post","type-post","status-publish","format-standard","has-post-thumbnail","hentry","category-evidenza-top","category-news-18","category-51","category-49","description-off"],"img_url":"https:\/\/www.radiopiu.net\/wordpress\/wp-content\/uploads\/2020\/10\/b2923513-18ed-4ba0-af67-d80b03f1bd96.jpg","_links":{"self":[{"href":"https:\/\/www.radiopiu.net\/wordpress\/wp-json\/wp\/v2\/posts\/164942","targetHints":{"allow":["GET"]}}],"collection":[{"href":"https:\/\/www.radiopiu.net\/wordpress\/wp-json\/wp\/v2\/posts"}],"about":[{"href":"https:\/\/www.radiopiu.net\/wordpress\/wp-json\/wp\/v2\/types\/post"}],"author":[{"embeddable":true,"href":"https:\/\/www.radiopiu.net\/wordpress\/wp-json\/wp\/v2\/users\/4"}],"replies":[{"embeddable":true,"href":"https:\/\/www.radiopiu.net\/wordpress\/wp-json\/wp\/v2\/comments?post=164942"}],"version-history":[{"count":0,"href":"https:\/\/www.radiopiu.net\/wordpress\/wp-json\/wp\/v2\/posts\/164942\/revisions"}],"wp:featuredmedia":[{"embeddable":true,"href":"https:\/\/www.radiopiu.net\/wordpress\/wp-json\/wp\/v2\/media\/164943"}],"wp:attachment":[{"href":"https:\/\/www.radiopiu.net\/wordpress\/wp-json\/wp\/v2\/media?parent=164942"}],"wp:term":[{"taxonomy":"category","embeddable":true,"href":"https:\/\/www.radiopiu.net\/wordpress\/wp-json\/wp\/v2\/categories?post=164942"},{"taxonomy":"post_tag","embeddable":true,"href":"https:\/\/www.radiopiu.net\/wordpress\/wp-json\/wp\/v2\/tags?post=164942"}],"curies":[{"name":"wp","href":"https:\/\/api.w.org\/{rel}","templated":true}]}}