{"id":165053,"date":"2020-10-09T05:41:49","date_gmt":"2020-10-09T03:41:49","guid":{"rendered":"https:\/\/www.radiopiu.net\/wordpress\/?p=165053"},"modified":"2020-10-09T06:19:20","modified_gmt":"2020-10-09T04:19:20","slug":"svuotata-la-diga-dajal-ma-nessuna-traccia-di-leopoldo-celegon","status":"publish","type":"post","link":"https:\/\/www.radiopiu.net\/wordpress\/svuotata-la-diga-dajal-ma-nessuna-traccia-di-leopoldo-celegon\/","title":{"rendered":"SVUOTATA LA DIGA D&#8217;AJAL MA NESSUNA TRACCIA DI LEOPOLDO CELEGON"},"content":{"rendered":"<p><strong>CORTINA\u00a0<\/strong>Anche oggi sono proseguite le ricerche di Leopoldo Celegon, di cui non si hanno pi\u00f9 notizie dall&#8217;ultima telefonata fatta domenica mattina alle 9.30 circa, da una zona attorno a Malga Pezi\u00e9 de Par\u00f9, dove si trovava in cerca di funghi. Questa mattina \u00e8 stato completamente svuotato il bacino della diga d&#8217;Ajal, per dar modo di verificarne l&#8217;interno e permettere ai soccorritori di perlustrare l&#8217;asta del Costeana &#8211; al cui interno sono stati trovati oggetti riconosciuti appartenenti all&#8217;uomo dai familiari &#8211; nel tratto a valle, abbassando il livello dell&#8217;acqua fino a nuovo riempimento dell&#8217;invaso. Le squadre hanno percorso a piedi le due sponde, mentre nel greto si muovevano i tecnici del Gruppo forre del Soccorso alpino e speleologico Veneto. Il torrente \u00e8 stato visionato fino a Campo, purtroppo con esito negativo. Nessun oggetto \u00e8 stato inoltre rinvenuto. Domani sar\u00e0 ripercorsa tutta la parte a monte a partire da Pezi\u00e9 de Par\u00f9 fino al bacino artificiale. Oggi erano presenti il Soccorso alpino di Cortina, il Gruppo forre del Soccorso alpino e speleologico Veneto, il Sagf di Cortina, i Vigili del fuoco.<\/p>\n\n\t\t\t<style type='text\/css'>\n\t\t\t\t#gallery-1 {\n\t\t\t\t\tmargin: auto;\n\t\t\t\t}\n\t\t\t\t#gallery-1 .gallery-item {\n\t\t\t\t\tfloat: left;\n\t\t\t\t\tmargin-top: 10px;\n\t\t\t\t\ttext-align: center;\n\t\t\t\t\twidth: 33%;\n\t\t\t\t}\n\t\t\t\t#gallery-1 img {\n\t\t\t\t\tborder: 2px solid #cfcfcf;\n\t\t\t\t}\n\t\t\t\t#gallery-1 .gallery-caption {\n\t\t\t\t\tmargin-left: 0;\n\t\t\t\t}\n\t\t\t\t\/* see gallery_shortcode() in wp-includes\/media.php *\/\n\t\t\t<\/style>\n\t\t<div id='gallery-1' class='dt-gallery-container gallery galleryid-165053 gallery-columns-3 gallery-size-medium'><dl class='gallery-item'>\n\t\t\t\t<dt class='gallery-icon landscape'>\n\t\t\t\t\t<a class=\"rollover rollover-zoom dt-pswp-item\" title=\"salt_20201008_171149_952_resized\" data-dt-img-description=\"\" data-large_image_width=\"1182\" data-large_image_height=\"886\"href='https:\/\/www.radiopiu.net\/wordpress\/wp-content\/uploads\/2020\/10\/salt_20201008_171149_952_resized.jpg'><img loading=\"lazy\" decoding=\"async\" width=\"300\" height=\"225\" src=\"https:\/\/www.radiopiu.net\/wordpress\/wp-content\/uploads\/2020\/10\/salt_20201008_171149_952_resized-300x225.jpg\" class=\"attachment-medium size-medium\" alt=\"\" srcset=\"https:\/\/www.radiopiu.net\/wordpress\/wp-content\/uploads\/2020\/10\/salt_20201008_171149_952_resized-300x225.jpg 300w, https:\/\/www.radiopiu.net\/wordpress\/wp-content\/uploads\/2020\/10\/salt_20201008_171149_952_resized-1024x768.jpg 1024w, https:\/\/www.radiopiu.net\/wordpress\/wp-content\/uploads\/2020\/10\/salt_20201008_171149_952_resized-768x576.jpg 768w, https:\/\/www.radiopiu.net\/wordpress\/wp-content\/uploads\/2020\/10\/salt_20201008_171149_952_resized.jpg 1182w\" sizes=\"auto, (max-width: 300px) 100vw, 300px\" \/><\/a>\n\t\t\t\t<\/dt><\/dl><dl class='gallery-item'>\n\t\t\t\t<dt class='gallery-icon landscape'>\n\t\t\t\t\t<a class=\"rollover rollover-zoom dt-pswp-item\" title=\"salt_20201008_171205_299_resized\" data-dt-img-description=\"\" data-large_image_width=\"1182\" data-large_image_height=\"886\"href='https:\/\/www.radiopiu.net\/wordpress\/wp-content\/uploads\/2020\/10\/salt_20201008_171205_299_resized.jpg'><img loading=\"lazy\" decoding=\"async\" width=\"300\" height=\"225\" src=\"https:\/\/www.radiopiu.net\/wordpress\/wp-content\/uploads\/2020\/10\/salt_20201008_171205_299_resized-300x225.jpg\" class=\"attachment-medium size-medium\" alt=\"\" srcset=\"https:\/\/www.radiopiu.net\/wordpress\/wp-content\/uploads\/2020\/10\/salt_20201008_171205_299_resized-300x225.jpg 300w, https:\/\/www.radiopiu.net\/wordpress\/wp-content\/uploads\/2020\/10\/salt_20201008_171205_299_resized-1024x768.jpg 1024w, https:\/\/www.radiopiu.net\/wordpress\/wp-content\/uploads\/2020\/10\/salt_20201008_171205_299_resized-768x576.jpg 768w, https:\/\/www.radiopiu.net\/wordpress\/wp-content\/uploads\/2020\/10\/salt_20201008_171205_299_resized.jpg 1182w\" sizes=\"auto, (max-width: 300px) 100vw, 300px\" \/><\/a>\n\t\t\t\t<\/dt><\/dl><dl class='gallery-item'>\n\t\t\t\t<dt class='gallery-icon landscape'>\n\t\t\t\t\t<a class=\"rollover rollover-zoom dt-pswp-item\" title=\"salt_20201008_171218_499_resized\" data-dt-img-description=\"\" data-large_image_width=\"1182\" data-large_image_height=\"886\"href='https:\/\/www.radiopiu.net\/wordpress\/wp-content\/uploads\/2020\/10\/salt_20201008_171218_499_resized.jpg'><img loading=\"lazy\" decoding=\"async\" width=\"300\" height=\"225\" src=\"https:\/\/www.radiopiu.net\/wordpress\/wp-content\/uploads\/2020\/10\/salt_20201008_171218_499_resized-300x225.jpg\" class=\"attachment-medium size-medium\" alt=\"\" srcset=\"https:\/\/www.radiopiu.net\/wordpress\/wp-content\/uploads\/2020\/10\/salt_20201008_171218_499_resized-300x225.jpg 300w, https:\/\/www.radiopiu.net\/wordpress\/wp-content\/uploads\/2020\/10\/salt_20201008_171218_499_resized-1024x768.jpg 1024w, https:\/\/www.radiopiu.net\/wordpress\/wp-content\/uploads\/2020\/10\/salt_20201008_171218_499_resized-768x576.jpg 768w, https:\/\/www.radiopiu.net\/wordpress\/wp-content\/uploads\/2020\/10\/salt_20201008_171218_499_resized.jpg 1182w\" sizes=\"auto, (max-width: 300px) 100vw, 300px\" \/><\/a>\n\t\t\t\t<\/dt><\/dl><br style=\"clear: both\" \/>\n\t\t\t<\/div>\n\n","protected":false},"excerpt":{"rendered":"<p>CORTINA\u00a0Anche oggi sono proseguite le ricerche di Leopoldo Celegon, di cui non si hanno pi\u00f9 notizie dall&#8217;ultima telefonata fatta domenica mattina alle 9.30 circa, da una zona attorno a Malga Pezi\u00e9 de Par\u00f9, dove si trovava in cerca di funghi. Questa mattina \u00e8 stato completamente svuotato il bacino della diga d&#8217;Ajal, per dar modo di&hellip;<\/p>\n","protected":false},"author":4,"featured_media":165055,"comment_status":"closed","ping_status":"closed","sticky":false,"template":"","format":"standard","meta":{"_monsterinsights_skip_tracking":false,"_monsterinsights_sitenote_active":false,"_monsterinsights_sitenote_note":"","_monsterinsights_sitenote_category":0,"footnotes":""},"categories":[1,51,49],"tags":[],"class_list":["post-165053","post","type-post","status-publish","format-standard","has-post-thumbnail","hentry","category-senza-categoria","category-evidenza-top","category-news-18","category-1","category-51","category-49","description-off"],"img_url":"https:\/\/www.radiopiu.net\/wordpress\/wp-content\/uploads\/2020\/10\/salt_20201008_171205_299_resized.jpg","_links":{"self":[{"href":"https:\/\/www.radiopiu.net\/wordpress\/wp-json\/wp\/v2\/posts\/165053","targetHints":{"allow":["GET"]}}],"collection":[{"href":"https:\/\/www.radiopiu.net\/wordpress\/wp-json\/wp\/v2\/posts"}],"about":[{"href":"https:\/\/www.radiopiu.net\/wordpress\/wp-json\/wp\/v2\/types\/post"}],"author":[{"embeddable":true,"href":"https:\/\/www.radiopiu.net\/wordpress\/wp-json\/wp\/v2\/users\/4"}],"replies":[{"embeddable":true,"href":"https:\/\/www.radiopiu.net\/wordpress\/wp-json\/wp\/v2\/comments?post=165053"}],"version-history":[{"count":0,"href":"https:\/\/www.radiopiu.net\/wordpress\/wp-json\/wp\/v2\/posts\/165053\/revisions"}],"wp:featuredmedia":[{"embeddable":true,"href":"https:\/\/www.radiopiu.net\/wordpress\/wp-json\/wp\/v2\/media\/165055"}],"wp:attachment":[{"href":"https:\/\/www.radiopiu.net\/wordpress\/wp-json\/wp\/v2\/media?parent=165053"}],"wp:term":[{"taxonomy":"category","embeddable":true,"href":"https:\/\/www.radiopiu.net\/wordpress\/wp-json\/wp\/v2\/categories?post=165053"},{"taxonomy":"post_tag","embeddable":true,"href":"https:\/\/www.radiopiu.net\/wordpress\/wp-json\/wp\/v2\/tags?post=165053"}],"curies":[{"name":"wp","href":"https:\/\/api.w.org\/{rel}","templated":true}]}}