{"id":165291,"date":"2020-10-09T17:15:29","date_gmt":"2020-10-09T15:15:29","guid":{"rendered":"https:\/\/www.radiopiu.net\/wordpress\/?p=165291"},"modified":"2020-10-09T22:50:46","modified_gmt":"2020-10-09T20:50:46","slug":"alle-2239-corale-di-limana-canta-sulla-diga-del-vajont","status":"publish","type":"post","link":"https:\/\/www.radiopiu.net\/wordpress\/alle-2239-corale-di-limana-canta-sulla-diga-del-vajont\/","title":{"rendered":"ALLE 22:39 CORALE DI LIMANA CANTA SULLA DIGA DEL VAJONT"},"content":{"rendered":"<p><strong><a class=\"dt-pswp-item\" href=\"https:\/\/www.radiopiu.net\/wordpress\/wp-content\/uploads\/2020\/06\/CORALE-LIMANA.jpg\" data-dt-img-description=\"\" data-large_image_width=\"1488\" data-large_image_height=\"992\"><img loading=\"lazy\" decoding=\"async\" class=\"size-medium wp-image-144102 alignleft\" src=\"https:\/\/www.radiopiu.net\/wordpress\/wp-content\/uploads\/2020\/06\/CORALE-LIMANA-300x200.jpg\" alt=\"\" width=\"300\" height=\"200\" srcset=\"https:\/\/www.radiopiu.net\/wordpress\/wp-content\/uploads\/2020\/06\/CORALE-LIMANA-300x200.jpg 300w, https:\/\/www.radiopiu.net\/wordpress\/wp-content\/uploads\/2020\/06\/CORALE-LIMANA-1024x683.jpg 1024w, https:\/\/www.radiopiu.net\/wordpress\/wp-content\/uploads\/2020\/06\/CORALE-LIMANA-768x512.jpg 768w, https:\/\/www.radiopiu.net\/wordpress\/wp-content\/uploads\/2020\/06\/CORALE-LIMANA.jpg 1488w\" sizes=\"auto, (max-width: 300px) 100vw, 300px\" \/><\/a>LONGARONE<\/strong> La corale di limana alle 22.39 canter\u00e0 la canzone Signore delle cime\u00a0 armonizzata per coro polifonico, nel parcheggio antistante la diga del Vajont. Il sodalizio limanese\u00a0 \u00e8 da sempre attento e sensibile ai temi sociali e culturali della provincia di Belluno; gi\u00e0 da qualche anno infatti pensava di poter omaggiare con il\u00a0 canto le vittime della pi\u00f9 grande tragedia mai avvenuta nel territorio italiano.\u00a0<em> &#8220;I tragici fatti della pandemia che sta ancora attanagliando il mondo intero ci hanno convinto che questo fosse l&#8217;anno giusto \u2013 commenta Donatella Triches direttrice della corale \u2013 le gesta eroiche di tanti volontari e la forza incredibile della popolazione di Longarone Erto e Casso nel ricostruire i loro paesi dopo la tragedia del Vajont deve essere un esempio per l&#8217;umanit\u00e0 intera, oltre che una consapevolezza che dopo la tempesta torna sempre il sereno, e noi, come Corale, vogliamo dare un piccolo contributo, perch\u00e8 spesso la musica \u00e8 un conduttore di emozioni e segna sempre momenti importanti della nostra vita, gioie dolori e ripartenze.\u201d. <\/em>Al termine di Signore delle Cime, Claudio, un tenore della Corale intoner\u00e0 con la tromba \u201cIl Silenzio\u201d affinch\u00e8 vi possa essere pace nei cuori di tutte le persone che hanno e stanno ancora soffrendo. L&#8217;esibizione non preveder\u00e0 la presenza di pubblico ma sar\u00e0 fruibile in diretta streaming sui social della Corale di Limana<\/p>\n<p>&nbsp;<\/p>\n<blockquote class=\"wp-embedded-content\" data-secret=\"jsUi4NpnUW\"><p><a href=\"https:\/\/www.radiopiu.net\/wordpress\/corale-limana-il-signore-delle-cime-dalla-diga-del-vajont\/\">CORALE LIMANA: IL SIGNORE DELLE CIME DALLA DIGA DEL VAJONT<\/a><\/p><\/blockquote>\n<p><iframe loading=\"lazy\" class=\"wp-embedded-content\" sandbox=\"allow-scripts\" security=\"restricted\" style=\"position: absolute; clip: rect(1px, 1px, 1px, 1px);\" title=\"&#8220;CORALE LIMANA: IL SIGNORE DELLE CIME DALLA DIGA DEL VAJONT&#8221; &#8212; Radio Pi\u00f9\" src=\"https:\/\/www.radiopiu.net\/wordpress\/corale-limana-il-signore-delle-cime-dalla-diga-del-vajont\/embed\/#?secret=jsUi4NpnUW\" data-secret=\"jsUi4NpnUW\" width=\"600\" height=\"338\" frameborder=\"0\" marginwidth=\"0\" marginheight=\"0\" scrolling=\"no\"><\/iframe><\/p>\n<p>&nbsp;<\/p>\n","protected":false},"excerpt":{"rendered":"<p>LONGARONE La corale di limana alle 22.39 canter\u00e0 la canzone Signore delle cime\u00a0 armonizzata per coro polifonico, nel parcheggio antistante la diga del Vajont. Il sodalizio limanese\u00a0 \u00e8 da sempre attento e sensibile ai temi sociali e culturali della provincia di Belluno; gi\u00e0 da qualche anno infatti pensava di poter omaggiare con il\u00a0 canto le&hellip;<\/p>\n","protected":false},"author":4,"featured_media":144109,"comment_status":"closed","ping_status":"closed","sticky":false,"template":"","format":"standard","meta":{"_monsterinsights_skip_tracking":false,"_monsterinsights_sitenote_active":false,"_monsterinsights_sitenote_note":"","_monsterinsights_sitenote_category":0,"footnotes":""},"categories":[51,49],"tags":[],"class_list":["post-165291","post","type-post","status-publish","format-standard","has-post-thumbnail","hentry","category-evidenza-top","category-news-18","category-51","category-49","description-off"],"img_url":"https:\/\/www.radiopiu.net\/wordpress\/wp-content\/uploads\/2020\/06\/CORALE-2-rotated.jpg","_links":{"self":[{"href":"https:\/\/www.radiopiu.net\/wordpress\/wp-json\/wp\/v2\/posts\/165291","targetHints":{"allow":["GET"]}}],"collection":[{"href":"https:\/\/www.radiopiu.net\/wordpress\/wp-json\/wp\/v2\/posts"}],"about":[{"href":"https:\/\/www.radiopiu.net\/wordpress\/wp-json\/wp\/v2\/types\/post"}],"author":[{"embeddable":true,"href":"https:\/\/www.radiopiu.net\/wordpress\/wp-json\/wp\/v2\/users\/4"}],"replies":[{"embeddable":true,"href":"https:\/\/www.radiopiu.net\/wordpress\/wp-json\/wp\/v2\/comments?post=165291"}],"version-history":[{"count":0,"href":"https:\/\/www.radiopiu.net\/wordpress\/wp-json\/wp\/v2\/posts\/165291\/revisions"}],"wp:featuredmedia":[{"embeddable":true,"href":"https:\/\/www.radiopiu.net\/wordpress\/wp-json\/wp\/v2\/media\/144109"}],"wp:attachment":[{"href":"https:\/\/www.radiopiu.net\/wordpress\/wp-json\/wp\/v2\/media?parent=165291"}],"wp:term":[{"taxonomy":"category","embeddable":true,"href":"https:\/\/www.radiopiu.net\/wordpress\/wp-json\/wp\/v2\/categories?post=165291"},{"taxonomy":"post_tag","embeddable":true,"href":"https:\/\/www.radiopiu.net\/wordpress\/wp-json\/wp\/v2\/tags?post=165291"}],"curies":[{"name":"wp","href":"https:\/\/api.w.org\/{rel}","templated":true}]}}