{"id":165371,"date":"2020-10-11T06:27:46","date_gmt":"2020-10-11T04:27:46","guid":{"rendered":"https:\/\/www.radiopiu.net\/wordpress\/?p=165371"},"modified":"2020-10-11T13:43:54","modified_gmt":"2020-10-11T11:43:54","slug":"giornale-radiopiu-11-ottobre-2020-direttore-mirko-mezzacasa","status":"publish","type":"post","link":"https:\/\/www.radiopiu.net\/wordpress\/giornale-radiopiu-11-ottobre-2020-direttore-mirko-mezzacasa\/","title":{"rendered":"GIORNALE RADIOPIU 11 OTTOBRE 2020 DIRETTORE MIRKO MEZZACASA"},"content":{"rendered":"<h3><strong>PER RICEVERE QUESTO NOTIZIARIO DIRETTAMENTE SUL TUO CELLULARE ISCRIVITI AL CANALE TELEGRAM <\/strong><strong>\u201cRADIO PIU\u00a0 INFORMAZIONE&#8221;<\/strong><\/h3>\n<p><em>ATTENZIONE: LA NUOVA APP PER IOS-IPHONE<\/em><\/p>\n<div>\n<div><a href=\"https:\/\/apps.apple.com\/it\/app\/radio-pi%C3%B9-emittente-agordina\/id1515939845\">https:\/\/apps.apple.com\/it\/app\/radio-pi%C3%B9-emittente-agordina\/id1515939845<\/a><\/div>\n<\/div>\n<div><\/div>\n<div>\n<div dir=\"auto\"><em>ATTENZIONE: LA NUOVA APP RADIO\u00a0 PER ANDROID<\/em><\/div>\n<\/div>\n<p><a href=\"https:\/\/play.google.com\/store\/apps\/details?id=net.radiopiu.iniko\" target=\"_blank\" rel=\"noopener noreferrer\">https:\/\/play.google.com\/store\/apps\/details?id=net.radiopiu.iniko<\/a><\/p>\n<p>&nbsp;<\/p>\n<hr \/>\n<p>&nbsp;<\/p>\n<h3>LA FOTONOTIZIA DEL GIORNO &#8211; IL BANCHETTO DEL LUPO AL LAC DEI NEGHER SOPRA SOTTOGUDA<\/h3>\n<p><strong>ROCCA PIETORE\u00a0<\/strong>Sotto la Marmolada ci sono lupi affamati. A dimostrarlo le foto che pubblichiamo. Questa volta a pagarne le spese uno stambecco. Le foto sono state scattate sul sentiero che da Sottoguda porta al Lac Dei Negher.<\/p>\n\n\t\t\t<style type='text\/css'>\n\t\t\t\t#gallery-1 {\n\t\t\t\t\tmargin: auto;\n\t\t\t\t}\n\t\t\t\t#gallery-1 .gallery-item {\n\t\t\t\t\tfloat: left;\n\t\t\t\t\tmargin-top: 10px;\n\t\t\t\t\ttext-align: center;\n\t\t\t\t\twidth: 33%;\n\t\t\t\t}\n\t\t\t\t#gallery-1 img {\n\t\t\t\t\tborder: 2px solid #cfcfcf;\n\t\t\t\t}\n\t\t\t\t#gallery-1 .gallery-caption {\n\t\t\t\t\tmargin-left: 0;\n\t\t\t\t}\n\t\t\t\t\/* see gallery_shortcode() in wp-includes\/media.php *\/\n\t\t\t<\/style>\n\t\t<div id='gallery-1' class='dt-gallery-container gallery galleryid-165371 gallery-columns-3 gallery-size-medium'><dl class='gallery-item'>\n\t\t\t\t<dt class='gallery-icon landscape'>\n\t\t\t\t\t<a class=\"rollover rollover-zoom dt-pswp-item\" title=\"9b196dbf-ec8a-4f03-878b-b15a9eb09a47\" data-dt-img-description=\"\" data-large_image_width=\"1440\" data-large_image_height=\"1080\"href='https:\/\/www.radiopiu.net\/wordpress\/wp-content\/uploads\/2020\/10\/9b196dbf-ec8a-4f03-878b-b15a9eb09a47.jpg'><img loading=\"lazy\" decoding=\"async\" width=\"300\" height=\"225\" src=\"https:\/\/www.radiopiu.net\/wordpress\/wp-content\/uploads\/2020\/10\/9b196dbf-ec8a-4f03-878b-b15a9eb09a47-300x225.jpg\" class=\"attachment-medium size-medium\" alt=\"\" srcset=\"https:\/\/www.radiopiu.net\/wordpress\/wp-content\/uploads\/2020\/10\/9b196dbf-ec8a-4f03-878b-b15a9eb09a47-300x225.jpg 300w, https:\/\/www.radiopiu.net\/wordpress\/wp-content\/uploads\/2020\/10\/9b196dbf-ec8a-4f03-878b-b15a9eb09a47-1024x768.jpg 1024w, https:\/\/www.radiopiu.net\/wordpress\/wp-content\/uploads\/2020\/10\/9b196dbf-ec8a-4f03-878b-b15a9eb09a47-768x576.jpg 768w, https:\/\/www.radiopiu.net\/wordpress\/wp-content\/uploads\/2020\/10\/9b196dbf-ec8a-4f03-878b-b15a9eb09a47.jpg 1440w\" sizes=\"auto, (max-width: 300px) 100vw, 300px\" \/><\/a>\n\t\t\t\t<\/dt><\/dl><dl class='gallery-item'>\n\t\t\t\t<dt class='gallery-icon landscape'>\n\t\t\t\t\t<a class=\"rollover rollover-zoom dt-pswp-item\" title=\"0bdff101-a333-49d1-bc8d-985ca38e239e\" data-dt-img-description=\"\" data-large_image_width=\"1440\" data-large_image_height=\"1080\"href='https:\/\/www.radiopiu.net\/wordpress\/wp-content\/uploads\/2020\/10\/0bdff101-a333-49d1-bc8d-985ca38e239e.jpg'><img loading=\"lazy\" decoding=\"async\" width=\"300\" height=\"225\" src=\"https:\/\/www.radiopiu.net\/wordpress\/wp-content\/uploads\/2020\/10\/0bdff101-a333-49d1-bc8d-985ca38e239e-300x225.jpg\" class=\"attachment-medium size-medium\" alt=\"\" srcset=\"https:\/\/www.radiopiu.net\/wordpress\/wp-content\/uploads\/2020\/10\/0bdff101-a333-49d1-bc8d-985ca38e239e-300x225.jpg 300w, https:\/\/www.radiopiu.net\/wordpress\/wp-content\/uploads\/2020\/10\/0bdff101-a333-49d1-bc8d-985ca38e239e-1024x768.jpg 1024w, https:\/\/www.radiopiu.net\/wordpress\/wp-content\/uploads\/2020\/10\/0bdff101-a333-49d1-bc8d-985ca38e239e-768x576.jpg 768w, https:\/\/www.radiopiu.net\/wordpress\/wp-content\/uploads\/2020\/10\/0bdff101-a333-49d1-bc8d-985ca38e239e.jpg 1440w\" sizes=\"auto, (max-width: 300px) 100vw, 300px\" \/><\/a>\n\t\t\t\t<\/dt><\/dl><dl class='gallery-item'>\n\t\t\t\t<dt class='gallery-icon landscape'>\n\t\t\t\t\t<a class=\"rollover rollover-zoom dt-pswp-item\" title=\"c86d7fd2-a5a1-4e73-a71b-dd7660e8c67d\" data-dt-img-description=\"\" data-large_image_width=\"1440\" data-large_image_height=\"1080\"href='https:\/\/www.radiopiu.net\/wordpress\/wp-content\/uploads\/2020\/10\/c86d7fd2-a5a1-4e73-a71b-dd7660e8c67d.jpg'><img loading=\"lazy\" decoding=\"async\" width=\"300\" height=\"225\" src=\"https:\/\/www.radiopiu.net\/wordpress\/wp-content\/uploads\/2020\/10\/c86d7fd2-a5a1-4e73-a71b-dd7660e8c67d-300x225.jpg\" class=\"attachment-medium size-medium\" alt=\"\" srcset=\"https:\/\/www.radiopiu.net\/wordpress\/wp-content\/uploads\/2020\/10\/c86d7fd2-a5a1-4e73-a71b-dd7660e8c67d-300x225.jpg 300w, https:\/\/www.radiopiu.net\/wordpress\/wp-content\/uploads\/2020\/10\/c86d7fd2-a5a1-4e73-a71b-dd7660e8c67d-1024x768.jpg 1024w, https:\/\/www.radiopiu.net\/wordpress\/wp-content\/uploads\/2020\/10\/c86d7fd2-a5a1-4e73-a71b-dd7660e8c67d-768x576.jpg 768w, https:\/\/www.radiopiu.net\/wordpress\/wp-content\/uploads\/2020\/10\/c86d7fd2-a5a1-4e73-a71b-dd7660e8c67d.jpg 1440w\" sizes=\"auto, (max-width: 300px) 100vw, 300px\" \/><\/a>\n\t\t\t\t<\/dt><\/dl><br style=\"clear: both\" \/><dl class='gallery-item'>\n\t\t\t\t<dt class='gallery-icon landscape'>\n\t\t\t\t\t<a class=\"rollover rollover-zoom dt-pswp-item\" title=\"8aa6572e-7f0a-4a47-9735-cfa804f9cf71\" data-dt-img-description=\"\" data-large_image_width=\"1440\" data-large_image_height=\"1080\"href='https:\/\/www.radiopiu.net\/wordpress\/wp-content\/uploads\/2020\/10\/8aa6572e-7f0a-4a47-9735-cfa804f9cf71.jpg'><img loading=\"lazy\" decoding=\"async\" width=\"300\" height=\"225\" src=\"https:\/\/www.radiopiu.net\/wordpress\/wp-content\/uploads\/2020\/10\/8aa6572e-7f0a-4a47-9735-cfa804f9cf71-300x225.jpg\" class=\"attachment-medium size-medium\" alt=\"\" srcset=\"https:\/\/www.radiopiu.net\/wordpress\/wp-content\/uploads\/2020\/10\/8aa6572e-7f0a-4a47-9735-cfa804f9cf71-300x225.jpg 300w, https:\/\/www.radiopiu.net\/wordpress\/wp-content\/uploads\/2020\/10\/8aa6572e-7f0a-4a47-9735-cfa804f9cf71-1024x768.jpg 1024w, https:\/\/www.radiopiu.net\/wordpress\/wp-content\/uploads\/2020\/10\/8aa6572e-7f0a-4a47-9735-cfa804f9cf71-768x576.jpg 768w, https:\/\/www.radiopiu.net\/wordpress\/wp-content\/uploads\/2020\/10\/8aa6572e-7f0a-4a47-9735-cfa804f9cf71.jpg 1440w\" sizes=\"auto, (max-width: 300px) 100vw, 300px\" \/><\/a>\n\t\t\t\t<\/dt><\/dl><dl class='gallery-item'>\n\t\t\t\t<dt class='gallery-icon landscape'>\n\t\t\t\t\t<a class=\"rollover rollover-zoom dt-pswp-item\" title=\"23e27949-0819-483e-8ee8-a1984a6f2943\" data-dt-img-description=\"\" data-large_image_width=\"1440\" data-large_image_height=\"1080\"href='https:\/\/www.radiopiu.net\/wordpress\/wp-content\/uploads\/2020\/10\/23e27949-0819-483e-8ee8-a1984a6f2943.jpg'><img loading=\"lazy\" decoding=\"async\" width=\"300\" height=\"225\" src=\"https:\/\/www.radiopiu.net\/wordpress\/wp-content\/uploads\/2020\/10\/23e27949-0819-483e-8ee8-a1984a6f2943-300x225.jpg\" class=\"attachment-medium size-medium\" alt=\"\" srcset=\"https:\/\/www.radiopiu.net\/wordpress\/wp-content\/uploads\/2020\/10\/23e27949-0819-483e-8ee8-a1984a6f2943-300x225.jpg 300w, https:\/\/www.radiopiu.net\/wordpress\/wp-content\/uploads\/2020\/10\/23e27949-0819-483e-8ee8-a1984a6f2943-1024x768.jpg 1024w, https:\/\/www.radiopiu.net\/wordpress\/wp-content\/uploads\/2020\/10\/23e27949-0819-483e-8ee8-a1984a6f2943-768x576.jpg 768w, https:\/\/www.radiopiu.net\/wordpress\/wp-content\/uploads\/2020\/10\/23e27949-0819-483e-8ee8-a1984a6f2943.jpg 1440w\" sizes=\"auto, (max-width: 300px) 100vw, 300px\" \/><\/a>\n\t\t\t\t<\/dt><\/dl><dl class='gallery-item'>\n\t\t\t\t<dt class='gallery-icon landscape'>\n\t\t\t\t\t<a class=\"rollover rollover-zoom dt-pswp-item\" title=\"d8b77e7f-e1d7-43ea-88b2-35857495b237\" data-dt-img-description=\"\" data-large_image_width=\"1440\" data-large_image_height=\"1080\"href='https:\/\/www.radiopiu.net\/wordpress\/wp-content\/uploads\/2020\/10\/d8b77e7f-e1d7-43ea-88b2-35857495b237.jpg'><img loading=\"lazy\" decoding=\"async\" width=\"300\" height=\"225\" src=\"https:\/\/www.radiopiu.net\/wordpress\/wp-content\/uploads\/2020\/10\/d8b77e7f-e1d7-43ea-88b2-35857495b237-300x225.jpg\" class=\"attachment-medium size-medium\" alt=\"\" srcset=\"https:\/\/www.radiopiu.net\/wordpress\/wp-content\/uploads\/2020\/10\/d8b77e7f-e1d7-43ea-88b2-35857495b237-300x225.jpg 300w, https:\/\/www.radiopiu.net\/wordpress\/wp-content\/uploads\/2020\/10\/d8b77e7f-e1d7-43ea-88b2-35857495b237-1024x768.jpg 1024w, https:\/\/www.radiopiu.net\/wordpress\/wp-content\/uploads\/2020\/10\/d8b77e7f-e1d7-43ea-88b2-35857495b237-768x576.jpg 768w, https:\/\/www.radiopiu.net\/wordpress\/wp-content\/uploads\/2020\/10\/d8b77e7f-e1d7-43ea-88b2-35857495b237.jpg 1440w\" sizes=\"auto, (max-width: 300px) 100vw, 300px\" \/><\/a>\n\t\t\t\t<\/dt><\/dl><br style=\"clear: both\" \/>\n\t\t\t<\/div>\n\n<p>&nbsp;<\/p>\n<hr \/>\n<p>&nbsp;<\/p>\n<h3><span style=\"color: #0000ff;\">PER CHI VIAGGIA: <span style=\"color: #000000;\">negli spostamenti Agordo-Belluno prendetevi per tempo, sono due i semafori (non sincronizzati) tra La Stanga (dopo il ristorante) e Candaten (prima del rettilineo). Disagi notevoli nelle ore di cambio turno in Luxottica ad Agordo.\u00a0<\/span><\/span><\/h3>\n<p><strong>SP 37 VILLAPAIERA &#8211; FELTRE &#8211;\u00a0 <\/strong>Fino al 30 ottobre (compresi festivi e prefestivi) in abitato di Villapaiera interdizione totale al transito per sistemazione condotta fognaria<\/p>\n<p><strong>PROVINCIALE 35 &#8211; LASTE<\/strong><br \/>\nPer allargamento della sede stradale in localit\u00e0 Laste di Sopra limitazioni al transito fino al 15 ottobre esclusi festivi e prefestivi, brevi interruzioni durata massima di 15 minuti tra le 8 e le 12 e tra le 13 e le 17.\u00a0Negli altri orari semaforo e senso unico alternato<\/p>\n<p><strong>PROVINCIALE 8 SAN TOMASO<\/strong> nuovo senso unico alternato fino al 13 novembre compresi festivi e prefestivi in localit\u00e0 ROI per realizzazione acquedotto<\/p>\n<p>&nbsp;<\/p>\n<hr \/>\n<p>&nbsp;<\/p>\n<p><strong>A LIVINALLONGO<\/strong> DEL COL DI LANA in LOCALITA\u2019 LARZONEI l&#8217;acqua \u00e8 di nuovo potabile e pu\u00f2 essere usata per scopi alimentari, non ancora\u00a0 a \u00a0<strong>SELVA DI CADORE<\/strong> in LOCALITA\u2019 L\u2019 ANDRIA qui l\u2019acqua erogata dall\u2019acquedotto non \u00e8 potabile e pu\u00f2 essere usata per scopi alimentari solo previa bollitura.<\/p>\n<p><strong>CANALE D&#8217;AGORDO<\/strong> Martedi dalle 8 a fine lavori\u00a0 verr\u00e0 sospesa l\u2019erogazione dell\u2019acqua nelle localit\u00e0. COLMEAN e FEDER.<\/p>\n<p>&nbsp;<\/p>\n<p>&nbsp;<\/p>\n<hr \/>\n<p>&nbsp;<\/p>\n<p>&nbsp;<\/p>\n<blockquote>\n<h2>Investito a Lentiai \u00e8 in prognosi riservata.<\/h2>\n<\/blockquote>\n<p class=\"p1\"><img loading=\"lazy\" decoding=\"async\" class=\"alignleft\" src=\"https:\/\/www.radiopiu.net\/wordpress\/wp-content\/uploads\/2020\/10\/airbag.jpg\" width=\"177\" height=\"118\" \/>LENTIAI Alle 5 di ieri\u00a0 mattina a Lentiai, una donna di Mel che procedeva verso Busche nei pressi del bar Pezzin a bordo di una Renault Capture , ha investito\u00a0 W.A. classe 2002 , cittadino marocchino residente a Fonzaso. <span class=\"Apple-converted-space\">Il ragazzo stava attraversando la strada in <\/span>un punto non illuminato e fuori dalle strisce pedonali, a seguito dell&#8217;incidente \u00e8 stato ricoverato in prognosi riservata presso l&#8217;ospedale di Feltre.<\/p>\n<p><strong>di MORENO GIOLI\u00a0<\/strong><\/p>\n<audio class=\"wp-audio-shortcode\" id=\"audio-165371-1\" preload=\"none\" style=\"width: 100%;\" controls=\"controls\"><source type=\"audio\/mpeg\" src=\"https:\/\/www.radiopiu.net\/wordpress\/wp-content\/uploads\/2020\/10\/GIOLI-LENTIAI.mp3?_=1\" \/><a href=\"https:\/\/www.radiopiu.net\/wordpress\/wp-content\/uploads\/2020\/10\/GIOLI-LENTIAI.mp3\">https:\/\/www.radiopiu.net\/wordpress\/wp-content\/uploads\/2020\/10\/GIOLI-LENTIAI.mp3<\/a><\/audio>\n<p>&nbsp;<\/p>\n<hr \/>\n<blockquote>\n<h3><\/h3>\n<h3>ASSALTO ALLA BANCA PREALPI, BOTTINO 30 MILA EURO, TRE EPISODI SIMILI IN VENETO<\/h3>\n<\/blockquote>\n<p><strong>BELLUNO<\/strong> Alle 4 alla banca di fronte al centro commerciale Mega nei pressi della sede della Cisl (in prossimit\u00e0 del nuovo negozio di surgelati). Per far saltare in aria\u00a0 il bancomat i malviventi lo hanno\u00a0 riempito di gas. Carabinieri e Polizia sono sul posto e hanno iniziato le operazioni investigative ad iniziare dalla visione delle telecamere di sorveglianza tanto della banca che in prossimit\u00e0 di dove si \u00e8 verificato il fatto. Di certo questo e&#8217; il giorno di &#8220;carico&#8221; del venerdi per il fine settimana, sono stati portati via 30.000 euro, i malviventi si sono allontanati a bordo di un&#8217;auto scura<\/p>\n<p>https:\/\/www.facebook.com\/Mirkomezziano\/videos\/2798985833717518<\/p>\n<p>&nbsp;<\/p>\n<ul>\n<li><img loading=\"lazy\" decoding=\"async\" class=\"wp-image-4850 jetpack-lazy-image jetpack-lazy-image--handled alignleft\" src=\"https:\/\/www.amicodelpopolo.it\/wp-content\/uploads\/2019\/04\/IMG-20190407-WA0001-576x1024.jpg\" sizes=\"auto, (max-width: 576px) 100vw, 576px\" srcset=\"https:\/\/www.amicodelpopolo.it\/wp-content\/uploads\/2019\/04\/IMG-20190407-WA0001-576x1024.jpg 576w, https:\/\/www.amicodelpopolo.it\/wp-content\/uploads\/2019\/04\/IMG-20190407-WA0001-169x300.jpg 169w, https:\/\/www.amicodelpopolo.it\/wp-content\/uploads\/2019\/04\/IMG-20190407-WA0001-768x1365.jpg 768w, https:\/\/www.amicodelpopolo.it\/wp-content\/uploads\/2019\/04\/IMG-20190407-WA0001.jpg 900w\" alt=\"\" width=\"84\" height=\"149\" data-attachment-id=\"4850\" data-permalink=\"https:\/\/www.amicodelpopolo.it\/2019\/04\/07\/arten-furto-con-lesplosivo\/img-20190407-wa0001\/\" data-orig-file=\"https:\/\/www.amicodelpopolo.it\/wp-content\/uploads\/2019\/04\/IMG-20190407-WA0001.jpg\" data-orig-size=\"900,1600\" data-comments-opened=\"1\" data-image-meta=\"{&quot;aperture&quot;:&quot;0&quot;,&quot;credit&quot;:&quot;&quot;,&quot;camera&quot;:&quot;&quot;,&quot;caption&quot;:&quot;&quot;,&quot;created_timestamp&quot;:&quot;0&quot;,&quot;copyright&quot;:&quot;&quot;,&quot;focal_length&quot;:&quot;0&quot;,&quot;iso&quot;:&quot;0&quot;,&quot;shutter_speed&quot;:&quot;0&quot;,&quot;title&quot;:&quot;&quot;,&quot;orientation&quot;:&quot;0&quot;}\" data-image-title=\"IMG-20190407-WA0001\" data-image-description=\"\" data-medium-file=\"https:\/\/www.amicodelpopolo.it\/wp-content\/uploads\/2019\/04\/IMG-20190407-WA0001-169x300.jpg\" data-large-file=\"https:\/\/www.amicodelpopolo.it\/wp-content\/uploads\/2019\/04\/IMG-20190407-WA0001-576x1024.jpg\" data-id=\"4850\" data-link=\"https:\/\/www.amicodelpopolo.it\/?attachment_id=4850\" data-lazy-loaded=\"1\" \/><\/li>\n<\/ul>\n<p><strong>PRECEDENTE DI ARTEN<\/strong> Ad aprile distrutto e svuotato lo sportello bancomat di Banca Intesa ad Arten, comune di Fonzaso. il furto \u00e8 stato commesso verso le 3 e mezza, in piena notte. In piazza San Gottardo, al civico 23, alcuni individui, con il volto coperto per non risultare riconoscibili, hanno fatto \u201csaltare\u201d l\u2019apparecchiatura ATM che consente il prelievo di denaro contante. I malviventi hanno utilizzato una miscela esplosiva nota come \u201cMarmotta\u201d. Hanno asportato parte del denaro contenuto nello sportello bancomat. \u00a0Si sono poi allontanati utilizzando una vettura di colore chiaro.<\/p>\n<p><a class=\"dt-pswp-item\" href=\"https:\/\/www.radiopiu.net\/wordpress\/wp-content\/uploads\/2020\/10\/5731371e-d2d4-4f4b-889b-681f75f3c146.jpg\" data-dt-img-description=\"\" data-large_image_width=\"768\" data-large_image_height=\"1024\"><img loading=\"lazy\" decoding=\"async\" class=\"alignnone wp-image-165420 \" src=\"https:\/\/www.radiopiu.net\/wordpress\/wp-content\/uploads\/2020\/10\/5731371e-d2d4-4f4b-889b-681f75f3c146.jpg\" alt=\"\" width=\"240\" height=\"320\" srcset=\"https:\/\/www.radiopiu.net\/wordpress\/wp-content\/uploads\/2020\/10\/5731371e-d2d4-4f4b-889b-681f75f3c146.jpg 768w, https:\/\/www.radiopiu.net\/wordpress\/wp-content\/uploads\/2020\/10\/5731371e-d2d4-4f4b-889b-681f75f3c146-225x300.jpg 225w\" sizes=\"auto, (max-width: 240px) 100vw, 240px\" \/><\/a><a class=\"dt-pswp-item\" href=\"https:\/\/www.radiopiu.net\/wordpress\/wp-content\/uploads\/2020\/10\/ced1985c-09f8-4ff3-8bff-d1256e86840b.jpg\" data-dt-img-description=\"\" data-large_image_width=\"240\" data-large_image_height=\"320\"><img loading=\"lazy\" decoding=\"async\" class=\"alignnone wp-image-165457\" src=\"https:\/\/www.radiopiu.net\/wordpress\/wp-content\/uploads\/2020\/10\/ced1985c-09f8-4ff3-8bff-d1256e86840b-225x300.jpg\" alt=\"\" width=\"239\" height=\"319\" srcset=\"https:\/\/www.radiopiu.net\/wordpress\/wp-content\/uploads\/2020\/10\/ced1985c-09f8-4ff3-8bff-d1256e86840b-225x300.jpg 225w, https:\/\/www.radiopiu.net\/wordpress\/wp-content\/uploads\/2020\/10\/ced1985c-09f8-4ff3-8bff-d1256e86840b.jpg 240w\" sizes=\"auto, (max-width: 239px) 100vw, 239px\" \/><\/a><\/p>\n<p>&nbsp;<\/p>\n<p>&nbsp;<\/p>\n<hr \/>\n<p>&nbsp;<\/p>\n<blockquote>\n<h3>INCIAMPA IN UN TRONCO, INTERVIENE IL SOCCORSO ALPINO<\/h3>\n<\/blockquote>\n<p><strong><a class=\"dt-pswp-item\" href=\"https:\/\/www.radiopiu.net\/wordpress\/wp-content\/uploads\/2015\/05\/1207856-soccorso_alpino.jpg\" data-dt-img-description=\"\" data-large_image_width=\"680\" data-large_image_height=\"380\"><img loading=\"lazy\" decoding=\"async\" class=\"size-medium wp-image-5043 alignleft\" src=\"https:\/\/www.radiopiu.net\/wordpress\/wp-content\/uploads\/2015\/05\/1207856-soccorso_alpino-300x168.jpg\" alt=\"\" width=\"300\" height=\"168\" \/><\/a>ALPAGO<\/strong> Alle 11.25 la Centrale del Suem ha allertato il Soccorso alpino dell&#8217;Alpago per un escursionista che si era fatto male a una mano. Percorrendo il giro ad anello in Cansiglio, L.L., 72 anni, di Milano, nel superare un tronco era caduto riportando la probabile frattura di un dito. Assieme alla moglie, con l&#8217;aiuto di un passante, l&#8217;uomo, agitato e dolorante, ha ripreso la strada per rientrare sulla Piana, mentre una squadra gli andava incontro. L&#8217;infortunato si \u00e8 poi recato autonomamente all&#8217;ospedale di Vittorio Veneto assieme al figlio.<\/p>\n<p>&nbsp;<\/p>\n<p>&nbsp;<\/p>\n<hr \/>\n<p>&nbsp;<\/p>\n<blockquote>\n<h3>RECUPERATI ESCURSIONISTI SULLA TOFANA DI ROZES<\/h3>\n<\/blockquote>\n<p><strong><img loading=\"lazy\" decoding=\"async\" class=\"alignleft\" src=\"https:\/\/www.radiopiu.net\/wordpress\/wp-content\/uploads\/2020\/08\/salt_20200809_102446_176_resized.jpg\" width=\"161\" height=\"121\" \/>CORTINA\u00a0<\/strong> Due escursionisti tedeschi che si trovavano in difficolt\u00e0, dopo avere trovato neve mentre percorrevano la normale alla Tofana di Rozes. In contatto con loro e con l&#8217;elicottero del Suem di Pieve di Cadore decollato da Belluno, in base alle coordinate sono stati recuperati dal Soccorso Alpino\u00a0 con un verricello di 25 metri e trasportati al Rifugio Dibona.<\/p>\n<p>&nbsp;<\/p>\n<p>&nbsp;<\/p>\n<p>&nbsp;<\/p>\n<p>&nbsp;<\/p>\n<hr \/>\n<p>&nbsp;<\/p>\n<blockquote>\n<h3>ARROGANTI, VIOLENTI E LADRI, ALMENO FINO A LUNEDI RIMARRANNO IN CARCERE<\/h3>\n<\/blockquote>\n<p><strong><a class=\"dt-pswp-item\" href=\"https:\/\/www.radiopiu.net\/wordpress\/wp-content\/uploads\/2020\/10\/3778ce37-4f59-41c9-9c98-a3dac9c08091.jpg\" data-dt-img-description=\"\" data-large_image_width=\"320\" data-large_image_height=\"180\"><img loading=\"lazy\" decoding=\"async\" class=\" wp-image-165604 alignleft\" src=\"https:\/\/www.radiopiu.net\/wordpress\/wp-content\/uploads\/2020\/10\/3778ce37-4f59-41c9-9c98-a3dac9c08091-300x169.jpg\" alt=\"\" width=\"245\" height=\"138\" srcset=\"https:\/\/www.radiopiu.net\/wordpress\/wp-content\/uploads\/2020\/10\/3778ce37-4f59-41c9-9c98-a3dac9c08091-300x169.jpg 300w, https:\/\/www.radiopiu.net\/wordpress\/wp-content\/uploads\/2020\/10\/3778ce37-4f59-41c9-9c98-a3dac9c08091.jpg 320w\" sizes=\"auto, (max-width: 245px) 100vw, 245px\" \/><\/a>FELTRE<\/strong> I due tunisini ospiti del nostro paese non si sono limitati a inveire contro la capotreno usando spray urticante resistendo a pubblico ufficiale, tirare sassi contro le carrozze fino a spaccare i finestrini, ma nella stessa notte hanno pure forzato una porta d&#8217;ingresso del negozio &#8220;I&amp;T&#8221; di informatica via via Trevigiano rubado sei computer portatili e denaro per 4000 euro. I Carabinieri di Feltre sono intervenuti mettendo in atto la\u00a0 misura del fermo di Polizia Giudiziaria. Ad incastrare i due, l&#8217;uno residente a Camposampiero e l&#8217;altro a jesolo di 35 e 40 anni sono stati incastrati dalla video sorveglianza interna del negozio di informatica.\u00a0 Sono stati fermati dagli uomini dell&#8217;Arma in stazione a Feltre pronti a prendere un taxi per tornare a casa. Sono stati trovati in possesso di un borsone\u00a0 con la refurtiva gi\u00e0 consegnata al proprietario. Ora sono in carcere a Baldenich in attesa della convalida del fermo prevista per lunedi<\/p>\n<p>&nbsp;<\/p>\n<p>&nbsp;<\/p>\n<hr \/>\n<p>&nbsp;<\/p>\n<blockquote>\n<h3>UN&#8217;ALTRA CROCETTA SULLA MAPPA DEI FURTI<\/h3>\n<\/blockquote>\n<p><strong>FELTRE<\/strong> Ci risiamo, i ladri tornano a colpire nel feltrino, in via Fusinato e in Via Colli di Murle. Risuona il campanello d&#8217;allarme, un invito a controllare porte, finestre e soprattutto aumentare la sicurezza per non rischiare di tornare a casa dopo una pizza e trovare l&#8217;appartamento a soqquadro e i cassetti svuotati. Come in via Fusinato dove i ladri hanno rubato monili in oro per 1200 euro, o in via Murle dove il bottino ammonta a 1000 euro. Indagano i Carabinieri di Feltre che hanno raccolto la denuncia di entrambi i proprietari.<\/p>\n<p>&nbsp;<\/p>\n<p>&nbsp;<\/p>\n<hr \/>\n<p>&nbsp;<\/p>\n<blockquote>\n<h3>L&#8217;INAUGURAZIONE DELLA NUOVA EX BANCA D&#8217;ITALIA<\/h3>\n<\/blockquote>\n<p><strong>BELLUNO<\/strong> Lunga diretta da Belluno Piazza Martiri dove le famiglie Chemello e Francavilla hanno tagliato il nastro della nuova &#8220;Banca d&#8217;Italia&#8221;, il palazzo di nuovo aperto e splendente in centro a Belluno nel rispetto dell&#8217;architettura e della storia.<\/p>\n<p>&nbsp;<\/p>\n<p>https:\/\/www.facebook.com\/Mirkomezziano\/videos\/2799077867041648<\/p>\n<p>&nbsp;<\/p>\n<blockquote class=\"wp-embedded-content\" data-secret=\"ZTT8i7Nmiu\"><p><a href=\"https:\/\/www.radiopiu.net\/wordpress\/a-spasso-nella-nuova-banca-ditalia-in-centro-a-belluno-nel-giorno-dellinaugurazione\/\">A SPASSO NELLA NUOVA &#8220;BANCA D&#8217;ITALIA&#8221; IN CENTRO A BELLUNO&#8230;NEL GIORNO DELL&#8217;INAUGURAZIONE<\/a><\/p><\/blockquote>\n<p><iframe loading=\"lazy\" class=\"wp-embedded-content\" sandbox=\"allow-scripts\" security=\"restricted\" style=\"position: absolute; clip: rect(1px, 1px, 1px, 1px);\" title=\"&#8220;A SPASSO NELLA NUOVA &#8220;BANCA D&#8217;ITALIA&#8221; IN CENTRO A BELLUNO&#8230;NEL GIORNO DELL&#8217;INAUGURAZIONE&#8221; &#8212; Radio Pi\u00f9\" src=\"https:\/\/www.radiopiu.net\/wordpress\/a-spasso-nella-nuova-banca-ditalia-in-centro-a-belluno-nel-giorno-dellinaugurazione\/embed\/#?secret=ZTT8i7Nmiu\" data-secret=\"ZTT8i7Nmiu\" width=\"600\" height=\"338\" frameborder=\"0\" marginwidth=\"0\" marginheight=\"0\" scrolling=\"no\"><\/iframe><\/p>\n<p>&nbsp;<\/p>\n<hr \/>\n<p>&nbsp;<\/p>\n<blockquote>\n<h1>INAUGURAZIONE EX BANCA D&#8217;ITALIA E SEDE COLLEGI MAESTRI DI SCI<\/h1>\n<\/blockquote>\n<p style=\"text-align: left;\" align=\"CENTER\"><em><strong><span style=\"color: #000000;\"><span style=\"font-family: Arial, sans-serif;\"><span style=\"font-size: large;\"><b>\u00abGrandi interventi di rinascita, per Belluno capitale delle Dolomiti\u00bb<\/b><\/span><\/span><\/span><\/strong><\/em><\/p>\n<p align=\"LEFT\"><strong><span style=\"color: #000000;\"><span style=\"font-family: Arial, sans-serif;\"><span style=\"font-size: large;\">Doppia inaugurazione oggi a Belluno, con il taglio del nastro dell&#8217;ex Banca d&#8217;Italia, in Piazza dei Martiri, e della nuova sede del Collegio dei Maestri di Sci del Veneto alla Sala De Luca, a Borgo Pr\u00e0. (Per l&#8217;inaugurazione della ex Banca d&#8217;Italia vedi articoli precedenti) . <\/span><\/span><\/span><\/strong><strong><span style=\"color: #000000;\"><span style=\"font-family: Arial, sans-serif;\"><span style=\"font-size: large;\">In tarda mattinata, poi, l&#8217;inaugurazione del Collegio veneto dei Maestri di Sci.<\/span><\/span><\/span><\/strong><\/p>\n<p align=\"LEFT\"><strong>IL SINDACO JACOPO MASSARO<\/strong><\/p>\n<audio class=\"wp-audio-shortcode\" id=\"audio-165371-2\" preload=\"none\" style=\"width: 100%;\" controls=\"controls\"><source type=\"audio\/mpeg\" src=\"https:\/\/www.radiopiu.net\/wordpress\/wp-content\/uploads\/2020\/10\/Massaro-Inagurazione-Banca-Italia-e-Collegio-Maestri-Sci.mp3?_=2\" \/><a href=\"https:\/\/www.radiopiu.net\/wordpress\/wp-content\/uploads\/2020\/10\/Massaro-Inagurazione-Banca-Italia-e-Collegio-Maestri-Sci.mp3\">https:\/\/www.radiopiu.net\/wordpress\/wp-content\/uploads\/2020\/10\/Massaro-Inagurazione-Banca-Italia-e-Collegio-Maestri-Sci.mp3<\/a><\/audio>\n<p>&nbsp;<\/p>\n<p>&nbsp;<\/p>\n\n\t\t\t<style type='text\/css'>\n\t\t\t\t#gallery-2 {\n\t\t\t\t\tmargin: auto;\n\t\t\t\t}\n\t\t\t\t#gallery-2 .gallery-item {\n\t\t\t\t\tfloat: left;\n\t\t\t\t\tmargin-top: 10px;\n\t\t\t\t\ttext-align: center;\n\t\t\t\t\twidth: 25%;\n\t\t\t\t}\n\t\t\t\t#gallery-2 img {\n\t\t\t\t\tborder: 2px solid #cfcfcf;\n\t\t\t\t}\n\t\t\t\t#gallery-2 .gallery-caption {\n\t\t\t\t\tmargin-left: 0;\n\t\t\t\t}\n\t\t\t\t\/* see gallery_shortcode() in wp-includes\/media.php *\/\n\t\t\t<\/style>\n\t\t<div id='gallery-2' class='dt-gallery-container gallery galleryid-165371 gallery-columns-4 gallery-size-thumbnail'><dl class='gallery-item'>\n\t\t\t\t<dt class='gallery-icon portrait'>\n\t\t\t\t\t<a class=\"rollover rollover-zoom dt-pswp-item\" title=\"0ce3f688-4a17-4c42-8a92-60d8e1cfcc9a\" data-dt-img-description=\"\" data-large_image_width=\"900\" data-large_image_height=\"1600\"href='https:\/\/www.radiopiu.net\/wordpress\/wp-content\/uploads\/2020\/10\/0ce3f688-4a17-4c42-8a92-60d8e1cfcc9a.jpg'><img loading=\"lazy\" decoding=\"async\" width=\"150\" height=\"150\" src=\"https:\/\/www.radiopiu.net\/wordpress\/wp-content\/uploads\/2020\/10\/0ce3f688-4a17-4c42-8a92-60d8e1cfcc9a-150x150.jpg\" class=\"attachment-thumbnail size-thumbnail\" alt=\"\" \/><\/a>\n\t\t\t\t<\/dt><\/dl><dl class='gallery-item'>\n\t\t\t\t<dt class='gallery-icon landscape'>\n\t\t\t\t\t<a class=\"rollover rollover-zoom dt-pswp-item\" title=\"06dbaffa-d224-4f7b-8cfc-37a646cd6a8f\" data-dt-img-description=\"\" data-large_image_width=\"1600\" data-large_image_height=\"900\"href='https:\/\/www.radiopiu.net\/wordpress\/wp-content\/uploads\/2020\/10\/06dbaffa-d224-4f7b-8cfc-37a646cd6a8f.jpg'><img loading=\"lazy\" decoding=\"async\" width=\"150\" height=\"150\" src=\"https:\/\/www.radiopiu.net\/wordpress\/wp-content\/uploads\/2020\/10\/06dbaffa-d224-4f7b-8cfc-37a646cd6a8f-150x150.jpg\" class=\"attachment-thumbnail size-thumbnail\" alt=\"\" \/><\/a>\n\t\t\t\t<\/dt><\/dl><dl class='gallery-item'>\n\t\t\t\t<dt class='gallery-icon landscape'>\n\t\t\t\t\t<a class=\"rollover rollover-zoom dt-pswp-item\" title=\"09a2c7d9-6cb3-4c27-929c-0859cab9d9a4\" data-dt-img-description=\"\" data-large_image_width=\"1600\" data-large_image_height=\"900\"href='https:\/\/www.radiopiu.net\/wordpress\/wp-content\/uploads\/2020\/10\/09a2c7d9-6cb3-4c27-929c-0859cab9d9a4.jpg'><img loading=\"lazy\" decoding=\"async\" width=\"150\" height=\"150\" src=\"https:\/\/www.radiopiu.net\/wordpress\/wp-content\/uploads\/2020\/10\/09a2c7d9-6cb3-4c27-929c-0859cab9d9a4-150x150.jpg\" class=\"attachment-thumbnail size-thumbnail\" alt=\"\" \/><\/a>\n\t\t\t\t<\/dt><\/dl><dl class='gallery-item'>\n\t\t\t\t<dt class='gallery-icon landscape'>\n\t\t\t\t\t<a class=\"rollover rollover-zoom dt-pswp-item\" title=\"f3d749c2-458a-4907-99d1-c1a5c5698445\" data-dt-img-description=\"\" data-large_image_width=\"720\" data-large_image_height=\"412\"href='https:\/\/www.radiopiu.net\/wordpress\/wp-content\/uploads\/2020\/10\/f3d749c2-458a-4907-99d1-c1a5c5698445.jpg'><img loading=\"lazy\" decoding=\"async\" width=\"150\" height=\"150\" src=\"https:\/\/www.radiopiu.net\/wordpress\/wp-content\/uploads\/2020\/10\/f3d749c2-458a-4907-99d1-c1a5c5698445-150x150.jpg\" class=\"attachment-thumbnail size-thumbnail\" alt=\"\" \/><\/a>\n\t\t\t\t<\/dt><\/dl><br style=\"clear: both\" \/>\n\t\t\t<\/div>\n\n<p>&nbsp;<\/p>\n<p align=\"LEFT\"><strong>IL PRESIDENTE DELLA PROVINCIA ROBERTO PADRIN<\/strong><\/p>\n<p>\u00abI maestri di sci sono uno dei motori del nostro territorio. La loro valenza turistica \u00e8 sotto gli occhi di tutti, ma rappresentano anche un importante presenza per la sicurezza sulle piste. E avere a Belluno la casa del collegio regionale dei maestri \u00e8 un onore grande per la citt\u00e0 e per l\u2019intera provincia\u00bb. \u00c8 quanto afferma il consigliere provinciale Massimo Bortoluzzi che questa mattina ha partecipato all\u2019inaugurazione delle nuova sede del Collegio regionale maestri di sci del Veneto, a Borgo Pr\u00e0.<br \/>\n\u00abLa scelta di Belluno non era scontata, bench\u00e9 la nostra sia provincia interamente montana. E il fatto che il Collegio Veneto abbia scelto di investire risorse proprie nella riqualificazione di un palazzo storico per ricavarne quella che il presidente Borgo ha definito \u201cla casa di tutti i maestri di sci\u201d ci vede orgogliosi\u00bb.<br \/>\n\u00abLa Provincia ringrazia i maestri di sci per il grande lavoro di promozione territoriale che svolgono &#8211; aggiunge il presidente Roberto Padrin -. Con i Mondiali di Cortina alle porte e le Olimpiadi invernali all\u2019orizzonte, la collaborazione con il Collegio Veneto sar\u00e0 un dovere e un onore, oltre che un punto di forza del nostro territorio. La sede di Borgo Pr\u00e0 non \u00e8 solo la casa dei maestri, ma la casa di un\u2019intera provincia che riconosce allo sci un motore di sviluppo e un\u2019occasione di promozione\u00bb.<\/p>\n<p>&nbsp;<\/p>\n<p>&nbsp;<\/p>\n<hr \/>\n<blockquote>\n<h3>A COLLE SANTA LUCIA INAUGURATA L&#8217;OPERA D&#8217;ARTE DI VALENTINO MORO<\/h3>\n<\/blockquote>\n<p><strong>COLLA SANTA LUCIA\u00a0<\/strong>Diretta dell&#8217;inaugurazione dell&#8217;opera d&#8217;arte SFIDA donata dall&#8217;artista Valentino Moro al Comune di Colle Santa Lucia<\/p>\n<p><strong><i>Video dalla pagina Facebook\u00a0<\/i><i>COLLE SANTA LUCIA DOLOMITI\u00a0<\/i><\/strong><\/p>\n<p>https:\/\/www.facebook.com\/ColleSantaLucia\/videos\/2653752638272399<\/p>\n<p>&nbsp;<\/p>\n<hr \/>\n<p>&nbsp;<\/p>\n<blockquote>\n<h3>METEO. STATO DI ATTENZIONE PER TEMPORALI E FORTE VENTO<\/h3>\n<\/blockquote>\n<p><strong><a class=\"dt-pswp-item\" href=\"https:\/\/www.radiopiu.net\/wordpress\/wp-content\/uploads\/2018\/06\/temporale.jpg\" data-dt-img-description=\"\" data-large_image_width=\"1920\" data-large_image_height=\"1272\"><img loading=\"lazy\" decoding=\"async\" class=\"size-medium wp-image-50334 alignleft\" src=\"https:\/\/www.radiopiu.net\/wordpress\/wp-content\/uploads\/2018\/06\/temporale-300x199.jpg\" alt=\"\" width=\"300\" height=\"199\" srcset=\"https:\/\/www.radiopiu.net\/wordpress\/wp-content\/uploads\/2018\/06\/temporale-300x199.jpg 300w, https:\/\/www.radiopiu.net\/wordpress\/wp-content\/uploads\/2018\/06\/temporale-768x509.jpg 768w, https:\/\/www.radiopiu.net\/wordpress\/wp-content\/uploads\/2018\/06\/temporale-1024x678.jpg 1024w, https:\/\/www.radiopiu.net\/wordpress\/wp-content\/uploads\/2018\/06\/temporale.jpg 1920w\" sizes=\"auto, (max-width: 300px) 100vw, 300px\" \/><\/a>VENEZIA\u00a0<\/strong>Il Centro Funzionale Decentrato della Protezione Civile del Veneto, viste le previsioni meteorologiche relative allo scenario di forti temporali, ha emesso un nuovo avviso di criticit\u00e0 idrogeologica, decretando lo stato di attenzione (da riconfigurare, a livello locale, in fase di preallarme\/allarme a seconda dell\u2019intensit\u00e0 dei fenomeni), fino alle ore 6:00 di luned\u00ec 12 ottobre, su:\u00a0Piave Pedemontano (province di Belluno e Treviso);\u00a0Po, Fissero-Tartaro-CanalBianco e Basso Adige (province di Verona e Rovigo);\u00a0Basso Piave,Sile e Bacino scolante in laguna (province di Venezia, Treviso e Padova);Livenza, Lemene e Tagliamento (province di Venezia e Treviso).\u00a0La fase operativa di attenzione \u00e8 riferita anche al forte vento sulla zona costiera e pianura limitrofa e dorsali prealpine, dalle ore 6:00 di oggi alle ore 9:00 di luned\u00ec.\u00a0Le previsioni indicano per il periodo compreso stasera precipitazioni a tratti estese, anche a carattere di rovescio, con quantitativi consistenti o localmente abbondanti (su zone montane e pedemontane e su costa settentrionale e pianura limitrofa). Su pianura e costa possibili locali temporali, che potrebbero risultare anche intensi sulle zone nordorientali. Limite della neve in abbassamento, mediamente a 1300-1500 metri, anche pi\u00f9 in basso sulle Dolomiti. Tra domenica e luned\u00ec mattina venti tesi\/forti su costa e pianura limitrofa e sulle dorsali prealpine.<\/p>\n<p>&nbsp;<\/p>\n<p>&nbsp;<\/p>\n<hr \/>\n<p>&nbsp;<\/p>\n<blockquote>\n<h3>ANCORA UN DECESSO IN ULSS 1. 47 NUOVE POSITIVIT\u00c0 E 26 PERSONE ATTUALMENTE RICOVERATE AL SAN MARTINO<\/h3>\n<\/blockquote>\n<p><strong><a class=\"dt-pswp-item\" href=\"https:\/\/www.radiopiu.net\/wordpress\/wp-content\/uploads\/2020\/09\/corona-aggiornamenti-copia.jpg\" data-dt-img-description=\"\" data-large_image_width=\"626\" data-large_image_height=\"417\"><img loading=\"lazy\" decoding=\"async\" class=\"size-medium wp-image-158956 alignleft\" src=\"https:\/\/www.radiopiu.net\/wordpress\/wp-content\/uploads\/2020\/09\/corona-aggiornamenti-copia-300x200.jpg\" alt=\"\" width=\"300\" height=\"200\" srcset=\"https:\/\/www.radiopiu.net\/wordpress\/wp-content\/uploads\/2020\/09\/corona-aggiornamenti-copia-300x200.jpg 300w, https:\/\/www.radiopiu.net\/wordpress\/wp-content\/uploads\/2020\/09\/corona-aggiornamenti-copia.jpg 626w\" sizes=\"auto, (max-width: 300px) 100vw, 300px\" \/><\/a>BELLUNO\u00a0<\/strong>Nelle ultime 24 ore hanno messo in evidenza 47 nuove positivit\u00e0, di cui 29 riferite a comuni dell\u2019area Comelico Cadore Ampezzano.\u00a0Per le nuove positivit\u00e0 saranno come di regola prese in carico con isolamento dei soggetti coinvolti e conseguente contact tracing.\u00a0Sono attualmente ricoverati in ospedale 26 soggetti covid positivi, tutti in area non critica. Nelle ultime 24 ore \u00e8 stato registrato il decesso di una paziente con grave patologia pregressa, riscontrata positiva in Pronto Soccorso a Pieve di Cadore afferente al focolaio del Comelico.<\/p>\n<p><strong>100 MILA TAMPONI MOLECOLARI REFERTATI IN ULSS 1<\/strong><\/p>\n<p>Superati i 100 mila tamponi molecolari eseguiti in Ulss Dolomiti da inizio emergenza Covid. Alle 8 di questa mattina sono stati refertati 100.169 tamponi molecolari.Un numero importante che definisce una delle pi\u00f9 alte proporzioni regionali tampone\/popolazione.\u00a0I test diagnostici per COVID-19 rappresentano uno strumento essenziale non solo per la gestione clinica dei pazienti ma anche e soprattutto per controllare la pandemia, insieme al contact tracing, mediante il riconoscimento e le successive misure di prevenzione e controllo dirette ad individui infetti, anche asintomatici, che possono diffondere la malattia. Attualmente sono disponibili per rilevare direttamente l\u2019infezione da SARS-CoV-2 i test che evidenziano la presenza di materiale genetico (RNA) del virus (test\u00a0 molecolari) e i test che evidenziano la presenza di componenti (antigeni) del virus (test antigenici \u2013 tampone rapido).\u00a0 Entrambi, al momento, prevedono il prelievo del campione tramite tampone nasofaringeo. L\u2019analisi dei test di biologia molecolare per rilevare la presenza di SARS-CoV-2 pu\u00f2 essere effettuata solo in laboratorio attraverso una processazione che richiede circa 4 ore. I test antigenici invece pur se leggermente meno sensibili e meno specifici, consentono una refertazione immediata (20 minuti) che richiede tuttavia, in caso di positivit\u00e0 la conferma con test molecolare In Ulss Dolomiti, a ieri, sono stati eseguiti 1.411 test antigenici rapidi, di questi i positivi sono stati 30. Oltre 90%delle positivit\u00e0 emerse \u00e8 stato confermato dal test di biologia molecolare. Questa tipologia di test, proprio per la rapidit\u00e0 di risposta, costituisce il test di regola eseguito nei 4 drive-in aziendali finalizzati in primis alla diagnostica delle forme sintomatiche in soggetti di qualsiasi et\u00e0 frequentanti la scuola.<\/p>\n<p>&nbsp;<\/p>\n<p>&nbsp;<\/p>\n<hr \/>\n<p>&nbsp;<\/p>\n<blockquote class=\"wp-embedded-content\" data-secret=\"orQP4mtGr2\"><p><a href=\"https:\/\/www.radiopiu.net\/wordpress\/coronavirus-aggiornamento-nazionale-10-ottobre\/\">CORONAVIRUS: AGGIORNAMENTO NAZIONALE 10 OTTOBRE<\/a><\/p><\/blockquote>\n<p><iframe loading=\"lazy\" class=\"wp-embedded-content\" sandbox=\"allow-scripts\" security=\"restricted\" style=\"position: absolute; clip: rect(1px, 1px, 1px, 1px);\" title=\"&#8220;CORONAVIRUS: AGGIORNAMENTO NAZIONALE 10 OTTOBRE&#8221; &#8212; Radio Pi\u00f9\" src=\"https:\/\/www.radiopiu.net\/wordpress\/coronavirus-aggiornamento-nazionale-10-ottobre\/embed\/#?secret=orQP4mtGr2\" data-secret=\"orQP4mtGr2\" width=\"600\" height=\"338\" frameborder=\"0\" marginwidth=\"0\" marginheight=\"0\" scrolling=\"no\"><\/iframe><\/p>\n<p>&nbsp;<\/p>\n<hr \/>\n<p>&nbsp;<\/p>\n<blockquote class=\"wp-embedded-content\" data-secret=\"POAEiBwYGj\"><p><a href=\"https:\/\/www.radiopiu.net\/wordpress\/nelle-ultime-24-ore-sono-589-i-nuovi-positivi-3-decessi-e-22-persone-dimesse-dagli-ospedali-a-belluno-39-le-nuove-positivita\/\">NELLE ULTIME 24 ORE SONO 589 I NUOVI POSITIVI. 3 DECESSI E 22 PERSONE DIMESSE DAGLI OSPEDALI. A BELLUNO 39 LE NUOVE POSITIVIT\u00c0<\/a><\/p><\/blockquote>\n<p><iframe loading=\"lazy\" class=\"wp-embedded-content\" sandbox=\"allow-scripts\" security=\"restricted\" style=\"position: absolute; clip: rect(1px, 1px, 1px, 1px);\" title=\"&#8220;NELLE ULTIME 24 ORE SONO 589 I NUOVI POSITIVI. 3 DECESSI E 22 PERSONE DIMESSE DAGLI OSPEDALI. A BELLUNO 39 LE NUOVE POSITIVIT\u00c0&#8221; &#8212; Radio Pi\u00f9\" src=\"https:\/\/www.radiopiu.net\/wordpress\/nelle-ultime-24-ore-sono-589-i-nuovi-positivi-3-decessi-e-22-persone-dimesse-dagli-ospedali-a-belluno-39-le-nuove-positivita\/embed\/#?secret=POAEiBwYGj\" data-secret=\"POAEiBwYGj\" width=\"600\" height=\"338\" frameborder=\"0\" marginwidth=\"0\" marginheight=\"0\" scrolling=\"no\"><\/iframe><\/p>\n<p>&nbsp;<\/p>\n<p>I GRAFICI DI TIZIANO DE COL<\/p>\n<p><a class=\"dt-pswp-item\" href=\"https:\/\/www.radiopiu.net\/wordpress\/wp-content\/uploads\/2020\/10\/f57b3758-3e0d-4140-8744-8af6f2a8bfe5.jpg\" data-dt-img-description=\"\" data-large_image_width=\"722\" data-large_image_height=\"630\"><img loading=\"lazy\" decoding=\"async\" class=\"alignnone size-medium wp-image-165646\" src=\"https:\/\/www.radiopiu.net\/wordpress\/wp-content\/uploads\/2020\/10\/f57b3758-3e0d-4140-8744-8af6f2a8bfe5-300x262.jpg\" alt=\"\" width=\"300\" height=\"262\" srcset=\"https:\/\/www.radiopiu.net\/wordpress\/wp-content\/uploads\/2020\/10\/f57b3758-3e0d-4140-8744-8af6f2a8bfe5-300x262.jpg 300w, https:\/\/www.radiopiu.net\/wordpress\/wp-content\/uploads\/2020\/10\/f57b3758-3e0d-4140-8744-8af6f2a8bfe5.jpg 722w\" sizes=\"auto, (max-width: 300px) 100vw, 300px\" \/><\/a><a class=\"dt-pswp-item\" href=\"https:\/\/www.radiopiu.net\/wordpress\/wp-content\/uploads\/2020\/10\/8928a6d8-09f9-4598-840a-972c96d7a413.jpg\" data-dt-img-description=\"\" data-large_image_width=\"656\" data-large_image_height=\"336\"><img loading=\"lazy\" decoding=\"async\" class=\"alignnone size-medium wp-image-165647\" src=\"https:\/\/www.radiopiu.net\/wordpress\/wp-content\/uploads\/2020\/10\/8928a6d8-09f9-4598-840a-972c96d7a413-300x154.jpg\" alt=\"\" width=\"300\" height=\"154\" srcset=\"https:\/\/www.radiopiu.net\/wordpress\/wp-content\/uploads\/2020\/10\/8928a6d8-09f9-4598-840a-972c96d7a413-300x154.jpg 300w, https:\/\/www.radiopiu.net\/wordpress\/wp-content\/uploads\/2020\/10\/8928a6d8-09f9-4598-840a-972c96d7a413.jpg 656w\" sizes=\"auto, (max-width: 300px) 100vw, 300px\" \/><\/a><\/p>\n<hr \/>\n<p>&nbsp;<\/p>\n<blockquote>\n<h3>LE NUOVE MISURE ANTI CONTAGIO, IN DIRETTA LUCA ZAIA<\/h3>\n<\/blockquote>\n<p>&nbsp;<\/p>\n<p><strong>VENEZIA<\/strong> Dalla sala stampa della Protezione Civile a Marghera, il Presidente del veneto Luca Zaia fa il punto sull&#8217;emergenza Covid-19.<\/p>\n<p>&nbsp;<\/p>\n<p>2.502.000mila tamponi, 1.450.000 test rapidi, 31.065 positivi da inizio pandemia, positivi ad oggi 5.832, in isolamento 11.625 (+344 nelle ultime 24 ore), i ricoverati in ospedale 325 dei quali 231 positivi. In terapia intensiva 29 persone (-1 nelle 24 ore 20 positivi). DECESSI 2016(+7 nelle ultime 24 ore). I positivi sugli isolati: la percentuale \u00e8 del 50,17% (uno su 2 di chi \u00e8 a casa \u00e8 positivo)<\/p>\n<blockquote>\n<h3>LEGGI LA CONFERENZA STAMPA DI LUCA ZAIA<\/h3>\n<\/blockquote>\n<p>Stiamo aggiornando il piano di Sanit\u00e0 Pubblica,non\u00a0 siamo in emergenza sanitaria ospedaliera ma\u00a0 ci stiamo preparando ad una evoluzione della situazione. Gli ospedali di comunit\u00e0 del Veneto cerchiamo di attrezzarli per accogliere i pazienti guariti ma ancora positivi.Dalla fine del mese di luglio sono aumentati i positivi, costanti al contrario i ricoveri e i decessi. L&#8217;et\u00e0 media dei positivi\u00a0 da 60\/65 anni a 40\/45 anni,\u00a0 gran parte dei positivi in fascia\u00a0 25- 55 anni.<\/p>\n<p>Ingiustificatamente \u00e8 stata abbassata la guardia, da irresponsabili\u00a0 e chi si positivizza \u00e8\u00a0 reduce da assembramenti,\u00a0 nelle scuole: 279 situazioni scolastiche &#8211; classi -dove c&#8217;\u00e8 stato almeno un caso, i bambini positivi sono in totale 300 e rappresentano lo 0,04% su 700mila.\u00a0 Andiamo in aula a fare i controlli e siamo gli unici in Italia. Sul fronte dei test rapidi andiamo verso l&#8217;autodiagnosi.\u00a0 L&#8217;uso della mascherina \u00e8 determinante, trovo assurdo che ci sia una discussione in proposito.<br \/>\nSi ridurr\u00e0 il periodo di quarantena?\u00a0 Deve essere Roma che decide, noi abbiamo fatto richiesta. Eventuale lockdown regionale? Io guardo gli ospedali, quello \u00e8 l&#8217;indicatore vero. Non dobbiamo sminuire o sottovalutare il problema.Svizzera e Lista rossa? Mi dispiace per la posizione della Svizzera, torno a dire che serve una regia europea. Dal punto di vista epidemiologico credo che non abbia senso, dal punto di vista dei rapporti dico che sono cugini, vicini di casa, terzo io non conosco i dati epidemiologici in Svizzera, magari sapere quanti tamponi fanno, quanti positivi hanno, quanti ricoveri rispetto a noi, magari scopriremo che sono &#8220;meno bravi&#8221; di noi. Dovremmo forse chiuderle noi le frontiere&#8230;<\/p>\n<p>&nbsp;<\/p>\n<p>https:\/\/www.facebook.com\/zaiaufficiale\/videos\/725724471348549\/<\/p>\n<p>&nbsp;<\/p>\n<p>&nbsp;<\/p>\n<hr \/>\n<blockquote>\n<h3>ZAIA PRESENTA STUDIO EPIDEMIOLOGICO VENETO. RISALGONO I CONTAGI E CALA L\u2019ETA\u2019 MEDIA, MA RESTANO POCHI I RICOVERI<\/h3>\n<\/blockquote>\n<p><strong><a class=\"dt-pswp-item\" href=\"https:\/\/www.radiopiu.net\/wordpress\/wp-content\/uploads\/2020\/06\/zaia.jpg\" data-dt-img-description=\"\" data-large_image_width=\"1024\" data-large_image_height=\"576\"><img loading=\"lazy\" decoding=\"async\" class=\"size-medium wp-image-142371 alignleft\" src=\"https:\/\/www.radiopiu.net\/wordpress\/wp-content\/uploads\/2020\/06\/zaia-300x169.jpg\" alt=\"\" width=\"300\" height=\"169\" srcset=\"https:\/\/www.radiopiu.net\/wordpress\/wp-content\/uploads\/2020\/06\/zaia-300x169.jpg 300w, https:\/\/www.radiopiu.net\/wordpress\/wp-content\/uploads\/2020\/06\/zaia-768x432.jpg 768w, https:\/\/www.radiopiu.net\/wordpress\/wp-content\/uploads\/2020\/06\/zaia.jpg 1024w\" sizes=\"auto, (max-width: 300px) 100vw, 300px\" \/><\/a>VENEZIA\u00a0<\/strong>\u201c<em>Nessuno deve abbassare la guardia. Sarebbe da irresponsabili, perch\u00e9 siamo in un momento decisivo. La situazione epidemiologica, oggi, dice che abbiamo una crescita delle positivit\u00e0, ma una situazione assolutamente tranquilla negli ospedali. Ci\u00f2 nonostante siamo al lavoro per aggiornare alle pi\u00f9 recenti evoluzioni della malattia il nostro Piano di Sanit\u00e0 Pubblica e anche per essere pronti a uno scenario peggiore. La Regione Veneto non \u00e8 n\u00e9 catastrofista, n\u00e9 ottimista. Siamo obbiettivi e ci muoviamo sulla base dei dati oggettivi che i nostri esperti monitorano e valutano giorno per giorn<\/em>o\u201d.Lo ha detto il Presidente della Regione, Luca Zaia, facendo oggi, alla Protezione Civile a Marghera, il punto sulla situazione del Covid-19 in Veneto.\u00a0Zaia ha presentato uno studio della Direzione Prevenzione sulla situazione epidemiologica a tutto il 9 ottobre 2020, da quale emerge che le positivit\u00e0, a partire dalla fine di luglio, sono progressivamente tornate ai livelli di marzo, ma rispetto ad allora i ricoveri ospedalieri presentano numeri infinitesimali (325 persone, delle quali 231 positive contro le svariate centinaia di marzo; solo 29 ricoverati in terapia intensiva, dei quali nove gi\u00e0 negativizzati). Particolare interesse tra gli esperti ha suscitato il dato sull\u2019et\u00e0 delle persone positive, scesa da una mediana di 60-65 anni di marzo agli attuali 40-45 anni. Significativo che, dall\u20191 all\u20198 ottobre, la maggior parte dei casi riguardi soggetti dai 25 ai 44 anni, seguiti da quelli tra 45 e 64. Pochi sono i casi over 65, mentre 564 positivi sono attribuibili alla fascia pi\u00f9 giovanile, da zero a 24 anni. Lo studio comprende anche un aggiornamento della situazione delle scuole. All\u20198 ottobre 279 scuole presentavano almeno un caso. Gli studenti positivi erano 300 su un totale di 707.814, pari allo 0,04%. 2.379 quelli in quarantena preventiva, pari allo 0,34%. Il numero di docenti e operatori positivi era di 41 su un totale di 95.786, pari allo 0,05%; quelli in quarantena preventiva erano 243, pari allo 0,25%. \u201c<em>Come dicono i dati \u2013 ha tenuto a sottolineare Zaia \u2013 da un lato in Veneto al momento non esiste nessuna emergenza ospedaliera, dall\u2019altro l\u2019andamento dei contagi nelle scuole \u00e8 confortante. La Regione fa e far\u00e0 tutto il necessario ed \u00e8 pronta con l\u2019artiglieria pesante se dovesse verificarsi un peggioramento della situazione. Nel frattempo \u2013 ha concluso \u2013 rivolgo a tutti i cittadini un appello alla responsabilit\u00e0. Ognuno, mantenendo comportamenti corretti e prudenti, pu\u00f2 dare il suo contributo<\/em>\u201d.<\/p>\n<p><strong>LO STUDIO EPIDEMIOLOGICO PRESENTATO DAL PRESIDENTE ZAIA<\/strong><\/p>\n<a href=\"https:\/\/www.radiopiu.net\/wordpress\/wp-content\/uploads\/2020\/10\/COVID-situazione-Epidemiologica-09.10.2020.pdf\" class=\"pdfemb-viewer\" style=\"\" data-width=\"max\" data-height=\"max\" data-toolbar=\"top\" data-toolbar-fixed=\"on\">COVID situazione Epidemiologica 09.10.2020<\/a>\n<p>&nbsp;<\/p>\n<p>&nbsp;<\/p>\n<hr \/>\n<p>&nbsp;<\/p>\n<blockquote>\n<h3>SOSTEGNO PSICOLOGICO COVID: 423 INTERVENTI IN 220 GIORNI<\/h3>\n<\/blockquote>\n<p><strong><a class=\"dt-pswp-item\" href=\"https:\/\/www.radiopiu.net\/wordpress\/wp-content\/uploads\/2020\/10\/PSICOLOGO.jpg\" data-dt-img-description=\"\" data-large_image_width=\"1920\" data-large_image_height=\"1229\"><img loading=\"lazy\" decoding=\"async\" class=\" wp-image-165569 alignleft\" src=\"https:\/\/www.radiopiu.net\/wordpress\/wp-content\/uploads\/2020\/10\/PSICOLOGO-300x192.jpg\" alt=\"\" width=\"405\" height=\"259\" srcset=\"https:\/\/www.radiopiu.net\/wordpress\/wp-content\/uploads\/2020\/10\/PSICOLOGO-300x192.jpg 300w, https:\/\/www.radiopiu.net\/wordpress\/wp-content\/uploads\/2020\/10\/PSICOLOGO-1024x655.jpg 1024w, https:\/\/www.radiopiu.net\/wordpress\/wp-content\/uploads\/2020\/10\/PSICOLOGO-768x492.jpg 768w, https:\/\/www.radiopiu.net\/wordpress\/wp-content\/uploads\/2020\/10\/PSICOLOGO-1536x983.jpg 1536w, https:\/\/www.radiopiu.net\/wordpress\/wp-content\/uploads\/2020\/10\/PSICOLOGO.jpg 1920w\" sizes=\"auto, (max-width: 405px) 100vw, 405px\" \/><\/a>BELLUNO\u00a0<\/strong>423 interventi in 220 giorni: E\u2019 quanto \u00e8 stato fatto nell\u2019ambito del progetto \u201cSostegno Psicologico COVID\u201d promosso dalla\u2019Ulss Dolomiti in collaborazione con l\u2019AIL sezione di Belluno e il Fondo Welfare Dolomiti della Provincia a partire da marzo.\u00a0Incertezza, ansia e paura, impotenza e tensione emotiva, nervosismo e malesseri fisici. Sono alcune delle forme di disagio che inevitabilmente \u2013 in misura maggiore o minore e a seconda di et\u00e0, salute, stile precedente di vita come anche situazione socio economica \u2013 ognuno ha vissuto in questo periodo di emergenza covid19 . Nella fase dell\u2019emergenza in cui la preoccupazione era pi\u00f9 forte, la UOSD di Psicologia Ospedaliera si \u00e8 fatta promotrice dell\u2019attivit\u00e0 di sostegno psicologico secondo il modello della psicologia dell\u2019emergenza, partendo dalle persone malate e da chi le cura (cittadini in isolamento fiduciario o in quarantena, pazienti e famigliari oltre che sanitari dei reparti covid). Il sostegno \u00e8 stato poi via via allargato.\u00a0Ad oggi sono stati fatti:\u00a0189 colloqui a favore di 46 persone Covid positive o in isolamento fiduciario;\u00a087 colloqui di supporto a 11 famiglie di persone ricoverate per Covid;\u00a046 colloqui di supporto nell\u2019elaborazione del lutto a 8 familiari;\u00a08 reparti ospedalieri e 6 Case di Riposo formate nella tecnica del Defusing;\u00a028 incontri di gruppo di defusing\/de briefing;\u00a039 colloqui a favore di 13 sanitari;\u00a020 colloqui di supervisione ai coordinatori di reparto.\u00a0Inoltre, nell\u2019ambito del progetto, \u00e8 stato curato anche il sostegno ai Medici di medicina generale oltre che la produzione di diverso materiale informativo per la cittadinanza\u00a0 diffuso attraverso i vari canali aziendali e\u00a0 per le case di riposo.\u00a0Sono state fatte delle schede (disponibili nel sito <a href=\"http:\/\/www.aulss1.veneto.it\/\">www.aulss1.veneto.it<\/a>) su\u00a0SOS contagio emotivo,\u00a0Psicoeducazione adulti,\u00a0Psicoeducazione bambini,\u00a0Psicoeducazione anziani,\u00a0Psicoeducazione adolescenti,\u00a0Psicoeducazione operatori sanitari,\u00a0Defusing,\u00a0Comunicazione cattiva notizia telefonica,\u00a0Consigli per l\u2019alimentazione,\u00a0Consigli per il sonno,\u00a0Video di mindfulness e stretching,\u00a0Indicazione per le Case di Riposo per operatori, ospiti e coordinatori.\u00a0Inoltre, sono stati fatti dei brevi video sugli stessi temi diffusi dalla televisione locale e nella pagina facebook dell\u2019Azienda.\u00a0Il progetto \u00e8 stato promosso e guidato dalla responsabile della UOSD di psicologia dott.ssa Francesca De Biasi. L&#8217;equipe della psicologia ospedaliera composto dalle dott.sse Chiara Forlin, Isabella Maccagnan ed Elena Sommacal &#8211; sostenuto dall AIL &#8211; \u00e8 stata integrata con la dott.ssa Cristina Zaetta, del serD distretto 1.\u00a0Un\u2019attivit\u00e0 complessa che ha cercato di rispettare ed integrarsi con i tempi delle istituzioni, degli operatori sanitari e dei malati, offrendo professionalit\u00e0 grazie alla sinergia dell\u2019ULSS 1, promotore e ordinatore dell\u2019iniziativa tramite la Psicologia Ospedaliera, l\u2019AIL sezione di Belluno per il finanziamento di parte delle psicologhe coinvolte, e il fondo Welfare per la formazione e la supervisione al personale oltre che per gli interventi nei confronti dei cittadini. Con la ripresa della pandemia, dopo un periodo di alleggerimento dell\u2019attivit\u00e0, il sostegno psicologico \u00e8 tornato ad essere di fondamentale importanza. Il progetto proseguir\u00e0 nei prossimi mesi con l&#8217;integrazione di alcuni interventi psicoeducativi\u00a0 per\u00a0 insegnanti e genitori, per i quali si prevedono incontri in modalit\u00e0 webinar .<\/p>\n<p>&nbsp;<\/p>\n<p>&nbsp;<\/p>\n<hr \/>\n<p>&nbsp;<\/p>\n<blockquote>\n<h3>PEDIATRIA: RAFFORZATO L\u2019AMBULATORIO DI PIEVE DI CADORE<\/h3>\n<\/blockquote>\n<p><strong><a class=\"dt-pswp-item\" href=\"https:\/\/www.radiopiu.net\/wordpress\/wp-content\/uploads\/2020\/06\/OSPEDALE-PIEVE.jpg\" data-dt-img-description=\"\" data-large_image_width=\"512\" data-large_image_height=\"384\"><img loading=\"lazy\" decoding=\"async\" class=\"size-medium wp-image-142729 alignleft\" src=\"https:\/\/www.radiopiu.net\/wordpress\/wp-content\/uploads\/2020\/06\/OSPEDALE-PIEVE-300x225.jpg\" alt=\"\" width=\"300\" height=\"225\" srcset=\"https:\/\/www.radiopiu.net\/wordpress\/wp-content\/uploads\/2020\/06\/OSPEDALE-PIEVE-300x225.jpg 300w, https:\/\/www.radiopiu.net\/wordpress\/wp-content\/uploads\/2020\/06\/OSPEDALE-PIEVE.jpg 512w\" sizes=\"auto, (max-width: 300px) 100vw, 300px\" \/><\/a>PIEVE DI CADORE\u00a0<\/strong>L\u2019ambulatorio di Pediatria dell\u2019ospedale di Pieve di Cadore, dove \u00e8 presente una unit\u00e0 operativa semplice dipartimentale, \u00e8 stato rafforzato, a dimostrazione dell\u2019attenzione verso la popolazione pediatrica dell\u2019Alto Bellunese anche in seguito al cambio di sede di alcuni pediatri territoriali. Mantenendo l\u2019impegno assunto, l\u2019Ulss Dolomiti sta garantendo la presenza del pediatra dal luned\u00ec al venerd\u00ec all\u2019ospedale di Pieve, nonostante le difficolt\u00e0 legate alla nota carenza di medici.\u00a0Il Pediatra \u00e8 presente dal lunedi al venerdi dalle 9.00 alle 18.00. L&#8217;ambulatorio Pediatrico si trova al 1\u00b0 Piano ala ovest dell&#8217;Ospedale di Pieve: accedendo dalla Portineria ci si reca sul corridoio a sx, oltrepassando il Pronto Soccorso si sale al 1\u00b0 Piano con ascensore o scale. Il percorso \u00e8 segnalato da linea Rosa sulle pareti.\u00a0Vi si accede con prenotazione telefonica al n\u00b0 0435 341246 dal lunedi al venerdi dalle 12.00 alle 13.00\u00a0Compatibilmente con l\u2019evoluzione della pandemia Covid19, nei prossimi mesi si valuter\u00e0 la sostenibilit\u00e0\u00a0 e l\u2019attivazione di ulteriori iniziative per la popolazione pediatrica del Cadore.<\/p>\n<p>&nbsp;<\/p>\n<p>&nbsp;<\/p>\n<hr \/>\n<p>&nbsp;<\/p>\n<blockquote>\n<h3>DA LUNEDI\u2019 PARTE LA CAMPAGNA VACCINALE DELLA REGIONE IN TUTTO IL VENETO<\/h3>\n<\/blockquote>\n<p><strong><a class=\"dt-pswp-item\" href=\"https:\/\/www.radiopiu.net\/wordpress\/wp-content\/uploads\/2020\/06\/medico-che-prepara-un-iniezione-le-mani-in-guanti-tengono-la-siringa-per-iniezione-e-la-fiala-di-medicina_210733-101.jpg\" data-dt-img-description=\"\" data-large_image_width=\"626\" data-large_image_height=\"502\"><img loading=\"lazy\" decoding=\"async\" class=\"size-medium wp-image-143113 alignleft\" src=\"https:\/\/www.radiopiu.net\/wordpress\/wp-content\/uploads\/2020\/06\/medico-che-prepara-un-iniezione-le-mani-in-guanti-tengono-la-siringa-per-iniezione-e-la-fiala-di-medicina_210733-101-300x241.jpg\" alt=\"\" width=\"300\" height=\"241\" srcset=\"https:\/\/www.radiopiu.net\/wordpress\/wp-content\/uploads\/2020\/06\/medico-che-prepara-un-iniezione-le-mani-in-guanti-tengono-la-siringa-per-iniezione-e-la-fiala-di-medicina_210733-101-300x241.jpg 300w, https:\/\/www.radiopiu.net\/wordpress\/wp-content\/uploads\/2020\/06\/medico-che-prepara-un-iniezione-le-mani-in-guanti-tengono-la-siringa-per-iniezione-e-la-fiala-di-medicina_210733-101.jpg 626w\" sizes=\"auto, (max-width: 300px) 100vw, 300px\" \/><\/a>VENEZIA\u00a0<\/strong>Alcune Ulss territoriali si sono gi\u00e0 mosse, ma la campagna vaccinale antiinfluenzale della Regione Veneto partir\u00e0 ufficialmente e a pieno regime il 12 ottobre prossimo, utilizzando 1 milione 320 mila dosi, per la gran parte gi\u00e0 distribuite, contro le circa 800 mila acquistate l\u2019anno scorso.\u00a0Si punta a difendere i soggetti pi\u00f9 deboli dalle complicanze, contenere gli accessi ai Pronto Soccorso, e supportare la diagnosi differenziale con Covid-19 (che ha vari sintomi in comune) e la conseguente gestione dei casi sospetti. La campagna vaccinale antinfluenzale per la stagione 2020\/2021 si caratterizza per alcuni elementi peculiari rispetto alle stagioni precedenti tra i quali lo scenario epidemiologico e le misure igienico-comportamentali da adottare per ridurre il rischio di diffusione di COVID-19, l\u2019aumento di richieste a livello internazionale di vaccino, gli obiettivi di copertura vaccinale fissati e l\u2019allargamento dell\u2019offerta vaccinale gratuita a partire dai 60 anni di et\u00e0. Come previsto dal Piano Sanitario Nazionale e ribadito dal Piano Nazionale Prevenzione Vaccinale 2017-2019, il principale obiettivo operativo per i Servizi Vaccinali \u00e8 il raggiungimento di una copertura vaccinale della popolazione dei 65enni pari ad almeno il 75%. L\u2019offerta vaccinale prevede un\u2019organizzazione per priorit\u00e0 che saranno valutate e modulate nell\u2019organizzare l\u2019offerta da parte delle singole Aziende Ulss sulla base dell\u2019andamento della campagna sulla propria realt\u00e0 territoriale.\u00a0La campagna di vaccinazione antinfluenzale viene realizzata dai Servizi Igiene Sanit\u00e0 Pubblica (SISP) delle Aziende ULSS insieme ai Medici di famiglia, che si trovano in una posizione privilegiata per conoscere i bisogni di salute dei propri assistiti ed offrire attivamente la vaccinazione agli ultrasessantenni e alle categorie a rischio. I Pediatri di libera scelta collaborano con i Servizi di Sanit\u00e0 Pubblica per la vaccinazione dei bambini.<\/p>\n<p>&nbsp;<\/p>\n<p>&nbsp;<\/p>\n<hr \/>\n<p>&nbsp;<\/p>\n<blockquote>\n<h3>LA SVIZZERA METTE IL VENETO SOTTO QUARANTENA, BOND E CORTELLAZZO (FI): \u00abINACCETTABILE, IL NOSTRO TURISMO \u00c8 A RISCHIO\u00bb<\/h3>\n<\/blockquote>\n<p><strong><a class=\"dt-pswp-item\" href=\"https:\/\/www.radiopiu.net\/wordpress\/wp-content\/uploads\/2019\/01\/Logo_Forza_Italia.svg_.png\" data-dt-img-description=\"\" data-large_image_width=\"1200\" data-large_image_height=\"996\"><img loading=\"lazy\" decoding=\"async\" class=\"size-medium wp-image-71880 alignleft\" src=\"https:\/\/www.radiopiu.net\/wordpress\/wp-content\/uploads\/2019\/01\/Logo_Forza_Italia.svg_-300x249.png\" alt=\"\" width=\"300\" height=\"249\" srcset=\"https:\/\/www.radiopiu.net\/wordpress\/wp-content\/uploads\/2019\/01\/Logo_Forza_Italia.svg_-300x249.png 300w, https:\/\/www.radiopiu.net\/wordpress\/wp-content\/uploads\/2019\/01\/Logo_Forza_Italia.svg_-768x637.png 768w, https:\/\/www.radiopiu.net\/wordpress\/wp-content\/uploads\/2019\/01\/Logo_Forza_Italia.svg_-1024x850.png 1024w, https:\/\/www.radiopiu.net\/wordpress\/wp-content\/uploads\/2019\/01\/Logo_Forza_Italia.svg_.png 1200w\" sizes=\"auto, (max-width: 300px) 100vw, 300px\" \/><\/a><\/strong><\/p>\n<p><strong>VENEZIA\u00a0<\/strong>\u00ab<em>Il nostro turismo \u00e8 a rischio: il ministro Speranza, il ministro D\u2019Inc\u00e0 e il governatore Zaia battano un colpo<\/em>\u00bb. \u00c8 la richiesta deo deputato di Forza Italia Dario Bond e Michele Cortellazzo alla notizia che la Svizzera obbliga alla quarantena chi rientra dal Veneto.\u00a0\u00ab<em>Il governo elvetico ha preso una decisione che non ha nessuna base giustificativa. Il decreto che obbliga alla quarantena chiunque arrivi dal Veneto \u00e8 immotivato \u00e8 fortemente lesivo per i nostri concittadini. Il Veneto \u00e8 tra le regioni italiane ed europee pi\u00f9 efficienti per il numero di tamponi e per strutture sanitarie. \u00c8 sotto gli occhi di tutti la qualit\u00e0 della gestione dell\u2019emergenza da Covid messa in campo nel nostro territorio<\/em>\u00bb.\u00a0\u00ab<em>Il governo, il ministro Speranza e D\u2019Inc\u00e0 intervengano presso il governo di Berna per chiarire la posizione della Svizzera &#8211; concludono Bond e Cortellazzo -. Abbiamo di fronte la stagione turistica invernale, importantissima per la ripresa dell\u2019economia veneta e bellunese. E non possiamo permetterci che scelte immotivate e infondate mettano in ginocchio le nostre imprese<\/em>\u00bb.<\/p>\n<p><strong>DARIO BOND AI MICROFONI DI RADIO PI\u00d9<\/strong><\/p>\n<audio class=\"wp-audio-shortcode\" id=\"audio-165371-3\" preload=\"none\" style=\"width: 100%;\" controls=\"controls\"><source type=\"audio\/mpeg\" src=\"https:\/\/www.radiopiu.net\/wordpress\/wp-content\/uploads\/2020\/10\/BOND.mp3?_=3\" \/><a href=\"https:\/\/www.radiopiu.net\/wordpress\/wp-content\/uploads\/2020\/10\/BOND.mp3\">https:\/\/www.radiopiu.net\/wordpress\/wp-content\/uploads\/2020\/10\/BOND.mp3<\/a><\/audio>\n<p>&nbsp;<\/p>\n<hr \/>\n<p>&nbsp;<\/p>\n<blockquote>\n<h3>LA FIERA DEL BESTIAM 2020 AD AGORDO<\/h3>\n<\/blockquote>\n<p><strong>AGORDO<\/strong> La Fiera Del Bestiam ad Agordo. Il tradizionale appuntamento di inizio ottobre proposto in forma diversa per ottemperare alle disposizioni anti Covid-19. banchetti lungo il Broi e in piazza, immancabili gli animali presenti del prato verde in centro citt\u00e0.<\/p>\n<p><strong>LA DIRETTA FACEBOOK DI RADIO PI\u00d9<\/strong><\/p>\n<p><em><strong>VIDEO 1<\/strong><\/em><\/p>\n<p>https:\/\/www.facebook.com\/Mirkomezziano\/videos\/2799167710365997<\/p>\n<p>&nbsp;<\/p>\n<p><em><strong>VIDEO 2<\/strong><\/em><\/p>\n<p>https:\/\/www.facebook.com\/Mirkomezziano\/videos\/2799173093698792<\/p>\n<p>&nbsp;<\/p>\n<hr \/>\n<p>&nbsp;<\/p>\n<blockquote>\n<h3>AL CONSIGLIO GENERALE DEI METALMECCANICI DELLA FIM BELLUNO TREVISO SI DISCUTE DI POLITICHE FISCALI<\/h3>\n<\/blockquote>\n<h3><strong style=\"font-size: 14px;\"><a class=\"dt-pswp-item\" href=\"https:\/\/www.radiopiu.net\/wordpress\/wp-content\/uploads\/2020\/04\/CISL-BELLUNO-OK.jpg\" data-dt-img-description=\"\" data-large_image_width=\"909\" data-large_image_height=\"910\"><img loading=\"lazy\" decoding=\"async\" class=\" wp-image-132184 alignleft\" src=\"https:\/\/www.radiopiu.net\/wordpress\/wp-content\/uploads\/2020\/04\/CISL-BELLUNO-OK-300x300.jpg\" alt=\"\" width=\"251\" height=\"251\" srcset=\"https:\/\/www.radiopiu.net\/wordpress\/wp-content\/uploads\/2020\/04\/CISL-BELLUNO-OK-300x300.jpg 300w, https:\/\/www.radiopiu.net\/wordpress\/wp-content\/uploads\/2020\/04\/CISL-BELLUNO-OK-150x150.jpg 150w, https:\/\/www.radiopiu.net\/wordpress\/wp-content\/uploads\/2020\/04\/CISL-BELLUNO-OK-768x769.jpg 768w, https:\/\/www.radiopiu.net\/wordpress\/wp-content\/uploads\/2020\/04\/CISL-BELLUNO-OK.jpg 909w\" sizes=\"auto, (max-width: 251px) 100vw, 251px\" \/><\/a>BELLUNO\u00a0<\/strong><span style=\"font-size: 14px; font-weight: normal; color: #000000; font-family: Helvetica;\">Il Consiglio generale dei metalmeccanici della Fim Cisl Belluno Treviso discute di politiche fiscali partendo dall\u2019analisi dei\u00a0redditi dei lavoratori dipendenti trevigiani e bellunesi. L\u2019appuntamento \u00e8 fissato per\u00a0luned\u00ec 12 ottobre alle 9.00 al Maggior Consiglio\u00a0di\u00a0Treviso.\u00a0<\/span><span style=\"font-size: 14px; font-weight: normal; color: #000000; font-family: Helvetica;\">Ai lavori, oltre al Segretario generale della Fim territoriale\u00a0Alessio Lovisotto, saranno presenti\u00a0Ferdinando Uliano, componente della Segreteria nazionale Fim Cisl e\u00a0Antonio Miotto, responsabile del Caf Cisl Belluno Treviso, che presenter\u00e0 un\u00a0report sui redditi dei lavoratori dipendenti che si sono rivolti al Caf Cisl territoriale per la presentazione della dichiarazione annuale, offrendo un\u2019interessante fotografia della situazione reddituale dei lavoratori trevigiani e bellunesi aggiornata al 2019. Seguir\u00e0 un approfondimento sul rinnovo del contratto nazionale dei metalmeccanici.\u00a0<\/span><span style=\"font-size: 14px; font-weight: normal; color: #000000; font-family: Helvetica;\">Il Consiglio si svolger\u00e0 nel pieno rispetto della normativa anti Covid-19.<\/span><\/h3>\n<p>&nbsp;<\/p>\n<p>&nbsp;<\/p>\n<hr \/>\n<p>&nbsp;<\/p>\n<blockquote>\n<h3>LUCI, INCONTRI E INIZIATIVE AL FEMMINILE:\u00a0L\u2019OTTOBRE \u00c8 ROSA ANCHE A PONTE NELLE ALPI<\/h3>\n<\/blockquote>\n<p><b><a class=\"dt-pswp-item\" href=\"https:\/\/www.radiopiu.net\/wordpress\/wp-content\/uploads\/2020\/10\/Piazza_Ponte_ROSA_Ottobre_2020.jpeg\" data-dt-img-description=\"\" data-large_image_width=\"1638\" data-large_image_height=\"989\"><img loading=\"lazy\" decoding=\"async\" class=\"size-medium wp-image-165591 alignleft\" src=\"https:\/\/www.radiopiu.net\/wordpress\/wp-content\/uploads\/2020\/10\/Piazza_Ponte_ROSA_Ottobre_2020-300x181.jpeg\" alt=\"\" width=\"300\" height=\"181\" srcset=\"https:\/\/www.radiopiu.net\/wordpress\/wp-content\/uploads\/2020\/10\/Piazza_Ponte_ROSA_Ottobre_2020-300x181.jpeg 300w, https:\/\/www.radiopiu.net\/wordpress\/wp-content\/uploads\/2020\/10\/Piazza_Ponte_ROSA_Ottobre_2020-1024x618.jpeg 1024w, https:\/\/www.radiopiu.net\/wordpress\/wp-content\/uploads\/2020\/10\/Piazza_Ponte_ROSA_Ottobre_2020-768x464.jpeg 768w, https:\/\/www.radiopiu.net\/wordpress\/wp-content\/uploads\/2020\/10\/Piazza_Ponte_ROSA_Ottobre_2020-1536x927.jpeg 1536w, https:\/\/www.radiopiu.net\/wordpress\/wp-content\/uploads\/2020\/10\/Piazza_Ponte_ROSA_Ottobre_2020.jpeg 1638w\" sizes=\"auto, (max-width: 300px) 100vw, 300px\" \/><\/a>PONTE NELLE ALPI <\/b>Ottobre si tinge di rosa: \u00e8 iniziato il mese dedicato alla campagna di sensibilizzazione per la ricerca e la lotta del tumore al seno. In questo senso, anche il Comune di Ponte nelle Alpi aderisce campagna \u201cNastro Rosa\u201d della Lilt (Lega Italiana per la Lotta contro i Tumori) per sensibilizzare i cittadini sull&#8217;importanza della prevenzione e della diagnosi precoce di questa malattia.\u00ab<i>Da sempre, sul nostro territorio, \u201cOttobre Rosa\u201d \u00e8 uno stimolo per la promozione di eventi dedicati alla salute dell&#8217;universo femminile &#8211; afferma la consigliera con delega alle Pari opportunit\u00e0, Sabrina Dassi\u00e8 &#8211; grazie alla collaborazione tra Comune, associazioni ed enti. In questo tempo, segnato purtroppo da una emergenza pandemica, saranno ridotte, ma non assenti, le iniziative dedicate al filone della prevenzione<\/i>\u00bb.\u00a0In sinergia con la Biblioteca civica, la Commissione Pari opportunit\u00e0 e le associazioni locali promuoveranno alcuni appuntamenti a tema, tra cui la presentazione di un libro sui disturbi legati alla sfera psichica ed emotiva: \u201cPercorsi\u201d di Giovanna Toniolo. La relatrice sar\u00e0 la psicologa e psicoterapeuta Michela Marchet, mentre l\u2019appuntamento \u00e8 previsto per venerd\u00ec 23 ottobre (in biblioteca e su prenotazione: l&#8217;orario \u00e8 da definire). \u00ab<i>A coronamento di queste iniziative &#8211; conclude Sabrina Dassi\u00e8 &#8211; ma soprattutto per ricordarci di pensare alla nostra salute, \u00e8 stato possibile arricchire il territorio di striscioni, illuminazioni e installazioni. Sempre in collaborazione con Lilt e con Ados Belluno (Associazione Donne Operate al Seno)<\/i>\u00bb.\u00a0\u00c8 il rosa che accende la speranza.<\/p>\n<p>&nbsp;<\/p>\n<p>&nbsp;<\/p>\n<hr \/>\n<p>&nbsp;<\/p>\n<blockquote>\n<h3>GIOVED\u00cc APERITIVO PER I FUTURI EYEWEAR PRODUCT MANAGER<\/h3>\n<\/blockquote>\n<p><a class=\"dt-pswp-item\" href=\"https:\/\/www.radiopiu.net\/wordpress\/wp-content\/uploads\/2020\/10\/aperitivo-15-ott-3-scaled.jpg\" data-dt-img-description=\"\" data-large_image_width=\"1810\" data-large_image_height=\"2560\"><img loading=\"lazy\" decoding=\"async\" class=\" wp-image-165198 alignleft\" src=\"https:\/\/www.radiopiu.net\/wordpress\/wp-content\/uploads\/2020\/10\/aperitivo-15-ott-3-212x300.jpg\" alt=\"\" width=\"161\" height=\"228\" srcset=\"https:\/\/www.radiopiu.net\/wordpress\/wp-content\/uploads\/2020\/10\/aperitivo-15-ott-3-212x300.jpg 212w, https:\/\/www.radiopiu.net\/wordpress\/wp-content\/uploads\/2020\/10\/aperitivo-15-ott-3-724x1024.jpg 724w, https:\/\/www.radiopiu.net\/wordpress\/wp-content\/uploads\/2020\/10\/aperitivo-15-ott-3-768x1086.jpg 768w, https:\/\/www.radiopiu.net\/wordpress\/wp-content\/uploads\/2020\/10\/aperitivo-15-ott-3-1086x1536.jpg 1086w, https:\/\/www.radiopiu.net\/wordpress\/wp-content\/uploads\/2020\/10\/aperitivo-15-ott-3-1448x2048.jpg 1448w, https:\/\/www.radiopiu.net\/wordpress\/wp-content\/uploads\/2020\/10\/aperitivo-15-ott-3-scaled.jpg 1810w\" sizes=\"auto, (max-width: 161px) 100vw, 161px\" \/><\/a><strong>LONGARONE<\/strong> Professionisti all\u2019opera per toccare con mano le opportunit\u00e0 della 7\u00b0 edizione del corso \u00a0ITS ACADEMY PER EYEWEAR PRODUCT MANAGER: il 15 ottobre dalle 17 un evento con i laboratori esperienziali tenuti dagli stessi docenti del corso. Dagli sketch a mano libera, alla progettazione 3D fino alle frese del nuovo laboratorio prototipazione: tutti i diplomati ancora incerti sono invitati a cimentarsi con le fasi di realizzazione dell\u2019occhiale. La seconda fase di selezione per il corso \u00e8\u00a0 fissata al 22 ottobre, ultima opportunit\u00e0 agli indecisi. Il corso \u00e8 un\u2019alternativa all\u2019Universit\u00e0 che in 2 anni permette di affrontare un percorso altamente specialistico in cui vengono condensate 1200 ore di lezione e\u00a0 800 ore di tirocinio. Per accedere al test baster\u00e0 compilare la domanda di partecipazione nell&#8217;home page del sito www.itscosmo.it. Per ogni ulteriore informazione, Area Formazione di Certottica allo 0437 573157, oppure via mail a formazione@certottica.it.<\/p>\n<p>&nbsp;<\/p>\n<p>&nbsp;<\/p>\n<hr \/>\n<p>&nbsp;<\/p>\n<blockquote>\n<h3>ITS MECCATRONICO, NUOVO ROUND DI SELEZIONI IL 22 OTTOBRE<\/h3>\n<\/blockquote>\n<p><strong>BELLUNO<\/strong> Una borsa di studio per ogni studente dell\u2019ITS Meccatronico: \u00e8 questo l\u2019impegno del Gruppo Giovani di Confindustria Belluno Dolomiti a pochi giorni dalle nuove selezioni in programma il 22 ottobre a Belluno. Le iscrizioni per il corso \u201cTecnico superiore per l\u2019automazione e i sistemi meccatronici\u201d sono ancora aperte e la Fondazione ITS-Academy Meccatronico del Veneto sta raccogliendo adesioni da tutto il territorio non solo bellunese. L\u2019ITS meccatronico (ITS sta per Istituto Tecnico Superiore) \u00e8 un corso post-maturit\u00e0, biennale, che prevede duemila ore di formazione &#8211; di queste 1200 in aula, 800 in azienda &#8211; e rivolto a tutte le persone con diploma di scuola secondaria di secondo grado, studenti, inoccupati, disoccupati. Per tutte le informazioni sulle selezioni del 22 ottobre a Belluno e le preiscrizioni contattare www.itsmeccatr<\/p>\n<p>&nbsp;<\/p>\n<hr \/>\n<p>&nbsp;<\/p>\n<blockquote>\n<h3>DOLOMITI SHOW, LA FIERA DELLA MONTAGNA A LONGARONE FIERE IL 12 OTTOBRE<\/h3>\n<\/blockquote>\n<p><strong><a class=\"dt-pswp-item\" href=\"https:\/\/www.radiopiu.net\/wordpress\/wp-content\/uploads\/2020\/10\/Dolomiti-Show-Buy-Veneto-2019.jpg\" data-dt-img-description=\"\" data-large_image_width=\"2500\" data-large_image_height=\"1366\"><img loading=\"lazy\" decoding=\"async\" class=\" wp-image-165576 alignleft\" src=\"https:\/\/www.radiopiu.net\/wordpress\/wp-content\/uploads\/2020\/10\/Dolomiti-Show-Buy-Veneto-2019-300x164.jpg\" alt=\"\" width=\"351\" height=\"192\" srcset=\"https:\/\/www.radiopiu.net\/wordpress\/wp-content\/uploads\/2020\/10\/Dolomiti-Show-Buy-Veneto-2019-300x164.jpg 300w, https:\/\/www.radiopiu.net\/wordpress\/wp-content\/uploads\/2020\/10\/Dolomiti-Show-Buy-Veneto-2019-1024x560.jpg 1024w, https:\/\/www.radiopiu.net\/wordpress\/wp-content\/uploads\/2020\/10\/Dolomiti-Show-Buy-Veneto-2019-768x420.jpg 768w, https:\/\/www.radiopiu.net\/wordpress\/wp-content\/uploads\/2020\/10\/Dolomiti-Show-Buy-Veneto-2019-1536x839.jpg 1536w, https:\/\/www.radiopiu.net\/wordpress\/wp-content\/uploads\/2020\/10\/Dolomiti-Show-Buy-Veneto-2019-2048x1119.jpg 2048w\" sizes=\"auto, (max-width: 351px) 100vw, 351px\" \/><\/a>LONGARONE \u00a0<\/strong>Luned\u00ec 12 ottobre a Longarone Fiere si terr\u00e0 Dolomiti Show con un\u2019edizione speciale nel pieno rispetto delle normative covid-19 grazie al protocollo EVENTI SICURI di Longarone Fiere.\u00a0Una giornata dedicata allo sviluppo del turismo nel nostro territorio tra convegni, tavole rotonde, matching con buyer internazionali, presenza della DMO Belluno Dolomiti e della Regione del Veneto e ospiti celebri tra cui Massimiliano Ossini.\u00a0Per il Presidente di Longarone Fiere, Gian Angelo Bellati <em>\u201cil turismo e il settore HoReCa rappresentano un pilastro fondamentale nello sviluppo economico del territorio e Dolomiti Show ha dimostrato negli anni di svolgere un ruolo importantissimo nelle strategie che accompagnano questo sviluppo, oltre che momento di confronto imprescindibile nell\u2019approcciare i grandi eventi e le sfide che ci attendono, come le Olimpiadi invernali del 2026. Altrettanto importante si \u00e8 dimostrata Expo Dolomiti HoReCa lo scorso anno e, se quest\u2019anno l\u2019emergenza sanitaria che stiamo vivendo ci ha portato a rinviarla, torner\u00e0 nel 2021 ancora pi\u00f9 attrattiva grazie ai nuovi format fieristici che stiamo preparando a Longarone\u201d. \u00a0<\/em>Quest\u2019anno si ripeter\u00e0 l\u2019iniziativa di successo \u201cBuy Veneto Speciale Montagna\u201d in collaborazione con la Regione del Veneto, che ospiter\u00e0 18 buyer internazionali. A partire dalle 14.00 i seller del nostro territorio incontreranno infatti i buyer internazionali per proporre e negoziare offerte turistiche. \u00a0\u201c<em>Il principale intento di Dolomiti Show \u2013 <\/em>sottolinea Mauro Topinelli, direttore della manifestazione <em>&#8211; \u00e8 offrire attivit\u00e0 concrete e utili agli operatori del settore turistico-ricettivo. Il Buy Veneto Speciale Montagna, per esempio, \u00e8 un\u2019opportunit\u00e0 unica che permette trattative dirette tra strutture ricettive e buyer<\/em>\u201d.\u00a0La manifestazione aprir\u00e0 alle 9.30 ospiter\u00e0 la conferenza stampa a cura di ConfCommercio Belluno, del G.A.L. Prealpi Dolomiti e del G.A.L. Alto Bellunese su \u201cIl ruolo dei G.A.L. bellunesi nello sviluppo turistico\u201d.<em> \u00a0\u201cIn questi anni il comparto turistico \u2013<\/em> afferma Paolo Doglioni, presidente di Confcommercio Belluno<em> \u2013 ha dimostrato di saper cogliere le opportunit\u00e0 di credito a sostegno degli investimenti. I GAL Bellunesi rappresentano un&#8217;opportunit\u00e0 unica e sono una fucina di idee e di professionalit\u00e0 a disposizione del tessuto economico. A Dolomiti Show quindi saranno presentati i dati dei numerosi bandi e dei tanti contributi erogati e si affronter\u00e0 anche il futuro e gli scenari di riferimento\u201d<\/em>, per i quali risulta centrale quindi la nuova programmazione europea 2021-2027.\u00a0Alle 10.45 si terra invece la tavola rotonda a cura della Provincia di Belluno &#8220;Olimpiadi 2026: le azioni programmate e da programmare per prepararci alla grande sfida\u201d che vede confermata la presenza di Roberto Padrin, Presidente della Provincia, e di Marco Michieli, il Presidente ConfTurismo Veneto e Federalberghi Veneto. Altri rappresentanti della Regione e dello Stato saranno in collegamento virtuale, compatibilmente con le emergenze e gli impegni\u00a0dovuti al covid-19. Per Roberto Padrin \u201ci<em>n un momento storico in cui il disorientamento rischia di sconfortare i diversi attori del nostro territorio, \u00e8 importante seminare ottimismo e investire nella formazione e nell\u2019innovazione per comprendere insieme quali sono i fattori di crescita e di miglioramento su cui investire. Il nostro territorio \u00e8 unico al mondo, le potenzialit\u00e0 sono enormi: continuiamo a fare squadra. Le Olimpiadi 2026 sono un\u2019opportunit\u00e0 preziosa e tutti siamo chiamati a prepararci nel migliore dei modi.<\/em>\u201d\u00a0Anche per l\u2019Amministratore Unico della DMO Dolomiti, Alessandra Magnagnin \u201c<em>\u00e8 sempre pi\u00f9 importante la necessit\u00e0 di fare rete in tutta la provincia per la promozione del nostro territorio, valorizzandolo al meglio.\u00a0 A tal proposito vale la pena citare il piano di marketing territoriale Eurac che si sta attuando grazie ai Fondi Comuni Confinanti e il nuovo bando regionale per l\u2019attivazione, sviluppo, consolidamento di aggregazioni di PMI per interventi sui mercati nazionali e internazionali che favoriscano la ripresa della domanda turistica verso destinazioni e prodotti turistici.<\/em>\u201d\u00a0Alle 12.00 ci sar\u00e0 la prima edizione \u201cPiave d\u2019Argento\u201d a cura dell\u2019Associazione Casa d\u2019Europa Dolomiti in collaborazione con il Consorzio per la Tutela del Formaggio Piave DOP in occasione dei 10 anni del riconoscimento DOP (Denominazione d\u2019Origine Protetta). Il premio \u201cPiave d\u2019Argento\u201d \u00e8 rivolto a programmi televisivi e radiofonici, pubblici e privati, o a conduttori e giornalisti che abbiano saputo trasmettere al meglio, a livello nazionale e internazionale, le peculiarit\u00e0 del territorio della provincia di Belluno, del fiume Piave e delle Dolomiti Bellunesi. L\u2019evento sar\u00e0 presentato dalla giornalista bellunese Laura Cason di RaiUno.\u00a0Nel pomeriggio Dolomiti Show propone un interessante approfondimento formativo per ristoratori, albergatori, operatori turistici, studenti e appassionati di enogastronomia: &#8220;Dolomiti UNESCO: l&#8217;eccellenza incontra la qualit\u00e0 in agricoltura e nell&#8217;enogastronomia&#8221;. Ad intervenire sar\u00e0 la prof. Roberta Garibaldi, Presidente dell\u2019Associazione Italiana Turismo Enogastronomico, che presenter\u00e0 nella prima parte il rapporto sul Turismo enogastronomico in Italia del 2020. A seguire si aprir\u00e0 la Tavola rotonda, a cura della Fondazione Dolomiti UNESCO, condotta dalla prof. Garibaldi con gli operatori delle Dolomiti. Un dibattito per offrire spunti di riflessione per qualificare l\u2019offerta turistica attraverso l\u2019uso di prodotti locali che rafforzino il sistema territoriale dolomitico. Un\u2019occasione anche per affermare come un territorio d\u2019eccellenza come le Dolomiti debba sempre pi\u00f9 essere in grado di fare sistema valorizzando le produzioni locali di alta qualit\u00e0.\u00a0L\u2019evento conclusivo sar\u00e0 dedicato a Massimiliano Ossini che presenter\u00e0 il libro &#8220;Kalip\u00e8. Il cammino della semplicit\u00e0&#8221;. L\u2019autore sar\u00e0 presente a Dolomiti Show gi\u00e0 dalle ore 15.00 per incontrare il pubblico.\u00a0Inoltre Buongiorno Regione del Tgr Veneto sar\u00e0 presente a Dolomiti Show per un collegamento in diretta e approfondimenti sul tema turistico.<em>L\u2019ingresso \u00e8 libero e gratuito. Sono obbligatori l\u2019utilizzo della mascherina e la registrazione (moduli: <\/em><a href=\"http:\/\/www.dolomitishow.it\/registrazione\"><em>www.dolomitishow.it\/registrazione<\/em><\/a><em> oppure in cassa presso Longarone Fiere).<\/em><\/p>\n<p>&nbsp;<\/p>\n<p>&nbsp;<\/p>\n<hr \/>\n<p>&nbsp;<\/p>\n<blockquote>\n<h3>TORNANO LE GIORNATE FAI D\u2019AUTUNNO. CONFERENZE E VISITE ALLA SCOPERTA DI PALAZZO ROSSO E PALAZZO PILONI CON I VOLONTARI FAI<\/h3>\n<\/blockquote>\n<p><strong><a class=\"dt-pswp-item\" href=\"https:\/\/www.radiopiu.net\/wordpress\/wp-content\/uploads\/2019\/02\/palazzo_piloni_belluno.jpg\" data-dt-img-description=\"\" data-large_image_width=\"1000\" data-large_image_height=\"667\"><img loading=\"lazy\" decoding=\"async\" class=\"size-medium wp-image-77618 alignleft\" src=\"https:\/\/www.radiopiu.net\/wordpress\/wp-content\/uploads\/2019\/02\/palazzo_piloni_belluno-300x200.jpg\" alt=\"\" width=\"300\" height=\"200\" srcset=\"https:\/\/www.radiopiu.net\/wordpress\/wp-content\/uploads\/2019\/02\/palazzo_piloni_belluno-300x200.jpg 300w, https:\/\/www.radiopiu.net\/wordpress\/wp-content\/uploads\/2019\/02\/palazzo_piloni_belluno-768x512.jpg 768w, https:\/\/www.radiopiu.net\/wordpress\/wp-content\/uploads\/2019\/02\/palazzo_piloni_belluno.jpg 1000w\" sizes=\"auto, (max-width: 300px) 100vw, 300px\" \/><\/a>BELLUNO <\/strong>Dopo il successo delle Giornate all\u2019aperto dello scorso giugno, torna il tradizionale appuntamento delle Giornate d\u2019Autunno che il Fondo Ambiente Italiano organizza per promuovere la valorizzazione, la tutela e il recupero del ricco patrimonio d\u2019arte e natura del nostro territorio nazionale. Il Fai propone un evento su prenotazione consigliata\u00a0per la prima volta in due weekend e non in uno (il 17-18 e il 24-25 ottobre), per fare in modo che quanta pi\u00f9 gente possa godere della bellezza e dell\u2019offerta culturale. \u00c8 fortemente consigliato prenotare la visita sul sito <a href=\"https:\/\/www.giornatefai.it\/\">www.giornatefai.i<\/a><\/p>\n<p>&nbsp;<\/p>\n<p>&nbsp;<\/p>\n<p>&nbsp;<\/p>\n<hr \/>\n<p>&nbsp;<\/p>\n<blockquote>\n<h3>OGGI A CANALE LA BENEDIZIONE DEI NUOVI MEZZI DEI VIGILI DEL FUOCO<\/h3>\n<\/blockquote>\n<p><strong><a class=\"dt-pswp-item\" href=\"https:\/\/www.radiopiu.net\/wordpress\/wp-content\/uploads\/2020\/10\/mezzi.jpg\" data-dt-img-description=\"\" data-large_image_width=\"1152\" data-large_image_height=\"544\"><img loading=\"lazy\" decoding=\"async\" class=\"size-medium wp-image-164103 alignleft\" src=\"https:\/\/www.radiopiu.net\/wordpress\/wp-content\/uploads\/2020\/10\/mezzi-300x142.jpg\" alt=\"\" width=\"300\" height=\"142\" srcset=\"https:\/\/www.radiopiu.net\/wordpress\/wp-content\/uploads\/2020\/10\/mezzi-300x142.jpg 300w, https:\/\/www.radiopiu.net\/wordpress\/wp-content\/uploads\/2020\/10\/mezzi-1024x484.jpg 1024w, https:\/\/www.radiopiu.net\/wordpress\/wp-content\/uploads\/2020\/10\/mezzi-768x363.jpg 768w, https:\/\/www.radiopiu.net\/wordpress\/wp-content\/uploads\/2020\/10\/mezzi-640x302.jpg 640w, https:\/\/www.radiopiu.net\/wordpress\/wp-content\/uploads\/2020\/10\/mezzi.jpg 1152w\" sizes=\"auto, (max-width: 300px) 100vw, 300px\" \/><\/a>CANALE D&#8217;AGORDO\u00a0<\/strong>Oggi, dopo la Santa Messa delle ore 10.00, avr\u00e0 luogo in Piazza Papa Luciani a Canale d\u2019Agordo la benedizione dei nuovi mezzi dei Vigili del Fuoco Volontari Canale- Val Biois. Risale allo scorso anno l\u2019iniziativa della Lotteria di Pasqua, promossa dall\u2019Associazione Pro Loco, che ha consentito l\u2019acquisto di un nuovo generatore per il Comando di intervento locale, il quale si \u00e8 trovato numerose volte, nell\u2019arco degli ultimi due anni in particolare, a dover fronteggiare emergenze di varia natura e gravit\u00e0. La popolazione \u00e8 invitata a partecipare, in modo particolare coloro i quali hanno contribuito a sostenere l\u2019attivit\u00e0 del Corpo dei Vigili del Fuoco Volontari, risorsa preziosa per la Valle del Biois e per l\u2019Agordino.<\/p>\n<p>&nbsp;<\/p>\n<p>&nbsp;<\/p>\n<hr \/>\n<p>&nbsp;<\/p>\n<p>&nbsp;<\/p>\n<blockquote>\n<h3>SABATO 17 OTTOBRE LA PRESENTAZIONE DEL PROGETTO DOLOMIA IN SALA DON TAMIS<\/h3>\n<\/blockquote>\n<p><strong><a class=\"dt-pswp-item\" href=\"https:\/\/www.radiopiu.net\/wordpress\/wp-content\/uploads\/2020\/10\/FOLLADOR-DE-ROSSI-scaled.jpg\" data-dt-img-description=\"\" data-large_image_width=\"2560\" data-large_image_height=\"1193\"><img loading=\"lazy\" decoding=\"async\" class=\"size-medium wp-image-164367 alignleft\" src=\"https:\/\/www.radiopiu.net\/wordpress\/wp-content\/uploads\/2020\/10\/FOLLADOR-DE-ROSSI-300x140.jpg\" alt=\"\" width=\"300\" height=\"140\" srcset=\"https:\/\/www.radiopiu.net\/wordpress\/wp-content\/uploads\/2020\/10\/FOLLADOR-DE-ROSSI-300x140.jpg 300w, https:\/\/www.radiopiu.net\/wordpress\/wp-content\/uploads\/2020\/10\/FOLLADOR-DE-ROSSI-1024x477.jpg 1024w, https:\/\/www.radiopiu.net\/wordpress\/wp-content\/uploads\/2020\/10\/FOLLADOR-DE-ROSSI-768x358.jpg 768w, https:\/\/www.radiopiu.net\/wordpress\/wp-content\/uploads\/2020\/10\/FOLLADOR-DE-ROSSI-1536x716.jpg 1536w, https:\/\/www.radiopiu.net\/wordpress\/wp-content\/uploads\/2020\/10\/FOLLADOR-DE-ROSSI-2048x954.jpg 2048w, https:\/\/www.radiopiu.net\/wordpress\/wp-content\/uploads\/2020\/10\/FOLLADOR-DE-ROSSI-640x298.jpg 640w\" sizes=\"auto, (max-width: 300px) 100vw, 300px\" \/><\/a>AGORDO<\/strong> Sabato 17 ottobre presso la Sala Don Tamis ad Agordo verr\u00e0 presentato il Progetto Dolomia <strong>\u201c<\/strong>La via della Dolomia: il viaggio della roccia nelle Alpi Dolomitiche\u201d, realizzato in collaborazione con il Dipartimento di Tecnologia dei Materiali dell\u2019Universit\u00e0 di Innsbruck. Il progetto dar\u00e0 l\u2019opportunit\u00e0 di far scoprire ed esplorare, in modo guidato ed ecosostenibile, il territorio compreso tra le\u00a0Dolomiti Patrimonio UNESCO\u00a0e l\u2019area delle\u00a0Alpi del Tirolo, con riferimento al\u00a0materiale pietra Dolomia. Interverranno autorit\u00e0 e relatori di primario rilievo nel settore e, al termine della conferenza, avr\u00e0 luogo l\u2019inaugurazione del Percorso Geoturistico e successiva visita guidata Villa De Manzoni e Museo Geologico di Agordo.<\/p>\n<p>&nbsp;<\/p>\n<p>&nbsp;<\/p>\n<hr \/>\n<p>&nbsp;<\/p>\n<blockquote>\n<h3>IN PROGRAMMA L\u2019ASSEMBLEA ORDINARIA DELL\u2019ASSOCIAZIONE PETTIROSSO AGORDINO<\/h3>\n<\/blockquote>\n<p><strong class=\"photoswipe-wrapper\"><a class=\"dt-pswp-item pspw-wrap-ready\" href=\"https:\/\/i2.wp.com\/www.radiopiu.net\/wordpress\/wp-content\/uploads\/2016\/03\/cucc-pettirosso-15.jpg?ssl=1\" data-dt-img-description=\"\" data-large_image_width=\"400\" data-large_image_height=\"200\"><img loading=\"lazy\" decoding=\"async\" class=\" wp-image-17194 alignleft\" src=\"https:\/\/i2.wp.com\/www.radiopiu.net\/wordpress\/wp-content\/uploads\/2016\/03\/cucc-pettirosso-15.jpg?resize=234%2C117&amp;ssl=1\" sizes=\"auto, (max-width: 234px) 100vw, 234px\" srcset=\"https:\/\/i2.wp.com\/www.radiopiu.net\/wordpress\/wp-content\/uploads\/2016\/03\/cucc-pettirosso-15.jpg?resize=300%2C150&amp;ssl=1 300w, https:\/\/i2.wp.com\/www.radiopiu.net\/wordpress\/wp-content\/uploads\/2016\/03\/cucc-pettirosso-15.jpg?w=400&amp;ssl=1 400w\" alt=\"\" width=\"234\" height=\"117\" data-recalc-dims=\"1\" \/><\/a>AGORDO<\/strong> \u00c8 in programma per marted\u00ec 20 ottobre l\u2019assemblea ordinaria dell\u2019Associazione Pettirosso Agordino presso la sala Don Tamis dell\u2019Unione Montana ad Agordo. 5 punti all\u2019ordine del giorno. La ratifica del consiglio direttivo di ammissione nuovi soci, relazione esercizio sociale dell\u2019anno 2019, presentazione e approvazione del bilancio 2019, presentazione e approvazione del bilancio preventivo 2020, varie ed eventuali.<\/p>\n<p>&nbsp;<\/p>\n<p>&nbsp;<\/p>\n<hr \/>\n<p>&nbsp;<\/p>\n<blockquote>\n<h3>LE DOLOMITI CHE VORREI: PARTECIPA ANCHE TU AL QUESTIONARIO<\/h3>\n<\/blockquote>\n<p><strong>CORTINA\u00a0<\/strong>\u00c8 online il questionario promosso dalla Fondazione Dolomiti UNESCO, sviluppato nell\u2019ambito del progetto \u2018Musei delle Dolomiti\u2019, e che si rivolge a ragazzi e ragazze tra i 18 e i 35 anni per raccogliere le loro visioni di futuro per le Dolomiti e capire che ruolo possono avere i musei nell\u2019affiancare il cambiamento. L\u2019obiettivo \u00e8 dare voce alle nuove generazioni e comprendere come vivano il patrimonio culturale del proprio territorio e se nutrono speranza nella cultura affinch\u00e9 possa diventare una ragione per continuare a vivere e investire nelle Dolomiti.<b><\/b><\/p>\n<p>Per il questionario\u00a0<a href=\"http:\/\/patrimonio.museodolom.it\/exhibits\/show\/dolomitesmuseum\/dolomtieschange\/lemiedolomiti\" target=\"_blank\" rel=\"noopener noreferrer\">cliccare qui.<\/a><\/p>\n<p>&nbsp;<\/p>\n<p>&nbsp;<\/p>\n<hr \/>\n<p>&nbsp;<\/p>\n<blockquote>\n<h3>NUOVO TRIO D&#8217;ARCHI E ANDREA BACCHETTI AL GIOVANNI XXIII<\/h3>\n<\/blockquote>\n<p><strong><a class=\"dt-pswp-item\" href=\"https:\/\/www.radiopiu.net\/wordpress\/wp-content\/uploads\/2020\/10\/12Trio-Italiano-dArchi-copia.jpg\" data-dt-img-description=\"\" data-large_image_width=\"1600\" data-large_image_height=\"1066\"><img loading=\"lazy\" decoding=\"async\" class=\" wp-image-164779 alignleft\" src=\"https:\/\/www.radiopiu.net\/wordpress\/wp-content\/uploads\/2020\/10\/12Trio-Italiano-dArchi-copia-300x200.jpg\" alt=\"\" width=\"264\" height=\"176\" srcset=\"https:\/\/www.radiopiu.net\/wordpress\/wp-content\/uploads\/2020\/10\/12Trio-Italiano-dArchi-copia-300x200.jpg 300w, https:\/\/www.radiopiu.net\/wordpress\/wp-content\/uploads\/2020\/10\/12Trio-Italiano-dArchi-copia-1024x682.jpg 1024w, https:\/\/www.radiopiu.net\/wordpress\/wp-content\/uploads\/2020\/10\/12Trio-Italiano-dArchi-copia-768x512.jpg 768w, https:\/\/www.radiopiu.net\/wordpress\/wp-content\/uploads\/2020\/10\/12Trio-Italiano-dArchi-copia-1536x1023.jpg 1536w, https:\/\/www.radiopiu.net\/wordpress\/wp-content\/uploads\/2020\/10\/12Trio-Italiano-dArchi-copia.jpg 1600w\" sizes=\"auto, (max-width: 264px) 100vw, 264px\" \/><\/a>BELLUNO<\/strong> Oggi alle 17 (replica alle 18.30) in sala Giovanni XXIII si esibir\u00e0 per iniziativa del Circolo Culturale Bellunese \u00a0il Nuovo Trio Italiano d&#8217;Archi, ovvero Alessandro Milani al violino, Luca Ranieri alla viola e Pierpaolo Toso al violoncello, insieme al pianista Andrea Bacchetti.\u00a0 La prenotazione \u00e8 obbligatoria, presso l&#8217;Agenzia Alpe Bellunese, telefono Tel. 0437 940407, e-mail: info@alpebellunese.it. Informazioni e note di sala su www.belcircolo.org. Alessandro Milani, Luca Ranieri e Pierpaolo Toso, hanno al loro attivo riconoscimenti e partecipazioni di primo piano, oltre a una lunga serie di concerti e riconoscimenti di pubblico e di critica, sia in Italia che all&#8217;estero. Tra gli altri impegni, tutti e tre suonano nell&#8217;Orchestra Sinfonica Nazionale della Rai. Insieme a loro, Andrea Bacchetti, pianista presente nei maggiori Festival Internazionali di tutto il mondo; ospite in Italia e all&#8217;estero delle maggiori orchestre ed enti lirici, e di tutte le pi\u00f9 importanti associazioni concertistiche.<\/p>\n<p>&nbsp;<\/p>\n<p>&nbsp;<\/p>\n<hr \/>\n<p>&nbsp;<\/p>\n<blockquote>\n<h3>MARIO E IL FUNGO PORCINO GIGANTE<\/h3>\n<\/blockquote>\n<p><strong>VOLTAGO <\/strong>Riparliamo dell&#8217;uomo che parla&#8230;ai funghi Mario De Marco, gi\u00e0 lo scorso anno ci eravamo occupati di lui e quest&#8217;anno in una zona di Voltago top secret rieccolo di nuovo con un porcino da primato. Trovato a pochi centimetri di distanza da quello gi\u00e0 da record dello scorso anno.\u00a0 Se chiedi a Mario dove lo ha trovato risponde: <em>&#8220;Precisamente? Su nel bosco&#8221;<\/em><\/p>\n<p>&nbsp;<\/p>\n<div style=\"width: 1200px;\" class=\"wp-video\"><video class=\"wp-video-shortcode\" id=\"video-165371-1\" width=\"1200\" height=\"675\" preload=\"metadata\" controls=\"controls\"><source type=\"video\/mp4\" src=\"https:\/\/www.radiopiu.net\/wordpress\/wp-content\/uploads\/2020\/10\/PORCINO-MARIO-10-OTTOBRE-2020.mp4?_=1\" \/><a href=\"https:\/\/www.radiopiu.net\/wordpress\/wp-content\/uploads\/2020\/10\/PORCINO-MARIO-10-OTTOBRE-2020.mp4\">https:\/\/www.radiopiu.net\/wordpress\/wp-content\/uploads\/2020\/10\/PORCINO-MARIO-10-OTTOBRE-2020.mp4<\/a><\/video><\/div>\n<p>&nbsp;<\/p>\n<hr \/>\n<p>&nbsp;<\/p>\n<p><a class=\"dt-pswp-item\" href=\"https:\/\/www.radiopiu.net\/wordpress\/wp-content\/uploads\/2018\/09\/appuntamenti.jpeg\" data-dt-img-description=\"\" data-large_image_width=\"800\" data-large_image_height=\"100\"><img loading=\"lazy\" decoding=\"async\" class=\"aligncenter wp-image-61958 size-full\" src=\"https:\/\/www.radiopiu.net\/wordpress\/wp-content\/uploads\/2018\/09\/appuntamenti.jpeg\" alt=\"\" width=\"800\" height=\"100\" srcset=\"https:\/\/www.radiopiu.net\/wordpress\/wp-content\/uploads\/2018\/09\/appuntamenti.jpeg 800w, https:\/\/www.radiopiu.net\/wordpress\/wp-content\/uploads\/2018\/09\/appuntamenti-300x38.jpeg 300w, https:\/\/www.radiopiu.net\/wordpress\/wp-content\/uploads\/2018\/09\/appuntamenti-768x96.jpeg 768w\" sizes=\"auto, (max-width: 800px) 100vw, 800px\" \/><\/a><\/p>\n<blockquote>\n<h3><\/h3>\n<\/blockquote>\n<p><strong>FALCADE<\/strong> Sabato 17 ottobre alle 21 alla Casa della Giovent\u00f9 di Caviola in via Trento &#8220;Rimasti Avanti?&#8221;. Serata musicale con Marco V. Dal Farra e amici. Ingresso libero su prenotazione via mail proloco.caviola@libero.it, telefono 0437 599062 oppure 3403832079<\/p>\n<p>&nbsp;<\/p>\n<hr \/>\n<div><\/div>\n<div><strong>CHIES D&#8217;ALPAGO<\/strong> Domenica 25 ottobre 70^ giornata del ringraziamento agricolo, alle 9 arrivo trattoristi, 9.30 messa con il Vescovo o suo delegato, 10.30 benedizione macchine agricole e animali 10.45 interventi delle autorit\u00e0 11 sfilata trattori e animali 12.00 momento conviviale.<\/div>\n<div><\/div>\n<div><\/div>\n<hr \/>\n<p>&nbsp;<\/p>\n<h2><span style=\"color: #ff0000;\">IERI ALLA RADIO<\/span><\/h2>\n<h2><span style=\"color: #808000;\">LA RASSEGNA STAMPA DA L&#8217;AMICO DEL POPOLO di Gianni Santomaso\u00a0<\/span><\/h2>\n<audio class=\"wp-audio-shortcode\" id=\"audio-165371-4\" preload=\"none\" style=\"width: 100%;\" controls=\"controls\"><source type=\"audio\/mpeg\" src=\"https:\/\/www.radiopiu.net\/wordpress\/wp-content\/uploads\/2020\/10\/RASSEGNA-GIANNI-1.mp3?_=4\" \/><a href=\"https:\/\/www.radiopiu.net\/wordpress\/wp-content\/uploads\/2020\/10\/RASSEGNA-GIANNI-1.mp3\">https:\/\/www.radiopiu.net\/wordpress\/wp-content\/uploads\/2020\/10\/RASSEGNA-GIANNI-1.mp3<\/a><\/audio>\n<p>&nbsp;<\/p>\n<hr \/>\n<p>&nbsp;<\/p>\n<h2><span style=\"color: #ff0000;\">DUE MINUTI UN LIBRO\u00a0<\/span><\/h2>\n<blockquote class=\"wp-embedded-content\" data-secret=\"1YKFearVxr\"><p><a href=\"https:\/\/www.radiopiu.net\/wordpress\/camminando-verso-loceano\/\">CAMMINANDO VERSO L&#8217;OCEANO<\/a><\/p><\/blockquote>\n<p><iframe loading=\"lazy\" class=\"wp-embedded-content\" sandbox=\"allow-scripts\" security=\"restricted\" style=\"position: absolute; clip: rect(1px, 1px, 1px, 1px);\" title=\"&#8220;CAMMINANDO VERSO L&#8217;OCEANO&#8221; &#8212; Radio Pi\u00f9\" src=\"https:\/\/www.radiopiu.net\/wordpress\/camminando-verso-loceano\/embed\/#?secret=1YKFearVxr\" data-secret=\"1YKFearVxr\" width=\"600\" height=\"338\" frameborder=\"0\" marginwidth=\"0\" marginheight=\"0\" scrolling=\"no\"><\/iframe><\/p>\n<h2>LA RACCOLTA COMPLETA<\/h2>\n<blockquote class=\"wp-embedded-content\" data-secret=\"gy5uZEcEdS\"><p><a href=\"https:\/\/www.radiopiu.net\/wordpress\/due-minuti-un-libro\/\">Due minuti un libro<\/a><\/p><\/blockquote>\n<p><iframe loading=\"lazy\" class=\"wp-embedded-content\" sandbox=\"allow-scripts\" security=\"restricted\" style=\"position: absolute; clip: rect(1px, 1px, 1px, 1px);\" title=\"&#8220;Due minuti un libro&#8221; &#8212; Radio Pi\u00f9\" src=\"https:\/\/www.radiopiu.net\/wordpress\/due-minuti-un-libro\/embed\/#?secret=gy5uZEcEdS\" data-secret=\"gy5uZEcEdS\" width=\"600\" height=\"338\" frameborder=\"0\" marginwidth=\"0\" marginheight=\"0\" scrolling=\"no\"><\/iframe><\/p>\n<p>&nbsp;<\/p>\n<p>&nbsp;<\/p>\n<hr \/>\n<p>&nbsp;<\/p>\n<div>\n<h2><span style=\"color: #33cccc;\">I RACCONTI DI PAOLO SOPPELSA il lunedi alle 9.30 e 18.30<\/span><\/h2>\n<h2><span style=\"color: #33cccc;\"><strong>LA RACCOLTA COMPLETA<\/strong><\/span><\/h2>\n<blockquote class=\"wp-embedded-content\" data-secret=\"TXU5SSgZJF\"><p><a href=\"https:\/\/www.radiopiu.net\/wordpress\/i-racconti-di-paolo-soppelsa\/\">I racconti di Paolo Soppelsa<\/a><\/p><\/blockquote>\n<p><iframe loading=\"lazy\" class=\"wp-embedded-content\" sandbox=\"allow-scripts\" security=\"restricted\" style=\"position: absolute; clip: rect(1px, 1px, 1px, 1px);\" title=\"&#8220;I racconti di Paolo Soppelsa&#8221; &#8212; Radio Pi\u00f9\" src=\"https:\/\/www.radiopiu.net\/wordpress\/i-racconti-di-paolo-soppelsa\/embed\/#?secret=TXU5SSgZJF\" data-secret=\"TXU5SSgZJF\" width=\"600\" height=\"338\" frameborder=\"0\" marginwidth=\"0\" marginheight=\"0\" scrolling=\"no\"><\/iframe><\/p>\n<div class=\"_4tdt _ua1\">\n<div class=\"_31o4\">\n<div class=\"_6--1\" aria-hidden=\"true\">\n<div class=\"_1gyw _55lt\">\n<hr \/>\n<\/div>\n<\/div>\n<\/div>\n<\/div>\n<p>&nbsp;<\/p>\n<h2><span style=\"color: #000080;\"><a class=\"dt-pswp-item\" href=\"https:\/\/www.radiopiu.net\/wordpress\/wp-content\/uploads\/2020\/10\/pp.jpg\" data-dt-img-description=\"\" data-large_image_width=\"640\" data-large_image_height=\"640\"><img loading=\"lazy\" decoding=\"async\" class=\"wp-image-163678 alignleft\" src=\"https:\/\/www.radiopiu.net\/wordpress\/wp-content\/uploads\/2020\/10\/pp-300x300.jpg\" alt=\"\" width=\"106\" height=\"106\" srcset=\"https:\/\/www.radiopiu.net\/wordpress\/wp-content\/uploads\/2020\/10\/pp-300x300.jpg 300w, https:\/\/www.radiopiu.net\/wordpress\/wp-content\/uploads\/2020\/10\/pp-150x150.jpg 150w, https:\/\/www.radiopiu.net\/wordpress\/wp-content\/uploads\/2020\/10\/pp-125x125.jpg 125w, https:\/\/www.radiopiu.net\/wordpress\/wp-content\/uploads\/2020\/10\/pp-200x200.jpg 200w, https:\/\/www.radiopiu.net\/wordpress\/wp-content\/uploads\/2020\/10\/pp-80x80.jpg 80w, https:\/\/www.radiopiu.net\/wordpress\/wp-content\/uploads\/2020\/10\/pp-480x480.jpg 480w, https:\/\/www.radiopiu.net\/wordpress\/wp-content\/uploads\/2020\/10\/pp.jpg 640w\" sizes=\"auto, (max-width: 106px) 100vw, 106px\" \/><\/a>DON CESARE, IL PENSIERO DEL GIORNO. ALLA RADIO ALLE 7 DEL MATTINO E ALLE 19.30 DELLA SERA.\u00a0\u00a0<\/span><\/h2>\n<\/div>\n<p>&nbsp;<\/p>\n<p>&nbsp;<\/p>\n<p>&nbsp;<\/p>\n<hr \/>\n<p>&nbsp;<\/p>\n<div>\n<p><a class=\"dt-pswp-item\" href=\"https:\/\/www.radiopiu.net\/wordpress\/wp-content\/uploads\/2018\/09\/viabilita.jpeg\" data-dt-img-description=\"\" data-large_image_width=\"800\" data-large_image_height=\"100\"><img loading=\"lazy\" decoding=\"async\" class=\"aligncenter wp-image-61954 size-full\" src=\"https:\/\/www.radiopiu.net\/wordpress\/wp-content\/uploads\/2018\/09\/viabilita.jpeg\" alt=\"\" width=\"800\" height=\"100\" srcset=\"https:\/\/www.radiopiu.net\/wordpress\/wp-content\/uploads\/2018\/09\/viabilita.jpeg 800w, https:\/\/www.radiopiu.net\/wordpress\/wp-content\/uploads\/2018\/09\/viabilita-300x38.jpeg 300w, https:\/\/www.radiopiu.net\/wordpress\/wp-content\/uploads\/2018\/09\/viabilita-768x96.jpeg 768w\" sizes=\"auto, (max-width: 800px) 100vw, 800px\" \/><\/a><\/p>\n<\/div>\n<p><strong>\u00a0\u00a0<\/strong><\/p>\n<p><strong>SR 48 DELLE DOLOMITI<\/strong> Fino al 30 ottobre (festivi e prefestivi esclusi) senso unico alternato con movieri o semafori<\/p>\n<p><strong>SR 50 DEL GRAPPA E PASSO ROLLE<\/strong> dal 12 al 23 ottobre, dalle 8 alle 17 esclusi sabati e domeniche, temporanee interruzioni alla viabilit\u00e0 di massimo 30 minuti per allestimento protezione in prossimit\u00e0 dell&#8217;imbocco a monte della galleria Pontet<\/p>\n<p><strong>203 AGORDINA, ALLEGHE<\/strong> LOCALITA&#8217; SOPRA SAC\u00a0 fino \u00a0al 30 ottobre (sabato e domenica esclusi) senso unico alternato per allestimento opere anti valanghive<\/p>\n<p><strong>SP 3 DELLA VAL IMPERINA<\/strong> fino a revoca, senso unico alternato regolato a vista in localit\u00e0 Gona di Conedera di Rivamonte per cedimento della carreggiata stradale<\/p>\n<p><strong>SR 48 DELLE DOLOMITI<\/strong> fino\u00a0 al 6 novembre (festivi e prefestivi inclusi) senso unico alternato in localit\u00e0 Brenta Comune di Livinallongo del Col di Lana.<\/p>\n<p><strong>SP 422 DELL&#8217;ALPAGO E DEL CANSIGLIO<\/strong> fino al 30 ottobre senso unico alternato regolato da movieri tra le 8 e le 19 tra Puos e Cornei per posa fibra ottica<\/p>\n<p><strong>SP 422 DELL&#8217;ALPAGO E DEL CANSIGLIO<\/strong> fino al 21 ottobre senso unico alternato regolato da movieri tra le 7 e le 19 tra Spert e Pian Cansiglio per asfaltatura strada<\/p>\n<p><strong>SP 38 COL PERER<\/strong>\u00a0 fino al 16 ottobre, dalle 7 alle 12 e dalle 13 alle 18 esclusi sabati e domeniche, interdizione totale al transito tra Rivai e Col Perer di Arsi\u00e8 per completamento lavori di bitumatura della sede stradale<\/p>\n<p><strong>SP 12 PEDEMONTANA<\/strong> interdizione totale al traffico a Pedavena dalle 8 del 12 ottobre alle 17 del 14 ottobre per rifacimento sfioratori per conto di bim gsp<\/p>\n<p><strong>SR 48 DELLE DOLOMITI\u00a0 <\/strong>fino\u00a0al 31 ottobre, compresi sabati e domeniche, senso unico alternato regolato da impianto semaforico tra Passo Falzarego e il parcheggio 5 Torri per posa elettrodotto interrato<\/p>\n<p><strong>SP 49 DI MISURINA <\/strong>fino al\u00a020 novembre, senso unico alternato regolato da impianto semaforico tra Misurina e il confine con la provincia di Bolzano per posa elettrodotto interrato<\/p>\n<p><strong>REGIONALE 48 DELLE DOLOMITI<\/strong> localit\u00e0 Cernadoi-Pian di Falzarego, fino al 30 ottobre senso unico alternato regolato da semaforo anche nei giorni festivi e prefestivi.<\/p>\n<p><strong>PROVINCIALE 251 VAL DI ZOLDO E CELLINA<\/strong> localit\u00e0 Pescul-Selva di Cadore, fino al 31 ottobre senso unico alternato con movieri o semaforo, escluso sabato e domenica.<\/p>\n<p><strong>PROVINCIALE 641 PASSO FEDAIA<\/strong> Fino al 30 ottobre compresi festivi e prefestivi senso unico con semaforo in localit\u00e0 Capanna Bill<\/p>\n<p><strong>REGIONALE 203 AGORDINA<\/strong>\u00a0 Fino\u00a0 al 18 dicembre (esclusi festivi e prefestivi) senso unico alternato tra Peron e Candaten con movieri dalle 7.30 alle 9 e dalle 16.30 alle 18. Con semaforo negli altri orari<\/p>\n<p><strong>PROVINCIALE 35 \u2013 LASTE<\/strong> Per allargamento della sede stradale in localit\u00e0 Laste di Sopra limitazioni al transito fino al 15 ottobre esclusi festivi e prefestivi, brevi interruzioni durata massima di 15 minuti tra le 8 e le 12 e tra le 13 e le 17.\u00a0Negli altri orari semaforo e senso unico alternato<\/p>\n<p><strong>REGIONALE 203 AGORDINA<\/strong> Fino al 30 ottobre (sabato e domenica esclusi) tra Candaten e La Stanga dalle 7.30 alle 9 e dalle 16.30 alle 18 con movieri e negli altri orari con semaforo, senso unico alternato.<\/p>\n<div>\n<p>&nbsp;<\/p>\n<hr \/>\n<p>&nbsp;<\/p>\n<p class=\"photoswipe-wrapper\"><a class=\"dt-pswp-item pspw-wrap-ready\" href=\"https:\/\/i0.wp.com\/www.radiopiu.net\/wordpress\/wp-content\/uploads\/2018\/09\/WhatsApp-Image-2018-09-20-at-16.04.06.jpeg?ssl=1\" data-dt-img-description=\"\" data-large_image_width=\"800\" data-large_image_height=\"100\"><img loading=\"lazy\" decoding=\"async\" class=\"aligncenter wp-image-61378 size-full jetpack-lazy-image jetpack-lazy-image--handled\" src=\"https:\/\/i0.wp.com\/www.radiopiu.net\/wordpress\/wp-content\/uploads\/2018\/09\/WhatsApp-Image-2018-09-20-at-16.04.06.jpeg?resize=800%2C100&amp;ssl=1\" sizes=\"auto, (max-width: 800px) 100vw, 800px\" srcset=\"https:\/\/i0.wp.com\/www.radiopiu.net\/wordpress\/wp-content\/uploads\/2018\/09\/WhatsApp-Image-2018-09-20-at-16.04.06.jpeg?w=800&amp;ssl=1 800w, https:\/\/i0.wp.com\/www.radiopiu.net\/wordpress\/wp-content\/uploads\/2018\/09\/WhatsApp-Image-2018-09-20-at-16.04.06.jpeg?resize=300%2C38&amp;ssl=1 300w, https:\/\/i0.wp.com\/www.radiopiu.net\/wordpress\/wp-content\/uploads\/2018\/09\/WhatsApp-Image-2018-09-20-at-16.04.06.jpeg?resize=768%2C96&amp;ssl=1 768w\" alt=\"\" width=\"800\" height=\"100\" data-lazy-loaded=\"1\" \/><\/a><\/p>\n<\/div>\n<div><\/div>\n<p><center><b>Domenica 11<\/b><\/center><b>Tempo atteso:\u00a0<\/b>Tempo perturbato con cielo molto nuvoloso o coperto tutto il giorno, associato a diffuse precipitazioni. Nel corso del pomeriggio attenuazione della perturbabilit\u00e0, in maniera pi\u00f9 netta alla sera. Le temperature saranno basse per il periodo nei fondovalle e gi\u00e0 di stampo invernale oltre i 1200\/1600 m, con debole escursione termica giornaliera.<br \/>\n<b>Precipitazioni:\u00a0<\/b>Probabilit\u00e0 molto alta (90\/100%) per diffuse precipitazioni di moderata intensit\u00e0, nevose fino sui 1200\/1400 m sulle Dolomiti, localmente a quote pi\u00f9 basse nelle valli pi\u00f9 chiuse al mattino (1000 m); limite pi\u00f9 alto sulle Prealpi, dove caler\u00e0 al pomeriggio dagli iniziali 1700\/1800 m fino a 1300\/1600 m. Sono previsti cumuli di pioggia di 35\/50 mm, localmente fino a 60\/80 mm tra Prealpi e Dolomiti meridionali, con 30\/50 cm di neve fresca a 2100\/2200 m, solo localmente di pi\u00f9, comunque con accumuli gi\u00e0 significativi (15\/30 cm) a 1500\/1700 m sulle Dolomiti; sotto tale quota gli apporti andranno decrescendo per neve pi\u00f9 pesante e per contributo di pioggia.<br \/>\n<b>Temperature:\u00a0<\/b>In generale calo, anche sensibile in quota. Su Prealpi a 1500 m min 0\u00b0C max 2\u00b0C, a 2000 m min -1\u00b0C max 0\u00b0C. Su Dolomiti a 2000 m min -3\u00b0C max -1\u00b0C, a 3000 m min -8\u00b0C max -5\u00b0C.<br \/>\n<b>Venti:\u00a0<\/b>Perlopi\u00f9 deboli nelle valli, salvo locali rinforzi di Foehn al pomeriggio\/sera; in quota da deboli a moderati orientali, con significativi rinforzi sulle dorsali prealpine, dove potranno risultare forti da nord-est, a 15-35 km\/h a 2000 m e 25-40 km\/h a 3000 m.<\/p>\n<hr \/>\n<p><center><b>Lunedi 12<\/b><\/center><b>Tempo atteso:\u00a0<\/b>Qualche residuo fenomeno notturno, poi tempo in miglioramento, con nuvolosit\u00e0 ancora in parte presente al mattino e cielo sereno o poco nuvoloso al pomeriggio\/sera. Condizioni termiche invernali in quota, dove il vento acuir\u00e0 la sensazione di freddo, fresco nelle valli, nonostante qualche locale possibile effetto favonico.<br \/>\n<b>Precipitazioni:\u00a0<\/b>Nella notte possibili residue e deboli (30\/50%), con limite della neve a 1200\/1500 m, ma senza accumuli apprezzabili. In giornata assenti (0%).<br \/>\n<b>Temperature:\u00a0<\/b>Stazionarie in quota; nelle valli minime in calo eccetto in caso di locale Foehn, massime in contenuto aumento. Su Prealpi a 1500 m min 1\u00b0C max 4\u00b0C, a 2000 m min -2\u00b0C max 0\u00b0C. Su Dolomiti a 2000 m min -4\u00b0C max -2\u00b0C, a 3000 m min -8\u00b0C max -6\u00b0C.<br \/>\n<b>Venti:\u00a0<\/b>Deboli di direzione variabile nelle valli, salvo locali rinforzi di Foehn; in quota moderati\/tesi, anche sulle dorsali prealpine, in attenuazione, a 15-40 km\/h a 2000 m e 25-55 km\/h a 3000 m.<\/p>\n<hr \/>\n<p><center><b>Martedi 13<\/b><\/center>Tempo ben soleggiato al mattino, anche se freddo a tutte le quote, con valori prossimi a 0\u00b0C anche in qualche fondovalle prealpino al primo mattino, e relativamente freddo anche di giorno nonostante il soleggiamento. Al pomeriggio parziale aumento della copertura nuvolosa medio-alta, senza fenomeni. Venti in attenuazione, in rotazione a sud-ovest in quota.<\/p>\n<hr \/>\n<p><center><b>Mercoledi 14<\/b><\/center>Tempo in peggioramento al pomeriggio, dopo una mattinata piuttosto soleggiata. Alla sera possibili primi deboli fenomeni a partire dalle Prealpi occidentali, eventualmente nevosi a 1500\/1600 m. Temperature senza variazioni di rilievo, sempre inferiori alle medie del periodo. Venti in contenuta intensificazione da sud-ovest in quota. Previsore: G.M.<\/p>\n<p>&nbsp;<\/p>\n<hr \/>\n<p>&nbsp;<\/p>\n<p><a class=\"dt-pswp-item\" href=\"https:\/\/www.radiopiu.net\/wordpress\/wp-content\/uploads\/2018\/09\/sport.jpg\" data-dt-img-description=\"\" data-large_image_width=\"800\" data-large_image_height=\"100\"><img loading=\"lazy\" decoding=\"async\" class=\"wp-image-60761 size-full aligncenter\" src=\"https:\/\/www.radiopiu.net\/wordpress\/wp-content\/uploads\/2018\/09\/sport.jpg\" alt=\"\" width=\"800\" height=\"100\" srcset=\"https:\/\/www.radiopiu.net\/wordpress\/wp-content\/uploads\/2018\/09\/sport.jpg 800w, https:\/\/www.radiopiu.net\/wordpress\/wp-content\/uploads\/2018\/09\/sport-300x38.jpg 300w, https:\/\/www.radiopiu.net\/wordpress\/wp-content\/uploads\/2018\/09\/sport-768x96.jpg 768w\" sizes=\"auto, (max-width: 800px) 100vw, 800px\" \/><\/a><\/p>\n<p>&nbsp;<\/p>\n<blockquote>\n<h3>ALLEGHE BEFFATO DALLE SCELTE ARBITRALI. PRIMA SCONFITTA STAGIONALE CONTRO UN BRESSANONE OPPORTUNISTA<\/h3>\n<\/blockquote>\n<p><strong><a class=\"dt-pswp-item\" href=\"https:\/\/www.radiopiu.net\/wordpress\/wp-content\/uploads\/2019\/08\/logo-alleghe-hockey.png\" data-dt-img-description=\"\" data-large_image_width=\"547\" data-large_image_height=\"512\"><img loading=\"lazy\" decoding=\"async\" class=\"size-medium wp-image-95699 alignleft\" src=\"https:\/\/www.radiopiu.net\/wordpress\/wp-content\/uploads\/2019\/08\/logo-alleghe-hockey-300x281.png\" alt=\"\" width=\"300\" height=\"281\" srcset=\"https:\/\/www.radiopiu.net\/wordpress\/wp-content\/uploads\/2019\/08\/logo-alleghe-hockey-300x281.png 300w, https:\/\/www.radiopiu.net\/wordpress\/wp-content\/uploads\/2019\/08\/logo-alleghe-hockey.png 547w\" sizes=\"auto, (max-width: 300px) 100vw, 300px\" \/><\/a>BRESSANONE &#8211; ALLEGHE 3-2<\/strong><\/p>\n<p><strong>PARZIALI:<\/strong> 0-0, 1-2, 2-0<\/p>\n<p><strong>GOL:<\/strong> st. 12\u201955\u201d M. Dall\u2019Agnol, 18\u201904\u201d Testori, 19\u201937\u201d Sottsas. tt. 6\u201948\u201d Sottsas, 15\u201900\u201d Arnost<\/p>\n<p>Prima sconfitta stagionale per l\u2019Alleghe Hockey che a Bressanone gioca bene per 40 minuti e crolla nella terza frazione anche grazie ad alcune scelte arbitrali discutibili. Dopo aver dominato nelle prime due frazioni, le civette subiscono i brissinesi che trova tre gol su tre powerplay. Una vera e propria beffa anche perch\u00e9 gli agordini hanno avuto una marcia in pi\u00f9 per tutta la sfida.\u00a0La partita \u00e8 piacevole fin dai primi minuti. Le squadre non se le mandano a dire e i portieri si danno da fare per salvare il risultato. A spezzettare il gioco ci pensa l\u2019arbitro che spedisce in panca puniti giocatori da entrambi i lati. L\u2019Alleghe si trova in doppia superiorit\u00e0 numerica ma non riesce a sbloccare il punteggio. Prendono coraggio le civette che con i fratelli Dall\u2019Agnol fanno la differenza ma il golie altoatesino non lascia uno spazio. La prima frazione si chiude con gli agordini in attacco ma il gol tanto atteso non arriva. Anche nel secondo tempo le civette sembrano avere la partita in mano. Tante le occasioni sprecate dalla squadra di Matikainen che rischia sulle ripartenze del Bressanone. Dopo una serie di buone azioni, i biancorossi si trovano in doppia inferiorit\u00e0 numerica ma i padroni di casa non fanno paura. Finalmente la partita si sblocca al giro di boa della partita. Ci pensa Matteo Dall\u2019Agnol ad insaccare un assist d\u2019oro di Kiviranta. Ci prendono gusto gli alleghesi che raddoppiano subito dopo. Davide Testori con un tiro al volo spedisce il disco alle spalle del portiere. Brissinesi che accorciano a fine seconda frazione con Sottsas. Terzo tempo ancora di marca agordina con i giocatori di Matikainen che tengono in mano la partita. Il Bressanone pareggia i conti alla prima superiorit\u00e0 numerica. A battere Scola ci pensa ancora una volta Sottsas che un tiro dalla distanza. L\u2019Alleghe sembra spegnere la luce e i padroni di casa premono avvicinandosi alla rete del vantaggio. Altoatesini che trovano la terza rete della serata ancora una volta in superiorit\u00e0 numerica. Kiviranta in panca puniti e Arnost che spedisce il disco in fondo al sacco. Finale al cardiopalma con gli agordini alla ricerca di un pareggio che non arriva. Ultimi 45\u201d con gli alleghesi che tolgono il portiere ma nemmeno con l\u2019uomo in pi\u00f9 non entra il disco.<\/p>\n<p>&nbsp;<\/p>\n<p>&nbsp;<\/p>\n<hr \/>\n<p>&nbsp;<\/p>\n<blockquote>\n<h3>ROMBANO I MOTORI IN AGORDINO&#8230;PARTITA LA QUINTA EDIZIONE DEL DOLOMITI RALLY<\/h3>\n<\/blockquote>\n<p><strong>AGORDO<\/strong> Si pu\u00f2 dire che \u00e8 ufficialmente partita la quinta edizione del Dolomiti Rally. Dalla tarda mattinata i concorrenti e organizzatori hanno occupato il parcheggio antistante Luxottica come zona riordino. Ieri il shakedown a Voltago. Oggi si fa sul serio con le tre prove speciali che verranno ripetute per tre volte.<\/p>\n<p><strong>LA DIRETTA FACEBOOK DI RADIO PI\u00d9<\/strong><\/p>\n<p><em><strong>DALLA ZONA RIORDINO<\/strong><\/em><\/p>\n<p>https:\/\/www.facebook.com\/Mirkomezziano\/videos\/2799263740356394<\/p>\n<p>&nbsp;<\/p>\n<p><em><strong>LO SHAKEDOWN DI VOLTAGO<\/strong><\/em><\/p>\n<p>https:\/\/www.facebook.com\/Mirkomezziano\/videos\/2799306433685458<\/p>\n<p>&nbsp;<\/p>\n<blockquote class=\"wp-embedded-content\" data-secret=\"HpeO1XvW9T\"><p><a href=\"https:\/\/www.radiopiu.net\/wordpress\/rally-dolomiti-domani-la-curva-del-gatto-fara-selezione\/\">RALLY DOLOMITI DOMANI LA CURVA DEL &#8220;GATTO&#8221; FARA&#8217; SELEZIONE<\/a><\/p><\/blockquote>\n<p><iframe loading=\"lazy\" class=\"wp-embedded-content\" sandbox=\"allow-scripts\" security=\"restricted\" style=\"position: absolute; clip: rect(1px, 1px, 1px, 1px);\" title=\"&#8220;RALLY DOLOMITI DOMANI LA CURVA DEL &#8220;GATTO&#8221; FARA&#8217; SELEZIONE&#8221; &#8212; Radio Pi\u00f9\" src=\"https:\/\/www.radiopiu.net\/wordpress\/rally-dolomiti-domani-la-curva-del-gatto-fara-selezione\/embed\/#?secret=HpeO1XvW9T\" data-secret=\"HpeO1XvW9T\" width=\"600\" height=\"338\" frameborder=\"0\" marginwidth=\"0\" marginheight=\"0\" scrolling=\"no\"><\/iframe><\/p>\n<p>&nbsp;<\/p>\n<hr \/>\n<p>&nbsp;<\/p>\n<h2><span style=\"color: #ff6600;\">D<\/span><span style=\"color: #ff6600;\">OLOMITI RALLY AL VIA NEL FINE SETTIMANA<\/span><\/h2>\n<blockquote>\n<h2>TABELLA CHIUSURA STRADE<\/h2>\n<\/blockquote>\n<a href=\"https:\/\/www.radiopiu.net\/wordpress\/wp-content\/uploads\/2020\/10\/orari-chiusura-strade-2020.pdf\" class=\"pdfemb-viewer\" style=\"\" data-width=\"max\" data-height=\"max\" data-toolbar=\"top\" data-toolbar-fixed=\"on\">orari chiusura strade 2020<\/a><a href=\"https:\/\/www.radiopiu.net\/wordpress\/wp-content\/uploads\/2020\/10\/orari-chiusura-strade-2020-1.pdf\" class=\"pdfemb-viewer\" style=\"\" data-width=\"max\" data-height=\"max\" data-toolbar=\"top\" data-toolbar-fixed=\"on\">orari chiusura strade 2020-1<\/a>\n","protected":false},"excerpt":{"rendered":"<p>PER RICEVERE QUESTO NOTIZIARIO DIRETTAMENTE SUL TUO CELLULARE ISCRIVITI AL CANALE TELEGRAM \u201cRADIO PIU\u00a0 INFORMAZIONE&#8221; ATTENZIONE: LA NUOVA APP PER IOS-IPHONE https:\/\/apps.apple.com\/it\/app\/radio-pi%C3%B9-emittente-agordina\/id1515939845 ATTENZIONE: LA NUOVA APP RADIO\u00a0 PER ANDROID https:\/\/play.google.com\/store\/apps\/details?id=net.radiopiu.iniko &nbsp; &nbsp; LA FOTONOTIZIA DEL GIORNO &#8211; IL BANCHETTO DEL LUPO AL LAC DEI NEGHER SOPRA SOTTOGUDA ROCCA PIETORE\u00a0Sotto la Marmolada ci sono lupi affamati.&hellip;<\/p>\n","protected":false},"author":4,"featured_media":165546,"comment_status":"closed","ping_status":"closed","sticky":false,"template":"","format":"standard","meta":{"_monsterinsights_skip_tracking":false,"_monsterinsights_sitenote_active":false,"_monsterinsights_sitenote_note":"","_monsterinsights_sitenote_category":0,"footnotes":""},"categories":[1,51,86,49],"tags":[],"class_list":["post-165371","post","type-post","status-publish","format-standard","has-post-thumbnail","hentry","category-senza-categoria","category-evidenza-top","category-gr","category-news-18","category-1","category-51","category-86","category-49","description-off"],"img_url":"https:\/\/www.radiopiu.net\/wordpress\/wp-content\/uploads\/2020\/10\/Schermata-2020-10-10-alle-13.31.37.png","_links":{"self":[{"href":"https:\/\/www.radiopiu.net\/wordpress\/wp-json\/wp\/v2\/posts\/165371","targetHints":{"allow":["GET"]}}],"collection":[{"href":"https:\/\/www.radiopiu.net\/wordpress\/wp-json\/wp\/v2\/posts"}],"about":[{"href":"https:\/\/www.radiopiu.net\/wordpress\/wp-json\/wp\/v2\/types\/post"}],"author":[{"embeddable":true,"href":"https:\/\/www.radiopiu.net\/wordpress\/wp-json\/wp\/v2\/users\/4"}],"replies":[{"embeddable":true,"href":"https:\/\/www.radiopiu.net\/wordpress\/wp-json\/wp\/v2\/comments?post=165371"}],"version-history":[{"count":0,"href":"https:\/\/www.radiopiu.net\/wordpress\/wp-json\/wp\/v2\/posts\/165371\/revisions"}],"wp:featuredmedia":[{"embeddable":true,"href":"https:\/\/www.radiopiu.net\/wordpress\/wp-json\/wp\/v2\/media\/165546"}],"wp:attachment":[{"href":"https:\/\/www.radiopiu.net\/wordpress\/wp-json\/wp\/v2\/media?parent=165371"}],"wp:term":[{"taxonomy":"category","embeddable":true,"href":"https:\/\/www.radiopiu.net\/wordpress\/wp-json\/wp\/v2\/categories?post=165371"},{"taxonomy":"post_tag","embeddable":true,"href":"https:\/\/www.radiopiu.net\/wordpress\/wp-json\/wp\/v2\/tags?post=165371"}],"curies":[{"name":"wp","href":"https:\/\/api.w.org\/{rel}","templated":true}]}}