{"id":165463,"date":"2020-10-10T12:44:53","date_gmt":"2020-10-10T10:44:53","guid":{"rendered":"https:\/\/www.radiopiu.net\/wordpress\/?p=165463"},"modified":"2020-10-10T12:47:02","modified_gmt":"2020-10-10T10:47:02","slug":"le-nuove-misure-anti-contagio-in-diretta-luca-zaia","status":"publish","type":"post","link":"https:\/\/www.radiopiu.net\/wordpress\/le-nuove-misure-anti-contagio-in-diretta-luca-zaia\/","title":{"rendered":"LE NUOVE MISURE ANTI CONTAGIO, IN DIRETTA LUCA ZAIA"},"content":{"rendered":"<p>&nbsp;<\/p>\n<p>2.502.000mila tamponi, 1.450.000 test rapidi, 31.065 positivi da inizio pandemia, positivi ad oggi 5.832, in isolamento 11.625 (+344 nelle ultime 24 ore), i ricoverati in ospedale 325 dei quali 231 positivi. In terapia intensiva 29 persone (-1 nelle 24 ore 20 positivi). DECESSI 2016(+7 nelle ultime 24 ore). I positivi sugli isolati: la percentuale \u00e8 del 50,17% (uno su 2 di chi \u00e8 a casa \u00e8 positivo)<\/p>\n<p>https:\/\/www.facebook.com\/zaiaufficiale\/videos\/725724471348549<\/p>\n","protected":false},"excerpt":{"rendered":"<p>&nbsp; 2.502.000mila tamponi, 1.450.000 test rapidi, 31.065 positivi da inizio pandemia, positivi ad oggi 5.832, in isolamento 11.625 (+344 nelle ultime 24 ore), i ricoverati in ospedale 325 dei quali 231 positivi. In terapia intensiva 29 persone (-1 nelle 24 ore 20 positivi). DECESSI 2016(+7 nelle ultime 24 ore). I positivi sugli isolati: la percentuale&hellip;<\/p>\n","protected":false},"author":1,"featured_media":82902,"comment_status":"closed","ping_status":"closed","sticky":false,"template":"","format":"standard","meta":{"_monsterinsights_skip_tracking":false,"_monsterinsights_sitenote_active":false,"_monsterinsights_sitenote_note":"","_monsterinsights_sitenote_category":0,"footnotes":""},"categories":[1],"tags":[],"class_list":["post-165463","post","type-post","status-publish","format-standard","has-post-thumbnail","hentry","category-senza-categoria","category-1","description-off"],"img_url":"https:\/\/www.radiopiu.net\/wordpress\/wp-content\/uploads\/2019\/04\/Luca-Zaia-mp3-image-e1563558443703.jpg","_links":{"self":[{"href":"https:\/\/www.radiopiu.net\/wordpress\/wp-json\/wp\/v2\/posts\/165463","targetHints":{"allow":["GET"]}}],"collection":[{"href":"https:\/\/www.radiopiu.net\/wordpress\/wp-json\/wp\/v2\/posts"}],"about":[{"href":"https:\/\/www.radiopiu.net\/wordpress\/wp-json\/wp\/v2\/types\/post"}],"author":[{"embeddable":true,"href":"https:\/\/www.radiopiu.net\/wordpress\/wp-json\/wp\/v2\/users\/1"}],"replies":[{"embeddable":true,"href":"https:\/\/www.radiopiu.net\/wordpress\/wp-json\/wp\/v2\/comments?post=165463"}],"version-history":[{"count":0,"href":"https:\/\/www.radiopiu.net\/wordpress\/wp-json\/wp\/v2\/posts\/165463\/revisions"}],"wp:featuredmedia":[{"embeddable":true,"href":"https:\/\/www.radiopiu.net\/wordpress\/wp-json\/wp\/v2\/media\/82902"}],"wp:attachment":[{"href":"https:\/\/www.radiopiu.net\/wordpress\/wp-json\/wp\/v2\/media?parent=165463"}],"wp:term":[{"taxonomy":"category","embeddable":true,"href":"https:\/\/www.radiopiu.net\/wordpress\/wp-json\/wp\/v2\/categories?post=165463"},{"taxonomy":"post_tag","embeddable":true,"href":"https:\/\/www.radiopiu.net\/wordpress\/wp-json\/wp\/v2\/tags?post=165463"}],"curies":[{"name":"wp","href":"https:\/\/api.w.org\/{rel}","templated":true}]}}