{"id":165578,"date":"2020-10-10T15:53:47","date_gmt":"2020-10-10T13:53:47","guid":{"rendered":"https:\/\/www.radiopiu.net\/wordpress\/?p=165578"},"modified":"2020-10-10T15:53:47","modified_gmt":"2020-10-10T13:53:47","slug":"zaia-presenta-studio-epidemiologico-veneto-risalgono-i-contagi-e-cala-leta-media-ma-restano-pochi-i-ricoveri","status":"publish","type":"post","link":"https:\/\/www.radiopiu.net\/wordpress\/zaia-presenta-studio-epidemiologico-veneto-risalgono-i-contagi-e-cala-leta-media-ma-restano-pochi-i-ricoveri\/","title":{"rendered":"ZAIA PRESENTA STUDIO EPIDEMIOLOGICO VENETO. RISALGONO I CONTAGI E CALA L\u2019ETA\u2019 MEDIA, MA RESTANO POCHI I RICOVERI"},"content":{"rendered":"<p><strong><a class=\"dt-pswp-item\" href=\"https:\/\/www.radiopiu.net\/wordpress\/wp-content\/uploads\/2020\/06\/zaia.jpg\" data-dt-img-description=\"\" data-large_image_width=\"1024\" data-large_image_height=\"576\"><img loading=\"lazy\" decoding=\"async\" class=\"size-medium wp-image-142371 alignleft\" src=\"https:\/\/www.radiopiu.net\/wordpress\/wp-content\/uploads\/2020\/06\/zaia-300x169.jpg\" alt=\"\" width=\"300\" height=\"169\" srcset=\"https:\/\/www.radiopiu.net\/wordpress\/wp-content\/uploads\/2020\/06\/zaia-300x169.jpg 300w, https:\/\/www.radiopiu.net\/wordpress\/wp-content\/uploads\/2020\/06\/zaia-768x432.jpg 768w, https:\/\/www.radiopiu.net\/wordpress\/wp-content\/uploads\/2020\/06\/zaia.jpg 1024w\" sizes=\"auto, (max-width: 300px) 100vw, 300px\" \/><\/a>VENEZIA\u00a0<\/strong>\u201c<em>Nessuno deve abbassare la guardia. Sarebbe da irresponsabili, perch\u00e9 siamo in un momento decisivo. La situazione epidemiologica, oggi, dice che abbiamo una crescita delle positivit\u00e0, ma una situazione assolutamente tranquilla negli ospedali. Ci\u00f2 nonostante siamo al lavoro per aggiornare alle pi\u00f9 recenti evoluzioni della malattia il nostro Piano di Sanit\u00e0 Pubblica e anche per essere pronti a uno scenario peggiore. La Regione Veneto non \u00e8 n\u00e9 catastrofista, n\u00e9 ottimista. Siamo obbiettivi e ci muoviamo sulla base dei dati oggettivi che i nostri esperti monitorano e valutano giorno per giorn<\/em>o\u201d.Lo ha detto il Presidente della Regione, Luca Zaia, facendo oggi, alla Protezione Civile a Marghera, il punto sulla situazione del Covid-19 in Veneto.\u00a0Zaia ha presentato uno studio della Direzione Prevenzione sulla situazione epidemiologica a tutto il 9 ottobre 2020, da quale emerge che le positivit\u00e0, a partire dalla fine di luglio, sono progressivamente tornate ai livelli di marzo, ma rispetto ad allora i ricoveri ospedalieri presentano numeri infinitesimali (325 persone, delle quali 231 positive contro le svariate centinaia di marzo; solo 29 ricoverati in terapia intensiva, dei quali nove gi\u00e0 negativizzati). Particolare interesse tra gli esperti ha suscitato il dato sull\u2019et\u00e0 delle persone positive, scesa da una mediana di 60-65 anni di marzo agli attuali 40-45 anni. Significativo che, dall\u20191 all\u20198 ottobre, la maggior parte dei casi riguardi soggetti dai 25 ai 44 anni, seguiti da quelli tra 45 e 64. Pochi sono i casi over 65, mentre 564 positivi sono attribuibili alla fascia pi\u00f9 giovanile, da zero a 24 anni. Lo studio comprende anche un aggiornamento della situazione delle scuole. All\u20198 ottobre 279 scuole presentavano almeno un caso. Gli studenti positivi erano 300 su un totale di 707.814, pari allo 0,04%. 2.379 quelli in quarantena preventiva, pari allo 0,34%. Il numero di docenti e operatori positivi era di 41 su un totale di 95.786, pari allo 0,05%; quelli in quarantena preventiva erano 243, pari allo 0,25%. \u201c<em>Come dicono i dati \u2013 ha tenuto a sottolineare Zaia \u2013 da un lato in Veneto al momento non esiste nessuna emergenza ospedaliera, dall\u2019altro l\u2019andamento dei contagi nelle scuole \u00e8 confortante. La Regione fa e far\u00e0 tutto il necessario ed \u00e8 pronta con l\u2019artiglieria pesante se dovesse verificarsi un peggioramento della situazione. Nel frattempo \u2013 ha concluso \u2013 rivolgo a tutti i cittadini un appello alla responsabilit\u00e0. Ognuno, mantenendo comportamenti corretti e prudenti, pu\u00f2 dare il suo contributo<\/em>\u201d.<\/p>\n<p><strong>LO STUDIO EPIDEMIOLOGICO PRESENTATO DAL PRESIDENTE ZAIA<\/strong><\/p>\n<a href=\"https:\/\/www.radiopiu.net\/wordpress\/wp-content\/uploads\/2020\/10\/COVID-situazione-Epidemiologica-09.10.2020.pdf\" class=\"pdfemb-viewer\" style=\"\" data-width=\"max\" data-height=\"max\" data-toolbar=\"top\" data-toolbar-fixed=\"on\">COVID situazione Epidemiologica 09.10.2020<\/a>\n","protected":false},"excerpt":{"rendered":"<p>VENEZIA\u00a0\u201cNessuno deve abbassare la guardia. Sarebbe da irresponsabili, perch\u00e9 siamo in un momento decisivo. La situazione epidemiologica, oggi, dice che abbiamo una crescita delle positivit\u00e0, ma una situazione assolutamente tranquilla negli ospedali. Ci\u00f2 nonostante siamo al lavoro per aggiornare alle pi\u00f9 recenti evoluzioni della malattia il nostro Piano di Sanit\u00e0 Pubblica e anche per essere&hellip;<\/p>\n","protected":false},"author":4,"featured_media":142371,"comment_status":"closed","ping_status":"closed","sticky":false,"template":"","format":"standard","meta":{"_monsterinsights_skip_tracking":false,"_monsterinsights_sitenote_active":false,"_monsterinsights_sitenote_note":"","_monsterinsights_sitenote_category":0,"footnotes":""},"categories":[49],"tags":[],"class_list":["post-165578","post","type-post","status-publish","format-standard","has-post-thumbnail","hentry","category-news-18","category-49","description-off"],"img_url":"https:\/\/www.radiopiu.net\/wordpress\/wp-content\/uploads\/2020\/06\/zaia.jpg","_links":{"self":[{"href":"https:\/\/www.radiopiu.net\/wordpress\/wp-json\/wp\/v2\/posts\/165578","targetHints":{"allow":["GET"]}}],"collection":[{"href":"https:\/\/www.radiopiu.net\/wordpress\/wp-json\/wp\/v2\/posts"}],"about":[{"href":"https:\/\/www.radiopiu.net\/wordpress\/wp-json\/wp\/v2\/types\/post"}],"author":[{"embeddable":true,"href":"https:\/\/www.radiopiu.net\/wordpress\/wp-json\/wp\/v2\/users\/4"}],"replies":[{"embeddable":true,"href":"https:\/\/www.radiopiu.net\/wordpress\/wp-json\/wp\/v2\/comments?post=165578"}],"version-history":[{"count":0,"href":"https:\/\/www.radiopiu.net\/wordpress\/wp-json\/wp\/v2\/posts\/165578\/revisions"}],"wp:featuredmedia":[{"embeddable":true,"href":"https:\/\/www.radiopiu.net\/wordpress\/wp-json\/wp\/v2\/media\/142371"}],"wp:attachment":[{"href":"https:\/\/www.radiopiu.net\/wordpress\/wp-json\/wp\/v2\/media?parent=165578"}],"wp:term":[{"taxonomy":"category","embeddable":true,"href":"https:\/\/www.radiopiu.net\/wordpress\/wp-json\/wp\/v2\/categories?post=165578"},{"taxonomy":"post_tag","embeddable":true,"href":"https:\/\/www.radiopiu.net\/wordpress\/wp-json\/wp\/v2\/tags?post=165578"}],"curies":[{"name":"wp","href":"https:\/\/api.w.org\/{rel}","templated":true}]}}