{"id":165795,"date":"2020-10-13T05:24:09","date_gmt":"2020-10-13T03:24:09","guid":{"rendered":"https:\/\/www.radiopiu.net\/wordpress\/?p=165795"},"modified":"2020-10-13T06:05:43","modified_gmt":"2020-10-13T04:05:43","slug":"i-racconti-di-paolo-soppelsa-quarantaquattresima-puntata","status":"publish","type":"post","link":"https:\/\/www.radiopiu.net\/wordpress\/i-racconti-di-paolo-soppelsa-quarantaquattresima-puntata\/","title":{"rendered":"I RACCONTI DI PAOLO SOPPELSA, QUARANTAQUATTRESIMA PUNTATA"},"content":{"rendered":"<p><strong>IN MEMORIA DI FRANCO MIOTTO, CHE FRA QUESTI MONTI ERA DI CASA<\/strong><\/p>\n<p><em><strong>AUDIO<\/strong><\/em><\/p>\n<audio class=\"wp-audio-shortcode\" id=\"audio-165795-1\" preload=\"none\" style=\"width: 100%;\" controls=\"controls\"><source type=\"audio\/mpeg\" src=\"https:\/\/www.radiopiu.net\/wordpress\/wp-content\/uploads\/2020\/10\/PAOLO-SOPPELSA-IN-MENORIA-DI-FRANCO-MIOTTO.mp3?_=1\" \/><a href=\"https:\/\/www.radiopiu.net\/wordpress\/wp-content\/uploads\/2020\/10\/PAOLO-SOPPELSA-IN-MENORIA-DI-FRANCO-MIOTTO.mp3\">https:\/\/www.radiopiu.net\/wordpress\/wp-content\/uploads\/2020\/10\/PAOLO-SOPPELSA-IN-MENORIA-DI-FRANCO-MIOTTO.mp3<\/a><\/audio>\n<p>&nbsp;<\/p>\n<p><a class=\"dt-pswp-item\" href=\"https:\/\/www.radiopiu.net\/wordpress\/wp-content\/uploads\/2020\/10\/d52b9f9d-9783-49e4-a65f-e4e4084c054f.jpg\" data-dt-img-description=\"\" data-large_image_width=\"1080\" data-large_image_height=\"810\"><img loading=\"lazy\" decoding=\"async\" class=\"size-medium wp-image-165797 alignleft\" src=\"https:\/\/www.radiopiu.net\/wordpress\/wp-content\/uploads\/2020\/10\/d52b9f9d-9783-49e4-a65f-e4e4084c054f-300x225.jpg\" alt=\"\" width=\"300\" height=\"225\" srcset=\"https:\/\/www.radiopiu.net\/wordpress\/wp-content\/uploads\/2020\/10\/d52b9f9d-9783-49e4-a65f-e4e4084c054f-300x225.jpg 300w, https:\/\/www.radiopiu.net\/wordpress\/wp-content\/uploads\/2020\/10\/d52b9f9d-9783-49e4-a65f-e4e4084c054f-1024x768.jpg 1024w, https:\/\/www.radiopiu.net\/wordpress\/wp-content\/uploads\/2020\/10\/d52b9f9d-9783-49e4-a65f-e4e4084c054f-768x576.jpg 768w, https:\/\/www.radiopiu.net\/wordpress\/wp-content\/uploads\/2020\/10\/d52b9f9d-9783-49e4-a65f-e4e4084c054f.jpg 1080w\" sizes=\"auto, (max-width: 300px) 100vw, 300px\" \/><\/a>Dal diario\u2026<br \/>\nIl giorno del monte Coro 18 luglio 2004.<br \/>\nIl momento \u00e8 arrivato. L&#8217;appuntamento con Massimo \u00e8 alle 6.30 in Via Feltre, il tempo \u00e8 ottimo ed alle 7 siamo gi\u00e0 con gli scarponi ai piedi sotto ai primi scalini del sentiero che porta al Rif. Bianchet. Partiamo, lo \u201cscurton\u201d \u00e8 subito ripido, l\u2019aria \u00e8 ferma e gi\u00e0 si suda parecchio. Giunti sulla strada sterrata iniziamo a svegliarci ed iniziano le solite battute condite da imitazioni e tormentoni. Il passo \u00e8 buono e dopo due ore spaccate siamo al rifugio a bere il caff\u00e8 in compagnia di Anna, la giovane gestrice. Un quarto d\u2019ora di sosta e poi inizia la parte pi\u00f9 selvaggia del percorso. Penso che siamo soli in tutta la valle e spero di non trovare confusione, anche se in questi luoghi \u00e8 difficile trovare la folla. I discorsi intanto iniziano a lasciare spazio ai pensieri. Penso a quante storie sono state scritte fra queste montagne. Storie di caccia ed alpinismo eroico. Penso a quanto siamo soli in questo ambiente cos\u00ec aspro e selvaggio in questa calda domenica di mezza estate. Il sentiero si fa pi\u00f9 erto in alcuni punti mentre in altri scende deciso. Ci fermiamo, tiriamo fuori la carta e ci rendiamo conto che la strada \u00e8 ancora lunga per arrivare in vetta. Fa caldo, sono quattro ore che siamo in cammino ed ho un momento di scoramento. Poi, improvvisamente, ecco una bella sorpresa: arrivo ad una forcella e mi si presenta davanti uno spettacolo incomparabile. Si materializza di fronte a noi il Burel con la sua sagoma inconfondibile ed enorme. E poi la Gusela e la catena di cime che porta alla Pala Alta salita appena due settimane prima. Troviamo fra l\u2019erba la targa che sancisce il termine del \u201cViaz dei Camorz e Camorzieri\u201d, pazzesco itinerario di croda che da qui riusciamo da ammirare in tutta la sua interezza. Osservo il piccolo prato della Fratta del Moro e penso all\u2019enorme coraggio di Franco Miotto nell\u2019attraversare la parete del Burel. Poi l\u2019avrebbe anche salita, ma questa \u00e8 un\u2019altra storia. Riposiamo ancora un po\u2019 e poi partiamo decisi vero la cima ormai in vista. Superiamo il canalino che porta sul grande pianoro sommitale e camminando fra le piante di rododendro arriviamo in vetta a mezzogiorno in punto. Stretta di mano e gran spettacolo che si gode dalla cima nell\u2019afa di luglio. Raffica di foto e poi apro libro di vetta che racconta che non sono molte le persone che arrivano fin qui. Poco prima dell\u2019una lasciamo la sommit\u00e0 del monte Coro ed iniziamo a scendere. Fa ancora molto caldo, la discesa \u00e8 piuttosto lunga ed un po\u2019 di stanchezza inizia a farsi sentire. Dopo un lungo tratto di sentiero nel bosco scorgiamo la sagoma del rifugio. Arriviamo come due naufraghi persi in questo oceano di monti e valli deserte sognando la meritata birra mentre il numero di escursionisti continua ad aumentare come l\u2019umore di Anna che ci accoglie con molta cordialit\u00e0. Poi riprendiamo la discesa parlando dei panorami che abbiamo ammirato. Dalla cima si vedono le Pale di San Lucano che quello stesso giorno sono teatro di un\u2019impresa epica che vede protagonisti i forti alpinisti Ivo Ferrari e Silvestro Stucchi: la prima ripetizione della \u201cVia dei Bellunesi\u201d sullo Spiz di Lagunaz. Terribile via aperta nel 1979 da Franco Miotto insieme a Riccardo Bee e Stefano Gava. Gente che era di casa fra queste montagne. Uomini coraggiosi ed appassionati di questi ambiente selvaggi che hanno scritto pagine di storia alpinistica di grande spessore. Dopo aver incontrato una bella vipera sentiamo il rombo delle moto che corrono sulla 203. Pochi minuti e siamo in macchina direzione Belluno. Si chiude cos\u00ec una splendida giornata trascorsa nel mondo selvaggio del gruppo della Schiara. Un\u2019escursione nata un mese prima proprio su suggerimento di Franco Miotto con cui avevamo parlato per qualche minuto dopo una serata di diapositive nella sua Limana. \u201c\u2026and\u00e8\u2026and\u00e8 sul Coro\u2026le al pi bel posto, la pi b\u00e8la zima par v\u00e8der la S\u2019ciara e i Monti del Sole\u2026\u201d Cos\u00ec ci disse con il suo parlare entusiasta delle sue montagne. E noi ci siamo andati\u2026ciao Franco.<\/p>\n","protected":false},"excerpt":{"rendered":"<p>IN MEMORIA DI FRANCO MIOTTO, CHE FRA QUESTI MONTI ERA DI CASA AUDIO &nbsp; Dal diario\u2026 Il giorno del monte Coro 18 luglio 2004. Il momento \u00e8 arrivato. L&#8217;appuntamento con Massimo \u00e8 alle 6.30 in Via Feltre, il tempo \u00e8 ottimo ed alle 7 siamo gi\u00e0 con gli scarponi ai piedi sotto ai primi scalini&hellip;<\/p>\n","protected":false},"author":4,"featured_media":165797,"comment_status":"closed","ping_status":"closed","sticky":false,"template":"","format":"standard","meta":{"_monsterinsights_skip_tracking":false,"_monsterinsights_sitenote_active":false,"_monsterinsights_sitenote_note":"","_monsterinsights_sitenote_category":0,"footnotes":""},"categories":[51,104,49,112],"tags":[],"class_list":["post-165795","post","type-post","status-publish","format-standard","has-post-thumbnail","hentry","category-evidenza-top","category-evidenza_3","category-news-18","category-racconti-soppelsa","category-51","category-104","category-49","category-112","description-off"],"img_url":"https:\/\/www.radiopiu.net\/wordpress\/wp-content\/uploads\/2020\/10\/d52b9f9d-9783-49e4-a65f-e4e4084c054f.jpg","_links":{"self":[{"href":"https:\/\/www.radiopiu.net\/wordpress\/wp-json\/wp\/v2\/posts\/165795","targetHints":{"allow":["GET"]}}],"collection":[{"href":"https:\/\/www.radiopiu.net\/wordpress\/wp-json\/wp\/v2\/posts"}],"about":[{"href":"https:\/\/www.radiopiu.net\/wordpress\/wp-json\/wp\/v2\/types\/post"}],"author":[{"embeddable":true,"href":"https:\/\/www.radiopiu.net\/wordpress\/wp-json\/wp\/v2\/users\/4"}],"replies":[{"embeddable":true,"href":"https:\/\/www.radiopiu.net\/wordpress\/wp-json\/wp\/v2\/comments?post=165795"}],"version-history":[{"count":0,"href":"https:\/\/www.radiopiu.net\/wordpress\/wp-json\/wp\/v2\/posts\/165795\/revisions"}],"wp:featuredmedia":[{"embeddable":true,"href":"https:\/\/www.radiopiu.net\/wordpress\/wp-json\/wp\/v2\/media\/165797"}],"wp:attachment":[{"href":"https:\/\/www.radiopiu.net\/wordpress\/wp-json\/wp\/v2\/media?parent=165795"}],"wp:term":[{"taxonomy":"category","embeddable":true,"href":"https:\/\/www.radiopiu.net\/wordpress\/wp-json\/wp\/v2\/categories?post=165795"},{"taxonomy":"post_tag","embeddable":true,"href":"https:\/\/www.radiopiu.net\/wordpress\/wp-json\/wp\/v2\/tags?post=165795"}],"curies":[{"name":"wp","href":"https:\/\/api.w.org\/{rel}","templated":true}]}}