{"id":165849,"date":"2020-10-13T05:26:48","date_gmt":"2020-10-13T03:26:48","guid":{"rendered":"https:\/\/www.radiopiu.net\/wordpress\/?p=165849"},"modified":"2020-10-13T06:00:35","modified_gmt":"2020-10-13T04:00:35","slug":"il-direttore-generale-della-ulss-1-dolomiti-fa-il-punto-su-covid-e-antinfluenzale","status":"publish","type":"post","link":"https:\/\/www.radiopiu.net\/wordpress\/il-direttore-generale-della-ulss-1-dolomiti-fa-il-punto-su-covid-e-antinfluenzale\/","title":{"rendered":"SARA&#8217; SPOSTATO IN ZONA PIU&#8217; IDONEA IL DRIVE-IN DI CAPRILE, RITARDI POSTALI NELLA CONSEGNA DEGLI INVITI PER LA VACCINAZIONE ANTIINFLUENZALE &#8211; INTERVENTO DI RASI CALDOGNO"},"content":{"rendered":"<p><strong>BELLUNO<\/strong> Il Direttore Generale della ULSS 1 Dolomiti, Adriano Rasi Caldogno, fa il punto sulla situazione Covid-19 in provincia di Belluno e sui vaccini antinfluenzali.<\/p>\n<blockquote>\n<h2>LEGGI L&#8217;INTERVENTO DI ADRIANO RASI CALDOGNO<\/h2>\n<\/blockquote>\n<p><strong>AGGIORNAMENTO DELLE NOVE DI QUESTA MATTINA:<\/strong> Riscontrati 441 persone positive, in isolamento domiciliare 1400 persone. Valori molto pi\u00f9 elevati rispetto alle scorse settimane, era da aspettarselo. Superarata la soglia dei 100 mila tamponi effettuati dall&#8217;inizio dell&#8217;emergenza. Molto spesso i tamponi vengono effettuati pi\u00f9 volte sugli stessi soggetti.<br \/>\n<strong>AGGIORNAMENTO RICOVERI<\/strong> Il dato pi\u00f9 probante per quanto riguarda l&#8217;andamento dell&#8217;epidemia \u00e8 quello dei ricoveri, in area non critica ci sono 33 pazienti tra Belluno e Feltre 1 in terapia intensiva 5 negli ospedali di comunit\u00e0. Ai primi di aprile nel picco della pandemia c&#8217;erano 73 ricoverati in area non critica e 10 in terapia intensiva. Rispetto a qualche settimana fa (casi zero) il numero \u00e8 aumentato. Sono ricoveri di persone con sintomi piuttosto lievi rispetto alla scorsa primavera, ma necessitano di ricovero.\u00a0 \u00a0 \u00a0 \u00a0 \u00a0 \u00a0 \u00a0 \u00a0 \u00a0 \u00a0 \u00a0 \u00a0 \u00a0 \u00a0 \u00a0 \u00a0 \u00a0 \u00a0 \u00a0 \u00a0 \u00a0 \u00a0 \u00a0 \u00a0 \u00a0 \u00a0 \u00a0 \u00a0 \u00a0 \u00a0 \u00a0 \u00a0 \u00a0 \u00a0 \u00a0 \u00a0 \u00a0 \u00a0 \u00a0 \u00a0 \u00a0 \u00a0 \u00a0 \u00a0 \u00a0 <strong>AGGIORNAMENTO COMELICO<\/strong> Sempre alta l&#8217;attenzione sul focolaio del Comelico-Cadore e sulle case di riposo, Cortina in particolare. Persone positive in Comelico 119, centinaia di persone in quarantena.\u00a0 \u00a0 \u00a0 \u00a0 \u00a0 \u00a0 \u00a0 \u00a0 \u00a0 \u00a0 \u00a0 \u00a0 \u00a0 \u00a0 \u00a0 \u00a0 \u00a0 \u00a0 \u00a0 \u00a0 \u00a0 \u00a0 \u00a0 \u00a0 \u00a0 \u00a0 \u00a0 \u00a0 \u00a0 \u00a0 \u00a0 \u00a0 \u00a0 \u00a0 \u00a0 \u00a0 \u00a0 \u00a0 \u00a0 \u00a0 \u00a0 \u00a0 \u00a0 \u00a0 \u00a0 \u00a0 \u00a0 \u00a0 \u00a0 \u00a0 \u00a0 \u00a0 \u00a0 \u00a0 \u00a0 \u00a0 \u00a0 \u00a0 \u00a0 \u00a0 \u00a0 \u00a0 \u00a0 \u00a0 \u00a0 \u00a0 \u00a0 \u00a0 \u00a0 \u00a0 \u00a0 <strong>NELLE SCUOLE<\/strong>\u00a0 Oggetto di preoccupazione il tema delle scuole. All&#8217;11 ottobre sono stati effettuati 5227 tamponi relativi ad alunni, docenti e non docenti appartenenti al corpo scolastico. In larga misura questi test sono effettuati con il metodo del tampone rapido. Le scuole con almeno un caso sono una trentina con 128 alunni in quarantena e 19 tra insegnanti e operatori sempre in quarantena. Per tutte le famiglie che chiedono insistentemente di avere indicazioni ricordo che presso ogni scuola c&#8217;\u00e8 un referente &#8220;scuola&#8221; in contatto con il dipartimento Prevenzione della Ulss1. L&#8217;invito \u00e8 di rivolgersi a questi referenti della scuola.\u00a0 \u00a0 \u00a0 \u00a0 \u00a0 \u00a0 \u00a0 \u00a0 \u00a0 \u00a0 \u00a0 \u00a0 \u00a0 \u00a0 \u00a0 \u00a0 \u00a0 \u00a0 \u00a0 \u00a0 \u00a0 \u00a0 \u00a0 \u00a0 \u00a0 \u00a0 \u00a0 \u00a0 \u00a0 \u00a0 \u00a0 \u00a0 \u00a0 \u00a0 \u00a0 \u00a0 \u00a0 \u00a0 \u00a0 \u00a0 \u00a0 \u00a0 \u00a0 \u00a0 \u00a0 \u00a0 \u00a0 \u00a0 \u00a0 \u00a0 \u00a0 \u00a0 \u00a0 \u00a0 \u00a0<strong>DRIVE IN <\/strong>Attualmente ci sono 4 drive-in ad accesso libero, tutti i giorni a Belluno e Feltre, a giorni alterni dalle 17 alle 19 dal lunedi al sabato a Caprile (lunedi mercoledi venerdi) e Tai di Cadore (martedi giovedi e sabato) <span style=\"color: #ff0000;\">Nei prossimi giorni saranno spostati i drive-in di Feltre e Caprile in zone pi\u00f9 idonee<\/span><\/p>\n<p><strong>VACCINI ANTIINFLUENZALI:<\/strong> Prenotati il 30% di dosi in pi\u00f9 dello scorso anno, 60 mila a disposizione dei bellunesi, la vaccinazione \u00e8 raccomandata per le categorie pi\u00f9 esposte, novit\u00e0 2020 si abbassa l&#8217;et\u00e0 della categoria a rischio non pi\u00f9 dai 65 bens\u00ec da 60 anni. Gi\u00e0 inviate le lettere di invito per la fascia 60-64 anni. <span style=\"color: #ff0000;\">C&#8217;\u00e8 purtroppo giunta segnalazione di alcuni importanti ritardi nel recapito postale\u00a0 \u00a0 \u00a0 \u00a0 \u00a0 \u00a0 \u00a0 \u00a0 \u00a0 \u00a0 \u00a0 \u00a0 \u00a0 \u00a0 \u00a0 \u00a0 \u00a0 \u00a0 \u00a0 \u00a0 \u00a0 \u00a0 \u00a0 \u00a0 \u00a0 \u00a0 \u00a0 \u00a0 \u00a0 \u00a0 \u00a0 \u00a0 \u00a0 \u00a0 \u00a0 \u00a0 \u00a0 \u00a0 \u00a0 <span style=\"color: #000000;\"><strong>\u00a0 \u00a0 \u00a0 \u00a0 \u00a0 \u00a0 \u00a0 \u00a0 \u00a0 \u00a0 \u00a0 \u00a0 \u00a0 \u00a0 \u00a0 \u00a0 \u00a0PIANO EMERGENZIALE PER GLI OSPEDALI<\/strong> Puntiamo a manternere l&#8217;attivit\u00e0 ordinaria in area chirurgica, medica, diagnostica, con percorsi dedicati ai pazienti covid. I percorsi separata per protezione e tutela di pazienti e operatori. Servizio igiene e sanit\u00e0 pubblica sotto controllo, a febbraio non esisteva, in pochi mesi sono state organizzate linee di attivit\u00e0 operative.\u00a0 \u00a0 \u00a0 \u00a0 \u00a0 \u00a0 \u00a0 \u00a0 \u00a0 \u00a0 \u00a0 \u00a0 \u00a0 \u00a0 \u00a0 \u00a0 \u00a0 \u00a0 \u00a0 \u00a0 \u00a0 \u00a0 \u00a0 \u00a0 \u00a0 \u00a0 \u00a0 \u00a0 \u00a0 \u00a0 \u00a0 \u00a0 \u00a0 \u00a0 \u00a0 \u00a0 \u00a0 \u00a0 \u00a0 \u00a0 \u00a0 \u00a0 \u00a0 \u00a0 \u00a0 \u00a0 \u00a0 \u00a0 \u00a0 \u00a0 \u00a0 \u00a0 \u00a0 \u00a0 \u00a0 \u00a0 \u00a0 \u00a0 \u00a0 \u00a0 \u00a0 \u00a0 \u00a0 \u00a0 \u00a0 \u00a0 \u00a0 \u00a0 \u00a0 \u00a0 \u00a0 \u00a0 \u00a0 \u00a0<strong>TELEFONI E EMERGENZE <\/strong>Da oggi potenziata anche la linea telefonica 0437 514343 per informazioni sul covid. Con la recrudescenza delle ultime settimane il numero dedicato \u00e8 andato pi\u00f9 volte in crisi. Invitiamo a usare il 118 e l&#8217;accesso ai Pronto Soccorso solo per i casi di effettiva e grave necessit\u00e0.\u00a0 \u00a0 \u00a0 \u00a0 \u00a0 \u00a0 \u00a0 \u00a0 \u00a0 \u00a0 \u00a0 \u00a0 \u00a0 \u00a0 \u00a0 \u00a0 \u00a0 \u00a0 \u00a0 \u00a0 \u00a0 \u00a0 \u00a0 \u00a0 \u00a0 \u00a0 \u00a0 \u00a0 \u00a0 \u00a0 \u00a0 \u00a0 \u00a0 \u00a0 \u00a0 \u00a0 \u00a0 \u00a0<strong>LE NUOVE MISURE<\/strong> In queste ore sono via di adozione nuove misure per la gestione delle quarantene e liberazione delle persone oggetto di quarantena che dovrebbe consentire un miglioramento della situazione complessiva, quarantena da 14 a 10 giorni e necessit\u00e0 di un tampone molecolare terminare anzich\u00e9 due tamponi come oggi previsto. Stiamo cercando di ridurre il pi\u00f9 possibile i disagi all&#8217;utenza, alle famiglie a chi ha alte patologie perch\u00e8 ci rendiamo conto del forte impatto sulla vita di ciascuno dei vari adempimenti da rispettare.<\/span><\/span><\/p>\n<p>&nbsp;<\/p>\n<p>https:\/\/www.facebook.com\/RasiCaldognoUlssDolomiti\/videos\/4577178738989979<\/p>\n","protected":false},"excerpt":{"rendered":"<p>BELLUNO Il Direttore Generale della ULSS 1 Dolomiti, Adriano Rasi Caldogno, fa il punto sulla situazione Covid-19 in provincia di Belluno e sui vaccini antinfluenzali. LEGGI L&#8217;INTERVENTO DI ADRIANO RASI CALDOGNO AGGIORNAMENTO DELLE NOVE DI QUESTA MATTINA: Riscontrati 441 persone positive, in isolamento domiciliare 1400 persone. Valori molto pi\u00f9 elevati rispetto alle scorse settimane, era&hellip;<\/p>\n","protected":false},"author":4,"featured_media":127853,"comment_status":"closed","ping_status":"closed","sticky":false,"template":"","format":"standard","meta":{"_monsterinsights_skip_tracking":false,"_monsterinsights_sitenote_active":false,"_monsterinsights_sitenote_note":"","_monsterinsights_sitenote_category":0,"footnotes":""},"categories":[51,49],"tags":[],"class_list":["post-165849","post","type-post","status-publish","format-standard","has-post-thumbnail","hentry","category-evidenza-top","category-news-18","category-51","category-49","description-off"],"img_url":"https:\/\/www.radiopiu.net\/wordpress\/wp-content\/uploads\/2020\/04\/RASI-CALDOGNO.jpeg","_links":{"self":[{"href":"https:\/\/www.radiopiu.net\/wordpress\/wp-json\/wp\/v2\/posts\/165849","targetHints":{"allow":["GET"]}}],"collection":[{"href":"https:\/\/www.radiopiu.net\/wordpress\/wp-json\/wp\/v2\/posts"}],"about":[{"href":"https:\/\/www.radiopiu.net\/wordpress\/wp-json\/wp\/v2\/types\/post"}],"author":[{"embeddable":true,"href":"https:\/\/www.radiopiu.net\/wordpress\/wp-json\/wp\/v2\/users\/4"}],"replies":[{"embeddable":true,"href":"https:\/\/www.radiopiu.net\/wordpress\/wp-json\/wp\/v2\/comments?post=165849"}],"version-history":[{"count":0,"href":"https:\/\/www.radiopiu.net\/wordpress\/wp-json\/wp\/v2\/posts\/165849\/revisions"}],"wp:featuredmedia":[{"embeddable":true,"href":"https:\/\/www.radiopiu.net\/wordpress\/wp-json\/wp\/v2\/media\/127853"}],"wp:attachment":[{"href":"https:\/\/www.radiopiu.net\/wordpress\/wp-json\/wp\/v2\/media?parent=165849"}],"wp:term":[{"taxonomy":"category","embeddable":true,"href":"https:\/\/www.radiopiu.net\/wordpress\/wp-json\/wp\/v2\/categories?post=165849"},{"taxonomy":"post_tag","embeddable":true,"href":"https:\/\/www.radiopiu.net\/wordpress\/wp-json\/wp\/v2\/tags?post=165849"}],"curies":[{"name":"wp","href":"https:\/\/api.w.org\/{rel}","templated":true}]}}