{"id":165941,"date":"2020-10-13T05:26:49","date_gmt":"2020-10-13T03:26:49","guid":{"rendered":"https:\/\/www.radiopiu.net\/wordpress\/?p=165941"},"modified":"2020-10-13T06:00:47","modified_gmt":"2020-10-13T04:00:47","slug":"in-un-giorno-58-nuove-positivita-3-nellarea-del-comelico-origine-del-focolaio","status":"publish","type":"post","link":"https:\/\/www.radiopiu.net\/wordpress\/in-un-giorno-58-nuove-positivita-3-nellarea-del-comelico-origine-del-focolaio\/","title":{"rendered":"IN UN GIORNO 58 NUOVE POSITIVITA&#8217;, 3 NELL&#8217;AREA DEL COMELICO ORIGINE DEL FOCOLAIO"},"content":{"rendered":"<p><strong>BELLUNO\u00a0 <\/strong>Nelle ultime 24 ore sono emerse 58 nuove positivit\u00e0, di cui 3 afferenti ai noti comuni di inizio focolaio, 20 relative all\u2019area Cadore- Ampezzano. <strong>Ricoveri <\/strong>Sono ricoverati negli ospedali dell\u2019Ulss Dolomiti 33 soggetti covid positivi in area non critica (28 a Belluno e 5 a Feltre) e 1 in area critica.<\/p>\n<p>&nbsp;<\/p>\n<hr \/>\n<blockquote>\n<h3>Drive-in tamponi di: dal 16 ottobre alla ex Maragoni<\/h3>\n<\/blockquote>\n<p><strong>FELTRE<\/strong> Dal 16 ottobre il drive-in tamponi di Feltre sar\u00e0 operativo tutti i giorni dalle 8.30 alle 12.30 in via delle Industrie \u2013 zona Peschiera nell\u2019area dell\u2019ex fabbrica Maragoni, con accesso libero per bambini, ragazzi e adulti sintomatici del mondo della scuola e rientri dall\u2019estero. Fino al 15 ottobre compreso continuer\u00e0 ad essere attivo il drive in tamponi di Borgo Ruga , 34 \u2013 accesso da via Panoramica.<\/p>\n<p>&nbsp;<\/p>\n<hr \/>\n<p>&nbsp;<\/p>\n<blockquote>\n<h3>Via alla campagna vaccinale drive-in<\/h3>\n<\/blockquote>\n<p><strong>BELLUNO<\/strong> L&#8217;avvio della campagna vaccinale antinfluenzale con le autorit\u00e0 quest&#8217;anno si terr\u00e0 in modalit\u00e0 drive -in,\u00a0 gioved\u00ec\u00a0 alle 15 al drive-in di Sagnogna (Via Meassa)<\/p>\n<p>&nbsp;<\/p>\n<hr \/>\n<p>&nbsp;<\/p>\n","protected":false},"excerpt":{"rendered":"<p>BELLUNO\u00a0 Nelle ultime 24 ore sono emerse 58 nuove positivit\u00e0, di cui 3 afferenti ai noti comuni di inizio focolaio, 20 relative all\u2019area Cadore- Ampezzano. Ricoveri Sono ricoverati negli ospedali dell\u2019Ulss Dolomiti 33 soggetti covid positivi in area non critica (28 a Belluno e 5 a Feltre) e 1 in area critica. &nbsp; Drive-in tamponi&hellip;<\/p>\n","protected":false},"author":4,"featured_media":121260,"comment_status":"closed","ping_status":"closed","sticky":false,"template":"","format":"standard","meta":{"_monsterinsights_skip_tracking":false,"_monsterinsights_sitenote_active":false,"_monsterinsights_sitenote_note":"","_monsterinsights_sitenote_category":0,"footnotes":""},"categories":[51,49],"tags":[],"class_list":["post-165941","post","type-post","status-publish","format-standard","has-post-thumbnail","hentry","category-evidenza-top","category-news-18","category-51","category-49","description-off"],"img_url":"https:\/\/www.radiopiu.net\/wordpress\/wp-content\/uploads\/2020\/03\/covid-ulss.jpg","_links":{"self":[{"href":"https:\/\/www.radiopiu.net\/wordpress\/wp-json\/wp\/v2\/posts\/165941","targetHints":{"allow":["GET"]}}],"collection":[{"href":"https:\/\/www.radiopiu.net\/wordpress\/wp-json\/wp\/v2\/posts"}],"about":[{"href":"https:\/\/www.radiopiu.net\/wordpress\/wp-json\/wp\/v2\/types\/post"}],"author":[{"embeddable":true,"href":"https:\/\/www.radiopiu.net\/wordpress\/wp-json\/wp\/v2\/users\/4"}],"replies":[{"embeddable":true,"href":"https:\/\/www.radiopiu.net\/wordpress\/wp-json\/wp\/v2\/comments?post=165941"}],"version-history":[{"count":0,"href":"https:\/\/www.radiopiu.net\/wordpress\/wp-json\/wp\/v2\/posts\/165941\/revisions"}],"wp:featuredmedia":[{"embeddable":true,"href":"https:\/\/www.radiopiu.net\/wordpress\/wp-json\/wp\/v2\/media\/121260"}],"wp:attachment":[{"href":"https:\/\/www.radiopiu.net\/wordpress\/wp-json\/wp\/v2\/media?parent=165941"}],"wp:term":[{"taxonomy":"category","embeddable":true,"href":"https:\/\/www.radiopiu.net\/wordpress\/wp-json\/wp\/v2\/categories?post=165941"},{"taxonomy":"post_tag","embeddable":true,"href":"https:\/\/www.radiopiu.net\/wordpress\/wp-json\/wp\/v2\/tags?post=165941"}],"curies":[{"name":"wp","href":"https:\/\/api.w.org\/{rel}","templated":true}]}}