{"id":165946,"date":"2020-10-13T05:27:56","date_gmt":"2020-10-13T03:27:56","guid":{"rendered":"https:\/\/www.radiopiu.net\/wordpress\/?p=165946"},"modified":"2020-10-13T05:59:07","modified_gmt":"2020-10-13T03:59:07","slug":"provinciale-della-valle-del-mis-chiude-per-tre-giorni","status":"publish","type":"post","link":"https:\/\/www.radiopiu.net\/wordpress\/provinciale-della-valle-del-mis-chiude-per-tre-giorni\/","title":{"rendered":"PROVINCIALE DELLA VALLE DEL MIS: CHIUDE PER TRE GIORNI"},"content":{"rendered":"<p><strong><img loading=\"lazy\" decoding=\"async\" class=\"alignleft\" src=\"https:\/\/www.radiopiu.net\/wordpress\/wp-content\/uploads\/2019\/08\/controlli-valle-del-mis.jpg\" width=\"183\" height=\"103\" \/>GOSALDO<\/strong> Sar\u00e0 tirata a lucido, asfaltata, la provinciale 2 della Valle del Mis, dalla localit\u00e0 Tiser. Ma giacch\u00e8 per apparire \u00e8 necessario &#8220;soffrire&#8221; sono previsti tre giorni di disagi. Mercoledi, giovedi e venerdi interdizione totale al traffico dalle 8 alle 12.30 e dalle 14 alle 17.30. Sar\u00e0 quindi aperta la notte fin dalle 17.30 e anche nella pausa pranzo per un&#8217;ora e mezza.<\/p>\n","protected":false},"excerpt":{"rendered":"<p>GOSALDO Sar\u00e0 tirata a lucido, asfaltata, la provinciale 2 della Valle del Mis, dalla localit\u00e0 Tiser. Ma giacch\u00e8 per apparire \u00e8 necessario &#8220;soffrire&#8221; sono previsti tre giorni di disagi. Mercoledi, giovedi e venerdi interdizione totale al traffico dalle 8 alle 12.30 e dalle 14 alle 17.30. Sar\u00e0 quindi aperta la notte fin dalle 17.30 e&hellip;<\/p>\n","protected":false},"author":4,"featured_media":96525,"comment_status":"closed","ping_status":"closed","sticky":false,"template":"","format":"standard","meta":{"_monsterinsights_skip_tracking":false,"_monsterinsights_sitenote_active":false,"_monsterinsights_sitenote_note":"","_monsterinsights_sitenote_category":0,"footnotes":""},"categories":[49],"tags":[],"class_list":["post-165946","post","type-post","status-publish","format-standard","has-post-thumbnail","hentry","category-news-18","category-49","description-off"],"img_url":"https:\/\/www.radiopiu.net\/wordpress\/wp-content\/uploads\/2019\/08\/controlli-valle-del-mis.jpg","_links":{"self":[{"href":"https:\/\/www.radiopiu.net\/wordpress\/wp-json\/wp\/v2\/posts\/165946","targetHints":{"allow":["GET"]}}],"collection":[{"href":"https:\/\/www.radiopiu.net\/wordpress\/wp-json\/wp\/v2\/posts"}],"about":[{"href":"https:\/\/www.radiopiu.net\/wordpress\/wp-json\/wp\/v2\/types\/post"}],"author":[{"embeddable":true,"href":"https:\/\/www.radiopiu.net\/wordpress\/wp-json\/wp\/v2\/users\/4"}],"replies":[{"embeddable":true,"href":"https:\/\/www.radiopiu.net\/wordpress\/wp-json\/wp\/v2\/comments?post=165946"}],"version-history":[{"count":0,"href":"https:\/\/www.radiopiu.net\/wordpress\/wp-json\/wp\/v2\/posts\/165946\/revisions"}],"wp:featuredmedia":[{"embeddable":true,"href":"https:\/\/www.radiopiu.net\/wordpress\/wp-json\/wp\/v2\/media\/96525"}],"wp:attachment":[{"href":"https:\/\/www.radiopiu.net\/wordpress\/wp-json\/wp\/v2\/media?parent=165946"}],"wp:term":[{"taxonomy":"category","embeddable":true,"href":"https:\/\/www.radiopiu.net\/wordpress\/wp-json\/wp\/v2\/categories?post=165946"},{"taxonomy":"post_tag","embeddable":true,"href":"https:\/\/www.radiopiu.net\/wordpress\/wp-json\/wp\/v2\/tags?post=165946"}],"curies":[{"name":"wp","href":"https:\/\/api.w.org\/{rel}","templated":true}]}}