{"id":165989,"date":"2020-10-13T05:29:28","date_gmt":"2020-10-13T03:29:28","guid":{"rendered":"https:\/\/www.radiopiu.net\/wordpress\/?p=165989"},"modified":"2020-10-13T05:58:23","modified_gmt":"2020-10-13T03:58:23","slug":"battaglia-tra-cervi-uno-muore-laltro-rimane-impigliato-nel-fil-di-ferro","status":"publish","type":"post","link":"https:\/\/www.radiopiu.net\/wordpress\/battaglia-tra-cervi-uno-muore-laltro-rimane-impigliato-nel-fil-di-ferro\/","title":{"rendered":"BATTAGLIA TRA CERVI, UNO MUORE L&#8217;ALTRO RIMANE IMPIGLIATO NEL FIL DI FERRO"},"content":{"rendered":"<p><strong><a class=\"dt-pswp-item\" href=\"https:\/\/www.radiopiu.net\/wordpress\/wp-content\/uploads\/2020\/10\/7738c92d-cbce-43f5-bb57-b2684f0da504.jpg\" data-dt-img-description=\"\" data-large_image_width=\"1440\" data-large_image_height=\"720\"><img loading=\"lazy\" decoding=\"async\" class=\" wp-image-165990 alignleft\" src=\"https:\/\/www.radiopiu.net\/wordpress\/wp-content\/uploads\/2020\/10\/7738c92d-cbce-43f5-bb57-b2684f0da504-300x150.jpg\" alt=\"\" width=\"234\" height=\"117\" srcset=\"https:\/\/www.radiopiu.net\/wordpress\/wp-content\/uploads\/2020\/10\/7738c92d-cbce-43f5-bb57-b2684f0da504-300x150.jpg 300w, https:\/\/www.radiopiu.net\/wordpress\/wp-content\/uploads\/2020\/10\/7738c92d-cbce-43f5-bb57-b2684f0da504-1024x512.jpg 1024w, https:\/\/www.radiopiu.net\/wordpress\/wp-content\/uploads\/2020\/10\/7738c92d-cbce-43f5-bb57-b2684f0da504-768x384.jpg 768w, https:\/\/www.radiopiu.net\/wordpress\/wp-content\/uploads\/2020\/10\/7738c92d-cbce-43f5-bb57-b2684f0da504.jpg 1440w\" sizes=\"auto, (max-width: 234px) 100vw, 234px\" \/><\/a>GOSALDO<\/strong> Due cervi si prendono a cornate in un prato nei pressi del paese, appezzamento di terreno in passato usato per il pascolo di animali. Nella battaglia i due\u00a0 non fanno i conti con una recinzione in filo di ferro\u00a0 nemmeno tanto alta, ma che diventa la trappola mortale per uno dei due. Quando arrivano le guardie provinciali e il veterinario la battaglia \u00e8 conclusa e anche il tentativo di infilare la via di fuga, un cervo, il pi\u00f9 debole \u00e8 ormai privo di vita, anche l&#8217;altro \u00e8 prigioniero della recinzione ma deciso a &#8220;lottare&#8221; per riconquistare la libert\u00e0. Solo l&#8217;intervento dell&#8217;uomo riesce a risolvere una situazione drammatica,\u00a0 l&#8217;animale sedato \u00e8 stato liberato nei boschi sopra Renon di Gosaldo dove si sono svolti i fatti.<\/p>\n<p>Nel breve video &#8220;spezza cuore&#8221; il tentativo del cervo di liberarsi, forse di portare con se l&#8217;altro cervo.<\/p>\n<div style=\"width: 720px;\" class=\"wp-video\"><video class=\"wp-video-shortcode\" id=\"video-165989-1\" width=\"720\" height=\"1280\" preload=\"metadata\" controls=\"controls\"><source type=\"video\/mp4\" src=\"https:\/\/www.radiopiu.net\/wordpress\/wp-content\/uploads\/2020\/10\/WhatsApp-Video-2020-10-12-at-21.50.11-1.mp4?_=1\" \/><a href=\"https:\/\/www.radiopiu.net\/wordpress\/wp-content\/uploads\/2020\/10\/WhatsApp-Video-2020-10-12-at-21.50.11-1.mp4\">https:\/\/www.radiopiu.net\/wordpress\/wp-content\/uploads\/2020\/10\/WhatsApp-Video-2020-10-12-at-21.50.11-1.mp4<\/a><\/video><\/div>\n<p>&nbsp;<\/p>\n<p>&nbsp;<\/p>\n<p>&nbsp;<\/p>\n","protected":false},"excerpt":{"rendered":"<p>GOSALDO Due cervi si prendono a cornate in un prato nei pressi del paese, appezzamento di terreno in passato usato per il pascolo di animali. Nella battaglia i due\u00a0 non fanno i conti con una recinzione in filo di ferro\u00a0 nemmeno tanto alta, ma che diventa la trappola mortale per uno dei due. Quando arrivano&hellip;<\/p>\n","protected":false},"author":4,"featured_media":165990,"comment_status":"closed","ping_status":"closed","sticky":false,"template":"","format":"standard","meta":{"_monsterinsights_skip_tracking":false,"_monsterinsights_sitenote_active":false,"_monsterinsights_sitenote_note":"","_monsterinsights_sitenote_category":0,"footnotes":""},"categories":[51,49],"tags":[],"class_list":["post-165989","post","type-post","status-publish","format-standard","has-post-thumbnail","hentry","category-evidenza-top","category-news-18","category-51","category-49","description-off"],"img_url":"https:\/\/www.radiopiu.net\/wordpress\/wp-content\/uploads\/2020\/10\/7738c92d-cbce-43f5-bb57-b2684f0da504.jpg","_links":{"self":[{"href":"https:\/\/www.radiopiu.net\/wordpress\/wp-json\/wp\/v2\/posts\/165989","targetHints":{"allow":["GET"]}}],"collection":[{"href":"https:\/\/www.radiopiu.net\/wordpress\/wp-json\/wp\/v2\/posts"}],"about":[{"href":"https:\/\/www.radiopiu.net\/wordpress\/wp-json\/wp\/v2\/types\/post"}],"author":[{"embeddable":true,"href":"https:\/\/www.radiopiu.net\/wordpress\/wp-json\/wp\/v2\/users\/4"}],"replies":[{"embeddable":true,"href":"https:\/\/www.radiopiu.net\/wordpress\/wp-json\/wp\/v2\/comments?post=165989"}],"version-history":[{"count":0,"href":"https:\/\/www.radiopiu.net\/wordpress\/wp-json\/wp\/v2\/posts\/165989\/revisions"}],"wp:featuredmedia":[{"embeddable":true,"href":"https:\/\/www.radiopiu.net\/wordpress\/wp-json\/wp\/v2\/media\/165990"}],"wp:attachment":[{"href":"https:\/\/www.radiopiu.net\/wordpress\/wp-json\/wp\/v2\/media?parent=165989"}],"wp:term":[{"taxonomy":"category","embeddable":true,"href":"https:\/\/www.radiopiu.net\/wordpress\/wp-json\/wp\/v2\/categories?post=165989"},{"taxonomy":"post_tag","embeddable":true,"href":"https:\/\/www.radiopiu.net\/wordpress\/wp-json\/wp\/v2\/tags?post=165989"}],"curies":[{"name":"wp","href":"https:\/\/api.w.org\/{rel}","templated":true}]}}