{"id":165995,"date":"2020-10-14T16:05:33","date_gmt":"2020-10-14T14:05:33","guid":{"rendered":"https:\/\/www.radiopiu.net\/wordpress\/?p=165995"},"modified":"2020-10-14T16:05:11","modified_gmt":"2020-10-14T14:05:11","slug":"giornale-radiopiu-14-ottobre-2020-direttore-mirko-mezzacasa","status":"publish","type":"post","link":"https:\/\/www.radiopiu.net\/wordpress\/giornale-radiopiu-14-ottobre-2020-direttore-mirko-mezzacasa\/","title":{"rendered":"GIORNALE RADIOPIU 14 OTTOBRE 2020 DIRETTORE MIRKO MEZZACASA"},"content":{"rendered":"<h3><strong>PER RICEVERE QUESTO NOTIZIARIO DIRETTAMENTE SUL TUO CELLULARE ISCRIVITI AL CANALE TELEGRAM <\/strong><strong>\u201cRADIO PIU\u00a0 INFORMAZIONE&#8221;<\/strong><\/h3>\n<p><em>ATTENZIONE: LA NUOVA APP PER IOS-IPHONE<\/em><\/p>\n<div>\n<div><a href=\"https:\/\/apps.apple.com\/it\/app\/radio-pi%C3%B9-emittente-agordina\/id1515939845\">https:\/\/apps.apple.com\/it\/app\/radio-pi%C3%B9-emittente-agordina\/id1515939845<\/a><\/div>\n<\/div>\n<div><\/div>\n<div>\n<div dir=\"auto\"><em>ATTENZIONE: LA NUOVA APP RADIO\u00a0 PER ANDROID<\/em><\/div>\n<\/div>\n<p><a href=\"https:\/\/play.google.com\/store\/apps\/details?id=net.radiopiu.iniko\" target=\"_blank\" rel=\"noopener noreferrer\">https:\/\/play.google.com\/store\/apps\/details?id=net.radiopiu.iniko<\/a><\/p>\n<p>&nbsp;<\/p>\n<p>&nbsp;<\/p>\n<hr \/>\n<p>&nbsp;<\/p>\n<p>&nbsp;<\/p>\n<blockquote>\n<h3>CADE DALL&#8217;IMPALCATURA, GUARIRA&#8217; IN 10 GIORNI<\/h3>\n<\/blockquote>\n<p><strong><img loading=\"lazy\" decoding=\"async\" class=\"alignleft\" src=\"https:\/\/www.radiopiu.net\/wordpress\/wp-content\/uploads\/2020\/10\/download-8.jpg\" width=\"141\" height=\"95\" \/>BELLUNO<\/strong> Il Suem 118, i\u00a0 Carabinieri di Belluno e personale dello Spisal nel pomeriggio in Piazza Martiri per prestare soccorso ad un uomo di 35 anni caduto da un&#8217;impalcatura nel cantiere aperto presso ex Banca d&#8217;Italia. L&#8217;uomo ha riportato lesioni guaribili in una decina di giorni. E&#8217; il secondo incidente simile in poche ore che si verifica nei cantieri di lavoro, domenica stessa sorte per un uomo impegnato alla Costan di Limana, anche lui caduto da oltre un metro di altezza.<\/p>\n<p>&nbsp;<\/p>\n<p>&nbsp;<\/p>\n<hr \/>\n<blockquote>\n<h3><\/h3>\n<h3>FURTI A SANTA GIUSTINA<\/h3>\n<\/blockquote>\n<p>&nbsp;<\/p>\n<p><strong><img loading=\"lazy\" decoding=\"async\" class=\"alignleft\" src=\"https:\/\/www.radiopiu.net\/wordpress\/wp-content\/uploads\/2018\/03\/220px-Municipio_Santa_Giustina.jpg\" width=\"163\" height=\"122\" \/>SANTA GIUSTINA<\/strong> Ancora furti in Valbelluna, visitate altre due abitazioni in via Cal del Vento dove ignoti hanno studiato le abitudini famigliari, hanno atteso che le case fossero vuote e hanno agito con la solita effrazione di infissi. In un appartamento hanno messo le mani su monili in oro (500 euro) e nell&#8217;altro appartamento la visita illegate ha fruttato almeno 2000 euro. Sul posto per le indagini di Carabinieri che hanno ascoltato i proprietari delle abitazioni e messo a verbale le rispettive denunce<\/p>\n<p>&nbsp;<\/p>\n<hr \/>\n<p>&nbsp;<\/p>\n<blockquote>\n<h3>L&#8217;ESCAVATORE S&#8217;INABISSA NEL LAGO DI ALLEGHE<\/h3>\n<\/blockquote>\n<p><em><a class=\"dt-pswp-item\" href=\"https:\/\/www.radiopiu.net\/wordpress\/wp-content\/uploads\/2020\/10\/135eca9d-b823-4711-a4d4-62a7480aaa32.jpg\" data-dt-img-description=\"\" data-large_image_width=\"2000\" data-large_image_height=\"1500\"><img loading=\"lazy\" decoding=\"async\" class=\"size-medium wp-image-166241 alignleft\" src=\"https:\/\/www.radiopiu.net\/wordpress\/wp-content\/uploads\/2020\/10\/135eca9d-b823-4711-a4d4-62a7480aaa32-300x225.jpg\" alt=\"\" width=\"300\" height=\"225\" srcset=\"https:\/\/www.radiopiu.net\/wordpress\/wp-content\/uploads\/2020\/10\/135eca9d-b823-4711-a4d4-62a7480aaa32-300x225.jpg 300w, https:\/\/www.radiopiu.net\/wordpress\/wp-content\/uploads\/2020\/10\/135eca9d-b823-4711-a4d4-62a7480aaa32-1024x768.jpg 1024w, https:\/\/www.radiopiu.net\/wordpress\/wp-content\/uploads\/2020\/10\/135eca9d-b823-4711-a4d4-62a7480aaa32-768x576.jpg 768w, https:\/\/www.radiopiu.net\/wordpress\/wp-content\/uploads\/2020\/10\/135eca9d-b823-4711-a4d4-62a7480aaa32-1536x1152.jpg 1536w, https:\/\/www.radiopiu.net\/wordpress\/wp-content\/uploads\/2020\/10\/135eca9d-b823-4711-a4d4-62a7480aaa32.jpg 2000w\" sizes=\"auto, (max-width: 300px) 100vw, 300px\" \/><\/a>L&#8217;operatore in salvo mentre il mezzo si inabissa, salvato dal collega, &#8220;Nessuno si \u00e8 fatto male&#8221;\u00a0ricorda il direttore dei lavori Felice Gaiardo.<\/em><\/p>\n<p><strong>ALLEGHE<\/strong> Incidente di percorso nel cantiere sul lago di Alleghe, lentamente un escavatore si \u00e8 inabissato, le operazioni di recupero sono proseguite fino a tarda sera, anche con il buio pesto. \u00a0Ore 20.42.\u00a0 Dal centro del lago di\u00a0 Alleghe la bella notizia: l&#8217;escavatore \u00e8 stato rimosso dopo oltre 4 ore di lavoro. Nessuno si \u00e8 fatto male e nessun danno. Soddisfatto dell&#8217;operazione il direttore dei lavori Felice Gaiardo.<em> &#8220;Purtroppo &#8211; dice &#8211; un inghippo non indifferente, nel giro di pochi secondi l&#8217;escavatore \u00e8 stato risucchiato dalla ghiaia in seguito ad uno spostamento\u00a0 dell&#8217;escavatore rispetto alla sede stradale realizzata in mezzo al lago. E&#8217; stato un attimo ma per fortuna tutto si \u00e8 risolto al meglio&#8221;.\u00a0<\/em>Complimenti agli escavatoristi, per quattro ore hanno continuato a lavorare senza sosta anche nel buio pesto, ci hanno sempre creduto, non hanno mai mollato fino alla risoluzione del problema.<\/p>\n<p>IL DIRETTORE DEI LAVORI FELICE GAIARDO<\/p>\n<audio class=\"wp-audio-shortcode\" id=\"audio-165995-1\" preload=\"none\" style=\"width: 100%;\" controls=\"controls\"><source type=\"audio\/mpeg\" src=\"https:\/\/www.radiopiu.net\/wordpress\/wp-content\/uploads\/2020\/10\/FELICE.mp3?_=1\" \/><a href=\"https:\/\/www.radiopiu.net\/wordpress\/wp-content\/uploads\/2020\/10\/FELICE.mp3\">https:\/\/www.radiopiu.net\/wordpress\/wp-content\/uploads\/2020\/10\/FELICE.mp3<\/a><\/audio>\n<p>&nbsp;<\/p>\n\n\t\t\t<style type='text\/css'>\n\t\t\t\t#gallery-1 {\n\t\t\t\t\tmargin: auto;\n\t\t\t\t}\n\t\t\t\t#gallery-1 .gallery-item {\n\t\t\t\t\tfloat: left;\n\t\t\t\t\tmargin-top: 10px;\n\t\t\t\t\ttext-align: center;\n\t\t\t\t\twidth: 25%;\n\t\t\t\t}\n\t\t\t\t#gallery-1 img {\n\t\t\t\t\tborder: 2px solid #cfcfcf;\n\t\t\t\t}\n\t\t\t\t#gallery-1 .gallery-caption {\n\t\t\t\t\tmargin-left: 0;\n\t\t\t\t}\n\t\t\t\t\/* see gallery_shortcode() in wp-includes\/media.php *\/\n\t\t\t<\/style>\n\t\t<div id='gallery-1' class='dt-gallery-container gallery galleryid-165995 gallery-columns-4 gallery-size-thumbnail'><dl class='gallery-item'>\n\t\t\t\t<dt class='gallery-icon landscape'>\n\t\t\t\t\t<a class=\"rollover rollover-zoom dt-pswp-item\" title=\"WhatsApp Image 2020-10-13 at 16.23.11\" data-dt-img-description=\"\" data-large_image_width=\"2000\" data-large_image_height=\"1500\"href='https:\/\/www.radiopiu.net\/wordpress\/wp-content\/uploads\/2020\/10\/WhatsApp-Image-2020-10-13-at-16.23.11.jpeg'><img loading=\"lazy\" decoding=\"async\" width=\"150\" height=\"150\" src=\"https:\/\/www.radiopiu.net\/wordpress\/wp-content\/uploads\/2020\/10\/WhatsApp-Image-2020-10-13-at-16.23.11-150x150.jpeg\" class=\"attachment-thumbnail size-thumbnail\" alt=\"\" \/><\/a>\n\t\t\t\t<\/dt><\/dl><dl class='gallery-item'>\n\t\t\t\t<dt class='gallery-icon portrait'>\n\t\t\t\t\t<a class=\"rollover rollover-zoom dt-pswp-item\" title=\"cd092514-4eb5-432f-abac-c7ecf635ea07\" data-dt-img-description=\"\" data-large_image_width=\"768\" data-large_image_height=\"1024\"href='https:\/\/www.radiopiu.net\/wordpress\/wp-content\/uploads\/2020\/10\/cd092514-4eb5-432f-abac-c7ecf635ea07.jpg'><img loading=\"lazy\" decoding=\"async\" width=\"150\" height=\"150\" src=\"https:\/\/www.radiopiu.net\/wordpress\/wp-content\/uploads\/2020\/10\/cd092514-4eb5-432f-abac-c7ecf635ea07-150x150.jpg\" class=\"attachment-thumbnail size-thumbnail\" alt=\"\" \/><\/a>\n\t\t\t\t<\/dt><\/dl><dl class='gallery-item'>\n\t\t\t\t<dt class='gallery-icon landscape'>\n\t\t\t\t\t<a class=\"rollover rollover-zoom dt-pswp-item\" title=\"3e2cfeaf-52f7-4c80-ae89-a7abbf780626\" data-dt-img-description=\"\" data-large_image_width=\"2000\" data-large_image_height=\"1500\"href='https:\/\/www.radiopiu.net\/wordpress\/wp-content\/uploads\/2020\/10\/3e2cfeaf-52f7-4c80-ae89-a7abbf780626.jpg'><img loading=\"lazy\" decoding=\"async\" width=\"150\" height=\"150\" src=\"https:\/\/www.radiopiu.net\/wordpress\/wp-content\/uploads\/2020\/10\/3e2cfeaf-52f7-4c80-ae89-a7abbf780626-150x150.jpg\" class=\"attachment-thumbnail size-thumbnail\" alt=\"\" \/><\/a>\n\t\t\t\t<\/dt><\/dl><dl class='gallery-item'>\n\t\t\t\t<dt class='gallery-icon landscape'>\n\t\t\t\t\t<a class=\"rollover rollover-zoom dt-pswp-item\" title=\"WhatsApp Image 2020-10-13 at 16.40.38\" data-dt-img-description=\"\" data-large_image_width=\"2000\" data-large_image_height=\"1500\"href='https:\/\/www.radiopiu.net\/wordpress\/wp-content\/uploads\/2020\/10\/WhatsApp-Image-2020-10-13-at-16.40.38.jpeg'><img loading=\"lazy\" decoding=\"async\" width=\"150\" height=\"150\" src=\"https:\/\/www.radiopiu.net\/wordpress\/wp-content\/uploads\/2020\/10\/WhatsApp-Image-2020-10-13-at-16.40.38-150x150.jpeg\" class=\"attachment-thumbnail size-thumbnail\" alt=\"\" \/><\/a>\n\t\t\t\t<\/dt><\/dl><br style=\"clear: both\" \/>\n\t\t\t<\/div>\n\n<div style=\"width: 640px;\" class=\"wp-video\"><video class=\"wp-video-shortcode\" id=\"video-165995-1\" width=\"640\" height=\"352\" preload=\"metadata\" controls=\"controls\"><source type=\"video\/mp4\" src=\"https:\/\/www.radiopiu.net\/wordpress\/wp-content\/uploads\/2020\/10\/WhatsApp-Video-2020-10-13-at-16.43.08.mp4?_=1\" \/><a href=\"https:\/\/www.radiopiu.net\/wordpress\/wp-content\/uploads\/2020\/10\/WhatsApp-Video-2020-10-13-at-16.43.08.mp4\">https:\/\/www.radiopiu.net\/wordpress\/wp-content\/uploads\/2020\/10\/WhatsApp-Video-2020-10-13-at-16.43.08.mp4<\/a><\/video><\/div>\n<p>&nbsp;<\/p>\n<p>&nbsp;<\/p>\n<hr \/>\n<p>&nbsp;<\/p>\n<p>&nbsp;<\/p>\n<blockquote>\n<h3>LA MATTANZA, ALTRI DUE CERVI STESI E GRAVI DANNI AI MEZZI<\/h3>\n<\/blockquote>\n<p><strong><a class=\"dt-pswp-item\" href=\"https:\/\/www.radiopiu.net\/wordpress\/wp-content\/uploads\/2020\/10\/incidenti-con-i-cervi-coldiretti-protesta-ormai-la-situazione-e-fuor_bb48c948-0b02-11ea-9623-d8142b142db5_900_512.jpg\" data-dt-img-description=\"\" data-large_image_width=\"900\" data-large_image_height=\"512\"><img loading=\"lazy\" decoding=\"async\" class=\" wp-image-166226 alignleft\" src=\"https:\/\/www.radiopiu.net\/wordpress\/wp-content\/uploads\/2020\/10\/incidenti-con-i-cervi-coldiretti-protesta-ormai-la-situazione-e-fuor_bb48c948-0b02-11ea-9623-d8142b142db5_900_512-300x171.jpg\" alt=\"\" width=\"165\" height=\"94\" srcset=\"https:\/\/www.radiopiu.net\/wordpress\/wp-content\/uploads\/2020\/10\/incidenti-con-i-cervi-coldiretti-protesta-ormai-la-situazione-e-fuor_bb48c948-0b02-11ea-9623-d8142b142db5_900_512-300x171.jpg 300w, https:\/\/www.radiopiu.net\/wordpress\/wp-content\/uploads\/2020\/10\/incidenti-con-i-cervi-coldiretti-protesta-ormai-la-situazione-e-fuor_bb48c948-0b02-11ea-9623-d8142b142db5_900_512-768x437.jpg 768w, https:\/\/www.radiopiu.net\/wordpress\/wp-content\/uploads\/2020\/10\/incidenti-con-i-cervi-coldiretti-protesta-ormai-la-situazione-e-fuor_bb48c948-0b02-11ea-9623-d8142b142db5_900_512.jpg 900w\" sizes=\"auto, (max-width: 165px) 100vw, 165px\" \/><\/a>EMERGENZA CERVI:<\/strong> Anche ieri sera all&#8217;imbrunire due cervi investiti, a Celat di Vallada Agordina, in prossimit\u00e0 dell&#8217;lAlbergo Val Biois e a Candaten (Sedico) in prossimit\u00e0 del rettilineo. Come la scorsa settimana in due punti critici della viabilit\u00e0 provinciale. A quando soluzioni concrete? Evidentemente i sistemi adottati fino ad ora non risolvono il problema. Una soluzione concreta,\u00a0 la chiede il cittadino, quotidianamente a rischio.<\/p>\n<p>&nbsp;<\/p>\n<p><strong>ARCHIVIO RADIOPIU<\/strong><\/p>\n\n\t\t\t<style type='text\/css'>\n\t\t\t\t#gallery-2 {\n\t\t\t\t\tmargin: auto;\n\t\t\t\t}\n\t\t\t\t#gallery-2 .gallery-item {\n\t\t\t\t\tfloat: left;\n\t\t\t\t\tmargin-top: 10px;\n\t\t\t\t\ttext-align: center;\n\t\t\t\t\twidth: 25%;\n\t\t\t\t}\n\t\t\t\t#gallery-2 img {\n\t\t\t\t\tborder: 2px solid #cfcfcf;\n\t\t\t\t}\n\t\t\t\t#gallery-2 .gallery-caption {\n\t\t\t\t\tmargin-left: 0;\n\t\t\t\t}\n\t\t\t\t\/* see gallery_shortcode() in wp-includes\/media.php *\/\n\t\t\t<\/style>\n\t\t<div id='gallery-2' class='dt-gallery-container gallery galleryid-165995 gallery-columns-4 gallery-size-thumbnail'><dl class='gallery-item'>\n\t\t\t\t<dt class='gallery-icon landscape'>\n\t\t\t\t\t<a class=\"rollover rollover-zoom dt-pswp-item\" title=\"771db5d5-8c6f-47a7-88c1-b690a1a1f297\" data-dt-img-description=\"\" data-large_image_width=\"1600\" data-large_image_height=\"1200\"href='https:\/\/www.radiopiu.net\/wordpress\/wp-content\/uploads\/2020\/10\/771db5d5-8c6f-47a7-88c1-b690a1a1f297.jpg'><img loading=\"lazy\" decoding=\"async\" width=\"150\" height=\"150\" src=\"https:\/\/www.radiopiu.net\/wordpress\/wp-content\/uploads\/2020\/10\/771db5d5-8c6f-47a7-88c1-b690a1a1f297-150x150.jpg\" class=\"attachment-thumbnail size-thumbnail\" alt=\"\" \/><\/a>\n\t\t\t\t<\/dt><\/dl><dl class='gallery-item'>\n\t\t\t\t<dt class='gallery-icon landscape'>\n\t\t\t\t\t<a class=\"rollover rollover-zoom dt-pswp-item\" title=\"19ef2d51-63df-493b-9e36-a9de35cb06a4\" data-dt-img-description=\"\" data-large_image_width=\"1600\" data-large_image_height=\"1200\"href='https:\/\/www.radiopiu.net\/wordpress\/wp-content\/uploads\/2020\/10\/19ef2d51-63df-493b-9e36-a9de35cb06a4.jpg'><img loading=\"lazy\" decoding=\"async\" width=\"150\" height=\"150\" src=\"https:\/\/www.radiopiu.net\/wordpress\/wp-content\/uploads\/2020\/10\/19ef2d51-63df-493b-9e36-a9de35cb06a4-150x150.jpg\" class=\"attachment-thumbnail size-thumbnail\" alt=\"\" \/><\/a>\n\t\t\t\t<\/dt><\/dl><dl class='gallery-item'>\n\t\t\t\t<dt class='gallery-icon landscape'>\n\t\t\t\t\t<a class=\"rollover rollover-zoom dt-pswp-item\" title=\"incidenti-con-i-cervi-coldiretti-protesta-ormai-la-situazione-e-fuor_bb48c948-0b02-11ea-9623-d8142b142db5_900_512\" data-dt-img-description=\"\" data-large_image_width=\"900\" data-large_image_height=\"512\"href='https:\/\/www.radiopiu.net\/wordpress\/wp-content\/uploads\/2020\/10\/incidenti-con-i-cervi-coldiretti-protesta-ormai-la-situazione-e-fuor_bb48c948-0b02-11ea-9623-d8142b142db5_900_512.jpg'><img loading=\"lazy\" decoding=\"async\" width=\"150\" height=\"150\" src=\"https:\/\/www.radiopiu.net\/wordpress\/wp-content\/uploads\/2020\/10\/incidenti-con-i-cervi-coldiretti-protesta-ormai-la-situazione-e-fuor_bb48c948-0b02-11ea-9623-d8142b142db5_900_512-150x150.jpg\" class=\"attachment-thumbnail size-thumbnail\" alt=\"\" \/><\/a>\n\t\t\t\t<\/dt><\/dl><dl class='gallery-item'>\n\t\t\t\t<dt class='gallery-icon landscape'>\n\t\t\t\t\t<a class=\"rollover rollover-zoom dt-pswp-item\" title=\"03400881-aea3-4c2a-b3e6-41488911d232\" data-dt-img-description=\"\" data-large_image_width=\"1600\" data-large_image_height=\"1200\"href='https:\/\/www.radiopiu.net\/wordpress\/wp-content\/uploads\/2020\/10\/03400881-aea3-4c2a-b3e6-41488911d232.jpg'><img loading=\"lazy\" decoding=\"async\" width=\"150\" height=\"150\" src=\"https:\/\/www.radiopiu.net\/wordpress\/wp-content\/uploads\/2020\/10\/03400881-aea3-4c2a-b3e6-41488911d232-150x150.jpg\" class=\"attachment-thumbnail size-thumbnail\" alt=\"\" \/><\/a>\n\t\t\t\t<\/dt><\/dl><br style=\"clear: both\" \/>\n\t\t\t<\/div>\n\n<p>&nbsp;<\/p>\n<p>&nbsp;<\/p>\n<hr \/>\n<blockquote>\n<h3><\/h3>\n<h3>LUPUS IN FABULA ED E&#8217; STRAGE<\/h3>\n<\/blockquote>\n<p><strong><a class=\"dt-pswp-item\" href=\"https:\/\/www.radiopiu.net\/wordpress\/wp-content\/uploads\/2020\/05\/LUPO.jpg\" data-dt-img-description=\"\" data-large_image_width=\"1920\" data-large_image_height=\"1271\"><img loading=\"lazy\" decoding=\"async\" class=\" wp-image-137939 alignleft\" src=\"https:\/\/www.radiopiu.net\/wordpress\/wp-content\/uploads\/2020\/05\/LUPO-300x199.jpg\" alt=\"\" width=\"191\" height=\"127\" srcset=\"https:\/\/www.radiopiu.net\/wordpress\/wp-content\/uploads\/2020\/05\/LUPO-300x199.jpg 300w, https:\/\/www.radiopiu.net\/wordpress\/wp-content\/uploads\/2020\/05\/LUPO-1024x678.jpg 1024w, https:\/\/www.radiopiu.net\/wordpress\/wp-content\/uploads\/2020\/05\/LUPO-768x508.jpg 768w, https:\/\/www.radiopiu.net\/wordpress\/wp-content\/uploads\/2020\/05\/LUPO-1536x1017.jpg 1536w, https:\/\/www.radiopiu.net\/wordpress\/wp-content\/uploads\/2020\/05\/LUPO.jpg 1920w\" sizes=\"auto, (max-width: 191px) 100vw, 191px\" \/><\/a>ALPAGO<\/strong> Lupo, animale intelligente, davanti al recinto elettrificato scava un tunnel s&#8217;infila, entra tra le pecore e si sfama. E&#8217; successo di nuovo, di nuovo in Alpago all&#8217;azienda di Alex Gava nei pressi di Malga Valmenera. I danni: 15 pecore e agnelli sbranati o gravemente feriti. Evidentemente non un lupo, ma un branco.<\/p>\n<p><strong>FELTRE<\/strong> Nel radi notturno sbranati un asino e tre pecore a Fa\u00e8 di Zermen nell&#8217;allevamento amatoriale di Luca Fontanive. Anche in questo caso il recinto elettrificato \u00e8 stato superato dal predatore, quello specializzato nel salto in alto. Pare che in questo caso ad agire sia stato un lupo soltanto, istruito ed affamato.<\/p>\n<p><strong>BORGO VALBELLUNA \u00a0<\/strong>Tre daini e cinque pecore sbranati dal branco nella fattoria didattica di Walter Bernardi, a Villa di Villa. <em>\u00abPossiamo dirlo? Stanno vincendo i lupi\u00bb<\/em> \u00e8 il primo commento (sul Corriere delle Alpi)\u00a0 di Bernardi, che di professione fa l&#8217;insegnante, ma che ha una grandissima passione per gli animali: ben 35 nella sua fattoria, tra cui alcuni lama. \u00c8 la prima volta del lupo in &#8220;casa&#8221; Bernardi.<\/p>\n<hr \/>\n<p>&nbsp;<\/p>\n<h3 style=\"text-align: center;\">CONCA AGORDINA, EMERGENZA FURTI. CARABINIERI AL LAVORO<\/h3>\n<p><strong><a class=\"dt-pswp-item\" href=\"https:\/\/www.radiopiu.net\/wordpress\/wp-content\/uploads\/2020\/10\/d44981a2-2a96-4a8b-9956-414d946c8b6c.jpg\" data-dt-img-description=\"\" data-large_image_width=\"1599\" data-large_image_height=\"799\"><img loading=\"lazy\" decoding=\"async\" class=\"size-medium wp-image-165893 alignleft\" src=\"https:\/\/www.radiopiu.net\/wordpress\/wp-content\/uploads\/2020\/10\/d44981a2-2a96-4a8b-9956-414d946c8b6c-300x150.jpg\" alt=\"\" width=\"300\" height=\"150\" srcset=\"https:\/\/www.radiopiu.net\/wordpress\/wp-content\/uploads\/2020\/10\/d44981a2-2a96-4a8b-9956-414d946c8b6c-300x150.jpg 300w, https:\/\/www.radiopiu.net\/wordpress\/wp-content\/uploads\/2020\/10\/d44981a2-2a96-4a8b-9956-414d946c8b6c-1024x512.jpg 1024w, https:\/\/www.radiopiu.net\/wordpress\/wp-content\/uploads\/2020\/10\/d44981a2-2a96-4a8b-9956-414d946c8b6c-768x384.jpg 768w, https:\/\/www.radiopiu.net\/wordpress\/wp-content\/uploads\/2020\/10\/d44981a2-2a96-4a8b-9956-414d946c8b6c-1536x768.jpg 1536w, https:\/\/www.radiopiu.net\/wordpress\/wp-content\/uploads\/2020\/10\/d44981a2-2a96-4a8b-9956-414d946c8b6c.jpg 1599w\" sizes=\"auto, (max-width: 300px) 100vw, 300px\" \/><\/a>AGORDO<\/strong> Non si segnalano altri furti oltre a quello del fine settimana sul Col di Foglia dove \u00e8 stata visitata un&#8217;abitazione in assenza dei proprietari.\u00a0 Piuttosto l&#8217;altra notte il furbo di turno, incastrato dalle telecamere di sorveglianza, ha preso in &#8220;prestito&#8221; un&#8217;auto senza permesso per spostarsi fino ad Alleghe. Dopo la denuncia il mezzo \u00e8 stato ritrovato dai Carabinieri senza danni.<\/p>\n<p><strong>TAIBON<\/strong>\u00a0 I Carabinieri stanno inoltre centellinano i fotogrammi delle telecamere di sorveglianza messi a disposizione dal Comune che in questi anni ha investito sulla sicurezza disseminando il &#8220;grande fratello&#8221; sul territorio, dalle entrate in paese in prossimit\u00e0 della 203 agordina e fino alle varie frazioni, anche in Valle di San Lucano devastata dall&#8217;uragano Vaia. L&#8217;ultimo episodio, il furto alle scuole elementari che ha fruttato un bottino di 4 computer e 125 euro in contanti \u00e8 considerata la prova del nove- per l&#8217;impianto di video sorveglianza- , anche perch\u00e9 nella notte il traffico in paese non \u00e8 certo quello di una citt\u00e0 metropolitana. <em>&#8220;Un gesto inqualificabile che ha creato traumi ai bambini, un reato odioso e volgare&#8221;<\/em> dice il sindaco di Taibon Silvia Tormen <em>&#8220;Auspico che l&#8217;autore o gli autori vengano presto individuati&#8221;.<\/em> A Taibon un altro gesto censurabile risale alla scorsa estate con il furto negli spogliatoi-magazzini del gruppo sportivo al campo di calcio, in questo caso la bravata era stata opportunamente punita.<\/p>\n<p>&nbsp;<\/p>\n<hr \/>\n<p><strong><span style=\"color: #ff0000;\">FONDI DI CONFINE<\/span><\/strong><\/p>\n<blockquote>\n<h3>SE NON ARRIVANO I SOLDI ADDIO AL BACINO PER FORCELLA AURINE<\/h3>\n<\/blockquote>\n<p><strong><a class=\"dt-pswp-item\" href=\"https:\/\/www.radiopiu.net\/wordpress\/wp-content\/uploads\/2020\/06\/forcella-aurine.jpg\" data-dt-img-description=\"\" data-large_image_width=\"960\" data-large_image_height=\"282\"><img loading=\"lazy\" decoding=\"async\" class=\"size-medium wp-image-144809 alignleft\" src=\"https:\/\/www.radiopiu.net\/wordpress\/wp-content\/uploads\/2020\/06\/forcella-aurine-300x88.jpg\" alt=\"\" width=\"300\" height=\"88\" srcset=\"https:\/\/www.radiopiu.net\/wordpress\/wp-content\/uploads\/2020\/06\/forcella-aurine-300x88.jpg 300w, https:\/\/www.radiopiu.net\/wordpress\/wp-content\/uploads\/2020\/06\/forcella-aurine-768x226.jpg 768w, https:\/\/www.radiopiu.net\/wordpress\/wp-content\/uploads\/2020\/06\/forcella-aurine.jpg 960w\" sizes=\"auto, (max-width: 300px) 100vw, 300px\" \/><\/a>GOSALDO<\/strong><\/p>\n<p><strong>DI GIANNI SANTOMASO<\/strong><\/p>\n<audio class=\"wp-audio-shortcode\" id=\"audio-165995-2\" preload=\"none\" style=\"width: 100%;\" controls=\"controls\"><source type=\"audio\/mpeg\" src=\"https:\/\/www.radiopiu.net\/wordpress\/wp-content\/uploads\/2020\/10\/GIANNI.mp3?_=2\" \/><a href=\"https:\/\/www.radiopiu.net\/wordpress\/wp-content\/uploads\/2020\/10\/GIANNI.mp3\">https:\/\/www.radiopiu.net\/wordpress\/wp-content\/uploads\/2020\/10\/GIANNI.mp3<\/a><\/audio>\n<p>&nbsp;<\/p>\n<hr \/>\n<p>&nbsp;<\/p>\n<p>&nbsp;<\/p>\n<blockquote>\n<h3>UN NUOVO IMPIANTO SPORTIVO, E NUOVA ILLUMINAZIONE SE ARRIVERANNO 800 MILA EURO DAL BANDO PERIFERIE<\/h3>\n<\/blockquote>\n<p><strong><a class=\"dt-pswp-item\" href=\"https:\/\/www.radiopiu.net\/wordpress\/wp-content\/uploads\/2020\/10\/mel.jpg\" data-dt-img-description=\"\" data-large_image_width=\"960\" data-large_image_height=\"540\"><img loading=\"lazy\" decoding=\"async\" class=\"alignnone size-medium wp-image-166219\" src=\"https:\/\/www.radiopiu.net\/wordpress\/wp-content\/uploads\/2020\/10\/mel-300x169.jpg\" alt=\"\" width=\"300\" height=\"169\" srcset=\"https:\/\/www.radiopiu.net\/wordpress\/wp-content\/uploads\/2020\/10\/mel-300x169.jpg 300w, https:\/\/www.radiopiu.net\/wordpress\/wp-content\/uploads\/2020\/10\/mel-768x432.jpg 768w, https:\/\/www.radiopiu.net\/wordpress\/wp-content\/uploads\/2020\/10\/mel.jpg 960w\" sizes=\"auto, (max-width: 300px) 100vw, 300px\" \/><\/a>BORGO VALBELLUNA<\/strong><\/p>\n<p>di Damiano Tormen<\/p>\n<audio class=\"wp-audio-shortcode\" id=\"audio-165995-3\" preload=\"none\" style=\"width: 100%;\" controls=\"controls\"><source type=\"audio\/mpeg\" src=\"https:\/\/www.radiopiu.net\/wordpress\/wp-content\/uploads\/2020\/10\/DAMIANO-2.mp3?_=3\" \/><a href=\"https:\/\/www.radiopiu.net\/wordpress\/wp-content\/uploads\/2020\/10\/DAMIANO-2.mp3\">https:\/\/www.radiopiu.net\/wordpress\/wp-content\/uploads\/2020\/10\/DAMIANO-2.mp3<\/a><\/audio>\n<p>&nbsp;<\/p>\n<p>&nbsp;<\/p>\n<hr \/>\n<p>&nbsp;<\/p>\n<p style=\"text-align: center;\"><strong>IL NUOVO DPCM IN VIGORE DA OGGI, TUTTE LE NOVITA&#8217;<\/strong><\/p>\n<p>Conte: \u00abQueste nuove misure comporteranno dei sacrifici ulteriori ma siamo convinti che<strong> potremo affrontare questa fase.<\/strong> Dobbiamo evitare di fare piombare il nostro paese in un lockdown generalizzato\u00bb.\u00a0 <strong>Vietate le feste in tutti i luoghi al chiuso e all\u2019aperto<\/strong>. Le feste legate alle cerimonie \u2013 matrimoni, battesimi etc. \u2013 <strong>possono svolgersi <\/strong>con la partecipazione massima di 30 persone seguendo i protocolli e le linee guida vigenti; \u00a0Scende a <strong>10 giorni <\/strong>il periodo di isolamento e quarantena. Necessario un solo tampone negativo per essere dichiarato guarito;\u00a0 \u00a0Scuole, arriva un\u2019ulteriore conferma: \u00ab<strong>non ci sono i presupposti per tornare alla didattica a distanza<\/strong>\u00bb; \u00a0Stretta sulla movida, <strong>ristoranti e bar devono chiudere alle 24<\/strong>, dalle 21 in poi vietato consumare in piedi; \u00a0Restano <strong>chiuse<\/strong> le discoteche e le sale da ballo; <strong>Vietati<\/strong> gli sport di contatto a livello amatoriale, come il <strong>calcetto<\/strong>;<br \/>\n\u2022 <strong>Fortemente raccomandato<\/strong> l\u2019utilizzo delle mascherine in abitazioni private con persone non conviventi.<\/p>\n<p>&nbsp;<\/p>\n<blockquote class=\"wp-embedded-content\" data-secret=\"MjdUkzxQdL\"><p><a href=\"https:\/\/www.radiopiu.net\/wordpress\/il-premier-conte-ha-firmato-il-dpcm-13-ottobre-leggilo\/\">IL PREMIER CONTE HA FIRMATO IL DPCM 13 OTTOBRE  &#8211; LEGGILO &#8211;<\/a><\/p><\/blockquote>\n<p><iframe loading=\"lazy\" class=\"wp-embedded-content\" sandbox=\"allow-scripts\" security=\"restricted\" style=\"position: absolute; clip: rect(1px, 1px, 1px, 1px);\" title=\"&#8220;IL PREMIER CONTE HA FIRMATO IL DPCM 13 OTTOBRE  &#8211; LEGGILO &#8211;&#8221; &#8212; Radio Pi\u00f9\" src=\"https:\/\/www.radiopiu.net\/wordpress\/il-premier-conte-ha-firmato-il-dpcm-13-ottobre-leggilo\/embed\/#?secret=MjdUkzxQdL\" data-secret=\"MjdUkzxQdL\" width=\"600\" height=\"338\" frameborder=\"0\" marginwidth=\"0\" marginheight=\"0\" scrolling=\"no\"><\/iframe><\/p>\n<p>&nbsp;<\/p>\n<h1 style=\"text-align: left;\"><strong><span style=\"color: #ff0000;\">CONFERENZA STAMPA INIZIA AL SETTIMO\u00a0 MINUTO<\/span><\/strong><\/h1>\n<p>https:\/\/www.facebook.com\/palazzochigi.it\/videos\/708217713101369\/<\/p>\n<blockquote>\n<h3><\/h3>\n<h3>BOND: &#8220;TRA MISURE CONDIVISIBILI E CORTOCIRCUITI IL GOVERNO CONTINUA A NON FARCI CAPIRE NULLA&#8221;<\/h3>\n<\/blockquote>\n<p><strong><a class=\"dt-pswp-item\" href=\"https:\/\/www.radiopiu.net\/wordpress\/wp-content\/uploads\/2020\/10\/bus-4783539_960_720.jpg\" data-dt-img-description=\"\" data-large_image_width=\"960\" data-large_image_height=\"640\"><img loading=\"lazy\" decoding=\"async\" class=\" wp-image-166144 alignleft\" src=\"https:\/\/www.radiopiu.net\/wordpress\/wp-content\/uploads\/2020\/10\/bus-4783539_960_720-300x200.jpg\" alt=\"\" width=\"209\" height=\"139\" srcset=\"https:\/\/www.radiopiu.net\/wordpress\/wp-content\/uploads\/2020\/10\/bus-4783539_960_720-300x200.jpg 300w, https:\/\/www.radiopiu.net\/wordpress\/wp-content\/uploads\/2020\/10\/bus-4783539_960_720-768x512.jpg 768w, https:\/\/www.radiopiu.net\/wordpress\/wp-content\/uploads\/2020\/10\/bus-4783539_960_720.jpg 960w\" sizes=\"auto, (max-width: 209px) 100vw, 209px\" \/><\/a>ROMA <\/strong><em>\u00abVietato lo sport amatoriale, ma concessi gli spostamenti in giro per l\u2019Italia. Allo stesso tempo, per\u00f2, non sono ammesse le gite scolastiche. Il Governo dovrebbe spiegarci che ratio sta utilizzando. Perch\u00e9 contenere il contagio \u00e8 sacrosanto e doveroso, ma davvero non si capisce quali criteri logici siano stati utilizzati\u00bb.<\/em> \u00c8 quanto afferma il deputato di Forza Italia Dario Bond relativamente all\u2019ultimo DPCM firmato dal premier Conte. <em>\u00abLa questione delle gite scolastiche, soprattutto, \u00e8 affascinante e meritevole di uno studio di approfondimento. Se non altro per comprendere, o provare a farlo, come ragiona l\u2019Esecutivo. Da una parte si evitano gli spostamenti delle scuole per i viaggi di istruzioni, nonostante il fatto che migliaia e migliaia di ragazzi ogni giorno si muovano con i mezzi pubblici per recarsi a scuola. Dall\u2019altra per\u00f2 la ministra Azzolina prosegue imperterrita sulla strada del concorso straordinario docenti, consapevole che dovranno spostarsi tra le regioni circa 64mila professori precari, nel giro di tre settimane. Davvero non comprendo. Come non comprendo e anzi ritengo inaccettabile il concetto di violazione del domicilio\u00bb prosegue Dario Bond. \u00abSecondo il testo del DPCM, infatti, i controlli sull\u2019uso della mascherina entrano anche dentro casa e il Governo pretende di decidere se si possono invitare amici a cena o no. \u00c8 grave: non era mai successo prima nella storia dell\u2019Italia\u00bb.<\/em><\/p>\n<p>&nbsp;<\/p>\n<p>&nbsp;<\/p>\n<hr \/>\n<p>&nbsp;<\/p>\n<h3><span style=\"color: #0000ff;\">PER CHI VIAGGIA: <span style=\"color: #000000;\">negli spostamenti Agordo-Belluno prendetevi per tempo, sono due i semafori (non sincronizzati) tra La Stanga (dopo il ristorante) e Candaten (prima del rettilineo). Disagi notevoli nelle ore di cambio turno in Luxottica ad Agordo.\u00a0<\/span><\/span><\/h3>\n<p>&nbsp;<\/p>\n<hr \/>\n<blockquote>\n<h3><\/h3>\n<h3>203 AGORDINA A &#8220;SINGHIOZZO&#8221; DAL 19 AL 23 OTTOBRE<\/h3>\n<\/blockquote>\n<p><img loading=\"lazy\" decoding=\"async\" class=\"alignleft\" src=\"https:\/\/www.radiopiu.net\/wordpress\/wp-content\/uploads\/2020\/10\/download-6.jpg\" width=\"73\" height=\"130\" \/><strong>SR 203 AGORDINA<\/strong> dal 19 al 23 ottobre, dalle 8 alle 12 e dalle 13:30 alle 17:30, temporanee interruzioni al traffico della durata massima di 20 minuti tra Cencenighe e Avoscan per esbosco con elicottero in attraversamento strada<\/p>\n<p>&nbsp;<\/p>\n<p>&nbsp;<\/p>\n<p>&nbsp;<\/p>\n<hr \/>\n<blockquote>\n<h3><\/h3>\n<h3>PROVINCIALE DELLA VALLE DEL MIS: CHIUDE PER TRE GIORNI<\/h3>\n<\/blockquote>\n<p><strong><img loading=\"lazy\" decoding=\"async\" class=\"alignleft\" src=\"https:\/\/www.radiopiu.net\/wordpress\/wp-content\/uploads\/2019\/08\/controlli-valle-del-mis.jpg\" width=\"149\" height=\"84\" \/>GOSALDO<\/strong> Sar\u00e0 tirata a lucido, asfaltata, la provinciale 2 della Valle del Mis, dalla localit\u00e0 Tiser. Ma giacch\u00e8 per apparire \u00e8 necessario &#8220;soffrire&#8221; sono previsti tre giorni di disagi. Mercoledi, giovedi e venerdi interdizione totale al traffico dalle 8 alle 12.30 e dalle 14 alle 17.30. Sar\u00e0 quindi aperta la notte fin dalle 17.30 e anche nella pausa pranzo per un&#8217;ora e mezza.<\/p>\n<p>&nbsp;<\/p>\n<hr \/>\n<p>&nbsp;<\/p>\n<p>&nbsp;<\/p>\n<p><strong>SP 37 VILLAPAIERA &#8211; FELTRE &#8211;\u00a0 <\/strong>Fino al 30 ottobre (compresi festivi e prefestivi) in abitato di Villapaiera interdizione totale al transito per sistemazione condotta fognaria<\/p>\n<p><strong>PROVINCIALE 35 &#8211; LASTE<\/strong><br \/>\nPer allargamento della sede stradale in localit\u00e0 Laste di Sopra limitazioni al transito fino al 15 ottobre esclusi festivi e prefestivi, brevi interruzioni durata massima di 15 minuti tra le 8 e le 12 e tra le 13 e le 17.\u00a0Negli altri orari semaforo e senso unico alternato<\/p>\n<p><strong>PROVINCIALE 8 SAN TOMASO<\/strong> nuovo senso unico alternato fino al 13 novembre compresi festivi e prefestivi in localit\u00e0 ROI per realizzazione acquedotto<\/p>\n<p>&nbsp;<\/p>\n<p>&nbsp;<\/p>\n<hr \/>\n<p>&nbsp;<\/p>\n<p><strong>SELVA DI CADORE<\/strong> in LOCALITA\u2019 L\u2019 ANDRIA qui l\u2019acqua erogata dall\u2019acquedotto non \u00e8 potabile e pu\u00f2 essere usata per scopi alimentari solo previa bollitura.<\/p>\n<p><strong>BELLUNO<\/strong> Dalle 14 di\u00a0 oggi \u00a0alle 6 di domani verr\u00e0 sospesa l\u2019erogazione dell\u2019acqua \u00a0a Cavarzano e nelle vie Fratelli Rosselli, Gregorio XVI, Col di Lana e Fisterre.<\/p>\n<p><strong>LA VALLE\u00a0<\/strong> Per lavori alla rete idrica comunale oggi dalle\u00a0 8\u00a0 fino al termine dei lavori verr\u00e0 sospesa l\u2019erogazione dell\u2019acqua nelle localit\u00e0 Cugnac e Fades<\/p>\n<p>&nbsp;<\/p>\n<p>&nbsp;<\/p>\n<hr \/>\n<p><span style=\"color: #ff0000;\">L&#8217;ATTIVITA&#8217; CHIRURGICA ALL&#8217;OSPEDALE SAN MARTINO E&#8217; MOMENTANEAMENTE SOSPESA PER LA POSITIVITA&#8217; AL COVID 19 DI ALCUNI OPERATORI, VIA ALLA SANIFICAZIONE. PAZIENTI DIMESSI O TRASFERITI IN ALTRI OSPEDALI DELLA PROVINCIA. ANCHE A PIEVE DI CADORE 12 OPERATORI CONTAGIATI. A PONTE NELLA ALPI FOCOLAIO AL CENTRO SERVIZI PER ANZIANI, 18 LE PERSONE INFETTE (10 OSPITI, 8 OPERATORI).\u00a0<\/span><\/p>\n<p>&nbsp;<\/p>\n<p><strong>BELLUNO, DA TEMPO IN REGIONE HA IL RECORD DI AUMENTI IN PERCENTUALE DEI POSITIVI<\/strong><\/p>\n<a href=\"https:\/\/www.radiopiu.net\/wordpress\/wp-content\/uploads\/2020\/10\/Dati-Veneto_13-ottobre-2020_ore-18_fonte-Sole24-1.pdf\" class=\"pdfemb-viewer\" style=\"\" data-width=\"max\" data-height=\"max\" data-toolbar=\"top\" data-toolbar-fixed=\"on\">Dati Veneto_13 ottobre 2020_ore 18_fonte Sole24 (1)<\/a>\n<p>&nbsp;<\/p>\n<p>&nbsp;<\/p>\n<p class=\"entry_title\"><em>Quasi 550 le persone positive in provincia. In quarantena 1.400 bellunesi. Numeri elevati rispetto a qualche settimana fa,\u00a0 33 ricoverati in area non critica (28 a Belluno e 5 a Feltre), cinque in ospedale di comunit\u00e0 e uno in terapia intensiva al San Martino. Ai primi di aprile, in pieno picco epidemico, i ricoverati erano 73 in area non critica e 10 in terapia intensiva,\u00a0 siamo di fronte a persone spesso con sintomi lievi\u00bb.\u00a0<\/em><\/p>\n<blockquote>\n<h3>DUE DECESSI IN OSPEDALE A BELLUNO, 31 NUOVE POSITIVITA&#8217; IN 24 ORE, LA META&#8217; IN TRE CENTRI SERVIZI DEL TERRITORIO<\/h3>\n<\/blockquote>\n<p><strong><img loading=\"lazy\" decoding=\"async\" class=\"alignleft\" src=\"https:\/\/www.radiopiu.net\/wordpress\/wp-content\/uploads\/2020\/03\/covid-ulss.jpg\" width=\"172\" height=\"129\" \/>BELLUNO\u00a0<\/strong> <span style=\"font-size: medium;\">Nella notte tra il 12 e 13 ottobre \u00e8 deceduta una paziente covid positiva di 89 anni ricoverata in Pneumologia Covid a Belluno e nella mattinata di ieri\u00a0 \u00e8 deceduta una paziente covid positiva di 66 ricoverata in terapia intensiva.\u00a0 <\/span><span style=\"font-size: medium;\"><strong>Nelle ultime 24 ore<\/strong> sono emerse 31 nuove positivit\u00e0 covid. La met\u00e0 sono riferite a controlli\u00a0 a seguito di positivit\u00e0 in tre centri servizi del territorio. Come di prassi in tali strutture saranno condotti tutti gli ulteriori accertamenti previsti dal protocollo e le conseguenti azioni di isolamento, quarantena e sanificazione. <\/span><span style=\"font-size: medium;\">Per il resto della casistica un solo caso \u00e8 riferito ai noti Comuni del Comelico e 8 all\u2019area del Cadore. <\/span><span style=\"font-size: medium;\"><b>Ricoveri <\/b><\/span><span style=\"font-size: medium;\">Rimane sostanzialmente stabile il numero delle persone ricoverate negli ospedali dell\u2019Ulss Dolomiti, tutti in area non critica (26 a Belluno e 6 a Feltre).<\/span><\/p>\n<p>&nbsp;<\/p>\n<p>&nbsp;<\/p>\n<hr \/>\n<p>&nbsp;<\/p>\n<blockquote>\n<h3>LA PROPOSTA DI ZAIA: LEZIONI A DISTANZA PER GLI STUDENTI DEGLI ULTIMI CORSI<\/h3>\n<\/blockquote>\n<p><a class=\"dt-pswp-item\" href=\"https:\/\/www.radiopiu.net\/wordpress\/wp-content\/uploads\/2020\/10\/bus-690508_960_720.jpg\" data-dt-img-description=\"\" data-large_image_width=\"960\" data-large_image_height=\"640\"><img loading=\"lazy\" decoding=\"async\" class=\" wp-image-166119 alignleft\" src=\"https:\/\/www.radiopiu.net\/wordpress\/wp-content\/uploads\/2020\/10\/bus-690508_960_720-300x200.jpg\" alt=\"\" width=\"164\" height=\"109\" srcset=\"https:\/\/www.radiopiu.net\/wordpress\/wp-content\/uploads\/2020\/10\/bus-690508_960_720-300x200.jpg 300w, https:\/\/www.radiopiu.net\/wordpress\/wp-content\/uploads\/2020\/10\/bus-690508_960_720-768x512.jpg 768w, https:\/\/www.radiopiu.net\/wordpress\/wp-content\/uploads\/2020\/10\/bus-690508_960_720.jpg 960w\" sizes=\"auto, (max-width: 164px) 100vw, 164px\" \/><\/a><strong>VENEZIA<\/strong> Nella conferenza stampa di ieri da Marghera il Governatore lancia la sua proposta a quanto pare per ora inascoltata a Roma. Si allaccia al tema dei trasporti pubblici come vediamo dalle foto che girano in rete centro di assembramenti e diffusione del virus in questo Paese\u00a0 dalle contraddizioni, da una parte si obbliga il dipendente pubblico a rimanere tra le mura di casa in smart working e dall&#8217;altra si mandano gli studenti sui mezzi di trasporto tra assembramenti e intasamenti. Di qui la proposta di Zaia per agevolare il servizio pubblico: lezioni a distanza magari a giorni alterni per gli studenti degli ultimi anni dei vari corsi. Ecco il suo intervento a Marghera.<\/p>\n<p><strong>DAL NOTIZIARIO EDIZIONE SPECIALE DELLE 15.10<\/strong><\/p>\n<audio class=\"wp-audio-shortcode\" id=\"audio-165995-4\" preload=\"none\" style=\"width: 100%;\" controls=\"controls\"><source type=\"audio\/mpeg\" src=\"https:\/\/www.radiopiu.net\/wordpress\/wp-content\/uploads\/2020\/10\/SCUOLA.mp3?_=4\" \/><a href=\"https:\/\/www.radiopiu.net\/wordpress\/wp-content\/uploads\/2020\/10\/SCUOLA.mp3\">https:\/\/www.radiopiu.net\/wordpress\/wp-content\/uploads\/2020\/10\/SCUOLA.mp3<\/a><\/audio>\n<p>&nbsp;<\/p>\n<p>&nbsp;<\/p>\n<hr \/>\n<p>&nbsp;<\/p>\n<blockquote>\n<h3>IL MATRIMONIO PROGRAMMATO S&#8217;HA DA FARE, COME PROGRAMMATO<\/h3>\n<\/blockquote>\n<p>&nbsp;<\/p>\n<p><strong><a class=\"dt-pswp-item\" href=\"https:\/\/www.radiopiu.net\/wordpress\/wp-content\/uploads\/2020\/10\/heart-529607_960_720.jpg\" data-dt-img-description=\"\" data-large_image_width=\"960\" data-large_image_height=\"638\"><img loading=\"lazy\" decoding=\"async\" class=\" wp-image-166112 alignleft\" src=\"https:\/\/www.radiopiu.net\/wordpress\/wp-content\/uploads\/2020\/10\/heart-529607_960_720-300x199.jpg\" alt=\"\" width=\"204\" height=\"135\" srcset=\"https:\/\/www.radiopiu.net\/wordpress\/wp-content\/uploads\/2020\/10\/heart-529607_960_720-300x199.jpg 300w, https:\/\/www.radiopiu.net\/wordpress\/wp-content\/uploads\/2020\/10\/heart-529607_960_720-768x510.jpg 768w, https:\/\/www.radiopiu.net\/wordpress\/wp-content\/uploads\/2020\/10\/heart-529607_960_720.jpg 960w\" sizes=\"auto, (max-width: 204px) 100vw, 204px\" \/><\/a>ROMA<\/strong> Il postino sta per consegnare al Premier Giuseppe Conte e ai Ministri Speranza e Boccia una lettera con richieste esplicite con riferimento allo schema di decreto del Presidente del Consiglio dei Ministri firmato stamane. La conferenza delle Regioni e Province Autonome con il presidente\u00a0 Stefano Bonaccini chiedono di prevedere in tempi brevi adeguate forme\u00a0 di ristoro per i settori e le attivit\u00e0 economiche interessate dalle limitazioni introdotte dal provvedimento, in analogia al percorso avviato per le discoteche e le sale da ballo, per le quali sono state stanziate le prime risorse. In relazione al trasporto pubblico locale i Presidenti chiedono invece un\u00a0 approfondimento dello scenario di contesto, valutando anche misure di riduzione dell\u2019utenza negli orari di picco ovvero prevedendo un potenziamento di servizi a carico di risorse statali. Non meno importante il capitolo dei matrimoni dove deve essere individuata una forma di salvaguardia\u00a0 per chi ha gi\u00e0 stipulato contratti e versato caparre, quindi prevedendo un\u00a0 periodo transitorio per l\u2019entrata in vigore delle nuove imposizioni che limitano la partecipazione. Le Regioni e le Province autonome, in relazione all\u2019andamento della situazione epidemiologica nei propri territori, chiedono di poter stabilire\u00a0 un diverso numero massimo di partecipanti in considerazione delle dimensioni e delle caratteristiche dei luoghi<\/p>\n<p><strong>IL MATRIMONIO S&#8217;HA DA FARE&#8230; COME PREVISTO<\/strong> dal notiziario edizione speciale delle 15.10<\/p>\n<audio class=\"wp-audio-shortcode\" id=\"audio-165995-5\" preload=\"none\" style=\"width: 100%;\" controls=\"controls\"><source type=\"audio\/mpeg\" src=\"https:\/\/www.radiopiu.net\/wordpress\/wp-content\/uploads\/2020\/10\/MATRIMONI.mp3?_=5\" \/><a href=\"https:\/\/www.radiopiu.net\/wordpress\/wp-content\/uploads\/2020\/10\/MATRIMONI.mp3\">https:\/\/www.radiopiu.net\/wordpress\/wp-content\/uploads\/2020\/10\/MATRIMONI.mp3<\/a><\/audio>\n<p>&nbsp;<\/p>\n<p>&nbsp;<\/p>\n<p>&nbsp;<\/p>\n<hr \/>\n<blockquote>\n<h3><\/h3>\n<h3>il 97% DEGLI INFETTI NON HA SINTOMI. LA REGIONE STUDIA IL NUOVO PIANO SANITARIO. DA MARGHERA IL PRESIDENTE LUCA ZAIA &#8220;DOBBIAMO SCONGIURARE UN NUOVO LOCKDOWN&#8221;<\/h3>\n<\/blockquote>\n<p><strong>C&#8217;E&#8217; LO SMART WORKING PER GLI UFFICI PUBBLICI E INTANTO I NOSTRI RAGAZZI S&#8217;AMMASSANO SUGLI AUTOBUS. NEL NUOVO DPCM LE REGIONI NON SONO STATE ASCOLTATE.\u00a0<\/strong><\/p>\n<p>https:\/\/www.facebook.com\/zaiaufficiale\/videos\/3363420120434617\/<\/p>\n<blockquote>\n<h3>LEGGI LA CONFERENZA STAMPA DI LUCA ZAIA<\/h3>\n<\/blockquote>\n<p>Il virus c&#8217;e&#8217; e non neghiamo l&#8217;evidenza chi esce di casa senza mascherina e fa &#8220;bisboccia&#8221; rischia di farsi male. E&#8217; come giocare con la roulette russa. Sono 41 le persone in terapia intensiva quindi il virus c&#8217;e&#8217;. Con 362 persone ricoverate \u00e8 inevitabile che qualcuno finir\u00e0 in terapia intensiva anche se \u00e8 vero che comunque ogni giorno ci sono dimessi. Permanenza media in terapia intensiva \u00e8 calata rispetto allo scorso marzo, cos\u00ec come l&#8217;ospedalizzazione. Il virus c&#8217;e&#8217; e siamo preoccupati anche se non \u00e8 emergenza ospedaliera. Entro breve concluderemo il piano di sanit\u00e0 pubblica con l&#8217;ottica del semaforo: verde, giallo e rosso, in base agli step capiremo quali misure ospedaliere scatteranno. Ho chiesto un piano scientifico con test. Siamo passati dal tampone molecolare a parlare di test rapido, c&#8217;\u00e8 stata un&#8217;evoluzione per questo vogliamo tarare un piano non ingessato al tampone molecolare perch\u00e9 cambiano le modalit\u00e0. Sul fronte sanitario il Governo ha raccolta la nostra istanza: i test che arrivano da paesi &#8220;seri&#8221; non devono\u00a0 far ripartire la procedura da zero perch\u00e9 i tempi sono preziosi.Gli americani hanno gi\u00e0 un test fai da te, ma non riusciamo ad importarlo. Il mondo si sta muovendo. Ogni giorno c&#8217;\u00e8 un&#8217;instantanea. Intanto si abbassa la quarantena con un tampone solo e questi sono fattori che ci permettono di muoverci con pi\u00f9 abilit\u00e0. E&#8217; stato approvato il DPCM noi ci siamo riuniti ieri pomeriggio e ieri sera, vedo con dispiacere che le osservazioni non sono state colte. Ad esempio i matrimoni: chiedevano di fare una norma di salvaguardia per chi lo ho organizzato per sabato e domenica come facciamo a dirgli che possono riunirsi solo in trenta? Chiedevamo un minimo di buon senso ricordando che dietro ci sono interessi economici, c&#8217;\u00e8 lavoro dietro una festa.\u00a0 C&#8217;\u00e8 ansia nelle imprese ormai allo stremo si pensi alle imprese del mondo della notte o degli spettacoli viaggianti e se si chiede loro di fare un sacrificio per la comunit\u00e0 deve essere considerato e remunerato perch\u00e9 rinuncia ad un guadagno per il bene comune. Restiamo prudentemente salvaguardati sul fronte spettacoli perch\u00e8 sono confermati i teatri e gli spettacoli con distanziamenti e con capienza ridotta (1000 all&#8217;aperto, 200 all&#8217;interno). Guardo in faccia alla realt\u00e0, ogni giorno ha la sua pena, oggi abbiamo 10 persone in pi\u00f9 in terapia intensiva, se diventa un trand sar\u00e0 emergenza sanitaria. il 97% dei positivi non ha sintomi, gli scienzati ci vogliono spiegare il perch\u00e8? Poi vedo &#8211; come ha detto il dottor Rigoli ad aprile &#8211; la carica virale, a volte si prendono pezzi di virus non pi\u00f9 attivo e deve essere un tema da chiarire per la diagnostica. Il Governo dice con il Ministro della Salute che il positivo che non si negativizza dopo 20 giorni esce dall&#8217;emergenza. <strong>Trasporto pubblico i problemi sono evidenti: non siamo stati ascoltati, non ci sono risorse per triplicare il servizio, non varrebbe la pena di fare un ragionamento su didattica a distanza per i pi\u00f9 grandi? Magari un giorno o due alla settimana, peserebbe molto sull&#8217;economia dei trasporti e toglierebbe parecchia pressione. Il servizio pubblico puo&#8217; andare in smart working mentre i ragazzi si ammassano sui mezzi pubblici?\u00a0 Azzolina dice non se ne parla, allora segnatevi la data e se domani chiudono le scuole ne riparleremo, chiedevo solo di fare un ragionamento per i ragazzi degli ultimi anni dei corsi scolastici.<\/strong><\/p>\n<p>A proposito del <strong>MES.<\/strong>\u00abDecide il governo, non i presidenti di Regione.\u00a0 Finora non\u00a0 abbiamo mai sentito il Governo da mesi in riflessione.<\/p>\n<p><strong>TAMPONI RAPIDI E TEST:<\/strong> Quello molecolare-salivare c&#8217;\u00e8. Il tampone rapido nasale esiste ne abbiamo 500.000 in distribuzione. Il tampone baby non va pi\u00f9 in fondo al naso ma prevede l&#8217;utilizzo di una macchinetta. Siamo in grado di fare 10.000 test rapidi al giorno. Ai medici di base abbiamo messo gratuitamente a disposizione i tamponi rapidi validati che danno l&#8217;esito in 7 minuti.\u00a0 Dei 3007 medici di base hanno aderito volontariamente a questa opzione 445 eppure -senza fare polemica &#8211; ribadisco che siamo a disposizione. Al test fai da te ci arriveremo.<\/p>\n<p><strong>SINTESI:<\/strong> Sentiamo pressione ma non \u00e8 emergenza sanitaria, certo se le cose peggiorano apriamo i covid hospital; stiamo monitorando; stiamo aggiornando il piano sanit\u00e0 pubblica che avremo tra pochi giorni; al di l\u00e0 di ordinanza e DPCM invito ad usare le mascherine che sono fondamentali, va utilizzata ove possibile, dappertutto al di l\u00e0 del metro di distanza, se pochi medici si sono infettati (1,8%) \u00e8 perche&#8217; usavamo la mascherina. Se tutto la usassero avremo un abbattimento del virus.<\/p>\n<p>&nbsp;<\/p>\n<hr \/>\n<p>&nbsp;<\/p>\n<blockquote>\n<h3>IN CASA DI RIPOSO UN NUOVO SERVIZIO GRATUITO PER LA CURA DELLA PERSONA<\/h3>\n<\/blockquote>\n<p><strong>LIVINALLONGO<\/strong> Un nuovo servizio a Villa San Giuseppe, gratuito per gli anziani ospiti. E&#8217; stato inaugurato ieri alla presenza del sindaco Leandro Grones.<\/p>\n<p><strong>IL CAPO COMUN FODOM<\/strong><\/p>\n<audio class=\"wp-audio-shortcode\" id=\"audio-165995-6\" preload=\"none\" style=\"width: 100%;\" controls=\"controls\"><source type=\"audio\/mpeg\" src=\"https:\/\/www.radiopiu.net\/wordpress\/wp-content\/uploads\/2020\/10\/leandro.mp3?_=6\" \/><a href=\"https:\/\/www.radiopiu.net\/wordpress\/wp-content\/uploads\/2020\/10\/leandro.mp3\">https:\/\/www.radiopiu.net\/wordpress\/wp-content\/uploads\/2020\/10\/leandro.mp3<\/a><\/audio>\n<p>&nbsp;<\/p>\n<p><a class=\"dt-pswp-item\" href=\"https:\/\/www.radiopiu.net\/wordpress\/wp-content\/uploads\/2020\/10\/c12c3d72-175f-4e73-a972-6b645a02497f.jpg\" data-dt-img-description=\"\" data-large_image_width=\"1024\" data-large_image_height=\"768\"><img loading=\"lazy\" decoding=\"async\" class=\"alignnone size-medium wp-image-166140\" src=\"https:\/\/www.radiopiu.net\/wordpress\/wp-content\/uploads\/2020\/10\/c12c3d72-175f-4e73-a972-6b645a02497f-300x225.jpg\" alt=\"\" width=\"300\" height=\"225\" srcset=\"https:\/\/www.radiopiu.net\/wordpress\/wp-content\/uploads\/2020\/10\/c12c3d72-175f-4e73-a972-6b645a02497f-300x225.jpg 300w, https:\/\/www.radiopiu.net\/wordpress\/wp-content\/uploads\/2020\/10\/c12c3d72-175f-4e73-a972-6b645a02497f-768x576.jpg 768w, https:\/\/www.radiopiu.net\/wordpress\/wp-content\/uploads\/2020\/10\/c12c3d72-175f-4e73-a972-6b645a02497f.jpg 1024w\" sizes=\"auto, (max-width: 300px) 100vw, 300px\" \/><\/a><a class=\"dt-pswp-item\" href=\"https:\/\/www.radiopiu.net\/wordpress\/wp-content\/uploads\/2020\/10\/d9a0e9a6-6ade-4c3b-ac4c-1d9753d19793-e1602597207114.jpg\" data-dt-img-description=\"\" data-large_image_width=\"1024\" data-large_image_height=\"768\"><img loading=\"lazy\" decoding=\"async\" class=\"alignnone size-medium wp-image-166139\" src=\"https:\/\/www.radiopiu.net\/wordpress\/wp-content\/uploads\/2020\/10\/d9a0e9a6-6ade-4c3b-ac4c-1d9753d19793-e1602597207114-300x225.jpg\" alt=\"\" width=\"300\" height=\"225\" srcset=\"https:\/\/www.radiopiu.net\/wordpress\/wp-content\/uploads\/2020\/10\/d9a0e9a6-6ade-4c3b-ac4c-1d9753d19793-e1602597207114-300x225.jpg 300w, https:\/\/www.radiopiu.net\/wordpress\/wp-content\/uploads\/2020\/10\/d9a0e9a6-6ade-4c3b-ac4c-1d9753d19793-e1602597207114-768x576.jpg 768w, https:\/\/www.radiopiu.net\/wordpress\/wp-content\/uploads\/2020\/10\/d9a0e9a6-6ade-4c3b-ac4c-1d9753d19793-e1602597207114.jpg 1024w\" sizes=\"auto, (max-width: 300px) 100vw, 300px\" \/><\/a><\/p>\n<p>&nbsp;<\/p>\n<p>&nbsp;<\/p>\n<hr \/>\n<p>&nbsp;<\/p>\n<blockquote>\n<h2><span style=\"color: #ff99cc;\">OGGI LA RADIO SI TINGE DI ROSA<\/span><\/h2>\n<p><a class=\"dt-pswp-item\" href=\"https:\/\/www.radiopiu.net\/wordpress\/wp-content\/uploads\/2020\/10\/de304cf7-4248-4dd6-9cb8-aefd8174f9f3.jpg\" data-dt-img-description=\"\" data-large_image_width=\"1599\" data-large_image_height=\"799\"><img loading=\"lazy\" decoding=\"async\" class=\"size-medium wp-image-166192 aligncenter\" src=\"https:\/\/www.radiopiu.net\/wordpress\/wp-content\/uploads\/2020\/10\/de304cf7-4248-4dd6-9cb8-aefd8174f9f3-300x150.jpg\" alt=\"\" width=\"300\" height=\"150\" srcset=\"https:\/\/www.radiopiu.net\/wordpress\/wp-content\/uploads\/2020\/10\/de304cf7-4248-4dd6-9cb8-aefd8174f9f3-300x150.jpg 300w, https:\/\/www.radiopiu.net\/wordpress\/wp-content\/uploads\/2020\/10\/de304cf7-4248-4dd6-9cb8-aefd8174f9f3-1024x512.jpg 1024w, https:\/\/www.radiopiu.net\/wordpress\/wp-content\/uploads\/2020\/10\/de304cf7-4248-4dd6-9cb8-aefd8174f9f3-768x384.jpg 768w, https:\/\/www.radiopiu.net\/wordpress\/wp-content\/uploads\/2020\/10\/de304cf7-4248-4dd6-9cb8-aefd8174f9f3-1536x768.jpg 1536w, https:\/\/www.radiopiu.net\/wordpress\/wp-content\/uploads\/2020\/10\/de304cf7-4248-4dd6-9cb8-aefd8174f9f3.jpg 1599w\" sizes=\"auto, (max-width: 300px) 100vw, 300px\" \/><\/a><\/p><\/blockquote>\n<p><a id=\"js_bv\" class=\"profileLink\" href=\"https:\/\/www.facebook.com\/Onda-Rosa-1659763650724790\/?__tn__=K-R-R&amp;eid=ARDc16lNUozPWD8A4ozWy-Qpbo2BfwnwXj2k6Vt4m0T-FHMpu4GULvZWBDXbNOYn3lofOfY_wbIQC9s5&amp;fref=mentions&amp;__xts__%5B0%5D=68.ARCVoKhqQNzRmZhD8gfs9B4MgAuRNud9oMDRZy6lzYbqohc2mP_Ua-u8MAGXid3-9bwh8DSbMOB6tNrwabO30wA7tkH3sKQu0Hfbt95VvaSfxr1Zgw57RDoDdsu3pHJhXM5fncThpS_Qdr598UD0ajd49-GVUIUyMQ_cPef7Udk_WF8ndcERIzthU1wmLMGVycooyTKSOD2WSKcoMdzfK_T9eLwwYWN33bAhnN1VHtNljpBFbdRGZQni7byQcfyVMaCC0G6nw-S1MBvJyaZ_rXAbE-ryYbTgkJVWLNiDneRJrGSzNb8ndx8C2_V4AosXzmQ\" data-hovercard=\"\/ajax\/hovercard\/page.php?id=1659763650724790&amp;extragetparams=%7B%22__tn__%22%3A%22%2CdK-R-R-R%22%2C%22eid%22%3A%22ARDc16lNUozPWD8A4ozWy-Qpbo2BfwnwXj2k6Vt4m0T-FHMpu4GULvZWBDXbNOYn3lofOfY_wbIQC9s5%22%2C%22fref%22%3A%22mentions%22%7D&amp;av=103999661364880&amp;eav=AfaB0bOWDDfR1iM_GDA2EkSdgIWgsGQS2E7Rw0kWVol-aVy37ujeVLNTQm0OdZiMUFI\" data-hovercard-prefer-more-content-show=\"1\" aria-describedby=\"u_85_1\" aria-owns=\"js_bu\">Onda Rosa<\/a>: Il nostro pi\u00f9 grande obiettivo \u00e8 quello di creare rete e di offrire informazione gratuitamente su larga scala. Vogliamo permettere a chiunque di sapere come agire in caso di dubbi o di comprovata diagnosi.\u00a0 OGGI ALLE 10.30 E ALLE 19.00 LO SPECIALE ALLA RADIO, ospiti la dottoressa Caterina Fontanella e Ives Soccal, con Cinzia Da Roit.<\/p>\n<p>&nbsp;<\/p>\n<p style=\"text-align: center;\"><em>Quando senti di avere l&#8217;appoggio del tuo territorio, ti senti invincibile!<\/em><\/p>\n<p><a class=\"dt-pswp-item\" href=\"https:\/\/www.radiopiu.net\/wordpress\/wp-content\/uploads\/2020\/10\/120756001_135410028280694_8839948168742333092_o.jpg\" data-dt-img-description=\"\" data-large_image_width=\"526\" data-large_image_height=\"276\"><img loading=\"lazy\" decoding=\"async\" class=\"size-medium wp-image-166194 aligncenter\" src=\"https:\/\/www.radiopiu.net\/wordpress\/wp-content\/uploads\/2020\/10\/120756001_135410028280694_8839948168742333092_o-300x157.jpg\" alt=\"\" width=\"300\" height=\"157\" srcset=\"https:\/\/www.radiopiu.net\/wordpress\/wp-content\/uploads\/2020\/10\/120756001_135410028280694_8839948168742333092_o-300x157.jpg 300w, https:\/\/www.radiopiu.net\/wordpress\/wp-content\/uploads\/2020\/10\/120756001_135410028280694_8839948168742333092_o.jpg 526w\" sizes=\"auto, (max-width: 300px) 100vw, 300px\" \/><\/a><\/p>\n<p>&nbsp;<\/p>\n<p><span style=\"color: #ff99cc;\"><a class=\"dt-pswp-item\" href=\"https:\/\/www.radiopiu.net\/wordpress\/wp-content\/uploads\/2020\/10\/104088358_10220076224114364_8913605640340603468_n.jpg\" data-dt-img-description=\"\" data-large_image_width=\"160\" data-large_image_height=\"160\"><img loading=\"lazy\" decoding=\"async\" class=\"wp-image-166197 alignleft\" src=\"https:\/\/www.radiopiu.net\/wordpress\/wp-content\/uploads\/2020\/10\/104088358_10220076224114364_8913605640340603468_n.jpg\" alt=\"\" width=\"78\" height=\"78\" srcset=\"https:\/\/www.radiopiu.net\/wordpress\/wp-content\/uploads\/2020\/10\/104088358_10220076224114364_8913605640340603468_n.jpg 160w, https:\/\/www.radiopiu.net\/wordpress\/wp-content\/uploads\/2020\/10\/104088358_10220076224114364_8913605640340603468_n-150x150.jpg 150w\" sizes=\"auto, (max-width: 78px) 100vw, 78px\" \/><\/a><\/span><\/p>\n<p>&nbsp;<\/p>\n<p><span style=\"color: #ff99cc;\">LE INIZIATIVE DI OTTOBRE IN ROSA, AI MICROFONI DI RADIO PIU&#8217; L&#8217;ASSESSORE YUKI D&#8217;EMILIA.\u00a0<\/span><\/p>\n<audio class=\"wp-audio-shortcode\" id=\"audio-165995-7\" preload=\"none\" style=\"width: 100%;\" controls=\"controls\"><source type=\"audio\/mpeg\" src=\"https:\/\/www.radiopiu.net\/wordpress\/wp-content\/uploads\/2020\/10\/yuki.mp3?_=7\" \/><a href=\"https:\/\/www.radiopiu.net\/wordpress\/wp-content\/uploads\/2020\/10\/yuki.mp3\">https:\/\/www.radiopiu.net\/wordpress\/wp-content\/uploads\/2020\/10\/yuki.mp3<\/a><\/audio>\n<p>&nbsp;<\/p>\n<hr \/>\n<p>&nbsp;<\/p>\n<p>&nbsp;<\/p>\n<blockquote>\n<h3>GIROTONDO AL VIA, LE PRECISAZIONI<\/h3>\n<\/blockquote>\n<p><strong><a class=\"dt-pswp-item\" href=\"https:\/\/www.radiopiu.net\/wordpress\/wp-content\/uploads\/2020\/10\/mani-bambini.jpg\" data-dt-img-description=\"\" data-large_image_width=\"1920\" data-large_image_height=\"1280\"><img loading=\"lazy\" decoding=\"async\" class=\"wp-image-164891 alignleft\" src=\"https:\/\/www.radiopiu.net\/wordpress\/wp-content\/uploads\/2020\/10\/mani-bambini-300x200.jpg\" alt=\"\" width=\"144\" height=\"96\" srcset=\"https:\/\/www.radiopiu.net\/wordpress\/wp-content\/uploads\/2020\/10\/mani-bambini-300x200.jpg 300w, https:\/\/www.radiopiu.net\/wordpress\/wp-content\/uploads\/2020\/10\/mani-bambini-1024x683.jpg 1024w, https:\/\/www.radiopiu.net\/wordpress\/wp-content\/uploads\/2020\/10\/mani-bambini-768x512.jpg 768w, https:\/\/www.radiopiu.net\/wordpress\/wp-content\/uploads\/2020\/10\/mani-bambini-1536x1024.jpg 1536w, https:\/\/www.radiopiu.net\/wordpress\/wp-content\/uploads\/2020\/10\/mani-bambini.jpg 1920w\" sizes=\"auto, (max-width: 144px) 100vw, 144px\" \/><\/a>CENCENIGHE<\/strong><\/p>\n<p><strong>GIANNI SANTOMASO<\/strong><\/p>\n<audio class=\"wp-audio-shortcode\" id=\"audio-165995-8\" preload=\"none\" style=\"width: 100%;\" controls=\"controls\"><source type=\"audio\/mpeg\" src=\"https:\/\/www.radiopiu.net\/wordpress\/wp-content\/uploads\/2020\/10\/gianni-girotondo.mp3?_=8\" \/><a href=\"https:\/\/www.radiopiu.net\/wordpress\/wp-content\/uploads\/2020\/10\/gianni-girotondo.mp3\">https:\/\/www.radiopiu.net\/wordpress\/wp-content\/uploads\/2020\/10\/gianni-girotondo.mp3<\/a><\/audio>\n<p>&nbsp;<\/p>\n<p>&nbsp;<\/p>\n<p>&nbsp;<\/p>\n<hr \/>\n<p>&nbsp;<\/p>\n<blockquote class=\"wp-embedded-content\" data-secret=\"iWKzRfLxDu\"><p><a href=\"https:\/\/www.radiopiu.net\/wordpress\/https-wp-me-p63lo7-h7o\/\">CORONAVIRUS: AGGIORNAMENTO NAZIONALE 13 OTTOBRE<\/a><\/p><\/blockquote>\n<p><iframe loading=\"lazy\" class=\"wp-embedded-content\" sandbox=\"allow-scripts\" security=\"restricted\" style=\"position: absolute; clip: rect(1px, 1px, 1px, 1px);\" title=\"&#8220;CORONAVIRUS: AGGIORNAMENTO NAZIONALE 13 OTTOBRE&#8221; &#8212; Radio Pi\u00f9\" src=\"https:\/\/www.radiopiu.net\/wordpress\/https-wp-me-p63lo7-h7o\/embed\/#?secret=iWKzRfLxDu\" data-secret=\"iWKzRfLxDu\" width=\"600\" height=\"338\" frameborder=\"0\" marginwidth=\"0\" marginheight=\"0\" scrolling=\"no\"><\/iframe><\/p>\n<p>&nbsp;<\/p>\n<h3>I GRAFICI DI TIZIANO DE COL<\/h3>\n<p><a class=\"dt-pswp-item\" href=\"https:\/\/www.radiopiu.net\/wordpress\/wp-content\/uploads\/2020\/10\/125ff457-1fe0-4524-9f3e-04b0c1542f09.jpg\" data-dt-img-description=\"\" data-large_image_width=\"588\" data-large_image_height=\"335\"><img loading=\"lazy\" decoding=\"async\" class=\"alignnone size-medium wp-image-166169\" src=\"https:\/\/www.radiopiu.net\/wordpress\/wp-content\/uploads\/2020\/10\/125ff457-1fe0-4524-9f3e-04b0c1542f09-300x171.jpg\" alt=\"\" width=\"300\" height=\"171\" srcset=\"https:\/\/www.radiopiu.net\/wordpress\/wp-content\/uploads\/2020\/10\/125ff457-1fe0-4524-9f3e-04b0c1542f09-300x171.jpg 300w, https:\/\/www.radiopiu.net\/wordpress\/wp-content\/uploads\/2020\/10\/125ff457-1fe0-4524-9f3e-04b0c1542f09.jpg 588w\" sizes=\"auto, (max-width: 300px) 100vw, 300px\" \/><\/a><a class=\"dt-pswp-item\" href=\"https:\/\/www.radiopiu.net\/wordpress\/wp-content\/uploads\/2020\/10\/7b2f5362-1be6-480d-9722-77d6b95fd6e9.jpg\" data-dt-img-description=\"\" data-large_image_width=\"792\" data-large_image_height=\"635\"><img loading=\"lazy\" decoding=\"async\" class=\"alignnone size-medium wp-image-166170\" src=\"https:\/\/www.radiopiu.net\/wordpress\/wp-content\/uploads\/2020\/10\/7b2f5362-1be6-480d-9722-77d6b95fd6e9-300x241.jpg\" alt=\"\" width=\"300\" height=\"241\" srcset=\"https:\/\/www.radiopiu.net\/wordpress\/wp-content\/uploads\/2020\/10\/7b2f5362-1be6-480d-9722-77d6b95fd6e9-300x241.jpg 300w, https:\/\/www.radiopiu.net\/wordpress\/wp-content\/uploads\/2020\/10\/7b2f5362-1be6-480d-9722-77d6b95fd6e9-768x616.jpg 768w, https:\/\/www.radiopiu.net\/wordpress\/wp-content\/uploads\/2020\/10\/7b2f5362-1be6-480d-9722-77d6b95fd6e9.jpg 792w\" sizes=\"auto, (max-width: 300px) 100vw, 300px\" \/><\/a><\/p>\n<p>&nbsp;<\/p>\n<hr \/>\n<h3><\/h3>\n<blockquote>\n<h3>COVID, LE NOVITA&#8217; PER SCUOLE E DRIVE-IN<\/h3>\n<\/blockquote>\n<p><strong><a class=\"dt-pswp-item\" href=\"https:\/\/www.radiopiu.net\/wordpress\/wp-content\/uploads\/2020\/03\/covid-importante.jpg\" data-dt-img-description=\"\" data-large_image_width=\"800\" data-large_image_height=\"600\"><img loading=\"lazy\" decoding=\"async\" class=\" wp-image-121793 alignleft\" src=\"https:\/\/www.radiopiu.net\/wordpress\/wp-content\/uploads\/2020\/03\/covid-importante-300x225.jpg\" alt=\"\" width=\"195\" height=\"146\" srcset=\"https:\/\/www.radiopiu.net\/wordpress\/wp-content\/uploads\/2020\/03\/covid-importante-300x225.jpg 300w, https:\/\/www.radiopiu.net\/wordpress\/wp-content\/uploads\/2020\/03\/covid-importante-768x576.jpg 768w, https:\/\/www.radiopiu.net\/wordpress\/wp-content\/uploads\/2020\/03\/covid-importante.jpg 800w\" sizes=\"auto, (max-width: 195px) 100vw, 195px\" \/><\/a>BELLUNO\u00a0<\/strong><span style=\"font-size: medium;\"><b>Scuole <\/b><\/span><span style=\"font-size: medium;\">Il Dipartimento di Prevenzione, alla luce dell\u2019impegnativa casistica in ambito scolastico ha comunicato al Dirigente scolastico provinciale il potenziamento del team medico dedicato al tema Covid-scuola, attivando un canale diretto di comunicazione delle attivit\u00e0 scolastiche. A stamane le classi impegnate con casi di positivit\u00e0 erano complessivamente 38, buona parte di queste classi sono relative alla zona Comelico-Cadore-Ampezzano e stanno rendendo necessario un forte potenziamento dell\u2019offerta tamponi a Tai di Cadore. <\/span><span style=\"font-size: medium;\"><b>Drive-in Feltre <\/b><\/span>Dal 16 ottobre 2020 il drive-in tamponi di Feltre sar\u00e0 operativo tutti i giorni dalle 8.30 alle 12.30 in via delle Industrie \u2013 zona Peschiera nell\u2019area dell\u2019ex fabbrica Marangoni a FELTRE, con accesso libero per bambini, ragazzi e adulti sintomatici del mondo della scuola e rientri dall\u2019estero. Fino al 15 ottobre compreso continuer\u00e0 ad essere attivo il drive in tamponi di Borgo Ruga , 34 \u2013 accesso da via Panoramica.<\/p>\n<blockquote>\n<h3><\/h3>\n<\/blockquote>\n<hr \/>\n<h3><\/h3>\n<blockquote>\n<h3>E&#8217; MORTO CLAUDIO SINIGAGLIA, IL MESSAGGIO DEL PARTITO DEMOCRATICO VENETO<\/h3>\n<\/blockquote>\n<p><strong>VENEZIA<\/strong> Raggiunti dalla notizia della scomparsa di Claudio Sinigaglia, i consiglieri regionali del Pd ricordano cos\u00ec il compagno di partito che nelle ultime due legislature \u00e8 stato l\u2019anima di molte battaglie del Partito Democratico.<\/p>\n<blockquote><p><em><a class=\"dt-pswp-item\" href=\"https:\/\/www.radiopiu.net\/wordpress\/wp-content\/uploads\/2020\/10\/download-9.jpg\" data-dt-img-description=\"\" data-large_image_width=\"225\" data-large_image_height=\"225\"><img loading=\"lazy\" decoding=\"async\" class=\"size-full wp-image-166188 alignleft\" src=\"https:\/\/www.radiopiu.net\/wordpress\/wp-content\/uploads\/2020\/10\/download-9.jpg\" alt=\"\" width=\"225\" height=\"225\" srcset=\"https:\/\/www.radiopiu.net\/wordpress\/wp-content\/uploads\/2020\/10\/download-9.jpg 225w, https:\/\/www.radiopiu.net\/wordpress\/wp-content\/uploads\/2020\/10\/download-9-150x150.jpg 150w\" sizes=\"auto, (max-width: 225px) 100vw, 225px\" \/><\/a>\u201cSe non avesse dovuto lottare con un male pi\u00f9 forte della vita e della sua volont\u00e0, avrebbe continuato a rappresentare quei valori di giustizia, solidariet\u00e0, umanit\u00e0, rispetto e fede che sono stati la cifra del suo impegno di cattolico, di amministratore e di politico democratico. A Claudio Sinigaglia siamo tutti debitori, non solo come partito e come gruppo consiliare del Pd, ma come cittadini\u201d.\u00a0 \u201cLa sanit\u00e0, lo sport e la pratica sportiva, la promozione del volontariato e dell\u2019associazionismo, l\u2019attenzione per la disabilit\u00e0 e per i pi\u00f9 fragili, il servizio civile, la famiglia, l\u2019accesso all\u2019edilizia pubblica residenziale \u2013 ricordano i neoletti consiglieri Anna Maria Bigon, Vanessa Camani, Jonatan Montanariello, Giacomo Possamai, Andrea Zanoni,\u00a0Francesca Zottis e i loro colleghi della X legislatura Graziano Azzalin, Stefano Fracasso e Bruno Pigozzo \u00a0&#8211; sono i temi che l\u2019hanno impegnato in prima persona, con grande competenza, preparazione\u00a0 e costanza, prima da amministratore e vicesindaco di Padova, poi da consigliere regionale e vicepresidente delle\u00a0commissioni Sanit\u00e0 e Bilancio. Ci sono leggi, come gli ultimi due piani sociosanitari, la legge quadro sullo sport, le leggi per la famiglia, le norme per il contrasto al gioco d\u2019azzardo patologico, il riconoscimento istituzionale della figura dell\u2019amministratore di sostegno, la qualifica del Veneto come \u2018terra di pace\u2019 nel centenario della Grande Guerra, che portano il suo nome come proponente o per il suo attivo e propositivo contributo\u00a0 dai banchi dell\u2019opposizione. La sua sensibilit\u00e0 di cattolico democratico, la sua militanza attiva nel mondo ecclesiale, il suo impegno &#8211; personale prima che politico &#8211; nel sociale, nella scuola, in difesa dei cittadini pi\u00f9 deboli e per la pace, hanno sempre conferito credibilit\u00e0 e autorevolezza ai suoi interventi, specie nei momenti di confronto pi\u00f9 aspro e difficile tra maggioranza e opposizione\u201d.\u201cIn questo triste momento chiediamo che la nuova Assemblea, che andr\u00e0 a insediarsi \u00a0gioved\u00ec prossimo, riservi il giusto omaggio a un consigliere che ha contribuito cos\u00ec tanto alla vita delle istituzioni regionali e a dare forma a leggi, provvedimenti e servizi a sostegno dei pi\u00f9 deboli\u201d. \u201cAlla moglie Roberta, ai figli Edoardo, Gregorio e Virginia, giunga il nostro abbraccio pi\u00f9 forte e la promessa di\u00a0non disperdere la sua eredit\u00e0 di impegno,\u00a0cittadinanza attiva, partecipazione costruttiva e presenza tenace nelle istituzioni, nella convinta ricerca del superiore bene comune.<\/em><br \/>\n<em>Grazie Claudio\u201d.<\/em><\/p><\/blockquote>\n<p>&nbsp;<\/p>\n<p>&nbsp;<\/p>\n<p>&nbsp;<\/p>\n<hr \/>\n<blockquote>\n<h3><\/h3>\n<h3>OGGI GIORNATA DI MOBILITAZIONE DEI PRECARI DELLA SCUOLA. PRESIDIO IN PIAZZA DUOMO A BELLUNO E DELEGAZIONE DI INSEGNANTI DAL PREFETTO<\/h3>\n<\/blockquote>\n<p><strong><a class=\"dt-pswp-item\" href=\"https:\/\/www.radiopiu.net\/wordpress\/wp-content\/uploads\/2020\/06\/primo-piano-gli-studenti-che-scrivono-e-leggono-gli-fogli-di-risposta-degli-esami-di-esercitazione-in-aula-della-scuola-con-lo-stress_73622-858.jpg\" data-dt-img-description=\"\" data-large_image_width=\"626\" data-large_image_height=\"417\"><img loading=\"lazy\" decoding=\"async\" class=\"size-medium wp-image-143128 alignleft\" src=\"https:\/\/www.radiopiu.net\/wordpress\/wp-content\/uploads\/2020\/06\/primo-piano-gli-studenti-che-scrivono-e-leggono-gli-fogli-di-risposta-degli-esami-di-esercitazione-in-aula-della-scuola-con-lo-stress_73622-858-300x200.jpg\" alt=\"\" width=\"300\" height=\"200\" srcset=\"https:\/\/www.radiopiu.net\/wordpress\/wp-content\/uploads\/2020\/06\/primo-piano-gli-studenti-che-scrivono-e-leggono-gli-fogli-di-risposta-degli-esami-di-esercitazione-in-aula-della-scuola-con-lo-stress_73622-858-300x200.jpg 300w, https:\/\/www.radiopiu.net\/wordpress\/wp-content\/uploads\/2020\/06\/primo-piano-gli-studenti-che-scrivono-e-leggono-gli-fogli-di-risposta-degli-esami-di-esercitazione-in-aula-della-scuola-con-lo-stress_73622-858.jpg 626w\" sizes=\"auto, (max-width: 300px) 100vw, 300px\" \/><\/a>BELLUNO <\/strong>Nella giornata di mobilitazione nazionale dei precari della scuola, indetta per oggi, gli insegnanti bellunesi saranno in presidio davanti alla Prefettura di Belluno dalle 15.00 alle 16.30. La richiesta, che sar\u00e0 portata all\u2019attenzione del Prefetto nel corso di un incontro, \u00e8 precisa: un piano di stabilizzazioni attraverso procedure concorsuali straordinarie.\u00a0\u201c<em>Oggi &#8211; spiegano i rappresentanti territoriali di Flc Cgil, Cisl Scuola, Snals Confsal e Gilda Unams &#8211; il lavoro nelle scuole poggia anche sul 30% di organico occupato da lavoratrici e lavoratori precari che operano con professionalit\u00e0 e seriet\u00e0, rispetto ai quali si \u00e8 abusato del ricorso al contratto a termine senza mai offrire loro alcuna possibilit\u00e0 di abilitazione o di stabilizzazione. Avviare in un contesto di emergenza igienico-sanitaria lo svolgimento delle prove del concorso straordinario (e a seguire un maxi-concorso con oltre 500.000 candidati) non produce alcun effetto immediato in termini di assunzioni, mentre espone la scuola e il personale coinvolto a due ordini di rischi: un possibile aumento dei contagi nelle scuole e la possibilit\u00e0 che molti precari, trovandosi eventualmente in situazione di contagio o di quarantena come effetto del lavoro che svolgono e che li espone a tali condizioni, siano esclusi dalla partecipazione al concorso. Si tratta di un\u2019evenienza inaccettabile, che vanificherebbe per ragioni certamente non imputabili al personale, il lavoro di diversi anni<\/em>\u201d.\u00a0\u201c<em>Vi \u00e8 poi da chiedersi &#8211; proseguono i rappresentanti sindacali &#8211; se sia opportuno sottrarre alle scuole appena ripartite 66.000 docenti per almeno due giorni, con l\u2019incremento che ne discende, inoltre, dei flussi di mobilit\u00e0 sul territorio per quanti potrebbero partecipare alle prove in regione diversa da quella di servizio. \u00c8 necessario che Governo e Parlamento promuovano un pi\u00f9 complessivo ripensamento su una procedura che, se nell\u2019immediato si rivela unicamente un fattore di ulteriore stress per le scuole, meriterebbe comunque di essere riconsiderata alla luce di quanto avvenuto anche in altri settori della pubblica amministrazione, mettendo in atto percorsi di stabilizzazione per titoli e prova orale che consentirebbero di garantire l\u2019assunzione in forma stabile di quei precari gi\u00e0 oggi impegnati in cattedra<\/em>\u201d.\u00a0Tre le proposte avanzate dai Sindacati della scuola: stabilizzare tramite una prova orale e la valutazione dei titoli i docenti con tre anni di servizio; per quanto riguarda il sostegno, stabilizzare tramite prova orale i docenti specializzati, garantendo cos\u00ec la continuit\u00e0 didattica agli alunni con disabilit\u00e0; avviare dei percorsi abilitanti a regime per tutti e in particolare per i docenti con 3 anni di servizio.<\/p>\n<p>&nbsp;<\/p>\n<p>&nbsp;<\/p>\n<hr \/>\n<p>&nbsp;<\/p>\n<blockquote>\n<h3>GIORNATA NAZIONALE IN MEMORIA DELLE VITTIME DELL&#8217;IMMIGRAZIONE: IL 23 E 24 OTTOBRE A FELTRE \u201cCURARE LE FRONTIERE\u201d<\/h3>\n<\/blockquote>\n<p><strong><a class=\"dt-pswp-item\" href=\"https:\/\/www.radiopiu.net\/wordpress\/wp-content\/uploads\/2020\/06\/94e3b68b-d386-4f94-8aa8-30105c25932b.jpg\" data-dt-img-description=\"\" data-large_image_width=\"960\" data-large_image_height=\"720\"><img loading=\"lazy\" decoding=\"async\" class=\" wp-image-145789 alignleft\" src=\"https:\/\/www.radiopiu.net\/wordpress\/wp-content\/uploads\/2020\/06\/94e3b68b-d386-4f94-8aa8-30105c25932b-300x225.jpg\" alt=\"\" width=\"236\" height=\"177\" srcset=\"https:\/\/www.radiopiu.net\/wordpress\/wp-content\/uploads\/2020\/06\/94e3b68b-d386-4f94-8aa8-30105c25932b-300x225.jpg 300w, https:\/\/www.radiopiu.net\/wordpress\/wp-content\/uploads\/2020\/06\/94e3b68b-d386-4f94-8aa8-30105c25932b-768x576.jpg 768w, https:\/\/www.radiopiu.net\/wordpress\/wp-content\/uploads\/2020\/06\/94e3b68b-d386-4f94-8aa8-30105c25932b.jpg 960w\" sizes=\"auto, (max-width: 236px) 100vw, 236px\" \/><\/a>FELTRE\u00a0<\/strong>\u00a0Come noto, nel 2016 il Parlamento italiano ha istituito il 3 ottobre come Giornata nazionale in memoria delle vittime dell&#8217;immigrazione, in ricordo del naufragio di un&#8217;imbarcazione avvenuto nel 2013 a poche miglia dall&#8217;Isola di Lampedusa che caus\u00f2 la morte di 368 persone accertate e circa 20 dispersi presunti. Secondo una stima dell&#8217;Agenzia delle Nazioni Unite per i rifugiati (UNHCR), da quel 3 ottobre 2013 al 3 ottobre di quest&#8217;anno sono 20.390 le persone morte nel mar Mediterraneo, pi\u00f9 dell&#8217;intera popolazione del comune di Feltre. Per approfondire le tematiche dell&#8217;immigrazione e portare alla luce le problematiche umanitarie di tale fenomeno, l&#8217;Amministrazione programma una breve rassegna dal titolo \u201cCURARE LE FRONTIERE. Racconti di chi lotta contro la politica migratoria europea.\u201d Visto la concomitante manifestazione organizzata in collaborazione con l&#8217;ANPI, ISBREC e Liceo Dal Piaz, si \u00e8 ritenuto di spostare gli eventi al fine settimana 23-24 ottobre. Il programma dell&#8217;iniziativa prevede, venerd\u00ec 23 ottobre alle ore 20.30, all&#8217;Officinema la proiezione del documentario &#8220;Frontiere \u2013 Le vie d&#8217;Europa&#8221; alla presenza del regista e fotoreporter Valerio Nicolosi. Il film racconta quello che accade in mare attraverso le testimonianze dei protagonisti, migranti e volontari che soccorrono le imbarcazioni alla deriva. Valerio Nicolosi \u00e8 giornalista, regista e fotoreporter, vive a Roma dove collabora con l\u2019agenzia di stampa Associated Press, quotidiani e periodici italiani e internazionali. Ha collaborato con Reuters, Discovery Channel, ARD, Rai, Sky. Esperto di migrazioni e Medio Oriente, ha realizzato il documentario &#8220;Frontiere, le vie per l\u2019Europa&#8221;. Ha pubblicato 3 libri di racconti e fotografie, ha diretto 2 cortometraggi di fiction sulla periferie romana dove \u00e8 nato e cresciuto. Sabato 24 sar\u00e0 invece dedicato ad un approfondimento della rotta balcanica. Attraverso questa direzione arriva in Italia e in Europa una parte rilevante dei rifugiati del nostro continente. Alle ore 15.00, nella sala lettura del Polo Bibliotecario Feltrino, verr\u00e0 presentata una mostra di fotografie stampate e realizzate dallo stesso Nicolosi lungo la rotta balcanica. Successivamente alle ore 17.00 all&#8217;Officinema si terr\u00e0 un incontro, animato da Valerio Nicolosi e dai due fondatori dell&#8217;Associazione Linea d&#8217;Ombra, Lorena Fornasir e Gian Andrea Franchi, incentrato sull&#8217;attuale situazione di questa via d&#8217;accesso all&#8217;Europa che dal 2018-2019 ha subito un notevole incremento corrispondente alla diminuzione della rotta mediterranea. \u201c<em>Il tema delle migrazioni, da varie parti del mondo, rappresenta un fenomeno che non riguarda pi\u00f9 soltanto le cronache o le politiche sociali ed economiche, ma costituisce una vera\u00a0 e propria questione planetaria\u201d, commenta l&#8217;assessore alla cultura del Comune di Feltre Alessandro Del Bianco, che aggiunge: \u201cIl lavoro \u201csul campo\u201d deve essere condotto di pari passo con un processo di sensibilizzazione e di informazione che riguarda tutte le generazioni e per il quale il Comune di Feltre \u00e8 da tempo in prima linea<\/em>\u201d.<\/p>\n<p>&nbsp;<\/p>\n<p>&nbsp;<\/p>\n<hr \/>\n<p>&nbsp;<\/p>\n<blockquote>\n<h3>LA SCORSA NOTTE AL GELO DA PIAN CANSIGLIO AI PASSI DOLOMITI<\/h3>\n<\/blockquote>\n<div dir=\"ltr\"><strong><img loading=\"lazy\" decoding=\"async\" class=\"alignleft\" src=\"https:\/\/www.radiopiu.net\/wordpress\/wp-content\/uploads\/2017\/01\/gelo-2.jpg\" width=\"233\" height=\"131\" \/>Temperature minime della scorsa notte nelle localit\u00e0\u00a0normalmente pi\u00f9 fredde del Veneto<\/strong><\/div>\n<div>\n<div>\n<div>\n<div>\n<div>\n<div>\n<div>\n<div>\n<div>\n<div>\n<div>\n<div>\n<div>\n<div>\n<div>\n<div>\n<div>\n<div>\n<div>\n<div>\n<div>\n<div>\n<div>\n<div>\n<div>\n<div>\n<div>\n<div>\n<div>\n<div>\n<div>\n<div>\n<div>\n<div>\n<div>\n<div>\n<div>\n<div>\n<div>\n<p>Pian Cansiglio (BL-1028 m)\u00a0 <strong>-7.1\u00b0C <\/strong>Val Visdende (BL-1240 m) <strong>-4.5\u00b0C <\/strong>Passo Cimabanche (BL-1530 m)\u00a0<strong>n.p. <\/strong>Passo Pordoi (BL-2155 m) <strong>-6.4\u00b0C <\/strong>Marmolada (BL-3256 m) <b>n.p. <\/b>Piana di Marcesina (VI-1310 m) <strong>-7.7\u00b0C <\/strong><\/p>\n<blockquote><p><em>Dolina Campoluzzo (VI-1768 m) -18.7\u00b0C Questo dato va considerato come semplice curiosit\u00e0 (registrato sul fondo di una conca, in una sperduta zona di montagna, non rappresentativo dell&#8217;area circostante)<\/em><\/p><\/blockquote>\n<p><em><strong>Temperature minime assolute negli ultimi\u00a035 anni nelle localit\u00e0 considerate<\/strong><\/em><\/p>\n<p>Pian Cansiglio -29.5\u00b0C (1 marzo 2005) Val Visdende -26.4\u00b0C (1 marzo 2005) Passo Cimabanche -30\u00b0C (7 gennaio 1985) Passo Pordoi -26.2\u00b0C (6 gennaio 1985) Marmolada -30.4\u00b0C (30 gennaio 1999) Piana di Marcesina -32.0\u00b0C (1 marzo 2005)<\/p>\n<blockquote><p><em>Dolina Campoluzzo -44.1\u00b0C (26 febbraio 2018)<\/em><\/p>\n<p>&nbsp;<\/p><\/blockquote>\n<p>&nbsp;<\/p>\n<hr \/>\n<\/div>\n<\/div>\n<\/div>\n<\/div>\n<\/div>\n<\/div>\n<\/div>\n<\/div>\n<\/div>\n<\/div>\n<\/div>\n<\/div>\n<blockquote>\n<h3><\/h3>\n<h3>LA ULSS1 DOLOMITI CERCA INFERMIERI IN LIBERA PROFESSIONE<\/h3>\n<\/blockquote>\n<\/div>\n<\/div>\n<\/div>\n<\/div>\n<\/div>\n<\/div>\n<\/div>\n<\/div>\n<\/div>\n<\/div>\n<\/div>\n<\/div>\n<\/div>\n<\/div>\n<\/div>\n<\/div>\n<\/div>\n<\/div>\n<\/div>\n<\/div>\n<\/div>\n<\/div>\n<\/div>\n<\/div>\n<\/div>\n<\/div>\n<\/div>\n<p><strong>BELLUNO <\/strong>Nell\u2019ambito delle azioni per fronteggiare l\u2019emergenza COVID, l\u2019Ulss Dolomiti ricorda che \u00e8 aperto un bando per la formazione di elenchi di infermieri disponibili ad assumere incarichi di natura libero professionale. I requisiti richiesti sono la laurea infermieristica e l\u2019iscrizione all\u2019abo. Per gli infermieri in pensione, grazie alla collaborazione con l\u2019Ordine, \u00e8 prevista una procedura semplificata per l\u2019iscrizione all\u2019albo. Per qualsiasi informazione \u00e8 possibile contattare la Segreteria amministrativa al numero 0437 30466 o mandare una mail a segreteria@opibelluno.it<\/p>\n<p>&nbsp;<\/p>\n<p>&nbsp;<\/p>\n<hr \/>\n<p>&nbsp;<\/p>\n<blockquote>\n<h3>AL VIA UN CORSO ONLINE SULL&#8217;AFFIDO FAMILIARE<\/h3>\n<\/blockquote>\n<p><strong>BELLUNO<\/strong> I Centri per l&#8217;Affido e la Solidariet\u00e0 Familiare (CASF) dell&#8217;ULSS n\u00b0 1 Dolomiti \u2013 \u00e8quipe di Belluno e Feltre \u2013 organizzano un corso informativo e formativo on-line sul tema dell&#8217;affido familiare, con l&#8217;auspicio che questa modalit\u00e0 possa coinvolgere pi\u00f9 facilmente un sempre maggior numero di persone da ogni parte della Provincia. Il corso \u00e8 rivolto a famiglie, coppie e persone singole che desiderano avvicinarsi alla realt\u00e0 dell&#8217;affido familiare. Il corso, per la prima volta, si svolger\u00e0 online. Le iscrizioni vanno inviate entro il 15 ottobre a centroaffido.bl@aulss1.veneto.it oppure a centroaffido.fe@aulss1.veneto.it. Gli incontri saranno a cura della psicologa Patrizia Stevanin, e dell&#8217;assistente sociale Carmen Rossi. Nel 2019 sono stati 53 i bambini\/adolescenti accolti in affido familiare nella nostra Provincia.<\/p>\n<blockquote>\n<h3><\/h3>\n<\/blockquote>\n<hr \/>\n<h3><\/h3>\n<p lang=\"it-IT\" align=\"CENTER\"><span style=\"color: #000000;\"><span style=\"color: #0066cc;\"> <span style=\"font-family: Times New Roman, serif;\"><span style=\"font-size: medium;\"><b>LA MONGOLFIERA DI GIORGIA: NUOVO BANDO <\/b><\/span><\/span><\/span><\/span><b style=\"color: #0066cc; font-size: medium; font-family: 'Times New Roman', serif;\">A SOSTEGNO DI GIOVANI CON DISABILIT\u00c0<\/b><\/p>\n<p lang=\"it-IT\" align=\"CENTER\"><span style=\"color: #000000;\"><span style=\"font-family: Times New Roman, serif;\"><span style=\"font-size: medium;\"><span style=\"color: #0066cc;\"><b>Dedicato al giovane Alessio Bortoluzzi, prematuramente scomparso<\/b><\/span><\/span><\/span><\/span><\/p>\n<p>&nbsp;<\/p>\n<p><strong><a class=\"dt-pswp-item\" href=\"https:\/\/www.radiopiu.net\/wordpress\/wp-content\/uploads\/2020\/10\/alessio-bortoluzzi.jpg\" data-dt-img-description=\"\" data-large_image_width=\"521\" data-large_image_height=\"953\"><img loading=\"lazy\" decoding=\"async\" class=\"size-medium wp-image-166167 alignleft\" src=\"https:\/\/www.radiopiu.net\/wordpress\/wp-content\/uploads\/2020\/10\/alessio-bortoluzzi-164x300.jpg\" alt=\"\" width=\"164\" height=\"300\" srcset=\"https:\/\/www.radiopiu.net\/wordpress\/wp-content\/uploads\/2020\/10\/alessio-bortoluzzi-164x300.jpg 164w, https:\/\/www.radiopiu.net\/wordpress\/wp-content\/uploads\/2020\/10\/alessio-bortoluzzi.jpg 521w\" sizes=\"auto, (max-width: 164px) 100vw, 164px\" \/><\/a>BELLUNO <\/strong><span style=\"font-family: Times New Roman, serif;\">Sar\u00e0 dedicato alla memoria di Alessio Bortoluzzi, giovane di Santa Giustina prematuramente scomparso lo scorso agosto (foto a sinistra), il nuovo bando de \u201cLa mongolfiera di Giorgia\u201d. <\/span><span style=\"font-family: Times New Roman, serif;\">Il bando e gli altri progetto dell&#8217;associazione bellunese saranno presentati venerd\u00ec 23 ottobre alle 20 presso la\u00a0<\/span><\/p>\n<p><img loading=\"lazy\" decoding=\"async\" class=\"size-medium wp-image-166168 alignright\" src=\"https:\/\/www.radiopiu.net\/wordpress\/wp-content\/uploads\/2020\/10\/giorgia-praloran2-165x300.jpg\" alt=\"\" width=\"165\" height=\"300\" srcset=\"https:\/\/www.radiopiu.net\/wordpress\/wp-content\/uploads\/2020\/10\/giorgia-praloran2-165x300.jpg 165w, https:\/\/www.radiopiu.net\/wordpress\/wp-content\/uploads\/2020\/10\/giorgia-praloran2.jpg 526w\" sizes=\"auto, (max-width: 165px) 100vw, 165px\" \/><\/p>\n<p><span style=\"font-family: Times New Roman, serif;\">sala congressi di Villa Patt, a Sedico. <\/span><em><span style=\"font-family: 'Times New Roman', serif;\">\u00abQuest&#8217;anno ci rivolgiamo ai nostri ragazzi speciali con un bando altrettanto speciale perch\u00e9 sar\u00e0 dedicato ad Alessio, figlio quindicenne dei nostri soci Michela e Adriano, che purtroppo ci ha lasciato ad agosto di quest&#8217;anno a causa di un incidente\u00bb spiega la presidente Ivana Turrin. \u00abIl bando avr\u00e0 una validit\u00e0 di due mesi a partire da sabato 10 ottobre, giorno che segnava il quarto anniversario dalla scomparsa di Giorgia\u00bb. <\/span><\/em><span style=\"font-family: Times New Roman, serif;\">Proprio i genitori di Alessio, nel giorno del suo saluto, hanno effettuato una raccolta fondi, pensando poi a \u201cLa mongolfiera di Giorgia (foto a destra)\u201d quale destinataria dei proventi: 1.500 euro, che l&#8217;associazione destiner\u00e0 ai ragazzi in difficolt\u00e0. <\/span><span style=\"font-family: Times New Roman, serif;\">Il nuovo bando aggiunge una somma a cura dell&#8217;associazione stessa, arrivando cos\u00ec a stanziare 3.000 euro nel complesso. Lo scopo, come di consueto, \u00e8 di procedere direttamente all\u2019acquisto di beni o servizi che il beneficiario ritenga utili per il proprio benessere psico-fisico o, in caso di impossibilit\u00e0 a coprire l\u2019importo totale, di contribuire a una quota parte della spesa segnalata. <\/span><span style=\"font-family: 'Times New Roman', serif;\">Possono presentare domanda soggetti, residenti in Veneto o seguiti da strutture pubbliche sanitarie venete, con disabilit\u00e0 anche temporanee, legalmente certificate, tra i 13 e i 24 anni. L\u2019associazione potr\u00e0 anche erogare fondi a soggetti beneficiari direttamente segnalati ufficialmente dall\u2019Ulss di competenza. <\/span><span style=\"font-family: Times New Roman, serif;\">Le domande dovranno essere presentate fino al 10 dicembre 2020, con l\u2019invio del modulo scaricabile da www.lamongolfieradigiorgia.it o richiedibile alla mail lamongolfieradigiorgia@gmail.com.<\/span><\/p>\n<p>&nbsp;<\/p>\n<hr \/>\n<p>&nbsp;<\/p>\n<p>&nbsp;<\/p>\n<blockquote>\n<h3>DOMANI ALLE 17 IN SALA TEAZ SI CONOSCERA&#8217; IL FUTURO DEI SERRAI DI SOTTOGUDA IN DIRETTA FACEBOOK E ALLA RADIO<\/h3>\n<\/blockquote>\n<blockquote>\n<h3><\/h3>\n<\/blockquote>\n<p><strong><a class=\"dt-pswp-item\" href=\"https:\/\/www.radiopiu.net\/wordpress\/wp-content\/uploads\/2020\/07\/1091-2020-LavoriSerrai2020_3.jpg\" data-dt-img-description=\"\" data-large_image_width=\"1024\" data-large_image_height=\"768\"><img loading=\"lazy\" decoding=\"async\" class=\" wp-image-152016 alignleft\" src=\"https:\/\/www.radiopiu.net\/wordpress\/wp-content\/uploads\/2020\/07\/1091-2020-LavoriSerrai2020_3-300x225.jpg\" alt=\"\" width=\"185\" height=\"139\" srcset=\"https:\/\/www.radiopiu.net\/wordpress\/wp-content\/uploads\/2020\/07\/1091-2020-LavoriSerrai2020_3-300x225.jpg 300w, https:\/\/www.radiopiu.net\/wordpress\/wp-content\/uploads\/2020\/07\/1091-2020-LavoriSerrai2020_3-768x576.jpg 768w, https:\/\/www.radiopiu.net\/wordpress\/wp-content\/uploads\/2020\/07\/1091-2020-LavoriSerrai2020_3.jpg 1024w\" sizes=\"auto, (max-width: 185px) 100vw, 185px\" \/><\/a>ROCCA PIETORE<\/strong> Sar\u00e0 presentato alla popolazione il progetto per la rinascita dei Serrai di Sottoguda. DOMANI ALLE 17 in diretta radio e facebook.<\/p>\n<p><strong>IL SINDACO ANDREA DE BERNARDIN\u00a0<\/strong><\/p>\n<audio class=\"wp-audio-shortcode\" id=\"audio-165995-9\" preload=\"none\" style=\"width: 100%;\" controls=\"controls\"><source type=\"audio\/mpeg\" src=\"https:\/\/www.radiopiu.net\/wordpress\/wp-content\/uploads\/2020\/10\/ANDREA-15.mp3?_=9\" \/><a href=\"https:\/\/www.radiopiu.net\/wordpress\/wp-content\/uploads\/2020\/10\/ANDREA-15.mp3\">https:\/\/www.radiopiu.net\/wordpress\/wp-content\/uploads\/2020\/10\/ANDREA-15.mp3<\/a><\/audio>\n<p>&nbsp;<\/p>\n<p>&nbsp;<\/p>\n<p>&nbsp;<\/p>\n<p>&nbsp;<\/p>\n<p>&nbsp;<\/p>\n<p>&nbsp;<\/p>\n<hr \/>\n<blockquote>\n<h3><\/h3>\n<h3>DOMANI APERITIVO PER I FUTURI EYEWEAR PRODUCT MANAGER<\/h3>\n<\/blockquote>\n<p><a class=\"dt-pswp-item\" href=\"https:\/\/www.radiopiu.net\/wordpress\/wp-content\/uploads\/2020\/10\/aperitivo-15-ott-3-scaled.jpg\" data-dt-img-description=\"\" data-large_image_width=\"1810\" data-large_image_height=\"2560\"><img loading=\"lazy\" decoding=\"async\" class=\" wp-image-165198 alignleft\" src=\"https:\/\/www.radiopiu.net\/wordpress\/wp-content\/uploads\/2020\/10\/aperitivo-15-ott-3-212x300.jpg\" alt=\"\" width=\"161\" height=\"228\" srcset=\"https:\/\/www.radiopiu.net\/wordpress\/wp-content\/uploads\/2020\/10\/aperitivo-15-ott-3-212x300.jpg 212w, https:\/\/www.radiopiu.net\/wordpress\/wp-content\/uploads\/2020\/10\/aperitivo-15-ott-3-724x1024.jpg 724w, https:\/\/www.radiopiu.net\/wordpress\/wp-content\/uploads\/2020\/10\/aperitivo-15-ott-3-768x1086.jpg 768w, https:\/\/www.radiopiu.net\/wordpress\/wp-content\/uploads\/2020\/10\/aperitivo-15-ott-3-1086x1536.jpg 1086w, https:\/\/www.radiopiu.net\/wordpress\/wp-content\/uploads\/2020\/10\/aperitivo-15-ott-3-1448x2048.jpg 1448w, https:\/\/www.radiopiu.net\/wordpress\/wp-content\/uploads\/2020\/10\/aperitivo-15-ott-3-scaled.jpg 1810w\" sizes=\"auto, (max-width: 161px) 100vw, 161px\" \/><\/a><strong>LONGARONE<\/strong> Professionisti all\u2019opera per toccare con mano le opportunit\u00e0 della 7\u00b0 edizione del corso \u00a0ITS ACADEMY PER EYEWEAR PRODUCT MANAGER: domani dalle 17 un evento con i laboratori esperienziali tenuti dagli stessi docenti del corso. Dagli sketch a mano libera, alla progettazione 3D fino alle frese del nuovo laboratorio prototipazione: tutti i diplomati ancora incerti sono invitati a cimentarsi con le fasi di realizzazione dell\u2019occhiale. La seconda fase di selezione per il corso \u00e8\u00a0 fissata al 22 ottobre, ultima opportunit\u00e0 agli indecisi. Il corso \u00e8 un\u2019alternativa all\u2019Universit\u00e0 che in 2 anni permette di affrontare un percorso altamente specialistico in cui vengono condensate 1200 ore di lezione e\u00a0 800 ore di tirocinio. Per accedere al test baster\u00e0 compilare la domanda di partecipazione nell&#8217;home page del sito www.itscosmo.it. Per ogni ulteriore informazione, Area Formazione di Certottica allo 0437 573157, oppure via mail a formazione@certottica.it.<\/p>\n<p>&nbsp;<\/p>\n<p>&nbsp;<\/p>\n<hr \/>\n<p>&nbsp;<\/p>\n<blockquote>\n<h3>ITS MECCATRONICO, NUOVO ROUND DI SELEZIONI IL 22 OTTOBRE<\/h3>\n<\/blockquote>\n<p><strong>BELLUNO<\/strong> Una borsa di studio per ogni studente dell\u2019ITS Meccatronico: \u00e8 questo l\u2019impegno del Gruppo Giovani di Confindustria Belluno Dolomiti a pochi giorni dalle nuove selezioni in programma il 22 ottobre a Belluno. Le iscrizioni per il corso \u201cTecnico superiore per l\u2019automazione e i sistemi meccatronici\u201d sono ancora aperte e la Fondazione ITS-Academy Meccatronico del Veneto sta raccogliendo adesioni da tutto il territorio non solo bellunese. L\u2019ITS meccatronico (ITS sta per Istituto Tecnico Superiore) \u00e8 un corso post-maturit\u00e0, biennale, che prevede duemila ore di formazione &#8211; di queste 1200 in aula, 800 in azienda &#8211; e rivolto a tutte le persone con diploma di scuola secondaria di secondo grado, studenti, inoccupati, disoccupati. Per tutte le informazioni sulle selezioni del 22 ottobre a Belluno e le preiscrizioni contattare www.itsmeccatr<\/p>\n<p>&nbsp;<\/p>\n<p>&nbsp;<\/p>\n<hr \/>\n<p>&nbsp;<\/p>\n<blockquote>\n<h3>TORNANO LE GIORNATE FAI D\u2019AUTUNNO. CONFERENZE E VISITE ALLA SCOPERTA DI PALAZZO ROSSO E PALAZZO PILONI CON I VOLONTARI FAI<\/h3>\n<\/blockquote>\n<p><strong><a class=\"dt-pswp-item\" href=\"https:\/\/www.radiopiu.net\/wordpress\/wp-content\/uploads\/2019\/02\/palazzo_piloni_belluno.jpg\" data-dt-img-description=\"\" data-large_image_width=\"1000\" data-large_image_height=\"667\"><img loading=\"lazy\" decoding=\"async\" class=\"size-medium wp-image-77618 alignleft\" src=\"https:\/\/www.radiopiu.net\/wordpress\/wp-content\/uploads\/2019\/02\/palazzo_piloni_belluno-300x200.jpg\" alt=\"\" width=\"300\" height=\"200\" srcset=\"https:\/\/www.radiopiu.net\/wordpress\/wp-content\/uploads\/2019\/02\/palazzo_piloni_belluno-300x200.jpg 300w, https:\/\/www.radiopiu.net\/wordpress\/wp-content\/uploads\/2019\/02\/palazzo_piloni_belluno-768x512.jpg 768w, https:\/\/www.radiopiu.net\/wordpress\/wp-content\/uploads\/2019\/02\/palazzo_piloni_belluno.jpg 1000w\" sizes=\"auto, (max-width: 300px) 100vw, 300px\" \/><\/a>BELLUNO <\/strong>Dopo il successo delle Giornate all\u2019aperto dello scorso giugno, torna il tradizionale appuntamento delle Giornate d\u2019Autunno che il Fondo Ambiente Italiano organizza per promuovere la valorizzazione, la tutela e il recupero del ricco patrimonio d\u2019arte e natura del nostro territorio nazionale. Il Fai propone un evento su prenotazione consigliata\u00a0per la prima volta in due weekend e non in uno (il 17-18 e il 24-25 ottobre), per fare in modo che quanta pi\u00f9 gente possa godere della bellezza e dell\u2019offerta culturale. \u00c8 fortemente consigliato prenotare la visita sul sito <a href=\"https:\/\/www.giornatefai.it\/\">www.giornatefai.i<\/a><\/p>\n<p>&nbsp;<\/p>\n<p>&nbsp;<\/p>\n<p>&nbsp;<\/p>\n<hr \/>\n<p>&nbsp;<\/p>\n<p>&nbsp;<\/p>\n<blockquote>\n<h3>SABATO 17 OTTOBRE LA PRESENTAZIONE DEL PROGETTO DOLOMIA IN SALA DON TAMIS<\/h3>\n<\/blockquote>\n<p><strong><a class=\"dt-pswp-item\" href=\"https:\/\/www.radiopiu.net\/wordpress\/wp-content\/uploads\/2020\/10\/FOLLADOR-DE-ROSSI-scaled.jpg\" data-dt-img-description=\"\" data-large_image_width=\"2560\" data-large_image_height=\"1193\"><img loading=\"lazy\" decoding=\"async\" class=\"size-medium wp-image-164367 alignleft\" src=\"https:\/\/www.radiopiu.net\/wordpress\/wp-content\/uploads\/2020\/10\/FOLLADOR-DE-ROSSI-300x140.jpg\" alt=\"\" width=\"300\" height=\"140\" srcset=\"https:\/\/www.radiopiu.net\/wordpress\/wp-content\/uploads\/2020\/10\/FOLLADOR-DE-ROSSI-300x140.jpg 300w, https:\/\/www.radiopiu.net\/wordpress\/wp-content\/uploads\/2020\/10\/FOLLADOR-DE-ROSSI-1024x477.jpg 1024w, https:\/\/www.radiopiu.net\/wordpress\/wp-content\/uploads\/2020\/10\/FOLLADOR-DE-ROSSI-768x358.jpg 768w, https:\/\/www.radiopiu.net\/wordpress\/wp-content\/uploads\/2020\/10\/FOLLADOR-DE-ROSSI-1536x716.jpg 1536w, https:\/\/www.radiopiu.net\/wordpress\/wp-content\/uploads\/2020\/10\/FOLLADOR-DE-ROSSI-2048x954.jpg 2048w, https:\/\/www.radiopiu.net\/wordpress\/wp-content\/uploads\/2020\/10\/FOLLADOR-DE-ROSSI-640x298.jpg 640w\" sizes=\"auto, (max-width: 300px) 100vw, 300px\" \/><\/a>AGORDO<\/strong> Sabato 17 ottobre presso la Sala Don Tamis ad Agordo verr\u00e0 presentato il Progetto Dolomia <strong>\u201c<\/strong>La via della Dolomia: il viaggio della roccia nelle Alpi Dolomitiche\u201d, realizzato in collaborazione con il Dipartimento di Tecnologia dei Materiali dell\u2019Universit\u00e0 di Innsbruck. Il progetto dar\u00e0 l\u2019opportunit\u00e0 di far scoprire ed esplorare, in modo guidato ed ecosostenibile, il territorio compreso tra le\u00a0Dolomiti Patrimonio UNESCO\u00a0e l\u2019area delle\u00a0Alpi del Tirolo, con riferimento al\u00a0materiale pietra Dolomia. Interverranno autorit\u00e0 e relatori di primario rilievo nel settore e, al termine della conferenza, avr\u00e0 luogo l\u2019inaugurazione del Percorso Geoturistico e successiva visita guidata Villa De Manzoni e Museo Geologico di Agordo.<\/p>\n<p>&nbsp;<\/p>\n<p>&nbsp;<\/p>\n<hr \/>\n<p>&nbsp;<\/p>\n<blockquote>\n<h3>NUOVI CORSI PER OPERATORE SOCIO SANITARIO: PRESELEZIONE SPOSTATA AL 22 OTTOBRE<\/h3>\n<\/blockquote>\n<p><strong>BELLUNO <\/strong>C\u2019\u00e8 ancora qualche giorno di tempo per iscriversi ai nuovi percorsi Oss 2020-2021. La preselezione, infatti, \u00e8 stata spostata in avanti, al 22 ottobre.\u00a0Sono sette i corsi in programma, per 210 posti a disposizione. Un numero funzionale a coprire il fabbisogno di queste figure professionali per l\u2019immediato futuro, dato che secondo le stime della Regione Veneto da qui ai prossimi due anni ne serviranno 350 nella sola provincia di Belluno.\u00a0Sono previsti tre cicli. A copertura dei costi di organizzazione, intervengono Provincia (con un finanziamento di 35mila euro) e Consorzio Bim. A sostegno invece dei corsisti ci sar\u00e0 l\u2019intervento del Rotary Club Belluno.\u00a0Per partecipare ai corsi \u00e8 necessario avere assolto al diritto dovere all\u2019istruzione e formazione professionale ai sensi della normativa vigente, oppure il compimento del 18\u00b0 anno di et\u00e0 alla data di iscrizione e il titolo di licenza media. Possono partecipare ai percorsi formativi anche i cittadini stranieri, ma devono possedere il certificato di competenza linguistica rilasciato da enti certificatori, almeno di livello B1. I corsi sono accessibili sia alle persone disoccupate che agli occupati.\u00a0Informazioni dettagliate all\u2019indirizzo mail ambito.belluno@venetolavoro.it.<\/p>\n<p>&nbsp;<\/p>\n<p>&nbsp;<\/p>\n<hr \/>\n<p>&nbsp;<\/p>\n<blockquote>\n<h3>IN PROGRAMMA L\u2019ASSEMBLEA ORDINARIA DELL\u2019ASSOCIAZIONE PETTIROSSO AGORDINO<\/h3>\n<\/blockquote>\n<p><strong class=\"photoswipe-wrapper\"><a class=\"dt-pswp-item pspw-wrap-ready\" href=\"https:\/\/i2.wp.com\/www.radiopiu.net\/wordpress\/wp-content\/uploads\/2016\/03\/cucc-pettirosso-15.jpg?ssl=1\" data-dt-img-description=\"\" data-large_image_width=\"400\" data-large_image_height=\"200\"><img loading=\"lazy\" decoding=\"async\" class=\" wp-image-17194 alignleft\" src=\"https:\/\/i2.wp.com\/www.radiopiu.net\/wordpress\/wp-content\/uploads\/2016\/03\/cucc-pettirosso-15.jpg?resize=234%2C117&amp;ssl=1\" sizes=\"auto, (max-width: 234px) 100vw, 234px\" srcset=\"https:\/\/i2.wp.com\/www.radiopiu.net\/wordpress\/wp-content\/uploads\/2016\/03\/cucc-pettirosso-15.jpg?resize=300%2C150&amp;ssl=1 300w, https:\/\/i2.wp.com\/www.radiopiu.net\/wordpress\/wp-content\/uploads\/2016\/03\/cucc-pettirosso-15.jpg?w=400&amp;ssl=1 400w\" alt=\"\" width=\"234\" height=\"117\" data-recalc-dims=\"1\" \/><\/a>AGORDO<\/strong> \u00c8 in programma per marted\u00ec 20 ottobre l\u2019assemblea ordinaria dell\u2019Associazione Pettirosso Agordino presso la sala Don Tamis dell\u2019Unione Montana ad Agordo. 5 punti all\u2019ordine del giorno. La ratifica del consiglio direttivo di ammissione nuovi soci, relazione esercizio sociale dell\u2019anno 2019, presentazione e approvazione del bilancio 2019, presentazione e approvazione del bilancio preventivo 2020, varie ed eventuali.<\/p>\n<blockquote>\n<h3>PRENDERSI CURA QUANDO NON SI PUO&#8217; GUARIRE<\/h3>\n<\/blockquote>\n<p><span style=\"color: #ff0000;\">V CORSO DI FORMAZIONE PER VOLONTARI PETTIROSSO AGORDINO<\/span><\/p>\n<p><strong>AGORDO<\/strong> E&#8217; iniziato ad agordo giovedi\u00a0 1 ottobre il quinto corso organizzato dall&#8217;associazione Pettirosso Agordino,\u00a0 che si \u00a0occupa dello studio, della promozione, l&#8217;organizzazione e l&#8217;attuazione di forme di\u00a0 assistenza ai malati terminali, alle persone affette da demenza e ai loro familiari, nella consapevolezza che le malattie evolutive ed irreversibili incidono sugli aspetti emotivi, cognitivi e relazionali della persona, ma inevitabilmente si riflettono anche sui familiari e sul contesto di appartenenza del malato. Il secondo appuntamento <strong>gioved\u00ec 15 ottobre 2020 alle 20.30 in Sala Don Tamis<\/strong> terzo appuntamento: Servizi e rete per la demenza nell&#8217;Agordino Relatori: &#8211; D.ssa Sara Luppini, psicologa ASCA; &#8211; Alessia Pinali, A.S. ASCA. Le altre serate sono in programma ogni giovedi fino al 19 novembre, gli incontri sono aperti a tutti ed a titolo gratuito. Per chi vuole diventare volontario, la frequenza richiesta \u00e8 di minimo 6 incontri. Dopo il percorso formativo potr\u00e0 essere concordato un periodo di tirocinio in struttura RSA, Hospice e a domicilio.<\/p>\n<p>&nbsp;<\/p>\n<hr \/>\n<p>&nbsp;<\/p>\n<p>&nbsp;<\/p>\n<p><strong><a class=\"dt-pswp-item\" href=\"https:\/\/www.radiopiu.net\/wordpress\/wp-content\/uploads\/2020\/10\/121396645_1492537334267662_6746075920379484464_o1.jpg\" data-dt-img-description=\"\" data-large_image_width=\"663\" data-large_image_height=\"960\"><img loading=\"lazy\" decoding=\"async\" class=\"size-medium wp-image-166013 alignleft\" src=\"https:\/\/www.radiopiu.net\/wordpress\/wp-content\/uploads\/2020\/10\/121396645_1492537334267662_6746075920379484464_o1-207x300.jpg\" alt=\"\" width=\"207\" height=\"300\" srcset=\"https:\/\/www.radiopiu.net\/wordpress\/wp-content\/uploads\/2020\/10\/121396645_1492537334267662_6746075920379484464_o1-207x300.jpg 207w, https:\/\/www.radiopiu.net\/wordpress\/wp-content\/uploads\/2020\/10\/121396645_1492537334267662_6746075920379484464_o1.jpg 663w\" sizes=\"auto, (max-width: 207px) 100vw, 207px\" \/><\/a><\/strong><\/p>\n<p>&nbsp;<\/p>\n<p>&nbsp;<\/p>\n<p>&nbsp;<\/p>\n<p>&nbsp;<\/p>\n<p><strong>IERI ALLA RADIO, LEGGERMENTE BELLUNESI DI LUISA ALCHINI, SECONDA PUNTATA-SETTIMA STAGIONE<\/strong><\/p>\n<audio class=\"wp-audio-shortcode\" id=\"audio-165995-10\" preload=\"none\" style=\"width: 100%;\" controls=\"controls\"><source type=\"audio\/mpeg\" src=\"https:\/\/www.radiopiu.net\/wordpress\/wp-content\/uploads\/2020\/10\/2leggermentevoltago12e13ottobre1944.mp3?_=10\" \/><a href=\"https:\/\/www.radiopiu.net\/wordpress\/wp-content\/uploads\/2020\/10\/2leggermentevoltago12e13ottobre1944.mp3\">https:\/\/www.radiopiu.net\/wordpress\/wp-content\/uploads\/2020\/10\/2leggermentevoltago12e13ottobre1944.mp3<\/a><\/audio>\n<p>&nbsp;<\/p>\n<p>&nbsp;<\/p>\n<hr \/>\n<p>&nbsp;<\/p>\n<blockquote>\n<h3>INTORNO AL 1200 PRIME NOTIZIE DI RIVA!<\/h3>\n<\/blockquote>\n<p><strong>di RENATO BONA<\/strong><\/p>\n<div class=\"_3_bl\">\n<div class=\"_5w1r _3_om _5wdf\">\n<div class=\"_4gx_\">\n<div><strong>RIVAMONTE<\/strong> Si apre con l\u2019affermazione; \u201cRiva, un paese, una storia, folklore, tradizione, lavoro, emigrazione di gente forte e laboriosa\u201d la rassegna di 66 fotografie dal 1888 al 1950 selezionate e riprodotte da Giuliano Laveder, con testo di Raffaello Vergani, proposte da Nuovi Sentieri editore di Bepi Pellegrinon (stampa della trevigiana Litografia Antiga di Cornuda) a cura del Comune di Rivamonte Agordino con il contributo della Parrocchia e dell\u2019Azienda autonoma soggiorno e turismo Conca Agordina, in occasione della mostra fotografica \u201cRiva de na olta\u201d dell\u2019estate 1983. In precedenza, Vergani ci ricorda che \u201cLe prime notizie di Riva risalgono intorno al 1200: si tratta sicuramente, allora, di una piccolissima comunit\u00e0 dedita, come tante altre nelle Alpi venete, alla magra agricoltura di montagna, alla pastorizia e ai lavori di bosco\u201d. Probabilmente, spiega, nel primo decennio del \u2018400 ha inizio lo sfruttamento minerario di Valle Imperina, situata ai piedi del Monte Armarolo e quindi al di sotto dei vari nuclei abitati che compongono il paese. Precisa quindi che: \u201cPer quasi due secoli, tuttavia, i rapporti tra Riva e le miniere non saranno particolarmente stretti. I concessionari e gli imprenditori sono inizialmente tedeschi, poi affiancati e quindi sostituiti gradualmente da veneziani, bellunesi, agordini. La mano d\u2019opera specializzata (i canopi) \u00e8 pure tedesca; i lavoratori locali devono essere pochissimi, e impiegati per di pi\u00f9 nelle mansioni meno qualificate; solo nella seconda met\u00e0 del \u2018500 sembra di avvertire una incipiente maggior presenza tra i lavoratori di personale agordino. La produzione, oltretutto \u2013 rame, vetriolo e un po\u2019 d\u2019argento \u2013 anche se importante nel quadro della Repubblica veneta, \u00e8 modesta in assoluto\u201d. E veniamo al \u2018600 nel corso del quale in relazione al grande impulso dato ai lavori minerari e metallurgici prima dalla famiglia Crotta e poi anche dalla Repubblica, \u201csi configura un rapporto di interdipendenza e quasi e quasi di identit\u00e0 tra il paese di Riva e le attivit\u00e0 che si svolgono in Valle Imperina. La popolazione di Riva, che ammonta nel 1584 a circa 150 Abitanti, balza nel 1701 a ben 937 abitanti\u201d. Per Raffaello Vergani \u201cE\u2019 chiaro che deve esserci stato non solo un forte incremento demografico in sede locale, ma anche una consistente immigrazione dall\u2019esterno. Quasi tutti i maschi in et\u00e0 di lavoro sono impiegati nelle miniere e nelle fucine di Valle Imperina. La Repubblica Veneta esenta la comunit\u00e0 da una serie di tasse per dimostrare il proprio interesse alla produzione mineraria e in particolare solleva i lavoranti dalle \u2018angarie\u2019, pesanti obblighi di lavoro imposti per legge in favore della citt\u00e0 e degli uffici pubblici\u201d. E cos\u00ec \u201cNel 1766, su 347 uomini di et\u00e0 compresa tra i 14 e i 60 anni, ben 316 sono occupati nell\u2019estrazi one del minerale e nella sua trasformazione in rame, vetriolo e zolfo in Valle Imperina. Certo continuano, accanto a queste, anche le attivit\u00e0 tradizionali. Quasi ogni famiglia di Riva, oltre a una casa d\u2019abitazione sia pur modesta, possiede un piccolo o piccolissimo appezzamento di terreno che coltiva direttamente: soprattutto a granturco, a fagioli, a ortaggi. Moltissime famiglie possiedono una o pi\u00f9 vacche, il cui latte viene consumato direttamente, o lavorato in casa o in malga per produrre burro, ricotta, formaggi. Ogni famiglie, infine, ha in uso una porzione di prato-pascolo e di bosco che utilizza rispettivamente per nutrire gli animali e per provvedersi di legna da fuoco e di legname da costruzione. E chi svolge queste attivit\u00e0? Le donne soprattutto, ma poi anche i vecchi e i bambini (non \u00e8 mai troppo presto n\u00e9 troppo tardi per lavorare , nella montagna d\u2019un tempo), oltre che gli uomini quando non sono in miniera o in fucina\u201d.<\/div>\n<div><\/div>\n<\/div>\n<\/div>\n<\/div>\n<div>\n\n\t\t\t<style type='text\/css'>\n\t\t\t\t#gallery-3 {\n\t\t\t\t\tmargin: auto;\n\t\t\t\t}\n\t\t\t\t#gallery-3 .gallery-item {\n\t\t\t\t\tfloat: left;\n\t\t\t\t\tmargin-top: 10px;\n\t\t\t\t\ttext-align: center;\n\t\t\t\t\twidth: 14%;\n\t\t\t\t}\n\t\t\t\t#gallery-3 img {\n\t\t\t\t\tborder: 2px solid #cfcfcf;\n\t\t\t\t}\n\t\t\t\t#gallery-3 .gallery-caption {\n\t\t\t\t\tmargin-left: 0;\n\t\t\t\t}\n\t\t\t\t\/* see gallery_shortcode() in wp-includes\/media.php *\/\n\t\t\t<\/style>\n\t\t<div id='gallery-3' class='dt-gallery-container gallery galleryid-165995 gallery-columns-7 gallery-size-thumbnail'><dl class='gallery-item'>\n\t\t\t\t<dt class='gallery-icon landscape'>\n\t\t\t\t\t<a class=\"rollover rollover-zoom dt-pswp-item\" title=\"121566149_493320551615921_1924459047180393001_n[1]\" data-dt-img-description=\"\" data-large_image_width=\"2048\" data-large_image_height=\"1482\"href='https:\/\/www.radiopiu.net\/wordpress\/wp-content\/uploads\/2020\/10\/121566149_493320551615921_1924459047180393001_n1.jpg'><img loading=\"lazy\" decoding=\"async\" width=\"150\" height=\"150\" src=\"https:\/\/www.radiopiu.net\/wordpress\/wp-content\/uploads\/2020\/10\/121566149_493320551615921_1924459047180393001_n1-150x150.jpg\" class=\"attachment-thumbnail size-thumbnail\" alt=\"\" \/><\/a>\n\t\t\t\t<\/dt><\/dl><dl class='gallery-item'>\n\t\t\t\t<dt class='gallery-icon landscape'>\n\t\t\t\t\t<a class=\"rollover rollover-zoom dt-pswp-item\" title=\"121539851_2843495422597255_1717192326770154412_n[1]\" data-dt-img-description=\"\" data-large_image_width=\"2048\" data-large_image_height=\"1321\"href='https:\/\/www.radiopiu.net\/wordpress\/wp-content\/uploads\/2020\/10\/121539851_2843495422597255_1717192326770154412_n1.jpg'><img loading=\"lazy\" decoding=\"async\" width=\"150\" height=\"150\" src=\"https:\/\/www.radiopiu.net\/wordpress\/wp-content\/uploads\/2020\/10\/121539851_2843495422597255_1717192326770154412_n1-150x150.jpg\" class=\"attachment-thumbnail size-thumbnail\" alt=\"\" \/><\/a>\n\t\t\t\t<\/dt><\/dl><dl class='gallery-item'>\n\t\t\t\t<dt class='gallery-icon portrait'>\n\t\t\t\t\t<a class=\"rollover rollover-zoom dt-pswp-item\" title=\"121400522_975890612893677_5222529061144449918_n[1]\" data-dt-img-description=\"\" data-large_image_width=\"730\" data-large_image_height=\"960\"href='https:\/\/www.radiopiu.net\/wordpress\/wp-content\/uploads\/2020\/10\/121400522_975890612893677_5222529061144449918_n1.jpg'><img loading=\"lazy\" decoding=\"async\" width=\"150\" height=\"150\" src=\"https:\/\/www.radiopiu.net\/wordpress\/wp-content\/uploads\/2020\/10\/121400522_975890612893677_5222529061144449918_n1-150x150.jpg\" class=\"attachment-thumbnail size-thumbnail\" alt=\"\" \/><\/a>\n\t\t\t\t<\/dt><\/dl><dl class='gallery-item'>\n\t\t\t\t<dt class='gallery-icon portrait'>\n\t\t\t\t\t<a class=\"rollover rollover-zoom dt-pswp-item\" title=\"121381133_674390693475473_5773158081667595719_n[2]\" data-dt-img-description=\"\" data-large_image_width=\"659\" data-large_image_height=\"960\"href='https:\/\/www.radiopiu.net\/wordpress\/wp-content\/uploads\/2020\/10\/121381133_674390693475473_5773158081667595719_n2.jpg'><img loading=\"lazy\" decoding=\"async\" width=\"150\" height=\"150\" src=\"https:\/\/www.radiopiu.net\/wordpress\/wp-content\/uploads\/2020\/10\/121381133_674390693475473_5773158081667595719_n2-150x150.jpg\" class=\"attachment-thumbnail size-thumbnail\" alt=\"\" \/><\/a>\n\t\t\t\t<\/dt><\/dl><dl class='gallery-item'>\n\t\t\t\t<dt class='gallery-icon landscape'>\n\t\t\t\t\t<a class=\"rollover rollover-zoom dt-pswp-item\" title=\"121517692_1265559950446887_8948062271994362675_n[1]\" data-dt-img-description=\"\" data-large_image_width=\"2048\" data-large_image_height=\"1410\"href='https:\/\/www.radiopiu.net\/wordpress\/wp-content\/uploads\/2020\/10\/121517692_1265559950446887_8948062271994362675_n1.jpg'><img loading=\"lazy\" decoding=\"async\" width=\"150\" height=\"150\" src=\"https:\/\/www.radiopiu.net\/wordpress\/wp-content\/uploads\/2020\/10\/121517692_1265559950446887_8948062271994362675_n1-150x150.jpg\" class=\"attachment-thumbnail size-thumbnail\" alt=\"\" \/><\/a>\n\t\t\t\t<\/dt><\/dl><dl class='gallery-item'>\n\t\t\t\t<dt class='gallery-icon portrait'>\n\t\t\t\t\t<a class=\"rollover rollover-zoom dt-pswp-item\" title=\"121552602_2584864315159426_2722523149109304724_n[1]\" data-dt-img-description=\"\" data-large_image_width=\"776\" data-large_image_height=\"960\"href='https:\/\/www.radiopiu.net\/wordpress\/wp-content\/uploads\/2020\/10\/121552602_2584864315159426_2722523149109304724_n1.jpg'><img loading=\"lazy\" decoding=\"async\" width=\"150\" height=\"150\" src=\"https:\/\/www.radiopiu.net\/wordpress\/wp-content\/uploads\/2020\/10\/121552602_2584864315159426_2722523149109304724_n1-150x150.jpg\" class=\"attachment-thumbnail size-thumbnail\" alt=\"\" \/><\/a>\n\t\t\t\t<\/dt><\/dl><dl class='gallery-item'>\n\t\t\t\t<dt class='gallery-icon portrait'>\n\t\t\t\t\t<a class=\"rollover rollover-zoom dt-pswp-item\" title=\"121551743_1043250012860359_5581627230384169707_n[1]\" data-dt-img-description=\"\" data-large_image_width=\"736\" data-large_image_height=\"960\"href='https:\/\/www.radiopiu.net\/wordpress\/wp-content\/uploads\/2020\/10\/121551743_1043250012860359_5581627230384169707_n1.jpg'><img loading=\"lazy\" decoding=\"async\" width=\"150\" height=\"150\" src=\"https:\/\/www.radiopiu.net\/wordpress\/wp-content\/uploads\/2020\/10\/121551743_1043250012860359_5581627230384169707_n1-150x150.jpg\" class=\"attachment-thumbnail size-thumbnail\" alt=\"\" \/><\/a>\n\t\t\t\t<\/dt><\/dl><br style=\"clear: both\" \/><dl class='gallery-item'>\n\t\t\t\t<dt class='gallery-icon landscape'>\n\t\t\t\t\t<a class=\"rollover rollover-zoom dt-pswp-item\" title=\"121503693_345900623163808_2708402432967095871_n[1]\" data-dt-img-description=\"\" data-large_image_width=\"2048\" data-large_image_height=\"1288\"href='https:\/\/www.radiopiu.net\/wordpress\/wp-content\/uploads\/2020\/10\/121503693_345900623163808_2708402432967095871_n1.jpg'><img loading=\"lazy\" decoding=\"async\" width=\"150\" height=\"150\" src=\"https:\/\/www.radiopiu.net\/wordpress\/wp-content\/uploads\/2020\/10\/121503693_345900623163808_2708402432967095871_n1-150x150.jpg\" class=\"attachment-thumbnail size-thumbnail\" alt=\"\" \/><\/a>\n\t\t\t\t<\/dt><\/dl><dl class='gallery-item'>\n\t\t\t\t<dt class='gallery-icon landscape'>\n\t\t\t\t\t<a class=\"rollover rollover-zoom dt-pswp-item\" title=\"121620378_672623400047575_7897760439096237301_n[1]\" data-dt-img-description=\"\" data-large_image_width=\"2048\" data-large_image_height=\"1332\"href='https:\/\/www.radiopiu.net\/wordpress\/wp-content\/uploads\/2020\/10\/121620378_672623400047575_7897760439096237301_n1.jpg'><img loading=\"lazy\" decoding=\"async\" width=\"150\" height=\"150\" src=\"https:\/\/www.radiopiu.net\/wordpress\/wp-content\/uploads\/2020\/10\/121620378_672623400047575_7897760439096237301_n1-150x150.jpg\" class=\"attachment-thumbnail size-thumbnail\" alt=\"\" \/><\/a>\n\t\t\t\t<\/dt><\/dl><dl class='gallery-item'>\n\t\t\t\t<dt class='gallery-icon landscape'>\n\t\t\t\t\t<a class=\"rollover rollover-zoom dt-pswp-item\" title=\"121439122_718118778776234_9036666520731236654_n[1]\" data-dt-img-description=\"\" data-large_image_width=\"2048\" data-large_image_height=\"1495\"href='https:\/\/www.radiopiu.net\/wordpress\/wp-content\/uploads\/2020\/10\/121439122_718118778776234_9036666520731236654_n1.jpg'><img loading=\"lazy\" decoding=\"async\" width=\"150\" height=\"150\" src=\"https:\/\/www.radiopiu.net\/wordpress\/wp-content\/uploads\/2020\/10\/121439122_718118778776234_9036666520731236654_n1-150x150.jpg\" class=\"attachment-thumbnail size-thumbnail\" alt=\"\" \/><\/a>\n\t\t\t\t<\/dt><\/dl><dl class='gallery-item'>\n\t\t\t\t<dt class='gallery-icon portrait'>\n\t\t\t\t\t<a class=\"rollover rollover-zoom dt-pswp-item\" title=\"121480789_394188805300234_3451501667382488707_n[1]\" data-dt-img-description=\"\" data-large_image_width=\"672\" data-large_image_height=\"960\"href='https:\/\/www.radiopiu.net\/wordpress\/wp-content\/uploads\/2020\/10\/121480789_394188805300234_3451501667382488707_n1.jpg'><img loading=\"lazy\" decoding=\"async\" width=\"150\" height=\"150\" src=\"https:\/\/www.radiopiu.net\/wordpress\/wp-content\/uploads\/2020\/10\/121480789_394188805300234_3451501667382488707_n1-150x150.jpg\" class=\"attachment-thumbnail size-thumbnail\" alt=\"\" \/><\/a>\n\t\t\t\t<\/dt><\/dl><dl class='gallery-item'>\n\t\t\t\t<dt class='gallery-icon landscape'>\n\t\t\t\t\t<a class=\"rollover rollover-zoom dt-pswp-item\" title=\"121580930_736794067186157_7006199766194380856_n[1]\" data-dt-img-description=\"\" data-large_image_width=\"2048\" data-large_image_height=\"1328\"href='https:\/\/www.radiopiu.net\/wordpress\/wp-content\/uploads\/2020\/10\/121580930_736794067186157_7006199766194380856_n1.jpg'><img loading=\"lazy\" decoding=\"async\" width=\"150\" height=\"150\" src=\"https:\/\/www.radiopiu.net\/wordpress\/wp-content\/uploads\/2020\/10\/121580930_736794067186157_7006199766194380856_n1-150x150.jpg\" class=\"attachment-thumbnail size-thumbnail\" alt=\"\" \/><\/a>\n\t\t\t\t<\/dt><\/dl><dl class='gallery-item'>\n\t\t\t\t<dt class='gallery-icon landscape'>\n\t\t\t\t\t<a class=\"rollover rollover-zoom dt-pswp-item\" title=\"121605709_382998029753040_8892004549525948267_n[1]\" data-dt-img-description=\"\" data-large_image_width=\"2048\" data-large_image_height=\"1393\"href='https:\/\/www.radiopiu.net\/wordpress\/wp-content\/uploads\/2020\/10\/121605709_382998029753040_8892004549525948267_n1.jpg'><img loading=\"lazy\" decoding=\"async\" width=\"150\" height=\"150\" src=\"https:\/\/www.radiopiu.net\/wordpress\/wp-content\/uploads\/2020\/10\/121605709_382998029753040_8892004549525948267_n1-150x150.jpg\" class=\"attachment-thumbnail size-thumbnail\" alt=\"\" \/><\/a>\n\t\t\t\t<\/dt><\/dl><dl class='gallery-item'>\n\t\t\t\t<dt class='gallery-icon landscape'>\n\t\t\t\t\t<a class=\"rollover rollover-zoom dt-pswp-item\" title=\"121493095_1827583100747020_3310905408478025667_n[1]\" data-dt-img-description=\"\" data-large_image_width=\"2048\" data-large_image_height=\"1412\"href='https:\/\/www.radiopiu.net\/wordpress\/wp-content\/uploads\/2020\/10\/121493095_1827583100747020_3310905408478025667_n1.jpg'><img loading=\"lazy\" decoding=\"async\" width=\"150\" height=\"150\" src=\"https:\/\/www.radiopiu.net\/wordpress\/wp-content\/uploads\/2020\/10\/121493095_1827583100747020_3310905408478025667_n1-150x150.jpg\" class=\"attachment-thumbnail size-thumbnail\" alt=\"\" \/><\/a>\n\t\t\t\t<\/dt><\/dl><br style=\"clear: both\" \/>\n\t\t\t<\/div>\n\n<\/div>\n<div class=\"_3_bl\">\n<div class=\"_5w1r _3_om _5wdf\">\n<div class=\"_4gx_\">\n<div>NELLE FOTO (riproduzioni dal libro\u201dRiva de na \u00f2lta): dall\u2019alto del colle vigilano su tutti San Frian e Sant\u2019Antoni; inizio anni \u201930: \u00e8 sorta la casa della Societ\u00e0 operaia, col tempo ci sar\u00e0 anche una carrozzabile di rispetto; 1888: Giovanni Fossen approda in Primiero per farsi fotografare coi figli Tita e Ana e il nipote Giani; Giuseppe Tazzer con la famiglia a Le Miotte, siamo nel 1900; la Gisa e la Maria de la Dil; i fratelli Zanin: Pietro, Caterina, Giacomo e Luigi ripresi nel 1907; anno 1910: la famiglia di Matteo Mottes; scolaresca delle elementari dei T\u00f2s del 1914; Tiser 1915: coscritti del 1894-5 di Riva e Tiser; la famiglia dei Mareng\u00f2i: Pietro Fadig\u00e0 e Anna Fossen con figli e nipoti; la maestra Orestilla guarda pensosa al suo futuro di educatrice\u2026 ; donne di servizio \u201ccap\u00f2zole\u201d da Riva a Milano nel 1917 in uno degli abituali ritrovi domenicali; coscritti del 1899 fotografati ventenni; scolari (dalla prima alla quarta) delle scuole dei T\u00f2s nel 1919 con la maestra genovese Lupi.<\/div>\n<\/div>\n<\/div>\n<\/div>\n<p>&nbsp;<\/p>\n<p>&nbsp;<\/p>\n<p>&nbsp;<\/p>\n<p>&nbsp;<\/p>\n<p><a class=\"dt-pswp-item\" href=\"https:\/\/www.radiopiu.net\/wordpress\/wp-content\/uploads\/2018\/09\/appuntamenti.jpeg\" data-dt-img-description=\"\" data-large_image_width=\"800\" data-large_image_height=\"100\"><img loading=\"lazy\" decoding=\"async\" class=\"aligncenter wp-image-61958 size-full\" src=\"https:\/\/www.radiopiu.net\/wordpress\/wp-content\/uploads\/2018\/09\/appuntamenti.jpeg\" alt=\"\" width=\"800\" height=\"100\" srcset=\"https:\/\/www.radiopiu.net\/wordpress\/wp-content\/uploads\/2018\/09\/appuntamenti.jpeg 800w, https:\/\/www.radiopiu.net\/wordpress\/wp-content\/uploads\/2018\/09\/appuntamenti-300x38.jpeg 300w, https:\/\/www.radiopiu.net\/wordpress\/wp-content\/uploads\/2018\/09\/appuntamenti-768x96.jpeg 768w\" sizes=\"auto, (max-width: 800px) 100vw, 800px\" \/><\/a><\/p>\n<p>&nbsp;<\/p>\n<p><strong>BELLUNO<\/strong> &#8220;Le comunicazioni radio in emergenza&#8221; \u00e8 il titolo \u00e8 tema di una serata aperta al pubblico che si terr\u00e0 venerdi alle 21 presso la sede del Radio Club Belluno Nore (Nucleo Operativo Radio Emeregnze) a Villa Montalban.\u00a0 I volontari spiegheranno il loro mondo e il loro impegno, procedure e modalit\u00e0 di come avvengono le comunicazioni. L\u2019associazione \u00e8 iscritta dal 1989 al registro regionale del Volontariato e dal 2001 \u00e8 inserita nel registro regionale del Volontariato di Protezione Civile della Regione Veneto. Il compito\u00a0 \u00e8 garantire un collegamento radio affidabile fra i C.O.C. (Centro Operativo Comunale) ed il C.O.M. (Centro Operativo Misto) di riferimento. La zona di competenza prevista dal Piano Provinciale di Protezione Civile si identifica con il territorio dell\u2019Unione Montana Alpago e dell\u2019Unione Montana Valbelluna.<\/p>\n<p>&nbsp;<\/p>\n<hr \/>\n<p>&nbsp;<\/p>\n<p><strong>BELLUNO<\/strong>\u00a0 Sabato con CammiNaturalmente escursione sui Coi de Pera. E\u2019 stato tracciato un itinerario che incontra un maestoso patriarca arboreo, uno di pi\u00f9 grandi tigli del Bellunese, inserito in un contesto paesaggisticamente e panoramicamente suggestivo, con spunti di carattere geologico e antropico.\u00a0 Sar\u00e0 la meta dell&#8217;escursione, contenuta nel programma cammiNATURAlmente dell\u2019Associazione Culturale Centro Upm (Un Punto Macrobiotico) di Belluno, che sta riscuotendo un notevole interesse e partecipazione. Percorso facile su stradina e mulattiera di circa 2,5 km. Dislivello ca 150m. Ritrovo alle 14.30 in p\/le Resistenza. Partecipazione limitata a 20 persone \u2013 Iscrizione obbligatoria presso Un Noce, in via Barozzi 18 o al tel 351 5468735 o a belluno1@centroupm.it \u2013 Info 340 8769665 (Anacleto)<\/p>\n\n\t\t\t<style type='text\/css'>\n\t\t\t\t#gallery-4 {\n\t\t\t\t\tmargin: auto;\n\t\t\t\t}\n\t\t\t\t#gallery-4 .gallery-item {\n\t\t\t\t\tfloat: left;\n\t\t\t\t\tmargin-top: 10px;\n\t\t\t\t\ttext-align: center;\n\t\t\t\t\twidth: 33%;\n\t\t\t\t}\n\t\t\t\t#gallery-4 img {\n\t\t\t\t\tborder: 2px solid #cfcfcf;\n\t\t\t\t}\n\t\t\t\t#gallery-4 .gallery-caption {\n\t\t\t\t\tmargin-left: 0;\n\t\t\t\t}\n\t\t\t\t\/* see gallery_shortcode() in wp-includes\/media.php *\/\n\t\t\t<\/style>\n\t\t<div id='gallery-4' class='dt-gallery-container gallery galleryid-165995 gallery-columns-3 gallery-size-thumbnail'><dl class='gallery-item'>\n\t\t\t\t<dt class='gallery-icon landscape'>\n\t\t\t\t\t<a class=\"rollover\" href='https:\/\/www.radiopiu.net\/wordpress\/giornale-radiopiu-13-ottobre-2020-direttore-mirko-mezzacasa\/7-1\/'><img loading=\"lazy\" decoding=\"async\" width=\"150\" height=\"150\" src=\"https:\/\/www.radiopiu.net\/wordpress\/wp-content\/uploads\/2020\/10\/7-1-150x150.jpg\" class=\"attachment-thumbnail size-thumbnail\" alt=\"\" \/><\/a>\n\t\t\t\t<\/dt><\/dl><dl class='gallery-item'>\n\t\t\t\t<dt class='gallery-icon landscape'>\n\t\t\t\t\t<a class=\"rollover\" href='https:\/\/www.radiopiu.net\/wordpress\/giornale-radiopiu-13-ottobre-2020-direttore-mirko-mezzacasa\/1-1-7\/'><img loading=\"lazy\" decoding=\"async\" width=\"150\" height=\"150\" src=\"https:\/\/www.radiopiu.net\/wordpress\/wp-content\/uploads\/2020\/10\/1-1-150x150.jpg\" class=\"attachment-thumbnail size-thumbnail\" alt=\"\" \/><\/a>\n\t\t\t\t<\/dt><\/dl><dl class='gallery-item'>\n\t\t\t\t<dt class='gallery-icon landscape'>\n\t\t\t\t\t<a class=\"rollover\" href='https:\/\/www.radiopiu.net\/wordpress\/giornale-radiopiu-13-ottobre-2020-direttore-mirko-mezzacasa\/2-74\/'><img loading=\"lazy\" decoding=\"async\" width=\"150\" height=\"150\" src=\"https:\/\/www.radiopiu.net\/wordpress\/wp-content\/uploads\/2020\/10\/2-150x150.jpg\" class=\"attachment-thumbnail size-thumbnail\" alt=\"\" \/><\/a>\n\t\t\t\t<\/dt><\/dl><br style=\"clear: both\" \/><dl class='gallery-item'>\n\t\t\t\t<dt class='gallery-icon landscape'>\n\t\t\t\t\t<a class=\"rollover\" href='https:\/\/www.radiopiu.net\/wordpress\/giornale-radiopiu-13-ottobre-2020-direttore-mirko-mezzacasa\/3-1-2\/'><img loading=\"lazy\" decoding=\"async\" width=\"150\" height=\"150\" src=\"https:\/\/www.radiopiu.net\/wordpress\/wp-content\/uploads\/2020\/10\/3-1-150x150.jpg\" class=\"attachment-thumbnail size-thumbnail\" alt=\"\" \/><\/a>\n\t\t\t\t<\/dt><\/dl><dl class='gallery-item'>\n\t\t\t\t<dt class='gallery-icon landscape'>\n\t\t\t\t\t<a class=\"rollover\" href='https:\/\/www.radiopiu.net\/wordpress\/giornale-radiopiu-13-ottobre-2020-direttore-mirko-mezzacasa\/5-1-2\/'><img loading=\"lazy\" decoding=\"async\" width=\"150\" height=\"150\" src=\"https:\/\/www.radiopiu.net\/wordpress\/wp-content\/uploads\/2020\/10\/5-1-150x150.jpg\" class=\"attachment-thumbnail size-thumbnail\" alt=\"\" \/><\/a>\n\t\t\t\t<\/dt><\/dl><dl class='gallery-item'>\n\t\t\t\t<dt class='gallery-icon landscape'>\n\t\t\t\t\t<a class=\"rollover\" href='https:\/\/www.radiopiu.net\/wordpress\/giornale-radiopiu-13-ottobre-2020-direttore-mirko-mezzacasa\/4-1-2\/'><img loading=\"lazy\" decoding=\"async\" width=\"150\" height=\"150\" src=\"https:\/\/www.radiopiu.net\/wordpress\/wp-content\/uploads\/2020\/10\/4-1-150x150.jpg\" class=\"attachment-thumbnail size-thumbnail\" alt=\"\" \/><\/a>\n\t\t\t\t<\/dt><\/dl><br style=\"clear: both\" \/>\n\t\t\t<\/div>\n\n<p>&nbsp;<\/p>\n<hr \/>\n<p>&nbsp;<\/p>\n<p><strong><a class=\"dt-pswp-item\" href=\"https:\/\/www.radiopiu.net\/wordpress\/wp-content\/uploads\/2020\/10\/a5942cc3-539d-4632-975b-25d657e0b6b7.jpg\" data-dt-img-description=\"\" data-large_image_width=\"1041\" data-large_image_height=\"1600\"><img loading=\"lazy\" decoding=\"async\" class=\"size-medium wp-image-165930 alignleft\" src=\"https:\/\/www.radiopiu.net\/wordpress\/wp-content\/uploads\/2020\/10\/a5942cc3-539d-4632-975b-25d657e0b6b7-195x300.jpg\" alt=\"\" width=\"195\" height=\"300\" srcset=\"https:\/\/www.radiopiu.net\/wordpress\/wp-content\/uploads\/2020\/10\/a5942cc3-539d-4632-975b-25d657e0b6b7-195x300.jpg 195w, https:\/\/www.radiopiu.net\/wordpress\/wp-content\/uploads\/2020\/10\/a5942cc3-539d-4632-975b-25d657e0b6b7-666x1024.jpg 666w, https:\/\/www.radiopiu.net\/wordpress\/wp-content\/uploads\/2020\/10\/a5942cc3-539d-4632-975b-25d657e0b6b7-768x1180.jpg 768w, https:\/\/www.radiopiu.net\/wordpress\/wp-content\/uploads\/2020\/10\/a5942cc3-539d-4632-975b-25d657e0b6b7-999x1536.jpg 999w, https:\/\/www.radiopiu.net\/wordpress\/wp-content\/uploads\/2020\/10\/a5942cc3-539d-4632-975b-25d657e0b6b7.jpg 1041w\" sizes=\"auto, (max-width: 195px) 100vw, 195px\" \/><\/a>AGORDO<\/strong> Pc Ranch Young Team e Aics Belluno organizzano un corso di ginnastica-coordinazione-ritmo volteggio. Tutti i martedi fino a maggio sempre alle 16 al Palarova. Orario: 16-17 bambini 5-7 anni; 16.30-1830 bambini dagli 8 anni compiuti. Info e iscrizioni da Donatella al 348 4352362. Causa covid 19 i posti sono limitati<\/p>\n<p>&nbsp;<\/p>\n<hr \/>\n<p><strong>FALCADE<\/strong> Sabato 17 ottobre alle 21 alla Casa della Giovent\u00f9 di Caviola in via Trento &#8220;Rimasti Avanti?&#8221;. Serata musicale con Marco V. Dal Farra e amici. Ingresso libero su prenotazione via mail proloco.caviola@libero.it, telefono 0437 599062 oppure 3403832079<\/p>\n<p>&nbsp;<\/p>\n<hr \/>\n<div><\/div>\n<div><strong>CHIES D&#8217;ALPAGO<\/strong> Domenica 25 ottobre 70^ giornata del ringraziamento agricolo, alle 9 arrivo trattoristi, 9.30 messa con il Vescovo o suo delegato, 10.30 benedizione macchine agricole e animali 10.45 interventi delle autorit\u00e0 11 sfilata trattori e animali 12.00 momento conviviale.<\/div>\n<div><\/div>\n<div><\/div>\n<div><\/div>\n<hr \/>\n<p>&nbsp;<\/p>\n<h2><span style=\"color: #ff0000;\">IERI ALLA RADIO<\/span><\/h2>\n<h2><span style=\"color: #ff6600;\">DOLOMITI SHOW A LONGARONE<\/span><\/h2>\n<p>Dolomiti Show a Longarone Fiere con il presidente di Longarone Fiere Gianangelo Bellati e il direttore di DMO Giuliano Vantaggi<\/p>\n<p><strong>di Claudio Fontanive<\/strong><\/p>\n<audio class=\"wp-audio-shortcode\" id=\"audio-165995-11\" preload=\"none\" style=\"width: 100%;\" controls=\"controls\"><source type=\"audio\/mpeg\" src=\"https:\/\/www.radiopiu.net\/wordpress\/wp-content\/uploads\/2020\/10\/bellati-vantaggi.mp3?_=11\" \/><a href=\"https:\/\/www.radiopiu.net\/wordpress\/wp-content\/uploads\/2020\/10\/bellati-vantaggi.mp3\">https:\/\/www.radiopiu.net\/wordpress\/wp-content\/uploads\/2020\/10\/bellati-vantaggi.mp3<\/a><\/audio>\n<p>&nbsp;<\/p>\n\n\t\t\t<style type='text\/css'>\n\t\t\t\t#gallery-5 {\n\t\t\t\t\tmargin: auto;\n\t\t\t\t}\n\t\t\t\t#gallery-5 .gallery-item {\n\t\t\t\t\tfloat: left;\n\t\t\t\t\tmargin-top: 10px;\n\t\t\t\t\ttext-align: center;\n\t\t\t\t\twidth: 50%;\n\t\t\t\t}\n\t\t\t\t#gallery-5 img {\n\t\t\t\t\tborder: 2px solid #cfcfcf;\n\t\t\t\t}\n\t\t\t\t#gallery-5 .gallery-caption {\n\t\t\t\t\tmargin-left: 0;\n\t\t\t\t}\n\t\t\t\t\/* see gallery_shortcode() in wp-includes\/media.php *\/\n\t\t\t<\/style>\n\t\t<div id='gallery-5' class='dt-gallery-container gallery galleryid-165995 gallery-columns-2 gallery-size-medium'><dl class='gallery-item'>\n\t\t\t\t<dt class='gallery-icon landscape'>\n\t\t\t\t\t<a class=\"rollover rollover-zoom dt-pswp-item\" title=\"ec167e78-3c50-4474-961f-33c1df630c1c\" data-dt-img-description=\"\" data-large_image_width=\"1600\" data-large_image_height=\"1200\"href='https:\/\/www.radiopiu.net\/wordpress\/wp-content\/uploads\/2020\/10\/ec167e78-3c50-4474-961f-33c1df630c1c.jpg'><img loading=\"lazy\" decoding=\"async\" width=\"300\" height=\"225\" src=\"https:\/\/www.radiopiu.net\/wordpress\/wp-content\/uploads\/2020\/10\/ec167e78-3c50-4474-961f-33c1df630c1c-300x225.jpg\" class=\"attachment-medium size-medium\" alt=\"\" srcset=\"https:\/\/www.radiopiu.net\/wordpress\/wp-content\/uploads\/2020\/10\/ec167e78-3c50-4474-961f-33c1df630c1c-300x225.jpg 300w, https:\/\/www.radiopiu.net\/wordpress\/wp-content\/uploads\/2020\/10\/ec167e78-3c50-4474-961f-33c1df630c1c-1024x768.jpg 1024w, https:\/\/www.radiopiu.net\/wordpress\/wp-content\/uploads\/2020\/10\/ec167e78-3c50-4474-961f-33c1df630c1c-768x576.jpg 768w, https:\/\/www.radiopiu.net\/wordpress\/wp-content\/uploads\/2020\/10\/ec167e78-3c50-4474-961f-33c1df630c1c-1536x1152.jpg 1536w, https:\/\/www.radiopiu.net\/wordpress\/wp-content\/uploads\/2020\/10\/ec167e78-3c50-4474-961f-33c1df630c1c.jpg 1600w\" sizes=\"auto, (max-width: 300px) 100vw, 300px\" \/><\/a>\n\t\t\t\t<\/dt><\/dl><dl class='gallery-item'>\n\t\t\t\t<dt class='gallery-icon landscape'>\n\t\t\t\t\t<a class=\"rollover rollover-zoom dt-pswp-item\" title=\"4ceefec8-ad51-438d-a714-6ec836ef5fcf\" data-dt-img-description=\"\" data-large_image_width=\"1600\" data-large_image_height=\"1200\"href='https:\/\/www.radiopiu.net\/wordpress\/wp-content\/uploads\/2020\/10\/4ceefec8-ad51-438d-a714-6ec836ef5fcf.jpg'><img loading=\"lazy\" decoding=\"async\" width=\"300\" height=\"225\" src=\"https:\/\/www.radiopiu.net\/wordpress\/wp-content\/uploads\/2020\/10\/4ceefec8-ad51-438d-a714-6ec836ef5fcf-300x225.jpg\" class=\"attachment-medium size-medium\" alt=\"\" srcset=\"https:\/\/www.radiopiu.net\/wordpress\/wp-content\/uploads\/2020\/10\/4ceefec8-ad51-438d-a714-6ec836ef5fcf-300x225.jpg 300w, https:\/\/www.radiopiu.net\/wordpress\/wp-content\/uploads\/2020\/10\/4ceefec8-ad51-438d-a714-6ec836ef5fcf-1024x768.jpg 1024w, https:\/\/www.radiopiu.net\/wordpress\/wp-content\/uploads\/2020\/10\/4ceefec8-ad51-438d-a714-6ec836ef5fcf-768x576.jpg 768w, https:\/\/www.radiopiu.net\/wordpress\/wp-content\/uploads\/2020\/10\/4ceefec8-ad51-438d-a714-6ec836ef5fcf-1536x1152.jpg 1536w, https:\/\/www.radiopiu.net\/wordpress\/wp-content\/uploads\/2020\/10\/4ceefec8-ad51-438d-a714-6ec836ef5fcf.jpg 1600w\" sizes=\"auto, (max-width: 300px) 100vw, 300px\" \/><\/a>\n\t\t\t\t<\/dt><\/dl><br style=\"clear: both\" \/>\n\t\t\t<\/div>\n\n<p>&nbsp;<\/p>\n<hr \/>\n<p>&nbsp;<\/p>\n<h2><span style=\"color: #ff0000;\"><span style=\"color: #000000;\">DUE MINUTI UN LIBRO\u00a0<\/span><\/span><\/h2>\n<blockquote class=\"wp-embedded-content\" data-secret=\"8HaqsARRyO\"><p><a href=\"https:\/\/www.radiopiu.net\/wordpress\/i-valori-che-contano\/\">I VALORI CHE CONTANO<\/a><\/p><\/blockquote>\n<p><iframe loading=\"lazy\" class=\"wp-embedded-content\" sandbox=\"allow-scripts\" security=\"restricted\" style=\"position: absolute; clip: rect(1px, 1px, 1px, 1px);\" title=\"&#8220;I VALORI CHE CONTANO&#8221; &#8212; Radio Pi\u00f9\" src=\"https:\/\/www.radiopiu.net\/wordpress\/i-valori-che-contano\/embed\/#?secret=8HaqsARRyO\" data-secret=\"8HaqsARRyO\" width=\"600\" height=\"338\" frameborder=\"0\" marginwidth=\"0\" marginheight=\"0\" scrolling=\"no\"><\/iframe><\/p>\n<h2>LA RACCOLTA COMPLETA<\/h2>\n<blockquote class=\"wp-embedded-content\" data-secret=\"kjKAIzY4AX\"><p><a href=\"https:\/\/www.radiopiu.net\/wordpress\/due-minuti-un-libro\/\">Due minuti un libro<\/a><\/p><\/blockquote>\n<p><iframe loading=\"lazy\" class=\"wp-embedded-content\" sandbox=\"allow-scripts\" security=\"restricted\" style=\"position: absolute; clip: rect(1px, 1px, 1px, 1px);\" title=\"&#8220;Due minuti un libro&#8221; &#8212; Radio Pi\u00f9\" src=\"https:\/\/www.radiopiu.net\/wordpress\/due-minuti-un-libro\/embed\/#?secret=kjKAIzY4AX\" data-secret=\"kjKAIzY4AX\" width=\"600\" height=\"338\" frameborder=\"0\" marginwidth=\"0\" marginheight=\"0\" scrolling=\"no\"><\/iframe><\/p>\n<p>&nbsp;<\/p>\n<p>&nbsp;<\/p>\n<hr \/>\n<p>&nbsp;<\/p>\n<div>\n<h2><span style=\"color: #33cccc;\">I RACCONTI DI PAOLO SOPPELSA il lunedi alle 9.30 e 18.30<\/span><\/h2>\n<h2><span style=\"color: #33cccc;\"><strong>LA RACCOLTA COMPLETA<\/strong><\/span><\/h2>\n<blockquote class=\"wp-embedded-content\" data-secret=\"kb80EPhtcN\"><p><a href=\"https:\/\/www.radiopiu.net\/wordpress\/i-racconti-di-paolo-soppelsa\/\">I racconti di Paolo Soppelsa<\/a><\/p><\/blockquote>\n<p><iframe loading=\"lazy\" class=\"wp-embedded-content\" sandbox=\"allow-scripts\" security=\"restricted\" style=\"position: absolute; clip: rect(1px, 1px, 1px, 1px);\" title=\"&#8220;I racconti di Paolo Soppelsa&#8221; &#8212; Radio Pi\u00f9\" src=\"https:\/\/www.radiopiu.net\/wordpress\/i-racconti-di-paolo-soppelsa\/embed\/#?secret=kb80EPhtcN\" data-secret=\"kb80EPhtcN\" width=\"600\" height=\"338\" frameborder=\"0\" marginwidth=\"0\" marginheight=\"0\" scrolling=\"no\"><\/iframe><\/p>\n<p>&nbsp;<\/p>\n<div class=\"_4tdt _ua1\">\n<div class=\"_31o4\">\n<div class=\"_6--1\" aria-hidden=\"true\">\n<div class=\"_1gyw _55lt\">\n<hr \/>\n<\/div>\n<\/div>\n<\/div>\n<\/div>\n<\/div>\n<p>&nbsp;<\/p>\n<h2><span style=\"color: #ff0000;\">VIDEO, MUSICA E INTERVISTE DAL FRAMONT<\/span><\/h2>\n<blockquote class=\"wp-embedded-content\" data-secret=\"ZdghdOm7se\"><p><a href=\"https:\/\/www.radiopiu.net\/wordpress\/aspettando-musica-nellagordino-improvvisazioni-in-quota\/\">IMPROVVISAZIONI IN QUOTA &#8230;. RICORDI ESTIVI CON AGORDO MUSICA. IL VIDEO UFFICIALE<\/a><\/p><\/blockquote>\n<p><iframe loading=\"lazy\" class=\"wp-embedded-content\" sandbox=\"allow-scripts\" security=\"restricted\" style=\"position: absolute; clip: rect(1px, 1px, 1px, 1px);\" title=\"&#8220;IMPROVVISAZIONI IN QUOTA &#8230;. RICORDI ESTIVI CON AGORDO MUSICA. IL VIDEO UFFICIALE&#8221; &#8212; Radio Pi\u00f9\" src=\"https:\/\/www.radiopiu.net\/wordpress\/aspettando-musica-nellagordino-improvvisazioni-in-quota\/embed\/#?secret=ZdghdOm7se\" data-secret=\"ZdghdOm7se\" width=\"600\" height=\"338\" frameborder=\"0\" marginwidth=\"0\" marginheight=\"0\" scrolling=\"no\"><\/iframe><\/p>\n<p>&nbsp;<\/p>\n<p>&nbsp;<\/p>\n<hr \/>\n<div>\n<h2><span style=\"color: #000080;\"><a class=\"dt-pswp-item\" href=\"https:\/\/www.radiopiu.net\/wordpress\/wp-content\/uploads\/2020\/10\/pp.jpg\" data-dt-img-description=\"\" data-large_image_width=\"640\" data-large_image_height=\"640\"><img loading=\"lazy\" decoding=\"async\" class=\"wp-image-163678 alignleft\" src=\"https:\/\/www.radiopiu.net\/wordpress\/wp-content\/uploads\/2020\/10\/pp-300x300.jpg\" alt=\"\" width=\"106\" height=\"106\" srcset=\"https:\/\/www.radiopiu.net\/wordpress\/wp-content\/uploads\/2020\/10\/pp-300x300.jpg 300w, https:\/\/www.radiopiu.net\/wordpress\/wp-content\/uploads\/2020\/10\/pp-150x150.jpg 150w, https:\/\/www.radiopiu.net\/wordpress\/wp-content\/uploads\/2020\/10\/pp-125x125.jpg 125w, https:\/\/www.radiopiu.net\/wordpress\/wp-content\/uploads\/2020\/10\/pp-200x200.jpg 200w, https:\/\/www.radiopiu.net\/wordpress\/wp-content\/uploads\/2020\/10\/pp-80x80.jpg 80w, https:\/\/www.radiopiu.net\/wordpress\/wp-content\/uploads\/2020\/10\/pp-480x480.jpg 480w, https:\/\/www.radiopiu.net\/wordpress\/wp-content\/uploads\/2020\/10\/pp.jpg 640w\" sizes=\"auto, (max-width: 106px) 100vw, 106px\" \/><\/a>DON CESARE, IL PENSIERO DEL GIORNO. ALLA RADIO ALLE 7 DEL MATTINO E ALLE 19.30 DELLA SERA.\u00a0\u00a0<\/span><\/h2>\n<\/div>\n<p>&nbsp;<\/p>\n<p>&nbsp;<\/p>\n<p>&nbsp;<\/p>\n<audio class=\"wp-audio-shortcode\" id=\"audio-165995-12\" preload=\"none\" style=\"width: 100%;\" controls=\"controls\"><source type=\"audio\/mpeg\" src=\"https:\/\/www.radiopiu.net\/wordpress\/wp-content\/uploads\/2020\/10\/CESARE-11.mp3?_=12\" \/><a href=\"https:\/\/www.radiopiu.net\/wordpress\/wp-content\/uploads\/2020\/10\/CESARE-11.mp3\">https:\/\/www.radiopiu.net\/wordpress\/wp-content\/uploads\/2020\/10\/CESARE-11.mp3<\/a><\/audio>\n<p>&nbsp;<\/p>\n<hr \/>\n<p>&nbsp;<\/p>\n<p><strong>PRIMIZIE DI STAGIONE<\/strong><\/p>\n<p><a class=\"dt-pswp-item\" href=\"https:\/\/www.radiopiu.net\/wordpress\/wp-content\/uploads\/2020\/10\/ac6488b9-1bf2-4fae-96f4-60a30c97c675.jpg\" data-dt-img-description=\"\" data-large_image_width=\"1599\" data-large_image_height=\"1200\"><img loading=\"lazy\" decoding=\"async\" class=\"alignnone wp-image-166200\" src=\"https:\/\/www.radiopiu.net\/wordpress\/wp-content\/uploads\/2020\/10\/ac6488b9-1bf2-4fae-96f4-60a30c97c675-300x225.jpg\" alt=\"\" width=\"193\" height=\"145\" srcset=\"https:\/\/www.radiopiu.net\/wordpress\/wp-content\/uploads\/2020\/10\/ac6488b9-1bf2-4fae-96f4-60a30c97c675-300x225.jpg 300w, https:\/\/www.radiopiu.net\/wordpress\/wp-content\/uploads\/2020\/10\/ac6488b9-1bf2-4fae-96f4-60a30c97c675-1024x768.jpg 1024w, https:\/\/www.radiopiu.net\/wordpress\/wp-content\/uploads\/2020\/10\/ac6488b9-1bf2-4fae-96f4-60a30c97c675-768x576.jpg 768w, https:\/\/www.radiopiu.net\/wordpress\/wp-content\/uploads\/2020\/10\/ac6488b9-1bf2-4fae-96f4-60a30c97c675-1536x1153.jpg 1536w, https:\/\/www.radiopiu.net\/wordpress\/wp-content\/uploads\/2020\/10\/ac6488b9-1bf2-4fae-96f4-60a30c97c675.jpg 1599w\" sizes=\"auto, (max-width: 193px) 100vw, 193px\" \/><\/a><\/p>\n<p><em>di John Francis Della Pietra<\/em><\/p>\n<p>Per\u00a0 rifuggir un po&#8217; dalla solita solfa quotidiana<br \/>\nM&#8217;inoltro veloce<br \/>\nPer quel sentiero che porta al bosco<br \/>\nAlla natura e forse all&#8217;unica realt\u00e0 tangibile<br \/>\nDi questi tempi<br \/>\nIl fiato s&#8217;accorcia<br \/>\nIl cuore accelera i suoi battiti<br \/>\ngli occhi frugano qua e l\u00e0<br \/>\nIn un indefinita ricerca<br \/>\nLo spirito invece<br \/>\nPare placarsi un po&#8217; alla volta<br \/>\nLo sguardo va sempre lass\u00f9<br \/>\nNell&#8217;azzurro dell&#8217;ottobrino cielo<br \/>\nPercepisce la limpidit\u00e0 la sua serenit\u00e0<br \/>\nPoi coglie la candidezza della neve<br \/>\nChe ha coperto ben pi\u00f9 delle cime dei monti<br \/>\nUna bella fresca nevicata<br \/>\nCome quelle d&#8217;un tempo<br \/>\nChe rammentava a tutti<br \/>\nIl divenir della stagione<br \/>\nSi un auspicio ed una primizia<br \/>\nServir\u00e0 anche oggi<br \/>\nSperiamo a raffreddare almeno un poco<br \/>\nQuest&#8217;atmosfera rovente<br \/>\nD ogni lato si la guardi<br \/>\nAbbassandosi le palpebre<br \/>\nDal riverbero della luce<br \/>\nPassano alla meraviglia<br \/>\nDei colori<br \/>\nChe tingono ormai<br \/>\nLa mise autunnale<br \/>\nDegli alberi<br \/>\nChe mano mano<br \/>\nL&#8217; invidui per cromatismi<br \/>\nPer\u00a0 specie per nome<br \/>\nNon smetterei d&#8217;osservarli<br \/>\nDall aere fresche folate<br \/>\nFan giungere le loro gioiose voci in coro<br \/>\nCome un accorato saluto<br \/>\nUn festoso arrivederci<br \/>\nAlla primavera<br \/>\n\u00c8 quasi il momento<br \/>\nD&#8217;un meritato riposo<br \/>\nDopo averci ceduto i loro frutti<br \/>\nSento uno scricchiolare<br \/>\nSotto i miei piedi<br \/>\nGuardo in gi\u00f9<br \/>\nSon le prime foglie al suolo<br \/>\nIl loro lento svertirsi<br \/>\nLa all&#8217;ombra<br \/>\n\u00c8 rimasta un po&#8217; di neve ed un po&#8217; della mattutina brina<br \/>\nChe non gela<br \/>\nIl mio corpo ed il mio profondo<br \/>\nAnzi li riscalda<br \/>\nNell&#8217;evidente certezza<br \/>\nChe mi trasmette la natura<br \/>\nCon queste sue straordinarie<br \/>\nPrimizie di stagione<\/p>\n<p>&nbsp;<\/p>\n<p>&nbsp;<\/p>\n<div>\n<p><a class=\"dt-pswp-item\" href=\"https:\/\/www.radiopiu.net\/wordpress\/wp-content\/uploads\/2018\/09\/viabilita.jpeg\" data-dt-img-description=\"\" data-large_image_width=\"800\" data-large_image_height=\"100\"><img loading=\"lazy\" decoding=\"async\" class=\"aligncenter wp-image-61954 size-full\" src=\"https:\/\/www.radiopiu.net\/wordpress\/wp-content\/uploads\/2018\/09\/viabilita.jpeg\" alt=\"\" width=\"800\" height=\"100\" srcset=\"https:\/\/www.radiopiu.net\/wordpress\/wp-content\/uploads\/2018\/09\/viabilita.jpeg 800w, https:\/\/www.radiopiu.net\/wordpress\/wp-content\/uploads\/2018\/09\/viabilita-300x38.jpeg 300w, https:\/\/www.radiopiu.net\/wordpress\/wp-content\/uploads\/2018\/09\/viabilita-768x96.jpeg 768w\" sizes=\"auto, (max-width: 800px) 100vw, 800px\" \/><\/a><\/p>\n<\/div>\n<p><strong>\u00a0\u00a0<\/strong><\/p>\n<p><strong>SP 5 DI LAMOSANO<\/strong> fino al 21 ottobre chiusura totale alla transitabilit\u00e0 in comune di Chies D&#8217;Alpago per lavori di ripristino fognature<\/p>\n<p><strong>SR 203 AGORDINA <\/strong>dal 19 al 23 ottobre, dalle 8 alle 12 e dalle 13:30 alle 17:30, temporanee interruzioni al traffico della durata massima di 20 minuti tra Cencenighe e Avoscan per esbosco con elicottero in attraversamento strada<\/p>\n<p><strong>SR 48 DELLE DOLOMITI<\/strong> Fino al 30 ottobre (festivi e prefestivi esclusi) senso unico alternato con movieri o semafori<\/p>\n<p><strong>SR 50 DEL GRAPPA E PASSO ROLLE<\/strong> dal 12 al 23 ottobre, dalle 8 alle 17 esclusi sabati e domeniche, temporanee interruzioni alla viabilit\u00e0 di massimo 30 minuti per allestimento protezione in prossimit\u00e0 dell&#8217;imbocco a monte della galleria Pontet<\/p>\n<p><strong>203 AGORDINA, ALLEGHE<\/strong> LOCALITA&#8217; SOPRA SAC\u00a0 fino \u00a0al 30 ottobre (sabato e domenica esclusi) senso unico alternato per allestimento opere anti valanghive<\/p>\n<p><strong>SP 3 DELLA VAL IMPERINA<\/strong> fino a revoca, senso unico alternato regolato a vista in localit\u00e0 Gona di Conedera di Rivamonte per cedimento della carreggiata stradale<\/p>\n<p><strong>SR 48 DELLE DOLOMITI<\/strong> fino\u00a0 al 6 novembre (festivi e prefestivi inclusi) senso unico alternato in localit\u00e0 Brenta Comune di Livinallongo del Col di Lana.<\/p>\n<p><strong>SP 422 DELL&#8217;ALPAGO E DEL CANSIGLIO<\/strong> fino al 30 ottobre senso unico alternato regolato da movieri tra le 8 e le 19 tra Puos e Cornei per posa fibra ottica<\/p>\n<p><strong>SP 422 DELL&#8217;ALPAGO E DEL CANSIGLIO<\/strong> fino al 21 ottobre senso unico alternato regolato da movieri tra le 7 e le 19 tra Spert e Pian Cansiglio per asfaltatura strada<\/p>\n<p><strong>SP 38 COL PERER<\/strong>\u00a0 fino al 16 ottobre, dalle 7 alle 12 e dalle 13 alle 18 esclusi sabati e domeniche, interdizione totale al transito tra Rivai e Col Perer di Arsi\u00e8 per completamento lavori di bitumatura della sede stradale<\/p>\n<p><strong>SP 12 PEDEMONTANA<\/strong> interdizione totale al traffico a Pedavena dalle 8 del 12 ottobre alle 17 del 14 ottobre per rifacimento sfioratori per conto di bim gsp<\/p>\n<p><strong>SR 48 DELLE DOLOMITI\u00a0 <\/strong>fino\u00a0al 31 ottobre, compresi sabati e domeniche, senso unico alternato regolato da impianto semaforico tra Passo Falzarego e il parcheggio 5 Torri per posa elettrodotto interrato<\/p>\n<p><strong>SP 49 DI MISURINA <\/strong>fino al\u00a020 novembre, senso unico alternato regolato da impianto semaforico tra Misurina e il confine con la provincia di Bolzano per posa elettrodotto interrato<\/p>\n<p><strong>REGIONALE 48 DELLE DOLOMITI<\/strong> localit\u00e0 Cernadoi-Pian di Falzarego, fino al 30 ottobre senso unico alternato regolato da semaforo anche nei giorni festivi e prefestivi.<\/p>\n<p><strong>PROVINCIALE 251 VAL DI ZOLDO E CELLINA<\/strong> localit\u00e0 Pescul-Selva di Cadore, fino al 31 ottobre senso unico alternato con movieri o semaforo, escluso sabato e domenica.<\/p>\n<p><strong>PROVINCIALE 641 PASSO FEDAIA<\/strong> Fino al 30 ottobre compresi festivi e prefestivi senso unico con semaforo in localit\u00e0 Capanna Bill<\/p>\n<p><strong>REGIONALE 203 AGORDINA<\/strong>\u00a0 Fino\u00a0 al 18 dicembre (esclusi festivi e prefestivi) senso unico alternato tra Peron e Candaten con movieri dalle 7.30 alle 9 e dalle 16.30 alle 18. Con semaforo negli altri orari<\/p>\n<p><strong>PROVINCIALE 35 \u2013 LASTE<\/strong> Per allargamento della sede stradale in localit\u00e0 Laste di Sopra limitazioni al transito fino al 15 ottobre esclusi festivi e prefestivi, brevi interruzioni durata massima di 15 minuti tra le 8 e le 12 e tra le 13 e le 17.\u00a0Negli altri orari semaforo e senso unico alternato<\/p>\n<p><strong>REGIONALE 203 AGORDINA<\/strong> Fino al 30 ottobre (sabato e domenica esclusi) tra Candaten e La Stanga dalle 7.30 alle 9 e dalle 16.30 alle 18 con movieri e negli altri orari con semaforo, senso unico alternato.<\/p>\n<div>\n<p>&nbsp;<\/p>\n<hr \/>\n<p>&nbsp;<\/p>\n<p class=\"photoswipe-wrapper\"><a class=\"dt-pswp-item pspw-wrap-ready\" href=\"https:\/\/i0.wp.com\/www.radiopiu.net\/wordpress\/wp-content\/uploads\/2018\/09\/WhatsApp-Image-2018-09-20-at-16.04.06.jpeg?ssl=1\" data-dt-img-description=\"\" data-large_image_width=\"800\" data-large_image_height=\"100\"><img loading=\"lazy\" decoding=\"async\" class=\"aligncenter wp-image-61378 size-full jetpack-lazy-image jetpack-lazy-image--handled\" src=\"https:\/\/i0.wp.com\/www.radiopiu.net\/wordpress\/wp-content\/uploads\/2018\/09\/WhatsApp-Image-2018-09-20-at-16.04.06.jpeg?resize=800%2C100&amp;ssl=1\" sizes=\"auto, (max-width: 800px) 100vw, 800px\" srcset=\"https:\/\/i0.wp.com\/www.radiopiu.net\/wordpress\/wp-content\/uploads\/2018\/09\/WhatsApp-Image-2018-09-20-at-16.04.06.jpeg?w=800&amp;ssl=1 800w, https:\/\/i0.wp.com\/www.radiopiu.net\/wordpress\/wp-content\/uploads\/2018\/09\/WhatsApp-Image-2018-09-20-at-16.04.06.jpeg?resize=300%2C38&amp;ssl=1 300w, https:\/\/i0.wp.com\/www.radiopiu.net\/wordpress\/wp-content\/uploads\/2018\/09\/WhatsApp-Image-2018-09-20-at-16.04.06.jpeg?resize=768%2C96&amp;ssl=1 768w\" alt=\"\" width=\"800\" height=\"100\" data-lazy-loaded=\"1\" \/><\/a><\/p>\n<\/div>\n<div><\/div>\n<div><center><b>Mercoledi 14<\/b><\/center><b>Tempo atteso:\u00a0<\/b>Tempo ben soleggiato con aria tersa ed ottima visibilit\u00e0 su gran parte della montagna veneta, al pomeriggio, tuttavia, qualche annuvolamento medio-alto potrebbe interessare le Prealpi occidentali. Alla sera il cielo tender\u00e0 a coprirsi a partire dalla fascia prealpina. In questo contesto stabile non si potr\u00e0 escludere qualche locale banco di nebbia durante le ore pi\u00f9 fredde in alcune depressioni o conche prealpine. Ambiente termico notturno sempre particolarmente freddo, in giornata il livello termico rimarr\u00e0 basso per il periodo.<br \/>\n<b>Precipitazioni:\u00a0<\/b>Assenti (0%), salvo qualche goccia sui Lessini e su l&#8217;altopiano dei sette comuni al pomeriggio (10\/20%).<br \/>\n<b>Temperature:\u00a0<\/b>Senza variazioni significative nelle valli con probabili nuove brinate\/gelate fino nei fondovalle prealpini e minime basse nei settori innevati e nelle depressioni degli altopiani prealpini (-3\/-5\u00b0C tra i 1100 e 1500 m); sono previste punte di 16\/18\u00b0C nei fondovalle prealpini e di 8\/11\u00b0C a 1000\/1200 m. In quota in generale lieve aumento; su Prealpi a 1500 m min 0\u00b0C max 5\u00b0C, a 2000 m min -2\u00b0C max 2\u00b0C. Su Dolomiti a 2000 m min -3\u00b0C max 1\u00b0C, a 3000 m min -9\u00b0C max -7\u00b0C.<br \/>\n<b>Venti:\u00a0<\/b>Nelle valli deboli di direzione variabile per brezze, localmente e tratti moderati; in quota deboli\/moderati da ovest al mattino, in lieve rinforzo da sud-ovest al pomeriggio, a 5-10 km\/h a 2000 m e 15-25 km\/h a 3000 m.<\/p>\n<hr \/>\n<p><center><b>Giovedi 15<\/b><\/center><b>Tempo atteso:\u00a0<\/b>Il tempo peggiorer\u00e0 fino a risultare perturbato, gi\u00e0 al primo mattino sulle Prealpi, successivamente sulle Dolomiti. Il cielo risulter\u00e0 coperto tutto il giorno e sar\u00e0 associato a fenomeni, anche diffusi. Continuer\u00e0 a fare assai fresco nelle valli e un po&#8217; freddo in alta montagna, con debole escursione termica diurna a tutte le quote.<br \/>\n<b>Precipitazioni:\u00a0<\/b>Dal primo mattino fenomeni in estensione dalle Prealpi alle Dolomiti e da met\u00e0 mattinata in poi precipiter\u00e0 ovunque (90\/100%) con precipitazioni deboli, a tratti moderate. Il limite della neve sar\u00e0 perlopi\u00f9 sui 1600\/1900 m, ma inizialmente e temporaneamente potrebbe nevicare, gi\u00e0 sui 1300\/1400 m sulle Dolomiti per residue sacche di aria fredda. (Indicativamente 10\/15 mm su Dolomiti e 15-25 mm su Prealpi)<br \/>\n<b>Temperature:\u00a0<\/b>In generale lieve ripresa, eccetto calo delle massime nelle valli. Sono previste punte di 11\/12\u00b0C nei fondovalle prealpini e di 5\/8\u00b0C a 1000\/1200 m. In quota in generale lieve aumento; su Prealpi a 1500 m min 1\u00b0C max 3\u00b0C, a 2000 m min -1\u00b0C max 0\u00b0C. Su Dolomiti a 2000 m min -2\u00b0C max 0\u00b0C, a 3000 m min -7\u00b0C max -5\u00b0C.<br \/>\n<b>Venti:\u00a0<\/b>Nelle valli deboli di direzione variabile; in quota moderati da sud-est per gran parte del giorno, a tratti tesi sulle cime dolomitiche pi\u00f9 alte e sulle dorsali prealpine a 10-25 km\/h a 2000 m e 20-40 km\/h a 3000 m.<\/p>\n<hr \/>\n<p><center><b>Venerdi 16<\/b><\/center>Nottetempo residua perturbabilit\u00e0 con cielo ancora molto nuvoloso\/coperto associato a qualche precipitazione sparsa e tracce di neve oltre i 1800\/1900 m, mentre in giornata il tempo sar\u00e0 variabile con qualche schiarita e molte nubi, associate a qualche raro e sporadico fenomeno, spesso assenti sulle Dolomiti. Temperature in leggero aumento, ma sempre inferiori alla media del periodo. In quota venti tesi durante tra la notte e il mattino, poi deboli\/moderati da nord-est; nelle valli deboli di direzione variabile.<\/p>\n<hr \/>\n<p><center><b>Sabato 17<\/b><\/center>Presenza nuvolosit\u00e0 medio-alta al mattino, assieme a nubi basse o stratocumuli a ridosso dei rilievi, poi il tempo migliorer\u00e0 con cielo via via pi\u00f9 sereno a partire dalle Dolomiti. Miglioramento che si estender\u00e0 anche alle Prealpi, nonostante qualche annuvolamento irregolare. Temperature in leggero calo, eccetto aumento delle massime nelle valli. Venti deboli di direzione variabile nelle valli; moderati\/tesi da nord in quota, in attenuazione al pomeriggio. Previsore: R.L.Th.<\/p>\n<\/div>\n<p>&nbsp;<\/p>\n<p>&nbsp;<\/p>\n<hr \/>\n<p>&nbsp;<\/p>\n<p>&nbsp;<\/p>\n<p><a class=\"dt-pswp-item\" href=\"https:\/\/www.radiopiu.net\/wordpress\/wp-content\/uploads\/2018\/09\/sport.jpg\" data-dt-img-description=\"\" data-large_image_width=\"800\" data-large_image_height=\"100\"><img loading=\"lazy\" decoding=\"async\" class=\"wp-image-60761 size-full aligncenter\" src=\"https:\/\/www.radiopiu.net\/wordpress\/wp-content\/uploads\/2018\/09\/sport.jpg\" alt=\"\" width=\"800\" height=\"100\" srcset=\"https:\/\/www.radiopiu.net\/wordpress\/wp-content\/uploads\/2018\/09\/sport.jpg 800w, https:\/\/www.radiopiu.net\/wordpress\/wp-content\/uploads\/2018\/09\/sport-300x38.jpg 300w, https:\/\/www.radiopiu.net\/wordpress\/wp-content\/uploads\/2018\/09\/sport-768x96.jpg 768w\" sizes=\"auto, (max-width: 800px) 100vw, 800px\" \/><\/a><\/p>\n<p>&nbsp;<\/p>\n<p>&nbsp;<\/p>\n<blockquote><p><strong>EMANUELE BUZZI E TARGA TELEMATICS ANCORA INSIEME<\/strong><\/p><\/blockquote>\n<p><strong><a class=\"dt-pswp-item\" href=\"https:\/\/www.radiopiu.net\/wordpress\/wp-content\/uploads\/2020\/10\/EMANUELE-BUZZI-credito-Pentaphoto_134792-5-scaled-e1602607062383.jpg\" data-dt-img-description=\"\" data-large_image_width=\"2560\" data-large_image_height=\"1707\"><img loading=\"lazy\" decoding=\"async\" class=\"wp-image-166147 alignleft\" src=\"https:\/\/www.radiopiu.net\/wordpress\/wp-content\/uploads\/2020\/10\/EMANUELE-BUZZI-credito-Pentaphoto_134792-5-scaled-e1602607062383-300x200.jpg\" alt=\"\" width=\"146\" height=\"97\" srcset=\"https:\/\/www.radiopiu.net\/wordpress\/wp-content\/uploads\/2020\/10\/EMANUELE-BUZZI-credito-Pentaphoto_134792-5-scaled-e1602607062383-300x200.jpg 300w, https:\/\/www.radiopiu.net\/wordpress\/wp-content\/uploads\/2020\/10\/EMANUELE-BUZZI-credito-Pentaphoto_134792-5-scaled-e1602607062383-1024x683.jpg 1024w, https:\/\/www.radiopiu.net\/wordpress\/wp-content\/uploads\/2020\/10\/EMANUELE-BUZZI-credito-Pentaphoto_134792-5-scaled-e1602607062383-768x512.jpg 768w, https:\/\/www.radiopiu.net\/wordpress\/wp-content\/uploads\/2020\/10\/EMANUELE-BUZZI-credito-Pentaphoto_134792-5-scaled-e1602607062383-1536x1024.jpg 1536w, https:\/\/www.radiopiu.net\/wordpress\/wp-content\/uploads\/2020\/10\/EMANUELE-BUZZI-credito-Pentaphoto_134792-5-scaled-e1602607062383-2048x1366.jpg 2048w\" sizes=\"auto, (max-width: 146px) 100vw, 146px\" \/><\/a>BELLUNO\u00a0<\/strong> Targa Telematics che sviluppa soluzioni digitali per la smart mobility, sar\u00e0 ancora al fianco di Emanuele Buzzi.\u00a0 \u00abI valori di Targa sono i miei e continuare a viaggiare insieme a quest\u2019azienda \u00e8 per me motivo di grandissima soddisfazione\u00bb dice Buzzi<em>. \u00abCredo nei progetti a lungo termine e quello con Targa \u00e8 un progetto partito da lontano che vuole andare lontano: le prossime due stagioni saranno caratterizzate da eventi importanti come i Mondiali di Cortina e le Olimpiadi di Pechino. Affrontarle con Targa sar\u00e0 stimolante\u00bb. (FOTO credito Pentaphoto)<\/em><\/p>\n<p>&nbsp;<\/p>\n<hr \/>\n<blockquote>\n<h3>Stop allo sport amatoriale. Consentita l\u2019attivit\u00e0 organizzata dal CSI<\/h3>\n<\/blockquote>\n<div>La stretta del Governo nel nuovo DPCM per contenere i contagi da Covid-19 si concentra soprattutto sulla vita sociale e nelle aree della movida. Fissa nuove regole per la capienza degli stadi e negli impianti indoor, e consente alle ASD e SSD dello sport di base (riconosciute da CONI e CIP) di svolgere anche gli sport di contatto nel rispetto dei protocolli del CSI e o da altri Enti o Federazioni<\/div>\n<p>&nbsp;<\/p>\n<hr \/>\n<p>&nbsp;<\/p>\n","protected":false},"excerpt":{"rendered":"<p>PER RICEVERE QUESTO NOTIZIARIO DIRETTAMENTE SUL TUO CELLULARE ISCRIVITI AL CANALE TELEGRAM \u201cRADIO PIU\u00a0 INFORMAZIONE&#8221; ATTENZIONE: LA NUOVA APP PER IOS-IPHONE https:\/\/apps.apple.com\/it\/app\/radio-pi%C3%B9-emittente-agordina\/id1515939845 ATTENZIONE: LA NUOVA APP RADIO\u00a0 PER ANDROID https:\/\/play.google.com\/store\/apps\/details?id=net.radiopiu.iniko &nbsp; &nbsp; &nbsp; &nbsp; CADE DALL&#8217;IMPALCATURA, GUARIRA&#8217; IN 10 GIORNI BELLUNO Il Suem 118, i\u00a0 Carabinieri di Belluno e personale dello Spisal nel pomeriggio in&hellip;<\/p>\n","protected":false},"author":4,"featured_media":166156,"comment_status":"closed","ping_status":"closed","sticky":false,"template":"","format":"standard","meta":{"_monsterinsights_skip_tracking":false,"_monsterinsights_sitenote_active":false,"_monsterinsights_sitenote_note":"","_monsterinsights_sitenote_category":0,"footnotes":""},"categories":[1,51,86],"tags":[],"class_list":["post-165995","post","type-post","status-publish","format-standard","has-post-thumbnail","hentry","category-senza-categoria","category-evidenza-top","category-gr","category-1","category-51","category-86","description-off"],"img_url":"https:\/\/www.radiopiu.net\/wordpress\/wp-content\/uploads\/2020\/10\/cd092514-4eb5-432f-abac-c7ecf635ea07.jpg","_links":{"self":[{"href":"https:\/\/www.radiopiu.net\/wordpress\/wp-json\/wp\/v2\/posts\/165995","targetHints":{"allow":["GET"]}}],"collection":[{"href":"https:\/\/www.radiopiu.net\/wordpress\/wp-json\/wp\/v2\/posts"}],"about":[{"href":"https:\/\/www.radiopiu.net\/wordpress\/wp-json\/wp\/v2\/types\/post"}],"author":[{"embeddable":true,"href":"https:\/\/www.radiopiu.net\/wordpress\/wp-json\/wp\/v2\/users\/4"}],"replies":[{"embeddable":true,"href":"https:\/\/www.radiopiu.net\/wordpress\/wp-json\/wp\/v2\/comments?post=165995"}],"version-history":[{"count":0,"href":"https:\/\/www.radiopiu.net\/wordpress\/wp-json\/wp\/v2\/posts\/165995\/revisions"}],"wp:featuredmedia":[{"embeddable":true,"href":"https:\/\/www.radiopiu.net\/wordpress\/wp-json\/wp\/v2\/media\/166156"}],"wp:attachment":[{"href":"https:\/\/www.radiopiu.net\/wordpress\/wp-json\/wp\/v2\/media?parent=165995"}],"wp:term":[{"taxonomy":"category","embeddable":true,"href":"https:\/\/www.radiopiu.net\/wordpress\/wp-json\/wp\/v2\/categories?post=165995"},{"taxonomy":"post_tag","embeddable":true,"href":"https:\/\/www.radiopiu.net\/wordpress\/wp-json\/wp\/v2\/tags?post=165995"}],"curies":[{"name":"wp","href":"https:\/\/api.w.org\/{rel}","templated":true}]}}