{"id":166036,"date":"2020-10-13T09:44:31","date_gmt":"2020-10-13T07:44:31","guid":{"rendered":"https:\/\/www.radiopiu.net\/wordpress\/?p=166036"},"modified":"2020-10-13T09:44:31","modified_gmt":"2020-10-13T07:44:31","slug":"domani-giornata-di-mobilitazione-dei-precari-della-scuola-presidio-in-piazza-duomo-a-belluno-e-delegazione-di-insegnanti-dal-prefetto","status":"publish","type":"post","link":"https:\/\/www.radiopiu.net\/wordpress\/domani-giornata-di-mobilitazione-dei-precari-della-scuola-presidio-in-piazza-duomo-a-belluno-e-delegazione-di-insegnanti-dal-prefetto\/","title":{"rendered":"DOMANI GIORNATA DI MOBILITAZIONE DEI PRECARI DELLA SCUOLA. PRESIDIO IN PIAZZA DUOMO A BELLUNO E DELEGAZIONE DI INSEGNANTI DAL PREFETTO"},"content":{"rendered":"<p><strong><a class=\"dt-pswp-item\" href=\"https:\/\/www.radiopiu.net\/wordpress\/wp-content\/uploads\/2020\/06\/primo-piano-gli-studenti-che-scrivono-e-leggono-gli-fogli-di-risposta-degli-esami-di-esercitazione-in-aula-della-scuola-con-lo-stress_73622-858.jpg\" data-dt-img-description=\"\" data-large_image_width=\"626\" data-large_image_height=\"417\"><img loading=\"lazy\" decoding=\"async\" class=\"size-medium wp-image-143128 alignleft\" src=\"https:\/\/www.radiopiu.net\/wordpress\/wp-content\/uploads\/2020\/06\/primo-piano-gli-studenti-che-scrivono-e-leggono-gli-fogli-di-risposta-degli-esami-di-esercitazione-in-aula-della-scuola-con-lo-stress_73622-858-300x200.jpg\" alt=\"\" width=\"300\" height=\"200\" srcset=\"https:\/\/www.radiopiu.net\/wordpress\/wp-content\/uploads\/2020\/06\/primo-piano-gli-studenti-che-scrivono-e-leggono-gli-fogli-di-risposta-degli-esami-di-esercitazione-in-aula-della-scuola-con-lo-stress_73622-858-300x200.jpg 300w, https:\/\/www.radiopiu.net\/wordpress\/wp-content\/uploads\/2020\/06\/primo-piano-gli-studenti-che-scrivono-e-leggono-gli-fogli-di-risposta-degli-esami-di-esercitazione-in-aula-della-scuola-con-lo-stress_73622-858.jpg 626w\" sizes=\"auto, (max-width: 300px) 100vw, 300px\" \/><\/a>BELLUNO <\/strong>Nella giornata di mobilitazione nazionale dei precari della scuola, indetta per domani, gli insegnanti bellunesi saranno in presidio davanti alla Prefettura di Belluno dalle 15.00 alle 16.30. La richiesta, che sar\u00e0 portata all\u2019attenzione del Prefetto nel corso di un incontro, \u00e8 precisa: un piano di stabilizzazioni attraverso procedure concorsuali straordinarie.\u00a0\u201c<em>Oggi &#8211; spiegano i rappresentanti territoriali di Flc Cgil, Cisl Scuola, Snals Confsal e Gilda Unams &#8211; il lavoro nelle scuole poggia anche sul 30% di organico occupato da lavoratrici e lavoratori precari che operano con professionalit\u00e0 e seriet\u00e0, rispetto ai quali si \u00e8 abusato del ricorso al contratto a termine senza mai offrire loro alcuna possibilit\u00e0 di abilitazione o di stabilizzazione. Avviare in un contesto di emergenza igienico-sanitaria lo svolgimento delle prove del concorso straordinario (e a seguire un maxi-concorso con oltre 500.000 candidati) non produce alcun effetto immediato in termini di assunzioni, mentre espone la scuola e il personale coinvolto a due ordini di rischi: un possibile aumento dei contagi nelle scuole e la possibilit\u00e0 che molti precari, trovandosi eventualmente in situazione di contagio o di quarantena come effetto del lavoro che svolgono e che li espone a tali condizioni, siano esclusi dalla partecipazione al concorso. Si tratta di un\u2019evenienza inaccettabile, che vanificherebbe per ragioni certamente non imputabili al personale, il lavoro di diversi anni<\/em>\u201d.\u00a0\u201c<em>Vi \u00e8 poi da chiedersi &#8211; proseguono i rappresentanti sindacali &#8211; se sia opportuno sottrarre alle scuole appena ripartite 66.000 docenti per almeno due giorni, con l\u2019incremento che ne discende, inoltre, dei flussi di mobilit\u00e0 sul territorio per quanti potrebbero partecipare alle prove in regione diversa da quella di servizio. \u00c8 necessario che Governo e Parlamento promuovano un pi\u00f9 complessivo ripensamento su una procedura che, se nell\u2019immediato si rivela unicamente un fattore di ulteriore stress per le scuole, meriterebbe comunque di essere riconsiderata alla luce di quanto avvenuto anche in altri settori della pubblica amministrazione, mettendo in atto percorsi di stabilizzazione per titoli e prova orale che consentirebbero di garantire l\u2019assunzione in forma stabile di quei precari gi\u00e0 oggi impegnati in cattedra<\/em>\u201d.\u00a0Tre le proposte avanzate dai Sindacati della scuola: stabilizzare tramite una prova orale e la valutazione dei titoli i docenti con tre anni di servizio; per quanto riguarda il sostegno, stabilizzare tramite prova orale i docenti specializzati, garantendo cos\u00ec la continuit\u00e0 didattica agli alunni con disabilit\u00e0; avviare dei percorsi abilitanti a regime per tutti e in particolare per i docenti con 3 anni di servizio.<\/p>\n","protected":false},"excerpt":{"rendered":"<p>BELLUNO Nella giornata di mobilitazione nazionale dei precari della scuola, indetta per domani, gli insegnanti bellunesi saranno in presidio davanti alla Prefettura di Belluno dalle 15.00 alle 16.30. La richiesta, che sar\u00e0 portata all\u2019attenzione del Prefetto nel corso di un incontro, \u00e8 precisa: un piano di stabilizzazioni attraverso procedure concorsuali straordinarie.\u00a0\u201cOggi &#8211; spiegano i rappresentanti&hellip;<\/p>\n","protected":false},"author":4,"featured_media":143128,"comment_status":"closed","ping_status":"closed","sticky":false,"template":"","format":"standard","meta":{"_monsterinsights_skip_tracking":false,"_monsterinsights_sitenote_active":false,"_monsterinsights_sitenote_note":"","_monsterinsights_sitenote_category":0,"footnotes":""},"categories":[49],"tags":[],"class_list":["post-166036","post","type-post","status-publish","format-standard","has-post-thumbnail","hentry","category-news-18","category-49","description-off"],"img_url":"https:\/\/www.radiopiu.net\/wordpress\/wp-content\/uploads\/2020\/06\/primo-piano-gli-studenti-che-scrivono-e-leggono-gli-fogli-di-risposta-degli-esami-di-esercitazione-in-aula-della-scuola-con-lo-stress_73622-858.jpg","_links":{"self":[{"href":"https:\/\/www.radiopiu.net\/wordpress\/wp-json\/wp\/v2\/posts\/166036","targetHints":{"allow":["GET"]}}],"collection":[{"href":"https:\/\/www.radiopiu.net\/wordpress\/wp-json\/wp\/v2\/posts"}],"about":[{"href":"https:\/\/www.radiopiu.net\/wordpress\/wp-json\/wp\/v2\/types\/post"}],"author":[{"embeddable":true,"href":"https:\/\/www.radiopiu.net\/wordpress\/wp-json\/wp\/v2\/users\/4"}],"replies":[{"embeddable":true,"href":"https:\/\/www.radiopiu.net\/wordpress\/wp-json\/wp\/v2\/comments?post=166036"}],"version-history":[{"count":0,"href":"https:\/\/www.radiopiu.net\/wordpress\/wp-json\/wp\/v2\/posts\/166036\/revisions"}],"wp:featuredmedia":[{"embeddable":true,"href":"https:\/\/www.radiopiu.net\/wordpress\/wp-json\/wp\/v2\/media\/143128"}],"wp:attachment":[{"href":"https:\/\/www.radiopiu.net\/wordpress\/wp-json\/wp\/v2\/media?parent=166036"}],"wp:term":[{"taxonomy":"category","embeddable":true,"href":"https:\/\/www.radiopiu.net\/wordpress\/wp-json\/wp\/v2\/categories?post=166036"},{"taxonomy":"post_tag","embeddable":true,"href":"https:\/\/www.radiopiu.net\/wordpress\/wp-json\/wp\/v2\/tags?post=166036"}],"curies":[{"name":"wp","href":"https:\/\/api.w.org\/{rel}","templated":true}]}}