{"id":166187,"date":"2020-10-14T05:57:43","date_gmt":"2020-10-14T03:57:43","guid":{"rendered":"https:\/\/www.radiopiu.net\/wordpress\/?p=166187"},"modified":"2020-10-14T06:15:24","modified_gmt":"2020-10-14T04:15:24","slug":"e-morto-claudio-sinigaglia-il-messaggio-del-partito-democratico-veneto","status":"publish","type":"post","link":"https:\/\/www.radiopiu.net\/wordpress\/e-morto-claudio-sinigaglia-il-messaggio-del-partito-democratico-veneto\/","title":{"rendered":"E&#8217; MORTO CLAUDIO SINIGAGLIA, IL MESSAGGIO DEL PARTITO DEMOCRATICO VENETO"},"content":{"rendered":"<p><strong>VENEZIA<\/strong> Raggiunti dalla notizia della scomparsa di Claudio Sinigaglia, i consiglieri regionali del Pd ricordano cos\u00ec il compagno di partito che nelle ultime due legislature \u00e8 stato l\u2019anima di molte battaglie del Partito Democratico.<\/p>\n<blockquote><p>&nbsp;<\/p>\n<p><em><a class=\"dt-pswp-item\" href=\"https:\/\/www.radiopiu.net\/wordpress\/wp-content\/uploads\/2020\/10\/download-9.jpg\" data-dt-img-description=\"\" data-large_image_width=\"225\" data-large_image_height=\"225\"><img loading=\"lazy\" decoding=\"async\" class=\"size-full wp-image-166188 alignleft\" src=\"https:\/\/www.radiopiu.net\/wordpress\/wp-content\/uploads\/2020\/10\/download-9.jpg\" alt=\"\" width=\"225\" height=\"225\" srcset=\"https:\/\/www.radiopiu.net\/wordpress\/wp-content\/uploads\/2020\/10\/download-9.jpg 225w, https:\/\/www.radiopiu.net\/wordpress\/wp-content\/uploads\/2020\/10\/download-9-150x150.jpg 150w\" sizes=\"auto, (max-width: 225px) 100vw, 225px\" \/><\/a>\u201cSe non avesse dovuto lottare con un male pi\u00f9 forte della vita e della sua volont\u00e0, avrebbe continuato a rappresentare quei valori di giustizia, solidariet\u00e0, umanit\u00e0, rispetto e fede che sono stati la cifra del suo impegno di cattolico, di amministratore e di politico democratico. A Claudio Sinigaglia siamo tutti debitori, non solo come partito e come gruppo consiliare del Pd, ma come cittadini\u201d.\u00a0 \u201cLa sanit\u00e0, lo sport e la pratica sportiva, la promozione del volontariato e dell\u2019associazionismo, l\u2019attenzione per la disabilit\u00e0 e per i pi\u00f9 fragili, il servizio civile, la famiglia, l\u2019accesso all\u2019edilizia pubblica residenziale \u2013 ricordano i neoletti consiglieri Anna Maria Bigon, Vanessa Camani, Jonatan Montanariello, Giacomo Possamai, Andrea Zanoni,\u00a0Francesca Zottis e i loro colleghi della X legislatura Graziano Azzalin, Stefano Fracasso e Bruno Pigozzo \u00a0&#8211; sono i temi che l\u2019hanno impegnato in prima persona, con grande competenza, preparazione\u00a0 e costanza, prima da amministratore e vicesindaco di Padova, poi da consigliere regionale e vicepresidente delle\u00a0commissioni Sanit\u00e0 e Bilancio. Ci sono leggi, come gli ultimi due piani sociosanitari, la legge quadro sullo sport, le leggi per la famiglia, le norme per il contrasto al gioco d\u2019azzardo patologico, il riconoscimento istituzionale della figura dell\u2019amministratore di sostegno, la qualifica del Veneto come \u2018terra di pace\u2019 nel centenario della Grande Guerra, che portano il suo nome come proponente o per il suo attivo e propositivo contributo\u00a0 dai banchi dell\u2019opposizione. La sua sensibilit\u00e0 di cattolico democratico, la sua militanza attiva nel mondo ecclesiale, il suo impegno &#8211; personale prima che politico &#8211; nel sociale, nella scuola, in difesa dei cittadini pi\u00f9 deboli e per la pace, hanno sempre conferito credibilit\u00e0 e autorevolezza ai suoi interventi, specie nei momenti di confronto pi\u00f9 aspro e difficile tra maggioranza e opposizione\u201d.\u201cIn questo triste momento chiediamo che la nuova Assemblea, che andr\u00e0 a insediarsi \u00a0gioved\u00ec prossimo, riservi il giusto omaggio a un consigliere che ha contribuito cos\u00ec tanto alla vita delle istituzioni regionali e a dare forma a leggi, provvedimenti e servizi a sostegno dei pi\u00f9 deboli\u201d. \u201cAlla moglie Roberta, ai figli Edoardo, Gregorio e Virginia, giunga il nostro abbraccio pi\u00f9 forte e la promessa di\u00a0non disperdere la sua eredit\u00e0 di impegno,\u00a0cittadinanza attiva, partecipazione costruttiva e presenza tenace nelle istituzioni, nella convinta ricerca del superiore bene comune.<\/em><br \/>\n<em>Grazie Claudio\u201d.<\/em><\/p><\/blockquote>\n<p>&nbsp;<\/p>\n","protected":false},"excerpt":{"rendered":"<p>VENEZIA Raggiunti dalla notizia della scomparsa di Claudio Sinigaglia, i consiglieri regionali del Pd ricordano cos\u00ec il compagno di partito che nelle ultime due legislature \u00e8 stato l\u2019anima di molte battaglie del Partito Democratico. &nbsp; \u201cSe non avesse dovuto lottare con un male pi\u00f9 forte della vita e della sua volont\u00e0, avrebbe continuato a rappresentare&hellip;<\/p>\n","protected":false},"author":4,"featured_media":166188,"comment_status":"closed","ping_status":"closed","sticky":false,"template":"","format":"standard","meta":{"_monsterinsights_skip_tracking":false,"_monsterinsights_sitenote_active":false,"_monsterinsights_sitenote_note":"","_monsterinsights_sitenote_category":0,"footnotes":""},"categories":[51,49],"tags":[],"class_list":["post-166187","post","type-post","status-publish","format-standard","has-post-thumbnail","hentry","category-evidenza-top","category-news-18","category-51","category-49","description-off"],"img_url":"https:\/\/www.radiopiu.net\/wordpress\/wp-content\/uploads\/2020\/10\/download-9.jpg","_links":{"self":[{"href":"https:\/\/www.radiopiu.net\/wordpress\/wp-json\/wp\/v2\/posts\/166187","targetHints":{"allow":["GET"]}}],"collection":[{"href":"https:\/\/www.radiopiu.net\/wordpress\/wp-json\/wp\/v2\/posts"}],"about":[{"href":"https:\/\/www.radiopiu.net\/wordpress\/wp-json\/wp\/v2\/types\/post"}],"author":[{"embeddable":true,"href":"https:\/\/www.radiopiu.net\/wordpress\/wp-json\/wp\/v2\/users\/4"}],"replies":[{"embeddable":true,"href":"https:\/\/www.radiopiu.net\/wordpress\/wp-json\/wp\/v2\/comments?post=166187"}],"version-history":[{"count":0,"href":"https:\/\/www.radiopiu.net\/wordpress\/wp-json\/wp\/v2\/posts\/166187\/revisions"}],"wp:featuredmedia":[{"embeddable":true,"href":"https:\/\/www.radiopiu.net\/wordpress\/wp-json\/wp\/v2\/media\/166188"}],"wp:attachment":[{"href":"https:\/\/www.radiopiu.net\/wordpress\/wp-json\/wp\/v2\/media?parent=166187"}],"wp:term":[{"taxonomy":"category","embeddable":true,"href":"https:\/\/www.radiopiu.net\/wordpress\/wp-json\/wp\/v2\/categories?post=166187"},{"taxonomy":"post_tag","embeddable":true,"href":"https:\/\/www.radiopiu.net\/wordpress\/wp-json\/wp\/v2\/tags?post=166187"}],"curies":[{"name":"wp","href":"https:\/\/api.w.org\/{rel}","templated":true}]}}