{"id":166210,"date":"2020-10-15T05:53:13","date_gmt":"2020-10-15T03:53:13","guid":{"rendered":"https:\/\/www.radiopiu.net\/wordpress\/?p=166210"},"modified":"2020-10-15T10:27:50","modified_gmt":"2020-10-15T08:27:50","slug":"giornale-radiopiu-15-ottobre-2020-direttore-mirko-mezzacasa","status":"publish","type":"post","link":"https:\/\/www.radiopiu.net\/wordpress\/giornale-radiopiu-15-ottobre-2020-direttore-mirko-mezzacasa\/","title":{"rendered":"GIORNALE RADIOPIU 15 OTTOBRE 2020 DIRETTORE MIRKO MEZZACASA"},"content":{"rendered":"<h3><strong>PER RICEVERE QUESTO NOTIZIARIO DIRETTAMENTE SUL TUO CELLULARE ISCRIVITI AL CANALE TELEGRAM <\/strong><strong>\u201cRADIO PIU\u00a0 INFORMAZIONE&#8221;<\/strong><\/h3>\n<p><em>ATTENZIONE: LA NUOVA APP PER IOS-IPHONE<\/em><\/p>\n<div>\n<div><a href=\"https:\/\/apps.apple.com\/it\/app\/radio-pi%C3%B9-emittente-agordina\/id1515939845\">https:\/\/apps.apple.com\/it\/app\/radio-pi%C3%B9-emittente-agordina\/id1515939845<\/a><\/div>\n<\/div>\n<div><\/div>\n<div>\n<div dir=\"auto\"><em>ATTENZIONE: LA NUOVA APP RADIO\u00a0 PER ANDROID<\/em><\/div>\n<\/div>\n<p><a href=\"https:\/\/play.google.com\/store\/apps\/details?id=net.radiopiu.iniko\" target=\"_blank\" rel=\"noopener noreferrer\">https:\/\/play.google.com\/store\/apps\/details?id=net.radiopiu.iniko<\/a><\/p>\n<p>&nbsp;<\/p>\n<hr \/>\n<h3><\/h3>\n<h3>LA NOTA INVERNALE<\/h3>\n<h3>Sgombero neve strada Fedaia lato Veneto<\/h3>\n<p><a class=\"dt-pswp-item\" href=\"https:\/\/www.radiopiu.net\/wordpress\/wp-content\/uploads\/2020\/10\/196e88f4-9152-435d-b326-4ac1a32a09a5.jpg\" data-dt-img-description=\"\" data-large_image_width=\"1599\" data-large_image_height=\"1200\"><img loading=\"lazy\" decoding=\"async\" class=\"alignnone size-medium wp-image-166376\" src=\"https:\/\/www.radiopiu.net\/wordpress\/wp-content\/uploads\/2020\/10\/196e88f4-9152-435d-b326-4ac1a32a09a5-300x225.jpg\" alt=\"\" width=\"300\" height=\"225\" srcset=\"https:\/\/www.radiopiu.net\/wordpress\/wp-content\/uploads\/2020\/10\/196e88f4-9152-435d-b326-4ac1a32a09a5-300x225.jpg 300w, https:\/\/www.radiopiu.net\/wordpress\/wp-content\/uploads\/2020\/10\/196e88f4-9152-435d-b326-4ac1a32a09a5-1024x768.jpg 1024w, https:\/\/www.radiopiu.net\/wordpress\/wp-content\/uploads\/2020\/10\/196e88f4-9152-435d-b326-4ac1a32a09a5-768x576.jpg 768w, https:\/\/www.radiopiu.net\/wordpress\/wp-content\/uploads\/2020\/10\/196e88f4-9152-435d-b326-4ac1a32a09a5-1536x1153.jpg 1536w, https:\/\/www.radiopiu.net\/wordpress\/wp-content\/uploads\/2020\/10\/196e88f4-9152-435d-b326-4ac1a32a09a5.jpg 1599w\" sizes=\"auto, (max-width: 300px) 100vw, 300px\" \/><\/a><\/p>\n<p>&nbsp;<\/p>\n<p>&nbsp;<\/p>\n<hr \/>\n<p>&nbsp;<\/p>\n<blockquote>\n<h3>CHIUSURA DI VIA VATICANO A TAIBON AGORDINO PER ASFALTATURA<\/h3>\n<\/blockquote>\n<p><strong>TAIBON<\/strong> Oggi e domani dalle 7 alle 18 sar\u00e0 chiusa al traffico veicolare Via Vaticano a Taibon Agordino. Lavori di fresatura e asfaltatura in programma.<\/p>\n<p>&nbsp;<\/p>\n<p>&nbsp;<\/p>\n<hr \/>\n<p>&nbsp;<\/p>\n<h3><span style=\"color: #0000ff;\">PER CHI VIAGGIA: <span style=\"color: #000000;\">negli spostamenti Agordo-Belluno prendetevi per tempo, sono due i semafori (non sincronizzati) tra La Stanga e Candaten. Disagi notevoli nelle ore di cambio turno in Luxottica ad Agordo.\u00a0<\/span><\/span><\/h3>\n<p>&nbsp;<\/p>\n<hr \/>\n<p>&nbsp;<\/p>\n<p><strong>SP 37 VILLAPAIERA &#8211; FELTRE &#8211;\u00a0 <\/strong>Fino al 30 ottobre (compresi festivi e prefestivi) in abitato di Villapaiera interdizione totale al transito per sistemazione condotta fognaria<\/p>\n<p><strong>PROVINCIALE 35 &#8211; LASTE<\/strong><br \/>\nPer allargamento della sede stradale in localit\u00e0 Laste di Sopra limitazioni al transito fino al 15 ottobre esclusi festivi e prefestivi, brevi interruzioni durata massima di 15 minuti tra le 8 e le 12 e tra le 13 e le 17.\u00a0Negli altri orari semaforo e senso unico alternato<\/p>\n<p><strong>PROVINCIALE 8 SAN TOMASO<\/strong> nuovo senso unico alternato fino al 13 novembre compresi festivi e prefestivi in localit\u00e0 ROI per realizzazione acquedotto<\/p>\n<p>&nbsp;<\/p>\n<p>&nbsp;<\/p>\n<hr \/>\n<p>&nbsp;<\/p>\n<p><strong>SELVA DI CADORE<\/strong> in LOCALITA\u2019 L\u2019 ANDRIA \u00a0l\u2019acqua erogata dall\u2019acquedotto non \u00e8 potabile e pu\u00f2 essere usata per scopi alimentari solo previa bollitura.<\/p>\n<p>&nbsp;<\/p>\n<p>&nbsp;<\/p>\n<hr \/>\n<p><span style=\"color: #0000ff;\">EMERGENZA CASE DI RIPOSO, DOPO CORTINA ( situazione stabile) PREOCCUPANO I CASI DI LAMON (4 operatori positivi, 15 persone isolate) E PONTE NELLE ALPI (15 positivi). Al San Martino tre reparti costretti a riprogrammare l&#8217;attivit\u00e0 dopo che tre operatori sono stati trovati positivi al covid. I NUMERI IN PROVINCIA AUMENTANO DI GIORNO IN GIORNO. IERI IN ITALIA IL GIORNO DEI RECORD +7332 POSITIVI, 43 I MORTI. IN VENETO +836 POSITIVII IN RIANIMAZIONE 46 (+7)<\/span><\/p>\n<blockquote>\n<h3>NELLE ULTIME 24 ORE: MUORE UN 73ENNE COVID POSITIVO DI SAN VITO DI CADORE, 33 POSITIVI (11 IN CASA DI RIPOSO) 2 PAZIENTI IN TERAPIA INTENSIVA, 36 IN CORSIA<\/h3>\n<\/blockquote>\n<p style=\"text-align: center;\" align=\"JUSTIFY\"><strong><span style=\"color: #ff0000;\">SOSPESA L&#8217;ATTIVITA&#8217; CHIRURGICA AL SAN MARTINO, RIPRENDERA&#8217; IL 26 OTTOBRE<\/span><\/strong><\/p>\n<p align=\"JUSTIFY\"><span style=\"font-size: medium;\"><strong><img loading=\"lazy\" decoding=\"async\" class=\"alignleft\" src=\"https:\/\/www.radiopiu.net\/wordpress\/wp-content\/uploads\/2020\/03\/covid-ulss.jpg\" width=\"246\" height=\"185\" \/>BELLUNO<\/strong> Nelle ultime 24 ore sono emerse 33 nuove positivit\u00e0, 11\u00a0 nelle case di riposo, 10 nei Comuni del Comelico-Cadore-Ampezzano, le altre si riferiscono a singoli contesti in ambito provinciale senza evidenza di particolari aggregazioni. <\/span><span style=\"font-size: medium;\">Si tratta in prevalenza di persone che hanno effettuato il tampone di controllo in quanto contatto di caso e quindi gi\u00e0 isolati. <\/span><b style=\"font-size: medium;\">Ricoveri <\/b><span style=\"font-size: medium;\">Le persone attualmente ricoverate negli ospedali dell\u2019Ulss Dolomiti sono 26 in area non critica a Belluno, 10 a Feltre e 2 in terapia intensiva a Belluno. <\/span><span style=\"font-size: medium;\"><b>Decessi <\/b><\/span><span style=\"font-size: medium;\">Nella notte tra il 13 e 14 ottobre \u00e8 deceduto un paziente covid positivo di 73 anni ricoverato in Pneumologia Covid a Belluno.\u00a0 <\/span><span style=\"font-size: medium;\"><b>Ospedale di Belluno <\/b><\/span><span style=\"font-size: medium;\">A seguito del riscontro di alcune positivit\u00e0 tra operatori sanitari nell\u2019ambito dell\u2019area omogenea di assistenza del 3\u00b0 piano del Blocco Chirurgico, l\u2019attivit\u00e0 programmata delle unit\u00e0 operative di Chirurgia, Urologia e Nefrologia dell\u2019ospedale di Belluno \u00e8 stata sospesa e riprender\u00e0 il 26 ottobre. Sar\u00e0 garantita l\u2019attivit\u00e0 di emergenza delle unit\u00e0 operative indicate mentre l\u2019attivit\u00e0 in urgenza sar\u00e0 dirottata all\u2019ospedale di Feltre, con il supporto della Centrale Operativa 118. <\/span><span style=\"font-size: medium;\"><b>Drive-in Feltre <\/b><\/span>Dal 16 ottobre 2020 il drive-in tamponi di Feltre sar\u00e0 operativo tutti i giorni dalle 8.30 alle 12.30 in via delle Industrie \u2013 zona Peschiera nell\u2019area dell\u2019ex fabbrica Marangoni a FELTRE, con accesso libero per bambini, ragazzi e adulti sintomatici del mondo della scuola e rientri dall\u2019estero. Fino al 15 ottobre compreso continuer\u00e0 ad essere attivo il drive in tamponi di Borgo Ruga , 34 \u2013 accesso da via Panoramica. <span style=\"font-size: large;\"><b>Nuove disposizioni su quarantena <\/b>Modificata<\/span><span style=\"font-size: medium;\"> la durata della quarantena, con particolare riferimento ai casi positivi asintomatici e ai contatti stretti di caso. Per queste tipologie di persone la quarantena \u00e8 ridotta da 14 a 10 giorni con previsione, per i casi positivi asintomatici, di un unico tampone molecolare a fine quarantena in luogo dei due precedenti. Un unico tampone \u00e8 anche previsto per la fine della quarantena nei soggetti positivi sintomatici per i quali dopo almeno 10 giorni di isolamento, pu\u00f2 essere disattivato l\u2019obbligo di isolamento a condizione che il soggetto sia senza sintomi da almeno 3 giorni.\u00a0<\/span><span style=\"font-size: medium;\">Importante \u00e8 anche la possibilit\u00e0 di interrompere l\u2019isolamento dopo 21 giorni dalla comparsa dei sintomi nei casi positivi a lungo termine, considerato che dopo tre settimane dall\u2019esordio clinico questi soggetti non sono \u201cinfettanti\u201d. <\/span><span style=\"font-size: medium;\">Queste nuove misure quarantenarie saranno di regola applicate per tutti i nuovi soggetti positivi o contatti presi in carico.<\/span><\/p>\n<p>&nbsp;<\/p>\n<p>&nbsp;<\/p>\n<p>&nbsp;<\/p>\n<hr \/>\n<blockquote>\n<h3>DISCARICA ABUSIVA SOTTO ALLE TRE CIME, AD ARSIE&#8217; BUNKER PIENO DI RIFIUTI<\/h3>\n<\/blockquote>\n<p><strong>AURONZO<\/strong> I Carabinieri Forestali di Auronzo hanno denunciato due persone di Auronzo perch\u00e8 hanno scaricato abusivamente rifiuti speciali (edilizia) ai piedi delle Tre Cime. Si tratta di due legali rappresentanti di attivit\u00e0 commerciali note in paese. Il gruppo speleologico del Cai feltrino ha invece trovato una grande quantit\u00e0 di rifiuti nel bunker della Prima Guerra Mondiale in zona Col del Gallo ed ha provveduto a recuperarla mentre il Comune si occuper\u00e0 dello smaltimento. Una montagna di rifiuti che accumulata negli anni.<\/p>\n<p>&nbsp;<\/p>\n<hr \/>\n<p>&nbsp;<\/p>\n<blockquote>\n<h3>LADRI A BELLUNO CACCIA AI SOLITI IGNOTI, COME A TAIBON RUBATI I COMPUTER DELLA SCUOLA<\/h3>\n<\/blockquote>\n<p><strong>BELLUNO<\/strong> Ladri a Mussoi,\u00a0 alla scuola primaria e in un&#8217;abitazione di un condominio di via Brigata Marche.\u00a0 La Polizia indagano partendo dai segni di effrazione\u00a0 lasciati sulla finestra, non ancora quantificato l&#8217; ammanco. Precedentemente\u00a0 i ladri avevano colpito nella scuola primaria, rubando i computer e gli spiccioli contenuti nel distributore di generi alimentari e bevande.<\/p>\n<p>&nbsp;<\/p>\n<hr \/>\n<blockquote>\n<h3><\/h3>\n<h3><a class=\"dt-pswp-item\" href=\"https:\/\/www.radiopiu.net\/wordpress\/wp-content\/uploads\/2020\/10\/f27a9490-f378-495e-90cb-ff430a700d3e.jpg\" data-dt-img-description=\"\" data-large_image_width=\"960\" data-large_image_height=\"700\"><img loading=\"lazy\" decoding=\"async\" class=\" wp-image-166510 alignleft\" src=\"https:\/\/www.radiopiu.net\/wordpress\/wp-content\/uploads\/2020\/10\/f27a9490-f378-495e-90cb-ff430a700d3e-300x219.jpg\" alt=\"\" width=\"264\" height=\"193\" srcset=\"https:\/\/www.radiopiu.net\/wordpress\/wp-content\/uploads\/2020\/10\/f27a9490-f378-495e-90cb-ff430a700d3e-300x219.jpg 300w, https:\/\/www.radiopiu.net\/wordpress\/wp-content\/uploads\/2020\/10\/f27a9490-f378-495e-90cb-ff430a700d3e-768x560.jpg 768w, https:\/\/www.radiopiu.net\/wordpress\/wp-content\/uploads\/2020\/10\/f27a9490-f378-495e-90cb-ff430a700d3e.jpg 960w\" sizes=\"auto, (max-width: 264px) 100vw, 264px\" \/><\/a>INCENDIO IN CENTRO, AUTO IN FIAMME: POMPIERI SUL POSTO<\/h3>\n<\/blockquote>\n<p><strong>PIEVE DI CADORE<\/strong>\u00a0 Ieri mattina i vigili del fuoco sono intervenuti in via XX Settembre a Pieve di Cadore per l&#8217;incendio di un&#8217;auto. I pompieri arrivati da locale distaccamento hanno spento le fiamme, evitando il coinvolgimento delle altre vetture parcheggiate in prossimit\u00e0 del mezzo andato a fuoco. Le cause di probabile natura elettromeccanica sono al vaglio della squadra intervenuta. Nessun ferito.\u00a0 Le operazioni di soccorso dei vigili del fuoco sono terminate dopo circa un&#8217;ora.<\/p>\n<p>&nbsp;<\/p>\n<p>&nbsp;<\/p>\n<p>&nbsp;<\/p>\n<hr \/>\n<h3><\/h3>\n<blockquote>\n<h2>BRUCIA LA STALLA VAROTTO CON 50 TORI ALL&#8217;INTERNO<\/h2>\n<\/blockquote>\n<p><em>Le squadre dei vigili del fuoco hanno\u00a0 messo in sicurezza la parte del capannone adiacente alla stalla e\u00a0 hanno messo sotto controllo il fuoco, fino allo spegnimento, non semplice. Danni ingenti. Nessuno dei lavoratori e degli animali (accanto c&#8217;\u00e8 una stalla con 50 tori) \u00e8 rimasto coinvolto dalle fiamme ma la paura \u00e8 stata tanta.\u00a0 A Sedico anche una squadra dei Vigili del Fuoco\u00a0 di Selva di Cadore\u00a0 con torre faro per illuminare la zona, presenti i volontari e permanenti\u00a0 dei VF Agordo.\u00a0<\/em><\/p>\n<p><strong>SEDICO <\/strong>Vigili del Fuoco\u00a0 in Via Triva a Sedico ieri pomeriggio per l\u2019incendio di un capannone di un\u2019azienda agricola adibito a deposito foraggio e mangimi. I pompieri arrivati da Belluno, Feltre, Agordo e con i volontari del Basso Feltrino, dell\u2019Alpago, Belluno e Selva con 2 autopompe, 6 autobotti, un\u2019autoscala, una pala gommata, un gruppo fari, altri automezzi di supporto e oltre 25 operatori, hanno iniziato le operazioni di spegnimento della struttura di oltre 1000 mq. Le squadre hanno subito messo in sicurezza la parte del capannone adiacente alla stalla\u00a0 con all\u2019interno oltre 50 tori. Le operazioni sono proseguite per tutta la notte per lo\u00a0 spegnimento e bonifica di tutto il foraggio e mangime portato all\u2019esterno e raffreddato.\u00a0 Le cause dell\u2019incendio sono al vaglio dei tecnici dei vigili del fuoco.<\/p>\n\n\t\t\t<style type='text\/css'>\n\t\t\t\t#gallery-1 {\n\t\t\t\t\tmargin: auto;\n\t\t\t\t}\n\t\t\t\t#gallery-1 .gallery-item {\n\t\t\t\t\tfloat: left;\n\t\t\t\t\tmargin-top: 10px;\n\t\t\t\t\ttext-align: center;\n\t\t\t\t\twidth: 20%;\n\t\t\t\t}\n\t\t\t\t#gallery-1 img {\n\t\t\t\t\tborder: 2px solid #cfcfcf;\n\t\t\t\t}\n\t\t\t\t#gallery-1 .gallery-caption {\n\t\t\t\t\tmargin-left: 0;\n\t\t\t\t}\n\t\t\t\t\/* see gallery_shortcode() in wp-includes\/media.php *\/\n\t\t\t<\/style>\n\t\t<div id='gallery-1' class='dt-gallery-container gallery galleryid-166210 gallery-columns-5 gallery-size-thumbnail'><dl class='gallery-item'>\n\t\t\t\t<dt class='gallery-icon landscape'>\n\t\t\t\t\t<a class=\"rollover rollover-zoom dt-pswp-item\" title=\"8185f1fb-cc42-409f-a7bf-25e0df682e0c\" data-dt-img-description=\"\" data-large_image_width=\"591\" data-large_image_height=\"384\"href='https:\/\/www.radiopiu.net\/wordpress\/wp-content\/uploads\/2020\/10\/8185f1fb-cc42-409f-a7bf-25e0df682e0c.jpg'><img loading=\"lazy\" decoding=\"async\" width=\"150\" height=\"150\" src=\"https:\/\/www.radiopiu.net\/wordpress\/wp-content\/uploads\/2020\/10\/8185f1fb-cc42-409f-a7bf-25e0df682e0c-150x150.jpg\" class=\"attachment-thumbnail size-thumbnail\" alt=\"\" \/><\/a>\n\t\t\t\t<\/dt><\/dl><dl class='gallery-item'>\n\t\t\t\t<dt class='gallery-icon landscape'>\n\t\t\t\t\t<a class=\"rollover rollover-zoom dt-pswp-item\" title=\"db85dcde-be17-4818-aedb-a94b5c14f9c2\" data-dt-img-description=\"\" data-large_image_width=\"591\" data-large_image_height=\"436\"href='https:\/\/www.radiopiu.net\/wordpress\/wp-content\/uploads\/2020\/10\/db85dcde-be17-4818-aedb-a94b5c14f9c2.jpg'><img loading=\"lazy\" decoding=\"async\" width=\"150\" height=\"150\" src=\"https:\/\/www.radiopiu.net\/wordpress\/wp-content\/uploads\/2020\/10\/db85dcde-be17-4818-aedb-a94b5c14f9c2-150x150.jpg\" class=\"attachment-thumbnail size-thumbnail\" alt=\"\" \/><\/a>\n\t\t\t\t<\/dt><\/dl><dl class='gallery-item'>\n\t\t\t\t<dt class='gallery-icon landscape'>\n\t\t\t\t\t<a class=\"rollover rollover-zoom dt-pswp-item\" title=\"07ad2652-a088-4567-b88b-89ff472ebb19\" data-dt-img-description=\"\" data-large_image_width=\"591\" data-large_image_height=\"396\"href='https:\/\/www.radiopiu.net\/wordpress\/wp-content\/uploads\/2020\/10\/07ad2652-a088-4567-b88b-89ff472ebb19.jpg'><img loading=\"lazy\" decoding=\"async\" width=\"150\" height=\"150\" src=\"https:\/\/www.radiopiu.net\/wordpress\/wp-content\/uploads\/2020\/10\/07ad2652-a088-4567-b88b-89ff472ebb19-150x150.jpg\" class=\"attachment-thumbnail size-thumbnail\" alt=\"\" \/><\/a>\n\t\t\t\t<\/dt><\/dl><dl class='gallery-item'>\n\t\t\t\t<dt class='gallery-icon landscape'>\n\t\t\t\t\t<a class=\"rollover rollover-zoom dt-pswp-item\" title=\"ef8e904e-353e-428f-8959-59c612b972a9\" data-dt-img-description=\"\" data-large_image_width=\"1130\" data-large_image_height=\"591\"href='https:\/\/www.radiopiu.net\/wordpress\/wp-content\/uploads\/2020\/10\/ef8e904e-353e-428f-8959-59c612b972a9.jpg'><img loading=\"lazy\" decoding=\"async\" width=\"150\" height=\"150\" src=\"https:\/\/www.radiopiu.net\/wordpress\/wp-content\/uploads\/2020\/10\/ef8e904e-353e-428f-8959-59c612b972a9-150x150.jpg\" class=\"attachment-thumbnail size-thumbnail\" alt=\"\" \/><\/a>\n\t\t\t\t<\/dt><\/dl><dl class='gallery-item'>\n\t\t\t\t<dt class='gallery-icon landscape'>\n\t\t\t\t\t<a class=\"rollover rollover-zoom dt-pswp-item\" title=\"ae1b0529-8359-4799-96b6-8fa3a08fa9a4\" data-dt-img-description=\"\" data-large_image_width=\"1600\" data-large_image_height=\"1038\"href='https:\/\/www.radiopiu.net\/wordpress\/wp-content\/uploads\/2020\/10\/ae1b0529-8359-4799-96b6-8fa3a08fa9a4.jpg'><img loading=\"lazy\" decoding=\"async\" width=\"150\" height=\"150\" src=\"https:\/\/www.radiopiu.net\/wordpress\/wp-content\/uploads\/2020\/10\/ae1b0529-8359-4799-96b6-8fa3a08fa9a4-150x150.jpg\" class=\"attachment-thumbnail size-thumbnail\" alt=\"\" \/><\/a>\n\t\t\t\t<\/dt><\/dl><br style=\"clear: both\" \/>\n\t\t\t<\/div>\n\n<h3>VIDEO PATRICK TURRIN<\/h3>\n<div style=\"width: 640px;\" class=\"wp-video\"><video class=\"wp-video-shortcode\" id=\"video-166210-1\" width=\"640\" height=\"352\" preload=\"metadata\" controls=\"controls\"><source type=\"video\/mp4\" src=\"https:\/\/www.radiopiu.net\/wordpress\/wp-content\/uploads\/2020\/10\/WhatsApp-Video-2020-10-14-at-17.34.39.mp4?_=1\" \/><a href=\"https:\/\/www.radiopiu.net\/wordpress\/wp-content\/uploads\/2020\/10\/WhatsApp-Video-2020-10-14-at-17.34.39.mp4\">https:\/\/www.radiopiu.net\/wordpress\/wp-content\/uploads\/2020\/10\/WhatsApp-Video-2020-10-14-at-17.34.39.mp4<\/a><\/video><\/div>\n<p>&nbsp;<\/p>\n<p>&nbsp;<\/p>\n<hr \/>\n<p>&nbsp;<\/p>\n<p>&nbsp;<\/p>\n<blockquote>\n<h3>LONGARONE FIERE: UNITI NEL CORDOGLIO PER LA SCOMPARSA DI NINO<a class=\"dt-pswp-item\" href=\"https:\/\/www.radiopiu.net\/wordpress\/wp-content\/uploads\/2020\/10\/1989-Antonino-Vicari-e-Giulio-Andreotti-inaugurano-la-30a-MIG.jpg\" data-dt-img-description=\"\" data-large_image_width=\"1644\" data-large_image_height=\"936\"><img loading=\"lazy\" decoding=\"async\" class=\"wp-image-166497 alignleft\" src=\"https:\/\/www.radiopiu.net\/wordpress\/wp-content\/uploads\/2020\/10\/1989-Antonino-Vicari-e-Giulio-Andreotti-inaugurano-la-30a-MIG-1024x583.jpg\" alt=\"\" width=\"223\" height=\"127\" srcset=\"https:\/\/www.radiopiu.net\/wordpress\/wp-content\/uploads\/2020\/10\/1989-Antonino-Vicari-e-Giulio-Andreotti-inaugurano-la-30a-MIG-1024x583.jpg 1024w, https:\/\/www.radiopiu.net\/wordpress\/wp-content\/uploads\/2020\/10\/1989-Antonino-Vicari-e-Giulio-Andreotti-inaugurano-la-30a-MIG-300x171.jpg 300w, https:\/\/www.radiopiu.net\/wordpress\/wp-content\/uploads\/2020\/10\/1989-Antonino-Vicari-e-Giulio-Andreotti-inaugurano-la-30a-MIG-768x437.jpg 768w, https:\/\/www.radiopiu.net\/wordpress\/wp-content\/uploads\/2020\/10\/1989-Antonino-Vicari-e-Giulio-Andreotti-inaugurano-la-30a-MIG-1536x875.jpg 1536w, https:\/\/www.radiopiu.net\/wordpress\/wp-content\/uploads\/2020\/10\/1989-Antonino-Vicari-e-Giulio-Andreotti-inaugurano-la-30a-MIG.jpg 1644w\" sizes=\"auto, (max-width: 223px) 100vw, 223px\" \/><\/a><\/h3>\n<\/blockquote>\n<p><strong>LONGARONE<\/strong> \u201cLa scomparsa del Dr. Antonino Vicari Sottosanti non pu\u00f2 che muovere a cordoglio la Fiera di Longarone, dal Consiglio di Amministrazione a dipendenti e collaboratori tutti. A lasciarci non \u00e8 solo l\u2019uomo, ma una nostra icona\u201d. Cos\u00ec ha commentato il presidente di Longarone Fiere Dolomiti Gian Angelo Bellati alla notizia della morte di Nino Vicari. Sicuramente una delle persone che pi\u00f9 ha lasciato il segno nell\u2019evoluzione delle Fiera di Longarone e delle sue prestigiose e storiche manifestazioni come la Mostra del Gelato, Arredamont e Agrimont, il Dr. Vicari \u00e8 stato prima presidente (1986-1992) della Pro Loco, Presidente dell\u2019OrMaF (1985), e infine presidente di Longarone Fiere Srl (1993-1999). \u201cIl nostro pensiero e la nostra vicinanza vanno oggi alla famiglia e ai tantissimi amici e affezionati, uniti come noi nella stima per le tante belle cose che ha saputo lasciarci\u201d.<\/p>\n<p><strong>Longarone Fiere Dolomiti<\/strong><\/p>\n<p>&nbsp;<\/p>\n<p>&nbsp;<\/p>\n<p>&nbsp;<\/p>\n<p>&nbsp;<\/p>\n<hr \/>\n<blockquote>\n<h3><\/h3>\n<h3>QUANDO LUXOTTICA DA LEZIONE DI PREVENZIONE<\/h3>\n<\/blockquote>\n<p><strong><img loading=\"lazy\" decoding=\"async\" class=\"alignleft\" src=\"https:\/\/www.radiopiu.net\/wordpress\/wp-content\/uploads\/2020\/04\/LUXOTTICA-ITALIA-scaled.jpg\" width=\"174\" height=\"131\" \/>AGORDO <\/strong>Il ricorso alla preparazione e professionalit\u00e0 del dottor Andrea Crisanti, <span class=\"f\">\u00a0<\/span>Il virologo dell&#8217;Universit\u00e0 di Padova,\u00a0 le regole sul distanziamento sempre opportunamente rispettate, la regolamentazione del servizio mensa gi\u00e0 lo scorso inverno ai primi &#8220;venti&#8221; di crisi da Coronavirus. Soprattutto i tamponi per tutti i dipendenti, su base volontaria, come dire che se chiunque tra le mura blu avesse voglia di farsi fare il tampone o perch\u00e9 nel dubbio \u00e8 sufficiente contatti in qualsiasi momento il proprio preposto e in 24-48 ore si ritrova in infermeria pronto per il test. E poi il PalaLuxottica dedicato alla produzione di mascherine per tutti, non solo per le maestranze. Lezioni importanti per il\u00a0 Paese Italia, ad Agordo e in tutti gli stabilimenti dell&#8217;occhiale innanzitutto c&#8217;\u00e8 l&#8217;attenzione per il dipendente. Non mi meraviglierei se domani l&#8217;entourage Luxottica facesse anche altro, ad esempio aprire le porte dei propri laboratori a famigliari o conviventi dei dipendenti. In quanto a welfare l&#8217;Azienda di Agordo ha sempre primeggiato e potrebbe sicuramente stupire e farlo anche in questa occasione, gli spazi e le forze non mancano, ma soprattutto non manca la voglia di spendersi per gli altri e per le loro famiglie, ampiamente dimostrato con i buoni scuola, pacchi spesa, le\u00a0 vacanze estive e via discorrendo. Quindi nessuna meraviglia se un domani il dipendente sar\u00e0 informato che \u00e8 arrivato il momento di portare in localit\u00e0 Valcozzena anche i propri cari, evitando lunghe code ai drive-in di Belluno, Feltre o attualmente a Caprile di Alleghe. Questo fa semplicemente parte della mentalit\u00e0 Luxottica Group.<\/p>\n<p>mirko mezzacasa<\/p>\n<blockquote>\n<h3><\/h3>\n<\/blockquote>\n<hr \/>\n<blockquote>\n<h3><\/h3>\n<h3>CONSOLIDAMENTO DELLA SP 3 DELLA VALLE IMPERINA: FIRMATO L\u2019ATTO DEL PRESIDENTE PER UN PROGETTO DA 1,4 MILIONI<\/h3>\n<\/blockquote>\n<p><strong>DAL CORRIERE DELLE ALPI DI GIANNI SANTOMASO<\/strong><\/p>\n<audio class=\"wp-audio-shortcode\" id=\"audio-166210-1\" preload=\"none\" style=\"width: 100%;\" controls=\"controls\"><source type=\"audio\/mpeg\" src=\"https:\/\/www.radiopiu.net\/wordpress\/wp-content\/uploads\/2020\/10\/PROVINCIALE-IMPERINA.mp3?_=1\" \/><a href=\"https:\/\/www.radiopiu.net\/wordpress\/wp-content\/uploads\/2020\/10\/PROVINCIALE-IMPERINA.mp3\">https:\/\/www.radiopiu.net\/wordpress\/wp-content\/uploads\/2020\/10\/PROVINCIALE-IMPERINA.mp3<\/a><\/audio>\n<p>AI MICROFONI DI RADIO PIU&#8217;, DALLA RASSEGNA STAMPA DELLE OTTO, IL CONSIGLIERE PROVINCIALE FABIO LUCHETTA<\/p>\n<audio class=\"wp-audio-shortcode\" id=\"audio-166210-2\" preload=\"none\" style=\"width: 100%;\" controls=\"controls\"><source type=\"audio\/mpeg\" src=\"https:\/\/www.radiopiu.net\/wordpress\/wp-content\/uploads\/2020\/10\/FABIO-LUCHETTA.mp3?_=2\" \/><a href=\"https:\/\/www.radiopiu.net\/wordpress\/wp-content\/uploads\/2020\/10\/FABIO-LUCHETTA.mp3\">https:\/\/www.radiopiu.net\/wordpress\/wp-content\/uploads\/2020\/10\/FABIO-LUCHETTA.mp3<\/a><\/audio>\n<p><strong><a class=\"dt-pswp-item\" href=\"https:\/\/www.radiopiu.net\/wordpress\/wp-content\/uploads\/2020\/06\/Poco-oltre-il-secondo-tornante-salendo-da-Agordo-Rivamonte-2.jpg\" data-dt-img-description=\"\" data-large_image_width=\"2048\" data-large_image_height=\"1154\"><img loading=\"lazy\" decoding=\"async\" class=\"size-medium wp-image-143445 alignleft\" src=\"https:\/\/www.radiopiu.net\/wordpress\/wp-content\/uploads\/2020\/06\/Poco-oltre-il-secondo-tornante-salendo-da-Agordo-Rivamonte-2-300x169.jpg\" alt=\"\" width=\"300\" height=\"169\" srcset=\"https:\/\/www.radiopiu.net\/wordpress\/wp-content\/uploads\/2020\/06\/Poco-oltre-il-secondo-tornante-salendo-da-Agordo-Rivamonte-2-300x169.jpg 300w, https:\/\/www.radiopiu.net\/wordpress\/wp-content\/uploads\/2020\/06\/Poco-oltre-il-secondo-tornante-salendo-da-Agordo-Rivamonte-2-1024x577.jpg 1024w, https:\/\/www.radiopiu.net\/wordpress\/wp-content\/uploads\/2020\/06\/Poco-oltre-il-secondo-tornante-salendo-da-Agordo-Rivamonte-2-768x433.jpg 768w, https:\/\/www.radiopiu.net\/wordpress\/wp-content\/uploads\/2020\/06\/Poco-oltre-il-secondo-tornante-salendo-da-Agordo-Rivamonte-2-1536x866.jpg 1536w, https:\/\/www.radiopiu.net\/wordpress\/wp-content\/uploads\/2020\/06\/Poco-oltre-il-secondo-tornante-salendo-da-Agordo-Rivamonte-2.jpg 2048w\" sizes=\"auto, (max-width: 300px) 100vw, 300px\" \/><\/a>BELLUNO<\/strong> Il consolidamento della strada provinciale 3 della Valle Imperina pu\u00f2 partire. \u00c8 stato approvato ieri, con atto del presidente, il progetto proposto da Veneto Strade e arrivato agli uffici provinciali il 2 settembre scorso. Un vasto piano di messa in sicurezza e di ripristino totale del tratto di carreggiata franato nell\u2019ultimo episodio di maltempo, una settimana fa. E contemporaneamente un consolidamento di un vasto tratto tra Agordo e Rivamonte. \u00ab<em>Si tratta di un progetto importante, da 1,4 milioni di euro &#8211; spiega il consigliere provinciale delegato alle infrastrutture, Fabio Luchetta -. L\u2019attenzione della Provincia sulle strade provinciali storiche \u00e8 sempre molto alta e la Sp 3 della Valle Imperina necessitava di cure particolari da tempo, fin all\u2019indomani della tempesta Vaia. \u00c8 per questo che con celerit\u00e0 \u00e8 stata data risposta al progetto presentato da Veneto il 2 settembre scorso. Il dissesto verificatosi nell\u2019ultima ondata maltempo non ha fatto altro che rendere ancora pi\u00f9 evidente la necessit\u00e0 di intervento che sia la Provincia sia Veneto Strade avevano gi\u00e0 inserito nella lista delle priorit\u00e0<\/em>\u00bb<\/p>\n<p>&nbsp;<\/p>\n<p>&nbsp;<\/p>\n<hr \/>\n<p>&nbsp;<\/p>\n<blockquote>\n<h3>PRIMA GLI ARGINI, POI IL RECUPERO DELLA EX 203 AGORDINA, CICLABILE E STRADA DI EMERGENZA TRA TAIBON E CENCENIGHE<\/h3>\n<\/blockquote>\n<p>&nbsp;<\/p>\n<p><strong>CENCENIGHE<\/strong> Se i tempi saranno rispettati nella prossima primavera i ciclisti pedaleranno sulla ciclabile Listolade-Cencenighe, evitando la galleria oppure i sassi in caduta libera sulla strada tra il tunnel e la vecchia regionale 203 agordina in sinistra orografica del torrente Cordevole, in parte distrutta due anni fa dalla furia del torrente. Gli automobilisti potranno altres\u00ec contare su un&#8217;eventuale strada di emergenza in caso di incidenti o comunque chiusure della via principale tra Conca e Alto Agordino. I lavori sono iniziati.<\/p>\n<p><strong>di GIANNI SANTOMASO<\/strong><\/p>\n<audio class=\"wp-audio-shortcode\" id=\"audio-166210-3\" preload=\"none\" style=\"width: 100%;\" controls=\"controls\"><source type=\"audio\/mpeg\" src=\"https:\/\/www.radiopiu.net\/wordpress\/wp-content\/uploads\/2020\/10\/GIANNI-CENCENIGHE.mp3?_=3\" \/><a href=\"https:\/\/www.radiopiu.net\/wordpress\/wp-content\/uploads\/2020\/10\/GIANNI-CENCENIGHE.mp3\">https:\/\/www.radiopiu.net\/wordpress\/wp-content\/uploads\/2020\/10\/GIANNI-CENCENIGHE.mp3<\/a><\/audio>\n<h1><span style=\"color: #ff0000;\">FOTO<\/span><\/h1>\n\n\t\t\t<style type='text\/css'>\n\t\t\t\t#gallery-2 {\n\t\t\t\t\tmargin: auto;\n\t\t\t\t}\n\t\t\t\t#gallery-2 .gallery-item {\n\t\t\t\t\tfloat: left;\n\t\t\t\t\tmargin-top: 10px;\n\t\t\t\t\ttext-align: center;\n\t\t\t\t\twidth: 25%;\n\t\t\t\t}\n\t\t\t\t#gallery-2 img {\n\t\t\t\t\tborder: 2px solid #cfcfcf;\n\t\t\t\t}\n\t\t\t\t#gallery-2 .gallery-caption {\n\t\t\t\t\tmargin-left: 0;\n\t\t\t\t}\n\t\t\t\t\/* see gallery_shortcode() in wp-includes\/media.php *\/\n\t\t\t<\/style>\n\t\t<div id='gallery-2' class='dt-gallery-container gallery galleryid-166210 gallery-columns-4 gallery-size-thumbnail'><dl class='gallery-item'>\n\t\t\t\t<dt class='gallery-icon landscape'>\n\t\t\t\t\t<a class=\"rollover rollover-zoom dt-pswp-item\" title=\"f97b3792-d836-4dfe-a77d-c6b44040b5ad\" data-dt-img-description=\"\" data-large_image_width=\"2048\" data-large_image_height=\"1024\"href='https:\/\/www.radiopiu.net\/wordpress\/wp-content\/uploads\/2020\/10\/f97b3792-d836-4dfe-a77d-c6b44040b5ad.jpg'><img loading=\"lazy\" decoding=\"async\" width=\"150\" height=\"150\" src=\"https:\/\/www.radiopiu.net\/wordpress\/wp-content\/uploads\/2020\/10\/f97b3792-d836-4dfe-a77d-c6b44040b5ad-150x150.jpg\" class=\"attachment-thumbnail size-thumbnail\" alt=\"\" \/><\/a>\n\t\t\t\t<\/dt><\/dl><dl class='gallery-item'>\n\t\t\t\t<dt class='gallery-icon landscape'>\n\t\t\t\t\t<a class=\"rollover rollover-zoom dt-pswp-item\" title=\"f4cd843d-8f52-44e0-b66c-ee48a4a647fc\" data-dt-img-description=\"\" data-large_image_width=\"2048\" data-large_image_height=\"1024\"href='https:\/\/www.radiopiu.net\/wordpress\/wp-content\/uploads\/2020\/10\/f4cd843d-8f52-44e0-b66c-ee48a4a647fc.jpg'><img loading=\"lazy\" decoding=\"async\" width=\"150\" height=\"150\" src=\"https:\/\/www.radiopiu.net\/wordpress\/wp-content\/uploads\/2020\/10\/f4cd843d-8f52-44e0-b66c-ee48a4a647fc-150x150.jpg\" class=\"attachment-thumbnail size-thumbnail\" alt=\"\" \/><\/a>\n\t\t\t\t<\/dt><\/dl><dl class='gallery-item'>\n\t\t\t\t<dt class='gallery-icon landscape'>\n\t\t\t\t\t<a class=\"rollover rollover-zoom dt-pswp-item\" title=\"26ffd7ed-7d46-4a62-a479-1c2ec7af57f1\" data-dt-img-description=\"\" data-large_image_width=\"2048\" data-large_image_height=\"1024\"href='https:\/\/www.radiopiu.net\/wordpress\/wp-content\/uploads\/2020\/10\/26ffd7ed-7d46-4a62-a479-1c2ec7af57f1.jpg'><img loading=\"lazy\" decoding=\"async\" width=\"150\" height=\"150\" src=\"https:\/\/www.radiopiu.net\/wordpress\/wp-content\/uploads\/2020\/10\/26ffd7ed-7d46-4a62-a479-1c2ec7af57f1-150x150.jpg\" class=\"attachment-thumbnail size-thumbnail\" alt=\"\" \/><\/a>\n\t\t\t\t<\/dt><\/dl><dl class='gallery-item'>\n\t\t\t\t<dt class='gallery-icon landscape'>\n\t\t\t\t\t<a class=\"rollover rollover-zoom dt-pswp-item\" title=\"e6e3a2ef-82c9-4de9-9eda-c3974a0c2f6b\" data-dt-img-description=\"\" data-large_image_width=\"2048\" data-large_image_height=\"1024\"href='https:\/\/www.radiopiu.net\/wordpress\/wp-content\/uploads\/2020\/10\/e6e3a2ef-82c9-4de9-9eda-c3974a0c2f6b.jpg'><img loading=\"lazy\" decoding=\"async\" width=\"150\" height=\"150\" src=\"https:\/\/www.radiopiu.net\/wordpress\/wp-content\/uploads\/2020\/10\/e6e3a2ef-82c9-4de9-9eda-c3974a0c2f6b-150x150.jpg\" class=\"attachment-thumbnail size-thumbnail\" alt=\"\" \/><\/a>\n\t\t\t\t<\/dt><\/dl><br style=\"clear: both\" \/><dl class='gallery-item'>\n\t\t\t\t<dt class='gallery-icon landscape'>\n\t\t\t\t\t<a class=\"rollover rollover-zoom dt-pswp-item\" title=\"ae31d822-8056-4074-9ccd-985e8ae40d1e\" data-dt-img-description=\"\" data-large_image_width=\"2048\" data-large_image_height=\"1024\"href='https:\/\/www.radiopiu.net\/wordpress\/wp-content\/uploads\/2020\/10\/ae31d822-8056-4074-9ccd-985e8ae40d1e.jpg'><img loading=\"lazy\" decoding=\"async\" width=\"150\" height=\"150\" src=\"https:\/\/www.radiopiu.net\/wordpress\/wp-content\/uploads\/2020\/10\/ae31d822-8056-4074-9ccd-985e8ae40d1e-150x150.jpg\" class=\"attachment-thumbnail size-thumbnail\" alt=\"\" \/><\/a>\n\t\t\t\t<\/dt><\/dl><dl class='gallery-item'>\n\t\t\t\t<dt class='gallery-icon landscape'>\n\t\t\t\t\t<a class=\"rollover rollover-zoom dt-pswp-item\" title=\"574bb3a8-e4bc-477d-9936-55c9a6692aea\" data-dt-img-description=\"\" data-large_image_width=\"2048\" data-large_image_height=\"1024\"href='https:\/\/www.radiopiu.net\/wordpress\/wp-content\/uploads\/2020\/10\/574bb3a8-e4bc-477d-9936-55c9a6692aea.jpg'><img loading=\"lazy\" decoding=\"async\" width=\"150\" height=\"150\" src=\"https:\/\/www.radiopiu.net\/wordpress\/wp-content\/uploads\/2020\/10\/574bb3a8-e4bc-477d-9936-55c9a6692aea-150x150.jpg\" class=\"attachment-thumbnail size-thumbnail\" alt=\"\" \/><\/a>\n\t\t\t\t<\/dt><\/dl><dl class='gallery-item'>\n\t\t\t\t<dt class='gallery-icon landscape'>\n\t\t\t\t\t<a class=\"rollover rollover-zoom dt-pswp-item\" title=\"b0271ac6-d7eb-49e6-a6d8-603b6a011461\" data-dt-img-description=\"\" data-large_image_width=\"2048\" data-large_image_height=\"1024\"href='https:\/\/www.radiopiu.net\/wordpress\/wp-content\/uploads\/2020\/10\/b0271ac6-d7eb-49e6-a6d8-603b6a011461.jpg'><img loading=\"lazy\" decoding=\"async\" width=\"150\" height=\"150\" src=\"https:\/\/www.radiopiu.net\/wordpress\/wp-content\/uploads\/2020\/10\/b0271ac6-d7eb-49e6-a6d8-603b6a011461-150x150.jpg\" class=\"attachment-thumbnail size-thumbnail\" alt=\"\" \/><\/a>\n\t\t\t\t<\/dt><\/dl><dl class='gallery-item'>\n\t\t\t\t<dt class='gallery-icon landscape'>\n\t\t\t\t\t<a class=\"rollover rollover-zoom dt-pswp-item\" title=\"b29e7f79-54c6-4584-8381-d0969dfbf184\" data-dt-img-description=\"\" data-large_image_width=\"2048\" data-large_image_height=\"1024\"href='https:\/\/www.radiopiu.net\/wordpress\/wp-content\/uploads\/2020\/10\/b29e7f79-54c6-4584-8381-d0969dfbf184.jpg'><img loading=\"lazy\" decoding=\"async\" width=\"150\" height=\"150\" src=\"https:\/\/www.radiopiu.net\/wordpress\/wp-content\/uploads\/2020\/10\/b29e7f79-54c6-4584-8381-d0969dfbf184-150x150.jpg\" class=\"attachment-thumbnail size-thumbnail\" alt=\"\" \/><\/a>\n\t\t\t\t<\/dt><\/dl><br style=\"clear: both\" \/><dl class='gallery-item'>\n\t\t\t\t<dt class='gallery-icon landscape'>\n\t\t\t\t\t<a class=\"rollover rollover-zoom dt-pswp-item\" title=\"628a6820-363d-4f6a-b654-c15b03b6dc14\" data-dt-img-description=\"\" data-large_image_width=\"2048\" data-large_image_height=\"1024\"href='https:\/\/www.radiopiu.net\/wordpress\/wp-content\/uploads\/2020\/10\/628a6820-363d-4f6a-b654-c15b03b6dc14.jpg'><img loading=\"lazy\" decoding=\"async\" width=\"150\" height=\"150\" src=\"https:\/\/www.radiopiu.net\/wordpress\/wp-content\/uploads\/2020\/10\/628a6820-363d-4f6a-b654-c15b03b6dc14-150x150.jpg\" class=\"attachment-thumbnail size-thumbnail\" alt=\"\" \/><\/a>\n\t\t\t\t<\/dt><\/dl><dl class='gallery-item'>\n\t\t\t\t<dt class='gallery-icon landscape'>\n\t\t\t\t\t<a class=\"rollover rollover-zoom dt-pswp-item\" title=\"0138414e-9913-4f23-86a0-edf82991ee30\" data-dt-img-description=\"\" data-large_image_width=\"2048\" data-large_image_height=\"1024\"href='https:\/\/www.radiopiu.net\/wordpress\/wp-content\/uploads\/2020\/10\/0138414e-9913-4f23-86a0-edf82991ee30.jpg'><img loading=\"lazy\" decoding=\"async\" width=\"150\" height=\"150\" src=\"https:\/\/www.radiopiu.net\/wordpress\/wp-content\/uploads\/2020\/10\/0138414e-9913-4f23-86a0-edf82991ee30-150x150.jpg\" class=\"attachment-thumbnail size-thumbnail\" alt=\"\" \/><\/a>\n\t\t\t\t<\/dt><\/dl><dl class='gallery-item'>\n\t\t\t\t<dt class='gallery-icon landscape'>\n\t\t\t\t\t<a class=\"rollover rollover-zoom dt-pswp-item\" title=\"ff53748f-8c87-4b92-8080-75ae970afdba\" data-dt-img-description=\"\" data-large_image_width=\"2048\" data-large_image_height=\"1024\"href='https:\/\/www.radiopiu.net\/wordpress\/wp-content\/uploads\/2020\/10\/ff53748f-8c87-4b92-8080-75ae970afdba.jpg'><img loading=\"lazy\" decoding=\"async\" width=\"150\" height=\"150\" src=\"https:\/\/www.radiopiu.net\/wordpress\/wp-content\/uploads\/2020\/10\/ff53748f-8c87-4b92-8080-75ae970afdba-150x150.jpg\" class=\"attachment-thumbnail size-thumbnail\" alt=\"\" \/><\/a>\n\t\t\t\t<\/dt><\/dl><dl class='gallery-item'>\n\t\t\t\t<dt class='gallery-icon landscape'>\n\t\t\t\t\t<a class=\"rollover rollover-zoom dt-pswp-item\" title=\"436fa9cd-e304-47fa-8a1c-99bb5f159390\" data-dt-img-description=\"\" data-large_image_width=\"2048\" data-large_image_height=\"1024\"href='https:\/\/www.radiopiu.net\/wordpress\/wp-content\/uploads\/2020\/10\/436fa9cd-e304-47fa-8a1c-99bb5f159390.jpg'><img loading=\"lazy\" decoding=\"async\" width=\"150\" height=\"150\" src=\"https:\/\/www.radiopiu.net\/wordpress\/wp-content\/uploads\/2020\/10\/436fa9cd-e304-47fa-8a1c-99bb5f159390-150x150.jpg\" class=\"attachment-thumbnail size-thumbnail\" alt=\"\" \/><\/a>\n\t\t\t\t<\/dt><\/dl><br style=\"clear: both\" \/><dl class='gallery-item'>\n\t\t\t\t<dt class='gallery-icon landscape'>\n\t\t\t\t\t<a class=\"rollover rollover-zoom dt-pswp-item\" title=\"e8fbc0d5-b676-4c77-b8c0-ad883cae4f76\" data-dt-img-description=\"\" data-large_image_width=\"2048\" data-large_image_height=\"1024\"href='https:\/\/www.radiopiu.net\/wordpress\/wp-content\/uploads\/2020\/10\/e8fbc0d5-b676-4c77-b8c0-ad883cae4f76.jpg'><img loading=\"lazy\" decoding=\"async\" width=\"150\" height=\"150\" src=\"https:\/\/www.radiopiu.net\/wordpress\/wp-content\/uploads\/2020\/10\/e8fbc0d5-b676-4c77-b8c0-ad883cae4f76-150x150.jpg\" class=\"attachment-thumbnail size-thumbnail\" alt=\"\" \/><\/a>\n\t\t\t\t<\/dt><\/dl><dl class='gallery-item'>\n\t\t\t\t<dt class='gallery-icon landscape'>\n\t\t\t\t\t<a class=\"rollover rollover-zoom dt-pswp-item\" title=\"a1e16cd1-e074-4b45-823c-e3dd3a9e8053\" data-dt-img-description=\"\" data-large_image_width=\"2048\" data-large_image_height=\"1024\"href='https:\/\/www.radiopiu.net\/wordpress\/wp-content\/uploads\/2020\/10\/a1e16cd1-e074-4b45-823c-e3dd3a9e8053.jpg'><img loading=\"lazy\" decoding=\"async\" width=\"150\" height=\"150\" src=\"https:\/\/www.radiopiu.net\/wordpress\/wp-content\/uploads\/2020\/10\/a1e16cd1-e074-4b45-823c-e3dd3a9e8053-150x150.jpg\" class=\"attachment-thumbnail size-thumbnail\" alt=\"\" \/><\/a>\n\t\t\t\t<\/dt><\/dl><dl class='gallery-item'>\n\t\t\t\t<dt class='gallery-icon landscape'>\n\t\t\t\t\t<a class=\"rollover rollover-zoom dt-pswp-item\" title=\"542465cb-caf8-42a0-89de-2c84e296b675\" data-dt-img-description=\"\" data-large_image_width=\"2048\" data-large_image_height=\"1024\"href='https:\/\/www.radiopiu.net\/wordpress\/wp-content\/uploads\/2020\/10\/542465cb-caf8-42a0-89de-2c84e296b675.jpg'><img loading=\"lazy\" decoding=\"async\" width=\"150\" height=\"150\" src=\"https:\/\/www.radiopiu.net\/wordpress\/wp-content\/uploads\/2020\/10\/542465cb-caf8-42a0-89de-2c84e296b675-150x150.jpg\" class=\"attachment-thumbnail size-thumbnail\" alt=\"\" \/><\/a>\n\t\t\t\t<\/dt><\/dl><dl class='gallery-item'>\n\t\t\t\t<dt class='gallery-icon landscape'>\n\t\t\t\t\t<a class=\"rollover rollover-zoom dt-pswp-item\" title=\"9188976c-522d-4543-8332-03a6066fd54e\" data-dt-img-description=\"\" data-large_image_width=\"2048\" data-large_image_height=\"1024\"href='https:\/\/www.radiopiu.net\/wordpress\/wp-content\/uploads\/2020\/10\/9188976c-522d-4543-8332-03a6066fd54e.jpg'><img loading=\"lazy\" decoding=\"async\" width=\"150\" height=\"150\" src=\"https:\/\/www.radiopiu.net\/wordpress\/wp-content\/uploads\/2020\/10\/9188976c-522d-4543-8332-03a6066fd54e-150x150.jpg\" class=\"attachment-thumbnail size-thumbnail\" alt=\"\" \/><\/a>\n\t\t\t\t<\/dt><\/dl><br style=\"clear: both\" \/>\n\t\t\t<\/div>\n\n<p>&nbsp;<\/p>\n<h1><span style=\"color: #ff0000;\">VIDEO<\/span><\/h1>\n<div style=\"width: 640px;\" class=\"wp-video\"><video class=\"wp-video-shortcode\" id=\"video-166210-2\" width=\"640\" height=\"352\" preload=\"metadata\" controls=\"controls\"><source type=\"video\/mp4\" src=\"https:\/\/www.radiopiu.net\/wordpress\/wp-content\/uploads\/2020\/10\/WhatsApp-Video-2020-10-14-at-11.14.48.mp4?_=2\" \/><a href=\"https:\/\/www.radiopiu.net\/wordpress\/wp-content\/uploads\/2020\/10\/WhatsApp-Video-2020-10-14-at-11.14.48.mp4\">https:\/\/www.radiopiu.net\/wordpress\/wp-content\/uploads\/2020\/10\/WhatsApp-Video-2020-10-14-at-11.14.48.mp4<\/a><\/video><\/div>\n<p>&nbsp;<\/p>\n<p>&nbsp;<\/p>\n<hr \/>\n<blockquote>\n<h3><\/h3>\n<h3>INIZIATI I LAVORI SULLA COMUNALE PER LA VAL CORPASSA<\/h3>\n<\/blockquote>\n<p><strong>TAIBON<\/strong> Prima Vaia, poi i nubifragi successivi, l&#8217;ultimo a fine agosto, hanno reso inagibile l&#8217;importante strada comunale per la Val Corpassa dalla regionale 203 agordina che peraltro d\u00e0 accesso all&#8217;importante attivit\u00e0 ricettiva &#8220;Agriturismo Triches&#8221; sempre raggiungibile ma attraversando le strette vie del centro di Listolade. All&#8217;opera la ditta Tonet che ha in appalto i lavori in somma urgenza per la realizzazione delle opere di regimazione idraulica e di sostegno dei versanti in frana per un importo di 500 mila euro, direttore lavori Antonio Palma.<\/p>\n<h1><span style=\"color: #ff0000;\">FOTO<\/span><\/h1>\n\n\t\t\t<style type='text\/css'>\n\t\t\t\t#gallery-3 {\n\t\t\t\t\tmargin: auto;\n\t\t\t\t}\n\t\t\t\t#gallery-3 .gallery-item {\n\t\t\t\t\tfloat: left;\n\t\t\t\t\tmargin-top: 10px;\n\t\t\t\t\ttext-align: center;\n\t\t\t\t\twidth: 25%;\n\t\t\t\t}\n\t\t\t\t#gallery-3 img {\n\t\t\t\t\tborder: 2px solid #cfcfcf;\n\t\t\t\t}\n\t\t\t\t#gallery-3 .gallery-caption {\n\t\t\t\t\tmargin-left: 0;\n\t\t\t\t}\n\t\t\t\t\/* see gallery_shortcode() in wp-includes\/media.php *\/\n\t\t\t<\/style>\n\t\t<div id='gallery-3' class='dt-gallery-container gallery galleryid-166210 gallery-columns-4 gallery-size-thumbnail'><dl class='gallery-item'>\n\t\t\t\t<dt class='gallery-icon landscape'>\n\t\t\t\t\t<a class=\"rollover rollover-zoom dt-pswp-item\" title=\"51685429-5feb-43bb-8a9f-96ae470eae0e\" data-dt-img-description=\"\" data-large_image_width=\"2048\" data-large_image_height=\"1024\"href='https:\/\/www.radiopiu.net\/wordpress\/wp-content\/uploads\/2020\/10\/51685429-5feb-43bb-8a9f-96ae470eae0e-1.jpg'><img loading=\"lazy\" decoding=\"async\" width=\"150\" height=\"150\" src=\"https:\/\/www.radiopiu.net\/wordpress\/wp-content\/uploads\/2020\/10\/51685429-5feb-43bb-8a9f-96ae470eae0e-1-150x150.jpg\" class=\"attachment-thumbnail size-thumbnail\" alt=\"\" \/><\/a>\n\t\t\t\t<\/dt><\/dl><dl class='gallery-item'>\n\t\t\t\t<dt class='gallery-icon landscape'>\n\t\t\t\t\t<a class=\"rollover rollover-zoom dt-pswp-item\" title=\"3afaa915-6795-45b2-ac45-056e0da7e02e\" data-dt-img-description=\"\" data-large_image_width=\"2048\" data-large_image_height=\"1024\"href='https:\/\/www.radiopiu.net\/wordpress\/wp-content\/uploads\/2020\/10\/3afaa915-6795-45b2-ac45-056e0da7e02e.jpg'><img loading=\"lazy\" decoding=\"async\" width=\"150\" height=\"150\" src=\"https:\/\/www.radiopiu.net\/wordpress\/wp-content\/uploads\/2020\/10\/3afaa915-6795-45b2-ac45-056e0da7e02e-150x150.jpg\" class=\"attachment-thumbnail size-thumbnail\" alt=\"\" \/><\/a>\n\t\t\t\t<\/dt><\/dl><dl class='gallery-item'>\n\t\t\t\t<dt class='gallery-icon landscape'>\n\t\t\t\t\t<a class=\"rollover rollover-zoom dt-pswp-item\" title=\"ea98a435-6cdc-4248-aab1-4e56ade3210c\" data-dt-img-description=\"\" data-large_image_width=\"2048\" data-large_image_height=\"1024\"href='https:\/\/www.radiopiu.net\/wordpress\/wp-content\/uploads\/2020\/10\/ea98a435-6cdc-4248-aab1-4e56ade3210c.jpg'><img loading=\"lazy\" decoding=\"async\" width=\"150\" height=\"150\" src=\"https:\/\/www.radiopiu.net\/wordpress\/wp-content\/uploads\/2020\/10\/ea98a435-6cdc-4248-aab1-4e56ade3210c-150x150.jpg\" class=\"attachment-thumbnail size-thumbnail\" alt=\"\" \/><\/a>\n\t\t\t\t<\/dt><\/dl><dl class='gallery-item'>\n\t\t\t\t<dt class='gallery-icon landscape'>\n\t\t\t\t\t<a class=\"rollover rollover-zoom dt-pswp-item\" title=\"47e99cb1-cd05-47d1-9227-cc247fe4fe2e\" data-dt-img-description=\"\" data-large_image_width=\"2048\" data-large_image_height=\"1024\"href='https:\/\/www.radiopiu.net\/wordpress\/wp-content\/uploads\/2020\/10\/47e99cb1-cd05-47d1-9227-cc247fe4fe2e.jpg'><img loading=\"lazy\" decoding=\"async\" width=\"150\" height=\"150\" src=\"https:\/\/www.radiopiu.net\/wordpress\/wp-content\/uploads\/2020\/10\/47e99cb1-cd05-47d1-9227-cc247fe4fe2e-150x150.jpg\" class=\"attachment-thumbnail size-thumbnail\" alt=\"\" \/><\/a>\n\t\t\t\t<\/dt><\/dl><br style=\"clear: both\" \/>\n\t\t\t<\/div>\n\n<p>&nbsp;<\/p>\n<p>&nbsp;<\/p>\n<hr \/>\n<blockquote>\n<h3><\/h3>\n<h3>UN NUOVO PASSAGGIO PEDONALE A COLLE SANTA LUCIA<\/h3>\n<\/blockquote>\n<p>&nbsp;<\/p>\n<p><strong><img loading=\"lazy\" decoding=\"async\" class=\"alignleft\" src=\"https:\/\/www.radiopiu.net\/wordpress\/wp-content\/uploads\/2020\/10\/download-10.jpg\" width=\"143\" height=\"89\" \/>COLLE SANTA LUCIA<\/strong> Passeggiare lungo\u00a0 la provinciale 251 della Val di Zoldo e Cellina tra le localit\u00e0 Pian e Villagrande sar\u00e0 pi\u00f9 semplice per i pedoni, infatti a breve sar\u00e0 realizzato un percorso pedonale turistico. I lavori inizieranno domani per concludersi a fine novembre. Per questo Veneto Strade ha previsto un senso unico alternato regolato da impianto semaforico.<\/p>\n<p>&nbsp;<\/p>\n<p>&nbsp;<\/p>\n<hr \/>\n<p>&nbsp;<\/p>\n<blockquote>\n<h3>SABATO 17 OTTOBRE LA PRESENTAZIONE DEL PROGETTO DOLOMIA IN SALA DON TAMIS<\/h3>\n<\/blockquote>\n<p><strong><a class=\"dt-pswp-item\" href=\"https:\/\/www.radiopiu.net\/wordpress\/wp-content\/uploads\/2020\/10\/FOLLADOR-DE-ROSSI-scaled.jpg\" data-dt-img-description=\"\" data-large_image_width=\"2560\" data-large_image_height=\"1193\"><img loading=\"lazy\" decoding=\"async\" class=\"size-medium wp-image-164367 alignleft\" src=\"https:\/\/www.radiopiu.net\/wordpress\/wp-content\/uploads\/2020\/10\/FOLLADOR-DE-ROSSI-300x140.jpg\" alt=\"\" width=\"300\" height=\"140\" srcset=\"https:\/\/www.radiopiu.net\/wordpress\/wp-content\/uploads\/2020\/10\/FOLLADOR-DE-ROSSI-300x140.jpg 300w, https:\/\/www.radiopiu.net\/wordpress\/wp-content\/uploads\/2020\/10\/FOLLADOR-DE-ROSSI-1024x477.jpg 1024w, https:\/\/www.radiopiu.net\/wordpress\/wp-content\/uploads\/2020\/10\/FOLLADOR-DE-ROSSI-768x358.jpg 768w, https:\/\/www.radiopiu.net\/wordpress\/wp-content\/uploads\/2020\/10\/FOLLADOR-DE-ROSSI-1536x716.jpg 1536w, https:\/\/www.radiopiu.net\/wordpress\/wp-content\/uploads\/2020\/10\/FOLLADOR-DE-ROSSI-2048x954.jpg 2048w, https:\/\/www.radiopiu.net\/wordpress\/wp-content\/uploads\/2020\/10\/FOLLADOR-DE-ROSSI-640x298.jpg 640w\" sizes=\"auto, (max-width: 300px) 100vw, 300px\" \/><\/a>AGORDO<\/strong> Sabato 17 ottobre presso la Sala Don Tamis ad Agordo verr\u00e0 presentato il Progetto Dolomia <strong>\u201c<\/strong>La via della Dolomia: il viaggio della roccia nelle Alpi Dolomitiche\u201d, realizzato in collaborazione con il Dipartimento di Tecnologia dei Materiali dell\u2019Universit\u00e0 di Innsbruck. Il progetto dar\u00e0 l\u2019opportunit\u00e0 di far scoprire ed esplorare, in modo guidato ed ecosostenibile, il territorio compreso tra le\u00a0Dolomiti Patrimonio UNESCO\u00a0e l\u2019area delle\u00a0Alpi del Tirolo, con riferimento al\u00a0materiale pietra Dolomia. Interverranno autorit\u00e0 e relatori di primario rilievo nel settore e, al termine della conferenza, avr\u00e0 luogo l\u2019inaugurazione del Percorso Geoturistico e successiva visita guidata Villa De Manzoni e Museo Geologico di Agordo.<\/p>\n<p>&nbsp;<\/p>\n<p><strong>di GIANNI SANTOMASO<\/strong><\/p>\n<audio class=\"wp-audio-shortcode\" id=\"audio-166210-4\" preload=\"none\" style=\"width: 100%;\" controls=\"controls\"><source type=\"audio\/mpeg\" src=\"https:\/\/www.radiopiu.net\/wordpress\/wp-content\/uploads\/2020\/10\/GIANNI-VIA-DOLOMIA.mp3?_=4\" \/><a href=\"https:\/\/www.radiopiu.net\/wordpress\/wp-content\/uploads\/2020\/10\/GIANNI-VIA-DOLOMIA.mp3\">https:\/\/www.radiopiu.net\/wordpress\/wp-content\/uploads\/2020\/10\/GIANNI-VIA-DOLOMIA.mp3<\/a><\/audio>\n<p>&nbsp;<\/p>\n<h1><span style=\"color: #ff0000;\">FOTO<\/span><\/h1>\n\n\t\t\t<style type='text\/css'>\n\t\t\t\t#gallery-4 {\n\t\t\t\t\tmargin: auto;\n\t\t\t\t}\n\t\t\t\t#gallery-4 .gallery-item {\n\t\t\t\t\tfloat: left;\n\t\t\t\t\tmargin-top: 10px;\n\t\t\t\t\ttext-align: center;\n\t\t\t\t\twidth: 25%;\n\t\t\t\t}\n\t\t\t\t#gallery-4 img {\n\t\t\t\t\tborder: 2px solid #cfcfcf;\n\t\t\t\t}\n\t\t\t\t#gallery-4 .gallery-caption {\n\t\t\t\t\tmargin-left: 0;\n\t\t\t\t}\n\t\t\t\t\/* see gallery_shortcode() in wp-includes\/media.php *\/\n\t\t\t<\/style>\n\t\t<div id='gallery-4' class='dt-gallery-container gallery galleryid-166210 gallery-columns-4 gallery-size-thumbnail'><dl class='gallery-item'>\n\t\t\t\t<dt class='gallery-icon landscape'>\n\t\t\t\t\t<a class=\"rollover rollover-zoom dt-pswp-item\" title=\"2a2d715c-cc22-4a5c-b87c-099afb0e4be7\" data-dt-img-description=\"\" data-large_image_width=\"2048\" data-large_image_height=\"1024\"href='https:\/\/www.radiopiu.net\/wordpress\/wp-content\/uploads\/2020\/10\/2a2d715c-cc22-4a5c-b87c-099afb0e4be7.jpg'><img loading=\"lazy\" decoding=\"async\" width=\"150\" height=\"150\" src=\"https:\/\/www.radiopiu.net\/wordpress\/wp-content\/uploads\/2020\/10\/2a2d715c-cc22-4a5c-b87c-099afb0e4be7-150x150.jpg\" class=\"attachment-thumbnail size-thumbnail\" alt=\"\" \/><\/a>\n\t\t\t\t<\/dt><\/dl><dl class='gallery-item'>\n\t\t\t\t<dt class='gallery-icon landscape'>\n\t\t\t\t\t<a class=\"rollover rollover-zoom dt-pswp-item\" title=\"a3c2ab70-8104-4f7e-a5de-e81812be94e0\" data-dt-img-description=\"\" data-large_image_width=\"2048\" data-large_image_height=\"1024\"href='https:\/\/www.radiopiu.net\/wordpress\/wp-content\/uploads\/2020\/10\/a3c2ab70-8104-4f7e-a5de-e81812be94e0.jpg'><img loading=\"lazy\" decoding=\"async\" width=\"150\" height=\"150\" src=\"https:\/\/www.radiopiu.net\/wordpress\/wp-content\/uploads\/2020\/10\/a3c2ab70-8104-4f7e-a5de-e81812be94e0-150x150.jpg\" class=\"attachment-thumbnail size-thumbnail\" alt=\"\" \/><\/a>\n\t\t\t\t<\/dt><\/dl><dl class='gallery-item'>\n\t\t\t\t<dt class='gallery-icon landscape'>\n\t\t\t\t\t<a class=\"rollover rollover-zoom dt-pswp-item\" title=\"98867e57-0c75-45d1-80dc-f7bf9660ffe8\" data-dt-img-description=\"\" data-large_image_width=\"2048\" data-large_image_height=\"1024\"href='https:\/\/www.radiopiu.net\/wordpress\/wp-content\/uploads\/2020\/10\/98867e57-0c75-45d1-80dc-f7bf9660ffe8.jpg'><img loading=\"lazy\" decoding=\"async\" width=\"150\" height=\"150\" src=\"https:\/\/www.radiopiu.net\/wordpress\/wp-content\/uploads\/2020\/10\/98867e57-0c75-45d1-80dc-f7bf9660ffe8-150x150.jpg\" class=\"attachment-thumbnail size-thumbnail\" alt=\"\" \/><\/a>\n\t\t\t\t<\/dt><\/dl><dl class='gallery-item'>\n\t\t\t\t<dt class='gallery-icon landscape'>\n\t\t\t\t\t<a class=\"rollover rollover-zoom dt-pswp-item\" title=\"d43b0edc-f6b1-4f9b-87b6-a00682e5f0d9\" data-dt-img-description=\"\" data-large_image_width=\"2048\" data-large_image_height=\"1024\"href='https:\/\/www.radiopiu.net\/wordpress\/wp-content\/uploads\/2020\/10\/d43b0edc-f6b1-4f9b-87b6-a00682e5f0d9.jpg'><img loading=\"lazy\" decoding=\"async\" width=\"150\" height=\"150\" src=\"https:\/\/www.radiopiu.net\/wordpress\/wp-content\/uploads\/2020\/10\/d43b0edc-f6b1-4f9b-87b6-a00682e5f0d9-150x150.jpg\" class=\"attachment-thumbnail size-thumbnail\" alt=\"\" \/><\/a>\n\t\t\t\t<\/dt><\/dl><br style=\"clear: both\" \/>\n\t\t\t<\/div>\n\n<h1><span style=\"color: #ff0000;\">VIDEO<\/span><\/h1>\n<div style=\"width: 1200px;\" class=\"wp-video\"><video class=\"wp-video-shortcode\" id=\"video-166210-3\" width=\"1200\" height=\"675\" preload=\"metadata\" controls=\"controls\"><source type=\"video\/mp4\" src=\"https:\/\/www.radiopiu.net\/wordpress\/wp-content\/uploads\/2020\/10\/WhatsApp-Video-2020-10-14-at-10.08.15.mp4?_=3\" \/><a href=\"https:\/\/www.radiopiu.net\/wordpress\/wp-content\/uploads\/2020\/10\/WhatsApp-Video-2020-10-14-at-10.08.15.mp4\">https:\/\/www.radiopiu.net\/wordpress\/wp-content\/uploads\/2020\/10\/WhatsApp-Video-2020-10-14-at-10.08.15.mp4<\/a><\/video><\/div>\n<p>&nbsp;<\/p>\n<p>&nbsp;<\/p>\n<hr \/>\n<p>&nbsp;<\/p>\n<blockquote class=\"wp-embedded-content\" data-secret=\"uxjWXTu6Ob\"><p><a href=\"https:\/\/www.radiopiu.net\/wordpress\/https-wp-me-p63lo7-h7o\/\">CORONAVIRUS: AGGIORNAMENTO NAZIONALE 14 OTTOBRE<\/a><\/p><\/blockquote>\n<p><iframe loading=\"lazy\" class=\"wp-embedded-content\" sandbox=\"allow-scripts\" security=\"restricted\" style=\"position: absolute; clip: rect(1px, 1px, 1px, 1px);\" title=\"&#8220;CORONAVIRUS: AGGIORNAMENTO NAZIONALE 14 OTTOBRE&#8221; &#8212; Radio Pi\u00f9\" src=\"https:\/\/www.radiopiu.net\/wordpress\/https-wp-me-p63lo7-h7o\/embed\/#?secret=uxjWXTu6Ob\" data-secret=\"uxjWXTu6Ob\" width=\"600\" height=\"338\" frameborder=\"0\" marginwidth=\"0\" marginheight=\"0\" scrolling=\"no\"><\/iframe><\/p>\n<p>&nbsp;<\/p>\n<blockquote class=\"wp-embedded-content\" data-secret=\"YPGqR9hj8J\"><p><a href=\"https:\/\/www.radiopiu.net\/wordpress\/230-positivi-in-piu-nel-veneto-da-stamane-7-decessi-aumentano-i-ricoveri-in-area-non-critica-10-e-in-terapia-intensiva-6-a-belluno-9-nuovi-positivi-2-decessi-e-36-persone-ricoverate\/\">230 POSITIVI IN PI\u00d9 NEL VENETO DA STAMANE. 7 DECESSI. AUMENTANO I RICOVERI IN AREA NON CRITICA (+10) E IN TERAPIA INTENSIVA (+6). A BELLUNO 9 NUOVI POSITIVI, 2 DECESSI E 36 PERSONE RICOVERATE<\/a><\/p><\/blockquote>\n<p><iframe loading=\"lazy\" class=\"wp-embedded-content\" sandbox=\"allow-scripts\" security=\"restricted\" style=\"position: absolute; clip: rect(1px, 1px, 1px, 1px);\" title=\"&#8220;230 POSITIVI IN PI\u00d9 NEL VENETO DA STAMANE. 7 DECESSI. AUMENTANO I RICOVERI IN AREA NON CRITICA (+10) E IN TERAPIA INTENSIVA (+6). A BELLUNO 9 NUOVI POSITIVI, 2 DECESSI E 36 PERSONE RICOVERATE&#8221; &#8212; Radio Pi\u00f9\" src=\"https:\/\/www.radiopiu.net\/wordpress\/230-positivi-in-piu-nel-veneto-da-stamane-7-decessi-aumentano-i-ricoveri-in-area-non-critica-10-e-in-terapia-intensiva-6-a-belluno-9-nuovi-positivi-2-decessi-e-36-persone-ricoverate\/embed\/#?secret=YPGqR9hj8J\" data-secret=\"YPGqR9hj8J\" width=\"600\" height=\"338\" frameborder=\"0\" marginwidth=\"0\" marginheight=\"0\" scrolling=\"no\"><\/iframe><\/p>\n<p>&nbsp;<\/p>\n<h2>I GRAFICI DI TIZIANO DE COL<\/h2>\n<p><a class=\"dt-pswp-item\" href=\"https:\/\/www.radiopiu.net\/wordpress\/wp-content\/uploads\/2020\/10\/4d1b15b8-dea4-4f0e-8a39-3d532e4c0da2-1.jpg\" data-dt-img-description=\"\" data-large_image_width=\"791\" data-large_image_height=\"640\"><img loading=\"lazy\" decoding=\"async\" class=\"alignnone wp-image-166453\" src=\"https:\/\/www.radiopiu.net\/wordpress\/wp-content\/uploads\/2020\/10\/4d1b15b8-dea4-4f0e-8a39-3d532e4c0da2-1-300x243.jpg\" alt=\"\" width=\"222\" height=\"180\" srcset=\"https:\/\/www.radiopiu.net\/wordpress\/wp-content\/uploads\/2020\/10\/4d1b15b8-dea4-4f0e-8a39-3d532e4c0da2-1-300x243.jpg 300w, https:\/\/www.radiopiu.net\/wordpress\/wp-content\/uploads\/2020\/10\/4d1b15b8-dea4-4f0e-8a39-3d532e4c0da2-1-768x621.jpg 768w, https:\/\/www.radiopiu.net\/wordpress\/wp-content\/uploads\/2020\/10\/4d1b15b8-dea4-4f0e-8a39-3d532e4c0da2-1.jpg 791w\" sizes=\"auto, (max-width: 222px) 100vw, 222px\" \/><\/a><a class=\"dt-pswp-item\" href=\"https:\/\/www.radiopiu.net\/wordpress\/wp-content\/uploads\/2020\/10\/923a2497-9bb1-411c-ba10-fb6cfca45136-1.jpg\" data-dt-img-description=\"\" data-large_image_width=\"656\" data-large_image_height=\"333\"><img loading=\"lazy\" decoding=\"async\" class=\"alignnone wp-image-166454\" src=\"https:\/\/www.radiopiu.net\/wordpress\/wp-content\/uploads\/2020\/10\/923a2497-9bb1-411c-ba10-fb6cfca45136-1-300x152.jpg\" alt=\"\" width=\"351\" height=\"178\" srcset=\"https:\/\/www.radiopiu.net\/wordpress\/wp-content\/uploads\/2020\/10\/923a2497-9bb1-411c-ba10-fb6cfca45136-1-300x152.jpg 300w, https:\/\/www.radiopiu.net\/wordpress\/wp-content\/uploads\/2020\/10\/923a2497-9bb1-411c-ba10-fb6cfca45136-1.jpg 656w\" sizes=\"auto, (max-width: 351px) 100vw, 351px\" \/><\/a><\/p>\n<p>&nbsp;<\/p>\n<p>&nbsp;<\/p>\n<hr \/>\n<blockquote>\n<h3><\/h3>\n<h3>UTILIZZO DELLE PALESTRE DELLA MEDIA \u201cROCCA\u201d E DELLA PRIMARIA DEL BOSCARIZ: SIGLATO L&#8217;ACCORDO TRA AMMINISTRAZIONE, ISTITUTO COMPRENSIVO E SOCIET\u00c0 SPORTIVE<\/h3>\n<\/blockquote>\n<p><strong><a class=\"dt-pswp-item\" href=\"https:\/\/www.radiopiu.net\/wordpress\/wp-content\/uploads\/2020\/10\/97238f10-92fc-451c-a72f-07706f387851.jpg\" data-dt-img-description=\"\" data-large_image_width=\"1080\" data-large_image_height=\"608\"><img loading=\"lazy\" decoding=\"async\" class=\"size-medium wp-image-166278 alignleft\" src=\"https:\/\/www.radiopiu.net\/wordpress\/wp-content\/uploads\/2020\/10\/97238f10-92fc-451c-a72f-07706f387851-300x169.jpg\" alt=\"\" width=\"300\" height=\"169\" srcset=\"https:\/\/www.radiopiu.net\/wordpress\/wp-content\/uploads\/2020\/10\/97238f10-92fc-451c-a72f-07706f387851-300x169.jpg 300w, https:\/\/www.radiopiu.net\/wordpress\/wp-content\/uploads\/2020\/10\/97238f10-92fc-451c-a72f-07706f387851-1024x576.jpg 1024w, https:\/\/www.radiopiu.net\/wordpress\/wp-content\/uploads\/2020\/10\/97238f10-92fc-451c-a72f-07706f387851-768x432.jpg 768w, https:\/\/www.radiopiu.net\/wordpress\/wp-content\/uploads\/2020\/10\/97238f10-92fc-451c-a72f-07706f387851.jpg 1080w\" sizes=\"auto, (max-width: 300px) 100vw, 300px\" \/><\/a>FELTRE\u00a0<\/strong>Le palestre comunali della media \u201cRocca\u201d e delle elementari del Boscariz riapriranno a breve le porte anche alle societ\u00e0 sportive per l&#8217;utilizzo nelle ore pomeridiane. Come noto, a seguito di bando pubblico, con l\u2019obbiettivo di ottimizzare l\u2019utilizzo delle strutture sportive sul territorio e aumentare l\u2019offerta di corsi ed attivit\u00e0 sportiva per le diverse discipline, il Comune di Feltre ha dato in utilizzo in orario extrascolastico le palestre della Scuola Secondaria di I grado \u201cGino Rocca\u201d e della Scuola Primaria Farra &#8211; Boscariz rispettivamente all&#8217;Associazione \u201cPallavolo Feltre\u201d e al C.S.I. Sezione di Feltre. L\u2019utilizzo extrascolastico delle palestre in oggetto, per le <em><a class=\"dt-pswp-item\" href=\"https:\/\/www.radiopiu.net\/wordpress\/wp-content\/uploads\/2020\/10\/b8da4ada-af5e-4d99-a2fb-a09b85bb0a11.jpg\" data-dt-img-description=\"\" data-large_image_width=\"2048\" data-large_image_height=\"1152\"><img loading=\"lazy\" decoding=\"async\" class=\"size-medium wp-image-166279 alignright\" src=\"https:\/\/www.radiopiu.net\/wordpress\/wp-content\/uploads\/2020\/10\/b8da4ada-af5e-4d99-a2fb-a09b85bb0a11-300x169.jpg\" alt=\"\" width=\"300\" height=\"169\" srcset=\"https:\/\/www.radiopiu.net\/wordpress\/wp-content\/uploads\/2020\/10\/b8da4ada-af5e-4d99-a2fb-a09b85bb0a11-300x169.jpg 300w, https:\/\/www.radiopiu.net\/wordpress\/wp-content\/uploads\/2020\/10\/b8da4ada-af5e-4d99-a2fb-a09b85bb0a11-1024x576.jpg 1024w, https:\/\/www.radiopiu.net\/wordpress\/wp-content\/uploads\/2020\/10\/b8da4ada-af5e-4d99-a2fb-a09b85bb0a11-768x432.jpg 768w, https:\/\/www.radiopiu.net\/wordpress\/wp-content\/uploads\/2020\/10\/b8da4ada-af5e-4d99-a2fb-a09b85bb0a11-1536x864.jpg 1536w, https:\/\/www.radiopiu.net\/wordpress\/wp-content\/uploads\/2020\/10\/b8da4ada-af5e-4d99-a2fb-a09b85bb0a11.jpg 2048w\" sizes=\"auto, (max-width: 300px) 100vw, 300px\" \/><\/a><\/em>dimensioni e le caratteristiche tecniche delle medesime, consente infatti di soddisfare la domanda sportiva di molte associazioni del territorio comunale. L&#8217;emergenza sanitaria in atto ha per\u00f2 posto la questione della necessit\u00e0 di frequenti interventi di pulizia approfondita e di igienizzazione, da condurre obbligatoriamente al termine delle attivit\u00e0 sportive, non a carico al personale della scuola, come prevede la normativa vigente. Al fine di assicurare per l\u2019anno scolastico 2020\/2021 la ripresa dello svolgimento dell\u2019attivit\u00e0 sportiva da parte delle associazioni e societ\u00e0 sportive nel rispetto delle necessarie misure di prevenzione del contagio da Covid-19 \u00e8 stato quindi redatto\u00a0 un\u00a0 protocollo di intesa per disciplinare la collaborazione tra l&#8217;Istituto Comprensivo di Feltre, le societ\u00e0\/associazioni sportive affidatarie delle palestre scolastiche e l&#8217;Amministrazione Comunale di Feltre per individuare i compiti e gli obblighi in capo ai vari soggetti comunque coinvolti nella gestione e nell&#8217;utilizzo delle palestre medesime.<\/p>\n<p><strong>IL PRESIDENTE DEL CONSIGLIO COMUNALE DI FELTRE CON DELEGA ALLE ASSOCIAZIONI SPORTIVE MANUEL SACCHET<\/strong><\/p>\n<audio class=\"wp-audio-shortcode\" id=\"audio-166210-5\" preload=\"none\" style=\"width: 100%;\" controls=\"controls\"><source type=\"audio\/mpeg\" src=\"https:\/\/www.radiopiu.net\/wordpress\/wp-content\/uploads\/2020\/10\/SACCHET-PALESTRE-FELTRE.mp3?_=5\" \/><a href=\"https:\/\/www.radiopiu.net\/wordpress\/wp-content\/uploads\/2020\/10\/SACCHET-PALESTRE-FELTRE.mp3\">https:\/\/www.radiopiu.net\/wordpress\/wp-content\/uploads\/2020\/10\/SACCHET-PALESTRE-FELTRE.mp3<\/a><\/audio>\n<p>&nbsp;<\/p>\n<p>&nbsp;<\/p>\n<hr \/>\n<p>&nbsp;<\/p>\n<blockquote>\n<h3>CONSIGLIO COMUNALE SENZA INTERROGAZIONI DELLE MINORANZE<\/h3>\n<\/blockquote>\n<p><strong>ROCCA PIETORE<\/strong> Dopo alcune sedute fiume anche per un lungo elenco delle interrogazioni delle minoranze si preannuncia una seduta &#8220;normale&#8221; in Comune, infatti martedi alle 18.30 i consiglieri saranno chiamati all&#8217;alzata di mano per soli tre argomenti: approvazione della convenzione per le funzioni di segreteria comunale; approvazione del Documento Unico di Programmazione e bilancio consolidato 2019.<\/p>\n<blockquote><p><strong><span style=\"color: #ff0000;\">E QUESTA SERA DALLE 17 IN DIRETTA RADIO E FACEBOOK LA PRESENTAZIONE DEI PROGETTI PER LA RINASCITA DEI SERRAI DI SOTTOGUDA<\/span><\/strong><\/p><\/blockquote>\n<p>Intanto da Rocca Pietore, frazione Caracoi una bella novit\u00e0: posato il nuovo manto d&#8217;asfalto lungo la comunale tenendo fede alla promessa di realizzare i lavori prima dell&#8217;inverno. Nel frattempo sta procedendo l&#8217;iter per la strada nuova che salir\u00e0 da Pezz\u00e9 zona Businera <em>&#8220;Sono certo che adesso pioveranno centinaia di like su Facebook! O no? Oppure i like li mettiamo solo quando c&#8217;\u00e8 da protestare?&#8221;<\/em> dice il sindaco Andrea De Bernardin<\/p>\n<p><a class=\"dt-pswp-item\" href=\"https:\/\/www.radiopiu.net\/wordpress\/wp-content\/uploads\/2020\/10\/4ed4cc59-7638-4764-8cb5-bd2cdc2c8fce.jpg\" data-dt-img-description=\"\" data-large_image_width=\"1599\" data-large_image_height=\"1200\"><img loading=\"lazy\" decoding=\"async\" class=\"alignnone size-medium wp-image-166369\" src=\"https:\/\/www.radiopiu.net\/wordpress\/wp-content\/uploads\/2020\/10\/4ed4cc59-7638-4764-8cb5-bd2cdc2c8fce-300x225.jpg\" alt=\"\" width=\"300\" height=\"225\" srcset=\"https:\/\/www.radiopiu.net\/wordpress\/wp-content\/uploads\/2020\/10\/4ed4cc59-7638-4764-8cb5-bd2cdc2c8fce-300x225.jpg 300w, https:\/\/www.radiopiu.net\/wordpress\/wp-content\/uploads\/2020\/10\/4ed4cc59-7638-4764-8cb5-bd2cdc2c8fce-1024x768.jpg 1024w, https:\/\/www.radiopiu.net\/wordpress\/wp-content\/uploads\/2020\/10\/4ed4cc59-7638-4764-8cb5-bd2cdc2c8fce-768x576.jpg 768w, https:\/\/www.radiopiu.net\/wordpress\/wp-content\/uploads\/2020\/10\/4ed4cc59-7638-4764-8cb5-bd2cdc2c8fce-1536x1153.jpg 1536w, https:\/\/www.radiopiu.net\/wordpress\/wp-content\/uploads\/2020\/10\/4ed4cc59-7638-4764-8cb5-bd2cdc2c8fce.jpg 1599w\" sizes=\"auto, (max-width: 300px) 100vw, 300px\" \/><\/a><a class=\"dt-pswp-item\" href=\"https:\/\/www.radiopiu.net\/wordpress\/wp-content\/uploads\/2020\/10\/e6b0ac9c-0d3c-4a2d-b6d2-9664530d7677.jpg\" data-dt-img-description=\"\" data-large_image_width=\"1599\" data-large_image_height=\"1200\"><img loading=\"lazy\" decoding=\"async\" class=\"alignnone size-medium wp-image-166370\" src=\"https:\/\/www.radiopiu.net\/wordpress\/wp-content\/uploads\/2020\/10\/e6b0ac9c-0d3c-4a2d-b6d2-9664530d7677-300x225.jpg\" alt=\"\" width=\"300\" height=\"225\" srcset=\"https:\/\/www.radiopiu.net\/wordpress\/wp-content\/uploads\/2020\/10\/e6b0ac9c-0d3c-4a2d-b6d2-9664530d7677-300x225.jpg 300w, https:\/\/www.radiopiu.net\/wordpress\/wp-content\/uploads\/2020\/10\/e6b0ac9c-0d3c-4a2d-b6d2-9664530d7677-1024x768.jpg 1024w, https:\/\/www.radiopiu.net\/wordpress\/wp-content\/uploads\/2020\/10\/e6b0ac9c-0d3c-4a2d-b6d2-9664530d7677-768x576.jpg 768w, https:\/\/www.radiopiu.net\/wordpress\/wp-content\/uploads\/2020\/10\/e6b0ac9c-0d3c-4a2d-b6d2-9664530d7677-1536x1153.jpg 1536w, https:\/\/www.radiopiu.net\/wordpress\/wp-content\/uploads\/2020\/10\/e6b0ac9c-0d3c-4a2d-b6d2-9664530d7677.jpg 1599w\" sizes=\"auto, (max-width: 300px) 100vw, 300px\" \/> <\/a><a class=\"dt-pswp-item\" href=\"https:\/\/www.radiopiu.net\/wordpress\/wp-content\/uploads\/2020\/10\/3b28b398-c040-4f6c-bb5d-93e31f0227f4.jpg\" data-dt-img-description=\"\" data-large_image_width=\"1599\" data-large_image_height=\"1200\"><img loading=\"lazy\" decoding=\"async\" class=\"alignnone size-medium wp-image-166390\" src=\"https:\/\/www.radiopiu.net\/wordpress\/wp-content\/uploads\/2020\/10\/3b28b398-c040-4f6c-bb5d-93e31f0227f4-300x225.jpg\" alt=\"\" width=\"300\" height=\"225\" srcset=\"https:\/\/www.radiopiu.net\/wordpress\/wp-content\/uploads\/2020\/10\/3b28b398-c040-4f6c-bb5d-93e31f0227f4-300x225.jpg 300w, https:\/\/www.radiopiu.net\/wordpress\/wp-content\/uploads\/2020\/10\/3b28b398-c040-4f6c-bb5d-93e31f0227f4-1024x768.jpg 1024w, https:\/\/www.radiopiu.net\/wordpress\/wp-content\/uploads\/2020\/10\/3b28b398-c040-4f6c-bb5d-93e31f0227f4-768x576.jpg 768w, https:\/\/www.radiopiu.net\/wordpress\/wp-content\/uploads\/2020\/10\/3b28b398-c040-4f6c-bb5d-93e31f0227f4-1536x1153.jpg 1536w, https:\/\/www.radiopiu.net\/wordpress\/wp-content\/uploads\/2020\/10\/3b28b398-c040-4f6c-bb5d-93e31f0227f4.jpg 1599w\" sizes=\"auto, (max-width: 300px) 100vw, 300px\" \/><\/a><a class=\"dt-pswp-item\" href=\"https:\/\/www.radiopiu.net\/wordpress\/wp-content\/uploads\/2020\/10\/7c2a66c8-a2c8-4845-a80f-f2983df6fd92.jpg\" data-dt-img-description=\"\" data-large_image_width=\"1599\" data-large_image_height=\"1200\"><img loading=\"lazy\" decoding=\"async\" class=\"alignnone size-medium wp-image-166392\" src=\"https:\/\/www.radiopiu.net\/wordpress\/wp-content\/uploads\/2020\/10\/7c2a66c8-a2c8-4845-a80f-f2983df6fd92-300x225.jpg\" alt=\"\" width=\"300\" height=\"225\" srcset=\"https:\/\/www.radiopiu.net\/wordpress\/wp-content\/uploads\/2020\/10\/7c2a66c8-a2c8-4845-a80f-f2983df6fd92-300x225.jpg 300w, https:\/\/www.radiopiu.net\/wordpress\/wp-content\/uploads\/2020\/10\/7c2a66c8-a2c8-4845-a80f-f2983df6fd92-1024x768.jpg 1024w, https:\/\/www.radiopiu.net\/wordpress\/wp-content\/uploads\/2020\/10\/7c2a66c8-a2c8-4845-a80f-f2983df6fd92-768x576.jpg 768w, https:\/\/www.radiopiu.net\/wordpress\/wp-content\/uploads\/2020\/10\/7c2a66c8-a2c8-4845-a80f-f2983df6fd92-1536x1153.jpg 1536w, https:\/\/www.radiopiu.net\/wordpress\/wp-content\/uploads\/2020\/10\/7c2a66c8-a2c8-4845-a80f-f2983df6fd92.jpg 1599w\" sizes=\"auto, (max-width: 300px) 100vw, 300px\" \/><\/a><\/p>\n<p>&nbsp;<\/p>\n<p>&nbsp;<\/p>\n<hr \/>\n<p>&nbsp;<\/p>\n<p>&nbsp;<\/p>\n<blockquote>\n<h3>IL BELLUNESE ZONA ROSSA? CONFARTIGIANATO PUNTUALIZZA SULLO STUDIO ISI<\/h3>\n<\/blockquote>\n<p><strong><img loading=\"lazy\" decoding=\"async\" class=\"alignleft\" src=\"https:\/\/www.radiopiu.net\/wordpress\/wp-content\/uploads\/2017\/02\/confartigianato-imprese-belluno.jpg\" width=\"237\" height=\"110\" \/>BELLUNO<\/strong>\u00a0 <em>\u00abIl Bellunese non \u00e8 zona rossa, i bellunesi non sono diversi dagli altri italiani e la nostra montagna continuer\u00e0 a essere un territorio sicuro, come \u00e8 stato finora. Pronto alla prossima stagione invernale e ai Mondiali di Cortina 2021\u00bb.<\/em> \u00c8 quanto afferma la presidente di Confartigianato Belluno, alla luce di uno studio della Fondazione Isi presentato\u00a0<strong> al Tg1 delle 20<\/strong>.\u00a0 <em>\u00abLe affermazioni semplicistiche che escono da questo report individuano la provincia di Belluno come una delle pi\u00f9 contagiose d\u2019Italia. E cos\u00ec ha affermato anche il ricercatore che ha presentato i dati al Tg1\u00bb prosegue la presidente Scarzanella. \u00abIn realt\u00e0, si tratta di studio delle probabilit\u00e0, non di conteggi assoluti di soggetti positivi al tampone o di persone ricoverate in ospedale. I due concetti sono completamente diversi. Di fatto, lo studio della Fondazione Isi &#8211; in linea totalmente teorica &#8211; dice che se si raggruppassero cento bellunesi in un luogo chiuso, ci sarebbe il 72% di possibilit\u00e0 che almeno uno sia positivo. Si tratta di un dato teorico, di un calcolo probabilistico. \u00c8 bene sottolinearlo, perch\u00e9 altrimenti viene data un\u2019immagine distorta del nostro territorio, per di pi\u00f9 in un periodo non facile per le imprese\u00bb.<\/em><\/p>\n<blockquote><p><em>\u00abSiamo alla vigilia di una stagione invernale che non sappiamo ancora come potr\u00e0 essere. Le nostre imprese viaggiano tra l\u2019incertezza continua e i nuovi Dpcm, che impongono ulteriori restrizioni &#8211; sottolinea la presidente Scarzanella -. Hanno sempre rispettato le linee guida e come associazione abbiamo sensibilizzato imprenditori e clienti a essere ligi, nella consapevolezza che se tutti danno il proprio contributi, \u00e8 pi\u00f9 facile uscire dall\u2019emergenza e tornare alla normalit\u00e0. I primi a rispettare le regole siamo noi, tra sanificazioni costanti, utilizzo dei dpi e distanziamento sociale. Ma non possiamo tacere il nostro disappunto e la nostra amarezza di fronte a queste pubblicit\u00e0 che gettano discredito sull\u2019intero territorio. Abbiamo il dovere di tutelare l\u2019immagine del Bellunese, che di riflesso \u00e8 l\u2019immagine delle nostre imprese, fortemente radicate sul territorio e orgogliose di essere tali\u00bb.<\/em><\/p><\/blockquote>\n<p>&nbsp;<\/p>\n<hr \/>\n<p>&nbsp;<\/p>\n<blockquote>\n<h3>BOND: &#8220;INTOLLERABILE, BELLUNO NON E&#8217; LA PROVINCIA PIU&#8217; PERICOLOSA D&#8217;ITALIA&#8221;<\/h3>\n<\/blockquote>\n<p><em>\u00abDal tg1\u00a0 apprendiamo di uno studio probabilistico secondo il quale la provincia di Belluno sarebbe la pi\u00f9 pericolosa in Italia per contagio Covid. \u00c8 intollerabile\u00bb.<\/em> Cos\u00ec il deputato di Forza Italia Dario Bond.\u00a0<em>\u00abSi tratta di uno studio teorico, che lascia il tempo che trova. Tra l\u2019altro con il calcolo delle probabilit\u00e0 si pu\u00f2 dire tutto e il contrario di tutto, come il pi\u00f9 classico dei polli di Trilussa, per cui se io ne mangio due e tu non mangi niente, in media ne abbiamo mangiato uno a testa. Quello che invece \u00e8 indicibile \u00e8 il danno di immagine nei confronti della montagna bellunese, alla vigilia della stagione turistica invernale. Non possiamo tollerarlo. Ancora una volta il nostro territorio esce male. Vorrei sapere se un simile calcolo avesse riguardato i nostri vicini autonomi di Trento e Bolzano&#8230; chiss\u00e0 cosa sarebbe successo?\u00bb.<\/em><\/p>\n<p>&nbsp;<\/p>\n<hr \/>\n<p>&nbsp;<\/p>\n<blockquote>\n<h3>IL VENETO CHE VOGLIAMO &#8211; BELLUNO VERSO LA QUARTA ASSEMBLEA PROVINCIALE<\/h3>\n<\/blockquote>\n<p><strong>BELLUNO<\/strong> Domani \u00a0quarta assemblea provinciale bellunese alle 20.30 in sala Muccin al Centro Giovanni XXIII, in Piazza Piloni. L\u2019obiettivo principale che il coordinamento ha individuato per questo incontro sta nella condivisione di idee e proposte progettuali per intensificare e ampliare la rete di contatti locali. Il gruppo \u00a0ha sostenutola candidatura di Arturo Lorenzoni come presidente della Regione nelle ultime elezioni regionali, in cui Elena Ostanel \u00e8 stata eletta come consigliere regionale.<\/p>\n<p>&nbsp;<\/p>\n<hr \/>\n<h3><\/h3>\n<h3 style=\"text-align: center;\">PONTE SERVIZI, VIA LIBERA ALLA CAPITALIZZAZIONE<\/h3>\n<p><span style=\"color: #000000; font-family: Helvetica;\"><strong>PONTE NELLE ALPI<\/strong> Una capitalizzazione da 1,3 milioni di euro, coinvolge la Ponte Servizi Srl. E a portarla a termine \u00e8 il Comune di Ponte nelle Alpi che<\/span><span style=\"color: #000000; font-family: Helvetica;\"> libera risorse attingendo (per circa 1,2 milioni) dall\u2019apposito Fondo, mentre una parte della cifra \u00e8 frutto dell\u2019avanzo di amministrazione.\u00a0<\/span><span style=\"color: #000000; font-family: Helvetica;\">Si aggiunge un ulteriore aumento di capitale a favore della partecipata: <em>\u00abAdesso la Ponte Servizi Srl \u00e8 dotata delle risorse finanziarie mancanti fin dall\u2019origine &#8211; spiega l\u2019assessore al Bilancio, Andrea Pontello -. Un&#8217;operazione di questo tipo \u00e8 configurabile come riconoscimento, ora per allora, dei costi sociali via, via sostenuti dalla partecipata. <\/em><\/span><em><span style=\"color: #000000; font-family: Helvetica;\">La gestione, ora efficiente, trascinava dal passato un pesante fardello\u00a0 determinato dal capitale sociale insufficiente, da tariffe non sempre adeguate alla copertura integrale dei costi, da oneri finanziari e da attivit\u00e0 collaterali non pertinenti con il \u201ccore business\u201d. Come la gestione del verde e del fotovoltaico\u00bb. <\/span><\/em><span style=\"color: #000000; font-family: Helvetica;\">In ogni caso, Ponte Servizi ha sempre conseguito eccellenti risultati nella raccolta differenziata\u00a0 grazie al senso civico dei cittadini, alla dedizione dei dipendenti e all&#8217;adozione del modello di servizio porta a porta, oltre al conferimento differenziato di ogni genere di rifiuto all\u2019ecocentro.\u00a0 <\/span><span style=\"color: #000000; font-family: Helvetica;\">Attualmente la percentuale di raccolta differenziata supera l&#8217;88 per cento. Il sindaco Paolo Vendramini: <em>&#8220;<\/em><\/span><em><span style=\"color: #000000; font-family: Helvetica;\">Questo fondamentale risultato testimonia la qualit\u00e0 di Ponte Servizi e del sistema di raccolta differenziata, che \u00e8 un patrimonio per l&#8217;intera collettivit\u00e0. Ringrazio tutta l&#8217;amministrazione per il lavoro svolto, gli uffici comunali, l&#8217;ingegner Pierpaolo Collarin e il gruppo di maggioranza\u00bb.\u00a0 <\/span><\/em><span style=\"color: #000000; font-family: Helvetica;\">La societ\u00e0 presenta ora un solido equilibrio economico-finanziario: \u00abEd \u00e8 pronta a partecipare all&#8217;imminente affidamento del servizio di raccolta provinciale da parte del Bacino Dolomiti &#8211; dice l&#8217;amministratore unici di Ponte Servizi Pierpaolo Collarin &#8211; e all\u2019auspicato processo di aggregazione tra le societ\u00e0 pubbliche locali del settore\u00bb.<\/span><\/p>\n\n\t\t\t<style type='text\/css'>\n\t\t\t\t#gallery-5 {\n\t\t\t\t\tmargin: auto;\n\t\t\t\t}\n\t\t\t\t#gallery-5 .gallery-item {\n\t\t\t\t\tfloat: left;\n\t\t\t\t\tmargin-top: 10px;\n\t\t\t\t\ttext-align: center;\n\t\t\t\t\twidth: 33%;\n\t\t\t\t}\n\t\t\t\t#gallery-5 img {\n\t\t\t\t\tborder: 2px solid #cfcfcf;\n\t\t\t\t}\n\t\t\t\t#gallery-5 .gallery-caption {\n\t\t\t\t\tmargin-left: 0;\n\t\t\t\t}\n\t\t\t\t\/* see gallery_shortcode() in wp-includes\/media.php *\/\n\t\t\t<\/style>\n\t\t<div id='gallery-5' class='dt-gallery-container gallery galleryid-166210 gallery-columns-3 gallery-size-thumbnail'><dl class='gallery-item'>\n\t\t\t\t<dt class='gallery-icon landscape'>\n\t\t\t\t\t<a class=\"rollover rollover-zoom dt-pswp-item\" title=\"ponte alpi\" data-dt-img-description=\"\" data-large_image_width=\"1005\" data-large_image_height=\"814\"href='https:\/\/www.radiopiu.net\/wordpress\/wp-content\/uploads\/2020\/10\/Sede_municipale.jpg'><img loading=\"lazy\" decoding=\"async\" width=\"150\" height=\"150\" src=\"https:\/\/www.radiopiu.net\/wordpress\/wp-content\/uploads\/2020\/10\/Sede_municipale-150x150.jpg\" class=\"attachment-thumbnail size-thumbnail\" alt=\"\" \/><\/a>\n\t\t\t\t<\/dt><\/dl><dl class='gallery-item'>\n\t\t\t\t<dt class='gallery-icon landscape'>\n\t\t\t\t\t<a class=\"rollover rollover-zoom dt-pswp-item\" title=\"rifiuti\" data-dt-img-description=\"\" data-large_image_width=\"924\" data-large_image_height=\"616\"href='https:\/\/www.radiopiu.net\/wordpress\/wp-content\/uploads\/2020\/10\/Raccolta_Ponte_nelle_Alpi.jpg'><img loading=\"lazy\" decoding=\"async\" width=\"150\" height=\"150\" src=\"https:\/\/www.radiopiu.net\/wordpress\/wp-content\/uploads\/2020\/10\/Raccolta_Ponte_nelle_Alpi-150x150.jpg\" class=\"attachment-thumbnail size-thumbnail\" alt=\"\" \/><\/a>\n\t\t\t\t<\/dt><\/dl><dl class='gallery-item'>\n\t\t\t\t<dt class='gallery-icon landscape'>\n\t\t\t\t\t<a class=\"rollover rollover-zoom dt-pswp-item\" title=\"Ecocentro\" data-dt-img-description=\"\" data-large_image_width=\"1301\" data-large_image_height=\"770\"href='https:\/\/www.radiopiu.net\/wordpress\/wp-content\/uploads\/2020\/10\/Ecocentro.jpg'><img loading=\"lazy\" decoding=\"async\" width=\"150\" height=\"150\" src=\"https:\/\/www.radiopiu.net\/wordpress\/wp-content\/uploads\/2020\/10\/Ecocentro-150x150.jpg\" class=\"attachment-thumbnail size-thumbnail\" alt=\"\" \/><\/a>\n\t\t\t\t<\/dt><\/dl><br style=\"clear: both\" \/>\n\t\t\t<\/div>\n\n<p>&nbsp;<\/p>\n<hr \/>\n<p>&nbsp;<\/p>\n<blockquote>\n<h3>INDAGINI ARCHEOLOGICHE A PIAN DE LA GNELA, FINANZIATI DUE PROGETTI DI RICERCA<\/h3>\n<p><em>Le ricerche verranno coordinate anche con il coinvolgimento del vicino Comune di Ponte nelle Alpi, che ha subito dimostrato interesse e sensibilit\u00e0 per l&#8217;iniziativa.<\/em><\/p><\/blockquote>\n<p><strong><a class=\"dt-pswp-item\" href=\"https:\/\/www.radiopiu.net\/wordpress\/wp-content\/uploads\/2020\/10\/46-T.-6-scavo-2.jpg\" data-dt-img-description=\"\" data-large_image_width=\"2288\" data-large_image_height=\"1712\"><img loading=\"lazy\" decoding=\"async\" class=\" wp-image-166492 alignleft\" src=\"https:\/\/www.radiopiu.net\/wordpress\/wp-content\/uploads\/2020\/10\/46-T.-6-scavo-2-300x224.jpg\" alt=\"\" width=\"208\" height=\"155\" srcset=\"https:\/\/www.radiopiu.net\/wordpress\/wp-content\/uploads\/2020\/10\/46-T.-6-scavo-2-300x224.jpg 300w, https:\/\/www.radiopiu.net\/wordpress\/wp-content\/uploads\/2020\/10\/46-T.-6-scavo-2-1024x766.jpg 1024w, https:\/\/www.radiopiu.net\/wordpress\/wp-content\/uploads\/2020\/10\/46-T.-6-scavo-2-768x575.jpg 768w, https:\/\/www.radiopiu.net\/wordpress\/wp-content\/uploads\/2020\/10\/46-T.-6-scavo-2-1536x1149.jpg 1536w, https:\/\/www.radiopiu.net\/wordpress\/wp-content\/uploads\/2020\/10\/46-T.-6-scavo-2-2048x1532.jpg 2048w\" sizes=\"auto, (max-width: 208px) 100vw, 208px\" \/><\/a>ALPAGO<\/strong> Grazie ad un contributo di 8 mila euro, il Comune di Alpago d\u00e0 nuovo impulso alle ricerche archeologiche nel sito di \u201cPian de la Gnela\u201d. L&#8217;Associazione \u201cCircolo Amici del Museo dell&#8217;Alpago\u201d, che esprime per voce del suo presidente Eugenio Padovan grande soddisfazione per lo stanziamento deliberato dall\u2019amministrazione comunale, entra nel merito tecnico dei due progetti di ricerca archeologica. <em>\u201cSi tratta, sottolinea Padovan, di un primo sondaggio stratigrafico nell\u2019area situata lungo le pendici del Col Visentin (ai confini con il comune di Ponte nelle Alpi) dove lo scorso anno \u00e8 stata ritrovata una lamina bronzea a pelle di bue con iscrizione latina puntolinata. Lo scavo \u00e8 rivolto alla verifica se in quell\u2019ambito posto lungo una possibile direttrice viaria dall\u2019Antico Cenedese all\u2019innesto, a Polpet, con l\u2019asse stradale verso il Norico potesse trovarsi un luogo di culto di et\u00e0 romana come presupposto dalla linguista Anna Marinetti dell\u2019Universit\u00e0 Ca Foscari di Venezia che ha esaminato le immagini fotografiche dell\u2019importante reperto. Il secondo progetto finanziato riguarda \u201cL\u2019indagine archeologica del territorio di Alpago attraverso LIDAR DTM\u201d<\/em>. Sono elaborazioni e lettura di rilevazioni aree all\u2019infrarosso, (eseguite dalla Regione Veneto e dalla Direzione Generale per la Sicurezza del Suolo e delle Acque del Ministero dell\u2019Ambiente) affidate al ricercatore dell\u2019Universit\u00e0 inglese di Durham Paolo Forlin e puntano alla individuazione delle evidenze archeologiche complessive e di dettaglio dei siti delle necropoli di Pian del la Gnela (VII-V sec. a.C.) e di Staol di Curago (I-IV sec. d.C.) con l\u2019obiettivo di individuare gli insediamenti stabili di quelle popolazioni stanziate lungo le pendici del Monte Dolada a 1000 metri di altitudine.<em> \u201cL&#8217;amministrazione del Comune di Alpago ha dedicato grande attenzione all&#8217;opera di promozione delle risorse rinvenute nel sito di Pian de la Gnela gi\u00e0 lo scorso anno organizzando un importante convegno scientifico in occasione della presentazione del libro &#8220;Le Signore dell&#8217;Alpago&#8221; e un incontro dal taglio scientifico-divulgativo abbinato ad una mostra di pannelli fotografici rappresentanti i ritrovamenti archeologici\u201d<\/em>, sottolinea il vicesindaco del Comune di Alpago Vanessa De Francesch che aggiunge: <em>\u201cQuesti importantissimi siti potrebbero riservare in futuro ulteriori e positive sorprese ed \u00e8 per questo che si \u00e8 deciso di proseguire con il finanziamento di ulteriori indagini, anche in previsione dell&#8217;allestimento di alcune sale museali nella sede del municipio di Pieve che garantiranno al nostro comune un polo culturale di notevole importanza per promuovere anche nuove forme di turismo per la nostra conca\u201d.<\/em><\/p>\n<p>&nbsp;<\/p>\n<p>&nbsp;<\/p>\n<p>&nbsp;<\/p>\n<hr \/>\n<blockquote>\n<h3><\/h3>\n<h3>PRESENTAZIONE DEL PIANO TRIENNALE DELLE OPERE PUBBLICHE 2020-2022<\/h3>\n<\/blockquote>\n<p><strong>FELTRE<\/strong> Conferenza stampa domani alle 11 a Feltre presso la sala della giunta comunale per la Presentazione del Piano triennale delle Opere Pubbliche 2020-2022. Saranno presenti l\u2019Assessore ai Lavori Pubblici del Comune di Feltre Adis Zatta e la Dirigente del Settore Gestione del Territorio Enrica De Paulis.<\/p>\n<p>&nbsp;<\/p>\n<p>&nbsp;<\/p>\n<hr \/>\n<p>&nbsp;<\/p>\n<blockquote>\n<h3>IL CESTINO DI PIAZZA LIBERTA&#8217; FRONTE PALAZZO DE MANZONI NON E&#8217; L&#8217;ECOCENTRO<\/h3>\n<\/blockquote>\n<p><a class=\"dt-pswp-item\" href=\"https:\/\/www.radiopiu.net\/wordpress\/wp-content\/uploads\/2020\/10\/121612334_345578203392332_5572696336336125516_n1.jpg\" data-dt-img-description=\"\" data-large_image_width=\"720\" data-large_image_height=\"960\"><img loading=\"lazy\" decoding=\"async\" class=\"alignnone size-medium wp-image-166435\" src=\"https:\/\/www.radiopiu.net\/wordpress\/wp-content\/uploads\/2020\/10\/121612334_345578203392332_5572696336336125516_n1-225x300.jpg\" alt=\"\" width=\"225\" height=\"300\" srcset=\"https:\/\/www.radiopiu.net\/wordpress\/wp-content\/uploads\/2020\/10\/121612334_345578203392332_5572696336336125516_n1-225x300.jpg 225w, https:\/\/www.radiopiu.net\/wordpress\/wp-content\/uploads\/2020\/10\/121612334_345578203392332_5572696336336125516_n1.jpg 720w\" sizes=\"auto, (max-width: 225px) 100vw, 225px\" \/><\/a><a class=\"dt-pswp-item\" href=\"https:\/\/www.radiopiu.net\/wordpress\/wp-content\/uploads\/2020\/10\/121513927_1003306956851948_7489780946593417621_n1.jpg\" data-dt-img-description=\"\" data-large_image_width=\"720\" data-large_image_height=\"960\"><img loading=\"lazy\" decoding=\"async\" class=\"alignnone size-medium wp-image-166436\" src=\"https:\/\/www.radiopiu.net\/wordpress\/wp-content\/uploads\/2020\/10\/121513927_1003306956851948_7489780946593417621_n1-225x300.jpg\" alt=\"\" width=\"225\" height=\"300\" srcset=\"https:\/\/www.radiopiu.net\/wordpress\/wp-content\/uploads\/2020\/10\/121513927_1003306956851948_7489780946593417621_n1-225x300.jpg 225w, https:\/\/www.radiopiu.net\/wordpress\/wp-content\/uploads\/2020\/10\/121513927_1003306956851948_7489780946593417621_n1.jpg 720w\" sizes=\"auto, (max-width: 225px) 100vw, 225px\" \/><\/a><\/p>\n<p>&nbsp;<\/p>\n<p>&nbsp;<\/p>\n<hr \/>\n<blockquote>\n<h3><\/h3>\n<h3>PER LA PRIMA VOLTA A BELLUNO IL CORSO SUL \u201cDISABILITY MANAGEMENT\u201d<\/h3>\n<\/blockquote>\n<p><strong><a class=\"dt-pswp-item\" href=\"https:\/\/www.radiopiu.net\/wordpress\/wp-content\/uploads\/2015\/10\/Confindustria_BL.gif\" data-dt-img-description=\"\" data-large_image_width=\"793\" data-large_image_height=\"211\"><img loading=\"lazy\" decoding=\"async\" class=\"size-medium wp-image-12471 alignleft\" src=\"https:\/\/www.radiopiu.net\/wordpress\/wp-content\/uploads\/2015\/10\/Confindustria_BL-300x80.gif\" alt=\"\" width=\"300\" height=\"80\" \/><\/a>BELLUNO <\/strong>Formare figure specializzate in grado di aiutare l\u2019inserimento di persone fragili in azienda. \u00c8 questo l\u2019obiettivo del corso sul \u201cDisability Management\u201d, che arriva per la prima volta in provincia di Belluno nell\u2019ambito del \u201cProgetto per il Sociale\u201d promosso da Confindustria Belluno Dolomiti.\u00a0L\u2019appuntamento \u00e8 in programma luned\u00ec 19 ottobre dalle 14 alle 18 a palazzo Doglioni Dalmas ed \u00e8 totalmente gratuito grazie al sostegno della Sezione Industrie Chimiche.\u00a0\u201c<em>Vogliamo valorizzare le persone con fragilit\u00e0, dare loro le giuste opportunit\u00e0 di crescita all\u2019interno delle nostre aziende. \u00c8 una questione seria e va affrontata con le giuste competenze\u201d, afferma Flavio Mares, consigliere dell\u2019Associazione degli industriali con delega al sociale. \u201cL\u2019inclusione \u00e8 un valore aggiunto per il mondo dell\u2019impresa, soprattutto in un momento come questo che ci obbliga a cambiare rapidamente i nostri paradigmi mentali e gli stessi modelli organizzativi delle nostre realt\u00e0, fabbriche o servizi che siano<\/em>\u201d.\u00a0Tanti i temi che saranno affrontati nel corso del pomeriggio di luned\u00ec 19 da esperti formatori: si parler\u00e0 dell&#8217;importanza del linguaggio nella disabilit\u00e0 e dei pregiudizi ed errori cognitivi che ancora si fanno. Non mancheranno cenni alla metodologia di disability management e l\u2019analisi di alcuni casi di successo.\u00a0\u201c<em>L\u2019innovazione sociale aiuta le aziende a essere ancora pi\u00f9 vicine ai territori e alle comunit\u00e0, a essere competitive e crescere insieme\u201d, prosegue Mares. \u201cUn tema fondamentale nel Bellunese, dove il rapporto tra aziende e comunit\u00e0 \u00e8 sempre stato profondo<\/em>\u201d.\u00a0Da qui l\u2019invito a partecipare: \u201c\u00c8 un\u2019occasione unica per sviluppare competenze che potremmo definire \u201cumane\u201d. Sono certo che le imprese bellunesi dimostreranno ancora una volta sensibilit\u00e0 e attenzione\u201d, la conclusione di Mares.\u00a0Per informazioni contattare Vania Lira ai numeri 0437951224 e 348.8740940 o via email: a\u00a0<a href=\"http:\/\/vlira@confindustria.bl.it\/?trk=public_post_share-update_update-text\"><strong>vlira@confindustria.bl.it<\/strong><\/a>.<\/p>\n<p>&nbsp;<\/p>\n<hr \/>\n<p>&nbsp;<\/p>\n<blockquote>\n<h3>CONFARTIGIANATO: VENTATA DI NOVITA&#8217; NEL SEGNO DELLA CONTINUITA&#8217;<\/h3>\n<\/blockquote>\n<p><i>Scarzanella: \u00abIl momento \u00e8 complesso e proprio per questo l\u2019Associazione \u00e8 chiamata a un impegno doppio. Buon lavoro ai nuovi eletti\u00bb<\/i><\/p>\n<p><strong>BELLUNO <\/strong>Confartigianato Belluno si affida a nuovi capisquadra nel variegato mondo del settore alimentari Nelle ultime settimane infatti si sono tenute le elezioni interne dei nuovi presidenti di mestiere. Per gli Alimentari vari c\u2019\u00e8 il ritorno di Antonio De Fina, gi\u00e0 presidente dei ristoratori un paio di anni fa.\u00a0 Novit\u00e0 anche in casa dei Pastai: il nuovo presidente \u00e8 Andrea Menazza, socio della Menazza snc.\u00a0Infine, il nuovo presidente dei Ristoratori \u00e8 Carlo Facchin.<\/p>\n<blockquote><p><em>\u00abIn questo particolare momento storico, in cui regna l\u2019incertezza, dobbiamo assolutamente fare squadra &#8211; sostengono i tre nuovi presidenti\u00a0 &#8211; afferma la presidente di Confartigianato Belluno, Claudia Scarzanella &#8211;\u00a0Il lockdown imposto in primavera ha dato una mazzata senza eguali ai nostri settori, per cui lo spettro di una nuova chiusura va evitato. Per quanto riguarda le nuove restrizioni, in particolare per locali pubblici, bar e ristoranti, chiediamo maggiore flessibilit\u00e0: gestori ed esercenti sono chiamati a uno sforzo doveroso, ma il legislatore permetta alle attivit\u00e0 di lavorare, altrimenti dopo il virus dovremo curare l\u2019intero Paese per crisi e disoccupazione\u00bb.<\/em><\/p><\/blockquote>\n\n\t\t\t<style type='text\/css'>\n\t\t\t\t#gallery-6 {\n\t\t\t\t\tmargin: auto;\n\t\t\t\t}\n\t\t\t\t#gallery-6 .gallery-item {\n\t\t\t\t\tfloat: left;\n\t\t\t\t\tmargin-top: 10px;\n\t\t\t\t\ttext-align: center;\n\t\t\t\t\twidth: 33%;\n\t\t\t\t}\n\t\t\t\t#gallery-6 img {\n\t\t\t\t\tborder: 2px solid #cfcfcf;\n\t\t\t\t}\n\t\t\t\t#gallery-6 .gallery-caption {\n\t\t\t\t\tmargin-left: 0;\n\t\t\t\t}\n\t\t\t\t\/* see gallery_shortcode() in wp-includes\/media.php *\/\n\t\t\t<\/style>\n\t\t<div id='gallery-6' class='dt-gallery-container gallery galleryid-166210 gallery-columns-3 gallery-size-thumbnail'><dl class='gallery-item'>\n\t\t\t\t<dt class='gallery-icon landscape'>\n\t\t\t\t\t<a class=\"rollover\" href='https:\/\/www.radiopiu.net\/wordpress\/giornale-radiopiu-15-ottobre-2020-direttore-mirko-mezzacasa\/antonio-de-fina-alimentaristi-vari-con-presidente\/'><img loading=\"lazy\" decoding=\"async\" width=\"150\" height=\"150\" src=\"https:\/\/www.radiopiu.net\/wordpress\/wp-content\/uploads\/2020\/10\/Antonio-De-Fina-alimentaristi-vari-con-presidente-150x150.jpeg\" class=\"attachment-thumbnail size-thumbnail\" alt=\"\" aria-describedby=\"gallery-6-166373\" srcset=\"https:\/\/www.radiopiu.net\/wordpress\/wp-content\/uploads\/2020\/10\/Antonio-De-Fina-alimentaristi-vari-con-presidente-150x150.jpeg 150w, https:\/\/www.radiopiu.net\/wordpress\/wp-content\/uploads\/2020\/10\/Antonio-De-Fina-alimentaristi-vari-con-presidente-300x300.jpeg 300w, https:\/\/www.radiopiu.net\/wordpress\/wp-content\/uploads\/2020\/10\/Antonio-De-Fina-alimentaristi-vari-con-presidente-1024x1024.jpeg 1024w, https:\/\/www.radiopiu.net\/wordpress\/wp-content\/uploads\/2020\/10\/Antonio-De-Fina-alimentaristi-vari-con-presidente-768x768.jpeg 768w, https:\/\/www.radiopiu.net\/wordpress\/wp-content\/uploads\/2020\/10\/Antonio-De-Fina-alimentaristi-vari-con-presidente.jpeg 1080w\" sizes=\"auto, (max-width: 150px) 100vw, 150px\" \/><\/a>\n\t\t\t\t<\/dt>\n\t\t\t\t\t<dd class='wp-caption-text gallery-caption' id='gallery-6-166373'>\n\t\t\t\t\tAntonio De Fina (alimentaristi vari) con presidente\n\t\t\t\t\t<\/dd><\/dl><dl class='gallery-item'>\n\t\t\t\t<dt class='gallery-icon portrait'>\n\t\t\t\t\t<a class=\"rollover\" href='https:\/\/www.radiopiu.net\/wordpress\/giornale-radiopiu-15-ottobre-2020-direttore-mirko-mezzacasa\/andrea-menazza-pastai\/'><img loading=\"lazy\" decoding=\"async\" width=\"150\" height=\"150\" src=\"https:\/\/www.radiopiu.net\/wordpress\/wp-content\/uploads\/2020\/10\/Andrea-Menazza-pastai-150x150.jpeg\" class=\"attachment-thumbnail size-thumbnail\" alt=\"\" aria-describedby=\"gallery-6-166374\" \/><\/a>\n\t\t\t\t<\/dt>\n\t\t\t\t\t<dd class='wp-caption-text gallery-caption' id='gallery-6-166374'>\n\t\t\t\t\tAndrea Menazza (pastai)\n\t\t\t\t\t<\/dd><\/dl><dl class='gallery-item'>\n\t\t\t\t<dt class='gallery-icon portrait'>\n\t\t\t\t\t<a class=\"rollover\" href='https:\/\/www.radiopiu.net\/wordpress\/giornale-radiopiu-15-ottobre-2020-direttore-mirko-mezzacasa\/carlo-facchin-ristoratori\/'><img loading=\"lazy\" decoding=\"async\" width=\"150\" height=\"150\" src=\"https:\/\/www.radiopiu.net\/wordpress\/wp-content\/uploads\/2020\/10\/Carlo-Facchin-ristoratori-150x150.jpeg\" class=\"attachment-thumbnail size-thumbnail\" alt=\"\" aria-describedby=\"gallery-6-166375\" \/><\/a>\n\t\t\t\t<\/dt>\n\t\t\t\t\t<dd class='wp-caption-text gallery-caption' id='gallery-6-166375'>\n\t\t\t\t\tCarlo Facchin (ristoratori)\n\t\t\t\t\t<\/dd><\/dl><br style=\"clear: both\" \/>\n\t\t\t<\/div>\n\n<p>A margine dell\u2019elezione, la presidente ha voluto consegnare alla signora Sabrina Zambelli Garbuio un riconoscimento per il grande lavoro di Roberto Garbuio in Associazione.<\/p>\n<p>&nbsp;<\/p>\n<p>&nbsp;<\/p>\n<hr \/>\n<p>&nbsp;<\/p>\n<blockquote>\n<h3>UNA NUOVA LEGGE PER IL SOCCORSO ALPINO E SPELELOGICO<\/h3>\n<\/blockquote>\n<p><strong><a class=\"dt-pswp-item\" href=\"https:\/\/www.radiopiu.net\/wordpress\/wp-content\/uploads\/2017\/01\/cnsas-01_resized_1.jpg\" data-dt-img-description=\"\" data-large_image_width=\"1200\" data-large_image_height=\"815\"><img loading=\"lazy\" decoding=\"async\" class=\" wp-image-27787 alignleft\" src=\"https:\/\/www.radiopiu.net\/wordpress\/wp-content\/uploads\/2017\/01\/cnsas-01_resized_1-300x204.jpg\" alt=\"\" width=\"212\" height=\"144\" \/><\/a>BELLUNO<\/strong> Il Parlamento ha approvato una riforma sostanziale della legge sulle competenze del Soccorso Alpino e Speleologico: un passo importante per il pieno riconoscimento dell&#8217;organizzazione e delle sue peculiarit\u00e0. Prossimamente, la prossima settimana,\u00a0 in sala Bianchi di via Fantuzzi,\u00a0 si terr\u00e0 una conferenza per la stampa alla presenza:\u00a0 del Ministro per i rapporti con il Parlamento\u00a0 Federico D&#8217;Inc\u00e0, di Maurizio Dell&#8217;Antonio Presidente Nazionale Soccorso Alpino e Speleologico e gli esponenti della Direzione Nazionale e Regionale Cnsas.\u00a0 Durante la conferenza stampa saranno presentati alcuni dati sull&#8217;operato del Soccorso Alpino e Speleologico durante quest&#8217;estate &#8220;record&#8221; e diramate alcune considerazioni sull&#8217;imminente stagione invernale.<\/p>\n<p>&nbsp;<\/p>\n<p>&nbsp;<\/p>\n<hr \/>\n<blockquote>\n<h3><\/h3>\n<h3>DOLOMITI EMERGENCY ONLUS, GIOVED\u00cc 29 OTTOBRE ASSEMBLEA DEI SOCI<\/h3>\n<\/blockquote>\n<p><strong><a class=\"dt-pswp-item\" href=\"https:\/\/www.radiopiu.net\/wordpress\/wp-content\/uploads\/2016\/05\/dolomiti-emergency1.jpg\" data-dt-img-description=\"\" data-large_image_width=\"611\" data-large_image_height=\"297\"><img loading=\"lazy\" decoding=\"async\" class=\"size-medium wp-image-19271 alignleft\" src=\"https:\/\/www.radiopiu.net\/wordpress\/wp-content\/uploads\/2016\/05\/dolomiti-emergency1-300x146.jpg\" alt=\"\" width=\"300\" height=\"146\" \/><\/a>BELLUNO\u00a0<\/strong>\u00c8 convocata per gioved\u00ec 29 ottobre l\u2019assemblea ordinaria dei soci di Dolomiti Emergency Onlus, l\u2019associazione di volontariato che ha come scopo quello di sostenere e migliorare il modello di soccorso e intervento di emergenza in montagna. Appuntamento alle 18.30 nella sala Teatro del Centro Giovanni XXIII di Belluno (alle 12 in prima convocazione presso la sede amministrativa di Dolomiti Emergency).\u00a0All\u2019ordine del giorno ci sono l\u2019approvazione del verbale dell&#8217;assemblea precedente; la relazione della presidente Laura Menegus; gli interventi del dottor Giovanni Cipolotti, ex direttore della Scuola di formazione \u201cFalco\u201d, e del dottor Mauro Fantinel, direttore della Scuola di formazione di rianimazione cardiopolmonare. Durante l\u2019assemblea prender\u00e0 la parola anche il nuovo primario del Suem 118, il dottor Giulio Trill\u00f2, e sar\u00e0 nominato il nuovo direttore della Scuola di formazione \u201cFalco\u201d.\u00a0Si proceder\u00e0 poi con l\u2019approvazione del bilancio consuntivo 2019 e del previsionale 2020, oltre che con la nomina di un nuovo componente del Consiglio direttivo e di un membro del Collegio dei revisori.<\/p>\n<p>&nbsp;<\/p>\n<p>&nbsp;<\/p>\n<hr \/>\n<p>&nbsp;<\/p>\n<blockquote>\n<h3>L&#8217;ALTRA NOTTE -14,7 IN MARMOLADA. TEMPERATURE SOTTO ZERO IN QUOTA<\/h3>\n<\/blockquote>\n<p dir=\"ltr\"><strong><a class=\"dt-pswp-item\" href=\"https:\/\/www.radiopiu.net\/wordpress\/wp-content\/uploads\/2020\/10\/gelo-brina.jpg\" data-dt-img-description=\"\" data-large_image_width=\"1920\" data-large_image_height=\"1440\"><img loading=\"lazy\" decoding=\"async\" class=\" wp-image-166259 alignleft\" src=\"https:\/\/www.radiopiu.net\/wordpress\/wp-content\/uploads\/2020\/10\/gelo-brina-300x225.jpg\" alt=\"\" width=\"233\" height=\"175\" srcset=\"https:\/\/www.radiopiu.net\/wordpress\/wp-content\/uploads\/2020\/10\/gelo-brina-300x225.jpg 300w, https:\/\/www.radiopiu.net\/wordpress\/wp-content\/uploads\/2020\/10\/gelo-brina-1024x768.jpg 1024w, https:\/\/www.radiopiu.net\/wordpress\/wp-content\/uploads\/2020\/10\/gelo-brina-768x576.jpg 768w, https:\/\/www.radiopiu.net\/wordpress\/wp-content\/uploads\/2020\/10\/gelo-brina-1536x1152.jpg 1536w, https:\/\/www.radiopiu.net\/wordpress\/wp-content\/uploads\/2020\/10\/gelo-brina.jpg 1920w\" sizes=\"auto, (max-width: 233px) 100vw, 233px\" \/><\/a>Temperature minime della scorsa notte nelle localit\u00e0\u00a0normalmente pi\u00f9 fredde del Veneto<\/strong><\/p>\n<div>\n<p>Pian Cansiglio (BL-1028 m)\u00a0\u00a0<strong>-6.2\u00b0C,\u00a0<\/strong>Val Visdende (BL-1240 m)\u00a0<strong>-5.5\u00b0C,\u00a0<\/strong>Passo Cimabanche (BL-1530 m)\u00a0<strong>n.p.,\u00a0<\/strong>Passo Pordoi (BL-2155 m)\u00a0<strong>-6.1\u00b0C,\u00a0<\/strong>Marmolada (BL-3256 m)\u00a0<b>-14.7,\u00a0<\/b>Piana di Marcesina (VI-1310 m)\u00a0<strong>-7.5\u00b0C,\u00a0<\/strong>Dolina Campoluzzo (VI-1768 m)\u00a0-18.9\u00b0C\u00a0Questo dato va considerato come semplice curiosit\u00e0 (registrato sul fondo di una conca, in una sperduta zona di montagna, non rappresentativo dell&#8217;area circostante)<\/p>\n<p>&nbsp;<\/p>\n<\/div>\n<p>&nbsp;<\/p>\n<p>&nbsp;<\/p>\n<div>\n<hr \/>\n<p>&nbsp;<\/p>\n<\/div>\n<div>\n<div>\n<div>\n<div>\n<div>\n<div>\n<div>\n<div>\n<div>\n<div>\n<div>\n<div>\n<div>\n<div>\n<div>\n<div>\n<div>\n<div>\n<div>\n<div>\n<div>\n<div>\n<div>\n<div>\n<div>\n<div>\n<div>\n<blockquote>\n<h3>LA ULSS1 DOLOMITI CERCA INFERMIERI IN LIBERA PROFESSIONE<\/h3>\n<\/blockquote>\n<\/div>\n<\/div>\n<\/div>\n<\/div>\n<\/div>\n<\/div>\n<\/div>\n<\/div>\n<\/div>\n<\/div>\n<\/div>\n<\/div>\n<\/div>\n<\/div>\n<\/div>\n<\/div>\n<\/div>\n<\/div>\n<\/div>\n<\/div>\n<\/div>\n<\/div>\n<\/div>\n<\/div>\n<\/div>\n<\/div>\n<\/div>\n<p><strong>BELLUNO <\/strong>Nell\u2019ambito delle azioni per fronteggiare l\u2019emergenza COVID, l\u2019Ulss Dolomiti ricorda che \u00e8 aperto un bando per la formazione di elenchi di infermieri disponibili ad assumere incarichi di natura libero professionale. I requisiti richiesti sono la laurea infermieristica e l\u2019iscrizione all\u2019abo. Per gli infermieri in pensione, grazie alla collaborazione con l\u2019Ordine, \u00e8 prevista una procedura semplificata per l\u2019iscrizione all\u2019albo. Per qualsiasi informazione \u00e8 possibile contattare la Segreteria amministrativa al numero 0437 30466 o mandare una mail a segreteria@opibelluno.it<\/p>\n<p>&nbsp;<\/p>\n<p>&nbsp;<\/p>\n<hr \/>\n<p>&nbsp;<\/p>\n<blockquote>\n<h3>OGGI\u00a0 ALLE 17 IN SALA TEAZ SI CONOSCERA&#8217; IL FUTURO DEI SERRAI DI SOTTOGUDA IN DIRETTA FACEBOOK E ALLA RADIO<\/h3>\n<\/blockquote>\n<blockquote>\n<h3><\/h3>\n<\/blockquote>\n<p><strong><a class=\"dt-pswp-item\" href=\"https:\/\/www.radiopiu.net\/wordpress\/wp-content\/uploads\/2020\/07\/1091-2020-LavoriSerrai2020_3.jpg\" data-dt-img-description=\"\" data-large_image_width=\"1024\" data-large_image_height=\"768\"><img loading=\"lazy\" decoding=\"async\" class=\" wp-image-152016 alignleft\" src=\"https:\/\/www.radiopiu.net\/wordpress\/wp-content\/uploads\/2020\/07\/1091-2020-LavoriSerrai2020_3-300x225.jpg\" alt=\"\" width=\"185\" height=\"139\" srcset=\"https:\/\/www.radiopiu.net\/wordpress\/wp-content\/uploads\/2020\/07\/1091-2020-LavoriSerrai2020_3-300x225.jpg 300w, https:\/\/www.radiopiu.net\/wordpress\/wp-content\/uploads\/2020\/07\/1091-2020-LavoriSerrai2020_3-768x576.jpg 768w, https:\/\/www.radiopiu.net\/wordpress\/wp-content\/uploads\/2020\/07\/1091-2020-LavoriSerrai2020_3.jpg 1024w\" sizes=\"auto, (max-width: 185px) 100vw, 185px\" \/><\/a>ROCCA PIETORE<\/strong> Sar\u00e0 presentato alla popolazione il progetto per la rinascita dei Serrai di Sottoguda. OGGI\u00a0 ALLE 17 in diretta radio e facebook.<\/p>\n<p><strong>IL SINDACO ANDREA DE BERNARDIN\u00a0<\/strong><\/p>\n<audio class=\"wp-audio-shortcode\" id=\"audio-166210-6\" preload=\"none\" style=\"width: 100%;\" controls=\"controls\"><source type=\"audio\/mpeg\" src=\"https:\/\/www.radiopiu.net\/wordpress\/wp-content\/uploads\/2020\/10\/ANDREA-15.mp3?_=6\" \/><a href=\"https:\/\/www.radiopiu.net\/wordpress\/wp-content\/uploads\/2020\/10\/ANDREA-15.mp3\">https:\/\/www.radiopiu.net\/wordpress\/wp-content\/uploads\/2020\/10\/ANDREA-15.mp3<\/a><\/audio>\n<p>&nbsp;<\/p>\n<hr \/>\n<blockquote>\n<h3><\/h3>\n<h3>OGGI\u00a0 APERITIVO PER I FUTURI EYEWEAR PRODUCT MANAGER<\/h3>\n<\/blockquote>\n<p><a class=\"dt-pswp-item\" href=\"https:\/\/www.radiopiu.net\/wordpress\/wp-content\/uploads\/2020\/10\/aperitivo-15-ott-3-scaled.jpg\" data-dt-img-description=\"\" data-large_image_width=\"1810\" data-large_image_height=\"2560\"><img loading=\"lazy\" decoding=\"async\" class=\" wp-image-165198 alignleft\" src=\"https:\/\/www.radiopiu.net\/wordpress\/wp-content\/uploads\/2020\/10\/aperitivo-15-ott-3-212x300.jpg\" alt=\"\" width=\"161\" height=\"228\" srcset=\"https:\/\/www.radiopiu.net\/wordpress\/wp-content\/uploads\/2020\/10\/aperitivo-15-ott-3-212x300.jpg 212w, https:\/\/www.radiopiu.net\/wordpress\/wp-content\/uploads\/2020\/10\/aperitivo-15-ott-3-724x1024.jpg 724w, https:\/\/www.radiopiu.net\/wordpress\/wp-content\/uploads\/2020\/10\/aperitivo-15-ott-3-768x1086.jpg 768w, https:\/\/www.radiopiu.net\/wordpress\/wp-content\/uploads\/2020\/10\/aperitivo-15-ott-3-1086x1536.jpg 1086w, https:\/\/www.radiopiu.net\/wordpress\/wp-content\/uploads\/2020\/10\/aperitivo-15-ott-3-1448x2048.jpg 1448w, https:\/\/www.radiopiu.net\/wordpress\/wp-content\/uploads\/2020\/10\/aperitivo-15-ott-3-scaled.jpg 1810w\" sizes=\"auto, (max-width: 161px) 100vw, 161px\" \/><\/a><strong>LONGARONE<\/strong> Professionisti all\u2019opera per toccare con mano le opportunit\u00e0 della 7\u00b0 edizione del corso \u00a0ITS ACADEMY PER EYEWEAR PRODUCT MANAGER: oggi\u00a0 dalle 17 un evento con i laboratori esperienziali tenuti dagli stessi docenti del corso. Dagli sketch a mano libera, alla progettazione 3D fino alle frese del nuovo laboratorio prototipazione: tutti i diplomati ancora incerti sono invitati a cimentarsi con le fasi di realizzazione dell\u2019occhiale. La seconda fase di selezione per il corso \u00e8\u00a0 fissata al 22 ottobre, ultima opportunit\u00e0 agli indecisi. Il corso \u00e8 un\u2019alternativa all\u2019Universit\u00e0 che in 2 anni permette di affrontare un percorso altamente specialistico in cui vengono condensate 1200 ore di lezione e\u00a0 800 ore di tirocinio. Per accedere al test baster\u00e0 compilare la domanda di partecipazione nell&#8217;home page del sito www.itscosmo.it. Per ogni ulteriore informazione, Area Formazione di Certottica allo 0437 573157, oppure via mail a formazione@certottica.it.<\/p>\n<p>&nbsp;<\/p>\n<p>&nbsp;<\/p>\n<hr \/>\n<p>&nbsp;<\/p>\n<blockquote>\n<h3>ITS MECCATRONICO, NUOVO ROUND DI SELEZIONI IL 22 OTTOBRE<\/h3>\n<\/blockquote>\n<p><strong>BELLUNO<\/strong> Una borsa di studio per ogni studente dell\u2019ITS Meccatronico: \u00e8 questo l\u2019impegno del Gruppo Giovani di Confindustria Belluno Dolomiti a pochi giorni dalle nuove selezioni in programma il 22 ottobre a Belluno. Le iscrizioni per il corso \u201cTecnico superiore per l\u2019automazione e i sistemi meccatronici\u201d sono ancora aperte e la Fondazione ITS-Academy Meccatronico del Veneto sta raccogliendo adesioni da tutto il territorio non solo bellunese. L\u2019ITS meccatronico (ITS sta per Istituto Tecnico Superiore) \u00e8 un corso post-maturit\u00e0, biennale, che prevede duemila ore di formazione &#8211; di queste 1200 in aula, 800 in azienda &#8211; e rivolto a tutte le persone con diploma di scuola secondaria di secondo grado, studenti, inoccupati, disoccupati. Per tutte le informazioni sulle selezioni del 22 ottobre a Belluno e le preiscrizioni contattare www.itsmeccatr<\/p>\n<p>&nbsp;<\/p>\n<p>&nbsp;<\/p>\n<hr \/>\n<p>&nbsp;<\/p>\n<blockquote>\n<h3>TORNANO LE GIORNATE FAI D\u2019AUTUNNO. CONFERENZE E VISITE ALLA SCOPERTA DI PALAZZO ROSSO E PALAZZO PILONI CON I VOLONTARI FAI<\/h3>\n<\/blockquote>\n<p><strong><a class=\"dt-pswp-item\" href=\"https:\/\/www.radiopiu.net\/wordpress\/wp-content\/uploads\/2019\/02\/palazzo_piloni_belluno.jpg\" data-dt-img-description=\"\" data-large_image_width=\"1000\" data-large_image_height=\"667\"><img loading=\"lazy\" decoding=\"async\" class=\"size-medium wp-image-77618 alignleft\" src=\"https:\/\/www.radiopiu.net\/wordpress\/wp-content\/uploads\/2019\/02\/palazzo_piloni_belluno-300x200.jpg\" alt=\"\" width=\"300\" height=\"200\" srcset=\"https:\/\/www.radiopiu.net\/wordpress\/wp-content\/uploads\/2019\/02\/palazzo_piloni_belluno-300x200.jpg 300w, https:\/\/www.radiopiu.net\/wordpress\/wp-content\/uploads\/2019\/02\/palazzo_piloni_belluno-768x512.jpg 768w, https:\/\/www.radiopiu.net\/wordpress\/wp-content\/uploads\/2019\/02\/palazzo_piloni_belluno.jpg 1000w\" sizes=\"auto, (max-width: 300px) 100vw, 300px\" \/><\/a>BELLUNO <\/strong>Dopo il successo delle Giornate all\u2019aperto dello scorso giugno, torna il tradizionale appuntamento delle Giornate d\u2019Autunno che il Fondo Ambiente Italiano organizza per promuovere la valorizzazione, la tutela e il recupero del ricco patrimonio d\u2019arte e natura del nostro territorio nazionale. Il Fai propone un evento su prenotazione consigliata\u00a0per la prima volta in due weekend e non in uno (il 17-18 e il 24-25 ottobre), per fare in modo che quanta pi\u00f9 gente possa godere della bellezza e dell\u2019offerta culturale. \u00c8 fortemente consigliato prenotare la visita sul sito <a href=\"https:\/\/www.giornatefai.it\/\">www.giornatefai.i<\/a><\/p>\n<p>&nbsp;<\/p>\n<p>&nbsp;<\/p>\n<p>&nbsp;<\/p>\n<hr \/>\n<p>&nbsp;<\/p>\n<p>&nbsp;<\/p>\n<p>&nbsp;<\/p>\n<blockquote>\n<h3>NUOVI CORSI PER OPERATORE SOCIO SANITARIO: PRESELEZIONE SPOSTATA AL 22 OTTOBRE<\/h3>\n<\/blockquote>\n<p><strong>BELLUNO <\/strong>C\u2019\u00e8 ancora qualche giorno di tempo per iscriversi ai nuovi percorsi Oss 2020-2021. La preselezione, infatti, \u00e8 stata spostata in avanti, al 22 ottobre.\u00a0Sono sette i corsi in programma, per 210 posti a disposizione. Un numero funzionale a coprire il fabbisogno di queste figure professionali per l\u2019immediato futuro, dato che secondo le stime della Regione Veneto da qui ai prossimi due anni ne serviranno 350 nella sola provincia di Belluno.\u00a0Sono previsti tre cicli. A copertura dei costi di organizzazione, intervengono Provincia (con un finanziamento di 35mila euro) e Consorzio Bim. A sostegno invece dei corsisti ci sar\u00e0 l\u2019intervento del Rotary Club Belluno.\u00a0Per partecipare ai corsi \u00e8 necessario avere assolto al diritto dovere all\u2019istruzione e formazione professionale ai sensi della normativa vigente, oppure il compimento del 18\u00b0 anno di et\u00e0 alla data di iscrizione e il titolo di licenza media. Possono partecipare ai percorsi formativi anche i cittadini stranieri, ma devono possedere il certificato di competenza linguistica rilasciato da enti certificatori, almeno di livello B1. I corsi sono accessibili sia alle persone disoccupate che agli occupati.\u00a0Informazioni dettagliate all\u2019indirizzo mail ambito.belluno@venetolavoro.it.<\/p>\n<p>&nbsp;<\/p>\n<p>&nbsp;<\/p>\n<hr \/>\n<p>&nbsp;<\/p>\n<blockquote>\n<h3>IN PROGRAMMA L\u2019ASSEMBLEA ORDINARIA DELL\u2019ASSOCIAZIONE PETTIROSSO AGORDINO<\/h3>\n<\/blockquote>\n<p><strong class=\"photoswipe-wrapper\"><a class=\"dt-pswp-item pspw-wrap-ready\" href=\"https:\/\/i2.wp.com\/www.radiopiu.net\/wordpress\/wp-content\/uploads\/2016\/03\/cucc-pettirosso-15.jpg?ssl=1\" data-dt-img-description=\"\" data-large_image_width=\"400\" data-large_image_height=\"200\"><img loading=\"lazy\" decoding=\"async\" class=\" wp-image-17194 alignleft\" src=\"https:\/\/i2.wp.com\/www.radiopiu.net\/wordpress\/wp-content\/uploads\/2016\/03\/cucc-pettirosso-15.jpg?resize=234%2C117&amp;ssl=1\" sizes=\"auto, (max-width: 234px) 100vw, 234px\" srcset=\"https:\/\/i2.wp.com\/www.radiopiu.net\/wordpress\/wp-content\/uploads\/2016\/03\/cucc-pettirosso-15.jpg?resize=300%2C150&amp;ssl=1 300w, https:\/\/i2.wp.com\/www.radiopiu.net\/wordpress\/wp-content\/uploads\/2016\/03\/cucc-pettirosso-15.jpg?w=400&amp;ssl=1 400w\" alt=\"\" width=\"234\" height=\"117\" data-recalc-dims=\"1\" \/><\/a>AGORDO<\/strong> \u00c8 in programma per marted\u00ec 20 ottobre l\u2019assemblea ordinaria dell\u2019Associazione Pettirosso Agordino presso la sala Don Tamis dell\u2019Unione Montana ad Agordo. 5 punti all\u2019ordine del giorno. La ratifica del consiglio direttivo di ammissione nuovi soci, relazione esercizio sociale dell\u2019anno 2019, presentazione e approvazione del bilancio 2019, presentazione e approvazione del bilancio preventivo 2020, varie ed eventuali.<\/p>\n<blockquote>\n<h3>PRENDERSI CURA QUANDO NON SI PUO&#8217; GUARIRE<\/h3>\n<\/blockquote>\n<p><span style=\"color: #ff0000;\">V CORSO DI FORMAZIONE PER VOLONTARI PETTIROSSO AGORDINO<\/span><\/p>\n<p><strong>AGORDO<\/strong> E&#8217; iniziato ad agordo giovedi\u00a0 1 ottobre il quinto corso organizzato dall&#8217;associazione Pettirosso Agordino,\u00a0 che si \u00a0occupa dello studio, della promozione, l&#8217;organizzazione e l&#8217;attuazione di forme di\u00a0 assistenza ai malati terminali, alle persone affette da demenza e ai loro familiari, nella consapevolezza che le malattie evolutive ed irreversibili incidono sugli aspetti emotivi, cognitivi e relazionali della persona, ma inevitabilmente si riflettono anche sui familiari e sul contesto di appartenenza del malato. Il terzo appuntamento <strong>oggi\u00a0 alle 20.30 in Sala Don Tamis<\/strong>: Servizi e rete per la demenza nell&#8217;Agordino Relatori: &#8211; D.ssa Sara Luppini, psicologa ASCA; &#8211; Alessia Pinali, A.S. ASCA. Le altre serate sono in programma ogni giovedi fino al 19 novembre, gli incontri sono aperti a tutti ed a titolo gratuito. Per chi vuole diventare volontario, la frequenza richiesta \u00e8 di minimo 6 incontri. Dopo il percorso formativo potr\u00e0 essere concordato un periodo di tirocinio in struttura RSA, Hospice e a domicilio.<\/p>\n<p>&nbsp;<\/p>\n<hr \/>\n<p>&nbsp;<\/p>\n<blockquote>\n<h3>L&#8217;ARTE DI DUNIO IN PIAZZETTA TANCON<\/h3>\n<\/blockquote>\n<p align=\"JUSTIFY\"><span style=\"font-size: large;\"><a class=\"dt-pswp-item\" href=\"https:\/\/www.radiopiu.net\/wordpress\/wp-content\/uploads\/2020\/10\/aeaeee7d-2bda-437d-814f-1a59993adc50.jpg\" data-dt-img-description=\"\" data-large_image_width=\"1510\" data-large_image_height=\"2048\"><img loading=\"lazy\" decoding=\"async\" class=\" wp-image-166410 alignleft\" src=\"https:\/\/www.radiopiu.net\/wordpress\/wp-content\/uploads\/2020\/10\/aeaeee7d-2bda-437d-814f-1a59993adc50-221x300.jpg\" alt=\"\" width=\"179\" height=\"243\" srcset=\"https:\/\/www.radiopiu.net\/wordpress\/wp-content\/uploads\/2020\/10\/aeaeee7d-2bda-437d-814f-1a59993adc50-221x300.jpg 221w, https:\/\/www.radiopiu.net\/wordpress\/wp-content\/uploads\/2020\/10\/aeaeee7d-2bda-437d-814f-1a59993adc50-755x1024.jpg 755w, https:\/\/www.radiopiu.net\/wordpress\/wp-content\/uploads\/2020\/10\/aeaeee7d-2bda-437d-814f-1a59993adc50-768x1042.jpg 768w, https:\/\/www.radiopiu.net\/wordpress\/wp-content\/uploads\/2020\/10\/aeaeee7d-2bda-437d-814f-1a59993adc50-1133x1536.jpg 1133w, https:\/\/www.radiopiu.net\/wordpress\/wp-content\/uploads\/2020\/10\/aeaeee7d-2bda-437d-814f-1a59993adc50.jpg 1510w\" sizes=\"auto, (max-width: 179px) 100vw, 179px\" \/><\/a><strong>CANALE D&#8217;AGORDO<\/strong> Un nuovo dipinto murale di 3,5<\/span><span style=\"color: #000000;\"><span style=\"font-size: large;\"> m\u00b2 <\/span><\/span><span style=\"font-size: large;\">si affaccia alla caratteristica piazzetta di Tancon di Canale d\u2019Agordo (Belluno), e l\u2019autore \u00e8 Dunio Piccolin. <\/span><span style=\"font-size: large;\">Un onore, come sostenuto da Dunio, \u00e8 stato quello poter dipingere nella piazzetta dove sono presenti gli antichi affreschi seicenteschi della Casa delle Regole e quelli del ciclo pittorico del Maestro Giuliano De Rocco sulla sua abitazione. <\/span><span style=\"font-size: large;\">Un\u2019 intenzione quella delle famiglie Baggio, Berno e Lolato, proprietarie dello stabile, di impreziosire la loro abitazione in uno <a class=\"dt-pswp-item\" href=\"https:\/\/www.radiopiu.net\/wordpress\/wp-content\/uploads\/2020\/10\/082e6256-491c-4deb-bff2-8833f55e09e3.jpg\" data-dt-img-description=\"\" data-large_image_width=\"1420\" data-large_image_height=\"1949\"><img loading=\"lazy\" decoding=\"async\" class=\"size-medium wp-image-166411 alignright\" src=\"https:\/\/www.radiopiu.net\/wordpress\/wp-content\/uploads\/2020\/10\/082e6256-491c-4deb-bff2-8833f55e09e3-219x300.jpg\" alt=\"\" width=\"219\" height=\"300\" srcset=\"https:\/\/www.radiopiu.net\/wordpress\/wp-content\/uploads\/2020\/10\/082e6256-491c-4deb-bff2-8833f55e09e3-219x300.jpg 219w, https:\/\/www.radiopiu.net\/wordpress\/wp-content\/uploads\/2020\/10\/082e6256-491c-4deb-bff2-8833f55e09e3-746x1024.jpg 746w, https:\/\/www.radiopiu.net\/wordpress\/wp-content\/uploads\/2020\/10\/082e6256-491c-4deb-bff2-8833f55e09e3-768x1054.jpg 768w, https:\/\/www.radiopiu.net\/wordpress\/wp-content\/uploads\/2020\/10\/082e6256-491c-4deb-bff2-8833f55e09e3-1119x1536.jpg 1119w, https:\/\/www.radiopiu.net\/wordpress\/wp-content\/uploads\/2020\/10\/082e6256-491c-4deb-bff2-8833f55e09e3.jpg 1420w\" sizes=\"auto, (max-width: 219px) 100vw, 219px\" \/><\/a>spazio ormai grigio dalla totale sparizione dell\u2019affresco precedente, e anche con il desiderio di abbellire ancor pi\u00f9 la piazzetta della Casa delle Regole, uno dei luoghi simbolo della Valle Biois. <\/span><span style=\"font-size: large;\">Un dipinto dai colori leggermente vivaci, quello creato da Dunio, il \u201cpittore di muri\u201d, che volge lo sguardo ad immagini del passato della comunit\u00e0 canalina: un duo con una mamma e un piccolo pastore al ritorno o alla partenza per i monti, a ricordo dell\u2019 \u201cumile\u201d, ma genuino, passato di questi luoghi; una fanciulla che ambisce a diventare la \u201cZinghenesta\u201d, che nel frattempo indossa qualche nastro colorato ai polsi, al collo e i classici calzini rossi e bianchi della \u201czingara\u201d, e nel frattempo ha gi\u00e0 preparato accanto a s\u00e9 il tradizionale cappello scuro e riccamente infiorato, che indosser\u00e0, si spera, quando sar\u00e0 il <a class=\"dt-pswp-item\" href=\"https:\/\/www.radiopiu.net\/wordpress\/wp-content\/uploads\/2020\/10\/2ef63e44-f36c-48f7-a52e-5bea8ec14004.jpg\" data-dt-img-description=\"\" data-large_image_width=\"1503\" data-large_image_height=\"2048\"><img loading=\"lazy\" decoding=\"async\" class=\"size-medium wp-image-166412 alignleft\" src=\"https:\/\/www.radiopiu.net\/wordpress\/wp-content\/uploads\/2020\/10\/2ef63e44-f36c-48f7-a52e-5bea8ec14004-220x300.jpg\" alt=\"\" width=\"220\" height=\"300\" srcset=\"https:\/\/www.radiopiu.net\/wordpress\/wp-content\/uploads\/2020\/10\/2ef63e44-f36c-48f7-a52e-5bea8ec14004-220x300.jpg 220w, https:\/\/www.radiopiu.net\/wordpress\/wp-content\/uploads\/2020\/10\/2ef63e44-f36c-48f7-a52e-5bea8ec14004-752x1024.jpg 752w, https:\/\/www.radiopiu.net\/wordpress\/wp-content\/uploads\/2020\/10\/2ef63e44-f36c-48f7-a52e-5bea8ec14004-768x1046.jpg 768w, https:\/\/www.radiopiu.net\/wordpress\/wp-content\/uploads\/2020\/10\/2ef63e44-f36c-48f7-a52e-5bea8ec14004-1127x1536.jpg 1127w, https:\/\/www.radiopiu.net\/wordpress\/wp-content\/uploads\/2020\/10\/2ef63e44-f36c-48f7-a52e-5bea8ec14004.jpg 1503w\" sizes=\"auto, (max-width: 220px) 100vw, 220px\" \/><\/a>momento giusto. <\/span><span style=\"font-size: large;\">Accanto alla bimba un cesto contenente alcuni simboli di Canale, dalla lanterna, in ricordo del passato minerario della comunit\u00e0 a uno stilizzato copricapo papale, la Tiara, a prefigurare il \u201cpaese del papa\u201d. <\/span><span style=\"font-size: large;\">Segue un personaggio della fantasia, in omaggio a uno di quelli presente in alcuni disegni di Giuliano De Rocco; dietro lui, a chiudere il dipinto, delle foglie svolazzanti tendenti a sfumare l\u2019irregolare contorno del fondo del dipinto antico preesistente.<\/span><\/p>\n<blockquote>\n<p align=\"JUSTIFY\"><em><span style=\"font-size: large;\">Ed \u00e8 cos\u00ec, in questo affresco, e in altri dipinti creati in questi ultimi anni, che la \u201cValle coi Santi alle Finestre\u201d ha una certa rinascita culturale, con sembianze diverse da quelle della raffigurazione dei Santi, ma che ribadisce ancora una volta la sensibilit\u00e0 degli abitanti della Valle del Biois verso la decorazione murale e soprattutto per la cura dei propri luoghi.<\/span><\/em><\/p>\n<\/blockquote>\n<p>&nbsp;<\/p>\n<p>&nbsp;<\/p>\n<hr \/>\n<p>&nbsp;<\/p>\n<p>&nbsp;<\/p>\n<p>&nbsp;<\/p>\n<blockquote class=\"wp-embedded-content\" data-secret=\"F2WoOvmYsA\"><p><a href=\"https:\/\/www.radiopiu.net\/wordpress\/imprenditore-muratore-falegname-e-artista-le-tante-facce-di-claudio\/\">IMPRENDITORE, MURATORE, FALEGNAME E ARTISTA. LE TANTE FACCE DI CLAUDIO<\/a><\/p><\/blockquote>\n<p><iframe loading=\"lazy\" class=\"wp-embedded-content\" sandbox=\"allow-scripts\" security=\"restricted\" style=\"position: absolute; clip: rect(1px, 1px, 1px, 1px);\" title=\"&#8220;IMPRENDITORE, MURATORE, FALEGNAME E ARTISTA. LE TANTE FACCE DI CLAUDIO&#8221; &#8212; Radio Pi\u00f9\" src=\"https:\/\/www.radiopiu.net\/wordpress\/imprenditore-muratore-falegname-e-artista-le-tante-facce-di-claudio\/embed\/#?secret=F2WoOvmYsA\" data-secret=\"F2WoOvmYsA\" width=\"600\" height=\"338\" frameborder=\"0\" marginwidth=\"0\" marginheight=\"0\" scrolling=\"no\"><\/iframe><\/p>\n<p>&nbsp;<\/p>\n<p>&nbsp;<\/p>\n<hr \/>\n<p>&nbsp;<\/p>\n<blockquote>\n<h3>A FALCADE IL MERCATINO PER GLI ANIMALI<\/h3>\n<\/blockquote>\n<p><strong>FALCADE<\/strong> L&#8217;associazione &#8220;Tana libera tutti&#8221; che a Canale d&#8217;Agordo ha creato un&#8217;area sgambamento per cani organizza per domenica 25 ottobre alla casa della Giovent\u00f9 di Caviola un mercatino (dalle 10 alle 17) con vari articoli\u00a0 usati per animali. L&#8217;associazione con Barbara Pra alle 18 sar\u00e0 alla pizzeria Off Line di San Tomaso per parlare di oli essenziali per cani e gatti.<\/p>\n<p>&nbsp;<\/p>\n<hr \/>\n<blockquote>\n<h3><\/h3>\n<h3>\u00a0ANCHE IL PITTORE PIERETTO BIANCO PERSONAGGIO ILLUSTRE DELL\u2019ALPAGO<\/h3>\n<\/blockquote>\n<div><span class=\"_5yl5\"><strong>di RENATO BONA<\/strong>\u00a0<\/span><\/div>\n<div><\/div>\n<div><span class=\"_5yl5\"><strong>ALPAGO<\/strong> Tra i \u201cPersonaggi illustri dell\u2019Alpago e Ponte nelle Alpi\u201d (titolo del libro del maestro Mario De Nale, edito nell\u2019agosto del 1978 per i tipi della tipografia Piave di Belluno nel centenario di Placido Fabris, ad iniziativa del Centro sociale di educazione permanente di Cassa di Risparmio di Verona, Vicenza e Belluno) figura anche il grande scenografo Pietro Bortoluzzi, conosciuto anche fuori dai confini nazionali come \u201cPieretto Bianco\u201d. Ad essere pignoli, non sarebbe proprio alpagoto se non per il fatto che il padre Ferdinando (Francesca Podgornik la madre, di origini slave) era nativo di Tignes, frazione di Pieve, che era emigrato a Trieste per motivi di lavoro. Proprio nella citt\u00e0 giuliana venne alla luce Pietro il 28 agosto 1875. Gi\u00e0 a tre anni, quando aveva l\u2019occasione di disporre di colori, gessi o carbone si divertiva a disegnare sulle mura delle case private e di edifici pubblici, insomma un writer (chi \u00e8 solito fare segni e immagini sui muri utilizzando vernice o bombolette spray \u2013 ndr.) ante litteram, con conseguente disapprovazione di quanti si vedevano deturpare le facciate delle case\u2026 e una multa appioppata dal vigile! Tornato in Alpago dove nacquero le sorelle Amalia, Rosina ed Angelina, il padre, vani i tentativi di trovare lavoro \u201cin casa\u201d, si trasfer\u00ec a Venezia, in calle larga San Marco dove trov\u00f2 lavoro nell\u2019osteria del cugino Antonio. Era il 1887 e Pieretto aveva 12 anni; consegu\u00ec la licenza elementare e frequent\u00f2 lo studio di un pittore amico dello zio e, per un certo periodo anche l\u2019Accademia approfondendo lo studio di Tintoretto e Tiepolo e rivelandosi un autodidatta straordinario. A Venezia il nostro \u201ccap\u00ec che la pittura era il vero scopo della sua esistenza e che la citt\u00e0 lagunare doveva essere il pane della sua pittura\u201d come scriveva De Nale. Il quale annotava anche che \u201cNell\u2019autunno del 1872 si trovava a Tignes per trascorrere un breve periodo di vacanza\u2026 e nei pochi giorni di permanenza affresc\u00f2 in modo sorprendente il salotto ed aqltri vani della nuova casa di Celeste D\u2019Alpaos (Garna), ed \u00e8 un vero peccato che poi, in seguito a successivi restauri, le pitture siano state ricoperte da una tinta uniforme. Egli aveva dipinto l\u2019isola di San Giorgio, una gondola, un certo Sitran nella posizione di bere un bicchierino di grappa, un certo Roffar\u00e8 in atteggiamento di bere un boccale di vino, il palazzo Ducale, il Lido di Venezia e un gondoliere che offriva un mazzo di fiori alla Madonna (fin dall\u2019inizio della carriera i fiori avevano dunque attirato l\u2019attenzione del pittore, pur vivendo egli nella citt\u00e0 del mare, abbondante d\u2019acqua, ma scarsa di aiole). Affresc\u00f2 inoltre una facciata della latteria del paese, nella quale \u00e8 ancora visibile una mucca\u201d. Ancora lo scomparso Mario De Nale: \u201cSe quell\u2019anno era stato proclamato pittore dai suoi paesani di Tignes, la notoriet\u00e0 in campo pi\u00f9 vasto poteva poi acquisirla due anni pi\u00f9 tardi (1894) esponendo a Milano, con lusinghieri apprezzamenti, il suo primo quadro, \u2018Vecchio suonatore\u2019, quadro che, tuttavia, nel catalogo generale dell\u2019artista figura al numero 1 come \u2018Paesaggio difficile\u2019 (cm. 130&#215;109). Si tratta infatti del ritratto di Bortolo Schizzi di Tignes, colto nell\u2019atteggiamento di suonare il violino, ed \u00e8 ora esposto a Tignes, nel salotto della signora Giuliana Schizzi; esso risulta, pi\u00f9 che altro, un saggio dei suoi studi sul Tiepolo e dei suoi primi contatti con l\u2019ambiente lagunare colto specialmente negli aspetti pi\u00f9 grigi; un quadro quindi nel quale predomina uno spinto grigioscuro con una forte tinta di rosso pure scuro misto ad una gamma impressionistica di idee ben distribuite rischiarate da quel flebile sprazzo di luce, col quale l\u2019autore \u00e8 poi riuscito a far scorgere la figura\u201d. Si apprende quindi che, incoraggiato dal successo si stacc\u00f2 dalla famiglia per trasferirsi a Burano. E quel distacco si protrarr\u00e0 per tutta la vita in quanto egli si recher\u00e0 a salutare i genitori che in seguito erano tornati definitivamente a Tignes, pochissime volte; la sorelle Amalia infatti ne ricorderebbe solo due: una appena conclusa la strada nuova Tignes-Ponte delle Schiette e, in quell\u2019occasione ebbe a lamentare che era troppo stretta; l\u2019altra quando vi giunse per presentare la moglie, o compagna, ai familiari e ai parenti. Un distacco conseguenza dei troppi impegni di lavoro\u2026 Ed eccoci alle tappe pi\u00f9 significative del suo brillante sentiero dell\u2019arte: nel 1896 espone a Torino e l\u2019anno dopo alla seconda Biennale d\u2019arte di Venezia; nel 1898 di nuovo a Torino e nel 1903 alla quarta edizione della Biennale, poi ancora a Venezia prima di approdare a Roma nel 1911 e tornare in laguna per esporre a Ca\u2019 Pesaro e alla X Biennale, nel 1912. Alla vigilia della Grande Guerra, nel 1914, \u00e8 impegnato a Roma con i mosaici ed affreschi della Cappella di Villa Doria ,Pamphilis; l\u2019anno seguente \u00e8 a San Francisco, in California per decorare il padiglione italiano dell\u2019Esposizione internazionale con \u201cun magnifico pannello (m. 15 x 5,50) con circa un centinaio di \u2018figure\u2019 di una grandezza superiore al normale, sfolgoranti di colori e raffiguranti tutte le popolazioni terrestri; esso rappresentava il \u2018Trionfo di Roma\u2019 e contribu\u00ec in modo determinante a far assegnare il \u2018Grand Prix\u2019 a Pieretto Bianco\u201d. Da allora fu tutto un susseguirsi di impegni a livello internazionale. E siamo al 1937 quando \u2013 ricorda l\u2019autore del libro \u2013 \u201cdopo aver preparato per la Scala le scene del \u2018Silvano\u2019 si rec\u00f2 a Genova per esporre una personale ma un banale incidente gli provoc\u00f2 una seria ferita al collo che lo costrinse a farsi ricoverare al \u2018Rizzoli\u2019 di Bologna dove per le sopravvenute complicazioni di una polmonite, si spense il 7 marzo dello stesso anno\u201d. E cos\u00ec \u2013 \u00e8 la conclusione del ricordo \u2013 \u201cCon la fine dell\u2019uomo che aveva riaperto e battuto la strada tracciata dai Renoir, Manet e Degas travolta dalla grande guerra, segnando una tappa fondamentale nella storia dell\u2019arte, si spense anche un\u2019epoca alzata come uno spauracchio davanti all\u2019arte convenzionale per far rispendere un nuovo mondo pittorico\u201d. Va da ultimo ricordato che a Pieretto Bianco \u00e8 dedicata la via principale di Tignes.<\/span><\/div>\n<div><\/div>\n<div>\n\n\t\t\t<style type='text\/css'>\n\t\t\t\t#gallery-7 {\n\t\t\t\t\tmargin: auto;\n\t\t\t\t}\n\t\t\t\t#gallery-7 .gallery-item {\n\t\t\t\t\tfloat: left;\n\t\t\t\t\tmargin-top: 10px;\n\t\t\t\t\ttext-align: center;\n\t\t\t\t\twidth: 20%;\n\t\t\t\t}\n\t\t\t\t#gallery-7 img {\n\t\t\t\t\tborder: 2px solid #cfcfcf;\n\t\t\t\t}\n\t\t\t\t#gallery-7 .gallery-caption {\n\t\t\t\t\tmargin-left: 0;\n\t\t\t\t}\n\t\t\t\t\/* see gallery_shortcode() in wp-includes\/media.php *\/\n\t\t\t<\/style>\n\t\t<div id='gallery-7' class='dt-gallery-container gallery galleryid-166210 gallery-columns-5 gallery-size-thumbnail'><dl class='gallery-item'>\n\t\t\t\t<dt class='gallery-icon portrait'>\n\t\t\t\t\t<a class=\"rollover rollover-zoom dt-pswp-item\" title=\"121715585_2733368303589886_2880511131284520937_n[1]\" data-dt-img-description=\"\" data-large_image_width=\"630\" data-large_image_height=\"960\"href='https:\/\/www.radiopiu.net\/wordpress\/wp-content\/uploads\/2020\/10\/121715585_2733368303589886_2880511131284520937_n1.jpg'><img loading=\"lazy\" decoding=\"async\" width=\"150\" height=\"150\" src=\"https:\/\/www.radiopiu.net\/wordpress\/wp-content\/uploads\/2020\/10\/121715585_2733368303589886_2880511131284520937_n1-150x150.jpg\" class=\"attachment-thumbnail size-thumbnail\" alt=\"\" \/><\/a>\n\t\t\t\t<\/dt><\/dl><dl class='gallery-item'>\n\t\t\t\t<dt class='gallery-icon portrait'>\n\t\t\t\t\t<a class=\"rollover rollover-zoom dt-pswp-item\" title=\"121673096_360449515100165_3322412239590185620_n[1]\" data-dt-img-description=\"\" data-large_image_width=\"762\" data-large_image_height=\"960\"href='https:\/\/www.radiopiu.net\/wordpress\/wp-content\/uploads\/2020\/10\/121673096_360449515100165_3322412239590185620_n1.jpg'><img loading=\"lazy\" decoding=\"async\" width=\"150\" height=\"150\" src=\"https:\/\/www.radiopiu.net\/wordpress\/wp-content\/uploads\/2020\/10\/121673096_360449515100165_3322412239590185620_n1-150x150.jpg\" class=\"attachment-thumbnail size-thumbnail\" alt=\"\" \/><\/a>\n\t\t\t\t<\/dt><\/dl><dl class='gallery-item'>\n\t\t\t\t<dt class='gallery-icon portrait'>\n\t\t\t\t\t<a class=\"rollover rollover-zoom dt-pswp-item\" title=\"121224777_2723339424574535_6818949367906131003_n[1]\" data-dt-img-description=\"\" data-large_image_width=\"614\" data-large_image_height=\"960\"href='https:\/\/www.radiopiu.net\/wordpress\/wp-content\/uploads\/2020\/10\/121224777_2723339424574535_6818949367906131003_n1.jpg'><img loading=\"lazy\" decoding=\"async\" width=\"150\" height=\"150\" src=\"https:\/\/www.radiopiu.net\/wordpress\/wp-content\/uploads\/2020\/10\/121224777_2723339424574535_6818949367906131003_n1-150x150.jpg\" class=\"attachment-thumbnail size-thumbnail\" alt=\"\" \/><\/a>\n\t\t\t\t<\/dt><\/dl><dl class='gallery-item'>\n\t\t\t\t<dt class='gallery-icon portrait'>\n\t\t\t\t\t<a class=\"rollover rollover-zoom dt-pswp-item\" title=\"121652436_364715418010326_8286107642462639333_n[1]\" data-dt-img-description=\"\" data-large_image_width=\"750\" data-large_image_height=\"960\"href='https:\/\/www.radiopiu.net\/wordpress\/wp-content\/uploads\/2020\/10\/121652436_364715418010326_8286107642462639333_n1.jpg'><img loading=\"lazy\" decoding=\"async\" width=\"150\" height=\"150\" src=\"https:\/\/www.radiopiu.net\/wordpress\/wp-content\/uploads\/2020\/10\/121652436_364715418010326_8286107642462639333_n1-150x150.jpg\" class=\"attachment-thumbnail size-thumbnail\" alt=\"\" \/><\/a>\n\t\t\t\t<\/dt><\/dl><dl class='gallery-item'>\n\t\t\t\t<dt class='gallery-icon portrait'>\n\t\t\t\t\t<a class=\"rollover rollover-zoom dt-pswp-item\" title=\"121633706_756243131774600_143582650593465175_n[1]\" data-dt-img-description=\"\" data-large_image_width=\"561\" data-large_image_height=\"960\"href='https:\/\/www.radiopiu.net\/wordpress\/wp-content\/uploads\/2020\/10\/121633706_756243131774600_143582650593465175_n1.jpg'><img loading=\"lazy\" decoding=\"async\" width=\"150\" height=\"150\" src=\"https:\/\/www.radiopiu.net\/wordpress\/wp-content\/uploads\/2020\/10\/121633706_756243131774600_143582650593465175_n1-150x150.jpg\" class=\"attachment-thumbnail size-thumbnail\" alt=\"\" \/><\/a>\n\t\t\t\t<\/dt><\/dl><br style=\"clear: both\" \/><dl class='gallery-item'>\n\t\t\t\t<dt class='gallery-icon portrait'>\n\t\t\t\t\t<a class=\"rollover rollover-zoom dt-pswp-item\" title=\"121669055_2734370466813730_2112845191647026044_n[1]\" data-dt-img-description=\"\" data-large_image_width=\"723\" data-large_image_height=\"960\"href='https:\/\/www.radiopiu.net\/wordpress\/wp-content\/uploads\/2020\/10\/121669055_2734370466813730_2112845191647026044_n1.jpg'><img loading=\"lazy\" decoding=\"async\" width=\"150\" height=\"150\" src=\"https:\/\/www.radiopiu.net\/wordpress\/wp-content\/uploads\/2020\/10\/121669055_2734370466813730_2112845191647026044_n1-150x150.jpg\" class=\"attachment-thumbnail size-thumbnail\" alt=\"\" \/><\/a>\n\t\t\t\t<\/dt><\/dl><dl class='gallery-item'>\n\t\t\t\t<dt class='gallery-icon landscape'>\n\t\t\t\t\t<a class=\"rollover rollover-zoom dt-pswp-item\" title=\"121615127_356290432310468_1261002205353058696_n[2]\" data-dt-img-description=\"\" data-large_image_width=\"2048\" data-large_image_height=\"1130\"href='https:\/\/www.radiopiu.net\/wordpress\/wp-content\/uploads\/2020\/10\/121615127_356290432310468_1261002205353058696_n2.jpg'><img loading=\"lazy\" decoding=\"async\" width=\"150\" height=\"150\" src=\"https:\/\/www.radiopiu.net\/wordpress\/wp-content\/uploads\/2020\/10\/121615127_356290432310468_1261002205353058696_n2-150x150.jpg\" class=\"attachment-thumbnail size-thumbnail\" alt=\"\" \/><\/a>\n\t\t\t\t<\/dt><\/dl><dl class='gallery-item'>\n\t\t\t\t<dt class='gallery-icon portrait'>\n\t\t\t\t\t<a class=\"rollover rollover-zoom dt-pswp-item\" title=\"121668109_1145602495858340_6710074187159439003_n[1]\" data-dt-img-description=\"\" data-large_image_width=\"462\" data-large_image_height=\"960\"href='https:\/\/www.radiopiu.net\/wordpress\/wp-content\/uploads\/2020\/10\/121668109_1145602495858340_6710074187159439003_n1.jpg'><img loading=\"lazy\" decoding=\"async\" width=\"150\" height=\"150\" src=\"https:\/\/www.radiopiu.net\/wordpress\/wp-content\/uploads\/2020\/10\/121668109_1145602495858340_6710074187159439003_n1-150x150.jpg\" class=\"attachment-thumbnail size-thumbnail\" alt=\"\" \/><\/a>\n\t\t\t\t<\/dt><\/dl><dl class='gallery-item'>\n\t\t\t\t<dt class='gallery-icon portrait'>\n\t\t\t\t\t<a class=\"rollover rollover-zoom dt-pswp-item\" title=\"121617665_2034791513323965_6969457971078278049_n[1]\" data-dt-img-description=\"\" data-large_image_width=\"637\" data-large_image_height=\"800\"href='https:\/\/www.radiopiu.net\/wordpress\/wp-content\/uploads\/2020\/10\/121617665_2034791513323965_6969457971078278049_n1.jpg'><img loading=\"lazy\" decoding=\"async\" width=\"150\" height=\"150\" src=\"https:\/\/www.radiopiu.net\/wordpress\/wp-content\/uploads\/2020\/10\/121617665_2034791513323965_6969457971078278049_n1-150x150.jpg\" class=\"attachment-thumbnail size-thumbnail\" alt=\"\" \/><\/a>\n\t\t\t\t<\/dt><\/dl><dl class='gallery-item'>\n\t\t\t\t<dt class='gallery-icon portrait'>\n\t\t\t\t\t<a class=\"rollover rollover-zoom dt-pswp-item\" title=\"121697265_1244275152619523_7481143464492606892_n[1]\" data-dt-img-description=\"\" data-large_image_width=\"269\" data-large_image_height=\"375\"href='https:\/\/www.radiopiu.net\/wordpress\/wp-content\/uploads\/2020\/10\/121697265_1244275152619523_7481143464492606892_n1.jpg'><img loading=\"lazy\" decoding=\"async\" width=\"150\" height=\"150\" src=\"https:\/\/www.radiopiu.net\/wordpress\/wp-content\/uploads\/2020\/10\/121697265_1244275152619523_7481143464492606892_n1-150x150.jpg\" class=\"attachment-thumbnail size-thumbnail\" alt=\"\" \/><\/a>\n\t\t\t\t<\/dt><\/dl><br style=\"clear: both\" \/>\n\t\t\t<\/div>\n\n<\/div>\n<div><span class=\"_5yl5\"> NELLE FOTO (riproduzioni dal libro del maestro Mario De Nale): l\u2019artista Pietro Bortoluzzi noto come Pieretto Bianco; il suo autoritratto nella galleria degli Uffizi di Firenze; la signora Turner de Bianco, sua compagna; \u201cLa tripolina\u201d dipinto nella casa Bortoluzzi di Belluno; \u201cIl lavoro\u201d, opera nell\u2019aula consigliare di Puos d\u2019Alpago; ancora \u201cLavoro\u201d, accolto nella stessa sede; \u201cVecchio suonatore\u201d (casa Schizzi di Tignes); \u201cLa spagnola\u201d (o \u201cScialle spagnolo\u201d altro lavoro di Bortoluzzi-Bianco; \u201cVaso di fiori\u201d, olio su tela del 1932 messo all\u2019asta dalla casa d\u2019arte Fidesarte; la locandina con l\u2019annuncio di una serata promossa nel luglio 2015 dal Comune di Puos in omaggio a Pieretto Bianco con illustrazione di Caterina De March, fra l\u2019altro, della vita e delle opere dell\u2019artista e in particolare di 7 grandi tele (su 14 realizzate nel 1912 per la decima edizione della Biennale veneziana, sotto il titolo \u201cIl risveglio di Venezia) esposte nella sala del Municipio.<\/span><\/div>\n<p>&nbsp;<\/p>\n<p>&nbsp;<\/p>\n<p>&nbsp;<\/p>\n<p>&nbsp;<\/p>\n<hr \/>\n<p>&nbsp;<\/p>\n<p><a class=\"dt-pswp-item\" href=\"https:\/\/www.radiopiu.net\/wordpress\/wp-content\/uploads\/2018\/09\/appuntamenti.jpeg\" data-dt-img-description=\"\" data-large_image_width=\"800\" data-large_image_height=\"100\"><img loading=\"lazy\" decoding=\"async\" class=\"aligncenter wp-image-61958 size-full\" src=\"https:\/\/www.radiopiu.net\/wordpress\/wp-content\/uploads\/2018\/09\/appuntamenti.jpeg\" alt=\"\" width=\"800\" height=\"100\" srcset=\"https:\/\/www.radiopiu.net\/wordpress\/wp-content\/uploads\/2018\/09\/appuntamenti.jpeg 800w, https:\/\/www.radiopiu.net\/wordpress\/wp-content\/uploads\/2018\/09\/appuntamenti-300x38.jpeg 300w, https:\/\/www.radiopiu.net\/wordpress\/wp-content\/uploads\/2018\/09\/appuntamenti-768x96.jpeg 768w\" sizes=\"auto, (max-width: 800px) 100vw, 800px\" \/><\/a><\/p>\n<p>&nbsp;<\/p>\n<p><strong>BELLUNO<\/strong> &#8220;Le comunicazioni radio in emergenza&#8221; \u00e8 il titolo \u00e8 tema di una serata aperta al pubblico che si terr\u00e0 venerdi alle 21 presso la sede del Radio Club Belluno Nore (Nucleo Operativo Radio Emeregnze) a Villa Montalban.\u00a0 I volontari spiegheranno il loro mondo e il loro impegno, procedure e modalit\u00e0 di come avvengono le comunicazioni. L\u2019associazione \u00e8 iscritta dal 1989 al registro regionale del Volontariato e dal 2001 \u00e8 inserita nel registro regionale del Volontariato di Protezione Civile della Regione Veneto. Il compito\u00a0 \u00e8 garantire un collegamento radio affidabile fra i C.O.C. (Centro Operativo Comunale) ed il C.O.M. (Centro Operativo Misto) di riferimento. La zona di competenza prevista dal Piano Provinciale di Protezione Civile si identifica con il territorio dell\u2019Unione Montana Alpago e dell\u2019Unione Montana Valbelluna.<\/p>\n<p>&nbsp;<\/p>\n<hr \/>\n<p>&nbsp;<\/p>\n<p><strong>BELLUNO<\/strong>\u00a0 Sabato con CammiNaturalmente escursione sui Coi de Pera. E\u2019 stato tracciato un itinerario che incontra un maestoso patriarca arboreo, uno di pi\u00f9 grandi tigli del Bellunese, inserito in un contesto paesaggisticamente e panoramicamente suggestivo, con spunti di carattere geologico e antropico.\u00a0 Sar\u00e0 la meta dell&#8217;escursione, contenuta nel programma cammiNATURAlmente dell\u2019Associazione Culturale Centro Upm (Un Punto Macrobiotico) di Belluno, che sta riscuotendo un notevole interesse e partecipazione. Percorso facile su stradina e mulattiera di circa 2,5 km. Dislivello ca 150m. Ritrovo alle 14.30 in p\/le Resistenza. Partecipazione limitata a 20 persone \u2013 Iscrizione obbligatoria presso Un Noce, in via Barozzi 18 o al tel 351 5468735 o a belluno1@centroupm.it \u2013 Info 340 8769665 (Anacleto)<\/p>\n\n\t\t\t<style type='text\/css'>\n\t\t\t\t#gallery-8 {\n\t\t\t\t\tmargin: auto;\n\t\t\t\t}\n\t\t\t\t#gallery-8 .gallery-item {\n\t\t\t\t\tfloat: left;\n\t\t\t\t\tmargin-top: 10px;\n\t\t\t\t\ttext-align: center;\n\t\t\t\t\twidth: 33%;\n\t\t\t\t}\n\t\t\t\t#gallery-8 img {\n\t\t\t\t\tborder: 2px solid #cfcfcf;\n\t\t\t\t}\n\t\t\t\t#gallery-8 .gallery-caption {\n\t\t\t\t\tmargin-left: 0;\n\t\t\t\t}\n\t\t\t\t\/* see gallery_shortcode() in wp-includes\/media.php *\/\n\t\t\t<\/style>\n\t\t<div id='gallery-8' class='dt-gallery-container gallery galleryid-166210 gallery-columns-3 gallery-size-thumbnail'><dl class='gallery-item'>\n\t\t\t\t<dt class='gallery-icon landscape'>\n\t\t\t\t\t<a class=\"rollover\" href='https:\/\/www.radiopiu.net\/wordpress\/giornale-radiopiu-13-ottobre-2020-direttore-mirko-mezzacasa\/7-1\/'><img loading=\"lazy\" decoding=\"async\" width=\"150\" height=\"150\" src=\"https:\/\/www.radiopiu.net\/wordpress\/wp-content\/uploads\/2020\/10\/7-1-150x150.jpg\" class=\"attachment-thumbnail size-thumbnail\" alt=\"\" \/><\/a>\n\t\t\t\t<\/dt><\/dl><dl class='gallery-item'>\n\t\t\t\t<dt class='gallery-icon landscape'>\n\t\t\t\t\t<a class=\"rollover\" href='https:\/\/www.radiopiu.net\/wordpress\/giornale-radiopiu-13-ottobre-2020-direttore-mirko-mezzacasa\/1-1-7\/'><img loading=\"lazy\" decoding=\"async\" width=\"150\" height=\"150\" src=\"https:\/\/www.radiopiu.net\/wordpress\/wp-content\/uploads\/2020\/10\/1-1-150x150.jpg\" class=\"attachment-thumbnail size-thumbnail\" alt=\"\" \/><\/a>\n\t\t\t\t<\/dt><\/dl><dl class='gallery-item'>\n\t\t\t\t<dt class='gallery-icon landscape'>\n\t\t\t\t\t<a class=\"rollover\" href='https:\/\/www.radiopiu.net\/wordpress\/giornale-radiopiu-13-ottobre-2020-direttore-mirko-mezzacasa\/2-74\/'><img loading=\"lazy\" decoding=\"async\" width=\"150\" height=\"150\" src=\"https:\/\/www.radiopiu.net\/wordpress\/wp-content\/uploads\/2020\/10\/2-150x150.jpg\" class=\"attachment-thumbnail size-thumbnail\" alt=\"\" \/><\/a>\n\t\t\t\t<\/dt><\/dl><br style=\"clear: both\" \/><dl class='gallery-item'>\n\t\t\t\t<dt class='gallery-icon landscape'>\n\t\t\t\t\t<a class=\"rollover\" href='https:\/\/www.radiopiu.net\/wordpress\/giornale-radiopiu-13-ottobre-2020-direttore-mirko-mezzacasa\/3-1-2\/'><img loading=\"lazy\" decoding=\"async\" width=\"150\" height=\"150\" src=\"https:\/\/www.radiopiu.net\/wordpress\/wp-content\/uploads\/2020\/10\/3-1-150x150.jpg\" class=\"attachment-thumbnail size-thumbnail\" alt=\"\" \/><\/a>\n\t\t\t\t<\/dt><\/dl><dl class='gallery-item'>\n\t\t\t\t<dt class='gallery-icon landscape'>\n\t\t\t\t\t<a class=\"rollover\" href='https:\/\/www.radiopiu.net\/wordpress\/giornale-radiopiu-13-ottobre-2020-direttore-mirko-mezzacasa\/5-1-2\/'><img loading=\"lazy\" decoding=\"async\" width=\"150\" height=\"150\" src=\"https:\/\/www.radiopiu.net\/wordpress\/wp-content\/uploads\/2020\/10\/5-1-150x150.jpg\" class=\"attachment-thumbnail size-thumbnail\" alt=\"\" \/><\/a>\n\t\t\t\t<\/dt><\/dl><dl class='gallery-item'>\n\t\t\t\t<dt class='gallery-icon landscape'>\n\t\t\t\t\t<a class=\"rollover\" href='https:\/\/www.radiopiu.net\/wordpress\/giornale-radiopiu-13-ottobre-2020-direttore-mirko-mezzacasa\/4-1-2\/'><img loading=\"lazy\" decoding=\"async\" width=\"150\" height=\"150\" src=\"https:\/\/www.radiopiu.net\/wordpress\/wp-content\/uploads\/2020\/10\/4-1-150x150.jpg\" class=\"attachment-thumbnail size-thumbnail\" alt=\"\" \/><\/a>\n\t\t\t\t<\/dt><\/dl><br style=\"clear: both\" \/>\n\t\t\t<\/div>\n\n<p>&nbsp;<\/p>\n<hr \/>\n<p>&nbsp;<\/p>\n<p><strong><a class=\"dt-pswp-item\" href=\"https:\/\/www.radiopiu.net\/wordpress\/wp-content\/uploads\/2020\/10\/a5942cc3-539d-4632-975b-25d657e0b6b7.jpg\" data-dt-img-description=\"\" data-large_image_width=\"1041\" data-large_image_height=\"1600\"><img loading=\"lazy\" decoding=\"async\" class=\"size-medium wp-image-165930 alignleft\" src=\"https:\/\/www.radiopiu.net\/wordpress\/wp-content\/uploads\/2020\/10\/a5942cc3-539d-4632-975b-25d657e0b6b7-195x300.jpg\" alt=\"\" width=\"195\" height=\"300\" srcset=\"https:\/\/www.radiopiu.net\/wordpress\/wp-content\/uploads\/2020\/10\/a5942cc3-539d-4632-975b-25d657e0b6b7-195x300.jpg 195w, https:\/\/www.radiopiu.net\/wordpress\/wp-content\/uploads\/2020\/10\/a5942cc3-539d-4632-975b-25d657e0b6b7-666x1024.jpg 666w, https:\/\/www.radiopiu.net\/wordpress\/wp-content\/uploads\/2020\/10\/a5942cc3-539d-4632-975b-25d657e0b6b7-768x1180.jpg 768w, https:\/\/www.radiopiu.net\/wordpress\/wp-content\/uploads\/2020\/10\/a5942cc3-539d-4632-975b-25d657e0b6b7-999x1536.jpg 999w, https:\/\/www.radiopiu.net\/wordpress\/wp-content\/uploads\/2020\/10\/a5942cc3-539d-4632-975b-25d657e0b6b7.jpg 1041w\" sizes=\"auto, (max-width: 195px) 100vw, 195px\" \/><\/a>AGORDO<\/strong> Pc Ranch Young Team e Aics Belluno organizzano un corso di ginnastica-coordinazione-ritmo volteggio. Tutti i martedi fino a maggio sempre alle 16 al Palarova. Orario: 16-17 bambini 5-7 anni; 16.30-1830 bambini dagli 8 anni compiuti. Info e iscrizioni da Donatella al 348 4352362. Causa covid 19 i posti sono limitati<\/p>\n<p>&nbsp;<\/p>\n<hr \/>\n<p><strong>FALCADE<\/strong> Sabato 17 ottobre alle 21 alla Casa della Giovent\u00f9 di Caviola in via Trento &#8220;Rimasti Avanti?&#8221;. Serata musicale con Marco V. Dal Farra e amici. Ingresso libero su prenotazione via mail proloco.caviola@libero.it, telefono 0437 599062 oppure 3403832079<\/p>\n<p>&nbsp;<\/p>\n<hr \/>\n<div><\/div>\n<div><strong>CHIES D&#8217;ALPAGO<\/strong> Domenica 25 ottobre 70^ giornata del ringraziamento agricolo, alle 9 arrivo trattoristi, 9.30 messa con il Vescovo o suo delegato, 10.30 benedizione macchine agricole e animali 10.45 interventi delle autorit\u00e0 11 sfilata trattori e animali 12.00 momento conviviale.<\/div>\n<div><\/div>\n<div><\/div>\n<div><\/div>\n<hr \/>\n<p>&nbsp;<\/p>\n<h2><span style=\"color: #ff0000;\">IERI ALLA RADIO<\/span><\/h2>\n<h2><span style=\"color: #ff00ff;\">ASSOCIAZIONE ONDA ROSA A RADIO PI\u00d9<\/span><\/h2>\n<p>di Mirko Mezzacasa<\/p>\n<audio class=\"wp-audio-shortcode\" id=\"audio-166210-7\" preload=\"none\" style=\"width: 100%;\" controls=\"controls\"><source type=\"audio\/mpeg\" src=\"https:\/\/www.radiopiu.net\/wordpress\/wp-content\/uploads\/2020\/10\/onda-ROSAbelluno.mp3?_=7\" \/><a href=\"https:\/\/www.radiopiu.net\/wordpress\/wp-content\/uploads\/2020\/10\/onda-ROSAbelluno.mp3\">https:\/\/www.radiopiu.net\/wordpress\/wp-content\/uploads\/2020\/10\/onda-ROSAbelluno.mp3<\/a><\/audio>\n<p>&nbsp;<\/p>\n\n\t\t\t<style type='text\/css'>\n\t\t\t\t#gallery-9 {\n\t\t\t\t\tmargin: auto;\n\t\t\t\t}\n\t\t\t\t#gallery-9 .gallery-item {\n\t\t\t\t\tfloat: left;\n\t\t\t\t\tmargin-top: 10px;\n\t\t\t\t\ttext-align: center;\n\t\t\t\t\twidth: 50%;\n\t\t\t\t}\n\t\t\t\t#gallery-9 img {\n\t\t\t\t\tborder: 2px solid #cfcfcf;\n\t\t\t\t}\n\t\t\t\t#gallery-9 .gallery-caption {\n\t\t\t\t\tmargin-left: 0;\n\t\t\t\t}\n\t\t\t\t\/* see gallery_shortcode() in wp-includes\/media.php *\/\n\t\t\t<\/style>\n\t\t<div id='gallery-9' class='dt-gallery-container gallery galleryid-166210 gallery-columns-2 gallery-size-medium'><dl class='gallery-item'>\n\t\t\t\t<dt class='gallery-icon landscape'>\n\t\t\t\t\t<a class=\"rollover rollover-zoom dt-pswp-item\" title=\"cd6870b0-e3d1-406a-ae66-3ae3bcbc339f\" data-dt-img-description=\"\" data-large_image_width=\"628\" data-large_image_height=\"623\"href='https:\/\/www.radiopiu.net\/wordpress\/wp-content\/uploads\/2020\/10\/cd6870b0-e3d1-406a-ae66-3ae3bcbc339f.jpg'><img loading=\"lazy\" decoding=\"async\" width=\"300\" height=\"298\" src=\"https:\/\/www.radiopiu.net\/wordpress\/wp-content\/uploads\/2020\/10\/cd6870b0-e3d1-406a-ae66-3ae3bcbc339f-300x298.jpg\" class=\"attachment-medium size-medium\" alt=\"\" srcset=\"https:\/\/www.radiopiu.net\/wordpress\/wp-content\/uploads\/2020\/10\/cd6870b0-e3d1-406a-ae66-3ae3bcbc339f-300x298.jpg 300w, https:\/\/www.radiopiu.net\/wordpress\/wp-content\/uploads\/2020\/10\/cd6870b0-e3d1-406a-ae66-3ae3bcbc339f-150x150.jpg 150w, https:\/\/www.radiopiu.net\/wordpress\/wp-content\/uploads\/2020\/10\/cd6870b0-e3d1-406a-ae66-3ae3bcbc339f.jpg 628w\" sizes=\"auto, (max-width: 300px) 100vw, 300px\" \/><\/a>\n\t\t\t\t<\/dt><\/dl><dl class='gallery-item'>\n\t\t\t\t<dt class='gallery-icon landscape'>\n\t\t\t\t\t<a class=\"rollover rollover-zoom dt-pswp-item\" title=\"de304cf7-4248-4dd6-9cb8-aefd8174f9f3\" data-dt-img-description=\"\" data-large_image_width=\"1599\" data-large_image_height=\"799\"href='https:\/\/www.radiopiu.net\/wordpress\/wp-content\/uploads\/2020\/10\/de304cf7-4248-4dd6-9cb8-aefd8174f9f3.jpg'><img loading=\"lazy\" decoding=\"async\" width=\"300\" height=\"150\" src=\"https:\/\/www.radiopiu.net\/wordpress\/wp-content\/uploads\/2020\/10\/de304cf7-4248-4dd6-9cb8-aefd8174f9f3-300x150.jpg\" class=\"attachment-medium size-medium\" alt=\"\" srcset=\"https:\/\/www.radiopiu.net\/wordpress\/wp-content\/uploads\/2020\/10\/de304cf7-4248-4dd6-9cb8-aefd8174f9f3-300x150.jpg 300w, https:\/\/www.radiopiu.net\/wordpress\/wp-content\/uploads\/2020\/10\/de304cf7-4248-4dd6-9cb8-aefd8174f9f3-1024x512.jpg 1024w, https:\/\/www.radiopiu.net\/wordpress\/wp-content\/uploads\/2020\/10\/de304cf7-4248-4dd6-9cb8-aefd8174f9f3-768x384.jpg 768w, https:\/\/www.radiopiu.net\/wordpress\/wp-content\/uploads\/2020\/10\/de304cf7-4248-4dd6-9cb8-aefd8174f9f3-1536x768.jpg 1536w, https:\/\/www.radiopiu.net\/wordpress\/wp-content\/uploads\/2020\/10\/de304cf7-4248-4dd6-9cb8-aefd8174f9f3.jpg 1599w\" sizes=\"auto, (max-width: 300px) 100vw, 300px\" \/><\/a>\n\t\t\t\t<\/dt><\/dl><br style=\"clear: both\" \/>\n\t\t\t<\/div>\n\n<p>&nbsp;<\/p>\n<p>&nbsp;<\/p>\n<hr \/>\n<p>&nbsp;<\/p>\n<h2><span style=\"color: #ff0000;\"><span style=\"color: #000000;\">DUE MINUTI UN LIBRO\u00a0<\/span><\/span><\/h2>\n<blockquote class=\"wp-embedded-content\" data-secret=\"MsGTdTT4Rf\"><p><a href=\"https:\/\/www.radiopiu.net\/wordpress\/hypnos\/\">HYPNOS<\/a><\/p><\/blockquote>\n<p><iframe loading=\"lazy\" class=\"wp-embedded-content\" sandbox=\"allow-scripts\" security=\"restricted\" style=\"position: absolute; clip: rect(1px, 1px, 1px, 1px);\" title=\"&#8220;HYPNOS&#8221; &#8212; Radio Pi\u00f9\" src=\"https:\/\/www.radiopiu.net\/wordpress\/hypnos\/embed\/#?secret=MsGTdTT4Rf\" data-secret=\"MsGTdTT4Rf\" width=\"600\" height=\"338\" frameborder=\"0\" marginwidth=\"0\" marginheight=\"0\" scrolling=\"no\"><\/iframe><\/p>\n<h2>LA RACCOLTA COMPLETA<\/h2>\n<blockquote class=\"wp-embedded-content\" data-secret=\"wxuaYuiPXP\"><p><a href=\"https:\/\/www.radiopiu.net\/wordpress\/due-minuti-un-libro\/\">Due minuti un libro<\/a><\/p><\/blockquote>\n<p><iframe loading=\"lazy\" class=\"wp-embedded-content\" sandbox=\"allow-scripts\" security=\"restricted\" style=\"position: absolute; clip: rect(1px, 1px, 1px, 1px);\" title=\"&#8220;Due minuti un libro&#8221; &#8212; Radio Pi\u00f9\" src=\"https:\/\/www.radiopiu.net\/wordpress\/due-minuti-un-libro\/embed\/#?secret=wxuaYuiPXP\" data-secret=\"wxuaYuiPXP\" width=\"600\" height=\"338\" frameborder=\"0\" marginwidth=\"0\" marginheight=\"0\" scrolling=\"no\"><\/iframe><\/p>\n<p>&nbsp;<\/p>\n<p>&nbsp;<\/p>\n<hr \/>\n<p>&nbsp;<\/p>\n<div>\n<h2><span style=\"color: #33cccc;\">I RACCONTI DI PAOLO SOPPELSA il lunedi alle 9.30 e 18.30<\/span><\/h2>\n<h2><span style=\"color: #33cccc;\"><strong>LA RACCOLTA COMPLETA<\/strong><\/span><\/h2>\n<blockquote class=\"wp-embedded-content\" data-secret=\"9aIDiTnGcQ\"><p><a href=\"https:\/\/www.radiopiu.net\/wordpress\/i-racconti-di-paolo-soppelsa\/\">I racconti di Paolo Soppelsa<\/a><\/p><\/blockquote>\n<p><iframe loading=\"lazy\" class=\"wp-embedded-content\" sandbox=\"allow-scripts\" security=\"restricted\" style=\"position: absolute; clip: rect(1px, 1px, 1px, 1px);\" title=\"&#8220;I racconti di Paolo Soppelsa&#8221; &#8212; Radio Pi\u00f9\" src=\"https:\/\/www.radiopiu.net\/wordpress\/i-racconti-di-paolo-soppelsa\/embed\/#?secret=9aIDiTnGcQ\" data-secret=\"9aIDiTnGcQ\" width=\"600\" height=\"338\" frameborder=\"0\" marginwidth=\"0\" marginheight=\"0\" scrolling=\"no\"><\/iframe><\/p>\n<p>&nbsp;<\/p>\n<div class=\"_4tdt _ua1\">\n<div class=\"_31o4\">\n<div class=\"_6--1\" aria-hidden=\"true\">\n<div class=\"_1gyw _55lt\">\n<hr \/>\n<\/div>\n<\/div>\n<\/div>\n<\/div>\n<\/div>\n<p>&nbsp;<\/p>\n<h2><span style=\"color: #ff0000;\">VIDEO, MUSICA E INTERVISTE DAL FRAMONT<\/span><\/h2>\n<blockquote class=\"wp-embedded-content\" data-secret=\"EP2jxNC1hF\"><p><a href=\"https:\/\/www.radiopiu.net\/wordpress\/aspettando-musica-nellagordino-improvvisazioni-in-quota\/\">IMPROVVISAZIONI IN QUOTA &#8230;. RICORDI ESTIVI CON AGORDO MUSICA. IL VIDEO UFFICIALE<\/a><\/p><\/blockquote>\n<p><iframe loading=\"lazy\" class=\"wp-embedded-content\" sandbox=\"allow-scripts\" security=\"restricted\" style=\"position: absolute; clip: rect(1px, 1px, 1px, 1px);\" title=\"&#8220;IMPROVVISAZIONI IN QUOTA &#8230;. RICORDI ESTIVI CON AGORDO MUSICA. IL VIDEO UFFICIALE&#8221; &#8212; Radio Pi\u00f9\" src=\"https:\/\/www.radiopiu.net\/wordpress\/aspettando-musica-nellagordino-improvvisazioni-in-quota\/embed\/#?secret=EP2jxNC1hF\" data-secret=\"EP2jxNC1hF\" width=\"600\" height=\"338\" frameborder=\"0\" marginwidth=\"0\" marginheight=\"0\" scrolling=\"no\"><\/iframe><\/p>\n<p>&nbsp;<\/p>\n<p>&nbsp;<\/p>\n<hr \/>\n<div>\n<h2><span style=\"color: #000080;\"><a class=\"dt-pswp-item\" href=\"https:\/\/www.radiopiu.net\/wordpress\/wp-content\/uploads\/2020\/10\/pp.jpg\" data-dt-img-description=\"\" data-large_image_width=\"640\" data-large_image_height=\"640\"><img loading=\"lazy\" decoding=\"async\" class=\"wp-image-163678 alignleft\" src=\"https:\/\/www.radiopiu.net\/wordpress\/wp-content\/uploads\/2020\/10\/pp-300x300.jpg\" alt=\"\" width=\"106\" height=\"106\" srcset=\"https:\/\/www.radiopiu.net\/wordpress\/wp-content\/uploads\/2020\/10\/pp-300x300.jpg 300w, https:\/\/www.radiopiu.net\/wordpress\/wp-content\/uploads\/2020\/10\/pp-150x150.jpg 150w, https:\/\/www.radiopiu.net\/wordpress\/wp-content\/uploads\/2020\/10\/pp-125x125.jpg 125w, https:\/\/www.radiopiu.net\/wordpress\/wp-content\/uploads\/2020\/10\/pp-200x200.jpg 200w, https:\/\/www.radiopiu.net\/wordpress\/wp-content\/uploads\/2020\/10\/pp-80x80.jpg 80w, https:\/\/www.radiopiu.net\/wordpress\/wp-content\/uploads\/2020\/10\/pp-480x480.jpg 480w, https:\/\/www.radiopiu.net\/wordpress\/wp-content\/uploads\/2020\/10\/pp.jpg 640w\" sizes=\"auto, (max-width: 106px) 100vw, 106px\" \/><\/a>DON CESARE, IL PENSIERO DEL GIORNO. ALLA RADIO ALLE 7 DEL MATTINO E ALLE 19.30 DELLA SERA.\u00a0\u00a0<\/span><\/h2>\n<\/div>\n<p>&nbsp;<\/p>\n<audio class=\"wp-audio-shortcode\" id=\"audio-166210-8\" preload=\"none\" style=\"width: 100%;\" controls=\"controls\"><source type=\"audio\/mpeg\" src=\"https:\/\/www.radiopiu.net\/wordpress\/wp-content\/uploads\/2020\/10\/CESARE-12.mp3?_=8\" \/><a href=\"https:\/\/www.radiopiu.net\/wordpress\/wp-content\/uploads\/2020\/10\/CESARE-12.mp3\">https:\/\/www.radiopiu.net\/wordpress\/wp-content\/uploads\/2020\/10\/CESARE-12.mp3<\/a><\/audio>\n<p>&nbsp;<\/p>\n<hr \/>\n<p>&nbsp;<\/p>\n<div>\n<p><a class=\"dt-pswp-item\" href=\"https:\/\/www.radiopiu.net\/wordpress\/wp-content\/uploads\/2018\/09\/viabilita.jpeg\" data-dt-img-description=\"\" data-large_image_width=\"800\" data-large_image_height=\"100\"><img loading=\"lazy\" decoding=\"async\" class=\"aligncenter wp-image-61954 size-full\" src=\"https:\/\/www.radiopiu.net\/wordpress\/wp-content\/uploads\/2018\/09\/viabilita.jpeg\" alt=\"\" width=\"800\" height=\"100\" srcset=\"https:\/\/www.radiopiu.net\/wordpress\/wp-content\/uploads\/2018\/09\/viabilita.jpeg 800w, https:\/\/www.radiopiu.net\/wordpress\/wp-content\/uploads\/2018\/09\/viabilita-300x38.jpeg 300w, https:\/\/www.radiopiu.net\/wordpress\/wp-content\/uploads\/2018\/09\/viabilita-768x96.jpeg 768w\" sizes=\"auto, (max-width: 800px) 100vw, 800px\" \/><\/a><\/p>\n<\/div>\n<p><strong>\u00a0\u00a0<\/strong><\/p>\n<p><strong>SP 5 DI LAMOSANO<\/strong> fino al 21 ottobre chiusura totale alla transitabilit\u00e0 in comune di Chies D&#8217;Alpago per lavori di ripristino fognature<\/p>\n<p><strong>SR 203 AGORDINA <\/strong>dal 19 al 23 ottobre, dalle 8 alle 12 e dalle 13:30 alle 17:30, temporanee interruzioni al traffico della durata massima di 20 minuti tra Cencenighe e Avoscan per esbosco con elicottero in attraversamento strada<\/p>\n<p><strong>SR 48 DELLE DOLOMITI<\/strong> Fino al 30 ottobre (festivi e prefestivi esclusi) senso unico alternato con movieri o semafori<\/p>\n<p><strong>SR 50 DEL GRAPPA E PASSO ROLLE<\/strong>\u00a0 fino al 23 ottobre, dalle 8 alle 17 esclusi sabati e domeniche, temporanee interruzioni alla viabilit\u00e0 di massimo 30 minuti per allestimento protezione in prossimit\u00e0 dell&#8217;imbocco a monte della galleria Pontet<\/p>\n<p><strong>203 AGORDINA, ALLEGHE<\/strong> LOCALITA&#8217; SOPRA SAC\u00a0 fino \u00a0al 30 ottobre (sabato e domenica esclusi) senso unico alternato per allestimento opere anti valanghive<\/p>\n<p><strong>SP 3 DELLA VAL IMPERINA<\/strong> fino a revoca, senso unico alternato regolato a vista in localit\u00e0 Gona di Conedera di Rivamonte per cedimento della carreggiata stradale<\/p>\n<p><strong>SR 48 DELLE DOLOMITI<\/strong> fino\u00a0 al 6 novembre (festivi e prefestivi inclusi) senso unico alternato in localit\u00e0 Brenta Comune di Livinallongo del Col di Lana.<\/p>\n<p><strong>SP 422 DELL&#8217;ALPAGO E DEL CANSIGLIO<\/strong> fino al 30 ottobre senso unico alternato regolato da movieri tra le 8 e le 19 tra Puos e Cornei per posa fibra ottica<\/p>\n<p><strong>SP 422 DELL&#8217;ALPAGO E DEL CANSIGLIO<\/strong> fino al 21 ottobre senso unico alternato regolato da movieri tra le 7 e le 19 tra Spert e Pian Cansiglio per asfaltatura strada<\/p>\n<p><strong>SP 38 COL PERER<\/strong>\u00a0 fino al 16 ottobre, dalle 7 alle 12 e dalle 13 alle 18 esclusi sabati e domeniche, interdizione totale al transito tra Rivai e Col Perer di Arsi\u00e8 per completamento lavori di bitumatura della sede stradale<\/p>\n<p><strong>SP 12 PEDEMONTANA<\/strong> interdizione totale al traffico a Pedavena dalle 8 del 12 ottobre alle 17 del 14 ottobre per rifacimento sfioratori per conto di bim gsp<\/p>\n<p><strong>SR 48 DELLE DOLOMITI\u00a0 <\/strong>fino\u00a0al 31 ottobre, compresi sabati e domeniche, senso unico alternato regolato da impianto semaforico tra Passo Falzarego e il parcheggio 5 Torri per posa elettrodotto interrato<\/p>\n<p><strong>SP 49 DI MISURINA <\/strong>fino al\u00a020 novembre, senso unico alternato regolato da impianto semaforico tra Misurina e il confine con la provincia di Bolzano per posa elettrodotto interrato<\/p>\n<p><strong>REGIONALE 48 DELLE DOLOMITI<\/strong> localit\u00e0 Cernadoi-Pian di Falzarego, fino al 30 ottobre senso unico alternato regolato da semaforo anche nei giorni festivi e prefestivi.<\/p>\n<p><strong>PROVINCIALE 251 VAL DI ZOLDO E CELLINA<\/strong> localit\u00e0 Pescul-Selva di Cadore, fino al 31 ottobre senso unico alternato con movieri o semaforo, escluso sabato e domenica.<\/p>\n<p><strong>PROVINCIALE 641 PASSO FEDAIA<\/strong> Fino al 30 ottobre compresi festivi e prefestivi senso unico con semaforo in localit\u00e0 Capanna Bill<\/p>\n<p><strong>REGIONALE 203 AGORDINA<\/strong>\u00a0 Fino\u00a0 al 18 dicembre (esclusi festivi e prefestivi) senso unico alternato tra Peron e Candaten con movieri dalle 7.30 alle 9 e dalle 16.30 alle 18. Con semaforo negli altri orari<\/p>\n<p><strong>REGIONALE 203 AGORDINA<\/strong> Fino al 30 ottobre (sabato e domenica esclusi) tra Candaten e La Stanga dalle 7.30 alle 9 e dalle 16.30 alle 18 con movieri e negli altri orari con semaforo, senso unico alternato.<\/p>\n<div>\n<p>&nbsp;<\/p>\n<hr \/>\n<p>&nbsp;<\/p>\n<p class=\"photoswipe-wrapper\"><a class=\"dt-pswp-item pspw-wrap-ready\" href=\"https:\/\/i0.wp.com\/www.radiopiu.net\/wordpress\/wp-content\/uploads\/2018\/09\/WhatsApp-Image-2018-09-20-at-16.04.06.jpeg?ssl=1\" data-dt-img-description=\"\" data-large_image_width=\"800\" data-large_image_height=\"100\"><img loading=\"lazy\" decoding=\"async\" class=\"aligncenter wp-image-61378 size-full jetpack-lazy-image jetpack-lazy-image--handled\" src=\"https:\/\/i0.wp.com\/www.radiopiu.net\/wordpress\/wp-content\/uploads\/2018\/09\/WhatsApp-Image-2018-09-20-at-16.04.06.jpeg?resize=800%2C100&amp;ssl=1\" sizes=\"auto, (max-width: 800px) 100vw, 800px\" srcset=\"https:\/\/i0.wp.com\/www.radiopiu.net\/wordpress\/wp-content\/uploads\/2018\/09\/WhatsApp-Image-2018-09-20-at-16.04.06.jpeg?w=800&amp;ssl=1 800w, https:\/\/i0.wp.com\/www.radiopiu.net\/wordpress\/wp-content\/uploads\/2018\/09\/WhatsApp-Image-2018-09-20-at-16.04.06.jpeg?resize=300%2C38&amp;ssl=1 300w, https:\/\/i0.wp.com\/www.radiopiu.net\/wordpress\/wp-content\/uploads\/2018\/09\/WhatsApp-Image-2018-09-20-at-16.04.06.jpeg?resize=768%2C96&amp;ssl=1 768w\" alt=\"\" width=\"800\" height=\"100\" data-lazy-loaded=\"1\" \/><\/a><\/p>\n<\/div>\n<div><\/div>\n<div><center><b>Giovedi 15<\/b><\/center><b>Tempo atteso:\u00a0<\/b>Il tempo peggiorer\u00e0 fino a risultare perturbato, gi\u00e0 nella notte sulle Prealpi e dal primo mattino sulle Dolomiti. Il cielo sar\u00e0 coperto tutto il giorno e associato a fenomeni, a tratti anche diffusi. Continuer\u00e0 a fare assai fresco nelle valli e freddo in alta montagna; debole escursione termica diurna a tutte le quote.<br \/>\n<b>Precipitazioni:\u00a0<\/b>Nella notte fenomeni in estensione dalle Prealpi alle Dolomiti (90\/100%) con diffuse e moderate precipitazioni, in attenuazione nel corso pomeriggio. Il limite della neve sar\u00e0 sui 1500\/1700 m sulle Dolomiti, inizialmente anche pi\u00f9 basso 1200\/1300 m per locali sacche d&#8217;aria fredda. Sulle Prealpi sui 2000\/2100 m, prima di scendere sui 1600\/1900 m. Indicativamente cadranno 20\/30 mm su Dolomiti settentrionali, anche 35\/45 mm su quelle meridionali, come su gran parte delle Prealpi; su queste ultime nei settori pi\u00f9 esposti allo Stau si potr\u00e0 arrivare a 60\/70 mm. I cumuli di neve saranno altrettanti attorno ai 2000\/2200 m, mentre saranno minori sotto tali quote per neve pi\u00f9 pesante e per contributo pioggia.<br \/>\n<b>Temperature:\u00a0<\/b>Minime in generale lieve ripresa, e massime in calo. Sono previste punte di 8\/10\u00b0C nei fondovalle prealpini e di 3\/6\u00b0C a 1000\/1200 m. In quota in generale lieve aumento; su Prealpi a 1500 m min 1\u00b0C max 3\u00b0C, a 2000 m min -1\u00b0C max 1\u00b0C. Su Dolomiti a 2000 m min -2\u00b0C max 0\u00b0C, a 3000 m min -7\u00b0C max -5\u00b0C.<br \/>\n<b>Venti:\u00a0<\/b>Nelle valli deboli di direzione variabile; in alta quota moderati\/tesi da sud-est, anche tesi\/forti a 1500 m sulle dorsali prealpine con raffiche a 60-70 km\/h, altrove a 15-30 km\/h a 2000 m e 20-40 km\/h a 3000 m.<\/p>\n<hr \/>\n<p><center><b>Venerdi 16<\/b><\/center><b>Tempo atteso:\u00a0<\/b>Nottetempo residua perturbabilit\u00e0 con cielo ancora molto nuvoloso\/coperto. In giornata il cielo rimarr\u00e0 molto nuvoloso come poche chance di schiarite. Atmosfera molto umida in un ambiente termico assai fresco per il periodo.<br \/>\n<b>Precipitazioni:\u00a0<\/b>Nottetempo qualche residuo debole fenomeno sulle Prealpi (30\/40%) con limite neve sui 1700\/1800 m, sulle Dolomiti minore probabilit\u00e0 (10\/20%). In giornata generalmente assenti ovunque (10%).<br \/>\n<b>Temperature:\u00a0<\/b>Minime in calo nelle valli e stazionarie in quota; massime In lieve calo in quota e in leggera ripresa nelle valli qualora ci fossero schiarite in giornata. Sono previste punte di 10\/11\u00b0C nei fondovalle prealpini e di 5\/7\u00b0C a 1000\/1200 m. In quota in generale lieve aumento; su Prealpi a 1500 m min 0\u00b0C max 2\u00b0C, a 2000 m min -2\u00b0C max 0\u00b0C. Su Dolomiti a 2000 m min -3\u00b0C max -1\u00b0C, a 3000 m min -8\u00b0C max -7C.<br \/>\n<b>Venti:\u00a0<\/b>Nelle valli deboli di direzione variabile; in quota moderati da nord-est per gran parte del giorno, in rinforzo da nord al pomeriggio sera fino a tesi sulle cime dolomitiche e sulle dorsali prealpine a 15-30 km\/h a 2000 m e 30-45 km\/h a 3000 m.<\/p>\n<hr \/>\n<p><center><b>Sabato 17<\/b><\/center>Effimere nubi medio-alta al primo mattino sulle Dolomiti, cielo gi\u00e0 sereno altrove. In giornata ben soleggiato sulle Dolomiti con cielo sereno ed ottima visibilit\u00e0, stesse condizioni sulle Prealpi fino al primo pomeriggio, salvo nebbie mattutine e sviluppo di addensamenti che limiteranno il soleggiamento pomeridiano, prima di diradarsi verso sera. Temperature minime in calo e massime in ripresa nei posti pi\u00f9 assolati, ma non nei settori in ombra. Venti deboli\/moderati a regime di brezza nelle valli; deboli\/moderati da nord nord-ovest in quota.<\/p>\n<hr \/>\n<p><center><b>Domenica 18<\/b><\/center>Tempo stabile e ben soleggiato con cielo sereno, aria tersa ed ottima visibilit\u00e0 in quota. Probabili banchi di nebbia nelle conche e depressioni prealpine, limitatamente alle ore pi\u00f9 fredde. Temperature minime in diminuzione e massime in leggero rialzo. Venti deboli da nord in quota, perlopi\u00f9 deboli a regime di brezza nelle valli. Previsore: R.L.Th.<\/p>\n<\/div>\n<p>&nbsp;<\/p>\n<hr \/>\n<p>&nbsp;<\/p>\n<p>&nbsp;<\/p>\n<p><a class=\"dt-pswp-item\" href=\"https:\/\/www.radiopiu.net\/wordpress\/wp-content\/uploads\/2018\/09\/sport.jpg\" data-dt-img-description=\"\" data-large_image_width=\"800\" data-large_image_height=\"100\"><img loading=\"lazy\" decoding=\"async\" class=\"wp-image-60761 size-full aligncenter\" src=\"https:\/\/www.radiopiu.net\/wordpress\/wp-content\/uploads\/2018\/09\/sport.jpg\" alt=\"\" width=\"800\" height=\"100\" srcset=\"https:\/\/www.radiopiu.net\/wordpress\/wp-content\/uploads\/2018\/09\/sport.jpg 800w, https:\/\/www.radiopiu.net\/wordpress\/wp-content\/uploads\/2018\/09\/sport-300x38.jpg 300w, https:\/\/www.radiopiu.net\/wordpress\/wp-content\/uploads\/2018\/09\/sport-768x96.jpg 768w\" sizes=\"auto, (max-width: 800px) 100vw, 800px\" \/><\/a><\/p>\n<p>&nbsp;<\/p>\n<p>&nbsp;<\/p>\n<blockquote>\n<h3>DOPO IL DPCM DI MARTED\u00cc LA STAGIONE CALCISTICA CONTINUA<\/h3>\n<\/blockquote>\n<p><strong><a class=\"dt-pswp-item\" href=\"https:\/\/www.radiopiu.net\/wordpress\/wp-content\/uploads\/2020\/05\/CALCIO-2020.jpg\" data-dt-img-description=\"\" data-large_image_width=\"1920\" data-large_image_height=\"1059\"><img loading=\"lazy\" decoding=\"async\" class=\"size-medium wp-image-135669 alignleft\" src=\"https:\/\/www.radiopiu.net\/wordpress\/wp-content\/uploads\/2020\/05\/CALCIO-2020-300x165.jpg\" alt=\"\" width=\"300\" height=\"165\" srcset=\"https:\/\/www.radiopiu.net\/wordpress\/wp-content\/uploads\/2020\/05\/CALCIO-2020-300x165.jpg 300w, https:\/\/www.radiopiu.net\/wordpress\/wp-content\/uploads\/2020\/05\/CALCIO-2020-1024x565.jpg 1024w, https:\/\/www.radiopiu.net\/wordpress\/wp-content\/uploads\/2020\/05\/CALCIO-2020-768x424.jpg 768w, https:\/\/www.radiopiu.net\/wordpress\/wp-content\/uploads\/2020\/05\/CALCIO-2020-1536x847.jpg 1536w, https:\/\/www.radiopiu.net\/wordpress\/wp-content\/uploads\/2020\/05\/CALCIO-2020.jpg 1920w\" sizes=\"auto, (max-width: 300px) 100vw, 300px\" \/><\/a>RADIO PI\u00d9<\/strong> Da domenica scorsa il mondo del calcio a livello regionale e provinciale era sulle spine nell\u2019attesa di conoscere il DPCM e sapere come muoversi con il nuovo decreto. Sostanzialmente non cambia nulla per i campionati LND e CSI. Le regole rimangono le stesse. I campionati dilettantistici possono continuare l\u2019attivit\u00e0 nelle stesse modalit\u00e0 di prima. Gli allenamenti dovranno avvenire a porte chiuse ma durante le partite ufficiali \u00e8 permessa la presenza di pubblico con massimo 1000 persone ma non deve superare comunque la capienza dello stadio del 25%. Un sospiro di sollievo per giocatori e societ\u00e0 che nella serata di domenica davano quasi per certo uno stop dei campionati.<\/p>\n<p>&nbsp;<\/p>\n<hr \/>\n<p>&nbsp;<\/p>\n<p>&nbsp;<\/p>\n<blockquote>\n<h3>IL PUNTO SU L\u2019ALLEGHE HOCKEY DOPO LE PRIME 2 GIORNATE<\/h3>\n<\/blockquote>\n<p><strong><a class=\"dt-pswp-item\" href=\"https:\/\/www.radiopiu.net\/wordpress\/wp-content\/uploads\/2018\/12\/HOCKEY-BBB.jpg\" data-dt-img-description=\"\" data-large_image_width=\"1920\" data-large_image_height=\"1200\"><img loading=\"lazy\" decoding=\"async\" class=\"size-medium wp-image-70532 alignleft\" src=\"https:\/\/www.radiopiu.net\/wordpress\/wp-content\/uploads\/2018\/12\/HOCKEY-BBB-300x188.jpg\" alt=\"\" width=\"300\" height=\"188\" srcset=\"https:\/\/www.radiopiu.net\/wordpress\/wp-content\/uploads\/2018\/12\/HOCKEY-BBB-300x188.jpg 300w, https:\/\/www.radiopiu.net\/wordpress\/wp-content\/uploads\/2018\/12\/HOCKEY-BBB-768x480.jpg 768w, https:\/\/www.radiopiu.net\/wordpress\/wp-content\/uploads\/2018\/12\/HOCKEY-BBB-1024x640.jpg 1024w, https:\/\/www.radiopiu.net\/wordpress\/wp-content\/uploads\/2018\/12\/HOCKEY-BBB.jpg 1920w\" sizes=\"auto, (max-width: 300px) 100vw, 300px\" \/><\/a>ALLEGHE <\/strong>Una vittoria e una sconfitta nelle prime 2 partite di campionato. \u00c8 questo il percorso di inizio stagione dell\u2019Alleghe Hockey. Dopo la bella prestazione in casa all\u2019esordio con l\u2019Appiano, sabato scorso le civette hanno perso pur giocando bene con il Bresanone. Sicuramente hanno inciso alcune scelte arbitrali ma subire 3 gol in powerplay non \u00e8 un buon segnale. Sabato alle 19:30 gli agordini saranno ancora in terra altoatesina per affrontare il Merano anche se al momento non \u00e8 ancora confermata. I meranesi hanno gi\u00e0 dovuto rinviare la partita di sabato scorso con il Fiemme perch\u00e9 all\u2019interno della squadra un giocatore era risultato positivo al covid-19.<\/p>\n<p><strong>AI MICROFONI DI RADIO PI\u00d9 IL GIOCATORE DELL\u2019ALLEGHE MILOS GANZ<\/strong><\/p>\n<audio class=\"wp-audio-shortcode\" id=\"audio-166210-9\" preload=\"none\" style=\"width: 100%;\" controls=\"controls\"><source type=\"audio\/mpeg\" src=\"https:\/\/www.radiopiu.net\/wordpress\/wp-content\/uploads\/2020\/10\/MILOS-GANZ-DOPO-BRESSANONE.mp3?_=9\" \/><a href=\"https:\/\/www.radiopiu.net\/wordpress\/wp-content\/uploads\/2020\/10\/MILOS-GANZ-DOPO-BRESSANONE.mp3\">https:\/\/www.radiopiu.net\/wordpress\/wp-content\/uploads\/2020\/10\/MILOS-GANZ-DOPO-BRESSANONE.mp3<\/a><\/audio>\n<p>&nbsp;<\/p>\n","protected":false},"excerpt":{"rendered":"<p>PER RICEVERE QUESTO NOTIZIARIO DIRETTAMENTE SUL TUO CELLULARE ISCRIVITI AL CANALE TELEGRAM \u201cRADIO PIU\u00a0 INFORMAZIONE&#8221; ATTENZIONE: LA NUOVA APP PER IOS-IPHONE https:\/\/apps.apple.com\/it\/app\/radio-pi%C3%B9-emittente-agordina\/id1515939845 ATTENZIONE: LA NUOVA APP RADIO\u00a0 PER ANDROID https:\/\/play.google.com\/store\/apps\/details?id=net.radiopiu.iniko &nbsp; LA NOTA INVERNALE Sgombero neve strada Fedaia lato Veneto &nbsp; &nbsp; &nbsp; CHIUSURA DI VIA VATICANO A TAIBON AGORDINO PER ASFALTATURA TAIBON Oggi e&hellip;<\/p>\n","protected":false},"author":4,"featured_media":166462,"comment_status":"closed","ping_status":"closed","sticky":false,"template":"","format":"standard","meta":{"_monsterinsights_skip_tracking":false,"_monsterinsights_sitenote_active":false,"_monsterinsights_sitenote_note":"","_monsterinsights_sitenote_category":0,"footnotes":""},"categories":[1,51,86,2],"tags":[],"class_list":["post-166210","post","type-post","status-publish","format-standard","has-post-thumbnail","hentry","category-senza-categoria","category-evidenza-top","category-gr","category-news","category-1","category-51","category-86","category-2","description-off"],"img_url":"https:\/\/www.radiopiu.net\/wordpress\/wp-content\/uploads\/2020\/10\/ae1b0529-8359-4799-96b6-8fa3a08fa9a4.jpg","_links":{"self":[{"href":"https:\/\/www.radiopiu.net\/wordpress\/wp-json\/wp\/v2\/posts\/166210","targetHints":{"allow":["GET"]}}],"collection":[{"href":"https:\/\/www.radiopiu.net\/wordpress\/wp-json\/wp\/v2\/posts"}],"about":[{"href":"https:\/\/www.radiopiu.net\/wordpress\/wp-json\/wp\/v2\/types\/post"}],"author":[{"embeddable":true,"href":"https:\/\/www.radiopiu.net\/wordpress\/wp-json\/wp\/v2\/users\/4"}],"replies":[{"embeddable":true,"href":"https:\/\/www.radiopiu.net\/wordpress\/wp-json\/wp\/v2\/comments?post=166210"}],"version-history":[{"count":0,"href":"https:\/\/www.radiopiu.net\/wordpress\/wp-json\/wp\/v2\/posts\/166210\/revisions"}],"wp:featuredmedia":[{"embeddable":true,"href":"https:\/\/www.radiopiu.net\/wordpress\/wp-json\/wp\/v2\/media\/166462"}],"wp:attachment":[{"href":"https:\/\/www.radiopiu.net\/wordpress\/wp-json\/wp\/v2\/media?parent=166210"}],"wp:term":[{"taxonomy":"category","embeddable":true,"href":"https:\/\/www.radiopiu.net\/wordpress\/wp-json\/wp\/v2\/categories?post=166210"},{"taxonomy":"post_tag","embeddable":true,"href":"https:\/\/www.radiopiu.net\/wordpress\/wp-json\/wp\/v2\/tags?post=166210"}],"curies":[{"name":"wp","href":"https:\/\/api.w.org\/{rel}","templated":true}]}}