{"id":166225,"date":"2020-10-14T06:02:28","date_gmt":"2020-10-14T04:02:28","guid":{"rendered":"https:\/\/www.radiopiu.net\/wordpress\/?p=166225"},"modified":"2020-10-14T07:38:39","modified_gmt":"2020-10-14T05:38:39","slug":"la-mattanza-altri-due-cervi-stesi-altre-due-auto-gravemente-danneggiate","status":"publish","type":"post","link":"https:\/\/www.radiopiu.net\/wordpress\/la-mattanza-altri-due-cervi-stesi-altre-due-auto-gravemente-danneggiate\/","title":{"rendered":"LA MATTANZA. ALTRI DUE CERVI STESI, ALTRE DUE AUTO GRAVEMENTE DANNEGGIATE"},"content":{"rendered":"<p>&nbsp;<\/p>\n<blockquote>\n<h3>LA MATTANZA, ALTRI DUE CERVI STESI E GRAVI DANNI AI MEZZI<\/h3>\n<\/blockquote>\n<p><strong><a class=\"dt-pswp-item\" href=\"https:\/\/www.radiopiu.net\/wordpress\/wp-content\/uploads\/2020\/10\/incidenti-con-i-cervi-coldiretti-protesta-ormai-la-situazione-e-fuor_bb48c948-0b02-11ea-9623-d8142b142db5_900_512.jpg\" data-dt-img-description=\"\" data-large_image_width=\"900\" data-large_image_height=\"512\"><img loading=\"lazy\" decoding=\"async\" class=\" wp-image-166226 alignleft\" src=\"https:\/\/www.radiopiu.net\/wordpress\/wp-content\/uploads\/2020\/10\/incidenti-con-i-cervi-coldiretti-protesta-ormai-la-situazione-e-fuor_bb48c948-0b02-11ea-9623-d8142b142db5_900_512-300x171.jpg\" alt=\"\" width=\"165\" height=\"94\" srcset=\"https:\/\/www.radiopiu.net\/wordpress\/wp-content\/uploads\/2020\/10\/incidenti-con-i-cervi-coldiretti-protesta-ormai-la-situazione-e-fuor_bb48c948-0b02-11ea-9623-d8142b142db5_900_512-300x171.jpg 300w, https:\/\/www.radiopiu.net\/wordpress\/wp-content\/uploads\/2020\/10\/incidenti-con-i-cervi-coldiretti-protesta-ormai-la-situazione-e-fuor_bb48c948-0b02-11ea-9623-d8142b142db5_900_512-768x437.jpg 768w, https:\/\/www.radiopiu.net\/wordpress\/wp-content\/uploads\/2020\/10\/incidenti-con-i-cervi-coldiretti-protesta-ormai-la-situazione-e-fuor_bb48c948-0b02-11ea-9623-d8142b142db5_900_512.jpg 900w\" sizes=\"auto, (max-width: 165px) 100vw, 165px\" \/><\/a>EMERGENZA CERVI:<\/strong> Anche ieri sera all&#8217;imbrunire due cervi investiti, a Celat di Vallada Agordina, in prossimit\u00e0 dell&#8217;lAlbergo Val Biois e a Candaten (Sedico) in prossimit\u00e0 del rettilineo. Come la scorsa settimana in due punti critici della viabilit\u00e0 provinciale. A quando soluzioni concrete? Evidentemente i sistemi adottati fino ad ora non risolvono il problema. Una soluzione concreta,\u00a0 la chiede il cittadino, quotidianamente a rischio.<\/p>\n<p>&nbsp;<\/p>\n<p><strong>ARCHIVIO RADIOPIU<\/strong><\/p>\n\n\t\t\t<style type='text\/css'>\n\t\t\t\t#gallery-1 {\n\t\t\t\t\tmargin: auto;\n\t\t\t\t}\n\t\t\t\t#gallery-1 .gallery-item {\n\t\t\t\t\tfloat: left;\n\t\t\t\t\tmargin-top: 10px;\n\t\t\t\t\ttext-align: center;\n\t\t\t\t\twidth: 25%;\n\t\t\t\t}\n\t\t\t\t#gallery-1 img {\n\t\t\t\t\tborder: 2px solid #cfcfcf;\n\t\t\t\t}\n\t\t\t\t#gallery-1 .gallery-caption {\n\t\t\t\t\tmargin-left: 0;\n\t\t\t\t}\n\t\t\t\t\/* see gallery_shortcode() in wp-includes\/media.php *\/\n\t\t\t<\/style>\n\t\t<div id='gallery-1' class='dt-gallery-container gallery galleryid-166225 gallery-columns-4 gallery-size-thumbnail'><dl class='gallery-item'>\n\t\t\t\t<dt class='gallery-icon landscape'>\n\t\t\t\t\t<a class=\"rollover rollover-zoom dt-pswp-item\" title=\"771db5d5-8c6f-47a7-88c1-b690a1a1f297\" data-dt-img-description=\"\" data-large_image_width=\"1600\" data-large_image_height=\"1200\"href='https:\/\/www.radiopiu.net\/wordpress\/wp-content\/uploads\/2020\/10\/771db5d5-8c6f-47a7-88c1-b690a1a1f297.jpg'><img loading=\"lazy\" decoding=\"async\" width=\"150\" height=\"150\" src=\"https:\/\/www.radiopiu.net\/wordpress\/wp-content\/uploads\/2020\/10\/771db5d5-8c6f-47a7-88c1-b690a1a1f297-150x150.jpg\" class=\"attachment-thumbnail size-thumbnail\" alt=\"\" \/><\/a>\n\t\t\t\t<\/dt><\/dl><dl class='gallery-item'>\n\t\t\t\t<dt class='gallery-icon landscape'>\n\t\t\t\t\t<a class=\"rollover rollover-zoom dt-pswp-item\" title=\"19ef2d51-63df-493b-9e36-a9de35cb06a4\" data-dt-img-description=\"\" data-large_image_width=\"1600\" data-large_image_height=\"1200\"href='https:\/\/www.radiopiu.net\/wordpress\/wp-content\/uploads\/2020\/10\/19ef2d51-63df-493b-9e36-a9de35cb06a4.jpg'><img loading=\"lazy\" decoding=\"async\" width=\"150\" height=\"150\" src=\"https:\/\/www.radiopiu.net\/wordpress\/wp-content\/uploads\/2020\/10\/19ef2d51-63df-493b-9e36-a9de35cb06a4-150x150.jpg\" class=\"attachment-thumbnail size-thumbnail\" alt=\"\" \/><\/a>\n\t\t\t\t<\/dt><\/dl><dl class='gallery-item'>\n\t\t\t\t<dt class='gallery-icon landscape'>\n\t\t\t\t\t<a class=\"rollover rollover-zoom dt-pswp-item\" title=\"incidenti-con-i-cervi-coldiretti-protesta-ormai-la-situazione-e-fuor_bb48c948-0b02-11ea-9623-d8142b142db5_900_512\" data-dt-img-description=\"\" data-large_image_width=\"900\" data-large_image_height=\"512\"href='https:\/\/www.radiopiu.net\/wordpress\/wp-content\/uploads\/2020\/10\/incidenti-con-i-cervi-coldiretti-protesta-ormai-la-situazione-e-fuor_bb48c948-0b02-11ea-9623-d8142b142db5_900_512.jpg'><img loading=\"lazy\" decoding=\"async\" width=\"150\" height=\"150\" src=\"https:\/\/www.radiopiu.net\/wordpress\/wp-content\/uploads\/2020\/10\/incidenti-con-i-cervi-coldiretti-protesta-ormai-la-situazione-e-fuor_bb48c948-0b02-11ea-9623-d8142b142db5_900_512-150x150.jpg\" class=\"attachment-thumbnail size-thumbnail\" alt=\"\" \/><\/a>\n\t\t\t\t<\/dt><\/dl><dl class='gallery-item'>\n\t\t\t\t<dt class='gallery-icon landscape'>\n\t\t\t\t\t<a class=\"rollover rollover-zoom dt-pswp-item\" title=\"03400881-aea3-4c2a-b3e6-41488911d232\" data-dt-img-description=\"\" data-large_image_width=\"1600\" data-large_image_height=\"1200\"href='https:\/\/www.radiopiu.net\/wordpress\/wp-content\/uploads\/2020\/10\/03400881-aea3-4c2a-b3e6-41488911d232.jpg'><img loading=\"lazy\" decoding=\"async\" width=\"150\" height=\"150\" src=\"https:\/\/www.radiopiu.net\/wordpress\/wp-content\/uploads\/2020\/10\/03400881-aea3-4c2a-b3e6-41488911d232-150x150.jpg\" class=\"attachment-thumbnail size-thumbnail\" alt=\"\" \/><\/a>\n\t\t\t\t<\/dt><\/dl><br style=\"clear: both\" \/>\n\t\t\t<\/div>\n\n<p>&nbsp;<\/p>\n","protected":false},"excerpt":{"rendered":"<p>&nbsp; LA MATTANZA, ALTRI DUE CERVI STESI E GRAVI DANNI AI MEZZI EMERGENZA CERVI: Anche ieri sera all&#8217;imbrunire due cervi investiti, a Celat di Vallada Agordina, in prossimit\u00e0 dell&#8217;lAlbergo Val Biois e a Candaten (Sedico) in prossimit\u00e0 del rettilineo. Come la scorsa settimana in due punti critici della viabilit\u00e0 provinciale. A quando soluzioni concrete? Evidentemente&hellip;<\/p>\n","protected":false},"author":4,"featured_media":166226,"comment_status":"closed","ping_status":"closed","sticky":false,"template":"","format":"standard","meta":{"_monsterinsights_skip_tracking":false,"_monsterinsights_sitenote_active":false,"_monsterinsights_sitenote_note":"","_monsterinsights_sitenote_category":0,"footnotes":""},"categories":[51,104,49],"tags":[],"class_list":["post-166225","post","type-post","status-publish","format-standard","has-post-thumbnail","hentry","category-evidenza-top","category-evidenza_3","category-news-18","category-51","category-104","category-49","description-off"],"img_url":"https:\/\/www.radiopiu.net\/wordpress\/wp-content\/uploads\/2020\/10\/incidenti-con-i-cervi-coldiretti-protesta-ormai-la-situazione-e-fuor_bb48c948-0b02-11ea-9623-d8142b142db5_900_512.jpg","_links":{"self":[{"href":"https:\/\/www.radiopiu.net\/wordpress\/wp-json\/wp\/v2\/posts\/166225","targetHints":{"allow":["GET"]}}],"collection":[{"href":"https:\/\/www.radiopiu.net\/wordpress\/wp-json\/wp\/v2\/posts"}],"about":[{"href":"https:\/\/www.radiopiu.net\/wordpress\/wp-json\/wp\/v2\/types\/post"}],"author":[{"embeddable":true,"href":"https:\/\/www.radiopiu.net\/wordpress\/wp-json\/wp\/v2\/users\/4"}],"replies":[{"embeddable":true,"href":"https:\/\/www.radiopiu.net\/wordpress\/wp-json\/wp\/v2\/comments?post=166225"}],"version-history":[{"count":0,"href":"https:\/\/www.radiopiu.net\/wordpress\/wp-json\/wp\/v2\/posts\/166225\/revisions"}],"wp:featuredmedia":[{"embeddable":true,"href":"https:\/\/www.radiopiu.net\/wordpress\/wp-json\/wp\/v2\/media\/166226"}],"wp:attachment":[{"href":"https:\/\/www.radiopiu.net\/wordpress\/wp-json\/wp\/v2\/media?parent=166225"}],"wp:term":[{"taxonomy":"category","embeddable":true,"href":"https:\/\/www.radiopiu.net\/wordpress\/wp-json\/wp\/v2\/categories?post=166225"},{"taxonomy":"post_tag","embeddable":true,"href":"https:\/\/www.radiopiu.net\/wordpress\/wp-json\/wp\/v2\/tags?post=166225"}],"curies":[{"name":"wp","href":"https:\/\/api.w.org\/{rel}","templated":true}]}}