{"id":166348,"date":"2020-10-14T12:30:11","date_gmt":"2020-10-14T10:30:11","guid":{"rendered":"https:\/\/www.radiopiu.net\/wordpress\/?p=166348"},"modified":"2020-10-15T05:50:35","modified_gmt":"2020-10-15T03:50:35","slug":"consolidamento-della-sp-3-della-valle-imperina-firmato-latto-del-presidente-per-un-progetto-da-14-milioni","status":"publish","type":"post","link":"https:\/\/www.radiopiu.net\/wordpress\/consolidamento-della-sp-3-della-valle-imperina-firmato-latto-del-presidente-per-un-progetto-da-14-milioni\/","title":{"rendered":"CONSOLIDAMENTO DELLA SP 3 DELLA VALLE IMPERINA: FIRMATO L\u2019ATTO DEL PRESIDENTE PER UN PROGETTO DA 1,4 MILIONI"},"content":{"rendered":"<p>&nbsp;<\/p>\n<p><strong>DAL CORRIERE DELLE ALPI DI GIANNI SANTOMASO<\/strong><\/p>\n<audio class=\"wp-audio-shortcode\" id=\"audio-166348-1\" preload=\"none\" style=\"width: 100%;\" controls=\"controls\"><source type=\"audio\/mpeg\" src=\"https:\/\/www.radiopiu.net\/wordpress\/wp-content\/uploads\/2020\/10\/PROVINCIALE-IMPERINA.mp3?_=1\" \/><a href=\"https:\/\/www.radiopiu.net\/wordpress\/wp-content\/uploads\/2020\/10\/PROVINCIALE-IMPERINA.mp3\">https:\/\/www.radiopiu.net\/wordpress\/wp-content\/uploads\/2020\/10\/PROVINCIALE-IMPERINA.mp3<\/a><\/audio>\n<p>&nbsp;<\/p>\n<p>AI MICROFONI DI RADIO PIU&#8217;, DALLA RASSEGNA STAMPA DELLE OTTO, IL CONSIGLIERE PROVINCIALE FABIO LUCHETTA<\/p>\n<audio class=\"wp-audio-shortcode\" id=\"audio-166348-2\" preload=\"none\" style=\"width: 100%;\" controls=\"controls\"><source type=\"audio\/mpeg\" src=\"https:\/\/www.radiopiu.net\/wordpress\/wp-content\/uploads\/2020\/10\/FABIO-LUCHETTA.mp3?_=2\" \/><a href=\"https:\/\/www.radiopiu.net\/wordpress\/wp-content\/uploads\/2020\/10\/FABIO-LUCHETTA.mp3\">https:\/\/www.radiopiu.net\/wordpress\/wp-content\/uploads\/2020\/10\/FABIO-LUCHETTA.mp3<\/a><\/audio>\n<p>&nbsp;<\/p>\n<p><strong><a class=\"dt-pswp-item\" href=\"https:\/\/www.radiopiu.net\/wordpress\/wp-content\/uploads\/2020\/06\/Poco-oltre-il-secondo-tornante-salendo-da-Agordo-Rivamonte-2.jpg\" data-dt-img-description=\"\" data-large_image_width=\"2048\" data-large_image_height=\"1154\"><img loading=\"lazy\" decoding=\"async\" class=\"size-medium wp-image-143445 alignleft\" src=\"https:\/\/www.radiopiu.net\/wordpress\/wp-content\/uploads\/2020\/06\/Poco-oltre-il-secondo-tornante-salendo-da-Agordo-Rivamonte-2-300x169.jpg\" alt=\"\" width=\"300\" height=\"169\" srcset=\"https:\/\/www.radiopiu.net\/wordpress\/wp-content\/uploads\/2020\/06\/Poco-oltre-il-secondo-tornante-salendo-da-Agordo-Rivamonte-2-300x169.jpg 300w, https:\/\/www.radiopiu.net\/wordpress\/wp-content\/uploads\/2020\/06\/Poco-oltre-il-secondo-tornante-salendo-da-Agordo-Rivamonte-2-1024x577.jpg 1024w, https:\/\/www.radiopiu.net\/wordpress\/wp-content\/uploads\/2020\/06\/Poco-oltre-il-secondo-tornante-salendo-da-Agordo-Rivamonte-2-768x433.jpg 768w, https:\/\/www.radiopiu.net\/wordpress\/wp-content\/uploads\/2020\/06\/Poco-oltre-il-secondo-tornante-salendo-da-Agordo-Rivamonte-2-1536x866.jpg 1536w, https:\/\/www.radiopiu.net\/wordpress\/wp-content\/uploads\/2020\/06\/Poco-oltre-il-secondo-tornante-salendo-da-Agordo-Rivamonte-2.jpg 2048w\" sizes=\"auto, (max-width: 300px) 100vw, 300px\" \/><\/a>BELLUNO<\/strong> Il consolidamento della strada provinciale 3 della Valle Imperina pu\u00f2 partire. \u00c8 stato approvato ieri, con atto del presidente, il progetto proposto da Veneto Strade e arrivato agli uffici provinciali il 2 settembre scorso. Un vasto piano di messa in sicurezza e di ripristino totale del tratto di carreggiata franato nell\u2019ultimo episodio di maltempo, una settimana fa. E contemporaneamente un consolidamento di un vasto tratto tra Agordo e Rivamonte. \u00ab<em>Si tratta di un progetto importante, da 1,4 milioni di euro &#8211; spiega il consigliere provinciale delegato alle infrastrutture, Fabio Luchetta -. L\u2019attenzione della Provincia sulle strade provinciali storiche \u00e8 sempre molto alta e la Sp 3 della Valle Imperina necessitava di cure particolari da tempo, fin all\u2019indomani della tempesta Vaia. \u00c8 per questo che con celerit\u00e0 \u00e8 stata data risposta al progetto presentato da Veneto il 2 settembre scorso. Il dissesto verificatosi nell\u2019ultima ondata maltempo non ha fatto altro che rendere ancora pi\u00f9 evidente la necessit\u00e0 di intervento che sia la Provincia sia Veneto Strade avevano gi\u00e0 inserito nella lista delle priorit\u00e0<\/em>\u00bb<\/p>\n<p>&nbsp;<\/p>\n<p>&nbsp;<\/p>\n","protected":false},"excerpt":{"rendered":"<p>&nbsp; DAL CORRIERE DELLE ALPI DI GIANNI SANTOMASO &nbsp; AI MICROFONI DI RADIO PIU&#8217;, DALLA RASSEGNA STAMPA DELLE OTTO, IL CONSIGLIERE PROVINCIALE FABIO LUCHETTA &nbsp; BELLUNO Il consolidamento della strada provinciale 3 della Valle Imperina pu\u00f2 partire. \u00c8 stato approvato ieri, con atto del presidente, il progetto proposto da Veneto Strade e arrivato agli uffici&hellip;<\/p>\n","protected":false},"author":4,"featured_media":143445,"comment_status":"closed","ping_status":"closed","sticky":false,"template":"","format":"standard","meta":{"_monsterinsights_skip_tracking":false,"_monsterinsights_sitenote_active":false,"_monsterinsights_sitenote_note":"","_monsterinsights_sitenote_category":0,"footnotes":""},"categories":[49],"tags":[],"class_list":["post-166348","post","type-post","status-publish","format-standard","has-post-thumbnail","hentry","category-news-18","category-49","description-off"],"img_url":"https:\/\/www.radiopiu.net\/wordpress\/wp-content\/uploads\/2020\/06\/Poco-oltre-il-secondo-tornante-salendo-da-Agordo-Rivamonte-2.jpg","_links":{"self":[{"href":"https:\/\/www.radiopiu.net\/wordpress\/wp-json\/wp\/v2\/posts\/166348","targetHints":{"allow":["GET"]}}],"collection":[{"href":"https:\/\/www.radiopiu.net\/wordpress\/wp-json\/wp\/v2\/posts"}],"about":[{"href":"https:\/\/www.radiopiu.net\/wordpress\/wp-json\/wp\/v2\/types\/post"}],"author":[{"embeddable":true,"href":"https:\/\/www.radiopiu.net\/wordpress\/wp-json\/wp\/v2\/users\/4"}],"replies":[{"embeddable":true,"href":"https:\/\/www.radiopiu.net\/wordpress\/wp-json\/wp\/v2\/comments?post=166348"}],"version-history":[{"count":0,"href":"https:\/\/www.radiopiu.net\/wordpress\/wp-json\/wp\/v2\/posts\/166348\/revisions"}],"wp:featuredmedia":[{"embeddable":true,"href":"https:\/\/www.radiopiu.net\/wordpress\/wp-json\/wp\/v2\/media\/143445"}],"wp:attachment":[{"href":"https:\/\/www.radiopiu.net\/wordpress\/wp-json\/wp\/v2\/media?parent=166348"}],"wp:term":[{"taxonomy":"category","embeddable":true,"href":"https:\/\/www.radiopiu.net\/wordpress\/wp-json\/wp\/v2\/categories?post=166348"},{"taxonomy":"post_tag","embeddable":true,"href":"https:\/\/www.radiopiu.net\/wordpress\/wp-json\/wp\/v2\/tags?post=166348"}],"curies":[{"name":"wp","href":"https:\/\/api.w.org\/{rel}","templated":true}]}}