{"id":166362,"date":"2020-10-15T05:42:04","date_gmt":"2020-10-15T03:42:04","guid":{"rendered":"https:\/\/www.radiopiu.net\/wordpress\/?p=166362"},"modified":"2020-10-15T06:08:40","modified_gmt":"2020-10-15T04:08:40","slug":"un-nuovo-passaggio-pedonale-a-colle-santa-lucia","status":"publish","type":"post","link":"https:\/\/www.radiopiu.net\/wordpress\/un-nuovo-passaggio-pedonale-a-colle-santa-lucia\/","title":{"rendered":"UN NUOVO PASSAGGIO PEDONALE A COLLE SANTA LUCIA"},"content":{"rendered":"<p><strong><img loading=\"lazy\" decoding=\"async\" class=\"alignleft\" src=\"https:\/\/www.radiopiu.net\/wordpress\/wp-content\/uploads\/2020\/10\/download-10.jpg\" width=\"143\" height=\"89\" \/>COLLE SANTA LUCIA<\/strong> Passeggiare lungo\u00a0 la provinciale 251 della Val di Zoldo e Cellina tra le localit\u00e0 Pian e Villagrande sar\u00e0 pi\u00f9 semplice per i pedoni, infatti a breve sar\u00e0 realizzato un percorso pedonale turistico. I lavori inizieranno domani per concludersi a fine novembre. Per questo Veneto Strade ha previsto un senso unico alternato regolato da impianto semaforico.<\/p>\n<p>&nbsp;<\/p>\n","protected":false},"excerpt":{"rendered":"<p>COLLE SANTA LUCIA Passeggiare lungo\u00a0 la provinciale 251 della Val di Zoldo e Cellina tra le localit\u00e0 Pian e Villagrande sar\u00e0 pi\u00f9 semplice per i pedoni, infatti a breve sar\u00e0 realizzato un percorso pedonale turistico. I lavori inizieranno domani per concludersi a fine novembre. Per questo Veneto Strade ha previsto un senso unico alternato regolato&hellip;<\/p>\n","protected":false},"author":4,"featured_media":166363,"comment_status":"closed","ping_status":"closed","sticky":false,"template":"","format":"standard","meta":{"_monsterinsights_skip_tracking":false,"_monsterinsights_sitenote_active":false,"_monsterinsights_sitenote_note":"","_monsterinsights_sitenote_category":0,"footnotes":""},"categories":[51,49],"tags":[],"class_list":["post-166362","post","type-post","status-publish","format-standard","has-post-thumbnail","hentry","category-evidenza-top","category-news-18","category-51","category-49","description-off"],"img_url":"https:\/\/www.radiopiu.net\/wordpress\/wp-content\/uploads\/2020\/10\/download-10.jpg","_links":{"self":[{"href":"https:\/\/www.radiopiu.net\/wordpress\/wp-json\/wp\/v2\/posts\/166362","targetHints":{"allow":["GET"]}}],"collection":[{"href":"https:\/\/www.radiopiu.net\/wordpress\/wp-json\/wp\/v2\/posts"}],"about":[{"href":"https:\/\/www.radiopiu.net\/wordpress\/wp-json\/wp\/v2\/types\/post"}],"author":[{"embeddable":true,"href":"https:\/\/www.radiopiu.net\/wordpress\/wp-json\/wp\/v2\/users\/4"}],"replies":[{"embeddable":true,"href":"https:\/\/www.radiopiu.net\/wordpress\/wp-json\/wp\/v2\/comments?post=166362"}],"version-history":[{"count":0,"href":"https:\/\/www.radiopiu.net\/wordpress\/wp-json\/wp\/v2\/posts\/166362\/revisions"}],"wp:featuredmedia":[{"embeddable":true,"href":"https:\/\/www.radiopiu.net\/wordpress\/wp-json\/wp\/v2\/media\/166363"}],"wp:attachment":[{"href":"https:\/\/www.radiopiu.net\/wordpress\/wp-json\/wp\/v2\/media?parent=166362"}],"wp:term":[{"taxonomy":"category","embeddable":true,"href":"https:\/\/www.radiopiu.net\/wordpress\/wp-json\/wp\/v2\/categories?post=166362"},{"taxonomy":"post_tag","embeddable":true,"href":"https:\/\/www.radiopiu.net\/wordpress\/wp-json\/wp\/v2\/tags?post=166362"}],"curies":[{"name":"wp","href":"https:\/\/api.w.org\/{rel}","templated":true}]}}