{"id":166379,"date":"2020-10-14T15:59:05","date_gmt":"2020-10-14T13:59:05","guid":{"rendered":"https:\/\/www.radiopiu.net\/wordpress\/?p=166379"},"modified":"2020-10-14T16:01:56","modified_gmt":"2020-10-14T14:01:56","slug":"https-wp-me-p63lo7-hhx","status":"publish","type":"post","link":"https:\/\/www.radiopiu.net\/wordpress\/https-wp-me-p63lo7-hhx\/","title":{"rendered":"PONTE SERVIZI, VIA LIBERA ALLA CAPITALIZZAZIONE"},"content":{"rendered":"<div class=\"moz-text-html\" lang=\"x-unicode\">\n<div dir=\"ltr\">\n<div dir=\"ltr\">\n<div dir=\"ltr\">\n<div dir=\"ltr\">\n<p><span style=\"color: #000000; font-family: Helvetica;\"><strong>PONTE NELLE ALPI<\/strong> Una capitalizzazione da 1,3 milioni di euro, coinvolge la Ponte Servizi Srl. E a portarla a termine \u00e8 il Comune di Ponte nelle Alpi che<\/span><span style=\"color: #000000; font-family: Helvetica;\"> libera risorse attingendo (per circa 1,2 milioni) dall\u2019apposito Fondo, mentre una parte della cifra \u00e8 frutto dell\u2019avanzo di amministrazione.\u00a0<\/span><span style=\"color: #000000; font-family: Helvetica;\">Si aggiunge un ulteriore aumento di capitale a favore della partecipata: <em>\u00abAdesso la Ponte Servizi Srl \u00e8 dotata delle risorse finanziarie mancanti fin dall\u2019origine &#8211; spiega l\u2019assessore al Bilancio, Andrea Pontello -. Un&#8217;operazione di questo tipo \u00e8 configurabile come riconoscimento, ora per allora, dei costi sociali via, via sostenuti dalla partecipata. <\/em><\/span><em><span style=\"color: #000000; font-family: Helvetica;\">La gestione, ora efficiente, trascinava dal passato un pesante fardello\u00a0 determinato dal capitale sociale insufficiente, da tariffe non sempre adeguate alla copertura integrale dei costi, da oneri finanziari e da attivit\u00e0 collaterali non pertinenti con il \u201ccore business\u201d. Come la gestione del verde e del fotovoltaico\u00bb. <\/span><\/em><span style=\"color: #000000; font-family: Helvetica;\">In ogni caso, Ponte Servizi ha sempre conseguito eccellenti risultati nella raccolta differenziata\u00a0 grazie al senso civico dei cittadini, alla dedizione dei dipendenti e all&#8217;adozione del modello di servizio porta a porta, oltre al conferimento differenziato di ogni genere di rifiuto all\u2019ecocentro.\u00a0 <\/span><span style=\"color: #000000; font-family: Helvetica;\">Attualmente la percentuale di raccolta differenziata supera l&#8217;88 per cento. Il sindaco Paolo Vendramini: <em>&#8220;<\/em><\/span><em><span style=\"color: #000000; font-family: Helvetica;\">Questo fondamentale risultato testimonia la qualit\u00e0 di Ponte Servizi e del sistema di raccolta differenziata, che \u00e8 un patrimonio per l&#8217;intera collettivit\u00e0. Ringrazio tutta l&#8217;amministrazione per il lavoro svolto, gli uffici comunali, l&#8217;ingegner Pierpaolo Collarin e il gruppo di maggioranza\u00bb.\u00a0 <\/span><\/em><span style=\"color: #000000; font-family: Helvetica;\">La societ\u00e0 presenta ora un solido equilibrio economico-finanziario: \u00abEd \u00e8 pronta a partecipare all&#8217;imminente affidamento del servizio di raccolta provinciale da parte del Bacino Dolomiti &#8211; dice l&#8217;amministratore unici di Ponte Servizi Pierpaolo Collarin &#8211; e all\u2019auspicato processo di aggregazione tra le societ\u00e0 pubbliche locali del settore\u00bb.<\/span><\/p>\n\n\t\t\t<style type='text\/css'>\n\t\t\t\t#gallery-1 {\n\t\t\t\t\tmargin: auto;\n\t\t\t\t}\n\t\t\t\t#gallery-1 .gallery-item {\n\t\t\t\t\tfloat: left;\n\t\t\t\t\tmargin-top: 10px;\n\t\t\t\t\ttext-align: center;\n\t\t\t\t\twidth: 33%;\n\t\t\t\t}\n\t\t\t\t#gallery-1 img {\n\t\t\t\t\tborder: 2px solid #cfcfcf;\n\t\t\t\t}\n\t\t\t\t#gallery-1 .gallery-caption {\n\t\t\t\t\tmargin-left: 0;\n\t\t\t\t}\n\t\t\t\t\/* see gallery_shortcode() in wp-includes\/media.php *\/\n\t\t\t<\/style>\n\t\t<div id='gallery-1' class='dt-gallery-container gallery galleryid-166379 gallery-columns-3 gallery-size-thumbnail'><dl class='gallery-item'>\n\t\t\t\t<dt class='gallery-icon landscape'>\n\t\t\t\t\t<a class=\"rollover rollover-zoom dt-pswp-item\" title=\"ponte alpi\" data-dt-img-description=\"\" data-large_image_width=\"1005\" data-large_image_height=\"814\"href='https:\/\/www.radiopiu.net\/wordpress\/wp-content\/uploads\/2020\/10\/Sede_municipale.jpg'><img loading=\"lazy\" decoding=\"async\" width=\"150\" height=\"150\" src=\"https:\/\/www.radiopiu.net\/wordpress\/wp-content\/uploads\/2020\/10\/Sede_municipale-150x150.jpg\" class=\"attachment-thumbnail size-thumbnail\" alt=\"\" \/><\/a>\n\t\t\t\t<\/dt><\/dl><dl class='gallery-item'>\n\t\t\t\t<dt class='gallery-icon landscape'>\n\t\t\t\t\t<a class=\"rollover rollover-zoom dt-pswp-item\" title=\"rifiuti\" data-dt-img-description=\"\" data-large_image_width=\"924\" data-large_image_height=\"616\"href='https:\/\/www.radiopiu.net\/wordpress\/wp-content\/uploads\/2020\/10\/Raccolta_Ponte_nelle_Alpi.jpg'><img loading=\"lazy\" decoding=\"async\" width=\"150\" height=\"150\" src=\"https:\/\/www.radiopiu.net\/wordpress\/wp-content\/uploads\/2020\/10\/Raccolta_Ponte_nelle_Alpi-150x150.jpg\" class=\"attachment-thumbnail size-thumbnail\" alt=\"\" \/><\/a>\n\t\t\t\t<\/dt><\/dl><dl class='gallery-item'>\n\t\t\t\t<dt class='gallery-icon landscape'>\n\t\t\t\t\t<a class=\"rollover rollover-zoom dt-pswp-item\" title=\"Ecocentro\" data-dt-img-description=\"\" data-large_image_width=\"1301\" data-large_image_height=\"770\"href='https:\/\/www.radiopiu.net\/wordpress\/wp-content\/uploads\/2020\/10\/Ecocentro.jpg'><img loading=\"lazy\" decoding=\"async\" width=\"150\" height=\"150\" src=\"https:\/\/www.radiopiu.net\/wordpress\/wp-content\/uploads\/2020\/10\/Ecocentro-150x150.jpg\" class=\"attachment-thumbnail size-thumbnail\" alt=\"\" \/><\/a>\n\t\t\t\t<\/dt><\/dl><br style=\"clear: both\" \/>\n\t\t\t<\/div>\n\n<p>&nbsp;<\/p>\n<\/div>\n<\/div>\n<\/div>\n<\/div>\n<\/div>\n","protected":false},"excerpt":{"rendered":"<p>PONTE NELLE ALPI Una capitalizzazione da 1,3 milioni di euro, coinvolge la Ponte Servizi Srl. E a portarla a termine \u00e8 il Comune di Ponte nelle Alpi che libera risorse attingendo (per circa 1,2 milioni) dall\u2019apposito Fondo, mentre una parte della cifra \u00e8 frutto dell\u2019avanzo di amministrazione.\u00a0Si aggiunge un ulteriore aumento di capitale a favore&hellip;<\/p>\n","protected":false},"author":4,"featured_media":166381,"comment_status":"closed","ping_status":"closed","sticky":false,"template":"","format":"standard","meta":{"_monsterinsights_skip_tracking":false,"_monsterinsights_sitenote_active":false,"_monsterinsights_sitenote_note":"","_monsterinsights_sitenote_category":0,"footnotes":""},"categories":[49],"tags":[],"class_list":["post-166379","post","type-post","status-publish","format-standard","has-post-thumbnail","hentry","category-news-18","category-49","description-off"],"img_url":"https:\/\/www.radiopiu.net\/wordpress\/wp-content\/uploads\/2020\/10\/Sede_municipale.jpg","_links":{"self":[{"href":"https:\/\/www.radiopiu.net\/wordpress\/wp-json\/wp\/v2\/posts\/166379","targetHints":{"allow":["GET"]}}],"collection":[{"href":"https:\/\/www.radiopiu.net\/wordpress\/wp-json\/wp\/v2\/posts"}],"about":[{"href":"https:\/\/www.radiopiu.net\/wordpress\/wp-json\/wp\/v2\/types\/post"}],"author":[{"embeddable":true,"href":"https:\/\/www.radiopiu.net\/wordpress\/wp-json\/wp\/v2\/users\/4"}],"replies":[{"embeddable":true,"href":"https:\/\/www.radiopiu.net\/wordpress\/wp-json\/wp\/v2\/comments?post=166379"}],"version-history":[{"count":0,"href":"https:\/\/www.radiopiu.net\/wordpress\/wp-json\/wp\/v2\/posts\/166379\/revisions"}],"wp:featuredmedia":[{"embeddable":true,"href":"https:\/\/www.radiopiu.net\/wordpress\/wp-json\/wp\/v2\/media\/166381"}],"wp:attachment":[{"href":"https:\/\/www.radiopiu.net\/wordpress\/wp-json\/wp\/v2\/media?parent=166379"}],"wp:term":[{"taxonomy":"category","embeddable":true,"href":"https:\/\/www.radiopiu.net\/wordpress\/wp-json\/wp\/v2\/categories?post=166379"},{"taxonomy":"post_tag","embeddable":true,"href":"https:\/\/www.radiopiu.net\/wordpress\/wp-json\/wp\/v2\/tags?post=166379"}],"curies":[{"name":"wp","href":"https:\/\/api.w.org\/{rel}","templated":true}]}}