{"id":166409,"date":"2020-10-15T05:44:33","date_gmt":"2020-10-15T03:44:33","guid":{"rendered":"https:\/\/www.radiopiu.net\/wordpress\/?p=166409"},"modified":"2020-10-15T06:03:34","modified_gmt":"2020-10-15T04:03:34","slug":"https-wp-me-p63lo7-hi1","status":"publish","type":"post","link":"https:\/\/www.radiopiu.net\/wordpress\/https-wp-me-p63lo7-hi1\/","title":{"rendered":"L&#8217;ARTE DI DUNIO  IN PIAZZETTA TANCON"},"content":{"rendered":"<p align=\"JUSTIFY\"><span style=\"font-size: large;\"><a class=\"dt-pswp-item\" href=\"https:\/\/www.radiopiu.net\/wordpress\/wp-content\/uploads\/2020\/10\/aeaeee7d-2bda-437d-814f-1a59993adc50.jpg\" data-dt-img-description=\"\" data-large_image_width=\"1510\" data-large_image_height=\"2048\"><img loading=\"lazy\" decoding=\"async\" class=\" wp-image-166410 alignleft\" src=\"https:\/\/www.radiopiu.net\/wordpress\/wp-content\/uploads\/2020\/10\/aeaeee7d-2bda-437d-814f-1a59993adc50-221x300.jpg\" alt=\"\" width=\"179\" height=\"243\" srcset=\"https:\/\/www.radiopiu.net\/wordpress\/wp-content\/uploads\/2020\/10\/aeaeee7d-2bda-437d-814f-1a59993adc50-221x300.jpg 221w, https:\/\/www.radiopiu.net\/wordpress\/wp-content\/uploads\/2020\/10\/aeaeee7d-2bda-437d-814f-1a59993adc50-755x1024.jpg 755w, https:\/\/www.radiopiu.net\/wordpress\/wp-content\/uploads\/2020\/10\/aeaeee7d-2bda-437d-814f-1a59993adc50-768x1042.jpg 768w, https:\/\/www.radiopiu.net\/wordpress\/wp-content\/uploads\/2020\/10\/aeaeee7d-2bda-437d-814f-1a59993adc50-1133x1536.jpg 1133w, https:\/\/www.radiopiu.net\/wordpress\/wp-content\/uploads\/2020\/10\/aeaeee7d-2bda-437d-814f-1a59993adc50.jpg 1510w\" sizes=\"auto, (max-width: 179px) 100vw, 179px\" \/><\/a><strong>CANALE D&#8217;AGORDO<\/strong> Un nuovo dipinto murale di 3,5<\/span><span style=\"color: #000000;\"><span style=\"font-size: large;\"> m\u00b2 <\/span><\/span><span style=\"font-size: large;\">si affaccia alla caratteristica piazzetta di Tancon di Canale d\u2019Agordo (Belluno), e l\u2019autore \u00e8 Dunio Piccolin. <\/span><span style=\"font-size: large;\">Un onore, come sostenuto da Dunio, \u00e8 stato quello poter dipingere nella piazzetta dove sono presenti gli antichi affreschi seicenteschi della Casa delle Regole e quelli del ciclo pittorico del Maestro Giuliano De Rocco sulla sua abitazione. <\/span><span style=\"font-size: large;\">Un\u2019 intenzione quella delle famiglie Baggio, Berno e Lolato, proprietarie dello stabile, di impreziosire la loro abitazione in uno <a class=\"dt-pswp-item\" href=\"https:\/\/www.radiopiu.net\/wordpress\/wp-content\/uploads\/2020\/10\/082e6256-491c-4deb-bff2-8833f55e09e3.jpg\" data-dt-img-description=\"\" data-large_image_width=\"1420\" data-large_image_height=\"1949\"><img loading=\"lazy\" decoding=\"async\" class=\"size-medium wp-image-166411 alignright\" src=\"https:\/\/www.radiopiu.net\/wordpress\/wp-content\/uploads\/2020\/10\/082e6256-491c-4deb-bff2-8833f55e09e3-219x300.jpg\" alt=\"\" width=\"219\" height=\"300\" srcset=\"https:\/\/www.radiopiu.net\/wordpress\/wp-content\/uploads\/2020\/10\/082e6256-491c-4deb-bff2-8833f55e09e3-219x300.jpg 219w, https:\/\/www.radiopiu.net\/wordpress\/wp-content\/uploads\/2020\/10\/082e6256-491c-4deb-bff2-8833f55e09e3-746x1024.jpg 746w, https:\/\/www.radiopiu.net\/wordpress\/wp-content\/uploads\/2020\/10\/082e6256-491c-4deb-bff2-8833f55e09e3-768x1054.jpg 768w, https:\/\/www.radiopiu.net\/wordpress\/wp-content\/uploads\/2020\/10\/082e6256-491c-4deb-bff2-8833f55e09e3-1119x1536.jpg 1119w, https:\/\/www.radiopiu.net\/wordpress\/wp-content\/uploads\/2020\/10\/082e6256-491c-4deb-bff2-8833f55e09e3.jpg 1420w\" sizes=\"auto, (max-width: 219px) 100vw, 219px\" \/><\/a>spazio ormai grigio dalla totale sparizione dell\u2019affresco precedente, e anche con il desiderio di abbellire ancor pi\u00f9 la piazzetta della Casa delle Regole, uno dei luoghi simbolo della Valle Biois. <\/span><span style=\"font-size: large;\">Un dipinto dai colori leggermente vivaci, quello creato da Dunio, il \u201cpittore di muri\u201d, che volge lo sguardo ad immagini del passato della comunit\u00e0 canalina: un duo con una mamma e un piccolo pastore al ritorno o alla partenza per i monti, a ricordo dell\u2019 \u201cumile\u201d, ma genuino, passato di questi luoghi; una fanciulla che ambisce a diventare la \u201cZinghenesta\u201d, che nel frattempo indossa qualche nastro colorato ai polsi, al collo e i classici calzini rossi e bianchi della \u201czingara\u201d, e nel frattempo ha gi\u00e0 preparato accanto a s\u00e9 il tradizionale cappello scuro e riccamente infiorato, che indosser\u00e0, si spera, quando sar\u00e0 il <a class=\"dt-pswp-item\" href=\"https:\/\/www.radiopiu.net\/wordpress\/wp-content\/uploads\/2020\/10\/2ef63e44-f36c-48f7-a52e-5bea8ec14004.jpg\" data-dt-img-description=\"\" data-large_image_width=\"1503\" data-large_image_height=\"2048\"><img loading=\"lazy\" decoding=\"async\" class=\"size-medium wp-image-166412 alignleft\" src=\"https:\/\/www.radiopiu.net\/wordpress\/wp-content\/uploads\/2020\/10\/2ef63e44-f36c-48f7-a52e-5bea8ec14004-220x300.jpg\" alt=\"\" width=\"220\" height=\"300\" srcset=\"https:\/\/www.radiopiu.net\/wordpress\/wp-content\/uploads\/2020\/10\/2ef63e44-f36c-48f7-a52e-5bea8ec14004-220x300.jpg 220w, https:\/\/www.radiopiu.net\/wordpress\/wp-content\/uploads\/2020\/10\/2ef63e44-f36c-48f7-a52e-5bea8ec14004-752x1024.jpg 752w, https:\/\/www.radiopiu.net\/wordpress\/wp-content\/uploads\/2020\/10\/2ef63e44-f36c-48f7-a52e-5bea8ec14004-768x1046.jpg 768w, https:\/\/www.radiopiu.net\/wordpress\/wp-content\/uploads\/2020\/10\/2ef63e44-f36c-48f7-a52e-5bea8ec14004-1127x1536.jpg 1127w, https:\/\/www.radiopiu.net\/wordpress\/wp-content\/uploads\/2020\/10\/2ef63e44-f36c-48f7-a52e-5bea8ec14004.jpg 1503w\" sizes=\"auto, (max-width: 220px) 100vw, 220px\" \/><\/a>momento giusto. <\/span><span style=\"font-size: large;\">Accanto alla bimba un cesto contenente alcuni simboli di Canale, dalla lanterna, in ricordo del passato minerario della comunit\u00e0 a uno stilizzato copricapo papale, la Tiara, a prefigurare il \u201cpaese del papa\u201d. <\/span><span style=\"font-size: large;\">Segue un personaggio della fantasia, in omaggio a uno di quelli presente in alcuni disegni di Giuliano De Rocco; dietro lui, a chiudere il dipinto, delle foglie svolazzanti tendenti a sfumare l\u2019irregolare contorno del fondo del dipinto antico preesistente.<\/span><\/p>\n<blockquote>\n<p align=\"JUSTIFY\"><em><span style=\"font-size: large;\">Ed \u00e8 cos\u00ec, in questo affresco, e in altri dipinti creati in questi ultimi anni, che la \u201cValle coi Santi alle Finestre\u201d ha una certa rinascita culturale, con sembianze diverse da quelle della raffigurazione dei Santi, ma che ribadisce ancora una volta la sensibilit\u00e0 degli abitanti della Valle del Biois verso la decorazione murale e soprattutto per la cura dei propri luoghi. <\/span><\/em><\/p>\n<\/blockquote>\n","protected":false},"excerpt":{"rendered":"<p>CANALE D&#8217;AGORDO Un nuovo dipinto murale di 3,5 m\u00b2 si affaccia alla caratteristica piazzetta di Tancon di Canale d\u2019Agordo (Belluno), e l\u2019autore \u00e8 Dunio Piccolin. Un onore, come sostenuto da Dunio, \u00e8 stato quello poter dipingere nella piazzetta dove sono presenti gli antichi affreschi seicenteschi della Casa delle Regole e quelli del ciclo pittorico del&hellip;<\/p>\n","protected":false},"author":4,"featured_media":166410,"comment_status":"closed","ping_status":"closed","sticky":false,"template":"","format":"standard","meta":{"_monsterinsights_skip_tracking":false,"_monsterinsights_sitenote_active":false,"_monsterinsights_sitenote_note":"","_monsterinsights_sitenote_category":0,"footnotes":""},"categories":[104,49],"tags":[],"class_list":["post-166409","post","type-post","status-publish","format-standard","has-post-thumbnail","hentry","category-evidenza_3","category-news-18","category-104","category-49","description-off"],"img_url":"https:\/\/www.radiopiu.net\/wordpress\/wp-content\/uploads\/2020\/10\/aeaeee7d-2bda-437d-814f-1a59993adc50.jpg","_links":{"self":[{"href":"https:\/\/www.radiopiu.net\/wordpress\/wp-json\/wp\/v2\/posts\/166409","targetHints":{"allow":["GET"]}}],"collection":[{"href":"https:\/\/www.radiopiu.net\/wordpress\/wp-json\/wp\/v2\/posts"}],"about":[{"href":"https:\/\/www.radiopiu.net\/wordpress\/wp-json\/wp\/v2\/types\/post"}],"author":[{"embeddable":true,"href":"https:\/\/www.radiopiu.net\/wordpress\/wp-json\/wp\/v2\/users\/4"}],"replies":[{"embeddable":true,"href":"https:\/\/www.radiopiu.net\/wordpress\/wp-json\/wp\/v2\/comments?post=166409"}],"version-history":[{"count":0,"href":"https:\/\/www.radiopiu.net\/wordpress\/wp-json\/wp\/v2\/posts\/166409\/revisions"}],"wp:featuredmedia":[{"embeddable":true,"href":"https:\/\/www.radiopiu.net\/wordpress\/wp-json\/wp\/v2\/media\/166410"}],"wp:attachment":[{"href":"https:\/\/www.radiopiu.net\/wordpress\/wp-json\/wp\/v2\/media?parent=166409"}],"wp:term":[{"taxonomy":"category","embeddable":true,"href":"https:\/\/www.radiopiu.net\/wordpress\/wp-json\/wp\/v2\/categories?post=166409"},{"taxonomy":"post_tag","embeddable":true,"href":"https:\/\/www.radiopiu.net\/wordpress\/wp-json\/wp\/v2\/tags?post=166409"}],"curies":[{"name":"wp","href":"https:\/\/api.w.org\/{rel}","templated":true}]}}