{"id":166441,"date":"2020-10-15T05:50:54","date_gmt":"2020-10-15T03:50:54","guid":{"rendered":"https:\/\/www.radiopiu.net\/wordpress\/?p=166441"},"modified":"2020-10-15T06:00:37","modified_gmt":"2020-10-15T04:00:37","slug":"nelle-ultime-24-ore-muore-un-73enne-covid-positivo-33-positivi-11-in-casa-di-riposo-2-pazienti-in-terapia-intensiva-36-in-corsia","status":"publish","type":"post","link":"https:\/\/www.radiopiu.net\/wordpress\/nelle-ultime-24-ore-muore-un-73enne-covid-positivo-33-positivi-11-in-casa-di-riposo-2-pazienti-in-terapia-intensiva-36-in-corsia\/","title":{"rendered":"NELLE ULTIME 24 ORE: MUORE UN 73ENNE COVID POSITIVO,  33 POSITIVI (11 IN CASA DI RIPOSO) 2 PAZIENTI IN TERAPIA INTENSIVA, 36 IN CORSIA"},"content":{"rendered":"<p><span style=\"color: #0000ff;\">EMERGENZA CASE DI RIPOSO, DOPO CORTINA ( situazione stabile) PREOCCUPANO I CASI DI LAMON (4 operatori positivi, 15 persone isolate) E PONTE NELLE ALPI (15 positivi). Al San Martino tre reparti costretti a riprogrammare l&#8217;attivit\u00e0 dopo che tre operatori sono stati trovati positivi al covid. I NUMERI IN PROVINCIA AUMENTANO DI GIORNO IN GIORNO. IERI IN ITALIA IL GIORNO DEI RECORD +7332 POSITIVI, 43 I MORTI. IN VENETO +836 POSITIVI 7 PAZIENTI IN RIANIMAZIONE 46 (+7)<\/span><\/p>\n<blockquote>\n<h3>NELLE ULTIME 24 ORE: MUORE UN 73ENNE COVID POSITIVO DI SAN VITO DI CADORE, 33 POSITIVI (11 IN CASA DI RIPOSO) 2 PAZIENTI IN TERAPIA INTENSIVA, 36 IN CORSIA<\/h3>\n<\/blockquote>\n<p style=\"text-align: center;\" align=\"JUSTIFY\"><strong><span style=\"color: #ff0000;\">SOSPESA L&#8217;ATTIVITA&#8217; CHIRURGICA AL SAN MARTINO, RIPRENDERA&#8217; IL 26 OTTOBRE<\/span><\/strong><\/p>\n<p align=\"JUSTIFY\"><span style=\"font-size: medium;\"><strong><img loading=\"lazy\" decoding=\"async\" class=\"alignleft\" src=\"https:\/\/www.radiopiu.net\/wordpress\/wp-content\/uploads\/2020\/03\/covid-ulss.jpg\" width=\"246\" height=\"185\" \/>BELLUNO<\/strong> Nelle ultime 24 ore sono emerse 33 nuove positivit\u00e0, 11\u00a0 nelle case di riposo, 10 nei Comuni del Comelico-Cadore-Ampezzano, le altre si riferiscono a singoli contesti in ambito provinciale senza evidenza di particolari aggregazioni. <\/span><span style=\"font-size: medium;\">Si tratta in prevalenza di persone che hanno effettuato il tampone di controllo in quanto contatto di caso e quindi gi\u00e0 isolati. <\/span><b style=\"font-size: medium;\">Ricoveri <\/b><span style=\"font-size: medium;\">Le persone attualmente ricoverate negli ospedali dell\u2019Ulss Dolomiti sono 26 in area non critica a Belluno, 10 a Feltre e 2 in terapia intensiva a Belluno. <\/span><span style=\"font-size: medium;\"><b>Decessi <\/b><\/span><span style=\"font-size: medium;\">Nella notte tra il 13 e 14 ottobre \u00e8 deceduto un paziente covid positivo di 73 anni ricoverato in Pneumologia Covid a Belluno.\u00a0 <\/span><span style=\"font-size: medium;\"><b>Ospedale di Belluno <\/b><\/span><span style=\"font-size: medium;\">A seguito del riscontro di alcune positivit\u00e0 tra operatori sanitari nell\u2019ambito dell\u2019area omogenea di assistenza del 3\u00b0 piano del Blocco Chirurgico, l\u2019attivit\u00e0 programmata delle unit\u00e0 operative di Chirurgia, Urologia e Nefrologia dell\u2019ospedale di Belluno \u00e8 stata sospesa e riprender\u00e0 il 26 ottobre. Sar\u00e0 garantita l\u2019attivit\u00e0 di emergenza delle unit\u00e0 operative indicate mentre l\u2019attivit\u00e0 in urgenza sar\u00e0 dirottata all\u2019ospedale di Feltre, con il supporto della Centrale Operativa 118. <\/span><span style=\"font-size: medium;\"><b>Drive-in Feltre <\/b><\/span>Dal 16 ottobre 2020 il drive-in tamponi di Feltre sar\u00e0 operativo tutti i giorni dalle 8.30 alle 12.30 in via delle Industrie \u2013 zona Peschiera nell\u2019area dell\u2019ex fabbrica Marangoni a FELTRE, con accesso libero per bambini, ragazzi e adulti sintomatici del mondo della scuola e rientri dall\u2019estero. Fino al 15 ottobre compreso continuer\u00e0 ad essere attivo il drive in tamponi di Borgo Ruga , 34 \u2013 accesso da via Panoramica. <span style=\"font-size: large;\"><b>Nuove disposizioni su quarantena <\/b>Modificata<\/span><span style=\"font-size: medium;\"> la durata della quarantena, con particolare riferimento ai casi positivi asintomatici e ai contatti stretti di caso. Per queste tipologie di persone la quarantena \u00e8 ridotta da 14 a 10 giorni con previsione, per i casi positivi asintomatici, di un unico tampone molecolare a fine quarantena in luogo dei due precedenti. Un unico tampone \u00e8 anche previsto per la fine della quarantena nei soggetti positivi sintomatici per i quali dopo almeno 10 giorni di isolamento, pu\u00f2 essere disattivato l\u2019obbligo di isolamento a condizione che il soggetto sia senza sintomi da almeno 3 giorni.\u00a0<\/span><span style=\"font-size: medium;\">Importante \u00e8 anche la possibilit\u00e0 di interrompere l\u2019isolamento dopo 21 giorni dalla comparsa dei sintomi nei casi positivi a lungo termine, considerato che dopo tre settimane dall\u2019esordio clinico questi soggetti non sono \u201cinfettanti\u201d. <\/span><span style=\"font-size: medium;\">Queste nuove misure quarantenarie saranno di regola applicate per tutti i nuovi soggetti positivi o contatti presi in carico.<\/span><\/p>\n<p>&nbsp;<\/p>\n<p>&nbsp;<\/p>\n","protected":false},"excerpt":{"rendered":"<p>EMERGENZA CASE DI RIPOSO, DOPO CORTINA ( situazione stabile) PREOCCUPANO I CASI DI LAMON (4 operatori positivi, 15 persone isolate) E PONTE NELLE ALPI (15 positivi). Al San Martino tre reparti costretti a riprogrammare l&#8217;attivit\u00e0 dopo che tre operatori sono stati trovati positivi al covid. I NUMERI IN PROVINCIA AUMENTANO DI GIORNO IN GIORNO. IERI&hellip;<\/p>\n","protected":false},"author":4,"featured_media":121260,"comment_status":"closed","ping_status":"closed","sticky":false,"template":"","format":"standard","meta":{"_monsterinsights_skip_tracking":false,"_monsterinsights_sitenote_active":false,"_monsterinsights_sitenote_note":"","_monsterinsights_sitenote_category":0,"footnotes":""},"categories":[1,104,49],"tags":[],"class_list":["post-166441","post","type-post","status-publish","format-standard","has-post-thumbnail","hentry","category-senza-categoria","category-evidenza_3","category-news-18","category-1","category-104","category-49","description-off"],"img_url":"https:\/\/www.radiopiu.net\/wordpress\/wp-content\/uploads\/2020\/03\/covid-ulss.jpg","_links":{"self":[{"href":"https:\/\/www.radiopiu.net\/wordpress\/wp-json\/wp\/v2\/posts\/166441","targetHints":{"allow":["GET"]}}],"collection":[{"href":"https:\/\/www.radiopiu.net\/wordpress\/wp-json\/wp\/v2\/posts"}],"about":[{"href":"https:\/\/www.radiopiu.net\/wordpress\/wp-json\/wp\/v2\/types\/post"}],"author":[{"embeddable":true,"href":"https:\/\/www.radiopiu.net\/wordpress\/wp-json\/wp\/v2\/users\/4"}],"replies":[{"embeddable":true,"href":"https:\/\/www.radiopiu.net\/wordpress\/wp-json\/wp\/v2\/comments?post=166441"}],"version-history":[{"count":0,"href":"https:\/\/www.radiopiu.net\/wordpress\/wp-json\/wp\/v2\/posts\/166441\/revisions"}],"wp:featuredmedia":[{"embeddable":true,"href":"https:\/\/www.radiopiu.net\/wordpress\/wp-json\/wp\/v2\/media\/121260"}],"wp:attachment":[{"href":"https:\/\/www.radiopiu.net\/wordpress\/wp-json\/wp\/v2\/media?parent=166441"}],"wp:term":[{"taxonomy":"category","embeddable":true,"href":"https:\/\/www.radiopiu.net\/wordpress\/wp-json\/wp\/v2\/categories?post=166441"},{"taxonomy":"post_tag","embeddable":true,"href":"https:\/\/www.radiopiu.net\/wordpress\/wp-json\/wp\/v2\/tags?post=166441"}],"curies":[{"name":"wp","href":"https:\/\/api.w.org\/{rel}","templated":true}]}}