{"id":166543,"date":"2020-10-15T14:26:00","date_gmt":"2020-10-15T12:26:00","guid":{"rendered":"https:\/\/www.radiopiu.net\/wordpress\/?p=166543"},"modified":"2020-10-15T14:26:00","modified_gmt":"2020-10-15T12:26:00","slug":"studio-fondazione-isi-torino-uninterrogazione-per-lamministratore-delegato-della-rai","status":"publish","type":"post","link":"https:\/\/www.radiopiu.net\/wordpress\/studio-fondazione-isi-torino-uninterrogazione-per-lamministratore-delegato-della-rai\/","title":{"rendered":"STUDIO FONDAZIONE ISI TORINO, UN&#8217;INTERROGAZIONE PER L&#8217;AMMINISTRATORE DELEGATO DELLA RAI"},"content":{"rendered":"<blockquote>\n<h3><\/h3>\n<\/blockquote>\n<p><strong><a class=\"dt-pswp-item\" href=\"https:\/\/www.radiopiu.net\/wordpress\/wp-content\/uploads\/2020\/10\/tee-34001_960_720.png\" data-dt-img-description=\"\" data-large_image_width=\"889\" data-large_image_height=\"720\"><img loading=\"lazy\" decoding=\"async\" class=\"size-medium wp-image-166544 alignleft\" src=\"https:\/\/www.radiopiu.net\/wordpress\/wp-content\/uploads\/2020\/10\/tee-34001_960_720-300x243.png\" alt=\"\" width=\"300\" height=\"243\" srcset=\"https:\/\/www.radiopiu.net\/wordpress\/wp-content\/uploads\/2020\/10\/tee-34001_960_720-300x243.png 300w, https:\/\/www.radiopiu.net\/wordpress\/wp-content\/uploads\/2020\/10\/tee-34001_960_720-768x622.png 768w, https:\/\/www.radiopiu.net\/wordpress\/wp-content\/uploads\/2020\/10\/tee-34001_960_720.png 889w\" sizes=\"auto, (max-width: 300px) 100vw, 300px\" \/><\/a>ROMA<\/strong> Interrogazione per i vertici della televisione di Stato dopo quanto divulgato dal TG1 delle 20 che ha messo in croce la Provincia di Belluno &#8220;la pi\u00f9 contagiata&#8221;. La firma il Deputato Dario Bondo <em>&#8220;Vogliamo sapere se \u00e8 stato preso in considerazione il danno di immagine nei confronti della provincia di Belluno e le ricadute possibili a livello di turismo\u00bb. <\/em>E&#8217; il saluto introduttivo di Bond.\u00a0<em>\u00abLo studio &#8211; continua &#8211;\u00a0 ha svolto una semplicistica elaborazione statistica, mettendo in relazione il numero dei casi di infezione accertati nel Bellunese con la sua popolazione; e ha elaborato delle ipotesi puramente statistiche sul possibile rischio di contagio. Questa precisazione non ha avuto modo di essere spiegata ai telespettatori del telegiornale, che anzi ha connotato il territorio bellunese come il pi\u00f9 infetto d\u2019Italia. Ne \u00e8 derivato un giudizio tutt&#8217;altro che astratto, come invece \u00e8 lo studio Isi; un giudizio secondo cui Belluno \u00e8 la provincia pi\u00f9 pericolosa del Paese per livello del contagio\u00bb. <\/em>Secondo il Deputato il Forza Italia Il dato statistico prescinde dal livello di prevenzione applicato nel territorio e dal numero di tamponi effettuati nell\u2019ultimo periodo. Per cui, anche se statisticamente la provincia di Belluno registra un numero alto di positivi al Covid 19, ci\u00f2 va imputato in particolar modo al fatto che il sistema sanitario locale \u00e8 particolarmente attivo nella prevenzione. Inoltre, il riferimento acritico a questo dato \u00e8 stato presentato come un indice di pericolosit\u00e0 del territorio per effetto dell\u2019applicazione di un ulteriore rapporto matematico, meramente astratto, di calcolo della possibile diffusione del contagio. <em>&#8220;In tal modo &#8211; precisa Bond &#8211;\u00a0 si \u00e8 attribuito alla provincia di Belluno una patente negativa. Il fatto di scambiare per certezza quello che invece costituisce il riscontro di uno studio che fotografa solo in parte la realt\u00e0 ha comportato la diffusione di un\u2019immagine del territorio pessima e non veritiera. Il che costituisce un grave pregiudizio per l\u2019economia locale, soprattutto alla vigilia della stagione sciistica, con Mondiali 2021 all\u2019orizzonte\u00bb.\u00a0<\/em>Infine il fulcro della missiva, l&#8217;interrogazione al presidente e amministratore delegato della Rai: <em>\u00abI vertici della concessionaria pubblica non ritengono opportuno intervenire in modo che sia osservato il principio di completezza dell\u2019informazione, al fine di evitare che la diffusione di dati parziali non si risolva in un danno di immagine per i territori oggetto di distorta attenzione?\u00bb.<\/em><\/p>\n","protected":false},"excerpt":{"rendered":"<p>ROMA Interrogazione per i vertici della televisione di Stato dopo quanto divulgato dal TG1 delle 20 che ha messo in croce la Provincia di Belluno &#8220;la pi\u00f9 contagiata&#8221;. La firma il Deputato Dario Bondo &#8220;Vogliamo sapere se \u00e8 stato preso in considerazione il danno di immagine nei confronti della provincia di Belluno e le ricadute&hellip;<\/p>\n","protected":false},"author":4,"featured_media":166544,"comment_status":"closed","ping_status":"closed","sticky":false,"template":"","format":"standard","meta":{"_monsterinsights_skip_tracking":false,"_monsterinsights_sitenote_active":false,"_monsterinsights_sitenote_note":"","_monsterinsights_sitenote_category":0,"footnotes":""},"categories":[49],"tags":[],"class_list":["post-166543","post","type-post","status-publish","format-standard","has-post-thumbnail","hentry","category-news-18","category-49","description-off"],"img_url":"https:\/\/www.radiopiu.net\/wordpress\/wp-content\/uploads\/2020\/10\/tee-34001_960_720.png","_links":{"self":[{"href":"https:\/\/www.radiopiu.net\/wordpress\/wp-json\/wp\/v2\/posts\/166543","targetHints":{"allow":["GET"]}}],"collection":[{"href":"https:\/\/www.radiopiu.net\/wordpress\/wp-json\/wp\/v2\/posts"}],"about":[{"href":"https:\/\/www.radiopiu.net\/wordpress\/wp-json\/wp\/v2\/types\/post"}],"author":[{"embeddable":true,"href":"https:\/\/www.radiopiu.net\/wordpress\/wp-json\/wp\/v2\/users\/4"}],"replies":[{"embeddable":true,"href":"https:\/\/www.radiopiu.net\/wordpress\/wp-json\/wp\/v2\/comments?post=166543"}],"version-history":[{"count":0,"href":"https:\/\/www.radiopiu.net\/wordpress\/wp-json\/wp\/v2\/posts\/166543\/revisions"}],"wp:featuredmedia":[{"embeddable":true,"href":"https:\/\/www.radiopiu.net\/wordpress\/wp-json\/wp\/v2\/media\/166544"}],"wp:attachment":[{"href":"https:\/\/www.radiopiu.net\/wordpress\/wp-json\/wp\/v2\/media?parent=166543"}],"wp:term":[{"taxonomy":"category","embeddable":true,"href":"https:\/\/www.radiopiu.net\/wordpress\/wp-json\/wp\/v2\/categories?post=166543"},{"taxonomy":"post_tag","embeddable":true,"href":"https:\/\/www.radiopiu.net\/wordpress\/wp-json\/wp\/v2\/tags?post=166543"}],"curies":[{"name":"wp","href":"https:\/\/api.w.org\/{rel}","templated":true}]}}