{"id":166549,"date":"2020-10-16T05:33:15","date_gmt":"2020-10-16T03:33:15","guid":{"rendered":"https:\/\/www.radiopiu.net\/wordpress\/?p=166549"},"modified":"2020-10-16T06:10:06","modified_gmt":"2020-10-16T04:10:06","slug":"martina-dal-coro-arcobaleno-ad-una-canzone-tutta-sua","status":"publish","type":"post","link":"https:\/\/www.radiopiu.net\/wordpress\/martina-dal-coro-arcobaleno-ad-una-canzone-tutta-sua\/","title":{"rendered":"MARTINA DAL CORO ARCOBALENO AD UNA CANZONE TUTTA SUA"},"content":{"rendered":"<p><strong><a class=\"dt-pswp-item\" href=\"https:\/\/www.radiopiu.net\/wordpress\/wp-content\/uploads\/2020\/10\/116331401_1936189056511257_3292760548016994992_o.jpg\" data-dt-img-description=\"\" data-large_image_width=\"1080\" data-large_image_height=\"718\"><img loading=\"lazy\" decoding=\"async\" class=\"size-medium wp-image-166551 alignright\" src=\"https:\/\/www.radiopiu.net\/wordpress\/wp-content\/uploads\/2020\/10\/116331401_1936189056511257_3292760548016994992_o-300x199.jpg\" alt=\"\" width=\"300\" height=\"199\" srcset=\"https:\/\/www.radiopiu.net\/wordpress\/wp-content\/uploads\/2020\/10\/116331401_1936189056511257_3292760548016994992_o-300x199.jpg 300w, https:\/\/www.radiopiu.net\/wordpress\/wp-content\/uploads\/2020\/10\/116331401_1936189056511257_3292760548016994992_o-1024x681.jpg 1024w, https:\/\/www.radiopiu.net\/wordpress\/wp-content\/uploads\/2020\/10\/116331401_1936189056511257_3292760548016994992_o-768x511.jpg 768w, https:\/\/www.radiopiu.net\/wordpress\/wp-content\/uploads\/2020\/10\/116331401_1936189056511257_3292760548016994992_o.jpg 1080w\" sizes=\"auto, (max-width: 300px) 100vw, 300px\" \/><\/a>BELLUNO<\/strong> Martina \u00e8 una ragazzina di talento, 11 anni e frequenta la prima media. La sua passione per il canto l&#8217;ha gi\u00e0 espressa da tempo nel Coro Arcobaleno di Limana, ma ha pure partecipato ad importanti concorsi canori. Voleva una canzone tutta sua Martina, ed ora il sogno si realizza, rappresenta il momento che sta vivendo, da ragazzina, oltre il mondo dei &#8220;grandi&#8221;. Per raggiungere l&#8217;obiettivo Martina si \u00e8 rivolta ad un autore esperto in testi di canzoni per i pi\u00f9 giovani, dai bambini agli adolescenti ed ecco che ne \u00e8 uscito un brano meraviglioso dedicato all&#8217;amicizia. L&#8217;autore \u00e8 Lodovico Saccol e con Martina Morobianco ha scritto e musica il pezzo gi\u00e0 presente sulla piattaforma you tube.<\/p>\n<div class=\"nc684nl6\"><a class=\"oajrlxb2 g5ia77u1 qu0x051f esr5mh6w e9989ue4 r7d6kgcz rq0escxv nhd2j8a9 nc684nl6 p7hjln8o kvgmc6g5 cxmmr5t8 oygrvhab hcukyx3x jb3vyjys rz4wbd8a qt6c0cv9 a8nywdso i1ao9s8h esuyzwwr f1sip0of lzcic4wl gmql0nx0 gpro0wi8\" tabindex=\"0\" role=\"link\" href=\"https:\/\/www.facebook.com\/lodovico.saccol?comment_id=Y29tbWVudDoxOTM2MTg5MDg2NTExMjU0XzE5MzYzMzI1NTY0OTY5MDc%3D&amp;__tn__=R*F\"><span class=\"pq6dq46d\"><span class=\"d2edcug0 hpfvmrgz qv66sw1b c1et5uql rrkovp55 a8c37x1j keod5gw0 nxhoafnm aigsh9s9 d9wwppkn fe6kdd0r mau55g9w c8b282yb mdeji52x e9vueds3 j5wam9gi lrazzd5p oo9gr5id\" dir=\"auto\"><a class=\"dt-pswp-item\" href=\"https:\/\/www.radiopiu.net\/wordpress\/wp-content\/uploads\/2020\/10\/121589073_10222879257720274_3600273504231180514_o.jpg\" data-dt-img-description=\"\" data-large_image_width=\"1920\" data-large_image_height=\"1920\"><img loading=\"lazy\" decoding=\"async\" class=\"wp-image-166552 alignleft\" src=\"https:\/\/www.radiopiu.net\/wordpress\/wp-content\/uploads\/2020\/10\/121589073_10222879257720274_3600273504231180514_o-300x300.jpg\" alt=\"\" width=\"131\" height=\"131\" srcset=\"https:\/\/www.radiopiu.net\/wordpress\/wp-content\/uploads\/2020\/10\/121589073_10222879257720274_3600273504231180514_o-300x300.jpg 300w, https:\/\/www.radiopiu.net\/wordpress\/wp-content\/uploads\/2020\/10\/121589073_10222879257720274_3600273504231180514_o-1024x1024.jpg 1024w, https:\/\/www.radiopiu.net\/wordpress\/wp-content\/uploads\/2020\/10\/121589073_10222879257720274_3600273504231180514_o-150x150.jpg 150w, https:\/\/www.radiopiu.net\/wordpress\/wp-content\/uploads\/2020\/10\/121589073_10222879257720274_3600273504231180514_o-768x768.jpg 768w, https:\/\/www.radiopiu.net\/wordpress\/wp-content\/uploads\/2020\/10\/121589073_10222879257720274_3600273504231180514_o-1536x1536.jpg 1536w, https:\/\/www.radiopiu.net\/wordpress\/wp-content\/uploads\/2020\/10\/121589073_10222879257720274_3600273504231180514_o.jpg 1920w\" sizes=\"auto, (max-width: 131px) 100vw, 131px\" \/><\/a>Lodovico Saccol<\/span><\/span><\/a> <em><em>&#8220;<\/em><\/em>Il giorno in cui Martina mi chiese &#8220;scrivi un pezzo per me ?&#8221; io le risposi &#8220;no, ma scriverei volentieri un pezzo con te. Le diedi un po&#8217; di compiti per casa e nacque un testo con cui abbiamo giocato in studio fino a farlo diventare una canzone delicata come lei. Che parla di amicizia vera, che non urla, che ci ricorda sorridendo la bellezza di avere 11 anni. <em>\u00a0E&#8217; stato un piacere realizzare assieme il pezzo. Tanti &#8220;adulti&#8221; vengono a registrare in studio da me, ma la &#8220;professionalit\u00e0&#8221; e la simpatia che ieri hanno pervaso lo studio mi hanno confermato perch\u00e9 faccio quel che faccio. E ne sono felice. Martina \u00e8 stata pi\u00f9 professionale di me in tutto il lavoro&#8221;.<\/em><\/div>\n<div dir=\"auto\"><\/div>\n<div id=\"content\" class=\"style-scope ytd-app\">\n<div id=\"columns\" class=\"style-scope ytd-watch-flexy\">\n<div id=\"primary\" class=\"style-scope ytd-watch-flexy\">\n<div id=\"primary-inner\" class=\"style-scope ytd-watch-flexy\">\n<div id=\"info\" class=\"style-scope ytd-watch-flexy\">\n<div id=\"info-contents\" class=\"style-scope ytd-watch-flexy\">\n<div id=\"container\" class=\"style-scope ytd-video-primary-info-renderer\">\n<h1 class=\"title style-scope ytd-video-primary-info-renderer\">Quanto vale un&#8217;amica &#8211; Martina Morobianco<\/h1>\n<\/div>\n<\/div>\n<\/div>\n<\/div>\n<\/div>\n<\/div>\n<\/div>\n<p><iframe loading=\"lazy\" title=\"Quanto vale un&#039;amica - Martina Morobianco\" width=\"1200\" height=\"675\" src=\"https:\/\/www.youtube.com\/embed\/T-LWNoKjgeg?feature=oembed\" frameborder=\"0\" allow=\"accelerometer; autoplay; clipboard-write; encrypted-media; gyroscope; picture-in-picture\" allowfullscreen><\/iframe><\/p>\n<div id=\"content\" class=\"style-scope ytd-app\">\n<div id=\"columns\" class=\"style-scope ytd-watch-flexy\">\n<div id=\"primary\" class=\"style-scope ytd-watch-flexy\">\n<div id=\"primary-inner\" class=\"style-scope ytd-watch-flexy\">\n<div id=\"meta\" class=\"style-scope ytd-watch-flexy\">\n<div id=\"meta-contents\" class=\"style-scope ytd-watch-flexy\">\n<div id=\"container\" class=\"style-scope ytd-video-secondary-info-renderer\">\n<div id=\"top-row\" class=\"style-scope ytd-video-secondary-info-renderer\">\n<div id=\"upload-info\" class=\"style-scope ytd-video-owner-renderer\">\n<div id=\"container\" class=\"style-scope ytd-channel-name\">\n<div id=\"text-container\" class=\"style-scope ytd-channel-name\"><a class=\"yt-simple-endpoint style-scope yt-formatted-string\" dir=\"auto\" spellcheck=\"false\" href=\"https:\/\/www.youtube.com\/channel\/UC4VOll7Bj7V3lxIENpSqx-Q\">LodoMusicProduction<\/a><\/div>\n<div>testo di M. Morobianco e L. Saccol<\/div>\n<div>musica e produzione di L. Saccol<\/div>\n<div>video realizzato da Anna Reolon<\/div>\n<div><\/div>\n<\/div>\n<div>\n<div id=\"content\" class=\"style-scope ytd-app\">\n<div id=\"columns\" class=\"style-scope ytd-watch-flexy\">\n<div id=\"primary\" class=\"style-scope ytd-watch-flexy\">\n<div id=\"primary-inner\" class=\"style-scope ytd-watch-flexy\">\n<div id=\"meta\" class=\"style-scope ytd-watch-flexy\">\n<div id=\"meta-contents\" class=\"style-scope ytd-watch-flexy\">\n<div id=\"container\" class=\"style-scope ytd-video-secondary-info-renderer\">\n<div id=\"content\" class=\"style-scope ytd-expander\">\n<div id=\"description\" class=\"style-scope ytd-video-secondary-info-renderer\">QUANTO VALE UN&#8217;AMICA<\/div>\n<div class=\"style-scope ytd-video-secondary-info-renderer\">I pensieri pi\u00f9 strani, le parole pi\u00f9 vere,<\/div>\n<div class=\"style-scope ytd-video-secondary-info-renderer\">i segreti nascosti, che non fanno dormire.<\/div>\n<div class=\"style-scope ytd-video-secondary-info-renderer\">Le cose pi\u00f9 belle che ti fanno sognare,<\/div>\n<div class=\"style-scope ytd-video-secondary-info-renderer\">a qualcuno le devi pur dire.<\/div>\n<div class=\"style-scope ytd-video-secondary-info-renderer\">Le fatiche pi\u00f9 forti, le giornate pi\u00f9 dure,<\/div>\n<div class=\"style-scope ytd-video-secondary-info-renderer\">i momenti di felicit\u00e0.<\/div>\n<div class=\"style-scope ytd-video-secondary-info-renderer\">Anche quando davvero non ti senti capita,<\/div>\n<div class=\"style-scope ytd-video-secondary-info-renderer\">c\u2019\u00e8 qualcuno che ti capir\u00e0<\/div>\n<\/div>\n<\/div>\n<\/div>\n<div><\/div>\n<div>\n<div id=\"content\" class=\"style-scope ytd-app\">\n<div id=\"columns\" class=\"style-scope ytd-watch-flexy\">\n<div id=\"primary\" class=\"style-scope ytd-watch-flexy\">\n<div id=\"primary-inner\" class=\"style-scope ytd-watch-flexy\">\n<div id=\"meta\" class=\"style-scope ytd-watch-flexy\">\n<div id=\"meta-contents\" class=\"style-scope ytd-watch-flexy\">\n<div id=\"container\" class=\"style-scope ytd-video-secondary-info-renderer\">\n<div id=\"content\" class=\"style-scope ytd-expander\">\n<div id=\"description\" class=\"style-scope ytd-video-secondary-info-renderer\">Quanto vale un\u2019amica, non ha prezzo davvero,<\/div>\n<div class=\"style-scope ytd-video-secondary-info-renderer\">un\u2019amica non ti fa mancare un abbraccio sincero.<\/div>\n<div class=\"style-scope ytd-video-secondary-info-renderer\">E se ridi, se piangi, se corri: \u00e8 pi\u00f9 bello con lei.<\/div>\n<div class=\"style-scope ytd-video-secondary-info-renderer\">Lei che pi\u00f9 di ogni altro sa, sa davvero chi sei.<\/div>\n<div class=\"style-scope ytd-video-secondary-info-renderer\">Basta solo uno sguardo, e non serve parlare,<\/div>\n<div class=\"style-scope ytd-video-secondary-info-renderer\">le risate pi\u00f9 folli, mille mille avventure.<\/div>\n<div class=\"style-scope ytd-video-secondary-info-renderer\">Tornare da scuola, con il giro pi\u00f9 lungo,<\/div>\n<div class=\"style-scope ytd-video-secondary-info-renderer\">altrimenti il tempo non baster\u00e0.<\/div>\n<div class=\"style-scope ytd-video-secondary-info-renderer\">E ti dici di tutto, anche i tuoi difetti,<\/div>\n<div class=\"style-scope ytd-video-secondary-info-renderer\">e lo sai non ti vergognerai.<\/div>\n<div class=\"style-scope ytd-video-secondary-info-renderer\">Anche se fai la scema, o se fai confusione,<\/div>\n<div class=\"style-scope ytd-video-secondary-info-renderer\">perch\u00e9 lei non ti giudica mai.<\/div>\n<\/div>\n<div><\/div>\n<div>\n<div id=\"content\" class=\"style-scope ytd-app\">\n<div id=\"columns\" class=\"style-scope ytd-watch-flexy\">\n<div id=\"primary\" class=\"style-scope ytd-watch-flexy\">\n<div id=\"primary-inner\" class=\"style-scope ytd-watch-flexy\">\n<div id=\"meta\" class=\"style-scope ytd-watch-flexy\">\n<div id=\"meta-contents\" class=\"style-scope ytd-watch-flexy\">\n<div id=\"container\" class=\"style-scope ytd-video-secondary-info-renderer\">\n<div id=\"content\" class=\"style-scope ytd-expander\">\n<div id=\"description\" class=\"style-scope ytd-video-secondary-info-renderer\">Un\u2019amica ti sgrida, se smarrisci la strada,<\/div>\n<div class=\"style-scope ytd-video-secondary-info-renderer\">dice anche le cose che non vuoi sentire.<\/div>\n<div class=\"style-scope ytd-video-secondary-info-renderer\">L\u2019amicizia pi\u00f9 vera, quando sbagli di brutto,<\/div>\n<div class=\"style-scope ytd-video-secondary-info-renderer\">ti far\u00e0 ricordare, ricordare chi sei.<\/div>\n<div><\/div>\n<div>\n<div id=\"content\" class=\"style-scope ytd-app\">\n<div id=\"columns\" class=\"style-scope ytd-watch-flexy\">\n<div id=\"primary\" class=\"style-scope ytd-watch-flexy\">\n<div id=\"primary-inner\" class=\"style-scope ytd-watch-flexy\">\n<div id=\"meta\" class=\"style-scope ytd-watch-flexy\">\n<div id=\"meta-contents\" class=\"style-scope ytd-watch-flexy\">\n<div id=\"container\" class=\"style-scope ytd-video-secondary-info-renderer\">\n<div id=\"content\" class=\"style-scope ytd-expander\">\n<div id=\"description\" class=\"style-scope ytd-video-secondary-info-renderer\">Quanto vale un\u2019amica, non ha prezzo davvero,<\/div>\n<div class=\"style-scope ytd-video-secondary-info-renderer\">un\u2019amica non ti fa mancare un abbraccio sincero.<\/div>\n<div class=\"style-scope ytd-video-secondary-info-renderer\">E se ridi, se piangi, se corri: \u00e8 pi\u00f9 bello con lei.<\/div>\n<div class=\"style-scope ytd-video-secondary-info-renderer\">Lei che pi\u00f9 di ogni altro, sa davvero chi sei.<\/div>\n<\/div>\n<\/div>\n<\/div>\n<\/div>\n<\/div>\n<\/div>\n<\/div>\n<\/div>\n<\/div>\n<\/div>\n<\/div>\n<\/div>\n<\/div>\n<\/div>\n<\/div>\n<\/div>\n<\/div>\n<\/div>\n<\/div>\n<\/div>\n<\/div>\n<\/div>\n<\/div>\n<\/div>\n<\/div>\n<\/div>\n<div><\/div>\n<div>\n<div id=\"content\" class=\"style-scope ytd-app\">\n<div id=\"columns\" class=\"style-scope ytd-watch-flexy\">\n<div id=\"primary\" class=\"style-scope ytd-watch-flexy\">\n<div id=\"primary-inner\" class=\"style-scope ytd-watch-flexy\">\n<div id=\"meta\" class=\"style-scope ytd-watch-flexy\">\n<div id=\"meta-contents\" class=\"style-scope ytd-watch-flexy\">\n<div id=\"container\" class=\"style-scope ytd-video-secondary-info-renderer\">\n<div id=\"content\" class=\"style-scope ytd-expander\">\n<div id=\"description\" class=\"style-scope ytd-video-secondary-info-renderer\">Quanto vale un\u2019amica: tutto l\u2019oro del mondo.<\/div>\n<div class=\"style-scope ytd-video-secondary-info-renderer\">Se ti tiene per mano, lo sai:<\/div>\n<div class=\"style-scope ytd-video-secondary-info-renderer\">non andrai mai a fondo.<\/div>\n<\/div>\n<div id=\"always-shown\" class=\"style-scope ytd-metadata-row-container-renderer\"><\/div>\n<\/div>\n<\/div>\n<\/div>\n<\/div>\n<\/div>\n<\/div>\n<\/div>\n<\/div>\n<\/div>\n<\/div>\n<\/div>\n<\/div>\n<\/div>\n<\/div>\n<\/div>\n<div><\/div>\n<\/div>\n<\/div>\n<\/div>\n<\/div>\n<\/div>\n<\/div>\n<\/div>\n<\/div>\n","protected":false},"excerpt":{"rendered":"<p>BELLUNO Martina \u00e8 una ragazzina di talento, 11 anni e frequenta la prima media. La sua passione per il canto l&#8217;ha gi\u00e0 espressa da tempo nel Coro Arcobaleno di Limana, ma ha pure partecipato ad importanti concorsi canori. Voleva una canzone tutta sua Martina, ed ora il sogno si realizza, rappresenta il momento che sta&hellip;<\/p>\n","protected":false},"author":4,"featured_media":166551,"comment_status":"closed","ping_status":"closed","sticky":false,"template":"","format":"standard","meta":{"_monsterinsights_skip_tracking":false,"_monsterinsights_sitenote_active":false,"_monsterinsights_sitenote_note":"","_monsterinsights_sitenote_category":0,"footnotes":""},"categories":[51,49],"tags":[],"class_list":["post-166549","post","type-post","status-publish","format-standard","has-post-thumbnail","hentry","category-evidenza-top","category-news-18","category-51","category-49","description-off"],"img_url":"https:\/\/www.radiopiu.net\/wordpress\/wp-content\/uploads\/2020\/10\/116331401_1936189056511257_3292760548016994992_o.jpg","_links":{"self":[{"href":"https:\/\/www.radiopiu.net\/wordpress\/wp-json\/wp\/v2\/posts\/166549","targetHints":{"allow":["GET"]}}],"collection":[{"href":"https:\/\/www.radiopiu.net\/wordpress\/wp-json\/wp\/v2\/posts"}],"about":[{"href":"https:\/\/www.radiopiu.net\/wordpress\/wp-json\/wp\/v2\/types\/post"}],"author":[{"embeddable":true,"href":"https:\/\/www.radiopiu.net\/wordpress\/wp-json\/wp\/v2\/users\/4"}],"replies":[{"embeddable":true,"href":"https:\/\/www.radiopiu.net\/wordpress\/wp-json\/wp\/v2\/comments?post=166549"}],"version-history":[{"count":0,"href":"https:\/\/www.radiopiu.net\/wordpress\/wp-json\/wp\/v2\/posts\/166549\/revisions"}],"wp:featuredmedia":[{"embeddable":true,"href":"https:\/\/www.radiopiu.net\/wordpress\/wp-json\/wp\/v2\/media\/166551"}],"wp:attachment":[{"href":"https:\/\/www.radiopiu.net\/wordpress\/wp-json\/wp\/v2\/media?parent=166549"}],"wp:term":[{"taxonomy":"category","embeddable":true,"href":"https:\/\/www.radiopiu.net\/wordpress\/wp-json\/wp\/v2\/categories?post=166549"},{"taxonomy":"post_tag","embeddable":true,"href":"https:\/\/www.radiopiu.net\/wordpress\/wp-json\/wp\/v2\/tags?post=166549"}],"curies":[{"name":"wp","href":"https:\/\/api.w.org\/{rel}","templated":true}]}}