{"id":166587,"date":"2020-10-16T05:36:37","date_gmt":"2020-10-16T03:36:37","guid":{"rendered":"https:\/\/www.radiopiu.net\/wordpress\/?p=166587"},"modified":"2020-10-16T06:09:19","modified_gmt":"2020-10-16T04:09:19","slug":"hockey-rinviata-a-data-da-destinarsi-la-sfida-tra-merano-ed-alleghe","status":"publish","type":"post","link":"https:\/\/www.radiopiu.net\/wordpress\/hockey-rinviata-a-data-da-destinarsi-la-sfida-tra-merano-ed-alleghe\/","title":{"rendered":"HOCKEY: RINVIATA A DATA DA DESTINARSI LA SFIDA TRA MERANO ED ALLEGHE"},"content":{"rendered":"<p><strong><a class=\"dt-pswp-item\" href=\"https:\/\/www.radiopiu.net\/wordpress\/wp-content\/uploads\/2018\/12\/HOCKEY-BBB.jpg\" data-dt-img-description=\"\" data-large_image_width=\"1920\" data-large_image_height=\"1200\"><img loading=\"lazy\" decoding=\"async\" class=\" wp-image-70532 alignleft\" src=\"https:\/\/www.radiopiu.net\/wordpress\/wp-content\/uploads\/2018\/12\/HOCKEY-BBB-300x188.jpg\" alt=\"\" width=\"147\" height=\"92\" srcset=\"https:\/\/www.radiopiu.net\/wordpress\/wp-content\/uploads\/2018\/12\/HOCKEY-BBB-300x188.jpg 300w, https:\/\/www.radiopiu.net\/wordpress\/wp-content\/uploads\/2018\/12\/HOCKEY-BBB-768x480.jpg 768w, https:\/\/www.radiopiu.net\/wordpress\/wp-content\/uploads\/2018\/12\/HOCKEY-BBB-1024x640.jpg 1024w, https:\/\/www.radiopiu.net\/wordpress\/wp-content\/uploads\/2018\/12\/HOCKEY-BBB.jpg 1920w\" sizes=\"auto, (max-width: 147px) 100vw, 147px\" \/><\/a>ALLEGHE<\/strong> Non si giocher\u00e0 sabato sera la partita valida per il campionato IHL tra Merano ed Alleghe. La notizia era nell&#8217;aria da alcuni giorni, cio\u00e8 da quando all&#8217;interno della squadra altoatesina sono state trovate alcune positivit\u00e0 al Covid-19. Si doveva giocare alla MeranArena ma la sfida \u00e8 stata rinviata a data da destinarsi. Gi\u00e0 la scorsa settimana il Merano aveva dovuto rinunciare alla sfida con il Fiemme per la stessa motivazione.<\/p>\n","protected":false},"excerpt":{"rendered":"<p>ALLEGHE Non si giocher\u00e0 sabato sera la partita valida per il campionato IHL tra Merano ed Alleghe. La notizia era nell&#8217;aria da alcuni giorni, cio\u00e8 da quando all&#8217;interno della squadra altoatesina sono state trovate alcune positivit\u00e0 al Covid-19. Si doveva giocare alla MeranArena ma la sfida \u00e8 stata rinviata a data da destinarsi. Gi\u00e0 la&hellip;<\/p>\n","protected":false},"author":4,"featured_media":70532,"comment_status":"closed","ping_status":"closed","sticky":false,"template":"","format":"standard","meta":{"_monsterinsights_skip_tracking":false,"_monsterinsights_sitenote_active":false,"_monsterinsights_sitenote_note":"","_monsterinsights_sitenote_category":0,"footnotes":""},"categories":[51,104,49,72],"tags":[],"class_list":["post-166587","post","type-post","status-publish","format-standard","has-post-thumbnail","hentry","category-evidenza-top","category-evidenza_3","category-news-18","category-sport","category-51","category-104","category-49","category-72","description-off"],"img_url":"https:\/\/www.radiopiu.net\/wordpress\/wp-content\/uploads\/2018\/12\/HOCKEY-BBB.jpg","_links":{"self":[{"href":"https:\/\/www.radiopiu.net\/wordpress\/wp-json\/wp\/v2\/posts\/166587","targetHints":{"allow":["GET"]}}],"collection":[{"href":"https:\/\/www.radiopiu.net\/wordpress\/wp-json\/wp\/v2\/posts"}],"about":[{"href":"https:\/\/www.radiopiu.net\/wordpress\/wp-json\/wp\/v2\/types\/post"}],"author":[{"embeddable":true,"href":"https:\/\/www.radiopiu.net\/wordpress\/wp-json\/wp\/v2\/users\/4"}],"replies":[{"embeddable":true,"href":"https:\/\/www.radiopiu.net\/wordpress\/wp-json\/wp\/v2\/comments?post=166587"}],"version-history":[{"count":0,"href":"https:\/\/www.radiopiu.net\/wordpress\/wp-json\/wp\/v2\/posts\/166587\/revisions"}],"wp:featuredmedia":[{"embeddable":true,"href":"https:\/\/www.radiopiu.net\/wordpress\/wp-json\/wp\/v2\/media\/70532"}],"wp:attachment":[{"href":"https:\/\/www.radiopiu.net\/wordpress\/wp-json\/wp\/v2\/media?parent=166587"}],"wp:term":[{"taxonomy":"category","embeddable":true,"href":"https:\/\/www.radiopiu.net\/wordpress\/wp-json\/wp\/v2\/categories?post=166587"},{"taxonomy":"post_tag","embeddable":true,"href":"https:\/\/www.radiopiu.net\/wordpress\/wp-json\/wp\/v2\/tags?post=166587"}],"curies":[{"name":"wp","href":"https:\/\/api.w.org\/{rel}","templated":true}]}}