{"id":166610,"date":"2020-10-16T18:31:31","date_gmt":"2020-10-16T16:31:31","guid":{"rendered":"https:\/\/www.radiopiu.net\/wordpress\/?p=166610"},"modified":"2020-10-17T06:26:40","modified_gmt":"2020-10-17T04:26:40","slug":"giornale-radiopiu-16-ottobre-2020-direttore-mirko-mezzacasa","status":"publish","type":"post","link":"https:\/\/www.radiopiu.net\/wordpress\/giornale-radiopiu-16-ottobre-2020-direttore-mirko-mezzacasa\/","title":{"rendered":"GIORNALE RADIOPIU 16 OTTOBRE 2020 DIRETTORE MIRKO MEZZACASA"},"content":{"rendered":"<h3><strong>PER RICEVERE QUESTO NOTIZIARIO DIRETTAMENTE SUL TUO CELLULARE ISCRIVITI AL CANALE TELEGRAM <\/strong><strong>\u201cRADIO PIU\u00a0 INFORMAZIONE&#8221;<\/strong><\/h3>\n<p><em>ATTENZIONE: LA NUOVA APP PER IOS-IPHONE<\/em><\/p>\n<div>\n<div><a href=\"https:\/\/apps.apple.com\/it\/app\/radio-pi%C3%B9-emittente-agordina\/id1515939845\">https:\/\/apps.apple.com\/it\/app\/radio-pi%C3%B9-emittente-agordina\/id1515939845<\/a><\/div>\n<\/div>\n<div><\/div>\n<div>\n<div dir=\"auto\"><em>ATTENZIONE: LA NUOVA APP RADIO\u00a0 PER ANDROID<\/em><\/div>\n<\/div>\n<p><a href=\"https:\/\/play.google.com\/store\/apps\/details?id=net.radiopiu.iniko\" target=\"_blank\" rel=\"noopener noreferrer\">https:\/\/play.google.com\/store\/apps\/details?id=net.radiopiu.iniko<\/a><\/p>\n<p>&nbsp;<\/p>\n<p>&nbsp;<\/p>\n<hr \/>\n<p>&nbsp;<\/p>\n<blockquote>\n<h3>CHIUSURA DI VIA VATICANO A TAIBON AGORDINO PER ASFALTATURA<\/h3>\n<\/blockquote>\n<p><strong>TAIBON<\/strong> Oggi dalle 7 alle 18 sar\u00e0 chiusa al traffico veicolare Via Vaticano a Taibon Agordino. Lavori di fresatura e asfaltatura in programma.<\/p>\n<p>&nbsp;<\/p>\n<p>&nbsp;<\/p>\n<hr \/>\n<p>&nbsp;<\/p>\n<h3><span style=\"color: #0000ff;\">PER CHI VIAGGIA: <span style=\"color: #000000;\">negli spostamenti Agordo-Belluno prendetevi per tempo, sono due i semafori (non sincronizzati) tra La Stanga\u00a0 e Candaten. Disagi notevoli nelle ore di cambio turno in Luxottica ad Agordo.\u00a0<\/span><\/span><\/h3>\n<p>&nbsp;<\/p>\n<hr \/>\n<p>&nbsp;<\/p>\n<p><strong>SP 37 VILLAPAIERA &#8211; FELTRE &#8211;\u00a0 <\/strong>Fino al 30 ottobre (compresi festivi e prefestivi) in abitato di Villapaiera interdizione totale al transito per sistemazione condotta fognaria<\/p>\n<p><strong>PROVINCIALE 8 SAN TOMASO<\/strong> nuovo senso unico alternato fino al 13 novembre compresi festivi e prefestivi in localit\u00e0 ROI per realizzazione acquedotto<\/p>\n<p>&nbsp;<\/p>\n<p>&nbsp;<\/p>\n<hr \/>\n<p>&nbsp;<\/p>\n<p><strong>SELVA DI CADORE<\/strong> Gestione Servizi Pubblici informa che a SELVA DI CADORE in LOCALITA&#8217; L&#8217; ANDRIA, l&#8217;acqua erogata dall&#8217;acquedotto \u00e8 di nuovo potabile e pu\u00f2 essere usata, quindi, per scopi alimentari. Per informazioni \u00e8 possibile contattare il Servizio Clienti al numero 800 306 999 o +39 0445 230521 (da estero) .<\/p>\n<p>&nbsp;<\/p>\n<hr \/>\n<p>&nbsp;<\/p>\n<blockquote>\n<h3>SCUOLA, I DATI DI POSITIVIT\u00c0 AL COVID-19 AL 10 OTTOBRE 2020<\/h3>\n<\/blockquote>\n<p><strong>ROMA\u00a0<\/strong>Il Ministero dell\u2019Istruzione comunica che, alla data del 10 ottobre, gli studenti contagiati sono pari allo 0,080% (5.793 casi di positivit\u00e0), per il personale docente la percentuale \u00e8 dello 0,133% del totale (1.020 casi), per il personale non docente si parla dello 0,139% (283 casi).\u00a0I dati del monitoraggio, condotto dal Ministero dell\u2019Istruzione con la collaborazione dei dirigenti scolastici, sono stati condivisi con l\u2019Istituto Superiore di Sanit\u00e0.<\/p>\n<p>&nbsp;<\/p>\n<hr \/>\n<p>&nbsp;<\/p>\n<blockquote>\n<h3>MORTO IL RAGAZZO MAROCCHINO INVESTITO SABATO A LENTIAI<\/h3>\n<\/blockquote>\n<p><strong><a class=\"dt-pswp-item\" href=\"https:\/\/www.radiopiu.net\/wordpress\/wp-content\/uploads\/2020\/10\/855fd19b-c22a-4280-a9a2-36f17a1b7cbf.jpg\" data-dt-img-description=\"\" data-large_image_width=\"720\" data-large_image_height=\"1440\"><img loading=\"lazy\" decoding=\"async\" class=\" wp-image-166670 alignleft\" src=\"https:\/\/www.radiopiu.net\/wordpress\/wp-content\/uploads\/2020\/10\/855fd19b-c22a-4280-a9a2-36f17a1b7cbf-150x300.jpg\" alt=\"\" width=\"103\" height=\"206\" srcset=\"https:\/\/www.radiopiu.net\/wordpress\/wp-content\/uploads\/2020\/10\/855fd19b-c22a-4280-a9a2-36f17a1b7cbf-150x300.jpg 150w, https:\/\/www.radiopiu.net\/wordpress\/wp-content\/uploads\/2020\/10\/855fd19b-c22a-4280-a9a2-36f17a1b7cbf-512x1024.jpg 512w, https:\/\/www.radiopiu.net\/wordpress\/wp-content\/uploads\/2020\/10\/855fd19b-c22a-4280-a9a2-36f17a1b7cbf.jpg 720w\" sizes=\"auto, (max-width: 103px) 100vw, 103px\" \/><\/a>FONZASO<\/strong>\u00a0 Walid il diciottenne marocchino che nello scorso fine settimana \u00e8 stato investito a Lentiai non ce l&#8217;ha fatta. Gravi le lesioni riportate in seguito all&#8217;incidente. Il ragazzo, residente a Fonzaso, \u00e8 spirato all&#8217;Ospedale di Treviso. Il giovane \u00e8 morto all\u2019ospedale di Treviso, in seguito alle gravi lesioni riportate,\u00a0 Walid Attouch\u00a0 che risiedeva a Fonzaso\u00a0 alle 5 di mattina di sabato \u00e8\u00a0 stato investito da un\u2019auto, una Renault condotta da una 56enne di Mel,\u00a0 nei pressi del Bar Pizzin, vicino a Lentiai, lungo la strada provinciale 1.\u00a0 I carabinieri avevano spiegato che il giovane, nel momento in cui si \u00e8 verificato l\u2019investimento, stava attraversando la strada in un punto non illuminato e fuori dalle strisce pedonali. Le condizioni di Walid, l&#8217;impatto, sono parse fin da subito gravissime. La donna che lo ha investito ha chiamato i soccorsi, e dalla centrale del Suem 118 \u00e8 stata inviata immediatamente un&#8217;ambulanza per il trasporto al Pronto Soccorso dell&#8217;ospedale di Feltre. Walid aveva saputo inserirsi bene della comunit\u00e0 di Fonzaso, molti i messaggi sulla sua pagina facebook dai tanti amici. &#8220;Ti porter\u00f2 nel cuore&#8221; , scrive l&#8217;amico Max.\u00a0 \u00a0Messaggio di cordoglio anche da\u00a0 Maria Giovanna,\u00a0 i suoi nipoti vanno a scuola con i fratelli di Walid.<\/p>\n<p>&nbsp;<\/p>\n<p>&nbsp;<\/p>\n<hr \/>\n<p>&nbsp;<\/p>\n<blockquote>\n<h2><strong>Il Rotary Club di Belluno piange la scomparsa di Nino Vicari<\/strong><\/h2>\n<\/blockquote>\n<p><em><strong>Santin: \u00abEsprimo sentimenti di riconoscenza per i valori rotariani che ha trasmesso\u00bb<\/strong><\/em><\/p>\n<p><a class=\"dt-pswp-item\" href=\"https:\/\/www.radiopiu.net\/wordpress\/wp-content\/uploads\/2020\/10\/nino_vicari.jpg\" data-dt-img-description=\"\" data-large_image_width=\"388\" data-large_image_height=\"415\"><img loading=\"lazy\" decoding=\"async\" class=\" wp-image-166617 alignleft\" src=\"https:\/\/www.radiopiu.net\/wordpress\/wp-content\/uploads\/2020\/10\/nino_vicari-280x300.jpg\" alt=\"\" width=\"123\" height=\"132\" srcset=\"https:\/\/www.radiopiu.net\/wordpress\/wp-content\/uploads\/2020\/10\/nino_vicari-280x300.jpg 280w, https:\/\/www.radiopiu.net\/wordpress\/wp-content\/uploads\/2020\/10\/nino_vicari.jpg 388w\" sizes=\"auto, (max-width: 123px) 100vw, 123px\" \/><\/a><strong>BELLUNO<\/strong> Il Rotary Club Belluno piange la scomparsa del socio Antonino Vicari Sottosanti. Nno era una persona limpida e uomo caro a tutti i soci del Rotary bellunese. Esempio di amicizia rotariana visse il club con assiduit\u00e0 di presenze e con grande spirito di servizio, tanto da esserne eletto presidente nell&#8217;anno 1998-1999. Straordinario fu il viaggio che organizz\u00f2 in quell&#8217;anno, con meta la Sicilia, per accompagnare i rotariani bellunesi sulla tomba di Baldassarre Crescimanno, artefice della costituzione del club di Belluno e suo Segretario a vita. Negli anni seguenti Nino offr\u00ec la sua disponibilit\u00e0 per l&#8217;assistenza medica all&#8217;Handicamp estivo del Rotary di Albarella e continu\u00f2 ad affiancare il club in svariate iniziative. <em>\u00abPosso esprimere a nome mio personale e di tutto il club &#8211; le parole della presidente Mariachiara Santin &#8211; sentimenti di riconoscenza per i valori rotariani che ha trasmesso e fatti propri nella professione e nella vita ed esprimere il nostro cordoglio per la sua perdita\u00bb.<\/em><\/p>\n<p>&nbsp;<\/p>\n<p>&nbsp;<\/p>\n<hr \/>\n<p>&nbsp;<\/p>\n<blockquote>\n<h3>NUOVO PRONTO SOCCORSO AD AGORDO: VIA AL CANTIERE<\/h3>\n<\/blockquote>\n<p align=\"CENTER\"><span style=\"font-size: large;\"><i>Spostato il punto prelievi nel corpo C da luned\u00ec 19 ottobre<\/i><\/span><\/p>\n<p><strong><img decoding=\"async\" class=\"alignleft\" src=\"https:\/\/www.radiopiu.net\/wordpress\/wp-content\/uploads\/2015\/10\/Entrata-Agordo-300x225.jpg\" \/>AGORDO<\/strong> Luned\u00ec partir\u00e0 il cantiere per la ristrutturazione del Pronto Soccorso di Agordo. Per consentire i lavori in sicurezza, il punto prelievi sar\u00e0 spostato dal fronte Sud dell\u2019ospedale al fronte NORD \u2013 corpo C dell\u2019ospedale di Agordo-, nell\u2019area attualmente dedicata alle donazioni di sangue . La programmazione di queste ultime non sar\u00e0 sospesa. Il nuovo percorso di ingresso degli utenti\u00a0 \u00e8 stato segnato con apposita cartellonistica e sono stati dedicati alcuni parcheggi riservati per i prelievi dalle 7 alle 10.\u00a0 L\u2019accesso al punto prelievi per le analisi del sangue \u00e8 su prenotazione telefonica tramite CUP.<\/p>\n<blockquote><p>La ristrutturazione e l\u2019ampliamento Pronto Soccorso di Agordo sono finanziati con 2,5 milioni dal Fondo Comuni Confinanti, come da convenzione firmata tra Ulss e Provincia di Belluno, e per 500 mila euro dalla Regione del Veneto. I lavori consistono nell\u2019ampliamento della superficie dedicata al Pronto Soccorso, in interventi strutturali volti al miglioramento sismico dell\u2019Ospedale e nella messa a norma dal punto di vista impiantistico ed antincendio dell\u2019area oggetto d\u2019intervento situata al piano terra. In particolare, sar\u00e0 ristrutturata l\u2019attuale area interna del PS, sar\u00e0 costruita una nuova camera calda e saranno sistemate le aree esterne curando la viabilit\u00e0 e la sicurezza degli accessi. Nel dettaglio, saranno ristrutturati gli ambienti interni al volume ospedaliero, collocati nell\u2019ala sud-est del piano terra dell\u2019edificio C, per una superficie lorda complessiva di 740 mq lordi e sar\u00e0 costruita una nuova area esterna, corrisponde al volume esterno della camera calda e dei relativi spazi di supporto. Il volume si sviluppa su una superficie coperta di 325 mq lordi per l\u2019altezza di un solo piano. Il nuovo fabbricato sar\u00e0 articolato in tre volumi distinti: il primo a ridosso dell\u2019edificio conterr\u00e0 gli spazi di supporto e i necessari filtri d\u2019ingresso, il secondo, di forma trapezoidale, costituisce la camera calda vera e propria e presenter\u00e0 un lato smussato per consentire esternamente il passaggio dei mezzi di servizio attorno al fabbricato ed il terzo \u00e8 costituito dalla rimessa delle ambulanze. Per quanto riguarda le opere di miglioramento sismico \u00e8 prevista la realizzazione delle pareti antisismiche collocate all\u2019esterno del fabbricato.<em> \u00abIl progetto di ampliamento e ristrutturazione dell\u2019Ospedale di Agordo mira a potenziare e consolidare il presidio, offrendo ai cittadini una struttura funzionale al territorio con maggiore confort e sicurezza per l\u2019utenza di un servizio nevralgico come il Pronto Soccorso\u00bb, spiega il Direttore Generale Adriano Rasi Caldogno, \u00abIl finanziamento di quest\u2019opere a servizio della comunit\u00e0 con i fondi delle aree di confine e il cofinanziamento della Regione Veneto sono una azione concreta per consolidare e potenziare i servizi sanitari della montagna\u00bb.<\/em><\/p><\/blockquote>\n<p>&nbsp;<\/p>\n<p><strong>DAL NOTIZIARIO DEL 4 OTTOBRE 2019\u00a0<\/strong><\/p>\n<blockquote class=\"wp-embedded-content\" data-secret=\"ktUujnhesD\"><p><a href=\"https:\/\/www.radiopiu.net\/wordpress\/approvato-il-progetto-di-ristrutturazione-e-ampliamento-del-pronto-soccorso-di-agordo\/\">APPROVATO IL PROGETTO DI RISTRUTTURAZIONE DEL PRONTO SOCCORSO DI AGORDO<\/a><\/p><\/blockquote>\n<p><iframe loading=\"lazy\" class=\"wp-embedded-content\" sandbox=\"allow-scripts\" security=\"restricted\" style=\"position: absolute; clip: rect(1px, 1px, 1px, 1px);\" title=\"&#8220;APPROVATO IL PROGETTO DI RISTRUTTURAZIONE DEL PRONTO SOCCORSO DI AGORDO&#8221; &#8212; Radio Pi\u00f9\" src=\"https:\/\/www.radiopiu.net\/wordpress\/approvato-il-progetto-di-ristrutturazione-e-ampliamento-del-pronto-soccorso-di-agordo\/embed\/#?secret=ktUujnhesD\" data-secret=\"ktUujnhesD\" width=\"600\" height=\"338\" frameborder=\"0\" marginwidth=\"0\" marginheight=\"0\" scrolling=\"no\"><\/iframe><\/p>\n<p>&nbsp;<\/p>\n<hr \/>\n<p>&nbsp;<\/p>\n<blockquote>\n<h3>VIGILI DEL FUOCO IMPEGNATI A LONGARONE PER UN&#8217;AUTO IN FIAMME<\/h3>\n<\/blockquote>\n<p><strong>LONGARONE<\/strong> Ieri\u00a0 alle 11:30 i Vigili del Fuoco di Belluno sono interventi a Longarone per un&#8217;auto alimentata a gas che aveva preso fuoco. Il fatto \u00e8 avvenuto all&#8217;incrocio tra la statale 51 di Alemagna e la regionale 251.<\/p>\n\n\t\t\t<style type='text\/css'>\n\t\t\t\t#gallery-1 {\n\t\t\t\t\tmargin: auto;\n\t\t\t\t}\n\t\t\t\t#gallery-1 .gallery-item {\n\t\t\t\t\tfloat: left;\n\t\t\t\t\tmargin-top: 10px;\n\t\t\t\t\ttext-align: center;\n\t\t\t\t\twidth: 33%;\n\t\t\t\t}\n\t\t\t\t#gallery-1 img {\n\t\t\t\t\tborder: 2px solid #cfcfcf;\n\t\t\t\t}\n\t\t\t\t#gallery-1 .gallery-caption {\n\t\t\t\t\tmargin-left: 0;\n\t\t\t\t}\n\t\t\t\t\/* see gallery_shortcode() in wp-includes\/media.php *\/\n\t\t\t<\/style>\n\t\t<div id='gallery-1' class='dt-gallery-container gallery galleryid-166610 gallery-columns-3 gallery-size-medium'><dl class='gallery-item'>\n\t\t\t\t<dt class='gallery-icon portrait'>\n\t\t\t\t\t<a class=\"rollover rollover-zoom dt-pswp-item\" title=\"Incendio auto Longarone\" data-dt-img-description=\"\" data-large_image_width=\"710\" data-large_image_height=\"1280\"href='https:\/\/www.radiopiu.net\/wordpress\/wp-content\/uploads\/2020\/10\/Incendio-auto-Longarone.jpg'><img loading=\"lazy\" decoding=\"async\" width=\"166\" height=\"300\" src=\"https:\/\/www.radiopiu.net\/wordpress\/wp-content\/uploads\/2020\/10\/Incendio-auto-Longarone-166x300.jpg\" class=\"attachment-medium size-medium\" alt=\"\" srcset=\"https:\/\/www.radiopiu.net\/wordpress\/wp-content\/uploads\/2020\/10\/Incendio-auto-Longarone-166x300.jpg 166w, https:\/\/www.radiopiu.net\/wordpress\/wp-content\/uploads\/2020\/10\/Incendio-auto-Longarone-568x1024.jpg 568w, https:\/\/www.radiopiu.net\/wordpress\/wp-content\/uploads\/2020\/10\/Incendio-auto-Longarone.jpg 710w\" sizes=\"auto, (max-width: 166px) 100vw, 166px\" \/><\/a>\n\t\t\t\t<\/dt><\/dl><dl class='gallery-item'>\n\t\t\t\t<dt class='gallery-icon landscape'>\n\t\t\t\t\t<a class=\"rollover rollover-zoom dt-pswp-item\" title=\"incendio_auto _longarone_1\" data-dt-img-description=\"\" data-large_image_width=\"1280\" data-large_image_height=\"961\"href='https:\/\/www.radiopiu.net\/wordpress\/wp-content\/uploads\/2020\/10\/incendio_auto-_longarone_1.jpg'><img loading=\"lazy\" decoding=\"async\" width=\"300\" height=\"225\" src=\"https:\/\/www.radiopiu.net\/wordpress\/wp-content\/uploads\/2020\/10\/incendio_auto-_longarone_1-300x225.jpg\" class=\"attachment-medium size-medium\" alt=\"\" srcset=\"https:\/\/www.radiopiu.net\/wordpress\/wp-content\/uploads\/2020\/10\/incendio_auto-_longarone_1-300x225.jpg 300w, https:\/\/www.radiopiu.net\/wordpress\/wp-content\/uploads\/2020\/10\/incendio_auto-_longarone_1-1024x769.jpg 1024w, https:\/\/www.radiopiu.net\/wordpress\/wp-content\/uploads\/2020\/10\/incendio_auto-_longarone_1-768x577.jpg 768w, https:\/\/www.radiopiu.net\/wordpress\/wp-content\/uploads\/2020\/10\/incendio_auto-_longarone_1.jpg 1280w\" sizes=\"auto, (max-width: 300px) 100vw, 300px\" \/><\/a>\n\t\t\t\t<\/dt><\/dl><dl class='gallery-item'>\n\t\t\t\t<dt class='gallery-icon landscape'>\n\t\t\t\t\t<a class=\"rollover rollover-zoom dt-pswp-item\" title=\"incendio auto longarone 2\" data-dt-img-description=\"\" data-large_image_width=\"1280\" data-large_image_height=\"961\"href='https:\/\/www.radiopiu.net\/wordpress\/wp-content\/uploads\/2020\/10\/incendio-auto-longarone-2.jpg'><img loading=\"lazy\" decoding=\"async\" width=\"300\" height=\"225\" src=\"https:\/\/www.radiopiu.net\/wordpress\/wp-content\/uploads\/2020\/10\/incendio-auto-longarone-2-300x225.jpg\" class=\"attachment-medium size-medium\" alt=\"\" srcset=\"https:\/\/www.radiopiu.net\/wordpress\/wp-content\/uploads\/2020\/10\/incendio-auto-longarone-2-300x225.jpg 300w, https:\/\/www.radiopiu.net\/wordpress\/wp-content\/uploads\/2020\/10\/incendio-auto-longarone-2-1024x769.jpg 1024w, https:\/\/www.radiopiu.net\/wordpress\/wp-content\/uploads\/2020\/10\/incendio-auto-longarone-2-768x577.jpg 768w, https:\/\/www.radiopiu.net\/wordpress\/wp-content\/uploads\/2020\/10\/incendio-auto-longarone-2.jpg 1280w\" sizes=\"auto, (max-width: 300px) 100vw, 300px\" \/><\/a>\n\t\t\t\t<\/dt><\/dl><br style=\"clear: both\" \/>\n\t\t\t<\/div>\n\n<p>&nbsp;<\/p>\n<hr \/>\n<p>&nbsp;<\/p>\n<blockquote>\n<h3>LUXOTTICA: TAMPONI PER I FAMIGLIARI E CONVIVENTI<\/h3>\n<\/blockquote>\n<p><strong><img loading=\"lazy\" decoding=\"async\" class=\"alignleft\" src=\"https:\/\/www.radiopiu.net\/wordpress\/wp-content\/uploads\/2020\/06\/d888d3f2-a895-4a2e-bc7e-dba64c0be174.jpg\" width=\"182\" height=\"136\" \/>AGORDO<\/strong> E&#8217; ufficiale Luxottica da oggi dar\u00e0\u00a0 la possibilit\u00e0\u00a0 ai\u00a0 dipendenti di Agordo e Cencenighe di prenotare on-line il tampone gratuito per i propri famigliari\/inquilini. La direzione invier\u00e0 un SMS\/EMAIL che rimander\u00e0 ad un link con tutti i dettagli. Tutti i tamponi verranno effettuati presso il centro One Sight\u00a0 solo su prenotazione. L&#8217;esito verr\u00e0 inviato via email.<\/p>\n<p>&nbsp;<\/p>\n<p>&nbsp;<\/p>\n<p>&nbsp;<\/p>\n<p>&nbsp;<\/p>\n<hr \/>\n<p>&nbsp;<\/p>\n<p><span style=\"color: #ff0000;\">IN UNA SETTIMANA SONO RADDOPPIATI I CASI, ANCHE IN VENETO (136 OGNI 100MILA ABITANTI +11,3%), VALLE D&#8217;AOSTA (205), CALABRIA (41) MEDIA ITALIA (144 +10,7%). A BELLUNO LA ULSS DOLOMITI CREA NUOVI POSTI LETTO PER FARE FRONTE ALLA SECONDA ONDATA DELL&#8217;EPIDEMIA. DOPPIO CONTAGIO IN MEDICINA AL SANTA MARIA DEL PRATO DI FELTRE, SOSPESI I RICOVERI DI URGENZA COME GIA&#8217; SUCCESSO PER LA CHIRURGIA ALL&#8217;OSPEDALE SAN MARTINO DI BELLUNO. IN CASA DI RIPOSO DI LAMON 3 CASI POSITIVI TRA IL PERSONALE DELLA CUCINA, AL PERSONALE E ALTRE DUE PERSONE ENTRATE IN CONTATTO CON I POSITIVI IL SECONDO CICLO DI TAMPONI HA DATO ESITO NEGATIVO. A BELLUNO CANCELLATA LA FIERA DI SAN MARTINO ERA IN PROGRAMMA PER IL 15 NOVEMBRE, CONFERMATA LA EX TEMPORE DI SCULTURA.<\/span><\/p>\n<blockquote>\n<h3>63 POSITIVI, UN DECESSO, POSITIVI 15 GIOCATORI E ANCHE IL PARROCO DI CORTINA<\/h3>\n<\/blockquote>\n<p><strong>CORTINA HOCKEY<\/strong>:\u00a0 15 positivi al Covid e 11 negativi tra i giocatori, mentre lo staff e i dirigenti che sono stati a stretto contatto con la squadra sono risultati tutti negativi. Per fortuna \u2013 fa presente ancora la societ\u00e0 \u2013 nessuno \u00e8 stato male e salvo qualche linea di febbre per 4 giocatori, tutti gli altri non hanno presentato sintomi. Le partite rinviate saranno tutte recuperate.<\/p>\n<p><strong>IL PARROCO<\/strong>\u00a0 E&#8217; risultato positivo al tampone anche don Ivano Brambilla, parroco-decano di Cortina d\u2019Ampezzo.\u00a0 &#8220;Sono gi\u00e0 state individuate e avvertite le persone con cui il sacerdote ha avuto stretti contatti nei tempi a rischio &#8211; spiegano dalla Diocesi di Belluno-Feltre -. Il personale dell\u2019Ulss 1 ha potuto verificare che il servizio compiuto nelle celebrazioni, presiedute da don Ivano, \u00e8 avvenuto nel pieno rispetto delle precauzioni sanitarie indicate, per cui non si deve ritenere a rischio chi vi ha partecipato con le dovute attenzioni&#8221;. Sospese\u00a0 tutte le messe dei giorni feriali, mentre rimangono quelle festive del sabato sera e della domenica.<\/p>\n<blockquote>\n<h3><\/h3>\n<\/blockquote>\n<p><strong><a class=\"dt-pswp-item\" href=\"https:\/\/www.radiopiu.net\/wordpress\/wp-content\/uploads\/2020\/09\/corona-aggiornamenti-copia.jpg\" data-dt-img-description=\"\" data-large_image_width=\"626\" data-large_image_height=\"417\"><img loading=\"lazy\" decoding=\"async\" class=\"size-medium wp-image-158956 alignleft\" src=\"https:\/\/www.radiopiu.net\/wordpress\/wp-content\/uploads\/2020\/09\/corona-aggiornamenti-copia-300x200.jpg\" alt=\"\" width=\"300\" height=\"200\" srcset=\"https:\/\/www.radiopiu.net\/wordpress\/wp-content\/uploads\/2020\/09\/corona-aggiornamenti-copia-300x200.jpg 300w, https:\/\/www.radiopiu.net\/wordpress\/wp-content\/uploads\/2020\/09\/corona-aggiornamenti-copia.jpg 626w\" sizes=\"auto, (max-width: 300px) 100vw, 300px\" \/><\/a>BELLUNO <\/strong>Nelle ultime ore sono emerse 63 nuove positivit\u00e0 Covid. Di queste, 19 sono riferite a case di riposo, 24 a Comuni del Comelico-Cadore-Ampezzano, le altre si riferiscono a singoli contesti in ambito provinciale senza evidenza di particolari aggregazioni. Si tratta in prevalenza di persone che hanno effettuato il tampone di controllo in quanto contatto di caso o sintomatici e quindi gi\u00e0 isolati. <strong>Ricoveri <\/strong>Le persone attualmente ricoverate negli ospedali dell\u2019Ulss Dolomiti sono 28 in area non critica a Belluno, 10 a Feltre e 2 \u00a0in terapia intensiva a Belluno. <strong>Decessi <\/strong>Nella notte del 14 ottobre \u00e8 deceduto un paziente covid positivo di 93 anni di Santo Stefano di Cadore\u00a0 ricoverato in Pneumologia Covid a Belluno. La direzione porge le condoglianze alla famiglia. <strong>Ospedale di Feltre <\/strong>Sono temporaneamente sospesi i ricoveri programmati nella UOC di Medicina dell\u2019ospedale di Feltre. Eventuali ricoveri in urgenza sono comunque garantiti dalle altre unit\u00e0 operative di area medica (Geriatria e Neurologia). <strong>Drive-in Feltre <\/strong>Da domani 16 ottobre 2020 il drive-in tamponi di Feltre sar\u00e0 operativo tutti i giorni dalle 8.30 alle 12.30 in via delle Industrie \u2013 zona Peschiera nell\u2019area dell\u2019ex fabbrica Marangoni a FELTRE, con accesso libero per bambini, ragazzi e adulti sintomatici del mondo della scuola e rientri dall\u2019estero.<\/p>\n<p>&nbsp;<\/p>\n<p>&nbsp;<\/p>\n<p>&nbsp;<\/p>\n<hr \/>\n<p>&nbsp;<\/p>\n<p>&nbsp;<\/p>\n<h3>LA PRESENTAZIONE DELLA RINASCITA DEI SERRAI DI SOTTOGUDA<\/h3>\n<p><strong>di GIANNI SANTOMASO<\/strong><\/p>\n<audio class=\"wp-audio-shortcode\" id=\"audio-166610-1\" preload=\"none\" style=\"width: 100%;\" controls=\"controls\"><source type=\"audio\/mpeg\" src=\"https:\/\/www.radiopiu.net\/wordpress\/wp-content\/uploads\/2020\/10\/GIANNI-SOTTOGUDA.mp3?_=1\" \/><a href=\"https:\/\/www.radiopiu.net\/wordpress\/wp-content\/uploads\/2020\/10\/GIANNI-SOTTOGUDA.mp3\">https:\/\/www.radiopiu.net\/wordpress\/wp-content\/uploads\/2020\/10\/GIANNI-SOTTOGUDA.mp3<\/a><\/audio>\n<p>&nbsp;<\/p>\n<p><strong>ROCCA PIETORE<\/strong> In diretta la presentazione della rinascita dei Serrai di Sottoguda<\/p>\n<p><strong>PARTE1<\/strong><\/p>\n<p>https:\/\/www.facebook.com\/Mirkomezziano\/videos\/2803839593232142<\/p>\n<p>&nbsp;<\/p>\n<p><strong>PARTE 2<\/strong><\/p>\n<p>&nbsp;<\/p>\n<p>https:\/\/www.facebook.com\/Mirkomezziano\/videos\/2803867746562660<\/p>\n<p>&nbsp;<\/p>\n<p><strong>GALLERIA FOTO<\/strong><\/p>\n\n\t\t\t<style type='text\/css'>\n\t\t\t\t#gallery-2 {\n\t\t\t\t\tmargin: auto;\n\t\t\t\t}\n\t\t\t\t#gallery-2 .gallery-item {\n\t\t\t\t\tfloat: left;\n\t\t\t\t\tmargin-top: 10px;\n\t\t\t\t\ttext-align: center;\n\t\t\t\t\twidth: 20%;\n\t\t\t\t}\n\t\t\t\t#gallery-2 img {\n\t\t\t\t\tborder: 2px solid #cfcfcf;\n\t\t\t\t}\n\t\t\t\t#gallery-2 .gallery-caption {\n\t\t\t\t\tmargin-left: 0;\n\t\t\t\t}\n\t\t\t\t\/* see gallery_shortcode() in wp-includes\/media.php *\/\n\t\t\t<\/style>\n\t\t<div id='gallery-2' class='dt-gallery-container gallery galleryid-166610 gallery-columns-5 gallery-size-thumbnail'><dl class='gallery-item'>\n\t\t\t\t<dt class='gallery-icon landscape'>\n\t\t\t\t\t<a class=\"rollover rollover-zoom dt-pswp-item\" title=\"3daaa0be-7b59-42be-ba9f-ec7b44ad16fe\" data-dt-img-description=\"\" data-large_image_width=\"1242\" data-large_image_height=\"642\"href='https:\/\/www.radiopiu.net\/wordpress\/wp-content\/uploads\/2020\/10\/3daaa0be-7b59-42be-ba9f-ec7b44ad16fe.jpg'><img loading=\"lazy\" decoding=\"async\" width=\"150\" height=\"150\" src=\"https:\/\/www.radiopiu.net\/wordpress\/wp-content\/uploads\/2020\/10\/3daaa0be-7b59-42be-ba9f-ec7b44ad16fe-150x150.jpg\" class=\"attachment-thumbnail size-thumbnail\" alt=\"\" \/><\/a>\n\t\t\t\t<\/dt><\/dl><dl class='gallery-item'>\n\t\t\t\t<dt class='gallery-icon landscape'>\n\t\t\t\t\t<a class=\"rollover rollover-zoom dt-pswp-item\" title=\"90ee72e6-6167-4716-aa8a-1d58c070205f\" data-dt-img-description=\"\" data-large_image_width=\"1600\" data-large_image_height=\"538\"href='https:\/\/www.radiopiu.net\/wordpress\/wp-content\/uploads\/2020\/10\/90ee72e6-6167-4716-aa8a-1d58c070205f.jpg'><img loading=\"lazy\" decoding=\"async\" width=\"150\" height=\"150\" src=\"https:\/\/www.radiopiu.net\/wordpress\/wp-content\/uploads\/2020\/10\/90ee72e6-6167-4716-aa8a-1d58c070205f-150x150.jpg\" class=\"attachment-thumbnail size-thumbnail\" alt=\"\" \/><\/a>\n\t\t\t\t<\/dt><\/dl><dl class='gallery-item'>\n\t\t\t\t<dt class='gallery-icon landscape'>\n\t\t\t\t\t<a class=\"rollover rollover-zoom dt-pswp-item\" title=\"e94d806c-c57d-421a-a4d3-22260f407dfd\" data-dt-img-description=\"\" data-large_image_width=\"1600\" data-large_image_height=\"432\"href='https:\/\/www.radiopiu.net\/wordpress\/wp-content\/uploads\/2020\/10\/e94d806c-c57d-421a-a4d3-22260f407dfd.jpg'><img loading=\"lazy\" decoding=\"async\" width=\"150\" height=\"150\" src=\"https:\/\/www.radiopiu.net\/wordpress\/wp-content\/uploads\/2020\/10\/e94d806c-c57d-421a-a4d3-22260f407dfd-150x150.jpg\" class=\"attachment-thumbnail size-thumbnail\" alt=\"\" \/><\/a>\n\t\t\t\t<\/dt><\/dl><dl class='gallery-item'>\n\t\t\t\t<dt class='gallery-icon landscape'>\n\t\t\t\t\t<a class=\"rollover rollover-zoom dt-pswp-item\" title=\"559d1106-c526-4467-b0d6-9bc1a255da7c\" data-dt-img-description=\"\" data-large_image_width=\"1405\" data-large_image_height=\"449\"href='https:\/\/www.radiopiu.net\/wordpress\/wp-content\/uploads\/2020\/10\/559d1106-c526-4467-b0d6-9bc1a255da7c.jpg'><img loading=\"lazy\" decoding=\"async\" width=\"150\" height=\"150\" src=\"https:\/\/www.radiopiu.net\/wordpress\/wp-content\/uploads\/2020\/10\/559d1106-c526-4467-b0d6-9bc1a255da7c-150x150.jpg\" class=\"attachment-thumbnail size-thumbnail\" alt=\"\" \/><\/a>\n\t\t\t\t<\/dt><\/dl><dl class='gallery-item'>\n\t\t\t\t<dt class='gallery-icon landscape'>\n\t\t\t\t\t<a class=\"rollover rollover-zoom dt-pswp-item\" title=\"946a02b4-897f-457e-9609-48b5f0865d73\" data-dt-img-description=\"\" data-large_image_width=\"1299\" data-large_image_height=\"695\"href='https:\/\/www.radiopiu.net\/wordpress\/wp-content\/uploads\/2020\/10\/946a02b4-897f-457e-9609-48b5f0865d73.jpg'><img loading=\"lazy\" decoding=\"async\" width=\"150\" height=\"150\" src=\"https:\/\/www.radiopiu.net\/wordpress\/wp-content\/uploads\/2020\/10\/946a02b4-897f-457e-9609-48b5f0865d73-150x150.jpg\" class=\"attachment-thumbnail size-thumbnail\" alt=\"\" \/><\/a>\n\t\t\t\t<\/dt><\/dl><br style=\"clear: both\" \/><dl class='gallery-item'>\n\t\t\t\t<dt class='gallery-icon landscape'>\n\t\t\t\t\t<a class=\"rollover rollover-zoom dt-pswp-item\" title=\"822e6b61-21d9-49b5-8d1c-2947116cd443\" data-dt-img-description=\"\" data-large_image_width=\"1600\" data-large_image_height=\"903\"href='https:\/\/www.radiopiu.net\/wordpress\/wp-content\/uploads\/2020\/10\/822e6b61-21d9-49b5-8d1c-2947116cd443.jpg'><img loading=\"lazy\" decoding=\"async\" width=\"150\" height=\"150\" src=\"https:\/\/www.radiopiu.net\/wordpress\/wp-content\/uploads\/2020\/10\/822e6b61-21d9-49b5-8d1c-2947116cd443-150x150.jpg\" class=\"attachment-thumbnail size-thumbnail\" alt=\"\" \/><\/a>\n\t\t\t\t<\/dt><\/dl><dl class='gallery-item'>\n\t\t\t\t<dt class='gallery-icon landscape'>\n\t\t\t\t\t<a class=\"rollover rollover-zoom dt-pswp-item\" title=\"75b5372a-d32f-48fd-9fb7-1d1992b91b4b\" data-dt-img-description=\"\" data-large_image_width=\"1600\" data-large_image_height=\"903\"href='https:\/\/www.radiopiu.net\/wordpress\/wp-content\/uploads\/2020\/10\/75b5372a-d32f-48fd-9fb7-1d1992b91b4b.jpg'><img loading=\"lazy\" decoding=\"async\" width=\"150\" height=\"150\" src=\"https:\/\/www.radiopiu.net\/wordpress\/wp-content\/uploads\/2020\/10\/75b5372a-d32f-48fd-9fb7-1d1992b91b4b-150x150.jpg\" class=\"attachment-thumbnail size-thumbnail\" alt=\"\" \/><\/a>\n\t\t\t\t<\/dt><\/dl><dl class='gallery-item'>\n\t\t\t\t<dt class='gallery-icon landscape'>\n\t\t\t\t\t<a class=\"rollover rollover-zoom dt-pswp-item\" title=\"c46dfc2a-7946-4df7-868b-f86c57417f55\" data-dt-img-description=\"\" data-large_image_width=\"1600\" data-large_image_height=\"903\"href='https:\/\/www.radiopiu.net\/wordpress\/wp-content\/uploads\/2020\/10\/c46dfc2a-7946-4df7-868b-f86c57417f55.jpg'><img loading=\"lazy\" decoding=\"async\" width=\"150\" height=\"150\" src=\"https:\/\/www.radiopiu.net\/wordpress\/wp-content\/uploads\/2020\/10\/c46dfc2a-7946-4df7-868b-f86c57417f55-150x150.jpg\" class=\"attachment-thumbnail size-thumbnail\" alt=\"\" \/><\/a>\n\t\t\t\t<\/dt><\/dl><dl class='gallery-item'>\n\t\t\t\t<dt class='gallery-icon landscape'>\n\t\t\t\t\t<a class=\"rollover rollover-zoom dt-pswp-item\" title=\"d1bfbefa-3bb9-4397-a187-c2fbab4604db\" data-dt-img-description=\"\" data-large_image_width=\"1600\" data-large_image_height=\"903\"href='https:\/\/www.radiopiu.net\/wordpress\/wp-content\/uploads\/2020\/10\/d1bfbefa-3bb9-4397-a187-c2fbab4604db.jpg'><img loading=\"lazy\" decoding=\"async\" width=\"150\" height=\"150\" src=\"https:\/\/www.radiopiu.net\/wordpress\/wp-content\/uploads\/2020\/10\/d1bfbefa-3bb9-4397-a187-c2fbab4604db-150x150.jpg\" class=\"attachment-thumbnail size-thumbnail\" alt=\"\" \/><\/a>\n\t\t\t\t<\/dt><\/dl><dl class='gallery-item'>\n\t\t\t\t<dt class='gallery-icon landscape'>\n\t\t\t\t\t<a class=\"rollover rollover-zoom dt-pswp-item\" title=\"2116b321-b5be-4f7d-b7f3-968ad1ddb14b\" data-dt-img-description=\"\" data-large_image_width=\"1600\" data-large_image_height=\"903\"href='https:\/\/www.radiopiu.net\/wordpress\/wp-content\/uploads\/2020\/10\/2116b321-b5be-4f7d-b7f3-968ad1ddb14b.jpg'><img loading=\"lazy\" decoding=\"async\" width=\"150\" height=\"150\" src=\"https:\/\/www.radiopiu.net\/wordpress\/wp-content\/uploads\/2020\/10\/2116b321-b5be-4f7d-b7f3-968ad1ddb14b-150x150.jpg\" class=\"attachment-thumbnail size-thumbnail\" alt=\"\" \/><\/a>\n\t\t\t\t<\/dt><\/dl><br style=\"clear: both\" \/>\n\t\t\t<\/div>\n\n<p>&nbsp;<\/p>\n<p>&nbsp;<\/p>\n<p>&nbsp;<\/p>\n<p>&nbsp;<\/p>\n<hr \/>\n<p>&nbsp;<\/p>\n<p>&nbsp;<\/p>\n<blockquote>\n<h3>NEVEGAL: IERI SERA IN CONFERENZA DEI CAPOGRUPPO<\/h3>\n<\/blockquote>\n<p><strong><a class=\"dt-pswp-item\" href=\"https:\/\/www.radiopiu.net\/wordpress\/wp-content\/uploads\/2020\/06\/jeZLuVOo.jpeg\" data-dt-img-description=\"\" data-large_image_width=\"178\" data-large_image_height=\"178\"><img loading=\"lazy\" decoding=\"async\" class=\" wp-image-143659 alignleft\" src=\"https:\/\/www.radiopiu.net\/wordpress\/wp-content\/uploads\/2020\/06\/jeZLuVOo.jpeg\" alt=\"\" width=\"122\" height=\"122\" srcset=\"https:\/\/www.radiopiu.net\/wordpress\/wp-content\/uploads\/2020\/06\/jeZLuVOo.jpeg 178w, https:\/\/www.radiopiu.net\/wordpress\/wp-content\/uploads\/2020\/06\/jeZLuVOo-150x150.jpeg 150w\" sizes=\"auto, (max-width: 122px) 100vw, 122px\" \/><\/a>BELLUNO<\/strong> Documento importante quello presentato ieri sera ai capogruppo dal sindaco Jacopo Massaro, sottolinea la storia del colle bellunese e infine propone: di riconoscere l\u2019elevato valore sportivo, turistico e sociale dell\u2019area del Neveg\u00e0l e dei suoi impianti sciistici, nonch\u00e9 il suo potenziale economico per l\u2019intero territorio comunale;\u00a0 di impegnare il sindaco e la giunta comunale ad individuare il percorso politico ed amministrativo finalizzato all\u2019acquisizione degli impianti di risalita da parte del Comune, subordinata all\u2019affidamento della gestione ad un soggetto terzo.<\/p>\n<p>&nbsp;<\/p>\n<audio class=\"wp-audio-shortcode\" id=\"audio-166610-2\" preload=\"none\" style=\"width: 100%;\" controls=\"controls\"><source type=\"audio\/mpeg\" src=\"https:\/\/www.radiopiu.net\/wordpress\/wp-content\/uploads\/2020\/10\/massaro.mp3?_=2\" \/><a href=\"https:\/\/www.radiopiu.net\/wordpress\/wp-content\/uploads\/2020\/10\/massaro.mp3\">https:\/\/www.radiopiu.net\/wordpress\/wp-content\/uploads\/2020\/10\/massaro.mp3<\/a><\/audio>\n<p>&nbsp;<\/p>\n<p>&nbsp;<\/p>\n<p>&nbsp;<\/p>\n<hr \/>\n<p>&nbsp;<\/p>\n<p><strong>SU FACEBOOK OGGI ALLE 9 CON HERBERT DORFMANN, PARLAMENTARE EUROPEO INCONTRO-CONVEGNO SULLE MINORANZE<\/strong><\/p>\n<p><strong>seguilo qui<\/strong><\/p>\n<p><a href=\"https:\/\/m.facebook.com\/story.php?story_fbid=2853073891603862&amp;id=1560429730868291\"><span style=\"color: #0000ff;\">https:\/\/m.facebook.com\/story.php?story_fbid=2853073891603862&amp;id=1560429730868291<\/span><\/a><\/p>\n<p>&nbsp;<\/p>\n<p>&nbsp;<\/p>\n<hr \/>\n<p>&nbsp;<\/p>\n<p>&nbsp;<\/p>\n<blockquote class=\"wp-embedded-content\" data-secret=\"yHQD66PNF0\"><p><a href=\"https:\/\/www.radiopiu.net\/wordpress\/coronavirus-aggiornamento-nazionale-15-ottobre\/\">CORONAVIRUS: AGGIORNAMENTO NAZIONALE 15 OTTOBRE<\/a><\/p><\/blockquote>\n<p><iframe loading=\"lazy\" class=\"wp-embedded-content\" sandbox=\"allow-scripts\" security=\"restricted\" style=\"position: absolute; clip: rect(1px, 1px, 1px, 1px);\" title=\"&#8220;CORONAVIRUS: AGGIORNAMENTO NAZIONALE 15 OTTOBRE&#8221; &#8212; Radio Pi\u00f9\" src=\"https:\/\/www.radiopiu.net\/wordpress\/coronavirus-aggiornamento-nazionale-15-ottobre\/embed\/#?secret=yHQD66PNF0\" data-secret=\"yHQD66PNF0\" width=\"600\" height=\"338\" frameborder=\"0\" marginwidth=\"0\" marginheight=\"0\" scrolling=\"no\"><\/iframe><\/p>\n<p>&nbsp;<\/p>\n<hr \/>\n<p>&nbsp;<\/p>\n<p>&nbsp;<\/p>\n<p>&nbsp;<\/p>\n<blockquote class=\"wp-embedded-content\" data-secret=\"fahe5gceWo\"><p><a href=\"https:\/\/www.radiopiu.net\/wordpress\/230-positivi-in-piu-nel-veneto-da-stamane-7-decessi-aumentano-i-ricoveri-in-area-non-critica-10-e-in-terapia-intensiva-6-a-belluno-9-nuovi-positivi-2-decessi-e-36-persone-ricoverate\/\">717 CONTAGI IN 24 ORE, 8 DECESSI E OLTRE 13 MILA VENETI IN ISOLAMENTO. 662 GLI ATTUALMENTE POSITIVI A BELLUNO E 33 I RICOVERATI<\/a><\/p><\/blockquote>\n<p><iframe loading=\"lazy\" class=\"wp-embedded-content\" sandbox=\"allow-scripts\" security=\"restricted\" style=\"position: absolute; clip: rect(1px, 1px, 1px, 1px);\" title=\"&#8220;717 CONTAGI IN 24 ORE, 8 DECESSI E OLTRE 13 MILA VENETI IN ISOLAMENTO. 662 GLI ATTUALMENTE POSITIVI A BELLUNO E 33 I RICOVERATI&#8221; &#8212; Radio Pi\u00f9\" src=\"https:\/\/www.radiopiu.net\/wordpress\/230-positivi-in-piu-nel-veneto-da-stamane-7-decessi-aumentano-i-ricoveri-in-area-non-critica-10-e-in-terapia-intensiva-6-a-belluno-9-nuovi-positivi-2-decessi-e-36-persone-ricoverate\/embed\/#?secret=fahe5gceWo\" data-secret=\"fahe5gceWo\" width=\"600\" height=\"338\" frameborder=\"0\" marginwidth=\"0\" marginheight=\"0\" scrolling=\"no\"><\/iframe><\/p>\n<p>&nbsp;<\/p>\n<p>&nbsp;<\/p>\n<hr \/>\n<p>&nbsp;<\/p>\n<p>&nbsp;<\/p>\n<blockquote>\n<h3>I GRAFICI DI TIZIANO DE COL<\/h3>\n<\/blockquote>\n\n\t\t\t<style type='text\/css'>\n\t\t\t\t#gallery-3 {\n\t\t\t\t\tmargin: auto;\n\t\t\t\t}\n\t\t\t\t#gallery-3 .gallery-item {\n\t\t\t\t\tfloat: left;\n\t\t\t\t\tmargin-top: 10px;\n\t\t\t\t\ttext-align: center;\n\t\t\t\t\twidth: 50%;\n\t\t\t\t}\n\t\t\t\t#gallery-3 img {\n\t\t\t\t\tborder: 2px solid #cfcfcf;\n\t\t\t\t}\n\t\t\t\t#gallery-3 .gallery-caption {\n\t\t\t\t\tmargin-left: 0;\n\t\t\t\t}\n\t\t\t\t\/* see gallery_shortcode() in wp-includes\/media.php *\/\n\t\t\t<\/style>\n\t\t<div id='gallery-3' class='dt-gallery-container gallery galleryid-166610 gallery-columns-2 gallery-size-medium'><dl class='gallery-item'>\n\t\t\t\t<dt class='gallery-icon landscape'>\n\t\t\t\t\t<a class=\"rollover rollover-zoom dt-pswp-item\" title=\"3b15488d-6198-4dcd-9af4-342e7fbebf83\" data-dt-img-description=\"\" data-large_image_width=\"589\" data-large_image_height=\"334\"href='https:\/\/www.radiopiu.net\/wordpress\/wp-content\/uploads\/2020\/10\/3b15488d-6198-4dcd-9af4-342e7fbebf83.jpg'><img loading=\"lazy\" decoding=\"async\" width=\"300\" height=\"170\" src=\"https:\/\/www.radiopiu.net\/wordpress\/wp-content\/uploads\/2020\/10\/3b15488d-6198-4dcd-9af4-342e7fbebf83-300x170.jpg\" class=\"attachment-medium size-medium\" alt=\"\" srcset=\"https:\/\/www.radiopiu.net\/wordpress\/wp-content\/uploads\/2020\/10\/3b15488d-6198-4dcd-9af4-342e7fbebf83-300x170.jpg 300w, https:\/\/www.radiopiu.net\/wordpress\/wp-content\/uploads\/2020\/10\/3b15488d-6198-4dcd-9af4-342e7fbebf83.jpg 589w\" sizes=\"auto, (max-width: 300px) 100vw, 300px\" \/><\/a>\n\t\t\t\t<\/dt><\/dl><dl class='gallery-item'>\n\t\t\t\t<dt class='gallery-icon landscape'>\n\t\t\t\t\t<a class=\"rollover rollover-zoom dt-pswp-item\" title=\"f01d7de5-2b5a-495d-a84f-970033333e79\" data-dt-img-description=\"\" data-large_image_width=\"792\" data-large_image_height=\"630\"href='https:\/\/www.radiopiu.net\/wordpress\/wp-content\/uploads\/2020\/10\/f01d7de5-2b5a-495d-a84f-970033333e79.jpg'><img loading=\"lazy\" decoding=\"async\" width=\"300\" height=\"239\" src=\"https:\/\/www.radiopiu.net\/wordpress\/wp-content\/uploads\/2020\/10\/f01d7de5-2b5a-495d-a84f-970033333e79-300x239.jpg\" class=\"attachment-medium size-medium\" alt=\"\" srcset=\"https:\/\/www.radiopiu.net\/wordpress\/wp-content\/uploads\/2020\/10\/f01d7de5-2b5a-495d-a84f-970033333e79-300x239.jpg 300w, https:\/\/www.radiopiu.net\/wordpress\/wp-content\/uploads\/2020\/10\/f01d7de5-2b5a-495d-a84f-970033333e79-768x611.jpg 768w, https:\/\/www.radiopiu.net\/wordpress\/wp-content\/uploads\/2020\/10\/f01d7de5-2b5a-495d-a84f-970033333e79.jpg 792w\" sizes=\"auto, (max-width: 300px) 100vw, 300px\" \/><\/a>\n\t\t\t\t<\/dt><\/dl><br style=\"clear: both\" \/>\n\t\t\t<\/div>\n\n<p>&nbsp;<\/p>\n<p>&nbsp;<\/p>\n<hr \/>\n<p>&nbsp;<\/p>\n<blockquote>\n<h3>VACCINAZIONE ANTINFLUENZALE: VACCINATE LE AUTORITA&#8217; A SAGROGNA<\/h3>\n<\/blockquote>\n<p><strong>di Moreno Gioli<\/strong><\/p>\n<audio class=\"wp-audio-shortcode\" id=\"audio-166610-3\" preload=\"none\" style=\"width: 100%;\" controls=\"controls\"><source type=\"audio\/mpeg\" src=\"https:\/\/www.radiopiu.net\/wordpress\/wp-content\/uploads\/2020\/10\/moreno-servizio.mp3?_=3\" \/><a href=\"https:\/\/www.radiopiu.net\/wordpress\/wp-content\/uploads\/2020\/10\/moreno-servizio.mp3\">https:\/\/www.radiopiu.net\/wordpress\/wp-content\/uploads\/2020\/10\/moreno-servizio.mp3<\/a><\/audio>\n<p>&nbsp;<\/p>\n<p><strong><a class=\"dt-pswp-item\" href=\"https:\/\/www.radiopiu.net\/wordpress\/wp-content\/uploads\/2020\/10\/IMG_20201015_151923-scaled.jpg\" data-dt-img-description=\"\" data-large_image_width=\"2560\" data-large_image_height=\"2560\"><img loading=\"lazy\" decoding=\"async\" class=\" wp-image-166616 alignleft\" src=\"https:\/\/www.radiopiu.net\/wordpress\/wp-content\/uploads\/2020\/10\/IMG_20201015_151923-300x300.jpg\" alt=\"\" width=\"169\" height=\"169\" srcset=\"https:\/\/www.radiopiu.net\/wordpress\/wp-content\/uploads\/2020\/10\/IMG_20201015_151923-300x300.jpg 300w, https:\/\/www.radiopiu.net\/wordpress\/wp-content\/uploads\/2020\/10\/IMG_20201015_151923-1024x1024.jpg 1024w, https:\/\/www.radiopiu.net\/wordpress\/wp-content\/uploads\/2020\/10\/IMG_20201015_151923-150x150.jpg 150w, https:\/\/www.radiopiu.net\/wordpress\/wp-content\/uploads\/2020\/10\/IMG_20201015_151923-768x768.jpg 768w, https:\/\/www.radiopiu.net\/wordpress\/wp-content\/uploads\/2020\/10\/IMG_20201015_151923-1536x1536.jpg 1536w, https:\/\/www.radiopiu.net\/wordpress\/wp-content\/uploads\/2020\/10\/IMG_20201015_151923-2048x2048.jpg 2048w\" sizes=\"auto, (max-width: 169px) 100vw, 169px\" \/><\/a>BELLUNO<\/strong> Inaugurato con la benedizione\u00a0 del\u00a0 Vescovo di Belluno-Feltre, il principale drive-in tamponi-vaccinazioni di Belluno. L\u2019importante postazione di risposta all\u2019emergenza Covid \u00e8 attiva da giorni con costante disponibilit\u00e0 di operatori specializzati dalle 8.30 alle 12.30 tutti i giorni. Dall\u2019attivazione del drive-in ad accesso diretto per i soggetti sintomatici frequentanti la scuola a Sagrogna, il 5 ottobre, sono stati eseguiti oltre 1.100 test in orario mattutino. A questi si aggiungono i tamponi per i rientro dall\u2019estero e le sedute di tamponi programmati derivanti dal contact tracing e dalla sorveglianza. Il momento di inaugurazione del drive-in ha visto la somministrazione del vaccino alle principali autorit\u00e0 della\u00a0 Provincia , testimonial dell\u2019importanza di questa intervento preventivo, tra cui il Presidente della Provincia Roberto Padrin, il Vescovo mons. Renato Marangoni, il Questore Lilia Fradella, il vice prefetto Andrea Celsi, alcuni sindaci e rappresentanti dei comuni della Valbelluna e il funzionario dei Vigili del Fuoco Franco Magrin) oltre al direttore genrale e al direttore amministrativo dell\u2019Ulss Dolomiti. Il vaccino \u00e8 infatti raccomandato per tutti i soggetti dai 60 anni in poi, per le persone con patologie croniche, per i bambini da sei mesi a sei anni e per le persone addetti a funzioni di pubblica necessit\u00e0.<\/p>\n<p><strong>Sandro Cinquetti, professionista di ampia fama anche a livello nazionale in ambito preventivo,direttore del Servizio Igiene e Sanit\u00e0 Pubblica (SISP) dell\u2019Ulss Dolomiti.<\/strong><\/p>\n<audio class=\"wp-audio-shortcode\" id=\"audio-166610-4\" preload=\"none\" style=\"width: 100%;\" controls=\"controls\"><source type=\"audio\/mpeg\" src=\"https:\/\/www.radiopiu.net\/wordpress\/wp-content\/uploads\/2020\/10\/cinquetti.mp3?_=4\" \/><a href=\"https:\/\/www.radiopiu.net\/wordpress\/wp-content\/uploads\/2020\/10\/cinquetti.mp3\">https:\/\/www.radiopiu.net\/wordpress\/wp-content\/uploads\/2020\/10\/cinquetti.mp3<\/a><\/audio>\n<p><strong>Adriano Rasi Caldogno direttore generale Ulss1 Belluno<\/strong><\/p>\n<audio class=\"wp-audio-shortcode\" id=\"audio-166610-5\" preload=\"none\" style=\"width: 100%;\" controls=\"controls\"><source type=\"audio\/mpeg\" src=\"https:\/\/www.radiopiu.net\/wordpress\/wp-content\/uploads\/2020\/10\/calsogno.mp3?_=5\" \/><a href=\"https:\/\/www.radiopiu.net\/wordpress\/wp-content\/uploads\/2020\/10\/calsogno.mp3\">https:\/\/www.radiopiu.net\/wordpress\/wp-content\/uploads\/2020\/10\/calsogno.mp3<\/a><\/audio>\n<p>&nbsp;<\/p>\n<p>&nbsp;<\/p>\n<p>&nbsp;<\/p>\n<hr \/>\n<h3><\/h3>\n<blockquote>\n<h3>STUDIO FONDAZIONE ISI TORINO, UN&#8217;INTERROGAZIONE PER L&#8217;AMMINISTRATORE DELEGATO DELLA RAI<\/h3>\n<\/blockquote>\n<p><strong><a class=\"dt-pswp-item\" href=\"https:\/\/www.radiopiu.net\/wordpress\/wp-content\/uploads\/2020\/10\/tee-34001_960_720.png\" data-dt-img-description=\"\" data-large_image_width=\"889\" data-large_image_height=\"720\"><img loading=\"lazy\" decoding=\"async\" class=\"size-medium wp-image-166544 alignleft\" src=\"https:\/\/www.radiopiu.net\/wordpress\/wp-content\/uploads\/2020\/10\/tee-34001_960_720-300x243.png\" alt=\"\" width=\"300\" height=\"243\" srcset=\"https:\/\/www.radiopiu.net\/wordpress\/wp-content\/uploads\/2020\/10\/tee-34001_960_720-300x243.png 300w, https:\/\/www.radiopiu.net\/wordpress\/wp-content\/uploads\/2020\/10\/tee-34001_960_720-768x622.png 768w, https:\/\/www.radiopiu.net\/wordpress\/wp-content\/uploads\/2020\/10\/tee-34001_960_720.png 889w\" sizes=\"auto, (max-width: 300px) 100vw, 300px\" \/><\/a>ROMA<\/strong> Interrogazione per i vertici della televisione di Stato dopo quanto divulgato dal TG1 delle 20 che ha messo in croce la Provincia di Belluno &#8220;la pi\u00f9 contagiata&#8221;. La firma il Deputato Dario Bondo <em>&#8220;Vogliamo sapere se \u00e8 stato preso in considerazione il danno di immagine nei confronti della provincia di Belluno e le ricadute possibili a livello di turismo\u00bb. <\/em>E&#8217; il saluto introduttivo di Bond.\u00a0<em>\u00abLo studio &#8211; continua &#8211;\u00a0 ha svolto una semplicistica elaborazione statistica, mettendo in relazione il numero dei casi di infezione accertati nel Bellunese con la sua popolazione; e ha elaborato delle ipotesi puramente statistiche sul possibile rischio di contagio. Questa precisazione non ha avuto modo di essere spiegata ai telespettatori del telegiornale, che anzi ha connotato il territorio bellunese come il pi\u00f9 infetto d\u2019Italia. Ne \u00e8 derivato un giudizio tutt&#8217;altro che astratto, come invece \u00e8 lo studio Isi; un giudizio secondo cui Belluno \u00e8 la provincia pi\u00f9 pericolosa del Paese per livello del contagio\u00bb. <\/em>Secondo il Deputato il Forza Italia Il dato statistico prescinde dal livello di prevenzione applicato nel territorio e dal numero di tamponi effettuati nell\u2019ultimo periodo. Per cui, anche se statisticamente la provincia di Belluno registra un numero alto di positivi al Covid 19, ci\u00f2 va imputato in particolar modo al fatto che il sistema sanitario locale \u00e8 particolarmente attivo nella prevenzione. Inoltre, il riferimento acritico a questo dato \u00e8 stato presentato come un indice di pericolosit\u00e0 del territorio per effetto dell\u2019applicazione di un ulteriore rapporto matematico, meramente astratto, di calcolo della possibile diffusione del contagio. <em>&#8220;In tal modo &#8211; precisa Bond &#8211;\u00a0 si \u00e8 attribuito alla provincia di Belluno una patente negativa. Il fatto di scambiare per certezza quello che invece costituisce il riscontro di uno studio che fotografa solo in parte la realt\u00e0 ha comportato la diffusione di un\u2019immagine del territorio pessima e non veritiera. Il che costituisce un grave pregiudizio per l\u2019economia locale, soprattutto alla vigilia della stagione sciistica, con Mondiali 2021 all\u2019orizzonte\u00bb.\u00a0<\/em>Infine il fulcro della missiva, l&#8217;interrogazione al presidente e amministratore delegato della Rai: <em>\u00abI vertici della concessionaria pubblica non ritengono opportuno intervenire in modo che sia osservato il principio di completezza dell\u2019informazione, al fine di evitare che la diffusione di dati parziali non si risolva in un danno di immagine per i territori oggetto di distorta attenzione?\u00bb.<\/em><\/p>\n<p>&nbsp;<\/p>\n<p>&nbsp;<\/p>\n<p>&nbsp;<\/p>\n<hr \/>\n<p>&nbsp;<\/p>\n<blockquote>\n<h3>\u201cLA TERRA A CHI LA LAVORA\u201d: ASSEGNATI A 11 AZIENDE AGRICOLE LOCALI 12 ETTARI DI TERRENI COMUNALI<\/h3>\n<\/blockquote>\n<p><strong><a class=\"dt-pswp-item\" href=\"https:\/\/www.radiopiu.net\/wordpress\/wp-content\/uploads\/2020\/10\/TERRA-COLTIVARE-BADILE.jpg\" data-dt-img-description=\"\" data-large_image_width=\"1920\" data-large_image_height=\"1271\"><img loading=\"lazy\" decoding=\"async\" class=\"size-medium wp-image-166527 alignleft\" src=\"https:\/\/www.radiopiu.net\/wordpress\/wp-content\/uploads\/2020\/10\/TERRA-COLTIVARE-BADILE-300x199.jpg\" alt=\"\" width=\"300\" height=\"199\" srcset=\"https:\/\/www.radiopiu.net\/wordpress\/wp-content\/uploads\/2020\/10\/TERRA-COLTIVARE-BADILE-300x199.jpg 300w, https:\/\/www.radiopiu.net\/wordpress\/wp-content\/uploads\/2020\/10\/TERRA-COLTIVARE-BADILE-1024x678.jpg 1024w, https:\/\/www.radiopiu.net\/wordpress\/wp-content\/uploads\/2020\/10\/TERRA-COLTIVARE-BADILE-768x508.jpg 768w, https:\/\/www.radiopiu.net\/wordpress\/wp-content\/uploads\/2020\/10\/TERRA-COLTIVARE-BADILE-1536x1017.jpg 1536w, https:\/\/www.radiopiu.net\/wordpress\/wp-content\/uploads\/2020\/10\/TERRA-COLTIVARE-BADILE.jpg 1920w\" sizes=\"auto, (max-width: 300px) 100vw, 300px\" \/><\/a>FELTRE\u00a0<\/strong>Sono stati assegnati nei giorni scorsi, dopo la chiusura del bando pubblico e l\u2019analisi degli atti di gara, gli appezzamenti di terreni pubblici comunali da destinare ai coltivatori locali, nell\u2019ambito del progetto \u201cLa terra a chi la lavora\u201d.\u00a0Sono oltre 12 ettari di terreno coltivabile che sono stati assegnati a 11 imprenditori della zona, nell\u2019ambito di un piano di sviluppo di un\u2019agricoltura sostenibile.\u00a0Tra i requisiti premianti nel bando di assegnazione vi erano: la gestione del terreno con metodo biologico e\/o la certificazione dello stesso fino alla data di riconsegna, l\u2019inerbamento permanente a prato polifita, l\u2019impegno a destinare almeno il 20 % della superficie a colture locali tradizionali certificate e a rischio di erosione genetica e ancora l\u2019impegno a fornire con i propri prodotti l&#8217;agrimercato cittadino o essere giovane agricoltore.<\/p>\n<p><strong>L&#8217;ASSESSORE VALTER BONAN<\/strong><\/p>\n<audio class=\"wp-audio-shortcode\" id=\"audio-166610-6\" preload=\"none\" style=\"width: 100%;\" controls=\"controls\"><source type=\"audio\/mpeg\" src=\"https:\/\/www.radiopiu.net\/wordpress\/wp-content\/uploads\/2020\/10\/Ass.-Bonan-su-assegnazione-terreni.mp3?_=6\" \/><a href=\"https:\/\/www.radiopiu.net\/wordpress\/wp-content\/uploads\/2020\/10\/Ass.-Bonan-su-assegnazione-terreni.mp3\">https:\/\/www.radiopiu.net\/wordpress\/wp-content\/uploads\/2020\/10\/Ass.-Bonan-su-assegnazione-terreni.mp3<\/a><\/audio>\n<p>&nbsp;<\/p>\n<hr \/>\n<p>&nbsp;<\/p>\n<blockquote>\n<h3>ASSEMBLEA\u00a0 DEL LIBRO PARLATO (CILP)<\/h3>\n<\/blockquote>\n<p><strong><a class=\"dt-pswp-item\" href=\"https:\/\/www.radiopiu.net\/wordpress\/wp-content\/uploads\/2017\/11\/LUISA.jpg\" data-dt-img-description=\"\" data-large_image_width=\"954\" data-large_image_height=\"960\"><img loading=\"lazy\" decoding=\"async\" class=\"wp-image-39207 alignleft\" src=\"https:\/\/www.radiopiu.net\/wordpress\/wp-content\/uploads\/2017\/11\/LUISA-298x300.jpg\" alt=\"\" width=\"145\" height=\"146\" \/><\/a>FELTRE<\/strong> Si \u00e8 svolta l\u2019Assemblea annuale del Centro internazionale del Libro Parlato Onlus, per il convegno bisogner\u00e0 attendere il prossimo anno. La Presidente Luisa Alchini (foto) ha ringraziato da subito il Direttore Piero Reghin che con tanta dedizione e impegno sta guidando l\u2019attivit\u00e0 del Centro, coordinando i dipendenti in un periodo caratterizzato da un notevole aumento di attivit\u00e0, dovuto all\u2019emergenza sanitaria. Infatti molte persone, essendo costrette a un periodo di inattivit\u00e0 forzata, si sono dedicate alla lettura ad alta voce inviando presso la sede un numero elevatissimo di provini candidandosi ad aspiranti donatori di voce. La Presidente insieme al Direttore ha illustrato i confortanti dati dell\u2019attivit\u00e0 2019 che ha visto crescere sia il numero dei volontari Donatori di Voce e il tempo dedicato alla registrazione, sia il numero di utenti (1779) con diverse patologie, sono in notevole crescita le iscrizioni al servizio da parte di persone dislessiche. Nel 2018 il Centro ha beneficiato dello stanziamento di un contributo straordinario da parte del Ministero dei Beni Culturali pari a 500.000 euro, grazie al lavoro svolto dalla Senatrice Raffaela Bellot, oggi socia benemerita dell\u2019associazione. La Presidente ha dunque riassunto come \u00e8 stata impiegata la prima tranche del finanziamento, rivolta a importanti progetti di implementazione e innovazione dell\u2019attivit\u00e0 del Centro, inoltre ha voluto sottolineare l\u2019importante ricaduta economica sul territorio per la realizzazione dei piani di investimento grazie al coinvolgimento attivo di diverse aziende bellunesi. L\u2019avanzo economico pari a euro 24.217 riassume il proficuo impiego delle risorse interne per la realizzazione dell\u2019attivit\u00e0 ordinaria e straordinaria, La Presidente ha difatti sottolineato l\u2019impegno profuso da parte dei dipendenti del CILP. Sono intervenuti i soci benemeriti Raffaela Bellot, Claudia Cattadori e il Dott. Padovan. I Consiglieri Mauro Viani ed Eros Zecchini hanno esposto alcune idee in merito alla partecipazione del Cilp al Festivaletteratura di Mantova, mentre Loredana Borghetto e Filippo Santi hanno espresso brevemente le rispettive impressioni sul loro primo anno di mandato nel Direttivo. Il Dott. Alfio Dalla Gasperina, Presidente dei Revisori dei Conti, ha illustrato ai convenuti il ruolo del Collegio, successivamente, nel ringraziare per la collaborazione i colleghi dott. Paolo Pat e dott. Andrea Borlolamiol, ha esposto la Relazione del Collegio dei Revisori<\/p>\n<p>&nbsp;<\/p>\n<p>&nbsp;<\/p>\n<hr \/>\n<blockquote>\n<h3><\/h3>\n<h3>L&#8217;ASSOCIAZIONE PAPIRIA DONA LA \u201cPANCHINA ALLEGRIA\u201d ALLA CASA DI RIPOSO DI FELTRE<\/h3>\n<\/blockquote>\n<p><strong><a class=\"dt-pswp-item\" href=\"https:\/\/www.radiopiu.net\/wordpress\/wp-content\/uploads\/2020\/10\/48c19e00-8ce9-4382-babe-b3de042b150a.jpg\" data-dt-img-description=\"\" data-large_image_width=\"2048\" data-large_image_height=\"1152\"><img loading=\"lazy\" decoding=\"async\" class=\"size-medium wp-image-166578 alignleft\" src=\"https:\/\/www.radiopiu.net\/wordpress\/wp-content\/uploads\/2020\/10\/48c19e00-8ce9-4382-babe-b3de042b150a-300x169.jpg\" alt=\"\" width=\"300\" height=\"169\" srcset=\"https:\/\/www.radiopiu.net\/wordpress\/wp-content\/uploads\/2020\/10\/48c19e00-8ce9-4382-babe-b3de042b150a-300x169.jpg 300w, https:\/\/www.radiopiu.net\/wordpress\/wp-content\/uploads\/2020\/10\/48c19e00-8ce9-4382-babe-b3de042b150a-1024x576.jpg 1024w, https:\/\/www.radiopiu.net\/wordpress\/wp-content\/uploads\/2020\/10\/48c19e00-8ce9-4382-babe-b3de042b150a-768x432.jpg 768w, https:\/\/www.radiopiu.net\/wordpress\/wp-content\/uploads\/2020\/10\/48c19e00-8ce9-4382-babe-b3de042b150a-1536x864.jpg 1536w, https:\/\/www.radiopiu.net\/wordpress\/wp-content\/uploads\/2020\/10\/48c19e00-8ce9-4382-babe-b3de042b150a.jpg 2048w\" sizes=\"auto, (max-width: 300px) 100vw, 300px\" \/><\/a>FELTRE\u00a0<\/strong>L&#8217;Associazione Papiria ha donato alla casa di riposo \u201cBrandalise\u201d di Feltre la \u201cPanchina Allegria\u201d, frutto del lavoro dei bambini del Centro Estivo.\u00a0Sono circa una trentina i piccoli tra i 4 a i 12 anno che nei mesi scorsi hanno partecipato all&#8217;allestimento della panchina, intrecciando attorno alla struttura pezzi di stoffa colorata. L&#8217;iniziativa rientra nell&#8217;ambito del progetto \u201cPanchine d&#8217;artista\u201d promosso dalla TILT.\u00a0Erano presenti alla consegna Rosanna Canova per l&#8217;Associazione Papiria, il presidente dell&#8217;Azienda Feltrina per i Servizi alla Persona Rita Mondolo, il direttore Stefano Triches, alcune operatrici della Casa di Riposo di Feltre e l&#8217;assessore ai Servizi Sociali del Comune di Feltre Giorgia Li Castri.<\/p>\n<p>&nbsp;<\/p>\n<p>&nbsp;<\/p>\n<p>&nbsp;<\/p>\n<p>&nbsp;<\/p>\n<p>&nbsp;<\/p>\n<hr \/>\n<p>&nbsp;<\/p>\n<blockquote>\n<h3>INIZIATI I LAVORI IN VIA VATICANO A TAIBON<\/h3>\n<\/blockquote>\n<p><strong>TAIBON<\/strong>\u00a0Sono iniziati in queste ore i lavori di fresatura e asfaltatura in Via Vaticano a Taibon Agordino. Lavori necessari che da tempo gli abitanti di Forno Val aspettavano. Una stradina stretta che porta alla parte alta del paese e usata solamente da chi ci abita in quella zona. Negli anni il manto stradale aveva avuto tanti lavori, non ultimi quelli necessari per la posa della fibra ottica. Un tratto martoriato anche da Bim Gsp che per lavori alla rete idrica comunale ha dovuto rompere pi\u00f9 volte l&#8217;asfalto per sistemare l&#8217;acquedotto che aveva delle perdite. Era diventata una vera e propria prova di forza per gli ammortizzatori delle auto che vi transitavano ed ora l&#8217;amministrazione comunale ne ha approfittato per dare un p\u00f2 di lustro anche a questa via rimettendola a nuovo.<\/p>\n<p>&nbsp;<\/p>\n\n\t\t\t<style type='text\/css'>\n\t\t\t\t#gallery-4 {\n\t\t\t\t\tmargin: auto;\n\t\t\t\t}\n\t\t\t\t#gallery-4 .gallery-item {\n\t\t\t\t\tfloat: left;\n\t\t\t\t\tmargin-top: 10px;\n\t\t\t\t\ttext-align: center;\n\t\t\t\t\twidth: 25%;\n\t\t\t\t}\n\t\t\t\t#gallery-4 img {\n\t\t\t\t\tborder: 2px solid #cfcfcf;\n\t\t\t\t}\n\t\t\t\t#gallery-4 .gallery-caption {\n\t\t\t\t\tmargin-left: 0;\n\t\t\t\t}\n\t\t\t\t\/* see gallery_shortcode() in wp-includes\/media.php *\/\n\t\t\t<\/style>\n\t\t<div id='gallery-4' class='dt-gallery-container gallery galleryid-166610 gallery-columns-4 gallery-size-thumbnail'><dl class='gallery-item'>\n\t\t\t\t<dt class='gallery-icon portrait'>\n\t\t\t\t\t<a class=\"rollover rollover-zoom dt-pswp-item\" title=\"39d2d7b2-8bfb-4ea3-a16c-6d6e8bc92032\" data-dt-img-description=\"\" data-large_image_width=\"1200\" data-large_image_height=\"1600\"href='https:\/\/www.radiopiu.net\/wordpress\/wp-content\/uploads\/2020\/10\/39d2d7b2-8bfb-4ea3-a16c-6d6e8bc92032.jpg'><img loading=\"lazy\" decoding=\"async\" width=\"150\" height=\"150\" src=\"https:\/\/www.radiopiu.net\/wordpress\/wp-content\/uploads\/2020\/10\/39d2d7b2-8bfb-4ea3-a16c-6d6e8bc92032-150x150.jpg\" class=\"attachment-thumbnail size-thumbnail\" alt=\"\" \/><\/a>\n\t\t\t\t<\/dt><\/dl><dl class='gallery-item'>\n\t\t\t\t<dt class='gallery-icon portrait'>\n\t\t\t\t\t<a class=\"rollover rollover-zoom dt-pswp-item\" title=\"b9f41271-98b2-4e92-b96e-1ec11c5168f8\" data-dt-img-description=\"\" data-large_image_width=\"1200\" data-large_image_height=\"1600\"href='https:\/\/www.radiopiu.net\/wordpress\/wp-content\/uploads\/2020\/10\/b9f41271-98b2-4e92-b96e-1ec11c5168f8.jpg'><img loading=\"lazy\" decoding=\"async\" width=\"150\" height=\"150\" src=\"https:\/\/www.radiopiu.net\/wordpress\/wp-content\/uploads\/2020\/10\/b9f41271-98b2-4e92-b96e-1ec11c5168f8-150x150.jpg\" class=\"attachment-thumbnail size-thumbnail\" alt=\"\" \/><\/a>\n\t\t\t\t<\/dt><\/dl><dl class='gallery-item'>\n\t\t\t\t<dt class='gallery-icon portrait'>\n\t\t\t\t\t<a class=\"rollover rollover-zoom dt-pswp-item\" title=\"a33be5c6-0e75-48f6-b186-cbdf26ba3077\" data-dt-img-description=\"\" data-large_image_width=\"1200\" data-large_image_height=\"1600\"href='https:\/\/www.radiopiu.net\/wordpress\/wp-content\/uploads\/2020\/10\/a33be5c6-0e75-48f6-b186-cbdf26ba3077.jpg'><img loading=\"lazy\" decoding=\"async\" width=\"150\" height=\"150\" src=\"https:\/\/www.radiopiu.net\/wordpress\/wp-content\/uploads\/2020\/10\/a33be5c6-0e75-48f6-b186-cbdf26ba3077-150x150.jpg\" class=\"attachment-thumbnail size-thumbnail\" alt=\"\" \/><\/a>\n\t\t\t\t<\/dt><\/dl><dl class='gallery-item'>\n\t\t\t\t<dt class='gallery-icon portrait'>\n\t\t\t\t\t<a class=\"rollover rollover-zoom dt-pswp-item\" title=\"8aa5346e-a343-43dc-864e-faea9eb72d13\" data-dt-img-description=\"\" data-large_image_width=\"1200\" data-large_image_height=\"1600\"href='https:\/\/www.radiopiu.net\/wordpress\/wp-content\/uploads\/2020\/10\/8aa5346e-a343-43dc-864e-faea9eb72d13.jpg'><img loading=\"lazy\" decoding=\"async\" width=\"150\" height=\"150\" src=\"https:\/\/www.radiopiu.net\/wordpress\/wp-content\/uploads\/2020\/10\/8aa5346e-a343-43dc-864e-faea9eb72d13-150x150.jpg\" class=\"attachment-thumbnail size-thumbnail\" alt=\"\" \/><\/a>\n\t\t\t\t<\/dt><\/dl><br style=\"clear: both\" \/>\n\t\t\t<\/div>\n\n<p>&nbsp;<\/p>\n<hr \/>\n<p>&nbsp;<\/p>\n<p>&nbsp;<\/p>\n<h3><\/h3>\n<blockquote>\n<h3>SCI E SPORT INVERNALI: IMPORTANTE RIPARTIRE IN SICUREZZA<\/h3>\n<\/blockquote>\n<p><strong><a class=\"dt-pswp-item\" href=\"https:\/\/www.radiopiu.net\/wordpress\/wp-content\/uploads\/2020\/04\/UNCEM.jpg\" data-dt-img-description=\"\" data-large_image_width=\"500\" data-large_image_height=\"500\"><img loading=\"lazy\" decoding=\"async\" class=\"size-medium wp-image-133399 alignleft\" src=\"https:\/\/www.radiopiu.net\/wordpress\/wp-content\/uploads\/2020\/04\/UNCEM-300x300.jpg\" alt=\"\" width=\"300\" height=\"300\" srcset=\"https:\/\/www.radiopiu.net\/wordpress\/wp-content\/uploads\/2020\/04\/UNCEM-300x300.jpg 300w, https:\/\/www.radiopiu.net\/wordpress\/wp-content\/uploads\/2020\/04\/UNCEM-150x150.jpg 150w, https:\/\/www.radiopiu.net\/wordpress\/wp-content\/uploads\/2020\/04\/UNCEM.jpg 500w\" sizes=\"auto, (max-width: 300px) 100vw, 300px\" \/><\/a>ROMA <\/strong>&#8220;Gli sport invernali, sci alpino e tutte le altre discipline, devono porter avviare la stagione. In sicurezza, come previsto e proposto dalla FISI. Uncem \u00e8 certa che si possano trovare soluzioni che permettano agli operatori, agli addetti, ai fruitori, agli appassionati di avere una stagione invernale positiva, intensa e proficua. L&#8217;arroccamento genera turismo, flussi, tiene insieme e genera economia per le valli&#8221;. &#8220;Uncem lo auspica insieme con Federfuni, Arpiet e Anef, rappresentanti degli operatori, e naturalmente con la FISI. Insieme si pu\u00f2 condividere il percorso con Comitato tecnico-scientifico nazionale, con i Ministeri competenti. Uncem propone al Ministero degli Affari regionali e delle Autonomie di insediare un tavolo stabile di lavoro, con il Ministero delle Infrastrutture e dei Trasporti, con il Sottosegretario allo Sport, le Datoriali, la FISI, l&#8217;Intergruppo parlamentare per lo Sviluppo della Montagna. Un tavolo snello che permetta alla montagna di ripartire in tutta sicurezza, anche in vista dell&#8217;importante evento di Cortina 2021, con i Mondiali di febbraio che anticipano le Olimpiadi invernali. Non possiamo perdere la stagione. E se anche nessuno lo mette in dubbio, ne siamo certi, oggi occorre individuare buone soluzioni come sta ad esempio facendo l&#8217;Austria, a vantaggio delle aree montane, dell&#8217;economia dei territori, ma anche della sicurezza per tutti, operatori e fruitori&#8221;.\u00a0Lo afferma Marco Bussone, Presidente nazionale Uncem.<\/p>\n<p>&nbsp;<\/p>\n<p>&nbsp;<\/p>\n<p>&nbsp;<\/p>\n<hr \/>\n<p>&nbsp;<\/p>\n<blockquote>\n<h3>DOMANI LA PRESENTAZIONE DEL PROGETTO DOLOMIA IN SALA DON TAMIS<\/h3>\n<\/blockquote>\n<p><strong><a class=\"dt-pswp-item\" href=\"https:\/\/www.radiopiu.net\/wordpress\/wp-content\/uploads\/2020\/10\/FOLLADOR-DE-ROSSI-scaled.jpg\" data-dt-img-description=\"\" data-large_image_width=\"2560\" data-large_image_height=\"1193\"><img loading=\"lazy\" decoding=\"async\" class=\"size-medium wp-image-164367 alignleft\" src=\"https:\/\/www.radiopiu.net\/wordpress\/wp-content\/uploads\/2020\/10\/FOLLADOR-DE-ROSSI-300x140.jpg\" alt=\"\" width=\"300\" height=\"140\" srcset=\"https:\/\/www.radiopiu.net\/wordpress\/wp-content\/uploads\/2020\/10\/FOLLADOR-DE-ROSSI-300x140.jpg 300w, https:\/\/www.radiopiu.net\/wordpress\/wp-content\/uploads\/2020\/10\/FOLLADOR-DE-ROSSI-1024x477.jpg 1024w, https:\/\/www.radiopiu.net\/wordpress\/wp-content\/uploads\/2020\/10\/FOLLADOR-DE-ROSSI-768x358.jpg 768w, https:\/\/www.radiopiu.net\/wordpress\/wp-content\/uploads\/2020\/10\/FOLLADOR-DE-ROSSI-1536x716.jpg 1536w, https:\/\/www.radiopiu.net\/wordpress\/wp-content\/uploads\/2020\/10\/FOLLADOR-DE-ROSSI-2048x954.jpg 2048w, https:\/\/www.radiopiu.net\/wordpress\/wp-content\/uploads\/2020\/10\/FOLLADOR-DE-ROSSI-640x298.jpg 640w\" sizes=\"auto, (max-width: 300px) 100vw, 300px\" \/><\/a>AGORDO<\/strong> Domani presso la Sala Don Tamis ad Agordo verr\u00e0 presentato il Progetto Dolomia <strong>\u201c<\/strong>La via della Dolomia: il viaggio della roccia nelle Alpi Dolomitiche\u201d, realizzato in collaborazione con il Dipartimento di Tecnologia dei Materiali dell\u2019Universit\u00e0 di Innsbruck. Il progetto dar\u00e0 l\u2019opportunit\u00e0 di far scoprire ed esplorare, in modo guidato ed ecosostenibile, il territorio compreso tra le\u00a0Dolomiti Patrimonio UNESCO\u00a0e l\u2019area delle\u00a0Alpi del Tirolo, con riferimento al\u00a0materiale pietra Dolomia. Interverranno autorit\u00e0 e relatori di primario rilievo nel settore e, al termine della conferenza, avr\u00e0 luogo l\u2019inaugurazione del Percorso Geoturistico e successiva visita guidata Villa De Manzoni e Museo Geologico di Agordo.<\/p>\n<p>&nbsp;<\/p>\n<p><strong>di GIANNI SANTOMASO<\/strong><\/p>\n<audio class=\"wp-audio-shortcode\" id=\"audio-166610-7\" preload=\"none\" style=\"width: 100%;\" controls=\"controls\"><source type=\"audio\/mpeg\" src=\"https:\/\/www.radiopiu.net\/wordpress\/wp-content\/uploads\/2020\/10\/GIANNI-VIA-DOLOMIA.mp3?_=7\" \/><a href=\"https:\/\/www.radiopiu.net\/wordpress\/wp-content\/uploads\/2020\/10\/GIANNI-VIA-DOLOMIA.mp3\">https:\/\/www.radiopiu.net\/wordpress\/wp-content\/uploads\/2020\/10\/GIANNI-VIA-DOLOMIA.mp3<\/a><\/audio>\n<h1><\/h1>\n<h1><span style=\"color: #ff0000;\">VIDEO<\/span><\/h1>\n<div style=\"width: 1200px;\" class=\"wp-video\"><video class=\"wp-video-shortcode\" id=\"video-166610-1\" width=\"1200\" height=\"675\" preload=\"metadata\" controls=\"controls\"><source type=\"video\/mp4\" src=\"https:\/\/www.radiopiu.net\/wordpress\/wp-content\/uploads\/2020\/10\/WhatsApp-Video-2020-10-14-at-10.08.15.mp4?_=1\" \/><a href=\"https:\/\/www.radiopiu.net\/wordpress\/wp-content\/uploads\/2020\/10\/WhatsApp-Video-2020-10-14-at-10.08.15.mp4\">https:\/\/www.radiopiu.net\/wordpress\/wp-content\/uploads\/2020\/10\/WhatsApp-Video-2020-10-14-at-10.08.15.mp4<\/a><\/video><\/div>\n<p>&nbsp;<\/p>\n<hr \/>\n<p>&nbsp;<\/p>\n<p>&nbsp;<\/p>\n<blockquote>\n<h3>PREMIO GIORNALISTICO \u201cBEPI ZANFRON\u201d SABATO ALLE 17.30 A LONGARONE LA PREMIAZIONE DELLA TERZA EDIZIONE<\/h3>\n<\/blockquote>\n<p><strong><a class=\"dt-pswp-item\" href=\"https:\/\/www.radiopiu.net\/wordpress\/wp-content\/uploads\/2019\/10\/bepi-zanfron.jpg\" data-dt-img-description=\"\" data-large_image_width=\"170\" data-large_image_height=\"187\"><img loading=\"lazy\" decoding=\"async\" class=\" wp-image-101220 alignleft\" src=\"https:\/\/www.radiopiu.net\/wordpress\/wp-content\/uploads\/2019\/10\/bepi-zanfron.jpg\" alt=\"\" width=\"120\" height=\"132\" \/><\/a>LONGARONE\u00a0<\/strong> Si svolger\u00e0 sabato nella sala consiliare del Municipio di Longarone, con inizio alle 17.30, la cerimonia di premiazione della terza edizione del premio giornalistico intitolato alla memoria di Giuseppe \u201cBepi\u201d Zanfron, organizzato da Assostampa Belluno e Sindacato Giornalisti del Veneto,\u00a0 con il contributo del Consorzio dei Comuni del Bacino Imbrifero Montano del Piave appartenenti alla Provincia di Belluno e con il patrocinio della Regione del Veneto, della Provincia di Belluno, del Comune di Longarone, dell&#8217;Unione Stampa Sportiva Italiana, della Fondazione Vajont, del Comitato Olimpico Nazionale Italiano di Belluno e dell&#8217;Associazione Bellunesi nel Mondo. Tema di quest&#8217;anno, in vista dei grandi eventi sportivi che coinvolgeranno la nostra provincia come i Mondiali di Sci Alpino di Cortina 2021 e le Olimpiadi Cortina-Milano 2026, sono gli sport della montagna e gli eventi sportivi ambientati in montagna. Il nome di Bepi Zanfron \u00e8 indissolubilmente legato agli scatti del Vajont, tanto che ormai da tre anni il premio a lui intitolato rientra tra gli eventi del calendario ufficiale delle celebrazioni. Zanfron \u00e8 stato per\u00f2 anche un professionista che ha raccontato con le sue fotografie innumerevoli pagine di vita e di cronaca quotidiana, e tra queste lo sport ha rivestito un ruolo importante. Alla cerimonia di premiazione, che viste le restrizioni legate all&#8217;emergenza sanitaria vedr\u00e0 ingressi contingentati, \u00a0hanno confermato la loro presenza autorit\u00e0 politiche, amministrative e sportive.<\/p>\n<p>&nbsp;<\/p>\n<p>&nbsp;<\/p>\n<p>&nbsp;<\/p>\n<hr \/>\n<h3><\/h3>\n<blockquote>\n<h3>LA SEZIONE ALPINI DI BELLUNO APRE IL SUO CENTENARIO AL SACRARIO DI PIAN SALESEI di Dino Bridda<\/h3>\n<\/blockquote>\n<p><strong><a class=\"dt-pswp-item\" href=\"https:\/\/www.radiopiu.net\/wordpress\/wp-content\/uploads\/2018\/10\/ana-alpini.png\" data-dt-img-description=\"\" data-large_image_width=\"225\" data-large_image_height=\"225\"><img loading=\"lazy\" decoding=\"async\" class=\"size-full wp-image-62421 alignleft\" src=\"https:\/\/www.radiopiu.net\/wordpress\/wp-content\/uploads\/2018\/10\/ana-alpini.png\" alt=\"\" width=\"225\" height=\"225\" srcset=\"https:\/\/www.radiopiu.net\/wordpress\/wp-content\/uploads\/2018\/10\/ana-alpini.png 225w, https:\/\/www.radiopiu.net\/wordpress\/wp-content\/uploads\/2018\/10\/ana-alpini-150x150.png 150w\" sizes=\"auto, (max-width: 225px) 100vw, 225px\" \/><\/a>BELLUNO <\/strong><span style=\"color: #000000;\"><span style=\"font-family: Calibri, serif;\">Nel lontano giugno 1921 un gruppo di reduci della prima guerra mondiale fond\u00f2 la Sezione di Belluno dell\u2019Associazione Nazionale Alpini, sorta due anni prima. I nuclei fondanti furono quelli dei Gruppi di Forno di Canale (oggi Canale d\u2019Agordo) e di Calalzo di Cadore. Pertanto \u00e8 ormai ora di celebrare il Centenario. Il calendario degli eventi commemorativi si aprir\u00e0 con una grande cerimonia per ricordare tutti i caduti e sar\u00e0 un prologo che coinvolger\u00e0 non solo la compagine associativa, ma anche altre componenti della societ\u00e0 civile provinciale. <\/span><\/span><span style=\"color: #000000;\"><span style=\"font-family: Calibri, serif;\">Cos\u00ec ne parla il presidente Lino De Pra: <\/span><\/span><span style=\"color: #000000;\"><span style=\"font-family: Times New Roman, serif;\">\u00ab<\/span><\/span><span style=\"color: #000000;\"><span style=\"font-family: Calibri, serif;\">L\u2019appuntamento \u00e8 per domenica 18 ottobre al Sacrario di Pian di Salesei con inizio alle 10. Alla manifestazione abbiamo invitato i rappresentanti dei 44 Gruppi della Sezione, i presidenti con i labari delle Sezioni A.N.A. del Triveneto, i sindaci con i gonfaloni dei 16 Comuni dell\u2019Unione Montana Agordina, le delegazioni delle associazioni combattentistiche e d\u2019arma della provincia di Belluno, oltre alle autorit\u00e0 di Regione ed Enti locali. Con questa iniziativa intendiamo rendere omaggio a chi ci ha preceduto sacrificando la propria giovane vita sull\u2019altare del dovere, ma affermando, nel contempo, che il nostro intento di oggi \u00e8 camminare sulla strada della libert\u00e0 e della pacifica convivenza tra i popoli<\/span><\/span><span style=\"color: #000000;\"><span style=\"font-family: Times New Roman, serif;\">\u00bb. <\/span><\/span><span style=\"color: #000000;\"><span style=\"font-family: Calibri, serif;\">I particolari della mattinata sono nelle parole del vice presidente vicario Ezio Caldart: <\/span><\/span><span style=\"color: #000000;\"><span style=\"font-family: Times New Roman, serif;\">\u00ab<\/span><\/span><span style=\"color: #000000;\"><span style=\"font-family: Calibri, serif;\">Dopo l\u2019alzabandiera e gli onori ai caduti, il saluto agli intervenuti sar\u00e0 dato dal capogruppo A.N.A. di Livinallongo del Col di Lana Luca Deltedesco e dal presidente sezionale Lino De Pra. Seguiranno gli interventi delle autorit\u00e0 presenti e la celebrazione della S. Messa che sar\u00e0 officiata da mons. Sandro Capraro, assistente spirituale della Sezione A.N.A. di Belluno, e dal cappellano militare don Lorenzo Cottali. Chiuderanno la cerimonia la recita della \u201cPreghiera del Caduto\u201d e l\u2019intervento del presidente nazionale A.N.A Sebastiano Favero. I vari momenti saranno sottolineati dai canti del coro \u201cS. Giacomo\u201d della Pieve di Livinallongo e dalla Banda da Fodom<\/span><\/span><span style=\"color: #000000;\"><span style=\"font-family: Times New Roman, serif;\">\u00bb<\/span><\/span><span style=\"color: #000000;\"><span style=\"font-family: Calibri, serif;\">. <\/span><\/span><span style=\"color: #000000;\"><span style=\"font-family: Calibri, serif;\">Aggiunge il coordinatore sezionale della Protezione civile Ivo Gasperin: <\/span><\/span><span style=\"color: #000000;\"><span style=\"font-family: Times New Roman, serif;\">\u00ab<\/span><\/span><span style=\"color: #000000;\"><span style=\"font-family: Calibri, serif;\">Per l\u2019occasione <\/span><\/span><span style=\"font-family: Calibri, serif;\">sar\u00e0 a disposizione un apposito servizio navetta dall\u2019incrocio per Laste-ingresso Digonera e, da parte nostre, assicuriamo che tutta la manifestazione si svolger\u00e0 in ossequio alle norme anti Covid-19 con l\u2019obbligo dell\u2019uso della mascherina e del distanziamento. In caso di condizioni meteo avverse la cerimonia in forma ridotta si svolger\u00e0, con inizio alle 11, nella chiesa parrocchiale di Arabba<\/span><span style=\"font-family: Times New Roman, serif;\">\u00bb<\/span><span style=\"font-family: Calibri, serif;\">. <\/span><span style=\"font-family: Calibri, serif;\">Proprio dal locale Centro Valanghe dell\u2019Arpav, per\u00f2, assicurano una domenica di sole agli alpini che saliranno al sacrario con il labaro nazionale, i vessilli sezionali ed i gagliardetti dei Gruppi, nonch\u00e9 con l\u2019immancabile cappello con la penna.<\/span><\/p>\n<p>&nbsp;<\/p>\n<p>&nbsp;<\/p>\n<hr \/>\n<p>&nbsp;<\/p>\n<blockquote>\n<h3>AI SOCI DELLA FAMIGLIA EX-EMIGRANTI AGORDINI<\/h3>\n<\/blockquote>\n<p><strong>CENCENIGHE<\/strong> La Presidente Lucia De Toffol Macutan\u00a0 rende noto a tutti i soci che a causa della pandemia Covid 19, tutte le manifestazioni in programma per il corrente anno 2020 sono state rinviate al prossimo anno 2021. Pertanto anche il consueto \u201cporta a porta\u201d per il rinnovo dell\u2019abbonamento al mensile \u201cBellunesi nel mondo\u201d per l\u2019anno 2021 non verr\u00e0 effettuato. <em>&#8220;Per questo &#8211; dice la presidente &#8211;\u00a0 chiedo cortesemente ai soci di voler sottoscrivere la quota di\u00a0 30 euro\u00a0 tramite il bollettino di conto corrente postale inserito nel mensile dell\u2019Associazione<\/em>&#8220;.<\/p>\n<p>&nbsp;<\/p>\n<hr \/>\n<p>&nbsp;<\/p>\n<blockquote>\n<h3>ASSEMBLEA ANNUALE COMITATO GEMELLAGGIO<\/h3>\n<\/blockquote>\n<p><strong>AGORDO<\/strong> Michela Paganin, presidente del Comitato di Gemellaggio, nel rispetto delle norme Covid, ha messo in calendario l&#8217;annuale assemblea per venerdi 23 ottobre alle 20.30 in sala della Biblioteca. Ordine del giorno: rendicontazione 2019, rinnovo tesseramento, programmazione iniziative per il 2021.<\/p>\n<p>&nbsp;<\/p>\n<p>&nbsp;<\/p>\n<hr \/>\n<blockquote>\n<h3><\/h3>\n<h3>DOLOMITI EMERGENCY ONLUS, GIOVED\u00cc 29 OTTOBRE ASSEMBLEA DEI SOCI<\/h3>\n<\/blockquote>\n<p><strong><a class=\"dt-pswp-item\" href=\"https:\/\/www.radiopiu.net\/wordpress\/wp-content\/uploads\/2016\/05\/dolomiti-emergency1.jpg\" data-dt-img-description=\"\" data-large_image_width=\"611\" data-large_image_height=\"297\"><img loading=\"lazy\" decoding=\"async\" class=\"size-medium wp-image-19271 alignleft\" src=\"https:\/\/www.radiopiu.net\/wordpress\/wp-content\/uploads\/2016\/05\/dolomiti-emergency1-300x146.jpg\" alt=\"\" width=\"300\" height=\"146\" \/><\/a>BELLUNO\u00a0<\/strong>\u00c8 convocata per gioved\u00ec 29 ottobre l\u2019assemblea ordinaria dei soci di Dolomiti Emergency Onlus, l\u2019associazione di volontariato che ha come scopo quello di sostenere e migliorare il modello di soccorso e intervento di emergenza in montagna. Appuntamento alle 18.30 nella sala Teatro del Centro Giovanni XXIII di Belluno (alle 12 in prima convocazione presso la sede amministrativa di Dolomiti Emergency).\u00a0All\u2019ordine del giorno ci sono l\u2019approvazione del verbale dell&#8217;assemblea precedente; la relazione della presidente Laura Menegus; gli interventi del dottor Giovanni Cipolotti, ex direttore della Scuola di formazione \u201cFalco\u201d, e del dottor Mauro Fantinel, direttore della Scuola di formazione di rianimazione cardiopolmonare. Durante l\u2019assemblea prender\u00e0 la parola anche il nuovo primario del Suem 118, il dottor Giulio Trill\u00f2, e sar\u00e0 nominato il nuovo direttore della Scuola di formazione \u201cFalco\u201d.\u00a0Si proceder\u00e0 poi con l\u2019approvazione del bilancio consuntivo 2019 e del previsionale 2020, oltre che con la nomina di un nuovo componente del Consiglio direttivo e di un membro del Collegio dei revisori.<\/p>\n<p>&nbsp;<\/p>\n<p>&nbsp;<\/p>\n<hr \/>\n<p>&nbsp;<\/p>\n<div>\n<div>\n<div>\n<div>\n<div>\n<div>\n<div>\n<div>\n<div>\n<div>\n<div>\n<div>\n<div>\n<div>\n<div>\n<div>\n<div>\n<div>\n<div>\n<div>\n<div>\n<div>\n<div>\n<div>\n<div>\n<div>\n<div>\n<blockquote>\n<h3>LA ULSS1 DOLOMITI CERCA INFERMIERI IN LIBERA PROFESSIONE<\/h3>\n<\/blockquote>\n<\/div>\n<\/div>\n<\/div>\n<\/div>\n<\/div>\n<\/div>\n<\/div>\n<\/div>\n<\/div>\n<\/div>\n<\/div>\n<\/div>\n<\/div>\n<\/div>\n<\/div>\n<\/div>\n<\/div>\n<\/div>\n<\/div>\n<\/div>\n<\/div>\n<\/div>\n<\/div>\n<\/div>\n<\/div>\n<\/div>\n<\/div>\n<p><strong>BELLUNO <\/strong>Nell\u2019ambito delle azioni per fronteggiare l\u2019emergenza COVID, l\u2019Ulss Dolomiti ricorda che \u00e8 aperto un bando per la formazione di elenchi di infermieri disponibili ad assumere incarichi di natura libero professionale. I requisiti richiesti sono la laurea infermieristica e l\u2019iscrizione all\u2019abo. Per gli infermieri in pensione, grazie alla collaborazione con l\u2019Ordine, \u00e8 prevista una procedura semplificata per l\u2019iscrizione all\u2019albo. Per qualsiasi informazione \u00e8 possibile contattare la Segreteria amministrativa al numero 0437 30466 o mandare una mail a segreteria@opibelluno.it<\/p>\n<p>&nbsp;<\/p>\n<p>&nbsp;<\/p>\n<hr \/>\n<p>&nbsp;<\/p>\n<blockquote>\n<h3>ITS MECCATRONICO, NUOVO ROUND DI SELEZIONI IL 22 OTTOBRE<\/h3>\n<\/blockquote>\n<p><strong>BELLUNO<\/strong> Una borsa di studio per ogni studente dell\u2019ITS Meccatronico: \u00e8 questo l\u2019impegno del Gruppo Giovani di Confindustria Belluno Dolomiti a pochi giorni dalle nuove selezioni in programma il 22 ottobre a Belluno. Le iscrizioni per il corso \u201cTecnico superiore per l\u2019automazione e i sistemi meccatronici\u201d sono ancora aperte e la Fondazione ITS-Academy Meccatronico del Veneto sta raccogliendo adesioni da tutto il territorio non solo bellunese. L\u2019ITS meccatronico (ITS sta per Istituto Tecnico Superiore) \u00e8 un corso post-maturit\u00e0, biennale, che prevede duemila ore di formazione &#8211; di queste 1200 in aula, 800 in azienda &#8211; e rivolto a tutte le persone con diploma di scuola secondaria di secondo grado, studenti, inoccupati, disoccupati. Per tutte le informazioni sulle selezioni del 22 ottobre a Belluno e le preiscrizioni contattare www.itsmeccatr<\/p>\n<p>&nbsp;<\/p>\n<p>&nbsp;<\/p>\n<hr \/>\n<p>&nbsp;<\/p>\n<blockquote>\n<h3>TORNANO LE GIORNATE FAI D\u2019AUTUNNO. CONFERENZE E VISITE ALLA SCOPERTA DI PALAZZO ROSSO E PALAZZO PILONI CON I VOLONTARI FAI<\/h3>\n<\/blockquote>\n<p><strong><a class=\"dt-pswp-item\" href=\"https:\/\/www.radiopiu.net\/wordpress\/wp-content\/uploads\/2019\/02\/palazzo_piloni_belluno.jpg\" data-dt-img-description=\"\" data-large_image_width=\"1000\" data-large_image_height=\"667\"><img loading=\"lazy\" decoding=\"async\" class=\"size-medium wp-image-77618 alignleft\" src=\"https:\/\/www.radiopiu.net\/wordpress\/wp-content\/uploads\/2019\/02\/palazzo_piloni_belluno-300x200.jpg\" alt=\"\" width=\"300\" height=\"200\" srcset=\"https:\/\/www.radiopiu.net\/wordpress\/wp-content\/uploads\/2019\/02\/palazzo_piloni_belluno-300x200.jpg 300w, https:\/\/www.radiopiu.net\/wordpress\/wp-content\/uploads\/2019\/02\/palazzo_piloni_belluno-768x512.jpg 768w, https:\/\/www.radiopiu.net\/wordpress\/wp-content\/uploads\/2019\/02\/palazzo_piloni_belluno.jpg 1000w\" sizes=\"auto, (max-width: 300px) 100vw, 300px\" \/><\/a>BELLUNO <\/strong>Dopo il successo delle Giornate all\u2019aperto dello scorso giugno, torna il tradizionale appuntamento delle Giornate d\u2019Autunno che il Fondo Ambiente Italiano organizza per promuovere la valorizzazione, la tutela e il recupero del ricco patrimonio d\u2019arte e natura del nostro territorio nazionale. Il Fai propone un evento su prenotazione consigliata\u00a0per la prima volta in due weekend e non in uno (il 17-18 e il 24-25 ottobre), per fare in modo che quanta pi\u00f9 gente possa godere della bellezza e dell\u2019offerta culturale. \u00c8 fortemente consigliato prenotare la visita sul sito <a href=\"https:\/\/www.giornatefai.it\/\">www.giornatefai.i<\/a><\/p>\n<p>&nbsp;<\/p>\n<p>&nbsp;<\/p>\n<p>&nbsp;<\/p>\n<hr \/>\n<p>&nbsp;<\/p>\n<blockquote>\n<h3>NUOVI CORSI PER OPERATORE SOCIO SANITARIO: PRESELEZIONE SPOSTATA AL 22 OTTOBRE<\/h3>\n<\/blockquote>\n<p><strong>BELLUNO <\/strong>C\u2019\u00e8 ancora qualche giorno di tempo per iscriversi ai nuovi percorsi Oss 2020-2021. La preselezione, infatti, \u00e8 stata spostata in avanti, al 22 ottobre.\u00a0Sono sette i corsi in programma, per 210 posti a disposizione. Un numero funzionale a coprire il fabbisogno di queste figure professionali per l\u2019immediato futuro, dato che secondo le stime della Regione Veneto da qui ai prossimi due anni ne serviranno 350 nella sola provincia di Belluno.\u00a0Sono previsti tre cicli. A copertura dei costi di organizzazione, intervengono Provincia (con un finanziamento di 35mila euro) e Consorzio Bim. A sostegno invece dei corsisti ci sar\u00e0 l\u2019intervento del Rotary Club Belluno.\u00a0Per partecipare ai corsi \u00e8 necessario avere assolto al diritto dovere all\u2019istruzione e formazione professionale ai sensi della normativa vigente, oppure il compimento del 18\u00b0 anno di et\u00e0 alla data di iscrizione e il titolo di licenza media. Possono partecipare ai percorsi formativi anche i cittadini stranieri, ma devono possedere il certificato di competenza linguistica rilasciato da enti certificatori, almeno di livello B1. I corsi sono accessibili sia alle persone disoccupate che agli occupati.\u00a0Informazioni dettagliate all\u2019indirizzo mail ambito.belluno@venetolavoro.it.<\/p>\n<p>&nbsp;<\/p>\n<p>&nbsp;<\/p>\n<hr \/>\n<p>&nbsp;<\/p>\n<blockquote>\n<h3>IN PROGRAMMA L\u2019ASSEMBLEA ORDINARIA DELL\u2019ASSOCIAZIONE PETTIROSSO AGORDINO<\/h3>\n<\/blockquote>\n<p><strong class=\"photoswipe-wrapper\"><a class=\"dt-pswp-item pspw-wrap-ready\" href=\"https:\/\/i2.wp.com\/www.radiopiu.net\/wordpress\/wp-content\/uploads\/2016\/03\/cucc-pettirosso-15.jpg?ssl=1\" data-dt-img-description=\"\" data-large_image_width=\"400\" data-large_image_height=\"200\"><img loading=\"lazy\" decoding=\"async\" class=\" wp-image-17194 alignleft\" src=\"https:\/\/i2.wp.com\/www.radiopiu.net\/wordpress\/wp-content\/uploads\/2016\/03\/cucc-pettirosso-15.jpg?resize=234%2C117&amp;ssl=1\" sizes=\"auto, (max-width: 234px) 100vw, 234px\" srcset=\"https:\/\/i2.wp.com\/www.radiopiu.net\/wordpress\/wp-content\/uploads\/2016\/03\/cucc-pettirosso-15.jpg?resize=300%2C150&amp;ssl=1 300w, https:\/\/i2.wp.com\/www.radiopiu.net\/wordpress\/wp-content\/uploads\/2016\/03\/cucc-pettirosso-15.jpg?w=400&amp;ssl=1 400w\" alt=\"\" width=\"234\" height=\"117\" data-recalc-dims=\"1\" \/><\/a>AGORDO<\/strong> \u00c8 in programma per marted\u00ec 20 ottobre l\u2019assemblea ordinaria dell\u2019Associazione Pettirosso Agordino presso la sala Don Tamis dell\u2019Unione Montana ad Agordo. 5 punti all\u2019ordine del giorno. La ratifica del consiglio direttivo di ammissione nuovi soci, relazione esercizio sociale dell\u2019anno 2019, presentazione e approvazione del bilancio 2019, presentazione e approvazione del bilancio preventivo 2020, varie ed eventuali.<\/p>\n<p>&nbsp;<\/p>\n<p>&nbsp;<\/p>\n<hr \/>\n<p>&nbsp;<\/p>\n<p>&nbsp;<\/p>\n<h2><a class=\"dt-pswp-item\" href=\"https:\/\/www.radiopiu.net\/wordpress\/wp-content\/uploads\/2019\/02\/Logo_Spi-CGIL-800x445.jpg\" data-dt-img-description=\"\" data-large_image_width=\"800\" data-large_image_height=\"445\"><img loading=\"lazy\" decoding=\"async\" class=\" wp-image-75538 alignleft\" src=\"https:\/\/www.radiopiu.net\/wordpress\/wp-content\/uploads\/2019\/02\/Logo_Spi-CGIL-800x445-300x167.jpg\" alt=\"\" width=\"149\" height=\"83\" srcset=\"https:\/\/www.radiopiu.net\/wordpress\/wp-content\/uploads\/2019\/02\/Logo_Spi-CGIL-800x445-300x167.jpg 300w, https:\/\/www.radiopiu.net\/wordpress\/wp-content\/uploads\/2019\/02\/Logo_Spi-CGIL-800x445-768x427.jpg 768w, https:\/\/www.radiopiu.net\/wordpress\/wp-content\/uploads\/2019\/02\/Logo_Spi-CGIL-800x445.jpg 800w\" sizes=\"auto, (max-width: 149px) 100vw, 149px\" \/><\/a>IERI ALLA RADIO<\/h2>\n<blockquote>\n<h3>QUINDICINALE APPUNTAMENTO DEL GIOVEDI (10.30 E 1900) CON MARIA RITA GENTILIN, SPI CGIL BELLUNO<\/h3>\n<\/blockquote>\n<p><strong>di Claudio Fontanive<\/strong><\/p>\n<p>&nbsp;<\/p>\n<audio class=\"wp-audio-shortcode\" id=\"audio-166610-8\" preload=\"none\" style=\"width: 100%;\" controls=\"controls\"><source type=\"audio\/mpeg\" src=\"https:\/\/www.radiopiu.net\/wordpress\/wp-content\/uploads\/2020\/09\/spi-gentilin-01-ottobre.mp3?_=8\" \/><a href=\"https:\/\/www.radiopiu.net\/wordpress\/wp-content\/uploads\/2020\/09\/spi-gentilin-01-ottobre.mp3\">https:\/\/www.radiopiu.net\/wordpress\/wp-content\/uploads\/2020\/09\/spi-gentilin-01-ottobre.mp3<\/a><\/audio>\n<p>&nbsp;<\/p>\n<p>&nbsp;<\/p>\n<hr \/>\n<p>&nbsp;<\/p>\n<blockquote>\n<h3>MARTINA DAL CORO ARCOBALENO AD UNA CANZONE TUTTA SUA<\/h3>\n<\/blockquote>\n<p><strong><a class=\"dt-pswp-item\" href=\"https:\/\/www.radiopiu.net\/wordpress\/wp-content\/uploads\/2020\/10\/116331401_1936189056511257_3292760548016994992_o.jpg\" data-dt-img-description=\"\" data-large_image_width=\"1080\" data-large_image_height=\"718\"><img loading=\"lazy\" decoding=\"async\" class=\"size-medium wp-image-166551 alignright\" src=\"https:\/\/www.radiopiu.net\/wordpress\/wp-content\/uploads\/2020\/10\/116331401_1936189056511257_3292760548016994992_o-300x199.jpg\" alt=\"\" width=\"300\" height=\"199\" srcset=\"https:\/\/www.radiopiu.net\/wordpress\/wp-content\/uploads\/2020\/10\/116331401_1936189056511257_3292760548016994992_o-300x199.jpg 300w, https:\/\/www.radiopiu.net\/wordpress\/wp-content\/uploads\/2020\/10\/116331401_1936189056511257_3292760548016994992_o-1024x681.jpg 1024w, https:\/\/www.radiopiu.net\/wordpress\/wp-content\/uploads\/2020\/10\/116331401_1936189056511257_3292760548016994992_o-768x511.jpg 768w, https:\/\/www.radiopiu.net\/wordpress\/wp-content\/uploads\/2020\/10\/116331401_1936189056511257_3292760548016994992_o.jpg 1080w\" sizes=\"auto, (max-width: 300px) 100vw, 300px\" \/><\/a>BELLUNO<\/strong> Martina \u00e8 una ragazzina di talento, 11 anni e frequenta la prima media. La sua passione per il canto l&#8217;ha gi\u00e0 espressa da tempo nel Coro Arcobaleno di Limana, ma ha pure partecipato ad importanti concorsi canori. Voleva una canzone tutta sua Martina, ed ora il sogno si realizza, rappresenta il momento che sta vivendo, da ragazzina, oltre il mondo dei &#8220;grandi&#8221;. Per raggiungere l&#8217;obiettivo Martina si \u00e8 rivolta ad un autore esperto in testi di canzoni per i pi\u00f9 giovani, dai bambini agli adolescenti ed ecco che ne \u00e8 uscito un brano meraviglioso dedicato all&#8217;amicizia. L&#8217;autore \u00e8 Lodovico Saccol e con Martina Morobianco ha scritto e musica il pezzo gi\u00e0 presente sulla piattaforma you tube.<\/p>\n<div class=\"nc684nl6\"><a class=\"dt-pswp-item\" href=\"https:\/\/www.radiopiu.net\/wordpress\/wp-content\/uploads\/2020\/10\/121589073_10222879257720274_3600273504231180514_o.jpg\" data-dt-img-description=\"\" data-large_image_width=\"1920\" data-large_image_height=\"1920\"><img loading=\"lazy\" decoding=\"async\" class=\"wp-image-166552 alignleft\" src=\"https:\/\/www.radiopiu.net\/wordpress\/wp-content\/uploads\/2020\/10\/121589073_10222879257720274_3600273504231180514_o-300x300.jpg\" alt=\"\" width=\"131\" height=\"131\" srcset=\"https:\/\/www.radiopiu.net\/wordpress\/wp-content\/uploads\/2020\/10\/121589073_10222879257720274_3600273504231180514_o-300x300.jpg 300w, https:\/\/www.radiopiu.net\/wordpress\/wp-content\/uploads\/2020\/10\/121589073_10222879257720274_3600273504231180514_o-1024x1024.jpg 1024w, https:\/\/www.radiopiu.net\/wordpress\/wp-content\/uploads\/2020\/10\/121589073_10222879257720274_3600273504231180514_o-150x150.jpg 150w, https:\/\/www.radiopiu.net\/wordpress\/wp-content\/uploads\/2020\/10\/121589073_10222879257720274_3600273504231180514_o-768x768.jpg 768w, https:\/\/www.radiopiu.net\/wordpress\/wp-content\/uploads\/2020\/10\/121589073_10222879257720274_3600273504231180514_o-1536x1536.jpg 1536w, https:\/\/www.radiopiu.net\/wordpress\/wp-content\/uploads\/2020\/10\/121589073_10222879257720274_3600273504231180514_o.jpg 1920w\" sizes=\"auto, (max-width: 131px) 100vw, 131px\" \/><\/a>Lodovico Saccol <em>&#8220;<\/em>Il giorno in cui Martina mi chiese <em>&#8220;scrivi un pezzo per me ?&#8221;<\/em> io le risposi<em> &#8220;no, ma scriverei volentieri un pezzo con te. Le diedi un po&#8217; di compiti per casa e nacque un testo con cui abbiamo giocato in studio fino a farlo diventare una canzone delicata come lei. Che parla di amicizia vera, che non urla, che ci ricorda sorridendo la bellezza di avere 11 anni.\u00a0 E&#8217; stato un piacere realizzare assieme il pezzo. Tanti &#8220;adulti&#8221; vengono a registrare in studio da me, ma la &#8220;professionalit\u00e0&#8221; e la simpatia che hanno pervaso lo studio mi hanno confermato perch\u00e9 faccio quel che faccio. E ne sono felice. Martina \u00e8 stata pi\u00f9 professionale di me in tutto il lavoro&#8221;.<\/em><\/div>\n<div class=\"nc684nl6\"><\/div>\n<h2 class=\"nc684nl6\">Quanto vale un&#8217;amica &#8211; Martina Morobianco<\/h2>\n<p><iframe loading=\"lazy\" title=\"Quanto vale un&#039;amica - Martina Morobianco\" width=\"1200\" height=\"675\" src=\"https:\/\/www.youtube.com\/embed\/T-LWNoKjgeg?feature=oembed\" frameborder=\"0\" allow=\"accelerometer; autoplay; clipboard-write; encrypted-media; gyroscope; picture-in-picture\" allowfullscreen><\/iframe><\/p>\n<div id=\"content\" class=\"style-scope ytd-app\">\n<div id=\"columns\" class=\"style-scope ytd-watch-flexy\">\n<div id=\"primary\" class=\"style-scope ytd-watch-flexy\">\n<div id=\"primary-inner\" class=\"style-scope ytd-watch-flexy\">\n<div id=\"meta\" class=\"style-scope ytd-watch-flexy\">\n<div id=\"meta-contents\" class=\"style-scope ytd-watch-flexy\">\n<div id=\"container\" class=\"style-scope ytd-video-secondary-info-renderer\">\n<div id=\"top-row\" class=\"style-scope ytd-video-secondary-info-renderer\">\n<div id=\"upload-info\" class=\"style-scope ytd-video-owner-renderer\">\n<div id=\"container\" class=\"style-scope ytd-channel-name\">\n<div id=\"text-container\" class=\"style-scope ytd-channel-name\"><a class=\"yt-simple-endpoint style-scope yt-formatted-string\" dir=\"auto\" spellcheck=\"false\" href=\"https:\/\/www.youtube.com\/channel\/UC4VOll7Bj7V3lxIENpSqx-Q\">LodoMusicProduction<\/a><\/div>\n<div>testo di M. Morobianco e L. Saccol<\/div>\n<div>musica e produzione di L. Saccol<\/div>\n<div>video realizzato da Anna Reolon<\/div>\n<div><\/div>\n<\/div>\n<div>\n<div id=\"content\" class=\"style-scope ytd-app\">\n<div id=\"columns\" class=\"style-scope ytd-watch-flexy\">\n<div id=\"primary\" class=\"style-scope ytd-watch-flexy\">\n<div id=\"primary-inner\" class=\"style-scope ytd-watch-flexy\">\n<div id=\"meta\" class=\"style-scope ytd-watch-flexy\">\n<div id=\"meta-contents\" class=\"style-scope ytd-watch-flexy\">\n<div id=\"container\" class=\"style-scope ytd-video-secondary-info-renderer\">\n<div id=\"content\" class=\"style-scope ytd-expander\">\n<div id=\"description\" class=\"style-scope ytd-video-secondary-info-renderer\">QUANTO VALE UN&#8217;AMICA<\/div>\n<div class=\"style-scope ytd-video-secondary-info-renderer\">I pensieri pi\u00f9 strani, le parole pi\u00f9 vere,<\/div>\n<div class=\"style-scope ytd-video-secondary-info-renderer\">i segreti nascosti, che non fanno dormire.<\/div>\n<div class=\"style-scope ytd-video-secondary-info-renderer\">Le cose pi\u00f9 belle che ti fanno sognare,<\/div>\n<div class=\"style-scope ytd-video-secondary-info-renderer\">a qualcuno le devi pur dire.<\/div>\n<div class=\"style-scope ytd-video-secondary-info-renderer\">Le fatiche pi\u00f9 forti, le giornate pi\u00f9 dure,<\/div>\n<div class=\"style-scope ytd-video-secondary-info-renderer\">i momenti di felicit\u00e0.<\/div>\n<div class=\"style-scope ytd-video-secondary-info-renderer\">Anche quando davvero non ti senti capita,<\/div>\n<div class=\"style-scope ytd-video-secondary-info-renderer\">c\u2019\u00e8 qualcuno che ti capir\u00e0<\/div>\n<\/div>\n<\/div>\n<\/div>\n<div><\/div>\n<div>\n<div id=\"content\" class=\"style-scope ytd-app\">\n<div id=\"columns\" class=\"style-scope ytd-watch-flexy\">\n<div id=\"primary\" class=\"style-scope ytd-watch-flexy\">\n<div id=\"primary-inner\" class=\"style-scope ytd-watch-flexy\">\n<div id=\"meta\" class=\"style-scope ytd-watch-flexy\">\n<div id=\"meta-contents\" class=\"style-scope ytd-watch-flexy\">\n<div id=\"container\" class=\"style-scope ytd-video-secondary-info-renderer\">\n<div id=\"content\" class=\"style-scope ytd-expander\">\n<div id=\"description\" class=\"style-scope ytd-video-secondary-info-renderer\">Quanto vale un\u2019amica, non ha prezzo davvero,<\/div>\n<div class=\"style-scope ytd-video-secondary-info-renderer\">un\u2019amica non ti fa mancare un abbraccio sincero.<\/div>\n<div class=\"style-scope ytd-video-secondary-info-renderer\">E se ridi, se piangi, se corri: \u00e8 pi\u00f9 bello con lei.<\/div>\n<div class=\"style-scope ytd-video-secondary-info-renderer\">Lei che pi\u00f9 di ogni altro sa, sa davvero chi sei.<\/div>\n<div class=\"style-scope ytd-video-secondary-info-renderer\">Basta solo uno sguardo, e non serve parlare,<\/div>\n<div class=\"style-scope ytd-video-secondary-info-renderer\">le risate pi\u00f9 folli, mille mille avventure.<\/div>\n<div class=\"style-scope ytd-video-secondary-info-renderer\">Tornare da scuola, con il giro pi\u00f9 lungo,<\/div>\n<div class=\"style-scope ytd-video-secondary-info-renderer\">altrimenti il tempo non baster\u00e0.<\/div>\n<div class=\"style-scope ytd-video-secondary-info-renderer\">E ti dici di tutto, anche i tuoi difetti,<\/div>\n<div class=\"style-scope ytd-video-secondary-info-renderer\">e lo sai non ti vergognerai.<\/div>\n<div class=\"style-scope ytd-video-secondary-info-renderer\">Anche se fai la scema, o se fai confusione,<\/div>\n<div class=\"style-scope ytd-video-secondary-info-renderer\">perch\u00e9 lei non ti giudica mai.<\/div>\n<\/div>\n<div><\/div>\n<div>\n<div id=\"content\" class=\"style-scope ytd-app\">\n<div id=\"columns\" class=\"style-scope ytd-watch-flexy\">\n<div id=\"primary\" class=\"style-scope ytd-watch-flexy\">\n<div id=\"primary-inner\" class=\"style-scope ytd-watch-flexy\">\n<div id=\"meta\" class=\"style-scope ytd-watch-flexy\">\n<div id=\"meta-contents\" class=\"style-scope ytd-watch-flexy\">\n<div id=\"container\" class=\"style-scope ytd-video-secondary-info-renderer\">\n<div id=\"content\" class=\"style-scope ytd-expander\">\n<div id=\"description\" class=\"style-scope ytd-video-secondary-info-renderer\">Un\u2019amica ti sgrida, se smarrisci la strada,<\/div>\n<div class=\"style-scope ytd-video-secondary-info-renderer\">dice anche le cose che non vuoi sentire.<\/div>\n<div class=\"style-scope ytd-video-secondary-info-renderer\">L\u2019amicizia pi\u00f9 vera, quando sbagli di brutto,<\/div>\n<div class=\"style-scope ytd-video-secondary-info-renderer\">ti far\u00e0 ricordare, ricordare chi sei.<\/div>\n<div><\/div>\n<div>\n<div id=\"content\" class=\"style-scope ytd-app\">\n<div id=\"columns\" class=\"style-scope ytd-watch-flexy\">\n<div id=\"primary\" class=\"style-scope ytd-watch-flexy\">\n<div id=\"primary-inner\" class=\"style-scope ytd-watch-flexy\">\n<div id=\"meta\" class=\"style-scope ytd-watch-flexy\">\n<div id=\"meta-contents\" class=\"style-scope ytd-watch-flexy\">\n<div id=\"container\" class=\"style-scope ytd-video-secondary-info-renderer\">\n<div id=\"content\" class=\"style-scope ytd-expander\">\n<div id=\"description\" class=\"style-scope ytd-video-secondary-info-renderer\">Quanto vale un\u2019amica, non ha prezzo davvero,<\/div>\n<div class=\"style-scope ytd-video-secondary-info-renderer\">un\u2019amica non ti fa mancare un abbraccio sincero.<\/div>\n<div class=\"style-scope ytd-video-secondary-info-renderer\">E se ridi, se piangi, se corri: \u00e8 pi\u00f9 bello con lei.<\/div>\n<div class=\"style-scope ytd-video-secondary-info-renderer\">Lei che pi\u00f9 di ogni altro, sa davvero chi sei.<\/div>\n<\/div>\n<\/div>\n<\/div>\n<\/div>\n<\/div>\n<\/div>\n<\/div>\n<\/div>\n<\/div>\n<\/div>\n<\/div>\n<\/div>\n<\/div>\n<\/div>\n<\/div>\n<\/div>\n<\/div>\n<\/div>\n<\/div>\n<\/div>\n<\/div>\n<\/div>\n<\/div>\n<\/div>\n<\/div>\n<\/div>\n<div><\/div>\n<div>\n<div id=\"content\" class=\"style-scope ytd-app\">\n<div id=\"columns\" class=\"style-scope ytd-watch-flexy\">\n<div id=\"primary\" class=\"style-scope ytd-watch-flexy\">\n<div id=\"primary-inner\" class=\"style-scope ytd-watch-flexy\">\n<div id=\"meta\" class=\"style-scope ytd-watch-flexy\">\n<div id=\"meta-contents\" class=\"style-scope ytd-watch-flexy\">\n<div id=\"container\" class=\"style-scope ytd-video-secondary-info-renderer\">\n<div id=\"content\" class=\"style-scope ytd-expander\">\n<div id=\"description\" class=\"style-scope ytd-video-secondary-info-renderer\">Quanto vale un\u2019amica: tutto l\u2019oro del mondo.<\/div>\n<div class=\"style-scope ytd-video-secondary-info-renderer\">Se ti tiene per mano, lo sai:<\/div>\n<div class=\"style-scope ytd-video-secondary-info-renderer\">non andrai mai a fondo.<\/div>\n<\/div>\n<\/div>\n<\/div>\n<\/div>\n<\/div>\n<\/div>\n<\/div>\n<\/div>\n<\/div>\n<\/div>\n<\/div>\n<\/div>\n<\/div>\n<\/div>\n<\/div>\n<\/div>\n<\/div>\n<\/div>\n<\/div>\n<\/div>\n<\/div>\n<\/div>\n<\/div>\n<\/div>\n<p>&nbsp;<\/p>\n<p>&nbsp;<\/p>\n<hr \/>\n<p>&nbsp;<\/p>\n<blockquote>\n<h3>\u201cL\u2019ARROTINO\u201d, LIBRO DI DINO LARESE CON LA STORIA DEL PADRE EMIGRANTE<\/h3>\n<\/blockquote>\n<p>di RENATO BONA<\/p>\n<p><strong>BELLUNO<\/strong> Finito di stampare nel gennaio 1994 dalla tipolitografia-editoria DBS di Rasai di Seren del Grappa in provincia di Belluno. E\u2019 il libro di cento pagine \u201cl\u2019arrotino\u201d, titolo originale in lingua tedesca \u201cScherenschleifer\u201d, scritto da Dino Larese (un autentico personaggio della cultura in terra elvetica) per ricordare ed onorare la figura del padre, emigrato in Svizzera dove svolse il mestiere di arrotino per lungo tempo, con grandi sacrifici e molte soddisfazioni. Vi compaiono anche tre disegni di autore ignoto, forse lo stesso Dino, del quale in apertura di narrazione delle vicende e vicissitudini paterne si precisa che \u201cPer diversi anni Dino Larese ha lavorato a questo libro di prosa, dedicato alla vita di suo padre, Francesco Larese Roja, che proveniva dal Veneto, e precisamente da Auronzo di Cadore, e venne al di qua delle Alpi, in svizzera, per guadagnarsi il pane. Larese racconta, nel ricordo della vita dura di suo padre che per centinaia di ragazzini, sul dorsale lungo il lago dall\u2019alta Turgovia fino a Stein am Rhein era diventato un grande amico. Ai padri e alle madri, Pap\u00e0 Larese affilava forbici e coltelli, ai ragazzini che si stringevano attorno alla sua mola da arrotino, raccontava storielle ed ai suoi figli portava a casa sassi dalle forme e dai colori pi\u00f9 strani e nuove storie. Un libro piacevole su un uomo piacevole per il quale il figlio, seppure personalit\u00e0 nota, ha conservato l\u2019amore e l\u2019attaccamento\u201d. Vediamo intanto chi era l\u2019autore, Dino Larese. Il sito https:\/\/hls-dhs-dss.ch\/it specifica che nacque a Candide di Cadore il 26 agosto 1914 e cess\u00f2 di vivere il 18 giugno 2001 ad Amriswil in Svizzera e aggiunge: \u201cFiglio di Francesco, coltellinaio (1937) ed Helen Schl\u00e4pfer, figlia di un fabbricante tessile di Teufen (AR). Dopo la scuola magistrale a Kreuzlingen (1930-34), fu insegnante di scuola elementare ad Amriswil dal 1936 al 1980. A titolo accessorio svolse una vasta attivit\u00e0 di promozione e creazione culturale, tra l&#8217;altro come direttore dei programmi della Societ\u00e0 radiofonica della Svizzera orientale (1949-62) e specialmente quale fondatore e direttore dell&#8217;Accademia di Amriswil, un centro di incontro frequentato da personalit\u00e0 di rinomanza internazionale. Diresse inoltre il Club internazionale ed il circolo culturale del lago di Costanza. Editore dei periodici Amriswiler Schreibmappe, Thurgauer Jahrbuch, Internationale Bodensee-Zeitschrift e del bollettino dell&#8217;Accademia di Amriswil (Begegnung), fu autore di resoconti autobiografici, fiabe, saghe e libri per ragazzi. Fu insignito di numerosi riconoscimenti, tra cui il premio del cantone Turgovia (1970), la cittadinanza onoraria di Amriswil (1973), il premio culturale del Reno superiore della Fondazione Goethe (1985), la croce al merito di prima classe della Repubblica federale tedesca (1988) e il dottorato honoris causa dell&#8217;Alta scuola pedagogica di Weingarten (W\u00fcrttemberg, 1995). Il 21 settembre del 2011 il sito https:\/\/staatsarchiv.tg.ch\/de\/news\/ pubblicava questa notizia sull\u2019illustre cadorino: \u201cArchivio Dino Larese oggi parte integrante dell&#8217;Archivio di Stato. La Fondazione Dino Larese, Amriswil, fondata nel 1994, \u00e8 stata sciolta con ordinanza della LPP della Svizzera orientale e dell&#8217;autorit\u00e0 di vigilanza della fondazione del 17 agosto 2011. La restante fortuna di poco meno di quattrocentomila franchi \u00e8 stata trasferita al museo locale di Amriswil, che mantiene viva la memoria del fondatore nella sua mostra permanente. Il consistente patrimonio archivistico della Fondazione \u00e8 diventato propriet\u00e0 dell&#8217;Archivio di Stato del Canton Turgovia; inoltre tutti i diritti sui libri, scritti e testi di Dino Larese. Larese \u00e8 stato un importante mediatore culturale dagli anni Quaranta agli anni Novanta, lavorando con centinaia di scrittori, filosofi, musicisti, pittori e scultori con i quali si sono stati stabiliti contatti, tra cui Thomas Mann, Carl Zuckmayer, Ortega y Gasset, Man\u00e8s Sperber, Carl Orff e HAP Grieshaber. L&#8217;archivio \u00e8 particolarmente importante in relazione agli innumerevoli artisti dell&#8217;area del Lago di Costanza e del Canton Turgovia. Insieme all&#8217;archivio di Verlag Huber, donato all&#8217;Archivio di Stato nel 1998, documenta in modo impressionante la storia letteraria della Turgovia\u201d. Per ovvie ragioni di spazio e per non privare chi fosse interessato del piacere di leggere personalmente la storia (anche se il libro non \u00e8 facilmente reperibile) diremo che nelle prime righe l\u2019autore si sofferma sul rapporto padre-figlio descrivendo quello \u201cche legava il protagonista Lorenzo a suo padre Floriano: \u201cIl padre aveva un buon odore forte di legno e di tabacco da pipa. Tal volta, nei suoi abiti verdi, Lorenzo trovava aghi di pino o piume d\u2019uccello ed allora il suo cuore batteva eccitato e lui guardava ammirato il padre di ritorno dai boschi lontani ed azzurrognoli, che poteva vedere se si alzava in punta di piedi davanti alla finestra della sua camera\u2026\u201d. Poi richiama un episodio significativo della vita di Lorenzo: \u201cCol passar degli anni, altri bambini arrivarono in casa, la famiglia aument\u00f2 in fretta e Lorenzo doveva occuparsi ovunque. Ma la povert\u00e0 non si poteva sconfiggere: pi\u00f9 figli nascevano, pi\u00f9 prendevano campo le preoccupazioni per il nutrimento e per il vestiario\u2026 Una sera il padre, rivolgendosi a lui come fosse gi\u00e0 un adulto, gli disse. \u201cLorenzo, ho scritto a Leipzig ad un mio vecchio compagno di scuola. Lui l\u00e0 si \u00e8 fatto una posizione e conduce un negozio di forbici e coltelli. Puoi andare da lui, ti accoglier\u00e0 volentieri e l\u00e0 hai un buon posto\u2026 all\u2019altra parte del confine c\u2019\u00e8 un piccolo paese, tu devi trovare l\u00e0, nella trattoria \u2018al Corvo nero\u2019 il mio amico Gino. Ti sta aspettando e di dar\u00e0 il suo aiuto. Ed ora, Lorenzo, va, sta bene\u201d. Il padre abbracci\u00f2 il suo ragazzo a cui le lagrime rigavano le gote. Lo baci\u00f2 sugli occhi, sulle guance, gli accarezz\u00f2 i capelli e disse: va, ora\u201d. Al compimento dei 14 anni, meister De Pretto gli disse: \u201cHai finito di imparare qui, in officina, ora tu puoi andar fuori, di paese in paese\u201d. Nasceva cos\u00ec, e prosper\u00f2, pur vivendo la drammatica esperienza di due guerre mondiali, l\u2019arrotino Francesco Larese Roja, padre di Dino Larese. Il quale dal canto suo come maestro elementare ha insegnato a leggere e a scrivere a centinaia di ragazzi ed ha svolto in patria e fuori una intensa attivit\u00e0 nel campo della cultura come produttore artistico alla radio e alla televisione, come organizzatore di congressi e fu pi\u00f9 volte segnalato per le sue opere letterarie, ricevendo fra l\u2019altro una decorazione della Fondazione Goethe svizzera, dalla Fondazione Schiller, dal Consiglio cantonale di Thurgovia; oltre alla cittadinanza onoraria di Amriswil, fu insignito della Croce al merito di prima classe dell\u2019Ordine della Repubblica tedesca.<\/p>\n\n\t\t\t<style type='text\/css'>\n\t\t\t\t#gallery-5 {\n\t\t\t\t\tmargin: auto;\n\t\t\t\t}\n\t\t\t\t#gallery-5 .gallery-item {\n\t\t\t\t\tfloat: left;\n\t\t\t\t\tmargin-top: 10px;\n\t\t\t\t\ttext-align: center;\n\t\t\t\t\twidth: 33%;\n\t\t\t\t}\n\t\t\t\t#gallery-5 img {\n\t\t\t\t\tborder: 2px solid #cfcfcf;\n\t\t\t\t}\n\t\t\t\t#gallery-5 .gallery-caption {\n\t\t\t\t\tmargin-left: 0;\n\t\t\t\t}\n\t\t\t\t\/* see gallery_shortcode() in wp-includes\/media.php *\/\n\t\t\t<\/style>\n\t\t<div id='gallery-5' class='dt-gallery-container gallery galleryid-166610 gallery-columns-3 gallery-size-thumbnail'><dl class='gallery-item'>\n\t\t\t\t<dt class='gallery-icon landscape'>\n\t\t\t\t\t<a class=\"rollover\" href='https:\/\/www.radiopiu.net\/wordpress\/giornale-radiopiu-16-ottobre-2020-direttore-mirko-mezzacasa\/121584297_347013423044142_1293211600588091108_n\/'><img loading=\"lazy\" decoding=\"async\" width=\"150\" height=\"150\" src=\"https:\/\/www.radiopiu.net\/wordpress\/wp-content\/uploads\/2020\/10\/121584297_347013423044142_1293211600588091108_n-150x150.jpg\" class=\"attachment-thumbnail size-thumbnail\" alt=\"\" \/><\/a>\n\t\t\t\t<\/dt><\/dl><dl class='gallery-item'>\n\t\t\t\t<dt class='gallery-icon portrait'>\n\t\t\t\t\t<a class=\"rollover\" href='https:\/\/www.radiopiu.net\/wordpress\/giornale-radiopiu-16-ottobre-2020-direttore-mirko-mezzacasa\/121670590_1265134787177338_8561589101546197770_n\/'><img loading=\"lazy\" decoding=\"async\" width=\"150\" height=\"150\" src=\"https:\/\/www.radiopiu.net\/wordpress\/wp-content\/uploads\/2020\/10\/121670590_1265134787177338_8561589101546197770_n-150x150.jpg\" class=\"attachment-thumbnail size-thumbnail\" alt=\"\" \/><\/a>\n\t\t\t\t<\/dt><\/dl><dl class='gallery-item'>\n\t\t\t\t<dt class='gallery-icon portrait'>\n\t\t\t\t\t<a class=\"rollover\" href='https:\/\/www.radiopiu.net\/wordpress\/giornale-radiopiu-16-ottobre-2020-direttore-mirko-mezzacasa\/121587463_950658298760590_1163238778769159049_n\/'><img loading=\"lazy\" decoding=\"async\" width=\"150\" height=\"150\" src=\"https:\/\/www.radiopiu.net\/wordpress\/wp-content\/uploads\/2020\/10\/121587463_950658298760590_1163238778769159049_n-150x150.png\" class=\"attachment-thumbnail size-thumbnail\" alt=\"\" \/><\/a>\n\t\t\t\t<\/dt><\/dl><br style=\"clear: both\" \/><dl class='gallery-item'>\n\t\t\t\t<dt class='gallery-icon portrait'>\n\t\t\t\t\t<a class=\"rollover\" href='https:\/\/www.radiopiu.net\/wordpress\/giornale-radiopiu-16-ottobre-2020-direttore-mirko-mezzacasa\/121602887_957365841339593_757567620190487651_n\/'><img loading=\"lazy\" decoding=\"async\" width=\"150\" height=\"150\" src=\"https:\/\/www.radiopiu.net\/wordpress\/wp-content\/uploads\/2020\/10\/121602887_957365841339593_757567620190487651_n-150x150.jpg\" class=\"attachment-thumbnail size-thumbnail\" alt=\"\" \/><\/a>\n\t\t\t\t<\/dt><\/dl><dl class='gallery-item'>\n\t\t\t\t<dt class='gallery-icon portrait'>\n\t\t\t\t\t<a class=\"rollover\" href='https:\/\/www.radiopiu.net\/wordpress\/giornale-radiopiu-16-ottobre-2020-direttore-mirko-mezzacasa\/121831656_2441870769443196_1536718074462536098_n\/'><img loading=\"lazy\" decoding=\"async\" width=\"150\" height=\"150\" src=\"https:\/\/www.radiopiu.net\/wordpress\/wp-content\/uploads\/2020\/10\/121831656_2441870769443196_1536718074462536098_n-150x150.jpg\" class=\"attachment-thumbnail size-thumbnail\" alt=\"\" \/><\/a>\n\t\t\t\t<\/dt><\/dl><dl class='gallery-item'>\n\t\t\t\t<dt class='gallery-icon portrait'>\n\t\t\t\t\t<a class=\"rollover\" href='https:\/\/www.radiopiu.net\/wordpress\/giornale-radiopiu-16-ottobre-2020-direttore-mirko-mezzacasa\/121615081_360851495154821_180469179547439230_n\/'><img loading=\"lazy\" decoding=\"async\" width=\"150\" height=\"150\" src=\"https:\/\/www.radiopiu.net\/wordpress\/wp-content\/uploads\/2020\/10\/121615081_360851495154821_180469179547439230_n-150x150.jpg\" class=\"attachment-thumbnail size-thumbnail\" alt=\"\" \/><\/a>\n\t\t\t\t<\/dt><\/dl><br style=\"clear: both\" \/><dl class='gallery-item'>\n\t\t\t\t<dt class='gallery-icon portrait'>\n\t\t\t\t\t<a class=\"rollover\" href='https:\/\/www.radiopiu.net\/wordpress\/giornale-radiopiu-16-ottobre-2020-direttore-mirko-mezzacasa\/121678738_366108611108493_6886540782877132668_n\/'><img loading=\"lazy\" decoding=\"async\" width=\"150\" height=\"150\" src=\"https:\/\/www.radiopiu.net\/wordpress\/wp-content\/uploads\/2020\/10\/121678738_366108611108493_6886540782877132668_n-150x150.jpg\" class=\"attachment-thumbnail size-thumbnail\" alt=\"\" \/><\/a>\n\t\t\t\t<\/dt><\/dl><dl class='gallery-item'>\n\t\t\t\t<dt class='gallery-icon portrait'>\n\t\t\t\t\t<a class=\"rollover\" href='https:\/\/www.radiopiu.net\/wordpress\/giornale-radiopiu-16-ottobre-2020-direttore-mirko-mezzacasa\/121578377_372650743780500_6296706155278223887_n\/'><img loading=\"lazy\" decoding=\"async\" width=\"150\" height=\"150\" src=\"https:\/\/www.radiopiu.net\/wordpress\/wp-content\/uploads\/2020\/10\/121578377_372650743780500_6296706155278223887_n-150x150.jpg\" class=\"attachment-thumbnail size-thumbnail\" alt=\"\" \/><\/a>\n\t\t\t\t<\/dt><\/dl>\n\t\t\t\t<br style='clear: both' \/>\n\t\t\t<\/div>\n\n<p>&nbsp;<\/p>\n<p>NELLE FOTO: (riproduzioni dal libro \u201cl\u2019arrotino\u201d, Google, Amazon.in): la copertina del libro di Dino Larese con l\u2019immagine del padre arrotino; e quella della versione in lingua tedesca dell\u2019opera; i tre disegni che illustrano il libro; copertine di altre due pubblicazioni dell\u2019autore bellunese; immagine di Larese insieme a Martin Heidegger sulla strada per H\u00f6lderlins Hauptwil.<\/p>\n<p>&nbsp;<\/p>\n<hr \/>\n<p>&nbsp;<\/p>\n<p><a class=\"dt-pswp-item\" href=\"https:\/\/www.radiopiu.net\/wordpress\/wp-content\/uploads\/2018\/09\/appuntamenti.jpeg\" data-dt-img-description=\"\" data-large_image_width=\"800\" data-large_image_height=\"100\"><img loading=\"lazy\" decoding=\"async\" class=\"aligncenter wp-image-61958 size-full\" src=\"https:\/\/www.radiopiu.net\/wordpress\/wp-content\/uploads\/2018\/09\/appuntamenti.jpeg\" alt=\"\" width=\"800\" height=\"100\" srcset=\"https:\/\/www.radiopiu.net\/wordpress\/wp-content\/uploads\/2018\/09\/appuntamenti.jpeg 800w, https:\/\/www.radiopiu.net\/wordpress\/wp-content\/uploads\/2018\/09\/appuntamenti-300x38.jpeg 300w, https:\/\/www.radiopiu.net\/wordpress\/wp-content\/uploads\/2018\/09\/appuntamenti-768x96.jpeg 768w\" sizes=\"auto, (max-width: 800px) 100vw, 800px\" \/><\/a><\/p>\n<p>&nbsp;<\/p>\n<p><strong>BELLUNO<\/strong> &#8220;Le comunicazioni radio in emergenza&#8221; \u00e8 il titolo \u00e8 tema di una serata aperta al pubblico che si terr\u00e0 oggi alle 21 presso la sede del Radio Club Belluno Nore (Nucleo Operativo Radio Emeregnze) a Villa Montalban.\u00a0 I volontari spiegheranno il loro mondo e il loro impegno, procedure e modalit\u00e0 di come avvengono le comunicazioni. L\u2019associazione \u00e8 iscritta dal 1989 al registro regionale del Volontariato e dal 2001 \u00e8 inserita nel registro regionale del Volontariato di Protezione Civile della Regione Veneto. Il compito\u00a0 \u00e8 garantire un collegamento radio affidabile fra i C.O.C. (Centro Operativo Comunale) ed il C.O.M. (Centro Operativo Misto) di riferimento. La zona di competenza prevista dal Piano Provinciale di Protezione Civile si identifica con il territorio dell\u2019Unione Montana Alpago e dell\u2019Unione Montana Valbelluna.<\/p>\n<p>&nbsp;<\/p>\n<hr \/>\n<p>&nbsp;<\/p>\n<p><strong>BELLUNO<\/strong>\u00a0 Domani con CammiNaturalmente escursione sui Coi de Pera. E\u2019 stato tracciato un itinerario che incontra un maestoso patriarca arboreo, uno di pi\u00f9 grandi tigli del Bellunese, inserito in un contesto paesaggisticamente e panoramicamente suggestivo, con spunti di carattere geologico e antropico.\u00a0 Sar\u00e0 la meta dell&#8217;escursione, contenuta nel programma cammiNATURAlmente dell\u2019Associazione Culturale Centro Upm (Un Punto Macrobiotico) di Belluno, che sta riscuotendo un notevole interesse e partecipazione. Percorso facile su stradina e mulattiera di circa 2,5 km. Dislivello ca 150m. Ritrovo alle 14.30 in p\/le Resistenza. Partecipazione limitata a 20 persone \u2013 Iscrizione obbligatoria presso Un Noce, in via Barozzi 18 o al tel 351 5468735 o a belluno1@centroupm.it \u2013 Info 340 8769665 (Anacleto)<\/p>\n\n\t\t\t<style type='text\/css'>\n\t\t\t\t#gallery-6 {\n\t\t\t\t\tmargin: auto;\n\t\t\t\t}\n\t\t\t\t#gallery-6 .gallery-item {\n\t\t\t\t\tfloat: left;\n\t\t\t\t\tmargin-top: 10px;\n\t\t\t\t\ttext-align: center;\n\t\t\t\t\twidth: 33%;\n\t\t\t\t}\n\t\t\t\t#gallery-6 img {\n\t\t\t\t\tborder: 2px solid #cfcfcf;\n\t\t\t\t}\n\t\t\t\t#gallery-6 .gallery-caption {\n\t\t\t\t\tmargin-left: 0;\n\t\t\t\t}\n\t\t\t\t\/* see gallery_shortcode() in wp-includes\/media.php *\/\n\t\t\t<\/style>\n\t\t<div id='gallery-6' class='dt-gallery-container gallery galleryid-166610 gallery-columns-3 gallery-size-thumbnail'><dl class='gallery-item'>\n\t\t\t\t<dt class='gallery-icon landscape'>\n\t\t\t\t\t<a class=\"rollover\" href='https:\/\/www.radiopiu.net\/wordpress\/giornale-radiopiu-13-ottobre-2020-direttore-mirko-mezzacasa\/7-1\/'><img loading=\"lazy\" decoding=\"async\" width=\"150\" height=\"150\" src=\"https:\/\/www.radiopiu.net\/wordpress\/wp-content\/uploads\/2020\/10\/7-1-150x150.jpg\" class=\"attachment-thumbnail size-thumbnail\" alt=\"\" \/><\/a>\n\t\t\t\t<\/dt><\/dl><dl class='gallery-item'>\n\t\t\t\t<dt class='gallery-icon landscape'>\n\t\t\t\t\t<a class=\"rollover\" href='https:\/\/www.radiopiu.net\/wordpress\/giornale-radiopiu-13-ottobre-2020-direttore-mirko-mezzacasa\/1-1-7\/'><img loading=\"lazy\" decoding=\"async\" width=\"150\" height=\"150\" src=\"https:\/\/www.radiopiu.net\/wordpress\/wp-content\/uploads\/2020\/10\/1-1-150x150.jpg\" class=\"attachment-thumbnail size-thumbnail\" alt=\"\" \/><\/a>\n\t\t\t\t<\/dt><\/dl><dl class='gallery-item'>\n\t\t\t\t<dt class='gallery-icon landscape'>\n\t\t\t\t\t<a class=\"rollover\" href='https:\/\/www.radiopiu.net\/wordpress\/giornale-radiopiu-13-ottobre-2020-direttore-mirko-mezzacasa\/2-74\/'><img loading=\"lazy\" decoding=\"async\" width=\"150\" height=\"150\" src=\"https:\/\/www.radiopiu.net\/wordpress\/wp-content\/uploads\/2020\/10\/2-150x150.jpg\" class=\"attachment-thumbnail size-thumbnail\" alt=\"\" \/><\/a>\n\t\t\t\t<\/dt><\/dl><br style=\"clear: both\" \/><dl class='gallery-item'>\n\t\t\t\t<dt class='gallery-icon landscape'>\n\t\t\t\t\t<a class=\"rollover\" href='https:\/\/www.radiopiu.net\/wordpress\/giornale-radiopiu-13-ottobre-2020-direttore-mirko-mezzacasa\/3-1-2\/'><img loading=\"lazy\" decoding=\"async\" width=\"150\" height=\"150\" src=\"https:\/\/www.radiopiu.net\/wordpress\/wp-content\/uploads\/2020\/10\/3-1-150x150.jpg\" class=\"attachment-thumbnail size-thumbnail\" alt=\"\" \/><\/a>\n\t\t\t\t<\/dt><\/dl><dl class='gallery-item'>\n\t\t\t\t<dt class='gallery-icon landscape'>\n\t\t\t\t\t<a class=\"rollover\" href='https:\/\/www.radiopiu.net\/wordpress\/giornale-radiopiu-13-ottobre-2020-direttore-mirko-mezzacasa\/5-1-2\/'><img loading=\"lazy\" decoding=\"async\" width=\"150\" height=\"150\" src=\"https:\/\/www.radiopiu.net\/wordpress\/wp-content\/uploads\/2020\/10\/5-1-150x150.jpg\" class=\"attachment-thumbnail size-thumbnail\" alt=\"\" \/><\/a>\n\t\t\t\t<\/dt><\/dl><dl class='gallery-item'>\n\t\t\t\t<dt class='gallery-icon landscape'>\n\t\t\t\t\t<a class=\"rollover\" href='https:\/\/www.radiopiu.net\/wordpress\/giornale-radiopiu-13-ottobre-2020-direttore-mirko-mezzacasa\/4-1-2\/'><img loading=\"lazy\" decoding=\"async\" width=\"150\" height=\"150\" src=\"https:\/\/www.radiopiu.net\/wordpress\/wp-content\/uploads\/2020\/10\/4-1-150x150.jpg\" class=\"attachment-thumbnail size-thumbnail\" alt=\"\" \/><\/a>\n\t\t\t\t<\/dt><\/dl><br style=\"clear: both\" \/>\n\t\t\t<\/div>\n\n<p>&nbsp;<\/p>\n<hr \/>\n<p>&nbsp;<\/p>\n<p><strong><a class=\"dt-pswp-item\" href=\"https:\/\/www.radiopiu.net\/wordpress\/wp-content\/uploads\/2020\/10\/a5942cc3-539d-4632-975b-25d657e0b6b7.jpg\" data-dt-img-description=\"\" data-large_image_width=\"1041\" data-large_image_height=\"1600\"><img loading=\"lazy\" decoding=\"async\" class=\"size-medium wp-image-165930 alignleft\" src=\"https:\/\/www.radiopiu.net\/wordpress\/wp-content\/uploads\/2020\/10\/a5942cc3-539d-4632-975b-25d657e0b6b7-195x300.jpg\" alt=\"\" width=\"195\" height=\"300\" srcset=\"https:\/\/www.radiopiu.net\/wordpress\/wp-content\/uploads\/2020\/10\/a5942cc3-539d-4632-975b-25d657e0b6b7-195x300.jpg 195w, https:\/\/www.radiopiu.net\/wordpress\/wp-content\/uploads\/2020\/10\/a5942cc3-539d-4632-975b-25d657e0b6b7-666x1024.jpg 666w, https:\/\/www.radiopiu.net\/wordpress\/wp-content\/uploads\/2020\/10\/a5942cc3-539d-4632-975b-25d657e0b6b7-768x1180.jpg 768w, https:\/\/www.radiopiu.net\/wordpress\/wp-content\/uploads\/2020\/10\/a5942cc3-539d-4632-975b-25d657e0b6b7-999x1536.jpg 999w, https:\/\/www.radiopiu.net\/wordpress\/wp-content\/uploads\/2020\/10\/a5942cc3-539d-4632-975b-25d657e0b6b7.jpg 1041w\" sizes=\"auto, (max-width: 195px) 100vw, 195px\" \/><\/a>AGORDO<\/strong> Pc Ranch Young Team e Aics Belluno organizzano un corso di ginnastica-coordinazione-ritmo volteggio. Tutti i martedi fino a maggio sempre alle 16 al Palarova. Orario: 16-17 bambini 5-7 anni; 16.30-1830 bambini dagli 8 anni compiuti. Info e iscrizioni da Donatella al 348 4352362. Causa covid 19 i posti sono limitati<\/p>\n<p>&nbsp;<\/p>\n<hr \/>\n<p><strong>FALCADE<\/strong> Domani alle 21 alla Casa della Giovent\u00f9 di Caviola in via Trento &#8220;Rimasti Avanti?&#8221;. Serata musicale con Marco V. Dal Farra e amici. Ingresso libero su prenotazione via mail proloco.caviola@libero.it, telefono 0437 599062 oppure 3403832079<\/p>\n<p>&nbsp;<\/p>\n<hr \/>\n<div><\/div>\n<div><strong>CHIES D&#8217;ALPAGO<\/strong> Domenica 25 ottobre 70^ giornata del ringraziamento agricolo, alle 9 arrivo trattoristi, 9.30 messa con il Vescovo o suo delegato, 10.30 benedizione macchine agricole e animali 10.45 interventi delle autorit\u00e0 11 sfilata trattori e animali 12.00 momento conviviale.<\/div>\n<div><\/div>\n<div><\/div>\n<hr \/>\n<p>&nbsp;<\/p>\n<p><strong>BELLUNO<\/strong> Domenica dalle 10 alle 12 in Piazza dei Martiri a Belluno, l&#8217;Unione Italiana dei ciechi ed ipovedenti della provincia di Belluno organizzano una giornata dal titolo &#8220;Guide a 4 zampe&#8221;. Si potr\u00e0 provare ad essere guidato da un cane guida. Per le disposizioni anti Covid-19 saranno distribuite bende per gli occhi e guati monouso. Per informazioni 0437 943413 o ulcbl@ulciechi.it<\/p>\n<div><\/div>\n<hr \/>\n<p>&nbsp;<\/p>\n<h2><span style=\"color: #ff0000;\">IERI ALLA RADIO<\/span><\/h2>\n<h2><span style=\"color: #ff0000;\"><span style=\"color: #000000;\">DUE MINUTI UN LIBRO\u00a0<\/span><\/span><\/h2>\n<blockquote class=\"wp-embedded-content\" data-secret=\"h2oqyEzdQI\"><p><a href=\"https:\/\/www.radiopiu.net\/wordpress\/tu-lanimale-tu-luomo\/\">TU, L&#8217;ANIMALE &#8211; TU, L&#8217;UOMO<\/a><\/p><\/blockquote>\n<p><iframe loading=\"lazy\" class=\"wp-embedded-content\" sandbox=\"allow-scripts\" security=\"restricted\" style=\"position: absolute; clip: rect(1px, 1px, 1px, 1px);\" title=\"&#8220;TU, L&#8217;ANIMALE &#8211; TU, L&#8217;UOMO&#8221; &#8212; Radio Pi\u00f9\" src=\"https:\/\/www.radiopiu.net\/wordpress\/tu-lanimale-tu-luomo\/embed\/#?secret=h2oqyEzdQI\" data-secret=\"h2oqyEzdQI\" width=\"600\" height=\"338\" frameborder=\"0\" marginwidth=\"0\" marginheight=\"0\" scrolling=\"no\"><\/iframe><\/p>\n<h2>LA RACCOLTA COMPLETA<\/h2>\n<blockquote class=\"wp-embedded-content\" data-secret=\"auLfS46vqS\"><p><a href=\"https:\/\/www.radiopiu.net\/wordpress\/due-minuti-un-libro\/\">Due minuti un libro<\/a><\/p><\/blockquote>\n<p><iframe loading=\"lazy\" class=\"wp-embedded-content\" sandbox=\"allow-scripts\" security=\"restricted\" style=\"position: absolute; clip: rect(1px, 1px, 1px, 1px);\" title=\"&#8220;Due minuti un libro&#8221; &#8212; Radio Pi\u00f9\" src=\"https:\/\/www.radiopiu.net\/wordpress\/due-minuti-un-libro\/embed\/#?secret=auLfS46vqS\" data-secret=\"auLfS46vqS\" width=\"600\" height=\"338\" frameborder=\"0\" marginwidth=\"0\" marginheight=\"0\" scrolling=\"no\"><\/iframe><\/p>\n<p>&nbsp;<\/p>\n<p>&nbsp;<\/p>\n<hr \/>\n<p>&nbsp;<\/p>\n<div>\n<h2><span style=\"color: #33cccc;\">I RACCONTI DI PAOLO SOPPELSA il lunedi alle 9.30 e 18.30<\/span><\/h2>\n<h2><span style=\"color: #33cccc;\"><strong>LA RACCOLTA COMPLETA<\/strong><\/span><\/h2>\n<blockquote class=\"wp-embedded-content\" data-secret=\"JnLM33aH0h\"><p><a href=\"https:\/\/www.radiopiu.net\/wordpress\/i-racconti-di-paolo-soppelsa\/\">I racconti di Paolo Soppelsa<\/a><\/p><\/blockquote>\n<p><iframe loading=\"lazy\" class=\"wp-embedded-content\" sandbox=\"allow-scripts\" security=\"restricted\" style=\"position: absolute; clip: rect(1px, 1px, 1px, 1px);\" title=\"&#8220;I racconti di Paolo Soppelsa&#8221; &#8212; Radio Pi\u00f9\" src=\"https:\/\/www.radiopiu.net\/wordpress\/i-racconti-di-paolo-soppelsa\/embed\/#?secret=JnLM33aH0h\" data-secret=\"JnLM33aH0h\" width=\"600\" height=\"338\" frameborder=\"0\" marginwidth=\"0\" marginheight=\"0\" scrolling=\"no\"><\/iframe><\/p>\n<p>&nbsp;<\/p>\n<div class=\"_4tdt _ua1\">\n<div class=\"_31o4\">\n<div class=\"_6--1\" aria-hidden=\"true\">\n<div class=\"_1gyw _55lt\">\n<hr \/>\n<\/div>\n<\/div>\n<\/div>\n<\/div>\n<\/div>\n<p>&nbsp;<\/p>\n<h2><span style=\"color: #ff0000;\">VIDEO, MUSICA E INTERVISTE DAL FRAMONT<\/span><\/h2>\n<blockquote class=\"wp-embedded-content\" data-secret=\"bd8TJP0pKK\"><p><a href=\"https:\/\/www.radiopiu.net\/wordpress\/aspettando-musica-nellagordino-improvvisazioni-in-quota\/\">IMPROVVISAZIONI IN QUOTA &#8230;. RICORDI ESTIVI CON AGORDO MUSICA. IL VIDEO UFFICIALE<\/a><\/p><\/blockquote>\n<p><iframe loading=\"lazy\" class=\"wp-embedded-content\" sandbox=\"allow-scripts\" security=\"restricted\" style=\"position: absolute; clip: rect(1px, 1px, 1px, 1px);\" title=\"&#8220;IMPROVVISAZIONI IN QUOTA &#8230;. RICORDI ESTIVI CON AGORDO MUSICA. IL VIDEO UFFICIALE&#8221; &#8212; Radio Pi\u00f9\" src=\"https:\/\/www.radiopiu.net\/wordpress\/aspettando-musica-nellagordino-improvvisazioni-in-quota\/embed\/#?secret=bd8TJP0pKK\" data-secret=\"bd8TJP0pKK\" width=\"600\" height=\"338\" frameborder=\"0\" marginwidth=\"0\" marginheight=\"0\" scrolling=\"no\"><\/iframe><\/p>\n<p>&nbsp;<\/p>\n<p>&nbsp;<\/p>\n<hr \/>\n<div>\n<h2><span style=\"color: #000080;\"><a class=\"dt-pswp-item\" href=\"https:\/\/www.radiopiu.net\/wordpress\/wp-content\/uploads\/2020\/10\/pp.jpg\" data-dt-img-description=\"\" data-large_image_width=\"640\" data-large_image_height=\"640\"><img loading=\"lazy\" decoding=\"async\" class=\"wp-image-163678 alignleft\" src=\"https:\/\/www.radiopiu.net\/wordpress\/wp-content\/uploads\/2020\/10\/pp-300x300.jpg\" alt=\"\" width=\"106\" height=\"106\" srcset=\"https:\/\/www.radiopiu.net\/wordpress\/wp-content\/uploads\/2020\/10\/pp-300x300.jpg 300w, https:\/\/www.radiopiu.net\/wordpress\/wp-content\/uploads\/2020\/10\/pp-150x150.jpg 150w, https:\/\/www.radiopiu.net\/wordpress\/wp-content\/uploads\/2020\/10\/pp-125x125.jpg 125w, https:\/\/www.radiopiu.net\/wordpress\/wp-content\/uploads\/2020\/10\/pp-200x200.jpg 200w, https:\/\/www.radiopiu.net\/wordpress\/wp-content\/uploads\/2020\/10\/pp-80x80.jpg 80w, https:\/\/www.radiopiu.net\/wordpress\/wp-content\/uploads\/2020\/10\/pp-480x480.jpg 480w, https:\/\/www.radiopiu.net\/wordpress\/wp-content\/uploads\/2020\/10\/pp.jpg 640w\" sizes=\"auto, (max-width: 106px) 100vw, 106px\" \/><\/a>DON CESARE, IL PENSIERO DEL GIORNO. ALLA RADIO ALLE 7 DEL MATTINO E ALLE 19.30 DELLA SERA.\u00a0\u00a0<\/span><\/h2>\n<\/div>\n<p>&nbsp;<\/p>\n<p>&nbsp;<\/p>\n<p>&nbsp;<\/p>\n<audio class=\"wp-audio-shortcode\" id=\"audio-166610-9\" preload=\"none\" style=\"width: 100%;\" controls=\"controls\"><source type=\"audio\/mpeg\" src=\"https:\/\/www.radiopiu.net\/wordpress\/wp-content\/uploads\/2020\/10\/CESARE-13.mp3?_=9\" \/><a href=\"https:\/\/www.radiopiu.net\/wordpress\/wp-content\/uploads\/2020\/10\/CESARE-13.mp3\">https:\/\/www.radiopiu.net\/wordpress\/wp-content\/uploads\/2020\/10\/CESARE-13.mp3<\/a><\/audio>\n<p>&nbsp;<\/p>\n<p>&nbsp;<\/p>\n<hr \/>\n<p>&nbsp;<\/p>\n<div>\n<p><a class=\"dt-pswp-item\" href=\"https:\/\/www.radiopiu.net\/wordpress\/wp-content\/uploads\/2018\/09\/viabilita.jpeg\" data-dt-img-description=\"\" data-large_image_width=\"800\" data-large_image_height=\"100\"><img loading=\"lazy\" decoding=\"async\" class=\"aligncenter wp-image-61954 size-full\" src=\"https:\/\/www.radiopiu.net\/wordpress\/wp-content\/uploads\/2018\/09\/viabilita.jpeg\" alt=\"\" width=\"800\" height=\"100\" srcset=\"https:\/\/www.radiopiu.net\/wordpress\/wp-content\/uploads\/2018\/09\/viabilita.jpeg 800w, https:\/\/www.radiopiu.net\/wordpress\/wp-content\/uploads\/2018\/09\/viabilita-300x38.jpeg 300w, https:\/\/www.radiopiu.net\/wordpress\/wp-content\/uploads\/2018\/09\/viabilita-768x96.jpeg 768w\" sizes=\"auto, (max-width: 800px) 100vw, 800px\" \/><\/a><\/p>\n<\/div>\n<p><strong>\u00a0\u00a0<\/strong><\/p>\n<p><strong>SP 12 PEDEMONTANA <\/strong>senso unico alternato regolato da impianto semaforico in localit\u00e0 Veses fino al 6 novembre, esclusi sabati e domeniche, per messa in sicurezza versante a monte della strada<\/p>\n<p><strong>SP 25 DEL PASSO VALLES<\/strong> senso unico alternato regolato da impianto semaforico in localit\u00e0 Caverson fino al 30 ottobre, esclusi sabati e domenica, \u00a0per manutenzione sovrappasso pista da sci<\/p>\n<p><strong>SP 5 DI LAMOSANO<\/strong> fino al 21 ottobre chiusura totale alla transitabilit\u00e0 in comune di Chies D&#8217;Alpago per lavori di ripristino fognature<\/p>\n<p><strong>SR 203 AGORDINA <\/strong>dal 19 al 23 ottobre, dalle 8 alle 12 e dalle 13:30 alle 17:30, temporanee interruzioni al traffico della durata massima di 20 minuti tra Cencenighe e Avoscan per esbosco con elicottero in attraversamento strada<\/p>\n<p><strong>SR 48 DELLE DOLOMITI<\/strong> Fino al 30 ottobre (festivi e prefestivi esclusi) senso unico alternato con movieri o semafori<\/p>\n<p><strong>SR 50 DEL GRAPPA E PASSO ROLLE<\/strong>\u00a0 fino al 23 ottobre, dalle 8 alle 17 esclusi sabati e domeniche, temporanee interruzioni alla viabilit\u00e0 di massimo 30 minuti per allestimento protezione in prossimit\u00e0 dell&#8217;imbocco a monte della galleria Pontet<\/p>\n<p><strong>203 AGORDINA, ALLEGHE<\/strong> LOCALITA&#8217; SOPRA SAC\u00a0 fino \u00a0al 30 ottobre (sabato e domenica esclusi) senso unico alternato per allestimento opere anti valanghive<\/p>\n<p><strong>SP 3 DELLA VAL IMPERINA<\/strong> fino a revoca, senso unico alternato regolato a vista in localit\u00e0 Gona di Conedera di Rivamonte per cedimento della carreggiata stradale<\/p>\n<p><strong>SR 48 DELLE DOLOMITI<\/strong> fino\u00a0 al 6 novembre (festivi e prefestivi inclusi) senso unico alternato in localit\u00e0 Brenta Comune di Livinallongo del Col di Lana.<\/p>\n<p><strong>SP 422 DELL&#8217;ALPAGO E DEL CANSIGLIO<\/strong> fino al 30 ottobre senso unico alternato regolato da movieri tra le 8 e le 19 tra Puos e Cornei per posa fibra ottica<\/p>\n<p><strong>SP 422 DELL&#8217;ALPAGO E DEL CANSIGLIO<\/strong> fino al 21 ottobre senso unico alternato regolato da movieri tra le 7 e le 19 tra Spert e Pian Cansiglio per asfaltatura strada<\/p>\n<p><strong>SP 38 COL PERER<\/strong>\u00a0 fino al 16 ottobre, dalle 7 alle 12 e dalle 13 alle 18 esclusi sabati e domeniche, interdizione totale al transito tra Rivai e Col Perer di Arsi\u00e8 per completamento lavori di bitumatura della sede stradale<\/p>\n<p><strong>SP 12 PEDEMONTANA<\/strong> interdizione totale al traffico a Pedavena dalle 8 del 12 ottobre alle 17 del 14 ottobre per rifacimento sfioratori per conto di bim gsp<\/p>\n<p><strong>SR 48 DELLE DOLOMITI\u00a0 <\/strong>fino\u00a0al 31 ottobre, compresi sabati e domeniche, senso unico alternato regolato da impianto semaforico tra Passo Falzarego e il parcheggio 5 Torri per posa elettrodotto interrato<\/p>\n<p><strong>SP 49 DI MISURINA <\/strong>fino al\u00a020 novembre, senso unico alternato regolato da impianto semaforico tra Misurina e il confine con la provincia di Bolzano per posa elettrodotto interrato<\/p>\n<p><strong>REGIONALE 48 DELLE DOLOMITI<\/strong> localit\u00e0 Cernadoi-Pian di Falzarego, fino al 30 ottobre senso unico alternato regolato da semaforo anche nei giorni festivi e prefestivi.<\/p>\n<p><strong>PROVINCIALE 251 VAL DI ZOLDO E CELLINA<\/strong> localit\u00e0 Pescul-Selva di Cadore, fino al 31 ottobre senso unico alternato con movieri o semaforo, escluso sabato e domenica.<\/p>\n<p><strong>PROVINCIALE 641 PASSO FEDAIA<\/strong> Fino al 30 ottobre compresi festivi e prefestivi senso unico con semaforo in localit\u00e0 Capanna Bill<\/p>\n<p><strong>REGIONALE 203 AGORDINA<\/strong>\u00a0 Fino\u00a0 al 18 dicembre (esclusi festivi e prefestivi) senso unico alternato tra Peron e Candaten con movieri dalle 7.30 alle 9 e dalle 16.30 alle 18. Con semaforo negli altri orari<\/p>\n<p><strong>REGIONALE 203 AGORDINA<\/strong> Fino al 30 ottobre (sabato e domenica esclusi) tra Candaten e La Stanga dalle 7.30 alle 9 e dalle 16.30 alle 18 con movieri e negli altri orari con semaforo, senso unico alternato.<\/p>\n<div>\n<p>&nbsp;<\/p>\n<hr \/>\n<p>&nbsp;<\/p>\n<p class=\"photoswipe-wrapper\"><a class=\"dt-pswp-item pspw-wrap-ready\" href=\"https:\/\/i0.wp.com\/www.radiopiu.net\/wordpress\/wp-content\/uploads\/2018\/09\/WhatsApp-Image-2018-09-20-at-16.04.06.jpeg?ssl=1\" data-dt-img-description=\"\" data-large_image_width=\"800\" data-large_image_height=\"100\"><img loading=\"lazy\" decoding=\"async\" class=\"aligncenter wp-image-61378 size-full jetpack-lazy-image jetpack-lazy-image--handled\" src=\"https:\/\/i0.wp.com\/www.radiopiu.net\/wordpress\/wp-content\/uploads\/2018\/09\/WhatsApp-Image-2018-09-20-at-16.04.06.jpeg?resize=800%2C100&amp;ssl=1\" sizes=\"auto, (max-width: 800px) 100vw, 800px\" srcset=\"https:\/\/i0.wp.com\/www.radiopiu.net\/wordpress\/wp-content\/uploads\/2018\/09\/WhatsApp-Image-2018-09-20-at-16.04.06.jpeg?w=800&amp;ssl=1 800w, https:\/\/i0.wp.com\/www.radiopiu.net\/wordpress\/wp-content\/uploads\/2018\/09\/WhatsApp-Image-2018-09-20-at-16.04.06.jpeg?resize=300%2C38&amp;ssl=1 300w, https:\/\/i0.wp.com\/www.radiopiu.net\/wordpress\/wp-content\/uploads\/2018\/09\/WhatsApp-Image-2018-09-20-at-16.04.06.jpeg?resize=768%2C96&amp;ssl=1 768w\" alt=\"\" width=\"800\" height=\"100\" data-lazy-loaded=\"1\" \/><\/a><\/p>\n<\/div>\n<div><\/div>\n<div><center><b>Venerdi 16<\/b><\/center><b>Tempo atteso:\u00a0<\/b>Sulle Dolomiti nottetempo rasserenamenti, i quali si alterneranno con una nuvolosit\u00e0 irregolare nella prima parte del mattino, situazione meno favorevole sulle Prealpi per presenza di estese nubi basse, le quali potrebbero non diradarsi. Dalla tarda mattinata il cielo torner\u00e0 a coprirsi ovunque. In questo contesto ciclonico non si potr\u00e0 escludere qualche fenomeno. Alla sera probabili schiarite. Atmosfera uggiosa e fresca nelle valli, anche fredda in alta quota.<br \/>\n<b>Precipitazioni:\u00a0<\/b>Residui fenomeni notturni (30\/40%) con un po&#8217; di neve fino sui 1600\/1700 m. In giornata non escluso qualche isolato piovasco (10\/20%) sulle Dolomiti e (30\/40%) sulle Prealpi, con limite neve sui 1700\/1800 m.<br \/>\n<b>Temperature:\u00a0<\/b>Minime in calo nelle valli e stazionarie in quota; massime In lieve calo in quota e in leggera ripresa nelle valli qualora ci fossero schiarite in giornata. Sono previste punte di 10\/11\u00b0C nei fondovalle prealpini e di 5\/7\u00b0C a 1000\/1200 m. In quota massime in lieve calo; su Prealpi a 1500 m min 1\u00b0C max 3\u00b0C, a 2000 m min -1\u00b0C max 0\u00b0C. Su Dolomiti a 2000 m min -3\u00b0C max -1\u00b0C, a 3000 m min -8\u00b0C max -7\u00b0C.<br \/>\n<b>Venti:\u00a0<\/b>Nelle valli deboli di direzione variabile; in quota moderati da nord-est per gran parte del giorno, in rinforzo da nord al pomeriggio\/sera fino a tesi sulle cime dolomitiche e sulle dorsali prealpine a 15-30 km\/h a 2000 m e 30-45 km\/h a 3000 m.<\/p>\n<hr \/>\n<p><center><b>Sabato 17<\/b><\/center><b>Tempo atteso:\u00a0<\/b>Sulle Dolomiti nubi medie stratiformi al primo mattino, in diradamento da met\u00e0 mattinata in poi con cielo sereno ed ottima visibilit\u00e0 e sole splendente. Sulle Prealpi situazione diversa con sole in quota e probabili nubi basse o nebbie nelle depressioni, in diradamento; al pomeriggio sempre sulle Prealpi, specie a ridosso della pedemontana, probabile sviluppo di addensamenti con riduzione del solegggiamento. Atmosfera notturna pi\u00f9 fredda, mentre in giornata il sole mitigher\u00e0 i livelli termici.<br \/>\n<b>Precipitazioni:\u00a0<\/b>Assenti (0%).<br \/>\n<b>Temperature:\u00a0<\/b>Minime in calo e massime in ripresa nei posti pi\u00f9 assolati, ma non nei settori in ombra. Sono previste punte di 12\/13\u00b0C nei fondovalle prealpini e di 6\/9\u00b0C a 1000\/1200 m. Su Prealpi a 1500 m min 0\u00b0C max 5\u00b0C, a 2000 m min -2\u00b0C max 1\u00b0C. Su Dolomiti a 2000 m min -3\u00b0C max 0\u00b0C, a 3000 m min -9\u00b0C max -6\u00b0C.<br \/>\n<b>Venti:\u00a0<\/b>Nelle valli deboli a regime di brezza, localmente e a tratti moderati; in quota moderati\/tesi nella notte, poi in attenuazione risultando deboli\/moderati da nord-ovest, a 5-15 km\/h a 2000 m e 15-35 km\/h a 3000 m.<\/p>\n<hr \/>\n<p><center><b>Domenica 18<\/b><\/center>Tempo stabile e ben soleggiato con cielo sereno, aria tersa ed ottima visibilit\u00e0 in quota. Probabili banchi di nebbia\/nubi basse nelle conche e depressioni prealpine, limitatamente alle ore pi\u00f9 fredde. Temperature minime in diminuzione e massime in leggero rialzo. Venti deboli da nord in quota, perlopi\u00f9 deboli a regime di brezza nelle valli.<\/p>\n<hr \/>\n<p><center><b>Lunedi 19<\/b><\/center>Tempo stabile e ben soleggiato con cielo sereno, aria tersa ed ottima visibilit\u00e0 in quota. Probabili banchi di nebbia o locali nubi basse nelle conche e depressioni prealpine, limitatamente alle ore pi\u00f9 fredde. Temperature senza notevoli variazioni. Venti deboli da nord-ovest in quota, a tratti moderati sulle cime pi\u00f9 alte al mattino; perlopi\u00f9 deboli a regime di brezza nelle valli. Previsore: R.L.Th.<\/p>\n<\/div>\n<p>&nbsp;<\/p>\n<hr \/>\n<p>&nbsp;<\/p>\n<p>&nbsp;<\/p>\n<p><a class=\"dt-pswp-item\" href=\"https:\/\/www.radiopiu.net\/wordpress\/wp-content\/uploads\/2018\/09\/sport.jpg\" data-dt-img-description=\"\" data-large_image_width=\"800\" data-large_image_height=\"100\"><img loading=\"lazy\" decoding=\"async\" class=\"wp-image-60761 size-full aligncenter\" src=\"https:\/\/www.radiopiu.net\/wordpress\/wp-content\/uploads\/2018\/09\/sport.jpg\" alt=\"\" width=\"800\" height=\"100\" srcset=\"https:\/\/www.radiopiu.net\/wordpress\/wp-content\/uploads\/2018\/09\/sport.jpg 800w, https:\/\/www.radiopiu.net\/wordpress\/wp-content\/uploads\/2018\/09\/sport-300x38.jpg 300w, https:\/\/www.radiopiu.net\/wordpress\/wp-content\/uploads\/2018\/09\/sport-768x96.jpg 768w\" sizes=\"auto, (max-width: 800px) 100vw, 800px\" \/><\/a><\/p>\n<p>&nbsp;<\/p>\n<blockquote>\n<h3>HOCKEY: RINVIATA A DATA DA DESTINARSI LA SFIDA TRA MERANO ED ALLEGHE<\/h3>\n<\/blockquote>\n<p><strong><a class=\"dt-pswp-item\" href=\"https:\/\/www.radiopiu.net\/wordpress\/wp-content\/uploads\/2018\/12\/HOCKEY-BBB.jpg\" data-dt-img-description=\"\" data-large_image_width=\"1920\" data-large_image_height=\"1200\"><img loading=\"lazy\" decoding=\"async\" class=\" wp-image-70532 alignleft\" src=\"https:\/\/www.radiopiu.net\/wordpress\/wp-content\/uploads\/2018\/12\/HOCKEY-BBB-300x188.jpg\" alt=\"\" width=\"147\" height=\"92\" srcset=\"https:\/\/www.radiopiu.net\/wordpress\/wp-content\/uploads\/2018\/12\/HOCKEY-BBB-300x188.jpg 300w, https:\/\/www.radiopiu.net\/wordpress\/wp-content\/uploads\/2018\/12\/HOCKEY-BBB-768x480.jpg 768w, https:\/\/www.radiopiu.net\/wordpress\/wp-content\/uploads\/2018\/12\/HOCKEY-BBB-1024x640.jpg 1024w, https:\/\/www.radiopiu.net\/wordpress\/wp-content\/uploads\/2018\/12\/HOCKEY-BBB.jpg 1920w\" sizes=\"auto, (max-width: 147px) 100vw, 147px\" \/><\/a>ALLEGHE<\/strong> Non si giocher\u00e0 sabato sera la partita valida per il campionato IHL tra Merano ed Alleghe. La notizia era nell&#8217;aria da alcuni giorni, cio\u00e8 da quando all&#8217;interno della squadra altoatesina sono state trovate alcune positivit\u00e0 al Covid-19. Si doveva giocare alla MeranArena ma la sfida \u00e8 stata rinviata a data da destinarsi. Gi\u00e0 la scorsa settimana il Merano aveva dovuto rinunciare alla sfida con il Fiemme per la stessa motivazione.<\/p>\n<p>&nbsp;<\/p>\n<p>&nbsp;<\/p>\n<hr \/>\n<p>&nbsp;<\/p>\n<blockquote>\n<h3>ECCO LA SQUADRA 2020-2021 DI SCI ALPINISMO. LA GUIDA ALESSANDRO FOLLADOR<\/h3>\n<\/blockquote>\n<p><strong><a class=\"dt-pswp-item\" href=\"https:\/\/www.radiopiu.net\/wordpress\/wp-content\/uploads\/2020\/10\/da-sx-tanara-festini-sostizzo-gen-2020.jpg\" data-dt-img-description=\"\" data-large_image_width=\"573\" data-large_image_height=\"382\"><img loading=\"lazy\" decoding=\"async\" class=\" wp-image-166573 alignleft\" src=\"https:\/\/www.radiopiu.net\/wordpress\/wp-content\/uploads\/2020\/10\/da-sx-tanara-festini-sostizzo-gen-2020-300x200.jpg\" alt=\"\" width=\"203\" height=\"135\" srcset=\"https:\/\/www.radiopiu.net\/wordpress\/wp-content\/uploads\/2020\/10\/da-sx-tanara-festini-sostizzo-gen-2020-300x200.jpg 300w, https:\/\/www.radiopiu.net\/wordpress\/wp-content\/uploads\/2020\/10\/da-sx-tanara-festini-sostizzo-gen-2020.jpg 573w\" sizes=\"auto, (max-width: 203px) 100vw, 203px\" \/><\/a><\/strong><\/p>\n<p><strong>AGORDO\u00a0<\/strong> \u00c8 Alessandro Follador il nuovo tecnico della squadra regionale di sci alpinismo. Il tecnico agordino, azzurro dello sci di fondo prima e dello sci con le pelli poi, subentra a Luca Palla che aveva guidato, con ottimi risultati, la pattuglia del comitato. Nel suo incarico, Follador sar\u00e0 coadiuvato da Francesco Tanara. Gli atleti della squadra regionale saranno i seguenti. Cadetti: Hermann Debertolis (2002, Ski alp Valdobbiadene), Leonardo Taufer (2004, Ski Alp Valdobbiadene), Giovanni Tollardo (2004, Ski alp Valdobbiadene). Juniores: Matteo Sostizzo (2001, Sci Cai Schio), Pietro Festini Purlan (2001, Us Valpadola), Beatrice Colleselli (2003, Sci nordico Marmolada), Cristina Manaigo (2003, Sci club Auronzo), Irina Rigoni (2003, Us Asiago sci). Under 23: Mattia Tanara (2000, Sci Cai Schio). Osservati: Emanuele Gaio (2004, Ski alp Valdobbiadene)<\/p>\n<p><em>in foto, da sinistra: Mattia Tanara, Pietro Festini Purlan e Matteo Sostizzo<\/em><\/p>\n<p>&nbsp;<\/p>\n<p>&nbsp;<\/p>\n<hr \/>\n<p>&nbsp;<\/p>\n<blockquote>\n<h3>GS LA PIAVE 2000, UN POKER PER I TRICOLORI DI MODENA<\/h3>\n<\/blockquote>\n<p><em>Chiara Facchin (foto), Francesco Da Vi\u00e0, Valeria Schenardi e Arianna Marcer saranno impegnati nel weekend ai campionati italiani che assegneranno i titoli nel mezzofondo e nella marcia\u00a0\u00a0\u00a0\u00a0\u00a0\u00a0\u00a0\u00a0<\/em><\/p>\n<p><strong><a class=\"dt-pswp-item\" href=\"https:\/\/www.radiopiu.net\/wordpress\/wp-content\/uploads\/2020\/10\/Facchin_Chiara.jpg\" data-dt-img-description=\"\" data-large_image_width=\"750\" data-large_image_height=\"500\"><img loading=\"lazy\" decoding=\"async\" class=\" wp-image-166546 alignleft\" src=\"https:\/\/www.radiopiu.net\/wordpress\/wp-content\/uploads\/2020\/10\/Facchin_Chiara-300x200.jpg\" alt=\"\" width=\"176\" height=\"117\" srcset=\"https:\/\/www.radiopiu.net\/wordpress\/wp-content\/uploads\/2020\/10\/Facchin_Chiara-300x200.jpg 300w, https:\/\/www.radiopiu.net\/wordpress\/wp-content\/uploads\/2020\/10\/Facchin_Chiara.jpg 750w\" sizes=\"auto, (max-width: 176px) 100vw, 176px\" \/><\/a>MEL<\/strong>\u00a0 Un poker del Gs La Piave 2000 per la Festa dell\u2019endurance che nel weekend, sabato 17 e domenica 18 ottobre, a Modena, assegner\u00e0 i titoli nel mezzofondo e nella marcia. La societ\u00e0 bellunese sar\u00e0 rappresentata da quattro giovani, tutti under 20.<strong> Chiara Facchin<\/strong> garegger\u00e0 nei 3000 siepi juniores, la sua seconda prova sulla distanza dopo la vittoria ottenuta all\u2019inizio di settembre, a Mestre, nel campionato regionale di categoria. <strong>Francesco Da Vi\u00e0<\/strong>, atteso al via nei 5000 juniores. In questo 2020 complicato, Francesco ha mostrato grandi progressi sia nei cross che in pista. Ai campionati regionali ha corso in 15\u201911\u201d49, prestazione che vale il settimo tempo italiano dell\u2019anno per la categoria.\u00a0<strong>Valeria Schenardi<\/strong> sar\u00e0 impegnata nei 2000 siepi allieve, dove di recente ha portato il primato personale a 7\u201949\u201d18. Era gi\u00e0 in pista ai Tricolori 2019 di Agropoli.\u00a0<strong>Arianna Marcer<\/strong> sar\u00e0 al via dei 3000 allieve. E\u2019 al primo anno di categoria, ha iniziato bene la stagione invernale, inanellando ottime prestazioni sia nei cross che nelle indoor.<\/p>\n<p>&nbsp;<\/p>\n<p>&nbsp;<\/p>\n<p>&nbsp;<\/p>\n","protected":false},"excerpt":{"rendered":"<p>PER RICEVERE QUESTO NOTIZIARIO DIRETTAMENTE SUL TUO CELLULARE ISCRIVITI AL CANALE TELEGRAM \u201cRADIO PIU\u00a0 INFORMAZIONE&#8221; ATTENZIONE: LA NUOVA APP PER IOS-IPHONE https:\/\/apps.apple.com\/it\/app\/radio-pi%C3%B9-emittente-agordina\/id1515939845 ATTENZIONE: LA NUOVA APP RADIO\u00a0 PER ANDROID https:\/\/play.google.com\/store\/apps\/details?id=net.radiopiu.iniko &nbsp; &nbsp; &nbsp; CHIUSURA DI VIA VATICANO A TAIBON AGORDINO PER ASFALTATURA TAIBON Oggi dalle 7 alle 18 sar\u00e0 chiusa al traffico veicolare Via Vaticano&hellip;<\/p>\n","protected":false},"author":4,"featured_media":166592,"comment_status":"closed","ping_status":"closed","sticky":false,"template":"","format":"standard","meta":{"_monsterinsights_skip_tracking":false,"_monsterinsights_sitenote_active":false,"_monsterinsights_sitenote_note":"","_monsterinsights_sitenote_category":0,"footnotes":""},"categories":[1,86,49],"tags":[],"class_list":["post-166610","post","type-post","status-publish","format-standard","has-post-thumbnail","hentry","category-senza-categoria","category-gr","category-news-18","category-1","category-86","category-49","description-off"],"img_url":"https:\/\/www.radiopiu.net\/wordpress\/wp-content\/uploads\/2020\/10\/Incendio-auto-Longarone.jpg","_links":{"self":[{"href":"https:\/\/www.radiopiu.net\/wordpress\/wp-json\/wp\/v2\/posts\/166610","targetHints":{"allow":["GET"]}}],"collection":[{"href":"https:\/\/www.radiopiu.net\/wordpress\/wp-json\/wp\/v2\/posts"}],"about":[{"href":"https:\/\/www.radiopiu.net\/wordpress\/wp-json\/wp\/v2\/types\/post"}],"author":[{"embeddable":true,"href":"https:\/\/www.radiopiu.net\/wordpress\/wp-json\/wp\/v2\/users\/4"}],"replies":[{"embeddable":true,"href":"https:\/\/www.radiopiu.net\/wordpress\/wp-json\/wp\/v2\/comments?post=166610"}],"version-history":[{"count":0,"href":"https:\/\/www.radiopiu.net\/wordpress\/wp-json\/wp\/v2\/posts\/166610\/revisions"}],"wp:featuredmedia":[{"embeddable":true,"href":"https:\/\/www.radiopiu.net\/wordpress\/wp-json\/wp\/v2\/media\/166592"}],"wp:attachment":[{"href":"https:\/\/www.radiopiu.net\/wordpress\/wp-json\/wp\/v2\/media?parent=166610"}],"wp:term":[{"taxonomy":"category","embeddable":true,"href":"https:\/\/www.radiopiu.net\/wordpress\/wp-json\/wp\/v2\/categories?post=166610"},{"taxonomy":"post_tag","embeddable":true,"href":"https:\/\/www.radiopiu.net\/wordpress\/wp-json\/wp\/v2\/tags?post=166610"}],"curies":[{"name":"wp","href":"https:\/\/api.w.org\/{rel}","templated":true}]}}