{"id":166649,"date":"2020-10-17T06:05:10","date_gmt":"2020-10-17T04:05:10","guid":{"rendered":"https:\/\/www.radiopiu.net\/wordpress\/?p=166649"},"modified":"2020-10-17T09:42:39","modified_gmt":"2020-10-17T07:42:39","slug":"__trashed-14","status":"publish","type":"post","link":"https:\/\/www.radiopiu.net\/wordpress\/__trashed-14\/","title":{"rendered":"GIORNALE RADIOPIU 17 OTTOBRE 2020 DIRETTORE MIRKO MEZZACASA"},"content":{"rendered":"<h3><strong>PER RICEVERE QUESTO NOTIZIARIO DIRETTAMENTE SUL TUO CELLULARE ISCRIVITI AL CANALE TELEGRAM <\/strong><strong>\u201cRADIO PIU\u00a0 INFORMAZIONE&#8221;<\/strong><\/h3>\n<p><em>ATTENZIONE: LA NUOVA APP PER IOS-IPHONE<\/em><\/p>\n<div>\n<div><a href=\"https:\/\/apps.apple.com\/it\/app\/radio-pi%C3%B9-emittente-agordina\/id1515939845\">https:\/\/apps.apple.com\/it\/app\/radio-pi%C3%B9-emittente-agordina\/id1515939845<\/a><\/div>\n<\/div>\n<div><\/div>\n<div>\n<div dir=\"auto\"><em>ATTENZIONE: LA NUOVA APP RADIO\u00a0 PER ANDROID<\/em><\/div>\n<\/div>\n<p><a href=\"https:\/\/play.google.com\/store\/apps\/details?id=net.radiopiu.iniko\" target=\"_blank\" rel=\"noopener noreferrer\">https:\/\/play.google.com\/store\/apps\/details?id=net.radiopiu.iniko<\/a><\/p>\n<p>&nbsp;<\/p>\n<hr \/>\n<h3><\/h3>\n<div class=\"kvgmc6g5 cxmmr5t8 oygrvhab hcukyx3x c1et5uql ii04i59q\">\n<div dir=\"auto\"><span style=\"color: #ff0000;\">***EVENTO ANNULLATO***<\/span><\/div>\n<\/div>\n<div class=\"o9v6fnle cxmmr5t8 oygrvhab hcukyx3x c1et5uql ii04i59q\">\n<div dir=\"auto\"><span style=\"color: #ff0000;\">A malincuore vi avvisiamo che, per cause dovute al COVID, a titolo precauzionale, il concerto di\u00a0 QUESTA SERA presso la Casa della Gioventu&#8217; di Caviola \u00e8 ANNULLATO e rinviato a data da destinarsi.\u00a0<\/span><\/div>\n<\/div>\n<div dir=\"auto\"><\/div>\n<div dir=\"auto\">\n<hr \/>\n<\/div>\n<blockquote>\n<h3>ALL&#8217;INAUGURAZIONE DELLA &#8220;SFIDA&#8221; I POMPIERI<\/h3>\n<\/blockquote>\n<p><strong>COLLE SANTA LUCIA<\/strong> Non potevamo mancare gli uomini in rosso lo scorso sabato al Belvedere con le autorit\u00e0 e l&#8217;artista Valentino Moro, perch\u00e9 i pompieri volontari di \u00a0Colle Santa Lucia, Agordo e Cortina (foto) nei giorni di Vaia c&#8217;erano eccome. L&#8217;opera simboleggia anche loro e tutta la gente colpita dall&#8217;uragano vaia, uomini e donne che si sono rimboccati le maniche da subito. Nella foto i pompieri di Colle con Valentino Moro<\/p>\n<p><a class=\"dt-pswp-item\" href=\"https:\/\/www.radiopiu.net\/wordpress\/wp-content\/uploads\/2020\/10\/121560381_841406156398989_6979917274298028412_o-1.jpg\" data-dt-img-description=\"\" data-large_image_width=\"1440\" data-large_image_height=\"959\"><img loading=\"lazy\" decoding=\"async\" class=\"alignnone wp-image-166771 size-large\" src=\"https:\/\/www.radiopiu.net\/wordpress\/wp-content\/uploads\/2020\/10\/121560381_841406156398989_6979917274298028412_o-1-1024x682.jpg\" alt=\"\" width=\"1024\" height=\"682\" srcset=\"https:\/\/www.radiopiu.net\/wordpress\/wp-content\/uploads\/2020\/10\/121560381_841406156398989_6979917274298028412_o-1-1024x682.jpg 1024w, https:\/\/www.radiopiu.net\/wordpress\/wp-content\/uploads\/2020\/10\/121560381_841406156398989_6979917274298028412_o-1-300x200.jpg 300w, https:\/\/www.radiopiu.net\/wordpress\/wp-content\/uploads\/2020\/10\/121560381_841406156398989_6979917274298028412_o-1-768x511.jpg 768w, https:\/\/www.radiopiu.net\/wordpress\/wp-content\/uploads\/2020\/10\/121560381_841406156398989_6979917274298028412_o-1.jpg 1440w\" sizes=\"auto, (max-width: 1024px) 100vw, 1024px\" \/><\/a><\/p>\n<p>&nbsp;<\/p>\n<p>&nbsp;<\/p>\n<hr \/>\n<p>&nbsp;<\/p>\n<p>&nbsp;<\/p>\n<blockquote>\n<h3>MA E&#8217; MAI POSSIBILE CHE SI ARRIVI A BLOCCARE LA PRINCIPALE VIA DI COLLEGAMENTO E NESSUNO INTERVENGA?<\/h3>\n<\/blockquote>\n<p><a class=\"dt-pswp-item\" href=\"https:\/\/www.radiopiu.net\/wordpress\/wp-content\/uploads\/2020\/10\/a84ec4c8-81bb-4dca-8da2-cbfa71533593.jpg\" data-dt-img-description=\"\" data-large_image_width=\"1600\" data-large_image_height=\"1200\"><img loading=\"lazy\" decoding=\"async\" class=\" wp-image-166812 alignleft\" src=\"https:\/\/www.radiopiu.net\/wordpress\/wp-content\/uploads\/2020\/10\/a84ec4c8-81bb-4dca-8da2-cbfa71533593-300x225.jpg\" alt=\"\" width=\"236\" height=\"177\" srcset=\"https:\/\/www.radiopiu.net\/wordpress\/wp-content\/uploads\/2020\/10\/a84ec4c8-81bb-4dca-8da2-cbfa71533593-300x225.jpg 300w, https:\/\/www.radiopiu.net\/wordpress\/wp-content\/uploads\/2020\/10\/a84ec4c8-81bb-4dca-8da2-cbfa71533593-1024x768.jpg 1024w, https:\/\/www.radiopiu.net\/wordpress\/wp-content\/uploads\/2020\/10\/a84ec4c8-81bb-4dca-8da2-cbfa71533593-768x576.jpg 768w, https:\/\/www.radiopiu.net\/wordpress\/wp-content\/uploads\/2020\/10\/a84ec4c8-81bb-4dca-8da2-cbfa71533593-1536x1152.jpg 1536w, https:\/\/www.radiopiu.net\/wordpress\/wp-content\/uploads\/2020\/10\/a84ec4c8-81bb-4dca-8da2-cbfa71533593.jpg 1600w\" sizes=\"auto, (max-width: 236px) 100vw, 236px\" \/><\/a><strong>ALLEGHE<\/strong> Le critiche sono quotidiane come la richiesta di chi transita lungo la regionale 203 agordina a Caprile di intervenire, magari spostando in un&#8217;area pi\u00f9 consona il drive-in per i tamponi.<\/p>\n<p>La Ulss1 da giorni &#8211; lo ha anticipato il direttore Adriano Rasi Caldogno\u00a0 &#8211; promette di spostare il centro per i test. Quando? alla prossima nevicata magari con cinquanta centimetri di neve, lo spazzaneve bloccato e i pullman in coda? Auto in colonna anche nell&#8217;area ex Marangoni a Sagrogna di Belluno ma in questo caso non \u00e8 interessata la viabilit\u00e0 principale.<\/p>\n<p>&nbsp;<\/p>\n<p>&nbsp;<\/p>\n<p>&nbsp;<\/p>\n<hr \/>\n<h3><\/h3>\n<h3><span style=\"color: #0000ff;\">PER CHI VIAGGIA: <span style=\"color: #000000;\">negli spostamenti Agordo-Belluno prendetevi per tempo, sono due i semafori (non sincronizzati) tra La Stanga (dopo il ristorante) e Candaten (prima del rettilineo). Disagi notevoli nelle ore di cambio turno in Luxottica ad Agordo.\u00a0<\/span><\/span><\/h3>\n<p>&nbsp;<\/p>\n<hr \/>\n<p>&nbsp;<\/p>\n<p><strong>SP 37 VILLAPAIERA &#8211; FELTRE &#8211;\u00a0 <\/strong>Fino al 30 ottobre (compresi festivi e prefestivi) in abitato di Villapaiera interdizione totale al transito per sistemazione condotta fognaria<\/p>\n<p><strong>PROVINCIALE 8 SAN TOMASO<\/strong> nuovo senso unico alternato fino al 13 novembre compresi festivi e prefestivi in localit\u00e0 ROI per realizzazione acquedotto<\/p>\n<p>&nbsp;<\/p>\n<p>&nbsp;<\/p>\n<hr \/>\n<p>&nbsp;<\/p>\n<p><strong>SELVA DI CADORE<\/strong> Gestione Servizi Pubblici informa che a SELVA DI CADORE in LOCALITA&#8217; L&#8217; ANDRIA, l&#8217;acqua erogata dall&#8217;acquedotto \u00e8 di nuovo potabile e pu\u00f2 essere usata, quindi, per scopi alimentari.<\/p>\n<p><strong>CENCENIGHE <\/strong>Gestione Servizi Pubblici informa che, per lavori alla rete idrica comunale, LUNEDI\u00a0 dalle 8\u00a0 a fine lavori verr\u00e0 sospesa l\u2019erogazione dell\u2019acqua\u00a0 nelle localit\u00e0 Bastiani, Chenet e Lorenzon<\/p>\n<p>&nbsp;<\/p>\n<hr \/>\n<p>&nbsp;<\/p>\n<p>&nbsp;<\/p>\n<p>&nbsp;<\/p>\n<p><strong>CONTAGI<\/strong>: <span style=\"color: #000000;\">aumento esponenziale, 10mila in un giorno in Italia, a rischio cinema e teatri e si riparla di lezione a distanza per le scuole superiori. In Veneto aumentano i ricoveri, possibili lockdown mirati come gi\u00e0 successo in Comelico. Su gli isolamenti e 5 morti per covid in 24 ore. <\/span><\/p>\n<blockquote>\n<h3>SCUOLA: CALVI, RENIER E FOLLADOR-DE ROSSI FANNO I CONTI CON IL VIRUS<\/h3>\n<\/blockquote>\n<p><span style=\"color: #000000;\"><img loading=\"lazy\" decoding=\"async\" class=\"alignleft\" src=\"https:\/\/www.radiopiu.net\/wordpress\/wp-content\/uploads\/2020\/10\/FOLLADOR-DE-ROSSI-scaled.jpg\" width=\"225\" height=\"105\" \/>Scuola: Otto studenti del Calvi sono positivi e una classe in quarantena, il focolaio imputabile ad una festa. Due i positivi al Renier ma il tampone per tutti gli altri ha dato esito negativo quindi nessuna classe \u00e8 stata chiusa. Sono tre le classi a casa all&#8217;Istituto Follador di Agordo, il messaggio sul sito internet della scuola non lascia spazio a dubbi:<em> &#8220;Si comunica che da gioved\u00ec 15 ottobre le classi 1S, 2S e 2P svolgeranno le lezioni in modalit\u00e0 a distanza, fino a\u00a0 nuove comunicazioni inviate alle famiglie.Agli studenti non sar\u00e0 pertanto consentito l&#8217;accesso a scuola&#8221;<\/em>. La persona positiva non \u00e8\u00a0 uno studente, ma fa parte del personale della scuola che ha accesso alle tre aule. Tutti i ragazzi sono stati sottoposti a tampone con esito negativo. All&#8217;agrario Antonio Della Lucia di Vellai di Feltre gli studenti di una seconda, una quarta ed una quinta seguono le lezioni a distanza evidentemente per motivi di sicurezza anche se nessuna notizia ufficiale \u00e8 trapelata dalla scuola circa eventuali casi di contagio, di certo nessun alunno \u00e8 risultato positivo al tampone.<\/span><\/p>\n<blockquote>\n<h3>MUORE UN PAZIENTE COVID DI 84 ANNI, 62 POSITIVI NELLE ULTIME 24 ORE, SOSPESI I RICOVERI A PIEVE DI CADORE IN SEGUITO AL CONTAGIO CHE HA INTERESSATO UN MEDICO.<\/h3>\n<\/blockquote>\n<p><strong><img loading=\"lazy\" decoding=\"async\" class=\"alignleft\" src=\"https:\/\/www.radiopiu.net\/wordpress\/wp-content\/uploads\/2020\/04\/COVID-4-300x300.jpg\" width=\"251\" height=\"251\" \/>BELLUNO<\/strong> Purtroppo anche ieri un decesso in ospedale, il 124\u00b0 dal 21 febbraio, \u00e8 <span style=\"font-size: medium;\">deceduto un paziente covid positivo di 84 anni di Cortina, ricoverato in Pneumologia Covid a Belluno. <\/span><span style=\"font-size: medium;\">Nelle ultime 24 ore sono emerse 62 nuove positivit\u00e0, 11 sono riferite a operatori e ospiti di case di riposo del territorio, 26\u00a0 dal noto focolaio Comelico-Cadore-Ampezzano. Le restanti positivit\u00e0 afferiscono singoli contesti in ambito provinciale senza evidenza di specifiche aggregazioni.<\/span><\/p>\n<p><span style=\"font-size: medium;\"><b>Ricoveri <\/b><\/span><span style=\"font-size: medium;\">Le persone attualmente ricoverate negli ospedali dell\u2019Ulss Dolomiti sono 28 in area non critica a Belluno, 15 a Feltre e 3 in terapia intensiva a Belluno. <\/span><\/p>\n<p><span style=\"font-size: medium;\"><b>Ospedale di Belluno <\/b><\/span><span style=\"font-size: medium;\">E\u2019 in corso di attivazione un\u2019ulteriore area di degenza al 3\u00b0 piano del Blocco Medico dell\u2019Ospedale San Martino a bassa intensit\u00e0 covid che si aggiunge all\u2019attuale area sub intensiva operativa nei reparti di Malattie Infettive e Pneumologia Covid. <\/span><span style=\"font-size: medium;\">Le unit\u00e0 operative di Geriatria, Oncologia e Pneumologia \u201cNO Covid\u201d sono state trasferite al 3\u00b0 piano del Blocco Chirurgico &#8211; lato est. <\/span><\/p>\n<p><span style=\"font-size: medium;\"><b>Ospedale di Pieve di Cadore <\/b><\/span><span style=\"font-size: medium;\">Sono temporaneamente sospesi i ricoveri nella\u00a0 Medicina dell\u2019ospedale di Pieve di Cadore. Eventuali ricoveri sono comunque garantiti dalle altre unit\u00e0 operative delle rete aziendale.\u00a0<\/span><\/p>\n<p>&nbsp;<\/p>\n<p>&nbsp;<\/p>\n<p>&nbsp;<\/p>\n<hr \/>\n<blockquote>\n<h3>SULLA PAGINA FACEBOOK IL MESSAGGIO DEL SINDACO DI CORTINA, GIANPIERTO GHEDINA ANCHE DOPO IL CASO DI POSITIVITA&#8217; CHE HA INTERESSATO DON IVANO &#8220;NESSUN PROBLEMA PER CHI E&#8217; STATO IN CHIESA&#8221;<\/h3>\n<p><span style=\"color: #ff0000;\">FOTO RADIO CORTINA <span style=\"color: #000000;\">(radiocortina.com)<\/span><\/span><\/p><\/blockquote>\n<div class=\"o9v6fnle cxmmr5t8 oygrvhab hcukyx3x c1et5uql ii04i59q\">\n<div dir=\"auto\"><strong><a class=\"dt-pswp-item\" href=\"https:\/\/www.radiopiu.net\/wordpress\/wp-content\/uploads\/2020\/10\/download-1-932x521-1.jpg\" data-dt-img-description=\"\" data-large_image_width=\"932\" data-large_image_height=\"521\"><img loading=\"lazy\" decoding=\"async\" class=\"size-medium wp-image-166872 alignleft\" src=\"https:\/\/www.radiopiu.net\/wordpress\/wp-content\/uploads\/2020\/10\/download-1-932x521-1-300x168.jpg\" alt=\"\" width=\"300\" height=\"168\" srcset=\"https:\/\/www.radiopiu.net\/wordpress\/wp-content\/uploads\/2020\/10\/download-1-932x521-1-300x168.jpg 300w, https:\/\/www.radiopiu.net\/wordpress\/wp-content\/uploads\/2020\/10\/download-1-932x521-1-768x429.jpg 768w, https:\/\/www.radiopiu.net\/wordpress\/wp-content\/uploads\/2020\/10\/download-1-932x521-1.jpg 932w\" sizes=\"auto, (max-width: 300px) 100vw, 300px\" \/><\/a>CORTINA<\/strong> il numero di positivi al Covid-19 nel territorio di Cortina d\u2019Ampezzo \u00e8 passato da 92 a 110 casi (+18). Le persone in quarantena (isolamento domiciliare), che hanno avuto un contatto stretto con i positivi sono 105. Circa met\u00e0 dei contagi \u00e8 ancora riferibile alla casa di riposo: ai suoi ospiti ed agli operatori sanitari, cui va sempre il nostro ringraziamento per la dedizione umana e professionale nel loro operato, un augurio particolare di pronta guarigione. Una preghiera anche per il nostro Parroco Don Ivano, anche egli risultato positivo. Mi ha rassicurato sulle sue condizioni. Forza Don Ivano, passer\u00e0 anche questa ne sono certo. La curva del contagio \u00e8 ovunque in risalita nel territorio nazionale ma l\u2019alto numero dei positivi va rapportato al maggiore numero dei tamponi che ora si effettuano, pi\u00f9 alto di 6-7 volte rispetto a quelli effettuati nella scorsa primavera. Questo perch\u00e9 allora si andavano a controllare quasi esclusivamente le persone che presentavano sintomi compatibili con un\u2019infezione da Covid-19, anche a causa della carenza di tamponi, mentre adesso i tamponi vengono subito effettuati anche tra i contatti avuti dal soggetto positivo. La maggioranza dei casi riscontrati sono legati soprattutto a relazioni familiari e amicali e si presenta asintomatica.<\/div>\n<\/div>\n<div class=\"o9v6fnle cxmmr5t8 oygrvhab hcukyx3x c1et5uql ii04i59q\">\n<div dir=\"auto\">La fase autunnale non ci deve spaventare ma va affrontata con il grande senso di responsabilit\u00e0 che gi\u00e0 ci ha contraddistinto nella fase acuta della scorsa primavera. Ricordo che le precauzioni da prendere sono sempre le stesse: rispettare le distanze di sicurezza, utilizzare le mascherine, lavare frequentemente le mani. Uscirne bene dipender\u00e0 anche da ognuno di noi. Siete tutti nei miei pensieri. A presto <strong>Il Sindaco di Cortina d\u2019Ampezzo Gianpietro Ghedina<\/strong><\/div>\n<\/div>\n<p>&nbsp;<\/p>\n<p>&nbsp;<\/p>\n<p>&nbsp;<\/p>\n<hr \/>\n<p>&nbsp;<\/p>\n<p>&nbsp;<\/p>\n<blockquote>\n<h3>CRISI DI DIPENDENTI? ASCA STUDIA L&#8217;WELFARE PER GLI ALLOGGI A COSTI MINORI. L&#8217;IDEA DELL&#8217;AMMINISTRATORE UNICO MARIACHIARA SANTIN, LE IPOTESI DEL PRESIDENTE DELL&#8217;UNIONE MONTANA MICHELE COSTA<\/h3>\n<\/blockquote>\n<p><strong>DI GIANNI SANTOMASO<\/strong><\/p>\n<audio class=\"wp-audio-shortcode\" id=\"audio-166649-1\" preload=\"none\" style=\"width: 100%;\" controls=\"controls\"><source type=\"audio\/mpeg\" src=\"https:\/\/www.radiopiu.net\/wordpress\/wp-content\/uploads\/2020\/10\/GIANNI-ASCA.mp3?_=1\" \/><a href=\"https:\/\/www.radiopiu.net\/wordpress\/wp-content\/uploads\/2020\/10\/GIANNI-ASCA.mp3\">https:\/\/www.radiopiu.net\/wordpress\/wp-content\/uploads\/2020\/10\/GIANNI-ASCA.mp3<\/a><\/audio>\n<p>&nbsp;<\/p>\n<blockquote>\n<h3>ASCA CERCA PERSONALE INFERMIERISTICO E ASSISTENZIALE<\/h3>\n<\/blockquote>\n<p><strong><a class=\"dt-pswp-item\" href=\"https:\/\/www.radiopiu.net\/wordpress\/wp-content\/uploads\/2020\/04\/ASCA.png\" data-dt-img-description=\"\" data-large_image_width=\"1211\" data-large_image_height=\"668\"><img loading=\"lazy\" decoding=\"async\" class=\"size-medium wp-image-128881 alignleft\" src=\"https:\/\/www.radiopiu.net\/wordpress\/wp-content\/uploads\/2020\/04\/ASCA-300x165.png\" alt=\"\" width=\"300\" height=\"165\" srcset=\"https:\/\/www.radiopiu.net\/wordpress\/wp-content\/uploads\/2020\/04\/ASCA-300x165.png 300w, https:\/\/www.radiopiu.net\/wordpress\/wp-content\/uploads\/2020\/04\/ASCA-1024x565.png 1024w, https:\/\/www.radiopiu.net\/wordpress\/wp-content\/uploads\/2020\/04\/ASCA-768x424.png 768w, https:\/\/www.radiopiu.net\/wordpress\/wp-content\/uploads\/2020\/04\/ASCA.png 1211w\" sizes=\"auto, (max-width: 300px) 100vw, 300px\" \/><\/a>AGORDO\u00a0<\/strong>ASCA ha indetto una nuova selezione pubblica finalizzata alla formulazione di una graduatoria di idoneit\u00e0 utile all\u2019inserimento a tempo indeterminato e a tempo pieno presso la RSA di Agordo di\u00a0INFERMIERE.\u00a0Il termine ultimo per la presentazione delle candidature \u00e8 fissato entro e non oltre le ore 12.00 del giorno 16 novembre 2020.\u00a0Si precisa che \u00e8 stato riservato un inquadramento contrattuale Uneba di livello 2 con uno stipendio lordo mensile stimato in euro 320 superiore rispetto a quello di livello 3S Uneba ed inoltre viene offerto un supporto alloggiativo di 1 mese per i neo assunti provenienti da paesi non limitrofi ad Agordo.\u00a0ASCA inoltre ricerca\u00a0OPERATORI SOCIO SANITARI\u00a0mediante nuova selezione pubblica finalizzata alla formulazione di una graduatoria di idoneit\u00e0 utile all\u2019inserimento a tempo indeterminato e a tempo pieno presso la RSA di Agordo.\u00a0Il termine ultimo per la presentazione delle candidature \u00e8 fissato entro e non oltre le ore 12.00 del giorno 23 novembre 2020.\u00a0Le modalit\u00e0 di presentazione delle domande di entrambe le selezioni si trovano sulla home page del sito aziendale\u00a0<a href=\"http:\/\/www.servizisocialiasca.it\/\">www.servizisocialiasca.it<\/a>.<\/p>\n<p>&nbsp;<\/p>\n<p>&nbsp;<\/p>\n<p>&nbsp;<\/p>\n<hr \/>\n<blockquote>\n<h3><\/h3>\n<h3>DENUNCIATI GLI AUTORI DELLA RISSA AL CONDOMINIO LA CORTE<\/h3>\n<\/blockquote>\n<div class=\"im_history_message_wrap\">\n<div class=\"im_message_outer_wrap hasselect\" data-msg-id=\"14834\">\n<div class=\"im_message_wrap clearfix\">\n<div class=\"im_content_message_wrap im_message_in\">\n<div class=\"im_message_body\">\n<div>\n<div class=\"im_message_text\" dir=\"auto\"><strong>AGORDO<\/strong> Lo scorso 5 ottobre si sono presi a mazzate in pieno giorno in via Insurrezione noncuranti della gente che si stava recando al centro commerciale La Corte o nella vicina stazione Dolomitibus. Un video diventato virale ha fatto rapidamente il giro dei social e i Carabinieri di Agordo dopo averli indentificati hanno denunciato per rissa e lesioni i responsabili. Si tratta di due ragazzi di 29 e 36 anni residenti ad Agordo e di una ragazza 26 enne in stato di gravidanza. I tre, per futili motivi, hanno inscenato la lite. Un ragazzo ha fatto ricorso alle cure del Pronto Soccorso presso l&#8217;ospedale di Agordo\u00a0 per un trauma facciale e escoriazioni varie giudicate guaribili in 30 giorni, gli altri due giovani hanno invece\u00a0 rifiutato le cure.<\/div>\n<\/div>\n<\/div>\n<\/div>\n<div dir=\"auto\"><\/div>\n<div dir=\"auto\"><strong>DAI NOTIZIARI DI RADIO PIU<\/strong><\/div>\n<\/div>\n<\/div>\n<\/div>\n<div dir=\"auto\"><\/div>\n<blockquote class=\"wp-embedded-content\" data-secret=\"LLhPX7JSOF\"><p><a href=\"https:\/\/www.radiopiu.net\/wordpress\/di-nuovo-paura-in-via-insurrezione-la-citta-sinterroga\/\">DI NUOVO PAURA IN VIA INSURREZIONE, LA CITTA&#8217; S&#8217;INTERROGA<\/a><\/p><\/blockquote>\n<p><iframe loading=\"lazy\" class=\"wp-embedded-content\" sandbox=\"allow-scripts\" security=\"restricted\" style=\"position: absolute; clip: rect(1px, 1px, 1px, 1px);\" title=\"&#8220;DI NUOVO PAURA IN VIA INSURREZIONE, LA CITTA&#8217; S&#8217;INTERROGA&#8221; &#8212; Radio Pi\u00f9\" src=\"https:\/\/www.radiopiu.net\/wordpress\/di-nuovo-paura-in-via-insurrezione-la-citta-sinterroga\/embed\/#?secret=LLhPX7JSOF\" data-secret=\"LLhPX7JSOF\" width=\"600\" height=\"338\" frameborder=\"0\" marginwidth=\"0\" marginheight=\"0\" scrolling=\"no\"><\/iframe><\/p>\n<p>&nbsp;<\/p>\n<hr \/>\n<p>&nbsp;<\/p>\n<blockquote>\n<h3>URTATA MENTRE INNESTA LA RETROMARCIA, BIMBO DI 9 ANNI IN OSPEDALE<\/h3>\n<\/blockquote>\n<p><strong>FELTRE<\/strong> Incidente tra due auto ieri nel primo pomeriggio in via Gorda a Mugnai. Coinvolte una Panda condotta da A.I., 44 anni di Feltre e una Renault al cui volante c&#8217;era la feltrina E.M. di 42 anni. Dalla ricostruzione dei Carabinieri di Feltre intervenuti per i rilievi, la donna al volante della Panda,\u00a0 in retromarcia dal piazzale di un&#8217;abitazione,\u00a0 era intenzionata ad immettersi sulla strada principale. L&#8217;auto \u00e8 stata urtata dalla Renault. Le due donne al volante dei mezzi e,\u00a0 un minore di 9 anni,\u00a0 sono stati trasportati dall&#8217;ambulanza per accertamenti all&#8217;ospedale Santa Maria del Prato.<\/p>\n<p>&nbsp;<\/p>\n\n\t\t\t<style type='text\/css'>\n\t\t\t\t#gallery-1 {\n\t\t\t\t\tmargin: auto;\n\t\t\t\t}\n\t\t\t\t#gallery-1 .gallery-item {\n\t\t\t\t\tfloat: left;\n\t\t\t\t\tmargin-top: 10px;\n\t\t\t\t\ttext-align: center;\n\t\t\t\t\twidth: 33%;\n\t\t\t\t}\n\t\t\t\t#gallery-1 img {\n\t\t\t\t\tborder: 2px solid #cfcfcf;\n\t\t\t\t}\n\t\t\t\t#gallery-1 .gallery-caption {\n\t\t\t\t\tmargin-left: 0;\n\t\t\t\t}\n\t\t\t\t\/* see gallery_shortcode() in wp-includes\/media.php *\/\n\t\t\t<\/style>\n\t\t<div id='gallery-1' class='dt-gallery-container gallery galleryid-166649 gallery-columns-3 gallery-size-thumbnail'><dl class='gallery-item'>\n\t\t\t\t<dt class='gallery-icon landscape'>\n\t\t\t\t\t<a class=\"rollover rollover-zoom dt-pswp-item\" title=\"62b0d4d6-1b44-4039-b6b0-6f4800440c06\" data-dt-img-description=\"\" data-large_image_width=\"320\" data-large_image_height=\"240\"href='https:\/\/www.radiopiu.net\/wordpress\/wp-content\/uploads\/2020\/10\/62b0d4d6-1b44-4039-b6b0-6f4800440c06.jpg'><img loading=\"lazy\" decoding=\"async\" width=\"150\" height=\"150\" src=\"https:\/\/www.radiopiu.net\/wordpress\/wp-content\/uploads\/2020\/10\/62b0d4d6-1b44-4039-b6b0-6f4800440c06-150x150.jpg\" class=\"attachment-thumbnail size-thumbnail\" alt=\"\" \/><\/a>\n\t\t\t\t<\/dt><\/dl><dl class='gallery-item'>\n\t\t\t\t<dt class='gallery-icon landscape'>\n\t\t\t\t\t<a class=\"rollover rollover-zoom dt-pswp-item\" title=\"f927861a-1c0a-4619-9437-c6e5729fcf10\" data-dt-img-description=\"\" data-large_image_width=\"320\" data-large_image_height=\"240\"href='https:\/\/www.radiopiu.net\/wordpress\/wp-content\/uploads\/2020\/10\/f927861a-1c0a-4619-9437-c6e5729fcf10.jpg'><img loading=\"lazy\" decoding=\"async\" width=\"150\" height=\"150\" src=\"https:\/\/www.radiopiu.net\/wordpress\/wp-content\/uploads\/2020\/10\/f927861a-1c0a-4619-9437-c6e5729fcf10-150x150.jpg\" class=\"attachment-thumbnail size-thumbnail\" alt=\"\" \/><\/a>\n\t\t\t\t<\/dt><\/dl><dl class='gallery-item'>\n\t\t\t\t<dt class='gallery-icon landscape'>\n\t\t\t\t\t<a class=\"rollover rollover-zoom dt-pswp-item\" title=\"e84e052f-001b-4a87-a6b9-f06c44d31e7a\" data-dt-img-description=\"\" data-large_image_width=\"320\" data-large_image_height=\"240\"href='https:\/\/www.radiopiu.net\/wordpress\/wp-content\/uploads\/2020\/10\/e84e052f-001b-4a87-a6b9-f06c44d31e7a.jpg'><img loading=\"lazy\" decoding=\"async\" width=\"150\" height=\"150\" src=\"https:\/\/www.radiopiu.net\/wordpress\/wp-content\/uploads\/2020\/10\/e84e052f-001b-4a87-a6b9-f06c44d31e7a-150x150.jpg\" class=\"attachment-thumbnail size-thumbnail\" alt=\"\" \/><\/a>\n\t\t\t\t<\/dt><\/dl><br style=\"clear: both\" \/>\n\t\t\t<\/div>\n\n<p>&nbsp;<\/p>\n\n\t\t\t<style type='text\/css'>\n\t\t\t\t#gallery-2 {\n\t\t\t\t\tmargin: auto;\n\t\t\t\t}\n\t\t\t\t#gallery-2 .gallery-item {\n\t\t\t\t\tfloat: left;\n\t\t\t\t\tmargin-top: 10px;\n\t\t\t\t\ttext-align: center;\n\t\t\t\t\twidth: 33%;\n\t\t\t\t}\n\t\t\t\t#gallery-2 img {\n\t\t\t\t\tborder: 2px solid #cfcfcf;\n\t\t\t\t}\n\t\t\t\t#gallery-2 .gallery-caption {\n\t\t\t\t\tmargin-left: 0;\n\t\t\t\t}\n\t\t\t\t\/* see gallery_shortcode() in wp-includes\/media.php *\/\n\t\t\t<\/style>\n\t\t<div id='gallery-2' class='dt-gallery-container gallery galleryid-166649 gallery-columns-3 gallery-size-thumbnail'><dl class='gallery-item'>\n\t\t\t\t<dt class='gallery-icon portrait'>\n\t\t\t\t\t<a class=\"rollover rollover-zoom dt-pswp-item\" title=\"fd59fcb9-c43b-40ac-b5b8-ed7882b35b90\" data-dt-img-description=\"\" data-large_image_width=\"961\" data-large_image_height=\"1112\"href='https:\/\/www.radiopiu.net\/wordpress\/wp-content\/uploads\/2020\/10\/fd59fcb9-c43b-40ac-b5b8-ed7882b35b90.jpg'><img loading=\"lazy\" decoding=\"async\" width=\"150\" height=\"150\" src=\"https:\/\/www.radiopiu.net\/wordpress\/wp-content\/uploads\/2020\/10\/fd59fcb9-c43b-40ac-b5b8-ed7882b35b90-150x150.jpg\" class=\"attachment-thumbnail size-thumbnail\" alt=\"\" \/><\/a>\n\t\t\t\t<\/dt><\/dl><dl class='gallery-item'>\n\t\t\t\t<dt class='gallery-icon landscape'>\n\t\t\t\t\t<a class=\"rollover rollover-zoom dt-pswp-item\" title=\"c62d86c2-30d5-43dc-9349-830cde01a6c8\" data-dt-img-description=\"\" data-large_image_width=\"961\" data-large_image_height=\"728\"href='https:\/\/www.radiopiu.net\/wordpress\/wp-content\/uploads\/2020\/10\/c62d86c2-30d5-43dc-9349-830cde01a6c8.jpg'><img loading=\"lazy\" decoding=\"async\" width=\"150\" height=\"150\" src=\"https:\/\/www.radiopiu.net\/wordpress\/wp-content\/uploads\/2020\/10\/c62d86c2-30d5-43dc-9349-830cde01a6c8-150x150.jpg\" class=\"attachment-thumbnail size-thumbnail\" alt=\"\" \/><\/a>\n\t\t\t\t<\/dt><\/dl><dl class='gallery-item'>\n\t\t\t\t<dt class='gallery-icon landscape'>\n\t\t\t\t\t<a class=\"rollover rollover-zoom dt-pswp-item\" title=\"a411e504-2adf-4e3e-b826-52c4c7fad7e1\" data-dt-img-description=\"\" data-large_image_width=\"1280\" data-large_image_height=\"835\"href='https:\/\/www.radiopiu.net\/wordpress\/wp-content\/uploads\/2020\/10\/a411e504-2adf-4e3e-b826-52c4c7fad7e1.jpg'><img loading=\"lazy\" decoding=\"async\" width=\"150\" height=\"150\" src=\"https:\/\/www.radiopiu.net\/wordpress\/wp-content\/uploads\/2020\/10\/a411e504-2adf-4e3e-b826-52c4c7fad7e1-150x150.jpg\" class=\"attachment-thumbnail size-thumbnail\" alt=\"\" \/><\/a>\n\t\t\t\t<\/dt><\/dl><br style=\"clear: both\" \/>\n\t\t\t<\/div>\n\n<p>&nbsp;<\/p>\n<p>&nbsp;<\/p>\n<hr \/>\n<blockquote>\n<h3><\/h3>\n<h3><\/h3>\n<h3>203 AGORDINA, CARTELLI E CERVI IN STRADA, 4 MEZZI DANNEGGIATI<\/h3>\n<\/blockquote>\n<p><strong>BELLUNO<\/strong> L&#8217;altra sera il vento forte lungo la regionale 203 agordina ha fatto cadere i cartelli stradali, i conducenti di due furgoni\u00a0 si sono ritrovati\u00a0 con i pneumatici forati. I Carabinieri del Norm di Belluno hanno prestato assistenza.<\/p>\n<p><strong>VALLADA<\/strong> Alle 23 i Carabinieri di Gosaldo sono invece intervenuti a Vallada, due mezzi hanno investito quasi contemporaneamente un cervo, nessun ferito ma soliti gravi danni ai mezzi.<\/p>\n<div class=\"im_history_message_wrap im_grouped\">\n<div class=\"im_message_outer_wrap hasselect\" data-msg-id=\"14839\">\n<div class=\"im_message_wrap clearfix\">\n<div class=\"im_content_message_wrap im_message_in\">\n<div class=\"im_message_meta pull-right text-right noselect\">\n\n\t\t\t<style type='text\/css'>\n\t\t\t\t#gallery-3 {\n\t\t\t\t\tmargin: auto;\n\t\t\t\t}\n\t\t\t\t#gallery-3 .gallery-item {\n\t\t\t\t\tfloat: left;\n\t\t\t\t\tmargin-top: 10px;\n\t\t\t\t\ttext-align: center;\n\t\t\t\t\twidth: 50%;\n\t\t\t\t}\n\t\t\t\t#gallery-3 img {\n\t\t\t\t\tborder: 2px solid #cfcfcf;\n\t\t\t\t}\n\t\t\t\t#gallery-3 .gallery-caption {\n\t\t\t\t\tmargin-left: 0;\n\t\t\t\t}\n\t\t\t\t\/* see gallery_shortcode() in wp-includes\/media.php *\/\n\t\t\t<\/style>\n\t\t<div id='gallery-3' class='dt-gallery-container gallery galleryid-166649 gallery-columns-2 gallery-size-thumbnail'><dl class='gallery-item'>\n\t\t\t\t<dt class='gallery-icon landscape'>\n\t\t\t\t\t<a class=\"rollover rollover-zoom dt-pswp-item\" title=\"d9869942-ea3b-4abf-9176-c858d62c145b\" data-dt-img-description=\"\" data-large_image_width=\"320\" data-large_image_height=\"240\"href='https:\/\/www.radiopiu.net\/wordpress\/wp-content\/uploads\/2020\/10\/d9869942-ea3b-4abf-9176-c858d62c145b.jpg'><img loading=\"lazy\" decoding=\"async\" width=\"150\" height=\"150\" src=\"https:\/\/www.radiopiu.net\/wordpress\/wp-content\/uploads\/2020\/10\/d9869942-ea3b-4abf-9176-c858d62c145b-150x150.jpg\" class=\"attachment-thumbnail size-thumbnail\" alt=\"\" \/><\/a>\n\t\t\t\t<\/dt><\/dl><dl class='gallery-item'>\n\t\t\t\t<dt class='gallery-icon landscape'>\n\t\t\t\t\t<a class=\"rollover rollover-zoom dt-pswp-item\" title=\"6bbdfe06-0c7d-42bd-b22e-434d4cf20e6a\" data-dt-img-description=\"\" data-large_image_width=\"320\" data-large_image_height=\"240\"href='https:\/\/www.radiopiu.net\/wordpress\/wp-content\/uploads\/2020\/10\/6bbdfe06-0c7d-42bd-b22e-434d4cf20e6a.jpg'><img loading=\"lazy\" decoding=\"async\" width=\"150\" height=\"150\" src=\"https:\/\/www.radiopiu.net\/wordpress\/wp-content\/uploads\/2020\/10\/6bbdfe06-0c7d-42bd-b22e-434d4cf20e6a-150x150.jpg\" class=\"attachment-thumbnail size-thumbnail\" alt=\"\" \/><\/a>\n\t\t\t\t<\/dt><\/dl><br style=\"clear: both\" \/><dl class='gallery-item'>\n\t\t\t\t<dt class='gallery-icon landscape'>\n\t\t\t\t\t<a class=\"rollover rollover-zoom dt-pswp-item\" title=\"1eff9df7-1007-497a-92ec-89d3f3b625ff\" data-dt-img-description=\"\" data-large_image_width=\"320\" data-large_image_height=\"240\"href='https:\/\/www.radiopiu.net\/wordpress\/wp-content\/uploads\/2020\/10\/1eff9df7-1007-497a-92ec-89d3f3b625ff.jpg'><img loading=\"lazy\" decoding=\"async\" width=\"150\" height=\"150\" src=\"https:\/\/www.radiopiu.net\/wordpress\/wp-content\/uploads\/2020\/10\/1eff9df7-1007-497a-92ec-89d3f3b625ff-150x150.jpg\" class=\"attachment-thumbnail size-thumbnail\" alt=\"\" \/><\/a>\n\t\t\t\t<\/dt><\/dl><dl class='gallery-item'>\n\t\t\t\t<dt class='gallery-icon portrait'>\n\t\t\t\t\t<a class=\"rollover rollover-zoom dt-pswp-item\" title=\"0bed4267-109f-4ef2-b535-70a1cd81eed6\" data-dt-img-description=\"\" data-large_image_width=\"240\" data-large_image_height=\"320\"href='https:\/\/www.radiopiu.net\/wordpress\/wp-content\/uploads\/2020\/10\/0bed4267-109f-4ef2-b535-70a1cd81eed6.jpg'><img loading=\"lazy\" decoding=\"async\" width=\"150\" height=\"150\" src=\"https:\/\/www.radiopiu.net\/wordpress\/wp-content\/uploads\/2020\/10\/0bed4267-109f-4ef2-b535-70a1cd81eed6-150x150.jpg\" class=\"attachment-thumbnail size-thumbnail\" alt=\"\" \/><\/a>\n\t\t\t\t<\/dt><\/dl><br style=\"clear: both\" \/>\n\t\t\t<\/div>\n\n<\/div>\n<p>&nbsp;<\/p>\n<\/div>\n<\/div>\n<hr \/>\n<\/div>\n<\/div>\n<p>&nbsp;<\/p>\n<p>&nbsp;<\/p>\n<p>&nbsp;<\/p>\n<blockquote>\n<h3>E&#8217; INIZIATA LA STAGIONE DEGLI SCI ALPINISTI&#8230; IN BARELLA<\/h3>\n<\/blockquote>\n<p><strong><img loading=\"lazy\" decoding=\"async\" class=\"alignleft\" src=\"https:\/\/www.radiopiu.net\/wordpress\/wp-content\/uploads\/2020\/10\/salt_20201016_165858_462.jpg\" width=\"163\" height=\"217\" \/>VIGO DI CADORE\u00a0<\/strong> Nel pomeriggio\u00a0 l&#8217;elicottero del Suem di Pieve di Cadore \u00e8 volato a Sella Campigotto per uno scialpinista che si \u00e8\u00a0 fatto male. Partito dal Rifugio Tenente Fabbro, M.Z., 39 anni, di Mestre (VE), aveva iniziato a salire con le pelli verso la Sella. Un po&#8217; sotto era iniziata la sua discesa e ad un tratto, curvando, forse anche a causa della Neve pesante, messo male uno sci ha\u00a0 riportato la probabile frattura di una gamba. Lui stesso ha lanciato l&#8217;allarme e dato le indicazioni del punto in cui si trovava. Mentre la gestrice del Rifugio si stava avvicinando dalla strada per dargli assistenza, l&#8217;eliambulanza lo ha individuato e ha sbarcato tecnico di elisoccorso e medico con un verricello di una quindicina di metri. Dopo averlo stabilizzato, i soccorritori gli hanno immobilizzato l&#8217;arto per poi procedere al recupero, avvenuto sempre con il verricello. L&#8217;infortunato \u00e8 stato poi accompagnato all&#8217;ospedale di Belluno.<\/p>\n<p>&nbsp;<\/p>\n<p>&nbsp;<\/p>\n<hr \/>\n<h3><\/h3>\n<p>&nbsp;<\/p>\n<blockquote>\n<h3>RICONOSCETE MONILI RUBATI? RIVOLGETEVI IN QUESTURA<\/h3>\n<\/blockquote>\n<p align=\"JUSTIFY\"><strong>BELLUNO<\/strong> Collaboratrice domestica a tempo pieno in alcune famiglia della zona, ladra nei ritagli di tempo. La Squadra Mobile di Belluno l&#8217;ha denunciata ritenendola responsabile. Ma c&#8217;\u00e8 di pi\u00f9: durante una perquisizione sono stati rinvenuti e sequestrati in casa della donna monili di sospetta provenienza (vedi foto). Di qui l&#8217;invito alla cittadinanza a prendere visione del materiale ed eventualmente rivolgersi in Questura.<\/p>\n<blockquote>\n<p align=\"JUSTIFY\"><em><span style=\"font-size: medium;\">Per la consultazione diretta del materiale in sequestro e l\u2019eventuale riconoscimento \u00e8 possibile prendere contatti con la Squadra Mobile di Belluno \u2013 3^ Sezione al numero 0437945511 o alla mail squadramobile.bl@poliziadistato.it.<\/span><\/em><\/p>\n<\/blockquote>\n<p><a class=\"dt-pswp-item\" href=\"https:\/\/www.radiopiu.net\/wordpress\/wp-content\/uploads\/2020\/10\/foto-refurtiva-per-stampa-con-Logo-scaled.jpg\" data-dt-img-description=\"\" data-large_image_width=\"2560\" data-large_image_height=\"1627\"><img loading=\"lazy\" decoding=\"async\" class=\"alignnone wp-image-166756 size-large\" src=\"https:\/\/www.radiopiu.net\/wordpress\/wp-content\/uploads\/2020\/10\/foto-refurtiva-per-stampa-con-Logo-1024x651.jpg\" alt=\"\" width=\"1024\" height=\"651\" srcset=\"https:\/\/www.radiopiu.net\/wordpress\/wp-content\/uploads\/2020\/10\/foto-refurtiva-per-stampa-con-Logo-1024x651.jpg 1024w, https:\/\/www.radiopiu.net\/wordpress\/wp-content\/uploads\/2020\/10\/foto-refurtiva-per-stampa-con-Logo-300x191.jpg 300w, https:\/\/www.radiopiu.net\/wordpress\/wp-content\/uploads\/2020\/10\/foto-refurtiva-per-stampa-con-Logo-768x488.jpg 768w, https:\/\/www.radiopiu.net\/wordpress\/wp-content\/uploads\/2020\/10\/foto-refurtiva-per-stampa-con-Logo-1536x976.jpg 1536w, https:\/\/www.radiopiu.net\/wordpress\/wp-content\/uploads\/2020\/10\/foto-refurtiva-per-stampa-con-Logo-2048x1302.jpg 2048w\" sizes=\"auto, (max-width: 1024px) 100vw, 1024px\" \/><\/a><\/p>\n<p>&nbsp;<\/p>\n<p>&nbsp;<\/p>\n<p>&nbsp;<\/p>\n<hr \/>\n<h3><\/h3>\n<blockquote>\n<h3>IL LUPO ALLE PENDICI DEL MONTE TELVA<\/h3>\n<\/blockquote>\n<p><strong>FELTRE<\/strong>\u00a0 Tre pecore sbranate dal lupo all&#8217;azienda agricola Telva di Teddy Bonan. Un agnello di sette mesi circa \u00e8 stato ritrovato in fin di vita. A nulla \u00e8 servito il recinto\u00a0 alto quasi un metro e mezzo che si estende per quasi un chilometro\u00a0 e dotato di elettrificazione per un costo di 1500 euro. Oltre alle tre pecore sbranate altre cinque sono riuscite a fuggire, una \u00e8 arrivata fino lungo la strada feltrina, i Carabinieri l&#8217;hanno rinchiusa nel\u00a0 parco della Rimembranza.<\/p>\n<p>&nbsp;<\/p>\n<p>&nbsp;<\/p>\n<hr \/>\n<h3><\/h3>\n<p>&nbsp;<\/p>\n<blockquote>\n<h3>NEL RECUPERO DEI SERRAI DI SOTTOGUDA ANCHE IL FONDO STRADALE E&#8217; UN PROBLEMA LA &#8220;GRATTABILE&#8221; DI ALLEGHE NE E&#8217; UN ESEMPIO<\/h3>\n<\/blockquote>\n<p><strong><a class=\"dt-pswp-item\" href=\"https:\/\/www.radiopiu.net\/wordpress\/wp-content\/uploads\/2020\/10\/d5112e12-c165-44df-bb33-bb3876d0562c.jpg\" data-dt-img-description=\"\" data-large_image_width=\"1200\" data-large_image_height=\"1600\"><img loading=\"lazy\" decoding=\"async\" class=\" wp-image-166710 alignleft\" src=\"https:\/\/www.radiopiu.net\/wordpress\/wp-content\/uploads\/2020\/10\/d5112e12-c165-44df-bb33-bb3876d0562c-225x300.jpg\" alt=\"\" width=\"188\" height=\"251\" srcset=\"https:\/\/www.radiopiu.net\/wordpress\/wp-content\/uploads\/2020\/10\/d5112e12-c165-44df-bb33-bb3876d0562c-225x300.jpg 225w, https:\/\/www.radiopiu.net\/wordpress\/wp-content\/uploads\/2020\/10\/d5112e12-c165-44df-bb33-bb3876d0562c-768x1024.jpg 768w, https:\/\/www.radiopiu.net\/wordpress\/wp-content\/uploads\/2020\/10\/d5112e12-c165-44df-bb33-bb3876d0562c-1152x1536.jpg 1152w, https:\/\/www.radiopiu.net\/wordpress\/wp-content\/uploads\/2020\/10\/d5112e12-c165-44df-bb33-bb3876d0562c.jpg 1200w\" sizes=\"auto, (max-width: 188px) 100vw, 188px\" \/><\/a>ROCCA PIETORE<\/strong> Anche il fondo stradale apre discussioni nel capitolo del recupero dei Serrai di Sottoguda. Innanzitutto non \u00e8 un fattore secondario, perch\u00e9 il Pettorina di norma placido e tranquillo quando arrivano le &#8220;bombe d&#8217;acqua&#8221; s&#8217;ingrossa, tracima e spazza via ci\u00f2 che incontra. Nei giorni di Vaia l&#8217;esempio \u00e8 stato chiaro, sono &#8220;volati&#8221; ponti, condotte e strade di asfalto. Per questo il fondo da studiato affinch\u00e9 possa resistere ad eventuali esondazioni, comunque diverse dall&#8217;uragano di fine ottobre 2018. Gli ambientalisti controllano, la Sovintendenza&#8230;sovrintende. Al proposito vale la pena ricordare cosa \u00e8 successo di recente tra Caprile ed Alleghe dove la pista ciclabile dopo che \u00e8 stata studiata, progettata, realizzata e tirata a lucido \u00e8 stata completamente &#8220;grattata&#8221; perch\u00e9 stonava con l&#8217;ambiente. A nulla sono valse le rimostranze di sindaci (Siro De Biasio in particolare) o della popolazione che gradiva quell&#8217;asfalto messo in prima mano, cos\u00ec come ha criticato la &#8220;grattata&#8221;, soprattutto le mamme in passeggiata con le carrozzine. Dell&#8217;argomento ne ha parlato anche l&#8217;ingegner Felice Gaiardo nell&#8217;incontro del Teaz.<\/p>\n<audio class=\"wp-audio-shortcode\" id=\"audio-166649-2\" preload=\"none\" style=\"width: 100%;\" controls=\"controls\"><source type=\"audio\/mpeg\" src=\"https:\/\/www.radiopiu.net\/wordpress\/wp-content\/uploads\/2020\/10\/GAIARDO.mp3?_=2\" \/><a href=\"https:\/\/www.radiopiu.net\/wordpress\/wp-content\/uploads\/2020\/10\/GAIARDO.mp3\">https:\/\/www.radiopiu.net\/wordpress\/wp-content\/uploads\/2020\/10\/GAIARDO.mp3<\/a><\/audio>\n<p>&nbsp;<\/p>\n<blockquote>\n<h3>DAL NOTIZIARIO DEL 29 GIUGNO 2020<\/h3>\n<\/blockquote>\n<blockquote class=\"wp-embedded-content\" data-secret=\"lqPi7oWe2j\"><p><a href=\"https:\/\/www.radiopiu.net\/wordpress\/ciclabile-di-alleghe-segnaletica-carente-le-critiche-di-un-turista-nella-lettera-ai-sindaci\/\">CICLABILE DI ALLEGHE SEGNALETICA CARENTE, LE CRITICHE DI UN TURISTA NELLA LETTERA AI SINDACI<\/a><\/p><\/blockquote>\n<p><iframe loading=\"lazy\" class=\"wp-embedded-content\" sandbox=\"allow-scripts\" security=\"restricted\" style=\"position: absolute; clip: rect(1px, 1px, 1px, 1px);\" title=\"&#8220;CICLABILE DI ALLEGHE SEGNALETICA CARENTE, LE CRITICHE DI UN TURISTA NELLA LETTERA AI SINDACI&#8221; &#8212; Radio Pi\u00f9\" src=\"https:\/\/www.radiopiu.net\/wordpress\/ciclabile-di-alleghe-segnaletica-carente-le-critiche-di-un-turista-nella-lettera-ai-sindaci\/embed\/#?secret=lqPi7oWe2j\" data-secret=\"lqPi7oWe2j\" width=\"600\" height=\"338\" frameborder=\"0\" marginwidth=\"0\" marginheight=\"0\" scrolling=\"no\"><\/iframe><\/p>\n<blockquote>\n<h3>DAL NOTIZIARIO DEL 24 GIUGNO 2020<\/h3>\n<\/blockquote>\n<blockquote class=\"wp-embedded-content\" data-secret=\"FntIUin778\"><p><a href=\"https:\/\/www.radiopiu.net\/wordpress\/il-nero-dellasfalto-non-fa-per-la-ciclabile-da-alleghe-a-caprile\/\">IL NERO DELL&#8217;ASFALTO NON FA PER LA CICLABILE DA ALLEGHE A CAPRILE<\/a><\/p><\/blockquote>\n<p><iframe loading=\"lazy\" class=\"wp-embedded-content\" sandbox=\"allow-scripts\" security=\"restricted\" style=\"position: absolute; clip: rect(1px, 1px, 1px, 1px);\" title=\"&#8220;IL NERO DELL&#8217;ASFALTO NON FA PER LA CICLABILE DA ALLEGHE A CAPRILE&#8221; &#8212; Radio Pi\u00f9\" src=\"https:\/\/www.radiopiu.net\/wordpress\/il-nero-dellasfalto-non-fa-per-la-ciclabile-da-alleghe-a-caprile\/embed\/#?secret=FntIUin778\" data-secret=\"FntIUin778\" width=\"600\" height=\"338\" frameborder=\"0\" marginwidth=\"0\" marginheight=\"0\" scrolling=\"no\"><\/iframe><\/p>\n<p>&nbsp;<\/p>\n<p>&nbsp;<\/p>\n<p>&nbsp;<\/p>\n<p>&nbsp;<\/p>\n<hr \/>\n<blockquote>\n<h3><\/h3>\n<h3>COVID A SCUOLA, I DATI PROVINCIALI E REGIONALI<\/h3>\n<\/blockquote>\n<p><strong>VENEZIA<\/strong> Sono 26 le scuole bellunesi che contano almeno un contagio da covid, 39 gli alunni in quarantena, 8 i docenti. In Veneto 388 scuole, 2715 alunni e 333 docenti.\u00a0 Numero maggiore di contagi nella scuole di secondo grado (158 in Veneto), 77 alla primaria, 76 nella secondaria di primo grado, 59 alla scuola per l&#8217;infanzia, 11 all&#8217;asilo nido e 7 in altre strutture. Sono percentuali che variano dallo 0,03% all&#8217; 0,08%. Alla scuola per l&#8217;infanzia sono 793 i bimbi in quarantena (1,08%), nella secondaria di secondo grado 788 (0,34%), secondaria primo grado 457 (0,32%),\u00a0 primaria 539 (0,23%) asilo nido 85 (0,29%). In totale gli infetti tra i docenti sono 79 (0,08%)m 25 alla secondaria di secondo grado, 23 primaria, 16 infanzia, 11 scuola secondari. Sono 333 gli operatori in quarantena: 87 secondaria secondo grado, 77 scuola infanzia, 67 scuola secondaria primo grado, 66 scuola primaria, 20 scuole serali, 16 asilo nido.<\/p>\n<blockquote>\n<h3>COVID TRA I VIAGGIATORI<\/h3>\n<\/blockquote>\n<p>Provenienza: Bulgaria 8, Croazia 511, Grecia 148, Malta 17, Romania 305, Sardegna 612, Spagna 319, Francia 234, Categoria Badanti di rientro dall&#8217;estero 108, Lavoratori dall&#8217;estero 110, Stagionali agricoli dall&#8217;estero 113.<\/p>\n<p><strong>NELLE TABELLE IL MONITORAGGIO SCOLASTICO E IL MONITORAGGIO DEI VIAGGIATORI\u00a0<\/strong><\/p>\n<blockquote class=\"wp-embedded-content\" data-secret=\"i9TrKroNHo\"><p><a href=\"https:\/\/www.radiopiu.net\/wordpress\/ultimora-monitoraggio-scuola-viaggiatori\/\">MONITORAGGIO SCUOLA-VIAGGIATORI<\/a><\/p><\/blockquote>\n<p><iframe loading=\"lazy\" class=\"wp-embedded-content\" sandbox=\"allow-scripts\" security=\"restricted\" style=\"position: absolute; clip: rect(1px, 1px, 1px, 1px);\" title=\"&#8220;MONITORAGGIO SCUOLA-VIAGGIATORI&#8221; &#8212; Radio Pi\u00f9\" src=\"https:\/\/www.radiopiu.net\/wordpress\/ultimora-monitoraggio-scuola-viaggiatori\/embed\/#?secret=i9TrKroNHo\" data-secret=\"i9TrKroNHo\" width=\"600\" height=\"338\" frameborder=\"0\" marginwidth=\"0\" marginheight=\"0\" scrolling=\"no\"><\/iframe><\/p>\n<p>&nbsp;<\/p>\n<p>&nbsp;<\/p>\n<p>&nbsp;<\/p>\n<hr \/>\n<p>&nbsp;<\/p>\n<blockquote>\n<h3><a class=\"dt-pswp-item\" href=\"https:\/\/www.radiopiu.net\/wordpress\/wp-content\/uploads\/2020\/10\/44d8fd69-5467-4af1-a781-d373e7882e44.jpg\" data-dt-img-description=\"\" data-large_image_width=\"1600\" data-large_image_height=\"900\"><img loading=\"lazy\" decoding=\"async\" class=\" wp-image-166832 alignleft\" src=\"https:\/\/www.radiopiu.net\/wordpress\/wp-content\/uploads\/2020\/10\/44d8fd69-5467-4af1-a781-d373e7882e44-300x169.jpg\" alt=\"\" width=\"211\" height=\"119\" srcset=\"https:\/\/www.radiopiu.net\/wordpress\/wp-content\/uploads\/2020\/10\/44d8fd69-5467-4af1-a781-d373e7882e44-300x169.jpg 300w, https:\/\/www.radiopiu.net\/wordpress\/wp-content\/uploads\/2020\/10\/44d8fd69-5467-4af1-a781-d373e7882e44-1024x576.jpg 1024w, https:\/\/www.radiopiu.net\/wordpress\/wp-content\/uploads\/2020\/10\/44d8fd69-5467-4af1-a781-d373e7882e44-768x432.jpg 768w, https:\/\/www.radiopiu.net\/wordpress\/wp-content\/uploads\/2020\/10\/44d8fd69-5467-4af1-a781-d373e7882e44-1536x864.jpg 1536w, https:\/\/www.radiopiu.net\/wordpress\/wp-content\/uploads\/2020\/10\/44d8fd69-5467-4af1-a781-d373e7882e44.jpg 1600w\" sizes=\"auto, (max-width: 211px) 100vw, 211px\" \/><\/a>IL PIANO TRIENNALE DELLE OPERE PUBBLICHE 2021-2023, INVESTIMENTI PER QUASI 20 MILIONI DI EURO A PARTIRE DAL PROSSIMO ANNO.<\/h3>\n<\/blockquote>\n<p>&nbsp;<\/p>\n<p><strong>IL TESTAMENTO DI PAOLO PERENZIN, DI MORENO GIOLI<\/strong><\/p>\n<audio class=\"wp-audio-shortcode\" id=\"audio-166649-3\" preload=\"none\" style=\"width: 100%;\" controls=\"controls\"><source type=\"audio\/mpeg\" src=\"https:\/\/www.radiopiu.net\/wordpress\/wp-content\/uploads\/2020\/10\/GIOLI.mp3?_=3\" \/><a href=\"https:\/\/www.radiopiu.net\/wordpress\/wp-content\/uploads\/2020\/10\/GIOLI.mp3\">https:\/\/www.radiopiu.net\/wordpress\/wp-content\/uploads\/2020\/10\/GIOLI.mp3<\/a><\/audio>\n<p>&nbsp;<\/p>\n<p><strong> <a class=\"dt-pswp-item\" href=\"https:\/\/www.radiopiu.net\/wordpress\/wp-content\/uploads\/2020\/06\/94e3b68b-d386-4f94-8aa8-30105c25932b.jpg\" data-dt-img-description=\"\" data-large_image_width=\"960\" data-large_image_height=\"720\"><img loading=\"lazy\" decoding=\"async\" class=\" wp-image-145789 alignleft\" src=\"https:\/\/www.radiopiu.net\/wordpress\/wp-content\/uploads\/2020\/06\/94e3b68b-d386-4f94-8aa8-30105c25932b-300x225.jpg\" alt=\"\" width=\"184\" height=\"138\" srcset=\"https:\/\/www.radiopiu.net\/wordpress\/wp-content\/uploads\/2020\/06\/94e3b68b-d386-4f94-8aa8-30105c25932b-300x225.jpg 300w, https:\/\/www.radiopiu.net\/wordpress\/wp-content\/uploads\/2020\/06\/94e3b68b-d386-4f94-8aa8-30105c25932b-768x576.jpg 768w, https:\/\/www.radiopiu.net\/wordpress\/wp-content\/uploads\/2020\/06\/94e3b68b-d386-4f94-8aa8-30105c25932b.jpg 960w\" sizes=\"auto, (max-width: 184px) 100vw, 184px\" \/><\/a>FELTRE<\/strong> E&#8217; stato presentato il piano delle opere pubbliche per il triennio 21-23, \u00e8 stato altres\u00ec approvato dalla Giunta Comunale e dovr\u00e0 essere discusso in commissione entro il 31 dicembre prima della definitiva approvazione in consiglio comunale con il bilancio di previsione. Investimenti per 19,6 milioni di euro (6,7 nel 2021, 7,2 nel 2022 e 5,7 nel 2023). In principal modo gli investimenti interessano scuole, strade, messa in sicurezza del territorio e piste ciclabili<\/p>\n<p><strong>AI MICROFONI DI RADIO PIU L&#8217;ASSESSORE AI LAVORI PUBBLICI ADIS ZATTA<\/strong><\/p>\n<audio class=\"wp-audio-shortcode\" id=\"audio-166649-4\" preload=\"none\" style=\"width: 100%;\" controls=\"controls\"><source type=\"audio\/mpeg\" src=\"https:\/\/www.radiopiu.net\/wordpress\/wp-content\/uploads\/2020\/10\/ZATTA.mp3?_=4\" \/><a href=\"https:\/\/www.radiopiu.net\/wordpress\/wp-content\/uploads\/2020\/10\/ZATTA.mp3\">https:\/\/www.radiopiu.net\/wordpress\/wp-content\/uploads\/2020\/10\/ZATTA.mp3<\/a><\/audio>\n<p>&nbsp;<\/p>\n<p><a class=\"dt-pswp-item\" href=\"https:\/\/www.radiopiu.net\/wordpress\/wp-content\/uploads\/2020\/10\/449c93ea-3fdf-486a-a5ad-a0ff503f491d.jpg\" data-dt-img-description=\"\" data-large_image_width=\"947\" data-large_image_height=\"656\"><img loading=\"lazy\" decoding=\"async\" class=\"alignnone wp-image-166777 size-full\" src=\"https:\/\/www.radiopiu.net\/wordpress\/wp-content\/uploads\/2020\/10\/449c93ea-3fdf-486a-a5ad-a0ff503f491d.jpg\" alt=\"\" width=\"947\" height=\"656\" srcset=\"https:\/\/www.radiopiu.net\/wordpress\/wp-content\/uploads\/2020\/10\/449c93ea-3fdf-486a-a5ad-a0ff503f491d.jpg 947w, https:\/\/www.radiopiu.net\/wordpress\/wp-content\/uploads\/2020\/10\/449c93ea-3fdf-486a-a5ad-a0ff503f491d-300x208.jpg 300w, https:\/\/www.radiopiu.net\/wordpress\/wp-content\/uploads\/2020\/10\/449c93ea-3fdf-486a-a5ad-a0ff503f491d-768x532.jpg 768w\" sizes=\"auto, (max-width: 947px) 100vw, 947px\" \/><\/a><\/p>\n<p>&nbsp;<\/p>\n<p>&nbsp;<\/p>\n<p>&nbsp;<\/p>\n<hr \/>\n<p>&nbsp;<\/p>\n<p>&nbsp;<\/p>\n<p><span style=\"color: #ff0000;\">A PROPOSITO DI PRONTO SOCCORSO AD AGORDO, IL VIA AI LAVORI DA LUNEDI<\/span><\/p>\n<blockquote>\n<h3>notiziario 4 ottobre 2019 archivio radio piu APPROVATO IL PROGETTO DI RISTRUTTURAZIONE DEL PRONTO SOCCORSO DI AGORDO<\/h3>\n<\/blockquote>\n<p align=\"JUSTIFY\"><span style=\"font-family: Times New Roman, serif;\"><span style=\"font-size: medium;\"><span style=\"font-family: Calibri, sans-serif;\"><strong><a class=\"dt-pswp-item\" href=\"http:\/\/www.radiopiu.net\/wordpress\/wp-content\/uploads\/2019\/10\/rendering-nuovo-PS-Agordo.png\" data-dt-img-description=\"\" data-large_image_width=\"567\" data-large_image_height=\"732\"><img loading=\"lazy\" decoding=\"async\" class=\"size-medium wp-image-101201 alignleft\" src=\"http:\/\/www.radiopiu.net\/wordpress\/wp-content\/uploads\/2019\/10\/rendering-nuovo-PS-Agordo-232x300.png\" alt=\"\" width=\"232\" height=\"300\" srcset=\"https:\/\/www.radiopiu.net\/wordpress\/wp-content\/uploads\/2019\/10\/rendering-nuovo-PS-Agordo-232x300.png 232w, https:\/\/www.radiopiu.net\/wordpress\/wp-content\/uploads\/2019\/10\/rendering-nuovo-PS-Agordo.png 567w\" sizes=\"auto, (max-width: 232px) 100vw, 232px\" \/><\/a>BELLUNO.<\/strong> La direzione generale dell\u2019Ulss Dolomiti ha approvato il progetto di ristrutturazione e ampliamento del Pronto Soccorso di Agordo che complessivamente coster\u00e0 3 milioni di euro, 2,5 milioni a carico dei Comuni dell&#8217;Agordino con il progetto d&#8217;area vasta dei fondi dei Comuni Confinanti mentre le Regione interverr\u00e0 con gli altri 500 mila euro.\u00a0 Ora la parola passa alla Conferenza dei Servizi come preannunciato nel notiziario di ieri dal sindaco di Livinallongo del Col di Lana Leandro Grones citando la <\/span><\/span><\/span><span style=\"font-family: Times New Roman, serif;\"><span style=\"font-size: medium;\"><span style=\"font-family: Calibri, sans-serif;\">\u00a0convenzione firmata tra Ulss e Provincia di Belluno nel giugno scorso. <\/span><\/span><\/span><span style=\"font-family: Calibri, sans-serif;\"><span style=\"font-size: medium;\">La ristrutturazione e l\u2019ampliamento del Pronto Soccorso determina vantaggi strettamente legati all\u2019attivit\u00e0 sanitaria, quali il potenziamento dell\u2019assistenza territoriale, riorganizzazione della rete ospedaliera e il consolidamento della rete di emergenza-urgenza del territorio bellunese. <\/span><\/span><span style=\"font-family: Calibri, sans-serif;\"><span style=\"font-size: medium;\">I lavori consistono nell\u2019ampliamento della superficie dedicata al Pronto Soccorso, in interventi strutturali volti al miglioramento sismico dell\u2019Ospedale e nella messa a norma dal punto di vista impiantistico ed antincendio dell\u2019area oggetto d\u2019intervento situata al piano terra. <\/span><\/span><span style=\"font-size: medium; font-family: Calibri, sans-serif;\">In particolare, sar\u00e0 ristrutturata l\u2019attuale area interna del PS, sar\u00e0 costruita una nuova camera calda e saranno sistemate le aree esterne curando la viabilit\u00e0 e la sicurezza degli accessi. <\/span><span style=\"font-family: Times New Roman, serif;\"><span style=\"font-size: medium;\"><span style=\"font-family: Calibri, sans-serif;\">Nel dettaglio, saranno ristrutturati gli ambienti interni al volume ospedaliero, collocati nell\u2019ala sud-est del piano terra dell\u2019edificio C, per una superficie lorda complessiva di 740 mq lordi e sar\u00e0 costruita una nuova area esterna, corrisponde al volume esterno della camera calda e dei relativi spazi di supporto. <\/span><\/span><\/span><span style=\"font-family: Times New Roman, serif;\"><span style=\"font-size: medium;\"><span style=\"font-family: Calibri, sans-serif;\">Il volume si sviluppa su una superficie coperta di 325 mq lordi per l\u2019altezza di un solo piano. Il nuovo fabbricato sar\u00e0 articolato in tre volumi distinti: il primo a ridosso dell\u2019edificio conterr\u00e0 gli spazi di supporto e i necessari filtri d\u2019ingresso, il secondo, di forma trapezoidale, costituisce la camera calda vera e propria e presenter\u00e0 un lato smussato per consentire esternamente il passaggio dei mezzi di servizio attorno al fabbricato ed il terzo \u00e8 costituito dalla rimessa delle ambulanze. <\/span><\/span><\/span><span style=\"font-family: Times New Roman, serif;\"><span style=\"font-size: medium;\"><span style=\"font-family: Calibri, sans-serif;\">Per quanto riguarda le opere di miglioramento sismico \u00e8 prevista la realizzazione delle pareti antisimiche collocate all\u2019esterno del fabbricato. <\/span><\/span><\/span><span style=\"font-family: Times New Roman, serif;\"><span style=\"font-size: medium;\"><span style=\"font-family: Calibri, sans-serif;\">La strada carrabile esistente a doppio senso di marcia in salita verr\u00e0 integrata con <\/span><\/span><\/span><span style=\"font-family: Times New Roman, serif;\"><span style=\"font-size: medium;\"><span style=\"font-family: Calibri, sans-serif;\">un anello a senso unico di marcia che attraversa la camera calda. Saranno previsti sistemi ad aiuole\/marciapiedi per delimitare il transito dei pedoni e l\u2019area di manovra delle ambulanze davanti alla rimessa. <\/span><\/span><\/span><span style=\"font-family: Times New Roman, serif;\"><span style=\"font-size: medium;\"><span style=\"font-family: Calibri, sans-serif;\">Per la sistemazione esterna sar\u00e0 prevista la ripavimentazione del percorso pedonale di accesso alla camera calda per la sua immediata individuazione e saranno realizzati idonei attraversamenti stradali ad alta visibilit\u00e0 per l\u2019accesso in sicurezza al Pronto Soccorso. Sar\u00e0 mantenuta ed accuratamente delimitata l\u2019aiuola verde presente a ridosso del corpo di collegamento tra l\u2019Edificio C e il Padiglione B. Saranno invece rifatti la recinzione di delimitazione della scala esterna di accesso alla centrale elettrica ed il sistema di illuminazione del piazzale secondo il nuovo layout distributivo. <\/span><\/span><\/span><span style=\"font-family: Times New Roman, serif;\"><span style=\"font-size: medium;\"><span style=\"font-family: Calibri, sans-serif;\">Il progetto, approvato oggi dall\u2019Ulss Dolomiti, \u00e8 stato redatto dall\u2019arch. Marco Rizzoli per conto della societ\u00e0 capogruppo F&amp;M Ingegneria s.p.a., vincitrice della procedura di gara per i servizi di progettazione. <\/span><\/span><\/span><\/p>\n<blockquote>\n<p align=\"JUSTIFY\"><em><span style=\"font-family: Times New Roman, serif;\"><span style=\"font-size: medium;\"><span style=\"font-family: Calibri, sans-serif;\"><a class=\"dt-pswp-item\" href=\"http:\/\/www.radiopiu.net\/wordpress\/wp-content\/uploads\/2018\/07\/caldogno.jpg\" data-dt-img-description=\"\" data-large_image_width=\"297\" data-large_image_height=\"170\"><img loading=\"lazy\" decoding=\"async\" class=\"size-full wp-image-54939 alignleft\" src=\"http:\/\/www.radiopiu.net\/wordpress\/wp-content\/uploads\/2018\/07\/caldogno.jpg\" alt=\"\" width=\"297\" height=\"170\" \/><\/a>\u00abIl progetto di ampliamento e ristrutturazione dell\u2019Ospedale di Agordo mira a potenziare e consolidare il presidio, offrendo ai cittadini una struttura funzionale al territorio con maggiore confort e sicurezza per l\u2019utenza di un servizio nevralgico come il Pronto Soccorso\u00bb, spiega il Direttore Generale Adriano Rasi Caldogno, \u00abIl finanziamento di quest\u2019opere a servizio della comunit\u00e0 con i fondi delle aree di confine e il cofinanziamento della Regione Veneto sono una azione concreta per consolidare e potenziare i servizi sanitari della montagna\u00bb.<\/span><\/span><\/span><\/em><\/p>\n<\/blockquote>\n<p>&nbsp;<\/p>\n<p>&nbsp;<\/p>\n<p>&nbsp;<\/p>\n<hr \/>\n<p>&nbsp;<\/p>\n<blockquote>\n<h3>LA CURVA DEI POSITIVI S&#8217;ALZA, 500 IN PIU&#8217; AL GIORNO, PIU&#8217; DELLO SCORSO MARZO. LOCKDOWN LOCALI POSSIBILI, PARLA ZAIA<\/h3>\n<\/blockquote>\n<blockquote>\n<h2>LEGGI LA CONFERENZA STAMPA DI LUCA ZAIA<\/h2>\n<\/blockquote>\n<p><span style=\"color: #0000ff;\">NON CI PREOCCUPA IL 97% DEGLI ASITOMATICI, MA IL COLLASSO DELLA SANITA&#8217; CON LA NECESSITA&#8217;\u00a0 COVID HOSPITAL E LA CHIUSURA DI 6 OSPEDALI DELLA REGIONE. IL\u00a0 VENETO PUO&#8217; ARRIVARE NELLO SCENARIO DI DIFFICOLTA&#8217;? NON C&#8217;E&#8217; EMERGENZA OSPEDALIERA MA C&#8217;E&#8217; LA PRESSIONE, CI PREOCCUPA LA NON TUTELA DELLA SALUTE SENZA LA MASCHERINA, L&#8217;INQUIETUDINE CHE COLLASSINO LE TERAPIE INTENSIVE E I RICOVERI. AL MOMENTO NON VEDO L&#8217;OPPORTUNITA&#8217; DI FARE ULTERIORI PROVVEDIMENTI RESTRITTIVI SE NON INCENTIVARE IL CONTROLLO CONTRO I NEGAZIONISTI DELLA MASCHERINA.\u00a0<\/span><\/p>\n<p><em>Pronta la ri-edizione delle ordinanze precedenti seguendo le gi\u00e0 note linee guida. Se le ordinanze non vengono rinnovate i locali chiudono, dai ristoranti alle parrucchiere, a noi scadono e le rinnoviamo con il parere positivo della prevenzione. In pratica per aprire disattiviamo i Dpcm. Si ai mini lockdown, in Comelico ha funzionato. L&#8217;indice Rt non funziona, bisogna trovare altri parametri. Esempio: fino a che percentuale di copertura rispetto alle terapie intensive possiamo garantire il covid per dire che non siamo in Emergenza? Fino a quando \u00e8 semaforo arancione e non rosso rispetto ai ricoveri? Questi sono dati mai elaborati da Roma, forse ce li hanno ma non ce li danno anche se li ho chiesti a pi\u00f9 riprese. Oltre un certo limite di ricoveri dovremo riaprire i Covid Center danneggiando la normale erogazione dei servizi ospedalieri. Oggi semaforo sul verde (chiaro&#8230;.) ma se le cose peggiorano dovremo riaprire gli ospedali Covid. Nei trasporti, c&#8217;\u00e8 molta pressione sui treni.<\/em><\/p>\n<p>La curva dei positivi aumenta, al ritmo di 500 in piu&#8217; al giorno, a marzo erano meno ma molti di pi\u00f9 erano i ricoveri. Il 96% non ha sintomi e i positivi aumentano anche e soprattutto perch\u00e8 si fanno tanti tamponi, molti pi\u00f9 che a marzo.<br \/>\nSe il virus si diffonde \u00e8 perch\u00e9 non si porta la mascherina o si porta male lasciando fuori naso o bocca. La mascherina difende la nostra salute, quella degli altri e gli ospedali, c&#8217;\u00e8 poco da fare gli eroi non c&#8217;\u00e8 nessun businnes della mascherina Il controllo degli assembramenti \u00e8 fondamentale, preso rinnover\u00f2 le ordinanze in scadenza con riferimento alla norme note del distanziamento, gel igienizzante etc.\u00a0 Verso sera incontro con il Ministro Speranza, c&#8217;\u00e8 preoccupazione non c&#8217;\u00e8 dubbio.. L&#8217;et\u00e0 media dei positivi in Veneto \u00e8 scesa da 60-65 di febbraio-marzo-aprile ai 40-45i. Negli ospedali con 396 ricoverati la pressione \u00e8 evidente, il dato di degenza media \u00e8 pi\u00f9 basso della primavera e si attesa sui 7 giorni.. Nelle terapie intensive il 10% dei posti \u00e8 occupato da pazienti Covid. Nessuna emergenza sanitaria\u00a0 ma il\u00a0 virus si diffonde velocemente e gli ospedali vanno al collasso. Il vero problema del Covid \u00e8 che la sanit\u00e0 viene messa sotto sopra. Arrivare al lockdown sarebbe una sconfitta tra ospedali collassati e tanti morti. Servono aggiustamenti senza creare problemi ai cittadini, la mascherina non deve essere un feticcio da esorcizzare. Il viurs non prevede cure preventive, l&#8217;unico farmaco \u00e8 la mascherina e l&#8217;igiene delle mani. O si osservano le regole o finisce male.<br \/>\nCome la penso io? La situazione di oggi \u00e8 sopportabile, quella di domani non lo so: dipende dalla protezione individuale che noi portiamo. Gli amici non sono esenti dal virus quindi bisogna fare attenzione. <strong>Chiusura anticipata locali in Veneto?<\/strong> Siamo contrati al lockdown, uno chirurgico lo abbiamo fatto in Comelico chiudendo i locali, se ci sono dati epidemiologici importanti \u00e8 leggittimo pensare a queste soluzioni. Il lockdown di marzo era per la mancanza di conoscenza e di cure. Avremo lockdown differenti in base ai diversi contesti locali. La pensano come me anche gli altri governatori.<\/p>\n<p><strong>SCUOLA: 2315 STUDENTI IN ISOLAMENTO (QUARANTENA) LO 0,38% DEGLI OLTRE 7000 STUDENTI. 388 CASI CHE RAPPRESENTANO LO 0,08%. LA CAMPANIA NE HA OLTRE 8000 IN ISOLAMENTO.<\/strong><\/p>\n<p><span style=\"color: #ff0000;\"><strong>VENETO:\u00a0 388 SCUOLE CON ALMENO UN CASO,\u00a0 2715 BIMBI IN QUARANTENA, 333 DOCENTI IN QUARANTENA PREVENTIVA,\u00a0<\/strong><\/span><\/p>\n<p>Non ci sono le condizioni per chiusure. Ma\u00a0 si andr\u00e0 ad una didattica mista, alle turnazioni quantomeno per gli studenti delle superiori che non creano disagi ai genitori.\u00a0 Il tempo \u00e8 galantuomo, vedrete che andr\u00e0 a finire cos\u00ec, anche se la mia proposta dei giorni scorsi \u00e8 stata criticata.<\/p>\n<p><em>LA MOSTRA DEI DISEGNI DI BIMBI SI FARA&#8217;, UNA COSA GRANDE MA E&#8217; RISCHIOSO PROGRAMMARLA ORA &#8220;CO STI CIARI DE LUNA&#8221;. AVEVAMO GIA&#8217; MESSO DATE E LOCALITA&#8217; IN BEI POSTI (PALAZZO BEMBO A BELLUNO IL 2 APRILE) DA NOVEMBRE A MAGGIO IN PERIODO SCOLASTICO. E&#8217; CONGELATA, PRONTA MA CONGELATA.<\/em><\/p>\n<p>&nbsp;<\/p>\n<p>https:\/\/www.facebook.com\/zaiaufficiale\/videos\/2811876315711323<\/p>\n<p>&nbsp;<\/p>\n<hr \/>\n<p>&nbsp;<\/p>\n<blockquote class=\"wp-embedded-content\" data-secret=\"IcC9CvWboJ\"><p><a href=\"https:\/\/www.radiopiu.net\/wordpress\/i-grafici-della-regione-sulla-situazione-covid-19-ad-oggi\/\">I GRAFICI DELLA REGIONE SULLA SITUAZIONE COVID-19 AD OGGI<\/a><\/p><\/blockquote>\n<p><iframe loading=\"lazy\" class=\"wp-embedded-content\" sandbox=\"allow-scripts\" security=\"restricted\" style=\"position: absolute; clip: rect(1px, 1px, 1px, 1px);\" title=\"&#8220;I GRAFICI DELLA REGIONE SULLA SITUAZIONE COVID-19 AD OGGI&#8221; &#8212; Radio Pi\u00f9\" src=\"https:\/\/www.radiopiu.net\/wordpress\/i-grafici-della-regione-sulla-situazione-covid-19-ad-oggi\/embed\/#?secret=IcC9CvWboJ\" data-secret=\"IcC9CvWboJ\" width=\"600\" height=\"338\" frameborder=\"0\" marginwidth=\"0\" marginheight=\"0\" scrolling=\"no\"><\/iframe><\/p>\n<p>&nbsp;<\/p>\n<hr \/>\n<p>&nbsp;<\/p>\n<blockquote class=\"wp-embedded-content\" data-secret=\"C2OgDRfoSH\"><p><a href=\"https:\/\/www.radiopiu.net\/wordpress\/coronavirus-aggiornamento-nazionale-15-ottobre\/\">CORONAVIRUS: AGGIORNAMENTO NAZIONALE 15 OTTOBRE<\/a><\/p><\/blockquote>\n<p><iframe loading=\"lazy\" class=\"wp-embedded-content\" sandbox=\"allow-scripts\" security=\"restricted\" style=\"position: absolute; clip: rect(1px, 1px, 1px, 1px);\" title=\"&#8220;CORONAVIRUS: AGGIORNAMENTO NAZIONALE 15 OTTOBRE&#8221; &#8212; Radio Pi\u00f9\" src=\"https:\/\/www.radiopiu.net\/wordpress\/coronavirus-aggiornamento-nazionale-15-ottobre\/embed\/#?secret=C2OgDRfoSH\" data-secret=\"C2OgDRfoSH\" width=\"600\" height=\"338\" frameborder=\"0\" marginwidth=\"0\" marginheight=\"0\" scrolling=\"no\"><\/iframe><\/p>\n<p>&nbsp;<\/p>\n<hr \/>\n<h3><\/h3>\n<blockquote class=\"wp-embedded-content\" data-secret=\"W0ECnew0B4\"><p><a href=\"https:\/\/www.radiopiu.net\/wordpress\/https-wp-me-p63lo7-hiw\/\">611 POSITIVI IN 24 ORE, +62 A BELLUNO DOVE AUMENTANO I RICOVERI (+5), TRE I PAZIENTI IN TERAPIA INTENISIVA. OGGI IN VENETO 5 DECESSI, UNO A BELLUNO<\/a><\/p><\/blockquote>\n<p><iframe loading=\"lazy\" class=\"wp-embedded-content\" sandbox=\"allow-scripts\" security=\"restricted\" style=\"position: absolute; clip: rect(1px, 1px, 1px, 1px);\" title=\"&#8220;611 POSITIVI IN 24 ORE, +62 A BELLUNO DOVE AUMENTANO I RICOVERI (+5), TRE I PAZIENTI IN TERAPIA INTENISIVA. OGGI IN VENETO 5 DECESSI, UNO A BELLUNO&#8221; &#8212; Radio Pi\u00f9\" src=\"https:\/\/www.radiopiu.net\/wordpress\/https-wp-me-p63lo7-hiw\/embed\/#?secret=W0ECnew0B4\" data-secret=\"W0ECnew0B4\" width=\"600\" height=\"338\" frameborder=\"0\" marginwidth=\"0\" marginheight=\"0\" scrolling=\"no\"><\/iframe><\/p>\n<p>&nbsp;<\/p>\n<p><strong>I GRAFICI DI TIZIANO DE COL\u00a0<\/strong><\/p>\n<p><a class=\"dt-pswp-item\" href=\"https:\/\/www.radiopiu.net\/wordpress\/wp-content\/uploads\/2020\/10\/8096a86f-c376-40ce-89b6-e08d08869d40.jpg\" data-dt-img-description=\"\" data-large_image_width=\"793\" data-large_image_height=\"636\"><img loading=\"lazy\" decoding=\"async\" class=\"alignnone size-medium wp-image-166849\" src=\"https:\/\/www.radiopiu.net\/wordpress\/wp-content\/uploads\/2020\/10\/8096a86f-c376-40ce-89b6-e08d08869d40-300x241.jpg\" alt=\"\" width=\"300\" height=\"241\" srcset=\"https:\/\/www.radiopiu.net\/wordpress\/wp-content\/uploads\/2020\/10\/8096a86f-c376-40ce-89b6-e08d08869d40-300x241.jpg 300w, https:\/\/www.radiopiu.net\/wordpress\/wp-content\/uploads\/2020\/10\/8096a86f-c376-40ce-89b6-e08d08869d40-768x616.jpg 768w, https:\/\/www.radiopiu.net\/wordpress\/wp-content\/uploads\/2020\/10\/8096a86f-c376-40ce-89b6-e08d08869d40.jpg 793w\" sizes=\"auto, (max-width: 300px) 100vw, 300px\" \/><\/a><a class=\"dt-pswp-item\" href=\"https:\/\/www.radiopiu.net\/wordpress\/wp-content\/uploads\/2020\/10\/2693af9f-2433-4e49-a34f-36f9ac0223a3.jpg\" data-dt-img-description=\"\" data-large_image_width=\"480\" data-large_image_height=\"334\"><img loading=\"lazy\" decoding=\"async\" class=\"alignnone size-medium wp-image-166850\" src=\"https:\/\/www.radiopiu.net\/wordpress\/wp-content\/uploads\/2020\/10\/2693af9f-2433-4e49-a34f-36f9ac0223a3-300x209.jpg\" alt=\"\" width=\"300\" height=\"209\" srcset=\"https:\/\/www.radiopiu.net\/wordpress\/wp-content\/uploads\/2020\/10\/2693af9f-2433-4e49-a34f-36f9ac0223a3-300x209.jpg 300w, https:\/\/www.radiopiu.net\/wordpress\/wp-content\/uploads\/2020\/10\/2693af9f-2433-4e49-a34f-36f9ac0223a3.jpg 480w\" sizes=\"auto, (max-width: 300px) 100vw, 300px\" \/><\/a><\/p>\n<p>&nbsp;<\/p>\n<hr \/>\n<h3><\/h3>\n<p>&nbsp;<\/p>\n<p>&nbsp;<\/p>\n<blockquote>\n<h3>A PRIMAVERA LA MOSTRA DI DISEGNI ED ELABORATI DI GIOVANI E GIOVANISSIMI VENETI DURANTE IL LOCKDOWN.<\/h3>\n<\/blockquote>\n<p style=\"text-align: center;\"><em>800 disegni, 54 disegni-scultura, 13 sculture, 76 pensieri-messaggi. Da essi viene una testimonianza viva, un invito a condividere e rielaborare attraverso gli occhi dei bambini le emozioni vissute da tutti. <\/em><\/p>\n<p>&nbsp;<\/p>\n<p><strong>V<\/strong><strong>ENEZIA<\/strong><em> \u201c\u00c8 un impegno preso con tutti i giovani e giovanissimi che durante il lockdown hanno mandato i loro disegni o altri elaborati alla Regione. La mostra \u00e8 ormai pronta e la faremo a primavera, e coinvolger\u00e0 ogni provincia&#8221;. <\/em>Cos\u00ec il Presidente della Regione del Veneto Luca Zaia annuncia che con il nuovo anno uno dei primi appuntamenti culturali nella nostra Regione sar\u00e0 l\u2019esposizione delle opere realizzate dai giovanissimi durante la chiusura delle scuole a causa della pandemia. Opere di cui il Presidente ha gi\u00e0 dato in parte risalto durante il punto stampa quotidiano che ha tenuto regolarmente in quel periodo. Nel programma rinviato alla prossima primavera, la mostra avrebbe dovuto seguire il seguente percorso: Vicenza, Basilica Palladiana, dal 16 novembre al 4 dicembre; Venezia, M9 (Mestre), dall\u201911 dicembre al 1 gennaio; Treviso, Palazzo dei Trecento, dall\u20198 al 29 gennaio; Rovigo, Pescheria e Gran Guardia, dal 5 al 26 febbraio; Verona, Castelvecchio, dal 5 al 26 marzo;<strong> Belluno, Palazzo Bembo dal 2 al 23 aprile;<\/strong> Padova, Palazzo della Ragione, dal 30 aprile al 21 maggio; V\u00f2, Villa Contarini, dal 29 maggio al 18 giugno.<\/p>\n<h3><\/h3>\n<p>&nbsp;<\/p>\n<hr \/>\n<h3><\/h3>\n<p>&nbsp;<\/p>\n<blockquote>\n<h3>NUOVA PIAZZETTA DI CUGNAN, ECCO IL PROGETTO DEFINITIVO<\/h3>\n<\/blockquote>\n<p><em><span style=\"color: #000000; font-family: Helvetica;\">Sicurezza e funzionalit\u00e0: la comunit\u00e0 di Cugnan potr\u00e0 toccare presto con mano la sua nuova piazzetta. <\/span><\/em><\/p>\n<p><strong>PONTE NELLE ALP<\/strong>I Il consiglio comunale approva <span style=\"color: #000000; font-family: Helvetica;\">in via definitiva\u00a0 un progetto molto atteso: quello legato alla nuova piazzetta nella frazione di Cugnan.\u00a0 <\/span><em><span style=\"color: #000000; font-family: Helvetica;\">\u00ab\u00c8 stato deliberato il lavoro di bonifica, oltre alla sistemazione di un&#8217;area di propriet\u00e0 comunale &#8211; spiega il sindaco Paolo Vendramini &#8211; all&#8217;ingresso nord del paese, con un miglioramento del decoro urbanistico\u00bb.\u00a0 <\/span><\/em><span style=\"color: #000000; font-family: Helvetica;\">L<\/span><span style=\"color: #000000; font-family: Helvetica;\">&#8216;intervento si dirama in varie direzioni:\u00a0 dalla realizzazione dei parcheggi alla regimazione delle acque provenienti dai lotti di monte, fino alla pavimentazione dell&#8217;area, al posizionamento dell&#8217;arredo con tre punti luce e alla segnaletica verticale e orizzontale. L<\/span><span style=\"color: #000000; font-family: Helvetica;\">a spesa complessiva \u00e8 di circa 70mila euro, mentre l\u2019intitolazione sar\u00e0 condivisa con i frazionisti.\u00a0<\/span><\/p>\n<p><a class=\"dt-pswp-item\" href=\"https:\/\/www.radiopiu.net\/wordpress\/wp-content\/uploads\/2020\/10\/Cugnan_1.jpg\" data-dt-img-description=\"\" data-large_image_width=\"1024\" data-large_image_height=\"768\"><img loading=\"lazy\" decoding=\"async\" class=\"alignnone size-medium wp-image-166779\" src=\"https:\/\/www.radiopiu.net\/wordpress\/wp-content\/uploads\/2020\/10\/Cugnan_1-300x225.jpg\" alt=\"\" width=\"300\" height=\"225\" srcset=\"https:\/\/www.radiopiu.net\/wordpress\/wp-content\/uploads\/2020\/10\/Cugnan_1-300x225.jpg 300w, https:\/\/www.radiopiu.net\/wordpress\/wp-content\/uploads\/2020\/10\/Cugnan_1-768x576.jpg 768w, https:\/\/www.radiopiu.net\/wordpress\/wp-content\/uploads\/2020\/10\/Cugnan_1.jpg 1024w\" sizes=\"auto, (max-width: 300px) 100vw, 300px\" \/><\/a><a class=\"dt-pswp-item\" href=\"https:\/\/www.radiopiu.net\/wordpress\/wp-content\/uploads\/2020\/10\/Cugnan_2.jpg\" data-dt-img-description=\"\" data-large_image_width=\"1024\" data-large_image_height=\"768\"><img loading=\"lazy\" decoding=\"async\" class=\"alignnone size-medium wp-image-166780\" src=\"https:\/\/www.radiopiu.net\/wordpress\/wp-content\/uploads\/2020\/10\/Cugnan_2-300x225.jpg\" alt=\"\" width=\"300\" height=\"225\" srcset=\"https:\/\/www.radiopiu.net\/wordpress\/wp-content\/uploads\/2020\/10\/Cugnan_2-300x225.jpg 300w, https:\/\/www.radiopiu.net\/wordpress\/wp-content\/uploads\/2020\/10\/Cugnan_2-768x576.jpg 768w, https:\/\/www.radiopiu.net\/wordpress\/wp-content\/uploads\/2020\/10\/Cugnan_2.jpg 1024w\" sizes=\"auto, (max-width: 300px) 100vw, 300px\" \/><\/a><\/p>\n<h3><\/h3>\n<hr \/>\n<h3><\/h3>\n<p>&nbsp;<\/p>\n<blockquote>\n<h3>MINORITY SAFEPACK\u00a0\u00abTUTELA DELLE MINORANZE, ORA AGISCA LA COMMISSIONE\u00bb<\/h3>\n<\/blockquote>\n<p><strong>AI MICROFONI DI RADIO PI\u00d9 HERBERT DORFANN<\/strong><\/p>\n<audio class=\"wp-audio-shortcode\" id=\"audio-166649-5\" preload=\"none\" style=\"width: 100%;\" controls=\"controls\"><source type=\"audio\/mpeg\" src=\"https:\/\/www.radiopiu.net\/wordpress\/wp-content\/uploads\/2020\/10\/Herbert-Dorfmann-Audizione-Minority-SafePack.mp3?_=5\" \/><a href=\"https:\/\/www.radiopiu.net\/wordpress\/wp-content\/uploads\/2020\/10\/Herbert-Dorfmann-Audizione-Minority-SafePack.mp3\">https:\/\/www.radiopiu.net\/wordpress\/wp-content\/uploads\/2020\/10\/Herbert-Dorfmann-Audizione-Minority-SafePack.mp3<\/a><\/audio>\n<p>&nbsp;<\/p>\n<p>&nbsp;<\/p>\n<p><strong><a class=\"dt-pswp-item\" href=\"https:\/\/www.radiopiu.net\/wordpress\/wp-content\/uploads\/2019\/03\/Herbert-Dorfmann-1.jpg\" data-dt-img-description=\"\" data-large_image_width=\"2000\" data-large_image_height=\"1333\"><img loading=\"lazy\" decoding=\"async\" class=\"size-medium wp-image-79123 alignleft\" src=\"https:\/\/www.radiopiu.net\/wordpress\/wp-content\/uploads\/2019\/03\/Herbert-Dorfmann-1-300x200.jpg\" alt=\"\" width=\"300\" height=\"200\" srcset=\"https:\/\/www.radiopiu.net\/wordpress\/wp-content\/uploads\/2019\/03\/Herbert-Dorfmann-1-300x200.jpg 300w, https:\/\/www.radiopiu.net\/wordpress\/wp-content\/uploads\/2019\/03\/Herbert-Dorfmann-1-768x512.jpg 768w, https:\/\/www.radiopiu.net\/wordpress\/wp-content\/uploads\/2019\/03\/Herbert-Dorfmann-1-1024x682.jpg 1024w, https:\/\/www.radiopiu.net\/wordpress\/wp-content\/uploads\/2019\/03\/Herbert-Dorfmann-1.jpg 2000w\" sizes=\"auto, (max-width: 300px) 100vw, 300px\" \/><\/a>BRUXELLES \u00a0<\/strong>Si \u00e8 tenuta nella giornata di gioved\u00ec 15 ottobre la discussione in Parlamento Europeo del Minority SafePack, l&#8217;iniziativa sostenuta da oltre 1,3 milioni di cittadini europei per chiedere pi\u00f9 diritti e protezione per le minoranze etniche e linguistiche. Tra gli interventi, anche quello dell&#8217;europarlamentare Herbert Dorfmann che ha sottolineato come per la tutela della stessa Europa sia fondamentale la tutela delle minoranze, invitando la Commissione Europea ad agire. \u00a0\u00ab\u00c8 fondamentale concretizzare questa iniziativa portata avanti da milioni di cittadini europei e arrivare ad azioni che portino a una maggiore protezione delle minoranze etniche e linguistiche, &#8211; sottolinea Dorfmann &#8211; La Commissione Europea non pu\u00f2 pi\u00f9 evitare questo tema: deve finalmente riconoscere le minoranze perch\u00e9 \u00e8 proprio la diversit\u00e0 di lingue e culture che fa l\u2019Europa\u00bb. Va sottolineato come, tra le decine di minoranze sul territorio europee, figuri anche quella di lingua ladina, che nella Provincia di Belluno viene ufficialmente riconosciuta in ben 37 comuni: non \u00e8 quindi un caso se l&#8217;Italia risulta il terzo Paese membro, dopo Ungheria e Romania, per numero di firme raccolte a sostegno dell&#8217;iniziativa. \u00abDurante il dibattito, ho rimarcato le varie richieste dei promotori del Minority SafePack: la protezione e la promozione della diversit\u00e0 culturale e linguistica, l&#8217;ideazione di programmi a sostegno delle piccole comunit\u00e0 linguistiche, l\u2019istituzione di un centro per la diversit\u00e0 linguistica. &#8211; commenta Dorfmann &#8211; La protezione delle minoranze autoctone e la promozione della diversit\u00e0 culturale e linguistica devono essere inserite tra gli obiettivi da perseguire attraverso i fondi per lo sviluppo regionale; le minoranze che abitano il nostro continente costituiscono un valore aggiunto, va stimolata la ricerca a riguardo\u00bb. Al termine dell\u2019audizione, il Parlamento Europeo ha redatto una risoluzione, che sar\u00e0 successivamente discussa e votata in assemblea plenaria. Spetter\u00e0 infine alla Commissione Europea avanzare una proposta che permetta di tradurre in legge lo spirito del Minority SafePack. La raccolta firme a sostegno del Minority SafePack \u00e8 stata avviata nell\u2019aprile 2018; in poco pi\u00f9 di un mese, sono state raccolte 1,3 milioni di firme, ben oltre il milione richiesto. Le sottoscrizioni dovevano arrivare da almeno sette Paesi membri, e ne sono stati coinvolti undici (Romania, Ungheria, Spagna, Slovacchia, Danimarca, Bulgaria, Lituania, Croazia, Lettonia e Italia). A gennaio 2020 le firme sono state registrate presso la Commissione Europea; il Parlamento Europeo avrebbe dovuto organizzare entro sei mesi da quella data un&#8217;audizione pubblica. Inizialmente prevista per il 23 marzo, \u00e8 poi slittata alla giornata del 15 ottobre, a seguito dell&#8217;emergenza Coronavirus.<\/p>\n<p>&nbsp;<\/p>\n<p>&nbsp;<\/p>\n<p>&nbsp;<\/p>\n<hr \/>\n<p>&nbsp;<\/p>\n<blockquote>\n<h3>LUNEDI NUOVO INCONTRO SUL PAT. FOCUS SU INFRASTRUTTURE E MOBILIT\u00c0<\/h3>\n<\/blockquote>\n<p><strong><a class=\"dt-pswp-item\" href=\"https:\/\/www.radiopiu.net\/wordpress\/wp-content\/uploads\/2020\/04\/PIAZZA-MARTIRI-BELLUNO.jpg\" data-dt-img-description=\"\" data-large_image_width=\"550\" data-large_image_height=\"388\"><img loading=\"lazy\" decoding=\"async\" class=\"size-medium wp-image-130647 alignleft\" src=\"https:\/\/www.radiopiu.net\/wordpress\/wp-content\/uploads\/2020\/04\/PIAZZA-MARTIRI-BELLUNO-300x212.jpg\" alt=\"\" width=\"300\" height=\"212\" srcset=\"https:\/\/www.radiopiu.net\/wordpress\/wp-content\/uploads\/2020\/04\/PIAZZA-MARTIRI-BELLUNO-300x212.jpg 300w, https:\/\/www.radiopiu.net\/wordpress\/wp-content\/uploads\/2020\/04\/PIAZZA-MARTIRI-BELLUNO.jpg 550w\" sizes=\"auto, (max-width: 300px) 100vw, 300px\" \/><\/a>BELLUNO\u00a0<\/strong>Si svolger\u00e0 luned\u00ec 19 ottobre dalle 17 alle 19 in Sala Bianchi in Viale Fantuzzi il secondo incontro seminariale di approfondimento dei temi trattati dal nuovo Piano di Assetto del Territorio; viste le restrizioni legate all\u2019emergenza sanitaria, verr\u00e0 adottata la modalit\u00e0 mista di frequenza gi\u00e0 sperimentata con la prima riunione (frontale limitata a 34 posti e da remoto mediante la piattaforma Zoom con ID riunione: 857 5180 0038 Passcode: 884885). Si affronteranno i temi delle infrastrutture, intese nella loro accezione pi\u00f9 ampia (ferroviaria, stradale, ciclabile), della sosta, della mobilit\u00e0 in genere, del trasporto pubblico locale.\u00a0Sar\u00e0 un\u2019ulteriore occasione per illustrare lo stato di avanzamento delle indagini in corso di svolgimento da parte del team di professionisti incaricati della redazione del nuovo strumento urbanistico, ma anche un\u2019opportunit\u00e0 di ascolto e di confronto con i portatori di interessi diffusi.\u00a0Il ciclo di seminari di approfondimento proseguir\u00e0 per tutto il mese di novembre per chiudersi a fine anno e giungere cos\u00ec ad una prima bozza di PAT a inizio 2021.Si ricorda che la registrazione video dell\u2019incontro del 1 ottobre \u00e8 disponibile nel canale YouTube del Comune di Belluno e che nel sito ufficiale del Comune, nella sezione urbanistica-edilizia &#8211; nuovo PAT, \u00e8 stato inserito un quaderno riassuntivo della prima serata, intitolata<a href=\"http:\/\/edilizia.comune.belluno.it\/files\/2020\/10\/Quaderno_1.pdf\"> \u201cIl Ruolo di Belluno nel quadro della Provincia e della montagna Veneta\u201d<\/a>.<\/p>\n<p>&nbsp;<\/p>\n<p>&nbsp;<\/p>\n<hr \/>\n<p>&nbsp;<\/p>\n<blockquote>\n<h3>BILANCIO ED ALIENAZIONE DI TERRENI NEL CONSIGLIO COMUNALE<\/h3>\n<\/blockquote>\n<p><strong>CANALE D&#8217;AGORDO<\/strong> Giovedi alle 20.05 (dopo che avranno suonato le campane delle 20) consiglio comunale a porte chiuse in sala Musal. All&#8217;ordine del giorno: variazione al bilancio, criteri per il riconoscimento dei compensi al personale dipendente per le attivit\u00e0 di rilevazione, bilancio di previsione e istanza di alienazione di alcuni terreni d&#8217;uso civico in localit\u00e0 La Sota.<\/p>\n<p>&nbsp;<\/p>\n<p>&nbsp;<\/p>\n<hr \/>\n<p>&nbsp;<\/p>\n<p>&nbsp;<\/p>\n<blockquote>\n<h3>CONCLUSO IL PROGETTO DI SOLIDARIETA&#8217; YES<\/h3>\n<\/blockquote>\n<p><a class=\"dt-pswp-item\" href=\"https:\/\/www.radiopiu.net\/wordpress\/wp-content\/uploads\/2020\/10\/61048386_2539462306078206_4718058872151998464.jpg\" data-dt-img-description=\"\" data-large_image_width=\"1020\" data-large_image_height=\"663\"><img loading=\"lazy\" decoding=\"async\" class=\"size-medium wp-image-166800 alignleft\" src=\"https:\/\/www.radiopiu.net\/wordpress\/wp-content\/uploads\/2020\/10\/61048386_2539462306078206_4718058872151998464-300x195.jpg\" alt=\"\" width=\"300\" height=\"195\" srcset=\"https:\/\/www.radiopiu.net\/wordpress\/wp-content\/uploads\/2020\/10\/61048386_2539462306078206_4718058872151998464-300x195.jpg 300w, https:\/\/www.radiopiu.net\/wordpress\/wp-content\/uploads\/2020\/10\/61048386_2539462306078206_4718058872151998464-768x499.jpg 768w, https:\/\/www.radiopiu.net\/wordpress\/wp-content\/uploads\/2020\/10\/61048386_2539462306078206_4718058872151998464.jpg 1020w\" sizes=\"auto, (max-width: 300px) 100vw, 300px\" \/><\/a><strong>FELTRE<\/strong> <span style=\"color: #000000;\"><span style=\"font-family: Helvetica, serif;\"><span style=\"font-size: small;\"><span lang=\"it-IT\">Nonostante la pandemia mondiale e il lockdown si \u00e8 concluso con successo il progetto Yes,\u00a0 acronimo per \u201cYouth for Environment and Sustainability\u201d, promosso dai giovani del gruppo informale \u201cSustainable Vibes\u201d e finanziato da Agenzia Nazionale per i Giovani nell\u2019ambito del programma European Solidarity Corps. <\/span><\/span><\/span><\/span><span style=\"color: #000000;\"><span style=\"font-family: Helvetica, serif;\"><span style=\"font-size: small;\"><span lang=\"it-IT\">Un progetto\u00a0 proposto dal gruppo di\u00a0 feltrini, nato con l\u2019obietto primario di sensibilizzare le giovani generazioni sui temi dello sviluppo sostenibile, tramite l\u2019implementazione di un percorso formativo e di volontariato attivo di educazione alla sostenibilit<\/span><span lang=\"fr-FR\">\u00e0<\/span><span lang=\"it-IT\">. <\/span><\/span><\/span><\/span><span style=\"color: #000000;\"><span style=\"font-family: Helvetica, serif;\"><span style=\"font-size: small;\"><span lang=\"it-IT\">I giovani hanno\u00a0 avuto la possibilit\u00e0 di sperimentare,\u00a0 in veste di docenti e di facilitatori,\u00a0 laboratori sia in presenza che on line, tutti aperti ai giovani del territorio e incentrati su: impronta ecologica, cambiamenti climatici, raccolta differenziata, educazione alimentare, energie rinnovabili, mobilit<\/span><span lang=\"fr-FR\">\u00e0 <\/span><span lang=\"it-IT\">sostenibile. Parallelamente\u00a0 alle attivit<\/span><span lang=\"fr-FR\">\u00e0 <\/span><span lang=\"it-IT\">didattiche sono state organizzato delle esperienze di volontariato attivo: giornate ecologiche di pulizia del territorio, ma anche workshop su riciclo creativo ed escursioni outdoor<\/span><span lang=\"it-IT\">.<\/span><\/span><\/span><\/span><\/p>\n<p>&nbsp;<\/p>\n<p>&nbsp;<\/p>\n<hr \/>\n<blockquote>\n<h3>PROGETTO CARBON NEUTRAL BELLUNO<\/h3>\n<\/blockquote>\n<p><strong>BELLUNO<\/strong> Martedi alle 12 in sala Piloni sede dell&#8217;amministrazione provinciale, sar\u00e0 presentato alla stampa il progetto CaN Be<\/p>\n<p>&nbsp;<\/p>\n<hr \/>\n<h3><\/h3>\n<p>&nbsp;<\/p>\n<blockquote>\n<h3>PRESENTAZIONE DELL&#8217;INIZIATIVA CERCA IL TUO AVO CON L&#8217;ASSOCIAZIONE BELLUNESI NEL MONDO<\/h3>\n<\/blockquote>\n<p><strong> <a class=\"dt-pswp-item\" href=\"https:\/\/www.radiopiu.net\/wordpress\/wp-content\/uploads\/2017\/03\/ABM.jpg\" data-dt-img-description=\"\" data-large_image_width=\"162\" data-large_image_height=\"162\"><img loading=\"lazy\" decoding=\"async\" class=\"size-full wp-image-30093 alignleft\" src=\"https:\/\/www.radiopiu.net\/wordpress\/wp-content\/uploads\/2017\/03\/ABM.jpg\" alt=\"\" width=\"162\" height=\"162\" \/><\/a>BELLUNO<\/strong>\u00a0 Oggi alle 11 presso la sede dell&#8217;Associazione Bellunesi nel Mondo \u00a0presentazione del nuovo archivio digitale &#8220;Cerca il tuo avo&#8221; del Centro Studi sulle Migrazioni &#8220;Aletheia&#8221;. Nel database sono state riversate le informazioni contenute in alcuni registri parrocchiali della provincia di Belluno. Navigando tra i campi, si potr\u00e0 conoscere data e luogo di nascita dei propri avi, oltre al registro parrocchiale di riferimento. In alcuni casi sono presenti anche informazioni sulle rotte migratorie: spostamenti, viaggio per mare ed eventuali familiari al seguito. Saranno altres\u00ec illustrati i dati elaborati da una ricerca di Luisa Carniel riferita a 2542 bellunesi emigrati, dalla fine dell&#8217;Ottocento agli inizi del Novecento, in Brasile; dati che sono gi\u00e0 stati caricati nel database.<\/p>\n<p>&nbsp;<\/p>\n<p>&nbsp;<\/p>\n<hr \/>\n<h3><\/h3>\n<p>&nbsp;<\/p>\n<blockquote>\n<h3>SI PRESENTA LA BELLUNO SCHOOL RUN<\/h3>\n<\/blockquote>\n<p><strong>BELLUNO<\/strong> Oggi alle\u00a0 11.30 allo stand della manifestazione presente in Piazza dei Martiri conferenza stampa di presentazione della Belluno School Run 2020.<br \/>\nSaranno presenti il Sindaco Jacopo Massaro, l\u2019organizzatore e vicepresidente di Run &amp; Fun Oltre Team Giangiacomo Nicolini, il presidente di Run &amp; Fun Oltre Team Andrea Bortolomei.<\/p>\n<p>&nbsp;<\/p>\n<p>&nbsp;<\/p>\n<hr \/>\n<blockquote>\n<h3><\/h3>\n<h3>AI SOCI DELLA FAMIGLIA EX-EMIGRANTI AGORDINI<\/h3>\n<\/blockquote>\n<p><strong>CENCENIGHE<\/strong> La Presidente Lucia De Toffol Macutan\u00a0 rende noto a tutti i soci che a causa della pandemia Covid 19, tutte le manifestazioni in programma per il corrente anno 2020 sono state rinviate al prossimo anno 2021. Pertanto anche il consueto \u201cporta a porta\u201d per il rinnovo dell\u2019abbonamento al mensile \u201cBellunesi nel mondo\u201d per l\u2019anno 2021 non verr\u00e0 effettuato. <em>&#8220;Per questo &#8211; dice la presidente &#8211;\u00a0 chiedo cortesemente ai soci di voler sottoscrivere la quota di\u00a0 30 euro\u00a0 tramite il bollettino di conto corrente postale inserito nel mensile dell\u2019Associazione<\/em>&#8220;.<\/p>\n<p>&nbsp;<\/p>\n<p>&nbsp;<\/p>\n<hr \/>\n<blockquote>\n<h3><\/h3>\n<h3>DOLOMITI EMERGENCY ONLUS, GIOVED\u00cc 29 OTTOBRE ASSEMBLEA DEI SOCI<\/h3>\n<\/blockquote>\n<p><strong><a class=\"dt-pswp-item\" href=\"https:\/\/www.radiopiu.net\/wordpress\/wp-content\/uploads\/2016\/05\/dolomiti-emergency1.jpg\" data-dt-img-description=\"\" data-large_image_width=\"611\" data-large_image_height=\"297\"><img loading=\"lazy\" decoding=\"async\" class=\"size-medium wp-image-19271 alignleft\" src=\"https:\/\/www.radiopiu.net\/wordpress\/wp-content\/uploads\/2016\/05\/dolomiti-emergency1-300x146.jpg\" alt=\"\" width=\"300\" height=\"146\" \/><\/a>BELLUNO\u00a0<\/strong>\u00c8 convocata per gioved\u00ec 29 ottobre l\u2019assemblea ordinaria dei soci di Dolomiti Emergency Onlus, l\u2019associazione di volontariato che ha come scopo quello di sostenere e migliorare il modello di soccorso e intervento di emergenza in montagna. Appuntamento alle 18.30 nella sala Teatro del Centro Giovanni XXIII di Belluno (alle 12 in prima convocazione presso la sede amministrativa di Dolomiti Emergency).\u00a0All\u2019ordine del giorno ci sono l\u2019approvazione del verbale dell&#8217;assemblea precedente; la relazione della presidente Laura Menegus; gli interventi del dottor Giovanni Cipolotti, ex direttore della Scuola di formazione \u201cFalco\u201d, e del dottor Mauro Fantinel, direttore della Scuola di formazione di rianimazione cardiopolmonare. Durante l\u2019assemblea prender\u00e0 la parola anche il nuovo primario del Suem 118, il dottor Giulio Trill\u00f2, e sar\u00e0 nominato il nuovo direttore della Scuola di formazione \u201cFalco\u201d.\u00a0Si proceder\u00e0 poi con l\u2019approvazione del bilancio consuntivo 2019 e del previsionale 2020, oltre che con la nomina di un nuovo componente del Consiglio direttivo e di un membro del Collegio dei revisori.<\/p>\n<p>&nbsp;<\/p>\n<p>&nbsp;<\/p>\n<hr \/>\n<p>&nbsp;<\/p>\n<div>\n<div>\n<div>\n<div>\n<div>\n<div>\n<div>\n<div>\n<div>\n<div>\n<div>\n<div>\n<div>\n<div>\n<div>\n<div>\n<div>\n<div>\n<div>\n<div>\n<div>\n<div>\n<div>\n<div>\n<div>\n<div>\n<div>\n<blockquote>\n<h3>LA ULSS1 DOLOMITI CERCA INFERMIERI IN LIBERA PROFESSIONE<\/h3>\n<\/blockquote>\n<\/div>\n<\/div>\n<\/div>\n<\/div>\n<\/div>\n<\/div>\n<\/div>\n<\/div>\n<\/div>\n<\/div>\n<\/div>\n<\/div>\n<\/div>\n<\/div>\n<\/div>\n<\/div>\n<\/div>\n<\/div>\n<\/div>\n<\/div>\n<\/div>\n<\/div>\n<\/div>\n<\/div>\n<\/div>\n<\/div>\n<\/div>\n<p><strong>BELLUNO <\/strong>Nell\u2019ambito delle azioni per fronteggiare l\u2019emergenza COVID, l\u2019Ulss Dolomiti ricorda che \u00e8 aperto un bando per la formazione di elenchi di infermieri disponibili ad assumere incarichi di natura libero professionale. I requisiti richiesti sono la laurea infermieristica e l\u2019iscrizione all\u2019abo. Per gli infermieri in pensione, grazie alla collaborazione con l\u2019Ordine, \u00e8 prevista una procedura semplificata per l\u2019iscrizione all\u2019albo. Per qualsiasi informazione \u00e8 possibile contattare la Segreteria amministrativa al numero 0437 30466 o mandare una mail a segreteria@opibelluno.it<\/p>\n<p>&nbsp;<\/p>\n<p>&nbsp;<\/p>\n<hr \/>\n<p>&nbsp;<\/p>\n<blockquote>\n<h3>ITS MECCATRONICO, NUOVO ROUND DI SELEZIONI IL 22 OTTOBRE<\/h3>\n<\/blockquote>\n<p><strong>BELLUNO<\/strong> Una borsa di studio per ogni studente dell\u2019ITS Meccatronico: \u00e8 questo l\u2019impegno del Gruppo Giovani di Confindustria Belluno Dolomiti a pochi giorni dalle nuove selezioni in programma il 22 ottobre a Belluno. Le iscrizioni per il corso \u201cTecnico superiore per l\u2019automazione e i sistemi meccatronici\u201d sono ancora aperte e la Fondazione ITS-Academy Meccatronico del Veneto sta raccogliendo adesioni da tutto il territorio non solo bellunese. L\u2019ITS meccatronico (ITS sta per Istituto Tecnico Superiore) \u00e8 un corso post-maturit\u00e0, biennale, che prevede duemila ore di formazione &#8211; di queste 1200 in aula, 800 in azienda &#8211; e rivolto a tutte le persone con diploma di scuola secondaria di secondo grado, studenti, inoccupati, disoccupati. Per tutte le informazioni sulle selezioni del 22 ottobre a Belluno e le preiscrizioni contattare www.itsmeccatr<\/p>\n<p>&nbsp;<\/p>\n<p>&nbsp;<\/p>\n<hr \/>\n<p>&nbsp;<\/p>\n<blockquote>\n<h3>TORNANO LE GIORNATE FAI D\u2019AUTUNNO. CONFERENZE E VISITE ALLA SCOPERTA DI PALAZZO ROSSO E PALAZZO PILONI CON I VOLONTARI FAI<\/h3>\n<\/blockquote>\n<p><strong><a class=\"dt-pswp-item\" href=\"https:\/\/www.radiopiu.net\/wordpress\/wp-content\/uploads\/2019\/02\/palazzo_piloni_belluno.jpg\" data-dt-img-description=\"\" data-large_image_width=\"1000\" data-large_image_height=\"667\"><img loading=\"lazy\" decoding=\"async\" class=\"size-medium wp-image-77618 alignleft\" src=\"https:\/\/www.radiopiu.net\/wordpress\/wp-content\/uploads\/2019\/02\/palazzo_piloni_belluno-300x200.jpg\" alt=\"\" width=\"300\" height=\"200\" srcset=\"https:\/\/www.radiopiu.net\/wordpress\/wp-content\/uploads\/2019\/02\/palazzo_piloni_belluno-300x200.jpg 300w, https:\/\/www.radiopiu.net\/wordpress\/wp-content\/uploads\/2019\/02\/palazzo_piloni_belluno-768x512.jpg 768w, https:\/\/www.radiopiu.net\/wordpress\/wp-content\/uploads\/2019\/02\/palazzo_piloni_belluno.jpg 1000w\" sizes=\"auto, (max-width: 300px) 100vw, 300px\" \/><\/a>BELLUNO <\/strong>Dopo il successo delle Giornate all\u2019aperto dello scorso giugno, torna il tradizionale appuntamento delle Giornate d\u2019Autunno che il Fondo Ambiente Italiano organizza per promuovere la valorizzazione, la tutela e il recupero del ricco patrimonio d\u2019arte e natura del nostro territorio nazionale. Il Fai propone un evento su prenotazione consigliata\u00a0per la prima volta in due weekend e non in uno (il 17-18 e il 24-25 ottobre), per fare in modo che quanta pi\u00f9 gente possa godere della bellezza e dell\u2019offerta culturale. \u00c8 fortemente consigliato prenotare la visita sul sito <a href=\"https:\/\/www.giornatefai.it\/\">www.giornatefai.i<\/a><\/p>\n<p>&nbsp;<\/p>\n<p>&nbsp;<\/p>\n<p>&nbsp;<\/p>\n<hr \/>\n<p>&nbsp;<\/p>\n<blockquote>\n<h3>NUOVI CORSI PER OPERATORE SOCIO SANITARIO: PRESELEZIONE SPOSTATA AL 22 OTTOBRE<\/h3>\n<\/blockquote>\n<p><strong>BELLUNO <\/strong>C\u2019\u00e8 ancora qualche giorno di tempo per iscriversi ai nuovi percorsi Oss 2020-2021. La preselezione, infatti, \u00e8 stata spostata in avanti, al 22 ottobre.\u00a0Sono sette i corsi in programma, per 210 posti a disposizione. Un numero funzionale a coprire il fabbisogno di queste figure professionali per l\u2019immediato futuro, dato che secondo le stime della Regione Veneto da qui ai prossimi due anni ne serviranno 350 nella sola provincia di Belluno.\u00a0Sono previsti tre cicli. A copertura dei costi di organizzazione, intervengono Provincia (con un finanziamento di 35mila euro) e Consorzio Bim. A sostegno invece dei corsisti ci sar\u00e0 l\u2019intervento del Rotary Club Belluno.\u00a0Per partecipare ai corsi \u00e8 necessario avere assolto al diritto dovere all\u2019istruzione e formazione professionale ai sensi della normativa vigente, oppure il compimento del 18\u00b0 anno di et\u00e0 alla data di iscrizione e il titolo di licenza media. Possono partecipare ai percorsi formativi anche i cittadini stranieri, ma devono possedere il certificato di competenza linguistica rilasciato da enti certificatori, almeno di livello B1. I corsi sono accessibili sia alle persone disoccupate che agli occupati.\u00a0Informazioni dettagliate all\u2019indirizzo mail ambito.belluno@venetolavoro.it.<\/p>\n<p>&nbsp;<\/p>\n<p>&nbsp;<\/p>\n<hr \/>\n<p>&nbsp;<\/p>\n<blockquote>\n<h3>IN PROGRAMMA L\u2019ASSEMBLEA ORDINARIA DELL\u2019ASSOCIAZIONE PETTIROSSO AGORDINO<\/h3>\n<\/blockquote>\n<p><strong class=\"photoswipe-wrapper\"><a class=\"dt-pswp-item pspw-wrap-ready\" href=\"https:\/\/i2.wp.com\/www.radiopiu.net\/wordpress\/wp-content\/uploads\/2016\/03\/cucc-pettirosso-15.jpg?ssl=1\" data-dt-img-description=\"\" data-large_image_width=\"400\" data-large_image_height=\"200\"><img loading=\"lazy\" decoding=\"async\" class=\" wp-image-17194 alignleft\" src=\"https:\/\/i2.wp.com\/www.radiopiu.net\/wordpress\/wp-content\/uploads\/2016\/03\/cucc-pettirosso-15.jpg?resize=234%2C117&amp;ssl=1\" sizes=\"auto, (max-width: 234px) 100vw, 234px\" srcset=\"https:\/\/i2.wp.com\/www.radiopiu.net\/wordpress\/wp-content\/uploads\/2016\/03\/cucc-pettirosso-15.jpg?resize=300%2C150&amp;ssl=1 300w, https:\/\/i2.wp.com\/www.radiopiu.net\/wordpress\/wp-content\/uploads\/2016\/03\/cucc-pettirosso-15.jpg?w=400&amp;ssl=1 400w\" alt=\"\" width=\"234\" height=\"117\" data-recalc-dims=\"1\" \/><\/a>AGORDO<\/strong> \u00c8 in programma per marted\u00ec 20 ottobre l\u2019assemblea ordinaria dell\u2019Associazione Pettirosso Agordino presso la sala Don Tamis dell\u2019Unione Montana ad Agordo. 5 punti all\u2019ordine del giorno. La ratifica del consiglio direttivo di ammissione nuovi soci, relazione esercizio sociale dell\u2019anno 2019, presentazione e approvazione del bilancio 2019, presentazione e approvazione del bilancio preventivo 2020, varie ed eventuali.<\/p>\n<p>&nbsp;<\/p>\n<p>&nbsp;<\/p>\n<hr \/>\n<p>&nbsp;<\/p>\n<p>&nbsp;<\/p>\n<blockquote>\n<h3>LA APP MUNICIPIUM ATTIVA ANCHE A SELVA DI CADORE<\/h3>\n<\/blockquote>\n<p><strong><a class=\"dt-pswp-item\" href=\"https:\/\/www.radiopiu.net\/wordpress\/wp-content\/uploads\/2020\/10\/download-12.jpg\" data-dt-img-description=\"\" data-large_image_width=\"305\" data-large_image_height=\"165\"><img loading=\"lazy\" decoding=\"async\" class=\" wp-image-166783 alignleft\" src=\"https:\/\/www.radiopiu.net\/wordpress\/wp-content\/uploads\/2020\/10\/download-12-300x162.jpg\" alt=\"\" width=\"159\" height=\"86\" srcset=\"https:\/\/www.radiopiu.net\/wordpress\/wp-content\/uploads\/2020\/10\/download-12-300x162.jpg 300w, https:\/\/www.radiopiu.net\/wordpress\/wp-content\/uploads\/2020\/10\/download-12.jpg 305w\" sizes=\"auto, (max-width: 159px) 100vw, 159px\" \/><\/a>SELVA DI CADORE<\/strong> Dopo i comuni di Taibon e Agordo, anche il comune di Selva di Cadore aderisce alla App Municipium. Una app che tiene aggiornato il cittadino su tutte le informazioni riguardanti il comune di appartenenza. Basta scaricare l&#8217;applicazione sul proprio smartphone dallo store di riferimento (Android o iOS)<\/p>\n<p>&nbsp;<\/p>\n<p>&nbsp;<\/p>\n<hr \/>\n<p>&nbsp;<\/p>\n<blockquote>\n<h3>II BACINI DEL ROVA E DEL TEGOSA I PUNTI CRITICI DEL TERRITORIO<\/h3>\n<\/blockquote>\n<div class=\"_1aa6\">\n<div><strong>di RENATO BONA<\/strong><\/div>\n<div><\/div>\n<div><span class=\"_5yl5\"><strong>BELLUNO\u00a0<\/strong> Furono evidenziati nell\u2019Agordino da un monitoraggio del 2001 a cura della Fondazione Giovanni Angelini nell\u2019ambito del Progetto Interreg\u00a0 I bacini del torrente Rova di Framont e del torrente Tegosa sono stati monitorati dalla Fondazione Giovanni Angelini centro studi sulla montagna nell\u2019ambito del Progetto Interreg II che riguarda il controllo dei versanti alpini. In proposito \u00e8 stato stampato nel 2001, da Gierre grafica di Caselle di Sommacampagna in provincia di Verona un libretto con il prezioso contributo di V. Fenti, C. Lasen, M. Masini e G.B. Pellegrini, dove sono esposti i punti critici, la rilevazione fotografica, gli indicatori, la banca dati, il controllo periodico, l\u2019analisi del rischio e, infine, le schede di monitoraggio. I bacini idrografici del Rova e del Tegosa \u2013 si ricorda nell\u2019introduzione \u2013 sono sottobacini del torrente Cordevole e del torrente Biois, entrambi in territorio agordino. La loro estensione \u00e8 relativamente ridotta e le caratteristiche geologiche, morfologiche, climatiche ed antropiche sono tali da poterli definire dei territori alpini particolarmente esposti alle calamit\u00e0 naturali, che nella fattispecie sono rappresentate dal rischio idrogeologico. La loro storia del resto evidenzia questa vulnerabilit\u00e0 \u201cche ha raggiunto il suo massimo con la grande alluvione del novembre 1966\u201d quando \u201cingenti furono i danni economici ed i costi sociali. Nella stessa Falcade, a pochi chilometri dal bacino del Tegosa, vi furono 11 morti\u201d. I curatori della ricerca sul territorio puntualizzano quindi: \u201cIn tutto l\u2019Agordino furono distrutte abitazioni, interrotte le vie di comunicazione, l\u2019acqua potabile non fu disponibile per giorni, le fognature, la corrente elettrica e le telecomunicazioni furono messe fuori uso ed i primi soccorsi giunsero soltanto a piedi, per opera dei volontari delle valli limitrofe (non meno disastrate dall\u2019alluvione). Numerosi furono i senza tetto in una stagione che volgeva verso il gelido inverno\u201d. Detto che l\u2019uomo ha da sempre fatto i conti con questa realt\u00e0 nel corso dei secoli, sviluppando una particolare sensibilit\u00e0 nei confronti della cura del territorio che le attivit\u00e0 agricole, silvo-pastorali e minerarie ponevano come unica risorsa per il sostentamento della popolazione, viene lamentato il fatto che \u201cNegli ultimi decenni la societ\u00e0 si \u00e8 rapidamente4 sviluppata e modificata. L\u2019industria ed il turismo hanno assunto ruolo centrale dell\u2019economia. Nel primo caso il territorio montano \u00e8 diventato una sorta di ostacolo allo sviluppo dei trasporti, mentre nel secondo caso l\u2019ambiente \u00e8 stato preso d\u2019assalto per la pratica delle attivit\u00e0 turistiche estive ed invernali\u201d. A ci\u00f2 &#8211; si legge ancora &#8211; \u00e8 seguita una minore cura del territorio che \u00e8 stata delegata alle istituzioni attraverso l\u2019impiego dei tecnici. Un sistema poco efficace sia per l\u2019insufficienza delle risorse sia per l\u2019eccessiva politicizzazione e burocratizzazione degli interventi. In sintesi \u00e8 venuto a mancare quel capillare monitoraggio che era garantito dal contadino e dal montanaro. Cos\u00ec che \u201cin poche generazioni la gente ha perso quella percezione del rischio, che le permetteva di interpretare i segnali della natura e di comprendere l\u2019evolversi dei fenomeni troppo spesso disastrosi\u201d. La conclusione: \u201cL\u2019obiettivo principale di questo manuale \u00e8 quello di consentire a chiunque lo voglia (giovani delle scuole, operatori del Cai, volontari della Protezione civile ed altri, di riappropriarsi di quella capacit\u00e0 perduta di saper leggere i segnali di cambiamento del territorio\u201d. Quindi la pubblicazione precisa, sotto il titolo generale \u201cIl metodo\u201d la procedura adottata, articolata nell\u2019individuazione dei punti critici significativi; la rilevazione fotografica; la descrizione dei punti critici attraverso alcuni indicatori riportati in una scheda di rilevamento: la creazione di una banca dati:il periodico aggiornamento delle schede e della stessa banca dati attraverso periodici sopralluoghi; l\u2019analisi comparativa dei dati al fine di individuare segnali di evoluzione dei versanti e di possibile aumento del rischio. Una spiegazione sui punti critici: \u201cQuelli individuati sono in numero limitato per ogni bacino. Ci\u00f2 non vuol dire che siano soltanto queste le zone fonte di pericolo per il territorio e che l\u2019analisi del rischio si limiti al controllo di tali aree. Infatti le valutazioni complessive sull\u2019evoluzione dei versanti vengono effettuate integrando pi\u00f9 metodologie, facenti parte dell\u2019intero Progetto Interreg II\u201d.<\/span><\/div>\n<\/div>\n<div>\n\n\t\t\t<style type='text\/css'>\n\t\t\t\t#gallery-4 {\n\t\t\t\t\tmargin: auto;\n\t\t\t\t}\n\t\t\t\t#gallery-4 .gallery-item {\n\t\t\t\t\tfloat: left;\n\t\t\t\t\tmargin-top: 10px;\n\t\t\t\t\ttext-align: center;\n\t\t\t\t\twidth: 16%;\n\t\t\t\t}\n\t\t\t\t#gallery-4 img {\n\t\t\t\t\tborder: 2px solid #cfcfcf;\n\t\t\t\t}\n\t\t\t\t#gallery-4 .gallery-caption {\n\t\t\t\t\tmargin-left: 0;\n\t\t\t\t}\n\t\t\t\t\/* see gallery_shortcode() in wp-includes\/media.php *\/\n\t\t\t<\/style>\n\t\t<div id='gallery-4' class='dt-gallery-container gallery galleryid-166649 gallery-columns-6 gallery-size-thumbnail'><dl class='gallery-item'>\n\t\t\t\t<dt class='gallery-icon portrait'>\n\t\t\t\t\t<a class=\"rollover rollover-zoom dt-pswp-item\" title=\"121711023_1055649311546677_8976813147686199675_n[1]\" data-dt-img-description=\"\" data-large_image_width=\"676\" data-large_image_height=\"960\"href='https:\/\/www.radiopiu.net\/wordpress\/wp-content\/uploads\/2020\/10\/121711023_1055649311546677_8976813147686199675_n1.jpg'><img loading=\"lazy\" decoding=\"async\" width=\"150\" height=\"150\" src=\"https:\/\/www.radiopiu.net\/wordpress\/wp-content\/uploads\/2020\/10\/121711023_1055649311546677_8976813147686199675_n1-150x150.jpg\" class=\"attachment-thumbnail size-thumbnail\" alt=\"\" \/><\/a>\n\t\t\t\t<\/dt><\/dl><dl class='gallery-item'>\n\t\t\t\t<dt class='gallery-icon landscape'>\n\t\t\t\t\t<a class=\"rollover rollover-zoom dt-pswp-item\" title=\"121702659_1490663717810817_6954206319734225757_n[1]\" data-dt-img-description=\"\" data-large_image_width=\"2048\" data-large_image_height=\"1361\"href='https:\/\/www.radiopiu.net\/wordpress\/wp-content\/uploads\/2020\/10\/121702659_1490663717810817_6954206319734225757_n1.jpg'><img loading=\"lazy\" decoding=\"async\" width=\"150\" height=\"150\" src=\"https:\/\/www.radiopiu.net\/wordpress\/wp-content\/uploads\/2020\/10\/121702659_1490663717810817_6954206319734225757_n1-150x150.jpg\" class=\"attachment-thumbnail size-thumbnail\" alt=\"\" \/><\/a>\n\t\t\t\t<\/dt><\/dl><dl class='gallery-item'>\n\t\t\t\t<dt class='gallery-icon landscape'>\n\t\t\t\t\t<a class=\"rollover rollover-zoom dt-pswp-item\" title=\"121787889_652868262037068_3152666215018424089_n[2]\" data-dt-img-description=\"\" data-large_image_width=\"2048\" data-large_image_height=\"1342\"href='https:\/\/www.radiopiu.net\/wordpress\/wp-content\/uploads\/2020\/10\/121787889_652868262037068_3152666215018424089_n2.jpg'><img loading=\"lazy\" decoding=\"async\" width=\"150\" height=\"150\" src=\"https:\/\/www.radiopiu.net\/wordpress\/wp-content\/uploads\/2020\/10\/121787889_652868262037068_3152666215018424089_n2-150x150.jpg\" class=\"attachment-thumbnail size-thumbnail\" alt=\"\" \/><\/a>\n\t\t\t\t<\/dt><\/dl><dl class='gallery-item'>\n\t\t\t\t<dt class='gallery-icon landscape'>\n\t\t\t\t\t<a class=\"rollover rollover-zoom dt-pswp-item\" title=\"121271745_786719575230119_558472144718324528_n[1]\" data-dt-img-description=\"\" data-large_image_width=\"2048\" data-large_image_height=\"1338\"href='https:\/\/www.radiopiu.net\/wordpress\/wp-content\/uploads\/2020\/10\/121271745_786719575230119_558472144718324528_n1.jpg'><img loading=\"lazy\" decoding=\"async\" width=\"150\" height=\"150\" src=\"https:\/\/www.radiopiu.net\/wordpress\/wp-content\/uploads\/2020\/10\/121271745_786719575230119_558472144718324528_n1-150x150.jpg\" class=\"attachment-thumbnail size-thumbnail\" alt=\"\" \/><\/a>\n\t\t\t\t<\/dt><\/dl><dl class='gallery-item'>\n\t\t\t\t<dt class='gallery-icon landscape'>\n\t\t\t\t\t<a class=\"rollover rollover-zoom dt-pswp-item\" title=\"122039593_2419641855004585_8809004348949642306_n[1]\" data-dt-img-description=\"\" data-large_image_width=\"2048\" data-large_image_height=\"1372\"href='https:\/\/www.radiopiu.net\/wordpress\/wp-content\/uploads\/2020\/10\/122039593_2419641855004585_8809004348949642306_n1.jpg'><img loading=\"lazy\" decoding=\"async\" width=\"150\" height=\"150\" src=\"https:\/\/www.radiopiu.net\/wordpress\/wp-content\/uploads\/2020\/10\/122039593_2419641855004585_8809004348949642306_n1-150x150.jpg\" class=\"attachment-thumbnail size-thumbnail\" alt=\"\" \/><\/a>\n\t\t\t\t<\/dt><\/dl><dl class='gallery-item'>\n\t\t\t\t<dt class='gallery-icon landscape'>\n\t\t\t\t\t<a class=\"rollover rollover-zoom dt-pswp-item\" title=\"121785188_972035716541308_7651152924624211956_n[2]\" data-dt-img-description=\"\" data-large_image_width=\"2048\" data-large_image_height=\"1403\"href='https:\/\/www.radiopiu.net\/wordpress\/wp-content\/uploads\/2020\/10\/121785188_972035716541308_7651152924624211956_n2.jpg'><img loading=\"lazy\" decoding=\"async\" width=\"150\" height=\"150\" src=\"https:\/\/www.radiopiu.net\/wordpress\/wp-content\/uploads\/2020\/10\/121785188_972035716541308_7651152924624211956_n2-150x150.jpg\" class=\"attachment-thumbnail size-thumbnail\" alt=\"\" \/><\/a>\n\t\t\t\t<\/dt><\/dl><br style=\"clear: both\" \/><dl class='gallery-item'>\n\t\t\t\t<dt class='gallery-icon landscape'>\n\t\t\t\t\t<a class=\"rollover rollover-zoom dt-pswp-item\" title=\"121711023_366918624554754_6407404246516765462_n[1]\" data-dt-img-description=\"\" data-large_image_width=\"960\" data-large_image_height=\"905\"href='https:\/\/www.radiopiu.net\/wordpress\/wp-content\/uploads\/2020\/10\/121711023_366918624554754_6407404246516765462_n1.jpg'><img loading=\"lazy\" decoding=\"async\" width=\"150\" height=\"150\" src=\"https:\/\/www.radiopiu.net\/wordpress\/wp-content\/uploads\/2020\/10\/121711023_366918624554754_6407404246516765462_n1-150x150.jpg\" class=\"attachment-thumbnail size-thumbnail\" alt=\"\" \/><\/a>\n\t\t\t\t<\/dt><\/dl><dl class='gallery-item'>\n\t\t\t\t<dt class='gallery-icon landscape'>\n\t\t\t\t\t<a class=\"rollover rollover-zoom dt-pswp-item\" title=\"122031110_381595006292729_3553886756246993935_n[1]\" data-dt-img-description=\"\" data-large_image_width=\"2048\" data-large_image_height=\"1353\"href='https:\/\/www.radiopiu.net\/wordpress\/wp-content\/uploads\/2020\/10\/122031110_381595006292729_3553886756246993935_n1.jpg'><img loading=\"lazy\" decoding=\"async\" width=\"150\" height=\"150\" src=\"https:\/\/www.radiopiu.net\/wordpress\/wp-content\/uploads\/2020\/10\/122031110_381595006292729_3553886756246993935_n1-150x150.jpg\" class=\"attachment-thumbnail size-thumbnail\" alt=\"\" \/><\/a>\n\t\t\t\t<\/dt><\/dl><dl class='gallery-item'>\n\t\t\t\t<dt class='gallery-icon landscape'>\n\t\t\t\t\t<a class=\"rollover rollover-zoom dt-pswp-item\" title=\"121612787_755756991671603_1049861433064936234_n[1]\" data-dt-img-description=\"\" data-large_image_width=\"2048\" data-large_image_height=\"1382\"href='https:\/\/www.radiopiu.net\/wordpress\/wp-content\/uploads\/2020\/10\/121612787_755756991671603_1049861433064936234_n1.jpg'><img loading=\"lazy\" decoding=\"async\" width=\"150\" height=\"150\" src=\"https:\/\/www.radiopiu.net\/wordpress\/wp-content\/uploads\/2020\/10\/121612787_755756991671603_1049861433064936234_n1-150x150.jpg\" class=\"attachment-thumbnail size-thumbnail\" alt=\"\" \/><\/a>\n\t\t\t\t<\/dt><\/dl><dl class='gallery-item'>\n\t\t\t\t<dt class='gallery-icon landscape'>\n\t\t\t\t\t<a class=\"rollover rollover-zoom dt-pswp-item\" title=\"121827346_999970717183262_4283575660681409053_n[1]\" data-dt-img-description=\"\" data-large_image_width=\"2048\" data-large_image_height=\"1417\"href='https:\/\/www.radiopiu.net\/wordpress\/wp-content\/uploads\/2020\/10\/121827346_999970717183262_4283575660681409053_n1.jpg'><img loading=\"lazy\" decoding=\"async\" width=\"150\" height=\"150\" src=\"https:\/\/www.radiopiu.net\/wordpress\/wp-content\/uploads\/2020\/10\/121827346_999970717183262_4283575660681409053_n1-150x150.jpg\" class=\"attachment-thumbnail size-thumbnail\" alt=\"\" \/><\/a>\n\t\t\t\t<\/dt><\/dl><dl class='gallery-item'>\n\t\t\t\t<dt class='gallery-icon landscape'>\n\t\t\t\t\t<a class=\"rollover rollover-zoom dt-pswp-item\" title=\"121797824_364520371410796_6672467525244331507_n[1]\" data-dt-img-description=\"\" data-large_image_width=\"2048\" data-large_image_height=\"1350\"href='https:\/\/www.radiopiu.net\/wordpress\/wp-content\/uploads\/2020\/10\/121797824_364520371410796_6672467525244331507_n1.jpg'><img loading=\"lazy\" decoding=\"async\" width=\"150\" height=\"150\" src=\"https:\/\/www.radiopiu.net\/wordpress\/wp-content\/uploads\/2020\/10\/121797824_364520371410796_6672467525244331507_n1-150x150.jpg\" class=\"attachment-thumbnail size-thumbnail\" alt=\"\" \/><\/a>\n\t\t\t\t<\/dt><\/dl><dl class='gallery-item'>\n\t\t\t\t<dt class='gallery-icon landscape'>\n\t\t\t\t\t<a class=\"rollover rollover-zoom dt-pswp-item\" title=\"121738197_841775923258167_6973466645284665187_n[1]\" data-dt-img-description=\"\" data-large_image_width=\"2048\" data-large_image_height=\"1305\"href='https:\/\/www.radiopiu.net\/wordpress\/wp-content\/uploads\/2020\/10\/121738197_841775923258167_6973466645284665187_n1.jpg'><img loading=\"lazy\" decoding=\"async\" width=\"150\" height=\"150\" src=\"https:\/\/www.radiopiu.net\/wordpress\/wp-content\/uploads\/2020\/10\/121738197_841775923258167_6973466645284665187_n1-150x150.jpg\" class=\"attachment-thumbnail size-thumbnail\" alt=\"\" \/><\/a>\n\t\t\t\t<\/dt><\/dl><br style=\"clear: both\" \/><dl class='gallery-item'>\n\t\t\t\t<dt class='gallery-icon landscape'>\n\t\t\t\t\t<a class=\"rollover rollover-zoom dt-pswp-item\" title=\"121770269_638767063452242_5319555936028732760_n[1]\" data-dt-img-description=\"\" data-large_image_width=\"2048\" data-large_image_height=\"1351\"href='https:\/\/www.radiopiu.net\/wordpress\/wp-content\/uploads\/2020\/10\/121770269_638767063452242_5319555936028732760_n1.jpg'><img loading=\"lazy\" decoding=\"async\" width=\"150\" height=\"150\" src=\"https:\/\/www.radiopiu.net\/wordpress\/wp-content\/uploads\/2020\/10\/121770269_638767063452242_5319555936028732760_n1-150x150.jpg\" class=\"attachment-thumbnail size-thumbnail\" alt=\"\" \/><\/a>\n\t\t\t\t<\/dt><\/dl>\n\t\t\t\t<br style='clear: both' \/>\n\t\t\t<\/div>\n\n<\/div>\n<div class=\"_1aa6\">\n<div><span class=\"_5yl5\"> NELLE FOTO (riproduzioni dalla pubblicazione \u201cMonitoraggio dei punti critici del territorio\u201d): la copertina del manuale curato dalla bellunese Fondazione Giovanni Angelini; a sud-ovest di Case Nagol, a quota 665; la localit\u00e0 Case Nagol lungo la strada presso il Crocefisso; chiusura del bacino a quota 754, dal ponte verso monte; sezione di chiusura del bacino; sezione dalla spalla sinistra del ponte; lungo l\u2019alveo a Rova di Framont a quota 1180; altra immagine ripresa alla base della briglia inferiore sulla sinistra del torrente; Rio dei Casoni tra Val Piana e Fraide, a quota 1320; localit\u00e0 Fraide a quota 1475; localit\u00e0 Pian de Feder a quota 1530 dall\u2019alveo del torrente; tra Colmean e Feder a quota 1244 dal ponte contiguo; la localit\u00e0 Val de Rif, a quota 1150, dall\u2019alveo del Rif.<\/span><\/div>\n<\/div>\n<p>&nbsp;<\/p>\n<p>&nbsp;<\/p>\n<p>&nbsp;<\/p>\n<hr \/>\n<blockquote>\n<h2><\/h2>\n<h2>DILLO A RADIO PIU&#8217;&#8230; il mio modesto parere da cittadino sulla questione Nevegal<\/h2>\n<\/blockquote>\n<p><strong>Riceviamo a volentieri pubblichiamo un contributo sulla vicenda Nevegal a firma di Giuseppe Cancemi di Belluno<\/strong><\/p>\n<blockquote><p><em><img loading=\"lazy\" decoding=\"async\" class=\"alignleft\" src=\"https:\/\/www.radiopiu.net\/wordpress\/wp-content\/uploads\/2019\/09\/nevegal-visentin-nogherazza.jpg\" width=\"184\" height=\"137\" \/><\/em><strong>BELLUNO<\/strong> <em>Premesso che tutti vorremmo un Nevegal risorto o comunque in grado di continuare con le proprie <\/em><em>forze, ma non \u00e8 difficile comprendere che siamo fuori da ogni ragionevole aspettativa. Qualche <\/em><em>tempo fa, gi\u00e0 si pronosticava un turismo bianco da un futuro nero per le quote pi\u00f9 basse dell\u2019arco <\/em><em>alpino. A tutti, dovrebbe essere noto che sulle Alpi, al di sotto dei 2000 metri, sempre con meno neve, non \u00e8 pi\u00f9 possibile sciare con piste naturalmente innevate. I cambiamenti climatici fanno sentire il loro effetto e molti comprensori, sappiamo, ne soffrono le conseguenze. La gestione degli impianti ha costi non pi\u00f9 sostenibili da tempo. La stagione sciistica si \u00e8 accorciata, e per necessit\u00e0 di sopravvivenza degli operatori in servizio, si \u00e8 arrivati ad aperture di stagione ritardate ma con piste dove compare anche l\u2019erba. Gradatamente, si \u00e8 passati verso un pi\u00f9 diffuso innevamento artificiale sostenuto da cannoni sparaneve che economicamente aggravano il mantenimento dell\u2019impianto. La questione Nevegal \u00e8 politica, e non pu\u00f2 essere affrontata in termini demagogici o superficiali, perch\u00e9 \u00e8 un problema economico, prima di tutto con riflessi sulla vita delle persone: chi vi lavora. Tutti si prodigano per il Nevegal (a parole) ma non mi sembra che alcuno abbia presentato, per la sua continuazione nella gestione degli impianti, uno straccio di \u201cbusiness plan\u201d. In semplici parole, quell\u2019idea imprenditoriale che riesce a spiegare una fattibilit\u00e0 nella continuazione che sia competitiva e sostenibile. Purtroppo, si discute da anni come se fosse un fatto a s\u00e9 stante e non come tema di interesse territoriale per Belluno. Tutto tra l\u2019altro avviene, tralasciando quello che \u00e8 l\u2019impasse principale: il cambiamento climatico di questi ultimi anni. La recessione del 2007, oltre al cambiamento climatico, \u00e8 il punto d\u2019inizio della crisi che avrebbe colpito i comprensori sciistici. L\u2019OCSE (Organizzazione Cooperazione Sviluppo Economico) in una sua ricerca, se ne occupa facendo notare che per il mantenimento di un comprensorio occorre un innevamento della durata di 100 giorni all\u2019anno e un\u2019altezza della neve di almeno 30 centimetri. Altro dato non trascurabile nella complessiva crisi determinata dal clima in montagna, riguarda la temperatura media, la quale per ogni grado in pi\u00f9 fa alzare il livello sciabile di 300 metri. E\u2019 un fatto, che per i comprensori sciistici sono in atto un certo numero di chiusure verso fondo valle di chi dichiara fallimento e di altri che fanno proposte di salvataggio con ricorso ai fondi pubblici. Volere ancora insistere nella priorit\u00e0 turistica delle piste da sci, pu\u00f2 sembrare pi\u00f9 un \u201caccanimento terapeutico\u201d che non altro. La montagna ha tanto da dare e non testardamente per forza un\u2019offerta turistica in perdita puntando <\/em><em>quasi esclusivamente su un\u2019attivit\u00e0 monocorde. In tempi di transizione sarebbe bene riprendere con <\/em><em>maggiore orgoglio le offerte di eccellenza che offre la natura dei luoghi. Insomma non sarebbe poi <\/em><em>cos\u00ec difficile orientarsi verso approcci di pi\u00f9 basso impatto ambientale. Vengono in mente: l\u2019accoglienza, l\u2019ospitalit\u00e0, la vendita di prodotti locali e i servizi per il tempo libero per la bellezza dei luoghi. E il territorio di Belluno, di risorse come quelle accennate, ne ha di primati da offrire.<\/em><\/p><\/blockquote>\n<p>&nbsp;<\/p>\n<p>&nbsp;<\/p>\n<p>&nbsp;<\/p>\n<blockquote class=\"wp-embedded-content\" data-secret=\"fJCQuwr2oI\"><p><a href=\"https:\/\/www.radiopiu.net\/wordpress\/occhiali-smarriti-a-taibon-agordino\/\">OCCHIALI SMARRITI A TAIBON AGORDINO<\/a><\/p><\/blockquote>\n<p><iframe loading=\"lazy\" class=\"wp-embedded-content\" sandbox=\"allow-scripts\" security=\"restricted\" style=\"position: absolute; clip: rect(1px, 1px, 1px, 1px);\" title=\"&#8220;OCCHIALI SMARRITI A TAIBON AGORDINO&#8221; &#8212; Radio Pi\u00f9\" src=\"https:\/\/www.radiopiu.net\/wordpress\/occhiali-smarriti-a-taibon-agordino\/embed\/#?secret=fJCQuwr2oI\" data-secret=\"fJCQuwr2oI\" width=\"600\" height=\"338\" frameborder=\"0\" marginwidth=\"0\" marginheight=\"0\" scrolling=\"no\"><\/iframe><\/p>\n<p>&nbsp;<\/p>\n<p>&nbsp;<\/p>\n<p>&nbsp;<\/p>\n<p><a class=\"dt-pswp-item\" href=\"https:\/\/www.radiopiu.net\/wordpress\/wp-content\/uploads\/2018\/09\/appuntamenti.jpeg\" data-dt-img-description=\"\" data-large_image_width=\"800\" data-large_image_height=\"100\"><img loading=\"lazy\" decoding=\"async\" class=\"aligncenter wp-image-61958 size-full\" src=\"https:\/\/www.radiopiu.net\/wordpress\/wp-content\/uploads\/2018\/09\/appuntamenti.jpeg\" alt=\"\" width=\"800\" height=\"100\" srcset=\"https:\/\/www.radiopiu.net\/wordpress\/wp-content\/uploads\/2018\/09\/appuntamenti.jpeg 800w, https:\/\/www.radiopiu.net\/wordpress\/wp-content\/uploads\/2018\/09\/appuntamenti-300x38.jpeg 300w, https:\/\/www.radiopiu.net\/wordpress\/wp-content\/uploads\/2018\/09\/appuntamenti-768x96.jpeg 768w\" sizes=\"auto, (max-width: 800px) 100vw, 800px\" \/><\/a><\/p>\n<p>&nbsp;<\/p>\n<p><strong>BELLUNO<\/strong>\u00a0 Oggi con CammiNaturalmente escursione sui Coi de Pera. E\u2019 stato tracciato un itinerario che incontra un maestoso patriarca arboreo, uno di pi\u00f9 grandi tigli del Bellunese, inserito in un contesto paesaggisticamente e panoramicamente suggestivo, con spunti di carattere geologico e antropico.\u00a0 Sar\u00e0 la meta dell&#8217;escursione, contenuta nel programma cammiNATURAlmente dell\u2019Associazione Culturale Centro Upm (Un Punto Macrobiotico) di Belluno, che sta riscuotendo un notevole interesse e partecipazione. Percorso facile su stradina e mulattiera di circa 2,5 km. Dislivello ca 150m. Ritrovo alle 14.30 in p\/le Resistenza. Partecipazione limitata a 20 persone \u2013 Iscrizione obbligatoria presso Un Noce, in via Barozzi 18 o al tel 351 5468735 o a belluno1@centroupm.it \u2013 Info 340 8769665 (Anacleto)<\/p>\n\n\t\t\t<style type='text\/css'>\n\t\t\t\t#gallery-5 {\n\t\t\t\t\tmargin: auto;\n\t\t\t\t}\n\t\t\t\t#gallery-5 .gallery-item {\n\t\t\t\t\tfloat: left;\n\t\t\t\t\tmargin-top: 10px;\n\t\t\t\t\ttext-align: center;\n\t\t\t\t\twidth: 33%;\n\t\t\t\t}\n\t\t\t\t#gallery-5 img {\n\t\t\t\t\tborder: 2px solid #cfcfcf;\n\t\t\t\t}\n\t\t\t\t#gallery-5 .gallery-caption {\n\t\t\t\t\tmargin-left: 0;\n\t\t\t\t}\n\t\t\t\t\/* see gallery_shortcode() in wp-includes\/media.php *\/\n\t\t\t<\/style>\n\t\t<div id='gallery-5' class='dt-gallery-container gallery galleryid-166649 gallery-columns-3 gallery-size-thumbnail'><dl class='gallery-item'>\n\t\t\t\t<dt class='gallery-icon landscape'>\n\t\t\t\t\t<a class=\"rollover\" href='https:\/\/www.radiopiu.net\/wordpress\/giornale-radiopiu-13-ottobre-2020-direttore-mirko-mezzacasa\/7-1\/'><img loading=\"lazy\" decoding=\"async\" width=\"150\" height=\"150\" src=\"https:\/\/www.radiopiu.net\/wordpress\/wp-content\/uploads\/2020\/10\/7-1-150x150.jpg\" class=\"attachment-thumbnail size-thumbnail\" alt=\"\" \/><\/a>\n\t\t\t\t<\/dt><\/dl><dl class='gallery-item'>\n\t\t\t\t<dt class='gallery-icon landscape'>\n\t\t\t\t\t<a class=\"rollover\" href='https:\/\/www.radiopiu.net\/wordpress\/giornale-radiopiu-13-ottobre-2020-direttore-mirko-mezzacasa\/1-1-7\/'><img loading=\"lazy\" decoding=\"async\" width=\"150\" height=\"150\" src=\"https:\/\/www.radiopiu.net\/wordpress\/wp-content\/uploads\/2020\/10\/1-1-150x150.jpg\" class=\"attachment-thumbnail size-thumbnail\" alt=\"\" \/><\/a>\n\t\t\t\t<\/dt><\/dl><dl class='gallery-item'>\n\t\t\t\t<dt class='gallery-icon landscape'>\n\t\t\t\t\t<a class=\"rollover\" href='https:\/\/www.radiopiu.net\/wordpress\/giornale-radiopiu-13-ottobre-2020-direttore-mirko-mezzacasa\/2-74\/'><img loading=\"lazy\" decoding=\"async\" width=\"150\" height=\"150\" src=\"https:\/\/www.radiopiu.net\/wordpress\/wp-content\/uploads\/2020\/10\/2-150x150.jpg\" class=\"attachment-thumbnail size-thumbnail\" alt=\"\" \/><\/a>\n\t\t\t\t<\/dt><\/dl><br style=\"clear: both\" \/><dl class='gallery-item'>\n\t\t\t\t<dt class='gallery-icon landscape'>\n\t\t\t\t\t<a class=\"rollover\" href='https:\/\/www.radiopiu.net\/wordpress\/giornale-radiopiu-13-ottobre-2020-direttore-mirko-mezzacasa\/3-1-2\/'><img loading=\"lazy\" decoding=\"async\" width=\"150\" height=\"150\" src=\"https:\/\/www.radiopiu.net\/wordpress\/wp-content\/uploads\/2020\/10\/3-1-150x150.jpg\" class=\"attachment-thumbnail size-thumbnail\" alt=\"\" \/><\/a>\n\t\t\t\t<\/dt><\/dl><dl class='gallery-item'>\n\t\t\t\t<dt class='gallery-icon landscape'>\n\t\t\t\t\t<a class=\"rollover\" href='https:\/\/www.radiopiu.net\/wordpress\/giornale-radiopiu-13-ottobre-2020-direttore-mirko-mezzacasa\/5-1-2\/'><img loading=\"lazy\" decoding=\"async\" width=\"150\" height=\"150\" src=\"https:\/\/www.radiopiu.net\/wordpress\/wp-content\/uploads\/2020\/10\/5-1-150x150.jpg\" class=\"attachment-thumbnail size-thumbnail\" alt=\"\" \/><\/a>\n\t\t\t\t<\/dt><\/dl><dl class='gallery-item'>\n\t\t\t\t<dt class='gallery-icon landscape'>\n\t\t\t\t\t<a class=\"rollover\" href='https:\/\/www.radiopiu.net\/wordpress\/giornale-radiopiu-13-ottobre-2020-direttore-mirko-mezzacasa\/4-1-2\/'><img loading=\"lazy\" decoding=\"async\" width=\"150\" height=\"150\" src=\"https:\/\/www.radiopiu.net\/wordpress\/wp-content\/uploads\/2020\/10\/4-1-150x150.jpg\" class=\"attachment-thumbnail size-thumbnail\" alt=\"\" \/><\/a>\n\t\t\t\t<\/dt><\/dl><br style=\"clear: both\" \/>\n\t\t\t<\/div>\n\n<p>&nbsp;<\/p>\n<hr \/>\n<p>&nbsp;<\/p>\n<p><strong><a class=\"dt-pswp-item\" href=\"https:\/\/www.radiopiu.net\/wordpress\/wp-content\/uploads\/2020\/10\/a5942cc3-539d-4632-975b-25d657e0b6b7.jpg\" data-dt-img-description=\"\" data-large_image_width=\"1041\" data-large_image_height=\"1600\"><img loading=\"lazy\" decoding=\"async\" class=\"size-medium wp-image-165930 alignleft\" src=\"https:\/\/www.radiopiu.net\/wordpress\/wp-content\/uploads\/2020\/10\/a5942cc3-539d-4632-975b-25d657e0b6b7-195x300.jpg\" alt=\"\" width=\"195\" height=\"300\" srcset=\"https:\/\/www.radiopiu.net\/wordpress\/wp-content\/uploads\/2020\/10\/a5942cc3-539d-4632-975b-25d657e0b6b7-195x300.jpg 195w, https:\/\/www.radiopiu.net\/wordpress\/wp-content\/uploads\/2020\/10\/a5942cc3-539d-4632-975b-25d657e0b6b7-666x1024.jpg 666w, https:\/\/www.radiopiu.net\/wordpress\/wp-content\/uploads\/2020\/10\/a5942cc3-539d-4632-975b-25d657e0b6b7-768x1180.jpg 768w, https:\/\/www.radiopiu.net\/wordpress\/wp-content\/uploads\/2020\/10\/a5942cc3-539d-4632-975b-25d657e0b6b7-999x1536.jpg 999w, https:\/\/www.radiopiu.net\/wordpress\/wp-content\/uploads\/2020\/10\/a5942cc3-539d-4632-975b-25d657e0b6b7.jpg 1041w\" sizes=\"auto, (max-width: 195px) 100vw, 195px\" \/><\/a>AGORDO<\/strong> Pc Ranch Young Team e Aics Belluno organizzano un corso di ginnastica-coordinazione-ritmo volteggio. Tutti i martedi fino a maggio sempre alle 16 al Palarova. Orario: 16-17 bambini 5-7 anni; 16.30-1830 bambini dagli 8 anni compiuti. Info e iscrizioni da Donatella al 348 4352362. Causa covid 19 i posti sono limitati<\/p>\n<hr \/>\n<p>&nbsp;<\/p>\n<p><strong>FALCADE<\/strong>\u00a0 <strong><span style=\"color: #ff0000;\">ANNULLATO IL CONCERTO DI MARCO V. DAL FARRA ALLA CASA DELLA GIOVENTU&#8217; DI CAVIOLA, CAUSA COVID. ERA IN PROGRAMMA PER QUESTA SERA.<\/span><\/strong><\/p>\n<div class=\"kvgmc6g5 cxmmr5t8 oygrvhab hcukyx3x c1et5uql ii04i59q\">\n<div dir=\"auto\"><span style=\"color: #ff0000;\">***EVENTO ANNULLATO***<\/span><\/div>\n<\/div>\n<div class=\"o9v6fnle cxmmr5t8 oygrvhab hcukyx3x c1et5uql ii04i59q\">\n<div dir=\"auto\"><span style=\"color: #ff0000;\">A malincuore vi avvisiamo che, per cause dovute al COVID, a titolo precauzionale, il concerto di\u00a0 QUESTA SERA presso la Casa della Gioventu&#8217; di Caviola \u00e8 ANNULLATO e rinviato a data da destinarsi.\u00a0<\/span><\/div>\n<\/div>\n<div>\n<hr \/>\n<\/div>\n<div><\/div>\n<div><strong>CHIES D&#8217;ALPAGO<\/strong> Domenica 25 ottobre 70^ giornata del ringraziamento agricolo, alle 9 arrivo trattoristi, 9.30 messa con il Vescovo o suo delegato, 10.30 benedizione macchine agricole e animali 10.45 interventi delle autorit\u00e0 11 sfilata trattori e animali 12.00 momento conviviale.<\/div>\n<div><\/div>\n<div><\/div>\n<hr \/>\n<p>&nbsp;<\/p>\n<p><strong>BELLUNO<\/strong> Domani dalle 10 alle 12 in Piazza dei Martiri a Belluno, l&#8217;Unione Italiana dei ciechi ed ipovedenti della provincia di Belluno organizzano una giornata dal titolo &#8220;Guide a 4 zampe&#8221;. Si potr\u00e0 provare ad essere guidato da un cane guida. Per le disposizioni anti Covid-19 saranno distribuite bende per gli occhi e guati monouso. Per informazioni 0437 943413 o ulcbl@ulciechi.it<\/p>\n<div><\/div>\n<hr \/>\n<p>&nbsp;<\/p>\n<p>&nbsp;<\/p>\n<h2><span style=\"color: #ff0000;\">IERI ALLA RADIO<\/span><\/h2>\n<h2><a class=\"dt-pswp-item\" href=\"https:\/\/www.radiopiu.net\/wordpress\/wp-content\/uploads\/2020\/06\/cassa-solidarieta-luxottica.jpg\" data-dt-img-description=\"\" data-large_image_width=\"1167\" data-large_image_height=\"574\"><img loading=\"lazy\" decoding=\"async\" class=\"size-medium wp-image-145244 alignleft\" src=\"https:\/\/www.radiopiu.net\/wordpress\/wp-content\/uploads\/2020\/06\/cassa-solidarieta-luxottica-300x148.jpg\" alt=\"\" width=\"300\" height=\"148\" srcset=\"https:\/\/www.radiopiu.net\/wordpress\/wp-content\/uploads\/2020\/06\/cassa-solidarieta-luxottica-300x148.jpg 300w, https:\/\/www.radiopiu.net\/wordpress\/wp-content\/uploads\/2020\/06\/cassa-solidarieta-luxottica-1024x504.jpg 1024w, https:\/\/www.radiopiu.net\/wordpress\/wp-content\/uploads\/2020\/06\/cassa-solidarieta-luxottica-768x378.jpg 768w, https:\/\/www.radiopiu.net\/wordpress\/wp-content\/uploads\/2020\/06\/cassa-solidarieta-luxottica.jpg 1167w\" sizes=\"auto, (max-width: 300px) 100vw, 300px\" \/><\/a><span style=\"color: #ff6600;\">CASSA SOLIDARIET\u00c0 LUXOTTICA &#8211; PUNTATA DEL 16 OTTOBRE 2020<\/span><\/h2>\n<p><strong>di Claudio Fontanive\u00a0<\/strong><\/p>\n<p>OSPITI: Paolo Chissal\u00e8 e Fabrizio Campedel<\/p>\n<audio class=\"wp-audio-shortcode\" id=\"audio-166649-6\" preload=\"none\" style=\"width: 100%;\" controls=\"controls\"><source type=\"audio\/mpeg\" src=\"https:\/\/www.radiopiu.net\/wordpress\/wp-content\/uploads\/2020\/10\/ca-sol-lux-ottobre.mp3?_=6\" \/><a href=\"https:\/\/www.radiopiu.net\/wordpress\/wp-content\/uploads\/2020\/10\/ca-sol-lux-ottobre.mp3\">https:\/\/www.radiopiu.net\/wordpress\/wp-content\/uploads\/2020\/10\/ca-sol-lux-ottobre.mp3<\/a><\/audio>\n<p>&nbsp;<\/p>\n<p>&nbsp;<\/p>\n<hr \/>\n<p>&nbsp;<\/p>\n<p>&nbsp;<\/p>\n<h2><a class=\"dt-pswp-item\" href=\"https:\/\/www.radiopiu.net\/wordpress\/wp-content\/uploads\/2017\/11\/umana.jpg\" data-dt-img-description=\"\" data-large_image_width=\"250\" data-large_image_height=\"88\"><img loading=\"lazy\" decoding=\"async\" class=\"size-full wp-image-37945 alignleft\" src=\"https:\/\/www.radiopiu.net\/wordpress\/wp-content\/uploads\/2017\/11\/umana.jpg\" alt=\"\" width=\"250\" height=\"88\" \/><\/a><span style=\"color: #800000;\">APERTO IL PUNTO UMANA AD ALLEGHE <\/span><\/h2>\n<p><strong>di Claudio Fontanive\u00a0<\/strong><\/p>\n<p>OSPITE: la dottoressa Maria Caprioglio<\/p>\n<audio class=\"wp-audio-shortcode\" id=\"audio-166649-7\" preload=\"none\" style=\"width: 100%;\" controls=\"controls\"><source type=\"audio\/mpeg\" src=\"https:\/\/www.radiopiu.net\/wordpress\/wp-content\/uploads\/2020\/10\/umana-dottoressa-caprioglio.mp3?_=7\" \/><a href=\"https:\/\/www.radiopiu.net\/wordpress\/wp-content\/uploads\/2020\/10\/umana-dottoressa-caprioglio.mp3\">https:\/\/www.radiopiu.net\/wordpress\/wp-content\/uploads\/2020\/10\/umana-dottoressa-caprioglio.mp3<\/a><\/audio>\n<p>&nbsp;<\/p>\n<p>&nbsp;<\/p>\n<hr \/>\n<p>&nbsp;<\/p>\n<p>&nbsp;<\/p>\n<h2><span style=\"color: #808000;\">DUE MINUTI UN LIBRO\u00a0<\/span><\/h2>\n<blockquote class=\"wp-embedded-content\" data-secret=\"2YzNJ4VauQ\"><p><a href=\"https:\/\/www.radiopiu.net\/wordpress\/il-paese-dalle-porte-di-mattone\/\">IL PAESE DALLE PORTE DI MATTONE<\/a><\/p><\/blockquote>\n<p><iframe loading=\"lazy\" class=\"wp-embedded-content\" sandbox=\"allow-scripts\" security=\"restricted\" style=\"position: absolute; clip: rect(1px, 1px, 1px, 1px);\" title=\"&#8220;IL PAESE DALLE PORTE DI MATTONE&#8221; &#8212; Radio Pi\u00f9\" src=\"https:\/\/www.radiopiu.net\/wordpress\/il-paese-dalle-porte-di-mattone\/embed\/#?secret=2YzNJ4VauQ\" data-secret=\"2YzNJ4VauQ\" width=\"600\" height=\"338\" frameborder=\"0\" marginwidth=\"0\" marginheight=\"0\" scrolling=\"no\"><\/iframe><\/p>\n<h2>LA RACCOLTA COMPLETA<\/h2>\n<blockquote class=\"wp-embedded-content\" data-secret=\"L9KJuqNzhV\"><p><a href=\"https:\/\/www.radiopiu.net\/wordpress\/due-minuti-un-libro\/\">Due minuti un libro<\/a><\/p><\/blockquote>\n<p><iframe loading=\"lazy\" class=\"wp-embedded-content\" sandbox=\"allow-scripts\" security=\"restricted\" style=\"position: absolute; clip: rect(1px, 1px, 1px, 1px);\" title=\"&#8220;Due minuti un libro&#8221; &#8212; Radio Pi\u00f9\" src=\"https:\/\/www.radiopiu.net\/wordpress\/due-minuti-un-libro\/embed\/#?secret=L9KJuqNzhV\" data-secret=\"L9KJuqNzhV\" width=\"600\" height=\"338\" frameborder=\"0\" marginwidth=\"0\" marginheight=\"0\" scrolling=\"no\"><\/iframe><\/p>\n<p>&nbsp;<\/p>\n<p>&nbsp;<\/p>\n<hr \/>\n<p>&nbsp;<\/p>\n<div>\n<h2><span style=\"color: #33cccc;\">I RACCONTI DI PAOLO SOPPELSA il lunedi alle 9.30 e 18.30<\/span><\/h2>\n<h2><span style=\"color: #33cccc;\"><strong>LA RACCOLTA COMPLETA<\/strong><\/span><\/h2>\n<blockquote class=\"wp-embedded-content\" data-secret=\"BYhRA7X8IV\"><p><a href=\"https:\/\/www.radiopiu.net\/wordpress\/i-racconti-di-paolo-soppelsa\/\">I racconti di Paolo Soppelsa<\/a><\/p><\/blockquote>\n<p><iframe loading=\"lazy\" class=\"wp-embedded-content\" sandbox=\"allow-scripts\" security=\"restricted\" style=\"position: absolute; clip: rect(1px, 1px, 1px, 1px);\" title=\"&#8220;I racconti di Paolo Soppelsa&#8221; &#8212; Radio Pi\u00f9\" src=\"https:\/\/www.radiopiu.net\/wordpress\/i-racconti-di-paolo-soppelsa\/embed\/#?secret=BYhRA7X8IV\" data-secret=\"BYhRA7X8IV\" width=\"600\" height=\"338\" frameborder=\"0\" marginwidth=\"0\" marginheight=\"0\" scrolling=\"no\"><\/iframe><\/p>\n<p>&nbsp;<\/p>\n<div class=\"_4tdt _ua1\">\n<div class=\"_31o4\">\n<div class=\"_6--1\" aria-hidden=\"true\">\n<div class=\"_1gyw _55lt\">\n<hr \/>\n<\/div>\n<\/div>\n<\/div>\n<\/div>\n<\/div>\n<p>&nbsp;<\/p>\n<h2><span style=\"color: #ff0000;\">VIDEO, MUSICA E INTERVISTE DAL FRAMONT<\/span><\/h2>\n<blockquote class=\"wp-embedded-content\" data-secret=\"goDLO87FGd\"><p><a href=\"https:\/\/www.radiopiu.net\/wordpress\/aspettando-musica-nellagordino-improvvisazioni-in-quota\/\">IMPROVVISAZIONI IN QUOTA &#8230;. RICORDI ESTIVI CON AGORDO MUSICA. IL VIDEO UFFICIALE<\/a><\/p><\/blockquote>\n<p><iframe loading=\"lazy\" class=\"wp-embedded-content\" sandbox=\"allow-scripts\" security=\"restricted\" style=\"position: absolute; clip: rect(1px, 1px, 1px, 1px);\" title=\"&#8220;IMPROVVISAZIONI IN QUOTA &#8230;. RICORDI ESTIVI CON AGORDO MUSICA. IL VIDEO UFFICIALE&#8221; &#8212; Radio Pi\u00f9\" src=\"https:\/\/www.radiopiu.net\/wordpress\/aspettando-musica-nellagordino-improvvisazioni-in-quota\/embed\/#?secret=goDLO87FGd\" data-secret=\"goDLO87FGd\" width=\"600\" height=\"338\" frameborder=\"0\" marginwidth=\"0\" marginheight=\"0\" scrolling=\"no\"><\/iframe><\/p>\n<p>&nbsp;<\/p>\n<p>&nbsp;<\/p>\n<hr \/>\n<div>\n<h2><span style=\"color: #000080;\"><a class=\"dt-pswp-item\" href=\"https:\/\/www.radiopiu.net\/wordpress\/wp-content\/uploads\/2020\/10\/pp.jpg\" data-dt-img-description=\"\" data-large_image_width=\"640\" data-large_image_height=\"640\"><img loading=\"lazy\" decoding=\"async\" class=\"wp-image-163678 alignleft\" src=\"https:\/\/www.radiopiu.net\/wordpress\/wp-content\/uploads\/2020\/10\/pp-300x300.jpg\" alt=\"\" width=\"106\" height=\"106\" srcset=\"https:\/\/www.radiopiu.net\/wordpress\/wp-content\/uploads\/2020\/10\/pp-300x300.jpg 300w, https:\/\/www.radiopiu.net\/wordpress\/wp-content\/uploads\/2020\/10\/pp-150x150.jpg 150w, https:\/\/www.radiopiu.net\/wordpress\/wp-content\/uploads\/2020\/10\/pp-125x125.jpg 125w, https:\/\/www.radiopiu.net\/wordpress\/wp-content\/uploads\/2020\/10\/pp-200x200.jpg 200w, https:\/\/www.radiopiu.net\/wordpress\/wp-content\/uploads\/2020\/10\/pp-80x80.jpg 80w, https:\/\/www.radiopiu.net\/wordpress\/wp-content\/uploads\/2020\/10\/pp-480x480.jpg 480w, https:\/\/www.radiopiu.net\/wordpress\/wp-content\/uploads\/2020\/10\/pp.jpg 640w\" sizes=\"auto, (max-width: 106px) 100vw, 106px\" \/><\/a>DON CESARE, IL PENSIERO DEL GIORNO. ALLA RADIO ALLE 7 DEL MATTINO E ALLE 19.30 DELLA SERA.\u00a0\u00a0<\/span><\/h2>\n<\/div>\n<p>&nbsp;<\/p>\n<p>&nbsp;<\/p>\n<audio class=\"wp-audio-shortcode\" id=\"audio-166649-8\" preload=\"none\" style=\"width: 100%;\" controls=\"controls\"><source type=\"audio\/mpeg\" src=\"https:\/\/www.radiopiu.net\/wordpress\/wp-content\/uploads\/2020\/10\/CESARE-14.mp3?_=8\" \/><a href=\"https:\/\/www.radiopiu.net\/wordpress\/wp-content\/uploads\/2020\/10\/CESARE-14.mp3\">https:\/\/www.radiopiu.net\/wordpress\/wp-content\/uploads\/2020\/10\/CESARE-14.mp3<\/a><\/audio>\n<p>&nbsp;<\/p>\n<p>&nbsp;<\/p>\n<hr \/>\n<p>&nbsp;<\/p>\n<div>\n<p><a class=\"dt-pswp-item\" href=\"https:\/\/www.radiopiu.net\/wordpress\/wp-content\/uploads\/2018\/09\/viabilita.jpeg\" data-dt-img-description=\"\" data-large_image_width=\"800\" data-large_image_height=\"100\"><img loading=\"lazy\" decoding=\"async\" class=\"aligncenter wp-image-61954 size-full\" src=\"https:\/\/www.radiopiu.net\/wordpress\/wp-content\/uploads\/2018\/09\/viabilita.jpeg\" alt=\"\" width=\"800\" height=\"100\" srcset=\"https:\/\/www.radiopiu.net\/wordpress\/wp-content\/uploads\/2018\/09\/viabilita.jpeg 800w, https:\/\/www.radiopiu.net\/wordpress\/wp-content\/uploads\/2018\/09\/viabilita-300x38.jpeg 300w, https:\/\/www.radiopiu.net\/wordpress\/wp-content\/uploads\/2018\/09\/viabilita-768x96.jpeg 768w\" sizes=\"auto, (max-width: 800px) 100vw, 800px\" \/><\/a><\/p>\n<\/div>\n<p><strong>\u00a0\u00a0<\/strong><\/p>\n<p><strong>SP 12 PEDEMONTANA <\/strong>senso unico alternato regolato da impianto semaforico in localit\u00e0 Veses fino al 6 novembre, esclusi sabati e domeniche, per messa in sicurezza versante a monte della strada<\/p>\n<p><strong>SP 25 DEL PASSO VALLES<\/strong> senso unico alternato regolato da impianto semaforico in localit\u00e0 Caverson fino al 30 ottobre, esclusi sabati e domenica, \u00a0per manutenzione sovrappasso pista da sci<\/p>\n<p><strong>SP 5 DI LAMOSANO<\/strong> fino al 21 ottobre chiusura totale alla transitabilit\u00e0 in comune di Chies D&#8217;Alpago per lavori di ripristino fognature<\/p>\n<p><strong>SR 203 AGORDINA <\/strong>dal 19 al 23 ottobre, dalle 8 alle 12 e dalle 13:30 alle 17:30, temporanee interruzioni al traffico della durata massima di 20 minuti tra Cencenighe e Avoscan per esbosco con elicottero in attraversamento strada<\/p>\n<p><strong>SR 48 DELLE DOLOMITI<\/strong> Fino al 30 ottobre (festivi e prefestivi esclusi) senso unico alternato con movieri o semafori<\/p>\n<p><strong>SR 50 DEL GRAPPA E PASSO ROLLE<\/strong>\u00a0 fino al 23 ottobre, dalle 8 alle 17 esclusi sabati e domeniche, temporanee interruzioni alla viabilit\u00e0 di massimo 30 minuti per allestimento protezione in prossimit\u00e0 dell&#8217;imbocco a monte della galleria Pontet<\/p>\n<p><strong>203 AGORDINA, ALLEGHE<\/strong> LOCALITA&#8217; SOPRA SAC\u00a0 fino \u00a0al 30 ottobre (sabato e domenica esclusi) senso unico alternato per allestimento opere anti valanghive<\/p>\n<p><strong>SP 3 DELLA VAL IMPERINA<\/strong> fino a revoca, senso unico alternato regolato a vista in localit\u00e0 Gona di Conedera di Rivamonte per cedimento della carreggiata stradale<\/p>\n<p><strong>SR 48 DELLE DOLOMITI<\/strong> fino\u00a0 al 6 novembre (festivi e prefestivi inclusi) senso unico alternato in localit\u00e0 Brenta Comune di Livinallongo del Col di Lana.<\/p>\n<p><strong>SP 422 DELL&#8217;ALPAGO E DEL CANSIGLIO<\/strong> fino al 30 ottobre senso unico alternato regolato da movieri tra le 8 e le 19 tra Puos e Cornei per posa fibra ottica<\/p>\n<p><strong>SP 422 DELL&#8217;ALPAGO E DEL CANSIGLIO<\/strong> fino al 21 ottobre senso unico alternato regolato da movieri tra le 7 e le 19 tra Spert e Pian Cansiglio per asfaltatura strada<\/p>\n<p><strong>SR 48 DELLE DOLOMITI\u00a0 <\/strong>fino\u00a0al 31 ottobre, compresi sabati e domeniche, senso unico alternato regolato da impianto semaforico tra Passo Falzarego e il parcheggio 5 Torri per posa elettrodotto interrato<\/p>\n<p><strong>SP 49 DI MISURINA <\/strong>fino al\u00a020 novembre, senso unico alternato regolato da impianto semaforico tra Misurina e il confine con la provincia di Bolzano per posa elettrodotto interrato<\/p>\n<p><strong>REGIONALE 48 DELLE DOLOMITI<\/strong> localit\u00e0 Cernadoi-Pian di Falzarego, fino al 30 ottobre senso unico alternato regolato da semaforo anche nei giorni festivi e prefestivi.<\/p>\n<p><strong>PROVINCIALE 251 VAL DI ZOLDO E CELLINA<\/strong> localit\u00e0 Pescul-Selva di Cadore, fino al 31 ottobre senso unico alternato con movieri o semaforo, escluso sabato e domenica.<\/p>\n<p><strong>PROVINCIALE 641 PASSO FEDAIA<\/strong> Fino al 30 ottobre compresi festivi e prefestivi senso unico con semaforo in localit\u00e0 Capanna Bill<\/p>\n<p><strong>REGIONALE 203 AGORDINA<\/strong>\u00a0 Fino\u00a0 al 18 dicembre (esclusi festivi e prefestivi) senso unico alternato tra Peron e Candaten con movieri dalle 7.30 alle 9 e dalle 16.30 alle 18. Con semaforo negli altri orari<\/p>\n<p><strong>REGIONALE 203 AGORDINA<\/strong> Fino al 30 ottobre (sabato e domenica esclusi) tra Candaten e La Stanga dalle 7.30 alle 9 e dalle 16.30 alle 18 con movieri e negli altri orari con semaforo, senso unico alternato.<\/p>\n<div>\n<p>&nbsp;<\/p>\n<hr \/>\n<p>&nbsp;<\/p>\n<p class=\"photoswipe-wrapper\"><a class=\"dt-pswp-item pspw-wrap-ready\" href=\"https:\/\/i0.wp.com\/www.radiopiu.net\/wordpress\/wp-content\/uploads\/2018\/09\/WhatsApp-Image-2018-09-20-at-16.04.06.jpeg?ssl=1\" data-dt-img-description=\"\" data-large_image_width=\"800\" data-large_image_height=\"100\"><img loading=\"lazy\" decoding=\"async\" class=\"aligncenter wp-image-61378 size-full jetpack-lazy-image jetpack-lazy-image--handled\" src=\"https:\/\/i0.wp.com\/www.radiopiu.net\/wordpress\/wp-content\/uploads\/2018\/09\/WhatsApp-Image-2018-09-20-at-16.04.06.jpeg?resize=800%2C100&amp;ssl=1\" sizes=\"auto, (max-width: 800px) 100vw, 800px\" srcset=\"https:\/\/i0.wp.com\/www.radiopiu.net\/wordpress\/wp-content\/uploads\/2018\/09\/WhatsApp-Image-2018-09-20-at-16.04.06.jpeg?w=800&amp;ssl=1 800w, https:\/\/i0.wp.com\/www.radiopiu.net\/wordpress\/wp-content\/uploads\/2018\/09\/WhatsApp-Image-2018-09-20-at-16.04.06.jpeg?resize=300%2C38&amp;ssl=1 300w, https:\/\/i0.wp.com\/www.radiopiu.net\/wordpress\/wp-content\/uploads\/2018\/09\/WhatsApp-Image-2018-09-20-at-16.04.06.jpeg?resize=768%2C96&amp;ssl=1 768w\" alt=\"\" width=\"800\" height=\"100\" data-lazy-loaded=\"1\" \/><\/a><\/p>\n<\/div>\n<div><\/div>\n<div><\/div>\n<div><\/div>\n<blockquote class=\"wp-embedded-content\" data-secret=\"Ss2IL9ySjG\"><p><a href=\"https:\/\/www.radiopiu.net\/wordpress\/neve-al-suolo-laggiornamento-arpav-del-16-ottobre-2020\/\">NEVE AL SUOLO. L&#8217;AGGIORNAMENTO ARPAV DEL 16 OTTOBRE 2020<\/a><\/p><\/blockquote>\n<p><iframe loading=\"lazy\" class=\"wp-embedded-content\" sandbox=\"allow-scripts\" security=\"restricted\" style=\"position: absolute; clip: rect(1px, 1px, 1px, 1px);\" title=\"&#8220;NEVE AL SUOLO. L&#8217;AGGIORNAMENTO ARPAV DEL 16 OTTOBRE 2020&#8221; &#8212; Radio Pi\u00f9\" src=\"https:\/\/www.radiopiu.net\/wordpress\/neve-al-suolo-laggiornamento-arpav-del-16-ottobre-2020\/embed\/#?secret=Ss2IL9ySjG\" data-secret=\"Ss2IL9ySjG\" width=\"600\" height=\"338\" frameborder=\"0\" marginwidth=\"0\" marginheight=\"0\" scrolling=\"no\"><\/iframe><\/p>\n<div><\/div>\n<div><\/div>\n<div><center><b>Sabato 17<\/b><\/center><b>Tempo atteso:\u00a0<\/b>Sulle Dolomiti cielo poco o parzialmente nuvoloso. Sulle Prealpi situazione diversa con sole in quota e probabili e temporanee nubi basse o nebbie nelle conche, in diradamento; al pomeriggio sviluppo di addensamenti nuvolosi con riduzione del soleggiamento.<br \/>\n<b>Precipitazioni:\u00a0<\/b>Generalmente assenti, salvo una probabilit\u00e0 molto bassa (0-10%) sulle zone prealpine nel pomeriggio di qualche isolato e breve piovasco.<br \/>\n<b>Temperature:\u00a0<\/b>Minime in calo e massime in lieve ripresa. Sono previste punte di 12\/14\u00b0C nei fondovalle prealpini e di 6\/9\u00b0C a 1000\/1200 m. Su Prealpi a 1500 m min 0\u00b0C max 9\u00b0C, a 2000 m min -3\u00b0C max 4\u00b0C. Su Dolomiti a 2000 m min -4\u00b0C max 5\u00b0C, a 3000 m min -11\u00b0C max -3\u00b0C.<br \/>\n<b>Venti:\u00a0<\/b>Nelle valli deboli a regime di brezza, localmente a tratti moderati; in quota in prevalenza deboli\/moderati da nord-ovest, a 5-15 km\/h a 2000 m e 15-25 km\/h a 3000 m.<\/p>\n<hr \/>\n<p><center><b>Domenica 18<\/b><\/center><b>Tempo atteso:\u00a0<\/b>Sulle Dolomiti, tempo stabile e ben soleggiato con cielo sereno, aria tersa ed ottima visibilit\u00e0 specie in quota. Probabili temporanei banchi di nebbia\/nubi basse nelle conche prealpine, limitatamente alle ore pi\u00f9 fredde. Temperature minime in diminuzione e massime in leggero rialzo.<br \/>\n<b>Precipitazioni:\u00a0<\/b>Assenti.<br \/>\n<b>Temperature:\u00a0<\/b>In contenuta diminuzione le minime, in contenuto aumento le massime, con importante escursione termica giornaliera nelle valli. Su Prealpi a 1500 m min -2\u00b0C max 9\u00b0C, a 2000 m min -4\u00b0C max 6\u00b0C. Su Dolomiti a 2000 m min -5\u00b0C max 6\u00b0C, a 3000 m min -12\u00b0C max -2\u00b0C.<br \/>\n<b>Venti:\u00a0<\/b>Nelle valli deboli a regime di brezza, localmente a tratti moderati; in quota deboli o moderati da nord-ovest a 5-15 km\/h a 2000 m e 15-20 km\/h a 3000 m.<\/p>\n<hr \/>\n<p><center><b>Lunedi 19<\/b><\/center>Tempo stabile e ben soleggiato con cielo sereno, aria tersa ed ottima visibilit\u00e0 in quota. Probabili banchi di nebbia o locali nubi basse nelle conche prealpine, limitatamente alle ore pi\u00f9 fredde. Temperature minime in contenuto aumento, massime senza notevoli variazioni; importante escursione termica giornaliera. Venti in quota moderati dai quadranti occidentali, perlopi\u00f9 deboli a regime di brezza nelle valli.<\/p>\n<hr \/>\n<p><center><b>Martedi 20<\/b><\/center>Nella prima parte della giornata, ancora tempo stabile e ben soleggiato con cielo sereno, aria tersa ed ottima visibilit\u00e0, salvo temporanei banchi di nebbia o nubi basse nelle conche prealpine durante le ore pi\u00f9 fredde; nella seconda parte, graduale aumento della nuvolosit\u00e0 fini a cielo molto nuvoloso alla sera, con precipitazioni generalmente assenti. Rinforzo del vento in quota da sud-ovest. Temperature in aumento, anche sensibile in quota. Previsore: M.Padoan<\/p>\n<\/div>\n<p>&nbsp;<\/p>\n<hr \/>\n<p>&nbsp;<\/p>\n<p><a class=\"dt-pswp-item\" href=\"https:\/\/www.radiopiu.net\/wordpress\/wp-content\/uploads\/2018\/09\/sport.jpg\" data-dt-img-description=\"\" data-large_image_width=\"800\" data-large_image_height=\"100\"><img loading=\"lazy\" decoding=\"async\" class=\"wp-image-60761 size-full aligncenter\" src=\"https:\/\/www.radiopiu.net\/wordpress\/wp-content\/uploads\/2018\/09\/sport.jpg\" alt=\"\" width=\"800\" height=\"100\" srcset=\"https:\/\/www.radiopiu.net\/wordpress\/wp-content\/uploads\/2018\/09\/sport.jpg 800w, https:\/\/www.radiopiu.net\/wordpress\/wp-content\/uploads\/2018\/09\/sport-300x38.jpg 300w, https:\/\/www.radiopiu.net\/wordpress\/wp-content\/uploads\/2018\/09\/sport-768x96.jpg 768w\" sizes=\"auto, (max-width: 800px) 100vw, 800px\" \/><\/a><\/p>\n<p>&nbsp;<\/p>\n<p>&nbsp;<\/p>\n<h3 style=\"text-align: center;\">CALCIO FEMMINILE BELLUNO KERALPEN<\/h3>\n<p><strong>BELLUNO<\/strong> Oggi esordio delle juniores del calcio Belluno femminile, domani in campo a Limana la prima squadra. Ieri sera siamo stati a Belluno, stadio polisportivo, per conoscere le ragazze e i programmi della societ\u00e0, con loro Francesco Zilio di Epcenter che ha omaggiato la squadra di un gadget benaugurante. In bocca al lupo alle ragazze bellunesi che rappresentano il meglio del calcio femminile dell&#8217;intera provincia<\/p>\n<p>https:\/\/www.facebook.com\/Mirkomezziano\/videos\/2804953183120783\/<\/p>\n<p>&nbsp;<\/p>\n<p>&nbsp;<\/p>\n<p>&nbsp;<\/p>\n<h3>CALCIO E HOCKEY DEL FINE SETTIMANA<\/h3>\n<p><strong><a class=\"dt-pswp-item\" href=\"https:\/\/www.radiopiu.net\/wordpress\/wp-content\/uploads\/2019\/09\/CALCIO-HOCKEY.jpeg\" data-dt-img-description=\"\" data-large_image_width=\"1600\" data-large_image_height=\"1600\"><img loading=\"lazy\" decoding=\"async\" class=\"size-medium wp-image-97718 alignleft\" src=\"https:\/\/www.radiopiu.net\/wordpress\/wp-content\/uploads\/2019\/09\/CALCIO-HOCKEY-300x300.jpeg\" alt=\"\" width=\"300\" height=\"300\" srcset=\"https:\/\/www.radiopiu.net\/wordpress\/wp-content\/uploads\/2019\/09\/CALCIO-HOCKEY-300x300.jpeg 300w, https:\/\/www.radiopiu.net\/wordpress\/wp-content\/uploads\/2019\/09\/CALCIO-HOCKEY-150x150.jpeg 150w, https:\/\/www.radiopiu.net\/wordpress\/wp-content\/uploads\/2019\/09\/CALCIO-HOCKEY-768x768.jpeg 768w, https:\/\/www.radiopiu.net\/wordpress\/wp-content\/uploads\/2019\/09\/CALCIO-HOCKEY-1024x1024.jpeg 1024w, https:\/\/www.radiopiu.net\/wordpress\/wp-content\/uploads\/2019\/09\/CALCIO-HOCKEY.jpeg 1600w\" sizes=\"auto, (max-width: 300px) 100vw, 300px\" \/><\/a>RADIO PI\u00d9 <\/strong>Continuano i campionati di calcio FIGC e CSI sui campi della provincia di Belluno. Dalle prime squadre fino al settore giovanile, un fine settimana pieno di appuntamenti. Per quanto riguarda l\u2019hockey, l\u2019Alleghe non giocher\u00e0 questo fine settimana mentre le civette giovanili saranno in campo nei vari campionati<\/p>\n<p><strong>HOCKEY<\/strong><\/p>\n<p>\u00c8 stata rinviata a data da destinarsi la sfida tra Merano ed Alleghe valida per il campionato IHL. La squadra altoatesina si \u00e8 ritrovata con alcuni giocatori positivi al Covid-19 e quindi l\u2019attivit\u00e0 sportiva dei meranesi al momento risulta sospesa. Il settore giovanile sar\u00e0 impegnato con la under 13 che oggi si scontrer\u00e0 con il Bolzano alle 16:30. Under 17 al De Toni di Alleghe nel tardo pomeriggio per giocare contro il Bressanone alle 17. Domani altre due partite. Under 15 in trasferta contro il Cortina alle 10:30 e Under 19 del Fassa\/Alleghe ad Alba di Canazei alle 18 contro il Juniorteam.<\/p>\n<p><strong>CALCIO GIOVANILI <\/strong><\/p>\n<p>Il calcio giovanile dell\u2019Agordina avr\u00e0 in programma 3 incontri nel fine settimana. Giovanissimi in campo oggi a Cencenighe dove alle 15:30 avranno di fronte la Dynamo Vellai. Sempre oggi, ma alle 16, le Juniores di Roberto Fontanive giocheranno all\u2019Ivano Dorigo di Agordo contro il Ponte Nelle Alpi. Domani \u00e8 il turno degli Allievi che ad Agordo ospiteranno il Cavarzano alle 10.<\/p>\n<p><strong>SECONDA E PRIMA CATEGORIA<\/strong><\/p>\n<p>In seconda Categoria girone R l\u2019Agordina \u00e8 chiamata al riscatto. Dopo 4 partite un solo punto messo a segno e domani alle 15:30 la squadra di Lorenzi scender\u00e0 a Trichiana per affrontare il Gemelle. Rinviata la partita del Fiori Barp Mas che domani doveva giocare in casa contro il Valdosport. La motivazione la stessa della scorsa settimana, una positivit\u00e0 Covid all\u2019interno della squadra di Mas.<\/p>\n<p><strong>Domani a partire dalle 15:30 su Radio Pi\u00f9 l\u2019appuntamento con \u201cDomenica + Sport\u201d, il contenitore sportivo della domenica pomeriggio per seguire in diretta la partita dell&#8217;Agordina<\/strong><\/p>\n","protected":false},"excerpt":{"rendered":"<p>PER RICEVERE QUESTO NOTIZIARIO DIRETTAMENTE SUL TUO CELLULARE ISCRIVITI AL CANALE TELEGRAM \u201cRADIO PIU\u00a0 INFORMAZIONE&#8221; ATTENZIONE: LA NUOVA APP PER IOS-IPHONE https:\/\/apps.apple.com\/it\/app\/radio-pi%C3%B9-emittente-agordina\/id1515939845 ATTENZIONE: LA NUOVA APP RADIO\u00a0 PER ANDROID https:\/\/play.google.com\/store\/apps\/details?id=net.radiopiu.iniko &nbsp; ***EVENTO ANNULLATO*** A malincuore vi avvisiamo che, per cause dovute al COVID, a titolo precauzionale, il concerto di\u00a0 QUESTA SERA presso la Casa della&hellip;<\/p>\n","protected":false},"author":4,"featured_media":166867,"comment_status":"closed","ping_status":"closed","sticky":false,"template":"","format":"standard","meta":{"_monsterinsights_skip_tracking":false,"_monsterinsights_sitenote_active":false,"_monsterinsights_sitenote_note":"","_monsterinsights_sitenote_category":0,"footnotes":""},"categories":[1,51,86],"tags":[],"class_list":["post-166649","post","type-post","status-publish","format-standard","has-post-thumbnail","hentry","category-senza-categoria","category-evidenza-top","category-gr","category-1","category-51","category-86","description-off"],"img_url":"https:\/\/www.radiopiu.net\/wordpress\/wp-content\/uploads\/2020\/10\/fd59fcb9-c43b-40ac-b5b8-ed7882b35b90.jpg","_links":{"self":[{"href":"https:\/\/www.radiopiu.net\/wordpress\/wp-json\/wp\/v2\/posts\/166649","targetHints":{"allow":["GET"]}}],"collection":[{"href":"https:\/\/www.radiopiu.net\/wordpress\/wp-json\/wp\/v2\/posts"}],"about":[{"href":"https:\/\/www.radiopiu.net\/wordpress\/wp-json\/wp\/v2\/types\/post"}],"author":[{"embeddable":true,"href":"https:\/\/www.radiopiu.net\/wordpress\/wp-json\/wp\/v2\/users\/4"}],"replies":[{"embeddable":true,"href":"https:\/\/www.radiopiu.net\/wordpress\/wp-json\/wp\/v2\/comments?post=166649"}],"version-history":[{"count":0,"href":"https:\/\/www.radiopiu.net\/wordpress\/wp-json\/wp\/v2\/posts\/166649\/revisions"}],"wp:featuredmedia":[{"embeddable":true,"href":"https:\/\/www.radiopiu.net\/wordpress\/wp-json\/wp\/v2\/media\/166867"}],"wp:attachment":[{"href":"https:\/\/www.radiopiu.net\/wordpress\/wp-json\/wp\/v2\/media?parent=166649"}],"wp:term":[{"taxonomy":"category","embeddable":true,"href":"https:\/\/www.radiopiu.net\/wordpress\/wp-json\/wp\/v2\/categories?post=166649"},{"taxonomy":"post_tag","embeddable":true,"href":"https:\/\/www.radiopiu.net\/wordpress\/wp-json\/wp\/v2\/tags?post=166649"}],"curies":[{"name":"wp","href":"https:\/\/api.w.org\/{rel}","templated":true}]}}