{"id":166664,"date":"2020-10-16T05:38:16","date_gmt":"2020-10-16T03:38:16","guid":{"rendered":"https:\/\/www.radiopiu.net\/wordpress\/?p=166664"},"modified":"2020-10-16T06:08:47","modified_gmt":"2020-10-16T04:08:47","slug":"la-sezione-alpini-di-belluno-apre-il-suo-centenario-al-sacrario-di-pian-salesei","status":"publish","type":"post","link":"https:\/\/www.radiopiu.net\/wordpress\/la-sezione-alpini-di-belluno-apre-il-suo-centenario-al-sacrario-di-pian-salesei\/","title":{"rendered":"LA SEZIONE ALPINI DI BELLUNO APRE IL SUO CENTENARIO AL SACRARIO DI PIAN SALESEI"},"content":{"rendered":"<h3><\/h3>\n<blockquote>\n<h3>di Dino Bridda<\/h3>\n<\/blockquote>\n<p><strong><a class=\"dt-pswp-item\" href=\"https:\/\/www.radiopiu.net\/wordpress\/wp-content\/uploads\/2018\/10\/ana-alpini.png\" data-dt-img-description=\"\" data-large_image_width=\"225\" data-large_image_height=\"225\"><img loading=\"lazy\" decoding=\"async\" class=\"size-full wp-image-62421 alignleft\" src=\"https:\/\/www.radiopiu.net\/wordpress\/wp-content\/uploads\/2018\/10\/ana-alpini.png\" alt=\"\" width=\"225\" height=\"225\" srcset=\"https:\/\/www.radiopiu.net\/wordpress\/wp-content\/uploads\/2018\/10\/ana-alpini.png 225w, https:\/\/www.radiopiu.net\/wordpress\/wp-content\/uploads\/2018\/10\/ana-alpini-150x150.png 150w\" sizes=\"auto, (max-width: 225px) 100vw, 225px\" \/><\/a>BELLUNO <\/strong><span style=\"color: #000000;\"><span style=\"font-family: Calibri, serif;\">Nel lontano giugno 1921 un gruppo di reduci della prima guerra mondiale fond\u00f2 la Sezione di Belluno dell\u2019Associazione Nazionale Alpini, sorta due anni prima. I nuclei fondanti furono quelli dei Gruppi di Forno di Canale (oggi Canale d\u2019Agordo) e di Calalzo di Cadore. Pertanto \u00e8 ormai ora di celebrare il Centenario. Il calendario degli eventi commemorativi si aprir\u00e0 con una grande cerimonia per ricordare tutti i caduti e sar\u00e0 un prologo che coinvolger\u00e0 non solo la compagine associativa, ma anche altre componenti della societ\u00e0 civile provinciale. <\/span><\/span><span style=\"color: #000000;\"><span style=\"font-family: Calibri, serif;\">Cos\u00ec ne parla il presidente Lino De Pra: <\/span><\/span><span style=\"color: #000000;\"><span style=\"font-family: Times New Roman, serif;\">\u00ab<\/span><\/span><span style=\"color: #000000;\"><span style=\"font-family: Calibri, serif;\">L\u2019appuntamento \u00e8 per domenica 18 ottobre al Sacrario di Pian di Salesei con inizio alle 10. Alla manifestazione abbiamo invitato i rappresentanti dei 44 Gruppi della Sezione, i presidenti con i labari delle Sezioni A.N.A. del Triveneto, i sindaci con i gonfaloni dei 16 Comuni dell\u2019Unione Montana Agordina, le delegazioni delle associazioni combattentistiche e d\u2019arma della provincia di Belluno, oltre alle autorit\u00e0 di Regione ed Enti locali. Con questa iniziativa intendiamo rendere omaggio a chi ci ha preceduto sacrificando la propria giovane vita sull\u2019altare del dovere, ma affermando, nel contempo, che il nostro intento di oggi \u00e8 camminare sulla strada della libert\u00e0 e della pacifica convivenza tra i popoli<\/span><\/span><span style=\"color: #000000;\"><span style=\"font-family: Times New Roman, serif;\">\u00bb. <\/span><\/span><span style=\"color: #000000;\"><span style=\"font-family: Calibri, serif;\">I particolari della mattinata sono nelle parole del vice presidente vicario Ezio Caldart: <\/span><\/span><span style=\"color: #000000;\"><span style=\"font-family: Times New Roman, serif;\">\u00ab<\/span><\/span><span style=\"color: #000000;\"><span style=\"font-family: Calibri, serif;\">Dopo l\u2019alzabandiera e gli onori ai caduti, il saluto agli intervenuti sar\u00e0 dato dal capogruppo A.N.A. di Livinallongo del Col di Lana Luca Deltedesco e dal presidente sezionale Lino De Pra. Seguiranno gli interventi delle autorit\u00e0 presenti e la celebrazione della S. Messa che sar\u00e0 officiata da mons. Sandro Capraro, assistente spirituale della Sezione A.N.A. di Belluno, e dal cappellano militare don Lorenzo Cottali. Chiuderanno la cerimonia la recita della \u201cPreghiera del Caduto\u201d e l\u2019intervento del presidente nazionale A.N.A Sebastiano Favero. I vari momenti saranno sottolineati dai canti del coro \u201cS. Giacomo\u201d della Pieve di Livinallongo e dalla Banda da Fodom<\/span><\/span><span style=\"color: #000000;\"><span style=\"font-family: Times New Roman, serif;\">\u00bb<\/span><\/span><span style=\"color: #000000;\"><span style=\"font-family: Calibri, serif;\">. <\/span><\/span><span style=\"color: #000000;\"><span style=\"font-family: Calibri, serif;\">Aggiunge il coordinatore sezionale della Protezione civile Ivo Gasperin: <\/span><\/span><span style=\"color: #000000;\"><span style=\"font-family: Times New Roman, serif;\">\u00ab<\/span><\/span><span style=\"color: #000000;\"><span style=\"font-family: Calibri, serif;\">Per l\u2019occasione <\/span><\/span><span style=\"font-family: Calibri, serif;\">sar\u00e0 a disposizione un apposito servizio navetta dall\u2019incrocio per Laste-ingresso Digonera e, da parte nostre, assicuriamo che tutta la manifestazione si svolger\u00e0 in ossequio alle norme anti Covid-19 con l\u2019obbligo dell\u2019uso della mascherina e del distanziamento. In caso di condizioni meteo avverse la cerimonia in forma ridotta si svolger\u00e0, con inizio alle 11, nella chiesa parrocchiale di Arabba<\/span><span style=\"font-family: Times New Roman, serif;\">\u00bb<\/span><span style=\"font-family: Calibri, serif;\">. <\/span><span style=\"font-family: Calibri, serif;\">Proprio dal locale Centro Valanghe dell\u2019Arpav, per\u00f2, assicurano una domenica di sole agli alpini che saliranno al sacrario con il labaro nazionale, i vessilli sezionali ed i gagliardetti dei Gruppi, nonch\u00e9 con l\u2019immancabile cappello con la penna.<\/span><\/p>\n<p>&nbsp;<\/p>\n","protected":false},"excerpt":{"rendered":"<p>di Dino Bridda BELLUNO Nel lontano giugno 1921 un gruppo di reduci della prima guerra mondiale fond\u00f2 la Sezione di Belluno dell\u2019Associazione Nazionale Alpini, sorta due anni prima. I nuclei fondanti furono quelli dei Gruppi di Forno di Canale (oggi Canale d\u2019Agordo) e di Calalzo di Cadore. Pertanto \u00e8 ormai ora di celebrare il Centenario.&hellip;<\/p>\n","protected":false},"author":4,"featured_media":166665,"comment_status":"closed","ping_status":"closed","sticky":false,"template":"","format":"standard","meta":{"_monsterinsights_skip_tracking":false,"_monsterinsights_sitenote_active":false,"_monsterinsights_sitenote_note":"","_monsterinsights_sitenote_category":0,"footnotes":""},"categories":[51,49],"tags":[],"class_list":["post-166664","post","type-post","status-publish","format-standard","has-post-thumbnail","hentry","category-evidenza-top","category-news-18","category-51","category-49","description-off"],"img_url":"https:\/\/www.radiopiu.net\/wordpress\/wp-content\/uploads\/2020\/10\/download-11.jpg","_links":{"self":[{"href":"https:\/\/www.radiopiu.net\/wordpress\/wp-json\/wp\/v2\/posts\/166664","targetHints":{"allow":["GET"]}}],"collection":[{"href":"https:\/\/www.radiopiu.net\/wordpress\/wp-json\/wp\/v2\/posts"}],"about":[{"href":"https:\/\/www.radiopiu.net\/wordpress\/wp-json\/wp\/v2\/types\/post"}],"author":[{"embeddable":true,"href":"https:\/\/www.radiopiu.net\/wordpress\/wp-json\/wp\/v2\/users\/4"}],"replies":[{"embeddable":true,"href":"https:\/\/www.radiopiu.net\/wordpress\/wp-json\/wp\/v2\/comments?post=166664"}],"version-history":[{"count":0,"href":"https:\/\/www.radiopiu.net\/wordpress\/wp-json\/wp\/v2\/posts\/166664\/revisions"}],"wp:featuredmedia":[{"embeddable":true,"href":"https:\/\/www.radiopiu.net\/wordpress\/wp-json\/wp\/v2\/media\/166665"}],"wp:attachment":[{"href":"https:\/\/www.radiopiu.net\/wordpress\/wp-json\/wp\/v2\/media?parent=166664"}],"wp:term":[{"taxonomy":"category","embeddable":true,"href":"https:\/\/www.radiopiu.net\/wordpress\/wp-json\/wp\/v2\/categories?post=166664"},{"taxonomy":"post_tag","embeddable":true,"href":"https:\/\/www.radiopiu.net\/wordpress\/wp-json\/wp\/v2\/tags?post=166664"}],"curies":[{"name":"wp","href":"https:\/\/api.w.org\/{rel}","templated":true}]}}