{"id":166709,"date":"2020-10-17T06:03:57","date_gmt":"2020-10-17T04:03:57","guid":{"rendered":"https:\/\/www.radiopiu.net\/wordpress\/?p=166709"},"modified":"2020-10-17T06:27:19","modified_gmt":"2020-10-17T04:27:19","slug":"nel-recupero-dei-serrai-di-sottoguda-anche-il-fondo-stradale-e-un-problema-la-grattabile-di-alleghe-ne-e-un-esempio","status":"publish","type":"post","link":"https:\/\/www.radiopiu.net\/wordpress\/nel-recupero-dei-serrai-di-sottoguda-anche-il-fondo-stradale-e-un-problema-la-grattabile-di-alleghe-ne-e-un-esempio\/","title":{"rendered":"NEL RECUPERO DEI SERRAI DI SOTTOGUDA ANCHE IL FONDO STRADALE E&#8217; UN PROBLEMA LA &#8220;GRATTABILE&#8221; DI ALLEGHE NE E&#8217; UN ESEMPIO"},"content":{"rendered":"<p><strong><a class=\"dt-pswp-item\" href=\"https:\/\/www.radiopiu.net\/wordpress\/wp-content\/uploads\/2020\/10\/d5112e12-c165-44df-bb33-bb3876d0562c.jpg\" data-dt-img-description=\"\" data-large_image_width=\"1200\" data-large_image_height=\"1600\"><img loading=\"lazy\" decoding=\"async\" class=\" wp-image-166710 alignleft\" src=\"https:\/\/www.radiopiu.net\/wordpress\/wp-content\/uploads\/2020\/10\/d5112e12-c165-44df-bb33-bb3876d0562c-225x300.jpg\" alt=\"\" width=\"188\" height=\"251\" srcset=\"https:\/\/www.radiopiu.net\/wordpress\/wp-content\/uploads\/2020\/10\/d5112e12-c165-44df-bb33-bb3876d0562c-225x300.jpg 225w, https:\/\/www.radiopiu.net\/wordpress\/wp-content\/uploads\/2020\/10\/d5112e12-c165-44df-bb33-bb3876d0562c-768x1024.jpg 768w, https:\/\/www.radiopiu.net\/wordpress\/wp-content\/uploads\/2020\/10\/d5112e12-c165-44df-bb33-bb3876d0562c-1152x1536.jpg 1152w, https:\/\/www.radiopiu.net\/wordpress\/wp-content\/uploads\/2020\/10\/d5112e12-c165-44df-bb33-bb3876d0562c.jpg 1200w\" sizes=\"auto, (max-width: 188px) 100vw, 188px\" \/><\/a>ROCCA PIETORE<\/strong> Anche il fondo stradale apre discussioni nel capitolo del recupero dei Serrai di Sottoguda. Innanzitutto non \u00e8 un fattore secondario, perch\u00e9 il Pettorina di norma placido e tranquillo quando arrivano le &#8220;bombe d&#8217;acqua&#8221; s&#8217;ingrossa, tracima e spazza via ci\u00f2 che incontra. Nei giorni di Vaia l&#8217;esempio \u00e8 stato chiaro, sono &#8220;volati&#8221; ponti, condotte e strade di asfalto. Per questo il fondo da studiato affinch\u00e9 possa resistere ad eventuali esondazioni, comunque diverse dall&#8217;uragano di fine ottobre 2018. Gli ambientalisti controllano, la Sovintendenza&#8230;sovrintende. Al proposito vale la pena ricordare cosa \u00e8 successo di recente tra Caprile ed Alleghe dove la pista ciclabile dopo che \u00e8 stata studiata, progettata, realizzata e tirata a lucido \u00e8 stata completamente &#8220;grattata&#8221; perch\u00e9 stonava con l&#8217;ambiente. A nulla sono valse le rimostranze di sindaci (Siro De Biasio in particolare) o della popolazione che gradiva quell&#8217;asfalto messo in prima mano, cos\u00ec come ha criticato la &#8220;grattata&#8221;, soprattutto le mamme in passeggiata con le carrozzine. Dell&#8217;argomento ne ha parlato anche l&#8217;ingegner Felice Gaiardo nell&#8217;incontro del Teaz.<\/p>\n<audio class=\"wp-audio-shortcode\" id=\"audio-166709-1\" preload=\"none\" style=\"width: 100%;\" controls=\"controls\"><source type=\"audio\/mpeg\" src=\"https:\/\/www.radiopiu.net\/wordpress\/wp-content\/uploads\/2020\/10\/GAIARDO.mp3?_=1\" \/><a href=\"https:\/\/www.radiopiu.net\/wordpress\/wp-content\/uploads\/2020\/10\/GAIARDO.mp3\">https:\/\/www.radiopiu.net\/wordpress\/wp-content\/uploads\/2020\/10\/GAIARDO.mp3<\/a><\/audio>\n<p>&nbsp;<\/p>\n<blockquote>\n<h3>DAL NOTIZIARIO DEL 29 GIUGNO 2020<\/h3>\n<\/blockquote>\n<blockquote class=\"wp-embedded-content\" data-secret=\"KSRVRU6869\"><p><a href=\"https:\/\/www.radiopiu.net\/wordpress\/ciclabile-di-alleghe-segnaletica-carente-le-critiche-di-un-turista-nella-lettera-ai-sindaci\/\">CICLABILE DI ALLEGHE SEGNALETICA CARENTE, LE CRITICHE DI UN TURISTA NELLA LETTERA AI SINDACI<\/a><\/p><\/blockquote>\n<p><iframe loading=\"lazy\" class=\"wp-embedded-content\" sandbox=\"allow-scripts\" security=\"restricted\" style=\"position: absolute; clip: rect(1px, 1px, 1px, 1px);\" title=\"&#8220;CICLABILE DI ALLEGHE SEGNALETICA CARENTE, LE CRITICHE DI UN TURISTA NELLA LETTERA AI SINDACI&#8221; &#8212; Radio Pi\u00f9\" src=\"https:\/\/www.radiopiu.net\/wordpress\/ciclabile-di-alleghe-segnaletica-carente-le-critiche-di-un-turista-nella-lettera-ai-sindaci\/embed\/#?secret=KSRVRU6869\" data-secret=\"KSRVRU6869\" width=\"600\" height=\"338\" frameborder=\"0\" marginwidth=\"0\" marginheight=\"0\" scrolling=\"no\"><\/iframe><\/p>\n<blockquote>\n<h3>DAL NOTIZIARIO DEL 24 GIUGNO 2020<\/h3>\n<\/blockquote>\n<blockquote class=\"wp-embedded-content\" data-secret=\"yc1mqNpNpv\"><p><a href=\"https:\/\/www.radiopiu.net\/wordpress\/il-nero-dellasfalto-non-fa-per-la-ciclabile-da-alleghe-a-caprile\/\">IL NERO DELL&#8217;ASFALTO NON FA PER LA CICLABILE DA ALLEGHE A CAPRILE<\/a><\/p><\/blockquote>\n<p><iframe loading=\"lazy\" class=\"wp-embedded-content\" sandbox=\"allow-scripts\" security=\"restricted\" style=\"position: absolute; clip: rect(1px, 1px, 1px, 1px);\" title=\"&#8220;IL NERO DELL&#8217;ASFALTO NON FA PER LA CICLABILE DA ALLEGHE A CAPRILE&#8221; &#8212; Radio Pi\u00f9\" src=\"https:\/\/www.radiopiu.net\/wordpress\/il-nero-dellasfalto-non-fa-per-la-ciclabile-da-alleghe-a-caprile\/embed\/#?secret=yc1mqNpNpv\" data-secret=\"yc1mqNpNpv\" width=\"600\" height=\"338\" frameborder=\"0\" marginwidth=\"0\" marginheight=\"0\" scrolling=\"no\"><\/iframe><\/p>\n","protected":false},"excerpt":{"rendered":"<p>ROCCA PIETORE Anche il fondo stradale apre discussioni nel capitolo del recupero dei Serrai di Sottoguda. Innanzitutto non \u00e8 un fattore secondario, perch\u00e9 il Pettorina di norma placido e tranquillo quando arrivano le &#8220;bombe d&#8217;acqua&#8221; s&#8217;ingrossa, tracima e spazza via ci\u00f2 che incontra. Nei giorni di Vaia l&#8217;esempio \u00e8 stato chiaro, sono &#8220;volati&#8221; ponti, condotte&hellip;<\/p>\n","protected":false},"author":4,"featured_media":166710,"comment_status":"closed","ping_status":"closed","sticky":false,"template":"","format":"standard","meta":{"_monsterinsights_skip_tracking":false,"_monsterinsights_sitenote_active":false,"_monsterinsights_sitenote_note":"","_monsterinsights_sitenote_category":0,"footnotes":""},"categories":[51,49],"tags":[],"class_list":["post-166709","post","type-post","status-publish","format-standard","has-post-thumbnail","hentry","category-evidenza-top","category-news-18","category-51","category-49","description-off"],"img_url":"https:\/\/www.radiopiu.net\/wordpress\/wp-content\/uploads\/2020\/10\/d5112e12-c165-44df-bb33-bb3876d0562c.jpg","_links":{"self":[{"href":"https:\/\/www.radiopiu.net\/wordpress\/wp-json\/wp\/v2\/posts\/166709","targetHints":{"allow":["GET"]}}],"collection":[{"href":"https:\/\/www.radiopiu.net\/wordpress\/wp-json\/wp\/v2\/posts"}],"about":[{"href":"https:\/\/www.radiopiu.net\/wordpress\/wp-json\/wp\/v2\/types\/post"}],"author":[{"embeddable":true,"href":"https:\/\/www.radiopiu.net\/wordpress\/wp-json\/wp\/v2\/users\/4"}],"replies":[{"embeddable":true,"href":"https:\/\/www.radiopiu.net\/wordpress\/wp-json\/wp\/v2\/comments?post=166709"}],"version-history":[{"count":0,"href":"https:\/\/www.radiopiu.net\/wordpress\/wp-json\/wp\/v2\/posts\/166709\/revisions"}],"wp:featuredmedia":[{"embeddable":true,"href":"https:\/\/www.radiopiu.net\/wordpress\/wp-json\/wp\/v2\/media\/166710"}],"wp:attachment":[{"href":"https:\/\/www.radiopiu.net\/wordpress\/wp-json\/wp\/v2\/media?parent=166709"}],"wp:term":[{"taxonomy":"category","embeddable":true,"href":"https:\/\/www.radiopiu.net\/wordpress\/wp-json\/wp\/v2\/categories?post=166709"},{"taxonomy":"post_tag","embeddable":true,"href":"https:\/\/www.radiopiu.net\/wordpress\/wp-json\/wp\/v2\/tags?post=166709"}],"curies":[{"name":"wp","href":"https:\/\/api.w.org\/{rel}","templated":true}]}}