{"id":166713,"date":"2020-10-16T11:58:38","date_gmt":"2020-10-16T09:58:38","guid":{"rendered":"https:\/\/www.radiopiu.net\/wordpress\/?p=166713"},"modified":"2020-10-16T11:59:34","modified_gmt":"2020-10-16T09:59:34","slug":"minority-safepack-tutela-delle-minoranze-ora-agisca-la-commissione","status":"publish","type":"post","link":"https:\/\/www.radiopiu.net\/wordpress\/minority-safepack-tutela-delle-minoranze-ora-agisca-la-commissione\/","title":{"rendered":"MINORITY SAFEPACK  \u00abTUTELA DELLE MINORANZE, ORA AGISCA LA COMMISSIONE\u00bb"},"content":{"rendered":"<p lang=\"it-IT\" style=\"text-align: left;\" align=\"CENTER\"><strong><a class=\"dt-pswp-item\" href=\"https:\/\/www.radiopiu.net\/wordpress\/wp-content\/uploads\/2020\/03\/Herbert-Dorfmann-2.jpg\" data-dt-img-description=\"\" data-large_image_width=\"2000\" data-large_image_height=\"1333\"><img loading=\"lazy\" decoding=\"async\" class=\"size-medium wp-image-125055 alignleft\" src=\"https:\/\/www.radiopiu.net\/wordpress\/wp-content\/uploads\/2020\/03\/Herbert-Dorfmann-2-300x200.jpg\" alt=\"\" width=\"300\" height=\"200\" srcset=\"https:\/\/www.radiopiu.net\/wordpress\/wp-content\/uploads\/2020\/03\/Herbert-Dorfmann-2-300x200.jpg 300w, https:\/\/www.radiopiu.net\/wordpress\/wp-content\/uploads\/2020\/03\/Herbert-Dorfmann-2-1024x682.jpg 1024w, https:\/\/www.radiopiu.net\/wordpress\/wp-content\/uploads\/2020\/03\/Herbert-Dorfmann-2-768x512.jpg 768w, https:\/\/www.radiopiu.net\/wordpress\/wp-content\/uploads\/2020\/03\/Herbert-Dorfmann-2-1536x1024.jpg 1536w, https:\/\/www.radiopiu.net\/wordpress\/wp-content\/uploads\/2020\/03\/Herbert-Dorfmann-2.jpg 2000w\" sizes=\"auto, (max-width: 300px) 100vw, 300px\" \/><\/a>BRUXELLES\u00a0<\/strong> <span style=\"color: #050505;\"><span style=\"font-family: Arial, sans-serif;\"><span style=\"font-size: medium;\">Si \u00e8 tenuta ieri\u00a0 la discussione in Parlamento Europeo del Minority SafePack, l&#8217;iniziativa sostenuta da oltre 1,3 milioni di cittadini europei per chiedere pi\u00f9 diritti e protezione per le minoranze etniche e linguistiche. <\/span><\/span><\/span><span style=\"color: #050505;\"><span style=\"font-family: Arial, sans-serif;\"><span style=\"font-size: medium;\">Tra gli interventi, anche quello dell&#8217;europarlamentare Herbert Dorfmann che ha sottolineato come per la tutela della stessa Europa sia fondamentale la tutela delle minoranze, invitando la Commissione Europea ad agire. <\/span><\/span><\/span><em><span style=\"font-size: medium; font-family: Arial, sans-serif; color: #050505;\">\u00ab\u00c8 fondamentale concretizzare questa iniziativa portata avanti da milioni di cittadini europei e arrivare ad azioni che portino a una maggiore protezione delle minoranze etniche e linguistiche, &#8211; sottolinea Dorfmann &#8211; La Commissione Europea non pu\u00f2 pi\u00f9 evitare questo tema: deve finalmente riconoscere le minoranze perch\u00e9 \u00e8 proprio la diversit\u00e0 di lingue e culture che fa l\u2019Europa\u00bb. <\/span><\/em><span style=\"color: #050505;\"><span style=\"font-family: Arial, sans-serif;\"><span style=\"font-size: medium;\">Va sottolineato come, tra le decine di minoranze sul territorio europee, figuri anche quella di lingua ladina, che nella Provincia di Belluno viene ufficialmente riconosciuta in ben 37 comuni: non \u00e8 quindi un caso se l&#8217;Italia risulta il terzo Paese membro, dopo Ungheria e Romania, per numero di firme raccolte a sostegno dell&#8217;iniziativa. <\/span><\/span><\/span><em><span style=\"font-size: medium; font-family: Arial, sans-serif; color: #050505;\">\u00abDurante il dibattito, ho rimarcato le varie richieste dei promotori del Minority SafePack: la protezione e la promozione della diversit\u00e0 culturale e linguistica, l&#8217;ideazione di programmi a sostegno delle piccole comunit\u00e0 linguistiche, l\u2019istituzione di un centro per la diversit\u00e0 linguistica. &#8211; commenta Dorfmann &#8211; La protezione delle minoranze autoctone e la promozione della diversit\u00e0 culturale e linguistica devono essere inserite tra gli obiettivi da perseguire attraverso i fondi per lo sviluppo regionale; le minoranze che abitano il nostro continente costituiscono un valore aggiunto, va stimolata la ricerca a riguardo\u00bb. <\/span><\/em><span style=\"color: #050505;\"><span style=\"font-family: Arial, sans-serif;\"><span style=\"font-size: medium;\">Al termine dell\u2019audizione, il Parlamento Europeo ha redatto una risoluzione, che sar\u00e0 successivamente discussa e votata in assemblea plenaria. Spetter\u00e0 infine alla Commissione Europea avanzare una proposta che permetta di tradurre in legge lo spirito del Minority SafePack. <\/span><\/span><\/span><span style=\"color: #050505;\"><span style=\"font-family: Arial, sans-serif;\"><span style=\"font-size: medium;\">La raccolta firme a sostegno del Minority SafePack \u00e8 stata avviata nell\u2019aprile 2018; in poco pi\u00f9 di un mese, sono state raccolte 1,3 milioni di firme, ben oltre il milione richiesto. Le sottoscrizioni dovevano arrivare da almeno sette Paesi membri, e ne sono stati coinvolti undici (Romania, Ungheria, Spagna, Slovacchia, Danimarca, Bulgaria, Slovacchia, Lituania, Croazia, Lettonia e Italia). <\/span><\/span><\/span><span style=\"color: #050505;\"><span style=\"font-family: Arial, sans-serif;\"><span style=\"font-size: medium;\">A gennaio 2020 le firme sono state registrate presso la Commissione Europea; il Parlamento Europeo avrebbe dovuto organizzare entro sei mesi da quella data un&#8217;audizione pubblica. Inizialmente prevista per il 23 marzo, \u00e8 poi slittata alla giornata di ieri, 15 ottobre, a seguito dell&#8217;emergenza Coronavirus.<\/span><\/span><\/span><\/p>\n<p lang=\"it-IT\" align=\"LEFT\">\n","protected":false},"excerpt":{"rendered":"<p>BRUXELLES\u00a0 Si \u00e8 tenuta ieri\u00a0 la discussione in Parlamento Europeo del Minority SafePack, l&#8217;iniziativa sostenuta da oltre 1,3 milioni di cittadini europei per chiedere pi\u00f9 diritti e protezione per le minoranze etniche e linguistiche. Tra gli interventi, anche quello dell&#8217;europarlamentare Herbert Dorfmann che ha sottolineato come per la tutela della stessa Europa sia fondamentale la&hellip;<\/p>\n","protected":false},"author":4,"featured_media":76181,"comment_status":"closed","ping_status":"closed","sticky":false,"template":"","format":"standard","meta":{"_monsterinsights_skip_tracking":false,"_monsterinsights_sitenote_active":false,"_monsterinsights_sitenote_note":"","_monsterinsights_sitenote_category":0,"footnotes":""},"categories":[49],"tags":[],"class_list":["post-166713","post","type-post","status-publish","format-standard","has-post-thumbnail","hentry","category-news-18","category-49","description-off"],"img_url":"https:\/\/www.radiopiu.net\/wordpress\/wp-content\/uploads\/2019\/02\/Herbert-Dorfmann-2.jpg","_links":{"self":[{"href":"https:\/\/www.radiopiu.net\/wordpress\/wp-json\/wp\/v2\/posts\/166713","targetHints":{"allow":["GET"]}}],"collection":[{"href":"https:\/\/www.radiopiu.net\/wordpress\/wp-json\/wp\/v2\/posts"}],"about":[{"href":"https:\/\/www.radiopiu.net\/wordpress\/wp-json\/wp\/v2\/types\/post"}],"author":[{"embeddable":true,"href":"https:\/\/www.radiopiu.net\/wordpress\/wp-json\/wp\/v2\/users\/4"}],"replies":[{"embeddable":true,"href":"https:\/\/www.radiopiu.net\/wordpress\/wp-json\/wp\/v2\/comments?post=166713"}],"version-history":[{"count":0,"href":"https:\/\/www.radiopiu.net\/wordpress\/wp-json\/wp\/v2\/posts\/166713\/revisions"}],"wp:featuredmedia":[{"embeddable":true,"href":"https:\/\/www.radiopiu.net\/wordpress\/wp-json\/wp\/v2\/media\/76181"}],"wp:attachment":[{"href":"https:\/\/www.radiopiu.net\/wordpress\/wp-json\/wp\/v2\/media?parent=166713"}],"wp:term":[{"taxonomy":"category","embeddable":true,"href":"https:\/\/www.radiopiu.net\/wordpress\/wp-json\/wp\/v2\/categories?post=166713"},{"taxonomy":"post_tag","embeddable":true,"href":"https:\/\/www.radiopiu.net\/wordpress\/wp-json\/wp\/v2\/tags?post=166713"}],"curies":[{"name":"wp","href":"https:\/\/api.w.org\/{rel}","templated":true}]}}