{"id":166828,"date":"2020-10-17T05:54:24","date_gmt":"2020-10-17T03:54:24","guid":{"rendered":"https:\/\/www.radiopiu.net\/wordpress\/?p=166828"},"modified":"2020-10-17T06:39:24","modified_gmt":"2020-10-17T04:39:24","slug":"https-wp-me-p63lo7-hom","status":"publish","type":"post","link":"https:\/\/www.radiopiu.net\/wordpress\/https-wp-me-p63lo7-hom\/","title":{"rendered":"DILLO A RADIO PIU&#8217;&#8230; il mio modesto parere da cittadino sulla questione Nevegal"},"content":{"rendered":"<p><strong>Riceviamo a volentieri pubblichiamo un contributo sulla vicenda Nevegal a firma di Giuseppe Cancemi di Belluno<\/strong><\/p>\n<p>&nbsp;<\/p>\n<blockquote><p><em><img loading=\"lazy\" decoding=\"async\" class=\"alignleft\" src=\"https:\/\/www.radiopiu.net\/wordpress\/wp-content\/uploads\/2019\/09\/nevegal-visentin-nogherazza.jpg\" width=\"184\" height=\"137\" \/><\/em><strong>BELLUNO<\/strong> <em>Premesso che tutti vorremmo un Nevegal risorto o comunque in grado di continuare con le proprie <\/em><em>forze, ma non \u00e8 difficile comprendere che siamo fuori da ogni ragionevole aspettativa. Qualche <\/em><em>tempo fa, gi\u00e0 si pronosticava un turismo bianco da un futuro nero per le quote pi\u00f9 basse dell\u2019arco <\/em><em>alpino. A tutti, dovrebbe essere noto che sulle Alpi, al di sotto dei 2000 metri, sempre con meno neve, non \u00e8 pi\u00f9 possibile sciare con piste naturalmente innevate. I cambiamenti climatici fanno sentire il loro effetto e molti comprensori, sappiamo, ne soffrono le conseguenze. La gestione degli impianti ha costi non pi\u00f9 sostenibili da tempo. La stagione sciistica si \u00e8 accorciata, e per necessit\u00e0 di sopravvivenza degli operatori in servizio, si \u00e8 arrivati ad aperture di stagione ritardate ma con piste dove compare anche l\u2019erba. Gradatamente, si \u00e8 passati verso un pi\u00f9 diffuso innevamento artificiale sostenuto da cannoni sparaneve che economicamente aggravano il mantenimento dell\u2019impianto. La questione Nevegal \u00e8 politica, e non pu\u00f2 essere affrontata in termini demagogici o superficiali, perch\u00e9 \u00e8 un problema economico, prima di tutto con riflessi sulla vita delle persone: chi vi lavora. Tutti si prodigano per il Nevegal (a parole) ma non mi sembra che alcuno abbia presentato, per la sua continuazione nella gestione degli impianti, uno straccio di \u201cbusiness plan\u201d. In semplici parole, quell\u2019idea imprenditoriale che riesce a spiegare una fattibilit\u00e0 nella continuazione che sia competitiva e sostenibile. Purtroppo, si discute da anni come se fosse un fatto a s\u00e9 stante e non come tema di interesse territoriale per Belluno. Tutto tra l\u2019altro avviene, tralasciando quello che \u00e8 l\u2019impasse principale: il cambiamento climatico di questi ultimi anni. La recessione del 2007, oltre al cambiamento climatico, \u00e8 il punto d\u2019inizio della crisi che avrebbe colpito i comprensori sciistici. L\u2019OCSE (Organizzazione Cooperazione Sviluppo Economico) in una sua ricerca, se ne occupa facendo notare che per il mantenimento di un comprensorio occorre un innevamento della durata di 100 giorni all\u2019anno e un\u2019altezza della neve di almeno 30 centimetri. Altro dato non trascurabile nella complessiva crisi determinata dal clima in montagna, riguarda la temperatura media, la quale per ogni grado in pi\u00f9 fa alzare il livello sciabile di 300 metri. E\u2019 un fatto, che per i comprensori sciistici sono in atto un certo numero di chiusure verso fondo valle di chi dichiara fallimento e di altri che fanno proposte di salvataggio con ricorso ai fondi pubblici. Volere ancora insistere nella priorit\u00e0 turistica delle piste da sci, pu\u00f2 sembrare pi\u00f9 un \u201caccanimento terapeutico\u201d che non altro. La montagna ha tanto da dare e non testardamente per forza un\u2019offerta turistica in perdita puntando <\/em><em>quasi esclusivamente su un\u2019attivit\u00e0 monocorde. In tempi di transizione sarebbe bene riprendere con<\/em><br \/>\n<em>maggiore orgoglio le offerte di eccellenza che offre la natura dei luoghi. Insomma non sarebbe poi <\/em><em>cos\u00ec difficile orientarsi verso approcci di pi\u00f9 basso impatto ambientale. Vengono in mente: l\u2019accoglienza, l\u2019ospitalit\u00e0, la vendita di prodotti locali e i servizi per il tempo libero per la bellezza dei luoghi. E il territorio di Belluno, di risorse come quelle accennate, ne ha di primati da offrire.<\/em><\/p><\/blockquote>\n","protected":false},"excerpt":{"rendered":"<p>Riceviamo a volentieri pubblichiamo un contributo sulla vicenda Nevegal a firma di Giuseppe Cancemi di Belluno &nbsp; BELLUNO Premesso che tutti vorremmo un Nevegal risorto o comunque in grado di continuare con le proprie forze, ma non \u00e8 difficile comprendere che siamo fuori da ogni ragionevole aspettativa. Qualche tempo fa, gi\u00e0 si pronosticava un turismo&hellip;<\/p>\n","protected":false},"author":4,"featured_media":100022,"comment_status":"closed","ping_status":"closed","sticky":false,"template":"","format":"standard","meta":{"_monsterinsights_skip_tracking":false,"_monsterinsights_sitenote_active":false,"_monsterinsights_sitenote_note":"","_monsterinsights_sitenote_category":0,"footnotes":""},"categories":[51,49],"tags":[],"class_list":["post-166828","post","type-post","status-publish","format-standard","has-post-thumbnail","hentry","category-evidenza-top","category-news-18","category-51","category-49","description-off"],"img_url":"https:\/\/www.radiopiu.net\/wordpress\/wp-content\/uploads\/2019\/09\/nevegal-visentin-nogherazza.jpg","_links":{"self":[{"href":"https:\/\/www.radiopiu.net\/wordpress\/wp-json\/wp\/v2\/posts\/166828","targetHints":{"allow":["GET"]}}],"collection":[{"href":"https:\/\/www.radiopiu.net\/wordpress\/wp-json\/wp\/v2\/posts"}],"about":[{"href":"https:\/\/www.radiopiu.net\/wordpress\/wp-json\/wp\/v2\/types\/post"}],"author":[{"embeddable":true,"href":"https:\/\/www.radiopiu.net\/wordpress\/wp-json\/wp\/v2\/users\/4"}],"replies":[{"embeddable":true,"href":"https:\/\/www.radiopiu.net\/wordpress\/wp-json\/wp\/v2\/comments?post=166828"}],"version-history":[{"count":0,"href":"https:\/\/www.radiopiu.net\/wordpress\/wp-json\/wp\/v2\/posts\/166828\/revisions"}],"wp:featuredmedia":[{"embeddable":true,"href":"https:\/\/www.radiopiu.net\/wordpress\/wp-json\/wp\/v2\/media\/100022"}],"wp:attachment":[{"href":"https:\/\/www.radiopiu.net\/wordpress\/wp-json\/wp\/v2\/media?parent=166828"}],"wp:term":[{"taxonomy":"category","embeddable":true,"href":"https:\/\/www.radiopiu.net\/wordpress\/wp-json\/wp\/v2\/categories?post=166828"},{"taxonomy":"post_tag","embeddable":true,"href":"https:\/\/www.radiopiu.net\/wordpress\/wp-json\/wp\/v2\/tags?post=166828"}],"curies":[{"name":"wp","href":"https:\/\/api.w.org\/{rel}","templated":true}]}}