{"id":166864,"date":"2020-10-18T07:07:15","date_gmt":"2020-10-18T05:07:15","guid":{"rendered":"https:\/\/www.radiopiu.net\/wordpress\/?p=166864"},"modified":"2020-10-18T07:07:15","modified_gmt":"2020-10-18T05:07:15","slug":"giornale-radiopiu-18-ottobre-2020-direttore-mirko-mezzacasa","status":"publish","type":"post","link":"https:\/\/www.radiopiu.net\/wordpress\/giornale-radiopiu-18-ottobre-2020-direttore-mirko-mezzacasa\/","title":{"rendered":"GIORNALE RADIOPIU 18 OTTOBRE 2020 DIRETTORE MIRKO MEZZACASA"},"content":{"rendered":"<h3><strong>PER RICEVERE QUESTO NOTIZIARIO DIRETTAMENTE SUL TUO CELLULARE ISCRIVITI AL CANALE TELEGRAM <\/strong><strong>\u201cRADIO PIU\u00a0 INFORMAZIONE&#8221;<\/strong><\/h3>\n<p><em>ATTENZIONE: LA NUOVA APP PER IOS-IPHONE<\/em><\/p>\n<div>\n<div><a href=\"https:\/\/apps.apple.com\/it\/app\/radio-pi%C3%B9-emittente-agordina\/id1515939845\">https:\/\/apps.apple.com\/it\/app\/radio-pi%C3%B9-emittente-agordina\/id1515939845<\/a><\/div>\n<\/div>\n<div><\/div>\n<div>\n<div dir=\"auto\"><em>ATTENZIONE: LA NUOVA APP RADIO\u00a0 PER ANDROID<\/em><\/div>\n<\/div>\n<p><a href=\"https:\/\/play.google.com\/store\/apps\/details?id=net.radiopiu.iniko\" target=\"_blank\" rel=\"noopener noreferrer\">https:\/\/play.google.com\/store\/apps\/details?id=net.radiopiu.iniko<\/a><\/p>\n<h3><\/h3>\n<hr \/>\n<p>&nbsp;<\/p>\n<h3><span style=\"color: #0000ff;\">PER CHI VIAGGIA: <span style=\"color: #000000;\">negli spostamenti Agordo-Belluno prendetevi per tempo, sono due i semafori (non sincronizzati) tra La Stanga (dopo il ristorante) e Candaten (prima del rettilineo). Disagi notevoli nelle ore di cambio turno in Luxottica ad Agordo.\u00a0<\/span><\/span><\/h3>\n<p>&nbsp;<\/p>\n<hr \/>\n<p>&nbsp;<\/p>\n<p><strong>SP 37 VILLAPAIERA &#8211; FELTRE &#8211;\u00a0 <\/strong>Fino al 30 ottobre (compresi festivi e prefestivi) in abitato di Villapaiera interdizione totale al transito per sistemazione condotta fognaria<\/p>\n<p><strong>PROVINCIALE 8 SAN TOMASO<\/strong> nuovo senso unico alternato fino al 13 novembre compresi festivi e prefestivi in localit\u00e0 ROI per realizzazione acquedotto<\/p>\n<p>&nbsp;<\/p>\n<p>&nbsp;<\/p>\n<hr \/>\n<p>&nbsp;<\/p>\n<p><strong>SELVA DI CADORE<\/strong> Gestione Servizi Pubblici informa che a SELVA DI CADORE in LOCALITA&#8217; L&#8217; ANDRIA, l&#8217;acqua erogata dall&#8217;acquedotto \u00e8 di nuovo potabile e pu\u00f2 essere usata, quindi, per scopi alimentari. Per informazioni \u00e8 possibile contattare il Servizio Clienti al numero 800 306 999 o +39 0445 230521 (da estero) .<\/p>\n<p><strong>CENCENIGHE <\/strong>Gestione Servizi Pubblici informa che, per lavori alla rete idrica comunale, LUNEDI\u00a0 dalle 8\u00a0 a fine lavori verr\u00e0 sospesa l\u2019erogazione dell\u2019acqua\u00a0 nelle localit\u00e0 Bastiani, Chenet e Lorenzon<\/p>\n<p>&nbsp;<\/p>\n<p>&nbsp;<\/p>\n<hr \/>\n<p>&nbsp;<\/p>\n<blockquote>\n<h3>AUTO SI RIBALTA NEL FOSSO, I TRE PASSEGGERI ESCONO AUTONOMAMENTE DAL MEZZO<\/h3>\n<\/blockquote>\n<p><strong>PONTE NELLE ALPI<\/strong> Ieri sera\u00a0 i vigili del fuoco sono intervenuti lungo la SP 422 in localit\u00e0 la Secca per un\u2019auto finita rovesciata in una scarpata: un ferito tra le tre persone a bordo. I pompieri hanno messo in sicurezza la Subaru Impreza, mentre i tre occupanti riusciti a venire fuori dall\u2019abitacolo erano assistiti dal personale sanitario del SUEM, solo per una persona il trasferimento in pronto soccorso per ulteriori accertamenti. Sul posto le forze dell\u2019ordine per il rilievo del sinistro. Le operazioni di soccorso dei vigili del fuoco sono terminate dopo due ore e mezza.<\/p>\n\n\t\t\t<style type='text\/css'>\n\t\t\t\t#gallery-1 {\n\t\t\t\t\tmargin: auto;\n\t\t\t\t}\n\t\t\t\t#gallery-1 .gallery-item {\n\t\t\t\t\tfloat: left;\n\t\t\t\t\tmargin-top: 10px;\n\t\t\t\t\ttext-align: center;\n\t\t\t\t\twidth: 50%;\n\t\t\t\t}\n\t\t\t\t#gallery-1 img {\n\t\t\t\t\tborder: 2px solid #cfcfcf;\n\t\t\t\t}\n\t\t\t\t#gallery-1 .gallery-caption {\n\t\t\t\t\tmargin-left: 0;\n\t\t\t\t}\n\t\t\t\t\/* see gallery_shortcode() in wp-includes\/media.php *\/\n\t\t\t<\/style>\n\t\t<div id='gallery-1' class='dt-gallery-container gallery galleryid-166864 gallery-columns-2 gallery-size-medium'><dl class='gallery-item'>\n\t\t\t\t<dt class='gallery-icon landscape'>\n\t\t\t\t\t<a class=\"rollover rollover-zoom dt-pswp-item\" title=\"WhatsApp Image 2020-10-17 at 22.25.54\" data-dt-img-description=\"\" data-large_image_width=\"1025\" data-large_image_height=\"591\"href='https:\/\/www.radiopiu.net\/wordpress\/wp-content\/uploads\/2020\/10\/WhatsApp-Image-2020-10-17-at-22.25.54.jpeg'><img loading=\"lazy\" decoding=\"async\" width=\"300\" height=\"173\" src=\"https:\/\/www.radiopiu.net\/wordpress\/wp-content\/uploads\/2020\/10\/WhatsApp-Image-2020-10-17-at-22.25.54-300x173.jpeg\" class=\"attachment-medium size-medium\" alt=\"\" srcset=\"https:\/\/www.radiopiu.net\/wordpress\/wp-content\/uploads\/2020\/10\/WhatsApp-Image-2020-10-17-at-22.25.54-300x173.jpeg 300w, https:\/\/www.radiopiu.net\/wordpress\/wp-content\/uploads\/2020\/10\/WhatsApp-Image-2020-10-17-at-22.25.54-768x443.jpeg 768w, https:\/\/www.radiopiu.net\/wordpress\/wp-content\/uploads\/2020\/10\/WhatsApp-Image-2020-10-17-at-22.25.54.jpeg 1025w\" sizes=\"auto, (max-width: 300px) 100vw, 300px\" \/><\/a>\n\t\t\t\t<\/dt><\/dl><dl class='gallery-item'>\n\t\t\t\t<dt class='gallery-icon landscape'>\n\t\t\t\t\t<a class=\"rollover rollover-zoom dt-pswp-item\" title=\"WhatsApp Image 2020-10-17 at 22.25.52\" data-dt-img-description=\"\" data-large_image_width=\"950\" data-large_image_height=\"591\"href='https:\/\/www.radiopiu.net\/wordpress\/wp-content\/uploads\/2020\/10\/WhatsApp-Image-2020-10-17-at-22.25.52.jpeg'><img loading=\"lazy\" decoding=\"async\" width=\"300\" height=\"187\" src=\"https:\/\/www.radiopiu.net\/wordpress\/wp-content\/uploads\/2020\/10\/WhatsApp-Image-2020-10-17-at-22.25.52-300x187.jpeg\" class=\"attachment-medium size-medium\" alt=\"\" srcset=\"https:\/\/www.radiopiu.net\/wordpress\/wp-content\/uploads\/2020\/10\/WhatsApp-Image-2020-10-17-at-22.25.52-300x187.jpeg 300w, https:\/\/www.radiopiu.net\/wordpress\/wp-content\/uploads\/2020\/10\/WhatsApp-Image-2020-10-17-at-22.25.52-768x478.jpeg 768w, https:\/\/www.radiopiu.net\/wordpress\/wp-content\/uploads\/2020\/10\/WhatsApp-Image-2020-10-17-at-22.25.52.jpeg 950w\" sizes=\"auto, (max-width: 300px) 100vw, 300px\" \/><\/a>\n\t\t\t\t<\/dt><\/dl><br style=\"clear: both\" \/>\n\t\t\t<\/div>\n\n<p>&nbsp;<\/p>\n<hr \/>\n<blockquote>\n<h3>CADE DALLA MOTO E SBATTE VIOLENTEMENTE SULL&#8217;ASFALTO, ELITRASPORTATO ALL&#8217;OSPEDALE DI BELLUNO<\/h3>\n<\/blockquote>\n<p><strong><a class=\"dt-pswp-item\" href=\"https:\/\/www.radiopiu.net\/wordpress\/wp-content\/uploads\/2016\/05\/carabinieri-6-2-1.jpg\" data-dt-img-description=\"\" data-large_image_width=\"1000\" data-large_image_height=\"681\"><img loading=\"lazy\" decoding=\"async\" class=\" wp-image-19931 alignleft\" src=\"https:\/\/www.radiopiu.net\/wordpress\/wp-content\/uploads\/2016\/05\/carabinieri-6-2-1-300x204.jpg\" alt=\"\" width=\"199\" height=\"135\" \/><\/a>ALPAGO<\/strong> Nel pomeriggio di ieri i Carabinieri di Ponte Delle Alpi sono intervenuti sulla statale 51 di Alemagna per un incidente autonomo che ha coinvolto un motociclista. In localit\u00e0 Santa Croce di Alpago, un ventottenne, T.K. ucraino ma residente a Perarolo, ha perso il controllo della sua Suzuki WVB6 andando a sbattere violentemente sull&#8217;asfalto. Il ragazzo \u00e8 stato elitrasportato all&#8217;ospedale di Belluno. La prognosi e la diagnosi sono in fase di definizione.<\/p>\n<p>&nbsp;<\/p>\n<p>&nbsp;<\/p>\n<p>&nbsp;<\/p>\n<hr \/>\n<p>&nbsp;<\/p>\n<blockquote>\n<h3>NOMINATA DA ZAIA LA NUOVA GIUNTA REGIONALE DEL VENETO. 8 ASSESSORI IN TUTTO, 3 LE DONNE<\/h3>\n<\/blockquote>\n<p><a class=\"dt-pswp-item\" href=\"https:\/\/www.radiopiu.net\/wordpress\/wp-content\/uploads\/2020\/10\/GIUNTA-REGIONALE-DEL-VENETO-2020-2025.jpg\" data-dt-img-description=\"\" data-large_image_width=\"1600\" data-large_image_height=\"1200\"><img loading=\"lazy\" decoding=\"async\" class=\"alignnone wp-image-166915 size-large\" src=\"https:\/\/www.radiopiu.net\/wordpress\/wp-content\/uploads\/2020\/10\/GIUNTA-REGIONALE-DEL-VENETO-2020-2025-1024x768.jpg\" alt=\"\" width=\"1024\" height=\"768\" srcset=\"https:\/\/www.radiopiu.net\/wordpress\/wp-content\/uploads\/2020\/10\/GIUNTA-REGIONALE-DEL-VENETO-2020-2025-1024x768.jpg 1024w, https:\/\/www.radiopiu.net\/wordpress\/wp-content\/uploads\/2020\/10\/GIUNTA-REGIONALE-DEL-VENETO-2020-2025-300x225.jpg 300w, https:\/\/www.radiopiu.net\/wordpress\/wp-content\/uploads\/2020\/10\/GIUNTA-REGIONALE-DEL-VENETO-2020-2025-768x576.jpg 768w, https:\/\/www.radiopiu.net\/wordpress\/wp-content\/uploads\/2020\/10\/GIUNTA-REGIONALE-DEL-VENETO-2020-2025-1536x1152.jpg 1536w, https:\/\/www.radiopiu.net\/wordpress\/wp-content\/uploads\/2020\/10\/GIUNTA-REGIONALE-DEL-VENETO-2020-2025.jpg 1600w\" sizes=\"auto, (max-width: 1024px) 100vw, 1024px\" \/><\/a><\/p>\n<p><strong>VENEZIA\u00a0 <\/strong>Con la firma degli Assessori per accettazione dei decreti di nomina con attribuzione delle deleghe firmati nella serata di ieri dal Presidente Luca Zaia, \u00e8 nata ufficialmente oggi la Giunta regionale del Veneto per la legislatura 2020-2025. Oltre al Presidente, ne fanno parte otto assessori (tre donne e cinque uomini). Sette di loro facevano parte della Giunta uscente e sono stati riconfermati. La novit\u00e0 \u00e8 data dall\u2019Assessore Francesco Calzavara, jesolano con una lunga esperienza amministrativa, prima in comune, poi in Consiglio regionale. <em>\u201cRispetto alle altre due volte \u2013 ha detto Zaia presentando la sua squadra \u2013 l\u2019atmosfera \u00e8 diversa: questa Giunta nasce in un momento difficilissimo per il Paese, con una crisi importante e gi\u00e0 60.000 posti di lavoro persi. Non c\u2019\u00e8 stato tempo per festeggiare, anzi, c\u2019\u00e8 in tutti la consapevolezza della necessit\u00e0 di lavorare subito, a pancia bassa come uso dire. I veneti che ci hanno votato chiedono risposte e tocca a noi, come singoli e come squadra, saperle dare. Ho scelto e nominato questi Assessori in totale autonomia \u2013 ha sottolineato Zaia \u2013 e di questa possibilit\u00e0 ringrazio i partiti di maggioranza, che non hanno esercitato nessuna pressione, consentendomi di fare le scelte che ho ritenuto pi\u00f9 efficaci nell\u2019interesse dei cittadini\u201d. <\/em>Zaia ha concluso augurandosi che sia possibile lavorare subito in spirito di squadra anche con la minoranza per l\u2019obbiettivo comune di \u201cottenere il meglio per il nostro Veneto\u201d, e ha indicato l\u2019Autonomia da conquistare come obbiettivo prioritario. <em>\u201cUn\u2019Autonomia \u2013 ha concluso \u2013 che interesser\u00e0 trasversalmente il lavoro di tutti gli Assessorati\u201d.<\/em><\/p>\n<p>La nuova Giunta regionale del Veneto \u00e8 cos\u00ec composta:<\/p>\n<p>Presidente: <strong>LUCA ZAIA <\/strong>\u2022 Comunicazione e informazione \u2022 Attuazione autonomia regionale differenziata, federalismo, referendum consultivi previsti da leggi regionali \u2022 Relazioni internazionali e cooperazione allo sviluppo \u2022 Cooperazione transfrontaliera e transnazionale \u2022 Funzioni di controllo e Ispettorato \u2022 Competenze istituzionali (Stato-Regione) \u2013 Conferenze istituzionali \u2022 Rapporti con Parlamento nazionale ed Europeo \u2022 Attrazione degli investimenti \u2022 Giochi Olimpici e Paralimpici invernali 2026 ed altri Grandi eventi \u2022 Statistica <strong>ELISA DE BERTI <\/strong>(VICE PRESIDENTE &#8211; AFFARI LEGALI &#8211; LAVORI PUBBLICI \u2013 INFRASTRUTTURE \u2013 TRASPORTI) \u2022 Affari legali e contenzioso \u2022 Lavori pubblici \u2022 Sviluppo locale\/IPA \u2022 Infrastrutture \u2022 Programmazione dei trasporti \u2022 Trasporto pubblico locale \u2022 Navigazione interna e portuale \u2022 Mobilit\u00e0 sostenibile <strong>GIANPAOLO E. BOTTACIN <\/strong>(AMBIENTE \u2013 CLIMA \u2013 PROTEZIONE CIVILE \u2013 DISSESTO IDROGEOLOGICO) \u2022 Programmazione per la salvaguardia ambientale \u2022 Cambiamenti climatici \u2022 Tutela del suolo e dell\u2019aria \u2022 Ciclo integrato dell\u2019acqua \u2022 Difesa del suolo e mitigazione del rischio Idrogeologico \u2022 Foreste \u2022 Cave \u2022 Protezione civile e antincendio boschivo \u2022 Specificit\u00e0 provincia di Belluno \u2022 Coordinamento piano straordinario alienazioni immobili e partecipazioni <strong>FRANCESCO CALZAVARA <\/strong>(PROGRAMMAZIONE \u2013 ATTUAZIONE PROGRAMMA &#8211; RAPPORTI CON CONSIGLIO REGIONALE &#8211; BILANCIO E PATRIMONIO \u2013 AFFARI GENERALI \u2013 EE.LL.) \u2022 Bilancio e controllo finanziario \u2022 Finanze e tributi \u2022 Documenti di programmazione regionale \u2022 Attuazione programma di governo \u2022 Rapporti con Consiglio regionale \u2022 Rapporti con il credito \u2022 Partecipazioni societarie \u2022 Risorse umane \u2022 Affari generali, demanio e patrimonio \u2022 Sistema informatico, e-government e agenda digitale \u2022 Semplificazione amministrativa, trasparenza, anticorruzione \u2022 Rapporti con Enti Locali \u2022 Riordino funzioni di competenza regionale &#8211; Funzioni metropolitane <strong>FEDERICO CANER <\/strong>(FONDI UE &#8211; TURISMO \u2013 AGRICOLTURA \u2013 COMMERCIO ESTERO) \u2022 Partecipazione alle Conferenze istituzionali in supporto al Presidente \u2022 Programmazione (FAS e FSC) \u2022 Programmi FERS \u2022 Programma Italia-Croazia \u2022 Turismo \u2022 Trasporti a fune \u2022 Commercio estero e internazionalizzazione \u2022 Economia e sviluppo montano \u2022 Attivit\u00e0 promozionali \u2022 Politiche dell\u2019agricoltura e zootecnia \u2022 Politica Agricola Comune \u2013PAC \u2022 Piano di sviluppo rurale (FEOGA) \u2022 Programma comunitario LEADER \u2022 Fitosanitario \u2022 Produzioni ambientali e vegetali \u2022 Bonifica <strong>CRISTIANO CORAZZARI <\/strong>(TERRITORIO \u2013 CULTURA \u2013 SICUREZZA &#8211; FLUSSI MIGRATORI -CACCIA E PESCA) \u2022 Pianificazione territoriale e urbanistica \u2022 Beni ambientali, culturali e tutela del paesaggio\u00a0 \u2022 Parchi e aree protette\u2022 Caccia \u2022 Pesca e acquacoltura \u2022 Polizia Locale \u2013 Sicurezza \u2022 Cultura, spettacolo e sport \u2022 Edilizia sportiva \u2022 Edilizia di culto \u2022 Edilizia residenziale pubblica \u2022 Identit\u00e0 veneta \u2022 Flussi migratori\/Veneti nel mondo \u2022 Diritti umani \u2022 Minoranze linguistiche\u00a0<strong>ELENA DONAZZAN <\/strong>(ISTRUZIONE \u2013 FORMAZIONE \u2013 LAVORO \u2013 PARI OPPORTUNITA\u2019) \u2022 Politiche dell\u2019istruzione \u2022 Diritto allo studio \u2022 Scuole paritarie \u2022 Edilizia scolastica \u2022 Programmazione della formazione professionale \u2022 Programmi comunitari FSE \u2022 Politiche per il lavoro \u2022 Pari opportunit\u00e0 \u2022 Universit\u00e0 e ricerca fondamentale con riferimento ai rapporti con le Universit\u00e0 venete e gli Istituti di Ricerca nazionali e regionali \u2022 Accordi di programma ai sensi del DM MISE<br \/>\n1 aprile 2015 <strong>MANUELA LANZARIN <\/strong>(SANITA\u2019 \u2013 SERVIZI SOCIALI \u2013 PROGRAMMAZIONE SOCIO SANITARIA) \u2022 Programmazione sanitaria e socio sanitaria \u2022 Tutela della salute \u2022 Igiene pubblica \u2022 Programmazione edilizia a finalit\u00e0 collettive \u2022 Attuazione art. 20, legge n. 67\/1988 \u2022 Sicurezza alimentare \u2022 Servizi veterinari \u2022 Programmazione e servizi sociali \u2022 Interventi a favore della famiglia, dei minori, dei giovani, degli anziani e portatori di handicap \u2022 Non autosufficienza e disabilit\u00e0 \u2022 Violenza di genere \u2022 Nidi e servizi innovativi \u2022 Settore del no profit e del volontariato \u2022 Rapporti con Istituzioni di assistenza e riforma del settore <strong>ROBERTO MARCATO <\/strong>(SVILUPPO ECONOMICO \u2013 ENERGIA -LEGGE SPECIALE PER VENEZIA) \u2022 Artigianato \u2022 Commercio \u2022 Acque minerali e termali \u2022 Piccole e medie imprese \u2022 Industria \u2013 Fiere e mercati \u2022 Distretti \u2022 Ricerca e Innovazione<br \/>\n\u2022 Imprenditoria giovanile e femminile \u2022 Energia per tutte le filiere \u2022 Tutela consumatore \u2022 Sviluppo banda larga \u2022 Riconversione polo industriale di Marghera \u2022 Legge speciale per Venezia<\/p>\n<p>https:\/\/www.facebook.com\/zaiaufficiale\/videos\/392550835086686<\/p>\n<p>&nbsp;<\/p>\n<hr \/>\n<p>&nbsp;<\/p>\n<blockquote>\n<h3>NUOVA GIUNTA REGIONALE VENETO, BOND (FI): \u00abBUON LAVORO AGLI ASSESSORI, ANCHE SE FORZA ITALIA NON \u00c8 STATA CONSIDERATA\u00bb<\/h3>\n<\/blockquote>\n<p><strong><a class=\"dt-pswp-item\" href=\"https:\/\/www.radiopiu.net\/wordpress\/wp-content\/uploads\/2020\/05\/Dario-Bond.jpg\" data-dt-img-description=\"\" data-large_image_width=\"165\" data-large_image_height=\"228\"><img loading=\"lazy\" decoding=\"async\" class=\" wp-image-138833 alignleft\" src=\"https:\/\/www.radiopiu.net\/wordpress\/wp-content\/uploads\/2020\/05\/Dario-Bond.jpg\" alt=\"\" width=\"127\" height=\"175\" \/><\/a>VENEZIA\u00a0<\/strong>\u00ab<em>Dalla nascita di Forza Italia, \u00e8 la prima volta che il partito rimane fuori dalla giunta regionale del Veneto. \u00c8 giusto chiedersi come ma<\/em>i\u00bb. \u00c8 quanto afferma il deputato di Forza Italia Dario Bond, a pochi minuti dalla conferma dei nomi degli assessori nominati per lo Zaia ter.\u00a0\u00ab<em>\u00c8 vero che il risultato elettorale non \u00e8 stato buono per Forza Italia, ma in una coalizione si rispettano sempre le presenze, in un sistema di pesi e contropesi. Questo non vuole essere uno sfogo e neppure una ricerca di poltrone, semmai una semplice considerazione. Quando la Lega era in difficolt\u00e0 e sulla scena politica regionale si affacciava per la prima volta l\u2019attuale governatore Zaia, nessuno ha mai messo in discussione pesi e misure: la Lega era all\u2019interno della coalizione e veniva considerata come una forza politica e un alleato in virt\u00f9 di questo. Anzi, nella scelta tra Galan e Zaia, pur di fronte alla vittoria di Forza Italia, nessuno ha avuto da ridire sul nome di Zaia, e la Lega \u00e8 sempre stata garantita nonostante non avesse all\u2019epoca pesi elettorali cos\u00ec determinanti. Si vuole uccidere una parte politica oggi in difficolt\u00e0? Pu\u00f2 darsi, ma ricordiamoci che Forza Italia rappresenta ancora il centro moderato, e dietro a questo movimento politico c\u2019\u00e8 una storia, fatta di tanti amministratori di grande livello<\/em>\u00bb.\u00a0\u00ab<em>Auguro buon lavoro alla giunta\u00bb conclude Dario Bond. \u00abAgli assessori riconfermati e ai nuovi. Il Veneto ha bisogno di impegno e lungimiranza<\/em>\u00bb.<\/p>\n<div><\/div>\n<div><\/div>\n<div><\/div>\n<hr \/>\n<p>&nbsp;<\/p>\n<blockquote>\n<h3>NUOVA GIUNTA REGIONALE IN VENETO. DE CARLO: \u201cIN BOCCA AL LUPO A DONAZZAN E AI CONSIGLIERI&#8221;<\/h3>\n<\/blockquote>\n<p><strong><a class=\"dt-pswp-item\" href=\"https:\/\/www.radiopiu.net\/wordpress\/wp-content\/uploads\/2020\/05\/Luca-De-Carlo.jpg\" data-dt-img-description=\"\" data-large_image_width=\"165\" data-large_image_height=\"228\"><img loading=\"lazy\" decoding=\"async\" class=\" wp-image-138787 alignleft\" src=\"https:\/\/www.radiopiu.net\/wordpress\/wp-content\/uploads\/2020\/05\/Luca-De-Carlo.jpg\" alt=\"\" width=\"97\" height=\"134\" \/><\/a>VENEZIA\u00a0<\/strong>\u201c<em>Un grande in bocca al lupo al nostro assessore Elena Donazzan, che per i prossimi cinque anni rappresenter\u00e0 Fratelli d&#8217;Italia nella giunta veneta, e ai nostri cinque nuovi consiglieri regionali. Il nostro gruppo sar\u00e0 un punto di riferimento per tutti i cittadini veneti che ci hanno dato fiducia, riconoscendo nei nostri candidati una grande esperienza amministrativa, ma sapr\u00e0 ritagliarsi anche un ruolo politico che vedr\u00e0 protagonista la nostra visione e il nostro spirito di gestione della cosa pubblica. Questa esperienza sar\u00e0 poi un ulteriore tassello nella crescita di Fratelli d&#8217;Italia, che nel giro di pochi anni \u00e8 arrivata a conquistare la fiducia del 10% dei cittadini veneti; un assessore regionale e cinque consiglieri sono una solida base sulla quale pianificare il futuro<\/em>\u201d: questo il commento del coordinatore di Fratelli d&#8217;Italia, il senatore Luca De Carlo, alle nomine della nuova giunta regionale del Veneto.<\/p>\n<p>&nbsp;<\/p>\n<p>&nbsp;<\/p>\n<hr \/>\n<p>&nbsp;<\/p>\n<blockquote>\n<h3>NUOVA GIUNTA REGIONALE, L\u2019AUGURIO DI BUON LAVORO DEL PRESIDENTE PADRIN<\/h3>\n<\/blockquote>\n<p><strong><a class=\"dt-pswp-item\" href=\"https:\/\/www.radiopiu.net\/wordpress\/wp-content\/uploads\/2020\/05\/PADRIN.jpg\" data-dt-img-description=\"\" data-large_image_width=\"945\" data-large_image_height=\"1417\"><img loading=\"lazy\" decoding=\"async\" class=\" wp-image-134835 alignleft\" src=\"https:\/\/www.radiopiu.net\/wordpress\/wp-content\/uploads\/2020\/05\/PADRIN-200x300.jpg\" alt=\"\" width=\"115\" height=\"173\" srcset=\"https:\/\/www.radiopiu.net\/wordpress\/wp-content\/uploads\/2020\/05\/PADRIN-200x300.jpg 200w, https:\/\/www.radiopiu.net\/wordpress\/wp-content\/uploads\/2020\/05\/PADRIN-683x1024.jpg 683w, https:\/\/www.radiopiu.net\/wordpress\/wp-content\/uploads\/2020\/05\/PADRIN-768x1152.jpg 768w, https:\/\/www.radiopiu.net\/wordpress\/wp-content\/uploads\/2020\/05\/PADRIN.jpg 945w\" sizes=\"auto, (max-width: 115px) 100vw, 115px\" \/><\/a>BELLUNO\u00a0<\/strong>\u00ab<em>Auguro buon lavoro a tutti gli assessori della nuova giunta del Veneto. Il territorio bellunese, alla vigilia di importanti eventi di portata planetaria come i Mondiali di Cortina e le Olimpiadi 2026, ha bisogno di un filo diretto in Regione, ancora di pi\u00f9 di quanto \u00e8 stato fatto fino a oggi<\/em>\u00bb. \u00c8 quanto afferma il presidente della Provincia di Belluno, Roberto Padrin, nell\u2019esprimere le sue congratulazioni agli assessori del Veneto. \u00ab<em>Dalle infrastrutture al turismo, passando per caccia e pesca, agricoltura, istruzione, lavoro e specificit\u00e0 del nostro territorio, sono tanti i temi che ci auguriamo di poter portare avanti in unit\u00e0 d\u2019intenti con la nuova amministrazione regionale. Nella nuova giunta non c\u2019\u00e8 soluzione di continuit\u00e0, il che \u00e8 positivo per i rapporti intrecciati e portati avanti in questi anni. Mi auguro per\u00f2 ci sia ancora pi\u00f9 slancio per risolvere le criticit\u00e0 della montagna, che riguardano direttamente Belluno e indirettamente tutto il resto del Veneto. E mi auguro, da bellunese, che possa essere ripresa la trattativa per l\u2019autonomia del Veneto, all\u2019interno della quale devono trovare spazio anche le forme di maggiore autonomia della provincia montana. Da parte nostra, disponibilit\u00e0 massima al dialogo, come \u00e8 stato finora. Ce lo chiedono il bene del territorio e i servizi da erogare a tutte le bellunesi e ai bellunesi. Buon lavoro agli assessori e anche ai consiglieri bellunesi, Silvia Cestaro e Giovanni Puppato<\/em>\u00bb.<\/p>\n<p>&nbsp;<\/p>\n<hr \/>\n<p>&nbsp;<\/p>\n<blockquote>\n<h3>FIRMATA OGGI LA NUOVA ORDINANZA DEL VENETO DAL TITOLO \u201cMISURE URGENTI IN MATERIA DI CONTENIMENTO E GESTIONE DELL\u2018EMERGENZA EPIDEMIOLOGICA DA VIRUS COVID-19&#8243;<\/h3>\n<\/blockquote>\n<p><strong>VENEZIA\u00a0<\/strong>Il Presidente della Regione Veneto, Luca Zaia, ha firmato oggi l\u2019ordinanza N. 141 dal titolo \u201cMisure urgenti in materia di contenimento e gestione dell\u2018emergenza epidemiologica da virus COVID-19. Ulteriori disposizioni\u201d.\u00a0L\u2019ordinanza, contiene l\u2019allegato 1\u00a0 \u201cLinee guida per la partecipazione del pubblico agli eventi ed alle competizioni sportive\u201d.<\/p>\n<p><strong>L&#8217;ORDINANZA<\/strong><\/p>\n<a href=\"https:\/\/www.radiopiu.net\/wordpress\/wp-content\/uploads\/2020\/10\/COVID-ORDINANZA-ZAIA-17-OTTOBRE.pdf\" class=\"pdfemb-viewer\" style=\"\" data-width=\"max\" data-height=\"max\" data-toolbar=\"top\" data-toolbar-fixed=\"on\">COVID ORDINANZA ZAIA 17 OTTOBRE<\/a>\n<p>&nbsp;<\/p>\n<p><strong>LINEE GUIDA PER LA PARTECIPAZIONE DEL PUBBLICO AGLI EVENTI ED ALLE COMPETIZIONI SPORTIVE<\/strong><\/p>\n<a href=\"https:\/\/www.radiopiu.net\/wordpress\/wp-content\/uploads\/2020\/10\/COVID-ALLEGATO-1-ORDINANZA-ZAIA-17-OTTOBRE.pdf\" class=\"pdfemb-viewer\" style=\"\" data-width=\"max\" data-height=\"max\" data-toolbar=\"top\" data-toolbar-fixed=\"on\">COVID ALLEGATO 1 ORDINANZA ZAIA 17 OTTOBRE<\/a>\n<p>&nbsp;<\/p>\n<p>&nbsp;<\/p>\n<hr \/>\n<p><span style=\"color: #ff0000;\">ESPLOSIONE DI CONTAGI IN VENETO, IN UN SOLO GIORNO 926, 44 POSITIVI IN TERAPIA INTENSIVA.\u00a0 IN PROVINCIA OLTRE 700 ATTUALMENTE POSITIVI, ALL&#8217;OSPEDALE DI BELLUNO UN ALTRO MEDICO CONTAGIATO.\u00a0<\/span><\/p>\n<p><span style=\"color: #ff0000;\">IN COMELICO 400 EURO DI MULTA PER IL GIOVANE AL BANCONE DEL BAR CHE HA RIFIUTATO DI METTERE LA MASCHERINA.\u00a0<\/span><\/p>\n<blockquote>\n<h3>ULSS 1: 60 NUOVI POSITIVI IN 24 ORE, UN DECESSO AL SAN MARTINO<\/h3>\n<\/blockquote>\n<p><strong><a class=\"dt-pswp-item\" href=\"https:\/\/www.radiopiu.net\/wordpress\/wp-content\/uploads\/2020\/09\/corona-aggiornamenti-copia.jpg\" data-dt-img-description=\"\" data-large_image_width=\"626\" data-large_image_height=\"417\"><img loading=\"lazy\" decoding=\"async\" class=\"size-medium wp-image-158956 alignleft\" src=\"https:\/\/www.radiopiu.net\/wordpress\/wp-content\/uploads\/2020\/09\/corona-aggiornamenti-copia-300x200.jpg\" alt=\"\" width=\"300\" height=\"200\" srcset=\"https:\/\/www.radiopiu.net\/wordpress\/wp-content\/uploads\/2020\/09\/corona-aggiornamenti-copia-300x200.jpg 300w, https:\/\/www.radiopiu.net\/wordpress\/wp-content\/uploads\/2020\/09\/corona-aggiornamenti-copia.jpg 626w\" sizes=\"auto, (max-width: 300px) 100vw, 300px\" \/><\/a>BELLUNO\u00a0<\/strong>Nelle ultime 24 ore sono emerse 60 nuove positivit\u00e0 Covid. Di queste, 15 sono riferite operatori e ospiti di case di riposo del nostro territorio, 23 emergono dal noto focolaio Comelico-Cadore-Ampezzano. Le restanti positivit\u00e0 afferiscono singoli contesti in ambito provinciale senza evidenza di specifiche aggregazioni. Le persone attualmente ricoverate negli ospedali dell\u2019Ulss Dolomiti sono 28 in area non critica a Belluno, 15 a Feltre e 3 \u00a0in terapia intensiva a Belluno. Nella mattinata del 17 ottobre \u00e8 deceduto un paziente covid positivo di 83 anni ricoverato in Pneumologia Covid a Belluno. La direzione porge le condoglianze alla famiglia.<\/p>\n<p>&nbsp;<\/p>\n<p>&nbsp;<\/p>\n<p>&nbsp;<\/p>\n<p>&nbsp;<\/p>\n<p>&nbsp;<\/p>\n<p>&nbsp;<\/p>\n<hr \/>\n<p>&nbsp;<\/p>\n<blockquote class=\"wp-embedded-content\" data-secret=\"Ehc4yUMJhD\"><p><a href=\"https:\/\/www.radiopiu.net\/wordpress\/coronavirus-aggiornamento-nazionale-17-ottobre\/\">CORONAVIRUS: AGGIORNAMENTO NAZIONALE 17 OTTOBRE<\/a><\/p><\/blockquote>\n<p><iframe loading=\"lazy\" class=\"wp-embedded-content\" sandbox=\"allow-scripts\" security=\"restricted\" style=\"position: absolute; clip: rect(1px, 1px, 1px, 1px);\" title=\"&#8220;CORONAVIRUS: AGGIORNAMENTO NAZIONALE 17 OTTOBRE&#8221; &#8212; Radio Pi\u00f9\" src=\"https:\/\/www.radiopiu.net\/wordpress\/coronavirus-aggiornamento-nazionale-17-ottobre\/embed\/#?secret=Ehc4yUMJhD\" data-secret=\"Ehc4yUMJhD\" width=\"600\" height=\"338\" frameborder=\"0\" marginwidth=\"0\" marginheight=\"0\" scrolling=\"no\"><\/iframe><\/p>\n<p>&nbsp;<\/p>\n<hr \/>\n<p>&nbsp;<\/p>\n<blockquote class=\"wp-embedded-content\" data-secret=\"1YVC0Z7Gq2\"><p><a href=\"https:\/\/www.radiopiu.net\/wordpress\/926-nuovi-positivi-nelle-ultime-24-ore-in-veneto-4-decessi-160-negativizzati-e-ricoveri-in-aumento-a-belluno-38-nuove-positivita-in-calo-i-ricoveri\/\">926 NUOVI POSITIVI NELLE ULTIME 24 ORE IN VENETO. 4 DECESSI, 160 NEGATIVIZZATI E RICOVERI IN AUMENTO. A BELLUNO 38 NUOVE POSITIVIT\u00c0, IN CALO I RICOVERI<\/a><\/p><\/blockquote>\n<p><iframe loading=\"lazy\" class=\"wp-embedded-content\" sandbox=\"allow-scripts\" security=\"restricted\" style=\"position: absolute; clip: rect(1px, 1px, 1px, 1px);\" title=\"&#8220;926 NUOVI POSITIVI NELLE ULTIME 24 ORE IN VENETO. 4 DECESSI, 160 NEGATIVIZZATI E RICOVERI IN AUMENTO. A BELLUNO 38 NUOVE POSITIVIT\u00c0, IN CALO I RICOVERI&#8221; &#8212; Radio Pi\u00f9\" src=\"https:\/\/www.radiopiu.net\/wordpress\/926-nuovi-positivi-nelle-ultime-24-ore-in-veneto-4-decessi-160-negativizzati-e-ricoveri-in-aumento-a-belluno-38-nuove-positivita-in-calo-i-ricoveri\/embed\/#?secret=1YVC0Z7Gq2\" data-secret=\"1YVC0Z7Gq2\" width=\"600\" height=\"338\" frameborder=\"0\" marginwidth=\"0\" marginheight=\"0\" scrolling=\"no\"><\/iframe><\/p>\n<p>&nbsp;<\/p>\n<hr \/>\n<p>&nbsp;<\/p>\n<blockquote>\n<h3>I GRAFICI DI TIZIANO DE COL<\/h3>\n<\/blockquote>\n\n\t\t\t<style type='text\/css'>\n\t\t\t\t#gallery-2 {\n\t\t\t\t\tmargin: auto;\n\t\t\t\t}\n\t\t\t\t#gallery-2 .gallery-item {\n\t\t\t\t\tfloat: left;\n\t\t\t\t\tmargin-top: 10px;\n\t\t\t\t\ttext-align: center;\n\t\t\t\t\twidth: 50%;\n\t\t\t\t}\n\t\t\t\t#gallery-2 img {\n\t\t\t\t\tborder: 2px solid #cfcfcf;\n\t\t\t\t}\n\t\t\t\t#gallery-2 .gallery-caption {\n\t\t\t\t\tmargin-left: 0;\n\t\t\t\t}\n\t\t\t\t\/* see gallery_shortcode() in wp-includes\/media.php *\/\n\t\t\t<\/style>\n\t\t<div id='gallery-2' class='dt-gallery-container gallery galleryid-166864 gallery-columns-2 gallery-size-medium'><dl class='gallery-item'>\n\t\t\t\t<dt class='gallery-icon landscape'>\n\t\t\t\t\t<a class=\"rollover rollover-zoom dt-pswp-item\" title=\"aeff9d3d-1a43-4885-ad79-1def4ca3fab1\" data-dt-img-description=\"\" data-large_image_width=\"588\" data-large_image_height=\"334\"href='https:\/\/www.radiopiu.net\/wordpress\/wp-content\/uploads\/2020\/10\/aeff9d3d-1a43-4885-ad79-1def4ca3fab1.jpg'><img loading=\"lazy\" decoding=\"async\" width=\"300\" height=\"170\" src=\"https:\/\/www.radiopiu.net\/wordpress\/wp-content\/uploads\/2020\/10\/aeff9d3d-1a43-4885-ad79-1def4ca3fab1-300x170.jpg\" class=\"attachment-medium size-medium\" alt=\"\" srcset=\"https:\/\/www.radiopiu.net\/wordpress\/wp-content\/uploads\/2020\/10\/aeff9d3d-1a43-4885-ad79-1def4ca3fab1-300x170.jpg 300w, https:\/\/www.radiopiu.net\/wordpress\/wp-content\/uploads\/2020\/10\/aeff9d3d-1a43-4885-ad79-1def4ca3fab1.jpg 588w\" sizes=\"auto, (max-width: 300px) 100vw, 300px\" \/><\/a>\n\t\t\t\t<\/dt><\/dl><dl class='gallery-item'>\n\t\t\t\t<dt class='gallery-icon landscape'>\n\t\t\t\t\t<a class=\"rollover rollover-zoom dt-pswp-item\" title=\"dd2cf36d-496e-4a0c-8503-5c17329924e3\" data-dt-img-description=\"\" data-large_image_width=\"666\" data-large_image_height=\"632\"href='https:\/\/www.radiopiu.net\/wordpress\/wp-content\/uploads\/2020\/10\/dd2cf36d-496e-4a0c-8503-5c17329924e3.jpg'><img loading=\"lazy\" decoding=\"async\" width=\"300\" height=\"285\" src=\"https:\/\/www.radiopiu.net\/wordpress\/wp-content\/uploads\/2020\/10\/dd2cf36d-496e-4a0c-8503-5c17329924e3-300x285.jpg\" class=\"attachment-medium size-medium\" alt=\"\" srcset=\"https:\/\/www.radiopiu.net\/wordpress\/wp-content\/uploads\/2020\/10\/dd2cf36d-496e-4a0c-8503-5c17329924e3-300x285.jpg 300w, https:\/\/www.radiopiu.net\/wordpress\/wp-content\/uploads\/2020\/10\/dd2cf36d-496e-4a0c-8503-5c17329924e3.jpg 666w\" sizes=\"auto, (max-width: 300px) 100vw, 300px\" \/><\/a>\n\t\t\t\t<\/dt><\/dl><br style=\"clear: both\" \/>\n\t\t\t<\/div>\n\n<p>&nbsp;<\/p>\n<p>&nbsp;<\/p>\n<hr \/>\n<p>&nbsp;<\/p>\n<blockquote>\n<h3>DA MERCOLED\u00cc PROSSIMO IL DRIVE-IN TAMPONI PER L&#8217;AGORDINO VIENE SPOSTATO AD AGORDO<\/h3>\n<\/blockquote>\n<p><strong><a class=\"dt-pswp-item\" href=\"https:\/\/www.radiopiu.net\/wordpress\/wp-content\/uploads\/2020\/03\/TAMPONI-COVID.jpg\" data-dt-img-description=\"\" data-large_image_width=\"1102\" data-large_image_height=\"736\"><img loading=\"lazy\" decoding=\"async\" class=\"size-medium wp-image-123875 alignleft\" src=\"https:\/\/www.radiopiu.net\/wordpress\/wp-content\/uploads\/2020\/03\/TAMPONI-COVID-300x200.jpg\" alt=\"\" width=\"300\" height=\"200\" srcset=\"https:\/\/www.radiopiu.net\/wordpress\/wp-content\/uploads\/2020\/03\/TAMPONI-COVID-300x200.jpg 300w, https:\/\/www.radiopiu.net\/wordpress\/wp-content\/uploads\/2020\/03\/TAMPONI-COVID-1024x684.jpg 1024w, https:\/\/www.radiopiu.net\/wordpress\/wp-content\/uploads\/2020\/03\/TAMPONI-COVID-768x513.jpg 768w, https:\/\/www.radiopiu.net\/wordpress\/wp-content\/uploads\/2020\/03\/TAMPONI-COVID.jpg 1102w\" sizes=\"auto, (max-width: 300px) 100vw, 300px\" \/><\/a>BELLUNO\u00a0<\/strong>Da mercoled\u00ec 21 ottobre, il drive-in tamponi per l\u2019Agordino sar\u00e0 spostato da Caprile ad Agordo, piazzale Tamonich con accesso libero per bambini, ragazzi e adulti sintomatici del mondo della scuola e rientri dall\u2019estero il luned\u00ec, mercoled\u00ec e venerd\u00ec dalle 17.00 alle 19.00.\u00a0Il drive-in di Caprile era stato attivato a fine agosto per il recupero delle vaccinazioni anti TBE, anti pneumococco e per l\u2019avvio della campagna vaccinale antinfluenzale. A Caprile sono state vaccinate in questi mesi circa 1.500 persone, assicurando un servizio rapido e sicuro. Successivamente, a fine settembre, per il gran numero di tamponi richiesto per i sintomatici della scuola, l\u2019operativit\u00e0 del drive-in \u00e8 stata estesa anche ai tamponi, evidenziando tuttavia delle criticit\u00e0 dal punto di vista logistico: a differenza dell\u2019attivit\u00e0 vaccinale che \u00e8 su appuntamento, il drive-in tamponi prevede l\u2019accesso libero con un afflusso non programmabile. Si \u00e8 reso, quindi, necessario lo spostamento della struttura, anche in vista della stagione invernale. Si ringraziamo l\u2019Amministrazione comunale di Alleghe e la Protezione Civile per la collaborazione nel far funzionare il drive-in di Caprile e l\u2019Amministrazione di Agordo per la disponibilit\u00e0 nell\u2019individuare e attrezzare uno spazio per i tamponi a servizio dell\u2019Agordino. Nel piazzale Tamonich \u00e8 stato installato un prefabbricato leggero di appoggio messo a disposizione da Confindustria Belluno, che si ringrazia per la disponibilit\u00e0.\u00a0Si ricorda che da ieri il drive-in tamponi di Feltre \u00e8 funzionante, sempre con accesso libero (senza appuntamento) e con uso del test antigenico rapido che d\u00e0 l\u2019esito in circa 20 minuti, tutti i giorni dalle 8.30 alle 12.30 in via delle Industrie, zona Peschiera, nell\u2019area ex Marangoni.\u00a0Complessivamente, nella 4 sedi drive-in tamponi ad accesso libero, dal 14 settembre ad oggi, sono stati effettuati circa 6.500 tamponi per bambini, ragazzi e adulti sintomatici frequentanti la scuola, di cui circa 3.500 a Belluno, 2.000 a Feltre, 800 a Tai di Cadore e 200 a Caprile.<\/p>\n<p>&nbsp;<\/p>\n<p>&nbsp;<\/p>\n<hr \/>\n<p>&nbsp;<\/p>\n<blockquote>\n<h3>DILLO A RADIO PIU&#8230; LO SFOGO &#8220;MI SEMBRA TUTTO ASSURDO&#8221;<\/h3>\n<p><em><img loading=\"lazy\" decoding=\"async\" class=\"alignleft\" src=\"https:\/\/www.radiopiu.net\/wordpress\/wp-content\/uploads\/2020\/09\/drivein-caprile-tamponi.jpg\" width=\"175\" height=\"233\" \/>Quello che vi proponiamo \u00e8 lo sfogo di un pap\u00e0 imprenditore, attualmente con il negozio chiuso mentre \u00e8 in attesa che la Ulss si decida a chiamarlo per il tampone avendo riscontrato casi di positivit\u00e0 in famiglia. Per evidenti motivi di privacy i nomi reali non compariranno in questo articolo.<\/em><\/p><\/blockquote>\n<p><strong>PREAMBOLO\u00a0<\/strong><em> Mi sembra, anzi ci sembra a tutti,molto assurdo un vero incubo! mIA figlia\u00a0 che frequenta un Istituto a Belluno, sabato 10 verso sera presentava malessere, abbiamo misurato la febbre, aveva qualche linea e abbiamo pensato ad un&#8217;influenza.\u00a0 Il giorno successivo la febbre non \u00e8 scomparsa,\u00a0 lunedi stava meglio ma avendo un p\u00f2 di tosse l\u2019abbiamo tenuta a casa da scuola per sicurezza . Sentendosi bene il mercoledi ha deciso di fare il tampone per poter andare a scuola giovedi , ma purtroppo \u00e8 risultato positivo, quindi casa e quarantena.<\/em><\/p>\n<p><strong>NEL FRATTEMPO<\/strong> <em>Contemporaneamente, anche mia moglie non stava tanto bene quindi \u00e8 rimasta a casa dal lavoro, io invece sono andato a lavorare non avendo nessun problema di salute. Giovedi mattina mia moglie avendo molto male alle scapole decide di andare al pronto soccorso di Agordo per fare delle lastre, naturalmente la prassi \u00e8 quella di fare il tampone e \u201cmeraviglia delle meraviglie\u201d anche lei positiva. Quindi lastre per verificare la salute dei polmoni e non avendo visto niente di che a casa e quarantena anche per lei<\/em><\/p>\n<p><strong>CIO&#8217; CHE INDEGNA<\/strong><em> Io e l&#8217;altro mio figlio\u00a0 non possiamo muoverci da casa perch\u00e9 dobbiamo essere contattati dall\u2019Ulss1 per fare il tampone (visto che abbiamo in casa 2 positivi,) e verificare se siamo positivi o negativi al virus Covid19. Mi sembra giusto,\u00a0 per sicurezza,\u00a0 ma ad oggi non ci hanno ancora contattati\u00a0 mio figlio necessita di tornare a scuola&#8230; imparare, io dovrei riaprire l&#8217;attivit\u00e0\u00a0 evitando l&#8217;incasso pari a zero.\u00a0 Si continua a fare tamponi a studenti nell\u2019 immediato ed a chi ha bisogno di andare a lavorare, avendo un\u2019attivit\u00e0 in proprio, si prolungano le attese. So di gente che ha atteso 10 giorni per fare il tampone,\u00a0 altri 3 per l\u2019esito, se sei negativo devi fare la quarantena di 10 giorni, poi altro tampone , non si sa quando e poi se viene negativo puoi andare a lavorare.\u00a0<\/em><\/p>\n<p><strong>CONSEGUENZE<\/strong><em> Chi paga il mancato guadagno di un mese se va bene? Noi purtroppo non siamo dipendenti Luxottica (magar) o dipendenti statali che pur rimanendo a casa, prendono lo stesso lo stipendio mettendosi in malattia oppure in ferie forzate, dobbiamo portare a casa la \u201cpagnotta\u201d come si suol dire, per noi e per i nostri figli, le spese corrono, le tasse van pagate, i fornitori vogliono essere pagati altrimenti non ti forniscono pi\u00f9, insomma il lavoratore autonomo \u00e8 sempre il pi\u00f9 sfortunato. <\/em><\/p>\n<p><strong>CORSA E ATTESA A VUOTO A CAPRILE<\/strong> <em>Preciso anche che da sabato scorso io e mio figlio siamo segregati al piano di sotto (per sicurezza) gli altri miei congiunti\u00a0 nelle loro stanze al piano di sopra. Abbiamo cercato anche di fare pressione per fare il tampone, siamo stati al drive-in di Caprile, ieri sera, ma dopo 2 ore e 45 minuti di colonna ci siamo sentiti rispondere\u00a0 sotto alla tenda che non potevamo fare il tampone e che dobbiamo aspettare la telefonata dell\u2019Ulss. Ho insistito per farlo ma non c&#8217;\u00e8 stato nulla da fare. Al momento non sappiamo ancora se siamo positivi o negativi e dobbiamo rimanere qui rinchiusi in casa dove invece ci sono tranquillamente dei positivi, magari asintomatici, che sono in giro e che non hanno nessun problema di salute non mi sembra giusto tutto questo.<\/em><\/p>\n<p>&nbsp;<\/p>\n<p>&nbsp;<\/p>\n<hr \/>\n<p>&nbsp;<\/p>\n<blockquote>\n<h2>A DIAMANTI E PIGOZZO IL PREMIO BEPI ZANFRON 2020<\/h2>\n<\/blockquote>\n<p><strong><img decoding=\"async\" src=\"https:\/\/www.radiopiu.net\/wordpress\/wp-content\/uploads\/2020\/10\/WhatsApp-Image-2020-10-17-at-20.33.48.jpeg\" \/>LONGARONE<\/strong><\/p>\n<p>di Moreno Gioli<\/p>\n<p><strong>IL SERVIZIO<\/strong><\/p>\n<audio class=\"wp-audio-shortcode\" id=\"audio-166864-1\" preload=\"none\" style=\"width: 100%;\" controls=\"controls\"><source type=\"audio\/mpeg\" src=\"https:\/\/www.radiopiu.net\/wordpress\/wp-content\/uploads\/2020\/10\/gioli.mp3?_=1\" \/><a href=\"https:\/\/www.radiopiu.net\/wordpress\/wp-content\/uploads\/2020\/10\/gioli.mp3\">https:\/\/www.radiopiu.net\/wordpress\/wp-content\/uploads\/2020\/10\/gioli.mp3<\/a><\/audio>\n<p>&nbsp;<\/p>\n<p><strong>GIULIA DIAMANTI, VINCITRICE SEZIONE VIDEO<\/strong><\/p>\n<audio class=\"wp-audio-shortcode\" id=\"audio-166864-2\" preload=\"none\" style=\"width: 100%;\" controls=\"controls\"><source type=\"audio\/mpeg\" src=\"https:\/\/www.radiopiu.net\/wordpress\/wp-content\/uploads\/2020\/10\/Giulia-diamanti-vincitrice-sezione-video.mp3?_=2\" \/><a href=\"https:\/\/www.radiopiu.net\/wordpress\/wp-content\/uploads\/2020\/10\/Giulia-diamanti-vincitrice-sezione-video.mp3\">https:\/\/www.radiopiu.net\/wordpress\/wp-content\/uploads\/2020\/10\/Giulia-diamanti-vincitrice-sezione-video.mp3<\/a><\/audio>\n<p>&nbsp;<\/p>\n<p><b>MAURO PIGOZZO, VINCITORE SEZIONE CARTA STAMPATA<\/b><\/p>\n<audio class=\"wp-audio-shortcode\" id=\"audio-166864-3\" preload=\"none\" style=\"width: 100%;\" controls=\"controls\"><source type=\"audio\/mpeg\" src=\"https:\/\/www.radiopiu.net\/wordpress\/wp-content\/uploads\/2020\/10\/Mauro-pigozzo-vincitore-sezione-carta-stampata.mp3?_=3\" \/><a href=\"https:\/\/www.radiopiu.net\/wordpress\/wp-content\/uploads\/2020\/10\/Mauro-pigozzo-vincitore-sezione-carta-stampata.mp3\">https:\/\/www.radiopiu.net\/wordpress\/wp-content\/uploads\/2020\/10\/Mauro-pigozzo-vincitore-sezione-carta-stampata.mp3<\/a><\/audio>\n<p>&nbsp;<\/p>\n<p>&nbsp;<\/p>\n<p>&nbsp;<\/p>\n<p>&nbsp;<\/p>\n<hr \/>\n<blockquote>\n<h3>\u201cCERCA IL TUO AVO\u201d. ON LINE IL NUOVO STRUMENTO DEL CENTRO STUDI SULLE MIGRAZIONI \u201cALETHEIA\u201d<\/h3>\n<\/blockquote>\n<p><strong><a class=\"dt-pswp-item\" href=\"https:\/\/www.radiopiu.net\/wordpress\/wp-content\/uploads\/2020\/10\/50bdbde1-b96b-4920-8f13-70e8bc556743.jpg\" data-dt-img-description=\"\" data-large_image_width=\"1599\" data-large_image_height=\"899\"><img loading=\"lazy\" decoding=\"async\" class=\"size-medium wp-image-166920 alignleft\" src=\"https:\/\/www.radiopiu.net\/wordpress\/wp-content\/uploads\/2020\/10\/50bdbde1-b96b-4920-8f13-70e8bc556743-300x169.jpg\" alt=\"\" width=\"300\" height=\"169\" srcset=\"https:\/\/www.radiopiu.net\/wordpress\/wp-content\/uploads\/2020\/10\/50bdbde1-b96b-4920-8f13-70e8bc556743-300x169.jpg 300w, https:\/\/www.radiopiu.net\/wordpress\/wp-content\/uploads\/2020\/10\/50bdbde1-b96b-4920-8f13-70e8bc556743-1024x576.jpg 1024w, https:\/\/www.radiopiu.net\/wordpress\/wp-content\/uploads\/2020\/10\/50bdbde1-b96b-4920-8f13-70e8bc556743-768x432.jpg 768w, https:\/\/www.radiopiu.net\/wordpress\/wp-content\/uploads\/2020\/10\/50bdbde1-b96b-4920-8f13-70e8bc556743-1536x864.jpg 1536w, https:\/\/www.radiopiu.net\/wordpress\/wp-content\/uploads\/2020\/10\/50bdbde1-b96b-4920-8f13-70e8bc556743.jpg 1599w\" sizes=\"auto, (max-width: 300px) 100vw, 300px\" \/><\/a>BELLUNO<\/strong> <strong><em>Da una ricerca di Luisa Carniel sull\u2019emigrazione bellunese in Brasile caricati i primi 2500 record<\/em><\/strong><\/p>\n<p>di Moreno Gioli<\/p>\n<p><strong>\u00a0<\/strong><\/p>\n<p><strong>\u00a0<\/strong><\/p>\n<p><strong>\u00a0<\/strong><\/p>\n<p><strong>\u00a0<\/strong><\/p>\n<p><strong>IL SERVIZIO<\/strong><\/p>\n<audio class=\"wp-audio-shortcode\" id=\"audio-166864-4\" preload=\"none\" style=\"width: 100%;\" controls=\"controls\"><source type=\"audio\/mpeg\" src=\"https:\/\/www.radiopiu.net\/wordpress\/wp-content\/uploads\/2020\/10\/GIOLI-ABM.mp3?_=4\" \/><a href=\"https:\/\/www.radiopiu.net\/wordpress\/wp-content\/uploads\/2020\/10\/GIOLI-ABM.mp3\">https:\/\/www.radiopiu.net\/wordpress\/wp-content\/uploads\/2020\/10\/GIOLI-ABM.mp3<\/a><\/audio>\n<p>&nbsp;<\/p>\n<p><strong><a class=\"dt-pswp-item\" href=\"https:\/\/www.radiopiu.net\/wordpress\/wp-content\/uploads\/2020\/10\/2f1d945e-688b-4f96-9620-8a88d7ca8615.jpg\" data-dt-img-description=\"\" data-large_image_width=\"2000\" data-large_image_height=\"922\"><img loading=\"lazy\" decoding=\"async\" class=\"size-medium wp-image-166937 alignright\" src=\"https:\/\/www.radiopiu.net\/wordpress\/wp-content\/uploads\/2020\/10\/2f1d945e-688b-4f96-9620-8a88d7ca8615-300x138.jpg\" alt=\"\" width=\"300\" height=\"138\" srcset=\"https:\/\/www.radiopiu.net\/wordpress\/wp-content\/uploads\/2020\/10\/2f1d945e-688b-4f96-9620-8a88d7ca8615-300x138.jpg 300w, https:\/\/www.radiopiu.net\/wordpress\/wp-content\/uploads\/2020\/10\/2f1d945e-688b-4f96-9620-8a88d7ca8615-1024x472.jpg 1024w, https:\/\/www.radiopiu.net\/wordpress\/wp-content\/uploads\/2020\/10\/2f1d945e-688b-4f96-9620-8a88d7ca8615-768x354.jpg 768w, https:\/\/www.radiopiu.net\/wordpress\/wp-content\/uploads\/2020\/10\/2f1d945e-688b-4f96-9620-8a88d7ca8615-1536x708.jpg 1536w, https:\/\/www.radiopiu.net\/wordpress\/wp-content\/uploads\/2020\/10\/2f1d945e-688b-4f96-9620-8a88d7ca8615.jpg 2000w\" sizes=\"auto, (max-width: 300px) 100vw, 300px\" \/><\/a>PATRIZIA BURIGO DELL&#8217;ASSOCIAZIONE BELLUNESI NEL MONDO<\/strong><\/p>\n<audio class=\"wp-audio-shortcode\" id=\"audio-166864-5\" preload=\"none\" style=\"width: 100%;\" controls=\"controls\"><source type=\"audio\/mpeg\" src=\"https:\/\/www.radiopiu.net\/wordpress\/wp-content\/uploads\/2020\/10\/PATRIZIA-BURIGO-ABM.mp3?_=5\" \/><a href=\"https:\/\/www.radiopiu.net\/wordpress\/wp-content\/uploads\/2020\/10\/PATRIZIA-BURIGO-ABM.mp3\">https:\/\/www.radiopiu.net\/wordpress\/wp-content\/uploads\/2020\/10\/PATRIZIA-BURIGO-ABM.mp3<\/a><\/audio>\n<p>&nbsp;<\/p>\n<hr \/>\n<p>&nbsp;<\/p>\n<blockquote>\n<h3>BELLUNO, SONDRIO E VERBANIA ALLEATE: IN COSTRUZIONE UN TAVOLO PERMANENTE DELLE PROVINCE INTERAMENTE MONTANE. LA PROPOSTA LANCIATA IN UN CONVEGNO SUI CANONI IDRICI<\/h3>\n<\/blockquote>\n<p><strong><a class=\"dt-pswp-item\" href=\"https:\/\/www.radiopiu.net\/wordpress\/wp-content\/uploads\/2020\/10\/IMG_1474-scaled.jpg\" data-dt-img-description=\"\" data-large_image_width=\"2560\" data-large_image_height=\"1690\"><img loading=\"lazy\" decoding=\"async\" class=\"size-medium wp-image-166929 alignleft\" src=\"https:\/\/www.radiopiu.net\/wordpress\/wp-content\/uploads\/2020\/10\/IMG_1474-300x198.jpg\" alt=\"\" width=\"300\" height=\"198\" srcset=\"https:\/\/www.radiopiu.net\/wordpress\/wp-content\/uploads\/2020\/10\/IMG_1474-300x198.jpg 300w, https:\/\/www.radiopiu.net\/wordpress\/wp-content\/uploads\/2020\/10\/IMG_1474-1024x676.jpg 1024w, https:\/\/www.radiopiu.net\/wordpress\/wp-content\/uploads\/2020\/10\/IMG_1474-768x507.jpg 768w, https:\/\/www.radiopiu.net\/wordpress\/wp-content\/uploads\/2020\/10\/IMG_1474-1536x1014.jpg 1536w, https:\/\/www.radiopiu.net\/wordpress\/wp-content\/uploads\/2020\/10\/IMG_1474-2048x1352.jpg 2048w\" sizes=\"auto, (max-width: 300px) 100vw, 300px\" \/><\/a>BELLUNO\u00a0<\/strong>Le tre Province interamente montane e confinanti con Stati esteri hanno deciso di allearsi e costruire insieme il futuro della montagna. Nelle prossime settimane verr\u00e0 sottoscritto l\u2019accordo tra Belluno, Sondrio e Verbano-Cusio-Ossola per dare vita a un tavolo permanente, che si riunir\u00e0 a rotazione nelle tre Province, con cadenza regolare. L\u2019idea \u00e8 stata lanciata ieri (venerd\u00ec 16 ottobre) durante il convegno sui canoni idrici organizzato a Verbania (tra gli organizzatori, Alberto Preioni, consigliere regionale Piemonte, e Massimo Sertori, consigliere regionale Lombardia). Ed \u00e8 stata subito accolta da tutti i rappresentanti degli enti di area vasta. Per Belluno erano presenti i consiglieri Franco De Bon e Massimo Bortoluzzi, delegati rispettivamente al demanio idrico e alla difesa del suolo, che hanno potuto descrivere le difficolt\u00e0 demografiche e idrogeologiche del territorio bellunese. \u00ab<em>Problemi e criticit\u00e0 che abbiamo sentito identici anche a Verbania e a Sondrio &#8211; commentano i due consiglieri provinciali -. Per i nostri territori, il tema delle risorse che arrivano dallo Stato \u00e8 fondamentale. A Belluno, come a Sondrio e Verbania, da un anno all\u2019altro ci siamo trovati a fare i conti con l\u2019azzeramento dei trasferimenti statali per la viabilit\u00e0 provinciale. Niente soldi, ma le strade restano sempre le stesse. E questo \u00e8 solo uno degli esempi del lavoro da fare in maniera coordinata tra i tre territori, facendo leva sul quello spiraglio di specificit\u00e0 garantito anche dalla legge Delrio<\/em>\u00bb.\u00a0\u00c8 proprio la legge Delrio a consentire un\u2019apertura diversa e un cambio di passo per le tre Province interamente montane. \u00ab<em>Realt\u00e0 sorelle, che devono poter condividere un percorso verso l\u2019autogoverno\u00bb hanno detto Elio Moretti (presidente della Provincia di Sondrio) e Arturo Lincio (Verbano-Cusio-Ossola). \u00abDall\u2019inadeguatezza delle risorse alla concorrenza con vicini a statuto speciale, sono moltissime le caratteristiche che rendono i nostri territori praticamente uguali. Cominciamo un nuovo approccio: disponibilit\u00e0 piena a costruire il tavolo permanente delle Province interamente montane, per portare avanti istanze condivise<\/em>\u00bb.\u00a0\u00ab<em>Il coordinamento e il gioco di squadra sono sempre fondamentali e a maggior ragione in questo caso\u00bb commenta il presidente della Provincia di Belluno, Roberto Padrin. \u00abHo intenzione di convocare a breve a Palazzo Piloni una riunione con i presidenti di Sondrio e Verbania, in modo da avviare quanto prima il tavolo permanente. La legge Delrio ci d\u00e0 uno spiraglio per quella che potrebbe essere una svolta epocale per l\u2019autogoverno della montagna<\/em>\u00bb.<\/p>\n<p>&nbsp;<\/p>\n<p>&nbsp;<\/p>\n<hr \/>\n<p>&nbsp;<\/p>\n<blockquote>\n<h3>47 I FUOCHI ACCESI IN SERATA\u00a0\u00abGRANDE RISULTATO NONOSTANTE LE DIFFICOLT\u00c0\u00bb<\/h3>\n<\/blockquote>\n<p><strong><a class=\"dt-pswp-item\" href=\"https:\/\/www.radiopiu.net\/wordpress\/wp-content\/uploads\/2020\/10\/Cogul-Vallada-Agordina.jpg\" data-dt-img-description=\"\" data-large_image_width=\"1600\" data-large_image_height=\"1200\"><img loading=\"lazy\" decoding=\"async\" class=\"size-medium wp-image-166983 alignleft\" src=\"https:\/\/www.radiopiu.net\/wordpress\/wp-content\/uploads\/2020\/10\/Cogul-Vallada-Agordina-300x225.jpg\" alt=\"\" width=\"300\" height=\"225\" srcset=\"https:\/\/www.radiopiu.net\/wordpress\/wp-content\/uploads\/2020\/10\/Cogul-Vallada-Agordina-300x225.jpg 300w, https:\/\/www.radiopiu.net\/wordpress\/wp-content\/uploads\/2020\/10\/Cogul-Vallada-Agordina-1024x768.jpg 1024w, https:\/\/www.radiopiu.net\/wordpress\/wp-content\/uploads\/2020\/10\/Cogul-Vallada-Agordina-768x576.jpg 768w, https:\/\/www.radiopiu.net\/wordpress\/wp-content\/uploads\/2020\/10\/Cogul-Vallada-Agordina-1536x1152.jpg 1536w, https:\/\/www.radiopiu.net\/wordpress\/wp-content\/uploads\/2020\/10\/Cogul-Vallada-Agordina.jpg 1600w\" sizes=\"auto, (max-width: 300px) 100vw, 300px\" \/><\/a>BELLUNO\u00a0<\/strong>Sono ben 47 i fuochi dell&#8217;autonomia \u201cufficiali\u201d accesi ieri sera: \u00abUn grande risultato, viste le tante difficolt\u00e0 legate all&#8217;emergenza sanitaria e alla neve in quota\u00bb, sottolineano gli organizzatori del movimento Belluno Autonoma Regione Dolomiti.\u00a0Un numero in linea con quello degli scorsi anni (49 nel 2018, 51 nel 2019), al quale come da tradizione si sono aggiunti i tanti non ufficiali accesi sui terrazzi e balconi delle proprie abitazioni dai sostenitori della battaglia autonomistica bellunese.\u00a0Quest&#8217;anno, viste le restrizioni in materia di assembramenti, si sono evitati i tradizionali grandi fal\u00f2,\u00a0 che comportano la presenza di numerose persone, a favore di piccoli fuochi e fiaccole.\u00a0Da quelli accesi davanti ai municipi, come a Falcade, Borca o San Vito di Cadore, fino a quelli ad illuminare i luoghi simbolo della difesa del territorio, come il Codivilla di Cortina o le rive del Piave: \u00e8 l&#8217;intera provincia, da San Nicol\u00f2 Comelico a Feltre, da Canale d&#8217;Agordo a Borgo Valbelluna, ad essere stata illuminata anche questa volta dai fuochi dell&#8217;autonomia.\u00a0\u00abUna risposta che non ci saremmo aspettati, viste le difficolt\u00e0 e i timori legati all&#8217;attuale emergenza Covid e alle restrizioni, &#8211; concludono dal movimento \u2013 ma \u00e8 un segnale decisamente importante che ci dimostra come, anche nella difficolt\u00e0, ci siano valori, come la democrazia, la rappresentanza e il rispetto, a cui la nostra gente non intende rinunciare\u00bb.<\/p>\n<p>&nbsp;<\/p>\n<p>&nbsp;<\/p>\n<hr \/>\n<p>&nbsp;<\/p>\n<blockquote>\n<h3>ACCOGLIENZA E PROMOZIONE TURISTICA, IL BILANCIO DELLA STAGIONE ESTIVA<\/h3>\n<\/blockquote>\n<p><strong><a class=\"dt-pswp-item\" href=\"https:\/\/www.radiopiu.net\/wordpress\/wp-content\/uploads\/2020\/04\/PIAZZA-MARTIRI-BELLUNO.jpg\" data-dt-img-description=\"\" data-large_image_width=\"550\" data-large_image_height=\"388\"><img loading=\"lazy\" decoding=\"async\" class=\"size-medium wp-image-130647 alignleft\" src=\"https:\/\/www.radiopiu.net\/wordpress\/wp-content\/uploads\/2020\/04\/PIAZZA-MARTIRI-BELLUNO-300x212.jpg\" alt=\"\" width=\"300\" height=\"212\" srcset=\"https:\/\/www.radiopiu.net\/wordpress\/wp-content\/uploads\/2020\/04\/PIAZZA-MARTIRI-BELLUNO-300x212.jpg 300w, https:\/\/www.radiopiu.net\/wordpress\/wp-content\/uploads\/2020\/04\/PIAZZA-MARTIRI-BELLUNO.jpg 550w\" sizes=\"auto, (max-width: 300px) 100vw, 300px\" \/><\/a>BELLUNO <\/strong>Tempo di bilanci per la prima estate segnata dagli effetti del Covid e per la prima stagione turistica che ha visto il Comune di Belluno e il Consorzio Dolomiti Prealpi affiancati nell&#8217;accoglienza e promozione del capoluogo: i dati che arrivano dall&#8217;ufficio di Piazza Duomo e dall&#8217;Infopoint del Nevegal confermano gli effetti negativi dell&#8217;emergenza sanitaria sul comparto turistico, mentre le attivit\u00e0 di promozione non hanno sub\u00ecto particolari rallentamenti.\u00a0<strong>Belluno Citt\u00e0\u00a0<\/strong>3485 gli accessi nel periodo giugno-settembre all&#8217;ufficio di Piazza Duomo: numeri in calo rispetto allo scorso anno, ma che risentono in maniera profonda dell&#8217;effetto dell&#8217;emergenza sanitaria. Complice il periodo di chiusura delle frontiere e l&#8217;obbligo di quarantena al rientro in patria, il numero dei turisti stranieri \u00e8 crollato (724 contro i 3927 del 2019), mentre \u00e8 risultato in lieve calo il turismo interno, passato dai 3325 del 2019 ai 2732 di quest&#8217;estate.\u00a0A farla da padrona, come naturale, il mese di agosto, con quasi il 50% degli ingressi rilevati; tra gli stranieri, la quasi totalit\u00e0 \u00e8 risultata cittadina europea (Austria, Germania, Francia e Regno Unito soprattutto), ma dal mese di luglio \u2013 con la riapertura delle frontiere extra Schengen &#8211; si sono registrati anche turisti statunitensi, brasiliani, sudafricani, cinesi e indiani\u00a0Tra le richieste, soprattutto quelle di mappe e brochure informative, oltre alle informazioni su eventi e luoghi di interesse in citt\u00e0 e nei dintorni; grande interesse poi per i percorsi escursionistici e in bicicletta, oltre alle richieste di timbri e libretti per l&#8217;Alta Via n.1, che nel mese di agosto hanno sfiorato quota 100.\u00a0\u00ab<em>Questi dati \u2013 commenta l&#8217;assessore al turismo, Yuki d&#8217;Emilia \u2013 confermano come Belluno sia vista non solo come citt\u00e0 da visitare, ma come vera e propria \u201cporta sulle Dolomiti\u201d, in grado di portare tanto alle vette pi\u00f9 belle del mondo quanto ai paesi dell&#8217;intera provincia<\/em>\u00bb.\u00a0<strong>Nevegal\u00a0<\/strong>A dimostrazione che nel turismo estivo post Covid a tirare \u00e8 soprattutto l&#8217;attivit\u00e0 outdoor in montagna, arrivano anche i dati dell&#8217;Infopoint del Nevegal: 1016 gli accessi contro gli 887 dello scorso anno, aumento non dovuto solo all&#8217;ampliamento del servizio nei weekend di giugno e luglio.\u00a0in questo caso, l&#8217;interesse dei visitatori \u00e8 andato soprattutto alle attivit\u00e0 da poter svolgere all&#8217;aperto: percorsi da affrontare a piedi o in bicicletta, attivit\u00e0 per i pi\u00f9 piccoli, zone e particolarit\u00e0 del territorio da poter visitare. Particolare interesse hanno poi attirato le iniziative che hanno animato il colle, dai \u201ccicchetti in cresta\u201d alle fiere al cinema all&#8217;aperto.\u00a0\u00ab<em>L&#8217;attivit\u00e0 dell&#8217;Infopoint ci \u00e8 servita anche per raccogliere le impressioni e le richieste dei visitatori: &#8211; sottolinea d&#8217;Emilia \u2013 importanti segnali ci sono quindi arrivati dalla ricerca di sentieri e percorsi per famiglie con bambini, sui quali stiamo gi\u00e0 lavorando, e sulla necessit\u00e0 di un collegamento di trasporto pubblico tra il piazzale e la citt\u00e0, tema sul quale gi\u00e0 in passato abbiamo lavorato e sul quale continueremo a ragionare, anche se gli strumenti che ci vengono messi a disposizione oggi da Stato e Regione non sono adeguati e quindi dovremo provare a trovare strade alternative<\/em>\u00bb.\u00a0<strong>La promozione\u00a0<\/strong>L&#8217;incarico al Consorzio Dolomiti Prealpi non prevedeva poi solo l&#8217;accoglienza turistica, ma anche la promozione a livello nazionale e internazionale: \u00ab<em>Nel mese di settembre, quando sono ripresi gli eventi, c&#8217;\u00e8 stata la partecipazione a un workshop nell&#8217;Est Europa, tra Danzica, Varsavia, Cracovia e Praga. &#8211; ricorda l&#8217;assessore \u2013 Sono stati poi realizzati anche approfondimenti su riviste specializzate, mentre la prossima settimana si terr\u00e0 un \u201ceducational tour\u201d riservato ai giornalisti che coinvolger\u00e0 sia il Nevegal che la Citt\u00e0 di Belluno; inoltre si \u00e8 lavorato anche per la promozione sui canali digitali, con la pagina Facebook di Adorable che \u00e8 stata animata in particolare dalle tante foto degli escursionisti che, una volta ultimata l&#8217;Alta Via n. 1, si sono fatti ritrarre in Piazza Duomo<\/em>\u00bb.\u00a0<strong>L&#8217;analisi\u00a0<\/strong>\u00ab<em>Il bilancio di questa prima stagione di collaborazione \u00e8 tutto sommato positivo: sapevamo che purtroppo questo sarebbe stato un anno particolarmente duro per il turismo, viste le restrizioni e i timori dei viaggiatori. &#8211; sottolinea l&#8217;assessore \u2013 Non dobbiamo poi dimenticare che questi dati rappresentano solamente gli accessi ai punti informativi, quindi non sono la fotografia esatta di come \u00e8 andata la stagione, ma ne sono una buona anticipazione. Aspettiamo i dati ufficiali della Regione Veneto che certamente ufficializzeranno questo calo. Anche se non abbiamo dati quantitativi precisi, quindi, \u00e8 importante per noi avere questi dati qualitativi per avere dei riscontri in merito alle nostre azioni e alle politiche turistiche. Per quanto riguarda le attivit\u00e0 di promozione, il lavoro del Consorzio ha portato una buona visibilit\u00e0 mediatica al nostro territorio. Viste le enormi difficolt\u00e0 e problematiche economiche e sociali, quindi, possiamo dire che \u00e8 andata meglio di quanto potessimo aspettarci a inizio estate<\/em>\u00bb.<\/p>\n<p>&nbsp;<\/p>\n<p>&nbsp;<\/p>\n<hr \/>\n<p>&nbsp;<\/p>\n<blockquote>\n<h3><span style=\"color: #000000; font-family: Helvetica;\"><span style=\"caret-color: #000000;\"><b>&#8220;PERCORSI\u201d NELLA SOFFERENZA PSICHICA: VENERD\u00cc 23 LA PRESENTAZIONE DEL LIBRO DI GIOVANNA TONIOLO<\/b><\/span><\/span><\/h3>\n<\/blockquote>\n<p><strong><a class=\"dt-pswp-item\" href=\"https:\/\/www.radiopiu.net\/wordpress\/wp-content\/uploads\/2020\/10\/Locandina_evento.jpg\" data-dt-img-description=\"\" data-large_image_width=\"956\" data-large_image_height=\"1353\"><img loading=\"lazy\" decoding=\"async\" class=\" wp-image-166926 alignleft\" src=\"https:\/\/www.radiopiu.net\/wordpress\/wp-content\/uploads\/2020\/10\/Locandina_evento-212x300.jpg\" alt=\"\" width=\"271\" height=\"383\" srcset=\"https:\/\/www.radiopiu.net\/wordpress\/wp-content\/uploads\/2020\/10\/Locandina_evento-212x300.jpg 212w, https:\/\/www.radiopiu.net\/wordpress\/wp-content\/uploads\/2020\/10\/Locandina_evento-724x1024.jpg 724w, https:\/\/www.radiopiu.net\/wordpress\/wp-content\/uploads\/2020\/10\/Locandina_evento-768x1087.jpg 768w, https:\/\/www.radiopiu.net\/wordpress\/wp-content\/uploads\/2020\/10\/Locandina_evento.jpg 956w\" sizes=\"auto, (max-width: 271px) 100vw, 271px\" \/><\/a>PONTE NELLE ALPI\u00a0<\/strong><span style=\"color: #000000; font-family: Helvetica;\">Un racconto di pensieri e di emozioni nel mondo della sofferenza psichica. <\/span><span style=\"color: #000000; font-family: Helvetica;\">Racconto che \u00e8 racchiuso in un libro: si intitola\u00a0\u201cPercorsi\u201d\u00a0(Europa Edizioni), \u00e8 scritto da\u00a0Giovanna Toniolo\u00a0e verr\u00e0 presentato\u00a0venerd\u00ec 23 ottobre (ore 19.30) a Ponte nelle Alpi. E, precisamente, nella\u00a0sala \u201cTina Merlin\u201d\u00a0della\u00a0Biblioteca civica.\u00a0<\/span><span style=\"color: #000000; font-family: Helvetica;\">Oltre alla presenza dell&#8217;autrice, l\u2019appuntamento sar\u00e0 arricchito dalla competenza di una relatrice d&#8217;eccezione come la psicologa e psicoterapeuta Michela Marchet. E dagli interventi di Sabrina Dassi\u00e8 (consigliera comunale alle Pari opportunit\u00e0) e di Flavia Monego (Commissione e Politiche di genere del Comune di Ponte nelle Alpi), mentre le letture sono a cura di Susi Gregoris.\u00a0<\/span><span style=\"color: #000000; font-family: Helvetica;\">\u00ab<em>Sala d&#8217;attesa di uno studio medico &#8211; emerge dalla sinossi del libro -. Sguardi che vagano, bocche chiuse e parole che non escono perch\u00e9 non ci sono i giusti interlocutori. I pensieri, invece, quelli sono come saette, guizzano e scattano, lasciando intravedere dietro lo schermo degli occhi, che sono e resteranno sempre semitrasparenti. Solo una penna traccia i contorni di quei pensieri, di quegli occhi, di quelle storie. Forse sono vere, forse no, di sicuro non ha la minima importanza. Sono storie e vale la pena raccontarle<\/em>\u00bb. \u00a0<\/span><span style=\"color: #000000; font-family: Helvetica;\">Vari i protagonisti: dalla donna che odia il cibo al ragazzo che combatte un mostro invisibile. \u00ab<em>E c&#8217;\u00e8 anche il primo attacco di panico in una vita troppo ordinata, c&#8217;\u00e8 la paura, c&#8217;\u00e8 la solitudine di chi si trova in mezzo a un mondo intero che non vede, non sente e non parla, quale che sia la forza con cui si pu\u00f2 urlare<\/em>\u00bb.\u00a0<\/span><span style=\"color: #000000; font-family: Helvetica;\">La voce di Giovanna Toniolo sembra calma, lieve, malinconica, ma ci\u00f2 che racconta \u00e8 l&#8217;esatto opposto. E lo si potr\u00e0 scoprire anche all\u2019interno dell\u2019appuntamento inserito nell\u2019Ottobre Rosa, la rassegna orientata a promuovere eventi dedicati alla salute dell&#8217;universo femminile.\u00a0<\/span><span style=\"color: #000000; font-family: Helvetica;\">Per l&#8217;incontro di venerd\u00ec prossimo, che si terr\u00e0 nel pieno rispetto delle misure anti-contagio, \u00e8 necessaria la prenotazione: 0437-99214 o\u00a0<a>biblioteca@pna.bl.it<\/a>.\u00a0<\/span><span style=\"color: #000000; font-family: Helvetica;\">L&#8217;organizzazione \u00e8 della Commissione Diritti civili e Politiche di genere, della Biblioteca civica, del Comune di Ponte nelle Alpi e della Commissione Pari opportunit\u00e0.\u00a0<\/span><\/p>\n<p>&nbsp;<\/p>\n<p>&nbsp;<\/p>\n<p>&nbsp;<\/p>\n<p>&nbsp;<\/p>\n<p>&nbsp;<\/p>\n<hr \/>\n<p>&nbsp;<\/p>\n<blockquote>\n<h3>ASCA CERCA PERSONALE INFERMIERISTICO E ASSISTENZIALE<\/h3>\n<\/blockquote>\n<p><strong><a class=\"dt-pswp-item\" href=\"https:\/\/www.radiopiu.net\/wordpress\/wp-content\/uploads\/2020\/04\/ASCA.png\" data-dt-img-description=\"\" data-large_image_width=\"1211\" data-large_image_height=\"668\"><img loading=\"lazy\" decoding=\"async\" class=\"size-medium wp-image-128881 alignleft\" src=\"https:\/\/www.radiopiu.net\/wordpress\/wp-content\/uploads\/2020\/04\/ASCA-300x165.png\" alt=\"\" width=\"300\" height=\"165\" srcset=\"https:\/\/www.radiopiu.net\/wordpress\/wp-content\/uploads\/2020\/04\/ASCA-300x165.png 300w, https:\/\/www.radiopiu.net\/wordpress\/wp-content\/uploads\/2020\/04\/ASCA-1024x565.png 1024w, https:\/\/www.radiopiu.net\/wordpress\/wp-content\/uploads\/2020\/04\/ASCA-768x424.png 768w, https:\/\/www.radiopiu.net\/wordpress\/wp-content\/uploads\/2020\/04\/ASCA.png 1211w\" sizes=\"auto, (max-width: 300px) 100vw, 300px\" \/><\/a>AGORDO\u00a0<\/strong>ASCA ha indetto una nuova selezione pubblica finalizzata alla formulazione di una graduatoria di idoneit\u00e0 utile all\u2019inserimento a tempo indeterminato e a tempo pieno presso la RSA di Agordo di\u00a0INFERMIERE.\u00a0Il termine ultimo per la presentazione delle candidature \u00e8 fissato entro e non oltre le ore 12.00 del giorno 16 novembre 2020.\u00a0Si precisa che \u00e8 stato riservato un inquadramento contrattuale Uneba di livello 2 con uno stipendio lordo mensile stimato in euro 320 superiore rispetto a quello di livello 3S Uneba ed inoltre viene offerto un supporto alloggiativo di 1 mese per i neo assunti provenienti da paesi non limitrofi ad Agordo.\u00a0ASCA inoltre ricerca\u00a0OPERATORI SOCIO SANITARI\u00a0mediante nuova selezione pubblica finalizzata alla formulazione di una graduatoria di idoneit\u00e0 utile all\u2019inserimento a tempo indeterminato e a tempo pieno presso la RSA di Agordo.\u00a0Il termine ultimo per la presentazione delle candidature \u00e8 fissato entro e non oltre le ore 12.00 del giorno 23 novembre 2020.\u00a0Le modalit\u00e0 di presentazione delle domande di entrambe le selezioni si trovano sulla home page del sito aziendale\u00a0<a href=\"http:\/\/www.servizisocialiasca.it\/\">www.servizisocialiasca.it<\/a>.<\/p>\n<p>&nbsp;<\/p>\n<p>&nbsp;<\/p>\n<hr \/>\n<p>&nbsp;<\/p>\n<blockquote>\n<h3>BILANCIO ED ALIENAZIONE DI TERRENI NEL CONSIGLIO COMUNALE<\/h3>\n<\/blockquote>\n<p><strong>CANALE D&#8217;AGORDO<\/strong> Giovedi alle 20.05 (dopo che avranno suonato le campane delle 20) consiglio comunale a porte chiuse in sala Musal. All&#8217;ordine del giorno: variazione al bilancio, criteri per il riconoscimento dei compensi al personale dipendente per le attivit\u00e0 di rilevazione, bilancio di previsione e istanza di alienazione di alcuni terreni d&#8217;uso civico in localit\u00e0 La Sota.<\/p>\n<p>&nbsp;<\/p>\n<hr \/>\n<p>&nbsp;<\/p>\n<blockquote>\n<h3>PROGETTO CARBON NEUTRAL BELLUNO<\/h3>\n<\/blockquote>\n<p><strong>BELLUNO<\/strong> Martedi alle 12 in sala Piloni sede dell&#8217;amministrazione provinciale, sar\u00e0 presentato alla stampa il progetto CaN Be<\/p>\n<p>&nbsp;<\/p>\n<p>&nbsp;<\/p>\n<hr \/>\n<p>&nbsp;<\/p>\n<blockquote>\n<h3>AI SOCI DELLA FAMIGLIA EX-EMIGRANTI AGORDINI<\/h3>\n<\/blockquote>\n<p><strong>CENCENIGHE<\/strong> La Presidente Lucia De Toffol Macutan\u00a0 rende noto a tutti i soci che a causa della pandemia Covid 19, tutte le manifestazioni in programma per il corrente anno 2020 sono state rinviate al prossimo anno 2021. Pertanto anche il consueto \u201cporta a porta\u201d per il rinnovo dell\u2019abbonamento al mensile \u201cBellunesi nel mondo\u201d per l\u2019anno 2021 non verr\u00e0 effettuato. <em>&#8220;Per questo &#8211; dice la presidente &#8211;\u00a0 chiedo cortesemente ai soci di voler sottoscrivere la quota di\u00a0 30 euro\u00a0 tramite il bollettino di conto corrente postale inserito nel mensile dell\u2019Associazione<\/em>&#8220;.<\/p>\n<p>&nbsp;<\/p>\n<p>&nbsp;<\/p>\n<hr \/>\n<blockquote>\n<h3><\/h3>\n<h3>DOLOMITI EMERGENCY ONLUS, GIOVED\u00cc 29 OTTOBRE ASSEMBLEA DEI SOCI<\/h3>\n<\/blockquote>\n<p><strong><a class=\"dt-pswp-item\" href=\"https:\/\/www.radiopiu.net\/wordpress\/wp-content\/uploads\/2016\/05\/dolomiti-emergency1.jpg\" data-dt-img-description=\"\" data-large_image_width=\"611\" data-large_image_height=\"297\"><img loading=\"lazy\" decoding=\"async\" class=\"size-medium wp-image-19271 alignleft\" src=\"https:\/\/www.radiopiu.net\/wordpress\/wp-content\/uploads\/2016\/05\/dolomiti-emergency1-300x146.jpg\" alt=\"\" width=\"300\" height=\"146\" \/><\/a>BELLUNO\u00a0<\/strong>\u00c8 convocata per gioved\u00ec 29 ottobre l\u2019assemblea ordinaria dei soci di Dolomiti Emergency Onlus, l\u2019associazione di volontariato che ha come scopo quello di sostenere e migliorare il modello di soccorso e intervento di emergenza in montagna. Appuntamento alle 18.30 nella sala Teatro del Centro Giovanni XXIII di Belluno (alle 12 in prima convocazione presso la sede amministrativa di Dolomiti Emergency).\u00a0All\u2019ordine del giorno ci sono l\u2019approvazione del verbale dell&#8217;assemblea precedente; la relazione della presidente Laura Menegus; gli interventi del dottor Giovanni Cipolotti, ex direttore della Scuola di formazione \u201cFalco\u201d, e del dottor Mauro Fantinel, direttore della Scuola di formazione di rianimazione cardiopolmonare. Durante l\u2019assemblea prender\u00e0 la parola anche il nuovo primario del Suem 118, il dottor Giulio Trill\u00f2, e sar\u00e0 nominato il nuovo direttore della Scuola di formazione \u201cFalco\u201d.\u00a0Si proceder\u00e0 poi con l\u2019approvazione del bilancio consuntivo 2019 e del previsionale 2020, oltre che con la nomina di un nuovo componente del Consiglio direttivo e di un membro del Collegio dei revisori.<\/p>\n<p>&nbsp;<\/p>\n<p>&nbsp;<\/p>\n<hr \/>\n<p>&nbsp;<\/p>\n<div>\n<div>\n<div>\n<div>\n<div>\n<div>\n<div>\n<div>\n<div>\n<div>\n<div>\n<div>\n<div>\n<div>\n<div>\n<div>\n<div>\n<div>\n<div>\n<div>\n<div>\n<div>\n<div>\n<div>\n<div>\n<div>\n<div>\n<blockquote>\n<h3>LA ULSS1 DOLOMITI CERCA INFERMIERI IN LIBERA PROFESSIONE<\/h3>\n<\/blockquote>\n<\/div>\n<\/div>\n<\/div>\n<\/div>\n<\/div>\n<\/div>\n<\/div>\n<\/div>\n<\/div>\n<\/div>\n<\/div>\n<\/div>\n<\/div>\n<\/div>\n<\/div>\n<\/div>\n<\/div>\n<\/div>\n<\/div>\n<\/div>\n<\/div>\n<\/div>\n<\/div>\n<\/div>\n<\/div>\n<\/div>\n<\/div>\n<p><strong>BELLUNO <\/strong>Nell\u2019ambito delle azioni per fronteggiare l\u2019emergenza COVID, l\u2019Ulss Dolomiti ricorda che \u00e8 aperto un bando per la formazione di elenchi di infermieri disponibili ad assumere incarichi di natura libero professionale. I requisiti richiesti sono la laurea infermieristica e l\u2019iscrizione all\u2019abo. Per gli infermieri in pensione, grazie alla collaborazione con l\u2019Ordine, \u00e8 prevista una procedura semplificata per l\u2019iscrizione all\u2019albo. Per qualsiasi informazione \u00e8 possibile contattare la Segreteria amministrativa al numero 0437 30466 o mandare una mail a segreteria@opibelluno.it<\/p>\n<p>&nbsp;<\/p>\n<p>&nbsp;<\/p>\n<hr \/>\n<p>&nbsp;<\/p>\n<blockquote>\n<h3>ITS MECCATRONICO, NUOVO ROUND DI SELEZIONI IL 22 OTTOBRE<\/h3>\n<\/blockquote>\n<p><strong>BELLUNO<\/strong> Una borsa di studio per ogni studente dell\u2019ITS Meccatronico: \u00e8 questo l\u2019impegno del Gruppo Giovani di Confindustria Belluno Dolomiti a pochi giorni dalle nuove selezioni in programma il 22 ottobre a Belluno. Le iscrizioni per il corso \u201cTecnico superiore per l\u2019automazione e i sistemi meccatronici\u201d sono ancora aperte e la Fondazione ITS-Academy Meccatronico del Veneto sta raccogliendo adesioni da tutto il territorio non solo bellunese. L\u2019ITS meccatronico (ITS sta per Istituto Tecnico Superiore) \u00e8 un corso post-maturit\u00e0, biennale, che prevede duemila ore di formazione &#8211; di queste 1200 in aula, 800 in azienda &#8211; e rivolto a tutte le persone con diploma di scuola secondaria di secondo grado, studenti, inoccupati, disoccupati. Anche Epta, gruppo multinazionale specializzato nella refrigerazione commerciale, fiore all\u2019occhiello del manifatturiero provinciale. \u201c<em>Abbiamo bisogno di profili specializzati: i giovani del territorio devono cogliere questa opportunit\u00e0<\/em>\u201d, affermano dall\u2019azienda di Limana, lanciando cos\u00ec un appello ai giovani bellunesi e non solo. Un messaggio che \u00e8 anche e soprattutto di fiducia in un momento storico delicato, contrassegnato dalla pandemia.\u00a0Nonostante il Covid, per\u00f2, il cuore manifatturiero del Bellunese continua a battere e creare valore aggiunto. \u201cAncora non si \u00e8 riusciti a colmare il gap tra la domanda e l\u2019offerta nel mercato del lavoro; le aziende ricercano profili con competenze tecniche e tecnologiche ma faticano a trovarne\u201d, afferma Gregorio Todeschini, HR plant manager Epta. \u201cPer questo oggi pi\u00f9 che mai \u00e8 importante che le nuove generazioni sappiano cogliere le opportunit\u00e0 che il loro territorio offre. Epta \u00e8 da sempre impegnata nella promozione di iniziative di formazione che riducano il gap domanda-offerta\u201d.\u00a0Da qui il sostegno pieno al corso post-maturit\u00e0\u00a0\u201cTecnico superiore per l\u2019automazione ed i sistemi meccatronici\u201d proposto dall\u2019ITS-Academy Meccatronico Veneto, che per Todeschini rappresenta \u201cun eccellente percorso e una occasione di maggior occupabilit\u00e0 per coloro che vogliano proporsi alle imprese del territorio come tecnici altamente specializzati nelle pi\u00f9 innovative e recenti tecnologie manifatturiere\u201d. Per tutte le informazioni sulle selezioni del 22 ottobre a Belluno e le preiscrizioni contattare\u00a0<u><a href=\"http:\/\/www.itsmeccatronico.it\/\" target=\"_blank\" rel=\"noopener noreferrer\">www.itsmeccatronico.it<\/a><\/u>. Ci sono ancora pochissimi giorni per farsi avanti.<\/p>\n<p>&nbsp;<\/p>\n<p>&nbsp;<\/p>\n<hr \/>\n<p>&nbsp;<\/p>\n<blockquote>\n<h3>TORNANO LE GIORNATE FAI D\u2019AUTUNNO. CONFERENZE E VISITE ALLA SCOPERTA DI PALAZZO ROSSO E PALAZZO PILONI CON I VOLONTARI FAI<\/h3>\n<\/blockquote>\n<p><strong><a class=\"dt-pswp-item\" href=\"https:\/\/www.radiopiu.net\/wordpress\/wp-content\/uploads\/2019\/02\/palazzo_piloni_belluno.jpg\" data-dt-img-description=\"\" data-large_image_width=\"1000\" data-large_image_height=\"667\"><img loading=\"lazy\" decoding=\"async\" class=\"size-medium wp-image-77618 alignleft\" src=\"https:\/\/www.radiopiu.net\/wordpress\/wp-content\/uploads\/2019\/02\/palazzo_piloni_belluno-300x200.jpg\" alt=\"\" width=\"300\" height=\"200\" srcset=\"https:\/\/www.radiopiu.net\/wordpress\/wp-content\/uploads\/2019\/02\/palazzo_piloni_belluno-300x200.jpg 300w, https:\/\/www.radiopiu.net\/wordpress\/wp-content\/uploads\/2019\/02\/palazzo_piloni_belluno-768x512.jpg 768w, https:\/\/www.radiopiu.net\/wordpress\/wp-content\/uploads\/2019\/02\/palazzo_piloni_belluno.jpg 1000w\" sizes=\"auto, (max-width: 300px) 100vw, 300px\" \/><\/a>BELLUNO <\/strong>Dopo il successo delle Giornate all\u2019aperto dello scorso giugno, torna il tradizionale appuntamento delle Giornate d\u2019Autunno che il Fondo Ambiente Italiano organizza per promuovere la valorizzazione, la tutela e il recupero del ricco patrimonio d\u2019arte e natura del nostro territorio nazionale. Il Fai propone un evento su prenotazione consigliata\u00a0per la prima volta in due weekend e non in uno (il 17-18 e il 24-25 ottobre), per fare in modo che quanta pi\u00f9 gente possa godere della bellezza e dell\u2019offerta culturale. \u00c8 fortemente consigliato prenotare la visita sul sito <a href=\"https:\/\/www.giornatefai.it\/\">www.giornatefai.i<\/a><\/p>\n<p>&nbsp;<\/p>\n<p>&nbsp;<\/p>\n<p>&nbsp;<\/p>\n<hr \/>\n<p>&nbsp;<\/p>\n<blockquote>\n<h3>MOSTRA MUSICA E LETTURE PALAZZO DOGLIONI &#8220;GLI DEI DEL BORGO&#8221; 25 OTTOBRE IN OCCASIONE DELLE GIORNATE DEL FAI<\/h3>\n<\/blockquote>\n<p><strong>BELLUNO\u00a0<\/strong>Apre i battenti,\u00a0 in occasione delle giornate del Fai,\u00a0 il rinnovato palazzo Doglioni a Borgo Piave nella splendida cornice della piazzetta\u00a0 difronte alla chiesa di San Nicolo&#8217;.\u00a0Portoni aperti con una pregevole iniziativa coordinata da Gocce di Sole aps assieme\u00a0 all&#8217;Associazione Vivamelio e alla neonata Borgo Piave ETC aps. Saranno esposte delle opere che richiamano i personaggi Epici della mitologia greca ,con una cornice musicale e delle letture. Le prime portate alla ribalta dall&#8217;associazione VIVAMELIO che ormai da otto anni promuove con la manifestazione &#8220;Mel&#8217;immagino &#8220;,l&#8217;illustrazione e il cinema di animazione. La musica\u00a0 invece sara&#8217; presentata grazie agli artisti\u00a0 : Luisa Nalato, flauto, Laura Argenta, clarinetto, Davide Nenci, chitarra, Maddalena Menegardi e Ivan Zasso, violini.\u00a0Introduzione della mostra sara&#8217; fatta da Rosy Teze&#8217; e Claudio Rossi.\u00a0Un occasione ,sottolinea la presidente di Gocce di Sole\u00a0\u00a0 Manuela Selvestrel, molto ghiotta per poter conoscere le bellezze della nostra Citta&#8217; ed oltremodo gustarsi un ora di arte e musica e cultura in un ambiente come il rinnovato Palazzo Doglioni che conserva al suo interno affreschi di pregio in sale\u00a0 dai controsoffitti\u00a0 in larice e pavimenti in cotto. Esso appare sul logo\u00a0 della neonata associazione\u00a0 Borgo Piave ETC aps\u00a0 fondata dalla volont\u00e0 di alcuni abitanti del borgo\u00a0 che hanno deciso di spendersi per valorizzare, far conoscere e mantenere il quartiere del centro storico . Quale miglior\u00a0 occasione, ci tiene a sottolineare Adriano Gheno presidente del sodalizio, di\u00a0 poter promuovere un appuntamento culturale di spessore proprio nel fulcro del nostro\u00a0 quartiere. Alcune note per orari ed accesso. Quattro rappresentazioni: ore 10, ore 11, ore 15 e ore 16. \u00a0Prenotazione obbligatoria scrivendo a info@goccedisole.bl.it, Messaggio su whatsapp al n\u00b0 3389486064 indicando il nome e la fascia oraria prescelta.Ingresso libero.<\/p>\n<p>&nbsp;<\/p>\n<p>&nbsp;<\/p>\n<hr \/>\n<p>&nbsp;<\/p>\n<blockquote>\n<h3>NUOVI CORSI PER OPERATORE SOCIO SANITARIO: PRESELEZIONE SPOSTATA AL 22 OTTOBRE<\/h3>\n<\/blockquote>\n<p><strong>BELLUNO <\/strong>C\u2019\u00e8 ancora qualche giorno di tempo per iscriversi ai nuovi percorsi Oss 2020-2021. La preselezione, infatti, \u00e8 stata spostata in avanti, al 22 ottobre.\u00a0Sono sette i corsi in programma, per 210 posti a disposizione. Un numero funzionale a coprire il fabbisogno di queste figure professionali per l\u2019immediato futuro, dato che secondo le stime della Regione Veneto da qui ai prossimi due anni ne serviranno 350 nella sola provincia di Belluno.\u00a0Sono previsti tre cicli. A copertura dei costi di organizzazione, intervengono Provincia (con un finanziamento di 35mila euro) e Consorzio Bim. A sostegno invece dei corsisti ci sar\u00e0 l\u2019intervento del Rotary Club Belluno.\u00a0Per partecipare ai corsi \u00e8 necessario avere assolto al diritto dovere all\u2019istruzione e formazione professionale ai sensi della normativa vigente, oppure il compimento del 18\u00b0 anno di et\u00e0 alla data di iscrizione e il titolo di licenza media. Possono partecipare ai percorsi formativi anche i cittadini stranieri, ma devono possedere il certificato di competenza linguistica rilasciato da enti certificatori, almeno di livello B1. I corsi sono accessibili sia alle persone disoccupate che agli occupati.\u00a0Informazioni dettagliate all\u2019indirizzo mail ambito.belluno@venetolavoro.it.<\/p>\n<p>&nbsp;<\/p>\n<p>&nbsp;<\/p>\n<hr \/>\n<p>&nbsp;<\/p>\n<blockquote>\n<h3>IN PROGRAMMA L\u2019ASSEMBLEA ORDINARIA DELL\u2019ASSOCIAZIONE PETTIROSSO AGORDINO<\/h3>\n<\/blockquote>\n<p><strong class=\"photoswipe-wrapper\"><a class=\"dt-pswp-item pspw-wrap-ready\" href=\"https:\/\/i2.wp.com\/www.radiopiu.net\/wordpress\/wp-content\/uploads\/2016\/03\/cucc-pettirosso-15.jpg?ssl=1\" data-dt-img-description=\"\" data-large_image_width=\"400\" data-large_image_height=\"200\"><img loading=\"lazy\" decoding=\"async\" class=\" wp-image-17194 alignleft\" src=\"https:\/\/i2.wp.com\/www.radiopiu.net\/wordpress\/wp-content\/uploads\/2016\/03\/cucc-pettirosso-15.jpg?resize=234%2C117&amp;ssl=1\" sizes=\"auto, (max-width: 234px) 100vw, 234px\" srcset=\"https:\/\/i2.wp.com\/www.radiopiu.net\/wordpress\/wp-content\/uploads\/2016\/03\/cucc-pettirosso-15.jpg?resize=300%2C150&amp;ssl=1 300w, https:\/\/i2.wp.com\/www.radiopiu.net\/wordpress\/wp-content\/uploads\/2016\/03\/cucc-pettirosso-15.jpg?w=400&amp;ssl=1 400w\" alt=\"\" width=\"234\" height=\"117\" data-recalc-dims=\"1\" \/><\/a>AGORDO<\/strong> \u00c8 in programma per marted\u00ec 20 ottobre l\u2019assemblea ordinaria dell\u2019Associazione Pettirosso Agordino presso la sala Don Tamis dell\u2019Unione Montana ad Agordo. 5 punti all\u2019ordine del giorno. La ratifica del consiglio direttivo di ammissione nuovi soci, relazione esercizio sociale dell\u2019anno 2019, presentazione e approvazione del bilancio 2019, presentazione e approvazione del bilancio preventivo 2020, varie ed eventuali.<\/p>\n<p>&nbsp;<\/p>\n<p>&nbsp;<\/p>\n<hr \/>\n<p>&nbsp;<\/p>\n<p>&nbsp;<\/p>\n<blockquote>\n<h3>LA APP MUNICIPIUM ATTIVA ANCHE A SELVA DI CADORE<\/h3>\n<\/blockquote>\n<p><strong><a class=\"dt-pswp-item\" href=\"https:\/\/www.radiopiu.net\/wordpress\/wp-content\/uploads\/2020\/10\/download-12.jpg\" data-dt-img-description=\"\" data-large_image_width=\"305\" data-large_image_height=\"165\"><img loading=\"lazy\" decoding=\"async\" class=\" wp-image-166783 alignleft\" src=\"https:\/\/www.radiopiu.net\/wordpress\/wp-content\/uploads\/2020\/10\/download-12-300x162.jpg\" alt=\"\" width=\"159\" height=\"86\" srcset=\"https:\/\/www.radiopiu.net\/wordpress\/wp-content\/uploads\/2020\/10\/download-12-300x162.jpg 300w, https:\/\/www.radiopiu.net\/wordpress\/wp-content\/uploads\/2020\/10\/download-12.jpg 305w\" sizes=\"auto, (max-width: 159px) 100vw, 159px\" \/><\/a>SELVA DI CADORE<\/strong> Dopo i comuni di Taibon e Agordo, anche il comune di Selva di Cadore aderisce alla App Municipium. Una app che tiene aggiornato il cittadino su tutte le informazioni riguardanti il comune di appartenenza. Basta scaricare l&#8217;applicazione sul proprio smartphone dallo store di riferimento (Android o iOS)<\/p>\n<p>&nbsp;<\/p>\n<p>&nbsp;<\/p>\n<p>&nbsp;<\/p>\n<hr \/>\n<p>&nbsp;<\/p>\n<p><a class=\"dt-pswp-item\" href=\"https:\/\/www.radiopiu.net\/wordpress\/wp-content\/uploads\/2018\/09\/appuntamenti.jpeg\" data-dt-img-description=\"\" data-large_image_width=\"800\" data-large_image_height=\"100\"><img loading=\"lazy\" decoding=\"async\" class=\"aligncenter wp-image-61958 size-full\" src=\"https:\/\/www.radiopiu.net\/wordpress\/wp-content\/uploads\/2018\/09\/appuntamenti.jpeg\" alt=\"\" width=\"800\" height=\"100\" srcset=\"https:\/\/www.radiopiu.net\/wordpress\/wp-content\/uploads\/2018\/09\/appuntamenti.jpeg 800w, https:\/\/www.radiopiu.net\/wordpress\/wp-content\/uploads\/2018\/09\/appuntamenti-300x38.jpeg 300w, https:\/\/www.radiopiu.net\/wordpress\/wp-content\/uploads\/2018\/09\/appuntamenti-768x96.jpeg 768w\" sizes=\"auto, (max-width: 800px) 100vw, 800px\" \/><\/a><\/p>\n<p>&nbsp;<\/p>\n<p>&nbsp;<\/p>\n<p><strong><a class=\"dt-pswp-item\" href=\"https:\/\/www.radiopiu.net\/wordpress\/wp-content\/uploads\/2020\/10\/a5942cc3-539d-4632-975b-25d657e0b6b7.jpg\" data-dt-img-description=\"\" data-large_image_width=\"1041\" data-large_image_height=\"1600\"><img loading=\"lazy\" decoding=\"async\" class=\"size-medium wp-image-165930 alignleft\" src=\"https:\/\/www.radiopiu.net\/wordpress\/wp-content\/uploads\/2020\/10\/a5942cc3-539d-4632-975b-25d657e0b6b7-195x300.jpg\" alt=\"\" width=\"195\" height=\"300\" srcset=\"https:\/\/www.radiopiu.net\/wordpress\/wp-content\/uploads\/2020\/10\/a5942cc3-539d-4632-975b-25d657e0b6b7-195x300.jpg 195w, https:\/\/www.radiopiu.net\/wordpress\/wp-content\/uploads\/2020\/10\/a5942cc3-539d-4632-975b-25d657e0b6b7-666x1024.jpg 666w, https:\/\/www.radiopiu.net\/wordpress\/wp-content\/uploads\/2020\/10\/a5942cc3-539d-4632-975b-25d657e0b6b7-768x1180.jpg 768w, https:\/\/www.radiopiu.net\/wordpress\/wp-content\/uploads\/2020\/10\/a5942cc3-539d-4632-975b-25d657e0b6b7-999x1536.jpg 999w, https:\/\/www.radiopiu.net\/wordpress\/wp-content\/uploads\/2020\/10\/a5942cc3-539d-4632-975b-25d657e0b6b7.jpg 1041w\" sizes=\"auto, (max-width: 195px) 100vw, 195px\" \/><\/a>AGORDO<\/strong> Pc Ranch Young Team e Aics Belluno organizzano un corso di ginnastica-coordinazione-ritmo volteggio. Tutti i martedi fino a maggio sempre alle 16 al Palarova. Orario: 16-17 bambini 5-7 anni; 16.30-1830 bambini dagli 8 anni compiuti. Info e iscrizioni da Donatella al 348 4352362. Causa covid 19 i posti sono limitati<\/p>\n<p>&nbsp;<\/p>\n<div>\n<hr \/>\n<\/div>\n<div><\/div>\n<div><strong>CHIES D&#8217;ALPAGO<\/strong> Domenica 25 ottobre 70^ giornata del ringraziamento agricolo, alle 9 arrivo trattoristi, 9.30 messa con il Vescovo o suo delegato, 10.30 benedizione macchine agricole e animali 10.45 interventi delle autorit\u00e0 11 sfilata trattori e animali 12.00 momento conviviale.<\/div>\n<div><\/div>\n<div><\/div>\n<hr \/>\n<p>&nbsp;<\/p>\n<p><strong>BELLUNO<\/strong> Oggi dalle 10 alle 12 in Piazza dei Martiri a Belluno, l&#8217;Unione Italiana dei ciechi ed ipovedenti della provincia di Belluno organizzano una giornata dal titolo &#8220;Guide a 4 zampe&#8221;. Si potr\u00e0 provare ad essere guidato da un cane guida. Per le disposizioni anti Covid-19 saranno distribuite bende per gli occhi e guati monouso. Per informazioni 0437 943413 o ulcbl@ulciechi.it<\/p>\n<div><\/div>\n<hr \/>\n<p>&nbsp;<\/p>\n<h2><span style=\"color: #ff0000;\">IERI ALLA RADIO<\/span><\/h2>\n<h2><span style=\"color: #800080;\">LA RASSEGNA STAMPA DA L&#8217;AMICO DEL POPOLO di Gianni Santomaso\u00a0<\/span><\/h2>\n<audio class=\"wp-audio-shortcode\" id=\"audio-166864-6\" preload=\"none\" style=\"width: 100%;\" controls=\"controls\"><source type=\"audio\/mpeg\" src=\"https:\/\/www.radiopiu.net\/wordpress\/wp-content\/uploads\/2020\/10\/RASSEGNA-GIANNI-3.mp3?_=6\" \/><a href=\"https:\/\/www.radiopiu.net\/wordpress\/wp-content\/uploads\/2020\/10\/RASSEGNA-GIANNI-3.mp3\">https:\/\/www.radiopiu.net\/wordpress\/wp-content\/uploads\/2020\/10\/RASSEGNA-GIANNI-3.mp3<\/a><\/audio>\n<p>&nbsp;<\/p>\n<hr \/>\n<p>&nbsp;<\/p>\n<h2><span style=\"color: #808000;\">DUE MINUTI UN LIBRO\u00a0<\/span><\/h2>\n<blockquote class=\"wp-embedded-content\" data-secret=\"A2bchv8iCC\"><p><a href=\"https:\/\/www.radiopiu.net\/wordpress\/il-segreto-del-mercante-di-libri\/\">IL SEGRETO DEL MERCANTE DI LIBRI<\/a><\/p><\/blockquote>\n<p><iframe loading=\"lazy\" class=\"wp-embedded-content\" sandbox=\"allow-scripts\" security=\"restricted\" style=\"position: absolute; clip: rect(1px, 1px, 1px, 1px);\" title=\"&#8220;IL SEGRETO DEL MERCANTE DI LIBRI&#8221; &#8212; Radio Pi\u00f9\" src=\"https:\/\/www.radiopiu.net\/wordpress\/il-segreto-del-mercante-di-libri\/embed\/#?secret=A2bchv8iCC\" data-secret=\"A2bchv8iCC\" width=\"600\" height=\"338\" frameborder=\"0\" marginwidth=\"0\" marginheight=\"0\" scrolling=\"no\"><\/iframe><\/p>\n<h2>LA RACCOLTA COMPLETA<\/h2>\n<blockquote class=\"wp-embedded-content\" data-secret=\"ofXyMc77ke\"><p><a href=\"https:\/\/www.radiopiu.net\/wordpress\/due-minuti-un-libro\/\">Due minuti un libro<\/a><\/p><\/blockquote>\n<p><iframe loading=\"lazy\" class=\"wp-embedded-content\" sandbox=\"allow-scripts\" security=\"restricted\" style=\"position: absolute; clip: rect(1px, 1px, 1px, 1px);\" title=\"&#8220;Due minuti un libro&#8221; &#8212; Radio Pi\u00f9\" src=\"https:\/\/www.radiopiu.net\/wordpress\/due-minuti-un-libro\/embed\/#?secret=ofXyMc77ke\" data-secret=\"ofXyMc77ke\" width=\"600\" height=\"338\" frameborder=\"0\" marginwidth=\"0\" marginheight=\"0\" scrolling=\"no\"><\/iframe><\/p>\n<p>&nbsp;<\/p>\n<p>&nbsp;<\/p>\n<hr \/>\n<p>&nbsp;<\/p>\n<div>\n<h2><span style=\"color: #33cccc;\">I RACCONTI DI PAOLO SOPPELSA il lunedi alle 9.30 e 18.30<\/span><\/h2>\n<h2><span style=\"color: #33cccc;\"><strong>LA RACCOLTA COMPLETA<\/strong><\/span><\/h2>\n<blockquote class=\"wp-embedded-content\" data-secret=\"ihFvK0Z7Zr\"><p><a href=\"https:\/\/www.radiopiu.net\/wordpress\/i-racconti-di-paolo-soppelsa\/\">I racconti di Paolo Soppelsa<\/a><\/p><\/blockquote>\n<p><iframe loading=\"lazy\" class=\"wp-embedded-content\" sandbox=\"allow-scripts\" security=\"restricted\" style=\"position: absolute; clip: rect(1px, 1px, 1px, 1px);\" title=\"&#8220;I racconti di Paolo Soppelsa&#8221; &#8212; Radio Pi\u00f9\" src=\"https:\/\/www.radiopiu.net\/wordpress\/i-racconti-di-paolo-soppelsa\/embed\/#?secret=ihFvK0Z7Zr\" data-secret=\"ihFvK0Z7Zr\" width=\"600\" height=\"338\" frameborder=\"0\" marginwidth=\"0\" marginheight=\"0\" scrolling=\"no\"><\/iframe><\/p>\n<p>&nbsp;<\/p>\n<div class=\"_4tdt _ua1\">\n<div class=\"_31o4\">\n<div class=\"_6--1\" aria-hidden=\"true\">\n<div class=\"_1gyw _55lt\">\n<hr \/>\n<\/div>\n<\/div>\n<\/div>\n<\/div>\n<\/div>\n<p>&nbsp;<\/p>\n<h2><span style=\"color: #ff0000;\">VIDEO, MUSICA E INTERVISTE DAL FRAMONT<\/span><\/h2>\n<blockquote class=\"wp-embedded-content\" data-secret=\"MivH52ENwM\"><p><a href=\"https:\/\/www.radiopiu.net\/wordpress\/aspettando-musica-nellagordino-improvvisazioni-in-quota\/\">IMPROVVISAZIONI IN QUOTA &#8230;. RICORDI ESTIVI CON AGORDO MUSICA. IL VIDEO UFFICIALE<\/a><\/p><\/blockquote>\n<p><iframe loading=\"lazy\" class=\"wp-embedded-content\" sandbox=\"allow-scripts\" security=\"restricted\" style=\"position: absolute; clip: rect(1px, 1px, 1px, 1px);\" title=\"&#8220;IMPROVVISAZIONI IN QUOTA &#8230;. RICORDI ESTIVI CON AGORDO MUSICA. IL VIDEO UFFICIALE&#8221; &#8212; Radio Pi\u00f9\" src=\"https:\/\/www.radiopiu.net\/wordpress\/aspettando-musica-nellagordino-improvvisazioni-in-quota\/embed\/#?secret=MivH52ENwM\" data-secret=\"MivH52ENwM\" width=\"600\" height=\"338\" frameborder=\"0\" marginwidth=\"0\" marginheight=\"0\" scrolling=\"no\"><\/iframe><\/p>\n<p>&nbsp;<\/p>\n<p>&nbsp;<\/p>\n<hr \/>\n<div>\n<h2><span style=\"color: #000080;\"><a class=\"dt-pswp-item\" href=\"https:\/\/www.radiopiu.net\/wordpress\/wp-content\/uploads\/2020\/10\/pp.jpg\" data-dt-img-description=\"\" data-large_image_width=\"640\" data-large_image_height=\"640\"><img loading=\"lazy\" decoding=\"async\" class=\"wp-image-163678 alignleft\" src=\"https:\/\/www.radiopiu.net\/wordpress\/wp-content\/uploads\/2020\/10\/pp-300x300.jpg\" alt=\"\" width=\"106\" height=\"106\" srcset=\"https:\/\/www.radiopiu.net\/wordpress\/wp-content\/uploads\/2020\/10\/pp-300x300.jpg 300w, https:\/\/www.radiopiu.net\/wordpress\/wp-content\/uploads\/2020\/10\/pp-150x150.jpg 150w, https:\/\/www.radiopiu.net\/wordpress\/wp-content\/uploads\/2020\/10\/pp-125x125.jpg 125w, https:\/\/www.radiopiu.net\/wordpress\/wp-content\/uploads\/2020\/10\/pp-200x200.jpg 200w, https:\/\/www.radiopiu.net\/wordpress\/wp-content\/uploads\/2020\/10\/pp-80x80.jpg 80w, https:\/\/www.radiopiu.net\/wordpress\/wp-content\/uploads\/2020\/10\/pp-480x480.jpg 480w, https:\/\/www.radiopiu.net\/wordpress\/wp-content\/uploads\/2020\/10\/pp.jpg 640w\" sizes=\"auto, (max-width: 106px) 100vw, 106px\" \/><\/a>DON CESARE, IL PENSIERO DEL GIORNO. ALLA RADIO ALLE 7 DEL MATTINO E ALLE 19.30 DELLA SERA.\u00a0\u00a0<\/span><\/h2>\n<\/div>\n<p>&nbsp;<\/p>\n<p>&nbsp;<\/p>\n<p>&nbsp;<\/p>\n<hr \/>\n<p>&nbsp;<\/p>\n<div>\n<p><a class=\"dt-pswp-item\" href=\"https:\/\/www.radiopiu.net\/wordpress\/wp-content\/uploads\/2018\/09\/viabilita.jpeg\" data-dt-img-description=\"\" data-large_image_width=\"800\" data-large_image_height=\"100\"><img loading=\"lazy\" decoding=\"async\" class=\"aligncenter wp-image-61954 size-full\" src=\"https:\/\/www.radiopiu.net\/wordpress\/wp-content\/uploads\/2018\/09\/viabilita.jpeg\" alt=\"\" width=\"800\" height=\"100\" srcset=\"https:\/\/www.radiopiu.net\/wordpress\/wp-content\/uploads\/2018\/09\/viabilita.jpeg 800w, https:\/\/www.radiopiu.net\/wordpress\/wp-content\/uploads\/2018\/09\/viabilita-300x38.jpeg 300w, https:\/\/www.radiopiu.net\/wordpress\/wp-content\/uploads\/2018\/09\/viabilita-768x96.jpeg 768w\" sizes=\"auto, (max-width: 800px) 100vw, 800px\" \/><\/a><\/p>\n<\/div>\n<p><strong>\u00a0\u00a0<\/strong><\/p>\n<p><strong>SP 12 PEDEMONTANA <\/strong>senso unico alternato regolato da impianto semaforico in localit\u00e0 Veses fino al 6 novembre, esclusi sabati e domeniche, per messa in sicurezza versante a monte della strada<\/p>\n<p><strong>SP 25 DEL PASSO VALLES<\/strong> senso unico alternato regolato da impianto semaforico in localit\u00e0 Caverson fino al 30 ottobre, esclusi sabati e domenica, \u00a0per manutenzione sovrappasso pista da sci<\/p>\n<p><strong>SP 5 DI LAMOSANO<\/strong> fino al 21 ottobre chiusura totale alla transitabilit\u00e0 in comune di Chies D&#8217;Alpago per lavori di ripristino fognature<\/p>\n<p><strong>SR 203 AGORDINA <\/strong>dal 19 al 23 ottobre, dalle 8 alle 12 e dalle 13:30 alle 17:30, temporanee interruzioni al traffico della durata massima di 20 minuti tra Cencenighe e Avoscan per esbosco con elicottero in attraversamento strada<\/p>\n<p><strong>SR 48 DELLE DOLOMITI<\/strong> Fino al 30 ottobre (festivi e prefestivi esclusi) senso unico alternato con movieri o semafori<\/p>\n<p><strong>SR 50 DEL GRAPPA E PASSO ROLLE<\/strong>\u00a0 fino al 23 ottobre, dalle 8 alle 17 esclusi sabati e domeniche, temporanee interruzioni alla viabilit\u00e0 di massimo 30 minuti per allestimento protezione in prossimit\u00e0 dell&#8217;imbocco a monte della galleria Pontet<\/p>\n<p><strong>203 AGORDINA, ALLEGHE<\/strong> LOCALITA&#8217; SOPRA SAC\u00a0 fino \u00a0al 30 ottobre (sabato e domenica esclusi) senso unico alternato per allestimento opere anti valanghive<\/p>\n<p><strong>SP 3 DELLA VAL IMPERINA<\/strong> fino a revoca, senso unico alternato regolato a vista in localit\u00e0 Gona di Conedera di Rivamonte per cedimento della carreggiata stradale<\/p>\n<p><strong>SR 48 DELLE DOLOMITI<\/strong> fino\u00a0 al 6 novembre (festivi e prefestivi inclusi) senso unico alternato in localit\u00e0 Brenta Comune di Livinallongo del Col di Lana.<\/p>\n<p><strong>SP 422 DELL&#8217;ALPAGO E DEL CANSIGLIO<\/strong> fino al 30 ottobre senso unico alternato regolato da movieri tra le 8 e le 19 tra Puos e Cornei per posa fibra ottica<\/p>\n<p><strong>SP 422 DELL&#8217;ALPAGO E DEL CANSIGLIO<\/strong> fino al 21 ottobre senso unico alternato regolato da movieri tra le 7 e le 19 tra Spert e Pian Cansiglio per asfaltatura strada<\/p>\n<p><strong>SR 48 DELLE DOLOMITI\u00a0 <\/strong>fino\u00a0al 31 ottobre, compresi sabati e domeniche, senso unico alternato regolato da impianto semaforico tra Passo Falzarego e il parcheggio 5 Torri per posa elettrodotto interrato<\/p>\n<p><strong>SP 49 DI MISURINA <\/strong>fino al\u00a020 novembre, senso unico alternato regolato da impianto semaforico tra Misurina e il confine con la provincia di Bolzano per posa elettrodotto interrato<\/p>\n<p><strong>REGIONALE 48 DELLE DOLOMITI<\/strong> localit\u00e0 Cernadoi-Pian di Falzarego, fino al 30 ottobre senso unico alternato regolato da semaforo anche nei giorni festivi e prefestivi.<\/p>\n<p><strong>PROVINCIALE 251 VAL DI ZOLDO E CELLINA<\/strong> localit\u00e0 Pescul-Selva di Cadore, fino al 31 ottobre senso unico alternato con movieri o semaforo, escluso sabato e domenica.<\/p>\n<p><strong>PROVINCIALE 641 PASSO FEDAIA<\/strong> Fino al 30 ottobre compresi festivi e prefestivi senso unico con semaforo in localit\u00e0 Capanna Bill<\/p>\n<p><strong>REGIONALE 203 AGORDINA<\/strong>\u00a0 Fino\u00a0 al 18 dicembre (esclusi festivi e prefestivi) senso unico alternato tra Peron e Candaten con movieri dalle 7.30 alle 9 e dalle 16.30 alle 18. Con semaforo negli altri orari<\/p>\n<p><strong>REGIONALE 203 AGORDINA<\/strong> Fino al 30 ottobre (sabato e domenica esclusi) tra Candaten e La Stanga dalle 7.30 alle 9 e dalle 16.30 alle 18 con movieri e negli altri orari con semaforo, senso unico alternato.<\/p>\n<div>\n<p>&nbsp;<\/p>\n<hr \/>\n<p>&nbsp;<\/p>\n<p class=\"photoswipe-wrapper\"><a class=\"dt-pswp-item pspw-wrap-ready\" href=\"https:\/\/i0.wp.com\/www.radiopiu.net\/wordpress\/wp-content\/uploads\/2018\/09\/WhatsApp-Image-2018-09-20-at-16.04.06.jpeg?ssl=1\" data-dt-img-description=\"\" data-large_image_width=\"800\" data-large_image_height=\"100\"><img loading=\"lazy\" decoding=\"async\" class=\"aligncenter wp-image-61378 size-full jetpack-lazy-image jetpack-lazy-image--handled\" src=\"https:\/\/i0.wp.com\/www.radiopiu.net\/wordpress\/wp-content\/uploads\/2018\/09\/WhatsApp-Image-2018-09-20-at-16.04.06.jpeg?resize=800%2C100&amp;ssl=1\" sizes=\"auto, (max-width: 800px) 100vw, 800px\" srcset=\"https:\/\/i0.wp.com\/www.radiopiu.net\/wordpress\/wp-content\/uploads\/2018\/09\/WhatsApp-Image-2018-09-20-at-16.04.06.jpeg?w=800&amp;ssl=1 800w, https:\/\/i0.wp.com\/www.radiopiu.net\/wordpress\/wp-content\/uploads\/2018\/09\/WhatsApp-Image-2018-09-20-at-16.04.06.jpeg?resize=300%2C38&amp;ssl=1 300w, https:\/\/i0.wp.com\/www.radiopiu.net\/wordpress\/wp-content\/uploads\/2018\/09\/WhatsApp-Image-2018-09-20-at-16.04.06.jpeg?resize=768%2C96&amp;ssl=1 768w\" alt=\"\" width=\"800\" height=\"100\" data-lazy-loaded=\"1\" \/><\/a><\/p>\n<\/div>\n<div><\/div>\n<div><center><b>Domenica 18<\/b><\/center><b>Tempo atteso:\u00a0<\/b>Tempo stabile e soleggiato con cielo poco nuvoloso e ottima visibilit\u00e0 in quota; probabili temporanei banchi di nebbia\/nubi basse nelle conche prealpine e in qualche valle dolomitica, limitatamente alle ore pi\u00f9 fredde. Addensamenti nuvolosi durante le ore diurne, specie sulle zone prealpine.<br \/>\n<b>Precipitazioni:\u00a0<\/b>Assenti.<br \/>\n<b>Temperature:\u00a0<\/b>In contenuto aumento le minime, stazionarie o in lieve diminuzione le massime. Su Prealpi a 1500 m min 0\u00b0C max 7\u00b0C, a 2000 m min -3\u00b0C max 4\u00b0C. Su Dolomiti a 2000 m min -3\u00b0C max 4\u00b0C, a 3000 m min -10\u00b0C max -2\u00b0C.<br \/>\n<b>Venti:\u00a0<\/b>Nelle valli deboli a regime di brezza, localmente a tratti moderati; in quota deboli o moderati dai quadranti occidentali a 5-10 km\/h a 2000 m e 15-20 km\/h a 3000 m.<\/p>\n<hr \/>\n<p><center><b>Lunedi 19<\/b><\/center><b>Tempo atteso:\u00a0<\/b>Tempo stabile e soleggiato con cielo generalmente poco nuvoloso, con ottima visibilit\u00e0 in quota. Probabili banchi di nebbia o locali nubi basse nelle conche prealpine, limitatamente alle ore pi\u00f9 fredde. Probabili formazioni di addensamenti nuvolosi durante le ore diurne, pi\u00f9 presenti nell&#8217;area prealpina.<br \/>\n<b>Precipitazioni:\u00a0<\/b>Assenti.<br \/>\n<b>Temperature:\u00a0<\/b>In live o contenuto aumento. Su Prealpi a 1500 m min 0\u00b0C max 7\u00b0C, a 2000 m min -3\u00b0C max 3\u00b0C. Su Dolomiti a 2000 m min -3\u00b0C max 3\u00b0C, a 3000 m min -8\u00b0C max -1\u00b0C.<br \/>\n<b>Venti:\u00a0<\/b>Nelle valli deboli a regime di brezza, localmente a tratti moderati; in quota deboli o moderati dai quadranti occidentali a 15-20 km\/h a 2000 m e 20-25 km\/h a 3000 m.<\/p>\n<hr \/>\n<p><center><b>Martedi 20<\/b><\/center>Ancora tempo stabile e meno soleggiato dei giorni precedenti per passaggi di nubi alte e con temporanei banchi di nebbia o nubi basse nelle conche prealpine durante le ore pi\u00f9 fredde. Precipitazioni assenti. Rinforzo del vento in quota fino a teso da sud-ovest. Temperature in aumento, anche sensibile in quota.<\/p>\n<hr \/>\n<p><center><b>Mercoledi 21<\/b><\/center>Tempo stabile e soleggiato, salvo qualche velatura e le temporanee formazioni di foschie o nubi basse nelle ore pi\u00f9 fredde in molte valli. Temperature in ulteriore aumento specie le massime con clima diurno piuttosto mite a tutte le quote. Venti in quota ancora moderati\/tesi da sud-ovest, piuttosto miti per il periodo. Previsore: M.Padoan<\/p>\n<\/div>\n<div><\/div>\n<p>&nbsp;<\/p>\n<hr \/>\n<p>&nbsp;<\/p>\n<p><a class=\"dt-pswp-item\" href=\"https:\/\/www.radiopiu.net\/wordpress\/wp-content\/uploads\/2018\/09\/sport.jpg\" data-dt-img-description=\"\" data-large_image_width=\"800\" data-large_image_height=\"100\"><img loading=\"lazy\" decoding=\"async\" class=\"wp-image-60761 size-full aligncenter\" src=\"https:\/\/www.radiopiu.net\/wordpress\/wp-content\/uploads\/2018\/09\/sport.jpg\" alt=\"\" width=\"800\" height=\"100\" srcset=\"https:\/\/www.radiopiu.net\/wordpress\/wp-content\/uploads\/2018\/09\/sport.jpg 800w, https:\/\/www.radiopiu.net\/wordpress\/wp-content\/uploads\/2018\/09\/sport-300x38.jpg 300w, https:\/\/www.radiopiu.net\/wordpress\/wp-content\/uploads\/2018\/09\/sport-768x96.jpg 768w\" sizes=\"auto, (max-width: 800px) 100vw, 800px\" \/><\/a><\/p>\n<p>&nbsp;<\/p>\n","protected":false},"excerpt":{"rendered":"<p>PER RICEVERE QUESTO NOTIZIARIO DIRETTAMENTE SUL TUO CELLULARE ISCRIVITI AL CANALE TELEGRAM \u201cRADIO PIU\u00a0 INFORMAZIONE&#8221; ATTENZIONE: LA NUOVA APP PER IOS-IPHONE https:\/\/apps.apple.com\/it\/app\/radio-pi%C3%B9-emittente-agordina\/id1515939845 ATTENZIONE: LA NUOVA APP RADIO\u00a0 PER ANDROID https:\/\/play.google.com\/store\/apps\/details?id=net.radiopiu.iniko &nbsp; PER CHI VIAGGIA: negli spostamenti Agordo-Belluno prendetevi per tempo, sono due i semafori (non sincronizzati) tra La Stanga (dopo il ristorante) e Candaten (prima&hellip;<\/p>\n","protected":false},"author":4,"featured_media":166994,"comment_status":"closed","ping_status":"closed","sticky":false,"template":"","format":"standard","meta":{"_monsterinsights_skip_tracking":false,"_monsterinsights_sitenote_active":false,"_monsterinsights_sitenote_note":"","_monsterinsights_sitenote_category":0,"footnotes":""},"categories":[1,51,86,49],"tags":[],"class_list":["post-166864","post","type-post","status-publish","format-standard","has-post-thumbnail","hentry","category-senza-categoria","category-evidenza-top","category-gr","category-news-18","category-1","category-51","category-86","category-49","description-off"],"img_url":"https:\/\/www.radiopiu.net\/wordpress\/wp-content\/uploads\/2020\/10\/WhatsApp-Image-2020-10-17-at-22.25.52.jpeg","_links":{"self":[{"href":"https:\/\/www.radiopiu.net\/wordpress\/wp-json\/wp\/v2\/posts\/166864","targetHints":{"allow":["GET"]}}],"collection":[{"href":"https:\/\/www.radiopiu.net\/wordpress\/wp-json\/wp\/v2\/posts"}],"about":[{"href":"https:\/\/www.radiopiu.net\/wordpress\/wp-json\/wp\/v2\/types\/post"}],"author":[{"embeddable":true,"href":"https:\/\/www.radiopiu.net\/wordpress\/wp-json\/wp\/v2\/users\/4"}],"replies":[{"embeddable":true,"href":"https:\/\/www.radiopiu.net\/wordpress\/wp-json\/wp\/v2\/comments?post=166864"}],"version-history":[{"count":0,"href":"https:\/\/www.radiopiu.net\/wordpress\/wp-json\/wp\/v2\/posts\/166864\/revisions"}],"wp:featuredmedia":[{"embeddable":true,"href":"https:\/\/www.radiopiu.net\/wordpress\/wp-json\/wp\/v2\/media\/166994"}],"wp:attachment":[{"href":"https:\/\/www.radiopiu.net\/wordpress\/wp-json\/wp\/v2\/media?parent=166864"}],"wp:term":[{"taxonomy":"category","embeddable":true,"href":"https:\/\/www.radiopiu.net\/wordpress\/wp-json\/wp\/v2\/categories?post=166864"},{"taxonomy":"post_tag","embeddable":true,"href":"https:\/\/www.radiopiu.net\/wordpress\/wp-json\/wp\/v2\/tags?post=166864"}],"curies":[{"name":"wp","href":"https:\/\/api.w.org\/{rel}","templated":true}]}}