{"id":166984,"date":"2020-10-19T12:40:39","date_gmt":"2020-10-19T10:40:39","guid":{"rendered":"https:\/\/www.radiopiu.net\/wordpress\/?p=166984"},"modified":"2020-10-19T13:24:36","modified_gmt":"2020-10-19T11:24:36","slug":"giornale-radiopiu-19-ottobre-2020-direttore-mirko-mezzacasa","status":"publish","type":"post","link":"https:\/\/www.radiopiu.net\/wordpress\/giornale-radiopiu-19-ottobre-2020-direttore-mirko-mezzacasa\/","title":{"rendered":"GIORNALE RADIOPIU 19 OTTOBRE 2020 DIRETTORE MIRKO MEZZACASA"},"content":{"rendered":"<h3><strong>PER RICEVERE QUESTO NOTIZIARIO DIRETTAMENTE SUL TUO CELLULARE ISCRIVITI AL CANALE TELEGRAM <\/strong><strong>\u201cRADIO PIU\u00a0 INFORMAZIONE&#8221;<\/strong><\/h3>\n<p><em>ATTENZIONE: LA NUOVA APP PER IOS-IPHONE<\/em><\/p>\n<div>\n<div><a href=\"https:\/\/apps.apple.com\/it\/app\/radio-pi%C3%B9-emittente-agordina\/id1515939845\">https:\/\/apps.apple.com\/it\/app\/radio-pi%C3%B9-emittente-agordina\/id1515939845<\/a><\/div>\n<\/div>\n<div><\/div>\n<div>\n<div dir=\"auto\"><em>ATTENZIONE: LA NUOVA APP RADIO\u00a0 PER ANDROID<\/em><\/div>\n<\/div>\n<p><a href=\"https:\/\/play.google.com\/store\/apps\/details?id=net.radiopiu.iniko\" target=\"_blank\" rel=\"noopener noreferrer\">https:\/\/play.google.com\/store\/apps\/details?id=net.radiopiu.iniko<\/a><\/p>\n<p>&nbsp;<\/p>\n<div class=\"kvgmc6g5 cxmmr5t8 oygrvhab hcukyx3x c1et5uql\"><strong>LIVINALLONGO<\/strong> Alle\u00a0 celebrazioni al Sacrario di Salesei, tra gli altri erano presenti in forze anche gli uomini della Protezione Civile di Caviola, Cencenighe e Belluno,\u00a0 presente anche il presidente Nazionale Sebastiano Favaro<\/div>\n<div>\n\n\t\t\t<style type='text\/css'>\n\t\t\t\t#gallery-1 {\n\t\t\t\t\tmargin: auto;\n\t\t\t\t}\n\t\t\t\t#gallery-1 .gallery-item {\n\t\t\t\t\tfloat: left;\n\t\t\t\t\tmargin-top: 10px;\n\t\t\t\t\ttext-align: center;\n\t\t\t\t\twidth: 25%;\n\t\t\t\t}\n\t\t\t\t#gallery-1 img {\n\t\t\t\t\tborder: 2px solid #cfcfcf;\n\t\t\t\t}\n\t\t\t\t#gallery-1 .gallery-caption {\n\t\t\t\t\tmargin-left: 0;\n\t\t\t\t}\n\t\t\t\t\/* see gallery_shortcode() in wp-includes\/media.php *\/\n\t\t\t<\/style>\n\t\t<div id='gallery-1' class='dt-gallery-container gallery galleryid-166984 gallery-columns-4 gallery-size-thumbnail'><dl class='gallery-item'>\n\t\t\t\t<dt class='gallery-icon portrait'>\n\t\t\t\t\t<a class=\"rollover rollover-zoom dt-pswp-item\" title=\"122133474_356610982440402_8886924816379092503_n\" data-dt-img-description=\"\" data-large_image_width=\"720\" data-large_image_height=\"960\"href='https:\/\/www.radiopiu.net\/wordpress\/wp-content\/uploads\/2020\/10\/122133474_356610982440402_8886924816379092503_n.jpg'><img loading=\"lazy\" decoding=\"async\" width=\"150\" height=\"150\" src=\"https:\/\/www.radiopiu.net\/wordpress\/wp-content\/uploads\/2020\/10\/122133474_356610982440402_8886924816379092503_n-150x150.jpg\" class=\"attachment-thumbnail size-thumbnail\" alt=\"\" \/><\/a>\n\t\t\t\t<\/dt><\/dl><dl class='gallery-item'>\n\t\t\t\t<dt class='gallery-icon landscape'>\n\t\t\t\t\t<a class=\"rollover rollover-zoom dt-pswp-item\" title=\"122026776_346522389904372_4764295529396051467_n\" data-dt-img-description=\"\" data-large_image_width=\"956\" data-large_image_height=\"717\"href='https:\/\/www.radiopiu.net\/wordpress\/wp-content\/uploads\/2020\/10\/122026776_346522389904372_4764295529396051467_n.jpg'><img loading=\"lazy\" decoding=\"async\" width=\"150\" height=\"150\" src=\"https:\/\/www.radiopiu.net\/wordpress\/wp-content\/uploads\/2020\/10\/122026776_346522389904372_4764295529396051467_n-150x150.jpg\" class=\"attachment-thumbnail size-thumbnail\" alt=\"\" \/><\/a>\n\t\t\t\t<\/dt><\/dl><dl class='gallery-item'>\n\t\t\t\t<dt class='gallery-icon landscape'>\n\t\t\t\t\t<a class=\"rollover rollover-zoom dt-pswp-item\" title=\"122004040_410657076753376_8226829389083110440_n\" data-dt-img-description=\"\" data-large_image_width=\"960\" data-large_image_height=\"720\"href='https:\/\/www.radiopiu.net\/wordpress\/wp-content\/uploads\/2020\/10\/122004040_410657076753376_8226829389083110440_n.jpg'><img loading=\"lazy\" decoding=\"async\" width=\"150\" height=\"150\" src=\"https:\/\/www.radiopiu.net\/wordpress\/wp-content\/uploads\/2020\/10\/122004040_410657076753376_8226829389083110440_n-150x150.jpg\" class=\"attachment-thumbnail size-thumbnail\" alt=\"\" \/><\/a>\n\t\t\t\t<\/dt><\/dl><dl class='gallery-item'>\n\t\t\t\t<dt class='gallery-icon landscape'>\n\t\t\t\t\t<a class=\"rollover rollover-zoom dt-pswp-item\" title=\"122110245_3731763653524659_3734853820973928611_n\" data-dt-img-description=\"\" data-large_image_width=\"960\" data-large_image_height=\"720\"href='https:\/\/www.radiopiu.net\/wordpress\/wp-content\/uploads\/2020\/10\/122110245_3731763653524659_3734853820973928611_n.jpg'><img loading=\"lazy\" decoding=\"async\" width=\"150\" height=\"150\" src=\"https:\/\/www.radiopiu.net\/wordpress\/wp-content\/uploads\/2020\/10\/122110245_3731763653524659_3734853820973928611_n-150x150.jpg\" class=\"attachment-thumbnail size-thumbnail\" alt=\"\" \/><\/a>\n\t\t\t\t<\/dt><\/dl><br style=\"clear: both\" \/>\n\t\t\t<\/div>\n\n<\/div>\n<div>\n<div dir=\"auto\"><strong><span style=\"color: #ff0000;\">IN VIVO VERSO, LA SESTA STAGIONE<\/span><\/strong><\/div>\n<div dir=\"auto\"><strong>Ed eccoci qui, pronti a dare vita ai vostri versi con tutta la nostra passione&#8230;In Vivo Verso ricomincia oggi, ed avremo l&#8217;onore di ospitare a Radiopi\u00f9 Antonietta Crepaz Gisella Canzian ,Lorella De Bon. Marco V. Dal Farra e dalla propria voce . Mariano Grossi<\/strong><\/div>\n<div dir=\"auto\"><\/div>\n<\/div>\n<h3><\/h3>\n<hr \/>\n<p>&nbsp;<\/p>\n<h3><span style=\"color: #0000ff;\">PER CHI VIAGGIA: <span style=\"color: #000000;\">negli spostamenti Agordo-Belluno prendetevi per tempo, sono due i semafori (non sincronizzati) tra La Stanga (dopo il ristorante) e Candaten (prima del rettilineo). Disagi notevoli nelle ore di cambio turno in Luxottica ad Agordo.\u00a0<\/span><\/span><\/h3>\n<p>&nbsp;<\/p>\n<hr \/>\n<p>&nbsp;<\/p>\n<p><strong>SP 37 VILLAPAIERA &#8211; FELTRE &#8211;\u00a0 <\/strong>Fino al 30 ottobre (compresi festivi e prefestivi) in abitato di Villapaiera interdizione totale al transito per sistemazione condotta fognaria<\/p>\n<p><strong>PROVINCIALE 8 SAN TOMASO<\/strong> nuovo senso unico alternato fino al 13 novembre compresi festivi e prefestivi in localit\u00e0 ROI per realizzazione acquedotto<\/p>\n<p>&nbsp;<\/p>\n<p>&nbsp;<\/p>\n<hr \/>\n<p>&nbsp;<\/p>\n<p><strong>SELVA DI CADORE<\/strong> Gestione Servizi Pubblici informa che a SELVA DI CADORE in LOCALITA&#8217; L&#8217; ANDRIA, l&#8217;acqua erogata dall&#8217;acquedotto \u00e8 di nuovo potabile e pu\u00f2 essere usata, quindi, per scopi alimentari. Per informazioni \u00e8 possibile contattare il Servizio Clienti al numero 800 306 999 o +39 0445 230521 (da estero) .<\/p>\n<p><strong>CENCENIGHE <\/strong>Gestione Servizi Pubblici informa che, per lavori alla rete idrica comunale,OGGI dalle 8\u00a0 a fine lavori verr\u00e0 sospesa l\u2019erogazione dell\u2019acqua\u00a0 nelle localit\u00e0 Bastiani, Chenet e Lorenzon<\/p>\n<p>&nbsp;<\/p>\n<p>&nbsp;<\/p>\n<hr \/>\n<p><strong><span style=\"color: #ff0000;\">LA NUOVA STRETTA DEL GOVERNO<\/span><\/strong><\/p>\n<blockquote>\n<h2 style=\"text-align: left;\">IL PRESIDENTE DEL CONSIGLIO GIUSEPPE CONTE PRESENTA IL NUOVO DPCM<\/h2>\n<\/blockquote>\n<p><strong>DPCM, LE NUOVE REGOLE: <\/strong>Conte: <em>\u00abIl provvedimento dovr\u00e0 consentirci di affrontare la nuova ondata. Non possiamo perdere tempo. Dobbiamo scongiurare un nuovo lockdown. \u00a0La strategia attuale non pu\u00f2 essere la stessa attuata in primavera. All&#8217;inizio della pandemia ci siamo scoperti privi di attrezzature per la terapia intensiva e subintensiva, privi di mascherine, non eravamo in grado di fare test. In questi mesi abbiamo lavorato intensamente.<\/em><\/p>\n<p>&nbsp;<\/p>\n<p>\u2022 Tutte le attivit\u00e0 di ristorazione sono consentite dalle 5 del mattino a mezzanotte se il consumo avviene ai tavoli. Se il consumo non avviene ai tavoli, l&#8217;apertura \u00e8 consentita fino alle 18<br \/>\n\u2022 Ristoranti, massimo 6 persone al tavolo;<br \/>\n\u2022 Sul coprifuoco la parola finale spetta ai sindaci, che potranno chiudere l\u2019accesso vie e piazze dopo le 21<br \/>\n\u2022 Attivit\u00e0 scolastiche continueranno in presenza. Per scuole di secondo grado bisogna favorire modalit\u00e0 pi\u00f9 flessibili, come ingresso dalle ore 9 con possibilit\u00e0 di orario pomeridiano;<br \/>\n\u2022 Rimangono aperte piscine e palestre. \u00abDaremo una settimana per adeguare i protocolli e verificarne il rispetto. Se avverr\u00e0 non ci sar\u00e0 ragione di chiudere\u00bb;<br \/>\n\u2022 Rimane vietato lo sport di contatto a livello amatoriale e non sono consentite competizioni per attivit\u00e0 dilettantistica di base.<\/p>\n<p>&nbsp;<\/p>\n<p><iframe loading=\"lazy\" title=\"Coronavirus, conferenza stampa del Presidente Conte\" width=\"1200\" height=\"675\" src=\"https:\/\/www.youtube.com\/embed\/Yx0QO0dm23U?feature=oembed\" frameborder=\"0\" allow=\"accelerometer; autoplay; clipboard-write; encrypted-media; gyroscope; picture-in-picture\" allowfullscreen><\/iframe><\/p>\n<p>&nbsp;<\/p>\n<p>&nbsp;<\/p>\n<hr \/>\n<p>&nbsp;<\/p>\n<blockquote>\n<h3>E&#8217; MORTA LA BELLUNESE DA TEMPO RESIDENTE A MONTEBELLUNA TRAVOLTA DAL SUV<\/h3>\n<\/blockquote>\n<p><strong>VEDELAGO<\/strong>\u00a0 Monica Bordin 57 anni impiegata presso la Ulss trevigiana, originaria del bellunese e residente a Montebelluna \u00e8 stata travolta ieri mattina da un Suv\u00a0 mentre era in bicicletta. Ad investirla un 57enne di Treviso. La donna \u00e8 morta sul colpo, sotto shock il compagno Livio che era con lei.<\/p>\n<p>&nbsp;<\/p>\n<hr \/>\n<blockquote>\n<h3>POSITIVI, PER LA STRADA E SENZA MASCHERINA: SCATTA LA DENUNCIA, SECONDO EPISODIO IN PROVINCIA DOPO IL PRECEDENTE IN COMELICO.<\/h3>\n<\/blockquote>\n<p><strong>ALPAGO<\/strong> Due coniugi escono di casa e fin qui nulla di anormale se non fosse che risultano positivi al Covid. Alle 15 incrociano i Carabinieri nell&#8217;ambito di un controllo, in localit\u00e0 Federa. La donna (78 anni) s&#8217;incammina lungo la strada da Federa verso Sant&#8217;Anna priva della mascherina di protezione nonostante la presenza di altre persone. Per questo i Carabinieri contestano la violazione, ma \u00e8 solo l&#8217;inizio dei problemi. Infatti gli uomini dell&#8217;Arma ad un ulteriore approfondimento scoprono che la donna non poteva essere per la strada, nemmeno nell&#8217;auto dalla quale era appena scesa poich\u00e8 positiva dallo scorso 9 ottobre. Anche il marito rimasto in auto (80 anni) che l&#8217;aveva accompagnata fino a Federa era nelle stesse condizioni cio\u00e8 avrebbe dovuto rimanere a casa, avendo la mascherina a portata di mano si \u00e8 salvato dalla contravvenzione, ma in ogni caso la coppia sar\u00e0 denunciata per violazione alle leggi sanitarie.<\/p>\n<p>&nbsp;<\/p>\n<hr \/>\n<p>&nbsp;<\/p>\n<blockquote>\n<h3>I CONTROLLI DELLA POLIZIA<\/h3>\n<\/blockquote>\n<p><strong>BELLUNO\u00a0<\/strong> Dopo i controlli in Comelico dove sono state elevate le prime sanzioni della seconda ondata gli uomini della Polizia di Stato hanno portato la loro attenzione nel capoluogo e nel fine settimana hanno sanzionato tre giovani maggiorenni (400 euro, 1000 per i recidivi) che dopo le 22 giravano per la citt\u00e0 senza mascherina o con il dispositivo indossato in modo non corretto. Nessuna irregolarit\u00e0 rilevata tra gli esercizi commerciali.<\/p>\n<p>&nbsp;<\/p>\n<p>&nbsp;<\/p>\n<hr \/>\n<p>&nbsp;<\/p>\n<blockquote>\n<h3>FELTRINO ANCORA NEL MIRINO DELLE MICRO CRIMINALITA&#8217;<\/h3>\n<\/blockquote>\n<p><strong>FELTRE<\/strong> Domenica di lavoro e indagini per gli uomini dell&#8217;Arma del feltrino chiamati ad indagare per tre furti ai danni di altrettante abitazioni tra Santa Giustina\u00a0 (via Giardinetto) e Feltre (Viale Fusinato). I malviventi approfittando dell&#8217;assenza dei proprietari hanno forzato porte e finestre. Qualche migliaia d&#8217;euro il bottino, rubati monili in oro<\/p>\n<p>&nbsp;<\/p>\n<p>&nbsp;<\/p>\n<hr \/>\n<p>Il sindaco di Sappada (Friuli Venezia Giulia) non vieta lo spostamento oltre &#8220;confine&#8221;, ma invita se possibile ad evitarlo. Le societ\u00e0 sportive che lasceranno il paese per incontri agonistici non solo dovranno notificarlo in Comune ma al rientro scatter\u00e0 la quarantena. Bar, strutture alberghiere ed extra-alberghiere devono chiudere dalle 17 della sera alle 8 del mattino successivo.Obbligo di consumazione al tavolo con prenotazione.<\/p>\n<blockquote>\n<h2>IN PROVINCIA 40 NUOVE POSITIVITA&#8217; IN 24 ORE, 58 PERSONE IN OSPEDALE<\/h2>\n<\/blockquote>\n<p align=\"JUSTIFY\"><span style=\"font-size: medium;\"><strong><img loading=\"lazy\" decoding=\"async\" class=\"alignleft\" src=\"https:\/\/www.radiopiu.net\/wordpress\/wp-content\/uploads\/2020\/03\/covid-ulss.jpg\" width=\"243\" height=\"182\" \/>BELLUNO<\/strong> Sono 40 i nuovi positivi in provincia,\u00a0 17\u00a0 dal focolaio Comelico-Cadore-Ampezzano,\u00a0 7 gli operatori\u00a0 e ospiti di case di riposo. Le restanti positivit\u00e0 afferiscono singoli contesti in ambito provinciale. I grandi numeri di nuovi positivi di queste settimane hanno rallentato la presa in carico delle nuove positivit\u00e0.\u00a0 Il Dipartimento di Prevenzione,\u00a0 \u00e8 al lavoro per velocizzare la risposta alle numerose richieste di tampone pervenute all\u2019unit\u00e0 di crisi in questi giorni da Medici di Medicina Generale. Infine, \u00e8 in corso la mappatura e la distribuzione dei test antigenici rapidi ai Medici di Medicina Generale che offrono la propria disponibilit\u00e0 per questo servizio.<\/span><\/p>\n<p align=\"JUSTIFY\"><span style=\"font-size: medium;\"><b>Ricoveri <\/b><\/span><span style=\"font-size: medium;\">Le persone attualmente ricoverate negli ospedali dell\u2019Ulss Dolomiti sono 3 in Terapia Intensiva a Belluno, 25 in area subintensiva (non critica) a Belluno e 16 a Feltre, 8 in area a bassa intensit\u00e0 a Belluno e 6 in Ospedale di Comunit\u00e0 ad Alano.<\/span><\/p>\n<p>&nbsp;<\/p>\n<p>&nbsp;<\/p>\n<hr \/>\n<p>&nbsp;<\/p>\n<blockquote>\n<h2>INDICAZIONI PER CHI E&#8217; IN QUARANTENA E ISOLAMENTO PER COVID 19<\/h2>\n<\/blockquote>\n<p><span style=\"color: #ff0000;\">FONTE ULSS1 DOLOMITI<\/span><\/p>\n<blockquote><p><em>Ecco le misure da seguire relative al periodo di quarantena \/ isolamento per le persone risultate positive al tampone COVID oppure contatto stretto di persona positiva.<\/em><\/p><\/blockquote>\n<p><a class=\"dt-pswp-item\" href=\"https:\/\/www.radiopiu.net\/wordpress\/wp-content\/uploads\/2018\/08\/ULSS1-DOLOMITI.jpeg\" data-dt-img-description=\"\" data-large_image_width=\"1280\" data-large_image_height=\"768\"><img loading=\"lazy\" decoding=\"async\" class=\"size-medium wp-image-57211 alignleft\" src=\"https:\/\/www.radiopiu.net\/wordpress\/wp-content\/uploads\/2018\/08\/ULSS1-DOLOMITI-300x180.jpeg\" alt=\"\" width=\"300\" height=\"180\" srcset=\"https:\/\/www.radiopiu.net\/wordpress\/wp-content\/uploads\/2018\/08\/ULSS1-DOLOMITI-300x180.jpeg 300w, https:\/\/www.radiopiu.net\/wordpress\/wp-content\/uploads\/2018\/08\/ULSS1-DOLOMITI-768x461.jpeg 768w, https:\/\/www.radiopiu.net\/wordpress\/wp-content\/uploads\/2018\/08\/ULSS1-DOLOMITI-1024x614.jpeg 1024w, https:\/\/www.radiopiu.net\/wordpress\/wp-content\/uploads\/2018\/08\/ULSS1-DOLOMITI.jpeg 1280w\" sizes=\"auto, (max-width: 300px) 100vw, 300px\" \/><\/a>La permanenza al proprio domicilio durante il periodo di quarantena \u00e8 un obbligo di legge e il mancato rispetto di tale obbligo pu\u00f2 comportare sanzioni penali ed amministrative. E\u2019 possibile uscire di casa, durante il periodo di quarantena, solo per oggettivi motivi di salute (come, ad esempio, recarsi a fare il tampone). La prenotazione dei tamponi previsti le verr\u00e0 comunicata dai nostri operatori. Si ricordano di seguito i comportamenti e le misure da assumere durante l\u2019isolamento: Non uscire di casa anche se asintomatici; \u00e8 possibile andare nel giardino di casa, purch\u00e9 di esclusiva propriet\u00e0 e non in presenza di altre persone. Misurare la temperatura due volte al giorno (mattina e sera), possibilmente alla stessa ora; E\u2019 opportuno che non vi sia alcun contatto con le persone conviventi, ma nel caso \u00e8 necessario indossare sempre la mascherina (chirurgica) ad ogni contatto e mantenersi ad una distanza di almeno 2 metri; proteggere naso e bocca in occasione di tosse o starnuti, gettare i fazzoletti di carta subito dopo averli usati e lavarsi \/ igienizzarsi subito le mani. Non \u00e8 possibile ricevere visite da persone esterne al nucleo familiare convivente. Soggiornare in stanza singola e dedicata. Arieggiare pi\u00f9 volte al giorno la stanza o gli ambienti di soggiorno abituale. Se possibile utilizzare bagno dedicato o, in alternativa, il bagno deve essere adeguatamente igienizzato dopo l\u2019uso con prodotti a base di cloro (es. candeggina, varechina, amuchina). Pranzare in orari diversi dagli altri membri della famiglia, utilizzando stoviglie ad uso esclusivamente personale. Tenere un\u2019accurata igiene delle mani lavandole spesso con acqua e sapone o con prodotti igienizzanti a base alcolica. Per asciugare le mani, dopo il lavaggio, usare asciugamani di carta che devono essere prontamente eliminati o, in alternativa, utilizzare asciugamani strettamente personali, tenendoli separati dagli altri. Lavare lenzuola, asciugamani, vestiti a 90\u00b0 C con normale detergente; qualora non sia possibile il lavaggio a 90\u00b0C per le caratteristiche del tessuto, addizionare il ciclo di lavaggio con candeggina o prodotti con ipoclorito sodico. Eseguire la pulizia degli ambienti e delle superfici con un detergente neutro e successivamente con soluzioni di ipoclorito di sodio allo 0,1% (diluire un prodotto, es. candeggina, al 10% mettendo 10 ml di soluzione in un litro d\u2019acqua) oppure in caso di materiali che possono essere danneggiati dall&#8217;ipoclorito di sodio con alcol etilico al 70%.<\/p>\n<blockquote><p><strong><em>\u00a0Per gli aspetti clinici, far riferimento al proprio Medico di famiglia. Chiamare il 118 in caso di grave difficolt\u00e0 respiratoria. Per ulteriori informazioni o necessit\u00e0 scriva a covid_19@aulss1.veneto.it o chiami lo 0437\/514343 attivo tutti i giorni dalle 8.00 alle 20.00.<\/em><\/strong><\/p><\/blockquote>\n<p>&nbsp;<\/p>\n<p>&nbsp;<\/p>\n<hr \/>\n<blockquote>\n<h3><\/h3>\n<h3>IL SINDACO SPIEGA IL PERCHE DELLO SPOSTAMENTO DEL DRIVE-IN \u201cTAMPONI\u201d AD AGORDO<\/h3>\n<\/blockquote>\n<p><strong><a class=\"dt-pswp-item\" href=\"https:\/\/www.radiopiu.net\/wordpress\/wp-content\/uploads\/2019\/05\/ALLEGHE-DANILO-DE-TONI.jpeg\" data-dt-img-description=\"\" data-large_image_width=\"1373\" data-large_image_height=\"1600\"><img loading=\"lazy\" decoding=\"async\" class=\"size-medium wp-image-86463 alignleft\" src=\"https:\/\/www.radiopiu.net\/wordpress\/wp-content\/uploads\/2019\/05\/ALLEGHE-DANILO-DE-TONI-257x300.jpeg\" alt=\"\" width=\"257\" height=\"300\" srcset=\"https:\/\/www.radiopiu.net\/wordpress\/wp-content\/uploads\/2019\/05\/ALLEGHE-DANILO-DE-TONI-257x300.jpeg 257w, https:\/\/www.radiopiu.net\/wordpress\/wp-content\/uploads\/2019\/05\/ALLEGHE-DANILO-DE-TONI-768x895.jpeg 768w, https:\/\/www.radiopiu.net\/wordpress\/wp-content\/uploads\/2019\/05\/ALLEGHE-DANILO-DE-TONI-879x1024.jpeg 879w, https:\/\/www.radiopiu.net\/wordpress\/wp-content\/uploads\/2019\/05\/ALLEGHE-DANILO-DE-TONI.jpeg 1373w\" sizes=\"auto, (max-width: 257px) 100vw, 257px\" \/><\/a><\/strong><\/p>\n<p>&nbsp;<\/p>\n<p>&nbsp;<\/p>\n<p>&nbsp;<\/p>\n<p><strong>ALLEGHE\u00a0<\/strong>Il sindaco di Alleghe Danilo De Toni spiega il perch\u00e9 dello spostamento del drive-in da Caprile ad Agordo<\/p>\n<audio class=\"wp-audio-shortcode\" id=\"audio-166984-1\" preload=\"none\" style=\"width: 100%;\" controls=\"controls\"><source type=\"audio\/mpeg\" src=\"https:\/\/www.radiopiu.net\/wordpress\/wp-content\/uploads\/2020\/10\/DE-TONI-DRIVE-IN-CAPRILE.mp3?_=1\" \/><a href=\"https:\/\/www.radiopiu.net\/wordpress\/wp-content\/uploads\/2020\/10\/DE-TONI-DRIVE-IN-CAPRILE.mp3\">https:\/\/www.radiopiu.net\/wordpress\/wp-content\/uploads\/2020\/10\/DE-TONI-DRIVE-IN-CAPRILE.mp3<\/a><\/audio>\n<p>&nbsp;<\/p>\n<hr \/>\n<h2><\/h2>\n<blockquote>\n<h3>DA MERCOLED\u00cc PROSSIMO IL DRIVE-IN TAMPONI PER L&#8217;AGORDINO VIENE SPOSTATO AD AGORDO<\/h3>\n<\/blockquote>\n<p><strong><a class=\"dt-pswp-item\" href=\"https:\/\/www.radiopiu.net\/wordpress\/wp-content\/uploads\/2020\/03\/TAMPONI-COVID.jpg\" data-dt-img-description=\"\" data-large_image_width=\"1102\" data-large_image_height=\"736\"><img loading=\"lazy\" decoding=\"async\" class=\"size-medium wp-image-123875 alignleft\" src=\"https:\/\/www.radiopiu.net\/wordpress\/wp-content\/uploads\/2020\/03\/TAMPONI-COVID-300x200.jpg\" alt=\"\" width=\"300\" height=\"200\" srcset=\"https:\/\/www.radiopiu.net\/wordpress\/wp-content\/uploads\/2020\/03\/TAMPONI-COVID-300x200.jpg 300w, https:\/\/www.radiopiu.net\/wordpress\/wp-content\/uploads\/2020\/03\/TAMPONI-COVID-1024x684.jpg 1024w, https:\/\/www.radiopiu.net\/wordpress\/wp-content\/uploads\/2020\/03\/TAMPONI-COVID-768x513.jpg 768w, https:\/\/www.radiopiu.net\/wordpress\/wp-content\/uploads\/2020\/03\/TAMPONI-COVID.jpg 1102w\" sizes=\"auto, (max-width: 300px) 100vw, 300px\" \/><\/a>BELLUNO\u00a0<\/strong>Da mercoled\u00ec 21 ottobre, il drive-in tamponi per l\u2019Agordino sar\u00e0 spostato da Caprile ad Agordo, piazzale Tamonich con accesso libero per bambini, ragazzi e adulti sintomatici del mondo della scuola e rientri dall\u2019estero il luned\u00ec, mercoled\u00ec e venerd\u00ec dalle 17.00 alle 19.00. Il drive-in di Caprile era stato attivato a fine agosto per il recupero delle vaccinazioni anti TBE, anti pneumococco e per l\u2019avvio della campagna vaccinale antinfluenzale. A Caprile sono state vaccinate in questi mesi circa 1.500 persone, assicurando un servizio rapido e sicuro. Successivamente, a fine settembre, per il gran numero di tamponi richiesto per i sintomatici della scuola, l\u2019operativit\u00e0 del drive-in \u00e8 stata estesa anche ai tamponi, evidenziando tuttavia delle criticit\u00e0 dal punto di vista logistico: a differenza dell\u2019attivit\u00e0 vaccinale che \u00e8 su appuntamento, il drive-in tamponi prevede l\u2019accesso libero con un afflusso non programmabile. Si \u00e8 reso, quindi, necessario lo spostamento della struttura, anche in vista della stagione invernale. Si ringraziamo l\u2019Amministrazione comunale di Alleghe e la Protezione Civile per la collaborazione nel far funzionare il drive-in di Caprile e l\u2019Amministrazione di Agordo per la disponibilit\u00e0 nell\u2019individuare e attrezzare uno spazio per i tamponi a servizio dell\u2019Agordino. Nel piazzale Tamonich \u00e8 stato installato un prefabbricato leggero di appoggio messo a disposizione da Confindustria Belluno, che si ringrazia per la disponibilit\u00e0.<\/p>\n<p>&nbsp;<\/p>\n<hr \/>\n<p>&nbsp;<\/p>\n<blockquote>\n<h3><\/h3>\n<h3><a class=\"dt-pswp-item\" href=\"https:\/\/www.radiopiu.net\/wordpress\/wp-content\/uploads\/2018\/07\/UNIONE-MONTANA.jpg\" data-dt-img-description=\"\" data-large_image_width=\"464\" data-large_image_height=\"660\"><img loading=\"lazy\" decoding=\"async\" class=\"wp-image-53717 alignleft\" src=\"https:\/\/www.radiopiu.net\/wordpress\/wp-content\/uploads\/2018\/07\/UNIONE-MONTANA-211x300.jpg\" alt=\"\" width=\"82\" height=\"117\" srcset=\"https:\/\/www.radiopiu.net\/wordpress\/wp-content\/uploads\/2018\/07\/UNIONE-MONTANA-211x300.jpg 211w, https:\/\/www.radiopiu.net\/wordpress\/wp-content\/uploads\/2018\/07\/UNIONE-MONTANA.jpg 464w\" sizes=\"auto, (max-width: 82px) 100vw, 82px\" \/><\/a>CENTRALE UNICA DI COMMITTENZA PER L&#8217;UNIONE MONTANA AGORDINA<\/h3>\n<\/blockquote>\n<p><strong>AGORDO<\/strong><\/p>\n<p><strong>DI GIANNI SANTOMASO<\/strong><\/p>\n<audio class=\"wp-audio-shortcode\" id=\"audio-166984-2\" preload=\"none\" style=\"width: 100%;\" controls=\"controls\"><source type=\"audio\/mpeg\" src=\"https:\/\/www.radiopiu.net\/wordpress\/wp-content\/uploads\/2020\/10\/GIANNI-UNIONE-MONTANA-AGORDINA-1.mp3?_=2\" \/><a href=\"https:\/\/www.radiopiu.net\/wordpress\/wp-content\/uploads\/2020\/10\/GIANNI-UNIONE-MONTANA-AGORDINA-1.mp3\">https:\/\/www.radiopiu.net\/wordpress\/wp-content\/uploads\/2020\/10\/GIANNI-UNIONE-MONTANA-AGORDINA-1.mp3<\/a><\/audio>\n<p>&nbsp;<\/p>\n<p>&nbsp;<\/p>\n<hr \/>\n<p>&nbsp;<\/p>\n<h2>Da Pian di Salesei gli alpini lanciano un forte messaggio di fratellanza<\/h2>\n<p align=\"CENTER\"><span style=\"font-family: Times New Roman, serif;\"><i>di<\/i><\/span><span style=\"font-family: Times New Roman, serif;\"><b> DINO BRIDDA<\/b><\/span><\/p>\n<p style=\"text-align: left;\" align=\"CENTER\"><strong><a class=\"dt-pswp-item\" href=\"https:\/\/www.radiopiu.net\/wordpress\/wp-content\/uploads\/2020\/10\/pian-salesei-2020A-scaled.jpg\" data-dt-img-description=\"\" data-large_image_width=\"2560\" data-large_image_height=\"1920\"><img loading=\"lazy\" decoding=\"async\" class=\"size-medium wp-image-167093 alignleft\" src=\"https:\/\/www.radiopiu.net\/wordpress\/wp-content\/uploads\/2020\/10\/pian-salesei-2020A-300x225.jpg\" alt=\"\" width=\"300\" height=\"225\" srcset=\"https:\/\/www.radiopiu.net\/wordpress\/wp-content\/uploads\/2020\/10\/pian-salesei-2020A-300x225.jpg 300w, https:\/\/www.radiopiu.net\/wordpress\/wp-content\/uploads\/2020\/10\/pian-salesei-2020A-1024x768.jpg 1024w, https:\/\/www.radiopiu.net\/wordpress\/wp-content\/uploads\/2020\/10\/pian-salesei-2020A-768x576.jpg 768w, https:\/\/www.radiopiu.net\/wordpress\/wp-content\/uploads\/2020\/10\/pian-salesei-2020A-1536x1152.jpg 1536w, https:\/\/www.radiopiu.net\/wordpress\/wp-content\/uploads\/2020\/10\/pian-salesei-2020A-2048x1536.jpg 2048w\" sizes=\"auto, (max-width: 300px) 100vw, 300px\" \/><\/a>LIVINALLONGO <\/strong>Una splendida mattinata di sole ha benedetto oggi la cerimonia \u201cNel segno della memoria\u201d indetta dalla Sezione Alpini di Belluno per ricordare i caduti sepolti al sacrario di Pian di Salesei quale prologo alle celebrazioni del Centenario di fondazione della Sezione stessa. In osservanza delle norme anti Covid all\u2019appello hanno risposto parecchie Sezioni A.N.A. del Triveneto, molti Gruppi della Sezione di Belluno e alcune rappresentanze di associazioni combattentistiche e d\u2019arma. Tra le autorit\u00e0 presenti il vice prefetto Antonio Russo; il vice presidente della Provincia Massimo Bortoluzzi; i sindaci di Livinallongo Leandro Grones, di Rocca Pietore Andrea De Bernardin e di Alleghe Danilo De Toni; il comandante del 7\u00b0 Alpini colonnello Stefano Fregona; il responsabile di \u201cOnor Caduti\u201d al Monte Grappa maggiore Marco Arancio. I vari momenti della cerimonia, condotta da Siro De Biasio, sono stati sottolineati dal coro \u201cS. Giacomo\u201d di Pieve di Livinallongo e dalla Banda da Fodom. Dopo aver reso gli onori ai caduti, con la deposizione di una corona, hanno preso la parola il capogruppo ANA di Livinallongo Luca Deltedesco, il presidente sezionale A.N.A. Lino De Pra, il sindaco di Livinallongo Leandro Grones e il colonnello Fregona. Tutti hanno sottolineato l\u2019importanza della cerimonia, non solo per sottolineare il ricordo di chi \u00e8 \u201candato avanti\u201d cent\u2019anni fa su quei monti, ma anche per fare memoria di quanto accaduto al fine di trarne l\u2019opportuno insegnamento sulla strada della pace e della concordia. Molto emozionante l\u2019intervento del rappresentante dell\u2019associazione \u201cEugubini nel mondo\u201d che ha ricordato come a Gubbio, gemellato con Livinallongo, \u00e8 fortemente sentito il legame con Pian di Salesei dove i soldati eugubini diedero vita alla \u201cCorsa dei Ceri\u201d il 15 maggio 1917 a ridosso del fronte. A conclusione degli interventi il presidente nazionale dell\u2019A.N.A. Sebastiano Favero, con una vibrante allocuzione, ha affermato: <span style=\"font-family: Times New Roman, serif;\">\u00ab<\/span>Gli alpini non dimenticano, ricordano e fanno memoria, ma chiedono anche alla societ\u00e0 civile e a chi ha responsabilit\u00e0 della cosa pubblica che tutto ci\u00f2 venga messo a disposizione dei giovani perch\u00e9 sappiano quale \u00e8 la loro storia e possano intraprendere un percorso di vita lastricato di onore, rispetto e spirito di servizio verso tutti coloro i quali hanno bisogno di aiuto, chiunque sia<span style=\"font-family: Times New Roman, serif;\">\u00bb<\/span>. Concetti sottolineati anche dal celebrante don Sandro Capraro, assistente spirituale della Sezione A.N.A. di Belluno, che, richiamandosi alle letture della messa, ha invitato tutti a \u201cdare a Cesare quel che \u00e8 di Cesare e a Dio quel che \u00e8 di Dio<span style=\"font-family: Times New Roman, serif;\">\u00bb<\/span> rispettando le regole, assumendosi le proprie responsabilit\u00e0 e donandosi all\u2019altro in spirito di fratellanza e di superamento di ogni egoismo.<\/p>\n<hr \/>\n<blockquote>\n<h3><\/h3>\n<h3><a class=\"dt-pswp-item\" href=\"https:\/\/www.radiopiu.net\/wordpress\/wp-content\/uploads\/2020\/10\/Pian-di-Salesei-2.jpeg\" data-dt-img-description=\"\" data-large_image_width=\"1600\" data-large_image_height=\"1200\"><img loading=\"lazy\" decoding=\"async\" class=\" wp-image-167096 alignleft\" src=\"https:\/\/www.radiopiu.net\/wordpress\/wp-content\/uploads\/2020\/10\/Pian-di-Salesei-2-300x225.jpeg\" alt=\"\" width=\"263\" height=\"197\" srcset=\"https:\/\/www.radiopiu.net\/wordpress\/wp-content\/uploads\/2020\/10\/Pian-di-Salesei-2-300x225.jpeg 300w, https:\/\/www.radiopiu.net\/wordpress\/wp-content\/uploads\/2020\/10\/Pian-di-Salesei-2-1024x768.jpeg 1024w, https:\/\/www.radiopiu.net\/wordpress\/wp-content\/uploads\/2020\/10\/Pian-di-Salesei-2-768x576.jpeg 768w, https:\/\/www.radiopiu.net\/wordpress\/wp-content\/uploads\/2020\/10\/Pian-di-Salesei-2-1536x1152.jpeg 1536w, https:\/\/www.radiopiu.net\/wordpress\/wp-content\/uploads\/2020\/10\/Pian-di-Salesei-2.jpeg 1600w\" sizes=\"auto, (max-width: 263px) 100vw, 263px\" \/><\/a>Cerimonia alpini a Pian di Salesei, Bortoluzzi: \u00abPenne nere fondamentali per il territorio. A due anni da Vaia rinnoviamo il grazie\u00bb<\/h3>\n<\/blockquote>\n<p>\u00abGli alpini sono una presenza silenziosa e operosa, fondamentale per il nostro territorio\u00bb. \u00c8 quanto ha affermato il consigliere provinciale Massimo Bortoluzzi, che questa mattina ha partecipato alle cerimonie in onore dei caduti della Prima guerra mondiale, a Pian di Salesei (Livinallongo del Col di Lana). Insieme a Bortoluzzi, in rappresentanza della Provincia, anche il consigliere Danilo De Toni. \u00abLa presenza della Provincia alle cerimonie di Pian di Salesei \u00e8 doverosa. Ringraziamo gli alpini per quanto hanno fatto\u00bb ha detto il consigliere Bortoluzzi. \u00abIl ricordo dei caduti va di pari passo con il ringraziamento per l\u2019impegno recente e attuale. Le penne nere sono sempre pronte a rimboccarsi le maniche e rispondono \u201cpresente\u201d a ogni chiamata. La loro opera \u00e8 risultata fondamentale; nel Bellunese l\u2019abbiamo visto con il Vajont, all\u2019indomani dell\u2019alluvione del \u201966 e nei giorni di Vaia, quando gli alpini sono stati uno dei principali attori nel portare soccorsi. Negli ultimi mesi gli alpini si sono adoperati anche per l\u2019emergenza sanitaria. A loro va il nostro grazie. Come Provincia poi non possiamo dimenticarci il grande lavoro fatto per la gestione dei magazzini di Protezione Civile, che abbiamo affidato all\u2019Ana Belluno un anno fa. I magazzini che erano dismessi sono diventati oggi un importante centro operativo per la gestione delle emergenze\u00bb.<\/p>\n<p>&nbsp;<\/p>\n<p>&nbsp;<\/p>\n<hr \/>\n<h3><\/h3>\n<blockquote>\n<h3>RISPONDO AL MEDICO DI MEDICINA GENERALE (VEDI LETTERA A SEGUIRE)<\/h3>\n<\/blockquote>\n<p><strong>AGORDO<\/strong><em> Innanzitutto, non si \u00e8 parlato di nessun maltrattamento nei nostri confronti da parte del Servizio di Sanit\u00e0 Pubblica. Non ho deciso io che mia figlia potesse o no, avere una normale influenza o aver preso il virus Covid , abbiamo contattato il medico di base, dove, spiegando i sintomi di febbre bassa( 37,2\/37,3), un po\u2019 di raffreddore ed una leggera tosse, non era necessario, secondo lo stesso, andare a fare il tampone presumendo una normale influenza di stagione; ecco perch\u00e9 mia figlia\u00a0 \u00e8 rimasta a casa aspettando dei miglioramenti. Il tampone \u00e8 stato fatto su nostra scelta per avere la certezza di poterla rimandare a scuola in condizioni sicure, per non creare problemi alla classe, alla scuola ed alla comunit\u00e0.\u00a0 Per ogni persona con un po\u2019 di malessere , o una leggera febbre, <\/em><em>oppure un po\u2019di raffreddore o tosse \u00e8 quindi necessario un\u00a0 tampone immediato a tutti per vedere se rientrano in un caso Covid? Mia moglie: non si \u00e8 recata ai primi disturbi al pronto soccorso (tra l\u2019altro dove ha trovato personale molto disponibile ed efficace), ma dopo 3 giorni dalla comparsa dei primi sintomi, su consiglio del medico di base, avendo passato una notte insonne per dei dolori alle scapole provenienti forse dai polmoni. Chi la visitava? Forse il medico di base?\u00a0 Difficile se non hai fatto il tampone e se non\u00a0 risulta negativo. Ecco perch\u00e9 la scelta di andare direttamente al P.S.; e per quanto riguarda \u201c il mio girare a destra e a manca\u201d, su ordine sempre del medico di base, mi sono solo recato a Caprile per poter fare il tampone a me e a mio figlio,\u00a0 per accelerare i tempi di attesa e per capire se eravamo positivi. Inoltre mio figlio necessitava di avere una risposta immediata per poter informare, in caso di positivit\u00e0, tutti i suoi compagni di classe attualmente tutti a scuola. Mi risulta sia\u00a0 previsto lo spostamento per recarsi in strutture dove poter eseguire il test per il Covid. Oggi questa \u00e8\u00a0 la mia situazione:\u00a0 imprenditore\u00a0 senza incassare neanche un centesimo per 20-30 giorni, questo per effetto della macchina burocratica.\u00a0 Oggi domenica mattina, abbiamo\u00a0 ricevuto una telefonata dall\u2019Ulss da parte di un Dottore gentilissimo,\u00a0 ci ha chiesto tutte le informazioni necessarie e ci ha dato un appuntamento per eseguire il tampone al pi\u00f9 presto, seguendo comunque tutti i protocolli. La cosa che mi ha colpito \u00e8 stato lo stupore dello stesso quando lo ho informato che a Caprile, dopo 2 ore e 40 minuti di attesa, non ci hanno fatto il tampone rimandandoci a casa,\u00a0 pur\u00a0 con dei casi positivi in famiglia..<\/em><\/p>\n<p><strong>Un padre.<\/strong><\/p>\n<p>&nbsp;<\/p>\n<blockquote class=\"wp-embedded-content\" data-secret=\"bCRODeGkPK\"><p><a href=\"https:\/\/www.radiopiu.net\/wordpress\/solidarieta-umana-a-chi-vive-lesperienza-negativa-covid-ma-le-regole-devono-essere-rispettate\/\">SOLIDARIETA&#8217; UMANA A CHI VIVE L&#8217;ESPERIENZA NEGATIVA COVID, MA LE REGOLE DEVONO ESSERE RISPETTATE<\/a><\/p><\/blockquote>\n<p><iframe loading=\"lazy\" class=\"wp-embedded-content\" sandbox=\"allow-scripts\" security=\"restricted\" style=\"position: absolute; clip: rect(1px, 1px, 1px, 1px);\" title=\"&#8220;SOLIDARIETA&#8217; UMANA A CHI VIVE L&#8217;ESPERIENZA NEGATIVA COVID, MA LE REGOLE DEVONO ESSERE RISPETTATE&#8221; &#8212; Radio Pi\u00f9\" src=\"https:\/\/www.radiopiu.net\/wordpress\/solidarieta-umana-a-chi-vive-lesperienza-negativa-covid-ma-le-regole-devono-essere-rispettate\/embed\/#?secret=bCRODeGkPK\" data-secret=\"bCRODeGkPK\" width=\"600\" height=\"338\" frameborder=\"0\" marginwidth=\"0\" marginheight=\"0\" scrolling=\"no\"><\/iframe><\/p>\n<p>&nbsp;<\/p>\n<blockquote class=\"wp-embedded-content\" data-secret=\"bqO9aDxRPa\"><p><a href=\"https:\/\/www.radiopiu.net\/wordpress\/dillo-a-radio-piu-lo-sfogo-mi-sembra-tutto-assurdo\/\">DILLO A RADIO PIU&#8230; LO SFOGO &#8220;MI SEMBRA TUTTO ASSURDO&#8221;<\/a><\/p><\/blockquote>\n<p><iframe loading=\"lazy\" class=\"wp-embedded-content\" sandbox=\"allow-scripts\" security=\"restricted\" style=\"position: absolute; clip: rect(1px, 1px, 1px, 1px);\" title=\"&#8220;DILLO A RADIO PIU&#8230; LO SFOGO &#8220;MI SEMBRA TUTTO ASSURDO&#8221;&#8221; &#8212; Radio Pi\u00f9\" src=\"https:\/\/www.radiopiu.net\/wordpress\/dillo-a-radio-piu-lo-sfogo-mi-sembra-tutto-assurdo\/embed\/#?secret=bqO9aDxRPa\" data-secret=\"bqO9aDxRPa\" width=\"600\" height=\"338\" frameborder=\"0\" marginwidth=\"0\" marginheight=\"0\" scrolling=\"no\"><\/iframe><\/p>\n<p>&nbsp;<\/p>\n<hr \/>\n<p>&nbsp;<\/p>\n<p>&nbsp;<\/p>\n<blockquote>\n<h3>DILLO A RADIO PIU&#8230; CONTROLLO AUTOVELOX, E&#8217; CORRETTA LA SEGNALAZIONE DEI LIMITI?<\/h3>\n<\/blockquote>\n<p><em>Ci sono i cartelli che segnalano l&#8217;autotvelox, ma non quelli che dovrebbero segnalare il limite di velocit\u00e0 anche se fa testo il centro abitato<\/em><\/p>\n<p><strong><a class=\"dt-pswp-item\" href=\"https:\/\/www.radiopiu.net\/wordpress\/wp-content\/uploads\/2020\/10\/a0c67fb1-70fa-453d-bd84-efe2afe3108d.jpg\" data-dt-img-description=\"\" data-large_image_width=\"720\" data-large_image_height=\"1440\"><img loading=\"lazy\" decoding=\"async\" class=\"wp-image-167086 alignleft\" src=\"https:\/\/www.radiopiu.net\/wordpress\/wp-content\/uploads\/2020\/10\/a0c67fb1-70fa-453d-bd84-efe2afe3108d-150x300.jpg\" alt=\"\" width=\"86\" height=\"172\" srcset=\"https:\/\/www.radiopiu.net\/wordpress\/wp-content\/uploads\/2020\/10\/a0c67fb1-70fa-453d-bd84-efe2afe3108d-150x300.jpg 150w, https:\/\/www.radiopiu.net\/wordpress\/wp-content\/uploads\/2020\/10\/a0c67fb1-70fa-453d-bd84-efe2afe3108d-512x1024.jpg 512w, https:\/\/www.radiopiu.net\/wordpress\/wp-content\/uploads\/2020\/10\/a0c67fb1-70fa-453d-bd84-efe2afe3108d.jpg 720w\" sizes=\"auto, (max-width: 86px) 100vw, 86px\" \/><\/a>CANALE D&#8217;AGORDO\u00a0<\/strong> <em>Un mio amico ha ricevuto una multa dal Comune di Canale d&#8217;Agordo e sicuramente la pager\u00e0\u00a0 perch\u00e8\u00a0 in forma ridotta ha uno sconto. Intendo comunque segnalare che secondo una mia ricostruzione del percorso Canale d&#8217;Agordo &#8211; Falcade non \u00e8 indicato il limite di velocit\u00e0. La multa \u00e8 per trasgressione al limite di 50 orari, la posizione del controllo in localit\u00e0 La Mora. Salendo da Cencenighe troviamo in localit\u00e0 Savaion il cartello di interruzione limiti e successivamente, a monte della farmacia di Caviola il comune di Falcade ha posto il limite di 50 orari. Scendendo in direzione Cencenighe il comune di Falcade ha regolarmente segnalato i limiti ma entrando nel territorio amministrativo di Canale non troviamo nessun limite.\u00a0 La direttiva emanata dal Ministero dei lavori pubblici in merito ai criteri di installazione e manutenzione della segnaletica parla chiaro, come lo stesso codice della strada.<\/em><br \/>\n<em><strong>Lettera Firmata<\/strong><\/em><\/p>\n<p>&nbsp;<\/p>\n<p>VIDEO UNO SALENDO DA CANALE D&#8217;AGORDO<\/p>\n<div style=\"width: 1200px;\" class=\"wp-video\"><video class=\"wp-video-shortcode\" id=\"video-166984-1\" width=\"1200\" height=\"675\" preload=\"metadata\" controls=\"controls\"><source type=\"video\/mp4\" src=\"https:\/\/www.radiopiu.net\/wordpress\/wp-content\/uploads\/2020\/10\/VERSO-FALCADE.mp4?_=1\" \/><a href=\"https:\/\/www.radiopiu.net\/wordpress\/wp-content\/uploads\/2020\/10\/VERSO-FALCADE.mp4\">https:\/\/www.radiopiu.net\/wordpress\/wp-content\/uploads\/2020\/10\/VERSO-FALCADE.mp4<\/a><\/video><\/div>\n<p>&nbsp;<\/p>\n<p>VIDEO DUE SCENDENDO DA FALCADE<\/p>\n<div style=\"width: 1200px;\" class=\"wp-video\"><video class=\"wp-video-shortcode\" id=\"video-166984-2\" width=\"1200\" height=\"675\" preload=\"metadata\" controls=\"controls\"><source type=\"video\/mp4\" src=\"https:\/\/www.radiopiu.net\/wordpress\/wp-content\/uploads\/2020\/10\/VERSO-CANALE.mp4?_=2\" \/><a href=\"https:\/\/www.radiopiu.net\/wordpress\/wp-content\/uploads\/2020\/10\/VERSO-CANALE.mp4\">https:\/\/www.radiopiu.net\/wordpress\/wp-content\/uploads\/2020\/10\/VERSO-CANALE.mp4<\/a><\/video><\/div>\n<p>&nbsp;<\/p>\n<div class=\"nc684nl6\"><a class=\"oajrlxb2 g5ia77u1 qu0x051f esr5mh6w e9989ue4 r7d6kgcz rq0escxv nhd2j8a9 nc684nl6 p7hjln8o kvgmc6g5 cxmmr5t8 oygrvhab hcukyx3x jb3vyjys rz4wbd8a qt6c0cv9 a8nywdso i1ao9s8h esuyzwwr f1sip0of lzcic4wl gmql0nx0 gpro0wi8\" tabindex=\"0\" role=\"link\" href=\"https:\/\/www.facebook.com\/giovanni.deldin?comment_id=Y29tbWVudDoxMDIyNDcxMTg4Njc3MTM5NF8xMDIyNDcxMjAzNzQ1NTE2MQ%3D%3D&amp;__cft__[0]=AZUV-J0hb3a2Ce_MDrcwEGXnUNqKOtcrir9sHu5SPF532v-qSU9lCAKDbwSoFP-S3jG6LsPbg76bSdfwydmKdp9u-SvQFUyLvznNFNGwD2E6NRfM5UobiajyuF56SZgZueA&amp;__tn__=R]-R\"><span class=\"pq6dq46d\"><span class=\"d2edcug0 hpfvmrgz qv66sw1b c1et5uql rrkovp55 a8c37x1j keod5gw0 nxhoafnm aigsh9s9 d9wwppkn fe6kdd0r mau55g9w c8b282yb mdeji52x e9vueds3 j5wam9gi lrazzd5p oo9gr5id\" dir=\"auto\">Giovanni Del Din<\/span><\/span><\/a>\u00a0 Vorrei rispondere in merito ai due filmati pubblicati in merito alla contravvenzione per eccesso di velocit\u00e0 fra Canale e Caviola. Come si nota salendo, notiamo il cartello di inizio territoriale del Comune di Falcade e sotto \u00e8 posizionato il cartello bianco di centro abitato Caviola ed in discesa quello di La Mora. Quindi, se non erro, questo indica che si entra in un centro abitato e scatta automaticamente il limite di 50 km orari. Mentre in uscita viene sempre indicato fine del limite (o col cartello di fine centro abitato) come rimarcato nel filmato, anche se posto sul lato opposto. Questa, mi sembra una legge valida in tutta Europa.<\/div>\n<div><\/div>\n<div><span style=\"color: #0000ff;\">Stefano Murer,<\/span> grazie della precisazione di Del Din mi era sfuggita ma rimarco che la localit\u00e0 La Mora non pu\u00f2 essere centro abitato in quanto composto da una decina di case e il Consiglio di Stato, sezione V sentenza del 8 ottobre 2013 &#8211; 27 gennaio 2014, n. 403 dice che \u00e8 centro abitato insieme di edifici costituito da non minimo di 25 fabbricati.<\/div>\n<p>&nbsp;<\/p>\n<p>&nbsp;<\/p>\n<hr \/>\n<p>&nbsp;<\/p>\n<blockquote>\n<h3>GIULIA DIAMANTI E MAURO PIGOZZO SONO I VINCITORI DEL PREMIO BEPI ZANFRON 2020<\/h3>\n<\/blockquote>\n<p><strong><img decoding=\"async\" src=\"https:\/\/www.radiopiu.net\/wordpress\/wp-content\/uploads\/2020\/10\/WhatsApp-Image-2020-10-17-at-20.33.48.jpeg\" \/>LONGARONE<\/strong><\/p>\n<p>di Moreno Gioli<\/p>\n<p><strong>IL SERVIZIO<\/strong><\/p>\n<audio class=\"wp-audio-shortcode\" id=\"audio-166984-3\" preload=\"none\" style=\"width: 100%;\" controls=\"controls\"><source type=\"audio\/mpeg\" src=\"https:\/\/www.radiopiu.net\/wordpress\/wp-content\/uploads\/2020\/10\/gioli.mp3?_=3\" \/><a href=\"https:\/\/www.radiopiu.net\/wordpress\/wp-content\/uploads\/2020\/10\/gioli.mp3\">https:\/\/www.radiopiu.net\/wordpress\/wp-content\/uploads\/2020\/10\/gioli.mp3<\/a><\/audio>\n<p>&nbsp;<\/p>\n<p><strong>GIULIA DIAMANTI, VINCITRICE SEZIONE VIDEO<\/strong><\/p>\n<audio class=\"wp-audio-shortcode\" id=\"audio-166984-4\" preload=\"none\" style=\"width: 100%;\" controls=\"controls\"><source type=\"audio\/mpeg\" src=\"https:\/\/www.radiopiu.net\/wordpress\/wp-content\/uploads\/2020\/10\/Giulia-diamanti-vincitrice-sezione-video.mp3?_=4\" \/><a href=\"https:\/\/www.radiopiu.net\/wordpress\/wp-content\/uploads\/2020\/10\/Giulia-diamanti-vincitrice-sezione-video.mp3\">https:\/\/www.radiopiu.net\/wordpress\/wp-content\/uploads\/2020\/10\/Giulia-diamanti-vincitrice-sezione-video.mp3<\/a><\/audio>\n<p>&nbsp;<\/p>\n<p><b>MAURO PIGOZZO, VINCITORE SEZIONE CARTA STAMPATA<\/b><\/p>\n<audio class=\"wp-audio-shortcode\" id=\"audio-166984-5\" preload=\"none\" style=\"width: 100%;\" controls=\"controls\"><source type=\"audio\/mpeg\" src=\"https:\/\/www.radiopiu.net\/wordpress\/wp-content\/uploads\/2020\/10\/Mauro-pigozzo-vincitore-sezione-carta-stampata.mp3?_=5\" \/><a href=\"https:\/\/www.radiopiu.net\/wordpress\/wp-content\/uploads\/2020\/10\/Mauro-pigozzo-vincitore-sezione-carta-stampata.mp3\">https:\/\/www.radiopiu.net\/wordpress\/wp-content\/uploads\/2020\/10\/Mauro-pigozzo-vincitore-sezione-carta-stampata.mp3<\/a><\/audio>\n<p>&nbsp;<\/p>\n<p>&nbsp;<\/p>\n<hr \/>\n<p>&nbsp;<\/p>\n<blockquote>\n<h3>LA PRESENTAZIONE DEL PROGETTO DOLOMIA DEL &#8220;FOLLADOR&#8221;, VIDEO E FOTO<\/h3>\n<\/blockquote>\n<p><strong><a class=\"dt-pswp-item\" href=\"https:\/\/www.radiopiu.net\/wordpress\/wp-content\/uploads\/2020\/10\/FOLLADOR-DE-ROSSI-scaled.jpg\" data-dt-img-description=\"\" data-large_image_width=\"2560\" data-large_image_height=\"1193\"><img loading=\"lazy\" decoding=\"async\" class=\"size-medium wp-image-164367 alignleft\" src=\"https:\/\/www.radiopiu.net\/wordpress\/wp-content\/uploads\/2020\/10\/FOLLADOR-DE-ROSSI-300x140.jpg\" alt=\"\" width=\"300\" height=\"140\" srcset=\"https:\/\/www.radiopiu.net\/wordpress\/wp-content\/uploads\/2020\/10\/FOLLADOR-DE-ROSSI-300x140.jpg 300w, https:\/\/www.radiopiu.net\/wordpress\/wp-content\/uploads\/2020\/10\/FOLLADOR-DE-ROSSI-1024x477.jpg 1024w, https:\/\/www.radiopiu.net\/wordpress\/wp-content\/uploads\/2020\/10\/FOLLADOR-DE-ROSSI-768x358.jpg 768w, https:\/\/www.radiopiu.net\/wordpress\/wp-content\/uploads\/2020\/10\/FOLLADOR-DE-ROSSI-1536x716.jpg 1536w, https:\/\/www.radiopiu.net\/wordpress\/wp-content\/uploads\/2020\/10\/FOLLADOR-DE-ROSSI-2048x954.jpg 2048w, https:\/\/www.radiopiu.net\/wordpress\/wp-content\/uploads\/2020\/10\/FOLLADOR-DE-ROSSI-640x298.jpg 640w\" sizes=\"auto, (max-width: 300px) 100vw, 300px\" \/><\/a>AGORDO<\/strong> Sabato 17 ottobre presso la Sala Don Tamis ad Agordo \u00e8 stato presentato il Progetto Dolomia <strong>\u201c<\/strong>La via della Dolomia: il viaggio della roccia nelle Alpi Dolomitiche\u201d, realizzato in collaborazione con il Dipartimento di Tecnologia dei Materiali dell\u2019Universit\u00e0 di Innsbruck. Il progetto dar\u00e0 l\u2019opportunit\u00e0 di far scoprire ed esplorare, in modo guidato ed ecosostenibile, il territorio compreso tra le\u00a0Dolomiti Patrimonio UNESCO\u00a0e l\u2019area delle\u00a0Alpi del Tirolo, con riferimento al\u00a0materiale pietra Dolomia. Interverranno autorit\u00e0 e relatori di primario rilievo nel settore e, al termine della conferenza, avr\u00e0 luogo l\u2019inaugurazione del Percorso Geoturistico e successiva visita guidata Villa De Manzoni e Museo Geologico di Agordo.<\/p>\n<h1><span style=\"color: #ff0000;\">VIDEO<\/span><\/h1>\n<div style=\"width: 1200px;\" class=\"wp-video\"><video class=\"wp-video-shortcode\" id=\"video-166984-3\" width=\"1200\" height=\"675\" preload=\"metadata\" controls=\"controls\"><source type=\"video\/mp4\" src=\"https:\/\/www.radiopiu.net\/wordpress\/wp-content\/uploads\/2020\/10\/WhatsApp-Video-2020-10-14-at-10.08.15.mp4?_=3\" \/><a href=\"https:\/\/www.radiopiu.net\/wordpress\/wp-content\/uploads\/2020\/10\/WhatsApp-Video-2020-10-14-at-10.08.15.mp4\">https:\/\/www.radiopiu.net\/wordpress\/wp-content\/uploads\/2020\/10\/WhatsApp-Video-2020-10-14-at-10.08.15.mp4<\/a><\/video><\/div>\n<p>&nbsp;<\/p>\n<p>&nbsp;<\/p>\n<hr \/>\n<p>&nbsp;<\/p>\n<blockquote>\n<h3>ECOVOLONTARI FELTRINI IN AZIONE, RIPULITA LA ZONA NEI PRESSI DELL&#8217;OSPEDALE<\/h3>\n<\/blockquote>\n<div class=\"im_history_message_wrap\">\n<div class=\"im_message_outer_wrap hasselect\" data-msg-id=\"14892\">\n<div class=\"im_message_wrap clearfix\">\n<div class=\"im_content_message_wrap im_message_in\">\n<div class=\"im_message_body\">\n<div dir=\"auto\"><strong>FELTRE<\/strong> Il gruppo di ecovolontari dell&#8217;Unione Montana Feltrina anche sabato \u00e8 entrato in azione. Uomini e donne di diversa et\u00e0 si sono dati obbiettivi importanti per il bene della collettivit\u00e0: ripulire angoli della citt\u00e0 di Feltre &#8211; in questa occazione &#8211;\u00a0 lasciati all&#8217;incuria e spesso dall&#8217;incivilt\u00e0. Sabato mattina appuntamento nei pressi dell&#8217;ospedale Santa Maria del Prato, come evidenziato dalle fotografie emerge l&#8217;indecenza, ma \u00e8 anche un modo per sensibilizzare la comunit\u00e0 e prestare maggiore attenzione al bene comune, e perch\u00e9 no, un invito ad entrare nel gruppo degli ecovolontari per una citt\u00e0 pi\u00f9 vivibile, pulita, decorosa.<\/div>\n<blockquote>\n<div dir=\"auto\"><em>&#8220;Io frequento il gruppo con referente Ermes Zanella da un anno dopo aver sentito le finalit\u00e0 pienamente condivise e mi sono attivata con entusiasmo. Sabato abbiamo deciso di ripulire la zona dietro l&#8217;ospedale Santa Maria del Prato. Abbiamo raccolto centinaia di bottiglie, parecchi sacchetti pieni di rifiuti. Come abbiamo trovato la zona? Credo che le fotografie siano l&#8217;effettiva espressione dell&#8217;incivilt\u00e0&#8221; <\/em>questa la testimonianza di una volontaria del gruppo ecovolontari dell&#8217;Unione Montana Feltrina<\/div>\n<\/blockquote>\n<div dir=\"auto\">\n\n\t\t\t<style type='text\/css'>\n\t\t\t\t#gallery-2 {\n\t\t\t\t\tmargin: auto;\n\t\t\t\t}\n\t\t\t\t#gallery-2 .gallery-item {\n\t\t\t\t\tfloat: left;\n\t\t\t\t\tmargin-top: 10px;\n\t\t\t\t\ttext-align: center;\n\t\t\t\t\twidth: 33%;\n\t\t\t\t}\n\t\t\t\t#gallery-2 img {\n\t\t\t\t\tborder: 2px solid #cfcfcf;\n\t\t\t\t}\n\t\t\t\t#gallery-2 .gallery-caption {\n\t\t\t\t\tmargin-left: 0;\n\t\t\t\t}\n\t\t\t\t\/* see gallery_shortcode() in wp-includes\/media.php *\/\n\t\t\t<\/style>\n\t\t<div id='gallery-2' class='dt-gallery-container gallery galleryid-166984 gallery-columns-3 gallery-size-thumbnail'><dl class='gallery-item'>\n\t\t\t\t<dt class='gallery-icon portrait'>\n\t\t\t\t\t<a class=\"rollover rollover-zoom dt-pswp-item\" title=\"Inked63b651ac-7e8c-4b2d-b086-636beb48a0a3_LI\" data-dt-img-description=\"\" data-large_image_width=\"240\" data-large_image_height=\"320\"href='https:\/\/www.radiopiu.net\/wordpress\/wp-content\/uploads\/2020\/10\/Inked63b651ac-7e8c-4b2d-b086-636beb48a0a3_LI.jpg'><img loading=\"lazy\" decoding=\"async\" width=\"150\" height=\"150\" src=\"https:\/\/www.radiopiu.net\/wordpress\/wp-content\/uploads\/2020\/10\/Inked63b651ac-7e8c-4b2d-b086-636beb48a0a3_LI-150x150.jpg\" class=\"attachment-thumbnail size-thumbnail\" alt=\"\" \/><\/a>\n\t\t\t\t<\/dt><\/dl><dl class='gallery-item'>\n\t\t\t\t<dt class='gallery-icon portrait'>\n\t\t\t\t\t<a class=\"rollover rollover-zoom dt-pswp-item\" title=\"c85b9726-7c1d-4d33-a04b-89aa60cfd901\" data-dt-img-description=\"\" data-large_image_width=\"240\" data-large_image_height=\"320\"href='https:\/\/www.radiopiu.net\/wordpress\/wp-content\/uploads\/2020\/10\/c85b9726-7c1d-4d33-a04b-89aa60cfd901.jpg'><img loading=\"lazy\" decoding=\"async\" width=\"150\" height=\"150\" src=\"https:\/\/www.radiopiu.net\/wordpress\/wp-content\/uploads\/2020\/10\/c85b9726-7c1d-4d33-a04b-89aa60cfd901-150x150.jpg\" class=\"attachment-thumbnail size-thumbnail\" alt=\"\" \/><\/a>\n\t\t\t\t<\/dt><\/dl><dl class='gallery-item'>\n\t\t\t\t<dt class='gallery-icon portrait'>\n\t\t\t\t\t<a class=\"rollover rollover-zoom dt-pswp-item\" title=\"7aa79e55-e198-48d1-8a52-0d36b58a44ee\" data-dt-img-description=\"\" data-large_image_width=\"240\" data-large_image_height=\"320\"href='https:\/\/www.radiopiu.net\/wordpress\/wp-content\/uploads\/2020\/10\/7aa79e55-e198-48d1-8a52-0d36b58a44ee.jpg'><img loading=\"lazy\" decoding=\"async\" width=\"150\" height=\"150\" src=\"https:\/\/www.radiopiu.net\/wordpress\/wp-content\/uploads\/2020\/10\/7aa79e55-e198-48d1-8a52-0d36b58a44ee-150x150.jpg\" class=\"attachment-thumbnail size-thumbnail\" alt=\"\" \/><\/a>\n\t\t\t\t<\/dt><\/dl><br style=\"clear: both\" \/><dl class='gallery-item'>\n\t\t\t\t<dt class='gallery-icon portrait'>\n\t\t\t\t\t<a class=\"rollover rollover-zoom dt-pswp-item\" title=\"c420ef51-122b-460c-a32b-d2be0781fe27\" data-dt-img-description=\"\" data-large_image_width=\"240\" data-large_image_height=\"320\"href='https:\/\/www.radiopiu.net\/wordpress\/wp-content\/uploads\/2020\/10\/c420ef51-122b-460c-a32b-d2be0781fe27.jpg'><img loading=\"lazy\" decoding=\"async\" width=\"150\" height=\"150\" src=\"https:\/\/www.radiopiu.net\/wordpress\/wp-content\/uploads\/2020\/10\/c420ef51-122b-460c-a32b-d2be0781fe27-150x150.jpg\" class=\"attachment-thumbnail size-thumbnail\" alt=\"\" \/><\/a>\n\t\t\t\t<\/dt><\/dl><dl class='gallery-item'>\n\t\t\t\t<dt class='gallery-icon portrait'>\n\t\t\t\t\t<a class=\"rollover rollover-zoom dt-pswp-item\" title=\"2d8ac65b-ff71-4472-a179-139eac4f7d03\" data-dt-img-description=\"\" data-large_image_width=\"240\" data-large_image_height=\"320\"href='https:\/\/www.radiopiu.net\/wordpress\/wp-content\/uploads\/2020\/10\/2d8ac65b-ff71-4472-a179-139eac4f7d03.jpg'><img loading=\"lazy\" decoding=\"async\" width=\"150\" height=\"150\" src=\"https:\/\/www.radiopiu.net\/wordpress\/wp-content\/uploads\/2020\/10\/2d8ac65b-ff71-4472-a179-139eac4f7d03-150x150.jpg\" class=\"attachment-thumbnail size-thumbnail\" alt=\"\" \/><\/a>\n\t\t\t\t<\/dt><\/dl><dl class='gallery-item'>\n\t\t\t\t<dt class='gallery-icon portrait'>\n\t\t\t\t\t<a class=\"rollover rollover-zoom dt-pswp-item\" title=\"a83320df-cc09-4969-9ff5-80bc9fd297e9\" data-dt-img-description=\"\" data-large_image_width=\"240\" data-large_image_height=\"320\"href='https:\/\/www.radiopiu.net\/wordpress\/wp-content\/uploads\/2020\/10\/a83320df-cc09-4969-9ff5-80bc9fd297e9.jpg'><img loading=\"lazy\" decoding=\"async\" width=\"150\" height=\"150\" src=\"https:\/\/www.radiopiu.net\/wordpress\/wp-content\/uploads\/2020\/10\/a83320df-cc09-4969-9ff5-80bc9fd297e9-150x150.jpg\" class=\"attachment-thumbnail size-thumbnail\" alt=\"\" \/><\/a>\n\t\t\t\t<\/dt><\/dl><br style=\"clear: both\" \/>\n\t\t\t<\/div>\n\n<\/div>\n<\/div>\n<\/div>\n<\/div>\n<\/div>\n<\/div>\n<div class=\"im_history_message_wrap im_grouped\">\n<div class=\"im_message_outer_wrap hasselect\" data-msg-id=\"14893\">\n<div class=\"im_message_wrap clearfix\">\n<div class=\"im_content_message_wrap im_message_in\">\n<div class=\"im_message_body\">\n<div class=\"im_message_text\" dir=\"auto\"><\/div>\n<hr \/>\n<\/div>\n<\/div>\n<\/div>\n<\/div>\n<\/div>\n<p>E&#8217; di Agordo i miglior miele del bellunese, di Armando Conedera di Parech che si \u00e8 aggiudicato il prestigioso premio limanese. Nella categoria mille fiori una stella a Mirco Tancon e Giovanni Bora; due stelle a Francesco Bora e tre ad Alberto Zambelli. Per il mille fiore di valle una stella ad Armando Dal Cin e Monica Caronno, due stelle sempre alla Caronno e Lorena De Barba. Tre stelle ad Armando Conedera. Per il tarasso due stelle a Lucio Canal e tre a Fausto Bogo. Per il tiglio due stelle ad Elena De Pasqual e tre ad Armando Conedera. Per il castagno tre stelle a Monica Caronno.\u00a0 Premio a\u00a0 Claudio Mioranza per il\u00a0 &#8220;miele del sindaco&#8221;.<\/p>\n<blockquote>\n<h3>LIMANA PAESE DEL MIELE, SUCCESSO DI ESPOSITORI E PARTECIPAZIONE<\/h3>\n<\/blockquote>\n<p><strong><a class=\"dt-pswp-item\" href=\"https:\/\/www.radiopiu.net\/wordpress\/wp-content\/uploads\/2020\/10\/95f3a92d-7789-4488-81a1-153174ccae46.jpg\" data-dt-img-description=\"\" data-large_image_width=\"2048\" data-large_image_height=\"1024\"><img loading=\"lazy\" decoding=\"async\" class=\"size-medium wp-image-167055 alignleft\" src=\"https:\/\/www.radiopiu.net\/wordpress\/wp-content\/uploads\/2020\/10\/95f3a92d-7789-4488-81a1-153174ccae46-300x150.jpg\" alt=\"\" width=\"300\" height=\"150\" srcset=\"https:\/\/www.radiopiu.net\/wordpress\/wp-content\/uploads\/2020\/10\/95f3a92d-7789-4488-81a1-153174ccae46-300x150.jpg 300w, https:\/\/www.radiopiu.net\/wordpress\/wp-content\/uploads\/2020\/10\/95f3a92d-7789-4488-81a1-153174ccae46-1024x512.jpg 1024w, https:\/\/www.radiopiu.net\/wordpress\/wp-content\/uploads\/2020\/10\/95f3a92d-7789-4488-81a1-153174ccae46-768x384.jpg 768w, https:\/\/www.radiopiu.net\/wordpress\/wp-content\/uploads\/2020\/10\/95f3a92d-7789-4488-81a1-153174ccae46-1536x768.jpg 1536w, https:\/\/www.radiopiu.net\/wordpress\/wp-content\/uploads\/2020\/10\/95f3a92d-7789-4488-81a1-153174ccae46.jpg 2048w\" sizes=\"auto, (max-width: 300px) 100vw, 300px\" \/><\/a>LIMANA<\/strong> La festa dell&#8217;apicoltura e dei prodotti agricoli locali<\/p>\n<p><strong>\u00a0<\/strong><\/p>\n<p>&nbsp;<\/p>\n<p><strong>\u00a0<\/strong><\/p>\n<p>&nbsp;<\/p>\n<p><strong>LE BANCARELLE,\u00a0 <\/strong><strong>LA DIRETTA DI RADIO PIU<\/strong><\/p>\n<p>&nbsp;<\/p>\n<p>https:\/\/www.facebook.com\/1438301562\/videos\/10224705446250385\/<\/p>\n<p>&nbsp;<\/p>\n<p><strong>LA BANDA<\/strong><\/p>\n<p>&nbsp;<\/p>\n<p>https:\/\/www.facebook.com\/1438301562\/videos\/10224705919222209\/<\/p>\n<p>&nbsp;<\/p>\n<p><strong>LE FOTO<\/strong><\/p>\n\n\t\t\t<style type='text\/css'>\n\t\t\t\t#gallery-3 {\n\t\t\t\t\tmargin: auto;\n\t\t\t\t}\n\t\t\t\t#gallery-3 .gallery-item {\n\t\t\t\t\tfloat: left;\n\t\t\t\t\tmargin-top: 10px;\n\t\t\t\t\ttext-align: center;\n\t\t\t\t\twidth: 11%;\n\t\t\t\t}\n\t\t\t\t#gallery-3 img {\n\t\t\t\t\tborder: 2px solid #cfcfcf;\n\t\t\t\t}\n\t\t\t\t#gallery-3 .gallery-caption {\n\t\t\t\t\tmargin-left: 0;\n\t\t\t\t}\n\t\t\t\t\/* see gallery_shortcode() in wp-includes\/media.php *\/\n\t\t\t<\/style>\n\t\t<div id='gallery-3' class='dt-gallery-container gallery galleryid-166984 gallery-columns-9 gallery-size-thumbnail'><dl class='gallery-item'>\n\t\t\t\t<dt class='gallery-icon landscape'>\n\t\t\t\t\t<a class=\"rollover rollover-zoom dt-pswp-item\" title=\"7d8cb6ee-7cdc-4b0a-9ae1-1cc06ca4e519\" data-dt-img-description=\"\" data-large_image_width=\"2048\" data-large_image_height=\"1024\"href='https:\/\/www.radiopiu.net\/wordpress\/wp-content\/uploads\/2020\/10\/7d8cb6ee-7cdc-4b0a-9ae1-1cc06ca4e519.jpg'><img loading=\"lazy\" decoding=\"async\" width=\"150\" height=\"150\" src=\"https:\/\/www.radiopiu.net\/wordpress\/wp-content\/uploads\/2020\/10\/7d8cb6ee-7cdc-4b0a-9ae1-1cc06ca4e519-150x150.jpg\" class=\"attachment-thumbnail size-thumbnail\" alt=\"\" \/><\/a>\n\t\t\t\t<\/dt><\/dl><dl class='gallery-item'>\n\t\t\t\t<dt class='gallery-icon portrait'>\n\t\t\t\t\t<a class=\"rollover rollover-zoom dt-pswp-item\" title=\"14e9eecf-ee61-4c52-99af-495f55b30cea\" data-dt-img-description=\"\" data-large_image_width=\"768\" data-large_image_height=\"1024\"href='https:\/\/www.radiopiu.net\/wordpress\/wp-content\/uploads\/2020\/10\/14e9eecf-ee61-4c52-99af-495f55b30cea.jpg'><img loading=\"lazy\" decoding=\"async\" width=\"150\" height=\"150\" src=\"https:\/\/www.radiopiu.net\/wordpress\/wp-content\/uploads\/2020\/10\/14e9eecf-ee61-4c52-99af-495f55b30cea-150x150.jpg\" class=\"attachment-thumbnail size-thumbnail\" alt=\"\" \/><\/a>\n\t\t\t\t<\/dt><\/dl><dl class='gallery-item'>\n\t\t\t\t<dt class='gallery-icon portrait'>\n\t\t\t\t\t<a class=\"rollover rollover-zoom dt-pswp-item\" title=\"63dd886b-ee03-4481-b357-726f365018f3\" data-dt-img-description=\"\" data-large_image_width=\"697\" data-large_image_height=\"1024\"href='https:\/\/www.radiopiu.net\/wordpress\/wp-content\/uploads\/2020\/10\/63dd886b-ee03-4481-b357-726f365018f3.jpg'><img loading=\"lazy\" decoding=\"async\" width=\"150\" height=\"150\" src=\"https:\/\/www.radiopiu.net\/wordpress\/wp-content\/uploads\/2020\/10\/63dd886b-ee03-4481-b357-726f365018f3-150x150.jpg\" class=\"attachment-thumbnail size-thumbnail\" alt=\"\" \/><\/a>\n\t\t\t\t<\/dt><\/dl><dl class='gallery-item'>\n\t\t\t\t<dt class='gallery-icon portrait'>\n\t\t\t\t\t<a class=\"rollover rollover-zoom dt-pswp-item\" title=\"dbc0dacd-2216-4555-aad8-ea843aec469a\" data-dt-img-description=\"\" data-large_image_width=\"965\" data-large_image_height=\"1024\"href='https:\/\/www.radiopiu.net\/wordpress\/wp-content\/uploads\/2020\/10\/dbc0dacd-2216-4555-aad8-ea843aec469a.jpg'><img loading=\"lazy\" decoding=\"async\" width=\"150\" height=\"150\" src=\"https:\/\/www.radiopiu.net\/wordpress\/wp-content\/uploads\/2020\/10\/dbc0dacd-2216-4555-aad8-ea843aec469a-150x150.jpg\" class=\"attachment-thumbnail size-thumbnail\" alt=\"\" \/><\/a>\n\t\t\t\t<\/dt><\/dl><dl class='gallery-item'>\n\t\t\t\t<dt class='gallery-icon landscape'>\n\t\t\t\t\t<a class=\"rollover rollover-zoom dt-pswp-item\" title=\"6298df31-847b-4e1b-bfe9-97d186666b8d\" data-dt-img-description=\"\" data-large_image_width=\"1024\" data-large_image_height=\"743\"href='https:\/\/www.radiopiu.net\/wordpress\/wp-content\/uploads\/2020\/10\/6298df31-847b-4e1b-bfe9-97d186666b8d.jpg'><img loading=\"lazy\" decoding=\"async\" width=\"150\" height=\"150\" src=\"https:\/\/www.radiopiu.net\/wordpress\/wp-content\/uploads\/2020\/10\/6298df31-847b-4e1b-bfe9-97d186666b8d-150x150.jpg\" class=\"attachment-thumbnail size-thumbnail\" alt=\"\" \/><\/a>\n\t\t\t\t<\/dt><\/dl><dl class='gallery-item'>\n\t\t\t\t<dt class='gallery-icon portrait'>\n\t\t\t\t\t<a class=\"rollover rollover-zoom dt-pswp-item\" title=\"6572e78e-9bcb-4a0e-961b-59ecad87d9b9\" data-dt-img-description=\"\" data-large_image_width=\"768\" data-large_image_height=\"1024\"href='https:\/\/www.radiopiu.net\/wordpress\/wp-content\/uploads\/2020\/10\/6572e78e-9bcb-4a0e-961b-59ecad87d9b9.jpg'><img loading=\"lazy\" decoding=\"async\" width=\"150\" height=\"150\" src=\"https:\/\/www.radiopiu.net\/wordpress\/wp-content\/uploads\/2020\/10\/6572e78e-9bcb-4a0e-961b-59ecad87d9b9-150x150.jpg\" class=\"attachment-thumbnail size-thumbnail\" alt=\"\" \/><\/a>\n\t\t\t\t<\/dt><\/dl><dl class='gallery-item'>\n\t\t\t\t<dt class='gallery-icon landscape'>\n\t\t\t\t\t<a class=\"rollover rollover-zoom dt-pswp-item\" title=\"8033f820-c762-4a29-b177-40ee8550db17\" data-dt-img-description=\"\" data-large_image_width=\"1024\" data-large_image_height=\"768\"href='https:\/\/www.radiopiu.net\/wordpress\/wp-content\/uploads\/2020\/10\/8033f820-c762-4a29-b177-40ee8550db17.jpg'><img loading=\"lazy\" decoding=\"async\" width=\"150\" height=\"150\" src=\"https:\/\/www.radiopiu.net\/wordpress\/wp-content\/uploads\/2020\/10\/8033f820-c762-4a29-b177-40ee8550db17-150x150.jpg\" class=\"attachment-thumbnail size-thumbnail\" alt=\"\" \/><\/a>\n\t\t\t\t<\/dt><\/dl><dl class='gallery-item'>\n\t\t\t\t<dt class='gallery-icon landscape'>\n\t\t\t\t\t<a class=\"rollover rollover-zoom dt-pswp-item\" title=\"d61efb2b-25ba-4e9d-938d-b3ea0e9f3694\" data-dt-img-description=\"\" data-large_image_width=\"604\" data-large_image_height=\"465\"href='https:\/\/www.radiopiu.net\/wordpress\/wp-content\/uploads\/2020\/10\/d61efb2b-25ba-4e9d-938d-b3ea0e9f3694.jpg'><img loading=\"lazy\" decoding=\"async\" width=\"150\" height=\"150\" src=\"https:\/\/www.radiopiu.net\/wordpress\/wp-content\/uploads\/2020\/10\/d61efb2b-25ba-4e9d-938d-b3ea0e9f3694-150x150.jpg\" class=\"attachment-thumbnail size-thumbnail\" alt=\"\" \/><\/a>\n\t\t\t\t<\/dt><\/dl><dl class='gallery-item'>\n\t\t\t\t<dt class='gallery-icon portrait'>\n\t\t\t\t\t<a class=\"rollover rollover-zoom dt-pswp-item\" title=\"1998ea25-a587-498a-9a06-7a722fae76e3\" data-dt-img-description=\"\" data-large_image_width=\"697\" data-large_image_height=\"1024\"href='https:\/\/www.radiopiu.net\/wordpress\/wp-content\/uploads\/2020\/10\/1998ea25-a587-498a-9a06-7a722fae76e3.jpg'><img loading=\"lazy\" decoding=\"async\" width=\"150\" height=\"150\" src=\"https:\/\/www.radiopiu.net\/wordpress\/wp-content\/uploads\/2020\/10\/1998ea25-a587-498a-9a06-7a722fae76e3-150x150.jpg\" class=\"attachment-thumbnail size-thumbnail\" alt=\"\" \/><\/a>\n\t\t\t\t<\/dt><\/dl><br style=\"clear: both\" \/><dl class='gallery-item'>\n\t\t\t\t<dt class='gallery-icon landscape'>\n\t\t\t\t\t<a class=\"rollover rollover-zoom dt-pswp-item\" title=\"1c0e368f-2511-441c-a782-fb23c4fd7789\" data-dt-img-description=\"\" data-large_image_width=\"1024\" data-large_image_height=\"905\"href='https:\/\/www.radiopiu.net\/wordpress\/wp-content\/uploads\/2020\/10\/1c0e368f-2511-441c-a782-fb23c4fd7789.jpg'><img loading=\"lazy\" decoding=\"async\" width=\"150\" height=\"150\" src=\"https:\/\/www.radiopiu.net\/wordpress\/wp-content\/uploads\/2020\/10\/1c0e368f-2511-441c-a782-fb23c4fd7789-150x150.jpg\" class=\"attachment-thumbnail size-thumbnail\" alt=\"\" \/><\/a>\n\t\t\t\t<\/dt><\/dl><dl class='gallery-item'>\n\t\t\t\t<dt class='gallery-icon landscape'>\n\t\t\t\t\t<a class=\"rollover rollover-zoom dt-pswp-item\" title=\"95f3a92d-7789-4488-81a1-153174ccae46\" data-dt-img-description=\"\" data-large_image_width=\"2048\" data-large_image_height=\"1024\"href='https:\/\/www.radiopiu.net\/wordpress\/wp-content\/uploads\/2020\/10\/95f3a92d-7789-4488-81a1-153174ccae46.jpg'><img loading=\"lazy\" decoding=\"async\" width=\"150\" height=\"150\" src=\"https:\/\/www.radiopiu.net\/wordpress\/wp-content\/uploads\/2020\/10\/95f3a92d-7789-4488-81a1-153174ccae46-150x150.jpg\" class=\"attachment-thumbnail size-thumbnail\" alt=\"\" \/><\/a>\n\t\t\t\t<\/dt><\/dl><dl class='gallery-item'>\n\t\t\t\t<dt class='gallery-icon landscape'>\n\t\t\t\t\t<a class=\"rollover rollover-zoom dt-pswp-item\" title=\"e882aeb1-1fde-46c6-b524-b453c0e6942d\" data-dt-img-description=\"\" data-large_image_width=\"1024\" data-large_image_height=\"927\"href='https:\/\/www.radiopiu.net\/wordpress\/wp-content\/uploads\/2020\/10\/e882aeb1-1fde-46c6-b524-b453c0e6942d.jpg'><img loading=\"lazy\" decoding=\"async\" width=\"150\" height=\"150\" src=\"https:\/\/www.radiopiu.net\/wordpress\/wp-content\/uploads\/2020\/10\/e882aeb1-1fde-46c6-b524-b453c0e6942d-150x150.jpg\" class=\"attachment-thumbnail size-thumbnail\" alt=\"\" \/><\/a>\n\t\t\t\t<\/dt><\/dl><dl class='gallery-item'>\n\t\t\t\t<dt class='gallery-icon landscape'>\n\t\t\t\t\t<a class=\"rollover rollover-zoom dt-pswp-item\" title=\"19af7f12-d9b9-4e04-8dfd-54de8d118a71\" data-dt-img-description=\"\" data-large_image_width=\"1024\" data-large_image_height=\"881\"href='https:\/\/www.radiopiu.net\/wordpress\/wp-content\/uploads\/2020\/10\/19af7f12-d9b9-4e04-8dfd-54de8d118a71.jpg'><img loading=\"lazy\" decoding=\"async\" width=\"150\" height=\"150\" src=\"https:\/\/www.radiopiu.net\/wordpress\/wp-content\/uploads\/2020\/10\/19af7f12-d9b9-4e04-8dfd-54de8d118a71-150x150.jpg\" class=\"attachment-thumbnail size-thumbnail\" alt=\"\" \/><\/a>\n\t\t\t\t<\/dt><\/dl><dl class='gallery-item'>\n\t\t\t\t<dt class='gallery-icon portrait'>\n\t\t\t\t\t<a class=\"rollover rollover-zoom dt-pswp-item\" title=\"cde7911d-be10-4f1a-b11c-0331fdbcba84\" data-dt-img-description=\"\" data-large_image_width=\"895\" data-large_image_height=\"1024\"href='https:\/\/www.radiopiu.net\/wordpress\/wp-content\/uploads\/2020\/10\/cde7911d-be10-4f1a-b11c-0331fdbcba84.jpg'><img loading=\"lazy\" decoding=\"async\" width=\"150\" height=\"150\" src=\"https:\/\/www.radiopiu.net\/wordpress\/wp-content\/uploads\/2020\/10\/cde7911d-be10-4f1a-b11c-0331fdbcba84-150x150.jpg\" class=\"attachment-thumbnail size-thumbnail\" alt=\"\" \/><\/a>\n\t\t\t\t<\/dt><\/dl><dl class='gallery-item'>\n\t\t\t\t<dt class='gallery-icon landscape'>\n\t\t\t\t\t<a class=\"rollover rollover-zoom dt-pswp-item\" title=\"f6cbb709-d071-4df9-9889-e1e06bce3755\" data-dt-img-description=\"\" data-large_image_width=\"1024\" data-large_image_height=\"768\"href='https:\/\/www.radiopiu.net\/wordpress\/wp-content\/uploads\/2020\/10\/f6cbb709-d071-4df9-9889-e1e06bce3755.jpg'><img loading=\"lazy\" decoding=\"async\" width=\"150\" height=\"150\" src=\"https:\/\/www.radiopiu.net\/wordpress\/wp-content\/uploads\/2020\/10\/f6cbb709-d071-4df9-9889-e1e06bce3755-150x150.jpg\" class=\"attachment-thumbnail size-thumbnail\" alt=\"\" \/><\/a>\n\t\t\t\t<\/dt><\/dl><dl class='gallery-item'>\n\t\t\t\t<dt class='gallery-icon landscape'>\n\t\t\t\t\t<a class=\"rollover rollover-zoom dt-pswp-item\" title=\"e1ec60ef-7b9a-49f8-957a-992e52c79b4e\" data-dt-img-description=\"\" data-large_image_width=\"2000\" data-large_image_height=\"1500\"href='https:\/\/www.radiopiu.net\/wordpress\/wp-content\/uploads\/2020\/10\/e1ec60ef-7b9a-49f8-957a-992e52c79b4e.jpg'><img loading=\"lazy\" decoding=\"async\" width=\"150\" height=\"150\" src=\"https:\/\/www.radiopiu.net\/wordpress\/wp-content\/uploads\/2020\/10\/e1ec60ef-7b9a-49f8-957a-992e52c79b4e-150x150.jpg\" class=\"attachment-thumbnail size-thumbnail\" alt=\"\" \/><\/a>\n\t\t\t\t<\/dt><\/dl><dl class='gallery-item'>\n\t\t\t\t<dt class='gallery-icon landscape'>\n\t\t\t\t\t<a class=\"rollover rollover-zoom dt-pswp-item\" title=\"2012b830-43ec-40f1-8946-7978c2ebc32d\" data-dt-img-description=\"\" data-large_image_width=\"2000\" data-large_image_height=\"1500\"href='https:\/\/www.radiopiu.net\/wordpress\/wp-content\/uploads\/2020\/10\/2012b830-43ec-40f1-8946-7978c2ebc32d.jpg'><img loading=\"lazy\" decoding=\"async\" width=\"150\" height=\"150\" src=\"https:\/\/www.radiopiu.net\/wordpress\/wp-content\/uploads\/2020\/10\/2012b830-43ec-40f1-8946-7978c2ebc32d-150x150.jpg\" class=\"attachment-thumbnail size-thumbnail\" alt=\"\" \/><\/a>\n\t\t\t\t<\/dt><\/dl><dl class='gallery-item'>\n\t\t\t\t<dt class='gallery-icon landscape'>\n\t\t\t\t\t<a class=\"rollover rollover-zoom dt-pswp-item\" title=\"adef530f-193b-4074-bcec-0a2d54f797ea\" data-dt-img-description=\"\" data-large_image_width=\"2000\" data-large_image_height=\"1500\"href='https:\/\/www.radiopiu.net\/wordpress\/wp-content\/uploads\/2020\/10\/adef530f-193b-4074-bcec-0a2d54f797ea.jpg'><img loading=\"lazy\" decoding=\"async\" width=\"150\" height=\"150\" src=\"https:\/\/www.radiopiu.net\/wordpress\/wp-content\/uploads\/2020\/10\/adef530f-193b-4074-bcec-0a2d54f797ea-150x150.jpg\" class=\"attachment-thumbnail size-thumbnail\" alt=\"\" \/><\/a>\n\t\t\t\t<\/dt><\/dl><br style=\"clear: both\" \/>\n\t\t\t<\/div>\n\n<p>&nbsp;<\/p>\n<hr \/>\n<p>&nbsp;<\/p>\n<h3>BELLUNO, SONDRIO E VERBANIA ALLEATE. LA PROPOSTA LANCIATA IN UN CONVEGNO SUI CANONI IDRICI<\/h3>\n<p><strong><a class=\"dt-pswp-item\" href=\"https:\/\/www.radiopiu.net\/wordpress\/wp-content\/uploads\/2020\/10\/IMG_1474-scaled.jpg\" data-dt-img-description=\"\" data-large_image_width=\"2560\" data-large_image_height=\"1690\"><img loading=\"lazy\" decoding=\"async\" class=\"size-medium wp-image-166929 alignleft\" src=\"https:\/\/www.radiopiu.net\/wordpress\/wp-content\/uploads\/2020\/10\/IMG_1474-300x198.jpg\" alt=\"\" width=\"300\" height=\"198\" srcset=\"https:\/\/www.radiopiu.net\/wordpress\/wp-content\/uploads\/2020\/10\/IMG_1474-300x198.jpg 300w, https:\/\/www.radiopiu.net\/wordpress\/wp-content\/uploads\/2020\/10\/IMG_1474-1024x676.jpg 1024w, https:\/\/www.radiopiu.net\/wordpress\/wp-content\/uploads\/2020\/10\/IMG_1474-768x507.jpg 768w, https:\/\/www.radiopiu.net\/wordpress\/wp-content\/uploads\/2020\/10\/IMG_1474-1536x1014.jpg 1536w, https:\/\/www.radiopiu.net\/wordpress\/wp-content\/uploads\/2020\/10\/IMG_1474-2048x1352.jpg 2048w\" sizes=\"auto, (max-width: 300px) 100vw, 300px\" \/><\/a>BELLUNO\u00a0<\/strong>Le tre Province interamente montane e confinanti con Stati esteri hanno deciso di allearsi e costruire insieme il futuro della montagna. Nelle prossime settimane verr\u00e0 sottoscritto l\u2019accordo tra Belluno, Sondrio e Verbano-Cusio-Ossola per dare vita a un tavolo permanente, che si riunir\u00e0 a rotazione nelle tre Province, con cadenza regolare. L\u2019idea \u00e8 stata lanciata ieri (venerd\u00ec 16 ottobre) durante il convegno sui canoni idrici organizzato a Verbania (tra gli organizzatori, Alberto Preioni, consigliere regionale Piemonte, e Massimo Sertori, consigliere regionale Lombardia). Ed \u00e8 stata subito accolta da tutti i rappresentanti degli enti di area vasta. Per Belluno erano presenti i consiglieri Franco De Bon e Massimo Bortoluzzi, delegati rispettivamente al demanio idrico e alla difesa del suolo, che hanno potuto descrivere le difficolt\u00e0 demografiche e idrogeologiche del territorio bellunese<\/p>\n<p>&nbsp;<\/p>\n<p>&nbsp;<\/p>\n<hr \/>\n<p>&nbsp;<\/p>\n<blockquote class=\"wp-embedded-content\" data-secret=\"Oo1aOzfI7a\"><p><a href=\"https:\/\/www.radiopiu.net\/wordpress\/coronavirus-aggiornamento-nazionale-18-ottobre\/\">CORONAVIRUS: AGGIORNAMENTO NAZIONALE 18 OTTOBRE<\/a><\/p><\/blockquote>\n<p><iframe loading=\"lazy\" class=\"wp-embedded-content\" sandbox=\"allow-scripts\" security=\"restricted\" style=\"position: absolute; clip: rect(1px, 1px, 1px, 1px);\" title=\"&#8220;CORONAVIRUS: AGGIORNAMENTO NAZIONALE 18 OTTOBRE&#8221; &#8212; Radio Pi\u00f9\" src=\"https:\/\/www.radiopiu.net\/wordpress\/coronavirus-aggiornamento-nazionale-18-ottobre\/embed\/#?secret=Oo1aOzfI7a\" data-secret=\"Oo1aOzfI7a\" width=\"600\" height=\"338\" frameborder=\"0\" marginwidth=\"0\" marginheight=\"0\" scrolling=\"no\"><\/iframe><\/p>\n<p>&nbsp;<\/p>\n<div class=\"im_history_message_wrap im_grouped\">\n<div class=\"im_message_outer_wrap hasselect\" data-msg-id=\"14893\">\n<div class=\"im_message_wrap clearfix\">\n<div class=\"im_content_message_wrap im_message_in\">\n<div class=\"im_message_body\">\n<p>&nbsp;<\/p>\n<hr \/>\n<\/div>\n<\/div>\n<\/div>\n<p>&nbsp;<\/p>\n<blockquote class=\"wp-embedded-content\" data-secret=\"vEHJyFjVRK\"><p><a href=\"https:\/\/www.radiopiu.net\/wordpress\/da-ieri-sera-sono-497-i-nuovi-positivi-in-veneto-6-decessi-in-aumento-i-ricoveri-in-area-non-critica-terpie-intensive-stabili-a-belluno-75-nuove-positivita-un-soggetto-in-meno-in-terapia-intensiv\/\">DA IERI SERA SONO 497 I NUOVI POSITIVI IN VENETO. 6 DECESSI. IN AUMENTO I RICOVERI IN AREA NON CRITICA, TERPIE INTENSIVE STABILI. A BELLUNO 75 NUOVE POSITIVIT\u00c0, UN SOGGETTO IN MENO IN TERAPIA INTENSIVA<\/a><\/p><\/blockquote>\n<p><iframe loading=\"lazy\" class=\"wp-embedded-content\" sandbox=\"allow-scripts\" security=\"restricted\" style=\"position: absolute; clip: rect(1px, 1px, 1px, 1px);\" title=\"&#8220;DA IERI SERA SONO 497 I NUOVI POSITIVI IN VENETO. 6 DECESSI. IN AUMENTO I RICOVERI IN AREA NON CRITICA, TERPIE INTENSIVE STABILI. A BELLUNO 75 NUOVE POSITIVIT\u00c0, UN SOGGETTO IN MENO IN TERAPIA INTENSIVA&#8221; &#8212; Radio Pi\u00f9\" src=\"https:\/\/www.radiopiu.net\/wordpress\/da-ieri-sera-sono-497-i-nuovi-positivi-in-veneto-6-decessi-in-aumento-i-ricoveri-in-area-non-critica-terpie-intensive-stabili-a-belluno-75-nuove-positivita-un-soggetto-in-meno-in-terapia-intensiv\/embed\/#?secret=vEHJyFjVRK\" data-secret=\"vEHJyFjVRK\" width=\"600\" height=\"338\" frameborder=\"0\" marginwidth=\"0\" marginheight=\"0\" scrolling=\"no\"><\/iframe><\/p>\n<p>&nbsp;<\/p>\n<hr \/>\n<p>&nbsp;<\/p>\n<blockquote>\n<h3>I GRAFICI DI TIZIANO DE COL<\/h3>\n<\/blockquote>\n\n\t\t\t<style type='text\/css'>\n\t\t\t\t#gallery-4 {\n\t\t\t\t\tmargin: auto;\n\t\t\t\t}\n\t\t\t\t#gallery-4 .gallery-item {\n\t\t\t\t\tfloat: left;\n\t\t\t\t\tmargin-top: 10px;\n\t\t\t\t\ttext-align: center;\n\t\t\t\t\twidth: 50%;\n\t\t\t\t}\n\t\t\t\t#gallery-4 img {\n\t\t\t\t\tborder: 2px solid #cfcfcf;\n\t\t\t\t}\n\t\t\t\t#gallery-4 .gallery-caption {\n\t\t\t\t\tmargin-left: 0;\n\t\t\t\t}\n\t\t\t\t\/* see gallery_shortcode() in wp-includes\/media.php *\/\n\t\t\t<\/style>\n\t\t<div id='gallery-4' class='dt-gallery-container gallery galleryid-166984 gallery-columns-2 gallery-size-medium'><dl class='gallery-item'>\n\t\t\t\t<dt class='gallery-icon landscape'>\n\t\t\t\t\t<a class=\"rollover rollover-zoom dt-pswp-item\" title=\"5f7301a1-aed6-4b11-b318-8b04bee7c2a1\" data-dt-img-description=\"\" data-large_image_width=\"592\" data-large_image_height=\"333\"href='https:\/\/www.radiopiu.net\/wordpress\/wp-content\/uploads\/2020\/10\/5f7301a1-aed6-4b11-b318-8b04bee7c2a1.jpg'><img loading=\"lazy\" decoding=\"async\" width=\"300\" height=\"169\" src=\"https:\/\/www.radiopiu.net\/wordpress\/wp-content\/uploads\/2020\/10\/5f7301a1-aed6-4b11-b318-8b04bee7c2a1-300x169.jpg\" class=\"attachment-medium size-medium\" alt=\"\" srcset=\"https:\/\/www.radiopiu.net\/wordpress\/wp-content\/uploads\/2020\/10\/5f7301a1-aed6-4b11-b318-8b04bee7c2a1-300x169.jpg 300w, https:\/\/www.radiopiu.net\/wordpress\/wp-content\/uploads\/2020\/10\/5f7301a1-aed6-4b11-b318-8b04bee7c2a1.jpg 592w\" sizes=\"auto, (max-width: 300px) 100vw, 300px\" \/><\/a>\n\t\t\t\t<\/dt><\/dl><dl class='gallery-item'>\n\t\t\t\t<dt class='gallery-icon portrait'>\n\t\t\t\t\t<a class=\"rollover rollover-zoom dt-pswp-item\" title=\"4d5fef42-a83e-4ce2-b675-8b189f10a3c8\" data-dt-img-description=\"\" data-large_image_width=\"600\" data-large_image_height=\"634\"href='https:\/\/www.radiopiu.net\/wordpress\/wp-content\/uploads\/2020\/10\/4d5fef42-a83e-4ce2-b675-8b189f10a3c8.jpg'><img loading=\"lazy\" decoding=\"async\" width=\"284\" height=\"300\" src=\"https:\/\/www.radiopiu.net\/wordpress\/wp-content\/uploads\/2020\/10\/4d5fef42-a83e-4ce2-b675-8b189f10a3c8-284x300.jpg\" class=\"attachment-medium size-medium\" alt=\"\" srcset=\"https:\/\/www.radiopiu.net\/wordpress\/wp-content\/uploads\/2020\/10\/4d5fef42-a83e-4ce2-b675-8b189f10a3c8-284x300.jpg 284w, https:\/\/www.radiopiu.net\/wordpress\/wp-content\/uploads\/2020\/10\/4d5fef42-a83e-4ce2-b675-8b189f10a3c8.jpg 600w\" sizes=\"auto, (max-width: 284px) 100vw, 284px\" \/><\/a>\n\t\t\t\t<\/dt><\/dl><br style=\"clear: both\" \/>\n\t\t\t<\/div>\n\n<p>&nbsp;<\/p>\n<hr \/>\n<p>&nbsp;<\/p>\n<\/div>\n<blockquote>\n<h3><strong><a class=\"dt-pswp-item\" href=\"https:\/\/www.radiopiu.net\/wordpress\/wp-content\/uploads\/2020\/10\/2f1d945e-688b-4f96-9620-8a88d7ca8615.jpg\" data-dt-img-description=\"\" data-large_image_width=\"2000\" data-large_image_height=\"922\"><img loading=\"lazy\" decoding=\"async\" class=\"size-medium wp-image-166937 alignright\" src=\"https:\/\/www.radiopiu.net\/wordpress\/wp-content\/uploads\/2020\/10\/2f1d945e-688b-4f96-9620-8a88d7ca8615-300x138.jpg\" alt=\"\" width=\"300\" height=\"138\" srcset=\"https:\/\/www.radiopiu.net\/wordpress\/wp-content\/uploads\/2020\/10\/2f1d945e-688b-4f96-9620-8a88d7ca8615-300x138.jpg 300w, https:\/\/www.radiopiu.net\/wordpress\/wp-content\/uploads\/2020\/10\/2f1d945e-688b-4f96-9620-8a88d7ca8615-1024x472.jpg 1024w, https:\/\/www.radiopiu.net\/wordpress\/wp-content\/uploads\/2020\/10\/2f1d945e-688b-4f96-9620-8a88d7ca8615-768x354.jpg 768w, https:\/\/www.radiopiu.net\/wordpress\/wp-content\/uploads\/2020\/10\/2f1d945e-688b-4f96-9620-8a88d7ca8615-1536x708.jpg 1536w, https:\/\/www.radiopiu.net\/wordpress\/wp-content\/uploads\/2020\/10\/2f1d945e-688b-4f96-9620-8a88d7ca8615.jpg 2000w\" sizes=\"auto, (max-width: 300px) 100vw, 300px\" \/><\/a><\/strong>\u201cCERCA IL TUO AVO\u201d. ON LINE IL NUOVO STRUMENTO DEL CENTRO STUDI SULLE MIGRAZIONI \u201cALETHEIA\u201d<\/h3>\n<\/blockquote>\n<p><strong>DI MORENO GIOLI<\/strong><\/p>\n<audio class=\"wp-audio-shortcode\" id=\"audio-166984-6\" preload=\"none\" style=\"width: 100%;\" controls=\"controls\"><source type=\"audio\/mpeg\" src=\"https:\/\/www.radiopiu.net\/wordpress\/wp-content\/uploads\/2020\/10\/GIOLI-ABM.mp3?_=6\" \/><a href=\"https:\/\/www.radiopiu.net\/wordpress\/wp-content\/uploads\/2020\/10\/GIOLI-ABM.mp3\">https:\/\/www.radiopiu.net\/wordpress\/wp-content\/uploads\/2020\/10\/GIOLI-ABM.mp3<\/a><\/audio>\n<p><strong>PATRIZIA BURIGO DELL&#8217;ASSOCIAZIONE BELLUNESI NEL MONDO<\/strong><\/p>\n<audio class=\"wp-audio-shortcode\" id=\"audio-166984-7\" preload=\"none\" style=\"width: 100%;\" controls=\"controls\"><source type=\"audio\/mpeg\" src=\"https:\/\/www.radiopiu.net\/wordpress\/wp-content\/uploads\/2020\/10\/PATRIZIA-BURIGO-ABM.mp3?_=7\" \/><a href=\"https:\/\/www.radiopiu.net\/wordpress\/wp-content\/uploads\/2020\/10\/PATRIZIA-BURIGO-ABM.mp3\">https:\/\/www.radiopiu.net\/wordpress\/wp-content\/uploads\/2020\/10\/PATRIZIA-BURIGO-ABM.mp3<\/a><\/audio>\n<p>&nbsp;<\/p>\n<p>&nbsp;<\/p>\n<hr \/>\n<div class=\"im_message_outer_wrap hasselect\" data-msg-id=\"14893\">\n<div class=\"im_message_wrap clearfix\">\n<div class=\"im_content_message_wrap im_message_in\">\n<div class=\"im_message_body\">\n<blockquote>\n<h3><\/h3>\n<h3>MANOVRA DI BILANCIO, IL PENSIERO DEL MINISTRO BELLUNESE FEDERICO D&#8217;INCA&#8217;<\/h3>\n<\/blockquote>\n<p><strong>ROMA<\/strong><em> &#8220;La manovra di bilancio da 40 miliardi di euro che abbiamo approvato in Consiglio dei ministri prevede una serie di misure per aiutare cittadini e imprese. Per la sanit\u00e0 sono stati stanziati 4 miliardi che serviranno sia per mantenere in servizio i 30 mila, tra medici e infermieri, assunti con contratto a tempo determinato per l&#8217;emergenza, sia per dotare le strutture sanitarie di attrezzature e medicine, compreso un fondo per l&#8217;acquisto dei vaccini. <\/em><em>Sul fronte delle famiglie, l&#8217;assegno unico verr\u00e0 esteso anche agli autonomi e agli incapienti e sar\u00e0 prolungata la durata del congedo di paternit\u00e0.<\/em><em>Una somma di complessivi 7 miliardi di euro sar\u00e0 destinata per il taglio del cuneo fiscale e, per le aziende che lavorano sul territorio nazionale, verranno azzerati per tre anni i contributi per le assunzioni di under 35. <\/em><em>4 miliardi sono stati stanziati per un fondo a sostegno dei settori economici maggiormente colpiti dalla crisi, verranno prorogate la cig selettiva, l&#8217;Ape Social e l&#8217;Opzione donna.<\/em><br \/>\n<em>350 milioni saranno destinati al trasporto pubblico locale e in particolare ai trasporti scolastici. <\/em><em>E poi continuiamo a investire sulla scuola e sulla formazione, oltre 6 miliardi saranno utilizzati per edilizia scolastica, per portare a regime l&#8217;assunzione dei 25 mila insegnanti, per l&#8217;Universit\u00e0 e per il settore della ricerca. <\/em><em>Sempre nella serata di ieri abbiamo approvato un decreto per lo stop alle cartelle esattoriali fino a fine anno. <\/em><em>Anche nella manovra di bilancio abbiamo puntato a dare al Paese quelle risorse e quegli strumenti per uscire dalla crisi limitando le potenziali criticit\u00e0 e nel modo pi\u00f9 rapido possibile&#8221;.<\/em><\/p>\n<\/div>\n<\/div>\n<\/div>\n<\/div>\n<\/div>\n<p>&nbsp;<\/p>\n<hr \/>\n<p>&nbsp;<\/p>\n<p>&nbsp;<\/p>\n<blockquote>\n<h3>BILANCIO DEL CONCORSO DI FORGIATURA<\/h3>\n<\/blockquote>\n<p><strong>FELTRE<\/strong>\u00a0 Un bilancio positivo quello del concorso di forgiatura che si \u00e8 svolto dal 16 al 18 ottobre presso Largo Castaldi. La cerimonia di premiazione ha visto l\u2019assegnazione del concorso di forgiatura e del Premio Carlo Rizzarda: 1\u00b0 Baudino Daniele (opera Urbe), 2\u00b0 Imperatore Diego (opera Andol); Premio Giovani Nicholas Convento. Il premio Carlo Rizzarda, in cui le opere degli artisti vengono esposte durante la manifestazione, ha visto vincitori: 1\u00b0 Alessandro Ricci Lucchi PER IL SINGOLARE TRATTAMENTO DELLA SUPERFICIE, L\u2019ATTEGGIAMENTO, IL RECUPERO DELLE ANTICHE ICONOGRAFIE, CON UN\u2019ORIGINALE ECO BUZZATIANO. , 2\u00b0 Luca Bonanni, 3\u00b0 Giampaolo Maniero.<\/p>\n<p>&nbsp;<\/p>\n<p>&nbsp;<\/p>\n<div class=\"im_history_message_wrap im_grouped\">\n<hr \/>\n<div class=\"im_message_outer_wrap hasselect\" data-msg-id=\"14893\">\n<div class=\"im_message_wrap clearfix\">\n<div class=\"im_content_message_wrap im_message_in\">\n<div class=\"im_message_body\">\n<blockquote>\n<h3><\/h3>\n<h3><span style=\"color: #000000; font-family: Helvetica;\"><span style=\"caret-color: #000000;\"><b>&#8220;PERCORSI\u201d NELLA SOFFERENZA PSICHICA: VENERD\u00cc 23 LA PRESENTAZIONE DEL LIBRO DI GIOVANNA TONIOLO<\/b><\/span><\/span><\/h3>\n<\/blockquote>\n<p><strong><a class=\"dt-pswp-item\" href=\"https:\/\/www.radiopiu.net\/wordpress\/wp-content\/uploads\/2020\/10\/Locandina_evento.jpg\" data-dt-img-description=\"\" data-large_image_width=\"956\" data-large_image_height=\"1353\"><img loading=\"lazy\" decoding=\"async\" class=\" wp-image-166926 alignleft\" src=\"https:\/\/www.radiopiu.net\/wordpress\/wp-content\/uploads\/2020\/10\/Locandina_evento-212x300.jpg\" alt=\"\" width=\"271\" height=\"383\" srcset=\"https:\/\/www.radiopiu.net\/wordpress\/wp-content\/uploads\/2020\/10\/Locandina_evento-212x300.jpg 212w, https:\/\/www.radiopiu.net\/wordpress\/wp-content\/uploads\/2020\/10\/Locandina_evento-724x1024.jpg 724w, https:\/\/www.radiopiu.net\/wordpress\/wp-content\/uploads\/2020\/10\/Locandina_evento-768x1087.jpg 768w, https:\/\/www.radiopiu.net\/wordpress\/wp-content\/uploads\/2020\/10\/Locandina_evento.jpg 956w\" sizes=\"auto, (max-width: 271px) 100vw, 271px\" \/><\/a>PONTE NELLE ALPI\u00a0<\/strong><span style=\"color: #000000; font-family: Helvetica;\">Un racconto di pensieri e di emozioni nel mondo della sofferenza psichica. <\/span><span style=\"color: #000000; font-family: Helvetica;\">Racconto che \u00e8 racchiuso in un libro: si intitola\u00a0\u201cPercorsi\u201d\u00a0(Europa Edizioni), \u00e8 scritto da\u00a0Giovanna Toniolo\u00a0e verr\u00e0 presentato\u00a0venerd\u00ec 23 ottobre (ore 19.30) a Ponte nelle Alpi. E, precisamente, nella\u00a0sala \u201cTina Merlin\u201d\u00a0della\u00a0Biblioteca civica.\u00a0<\/span><span style=\"color: #000000; font-family: Helvetica;\">Oltre alla presenza dell&#8217;autrice, l\u2019appuntamento sar\u00e0 arricchito dalla competenza di una relatrice d&#8217;eccezione come la psicologa e psicoterapeuta Michela Marchet. E dagli interventi di Sabrina Dassi\u00e8 (consigliera comunale alle Pari opportunit\u00e0) e di Flavia Monego (Commissione e Politiche di genere del Comune di Ponte nelle Alpi), mentre le letture sono a cura di Susi Gregoris.\u00a0<\/span><span style=\"color: #000000; font-family: Helvetica;\">\u00ab<em>Sala d&#8217;attesa di uno studio medico &#8211; emerge dalla sinossi del libro -. Sguardi che vagano, bocche chiuse e parole che non escono perch\u00e9 non ci sono i giusti interlocutori. I pensieri, invece, quelli sono come saette, guizzano e scattano, lasciando intravedere dietro lo schermo degli occhi, che sono e resteranno sempre semitrasparenti. Solo una penna traccia i contorni di quei pensieri, di quegli occhi, di quelle storie. Forse sono vere, forse no, di sicuro non ha la minima importanza. Sono storie e vale la pena raccontarle<\/em>\u00bb. \u00a0<\/span><span style=\"color: #000000; font-family: Helvetica;\">Vari i protagonisti: dalla donna che odia il cibo al ragazzo che combatte un mostro invisibile. \u00ab<em>E c&#8217;\u00e8 anche il primo attacco di panico in una vita troppo ordinata, c&#8217;\u00e8 la paura, c&#8217;\u00e8 la solitudine di chi si trova in mezzo a un mondo intero che non vede, non sente e non parla, quale che sia la forza con cui si pu\u00f2 urlare<\/em>\u00bb.\u00a0<\/span><span style=\"color: #000000; font-family: Helvetica;\">La voce di Giovanna Toniolo sembra calma, lieve, malinconica, ma ci\u00f2 che racconta \u00e8 l&#8217;esatto opposto. E lo si potr\u00e0 scoprire anche all\u2019interno dell\u2019appuntamento inserito nell\u2019Ottobre Rosa, la rassegna orientata a promuovere eventi dedicati alla salute dell&#8217;universo femminile.\u00a0<\/span><span style=\"color: #000000; font-family: Helvetica;\">Per l&#8217;incontro di venerd\u00ec prossimo, che si terr\u00e0 nel pieno rispetto delle misure anti-contagio, \u00e8 necessaria la prenotazione: 0437-99214 o\u00a0<a>biblioteca@pna.bl.it<\/a>.\u00a0<\/span><span style=\"color: #000000; font-family: Helvetica;\">L&#8217;organizzazione \u00e8 della Commissione Diritti civili e Politiche di genere, della Biblioteca civica, del Comune di Ponte nelle Alpi e della Commissione Pari opportunit\u00e0.\u00a0<\/span><\/p>\n<p>&nbsp;<\/p>\n<p>&nbsp;<\/p>\n<hr \/>\n<p>&nbsp;<\/p>\n<\/div>\n<\/div>\n<\/div>\n<\/div>\n<\/div>\n<blockquote>\n<h3>ASCA CERCA PERSONALE INFERMIERISTICO E ASSISTENZIALE<\/h3>\n<\/blockquote>\n<p><strong><a class=\"dt-pswp-item\" href=\"https:\/\/www.radiopiu.net\/wordpress\/wp-content\/uploads\/2020\/04\/ASCA.png\" data-dt-img-description=\"\" data-large_image_width=\"1211\" data-large_image_height=\"668\"><img loading=\"lazy\" decoding=\"async\" class=\"size-medium wp-image-128881 alignleft\" src=\"https:\/\/www.radiopiu.net\/wordpress\/wp-content\/uploads\/2020\/04\/ASCA-300x165.png\" alt=\"\" width=\"300\" height=\"165\" srcset=\"https:\/\/www.radiopiu.net\/wordpress\/wp-content\/uploads\/2020\/04\/ASCA-300x165.png 300w, https:\/\/www.radiopiu.net\/wordpress\/wp-content\/uploads\/2020\/04\/ASCA-1024x565.png 1024w, https:\/\/www.radiopiu.net\/wordpress\/wp-content\/uploads\/2020\/04\/ASCA-768x424.png 768w, https:\/\/www.radiopiu.net\/wordpress\/wp-content\/uploads\/2020\/04\/ASCA.png 1211w\" sizes=\"auto, (max-width: 300px) 100vw, 300px\" \/><\/a>AGORDO\u00a0<\/strong>ASCA ha indetto una nuova selezione pubblica finalizzata alla formulazione di una graduatoria di idoneit\u00e0 utile all\u2019inserimento a tempo indeterminato e a tempo pieno presso la RSA di Agordo di\u00a0INFERMIERE.\u00a0Il termine ultimo per la presentazione delle candidature \u00e8 fissato entro e non oltre le ore 12.00 del giorno 16 novembre 2020.\u00a0Si precisa che \u00e8 stato riservato un inquadramento contrattuale Uneba di livello 2 con uno stipendio lordo mensile stimato in euro 320 superiore rispetto a quello di livello 3S Uneba ed inoltre viene offerto un supporto alloggiativo di 1 mese per i neo assunti provenienti da paesi non limitrofi ad Agordo.\u00a0ASCA inoltre ricerca\u00a0OPERATORI SOCIO SANITARI\u00a0mediante nuova selezione pubblica finalizzata alla formulazione di una graduatoria di idoneit\u00e0 utile all\u2019inserimento a tempo indeterminato e a tempo pieno presso la RSA di Agordo.\u00a0Il termine ultimo per la presentazione delle candidature \u00e8 fissato entro e non oltre le ore 12.00 del giorno 23 novembre 2020.\u00a0Le modalit\u00e0 di presentazione delle domande di entrambe le selezioni si trovano sulla home page del sito aziendale\u00a0<a href=\"http:\/\/www.servizisocialiasca.it\/\">www.servizisocialiasca.it<\/a>.<\/p>\n<p>&nbsp;<\/p>\n<p>&nbsp;<\/p>\n<hr \/>\n<p>&nbsp;<\/p>\n<blockquote>\n<h3>BILANCIO ED ALIENAZIONE DI TERRENI NEL CONSIGLIO COMUNALE<\/h3>\n<\/blockquote>\n<p><strong>CANALE D&#8217;AGORDO<\/strong> Giovedi alle 20.05 (dopo che avranno suonato le campane delle 20) consiglio comunale a porte chiuse in sala Musal. All&#8217;ordine del giorno: variazione al bilancio, criteri per il riconoscimento dei compensi al personale dipendente per le attivit\u00e0 di rilevazione, bilancio di previsione e istanza di alienazione di alcuni terreni d&#8217;uso civico in localit\u00e0 La Sota.<\/p>\n<p>&nbsp;<\/p>\n<hr \/>\n<p>&nbsp;<\/p>\n<blockquote>\n<h3>PROGETTO CARBON NEUTRAL BELLUNO<\/h3>\n<\/blockquote>\n<p><strong>BELLUNO<\/strong> Domani alle 12 in sala Piloni sede dell&#8217;amministrazione provinciale, sar\u00e0 presentato alla stampa il progetto CaN Be<\/p>\n<p>&nbsp;<\/p>\n<p>&nbsp;<\/p>\n<hr \/>\n<p>&nbsp;<\/p>\n<blockquote>\n<h3>AI SOCI DELLA FAMIGLIA EX-EMIGRANTI AGORDINI<\/h3>\n<\/blockquote>\n<p><strong>CENCENIGHE<\/strong> La Presidente Lucia De Toffol Macutan\u00a0 rende noto a tutti i soci che a causa della pandemia Covid 19, tutte le manifestazioni in programma per il corrente anno 2020 sono state rinviate al prossimo anno 2021. Pertanto anche il consueto \u201cporta a porta\u201d per il rinnovo dell\u2019abbonamento al mensile \u201cBellunesi nel mondo\u201d per l\u2019anno 2021 non verr\u00e0 effettuato. <em>&#8220;Per questo &#8211; dice la presidente &#8211;\u00a0 chiedo cortesemente ai soci di voler sottoscrivere la quota di\u00a0 30 euro\u00a0 tramite il bollettino di conto corrente postale inserito nel mensile dell\u2019Associazione<\/em>&#8220;.<\/p>\n<p>&nbsp;<\/p>\n<p>&nbsp;<\/p>\n<hr \/>\n<blockquote>\n<h3><\/h3>\n<h3>DOLOMITI EMERGENCY ONLUS, GIOVED\u00cc 29 OTTOBRE ASSEMBLEA DEI SOCI<\/h3>\n<\/blockquote>\n<p><strong><a class=\"dt-pswp-item\" href=\"https:\/\/www.radiopiu.net\/wordpress\/wp-content\/uploads\/2016\/05\/dolomiti-emergency1.jpg\" data-dt-img-description=\"\" data-large_image_width=\"611\" data-large_image_height=\"297\"><img loading=\"lazy\" decoding=\"async\" class=\"size-medium wp-image-19271 alignleft\" src=\"https:\/\/www.radiopiu.net\/wordpress\/wp-content\/uploads\/2016\/05\/dolomiti-emergency1-300x146.jpg\" alt=\"\" width=\"300\" height=\"146\" \/><\/a>BELLUNO\u00a0<\/strong>\u00c8 convocata per gioved\u00ec 29 ottobre l\u2019assemblea ordinaria dei soci di Dolomiti Emergency Onlus, l\u2019associazione di volontariato che ha come scopo quello di sostenere e migliorare il modello di soccorso e intervento di emergenza in montagna. Appuntamento alle 18.30 nella sala Teatro del Centro Giovanni XXIII di Belluno (alle 12 in prima convocazione presso la sede amministrativa di Dolomiti Emergency).\u00a0All\u2019ordine del giorno ci sono l\u2019approvazione del verbale dell&#8217;assemblea precedente; la relazione della presidente Laura Menegus; gli interventi del dottor Giovanni Cipolotti, ex direttore della Scuola di formazione \u201cFalco\u201d, e del dottor Mauro Fantinel, direttore della Scuola di formazione di rianimazione cardiopolmonare. Durante l\u2019assemblea prender\u00e0 la parola anche il nuovo primario del Suem 118, il dottor Giulio Trill\u00f2, e sar\u00e0 nominato il nuovo direttore della Scuola di formazione \u201cFalco\u201d.\u00a0Si proceder\u00e0 poi con l\u2019approvazione del bilancio consuntivo 2019 e del previsionale 2020, oltre che con la nomina di un nuovo componente del Consiglio direttivo e di un membro del Collegio dei revisori.<\/p>\n<p>&nbsp;<\/p>\n<p>&nbsp;<\/p>\n<hr \/>\n<p>&nbsp;<\/p>\n<div>\n<div>\n<div>\n<div>\n<div>\n<div>\n<div>\n<div>\n<div>\n<div>\n<div>\n<div>\n<div>\n<div>\n<div>\n<div>\n<div>\n<div>\n<div>\n<div>\n<div>\n<div>\n<div>\n<div>\n<div>\n<div>\n<div>\n<blockquote>\n<h3>LA ULSS1 DOLOMITI CERCA INFERMIERI IN LIBERA PROFESSIONE<\/h3>\n<\/blockquote>\n<\/div>\n<\/div>\n<\/div>\n<\/div>\n<\/div>\n<\/div>\n<\/div>\n<\/div>\n<\/div>\n<\/div>\n<\/div>\n<\/div>\n<\/div>\n<\/div>\n<\/div>\n<\/div>\n<\/div>\n<\/div>\n<\/div>\n<\/div>\n<\/div>\n<\/div>\n<\/div>\n<\/div>\n<\/div>\n<\/div>\n<\/div>\n<p><strong>BELLUNO <\/strong>Nell\u2019ambito delle azioni per fronteggiare l\u2019emergenza COVID, l\u2019Ulss Dolomiti ricorda che \u00e8 aperto un bando per la formazione di elenchi di infermieri disponibili ad assumere incarichi di natura libero professionale. I requisiti richiesti sono la laurea infermieristica e l\u2019iscrizione all\u2019abo. Per gli infermieri in pensione, grazie alla collaborazione con l\u2019Ordine, \u00e8 prevista una procedura semplificata per l\u2019iscrizione all\u2019albo. Per qualsiasi informazione \u00e8 possibile contattare la Segreteria amministrativa al numero 0437 30466 o mandare una mail a segreteria@opibelluno.it<\/p>\n<p>&nbsp;<\/p>\n<p>&nbsp;<\/p>\n<hr \/>\n<p>&nbsp;<\/p>\n<blockquote>\n<h3>ITS MECCATRONICO, NUOVO ROUND DI SELEZIONI IL 22 OTTOBRE<\/h3>\n<\/blockquote>\n<p><strong>BELLUNO<\/strong> Una borsa di studio per ogni studente dell\u2019ITS Meccatronico: \u00e8 questo l\u2019impegno del Gruppo Giovani di Confindustria Belluno Dolomiti a pochi giorni dalle nuove selezioni in programma il 22 ottobre a Belluno. Le iscrizioni per il corso \u201cTecnico superiore per l\u2019automazione e i sistemi meccatronici\u201d sono ancora aperte e la Fondazione ITS-Academy Meccatronico del Veneto sta raccogliendo adesioni da tutto il territorio non solo bellunese. L\u2019ITS meccatronico (ITS sta per Istituto Tecnico Superiore) \u00e8 un corso post-maturit\u00e0, biennale, che prevede duemila ore di formazione &#8211; di queste 1200 in aula, 800 in azienda &#8211; e rivolto a tutte le persone con diploma di scuola secondaria di secondo grado, studenti, inoccupati, disoccupati. Anche Epta, gruppo multinazionale specializzato nella refrigerazione commerciale, fiore all\u2019occhiello del manifatturiero provinciale. \u201c<em>Abbiamo bisogno di profili specializzati: i giovani del territorio devono cogliere questa opportunit\u00e0<\/em>\u201d, affermano dall\u2019azienda di Limana, lanciando cos\u00ec un appello ai giovani bellunesi e non solo. Un messaggio che \u00e8 anche e soprattutto di fiducia in un momento storico delicato, contrassegnato dalla pandemia.\u00a0Nonostante il Covid, per\u00f2, il cuore manifatturiero del Bellunese continua a battere e creare valore aggiunto. \u201cAncora non si \u00e8 riusciti a colmare il gap tra la domanda e l\u2019offerta nel mercato del lavoro; le aziende ricercano profili con competenze tecniche e tecnologiche ma faticano a trovarne\u201d, afferma Gregorio Todeschini, HR plant manager Epta. \u201cPer questo oggi pi\u00f9 che mai \u00e8 importante che le nuove generazioni sappiano cogliere le opportunit\u00e0 che il loro territorio offre. Epta \u00e8 da sempre impegnata nella promozione di iniziative di formazione che riducano il gap domanda-offerta\u201d.\u00a0Da qui il sostegno pieno al corso post-maturit\u00e0\u00a0\u201cTecnico superiore per l\u2019automazione ed i sistemi meccatronici\u201d proposto dall\u2019ITS-Academy Meccatronico Veneto, che per Todeschini rappresenta \u201cun eccellente percorso e una occasione di maggior occupabilit\u00e0 per coloro che vogliano proporsi alle imprese del territorio come tecnici altamente specializzati nelle pi\u00f9 innovative e recenti tecnologie manifatturiere\u201d. Per tutte le informazioni sulle selezioni del 22 ottobre a Belluno e le preiscrizioni contattare\u00a0<u><a href=\"http:\/\/www.itsmeccatronico.it\/\" target=\"_blank\" rel=\"noopener noreferrer\">www.itsmeccatronico.it<\/a><\/u>. Ci sono ancora pochissimi giorni per farsi avanti.<\/p>\n<p>&nbsp;<\/p>\n<p>&nbsp;<\/p>\n<hr \/>\n<p>&nbsp;<\/p>\n<blockquote>\n<h3>TORNANO LE GIORNATE FAI D\u2019AUTUNNO. CONFERENZE E VISITE ALLA SCOPERTA DI PALAZZO ROSSO E PALAZZO PILONI CON I VOLONTARI FAI<\/h3>\n<\/blockquote>\n<p><strong><a class=\"dt-pswp-item\" href=\"https:\/\/www.radiopiu.net\/wordpress\/wp-content\/uploads\/2019\/02\/palazzo_piloni_belluno.jpg\" data-dt-img-description=\"\" data-large_image_width=\"1000\" data-large_image_height=\"667\"><img loading=\"lazy\" decoding=\"async\" class=\"size-medium wp-image-77618 alignleft\" src=\"https:\/\/www.radiopiu.net\/wordpress\/wp-content\/uploads\/2019\/02\/palazzo_piloni_belluno-300x200.jpg\" alt=\"\" width=\"300\" height=\"200\" srcset=\"https:\/\/www.radiopiu.net\/wordpress\/wp-content\/uploads\/2019\/02\/palazzo_piloni_belluno-300x200.jpg 300w, https:\/\/www.radiopiu.net\/wordpress\/wp-content\/uploads\/2019\/02\/palazzo_piloni_belluno-768x512.jpg 768w, https:\/\/www.radiopiu.net\/wordpress\/wp-content\/uploads\/2019\/02\/palazzo_piloni_belluno.jpg 1000w\" sizes=\"auto, (max-width: 300px) 100vw, 300px\" \/><\/a>BELLUNO <\/strong>Dopo il successo delle Giornate all\u2019aperto dello scorso giugno, torna il tradizionale appuntamento delle Giornate d\u2019Autunno che il Fondo Ambiente Italiano organizza per promuovere la valorizzazione, la tutela e il recupero del ricco patrimonio d\u2019arte e natura del territorio nazionale. Il Fai propone un evento su prenotazione il 24-25 ottobre. \u00c8 consigliato prenotare la visita sul sito <a href=\"https:\/\/www.giornatefai.it\/\">www.giornatefai.i<\/a><\/p>\n<p>&nbsp;<\/p>\n<p>&nbsp;<\/p>\n<p>&nbsp;<\/p>\n<hr \/>\n<p>&nbsp;<\/p>\n<blockquote>\n<h3>MOSTRA MUSICA E LETTURE PALAZZO DOGLIONI &#8220;GLI DEI DEL BORGO&#8221; 25 OTTOBRE IN OCCASIONE DELLE GIORNATE DEL FAI<\/h3>\n<\/blockquote>\n<p><strong>BELLUNO\u00a0<\/strong>Apre i battenti,\u00a0 in occasione delle giornate del Fai,\u00a0 il rinnovato palazzo Doglioni a Borgo Piave nella splendida cornice della piazzetta\u00a0 difronte alla chiesa di San Nicolo&#8217;.\u00a0Portoni aperti con una pregevole iniziativa coordinata da Gocce di Sole aps assieme\u00a0 all&#8217;Associazione Vivamelio e alla neonata Borgo Piave ETC aps. Saranno esposte delle opere che richiamano i personaggi Epici della mitologia greca ,con una cornice musicale e delle letture. Le prime portate alla ribalta dall&#8217;associazione VIVAMELIO che ormai da otto anni promuove con la manifestazione &#8220;Mel&#8217;immagino &#8220;,l&#8217;illustrazione e il cinema di animazione. La musica\u00a0 invece sara&#8217; presentata grazie agli artisti\u00a0 : Luisa Nalato, flauto, Laura Argenta, clarinetto, Davide Nenci, chitarra, Maddalena Menegardi e Ivan Zasso, violini.\u00a0Introduzione della mostra sara&#8217; fatta da Rosy Teze&#8217; e Claudio Rossi.\u00a0Un occasione ,sottolinea la presidente di Gocce di Sole\u00a0\u00a0 Manuela Selvestrel, molto ghiotta per poter conoscere le bellezze della nostra Citta&#8217; ed oltremodo gustarsi un ora di arte e musica e cultura in un ambiente come il rinnovato Palazzo Doglioni che conserva al suo interno affreschi di pregio in sale\u00a0 dai controsoffitti\u00a0 in larice e pavimenti in cotto. Esso appare sul logo\u00a0 della neonata associazione\u00a0 Borgo Piave ETC aps\u00a0 fondata dalla volont\u00e0 di alcuni abitanti del borgo\u00a0 che hanno deciso di spendersi per valorizzare, far conoscere e mantenere il quartiere del centro storico . Quale miglior\u00a0 occasione, ci tiene a sottolineare Adriano Gheno presidente del sodalizio, di\u00a0 poter promuovere un appuntamento culturale di spessore proprio nel fulcro del nostro\u00a0 quartiere. Alcune note per orari ed accesso. Quattro rappresentazioni: ore 10, ore 11, ore 15 e ore 16. \u00a0Prenotazione obbligatoria scrivendo a info@goccedisole.bl.it, Messaggio su whatsapp al n\u00b0 3389486064 indicando il nome e la fascia oraria prescelta.Ingresso libero.<\/p>\n<p>&nbsp;<\/p>\n<p>&nbsp;<\/p>\n<hr \/>\n<p>&nbsp;<\/p>\n<blockquote>\n<h3>NUOVI CORSI PER OPERATORE SOCIO SANITARIO: PRESELEZIONE SPOSTATA AL 22 OTTOBRE<\/h3>\n<\/blockquote>\n<p><strong>BELLUNO <\/strong>C\u2019\u00e8 ancora qualche giorno di tempo per iscriversi ai nuovi percorsi Oss 2020-2021. La preselezione, infatti, \u00e8 stata spostata in avanti, al 22 ottobre.\u00a0Sono sette i corsi in programma, per 210 posti a disposizione. Un numero funzionale a coprire il fabbisogno di queste figure professionali per l\u2019immediato futuro, dato che secondo le stime della Regione Veneto da qui ai prossimi due anni ne serviranno 350 nella sola provincia di Belluno.\u00a0Sono previsti tre cicli. A copertura dei costi di organizzazione, intervengono Provincia (con un finanziamento di 35mila euro) e Consorzio Bim. A sostegno invece dei corsisti ci sar\u00e0 l\u2019intervento del Rotary Club Belluno.\u00a0Per partecipare ai corsi \u00e8 necessario avere assolto al diritto dovere all\u2019istruzione e formazione professionale ai sensi della normativa vigente, oppure il compimento del 18\u00b0 anno di et\u00e0 alla data di iscrizione e il titolo di licenza media. Possono partecipare ai percorsi formativi anche i cittadini stranieri, ma devono possedere il certificato di competenza linguistica rilasciato da enti certificatori, almeno di livello B1. I corsi sono accessibili sia alle persone disoccupate che agli occupati.\u00a0Informazioni dettagliate all\u2019indirizzo mail ambito.belluno@venetolavoro.it.<\/p>\n<p>&nbsp;<\/p>\n<p>&nbsp;<\/p>\n<hr \/>\n<p>&nbsp;<\/p>\n<blockquote>\n<h3>IN PROGRAMMA L\u2019ASSEMBLEA ORDINARIA DELL\u2019ASSOCIAZIONE PETTIROSSO AGORDINO<\/h3>\n<\/blockquote>\n<p><strong class=\"photoswipe-wrapper\"><a class=\"dt-pswp-item pspw-wrap-ready\" href=\"https:\/\/i2.wp.com\/www.radiopiu.net\/wordpress\/wp-content\/uploads\/2016\/03\/cucc-pettirosso-15.jpg?ssl=1\" data-dt-img-description=\"\" data-large_image_width=\"400\" data-large_image_height=\"200\"><img loading=\"lazy\" decoding=\"async\" class=\" wp-image-17194 alignleft\" src=\"https:\/\/i2.wp.com\/www.radiopiu.net\/wordpress\/wp-content\/uploads\/2016\/03\/cucc-pettirosso-15.jpg?resize=234%2C117&amp;ssl=1\" sizes=\"auto, (max-width: 234px) 100vw, 234px\" srcset=\"https:\/\/i2.wp.com\/www.radiopiu.net\/wordpress\/wp-content\/uploads\/2016\/03\/cucc-pettirosso-15.jpg?resize=300%2C150&amp;ssl=1 300w, https:\/\/i2.wp.com\/www.radiopiu.net\/wordpress\/wp-content\/uploads\/2016\/03\/cucc-pettirosso-15.jpg?w=400&amp;ssl=1 400w\" alt=\"\" width=\"234\" height=\"117\" data-recalc-dims=\"1\" \/><\/a>AGORDO<\/strong> \u00c8 in programma per domani l\u2019assemblea ordinaria dell\u2019Associazione Pettirosso Agordino presso la sala Don Tamis dell\u2019Unione Montana ad Agordo. 5 punti all\u2019ordine del giorno. La ratifica del consiglio direttivo di ammissione nuovi soci, relazione esercizio sociale dell\u2019anno 2019, presentazione e approvazione del bilancio 2019, presentazione e approvazione del bilancio preventivo 2020, varie ed eventuali.<\/p>\n<p>&nbsp;<\/p>\n<p>&nbsp;<\/p>\n<hr \/>\n<p>&nbsp;<\/p>\n<p>&nbsp;<\/p>\n<blockquote>\n<h3>LA APP MUNICIPIUM ATTIVA ANCHE A SELVA DI CADORE<\/h3>\n<\/blockquote>\n<p><strong><a class=\"dt-pswp-item\" href=\"https:\/\/www.radiopiu.net\/wordpress\/wp-content\/uploads\/2020\/10\/download-12.jpg\" data-dt-img-description=\"\" data-large_image_width=\"305\" data-large_image_height=\"165\"><img loading=\"lazy\" decoding=\"async\" class=\" wp-image-166783 alignleft\" src=\"https:\/\/www.radiopiu.net\/wordpress\/wp-content\/uploads\/2020\/10\/download-12-300x162.jpg\" alt=\"\" width=\"159\" height=\"86\" srcset=\"https:\/\/www.radiopiu.net\/wordpress\/wp-content\/uploads\/2020\/10\/download-12-300x162.jpg 300w, https:\/\/www.radiopiu.net\/wordpress\/wp-content\/uploads\/2020\/10\/download-12.jpg 305w\" sizes=\"auto, (max-width: 159px) 100vw, 159px\" \/><\/a>SELVA DI CADORE<\/strong> Dopo i comuni di Taibon e Agordo, anche il comune di Selva di Cadore aderisce alla App Municipium. Una app che tiene aggiornato il cittadino su tutte le informazioni riguardanti il comune di appartenenza. Basta scaricare l&#8217;applicazione sul proprio smartphone dallo store di riferimento (Android o iOS)<\/p>\n<p>&nbsp;<\/p>\n<p>&nbsp;<\/p>\n<p>&nbsp;<\/p>\n<hr \/>\n<p>&nbsp;<\/p>\n<blockquote>\n<h3>CAUSA COVID, \u201cBRUCIATI\u201d 160 MILIARDI DI RICCHEZZA. NO A UN NUOVO LOCKDOWN<\/h3>\n<\/blockquote>\n<p><a class=\"dt-pswp-item\" href=\"https:\/\/www.radiopiu.net\/wordpress\/wp-content\/uploads\/2020\/10\/Schermata-2020-10-17-alle-18.41.42.png\" data-dt-img-description=\"\" data-large_image_width=\"1076\" data-large_image_height=\"1644\"><img loading=\"lazy\" decoding=\"async\" class=\"alignleft size-medium wp-image-166973\" src=\"https:\/\/www.radiopiu.net\/wordpress\/wp-content\/uploads\/2020\/10\/Schermata-2020-10-17-alle-18.41.42-196x300.png\" alt=\"\" width=\"196\" height=\"300\" srcset=\"https:\/\/www.radiopiu.net\/wordpress\/wp-content\/uploads\/2020\/10\/Schermata-2020-10-17-alle-18.41.42-196x300.png 196w, https:\/\/www.radiopiu.net\/wordpress\/wp-content\/uploads\/2020\/10\/Schermata-2020-10-17-alle-18.41.42-670x1024.png 670w, https:\/\/www.radiopiu.net\/wordpress\/wp-content\/uploads\/2020\/10\/Schermata-2020-10-17-alle-18.41.42-768x1173.png 768w, https:\/\/www.radiopiu.net\/wordpress\/wp-content\/uploads\/2020\/10\/Schermata-2020-10-17-alle-18.41.42-1005x1536.png 1005w, https:\/\/www.radiopiu.net\/wordpress\/wp-content\/uploads\/2020\/10\/Schermata-2020-10-17-alle-18.41.42.png 1076w\" sizes=\"auto, (max-width: 196px) 100vw, 196px\" \/><\/a>Nelle pi\u00f9 rosee previsioni il Pil italiano di quest\u2019anno, ovvero la ricchezza prodotta nel Paese, dovrebbe scendere, rispetto al 2019, del 10 per cento circa. A causa degli effetti negativi del Covid, pertanto, rischiamo di \u201cbruciare\u201d 160 miliardi di Pil. Per dare l\u2019idea della dimensione della contrazione, \u00e8 come se il Veneto fosse stato in lockdown per tutto l\u2019anno. A dirlo \u00e8 la CGIA. Dichiara il coordinatore dell\u2019Ufficio studi Paolo Zabeo: \u201cLa gravit\u00e0 della situazione emerge in maniera ancor pi\u00f9 evidente se paragoniamo l\u2019attuale situazione economica con quanto accaduto nel 2009, annus horribilis dell\u2019economia italiana del dopoguerra. Allora, il Pil scese del 5,5 per cento e il tasso di disoccupazione, nel giro di 2 anni, pass\u00f2 dal 6 al 12 per cento. Quest\u2019anno, invece, se le cose andranno bene, il Pil diminuir\u00e0 del 10 per cento circa. Con un crollo quasi doppio rispetto a quello registrato 11 anni fa, \u00e8 evidente che una caduta verticale del genere avr\u00e0 degli effetti molto negativi sul mercato del lavoro. Per questo diciamo no a qualsiasi chiusura generalizzata che aggraverebbe ancor pi\u00f9 la situazione. Anche perch\u00e9 il peggio deve ancora arrivare. Quando verr\u00e0 meno il blocco dei licenziamenti, infatti, correremo il rischio di vedere aumentare a dismisura il numero dei disoccupati\u201d. Di fronte ad una crisi che ci impone di rilanciare la domanda interna, le misure da adottare sono note a tutti: una drastica e strutturale riduzione delle tasse alle famiglie e alle imprese per far ripartire sia i consumi che gli investimenti. Purtroppo, abbiamo capito in questi giorni che la riforma fiscale verr\u00e0 introdotta solo a partire dal 2022, mentre gli investimenti per realizzare le grandi opere sono legati alle risorse messe a disposizione dal Next Generation EU che, nella migliore delle ipotesi, arriveranno nella seconda met\u00e0 del 2021, espletando il loro effetto solo a partire dall\u2019anno successivo. Afferma il segretario Renato Mason: \u201cOltre ad avere un carico fiscale indiscutibilmente eccessivo, una pressione burocratica che continua a penalizzare chi fa impresa e un calo degli investimenti molto preoccupante, che interessa in particolar modo quelli di natura pubblica, c\u2019\u00e8 un\u2019altra grossa criticit\u00e0 che rischia di mettere in seria difficolt\u00e0 tante aziende, soprattutto di piccola dimensione. Ci riferiamo alla nuova normativa introdotta dall\u2019Unione Europea che interessa le banche. Per evitare gli effetti negativi dei crediti deteriorati, Bruxelles ha imposto a queste ultime l\u2019azzeramento in 3 anni dei crediti a rischio non garantiti e in 7-9 anni per quelli con garanzia reali. E\u2019 evidente che l\u2019applicazione di questa misura, in buona sostanza, indurr\u00e0 moltissimi istituti di credito ad adottare un atteggiamento di estrema prudenza nell\u2019erogare i prestiti, per evitare di dover sostenere delle perdite in pochi anni\u201d. Le previsioni danno un tracollo dei consumi delle famiglie pari a 96 miliardi Consumi e investimenti, dicevamo, sono due leve sulle quali bisognerebbe agire immediatamente per consentire la ripresa economica del Paese. Secondo la NADEF (Nota di Aggiornamento del Documento di Economia e Finanza 2020), i consumi delle famiglie, che costituiscono la componente pi\u00f9 importante del Pil nazionale (circa il 60 per cento del totale), quest\u2019anno subiranno un vero e proprio tracollo. In termini assoluti le famiglie \u201crisparmieranno\u201d 96 miliardi di euro (- 8,9 per cento rispetto al 2019). In buona sostanza, ogni famiglia italiana ridurr\u00e0 la spesa di circa 3.700 euro. E\u2019 evidente che questa contrazione penalizzer\u00e0 soprattutto il mondo delle partite Iva. Ricordiamo che gli artigiani, i piccoli commercianti e i liberi professionisti lavorano prevalentemente per il mercato domestico e in particolar modo con le famiglie italiane. Con questa \u201cstretta\u201d ai consumi, anche queste attivit\u00e0 indipendenti subiranno una grossa contrazione del fatturato. <strong>Gli investimenti in calo di 42 miliardi <\/strong>Altrettanto rovinosa sar\u00e0 la riduzione degli investimenti pubblici e privati: sempre secondo la NADEF, nel 2020 subiranno una riduzione del 13 per cento che in termini assoluti corrisponde a 42 miliardi di euro. Ovviamente, lo stato di incertezza e di sfiducia che caratterizza le imprese li condiziona negativamente. Ecco perch\u00e9 \u00e8 necessario intervenire quanto prima, affinch\u00e9 sia lo Stato che le sue articolazioni periferiche accelerino l\u2019apertura dei cantieri delle tante opere pubbliche necessarie per il rilancio del Paese. A tal proposito, segnaliamo che l\u2019allegato infrastrutture al Programma Nazionale di Riforma presentato il 6 luglio scorso, prevede un piano di investimenti prioritari per la mobilit\u00e0 di 196,7 miliardi di euro di cui 131,3 (pari al 66,7 per cento del totale) gi\u00e0 disponibili. Lavori che dovrebbero iniziare quanto prima, invece, sono bloccati o dalla mancata nomina del commissario o perch\u00e9 impaludati nelle pastoie burocratiche tese dalla nostra Pubblica Amministrazione. <strong>Stiamo scivolando verso la deflazione <\/strong>Con poca liquidit\u00e0 e consumi e investimenti in caduta verticale, il Paese sta scivolando pericolosamente verso la deflazione. Dallo scorso mese di maggio, infatti, l\u2019indice dei prezzi al consumo \u00e8 sempre negativo. Premesso che questo risultato \u00e8 in buona parte dovuto al calo dei prezzi dell\u2019energia, la deflazione, ricordiamo, si manifesta con un progressivo calo dei prezzi dei beni e dei servizi. Ad un primo acchito la cosa pu\u00f2 sembrare positiva: se i prezzi scendono, i consumatori ci guadagnano. In realt\u00e0 le cose stanno diversamente: nonostante i prezzi diminuiscono, le famiglie non acquistano, poich\u00e9, a causa delle minori disponibilit\u00e0 economiche e delle aspettative negative, quel poco che viene venduto comporta, per i dettaglianti, margini di guadagno sempre pi\u00f9 risicati. La merce, rimanendo negli scaffali e nelle vetrine dei negozi determina una situazione di difficolt\u00e0 per i commercianti, ma anche per le imprese manifatturiere che, a fronte di tanto invenduto, sono costrette a ridurre la produzione. Tutto questo inizialmente d\u00e0 luogo a un aumento del ricorso alla cassa integrazione che poi sfocia in una forte impennata dei licenziamenti. Insomma, si crea un circolo vizioso che getta nello sconforto l\u2019economia del Paese. Come dicevamo pi\u00f9 sopra, anche per superare questa situazione \u00e8 necessario iniettare elevate dosi di liquidit\u00e0 nel sistema economico, erogando credito alle famiglie, alle imprese e rilanciando gli investimenti, soprattutto quelli pubblici. <strong>I dati ufficiali dei primi 6 mesi sono drammatici <\/strong>In questa prima parte dell\u2019anno, gli effetti del Covid sull\u2019economia italiana sono stati pesantissimi. Rispetto allo stesso periodo del 2019, nei primi sei mesi di quest\u2019anno quasi tutti i principali indicatori economici del Paese sono stati preceduti dal segno meno. In sintesi, segnaliamo:<\/p>\n<p>produzione delle costruzioni \u2026\u2026\u2026\u2026.-24,2 per cento<br \/>\n(dato riferito ai primi 5 mesi dell\u2019anno);<br \/>\nordinativi industria \u2026\u2026\u2026\u2026\u2026\u2026\u2026\u2026\u2026\u2026-20,9 per cento;<br \/>\nexport beni e servizi \u2026\u2026\u2026\u2026\u2026\u2026\u2026\u2026\u2026-20,4 per cento;<br \/>\nfatturato industria \u2026\u2026\u2026\u2026\u2026\u2026\u2026\u2026\u2026\u2026.-19,0 per cento;<br \/>\nproduzione industriale \u2026\u2026\u2026\u2026\u2026\u2026\u2026..-18,3 per cento;<br \/>\nfatturato dei servizi \u2026\u2026\u2026\u2026\u2026\u2026\u2026\u2026\u2026.-16,9 per cento;<br \/>\ninvestimenti \u2026\u2026\u2026\u2026\u2026\u2026\u2026\u2026\u2026\u2026\u2026\u2026\u2026..-14,7 per cento;<br \/>\nconsumi delle famiglie \u2026\u2026\u2026\u2026\u2026\u2026\u2026..-11,9 per cento;<br \/>\nPil \u2026\u2026\u2026\u2026\u2026\u2026\u2026\u2026\u2026\u2026\u2026\u2026\u2026\u2026\u2026\u2026\u2026\u2026\u2026\u2026-11,7 per cento;<br \/>\ncommercio al dettaglio \u2026\u2026\u2026\u2026\u2026\u2026\u2026. -8,8 per cento.<\/p>\n<p>I dati riportati nella Tab. 1 (aggiornati al 4 settembre scorso) ci indicano, altres\u00ec, che gi\u00e0 nel 2019 la situazione economica del Paese era stata molto difficile, in particolar modo per quanto riguarda gli indicatori relativi al fatturato dell\u2019industria (-0,3 per cento), alla produzione industriale (-1 per cento) e agli ordinativi dell\u2019industria (-1,9 per cento).<\/p>\n<p>&nbsp;<\/p>\n<hr \/>\n<p>&nbsp;<\/p>\n<blockquote class=\"wp-embedded-content\" data-secret=\"brHRQ3jgqB\"><p><a href=\"https:\/\/www.radiopiu.net\/wordpress\/accoglienza-e-promozione-turistica-il-bilancio-della-stagione-estiva\/\">ACCOGLIENZA E PROMOZIONE TURISTICA, IL BILANCIO DELLA STAGIONE ESTIVA<\/a><\/p><\/blockquote>\n<p><iframe loading=\"lazy\" class=\"wp-embedded-content\" sandbox=\"allow-scripts\" security=\"restricted\" style=\"position: absolute; clip: rect(1px, 1px, 1px, 1px);\" title=\"&#8220;ACCOGLIENZA E PROMOZIONE TURISTICA, IL BILANCIO DELLA STAGIONE ESTIVA&#8221; &#8212; Radio Pi\u00f9\" src=\"https:\/\/www.radiopiu.net\/wordpress\/accoglienza-e-promozione-turistica-il-bilancio-della-stagione-estiva\/embed\/#?secret=brHRQ3jgqB\" data-secret=\"brHRQ3jgqB\" width=\"600\" height=\"338\" frameborder=\"0\" marginwidth=\"0\" marginheight=\"0\" scrolling=\"no\"><\/iframe><\/p>\n<p>&nbsp;<\/p>\n<hr \/>\n<p>&nbsp;<\/p>\n<blockquote>\n<h3>LE STAGIONI, LA FLORA, LA FAUNA E SPORT NEL VECCHIO OPUSCOLO DELLA COMUNITA\u2019<\/h3>\n<\/blockquote>\n<p><strong>di\u00a0Renato Bona<\/strong><\/p>\n<p><strong>BELLUNO<\/strong> Le stagioni e le loro caratterizzazioni costituiscono l\u2019ultimo capitolo del prezioso ed agevole opuscolo (cos\u00ec lo aveva definito l\u2019assessore comunitario alla cultura, sport e turismo, Luigino Boito) stampato da Grafiche Antiga di Cornuda nel giugno del 1990 ad iniziativa della Comunit\u00e0 montana bellunese, offerto ai Comuni e alle Pro Loco \u201cper favorire e sostenere il turismo nella nostra bella vallata\u201d. Partiamo dall\u2019autunno che, secondo l\u2019estensore dei testi (il compianto prof. Bartolomeo Zanenga) \u201cSu queste montagne pu\u00f2 essere considerata la stagione pi\u00f9 bella\u201d. Perch\u00e9? \u201cE\u2019 il tempo in cui il bosco s\u2019accende con le macchie color oro vecchio dei larici, la prima neve incanutisce le cime dei monti con una spruzzata sbarazzina e passeggera, il cielo si riempie d\u2019azzurro intenso: il \u2018Settembre bellunese\u2019. Ma anche l\u2019ottobre e il novembre. Si diffonde dai tini l\u2019odore asprigno del mosto e le caldarroste esalano profumi invitanti. San Martino ritorna a dividere il mantello e a benedire la gente che diventa pi\u00f9 buona nel ricordo dei morti. Stagione dolce, come le caldarroste, appunto, e il mosto ambrato del Cartizze. La stagione dei funghi, delle noci, delle schidionate che girano leste sulle braci del \u2018lar\u00ecn\u2019 mentre nel paiolo fuma la polenta soda della nuova farina del mais maturato a lungo sui fusti nodosi\u201d. Segue l\u2019inverno quando \u201cvengono lente lente dal mare cariche di salsedine. Varcano il crinale della catena prealpina estesa tra il Col Faverghera e Monte Ces\u00e9n, gravano immobili sulla conca. E\u2019 la stagione della neve che incomincia a cadere, sempre pi\u00f9 fitta, quando i vapori dell\u2019Adriartico, raddensatisi in nubi grigiastre, sentono il freddo pungente che scende gi\u00e0 dalle valli aperte del Piave e del Cordevole\u2026 L\u2019atmosfera di serena tranquillit\u00e0 si diffonde nei cuori di tutti, come per un magico invito al ritorno nelle plaghe beate dell\u2019infanzia. Poi ci sono le considerazioni di carattere climatico, il grande riposo della natura in attesa del risveglio primaverile, le riserve d\u2019acqua per la prossima estate e, soprattutto, il sole che viene puntuale, dopo ogni nevicata, lucente, carico di raggi ultravioletti, centuplicati dal riflesso del manto cristallino: \u2018Le nevi del Nord, il sole del Mediterraneo\u2019, come recita un motto turistico dolomitico\u201d. Torna la primavera e Zanenga ricorda: \u201c\u2026Sembra strano, ma \u00e8 cos\u00ec: in questa plaga montana, almeno a fondovalle, la primavera incomincia in anticipo con le prime piogge dopo le ultime nevi: ecco timida la prima violetta, in quell\u2019angolo riparato e solatio. E\u2019 il 20 gennaio, San Sebastiano. Il proverbio recita da tempo immemorabile: \u2018San Bastian co la viola in man\u2019. E il proverbio non falla, una viola c\u2019\u00e8 sempre, per chi sa cercare. E c\u2019\u00e8 primavera; frizzante, sia pure, con raffiche improvvise di vento e di pioggia che fanno fuggire la gente sotto i portici in citt\u00e0, negli androni riparati fuorivia, a ridosso di un pagliaio che si trova nei campi. Ma il cielo si sgombra e le montagne vengono fuori limpide, terse, i pascoli immacolati, le crode pulite. Dopo San Sebastiano le viole si rincantucciano un poco, infreddolite. Ma in tutti i prati erompe il miracolo improvviso dei bucaneve in attesa dei narcisi che col loro stordente profumo invadono pi\u00f9 tardi i pendii di Pian di Coltura, sopra Lentiai. Ed eccoci all\u2019estate che \u201cda queste parti non arriva mai brutalmente a bruciare gli acciottolati di paese, impolverare le strade di campagna, ardere le stoppie nei campi. L\u2019afa che in citt\u00e0 fa impallidire la gente in fuga verso improbabili refrigeri d\u2019ombra, qui \u00e8 solo finzione letteraria\u201d. Infatti: \u201cNubi serene solcano i cieli estivi della Val Belluna e zeffiri leggeri mantengono sgombra l\u2019aria da ogni foschia. E\u2019 il meriggio della natura, quando il solleone fa sentire pi\u00f9 forte la forza vivificatrice dei suoi raggi. Ed \u00e8 anche il rigoglio delle messi e delle verzure l\u00e0 dove si snoda il refrigerante nastro azzurro-argento della Piave\u201d. Estate: \u201cLa stagione che appaga ogni desiderio di sosta tranquilla come annota il poeta: \u2018Andove, turchina, passa la Pi\u00e0ve l\u2019\u00e9 tut che incanta e invida a cantar\u2019\u201d. Dopo la poetica descrizione delle stagioni, Bartolomeo Zanenga non poteva non ricordare che \u201cla civilt\u00e0 di una terra e di una gente \u2013 non si tratta solo di ecologia \u2013 si commisura alla qualit\u00e0 della flora che esse sanno naturalmente esprimere, alle specie faunistiche di cui forniscono l\u2019habitat naturale\u201d e sottolineare che: \u201cDalle piagge solat\u00ece della Val Belluna ai declivi collinati del Visentin, Col de Moi, Monte Zovo, Monte Ces\u00e9n; dai dolci rilievi ondulati l\u00e0 dove il Piave placa la sua correntia uscendo dalle strette montane fuori nella pianura, tra Segusino e Valdobbiadene. Ai dirupi dolomitici dei Monti del Sole, della Schiara, del Pelf: l\u00e0 \u00e8 il rigoglio festante di essenze vitali, faggi, quercie, frassini, orni, carpini, abeti, larici, pini. Qua e l\u00e0 il corniolo tenace, ovunque l\u2019avellana prolifica. E poi filati di siepi: le more, i lamponi, e il pruno e il crespino\u2026 E poi tutti i fiori che esplodono in macchie estese a vista d\u2019occhio o si acquattano a difesa negli anfratti solitari: nei luoghi freschi e ombrosi ti affascina il trionfante accostamento rosso cupo-giallo oro della regale \u2018scarpetta della Madonna\u2019 il Cypripedium Calceolus di Linneo e poi il giglio della carniola, la famiglie delle primule, la profumata nigritella il raponzolo, la stella alpina, le violette primaverili delle siepi, i ciclamini dei boschi, i bottoncini dorati delle margherite e le roselline di macchia e il biancospino, la candida ninfea\u2026 quanto alla fauna, c\u2019\u00e8 ovviamente quella tipica della montagna dolomitica il camoscio, il capriolo, il gallo cedrone, il forcello, il francolino, fagiano, coturnice, pernice, l\u2019intera corte di uccelli di passo come le beccacce poi la lepre, il ghiro, la stridula marmotta, tasso, porcospino il baldanzoso scoiattolo, in cielo la pojana, talora l\u2019aquila reale. Per concludere e senza nulla trascurare il prof. Zanenga evidenzia fra l\u2019altro che: \u201cIn poche altre parti del mondo dolomitico, come nelle terre comprese entro i confini amministrativi della Comunit\u00e0 montana bellunese, sport e turismo sanno divenire opportunamente l\u2019un l\u2019altro complementari\u2026\u201d.<\/p>\n\n\t\t\t<style type='text\/css'>\n\t\t\t\t#gallery-5 {\n\t\t\t\t\tmargin: auto;\n\t\t\t\t}\n\t\t\t\t#gallery-5 .gallery-item {\n\t\t\t\t\tfloat: left;\n\t\t\t\t\tmargin-top: 10px;\n\t\t\t\t\ttext-align: center;\n\t\t\t\t\twidth: 25%;\n\t\t\t\t}\n\t\t\t\t#gallery-5 img {\n\t\t\t\t\tborder: 2px solid #cfcfcf;\n\t\t\t\t}\n\t\t\t\t#gallery-5 .gallery-caption {\n\t\t\t\t\tmargin-left: 0;\n\t\t\t\t}\n\t\t\t\t\/* see gallery_shortcode() in wp-includes\/media.php *\/\n\t\t\t<\/style>\n\t\t<div id='gallery-5' class='dt-gallery-container gallery galleryid-166984 gallery-columns-4 gallery-size-thumbnail'><dl class='gallery-item'>\n\t\t\t\t<dt class='gallery-icon landscape'>\n\t\t\t\t\t<a class=\"rollover rollover-zoom dt-pswp-item\" title=\"122039122_2738142353133466_3223347163591683183_n\" data-dt-img-description=\"\" data-large_image_width=\"2048\" data-large_image_height=\"1315\"href='https:\/\/www.radiopiu.net\/wordpress\/wp-content\/uploads\/2020\/10\/122039122_2738142353133466_3223347163591683183_n.jpg'><img loading=\"lazy\" decoding=\"async\" width=\"150\" height=\"150\" src=\"https:\/\/www.radiopiu.net\/wordpress\/wp-content\/uploads\/2020\/10\/122039122_2738142353133466_3223347163591683183_n-150x150.jpg\" class=\"attachment-thumbnail size-thumbnail\" alt=\"\" \/><\/a>\n\t\t\t\t<\/dt><\/dl><dl class='gallery-item'>\n\t\t\t\t<dt class='gallery-icon landscape'>\n\t\t\t\t\t<a class=\"rollover rollover-zoom dt-pswp-item\" title=\"122042249_432545141041716_8923416717063549183_n\" data-dt-img-description=\"\" data-large_image_width=\"2048\" data-large_image_height=\"1351\"href='https:\/\/www.radiopiu.net\/wordpress\/wp-content\/uploads\/2020\/10\/122042249_432545141041716_8923416717063549183_n.jpg'><img loading=\"lazy\" decoding=\"async\" width=\"150\" height=\"150\" src=\"https:\/\/www.radiopiu.net\/wordpress\/wp-content\/uploads\/2020\/10\/122042249_432545141041716_8923416717063549183_n-150x150.jpg\" class=\"attachment-thumbnail size-thumbnail\" alt=\"\" \/><\/a>\n\t\t\t\t<\/dt><\/dl><dl class='gallery-item'>\n\t\t\t\t<dt class='gallery-icon landscape'>\n\t\t\t\t\t<a class=\"rollover rollover-zoom dt-pswp-item\" title=\"121980042_2414455145522884_1666958253779500143_n\" data-dt-img-description=\"\" data-large_image_width=\"2048\" data-large_image_height=\"1332\"href='https:\/\/www.radiopiu.net\/wordpress\/wp-content\/uploads\/2020\/10\/121980042_2414455145522884_1666958253779500143_n.jpg'><img loading=\"lazy\" decoding=\"async\" width=\"150\" height=\"150\" src=\"https:\/\/www.radiopiu.net\/wordpress\/wp-content\/uploads\/2020\/10\/121980042_2414455145522884_1666958253779500143_n-150x150.jpg\" class=\"attachment-thumbnail size-thumbnail\" alt=\"\" \/><\/a>\n\t\t\t\t<\/dt><\/dl><dl class='gallery-item'>\n\t\t\t\t<dt class='gallery-icon landscape'>\n\t\t\t\t\t<a class=\"rollover rollover-zoom dt-pswp-item\" title=\"122123440_4075725929120734_5441636504419722889_n\" data-dt-img-description=\"\" data-large_image_width=\"2048\" data-large_image_height=\"1244\"href='https:\/\/www.radiopiu.net\/wordpress\/wp-content\/uploads\/2020\/10\/122123440_4075725929120734_5441636504419722889_n.jpg'><img loading=\"lazy\" decoding=\"async\" width=\"150\" height=\"150\" src=\"https:\/\/www.radiopiu.net\/wordpress\/wp-content\/uploads\/2020\/10\/122123440_4075725929120734_5441636504419722889_n-150x150.jpg\" class=\"attachment-thumbnail size-thumbnail\" alt=\"\" \/><\/a>\n\t\t\t\t<\/dt><\/dl><br style=\"clear: both\" \/><dl class='gallery-item'>\n\t\t\t\t<dt class='gallery-icon landscape'>\n\t\t\t\t\t<a class=\"rollover rollover-zoom dt-pswp-item\" title=\"122084538_398263154536853_3771220310814871144_n\" data-dt-img-description=\"\" data-large_image_width=\"2048\" data-large_image_height=\"1067\"href='https:\/\/www.radiopiu.net\/wordpress\/wp-content\/uploads\/2020\/10\/122084538_398263154536853_3771220310814871144_n.jpg'><img loading=\"lazy\" decoding=\"async\" width=\"150\" height=\"150\" src=\"https:\/\/www.radiopiu.net\/wordpress\/wp-content\/uploads\/2020\/10\/122084538_398263154536853_3771220310814871144_n-150x150.jpg\" class=\"attachment-thumbnail size-thumbnail\" alt=\"\" \/><\/a>\n\t\t\t\t<\/dt><\/dl><dl class='gallery-item'>\n\t\t\t\t<dt class='gallery-icon landscape'>\n\t\t\t\t\t<a class=\"rollover rollover-zoom dt-pswp-item\" title=\"121780870_367790127754851_702689035525050681_n\" data-dt-img-description=\"\" data-large_image_width=\"2048\" data-large_image_height=\"1143\"href='https:\/\/www.radiopiu.net\/wordpress\/wp-content\/uploads\/2020\/10\/121780870_367790127754851_702689035525050681_n.jpg'><img loading=\"lazy\" decoding=\"async\" width=\"150\" height=\"150\" src=\"https:\/\/www.radiopiu.net\/wordpress\/wp-content\/uploads\/2020\/10\/121780870_367790127754851_702689035525050681_n-150x150.jpg\" class=\"attachment-thumbnail size-thumbnail\" alt=\"\" \/><\/a>\n\t\t\t\t<\/dt><\/dl><dl class='gallery-item'>\n\t\t\t\t<dt class='gallery-icon landscape'>\n\t\t\t\t\t<a class=\"rollover rollover-zoom dt-pswp-item\" title=\"121958137_642186353156080_832996440884603608_n\" data-dt-img-description=\"\" data-large_image_width=\"2048\" data-large_image_height=\"1159\"href='https:\/\/www.radiopiu.net\/wordpress\/wp-content\/uploads\/2020\/10\/121958137_642186353156080_832996440884603608_n.jpg'><img loading=\"lazy\" decoding=\"async\" width=\"150\" height=\"150\" src=\"https:\/\/www.radiopiu.net\/wordpress\/wp-content\/uploads\/2020\/10\/121958137_642186353156080_832996440884603608_n-150x150.jpg\" class=\"attachment-thumbnail size-thumbnail\" alt=\"\" \/><\/a>\n\t\t\t\t<\/dt><\/dl><dl class='gallery-item'>\n\t\t\t\t<dt class='gallery-icon portrait'>\n\t\t\t\t\t<a class=\"rollover rollover-zoom dt-pswp-item\" title=\"122057708_355022242405272_3349218883934897199_n\" data-dt-img-description=\"\" data-large_image_width=\"1562\" data-large_image_height=\"2048\"href='https:\/\/www.radiopiu.net\/wordpress\/wp-content\/uploads\/2020\/10\/122057708_355022242405272_3349218883934897199_n.jpg'><img loading=\"lazy\" decoding=\"async\" width=\"150\" height=\"150\" src=\"https:\/\/www.radiopiu.net\/wordpress\/wp-content\/uploads\/2020\/10\/122057708_355022242405272_3349218883934897199_n-150x150.jpg\" class=\"attachment-thumbnail size-thumbnail\" alt=\"\" \/><\/a>\n\t\t\t\t<\/dt><\/dl><br style=\"clear: both\" \/><dl class='gallery-item'>\n\t\t\t\t<dt class='gallery-icon landscape'>\n\t\t\t\t\t<a class=\"rollover rollover-zoom dt-pswp-item\" title=\"122041489_1753929224776516_8449524697637297159_n\" data-dt-img-description=\"\" data-large_image_width=\"2048\" data-large_image_height=\"1851\"href='https:\/\/www.radiopiu.net\/wordpress\/wp-content\/uploads\/2020\/10\/122041489_1753929224776516_8449524697637297159_n.jpg'><img loading=\"lazy\" decoding=\"async\" width=\"150\" height=\"150\" src=\"https:\/\/www.radiopiu.net\/wordpress\/wp-content\/uploads\/2020\/10\/122041489_1753929224776516_8449524697637297159_n-150x150.jpg\" class=\"attachment-thumbnail size-thumbnail\" alt=\"\" \/><\/a>\n\t\t\t\t<\/dt><\/dl><dl class='gallery-item'>\n\t\t\t\t<dt class='gallery-icon landscape'>\n\t\t\t\t\t<a class=\"rollover rollover-zoom dt-pswp-item\" title=\"122042027_2862759870612856_702538757452781237_n\" data-dt-img-description=\"\" data-large_image_width=\"2048\" data-large_image_height=\"1540\"href='https:\/\/www.radiopiu.net\/wordpress\/wp-content\/uploads\/2020\/10\/122042027_2862759870612856_702538757452781237_n.jpg'><img loading=\"lazy\" decoding=\"async\" width=\"150\" height=\"150\" src=\"https:\/\/www.radiopiu.net\/wordpress\/wp-content\/uploads\/2020\/10\/122042027_2862759870612856_702538757452781237_n-150x150.jpg\" class=\"attachment-thumbnail size-thumbnail\" alt=\"\" \/><\/a>\n\t\t\t\t<\/dt><\/dl><dl class='gallery-item'>\n\t\t\t\t<dt class='gallery-icon landscape'>\n\t\t\t\t\t<a class=\"rollover rollover-zoom dt-pswp-item\" title=\"122031981_381968942993622_7872886270739134881_n\" data-dt-img-description=\"\" data-large_image_width=\"1669\" data-large_image_height=\"1557\"href='https:\/\/www.radiopiu.net\/wordpress\/wp-content\/uploads\/2020\/10\/122031981_381968942993622_7872886270739134881_n.jpg'><img loading=\"lazy\" decoding=\"async\" width=\"150\" height=\"150\" src=\"https:\/\/www.radiopiu.net\/wordpress\/wp-content\/uploads\/2020\/10\/122031981_381968942993622_7872886270739134881_n-150x150.jpg\" class=\"attachment-thumbnail size-thumbnail\" alt=\"\" \/><\/a>\n\t\t\t\t<\/dt><\/dl><dl class='gallery-item'>\n\t\t\t\t<dt class='gallery-icon landscape'>\n\t\t\t\t\t<a class=\"rollover rollover-zoom dt-pswp-item\" title=\"122058171_344039910156424_3338976157236071297_n\" data-dt-img-description=\"\" data-large_image_width=\"2048\" data-large_image_height=\"1583\"href='https:\/\/www.radiopiu.net\/wordpress\/wp-content\/uploads\/2020\/10\/122058171_344039910156424_3338976157236071297_n.jpg'><img loading=\"lazy\" decoding=\"async\" width=\"150\" height=\"150\" src=\"https:\/\/www.radiopiu.net\/wordpress\/wp-content\/uploads\/2020\/10\/122058171_344039910156424_3338976157236071297_n-150x150.jpg\" class=\"attachment-thumbnail size-thumbnail\" alt=\"\" \/><\/a>\n\t\t\t\t<\/dt><\/dl><br style=\"clear: both\" \/><dl class='gallery-item'>\n\t\t\t\t<dt class='gallery-icon landscape'>\n\t\t\t\t\t<a class=\"rollover rollover-zoom dt-pswp-item\" title=\"122057705_380829089624106_3276294263530170779_n\" data-dt-img-description=\"\" data-large_image_width=\"2048\" data-large_image_height=\"1574\"href='https:\/\/www.radiopiu.net\/wordpress\/wp-content\/uploads\/2020\/10\/122057705_380829089624106_3276294263530170779_n.jpg'><img loading=\"lazy\" decoding=\"async\" width=\"150\" height=\"150\" src=\"https:\/\/www.radiopiu.net\/wordpress\/wp-content\/uploads\/2020\/10\/122057705_380829089624106_3276294263530170779_n-150x150.jpg\" class=\"attachment-thumbnail size-thumbnail\" alt=\"\" \/><\/a>\n\t\t\t\t<\/dt><\/dl><dl class='gallery-item'>\n\t\t\t\t<dt class='gallery-icon landscape'>\n\t\t\t\t\t<a class=\"rollover rollover-zoom dt-pswp-item\" title=\"122120775_779226269521368_653130648547409659_n\" data-dt-img-description=\"\" data-large_image_width=\"2048\" data-large_image_height=\"1273\"href='https:\/\/www.radiopiu.net\/wordpress\/wp-content\/uploads\/2020\/10\/122120775_779226269521368_653130648547409659_n.jpg'><img loading=\"lazy\" decoding=\"async\" width=\"150\" height=\"150\" src=\"https:\/\/www.radiopiu.net\/wordpress\/wp-content\/uploads\/2020\/10\/122120775_779226269521368_653130648547409659_n-150x150.jpg\" class=\"attachment-thumbnail size-thumbnail\" alt=\"\" \/><\/a>\n\t\t\t\t<\/dt><\/dl><dl class='gallery-item'>\n\t\t\t\t<dt class='gallery-icon landscape'>\n\t\t\t\t\t<a class=\"rollover rollover-zoom dt-pswp-item\" title=\"121976185_382359686134576_5970561629629438881_n\" data-dt-img-description=\"\" data-large_image_width=\"2048\" data-large_image_height=\"1420\"href='https:\/\/www.radiopiu.net\/wordpress\/wp-content\/uploads\/2020\/10\/121976185_382359686134576_5970561629629438881_n.jpg'><img loading=\"lazy\" decoding=\"async\" width=\"150\" height=\"150\" src=\"https:\/\/www.radiopiu.net\/wordpress\/wp-content\/uploads\/2020\/10\/121976185_382359686134576_5970561629629438881_n-150x150.jpg\" class=\"attachment-thumbnail size-thumbnail\" alt=\"\" \/><\/a>\n\t\t\t\t<\/dt><\/dl><dl class='gallery-item'>\n\t\t\t\t<dt class='gallery-icon landscape'>\n\t\t\t\t\t<a class=\"rollover rollover-zoom dt-pswp-item\" title=\"122035593_365441777982817_1277477374020854030_n\" data-dt-img-description=\"\" data-large_image_width=\"2048\" data-large_image_height=\"1662\"href='https:\/\/www.radiopiu.net\/wordpress\/wp-content\/uploads\/2020\/10\/122035593_365441777982817_1277477374020854030_n.jpg'><img loading=\"lazy\" decoding=\"async\" width=\"150\" height=\"150\" src=\"https:\/\/www.radiopiu.net\/wordpress\/wp-content\/uploads\/2020\/10\/122035593_365441777982817_1277477374020854030_n-150x150.jpg\" class=\"attachment-thumbnail size-thumbnail\" alt=\"\" \/><\/a>\n\t\t\t\t<\/dt><\/dl><br style=\"clear: both\" \/>\n\t\t\t<\/div>\n\n<p>NELLE FOTO (immagini-riproduzioni di M. e G. De Biasi, De Santi, Ghedina, Charles, R. Ubaux, Padovan, Argenta, G. Pezza, I. D\u2019Inc\u00e0, dall\u2019opuscolo \u201cComunit\u00e0 montana bellunese\u201d): narcisi a Pianture di Lentiai; tra i profumi di erbe sfalciate; tavolozza d\u2019autunno; magico inverno; giglio rosso di San Giovanni; genzianella; erica scopina; la Carpenada di Belluno; gallo cedrone; la pojana; scoiattolo; capriolo; cascata della Soffia a Sospirolo; agriturismo a cavallo; lago del Mis; stadio del fondo a Pian Longhi in Nevegal.<\/p>\n<p>&nbsp;<\/p>\n<p>&nbsp;<\/p>\n<hr \/>\n<p>&nbsp;<\/p>\n<p><a class=\"dt-pswp-item\" href=\"https:\/\/www.radiopiu.net\/wordpress\/wp-content\/uploads\/2018\/09\/appuntamenti.jpeg\" data-dt-img-description=\"\" data-large_image_width=\"800\" data-large_image_height=\"100\"><img loading=\"lazy\" decoding=\"async\" class=\"aligncenter wp-image-61958 size-full\" src=\"https:\/\/www.radiopiu.net\/wordpress\/wp-content\/uploads\/2018\/09\/appuntamenti.jpeg\" alt=\"\" width=\"800\" height=\"100\" srcset=\"https:\/\/www.radiopiu.net\/wordpress\/wp-content\/uploads\/2018\/09\/appuntamenti.jpeg 800w, https:\/\/www.radiopiu.net\/wordpress\/wp-content\/uploads\/2018\/09\/appuntamenti-300x38.jpeg 300w, https:\/\/www.radiopiu.net\/wordpress\/wp-content\/uploads\/2018\/09\/appuntamenti-768x96.jpeg 768w\" sizes=\"auto, (max-width: 800px) 100vw, 800px\" \/><\/a><\/p>\n<p>&nbsp;<\/p>\n<p>&nbsp;<\/p>\n<p><strong><a class=\"dt-pswp-item\" href=\"https:\/\/www.radiopiu.net\/wordpress\/wp-content\/uploads\/2020\/10\/a5942cc3-539d-4632-975b-25d657e0b6b7.jpg\" data-dt-img-description=\"\" data-large_image_width=\"1041\" data-large_image_height=\"1600\"><img loading=\"lazy\" decoding=\"async\" class=\"size-medium wp-image-165930 alignleft\" src=\"https:\/\/www.radiopiu.net\/wordpress\/wp-content\/uploads\/2020\/10\/a5942cc3-539d-4632-975b-25d657e0b6b7-195x300.jpg\" alt=\"\" width=\"195\" height=\"300\" srcset=\"https:\/\/www.radiopiu.net\/wordpress\/wp-content\/uploads\/2020\/10\/a5942cc3-539d-4632-975b-25d657e0b6b7-195x300.jpg 195w, https:\/\/www.radiopiu.net\/wordpress\/wp-content\/uploads\/2020\/10\/a5942cc3-539d-4632-975b-25d657e0b6b7-666x1024.jpg 666w, https:\/\/www.radiopiu.net\/wordpress\/wp-content\/uploads\/2020\/10\/a5942cc3-539d-4632-975b-25d657e0b6b7-768x1180.jpg 768w, https:\/\/www.radiopiu.net\/wordpress\/wp-content\/uploads\/2020\/10\/a5942cc3-539d-4632-975b-25d657e0b6b7-999x1536.jpg 999w, https:\/\/www.radiopiu.net\/wordpress\/wp-content\/uploads\/2020\/10\/a5942cc3-539d-4632-975b-25d657e0b6b7.jpg 1041w\" sizes=\"auto, (max-width: 195px) 100vw, 195px\" \/><\/a>AGORDO<\/strong> Pc Ranch Young Team e Aics Belluno organizzano un corso di ginnastica-coordinazione-ritmo volteggio. Tutti i martedi fino a maggio sempre alle 16 al Palarova. Orario: 16-17 bambini 5-7 anni; 16.30-1830 bambini dagli 8 anni compiuti. Info e iscrizioni da Donatella al 348 4352362. Causa covid 19 i posti sono limitati<\/p>\n<div>\n<hr \/>\n<\/div>\n<div><\/div>\n<div><strong>CHIES D&#8217;ALPAGO<\/strong> Domenica 25 ottobre 70^ giornata del ringraziamento agricolo, alle 9 arrivo trattoristi, 9.30 messa con il Vescovo o suo delegato, 10.30 benedizione macchine agricole e animali 10.45 interventi delle autorit\u00e0 11 sfilata trattori e animali 12.00 momento conviviale.<\/div>\n<div><\/div>\n<div><strong>AGORDO<\/strong> &#8220;Il paesaggio alpino nell&#8217;arte&#8221; \u00e8 il titolo della conferenza in programma il 23 ottobre alle 18 in sala Don Tamis, con l&#8217;occasione sar\u00e0 inaugurata la mostra che rimarr\u00e0 aperta fino al 1 novembre. Si tratta di un racconto fotografico della trasformazione del paesaggio alpino nell&#8217;arte. Ingresso libero, da un&#8217;idea degli Architetti dell&#8217;Arco Alpino.<\/div>\n<p>&nbsp;<\/p>\n<div><\/div>\n<hr \/>\n<p>&nbsp;<\/p>\n<h2><span style=\"color: #ff0000;\">IERI ALLA RADIO<\/span><\/h2>\n<h2><span style=\"color: #800080;\">LA RASSEGNA STAMPA DA L&#8217;AMICO DEL POPOLO di Gianni Santomaso\u00a0<\/span><\/h2>\n<audio class=\"wp-audio-shortcode\" id=\"audio-166984-8\" preload=\"none\" style=\"width: 100%;\" controls=\"controls\"><source type=\"audio\/mpeg\" src=\"https:\/\/www.radiopiu.net\/wordpress\/wp-content\/uploads\/2020\/10\/RASSEGNA-GIANNI-3.mp3?_=8\" \/><a href=\"https:\/\/www.radiopiu.net\/wordpress\/wp-content\/uploads\/2020\/10\/RASSEGNA-GIANNI-3.mp3\">https:\/\/www.radiopiu.net\/wordpress\/wp-content\/uploads\/2020\/10\/RASSEGNA-GIANNI-3.mp3<\/a><\/audio>\n<p>&nbsp;<\/p>\n<hr \/>\n<p>&nbsp;<\/p>\n<h2><span style=\"color: #808000;\">DUE MINUTI UN LIBRO\u00a0<\/span><\/h2>\n<h2>LA RACCOLTA COMPLETA<\/h2>\n<blockquote class=\"wp-embedded-content\" data-secret=\"ZyXcaGfs3b\"><p><a href=\"https:\/\/www.radiopiu.net\/wordpress\/due-minuti-un-libro\/\">Due minuti un libro<\/a><\/p><\/blockquote>\n<p><iframe loading=\"lazy\" class=\"wp-embedded-content\" sandbox=\"allow-scripts\" security=\"restricted\" style=\"position: absolute; clip: rect(1px, 1px, 1px, 1px);\" title=\"&#8220;Due minuti un libro&#8221; &#8212; Radio Pi\u00f9\" src=\"https:\/\/www.radiopiu.net\/wordpress\/due-minuti-un-libro\/embed\/#?secret=ZyXcaGfs3b\" data-secret=\"ZyXcaGfs3b\" width=\"600\" height=\"338\" frameborder=\"0\" marginwidth=\"0\" marginheight=\"0\" scrolling=\"no\"><\/iframe><\/p>\n<p>&nbsp;<\/p>\n<p>&nbsp;<\/p>\n<hr \/>\n<p>&nbsp;<\/p>\n<div>\n<h2><span style=\"color: #33cccc;\">I RACCONTI DI PAOLO SOPPELSA il lunedi alle 9.30 e 18.30<\/span><\/h2>\n<h2><span style=\"color: #33cccc;\"><strong>LA RACCOLTA COMPLETA<\/strong><\/span><\/h2>\n<blockquote class=\"wp-embedded-content\" data-secret=\"XeyLiozeMb\"><p><a href=\"https:\/\/www.radiopiu.net\/wordpress\/i-racconti-di-paolo-soppelsa\/\">I racconti di Paolo Soppelsa<\/a><\/p><\/blockquote>\n<p><iframe loading=\"lazy\" class=\"wp-embedded-content\" sandbox=\"allow-scripts\" security=\"restricted\" style=\"position: absolute; clip: rect(1px, 1px, 1px, 1px);\" title=\"&#8220;I racconti di Paolo Soppelsa&#8221; &#8212; Radio Pi\u00f9\" src=\"https:\/\/www.radiopiu.net\/wordpress\/i-racconti-di-paolo-soppelsa\/embed\/#?secret=XeyLiozeMb\" data-secret=\"XeyLiozeMb\" width=\"600\" height=\"338\" frameborder=\"0\" marginwidth=\"0\" marginheight=\"0\" scrolling=\"no\"><\/iframe><\/p>\n<p>&nbsp;<\/p>\n<div class=\"_4tdt _ua1\">\n<div class=\"_31o4\">\n<div class=\"_6--1\" aria-hidden=\"true\">\n<div class=\"_1gyw _55lt\">\n<hr \/>\n<\/div>\n<\/div>\n<\/div>\n<\/div>\n<\/div>\n<p>&nbsp;<\/p>\n<h2><span style=\"color: #ff0000;\">VIDEO, MUSICA E INTERVISTE DAL FRAMONT<\/span><\/h2>\n<blockquote class=\"wp-embedded-content\" data-secret=\"Ghpaz96NoZ\"><p><a href=\"https:\/\/www.radiopiu.net\/wordpress\/aspettando-musica-nellagordino-improvvisazioni-in-quota\/\">IMPROVVISAZIONI IN QUOTA &#8230;. RICORDI ESTIVI CON AGORDO MUSICA. IL VIDEO UFFICIALE<\/a><\/p><\/blockquote>\n<p><iframe loading=\"lazy\" class=\"wp-embedded-content\" sandbox=\"allow-scripts\" security=\"restricted\" style=\"position: absolute; clip: rect(1px, 1px, 1px, 1px);\" title=\"&#8220;IMPROVVISAZIONI IN QUOTA &#8230;. RICORDI ESTIVI CON AGORDO MUSICA. IL VIDEO UFFICIALE&#8221; &#8212; Radio Pi\u00f9\" src=\"https:\/\/www.radiopiu.net\/wordpress\/aspettando-musica-nellagordino-improvvisazioni-in-quota\/embed\/#?secret=Ghpaz96NoZ\" data-secret=\"Ghpaz96NoZ\" width=\"600\" height=\"338\" frameborder=\"0\" marginwidth=\"0\" marginheight=\"0\" scrolling=\"no\"><\/iframe><\/p>\n<p>&nbsp;<\/p>\n<p>&nbsp;<\/p>\n<hr \/>\n<div>\n<h2><span style=\"color: #000080;\"><a class=\"dt-pswp-item\" href=\"https:\/\/www.radiopiu.net\/wordpress\/wp-content\/uploads\/2020\/10\/pp.jpg\" data-dt-img-description=\"\" data-large_image_width=\"640\" data-large_image_height=\"640\"><img loading=\"lazy\" decoding=\"async\" class=\"wp-image-163678 alignleft\" src=\"https:\/\/www.radiopiu.net\/wordpress\/wp-content\/uploads\/2020\/10\/pp-300x300.jpg\" alt=\"\" width=\"106\" height=\"106\" srcset=\"https:\/\/www.radiopiu.net\/wordpress\/wp-content\/uploads\/2020\/10\/pp-300x300.jpg 300w, https:\/\/www.radiopiu.net\/wordpress\/wp-content\/uploads\/2020\/10\/pp-150x150.jpg 150w, https:\/\/www.radiopiu.net\/wordpress\/wp-content\/uploads\/2020\/10\/pp-125x125.jpg 125w, https:\/\/www.radiopiu.net\/wordpress\/wp-content\/uploads\/2020\/10\/pp-200x200.jpg 200w, https:\/\/www.radiopiu.net\/wordpress\/wp-content\/uploads\/2020\/10\/pp-80x80.jpg 80w, https:\/\/www.radiopiu.net\/wordpress\/wp-content\/uploads\/2020\/10\/pp-480x480.jpg 480w, https:\/\/www.radiopiu.net\/wordpress\/wp-content\/uploads\/2020\/10\/pp.jpg 640w\" sizes=\"auto, (max-width: 106px) 100vw, 106px\" \/><\/a>DON CESARE, IL PENSIERO DEL GIORNO. ALLA RADIO ALLE 7 DEL MATTINO E ALLE 19.30 DELLA SERA.\u00a0\u00a0<\/span><\/h2>\n<\/div>\n<p>&nbsp;<\/p>\n<audio class=\"wp-audio-shortcode\" id=\"audio-166984-9\" preload=\"none\" style=\"width: 100%;\" controls=\"controls\"><source type=\"audio\/mpeg\" src=\"https:\/\/www.radiopiu.net\/wordpress\/wp-content\/uploads\/2020\/10\/CESARE-15.mp3?_=9\" \/><a href=\"https:\/\/www.radiopiu.net\/wordpress\/wp-content\/uploads\/2020\/10\/CESARE-15.mp3\">https:\/\/www.radiopiu.net\/wordpress\/wp-content\/uploads\/2020\/10\/CESARE-15.mp3<\/a><\/audio>\n<p>&nbsp;<\/p>\n<p>&nbsp;<\/p>\n<hr \/>\n<p>&nbsp;<\/p>\n<div>\n<p><a class=\"dt-pswp-item\" href=\"https:\/\/www.radiopiu.net\/wordpress\/wp-content\/uploads\/2018\/09\/viabilita.jpeg\" data-dt-img-description=\"\" data-large_image_width=\"800\" data-large_image_height=\"100\"><img loading=\"lazy\" decoding=\"async\" class=\"aligncenter wp-image-61954 size-full\" src=\"https:\/\/www.radiopiu.net\/wordpress\/wp-content\/uploads\/2018\/09\/viabilita.jpeg\" alt=\"\" width=\"800\" height=\"100\" srcset=\"https:\/\/www.radiopiu.net\/wordpress\/wp-content\/uploads\/2018\/09\/viabilita.jpeg 800w, https:\/\/www.radiopiu.net\/wordpress\/wp-content\/uploads\/2018\/09\/viabilita-300x38.jpeg 300w, https:\/\/www.radiopiu.net\/wordpress\/wp-content\/uploads\/2018\/09\/viabilita-768x96.jpeg 768w\" sizes=\"auto, (max-width: 800px) 100vw, 800px\" \/><\/a><\/p>\n<\/div>\n<p><strong>\u00a0\u00a0<\/strong><\/p>\n<p><strong>SP 12 PEDEMONTANA <\/strong>senso unico alternato regolato da impianto semaforico in localit\u00e0 Veses fino al 6 novembre, esclusi sabati e domeniche, per messa in sicurezza versante a monte della strada<\/p>\n<p><strong>SP 25 DEL PASSO VALLES<\/strong> senso unico alternato regolato da impianto semaforico in localit\u00e0 Caverson fino al 30 ottobre, esclusi sabati e domenica, \u00a0per manutenzione sovrappasso pista da sci<\/p>\n<p><strong>SP 5 DI LAMOSANO<\/strong> fino al 21 ottobre chiusura totale alla transitabilit\u00e0 in comune di Chies D&#8217;Alpago per lavori di ripristino fognature<\/p>\n<p><strong>SR 203 AGORDINA <\/strong>dal 19 al 23 ottobre, dalle 8 alle 12 e dalle 13:30 alle 17:30, temporanee interruzioni al traffico della durata massima di 20 minuti tra Cencenighe e Avoscan per esbosco con elicottero in attraversamento strada<\/p>\n<p><strong>SR 48 DELLE DOLOMITI<\/strong> Fino al 30 ottobre (festivi e prefestivi esclusi) senso unico alternato con movieri o semafori<\/p>\n<p><strong>SR 50 DEL GRAPPA E PASSO ROLLE<\/strong>\u00a0 fino al 23 ottobre, dalle 8 alle 17 esclusi sabati e domeniche, temporanee interruzioni alla viabilit\u00e0 di massimo 30 minuti per allestimento protezione in prossimit\u00e0 dell&#8217;imbocco a monte della galleria Pontet<\/p>\n<p><strong>203 AGORDINA, ALLEGHE<\/strong> LOCALITA&#8217; SOPRA SAC\u00a0 fino \u00a0al 30 ottobre (sabato e domenica esclusi) senso unico alternato per allestimento opere anti valanghive<\/p>\n<p><strong>SP 3 DELLA VAL IMPERINA<\/strong> fino a revoca, senso unico alternato regolato a vista in localit\u00e0 Gona di Conedera di Rivamonte per cedimento della carreggiata stradale<\/p>\n<p><strong>SR 48 DELLE DOLOMITI<\/strong> fino\u00a0 al 6 novembre (festivi e prefestivi inclusi) senso unico alternato in localit\u00e0 Brenta Comune di Livinallongo del Col di Lana.<\/p>\n<p><strong>SP 422 DELL&#8217;ALPAGO E DEL CANSIGLIO<\/strong> fino al 30 ottobre senso unico alternato regolato da movieri tra le 8 e le 19 tra Puos e Cornei per posa fibra ottica<\/p>\n<p><strong>SP 422 DELL&#8217;ALPAGO E DEL CANSIGLIO<\/strong> fino al 21 ottobre senso unico alternato regolato da movieri tra le 7 e le 19 tra Spert e Pian Cansiglio per asfaltatura strada<\/p>\n<p><strong>SR 48 DELLE DOLOMITI\u00a0 <\/strong>fino\u00a0al 31 ottobre, compresi sabati e domeniche, senso unico alternato regolato da impianto semaforico tra Passo Falzarego e il parcheggio 5 Torri per posa elettrodotto interrato<\/p>\n<p><strong>SP 49 DI MISURINA <\/strong>fino al\u00a020 novembre, senso unico alternato regolato da impianto semaforico tra Misurina e il confine con la provincia di Bolzano per posa elettrodotto interrato<\/p>\n<p><strong>REGIONALE 48 DELLE DOLOMITI<\/strong> localit\u00e0 Cernadoi-Pian di Falzarego, fino al 30 ottobre senso unico alternato regolato da semaforo anche nei giorni festivi e prefestivi.<\/p>\n<p><strong>PROVINCIALE 251 VAL DI ZOLDO E CELLINA<\/strong> localit\u00e0 Pescul-Selva di Cadore, fino al 31 ottobre senso unico alternato con movieri o semaforo, escluso sabato e domenica.<\/p>\n<p><strong>PROVINCIALE 641 PASSO FEDAIA<\/strong> Fino al 30 ottobre compresi festivi e prefestivi senso unico con semaforo in localit\u00e0 Capanna Bill<\/p>\n<p><strong>REGIONALE 203 AGORDINA<\/strong>\u00a0 Fino\u00a0 al 18 dicembre (esclusi festivi e prefestivi) senso unico alternato tra Peron e Candaten con movieri dalle 7.30 alle 9 e dalle 16.30 alle 18. Con semaforo negli altri orari<\/p>\n<p><strong>REGIONALE 203 AGORDINA<\/strong> Fino al 30 ottobre (sabato e domenica esclusi) tra Candaten e La Stanga dalle 7.30 alle 9 e dalle 16.30 alle 18 con movieri e negli altri orari con semaforo, senso unico alternato.<\/p>\n<div>\n<p>&nbsp;<\/p>\n<hr \/>\n<p>&nbsp;<\/p>\n<p class=\"photoswipe-wrapper\"><a class=\"dt-pswp-item pspw-wrap-ready\" href=\"https:\/\/i0.wp.com\/www.radiopiu.net\/wordpress\/wp-content\/uploads\/2018\/09\/WhatsApp-Image-2018-09-20-at-16.04.06.jpeg?ssl=1\" data-dt-img-description=\"\" data-large_image_width=\"800\" data-large_image_height=\"100\"><img loading=\"lazy\" decoding=\"async\" class=\"aligncenter wp-image-61378 size-full jetpack-lazy-image jetpack-lazy-image--handled\" src=\"https:\/\/i0.wp.com\/www.radiopiu.net\/wordpress\/wp-content\/uploads\/2018\/09\/WhatsApp-Image-2018-09-20-at-16.04.06.jpeg?resize=800%2C100&amp;ssl=1\" sizes=\"auto, (max-width: 800px) 100vw, 800px\" srcset=\"https:\/\/i0.wp.com\/www.radiopiu.net\/wordpress\/wp-content\/uploads\/2018\/09\/WhatsApp-Image-2018-09-20-at-16.04.06.jpeg?w=800&amp;ssl=1 800w, https:\/\/i0.wp.com\/www.radiopiu.net\/wordpress\/wp-content\/uploads\/2018\/09\/WhatsApp-Image-2018-09-20-at-16.04.06.jpeg?resize=300%2C38&amp;ssl=1 300w, https:\/\/i0.wp.com\/www.radiopiu.net\/wordpress\/wp-content\/uploads\/2018\/09\/WhatsApp-Image-2018-09-20-at-16.04.06.jpeg?resize=768%2C96&amp;ssl=1 768w\" alt=\"\" width=\"800\" height=\"100\" data-lazy-loaded=\"1\" \/><\/a><\/p>\n<\/div>\n<div><\/div>\n<div><center><b>Lunedi 19<\/b><\/center><b>Tempo atteso:\u00a0<\/b>Tempo stabile e soleggiato con cielo generalmente poco nuvoloso, con ottima visibilit\u00e0 specie in quota nell&#8217;area dolomitica. Probabili banchi di nebbia o locali nubi basse nelle conche prealpine, localmente anche su quelle dolomitiche, limitatamente alle ore pi\u00f9 fredde.<br \/>\n<b>Precipitazioni:\u00a0<\/b>Assenti.<br \/>\n<b>Temperature:\u00a0<\/b>Minime in lieve o contenuto aumento, massime stazionarie o al pi\u00f9 in lieve calo. Su Prealpi a 1500 m min 2\u00b0C max 7\u00b0C, a 2000 m min -1\u00b0C max 4\u00b0C. Su Dolomiti a 2000 m min -2\u00b0C max 4\u00b0C, a 3000 m min -7\u00b0C max -1\u00b0C.<br \/>\n<b>Venti:\u00a0<\/b>Nelle valli deboli a regime di brezza, localmente a tratti moderati; in quota moderati da nord ovest, a 10-15 km\/h a 2000 m e 15-20 km\/h a 3000 m.<\/div>\n<hr \/>\n<p><center><b>Martedi 20<\/b><\/center><b>Tempo atteso:\u00a0<\/b>Ancora tempo stabile e meno soleggiato dei giorni precedenti per passaggi di nubi alte e con temporanei banchi di nebbia o nubi basse in molte valli durante le ore pi\u00f9 fredde.<br \/>\n<b>Precipitazioni:\u00a0<\/b>Assenti.<br \/>\n<b>Temperature:\u00a0<\/b>Minime senza notevoli variazioni, massime in aumento, con sensibile aumento dell&#8217;inversione termica nelle valli dalla sera\/notte. Su Prealpi a 1500 m min 4\u00b0C max 9\u00b0C, a 2000 m min 2\u00b0C max 6\u00b0C. Su Dolomiti a 2000 m min 3\u00b0C max 7\u00b0C, a 3000 m min -2\u00b0C max 2\u00b0C.<br \/>\n<b>Venti:\u00a0<\/b>Nelle valli deboli a regime di brezza, localmente a tratti moderati; rinforzo del vento in quota da moderato a teso da sud-ovest, a 10-15 km\/h a 2000 m e 15-35 km\/h a 3000 m.<\/p>\n<hr \/>\n<p><center><b>Mercoledi 21<\/b><\/center>Tempo stabile e abbastanza soleggiato, salvo qualche velatura e formazioni di foschie o nubi basse nelle ore pi\u00f9 fredde in molte valli. Temperature in ulteriore aumento, specie le massime, con clima diurno piuttosto mite a tutte le quote e importante inversione termica notturna nelle valli. Venti in quota ancora moderati\/tesi da sud-ovest, piuttosto miti per il periodo.<\/p>\n<hr \/>\n<p><center><b>Giovedi 22<\/b><\/center>Ancora tempo stabile e soleggiato, in modo particolare in alta montagna sulle Dolomiti, mentre in molte valli specie di quelle prealpine nelle ore pi\u00f9 fredde saranno presenti nubi basse, foschie o qualche nebbia che si dissolveranno nel corso della giornata. Temperature in ulteriore lieve o contenuto aumento con valori minimi al di sopra della norma specie in quota e valori massimi molto miti per il periodo a tutte le quote. Significativa inversione termica nelle ore pi\u00f9 fredde nelle valli. Previsore: M.Padoan<\/p>\n<p>&nbsp;<\/p>\n<hr \/>\n<p>&nbsp;<\/p>\n<p><a class=\"dt-pswp-item\" href=\"https:\/\/www.radiopiu.net\/wordpress\/wp-content\/uploads\/2018\/09\/sport.jpg\" data-dt-img-description=\"\" data-large_image_width=\"800\" data-large_image_height=\"100\"><img loading=\"lazy\" decoding=\"async\" class=\"wp-image-60761 size-full aligncenter\" src=\"https:\/\/www.radiopiu.net\/wordpress\/wp-content\/uploads\/2018\/09\/sport.jpg\" alt=\"\" width=\"800\" height=\"100\" srcset=\"https:\/\/www.radiopiu.net\/wordpress\/wp-content\/uploads\/2018\/09\/sport.jpg 800w, https:\/\/www.radiopiu.net\/wordpress\/wp-content\/uploads\/2018\/09\/sport-300x38.jpg 300w, https:\/\/www.radiopiu.net\/wordpress\/wp-content\/uploads\/2018\/09\/sport-768x96.jpg 768w\" sizes=\"auto, (max-width: 800px) 100vw, 800px\" \/><\/a><\/p>\n<p>&nbsp;<\/p>\n<blockquote>\n<h3>PAREGGIO PER L&#8217;AGORDINA, FIORI BARP ANCORA AI BOX PER COVID, KERALPEN ESORDIO AMARO E TUTTO L&#8217;HOCKEY ALLEGHE DEL FINE SETTIMANA<\/h3>\n<h2>CALCIO<\/h2>\n<\/blockquote>\n<p><b><a class=\"dt-pswp-item\" href=\"https:\/\/www.radiopiu.net\/wordpress\/wp-content\/uploads\/2019\/09\/AGORDINA-CALCIO.jpeg\" data-dt-img-description=\"\" data-large_image_width=\"225\" data-large_image_height=\"225\"><img loading=\"lazy\" decoding=\"async\" class=\"size-full wp-image-97575 alignleft\" src=\"https:\/\/www.radiopiu.net\/wordpress\/wp-content\/uploads\/2019\/09\/AGORDINA-CALCIO.jpeg\" alt=\"\" width=\"225\" height=\"225\" srcset=\"https:\/\/www.radiopiu.net\/wordpress\/wp-content\/uploads\/2019\/09\/AGORDINA-CALCIO.jpeg 225w, https:\/\/www.radiopiu.net\/wordpress\/wp-content\/uploads\/2019\/09\/AGORDINA-CALCIO-150x150.jpeg 150w\" sizes=\"auto, (max-width: 225px) 100vw, 225px\" \/><\/a>SECONDA CATEGORIA GIRONE R DEL VENETO<\/b><\/p>\n<p>GEMELLE &#8211; AGORDINA 4-4<\/p>\n<p>GOL AGORDINA: 3 Fossen, De Lazzer<\/p>\n<p>Un pareggio in extremis per l\u2019Agordina che gioca bene ma non riesce a trovare il gol. La squadra c\u2019\u00e8 ma commette troppi errori in fase difensiva. I ragazzi di Agordo mettono corpo e cuore e ribaltano una partita che si era messa sui binari sbagliati. La fase di studio dura poco sul campo di Trichiana. La formazione di Lorenzi passa in vantaggio dopo pochi minuti grazie alla conclusione di Fossen. Lo stesso Fossen sfiora il raddoppio poco dopo centrando il palo. Alla prima vera ripartenza i padroni di casa trovano il pareggio. Errore difensivo e Cavallini non perdona Fa\u00e8. Il Gemelle sembra soffrire le incursioni dell\u2019Agordina ma prova a colpire in contropiede e ci riesce. Il portiere agordino viene bucato per la seconda volta e questa volta il pallone termina sotto all\u2019incrocio dei pali, dove non pu\u00f2 arrivare. Un tiro a giro di Capraro imprendibile. La squadra di Agordo sembra spegnere la luce e Capraro sigla la doppietta personale che porta a 3 i gol per i padroni di casa. Nonostante tutto, la squadra di Agordo tiene in mano la partita ma non riesce a trovare il gol. Gol che arriva nella ripresa con Fossen che accorcia le distanze per gli agordini. Gemelle che risponde subito, ancora una volta con Capraro che firma la tripletta personale con un pallonetto che sorvola Fa\u00e8. Continua a premere la squadra di Lorenzi che va a segno per la terza volta con Fossen che sfodera un destro imprendibile per il portiere avversario. La squadra di Trichiana si chiude in difesa per portare a casa i 3 punti. L\u2019Agordina ci prova con De Lazzer e Dauda ed \u00e8 proprio De Lazzer che trova il pareggio allo scadere.<\/p>\n<p><b>PRIMA CATEGORIA GIRONE G DEL VENETO<\/b><\/p>\n<p>FIORI BARP MAS &#8211; VALDOSPORT<\/p>\n<p><i>RINVIATA PER POSITIVIT\u00c0 COVID DI UN GIOCATORE DEL FIORI BARP<\/i><\/p>\n<p><b><a class=\"dt-pswp-item\" href=\"https:\/\/www.radiopiu.net\/wordpress\/wp-content\/uploads\/2020\/10\/KERALPEN-2020.jpg\" data-dt-img-description=\"\" data-large_image_width=\"1263\" data-large_image_height=\"766\"><img loading=\"lazy\" decoding=\"async\" class=\"size-medium wp-image-167116 alignright\" src=\"https:\/\/www.radiopiu.net\/wordpress\/wp-content\/uploads\/2020\/10\/KERALPEN-2020-300x182.jpg\" alt=\"\" width=\"300\" height=\"182\" srcset=\"https:\/\/www.radiopiu.net\/wordpress\/wp-content\/uploads\/2020\/10\/KERALPEN-2020-300x182.jpg 300w, https:\/\/www.radiopiu.net\/wordpress\/wp-content\/uploads\/2020\/10\/KERALPEN-2020-1024x621.jpg 1024w, https:\/\/www.radiopiu.net\/wordpress\/wp-content\/uploads\/2020\/10\/KERALPEN-2020-768x466.jpg 768w, https:\/\/www.radiopiu.net\/wordpress\/wp-content\/uploads\/2020\/10\/KERALPEN-2020.jpg 1263w\" sizes=\"auto, (max-width: 300px) 100vw, 300px\" \/><\/a>CALCIO FEMMINILE &#8211; KERALPEN<\/b><\/p>\n<p><b>ECCELLENZA<\/b><\/p>\n<p>KERALPEN &#8211; PRATA CALCIO 1-5<\/p>\n<p>GOL KERALPEN: Sommariva<\/p>\n<p>Esordio amaro per le ragazze del Keralpen che tra le mura amiche e di fronte ad una cinquantina di spettatori non riesce a vincere contro le friulane del Prata. La squadra bellunese passa in vantaggio, avversarie che pareggiano e incamerano i 3 punti nella ripresa con due gol in rapida successione. Subito in vantaggio la squadra bellunese che su calcio di rigore sblocca la partita. Dagli undici metri Sommariva non sbaglia. Un match che nonostante tutto \u00e8 combattuto. Le due squadre si fronteggiano a ritmi interessanti. Al 9\u2019 Paganin sfiora il palo e subito dopo la squadra friulana prova a rispondere ma non centra i pali. Prata che pareggia al 25\u2019 quando una giocatrice ruba il pallone a De Marco e si invola verso la porta. Il portiere del Keralpen prova a deviare la sfera ma un attaccante avversario insacca di testa a porta sguarnita. La partita viene spezzettata in due occasioni per due infortuni e la prima frazione termina con un gol per parte. Secondo tempo combattuto ma gioco che viene spezzettato per degli scontri al limite del regolamento. La squadra di Pordenone prende coraggio e nel giro di pochi minuti si porta in doppio vantaggio. La reazione del Keralpen non manca ma il pallone non centra i pali. Negli ultimi minuti il Prata chiude definitivamente il match con altre due marcature.<\/p>\n<p><b>JUNIORES<\/b><\/p>\n<p>VITTORIO VENETO &#8211; KERALPEN 0-1<\/p>\n<p>Esordio con i 3 punti per la squadra Juniores della Keralpen. Le ragazze bellunesi la spuntano di misura nella prima partita di campionato contro il Vittorio Veneto. Un ottimo inizio per le donne allenate da Scot che incamerano la vittoria al 73\u2019 grazia al gol di Ciurca.<\/p>\n<p><b><a class=\"dt-pswp-item\" href=\"https:\/\/www.radiopiu.net\/wordpress\/wp-content\/uploads\/2020\/09\/calcio-2020.jpg\" data-dt-img-description=\"\" data-large_image_width=\"1920\" data-large_image_height=\"1080\"><img loading=\"lazy\" decoding=\"async\" class=\"size-medium wp-image-162226 alignleft\" src=\"https:\/\/www.radiopiu.net\/wordpress\/wp-content\/uploads\/2020\/09\/calcio-2020-300x169.jpg\" alt=\"\" width=\"300\" height=\"169\" srcset=\"https:\/\/www.radiopiu.net\/wordpress\/wp-content\/uploads\/2020\/09\/calcio-2020-300x169.jpg 300w, https:\/\/www.radiopiu.net\/wordpress\/wp-content\/uploads\/2020\/09\/calcio-2020-1024x576.jpg 1024w, https:\/\/www.radiopiu.net\/wordpress\/wp-content\/uploads\/2020\/09\/calcio-2020-768x432.jpg 768w, https:\/\/www.radiopiu.net\/wordpress\/wp-content\/uploads\/2020\/09\/calcio-2020-1536x864.jpg 1536w, https:\/\/www.radiopiu.net\/wordpress\/wp-content\/uploads\/2020\/09\/calcio-2020-640x360.jpg 640w, https:\/\/www.radiopiu.net\/wordpress\/wp-content\/uploads\/2020\/09\/calcio-2020.jpg 1920w\" sizes=\"auto, (max-width: 300px) 100vw, 300px\" \/><\/a>GIOVANILI AGORDINA<\/b><\/p>\n<p><b>JUNIORES<\/b><\/p>\n<p>AGORDINA &#8211; PONTE NELLE ALPI 0-1<\/p>\n<p>Prima sconfitta stagionale per la squadra allenata da Roberto Fontanive che all\u2019Ivano Dorigo di Agordo perde di misura contro il Ponte Nelle Alpi. Un match combattuto dall\u2019inizio alla fine con le squadre che hanno lottato alla ricerca del gol. Marcatura che per\u00f2 \u00e8 arrivata dalla squadra avversaria su una disattenzione difensiva dei ragazzi di Agordo. Per l\u2019Agordina 6 punti in classifica dopo 3 partite giocate.<\/p>\n<p><b>ALLIEVI<\/b><\/p>\n<p>AGORDINA &#8211; CAVARZANO 1-1<\/p>\n<p>Termina con un pareggio la sfida dell\u2019Ivano Dorigo valida per il campionato Allievi tra Agordina e Cavarzano. Una partita equilibrata con un gol per parte. Buona prestazione dei giovani agordini che vanno a segno con Fa\u00e8 ma il Cavarzano pareggia i conti subito dopo.<\/p>\n<p><b>GIOVANISSIMI<\/b><\/p>\n<p>AGORDINA &#8211; DYNAMO VELLAI 4-3<\/p>\n<p>Sul campo di Cencenighe i giovanissimi dell\u2019Agordina strappano 3 punti dopo una partita pirotecnica. Ben 7 le reti messe a segno dalle due formazioni. A spuntarla la squadra di Agordo che va a segno con Marchi, Zasso, Marcon e Tocchetto. I feltrino della Dynamo Vellai non ce la fanno a pareggiare i conti e si devono accontentare dei 3 gol che hanno messo in difficolt\u00e0 i padroni di casa.<\/p>\n<p><b>ALLIEVI SAN GIORGIO SEDICO<\/b><\/p>\n<p>DYNAMO &#8211; SAN GIORGIO SEDICO 1-4<\/p>\n<p>Gli Allievi del San Giorgio Sedico rifilano un poker alla Dynamo. Sul campo feltrino i sedicenti sono una vera e propria forza dominando in lungo e in largo il campo. 4 i gol messi a segno dal San Giorgio e solo una rete subita. Una vittoria che lancia la squadra di Sedico in testa alla classifica del campionato provinciale Allievi<\/p>\n<blockquote>\n<h2><b>HOCKEY <\/b><\/h2>\n<\/blockquote>\n<p><b><a class=\"dt-pswp-item\" href=\"https:\/\/www.radiopiu.net\/wordpress\/wp-content\/uploads\/2019\/08\/logo-alleghe-hockey.png\" data-dt-img-description=\"\" data-large_image_width=\"547\" data-large_image_height=\"512\"><img loading=\"lazy\" decoding=\"async\" class=\"size-medium wp-image-95699 alignright\" src=\"https:\/\/www.radiopiu.net\/wordpress\/wp-content\/uploads\/2019\/08\/logo-alleghe-hockey-300x281.png\" alt=\"\" width=\"300\" height=\"281\" srcset=\"https:\/\/www.radiopiu.net\/wordpress\/wp-content\/uploads\/2019\/08\/logo-alleghe-hockey-300x281.png 300w, https:\/\/www.radiopiu.net\/wordpress\/wp-content\/uploads\/2019\/08\/logo-alleghe-hockey.png 547w\" sizes=\"auto, (max-width: 300px) 100vw, 300px\" \/><\/a>IHL<\/b><\/p>\n<p>MERANO &#8211; ALLEGHE<\/p>\n<p>RINVIATA PER POSITIVIT\u00c0 COVID NELLA SQUADRA DEL MERANO<\/p>\n<p>&nbsp;<\/p>\n<p><b>UNDER 19<\/b><\/p>\n<p>FASSA\/ALLEGHE &#8211; EGNA\/ORA 1-6<\/p>\n<p>PARZIALI 1-2, 0-0, 0-4<\/p>\n<p>GOL ALLEGHE: Ceschini<\/p>\n<p>L\u2019Alleghe under 19 tiene due tempi e poi crolla contro l\u2019Egna\/Ora. Gli altoatesini incamerano i 3 punti ad Alba di Canazei dominando la terza frazione. Ospiti che dopo 11\u2019 si trovano in vantaggio per 2 a 0 e Fassa\/Alleghe che accorcia con Ceschin a fine prima frazione. Reti inviolate nel dritte centrale e terzo tempo di marca altoatesina che chiude definitivamente la sfida.<\/p>\n<p><b>UNDER 17<\/b><\/p>\n<p>ALLEGHE &#8211; BRESSANONE 2-3<\/p>\n<p>PARZIALI: 0-3, 1-0, 1-0<\/p>\n<p>GOL ALLEGHE: Frescura, Corte Sualon<\/p>\n<p>Sconfitta di misura per le civette under 17 che all\u2019Alvise De Toni di Alleghe perdono punti contro il Bressanone. Un primo tempo di marca altoatesina con la squadra ospite che si porta sul 3 a 0. Nel secondo dritte agordini che reagiscono ed accorciano con Frescura. La seconda rete agordina arriva ad inizio terzo tempo con Corte Suaoln, alleghi che spingono ma non riescono a pareggiare i conti<\/p>\n<p><b><a class=\"dt-pswp-item\" href=\"https:\/\/www.radiopiu.net\/wordpress\/wp-content\/uploads\/2019\/01\/AE7A9D38-59B1-49C9-9B49-6662F54D0440.jpeg\" data-dt-img-description=\"\" data-large_image_width=\"1300\" data-large_image_height=\"1300\"><img loading=\"lazy\" decoding=\"async\" class=\"size-medium wp-image-71463 alignleft\" src=\"https:\/\/www.radiopiu.net\/wordpress\/wp-content\/uploads\/2019\/01\/AE7A9D38-59B1-49C9-9B49-6662F54D0440-300x300.jpeg\" alt=\"\" width=\"300\" height=\"300\" srcset=\"https:\/\/www.radiopiu.net\/wordpress\/wp-content\/uploads\/2019\/01\/AE7A9D38-59B1-49C9-9B49-6662F54D0440-300x300.jpeg 300w, https:\/\/www.radiopiu.net\/wordpress\/wp-content\/uploads\/2019\/01\/AE7A9D38-59B1-49C9-9B49-6662F54D0440-150x150.jpeg 150w, https:\/\/www.radiopiu.net\/wordpress\/wp-content\/uploads\/2019\/01\/AE7A9D38-59B1-49C9-9B49-6662F54D0440-768x768.jpeg 768w, https:\/\/www.radiopiu.net\/wordpress\/wp-content\/uploads\/2019\/01\/AE7A9D38-59B1-49C9-9B49-6662F54D0440-1024x1024.jpeg 1024w, https:\/\/www.radiopiu.net\/wordpress\/wp-content\/uploads\/2019\/01\/AE7A9D38-59B1-49C9-9B49-6662F54D0440.jpeg 1300w\" sizes=\"auto, (max-width: 300px) 100vw, 300px\" \/><\/a>UNDER 15 <\/b><\/p>\n<p>CORTINA &#8211; ALLEGHE 6-2<\/p>\n<p>Subito una sconfitta per l\u2019Alleghe Hockey under 15 che perde la gara d\u2019esordio contro il Cortina. Un derby poco combattuto con gli ampezzani che passano in vantaggio ma gli agordini pareggiano subito. Civette che spengono la luce e nel giro di pochi minuti subiscono altre 2 marcature. La sfida continua con i padroni di casa che mettono al sicuro il risultato.<\/p>\n<p><b>UNDER 13 <\/b><\/p>\n<p>BOLZANO &#8211; ALLEGHE\/ALTA BADIA 1-11<\/p>\n<p>I giovani under 13 dell\u2019Alleghe\/Alta Badia sotterrano di gol il Bolzano nella partita d\u2019esordio del campionato. Ottima prestazione con ben 11 gol messi a segno dalla squadra mista. Per il Bolzano solo la rete della bandiera.<\/p>\n<p>&nbsp;<\/p>\n<p>&nbsp;<\/p>\n<hr \/>\n<p>&nbsp;<\/p>\n<blockquote>\n<h3>TRICOLORI DI MODENA, FACCHIN A DUE CENTESIMI DAL PODIO<\/h3>\n<\/blockquote>\n<p><strong><a class=\"dt-pswp-item\" href=\"https:\/\/www.radiopiu.net\/wordpress\/wp-content\/uploads\/2020\/10\/Gs-La-Piave-2000-a-Modena.jpg\" data-dt-img-description=\"\" data-large_image_width=\"1599\" data-large_image_height=\"1200\"><img loading=\"lazy\" decoding=\"async\" class=\"size-medium wp-image-167113 alignleft\" src=\"https:\/\/www.radiopiu.net\/wordpress\/wp-content\/uploads\/2020\/10\/Gs-La-Piave-2000-a-Modena-300x225.jpg\" alt=\"\" width=\"300\" height=\"225\" srcset=\"https:\/\/www.radiopiu.net\/wordpress\/wp-content\/uploads\/2020\/10\/Gs-La-Piave-2000-a-Modena-300x225.jpg 300w, https:\/\/www.radiopiu.net\/wordpress\/wp-content\/uploads\/2020\/10\/Gs-La-Piave-2000-a-Modena-1024x768.jpg 1024w, https:\/\/www.radiopiu.net\/wordpress\/wp-content\/uploads\/2020\/10\/Gs-La-Piave-2000-a-Modena-768x576.jpg 768w, https:\/\/www.radiopiu.net\/wordpress\/wp-content\/uploads\/2020\/10\/Gs-La-Piave-2000-a-Modena-1536x1153.jpg 1536w, https:\/\/www.radiopiu.net\/wordpress\/wp-content\/uploads\/2020\/10\/Gs-La-Piave-2000-a-Modena.jpg 1599w\" sizes=\"auto, (max-width: 300px) 100vw, 300px\" \/><\/a>MEL\u00a0<\/strong>Ad un soffio dal podio. La rincorsa tricolore di\u00a0Chiara Facchin\u00a0si ferma a due centesimi dal bronzo. La 18enne del Gs La Piave 2000 \u00e8 giunta quarta nei 3000 siepi juniores alla Festa dell\u2019endurance, il nuovo evento varato dalla Fidal che nel weekend, a Modena, ha assegnato i titoli italiani di mezzofondo e marcia.\u00a0Al secondo 3000 siepi della carriera, Chiara Facchin ha fermato il cronometro a 11\u201922\u201d87, arrivando ad appena due centesimi dal bronzo: decisiva la rimonta della bergamasca Locatelli che ha preceduto la bellunese per un\u2019inezia. A Chiara, che \u00e8 solo al primo anno di categoria, resta la soddisfazione di aver migliorato il record personale di quasi 8 secondi. Il resto, sar\u00e0 esperienza da far tornare utile nel 2021, quando l\u2019allieva di Johnny Schievenin sar\u00e0 ancora juniores.\u00a0Al primo campionato italiano della carriera si \u00e8 ben comportato anche\u00a0Francesco Da Vi\u00e0, nono nei 5000 metri juniores in 15\u201915\u201d45. Nel suo caso, il record personale \u00e8 rimasto ad una manciata di secondi. Ma la prestazione, considerando il debutto tricolore, resta da incorniciare.\u00a0Hanno completato la spedizione del Gs La Piave 2000 a Modena,\u00a0Valeria Schenardi, 19^ nei 2000 siepi allieve in 7\u201958\u201d03, e\u00a0Arianna Marcer, ritiratasi nei 3000 metri allieve in seguito al riacutizzarsi di un problema muscolare.<\/p>\n<p>&nbsp;<\/p>\n<blockquote>\n<h3>ALLA VERTICAL DI OLIMPO PRIMO AYMON, SECONDO L&#8217;AGORDINO CAGNATI<\/h3>\n<\/blockquote>\n<p><strong>CHIES D&#8217;ALPAGO\u00a0 <\/strong>Nona edizione della Vertical Olimpo a Irrighe, al via in 170. Vince il campione italiano di vertical, Henri Aymonodo, aostano fresco tricolore,\u00a0 sul secondo gradino del podio l&#8217;altro azzurro della corsa in montagna, l&#8217;agordino di Canale Luca Cagnati. Terzo il cadorino di Cibiana, specialista del vertical, Manuel Da Col. Nella femminile: 1. Antonella Confortola 2. Cecilia De Filippo\u00a0 3. Sara Mazzucco.<\/p>\n<p><strong>Classifica femminile1<\/strong>. Antonella Confortola 34. 48; 2. Cecilia De Filippo (Dolomiti ski alp) 36. 42; 3. Sara Mazzucco (Team Scarpa) 39. 04; 4. Roberta Dal Borgo (Dolomiti ski alp) 40. 08; 5. Linda Tomaselli (Ski team Lagorai) 40. 18;<\/p>\n<p><strong>Classifica maschile1.<\/strong> Henri Aymonod (Sportification) 27. 50; 2. Luca Cagnati (Atletica Valli Bergamasche) 28. 13; 3. Manuel Da Col (Team Scott) 29. 05; 4. Daniele Meneghel (Alpago Tornado run) 29. 56; 5. Pietro Festini Purlan (Spiquy team) 30. 00; 6. Andrea De Biasi 30. 34; 7. Enrico Bonati (Mud &amp; Snow) 30. 44; 8. Simone Manfroi (Bogn da nia) 30. 45;<\/p>\n","protected":false},"excerpt":{"rendered":"<p>PER RICEVERE QUESTO NOTIZIARIO DIRETTAMENTE SUL TUO CELLULARE ISCRIVITI AL CANALE TELEGRAM \u201cRADIO PIU\u00a0 INFORMAZIONE&#8221; ATTENZIONE: LA NUOVA APP PER IOS-IPHONE https:\/\/apps.apple.com\/it\/app\/radio-pi%C3%B9-emittente-agordina\/id1515939845 ATTENZIONE: LA NUOVA APP RADIO\u00a0 PER ANDROID https:\/\/play.google.com\/store\/apps\/details?id=net.radiopiu.iniko &nbsp; LIVINALLONGO Alle\u00a0 celebrazioni al Sacrario di Salesei, tra gli altri erano presenti in forze anche gli uomini della Protezione Civile di Caviola, Cencenighe e&hellip;<\/p>\n","protected":false},"author":4,"featured_media":167113,"comment_status":"closed","ping_status":"closed","sticky":false,"template":"","format":"standard","meta":{"_monsterinsights_skip_tracking":false,"_monsterinsights_sitenote_active":false,"_monsterinsights_sitenote_note":"","_monsterinsights_sitenote_category":0,"footnotes":""},"categories":[1,51,86,49],"tags":[],"class_list":["post-166984","post","type-post","status-publish","format-standard","has-post-thumbnail","hentry","category-senza-categoria","category-evidenza-top","category-gr","category-news-18","category-1","category-51","category-86","category-49","description-off"],"img_url":"https:\/\/www.radiopiu.net\/wordpress\/wp-content\/uploads\/2020\/10\/Gs-La-Piave-2000-a-Modena.jpg","_links":{"self":[{"href":"https:\/\/www.radiopiu.net\/wordpress\/wp-json\/wp\/v2\/posts\/166984","targetHints":{"allow":["GET"]}}],"collection":[{"href":"https:\/\/www.radiopiu.net\/wordpress\/wp-json\/wp\/v2\/posts"}],"about":[{"href":"https:\/\/www.radiopiu.net\/wordpress\/wp-json\/wp\/v2\/types\/post"}],"author":[{"embeddable":true,"href":"https:\/\/www.radiopiu.net\/wordpress\/wp-json\/wp\/v2\/users\/4"}],"replies":[{"embeddable":true,"href":"https:\/\/www.radiopiu.net\/wordpress\/wp-json\/wp\/v2\/comments?post=166984"}],"version-history":[{"count":0,"href":"https:\/\/www.radiopiu.net\/wordpress\/wp-json\/wp\/v2\/posts\/166984\/revisions"}],"wp:featuredmedia":[{"embeddable":true,"href":"https:\/\/www.radiopiu.net\/wordpress\/wp-json\/wp\/v2\/media\/167113"}],"wp:attachment":[{"href":"https:\/\/www.radiopiu.net\/wordpress\/wp-json\/wp\/v2\/media?parent=166984"}],"wp:term":[{"taxonomy":"category","embeddable":true,"href":"https:\/\/www.radiopiu.net\/wordpress\/wp-json\/wp\/v2\/categories?post=166984"},{"taxonomy":"post_tag","embeddable":true,"href":"https:\/\/www.radiopiu.net\/wordpress\/wp-json\/wp\/v2\/tags?post=166984"}],"curies":[{"name":"wp","href":"https:\/\/api.w.org\/{rel}","templated":true}]}}